{"id":1585,"date":"2024-06-12T08:08:00","date_gmt":"2024-06-12T06:08:00","guid":{"rendered":"https:\/\/eventiyoga.it\/blog\/?p=1585"},"modified":"2024-06-12T10:16:49","modified_gmt":"2024-06-12T08:16:49","slug":"giornata-mondiale-dello-yoga","status":"publish","type":"post","link":"https:\/\/eventiyoga.it\/blog\/giornata-mondiale-dello-yoga\/","title":{"rendered":"La Giornata Internazionale dello yoga | Data e Curiosit\u00e0"},"content":{"rendered":"\n<p><strong>La Giornata internazionale dello yoga si celebra ogni anno il 21 giugno <\/strong>per celebrare questa\u00a0pratica antica che attira sempre pi\u00f9 persone. La ragione di tanto successo risiede nel fatto che lo yoga consente di combattere lo stress della quotidianit\u00e0 e ritrovare se stessi. Per questo, speriamo di farvi un gradito omaggio segnalandovi una serie di dati, curiosit\u00e0 e informazioni utili.<\/p>\n\n\n\n<div id=\"ez-toc-container\" class=\"ez-toc-v2_0_68_1 counter-hierarchy ez-toc-counter ez-toc-grey ez-toc-container-direction\">\n<div class=\"ez-toc-title-container\">\n<p class=\"ez-toc-title \" >Indice<\/p>\n<span class=\"ez-toc-title-toggle\"><a href=\"#\" class=\"ez-toc-pull-right ez-toc-btn ez-toc-btn-xs ez-toc-btn-default ez-toc-toggle\" aria-label=\"Toggle Table of Content\"><span class=\"ez-toc-js-icon-con\"><span class=\"\"><span class=\"eztoc-hide\" style=\"display:none;\">Toggle<\/span><span class=\"ez-toc-icon-toggle-span\"><svg style=\"fill: #999;color:#999\" xmlns=\"http:\/\/www.w3.org\/2000\/svg\" class=\"list-377408\" width=\"20px\" height=\"20px\" viewBox=\"0 0 24 24\" fill=\"none\"><path d=\"M6 6H4v2h2V6zm14 0H8v2h12V6zM4 11h2v2H4v-2zm16 0H8v2h12v-2zM4 16h2v2H4v-2zm16 0H8v2h12v-2z\" fill=\"currentColor\"><\/path><\/svg><svg style=\"fill: #999;color:#999\" class=\"arrow-unsorted-368013\" xmlns=\"http:\/\/www.w3.org\/2000\/svg\" width=\"10px\" height=\"10px\" viewBox=\"0 0 24 24\" version=\"1.2\" baseProfile=\"tiny\"><path d=\"M18.2 9.3l-6.2-6.3-6.2 6.3c-.2.2-.3.4-.3.7s.1.5.3.7c.2.2.4.3.7.3h11c.3 0 .5-.1.7-.3.2-.2.3-.5.3-.7s-.1-.5-.3-.7zM5.8 14.7l6.2 6.3 6.2-6.3c.2-.2.3-.5.3-.7s-.1-.5-.3-.7c-.2-.2-.4-.3-.7-.3h-11c-.3 0-.5.1-.7.3-.2.2-.3.5-.3.7s.1.5.3.7z\"\/><\/svg><\/span><\/span><\/span><\/a><\/span><\/div>\n<nav><ul class='ez-toc-list ez-toc-list-level-1 ' ><li class='ez-toc-page-1 ez-toc-heading-level-2'><a class=\"ez-toc-link ez-toc-heading-1\" href=\"https:\/\/eventiyoga.it\/blog\/giornata-mondiale-dello-yoga\/#Giornata_internazionale_dello_yoga_i_numeri_dello_yoga_nel_mondo\" title=\"Giornata internazionale dello yoga: i numeri dello yoga nel mondo\">Giornata internazionale dello yoga: i numeri dello yoga nel mondo<\/a><\/li><li class='ez-toc-page-1 ez-toc-heading-level-2'><a class=\"ez-toc-link ez-toc-heading-2\" href=\"https:\/\/eventiyoga.it\/blog\/giornata-mondiale-dello-yoga\/#Giornata_mondiale_dello_yoga_date_e_festeggiamenti\" title=\"Giornata mondiale dello yoga: date e festeggiamenti\">Giornata mondiale dello yoga: date e festeggiamenti<\/a><\/li><li class='ez-toc-page-1 ez-toc-heading-level-2'><a class=\"ez-toc-link ez-toc-heading-3\" href=\"https:\/\/eventiyoga.it\/blog\/giornata-mondiale-dello-yoga\/#Le_ultime_tendenze_yoga\" title=\"Le ultime tendenze yoga\">Le ultime tendenze yoga<\/a><\/li><li class='ez-toc-page-1 ez-toc-heading-level-2'><a class=\"ez-toc-link ez-toc-heading-4\" href=\"https:\/\/eventiyoga.it\/blog\/giornata-mondiale-dello-yoga\/#Tre_curiosita_sullo_yoga\" title=\"Tre curiosit\u00e0 sullo yoga\">Tre curiosit\u00e0 sullo yoga<\/a><\/li><li class='ez-toc-page-1 ez-toc-heading-level-2'><a class=\"ez-toc-link ez-toc-heading-5\" href=\"https:\/\/eventiyoga.it\/blog\/giornata-mondiale-dello-yoga\/#Domande_Frequenti_sulla_Giornata_internazionale_dello_yoga\" title=\"Domande Frequenti sulla Giornata internazionale dello yoga\">Domande Frequenti sulla Giornata internazionale dello yoga<\/a><\/li><li class='ez-toc-page-1 ez-toc-heading-level-2'><a class=\"ez-toc-link ez-toc-heading-6\" href=\"https:\/\/eventiyoga.it\/blog\/giornata-mondiale-dello-yoga\/#Tre_risorse_interessanti_per_te\" title=\"Tre risorse interessanti per te\">Tre risorse interessanti per te<\/a><\/li><li class='ez-toc-page-1 ez-toc-heading-level-2'><a class=\"ez-toc-link ez-toc-heading-7\" href=\"https:\/\/eventiyoga.it\/blog\/giornata-mondiale-dello-yoga\/#Scarica_lApp_Eventi_Yoga\" title=\"Scarica l\u2019App Eventi Yoga\">Scarica l\u2019App Eventi Yoga<\/a><\/li><li class='ez-toc-page-1 ez-toc-heading-level-2'><a class=\"ez-toc-link ez-toc-heading-8\" href=\"https:\/\/eventiyoga.it\/blog\/giornata-mondiale-dello-yoga\/#Calendario_Eventi_Yoga_online\" title=\"Calendario Eventi Yoga online\">Calendario Eventi Yoga online<\/a><\/li><li class='ez-toc-page-1 ez-toc-heading-level-2'><a class=\"ez-toc-link ez-toc-heading-9\" href=\"https:\/\/eventiyoga.it\/blog\/giornata-mondiale-dello-yoga\/#Iscriviti_alla_newsletter\" title=\"Iscriviti alla newsletter\">Iscriviti alla newsletter<\/a><\/li><\/ul><\/nav><\/div>\n<h2 class=\"wp-block-heading\" id=\"h-giornata-internazionale-dello-yoga-i-numeri-dello-yoga-nel-mondo\"><span class=\"ez-toc-section\" id=\"Giornata_internazionale_dello_yoga_i_numeri_dello_yoga_nel_mondo\"><\/span>Giornata internazionale dello yoga: i numeri dello yoga nel mondo<span class=\"ez-toc-section-end\"><\/span><\/h2>\n\n\n\n<p>Una ricerca condotta da <a aria-label=\"Yoga Alliance (apre in una nuova scheda)\" rel=\"noreferrer noopener\" href=\"https:\/\/www.yogaalliance.it\/\" target=\"_blank\" class=\"ek-link\">Yoga Alliance<\/a> qualche anno fa, mostrava come sono ben <strong>36,7 milioni gli americani<\/strong>. In Italia sono oltre i <strong>2 milioni<\/strong> di praticanti, quando nel 2011 erano un milione e 100 mila. Tutti numeri cresciuti esponenzialmente durante l&#8217;emergenza Covid: giusto per avere un&#8217;idea, negli Stati Uniti<strong> <\/strong>la vendita di tappetini yoga durante la quarantena ha registrato <strong>nel solo mese di marzo un +150%<\/strong> (secondo l\u2019analisi del sito americano <a aria-label=\"Stackline (apre in una nuova scheda)\" rel=\"noreferrer noopener\" href=\"https:\/\/www.stackline.com\/\" target=\"_blank\" class=\"ek-link\">Stackline<\/a>). <\/p>\n\n\n\n<p>Il mercato dello yoga vale nel mondo <strong>oltre 10 miliardi di dollari<\/strong>, di cui oltre 200 milioni solo in Italia. <\/p>\n\n\n\n<div class=\"wp-block-image caption-align-center\"><figure class=\"aligncenter\"><img decoding=\"async\" src=\"data:image\/gif;base64,R0lGODlhAQABAIAAAAAAAP\/\/\/yH5BAEAAAAALAAAAAABAAEAAAIBRAA7\" data-src=\"https:\/\/eventiyoga.it\/blog\/wp-content\/uploads\/2020\/06\/Giornata-Mondiale-Yoga-1024x768.jpg\" alt=\"Giornata-Mondiale-Yoga\" class=\"wp-image-21806\"\/><noscript><img decoding=\"async\" src=\"https:\/\/eventiyoga.it\/blog\/wp-content\/uploads\/2020\/06\/Giornata-Mondiale-Yoga-1024x768.jpg\" alt=\"Giornata-Mondiale-Yoga\" class=\"wp-image-21806\"\/><\/noscript><figcaption><em>La Giornata Internazionale dello Yoga &#8211; International Yoga Day<\/em><\/figcaption><\/figure><\/div>\n\n\n\n<hr class=\"wp-block-separator has-text-color has-background has-white-background-color has-white-color\"\/>\n\n\n\n<h2 class=\"wp-block-heading\" id=\"h-giornata-mondiale-dello-yoga-date-e-festeggiamenti\"><span class=\"ez-toc-section\" id=\"Giornata_mondiale_dello_yoga_date_e_festeggiamenti\"><\/span>Giornata mondiale dello yoga: date e festeggiamenti<span class=\"ez-toc-section-end\"><\/span><\/h2>\n\n\n\n<p>La <strong>Giornata mondiale dello yoga<\/strong> si celebra il 21 giugno per farla corrispondere con il <strong>solstizio d\u2019estate<\/strong>, giorno in cui <a aria-label=\"Shiva (apre in una nuova scheda)\" rel=\"noreferrer noopener\" href=\"https:\/\/it.wikipedia.org\/wiki\/Siva_(divinit%C3%A0)\" target=\"_blank\" class=\"ek-link\">Shiva<\/a> secondo la tradizione ind\u00f9 inizi\u00f2 a trasmettere i propri insegnamenti. <\/p>\n\n\n\n<p>La <strong>Giornata mondiale dello yoga <\/strong>\u00e8 stata riconosciuta nel 2014 dall\u2019<strong>Assemblea Generale dell&#8217;Onu<\/strong>, riconoscendo che lo <strong>yoga favorisce un approccio olistico alla salute e al benessere<\/strong> <strong>della persona<\/strong>, e che una pi\u00f9 ampia divulgazione dei benefici contribuirebbe a migliorare la salute della popolazione a livello mondiale. <\/p>\n\n\n\n<p>Da quando \u00e8 stata istituita, ogni anno, si svolgono celebrazioni ed eventi tematici, in tutti i Paesi del mondo, Italia compresa: consulta la nostra sezione dedicata agli <a href=\"https:\/\/eventiyoga.it\/calendario\/\" class=\"ek-link\">eventi<\/a> per scoprire se c\u2019\u00e8 qualcosa che fa al caso tuo.<\/p>\n\n\n\n<figure class=\"wp-block-image size-full caption-align-center\"><a href=\"https:\/\/eventiyoga.it\/blog\/wp-content\/uploads\/2020\/06\/International-Yoga-Day-21-june.png\"><img decoding=\"async\" src=\"data:image\/gif;base64,R0lGODlhAQABAIAAAAAAAP\/\/\/yH5BAEAAAAALAAAAAABAAEAAAIBRAA7\" data-src=\"https:\/\/eventiyoga.it\/blog\/wp-content\/uploads\/2020\/06\/International-Yoga-Day-21-june.png\" alt=\"International Yoga Day 21 june\" class=\"wp-image-63036\"\/><noscript><img decoding=\"async\" src=\"https:\/\/eventiyoga.it\/blog\/wp-content\/uploads\/2020\/06\/International-Yoga-Day-21-june.png\" alt=\"International Yoga Day 21 june\" class=\"wp-image-63036\"\/><\/noscript><\/a><figcaption><em>International Yoga Day &#8211; Giornata Internazionale dello Yoga<\/em><\/figcaption><\/figure>\n\n\n\n<hr class=\"wp-block-separator has-text-color has-background has-white-background-color has-white-color\"\/>\n\n\n\n<h3 class=\"wp-block-heading\" id=\"h-la-giornata-mondiale-dello-yoga-ai-tempi-del-covid\">La Giornata mondiale dello yoga ai tempi del Covid <\/h3>\n\n\n\n<p>Nel 2020, ai tempi del Covid, tanti eventi si svolgono in versione digitale e cos\u00ec la <strong>Giornata mondiale dello yoga<\/strong> si trasforma nel <strong>pi\u00f9 grande raduno mondiale sul web<\/strong>: milioni di persone, infatti, si incontrano online sulle piattaforme digitali, per rispettare le misure sul distanziamento sociale. In Italia, <a aria-label=\"YogaFestival  (apre in una nuova scheda)\" rel=\"noreferrer noopener\" href=\"https:\/\/www.yogafestival.it\/\" target=\"_blank\" class=\"ek-link\">YogaFestival <\/a>organizza, a partire dalle ore 18, una <strong>non-stop di quattro ore<\/strong> di incontri, 16 insegnanti e un <a href=\"https:\/\/eventiyoga.it\/blog\/ommmm-yoga\/\" class=\"ek-link\">Om<\/a> collettivo, con l&#8217;obiettivo di capire lo yoga oggi. <\/p>\n\n\n\n<hr class=\"wp-block-separator has-text-color has-background has-white-background-color has-white-color\"\/>\n\n\n\n<h2 class=\"wp-block-heading\" id=\"h-le-ultime-tendenze-yoga\"><span class=\"ez-toc-section\" id=\"Le_ultime_tendenze_yoga\"><\/span>Le ultime tendenze yoga <span class=\"ez-toc-section-end\"><\/span><\/h2>\n\n\n\n<p>Tra le ultime tendenze, segnaliamo quella di <strong>praticare yoga in pausa pranzo<\/strong>, per una media di 45 minuti, e la scelta di frequentare <a href=\"https:\/\/eventiyoga.it\/blog\/yoga-online\/\" class=\"ek-link\">corsi yoga online<\/a>, magari da integrare ai corsi in presenza presso i <a href=\"https:\/\/eventiyoga.it\/centri-yoga\/\" class=\"ek-link\">centri yoga<\/a>. <\/p>\n\n\n\n<h3 class=\"wp-block-heading\" id=\"h-vacanze-yoga\">Vacanze yoga <\/h3>\n\n\n\n<p>Inoltre, sono sono sempre pi\u00f9 le persone che scelgono di partire per una <a href=\"https:\/\/eventiyoga.it\/blog\/vacanze-yoga-italia-consigli\/\" class=\"ek-link\">vacanza yoga in Italia<\/a> o per una <a href=\"https:\/\/eventiyoga.it\/blog\/migliori-destinazioni-vacanze-yoga-all-estero\/\" class=\"ek-link\">vacanza yoga all&#8217;estero<\/a>. Qui di seguito una breve <strong>panoramica di destinazioni <\/strong>da tenere in considerazione per l&#8217;organizzazione di una futura vacanza yoga. <\/p>\n\n\n\n<h4 class=\"wp-block-heading\" id=\"h-india\">India<\/h4>\n\n\n\n<p>La pratica e la filosfia dello yoga pervade l&#8217;India, paese in cui \u00e8 nata questa disciplina e la pratica della meditazione. Ci sono migliaia di <strong>ashram<\/strong>, ovvero centri spirituali in cui \u00e8 possibile immergersi completamente e vivere per alcuni giorni secondo la filosofia dello yoga. Questi luoghi di ritiro sono di grande bellezza mistica ed \u00e8 possibile apprendere le tecniche e le conoscenze dai maestri spirituali che ti faranno da guida. <strong>Kerala, Bihar<\/strong> e la citt\u00e0 di <strong>Varanasi<\/strong> sono alcuni dei luoghi dell\u2019India in cui lo yoga si pratica di pi\u00f9. Per vivere al meglio le giornate in queste citt\u00e0 e visitarne i luoghi mistici, in <a href=\"https:\/\/eventiyoga.it\/blog\/la-valigia-perfetta-per-il-tuo-retreat-yoga\/\" class=\"ek-link\">valigia<\/a> non scordare di mettere abiti comodi e leggeri, come pantaloni di lino e gonne lunghe dai toni etnici. Nell&#8217;articolo <a href=\"https:\/\/eventiyoga.it\/blog\/viaggio-yoga-alla-scoperta-della-meravigliosa-india\/\" class=\"ek-link\">Viaggio Yoga: alla scoperta della meravigliosa India<\/a>, <strong>Vanessa Fabbrilei<\/strong> ha raccontato la sua esperienza. <\/p>\n\n\n\n<figure class=\"wp-block-image size-full caption-align-center\"><a href=\"https:\/\/eventiyoga.it\/blog\/wp-content\/uploads\/2020\/06\/giornata-mondiale-dello-yoga.png\"><img decoding=\"async\" src=\"data:image\/gif;base64,R0lGODlhAQABAIAAAAAAAP\/\/\/yH5BAEAAAAALAAAAAABAAEAAAIBRAA7\" data-src=\"https:\/\/eventiyoga.it\/blog\/wp-content\/uploads\/2020\/06\/giornata-mondiale-dello-yoga.png\" alt=\"giornata mondiale dello yoga\" class=\"wp-image-63037\"\/><noscript><img decoding=\"async\" src=\"https:\/\/eventiyoga.it\/blog\/wp-content\/uploads\/2020\/06\/giornata-mondiale-dello-yoga.png\" alt=\"giornata mondiale dello yoga\" class=\"wp-image-63037\"\/><\/noscript><\/a><figcaption><em>International Yoga Day in India<\/em><\/figcaption><\/figure>\n\n\n\n<h4 class=\"wp-block-heading\" id=\"h-tibet\">Tibet<\/h4>\n\n\n\n<p>In questa regione situata a <strong>Nord Ovest dell&#8217;Himalaya<\/strong>, dove il buddismo tibetano prevale, la spiritualit\u00e0 si respira in ogni angolo. Fare yoga contemplando l&#8217;Everest \u00e8 un\u2019esperienza spettacolare, non credi? Qui si pu\u00f2 ammirare il grande scenario himalayano e vivere la magia della cultura tibetana, <strong>un\u2019atmosfera zen e armoniosa<\/strong> che pu\u00f2 favorire il raggiungimento di quello che viene chiamato lo stato di illuminazione. Tre dei pi\u00f9 importanti monasteri tibetani abitati da monaci sono: <strong>Ganden, Drepung <\/strong>e <strong>Sera<\/strong>. Per i pi\u00f9 temerari che si apprestano a praticare le proprie sessioni di yoga tra le montagne, gli scarponcini da trekking possono essere utili per raggiungere luoghi inediti in cui meditare immersi nella natura. Consigliabile inoltre partire con zaini e borse morbide dove mettere sempre una scorta d\u2019acqua.<\/p>\n\n\n\n<h4 class=\"wp-block-heading\" id=\"h-thailandia\">Thailandia<\/h4>\n\n\n\n<p>Fare yoga su spiagge incontaminate con il suono delle onde in sottofondo e davanti agli occhi un mare turchese, \u00e8 un\u2019esperienza meravigliosa. Se si \u00e8 appassionati di meditazione profonda in Thailandia c\u2019\u00e8 uno dei dieci migliori centri di ritiro famoso in tutto il mondo: <strong>Wat Suan Mokkh<\/strong>, a Chaiya. Questo <strong>rifugio nella foresta<\/strong> offre ritiri molto intensi in cui non \u00e8 consentito utilizzare neppure lo smartphone. Per una vacanza in questi luoghi alternando le pratiche meditative al turismo sono consigliabili indumenti comodi e vaporosi, come pantaloni larghi ma anche abiti lunghi a cui alternare vestitini corti se si prospetta di andare in spiaggia.<\/p>\n\n\n\n<h4 class=\"wp-block-heading\" id=\"h-spagna\">Spagna<\/h4>\n\n\n\n<p>Se si vuole restare in Europa, invece, la Spagna pu\u00f2 essere un\u2019ottima soluzione per un viaggio da sogno all\u2019insegna dello yoga. A <strong>Madrid<\/strong> infatti si tengono tantissimi incontri di yoga, non \u00e8 difficile trovare laboratori o raduni all\u2019aperto in vari luoghi della citt\u00e0 come ad esempio quelli organizzati al famoso <strong>Tempio di Debod<\/strong>. Un&#8217;altra meta \u00e8 <strong>Kaliyoga<\/strong>, che si trova in Andalusia, un luogo considerato tra i primi dieci ritiri di yoga secondo <strong>The Guardian<\/strong>. Da non scordare mai per le sessioni di yoga, soprattutto in citt\u00e0, \u00e8 il <a href=\"https:\/\/eventiyoga.it\/blog\/tappetino-yoga\/\" class=\"ek-link\">tappetino yoga<\/a>. <\/p>\n\n\n\n<hr class=\"wp-block-separator has-text-color has-background has-white-background-color has-white-color\"\/>\n\n\n\n<figure class=\"wp-block-image size-full caption-align-center\"><a href=\"https:\/\/eventiyoga.it\/blog\/wp-content\/uploads\/2020\/06\/International-Yoga-Day-21-june.jpg\"><img decoding=\"async\" src=\"data:image\/gif;base64,R0lGODlhAQABAIAAAAAAAP\/\/\/yH5BAEAAAAALAAAAAABAAEAAAIBRAA7\" data-src=\"https:\/\/eventiyoga.it\/blog\/wp-content\/uploads\/2020\/06\/International-Yoga-Day-21-june.jpg\" alt=\"International Yoga Day 21 june\" class=\"wp-image-63038\"\/><noscript><img decoding=\"async\" src=\"https:\/\/eventiyoga.it\/blog\/wp-content\/uploads\/2020\/06\/International-Yoga-Day-21-june.jpg\" alt=\"International Yoga Day 21 june\" class=\"wp-image-63038\"\/><\/noscript><\/a><figcaption><em>Giornata Internazionale dello Yoga<\/em><\/figcaption><\/figure>\n\n\n\n<h2 class=\"wp-block-heading\" id=\"h-tre-curiosit-sullo-yoga\"><span class=\"ez-toc-section\" id=\"Tre_curiosita_sullo_yoga\"><\/span>Tre curiosit\u00e0 sullo yoga<span class=\"ez-toc-section-end\"><\/span><\/h2>\n\n\n\n<p><strong>Yoga con i cani?<\/strong> <\/p>\n\n\n\n<p>Esiste! Questa modalit\u00e0 si chiama <strong>Doga<\/strong> e mira a rafforzare il legame con l&#8217;animale, aumentare la connessione con lui e, naturalmente, ottenere un grande rilassamento sia per la persona che per l&#8217;animale domestico.<\/p>\n\n\n\n<p><strong>Si pu\u00f2 fare yoga in aria?<\/strong> <\/p>\n\n\n\n<p>S\u00ec! Noto come <a href=\"https:\/\/eventiyoga.it\/blog\/antigravity-yoga\/\" class=\"ek-link\">Antigravity yoga<\/a> \u00e8 una recente forma di yoga praticata in sospensione o su un&#8217;amaca con la quale si ottiene una sensazione di incredibile libert\u00e0 e di leggerezza.<\/p>\n\n\n\n<p><strong>Lo yoga pu\u00f2 migliorare la vita sessuale?<\/strong> <\/p>\n\n\n\n<p>S\u00ec. Le diverse posizioni di questa pratica aumentano la flessibilit\u00e0 e alcuni esercizi possono aiutare a tonificare il pavimento pelvico portando benefici anche nella relazione intima.<\/p>\n\n\n\n<hr class=\"wp-block-separator has-text-color has-background has-white-background-color has-white-color\"\/>\n\n\n\n<h2 class=\"wp-block-heading\"><span class=\"ez-toc-section\" id=\"Domande_Frequenti_sulla_Giornata_internazionale_dello_yoga\"><\/span>Domande Frequenti sulla Giornata internazionale dello yoga<span class=\"ez-toc-section-end\"><\/span><\/h2>\n\n\n\n<p><strong>Quando si celebra la Giornata internazionale dello yoga?<\/strong><\/p>\n\n\n\n<p>Ogni anno il 21 giugno, per coincidere con il solstizio d&#8217;estate.<\/p>\n\n\n\n<p><strong>In che anno \u00e8 nato lo yoga?<\/strong><\/p>\n\n\n\n<p>Sebbene le origini esatte siano difficili da determinare, le prime tracce di pratiche simili allo yoga risalgono a oltre 5.000 anni fa nell&#8217;India antica.<\/p>\n\n\n\n<p><strong>Qual \u00e8 lo scopo dello yoga?<\/strong><\/p>\n\n\n\n<p>Lo yoga mira a unire corpo, mente e spirito per migliorare la salute e il benessere generale, promuovendo un equilibrio fisico e mentale attraverso esercizi, respirazione e meditazione.<\/p>\n\n\n\n<p><strong>Quanti italiani praticano yoga?<\/strong><\/p>\n\n\n\n<p>Secondo le ultime ricerche, pi\u00f9 di 6 milioni di italiani praticano yoga, un numero che \u00e8 aumentato notevolmente negli ultimi anni.<\/p>\n\n\n\n<p><strong>Perch\u00e9 la Giornata internazionale dello yoga \u00e8 stata istituita dalle Nazioni Unite?<\/strong><\/p>\n\n\n\n<p>Riconosciuta per la prima volta nel 2014, l&#8217;<strong>International Yoga Day<\/strong> celebra i benefici dello yoga per la salute e il benessere globale, promuovendo un approccio olistico alla salute fisica e mentale.<\/p>\n\n\n\n<p><strong>Come posso partecipare agli eventi della Giornata internazionale dello yoga?<\/strong><\/p>\n\n\n\n<p>Puoi unirti a eventi locali, partecipare a sessioni online, o praticare yoga personalmente. Visita la nostra sezione eventi per scoprire iniziative nella tua area.<\/p>\n\n\n\n<p><strong>Quali sono i benefici della pratica regolare dello yoga?<\/strong><\/p>\n\n\n\n<p>La pratica regolare dello yoga pu\u00f2 migliorare la flessibilit\u00e0, ridurre lo stress, aumentare la concentrazione, e contribuire a un migliore equilibrio emotivo e fisico.<\/p>\n\n\n\n<hr class=\"wp-block-separator has-text-color has-background has-white-background-color has-white-color\"\/>\n\n\n\n<figure class=\"wp-block-image size-full caption-align-center\"><a href=\"https:\/\/eventiyoga.it\/blog\/wp-content\/uploads\/2020\/06\/festa-di-International-Yoga-Day-21-june.jpg\"><img decoding=\"async\" src=\"data:image\/gif;base64,R0lGODlhAQABAIAAAAAAAP\/\/\/yH5BAEAAAAALAAAAAABAAEAAAIBRAA7\" data-src=\"https:\/\/eventiyoga.it\/blog\/wp-content\/uploads\/2020\/06\/festa-di-International-Yoga-Day-21-june.jpg\" alt=\"festa di International Yoga Day 21 giugno\" class=\"wp-image-63039\"\/><noscript><img decoding=\"async\" src=\"https:\/\/eventiyoga.it\/blog\/wp-content\/uploads\/2020\/06\/festa-di-International-Yoga-Day-21-june.jpg\" alt=\"festa di International Yoga Day 21 giugno\" class=\"wp-image-63039\"\/><\/noscript><\/a><figcaption><em>Festa della Giornata Internazionale dello Yoga 21 giugno<\/em><\/figcaption><\/figure>\n\n\n\n<hr class=\"wp-block-separator has-text-color has-background has-white-background-color has-white-color\"\/>\n\n\n\n<h2 class=\"wp-block-heading\" id=\"h-tre-risorse-interessanti-per-te\"><span class=\"ez-toc-section\" id=\"Tre_risorse_interessanti_per_te\"><\/span>Tre risorse interessanti per te<span class=\"ez-toc-section-end\"><\/span><\/h2>\n\n\n\n<p><a href=\"https:\/\/eventiyoga.it\/blog\/perche-iniziare-a-fare-yoga\/\" class=\"ek-link\">Perch\u00e9 iniziare a fare yoga <\/a><\/p>\n\n\n\n<p><a href=\"https:\/\/eventiyoga.it\/blog\/tutti-benefici-dello-yoga\/\" class=\"ek-link\">Tutti i benefici dello yoga: dalla A alla Z<\/a><\/p>\n\n\n\n<p><a href=\"https:\/\/eventiyoga.it\/blog\/posizioni-yoga\/\" class=\"ek-link\">Le posizioni dello yoga: guida illustrata a tutti gli asana<\/a><\/p>\n\n\n\n<h2 class=\"wp-block-heading\"><span class=\"ez-toc-section\" id=\"Scarica_lApp_Eventi_Yoga\"><\/span>Scarica l\u2019App Eventi Yoga<span class=\"ez-toc-section-end\"><\/span><\/h2>\n\n\n\n<p>Il pi\u00f9 grande catalogo degli eventi di yoga in Italia di&nbsp;<strong>Eventiyoga.it<\/strong>&nbsp;sempre a portata di mano! Centinaia di vacanze, retreat, viaggi e corsi di yoga per tutti i gusti da scegliere con un click. Per trovare la proposta ideale per te, prenotare subito e godere dei&nbsp;<strong>benefici dei soggiorni yoga Toscana e altrove<\/strong>.<\/p>\n\n\n\n<p class=\"has-text-align-center\"><strong>Scarica ora l&#8217;App EventiYoga<\/strong><\/p>\n\n\n\n<figure class=\"wp-block-image caption-align-center\"><a href=\"https:\/\/eventiyoga.it\/blog\/app-eventiyoga\/\"><img decoding=\"async\" src=\"data:image\/gif;base64,R0lGODlhAQABAIAAAAAAAP\/\/\/yH5BAEAAAAALAAAAAABAAEAAAIBRAA7\" data-src=\"https:\/\/eventiyoga.it\/blog\/wp-content\/uploads\/2020\/09\/scarica_app_eventiyoga-1.jpg\" alt=\"Scegliere un ritiro yoga: scarica l'App EventiYoga per prenotare il tuo prossimo viaggio \" class=\"wp-image-23454\"\/><noscript><img loading=\"lazy\" decoding=\"async\" width=\"1024\" height=\"768\" src=\"https:\/\/eventiyoga.it\/blog\/wp-content\/uploads\/2020\/09\/scarica_app_eventiyoga-1.jpg\" alt=\"Scegliere un ritiro yoga: scarica l'App EventiYoga per prenotare il tuo prossimo viaggio \" class=\"wp-image-23454\" srcset=\"https:\/\/eventiyoga.it\/blog\/wp-content\/uploads\/2020\/09\/scarica_app_eventiyoga-1.jpg 1024w, https:\/\/eventiyoga.it\/blog\/wp-content\/uploads\/2020\/09\/scarica_app_eventiyoga-1-300x225.jpg 300w, https:\/\/eventiyoga.it\/blog\/wp-content\/uploads\/2020\/09\/scarica_app_eventiyoga-1-768x576.jpg 768w, https:\/\/eventiyoga.it\/blog\/wp-content\/uploads\/2020\/09\/scarica_app_eventiyoga-1-200x150.jpg 200w, https:\/\/eventiyoga.it\/blog\/wp-content\/uploads\/2020\/09\/scarica_app_eventiyoga-1-600x450.jpg 600w\" sizes=\"auto, (max-width: 1024px) 100vw, 1024px\" \/><\/noscript><\/a><figcaption>Scarica l\u2019App di Eventi Yoga<\/figcaption><\/figure>\n\n\n\n<p class=\"has-text-align-center\"><a href=\"https:\/\/apps.apple.com\/us\/app\/id1514783292\" target=\"_blank\" rel=\"noreferrer noopener\" class=\"ek-link\">per\u00a0iOS<\/a> | <a href=\"https:\/\/play.google.com\/store\/apps\/details?id=com.maugry.yoga\" target=\"_blank\" rel=\"noreferrer noopener\" class=\"ek-link\">per Android<\/a><\/p>\n\n\n\n<hr class=\"wp-block-separator has-text-color has-background has-white-background-color has-white-color\"\/>\n\n\n\n<h2 class=\"wp-block-heading\"><span class=\"ez-toc-section\" id=\"Calendario_Eventi_Yoga_online\"><\/span>Calendario Eventi Yoga online<span class=\"ez-toc-section-end\"><\/span><\/h2>\n\n\n\n<p>Puoi consultare il&nbsp;<strong>calendario eventi<\/strong>&nbsp;anche online con numerosi weekend, vacanze, ritiri e corsi yoga.<\/p>\n\n\n\n<p>Cerca qui gli eventi yoga di tuo interesse&nbsp;<strong>divisi per mese e regione<\/strong>.<\/p>\n\n\n\n<ul class=\"wp-block-list\"><li><a href=\"https:\/\/eventiyoga.it\/blog\/vacanze-workshop-yoga-e-benessere-gennaio\/\" class=\"ek-link\">Gennaio<\/a><\/li><li><a href=\"https:\/\/eventiyoga.it\/blog\/vacanze-seminari-workshop-yoga-benessere-febbraio\/\" class=\"ek-link\">Febbraio<\/a><\/li><li><a href=\"https:\/\/eventiyoga.it\/blog\/vacanze-seminari-workshop-yoga-benessere-marzo\/\" class=\"ek-link\">Marzo<\/a><\/li><li><a href=\"https:\/\/eventiyoga.it\/blog\/vacanze-yoga-aprile\/\" class=\"ek-link\">Aprile<\/a><\/li><li><a href=\"https:\/\/eventiyoga.it\/blog\/vacanze-yoga-maggio\/\" class=\"ek-link\">Maggio<\/a><\/li><li><a href=\"https:\/\/eventiyoga.it\/blog\/vacanze-yoga-e-benessere-giugno-offerte\/\" class=\"ek-link\">Giugno<\/a><\/li><li><a href=\"https:\/\/eventiyoga.it\/blog\/vacanze-yoga-e-benessere-luglio-offerte\/\" class=\"ek-link\">Luglio<\/a><\/li><li><a href=\"https:\/\/eventiyoga.it\/blog\/vacanze-yoga-e-benessere-agosto-offerte\/\" class=\"ek-link\">Agosto<\/a><\/li><li><a href=\"https:\/\/eventiyoga.it\/blog\/vacanze-yoga-e-benessere-settembre-offerte\/\" class=\"ek-link\">Settembre<\/a><\/li><li><a href=\"https:\/\/eventiyoga.it\/blog\/vacanze-yoga-e-benessere-ottobre-offerte\/\" class=\"ek-link\">Ottobre<\/a><\/li><li><a href=\"https:\/\/eventiyoga.it\/blog\/vacanze-yoga-e-benessere-novembre-offerte\/\" class=\"ek-link\">Novembre<\/a><\/li><li><a href=\"https:\/\/eventiyoga.it\/blog\/vacanze-yoga-e-benessere-dicembre\/\" class=\"ek-link\">Dicembre<\/a><\/li><\/ul>\n\n\n\n<h2 class=\"wp-block-heading\" id=\"h-iscriviti-alla-newsletter\"><span class=\"ez-toc-section\" id=\"Iscriviti_alla_newsletter\"><\/span>Iscriviti alla newsletter<span class=\"ez-toc-section-end\"><\/span><\/h2>\n\n\n\n<figure class=\"wp-block-image caption-align-center\"><a href=\"https:\/\/eventiyoga.it\/blog\/newsletter-eventi-yoga\/\" target=\"_blank\" rel=\"noopener\"><img decoding=\"async\" src=\"data:image\/gif;base64,R0lGODlhAQABAIAAAAAAAP\/\/\/yH5BAEAAAAALAAAAAABAAEAAAIBRAA7\" data-src=\"https:\/\/eventiyoga.it\/blog\/wp-content\/uploads\/2019\/10\/Banner-Iscrizione-NL.jpg\" alt=\"Iscriviti alla Newsletter \u2013 Per te subito un Bonus!\" class=\"wp-image-16731\"\/><noscript><img decoding=\"async\" src=\"https:\/\/eventiyoga.it\/blog\/wp-content\/uploads\/2019\/10\/Banner-Iscrizione-NL.jpg\" alt=\"Iscriviti alla Newsletter \u2013 Per te subito un Bonus!\" class=\"wp-image-16731\"\/><\/noscript><\/a><figcaption>Iscriviti alla Newsletter \u2013 Per te subito un Bonus!<\/figcaption><\/figure>\n","protected":false},"excerpt":{"rendered":"<p>La Giornata internazionale dello yoga si celebra ogni anno il 21 giugno per celebrare questa\u00a0pratica antica che attira sempre pi\u00f9 persone. La ragione di tanto successo risiede nel fatto che lo yoga consente di combattere lo stress della quotidianit\u00e0 e ritrovare se stessi. Per questo, speriamo di farvi un gradito omaggio segnalandovi una serie di [&hellip;]<\/p>\n","protected":false},"author":363,"featured_media":21786,"comment_status":"open","ping_status":"open","sticky":false,"template":"","format":"standard","meta":{"_acf_changed":false,"_editorskit_title_hidden":false,"_editorskit_reading_time":6,"_editorskit_is_block_options_detached":false,"_editorskit_block_options_position":"{}","footnotes":""},"categories":[41],"tags":[39478,38],"class_list":["post-1585","post","type-post","status-publish","format-standard","has-post-thumbnail","hentry","category-tips","tag-giornata-mondiale-dello-yoga","tag-praticare-yoga"],"acf":[],"yoast_head":"<!-- This site is optimized with the Yoast SEO plugin v26.4 - https:\/\/yoast.com\/wordpress\/plugins\/seo\/ -->\n<title>Giornata Internazionale dello Yoga | Data e Curiosit\u00e0<\/title>\n<meta name=\"description\" content=\"Giornata Internazionale dello Yoga: eventi in tutto il mondo, i numeri di questa disciplina e le destinazioni pi\u00f9 richieste per le vacanze yoga.\" \/>\n<meta name=\"robots\" content=\"index, follow, max-snippet:-1, max-image-preview:large, max-video-preview:-1\" \/>\n<link rel=\"canonical\" href=\"https:\/\/eventiyoga.it\/blog\/giornata-mondiale-dello-yoga\/\" \/>\n<meta property=\"og:locale\" content=\"en_US\" \/>\n<meta property=\"og:type\" content=\"article\" \/>\n<meta property=\"og:title\" content=\"Giornata Internazionale dello Yoga | Data e Curiosit\u00e0\" \/>\n<meta property=\"og:description\" content=\"Giornata Internazionale dello Yoga: eventi in tutto il mondo, i numeri di questa disciplina e le destinazioni pi\u00f9 richieste per le vacanze yoga.\" \/>\n<meta property=\"og:url\" content=\"https:\/\/eventiyoga.it\/blog\/giornata-mondiale-dello-yoga\/\" \/>\n<meta property=\"og:site_name\" content=\"Eventi Yoga\" \/>\n<meta property=\"article:published_time\" content=\"2024-06-12T06:08:00+00:00\" \/>\n<meta property=\"article:modified_time\" content=\"2024-06-12T08:16:49+00:00\" \/>\n<meta property=\"og:image\" content=\"https:\/\/eventiyoga.it\/blog\/wp-content\/uploads\/2016\/06\/giornata_mondiale_dello_yoga_facebook.jpg\" \/>\n\t<meta property=\"og:image:width\" content=\"1024\" \/>\n\t<meta property=\"og:image:height\" content=\"768\" \/>\n\t<meta property=\"og:image:type\" content=\"image\/jpeg\" \/>\n<meta name=\"twitter:card\" content=\"summary_large_image\" \/>\n<meta name=\"twitter:label1\" content=\"Written by\" \/>\n\t<meta name=\"twitter:data1\" content=\"\" \/>\n\t<meta name=\"twitter:label2\" content=\"Est. reading time\" \/>\n\t<meta name=\"twitter:data2\" content=\"10 minutes\" \/>\n<script type=\"application\/ld+json\" class=\"yoast-schema-graph\">{\"@context\":\"https:\/\/schema.org\",\"@graph\":[{\"@type\":\"WebPage\",\"@id\":\"https:\/\/eventiyoga.it\/blog\/giornata-mondiale-dello-yoga\/\",\"url\":\"https:\/\/eventiyoga.it\/blog\/giornata-mondiale-dello-yoga\/\",\"name\":\"Giornata Internazionale dello Yoga | Data e Curiosit\u00e0\",\"isPartOf\":{\"@id\":\"https:\/\/eventiyoga.it\/blog\/#website\"},\"primaryImageOfPage\":{\"@id\":\"https:\/\/eventiyoga.it\/blog\/giornata-mondiale-dello-yoga\/#primaryimage\"},\"image\":{\"@id\":\"https:\/\/eventiyoga.it\/blog\/giornata-mondiale-dello-yoga\/#primaryimage\"},\"thumbnailUrl\":\"https:\/\/eventiyoga.it\/blog\/wp-content\/uploads\/2016\/06\/giornata_mondiale_dello_yoga_facebook.jpg\",\"datePublished\":\"2024-06-12T06:08:00+00:00\",\"dateModified\":\"2024-06-12T08:16:49+00:00\",\"author\":{\"@id\":\"\"},\"description\":\"Giornata Internazionale dello Yoga: eventi in tutto il mondo, i numeri di questa disciplina e le destinazioni pi\u00f9 richieste per le vacanze yoga.\",\"breadcrumb\":{\"@id\":\"https:\/\/eventiyoga.it\/blog\/giornata-mondiale-dello-yoga\/#breadcrumb\"},\"inLanguage\":\"en-US\",\"potentialAction\":[{\"@type\":\"ReadAction\",\"target\":[\"https:\/\/eventiyoga.it\/blog\/giornata-mondiale-dello-yoga\/\"]}]},{\"@type\":\"ImageObject\",\"inLanguage\":\"en-US\",\"@id\":\"https:\/\/eventiyoga.it\/blog\/giornata-mondiale-dello-yoga\/#primaryimage\",\"url\":\"https:\/\/eventiyoga.it\/blog\/wp-content\/uploads\/2016\/06\/giornata_mondiale_dello_yoga_facebook.jpg\",\"contentUrl\":\"https:\/\/eventiyoga.it\/blog\/wp-content\/uploads\/2016\/06\/giornata_mondiale_dello_yoga_facebook.jpg\",\"width\":1024,\"height\":768,\"caption\":\"giornata internazionale dello yoga\"},{\"@type\":\"BreadcrumbList\",\"@id\":\"https:\/\/eventiyoga.it\/blog\/giornata-mondiale-dello-yoga\/#breadcrumb\",\"itemListElement\":[{\"@type\":\"ListItem\",\"position\":1,\"name\":\"Home\",\"item\":\"https:\/\/eventiyoga.it\/blog\/\"},{\"@type\":\"ListItem\",\"position\":2,\"name\":\"La Giornata Internazionale dello yoga | Data e Curiosit\u00e0\"}]},{\"@type\":\"WebSite\",\"@id\":\"https:\/\/eventiyoga.it\/blog\/#website\",\"url\":\"https:\/\/eventiyoga.it\/blog\/\",\"name\":\"Eventi Yoga\",\"description\":\"Il portale Italiano per gli eventi dello yoga\",\"potentialAction\":[{\"@type\":\"SearchAction\",\"target\":{\"@type\":\"EntryPoint\",\"urlTemplate\":\"https:\/\/eventiyoga.it\/blog\/?s={search_term_string}\"},\"query-input\":{\"@type\":\"PropertyValueSpecification\",\"valueRequired\":true,\"valueName\":\"search_term_string\"}}],\"inLanguage\":\"en-US\"},{\"@type\":\"Person\",\"@id\":\"\",\"url\":\"https:\/\/eventiyoga.it\/blog\/author\/\"}]}<\/script>\n<!-- \/ Yoast SEO plugin. -->","yoast_head_json":{"title":"Giornata Internazionale dello Yoga | Data e Curiosit\u00e0","description":"Giornata Internazionale dello Yoga: eventi in tutto il mondo, i numeri di questa disciplina e le destinazioni pi\u00f9 richieste per le vacanze yoga.","robots":{"index":"index","follow":"follow","max-snippet":"max-snippet:-1","max-image-preview":"max-image-preview:large","max-video-preview":"max-video-preview:-1"},"canonical":"https:\/\/eventiyoga.it\/blog\/giornata-mondiale-dello-yoga\/","og_locale":"en_US","og_type":"article","og_title":"Giornata Internazionale dello Yoga | Data e Curiosit\u00e0","og_description":"Giornata Internazionale dello Yoga: eventi in tutto il mondo, i numeri di questa disciplina e le destinazioni pi\u00f9 richieste per le vacanze yoga.","og_url":"https:\/\/eventiyoga.it\/blog\/giornata-mondiale-dello-yoga\/","og_site_name":"Eventi Yoga","article_published_time":"2024-06-12T06:08:00+00:00","article_modified_time":"2024-06-12T08:16:49+00:00","og_image":[{"width":1024,"height":768,"url":"https:\/\/eventiyoga.it\/blog\/wp-content\/uploads\/2016\/06\/giornata_mondiale_dello_yoga_facebook.jpg","type":"image\/jpeg"}],"twitter_card":"summary_large_image","twitter_misc":{"Written by":"","Est. reading time":"10 minutes"},"schema":{"@context":"https:\/\/schema.org","@graph":[{"@type":"WebPage","@id":"https:\/\/eventiyoga.it\/blog\/giornata-mondiale-dello-yoga\/","url":"https:\/\/eventiyoga.it\/blog\/giornata-mondiale-dello-yoga\/","name":"Giornata Internazionale dello Yoga | Data e Curiosit\u00e0","isPartOf":{"@id":"https:\/\/eventiyoga.it\/blog\/#website"},"primaryImageOfPage":{"@id":"https:\/\/eventiyoga.it\/blog\/giornata-mondiale-dello-yoga\/#primaryimage"},"image":{"@id":"https:\/\/eventiyoga.it\/blog\/giornata-mondiale-dello-yoga\/#primaryimage"},"thumbnailUrl":"https:\/\/eventiyoga.it\/blog\/wp-content\/uploads\/2016\/06\/giornata_mondiale_dello_yoga_facebook.jpg","datePublished":"2024-06-12T06:08:00+00:00","dateModified":"2024-06-12T08:16:49+00:00","author":{"@id":""},"description":"Giornata Internazionale dello Yoga: eventi in tutto il mondo, i numeri di questa disciplina e le destinazioni pi\u00f9 richieste per le vacanze yoga.","breadcrumb":{"@id":"https:\/\/eventiyoga.it\/blog\/giornata-mondiale-dello-yoga\/#breadcrumb"},"inLanguage":"en-US","potentialAction":[{"@type":"ReadAction","target":["https:\/\/eventiyoga.it\/blog\/giornata-mondiale-dello-yoga\/"]}]},{"@type":"ImageObject","inLanguage":"en-US","@id":"https:\/\/eventiyoga.it\/blog\/giornata-mondiale-dello-yoga\/#primaryimage","url":"https:\/\/eventiyoga.it\/blog\/wp-content\/uploads\/2016\/06\/giornata_mondiale_dello_yoga_facebook.jpg","contentUrl":"https:\/\/eventiyoga.it\/blog\/wp-content\/uploads\/2016\/06\/giornata_mondiale_dello_yoga_facebook.jpg","width":1024,"height":768,"caption":"giornata internazionale dello yoga"},{"@type":"BreadcrumbList","@id":"https:\/\/eventiyoga.it\/blog\/giornata-mondiale-dello-yoga\/#breadcrumb","itemListElement":[{"@type":"ListItem","position":1,"name":"Home","item":"https:\/\/eventiyoga.it\/blog\/"},{"@type":"ListItem","position":2,"name":"La Giornata Internazionale dello yoga | Data e Curiosit\u00e0"}]},{"@type":"WebSite","@id":"https:\/\/eventiyoga.it\/blog\/#website","url":"https:\/\/eventiyoga.it\/blog\/","name":"Eventi Yoga","description":"Il portale Italiano per gli eventi dello yoga","potentialAction":[{"@type":"SearchAction","target":{"@type":"EntryPoint","urlTemplate":"https:\/\/eventiyoga.it\/blog\/?s={search_term_string}"},"query-input":{"@type":"PropertyValueSpecification","valueRequired":true,"valueName":"search_term_string"}}],"inLanguage":"en-US"},{"@type":"Person","@id":"","url":"https:\/\/eventiyoga.it\/blog\/author\/"}]}},"_links":{"self":[{"href":"https:\/\/eventiyoga.it\/blog\/wp-json\/wp\/v2\/posts\/1585","targetHints":{"allow":["GET"]}}],"collection":[{"href":"https:\/\/eventiyoga.it\/blog\/wp-json\/wp\/v2\/posts"}],"about":[{"href":"https:\/\/eventiyoga.it\/blog\/wp-json\/wp\/v2\/types\/post"}],"author":[{"embeddable":true,"href":"https:\/\/eventiyoga.it\/blog\/wp-json\/wp\/v2\/users\/363"}],"replies":[{"embeddable":true,"href":"https:\/\/eventiyoga.it\/blog\/wp-json\/wp\/v2\/comments?post=1585"}],"version-history":[{"count":0,"href":"https:\/\/eventiyoga.it\/blog\/wp-json\/wp\/v2\/posts\/1585\/revisions"}],"wp:featuredmedia":[{"embeddable":true,"href":"https:\/\/eventiyoga.it\/blog\/wp-json\/wp\/v2\/media\/21786"}],"wp:attachment":[{"href":"https:\/\/eventiyoga.it\/blog\/wp-json\/wp\/v2\/media?parent=1585"}],"wp:term":[{"taxonomy":"category","embeddable":true,"href":"https:\/\/eventiyoga.it\/blog\/wp-json\/wp\/v2\/categories?post=1585"},{"taxonomy":"post_tag","embeddable":true,"href":"https:\/\/eventiyoga.it\/blog\/wp-json\/wp\/v2\/tags?post=1585"}],"curies":[{"name":"wp","href":"https:\/\/api.w.org\/{rel}","templated":true}]}}