{"id":16691,"date":"2019-10-23T01:08:56","date_gmt":"2019-10-22T23:08:56","guid":{"rendered":"https:\/\/eventiyoga.it\/blog\/?p=16691"},"modified":"2021-01-06T13:45:15","modified_gmt":"2021-01-06T12:45:15","slug":"yoga-terapeutico","status":"publish","type":"post","link":"https:\/\/eventiyoga.it\/blog\/yoga-terapeutico\/","title":{"rendered":"Yoga terapeutico: come si fa e a cosa serve"},"content":{"rendered":"\n<p>Dei <strong><a href=\"https:\/\/eventiyoga.it\/blog\/benefici-gli-effetti-dello-yoga-nel-tempo\/\">benefici dello yoga<\/a><\/strong> ne parliamo spesso. Di come sia efficace contro il <strong><a href=\"https:\/\/eventiyoga.it\/blog\/yoga-contro-mal-di-schiena-esercizi\/ \" class=\"ek-link\">mal di schiena<\/a><\/strong>, contro <strong><a href=\"https:\/\/eventiyoga.it\/blog\/yoga-per-dormire-meglio-consigli-contro-linsonnia\/ \" class=\"ek-link\">l&#8217;insonnia<\/a><\/strong> e contro il <strong><a href=\"https:\/\/eventiyoga.it\/blog\/le-migliori-posizioni-yoga-mal-testa\/\" class=\"ek-link\">mal di testa<\/a><\/strong>. <\/p>\n\n\n\n<p>Si tratta di una pratica<strong> \u201cglobale\u201d <\/strong>poich\u00e9 opera sia sul piano fisico, sia su quello mentale, sia su quello spirituale: si basa sul principio che le diverse dimensioni che formano l\u2019essere umano sono strettamente connesse tra loro.  <\/p>\n\n\n\n<p>Lo<strong> yoga \u00e8 terapeutico<\/strong> perch\u00e9 attraverso la sua pratica \u00e8 possibile influenzare in modo positivo la propria vita, raggiungendo migliori condizioni psico-fisiche. Ma cosa si intende per yoga-terapia? In questo articolo cerchiamo di rispondere a questa domanda approfondendo il concetto di <strong>yoga terapeutico: come si fa e a cosa serve<\/strong>.  <\/p>\n\n\n\n<div id=\"ez-toc-container\" class=\"ez-toc-v2_0_68_1 counter-hierarchy ez-toc-counter ez-toc-grey ez-toc-container-direction\">\n<div class=\"ez-toc-title-container\">\n<p class=\"ez-toc-title \" >Indice<\/p>\n<span class=\"ez-toc-title-toggle\"><a href=\"#\" class=\"ez-toc-pull-right ez-toc-btn ez-toc-btn-xs ez-toc-btn-default ez-toc-toggle\" aria-label=\"Toggle Table of Content\"><span class=\"ez-toc-js-icon-con\"><span class=\"\"><span class=\"eztoc-hide\" style=\"display:none;\">Toggle<\/span><span class=\"ez-toc-icon-toggle-span\"><svg style=\"fill: #999;color:#999\" xmlns=\"http:\/\/www.w3.org\/2000\/svg\" class=\"list-377408\" width=\"20px\" height=\"20px\" viewBox=\"0 0 24 24\" fill=\"none\"><path d=\"M6 6H4v2h2V6zm14 0H8v2h12V6zM4 11h2v2H4v-2zm16 0H8v2h12v-2zM4 16h2v2H4v-2zm16 0H8v2h12v-2z\" fill=\"currentColor\"><\/path><\/svg><svg style=\"fill: #999;color:#999\" class=\"arrow-unsorted-368013\" xmlns=\"http:\/\/www.w3.org\/2000\/svg\" width=\"10px\" height=\"10px\" viewBox=\"0 0 24 24\" version=\"1.2\" baseProfile=\"tiny\"><path d=\"M18.2 9.3l-6.2-6.3-6.2 6.3c-.2.2-.3.4-.3.7s.1.5.3.7c.2.2.4.3.7.3h11c.3 0 .5-.1.7-.3.2-.2.3-.5.3-.7s-.1-.5-.3-.7zM5.8 14.7l6.2 6.3 6.2-6.3c.2-.2.3-.5.3-.7s-.1-.5-.3-.7c-.2-.2-.4-.3-.7-.3h-11c-.3 0-.5.1-.7.3-.2.2-.3.5-.3.7s.1.5.3.7z\"\/><\/svg><\/span><\/span><\/span><\/a><\/span><\/div>\n<nav><ul class='ez-toc-list ez-toc-list-level-1 ' ><li class='ez-toc-page-1 ez-toc-heading-level-2'><a class=\"ez-toc-link ez-toc-heading-1\" href=\"https:\/\/eventiyoga.it\/blog\/yoga-terapeutico\/#Yoga_terapeutico_di_cosa_si_tratta\" title=\"Yoga terapeutico, di cosa si tratta?\">Yoga terapeutico, di cosa si tratta?<\/a><\/li><li class='ez-toc-page-1 ez-toc-heading-level-2'><a class=\"ez-toc-link ez-toc-heading-2\" href=\"https:\/\/eventiyoga.it\/blog\/yoga-terapeutico\/#A_cosa_serve_lo_yoga_terapeutico\" title=\"A cosa serve lo yoga terapeutico\">A cosa serve lo yoga terapeutico<\/a><\/li><li class='ez-toc-page-1 ez-toc-heading-level-2'><a class=\"ez-toc-link ez-toc-heading-3\" href=\"https:\/\/eventiyoga.it\/blog\/yoga-terapeutico\/#Come_si_pratica_lo_yoga_terapeutico\" title=\"Come si pratica lo yoga terapeutico\">Come si pratica lo yoga terapeutico<\/a><\/li><li class='ez-toc-page-1 ez-toc-heading-level-2'><a class=\"ez-toc-link ez-toc-heading-4\" href=\"https:\/\/eventiyoga.it\/blog\/yoga-terapeutico\/#Praticare_yoga_se_hai_problemi_alle_ginocchia\" title=\"Praticare yoga se hai problemi alle\nginocchia\">Praticare yoga se hai problemi alle\nginocchia<\/a><\/li><li class='ez-toc-page-1 ez-toc-heading-level-2'><a class=\"ez-toc-link ez-toc-heading-5\" href=\"https:\/\/eventiyoga.it\/blog\/yoga-terapeutico\/#I_nostri_consigli\" title=\"I nostri consigli\">I nostri consigli<\/a><\/li><li class='ez-toc-page-1 ez-toc-heading-level-2'><a class=\"ez-toc-link ez-toc-heading-6\" href=\"https:\/\/eventiyoga.it\/blog\/yoga-terapeutico\/#Tre_risorse_interessanti_per_te\" title=\"Tre risorse interessanti per te\">Tre risorse interessanti per te<\/a><\/li><li class='ez-toc-page-1 ez-toc-heading-level-2'><a class=\"ez-toc-link ez-toc-heading-7\" href=\"https:\/\/eventiyoga.it\/blog\/yoga-terapeutico\/#Scarica_la_nuova_APP_di_Eventiyoga\" title=\"Scarica la nuova APP di Eventiyoga\">Scarica la nuova APP di Eventiyoga<\/a><\/li><li class='ez-toc-page-1 ez-toc-heading-level-2'><a class=\"ez-toc-link ez-toc-heading-8\" href=\"https:\/\/eventiyoga.it\/blog\/yoga-terapeutico\/#Calendario_Eventi_Yoga_online\" title=\"Calendario Eventi Yoga online\">Calendario Eventi Yoga online<\/a><\/li><li class='ez-toc-page-1 ez-toc-heading-level-2'><a class=\"ez-toc-link ez-toc-heading-9\" href=\"https:\/\/eventiyoga.it\/blog\/yoga-terapeutico\/#Iscriviti_alla_Newsletter\" title=\"Iscriviti alla Newsletter\">Iscriviti alla Newsletter<\/a><\/li><li class='ez-toc-page-1 ez-toc-heading-level-2'><a class=\"ez-toc-link ez-toc-heading-10\" href=\"https:\/\/eventiyoga.it\/blog\/yoga-terapeutico\/#I_gadget_per_lo_yoga\" title=\"I gadget per lo yoga\">I gadget per lo yoga<\/a><\/li><\/ul><\/nav><\/div>\n<h2 class=\"wp-block-heading\" id=\"h-yoga-terapeutico-di-cosa-si-tratta\"><span class=\"ez-toc-section\" id=\"Yoga_terapeutico_di_cosa_si_tratta\"><\/span>Yoga terapeutico, di cosa si tratta?<span class=\"ez-toc-section-end\"><\/span><\/h2>\n\n\n\n<p>Si parla di <strong>yoga terapeutico <\/strong>dagli ultimi decenni del XX secolo, da quando sono state condotte numerose ricerche, soprattutto in alcuni istituti clinici statunitensi: i risultati di questi studi hanno dimostrato &#8211; come ormai \u00e8 pi\u00f9 che noto e risaputo &#8211; che<strong> <\/strong>le pratiche yoga sono effettivamente in grado di aiutare persone malate e sofferenti.<\/p>\n\n\n\n<p>Questa millenaria disciplina \u00e8 stata ufficialmente inserita tra le \u201c<strong>Body-Mind Techniques\u201d<\/strong> ed \u00e8 ormai considerata a tutti gli effetti una tecnica terapeutica complementare, seppur non sostitutiva, a quelle medico-farmacologiche.<\/p>\n\n\n\n<h2 class=\"wp-block-heading\" id=\"h-a-cosa-serve-lo-yoga-terapeutico\"><span class=\"ez-toc-section\" id=\"A_cosa_serve_lo_yoga_terapeutico\"><\/span>A cosa serve lo yoga terapeutico<span class=\"ez-toc-section-end\"><\/span><\/h2>\n\n\n\n<p>Lo yoga non \u00e8, quindi, solo una disciplina meditativa statica, come spesso crede chi non lo ha mai praticato. Lo yoga possiede anche un grande potenziale come <strong>pratica fisica che aiuta a prevenire gli infortuni<\/strong> e accelera il recupero fisico degli atleti in caso di stop forzato.<\/p>\n\n\n\n<h3 class=\"wp-block-heading\" id=\"h-ecco-i-principali-benefici\">Ecco i principali benefici: <\/h3>\n\n\n\n<ul class=\"wp-block-list\"><li><strong>Aumento della flessibilit\u00e0:<\/strong> lo yoga migliora la mobilit\u00e0 articolare e l\u2019elasticit\u00e0 dei muscoli, rendendo pi\u00f9 agevoli e fluidi i movimenti. <\/li><li><strong>Sviluppo della forza:<\/strong> la pratica aiuta a rinforzare le fibre muscolari e contribuisce a mantenere attivi e tonici i muscoli. <\/li><li><strong>Miglioramento dell\u2019agilit\u00e0:<\/strong> lo yoga lavora in modo specifico sul senso di equilibrio, ossia sulla capacit\u00e0 di percepire il proprio corpo in relazione allo spazio, e ci\u00f2 permette di migliorare l\u2019agilit\u00e0 fisica generale. <\/li><li><strong>Rinforzo del sistema nervoso autonomo:<\/strong> attraverso la buona gestione sia del sistema simpatico sia del sistema parasimpatico si favorisce una buona gestione delle emozioni e dello stress causato dall\u2019immobilit\u00e0 e da senso di impotenza. <\/li><\/ul>\n\n\n\n<h3 class=\"wp-block-heading\" id=\"h-e-ancora\">E ancora:<\/h3>\n\n\n\n<ul class=\"wp-block-list\"><li><strong>Miglioramento della circolazione linfatica:<\/strong> la stimolazione del sistema linfatico permette di disintossicare pi\u00f9 velocemente i tessuti muscolari, eliminando le tossine in eccesso e favorendo un recupero pi\u00f9 veloce. <\/li><li><strong>Miglioramento della circolazione sanguigna: <\/strong>la corretta pratica yoga apporta un beneficio immediato sulla circolazione del sangue e consente di mantenere in salute gli organi interni e le ghiandole. <\/li><li><strong>Concentrazione:<\/strong> gli esercizi di respirazione \u2013 pranayama \u2013 consentono di raggiungere un miglior livello di concentrazione, di lucidit\u00e0, di equilibrio interiore; aiutano, inoltre, a <a href=\"https:\/\/eventiyoga.it\/blog\/come-migliorare-forza-di-volonta-con-lo-yoga\/\">migliorare la forza di volont\u00e0<\/a> e la determinazione. <\/li><\/ul>\n\n\n\n<h2 class=\"wp-block-heading\" id=\"h-come-si-pratica-lo-yoga-terapeutico\"><span class=\"ez-toc-section\" id=\"Come_si_pratica_lo_yoga_terapeutico\"><\/span>Come si pratica lo yoga terapeutico<span class=\"ez-toc-section-end\"><\/span><\/h2>\n\n\n\n<p>Quando si pratica lo <strong>yoga terapeutico<\/strong>:<\/p>\n\n\n\n<ul class=\"wp-block-list\"><li>i movimenti devono essere lenti e molto controllati<\/li><li> la posizione deve essere mantenuta per breve tempo <\/li><li>il ritorno alla posizione di partenza deve essere eseguito concentrando l\u2019attenzione sulla corretta postura.<\/li><\/ul>\n\n\n\n<p>Di primaria importanza rivolgersi a un insegnante che abbia conseguito un&#8217;adeguata <strong>formazione in yoga terapeutico<\/strong>, affinch\u00e9 sia in grado di illustrare in modo corretto come devono essere modificati gli asana, in base alle condizioni di salute del praticante. <\/p>\n\n\n\n<p>Un insegnante qualificato spiegher\u00e0 anche come eseguire le posizioni per ridurre il dolore e come poter attuare un recupero pi\u00f9 veloce della parte del corpo che \u00e8 stata lesa.<\/p>\n\n\n\n<h3 class=\"wp-block-heading\" id=\"h-quali-sono-gli-asana-per-accelerare-il-recupero-fisico\">Quali sono gli asana per accelerare il recupero fisico?<\/h3>\n\n\n\n<p>Nell&#8217;articolo sullo <strong><a href=\"https:\/\/eventiyoga.it\/blog\/yoga-terapeutico-recuperare-un-incidente-sportivo\/\">yoga terapeutico per recuperare dopo un incidente sportivo <\/a><\/strong>abbiamo mostrato dettagliatamente gli asana da eseguire. Li ricapitoliamo brevemente: <\/p>\n\n\n\n<ul class=\"wp-block-list\"><li><strong><a href=\"https:\/\/eventiyoga.it\/blog\/tadasana\/\">Tadasana (la posizione della montagna)<\/a><\/strong><\/li><li><strong><a href=\"https:\/\/eventiyoga.it\/blog\/uttanasana\/\" class=\"ek-link\">Uttanasana (il piegamento in avanti in piedi)<\/a><\/strong><\/li><\/ul>\n\n\n\n<figure class=\"wp-block-gallery columns-2 is-cropped wp-block-gallery-1 is-layout-flex wp-block-gallery-is-layout-flex\"><ul class=\"blocks-gallery-grid\"><li class=\"blocks-gallery-item\"><figure><img decoding=\"async\" src=\"data:image\/gif;base64,R0lGODlhAQABAIAAAAAAAP\/\/\/yH5BAEAAAAALAAAAAABAAEAAAIBRAA7\" data-src=\"https:\/\/eventiyoga.it\/blog\/wp-content\/uploads\/2017\/09\/Tadasana_Facebook-1024x768.png\" alt=\"Tadasana\" data-id=\"17082\" data-full-url=\"https:\/\/eventiyoga.it\/blog\/wp-content\/uploads\/2017\/09\/Tadasana_Facebook.png\" data-link=\"https:\/\/eventiyoga.it\/blog\/domande-sugli-asana\/tadasana_facebook\/#main\" class=\"wp-image-17082\"\/><noscript><img decoding=\"async\" src=\"https:\/\/eventiyoga.it\/blog\/wp-content\/uploads\/2017\/09\/Tadasana_Facebook-1024x768.png\" alt=\"Tadasana\" data-id=\"17082\" data-full-url=\"https:\/\/eventiyoga.it\/blog\/wp-content\/uploads\/2017\/09\/Tadasana_Facebook.png\" data-link=\"https:\/\/eventiyoga.it\/blog\/domande-sugli-asana\/tadasana_facebook\/#main\" class=\"wp-image-17082\"\/><\/noscript><\/figure><\/li><li class=\"blocks-gallery-item\"><figure><img decoding=\"async\" src=\"data:image\/gif;base64,R0lGODlhAQABAIAAAAAAAP\/\/\/yH5BAEAAAAALAAAAAABAAEAAAIBRAA7\" data-src=\"https:\/\/eventiyoga.it\/blog\/wp-content\/uploads\/2020\/02\/Uttanasana_Facebook-1024x768.png\" alt=\"Uttanasana\" data-id=\"19383\" data-full-url=\"https:\/\/eventiyoga.it\/blog\/wp-content\/uploads\/2020\/02\/Uttanasana_Facebook.png\" data-link=\"https:\/\/eventiyoga.it\/blog\/yoga-e-benessere-le-sequenze-yoga-per-depurare-gli-organi-interni\/uttanasana_facebook-3\/#main\" class=\"wp-image-19383\"\/><noscript><img decoding=\"async\" src=\"https:\/\/eventiyoga.it\/blog\/wp-content\/uploads\/2020\/02\/Uttanasana_Facebook-1024x768.png\" alt=\"Uttanasana\" data-id=\"19383\" data-full-url=\"https:\/\/eventiyoga.it\/blog\/wp-content\/uploads\/2020\/02\/Uttanasana_Facebook.png\" data-link=\"https:\/\/eventiyoga.it\/blog\/yoga-e-benessere-le-sequenze-yoga-per-depurare-gli-organi-interni\/uttanasana_facebook-3\/#main\" class=\"wp-image-19383\"\/><\/noscript><\/figure><\/li><\/ul><\/figure>\n\n\n\n<ul class=\"wp-block-list\"><li><strong>Paschimottanasana (il piegamento in avanti seduto)<\/strong><\/li><li><strong><a href=\"https:\/\/eventiyoga.it\/blog\/anjaneyasana-la-posizione-yoga-della-luna-crescente\/\" class=\"ek-link\">Anjaneyasana (la posizione di affondo basso)<\/a><\/strong><\/li><\/ul>\n\n\n\n<figure class=\"wp-block-gallery columns-2 is-cropped wp-block-gallery-2 is-layout-flex wp-block-gallery-is-layout-flex\"><ul class=\"blocks-gallery-grid\"><li class=\"blocks-gallery-item\"><figure><img decoding=\"async\" src=\"data:image\/gif;base64,R0lGODlhAQABAIAAAAAAAP\/\/\/yH5BAEAAAAALAAAAAABAAEAAAIBRAA7\" data-src=\"https:\/\/eventiyoga.it\/blog\/wp-content\/uploads\/2019\/10\/paschimottanasana_facebook.jpg\" alt=\"Paschimottanasana\" data-id=\"26388\" data-full-url=\"https:\/\/eventiyoga.it\/blog\/wp-content\/uploads\/2019\/10\/paschimottanasana_facebook.jpg\" data-link=\"https:\/\/eventiyoga.it\/blog\/yoga-terapeutico\/paschimottanasana_facebook\/#main\" class=\"wp-image-26388\"\/><noscript><img decoding=\"async\" src=\"https:\/\/eventiyoga.it\/blog\/wp-content\/uploads\/2019\/10\/paschimottanasana_facebook.jpg\" alt=\"Paschimottanasana\" data-id=\"26388\" data-full-url=\"https:\/\/eventiyoga.it\/blog\/wp-content\/uploads\/2019\/10\/paschimottanasana_facebook.jpg\" data-link=\"https:\/\/eventiyoga.it\/blog\/yoga-terapeutico\/paschimottanasana_facebook\/#main\" class=\"wp-image-26388\"\/><\/noscript><\/figure><\/li><li class=\"blocks-gallery-item\"><figure><img decoding=\"async\" src=\"data:image\/gif;base64,R0lGODlhAQABAIAAAAAAAP\/\/\/yH5BAEAAAAALAAAAAABAAEAAAIBRAA7\" data-src=\"https:\/\/eventiyoga.it\/blog\/wp-content\/uploads\/2020\/12\/Anjaneyasana_facebook.jpg\" alt=\"Anjaneyasana\" data-id=\"26173\" data-full-url=\"https:\/\/eventiyoga.it\/blog\/wp-content\/uploads\/2020\/12\/Anjaneyasana_facebook.jpg\" data-link=\"https:\/\/eventiyoga.it\/blog\/yoga-corsa-la-sequenza-bene-ai-runners\/anjaneyasana_facebook\/#main\" class=\"wp-image-26173\"\/><noscript><img decoding=\"async\" src=\"https:\/\/eventiyoga.it\/blog\/wp-content\/uploads\/2020\/12\/Anjaneyasana_facebook.jpg\" alt=\"Anjaneyasana\" data-id=\"26173\" data-full-url=\"https:\/\/eventiyoga.it\/blog\/wp-content\/uploads\/2020\/12\/Anjaneyasana_facebook.jpg\" data-link=\"https:\/\/eventiyoga.it\/blog\/yoga-corsa-la-sequenza-bene-ai-runners\/anjaneyasana_facebook\/#main\" class=\"wp-image-26173\"\/><\/noscript><\/figure><\/li><\/ul><\/figure>\n\n\n\n<ul class=\"wp-block-list\"><li><a href=\"https:\/\/eventiyoga.it\/blog\/bhujangasana\/\"><strong>Bhujangasana (la posizione del cobra)<\/strong><\/a><\/li><li><a href=\"https:\/\/eventiyoga.it\/blog\/bhujangasana\/\"><strong>Setu Bandhasana (la posizione del ponte contratto)<\/strong><\/a><\/li><\/ul>\n\n\n\n<figure class=\"wp-block-gallery columns-2 is-cropped wp-block-gallery-3 is-layout-flex wp-block-gallery-is-layout-flex\"><ul class=\"blocks-gallery-grid\"><li class=\"blocks-gallery-item\"><figure><img decoding=\"async\" src=\"data:image\/gif;base64,R0lGODlhAQABAIAAAAAAAP\/\/\/yH5BAEAAAAALAAAAAABAAEAAAIBRAA7\" data-src=\"https:\/\/eventiyoga.it\/blog\/wp-content\/uploads\/2019\/12\/Bhujangasana_Facebook-1024x768.png\" alt=\"Bhujangasana\" data-id=\"18186\" data-full-url=\"https:\/\/eventiyoga.it\/blog\/wp-content\/uploads\/2019\/12\/Bhujangasana_Facebook.png\" data-link=\"https:\/\/eventiyoga.it\/blog\/tipi-yoga-per-dimagrire\/bhujangasana_facebook\/#main\" class=\"wp-image-18186\"\/><noscript><img decoding=\"async\" src=\"https:\/\/eventiyoga.it\/blog\/wp-content\/uploads\/2019\/12\/Bhujangasana_Facebook-1024x768.png\" alt=\"Bhujangasana\" data-id=\"18186\" data-full-url=\"https:\/\/eventiyoga.it\/blog\/wp-content\/uploads\/2019\/12\/Bhujangasana_Facebook.png\" data-link=\"https:\/\/eventiyoga.it\/blog\/tipi-yoga-per-dimagrire\/bhujangasana_facebook\/#main\" class=\"wp-image-18186\"\/><\/noscript><figcaption class=\"blocks-gallery-item__caption\">Bhujangasana<\/figcaption><\/figure><\/li><li class=\"blocks-gallery-item\"><figure><img decoding=\"async\" src=\"data:image\/gif;base64,R0lGODlhAQABAIAAAAAAAP\/\/\/yH5BAEAAAAALAAAAAABAAEAAAIBRAA7\" data-src=\"https:\/\/eventiyoga.it\/blog\/wp-content\/uploads\/2016\/05\/SetuBandhasana_Facebook-1024x768.png\" alt=\"\" data-id=\"17414\" data-full-url=\"https:\/\/eventiyoga.it\/blog\/wp-content\/uploads\/2016\/05\/SetuBandhasana_Facebook.png\" data-link=\"https:\/\/eventiyoga.it\/blog\/yoga-contro-stress-esercizi-consigli-contro-stress-e-ansia\/setubandhasana_facebook\/#main\" class=\"wp-image-17414\"\/><noscript><img decoding=\"async\" src=\"https:\/\/eventiyoga.it\/blog\/wp-content\/uploads\/2016\/05\/SetuBandhasana_Facebook-1024x768.png\" alt=\"\" data-id=\"17414\" data-full-url=\"https:\/\/eventiyoga.it\/blog\/wp-content\/uploads\/2016\/05\/SetuBandhasana_Facebook.png\" data-link=\"https:\/\/eventiyoga.it\/blog\/yoga-contro-stress-esercizi-consigli-contro-stress-e-ansia\/setubandhasana_facebook\/#main\" class=\"wp-image-17414\"\/><\/noscript><\/figure><\/li><\/ul><\/figure>\n\n\n\n<ul class=\"wp-block-list\"><li><a href=\"https:\/\/eventiyoga.it\/blog\/bhujangasana\/\"><strong>Balasana (la posizione del bambino)<\/strong><\/a><\/li><li><strong><a href=\"https:\/\/eventiyoga.it\/blog\/bhujangasana\/\" class=\"ek-link\">Savasana (la posizione del cadavere<\/a><\/strong><a href=\"https:\/\/eventiyoga.it\/blog\/bhujangasana\/\" class=\"ek-link\"><strong>)<\/strong><\/a><\/li><\/ul>\n\n\n\n<figure class=\"wp-block-gallery columns-2 is-cropped wp-block-gallery-4 is-layout-flex wp-block-gallery-is-layout-flex\"><ul class=\"blocks-gallery-grid\"><li class=\"blocks-gallery-item\"><figure><img decoding=\"async\" src=\"data:image\/gif;base64,R0lGODlhAQABAIAAAAAAAP\/\/\/yH5BAEAAAAALAAAAAABAAEAAAIBRAA7\" data-src=\"https:\/\/eventiyoga.it\/blog\/wp-content\/uploads\/2019\/11\/Balasana_Facebook-1024x768.png\" alt=\"Balasana\" data-id=\"17415\" data-full-url=\"https:\/\/eventiyoga.it\/blog\/wp-content\/uploads\/2019\/11\/Balasana_Facebook.png\" data-link=\"https:\/\/eventiyoga.it\/blog\/yoga-contro-stress-esercizi-consigli-contro-stress-e-ansia\/balasana_facebook\/#main\" class=\"wp-image-17415\"\/><noscript><img decoding=\"async\" src=\"https:\/\/eventiyoga.it\/blog\/wp-content\/uploads\/2019\/11\/Balasana_Facebook-1024x768.png\" alt=\"Balasana\" data-id=\"17415\" data-full-url=\"https:\/\/eventiyoga.it\/blog\/wp-content\/uploads\/2019\/11\/Balasana_Facebook.png\" data-link=\"https:\/\/eventiyoga.it\/blog\/yoga-contro-stress-esercizi-consigli-contro-stress-e-ansia\/balasana_facebook\/#main\" class=\"wp-image-17415\"\/><\/noscript><figcaption class=\"blocks-gallery-item__caption\">Balasana<\/figcaption><\/figure><\/li><li class=\"blocks-gallery-item\"><figure><img decoding=\"async\" src=\"data:image\/gif;base64,R0lGODlhAQABAIAAAAAAAP\/\/\/yH5BAEAAAAALAAAAAABAAEAAAIBRAA7\" data-src=\"https:\/\/eventiyoga.it\/blog\/wp-content\/uploads\/2020\/02\/Savasana_Facebook-1024x768.png\" alt=\"Savasana\" data-id=\"19362\" data-full-url=\"https:\/\/eventiyoga.it\/blog\/wp-content\/uploads\/2020\/02\/Savasana_Facebook.png\" data-link=\"https:\/\/eventiyoga.it\/blog\/posizioni-yoga\/savasana_facebook\/#main\" class=\"wp-image-19362\"\/><noscript><img decoding=\"async\" src=\"https:\/\/eventiyoga.it\/blog\/wp-content\/uploads\/2020\/02\/Savasana_Facebook-1024x768.png\" alt=\"Savasana\" data-id=\"19362\" data-full-url=\"https:\/\/eventiyoga.it\/blog\/wp-content\/uploads\/2020\/02\/Savasana_Facebook.png\" data-link=\"https:\/\/eventiyoga.it\/blog\/posizioni-yoga\/savasana_facebook\/#main\" class=\"wp-image-19362\"\/><\/noscript><figcaption class=\"blocks-gallery-item__caption\">Savasana<\/figcaption><\/figure><\/li><\/ul><\/figure>\n\n\n\n<h2 class=\"wp-block-heading\" id=\"h-praticare-yoga-se-hai-problemi-alle-ginocchia\"><span class=\"ez-toc-section\" id=\"Praticare_yoga_se_hai_problemi_alle_ginocchia\"><\/span>Praticare yoga se hai problemi alle\nginocchia<span class=\"ez-toc-section-end\"><\/span><\/h2>\n\n\n\n<p>Passiamo ora a un esempio concreto: in un altro articolo abbiamo gi\u00e0 parlato dettagliatamente di come <strong><a href=\"https:\/\/eventiyoga.it\/blog\/yoga-problemi-alle-ginocchia\/\">praticare yoga se si hanno problemi alle ginocchia<\/a><\/strong>; qui ricapitoliamo brevemente perch\u00e9 tale pratica pu\u00f2 portare benefici. <\/p>\n\n\n\n<p>Praticando alcune posizioni specifiche, infatti, \u00e8 possibile <strong>rinforzare, allungare e <a href=\"https:\/\/eventiyoga.it\/blog\/migliorare-la-flessibilita-lo-yoga\/\">migliorare la flessibilit\u00e0<\/a><\/strong> di tutti i muscoli che contribuiscono al corretto funzionamento del ginocchio, quali i quadricipiti, lo psoas e i muscoli posteriori della coscia.  <\/p>\n\n\n\n<p>La pratica degli asana contribuisce a mantenere le articolazioni lubrificate, a incrementare la circolazione sanguigna (incrementando pertanto l\u2019apporto di ossigeno alle ossa, ai muscoli e ai tessuti) a rinforzare e allungare legamenti e muscoli (e in tal caso la rotula rimane nel suo asse, scivola senza sforzo e la cartilagine non viene consumata).<\/p>\n\n\n\n<p>Quindi, con i dovuti accorgimenti, praticare yoga se si hanno problemi alle ginocchia, non \u00e8 solo possibile, ma anche consigliato. Chiaramente \u00e8 fondamentale non forzarsi mai e seguire le preziosi indicazioni di un esperto. <\/p>\n\n\n\n<h2 class=\"wp-block-heading\" id=\"h-i-nostri-consigli\"><span class=\"ez-toc-section\" id=\"I_nostri_consigli\"><\/span>I nostri consigli<span class=\"ez-toc-section-end\"><\/span><\/h2>\n\n\n\n<p>Dopo aver illustrato tutti i dettagli sullo <strong>yoga terapeutico<\/strong>, eccoci ora a darti due consigli pratici. <\/p>\n\n\n\n<p>Il primo, che abbiamo gi\u00e0 detto sopra e che ripetiamo spesso negli articoli del nostro blog, \u00e8 quello di affidarti sempre a insegnanti qualificati, in grado di capire e indirizzare i propri allievi, regolare lo sforzo e trovare una variante diversa per ciascun praticante. E noi di EventiYoga, nella sezione <a href=\"https:\/\/eventiyoga.it\/insegnanti-yoga\/\"><strong>Insegnanti<\/strong><\/a>, mettiamo a disposizione un elenco costantemente aggiornato di docenti preparati, attivi su tutto il territorio nazionale. <\/p>\n\n\n\n<p>Il secondo consiglio \u00e8 quello di informarsi sempre su ci\u00f2 che si vuole fare. Non necessariamente per diventare un grande esperto, ma per <strong>agire con consapevolezza<\/strong>, che poi, come ben sappiamo, \u00e8 uno dei grandi insegnamenti dello yoga. Conoscere \u00e8 vitale e necessario, e porta a nuova conoscenza: \u00e8 un processo infinito, che fa crescere di continuo, dentro e fuori. <\/p>\n\n\n\n<p>Nel caso specifico, ti consigliamo di leggere <strong>\u201cYoga terapeutico. Anatomia completa delle posizioni\u201d<\/strong> di Ray Long con le illustrazioni di Chris Macivor, disponibile anche su <a href=\"https:\/\/www.amazon.it\/gp\/product\/8895687663\/ref=as_li_ss_tl?ie=UTF8&amp;linkCode=sl1&amp;tag=wwweventiyoit-21&amp;linkId=ec725ebcd4b25ab59b159ca53faeb55f\"><strong>Amazon<\/strong><\/a>. Si tratta di un&#8217;interessante guida scientifica e illustrata sui benefici dell&#8217;Hatha Yoga con un focus sulla biomeccanica del corpo, sulla fisiologia delle varie posizioni e sulla neurofisiologia psicosomatica. Il libro illustra i vari muscoli che possono essere attivati o rilassati per approfondire e migliorare gli asana. <\/p>\n\n\n\n<figure class=\"wp-block-image\"><img decoding=\"async\" src=\"data:image\/gif;base64,R0lGODlhAQABAIAAAAAAAP\/\/\/yH5BAEAAAAALAAAAAABAAEAAAIBRAA7\" data-src=\"https:\/\/eventiyoga.it\/blog\/wp-content\/uploads\/2019\/10\/YOGA-TERAPEUTICO-Prodotti-Blog-1024x700.png\" alt=\"\" class=\"wp-image-16504\"\/><noscript><img decoding=\"async\" src=\"https:\/\/eventiyoga.it\/blog\/wp-content\/uploads\/2019\/10\/YOGA-TERAPEUTICO-Prodotti-Blog-1024x700.png\" alt=\"\" class=\"wp-image-16504\"\/><\/noscript><\/figure>\n\n\n\n<div class=\"wp-block-button aligncenter\"><a class=\"wp-block-button__link has-background\" href=\"https:\/\/www.amazon.it\/gp\/product\/8895687663\/ref=as_li_ss_tl?ie=UTF8&amp;linkCode=sl1&amp;tag=wwweventiyoit-21&amp;linkId=ec725ebcd4b25ab59b159ca53faeb55f\" style=\"background-color:#d82098\"><strong>Acquista Yoga Terapeutico di Ray Long<\/strong><\/a><\/div>\n\n\n\n<h3 class=\"wp-block-heading\" id=\"h-ascoltati-sempre\">Ascoltati sempre!<\/h3>\n\n\n\n<p>Non lo abbiamo annoverato tra i consigli appena elencati ma lo riteniamo addirittura &#8220;il&#8221; consiglio per antonomasia, presupposto fondamentale della pratica yoga: ci riferiamo all&#8217;ascolto del proprio corpo. <strong>Ascolto che porta a una maggiore conoscenza e consapevolezza di s\u00e9<\/strong>. <\/p>\n\n\n\n<p>Una volta assimilato questo concetto e superata la voglia di essere performante a tutti i costi, si pu\u00f2 davvero vivere lo yoga come &#8220;medicina&#8221; per il fisico, per la mente e per lo spirito.<\/p>\n\n\n\n<h2 class=\"wp-block-heading\" id=\"h-tre-risorse-interessanti-per-te\"><span class=\"ez-toc-section\" id=\"Tre_risorse_interessanti_per_te\"><\/span>Tre risorse interessanti per te  <span class=\"ez-toc-section-end\"><\/span><\/h2>\n\n\n\n<p><a href=\"https:\/\/eventiyoga.it\/blog\/yoga-posturale-cose-funziona-adatto\/\" class=\"ek-link\"><strong>Yoga posturale: cos\u2019\u00e8, come funziona, a chi \u00e8 adatto<\/strong><\/a><\/p>\n\n\n\n<p><a href=\"https:\/\/eventiyoga.it\/blog\/yoga-in-acqua-cose-come-funziona-a-chi-e-adatto\/\" class=\"ek-link\"><strong>Yoga in acqua: cos\u2019\u00e8, come funziona, a chi \u00e8 adatto<\/strong><\/a><\/p>\n\n\n\n<p><a href=\"https:\/\/eventiyoga.it\/blog\/yoga-terapeutico-recuperare-un-incidente-sportivo\/\" class=\"ek-link\"><strong>Yoga terapeutico per recuperare dopo un incidente sportivo<\/strong><\/a><\/p>\n\n\n\n<h2 class=\"wp-block-heading\" id=\"h-scarica-la-nuova-app-di-eventiyoga\"><span class=\"ez-toc-section\" id=\"Scarica_la_nuova_APP_di_Eventiyoga\"><\/span>Scarica la nuova APP di Eventiyoga<span class=\"ez-toc-section-end\"><\/span><\/h2>\n\n\n\n<p>Ogni mese scegli tra centinaia di vacanze, retreat, viaggi e corsi di yoga per tutti i gusti.<\/p>\n\n\n\n<p>Cerca l\u2019evento che pi\u00f9 ti piace direttamente dalla App, chiedi informazioni, e&nbsp;<strong>prenota con un click<\/strong>!<\/p>\n\n\n\n<figure class=\"wp-block-image caption-align-center\"><a href=\"https:\/\/eventiyoga.it\/blog\/app-eventiyoga\/\"><img decoding=\"async\" src=\"data:image\/gif;base64,R0lGODlhAQABAIAAAAAAAP\/\/\/yH5BAEAAAAALAAAAAABAAEAAAIBRAA7\" data-src=\"https:\/\/eventiyoga.it\/blog\/wp-content\/uploads\/2020\/09\/scarica_app_eventiyoga-1024x1024.jpg\" alt=\"vacanze in Italia yoga sull'app Eventiyoga \" class=\"wp-image-23361\"\/><noscript><img decoding=\"async\" src=\"https:\/\/eventiyoga.it\/blog\/wp-content\/uploads\/2020\/09\/scarica_app_eventiyoga-1024x1024.jpg\" alt=\"vacanze in Italia yoga sull'app Eventiyoga \" class=\"wp-image-23361\"\/><\/noscript><\/a><figcaption>Scarica l\u2019APP di Eventi Yoga. E\u2019 gratuito.<\/figcaption><\/figure>\n\n\n\n<p class=\"has-text-align-center\"><a href=\"https:\/\/apps.apple.com\/us\/app\/id1514783292\" target=\"_blank\" rel=\"noreferrer noopener\" class=\"ek-link\"><strong>APP EVENTI YOGA per iOS<\/strong><\/a><\/p>\n\n\n\n<p class=\"has-text-align-center\"><a href=\"https:\/\/play.google.com\/store\/apps\/details?id=com.maugry.yoga\" target=\"_blank\" rel=\"noreferrer noopener\"><strong>APP EVENTI YOGA per Android<\/strong><\/a><\/p>\n\n\n\n<h2 class=\"wp-block-heading\" id=\"h-calendario-eventi-yoga-online\"><span class=\"ez-toc-section\" id=\"Calendario_Eventi_Yoga_online\"><\/span>Calendario Eventi Yoga online<span class=\"ez-toc-section-end\"><\/span><\/h2>\n\n\n\n<p>Puoi consultare il calendario eventi anche online con numerosi weekend, vacanze, ritiri e corsi yoga.<\/p>\n\n\n\n<p>Cerca qui gli eventi yoga di tuo interesse divisi per mese e regione.<\/p>\n\n\n\n<ul class=\"wp-block-list\"><li><strong><a href=\"https:\/\/eventiyoga.it\/blog\/vacanze-workshop-yoga-e-benessere-gennaio\/\">Gennaio<\/a><\/strong><\/li><li><strong><a href=\"https:\/\/eventiyoga.it\/blog\/vacanze-seminari-workshop-yoga-benessere-febbraio\/\">Febbraio<\/a><\/strong><\/li><li><strong><a href=\"https:\/\/eventiyoga.it\/blog\/vacanze-seminari-workshop-yoga-benessere-marzo\/\">Marzo<\/a><\/strong><\/li><li><strong><a href=\"https:\/\/eventiyoga.it\/blog\/vacanze-yoga-aprile\/\">Aprile<\/a><\/strong><\/li><li><strong><a href=\"https:\/\/eventiyoga.it\/blog\/vacanze-yoga-maggio\/\">Maggio<\/a><\/strong><\/li><li><strong><a href=\"https:\/\/eventiyoga.it\/blog\/vacanze-yoga-e-benessere-giugno-offerte\/\">Giugno<\/a><\/strong><\/li><li><strong><a href=\"https:\/\/eventiyoga.it\/blog\/vacanze-yoga-e-benessere-luglio-offerte\/\">Luglio<\/a><\/strong><\/li><li><strong><a href=\"https:\/\/eventiyoga.it\/blog\/vacanze-yoga-e-benessere-agosto-offerte\/\">Agosto<\/a><\/strong><\/li><li><strong><a href=\"https:\/\/eventiyoga.it\/blog\/vacanze-yoga-e-benessere-settembre-offerte\/\">Settembre<\/a><\/strong><\/li><li><strong><a href=\"https:\/\/eventiyoga.it\/blog\/vacanze-yoga-e-benessere-ottobre-offerte\/\">Ottobre<\/a><\/strong><\/li><li><strong><a href=\"https:\/\/eventiyoga.it\/blog\/vacanze-yoga-e-benessere-novembre-offerte\/\">Novembre<\/a><\/strong><\/li><li><strong><a href=\"https:\/\/eventiyoga.it\/blog\/vacanze-yoga-e-benessere-dicembre\/\">Dicembre<\/a><\/strong><\/li><\/ul>\n\n\n\n<h2 class=\"wp-block-heading\" id=\"h-iscriviti-alla-newsletter\"><span class=\"ez-toc-section\" id=\"Iscriviti_alla_Newsletter\"><\/span>Iscriviti alla Newsletter<span class=\"ez-toc-section-end\"><\/span><\/h2>\n\n\n\n<figure class=\"wp-block-image size-large caption-align-center\"><a href=\"https:\/\/eventiyoga.it\/blog\/newsletter-eventi-yoga\/\"><img decoding=\"async\" src=\"data:image\/gif;base64,R0lGODlhAQABAIAAAAAAAP\/\/\/yH5BAEAAAAALAAAAAABAAEAAAIBRAA7\" data-src=\"https:\/\/eventiyoga.it\/blog\/wp-content\/uploads\/2019\/10\/Banner-Iscrizione-NL.jpg\" alt=\"Iscriviti alla Newsletter \u2013 Per te subito un Bonus!\" class=\"wp-image-16731\"\/><noscript><img decoding=\"async\" src=\"https:\/\/eventiyoga.it\/blog\/wp-content\/uploads\/2019\/10\/Banner-Iscrizione-NL.jpg\" alt=\"Iscriviti alla Newsletter \u2013 Per te subito un Bonus!\" class=\"wp-image-16731\"\/><\/noscript><\/a><figcaption>Iscriviti alla Newsletter \u2013 Per te subito un Bonus!<\/figcaption><\/figure>\n\n\n\n<h2 class=\"wp-block-heading\" id=\"h-i-gadget-per-lo-yoga\"><span class=\"ez-toc-section\" id=\"I_gadget_per_lo_yoga\"><\/span>I gadget per lo yoga<span class=\"ez-toc-section-end\"><\/span><\/h2>\n\n\n\n<p>Simpatica t-shirt in cotone Yoga Heals The Soul.<\/p>\n\n\n\n<figure class=\"wp-block-image\"><a href=\"https:\/\/teespring.com\/stores\/yoga-lovers-tshirts\"><img decoding=\"async\" src=\"data:image\/gif;base64,R0lGODlhAQABAIAAAAAAAP\/\/\/yH5BAEAAAAALAAAAAABAAEAAAIBRAA7\" data-src=\"https:\/\/eventiyoga.it\/blog\/wp-content\/uploads\/2019\/11\/YOGA-HEALS-THE-SOUL-Prodotti-Blog-1024x700.png\" alt=\"\" class=\"wp-image-17445\"\/><noscript><img decoding=\"async\" src=\"https:\/\/eventiyoga.it\/blog\/wp-content\/uploads\/2019\/11\/YOGA-HEALS-THE-SOUL-Prodotti-Blog-1024x700.png\" alt=\"\" class=\"wp-image-17445\"\/><\/noscript><\/a><\/figure>\n\n\n\n<div class=\"wp-block-button aligncenter\"><a class=\"wp-block-button__link has-background\" href=\"https:\/\/teespring.com\/stores\/yoga-lovers-tshirts\" style=\"background-color:#d82098\"><strong>Acquista T-shirt &#8220;YOGA HEALS THE SOUL&#8221;<\/strong><\/a><\/div>\n","protected":false},"excerpt":{"rendered":"<p>Dei benefici dello yoga ne parliamo spesso. Di come sia efficace contro il mal di schiena, contro l&#8217;insonnia e contro il mal di testa. Si tratta di una pratica \u201cglobale\u201d poich\u00e9 opera sia sul piano fisico, sia su quello mentale, sia su quello spirituale: si basa sul principio che le diverse dimensioni che formano l\u2019essere [&hellip;]<\/p>\n","protected":false},"author":363,"featured_media":16693,"comment_status":"open","ping_status":"open","sticky":false,"template":"","format":"standard","meta":{"_acf_changed":false,"_editorskit_title_hidden":false,"_editorskit_reading_time":6,"_editorskit_is_block_options_detached":false,"_editorskit_block_options_position":"{}","footnotes":""},"categories":[41],"tags":[38],"class_list":["post-16691","post","type-post","status-publish","format-standard","has-post-thumbnail","hentry","category-tips","tag-praticare-yoga"],"acf":[],"yoast_head":"<!-- This site is optimized with the Yoast SEO plugin v26.4 - https:\/\/yoast.com\/wordpress\/plugins\/seo\/ -->\n<title>Yoga terapeutico: come si fa e a cosa serve - Eventi Yoga<\/title>\n<meta name=\"description\" content=\"Yoga terapeutico: come si fa e a cosa serve. In questo articolo vengono illustrati le peculiarit\u00e0 dello yoga terapeutico e i suoi benefici.\" \/>\n<meta name=\"robots\" content=\"index, follow, max-snippet:-1, max-image-preview:large, max-video-preview:-1\" \/>\n<link rel=\"canonical\" href=\"https:\/\/eventiyoga.it\/blog\/yoga-terapeutico\/\" \/>\n<meta property=\"og:locale\" content=\"en_US\" \/>\n<meta property=\"og:type\" content=\"article\" \/>\n<meta property=\"og:title\" content=\"Yoga terapeutico: come si fa e a cosa serve - Eventi Yoga\" \/>\n<meta property=\"og:description\" content=\"Yoga terapeutico: come si fa e a cosa serve. In questo articolo vengono illustrati le peculiarit\u00e0 dello yoga terapeutico e i suoi benefici.\" \/>\n<meta property=\"og:url\" content=\"https:\/\/eventiyoga.it\/blog\/yoga-terapeutico\/\" \/>\n<meta property=\"og:site_name\" content=\"Eventi Yoga\" \/>\n<meta property=\"article:published_time\" content=\"2019-10-22T23:08:56+00:00\" \/>\n<meta property=\"article:modified_time\" content=\"2021-01-06T12:45:15+00:00\" \/>\n<meta property=\"og:image\" content=\"https:\/\/eventiyoga.it\/blog\/wp-content\/uploads\/2019\/10\/Yoga_terapeutico.jpg\" \/>\n\t<meta property=\"og:image:width\" content=\"810\" \/>\n\t<meta property=\"og:image:height\" content=\"450\" \/>\n\t<meta property=\"og:image:type\" content=\"image\/jpeg\" \/>\n<meta name=\"twitter:card\" content=\"summary_large_image\" \/>\n<meta name=\"twitter:label1\" content=\"Written by\" \/>\n\t<meta name=\"twitter:data1\" content=\"\" \/>\n\t<meta name=\"twitter:label2\" content=\"Est. reading time\" \/>\n\t<meta name=\"twitter:data2\" content=\"6 minutes\" \/>\n<script type=\"application\/ld+json\" class=\"yoast-schema-graph\">{\"@context\":\"https:\/\/schema.org\",\"@graph\":[{\"@type\":\"WebPage\",\"@id\":\"https:\/\/eventiyoga.it\/blog\/yoga-terapeutico\/\",\"url\":\"https:\/\/eventiyoga.it\/blog\/yoga-terapeutico\/\",\"name\":\"Yoga terapeutico: come si fa e a cosa serve - Eventi Yoga\",\"isPartOf\":{\"@id\":\"https:\/\/eventiyoga.it\/blog\/#website\"},\"primaryImageOfPage\":{\"@id\":\"https:\/\/eventiyoga.it\/blog\/yoga-terapeutico\/#primaryimage\"},\"image\":{\"@id\":\"https:\/\/eventiyoga.it\/blog\/yoga-terapeutico\/#primaryimage\"},\"thumbnailUrl\":\"https:\/\/eventiyoga.it\/blog\/wp-content\/uploads\/2019\/10\/Yoga_terapeutico.jpg\",\"datePublished\":\"2019-10-22T23:08:56+00:00\",\"dateModified\":\"2021-01-06T12:45:15+00:00\",\"author\":{\"@id\":\"\"},\"description\":\"Yoga terapeutico: come si fa e a cosa serve. In questo articolo vengono illustrati le peculiarit\u00e0 dello yoga terapeutico e i suoi benefici.\",\"breadcrumb\":{\"@id\":\"https:\/\/eventiyoga.it\/blog\/yoga-terapeutico\/#breadcrumb\"},\"inLanguage\":\"en-US\",\"potentialAction\":[{\"@type\":\"ReadAction\",\"target\":[\"https:\/\/eventiyoga.it\/blog\/yoga-terapeutico\/\"]}]},{\"@type\":\"ImageObject\",\"inLanguage\":\"en-US\",\"@id\":\"https:\/\/eventiyoga.it\/blog\/yoga-terapeutico\/#primaryimage\",\"url\":\"https:\/\/eventiyoga.it\/blog\/wp-content\/uploads\/2019\/10\/Yoga_terapeutico.jpg\",\"contentUrl\":\"https:\/\/eventiyoga.it\/blog\/wp-content\/uploads\/2019\/10\/Yoga_terapeutico.jpg\",\"width\":810,\"height\":450,\"caption\":\"yoga terapeutico\"},{\"@type\":\"BreadcrumbList\",\"@id\":\"https:\/\/eventiyoga.it\/blog\/yoga-terapeutico\/#breadcrumb\",\"itemListElement\":[{\"@type\":\"ListItem\",\"position\":1,\"name\":\"Home\",\"item\":\"https:\/\/eventiyoga.it\/blog\/\"},{\"@type\":\"ListItem\",\"position\":2,\"name\":\"Yoga terapeutico: come si fa e a cosa serve\"}]},{\"@type\":\"WebSite\",\"@id\":\"https:\/\/eventiyoga.it\/blog\/#website\",\"url\":\"https:\/\/eventiyoga.it\/blog\/\",\"name\":\"Eventi Yoga\",\"description\":\"Il portale Italiano per gli eventi dello yoga\",\"potentialAction\":[{\"@type\":\"SearchAction\",\"target\":{\"@type\":\"EntryPoint\",\"urlTemplate\":\"https:\/\/eventiyoga.it\/blog\/?s={search_term_string}\"},\"query-input\":{\"@type\":\"PropertyValueSpecification\",\"valueRequired\":true,\"valueName\":\"search_term_string\"}}],\"inLanguage\":\"en-US\"},{\"@type\":\"Person\",\"@id\":\"\",\"url\":\"https:\/\/eventiyoga.it\/blog\/author\/\"}]}<\/script>\n<!-- \/ Yoast SEO plugin. -->","yoast_head_json":{"title":"Yoga terapeutico: come si fa e a cosa serve - Eventi Yoga","description":"Yoga terapeutico: come si fa e a cosa serve. In questo articolo vengono illustrati le peculiarit\u00e0 dello yoga terapeutico e i suoi benefici.","robots":{"index":"index","follow":"follow","max-snippet":"max-snippet:-1","max-image-preview":"max-image-preview:large","max-video-preview":"max-video-preview:-1"},"canonical":"https:\/\/eventiyoga.it\/blog\/yoga-terapeutico\/","og_locale":"en_US","og_type":"article","og_title":"Yoga terapeutico: come si fa e a cosa serve - Eventi Yoga","og_description":"Yoga terapeutico: come si fa e a cosa serve. In questo articolo vengono illustrati le peculiarit\u00e0 dello yoga terapeutico e i suoi benefici.","og_url":"https:\/\/eventiyoga.it\/blog\/yoga-terapeutico\/","og_site_name":"Eventi Yoga","article_published_time":"2019-10-22T23:08:56+00:00","article_modified_time":"2021-01-06T12:45:15+00:00","og_image":[{"width":810,"height":450,"url":"https:\/\/eventiyoga.it\/blog\/wp-content\/uploads\/2019\/10\/Yoga_terapeutico.jpg","type":"image\/jpeg"}],"twitter_card":"summary_large_image","twitter_misc":{"Written by":"","Est. reading time":"6 minutes"},"schema":{"@context":"https:\/\/schema.org","@graph":[{"@type":"WebPage","@id":"https:\/\/eventiyoga.it\/blog\/yoga-terapeutico\/","url":"https:\/\/eventiyoga.it\/blog\/yoga-terapeutico\/","name":"Yoga terapeutico: come si fa e a cosa serve - Eventi Yoga","isPartOf":{"@id":"https:\/\/eventiyoga.it\/blog\/#website"},"primaryImageOfPage":{"@id":"https:\/\/eventiyoga.it\/blog\/yoga-terapeutico\/#primaryimage"},"image":{"@id":"https:\/\/eventiyoga.it\/blog\/yoga-terapeutico\/#primaryimage"},"thumbnailUrl":"https:\/\/eventiyoga.it\/blog\/wp-content\/uploads\/2019\/10\/Yoga_terapeutico.jpg","datePublished":"2019-10-22T23:08:56+00:00","dateModified":"2021-01-06T12:45:15+00:00","author":{"@id":""},"description":"Yoga terapeutico: come si fa e a cosa serve. In questo articolo vengono illustrati le peculiarit\u00e0 dello yoga terapeutico e i suoi benefici.","breadcrumb":{"@id":"https:\/\/eventiyoga.it\/blog\/yoga-terapeutico\/#breadcrumb"},"inLanguage":"en-US","potentialAction":[{"@type":"ReadAction","target":["https:\/\/eventiyoga.it\/blog\/yoga-terapeutico\/"]}]},{"@type":"ImageObject","inLanguage":"en-US","@id":"https:\/\/eventiyoga.it\/blog\/yoga-terapeutico\/#primaryimage","url":"https:\/\/eventiyoga.it\/blog\/wp-content\/uploads\/2019\/10\/Yoga_terapeutico.jpg","contentUrl":"https:\/\/eventiyoga.it\/blog\/wp-content\/uploads\/2019\/10\/Yoga_terapeutico.jpg","width":810,"height":450,"caption":"yoga terapeutico"},{"@type":"BreadcrumbList","@id":"https:\/\/eventiyoga.it\/blog\/yoga-terapeutico\/#breadcrumb","itemListElement":[{"@type":"ListItem","position":1,"name":"Home","item":"https:\/\/eventiyoga.it\/blog\/"},{"@type":"ListItem","position":2,"name":"Yoga terapeutico: come si fa e a cosa serve"}]},{"@type":"WebSite","@id":"https:\/\/eventiyoga.it\/blog\/#website","url":"https:\/\/eventiyoga.it\/blog\/","name":"Eventi Yoga","description":"Il portale Italiano per gli eventi dello yoga","potentialAction":[{"@type":"SearchAction","target":{"@type":"EntryPoint","urlTemplate":"https:\/\/eventiyoga.it\/blog\/?s={search_term_string}"},"query-input":{"@type":"PropertyValueSpecification","valueRequired":true,"valueName":"search_term_string"}}],"inLanguage":"en-US"},{"@type":"Person","@id":"","url":"https:\/\/eventiyoga.it\/blog\/author\/"}]}},"_links":{"self":[{"href":"https:\/\/eventiyoga.it\/blog\/wp-json\/wp\/v2\/posts\/16691","targetHints":{"allow":["GET"]}}],"collection":[{"href":"https:\/\/eventiyoga.it\/blog\/wp-json\/wp\/v2\/posts"}],"about":[{"href":"https:\/\/eventiyoga.it\/blog\/wp-json\/wp\/v2\/types\/post"}],"author":[{"embeddable":true,"href":"https:\/\/eventiyoga.it\/blog\/wp-json\/wp\/v2\/users\/363"}],"replies":[{"embeddable":true,"href":"https:\/\/eventiyoga.it\/blog\/wp-json\/wp\/v2\/comments?post=16691"}],"version-history":[{"count":0,"href":"https:\/\/eventiyoga.it\/blog\/wp-json\/wp\/v2\/posts\/16691\/revisions"}],"wp:featuredmedia":[{"embeddable":true,"href":"https:\/\/eventiyoga.it\/blog\/wp-json\/wp\/v2\/media\/16693"}],"wp:attachment":[{"href":"https:\/\/eventiyoga.it\/blog\/wp-json\/wp\/v2\/media?parent=16691"}],"wp:term":[{"taxonomy":"category","embeddable":true,"href":"https:\/\/eventiyoga.it\/blog\/wp-json\/wp\/v2\/categories?post=16691"},{"taxonomy":"post_tag","embeddable":true,"href":"https:\/\/eventiyoga.it\/blog\/wp-json\/wp\/v2\/tags?post=16691"}],"curies":[{"name":"wp","href":"https:\/\/api.w.org\/{rel}","templated":true}]}}