{"id":18955,"date":"2020-02-09T01:45:40","date_gmt":"2020-02-09T00:45:40","guid":{"rendered":"https:\/\/eventiyoga.it\/blog\/?p=18955"},"modified":"2025-12-11T05:09:45","modified_gmt":"2025-12-11T04:09:45","slug":"yoga-firenze","status":"publish","type":"post","link":"https:\/\/eventiyoga.it\/blog\/yoga-firenze\/","title":{"rendered":"Yoga Firenze | Guida ai migliori centri e corsi yoga a Firenze"},"content":{"rendered":"\n<p>Sei uno yogi e stai cercando <strong>corsi yoga a Firenze<\/strong>? Oppure sei un insegnante di yoga e vuoi presentarti a un centro yoga fiorentino per proporre la tua professionalit\u00e0? O ancora sei titolare di  un centro yoga in un\u2019altra citt\u00e0 italiana e vuoi conoscere da vicino le  attivit\u00e0 dei tuoi \u201ccolleghi\u201d fiorentini?<\/p>\n\n\n\n<p>Qualunque sia il motivo per cui tu stia cercando un centro yoga o corsi yoga a Firenze, questo articolo pu\u00f2 esserti d\u2019aiuto. In sostanza, parliamo di <strong>centri Yoga Firenze e migliori corsi di yoga<\/strong>, una breve panoramica per farti trovare, in pochi click, i principali corsi yoga nel capoluogo toscano.<\/p>\n\n\n\n<p>Insomma, facciamo insieme un giro a Firenze, un tour particolare le cui tappe sono appunto i centri yoga. Prendiamoci a braccetto, e via, buon viaggio!<\/p>\n\n\n\n<hr class=\"wp-block-separator has-text-color has-white-color has-alpha-channel-opacity has-white-background-color has-background\"\/>\n\n\n\n<div id=\"ez-toc-container\" class=\"ez-toc-v2_0_68_1 counter-hierarchy ez-toc-counter ez-toc-grey ez-toc-container-direction\">\n<div class=\"ez-toc-title-container\">\n<p class=\"ez-toc-title \" >Indice<\/p>\n<span class=\"ez-toc-title-toggle\"><a href=\"#\" class=\"ez-toc-pull-right ez-toc-btn ez-toc-btn-xs ez-toc-btn-default ez-toc-toggle\" aria-label=\"Toggle Table of Content\"><span class=\"ez-toc-js-icon-con\"><span class=\"\"><span class=\"eztoc-hide\" style=\"display:none;\">Toggle<\/span><span class=\"ez-toc-icon-toggle-span\"><svg style=\"fill: #999;color:#999\" xmlns=\"http:\/\/www.w3.org\/2000\/svg\" class=\"list-377408\" width=\"20px\" height=\"20px\" viewBox=\"0 0 24 24\" fill=\"none\"><path d=\"M6 6H4v2h2V6zm14 0H8v2h12V6zM4 11h2v2H4v-2zm16 0H8v2h12v-2zM4 16h2v2H4v-2zm16 0H8v2h12v-2z\" fill=\"currentColor\"><\/path><\/svg><svg style=\"fill: #999;color:#999\" class=\"arrow-unsorted-368013\" xmlns=\"http:\/\/www.w3.org\/2000\/svg\" width=\"10px\" height=\"10px\" viewBox=\"0 0 24 24\" version=\"1.2\" baseProfile=\"tiny\"><path d=\"M18.2 9.3l-6.2-6.3-6.2 6.3c-.2.2-.3.4-.3.7s.1.5.3.7c.2.2.4.3.7.3h11c.3 0 .5-.1.7-.3.2-.2.3-.5.3-.7s-.1-.5-.3-.7zM5.8 14.7l6.2 6.3 6.2-6.3c.2-.2.3-.5.3-.7s-.1-.5-.3-.7c-.2-.2-.4-.3-.7-.3h-11c-.3 0-.5.1-.7.3-.2.2-.3.5-.3.7s.1.5.3.7z\"\/><\/svg><\/span><\/span><\/span><\/a><\/span><\/div>\n<nav><ul class='ez-toc-list ez-toc-list-level-1 ' ><li class='ez-toc-page-1 ez-toc-heading-level-2'><a class=\"ez-toc-link ez-toc-heading-1\" href=\"https:\/\/eventiyoga.it\/blog\/yoga-firenze\/#I_criteri_utilizzati_per_la_scelta_dei_corsi_yoga_a_Firenze\" title=\"I criteri utilizzati per la scelta dei corsi yoga a Firenze\">I criteri utilizzati per la scelta dei corsi yoga a Firenze<\/a><\/li><li class='ez-toc-page-1 ez-toc-heading-level-2'><a class=\"ez-toc-link ez-toc-heading-2\" href=\"https:\/\/eventiyoga.it\/blog\/yoga-firenze\/#La_nostra_selezione_dei_migliori_centri_di_yoga_a_Firenze\" title=\"La nostra selezione dei migliori centri di yoga a Firenze\">La nostra selezione dei migliori centri di yoga a Firenze<\/a><\/li><li class='ez-toc-page-1 ez-toc-heading-level-2'><a class=\"ez-toc-link ez-toc-heading-3\" href=\"https:\/\/eventiyoga.it\/blog\/yoga-firenze\/#Eventi_Yoga_in_programma_in_Toscana\" title=\"Eventi Yoga in programma in Toscana\">Eventi Yoga in programma in Toscana<\/a><\/li><li class='ez-toc-page-1 ez-toc-heading-level-2'><a class=\"ez-toc-link ez-toc-heading-4\" href=\"https:\/\/eventiyoga.it\/blog\/yoga-firenze\/#Scarica_lAPP_Eventi_Yoga\" title=\"Scarica l&#8217;APP Eventi Yoga\">Scarica l&#8217;APP Eventi Yoga<\/a><\/li><li class='ez-toc-page-1 ez-toc-heading-level-2'><a class=\"ez-toc-link ez-toc-heading-5\" href=\"https:\/\/eventiyoga.it\/blog\/yoga-firenze\/#Non_solo_corsi_yoga_a_Firenze_ecco_cosa_possiamo_fare_per_te\" title=\"Non solo corsi yoga a Firenze: ecco cosa possiamo fare per te\">Non solo corsi yoga a Firenze: ecco cosa possiamo fare per te<\/a><\/li><li class='ez-toc-page-1 ez-toc-heading-level-2'><a class=\"ez-toc-link ez-toc-heading-6\" href=\"https:\/\/eventiyoga.it\/blog\/yoga-firenze\/#Altre_risorse_interessanti_per_te\" title=\"Altre risorse interessanti per te\">Altre risorse interessanti per te<\/a><\/li><li class='ez-toc-page-1 ez-toc-heading-level-2'><a class=\"ez-toc-link ez-toc-heading-7\" href=\"https:\/\/eventiyoga.it\/blog\/yoga-firenze\/#Iscriviti_alla_newsletter\" title=\"Iscriviti alla newsletter\">Iscriviti alla newsletter<\/a><\/li><\/ul><\/nav><\/div>\n<h2 class=\"wp-block-heading\" id=\"h-i-criteri-utilizzati-per-la-scelta-dei-corsi-yoga-a-firenze\"><span class=\"ez-toc-section\" id=\"I_criteri_utilizzati_per_la_scelta_dei_corsi_yoga_a_Firenze\"><\/span>I criteri utilizzati per la scelta dei corsi yoga a Firenze<span class=\"ez-toc-section-end\"><\/span><\/h2>\n\n\n\n<p>L\u2019elenco qui sotto riportato non vuole essere esaustivo dei migliori centri yoga fiorentini. Praticamente \u00e8 la scelta di <strong>EventiYoga<\/strong>, realizzata in base a determinati parametri. E prima di iniziare il nostro tour tra i principali <strong>corsi yoga a Firenze<\/strong>,  ci teniamo a spiegarti i criteri con cui la scelta \u00e8 stata effettuata.  Ci sembra corretto nei confronti del lettore adottare la massima  trasparenza. Eccoli:<\/p>\n\n\n\n<ul class=\"wp-block-list\">\n<li>competenza ed esperienza degli insegnanti;<\/li>\n\n\n\n<li>ubicazione del centro (facilmente raggiungibile coi mezzi pubblici);<\/li>\n\n\n\n<li>cura dello spazio;<\/li>\n\n\n\n<li>offerta formativa (gamma dei corsi offerti);<\/li>\n\n\n\n<li>orari delle lezioni;<\/li>\n\n\n\n<li>eventi  organizzati oltre ai corsi (vacanze yoga, seminari, proposte che  abbinano lo yoga ad altro, workshop su temi vicini allo yoga);<\/li>\n\n\n\n<li>esaustivit\u00e0 e completezza del sito web e dei social;<\/li>\n\n\n\n<li>referenze recuperabili online.<\/li>\n<\/ul>\n\n\n\n<p>Dunque, eccoci pronti per iniziare il nostro tour.<\/p>\n\n\n\n<hr class=\"wp-block-separator has-text-color has-white-color has-alpha-channel-opacity has-white-background-color has-background\"\/>\n\n\n\n<figure class=\"wp-block-image size-full\"><a href=\"https:\/\/eventiyoga.it\/blog\/wp-content\/uploads\/2020\/02\/yoga-a-firenze.jpg\"><img decoding=\"async\" src=\"data:image\/gif;base64,R0lGODlhAQABAIAAAAAAAP\/\/\/yH5BAEAAAAALAAAAAABAAEAAAIBRAA7\" data-src=\"https:\/\/eventiyoga.it\/blog\/wp-content\/uploads\/2020\/02\/yoga-a-firenze.jpg\" alt=\"yoga-a-firenze\" class=\"wp-image-66241\"\/><noscript><img decoding=\"async\" src=\"https:\/\/eventiyoga.it\/blog\/wp-content\/uploads\/2020\/02\/yoga-a-firenze.jpg\" alt=\"yoga-a-firenze\" class=\"wp-image-66241\"\/><\/noscript><\/a><\/figure>\n\n\n\n<hr class=\"wp-block-separator has-text-color has-white-color has-alpha-channel-opacity has-white-background-color has-background\"\/>\n\n\n\n<h2 class=\"wp-block-heading\" id=\"h-la-nostra-selezione-dei-corsi-yoga-a-firenze-da-non-perdere-assolutamente\"><span class=\"ez-toc-section\" id=\"La_nostra_selezione_dei_migliori_centri_di_yoga_a_Firenze\"><\/span>La nostra selezione dei migliori centri di yoga a Firenze<span class=\"ez-toc-section-end\"><\/span><\/h2>\n\n\n\n<p>Qui di seguito il focus del nostro articolo: <strong>i principali corsi yoga a Firenze<\/strong>.<\/p>\n\n\n\n<h3 class=\"wp-block-heading\" id=\"h-olistic-network\">Olistic Network <\/h3>\n\n\n\n<p>Associazione di promozione sociale che propone corsi di <strong>Ashtanga Vinyasa, Hatha yoga, Yin yoga, Anukalana, Kundalini, yoga bimbi<\/strong>. <\/p>\n\n\n\n<p><a href=\"https:\/\/eventiyoga.it\/centri\/olistic-network\/\" target=\"_blank\" rel=\"noreferrer noopener\">Olistic Network<\/a>, situato a Firenze Sud, \u00e8 un centro di formazione che opera in tutta Italia e all\u2019estero. L&#8217;insegnante <a href=\"https:\/\/eventiyoga.it\/insegnante\/insegnante-yoga-firenze-16048\/\" target=\"_blank\" rel=\"noreferrer noopener\">Vanessa Fabbrilei<\/a>, insegna anche presso Upaya Yoga, a Rishikesh e Goa, in India.<\/p>\n\n\n\n<hr class=\"wp-block-separator has-text-color has-white-color has-alpha-channel-opacity has-white-background-color has-background\"\/>\n\n\n\n<figure class=\"wp-block-image size-full\"><a href=\"https:\/\/eventiyoga.it\/blog\/wp-content\/uploads\/2020\/02\/olistic-network-centro-yoga-a-firenze.jpg\"><img decoding=\"async\" src=\"data:image\/gif;base64,R0lGODlhAQABAIAAAAAAAP\/\/\/yH5BAEAAAAALAAAAAABAAEAAAIBRAA7\" data-src=\"https:\/\/eventiyoga.it\/blog\/wp-content\/uploads\/2020\/02\/olistic-network-centro-yoga-a-firenze.jpg\" alt=\"olistic-network-centro-yoga-a-firenze\" class=\"wp-image-66242\"\/><noscript><img decoding=\"async\" src=\"https:\/\/eventiyoga.it\/blog\/wp-content\/uploads\/2020\/02\/olistic-network-centro-yoga-a-firenze.jpg\" alt=\"olistic-network-centro-yoga-a-firenze\" class=\"wp-image-66242\"\/><\/noscript><\/a><\/figure>\n\n\n\n<hr class=\"wp-block-separator has-text-color has-white-color has-alpha-channel-opacity has-white-background-color has-background\"\/>\n\n\n\n<h3 class=\"wp-block-heading\" id=\"h-yoga-garage\">Yoga Garage<\/h3>\n\n\n\n<p>Uno spazio nel cuore di Firenze dove <strong>si pu\u00f2 praticare godendo della vista sulla cupola di San Lorenzo<\/strong>, attraverso il soffitto di vetro. <\/p>\n\n\n\n<p>Oltre ai corsi di diversi stili yoga per praticanti, Yoga Garage, scuola di yoga della rete <a href=\"https:\/\/eventiyoga.it\/blog\/yoga-alliance-cosa-e\/\" target=\"_blank\" rel=\"noreferrer noopener\">Yoga Alliance<\/a>, organizza anche corsi di formazione per insegnanti. Oltre a ritiri yoga nel meraviglioso Chianti fiorentino.<\/p>\n\n\n\n<hr class=\"wp-block-separator has-text-color has-white-color has-alpha-channel-opacity has-white-background-color has-background\"\/>\n\n\n\n<h3 class=\"wp-block-heading\" id=\"h-popyoga-firenze\">Popyoga Firenze<\/h3>\n\n\n\n<p>La filosofia del centro <a href=\"https:\/\/eventiyoga.it\/centri\/popyoga-firenze\/\" target=\"_blank\" rel=\"noreferrer noopener\">Popyoga Firenze<\/a> \u00e8 quella di proporre yoga popolare, accessibile a tutti. Ad animarlo, un gruppo di giovani istruttori con formazioni diverse.<\/p>\n\n\n\n<p>Tra i corsi: <strong>hatha yoga, pilates, ginnastica posturale, energy flow, yoga in gravidanza e teatro in movimento<\/strong>. Il centro propone anche massaggio thai yoga, shiatsu e trattamento di yoga ayurveda con fiamma. <\/p>\n\n\n\n<hr class=\"wp-block-separator has-text-color has-white-color has-alpha-channel-opacity has-white-background-color has-background\"\/>\n\n\n\n<figure class=\"wp-block-image size-full\"><a href=\"https:\/\/eventiyoga.it\/blog\/wp-content\/uploads\/2020\/02\/popyoga-centro-yoga-a-firenze.jpg\"><img decoding=\"async\" src=\"data:image\/gif;base64,R0lGODlhAQABAIAAAAAAAP\/\/\/yH5BAEAAAAALAAAAAABAAEAAAIBRAA7\" data-src=\"https:\/\/eventiyoga.it\/blog\/wp-content\/uploads\/2020\/02\/popyoga-centro-yoga-a-firenze.jpg\" alt=\"popyoga-centro-yoga-a-firenze\" class=\"wp-image-66243\"\/><noscript><img decoding=\"async\" src=\"https:\/\/eventiyoga.it\/blog\/wp-content\/uploads\/2020\/02\/popyoga-centro-yoga-a-firenze.jpg\" alt=\"popyoga-centro-yoga-a-firenze\" class=\"wp-image-66243\"\/><\/noscript><\/a><\/figure>\n\n\n\n<hr class=\"wp-block-separator has-text-color has-white-color has-alpha-channel-opacity has-white-background-color has-background\"\/>\n\n\n\n<h3 class=\"wp-block-heading\" id=\"h-it-s-yoga-firenze\">Druma Yoga <\/h3>\n\n\n\n<p><a href=\"https:\/\/eventiyoga.it\/centri\/centro-yoga-firenze-66244\/\" target=\"_blank\" rel=\"noreferrer noopener\">Druma Yoga<\/a> \u00e8 un centro accogliente nel cuore di Firenze, dedicato a chi desidera ritrovare equilibrio e serenit\u00e0 attraverso lo yoga. Qui, la pratica dell\u2019<a href=\"https:\/\/eventiyoga.it\/blog\/hatha-yoga-caratteristiche-informazioni\/\" target=\"_blank\" rel=\"noreferrer noopener\">Hatha Yoga<\/a> si intreccia con momenti di meditazione e approfondimenti sulla filosofia indiana, offrendo un\u2019esperienza completa per il corpo e la mente.<\/p>\n\n\n\n<p>Le lezioni sono pensate per accogliere praticanti di ogni livello, in un ambiente caloroso e senza giudizi, dove l\u2019attenzione all\u2019ascolto di s\u00e9 \u00e8 al centro di ogni incontro. La professionalit\u00e0 degli insegnanti e l\u2019atmosfera familiare rendono Druma Yoga un punto di riferimento per chi cerca benessere, consapevolezza e una connessione autentica con se stesso.<\/p>\n\n\n\n<hr class=\"wp-block-separator has-text-color has-white-color has-alpha-channel-opacity has-white-background-color has-background\"\/>\n\n\n\n<figure class=\"wp-block-image size-full\"><a href=\"https:\/\/eventiyoga.it\/blog\/wp-content\/uploads\/2020\/02\/druma-yoga-a-firenze.jpg\"><img decoding=\"async\" src=\"data:image\/gif;base64,R0lGODlhAQABAIAAAAAAAP\/\/\/yH5BAEAAAAALAAAAAABAAEAAAIBRAA7\" data-src=\"https:\/\/eventiyoga.it\/blog\/wp-content\/uploads\/2020\/02\/druma-yoga-a-firenze.jpg\" alt=\"druma-yoga-a-firenze\" class=\"wp-image-66244\"\/><noscript><img decoding=\"async\" src=\"https:\/\/eventiyoga.it\/blog\/wp-content\/uploads\/2020\/02\/druma-yoga-a-firenze.jpg\" alt=\"druma-yoga-a-firenze\" class=\"wp-image-66244\"\/><\/noscript><\/a><\/figure>\n\n\n\n<hr class=\"wp-block-separator has-text-color has-white-color has-alpha-channel-opacity has-white-background-color has-background\"\/>\n\n\n\n<h3 class=\"wp-block-heading\" id=\"h-samadhi\">Samadhi<\/h3>\n\n\n\n<p>Uno spazio ampio, luminoso, ben areato e con sale ben attrezzate. Un luogo dove<strong> la tradizione si integra con l&#8217;innovazione<\/strong>, per offrire la possibilit\u00e0 di praticare yoga e meditazione attraverso vari stili e metodi.  <\/p>\n\n\n\n<p>Dallo <strong>Yoga tradizionale e integrale<\/strong> al moderno <strong>Vinyasa<\/strong>, dallo <strong>Yoga del cambiamento<\/strong> attraverso l&#8217;uso di sostegni e supporti allo <strong>Yoga acrobatico<\/strong>, dall&#8217;approccio fluido e integrato di <a href=\"https:\/\/eventiyoga.it\/blog\/anukalana-yoga\/\" target=\"_blank\" rel=\"noreferrer noopener\">Anukalana<\/a> alla cura degli allineamenti dell&#8217;<strong>Hatha Yoga<\/strong>.<\/p>\n\n\n\n<hr class=\"wp-block-separator has-text-color has-white-color has-alpha-channel-opacity has-white-background-color has-background\"\/>\n\n\n\n<figure class=\"wp-block-image size-full\"><a href=\"https:\/\/eventiyoga.it\/blog\/wp-content\/uploads\/2020\/02\/samadhi-yoga-a-firenze.jpg\"><img decoding=\"async\" src=\"data:image\/gif;base64,R0lGODlhAQABAIAAAAAAAP\/\/\/yH5BAEAAAAALAAAAAABAAEAAAIBRAA7\" data-src=\"https:\/\/eventiyoga.it\/blog\/wp-content\/uploads\/2020\/02\/samadhi-yoga-a-firenze.jpg\" alt=\"samadhi-yoga-a-firenze\" class=\"wp-image-66245\"\/><noscript><img decoding=\"async\" src=\"https:\/\/eventiyoga.it\/blog\/wp-content\/uploads\/2020\/02\/samadhi-yoga-a-firenze.jpg\" alt=\"samadhi-yoga-a-firenze\" class=\"wp-image-66245\"\/><\/noscript><\/a><\/figure>\n\n\n\n<hr class=\"wp-block-separator has-text-color has-white-color has-alpha-channel-opacity has-white-background-color has-background\"\/>\n\n\n\n<h3 class=\"wp-block-heading\" id=\"h-centro-yoga-atman\">Centro Yoga Atman  <\/h3>\n\n\n\n<p>Fa parte delle <strong>Federazione internazionale di Yoga e Meditazione Atman<\/strong>, presente in circa 15 Paesi nel mondo. Il metodo di insegnamento segue le indicazioni dei testi tradizionali. <\/p>\n\n\n\n<p>Tra i corsi: <strong>yoga integrale esoterico<\/strong>, corso approfondito che affronta i vari rami dello yoga; <strong>Hatha Yoga<\/strong>, corso di sola pratica di posture; <a href=\"https:\/\/eventiyoga.it\/blog\/yoga-in-gravidanza-come-quando-e-perche\/\" target=\"_blank\" rel=\"noreferrer noopener\">yoga in gravidanza<\/a>, durante il quale si lavora con gli asana per mantenere il corpo elastico, sviluppare uno stato di consapevolezza e serenit\u00e0 interiore, apprendere la respirazione completa e divenire attente alla muscolatura del perineo.<\/p>\n\n\n\n<p>Periodicamente si organizzano anche incontri di <strong>meditazione,&nbsp;seminari a tema, cene condivise, raduni spirituali<\/strong> locali e internazionali.<\/p>\n\n\n\n<hr class=\"wp-block-separator has-text-color has-white-color has-alpha-channel-opacity has-white-background-color has-background\"\/>\n\n\n\n<figure class=\"wp-block-image size-full\"><a href=\"https:\/\/eventiyoga.it\/blog\/wp-content\/uploads\/2020\/02\/centro-yoga-atman-a-firenze.jpg\"><img decoding=\"async\" src=\"data:image\/gif;base64,R0lGODlhAQABAIAAAAAAAP\/\/\/yH5BAEAAAAALAAAAAABAAEAAAIBRAA7\" data-src=\"https:\/\/eventiyoga.it\/blog\/wp-content\/uploads\/2020\/02\/centro-yoga-atman-a-firenze.jpg\" alt=\"centro-yoga-atman-a-firenze\" class=\"wp-image-66246\"\/><noscript><img decoding=\"async\" src=\"https:\/\/eventiyoga.it\/blog\/wp-content\/uploads\/2020\/02\/centro-yoga-atman-a-firenze.jpg\" alt=\"centro-yoga-atman-a-firenze\" class=\"wp-image-66246\"\/><\/noscript><\/a><\/figure>\n\n\n\n<hr class=\"wp-block-separator has-text-color has-white-color has-alpha-channel-opacity has-white-background-color has-background\"\/>\n\n\n\n<h3 class=\"wp-block-heading\" id=\"h-istituto-yoga-moksha\">Istituto Yoga Moksha<\/h3>\n\n\n\n<p>Associazione e scuola di yoga <strong>fondata negli anni &#8217;70<\/strong> che vanta un&#8217;ampia e accogliente sala, silenziosa e affacciata su un giardino. <\/p>\n\n\n\n<p>Tra i corsi: <strong>Hatha Yoga<\/strong>, <strong>Feldenkrais<\/strong>, <a href=\"https:\/\/eventiyoga.it\/blog\/yoga-pilates-differenze-come-scegliere\/\" target=\"_blank\" rel=\"noreferrer noopener\">Pilates<\/a> &amp; Posturale, Tai Chi Chuan e Qi Gong e <strong>Pre-Parto. Nel 2019<\/strong> il centro, insieme al Comune di Firenze, nell&#8217;ambito degli eventi della rassegna EstateFiorentina, ha organizzato <strong>gratuitamente per tutta la popolazione un corso di Hatha Yoga in un parco in pieno centro<\/strong>.<\/p>\n\n\n\n<hr class=\"wp-block-separator has-text-color has-white-color has-alpha-channel-opacity has-white-background-color has-background\"\/>\n\n\n\n<h3 class=\"wp-block-heading\" id=\"h-scuola-iyengar-yoga-firenze\">Istituto Iyengar Yoga Firenze <\/h3>\n\n\n\n<p>Tra le <strong>prime scuole di yoga a Firenze<\/strong>, con i suoi insegnanti certificati, offre <strong>corsi di Iyengar Yoga di vari livelli<\/strong>, con attenzione ai limiti e alle esigenze degli allievi. Numerosi anche i seminari proposti, ben focalizzati su aspetti specifici. <\/p>\n\n\n\n<p>L&#8217;Istituto Iyengar Yoga Firenze, fondato nel 1998 da Gabriella Giubilaro. La scuola propone anche seminari e workshop per approfondire la pratica, promuovendo un approccio preciso e allineato alle posture (asana) e al controllo del respiro (pranayama).<\/p>\n\n\n\n<p>L&#8217;ambiente accogliente e professionale rende l&#8217;Istituto un punto di riferimento per chi desidera intraprendere o approfondire il percorso dello yoga a Firenze.<\/p>\n\n\n\n<hr class=\"wp-block-separator has-text-color has-white-color has-alpha-channel-opacity has-white-background-color has-background\"\/>\n\n\n\n<figure class=\"wp-block-image size-full\"><a href=\"https:\/\/eventiyoga.it\/blog\/wp-content\/uploads\/2020\/02\/istituto-iyengar-yoga-a-firenze.jpg\"><img decoding=\"async\" src=\"data:image\/gif;base64,R0lGODlhAQABAIAAAAAAAP\/\/\/yH5BAEAAAAALAAAAAABAAEAAAIBRAA7\" data-src=\"https:\/\/eventiyoga.it\/blog\/wp-content\/uploads\/2020\/02\/istituto-iyengar-yoga-a-firenze.jpg\" alt=\"istituto-iyengar-yoga-a-firenze\" class=\"wp-image-66247\"\/><noscript><img decoding=\"async\" src=\"https:\/\/eventiyoga.it\/blog\/wp-content\/uploads\/2020\/02\/istituto-iyengar-yoga-a-firenze.jpg\" alt=\"istituto-iyengar-yoga-a-firenze\" class=\"wp-image-66247\"\/><\/noscript><\/a><\/figure>\n\n\n\n<hr class=\"wp-block-separator has-text-color has-white-color has-alpha-channel-opacity has-white-background-color has-background\"\/>\n\n\n\n<p><\/p>\n\n\n\n<div class=\"wp-block-media-text alignwide is-stacked-on-mobile\"><figure class=\"wp-block-media-text__media\"><a href=\"https:\/\/eventiyoga.it\/blog\/yoga-vicino-a-me\/\"><img decoding=\"async\" src=\"data:image\/gif;base64,R0lGODlhAQABAIAAAAAAAP\/\/\/yH5BAEAAAAALAAAAAABAAEAAAIBRAA7\" data-src=\"https:\/\/eventiyoga.it\/blog\/wp-content\/uploads\/2022\/01\/Yoga_vicino_a_me_corsi_yoga_nelle_vicinanze.jpg\" alt=\"yoga vicino a me\" class=\"wp-image-39179 size-full\"\/><noscript><img loading=\"lazy\" decoding=\"async\" width=\"1024\" height=\"768\" src=\"https:\/\/eventiyoga.it\/blog\/wp-content\/uploads\/2022\/01\/Yoga_vicino_a_me_corsi_yoga_nelle_vicinanze.jpg\" alt=\"yoga vicino a me\" class=\"wp-image-39179 size-full\" srcset=\"https:\/\/eventiyoga.it\/blog\/wp-content\/uploads\/2022\/01\/Yoga_vicino_a_me_corsi_yoga_nelle_vicinanze.jpg 1024w, https:\/\/eventiyoga.it\/blog\/wp-content\/uploads\/2022\/01\/Yoga_vicino_a_me_corsi_yoga_nelle_vicinanze-300x225.jpg 300w, https:\/\/eventiyoga.it\/blog\/wp-content\/uploads\/2022\/01\/Yoga_vicino_a_me_corsi_yoga_nelle_vicinanze-768x576.jpg 768w, https:\/\/eventiyoga.it\/blog\/wp-content\/uploads\/2022\/01\/Yoga_vicino_a_me_corsi_yoga_nelle_vicinanze-200x150.jpg 200w, https:\/\/eventiyoga.it\/blog\/wp-content\/uploads\/2022\/01\/Yoga_vicino_a_me_corsi_yoga_nelle_vicinanze-600x450.jpg 600w\" sizes=\"auto, (max-width: 1024px) 100vw, 1024px\" \/><\/noscript><\/a><\/figure><div class=\"wp-block-media-text__content\">\n<p class=\"has-large-font-size\"><a href=\"https:\/\/eventiyoga.it\/blog\/yoga-vicino-a-me\/\" class=\"ek-link\">Yoga vicino a me:<br>cerca facilmente<\/a><\/p>\n<\/div><\/div>\n\n\n\n<hr class=\"wp-block-separator has-text-color has-white-color has-alpha-channel-opacity has-white-background-color has-background\"\/>\n\n\n\n<h2 class=\"wp-block-heading\" id=\"h-eventi-yoga-in-programma-in-toscana\"><span class=\"ez-toc-section\" id=\"Eventi_Yoga_in_programma_in_Toscana\"><\/span>Eventi Yoga in programma in Toscana<span class=\"ez-toc-section-end\"><\/span><\/h2>\n\n\n        <div class=\"yoga-events-container\">\n            <div class=\"yoga-events-list\">\n                                                        <div class=\"yoga-event-item\">\n                        <span class=\"event-day\">01 Maggio<\/span>\n                        <span class = \"yoga-location-text\">Livorno<\/span>\n                        <a href=\"https:\/\/eventiyoga.it\/eventi-yoga\/ritiro_mindfulness_energy_awarenss_la_marea_interna-6991\" class=\"yoga-event-link \">Ritiro Mindfulness &amp; Energy Awarenss | La Marea Interna <\/a>\n                    <\/div>\n                                                        <div class=\"yoga-event-item\">\n                        <span class=\"event-day\">01 Maggio<\/span>\n                        <span class = \"yoga-location-text\">Arezzo<\/span>\n                        <a href=\"https:\/\/eventiyoga.it\/eventi-yoga\/ritiro_yoga_essenza_foreste_casentinesi-6911\" class=\"yoga-event-link \">Ritiro Yoga ESSENZA - Foreste Casentinesi<\/a>\n                    <\/div>\n                                                        <div class=\"yoga-event-item\">\n                        <span class=\"event-day\">01 Maggio<\/span>\n                        <span class = \"yoga-location-text\">Grosseto<\/span>\n                        <a href=\"https:\/\/eventiyoga.it\/eventi-yoga\/magica_toscana_la_tua_oasi_di_yoga_e_relax-6743\" class=\"yoga-event-link \">Magica Toscana: La Tua Oasi di Yoga e Relax<\/a>\n                    <\/div>\n                                                        <div class=\"yoga-event-item\">\n                        <span class=\"event-day\">01 Maggio<\/span>\n                        <span class = \"yoga-location-text\">Massa Carrara<\/span>\n                        <a href=\"https:\/\/eventiyoga.it\/eventi-yoga\/sulle_tracce_di_patan_jali_1_3_maggio_2026-7013\" class=\"yoga-event-link \">Sulle tracce di Patan\u0303jali | 1 - 3 maggio 2026<\/a>\n                    <\/div>\n                                                        <div class=\"yoga-event-item\">\n                        <span class=\"event-day\">01 Maggio<\/span>\n                        <span class = \"yoga-location-text\">Pisa<\/span>\n                        <a href=\"https:\/\/eventiyoga.it\/eventi-yoga\/la_danza_della_guerriera_kalaripayattu-7216\" class=\"yoga-event-link \">La Danza della Guerriera_Kalaripayattu<\/a>\n                    <\/div>\n                                                        <div class=\"yoga-event-item\">\n                        <span class=\"event-day\">01 Maggio<\/span>\n                        <span class = \"yoga-location-text\">Firenze<\/span>\n                        <a href=\"https:\/\/eventiyoga.it\/eventi-yoga\/1_maggio_di_ghiaccio_seminario_di_yoga_del_freddo_metodo_wim_hof_in_natura-7120\" class=\"yoga-event-link \">1\u00b0 Maggio di Ghiaccio | Seminario di Yoga del Freddo &amp; Metodo Wim Hof in Natura<\/a>\n                    <\/div>\n                                                        <div class=\"yoga-event-item\">\n                        <span class=\"event-day\">01 Maggio<\/span>\n                        <span class = \"yoga-location-text\">Livorno<\/span>\n                        <a href=\"https:\/\/eventiyoga.it\/eventi-yoga\/corso_di_cucina_ayurveda_e_alimentazione_consapevole-7313\" class=\"yoga-event-link \">Corso di cucina Ayurveda e Alimentazione Consapevole<\/a>\n                    <\/div>\n                                                        <div class=\"yoga-event-item\">\n                        <span class=\"event-day\">01 Maggio<\/span>\n                        <span class = \"yoga-location-text\">Massa Carrara<\/span>\n                        <a href=\"https:\/\/eventiyoga.it\/eventi-yoga\/yoga_ed_erboristeria_dei_quattro_elementi-6387\" class=\"yoga-event-link \">Yoga ed erboristeria dei Quattro Elementi<\/a>\n                    <\/div>\n                                                        <div class=\"yoga-event-item\">\n                        <span class=\"event-day\">08 Maggio<\/span>\n                        <span class = \"yoga-location-text\">Grosseto<\/span>\n                        <a href=\"https:\/\/eventiyoga.it\/eventi-yoga\/vacanza_yoga_e_mare_in_toscana-6744\" class=\"yoga-event-link promoted\">Vacanza Yoga e Mare in Toscana<\/a>\n                    <\/div>\n                                                        <div class=\"yoga-event-item\">\n                        <span class=\"event-day\">08 Maggio<\/span>\n                        <span class = \"yoga-location-text\">Pisa<\/span>\n                        <a href=\"https:\/\/eventiyoga.it\/eventi-yoga\/festa_della_mamma_a_pomaia-7116\" class=\"yoga-event-link \">Festa della mamma a Pomaia<\/a>\n                    <\/div>\n                                                        <div class=\"yoga-event-item\">\n                        <span class=\"event-day\">08 Maggio<\/span>\n                        <span class = \"yoga-location-text\">Grosseto<\/span>\n                        <a href=\"https:\/\/eventiyoga.it\/eventi-yoga\/yoga_legge_di_attrazione_08_10_maggio_in_toscana-6614\" class=\"yoga-event-link \">YOGA &amp; LEGGE di ATTRAZIONE 08-10 maggio in Toscana<\/a>\n                    <\/div>\n                                                        <div class=\"yoga-event-item\">\n                        <span class=\"event-day\">15 Maggio<\/span>\n                        <span class = \"yoga-location-text\">Livorno<\/span>\n                        <a href=\"https:\/\/eventiyoga.it\/eventi-yoga\/yoga_e_barca_a_vela-6988\" class=\"yoga-event-link \">Yoga e Barca a vela<\/a>\n                    <\/div>\n                                                        <div class=\"yoga-event-item\">\n                        <span class=\"event-day\">15 Maggio<\/span>\n                        <span class = \"yoga-location-text\">Livorno<\/span>\n                        <a href=\"https:\/\/eventiyoga.it\/eventi-yoga\/yoga_e_trekking_a_capraia-7044\" class=\"yoga-event-link \">Yoga e Trekking a Capraia<\/a>\n                    <\/div>\n                                                        <div class=\"yoga-event-item\">\n                        <span class=\"event-day\">20 Maggio<\/span>\n                        <span class = \"yoga-location-text\">Livorno<\/span>\n                        <a href=\"https:\/\/eventiyoga.it\/eventi-yoga\/yoga_e_storytrekking_isola_elba-7041\" class=\"yoga-event-link \">YOGA E STORYTREKKING ISOLA ELBA<\/a>\n                    <\/div>\n                                                        <div class=\"yoga-event-item\">\n                        <span class=\"event-day\">21 Maggio<\/span>\n                        <span class = \"yoga-location-text\">Livorno<\/span>\n                        <a href=\"https:\/\/eventiyoga.it\/eventi-yoga\/ra_ces_human_design_retreat_21_24_maggio_2026_toscana-6993\" class=\"yoga-event-link \">Ra\u00ecces - Human Design Retreat 21-24 Maggio 2026 \u2013 Toscana<\/a>\n                    <\/div>\n                                                        <div class=\"yoga-event-item\">\n                        <span class=\"event-day\">21 Maggio<\/span>\n                        <span class = \"yoga-location-text\">Livorno<\/span>\n                        <a href=\"https:\/\/eventiyoga.it\/eventi-yoga\/vela_yoga_e_trek_in_capraia-6867\" class=\"yoga-event-link \">VELA, YOGA E TREK IN CAPRAIA<\/a>\n                    <\/div>\n                                                        <div class=\"yoga-event-item\">\n                        <span class=\"event-day\">22 Maggio<\/span>\n                        <span class = \"yoga-location-text\">Livorno<\/span>\n                        <a href=\"https:\/\/eventiyoga.it\/eventi-yoga\/yogatrek_isola_d_elba_ritiro_yoga_e_trekking_in_toscana-7305\" class=\"yoga-event-link \">YOGATREK ISOLA D&#039;ELBA | Ritiro Yoga e Trekking in Toscana<\/a>\n                    <\/div>\n                                                        <div class=\"yoga-event-item\">\n                        <span class=\"event-day\">22 Maggio<\/span>\n                        <span class = \"yoga-location-text\">Grosseto<\/span>\n                        <a href=\"https:\/\/eventiyoga.it\/eventi-yoga\/merigar_yoga_retreat_2026_la_danza_dell_universo-7199\" class=\"yoga-event-link \">MERIGAR YOGA RETREAT 2026 | LA DANZA DELL\u2019UNIVERSO<\/a>\n                    <\/div>\n                                                        <div class=\"yoga-event-item\">\n                        <span class=\"event-day\">22 Maggio<\/span>\n                        <span class = \"yoga-location-text\">Grosseto<\/span>\n                        <a href=\"https:\/\/eventiyoga.it\/eventi-yoga\/ritorno_a_me_ritorno_all_essenza-6747\" class=\"yoga-event-link \">RITORNO A ME. RITORNO ALL&#039;ESSENZA.<\/a>\n                    <\/div>\n                                                        <div class=\"yoga-event-item\">\n                        <span class=\"event-day\">22 Maggio<\/span>\n                        <span class = \"yoga-location-text\">Grosseto<\/span>\n                        <a href=\"https:\/\/eventiyoga.it\/eventi-yoga\/ritiro_yoga_in_maremma-6506\" class=\"yoga-event-link \">Ritiro Yoga in Maremma <\/a>\n                    <\/div>\n                                                        <div class=\"yoga-event-item\">\n                        <span class=\"event-day\">29 Maggio<\/span>\n                        <span class = \"yoga-location-text\">Livorno<\/span>\n                        <a href=\"https:\/\/eventiyoga.it\/eventi-yoga\/ritiro_yoga_isola_d_elba_giugno_2026-6651\" class=\"yoga-event-link \">RITIRO YOGA ISOLA D&#039;ELBA GIUGNO 2026<\/a>\n                    <\/div>\n                                                        <div class=\"yoga-event-item\">\n                        <span class=\"event-day\">29 Maggio<\/span>\n                        <span class = \"yoga-location-text\">Livorno<\/span>\n                        <a href=\"https:\/\/eventiyoga.it\/eventi-yoga\/yoga_in_barca_avela_isole_toscane-5972\" class=\"yoga-event-link \">Yoga in Barca aVela Isole Toscane<\/a>\n                    <\/div>\n                                                        <div class=\"yoga-event-item\">\n                        <span class=\"event-day\">29 Maggio<\/span>\n                        <span class = \"yoga-location-text\">Livorno<\/span>\n                        <a href=\"https:\/\/eventiyoga.it\/eventi-yoga\/yoga_e_trekking_a_capraia_4_notti_sconti_fino_al_1_aprile-6066\" class=\"yoga-event-link \">Yoga e Trekking a Capraia \u2013 4 notti \u2013 sconti fino al 1 Aprile<\/a>\n                    <\/div>\n                                                        <div class=\"yoga-event-item\">\n                        <span class=\"event-day\">30 Maggio<\/span>\n                        <span class = \"yoga-location-text\">Livorno<\/span>\n                        <a href=\"https:\/\/eventiyoga.it\/eventi-yoga\/introduzione_al_kalaripayattu_la_millenaria_marziale_del_sud_dell_india-7211\" class=\"yoga-event-link \">Introduzione al kalaripayattu: la millenaria marziale del Sud dell&#039;India<\/a>\n                    <\/div>\n                                                        <div class=\"yoga-event-item\">\n                        <span class=\"event-day\">30 Maggio<\/span>\n                        <span class = \"yoga-location-text\">Firenze<\/span>\n                        <a href=\"https:\/\/eventiyoga.it\/eventi-yoga\/vacanza_yoga_degustazioni_more_in_toscana-6792\" class=\"yoga-event-link \">Vacanza Yoga, Degustazioni &amp; more in Toscana<\/a>\n                    <\/div>\n                                                        <div class=\"yoga-event-item\">\n                        <span class=\"event-day\">30 Maggio<\/span>\n                        <span class = \"yoga-location-text\">Livorno<\/span>\n                        <a href=\"https:\/\/eventiyoga.it\/eventi-yoga\/ritiro_meditazione_dzogchen_i_sette_addestramenti_mentali_di_longchenpa-6985\" class=\"yoga-event-link \">Ritiro Meditazione Dzogchen | I Sette Addestramenti Mentali di Longchenpa<\/a>\n                    <\/div>\n                                                        <div class=\"yoga-event-item\">\n                        <span class=\"event-day\">30 Maggio<\/span>\n                        <span class = \"yoga-location-text\">Livorno<\/span>\n                        <a href=\"https:\/\/eventiyoga.it\/eventi-yoga\/yoga_e_trekking_a_capraia_3_notti_sconto_fino_al_28_febbraio-6067\" class=\"yoga-event-link \">Yoga e Trekking a Capraia \u2013 3 notti \u2013 sconto fino al 28 Febbraio<\/a>\n                    <\/div>\n                                                        <div class=\"yoga-event-item\">\n                        <span class=\"event-day\">31 Maggio<\/span>\n                        <span class = \"yoga-location-text\">Livorno<\/span>\n                        <a href=\"https:\/\/eventiyoga.it\/eventi-yoga\/ashtanga_yoga_workshop-7190\" class=\"yoga-event-link \">Ashtanga Yoga Workshop<\/a>\n                    <\/div>\n                                                        <div class=\"yoga-event-item\">\n                        <span class=\"event-day\">03 Giugno<\/span>\n                        <span class = \"yoga-location-text\">Grosseto<\/span>\n                        <a href=\"https:\/\/eventiyoga.it\/eventi-yoga\/metamorfosi_di_un_emozione-6511\" class=\"yoga-event-link \">Metamorfosi di un\u2019emozione<\/a>\n                    <\/div>\n                                                        <div class=\"yoga-event-item\">\n                        <span class=\"event-day\">04 Giugno<\/span>\n                        <span class = \"yoga-location-text\">Livorno<\/span>\n                        <a href=\"https:\/\/eventiyoga.it\/eventi-yoga\/weekend_yoga_meditazione-6289\" class=\"yoga-event-link \">Weekend Yoga &amp; Meditazione<\/a>\n                    <\/div>\n                                                        <div class=\"yoga-event-item\">\n                        <span class=\"event-day\">04 Giugno<\/span>\n                        <span class = \"yoga-location-text\">Grosseto<\/span>\n                        <a href=\"https:\/\/eventiyoga.it\/eventi-yoga\/il_respiro_del_sole_e_della_luna-7333\" class=\"yoga-event-link \">Il Respiro del Sole e della Luna<\/a>\n                    <\/div>\n                                                        <div class=\"yoga-event-item\">\n                        <span class=\"event-day\">04 Giugno<\/span>\n                        <span class = \"yoga-location-text\">Livorno<\/span>\n                        <a href=\"https:\/\/eventiyoga.it\/eventi-yoga\/weekend_yoga_meditazione-6290\" class=\"yoga-event-link \">Weekend Yoga &amp; Meditazione<\/a>\n                    <\/div>\n                                                        <div class=\"yoga-event-item\">\n                        <span class=\"event-day\">05 Giugno<\/span>\n                        <span class = \"yoga-location-text\">Pisa<\/span>\n                        <a href=\"https:\/\/eventiyoga.it\/eventi-yoga\/yoga_ayurveda_prevenzione_quotidiana_stagionale_e_riequilibrio_ayurveda-6882\" class=\"yoga-event-link \">YOGA &amp; AYURVEDA - Prevenzione quotidiana, stagionale e riequilibrio ayurveda<\/a>\n                    <\/div>\n                                                        <div class=\"yoga-event-item\">\n                        <span class=\"event-day\">05 Giugno<\/span>\n                        <span class = \"yoga-location-text\">Livorno<\/span>\n                        <a href=\"https:\/\/eventiyoga.it\/eventi-yoga\/summer_reset-7264\" class=\"yoga-event-link \">SUMMER RESET<\/a>\n                    <\/div>\n                                                        <div class=\"yoga-event-item\">\n                        <span class=\"event-day\">06 Giugno<\/span>\n                        <span class = \"yoga-location-text\">Grosseto<\/span>\n                        <a href=\"https:\/\/eventiyoga.it\/eventi-yoga\/vacanza_yoga_e_horsemanship-6574\" class=\"yoga-event-link \">Vacanza Yoga e Horsemanship<\/a>\n                    <\/div>\n                                                        <div class=\"yoga-event-item\">\n                        <span class=\"event-day\">09 Giugno<\/span>\n                        <span class = \"yoga-location-text\">Firenze<\/span>\n                        <a href=\"https:\/\/eventiyoga.it\/eventi-yoga\/brahma_muhurta_ritiro_intensivo_di_yoga_e_meditazione-7121\" class=\"yoga-event-link \">Brahma Muhurta: Ritiro Intensivo di Yoga e Meditazione<\/a>\n                    <\/div>\n                                                        <div class=\"yoga-event-item\">\n                        <span class=\"event-day\">18 Giugno<\/span>\n                        <span class = \"yoga-location-text\">Grosseto<\/span>\n                        <a href=\"https:\/\/eventiyoga.it\/eventi-yoga\/wellness_retreat_in_barca_a_vela-6361\" class=\"yoga-event-link \">WELLNESS RETREAT IN BARCA A VELA <\/a>\n                    <\/div>\n                                                        <div class=\"yoga-event-item\">\n                        <span class=\"event-day\">19 Giugno<\/span>\n                        <span class = \"yoga-location-text\">Firenze<\/span>\n                        <a href=\"https:\/\/eventiyoga.it\/eventi-yoga\/bhakti_yoga_festival_2026-7267\" class=\"yoga-event-link \">Bhakti Yoga Festival 2026<\/a>\n                    <\/div>\n                                                        <div class=\"yoga-event-item\">\n                        <span class=\"event-day\">19 Giugno<\/span>\n                        <span class = \"yoga-location-text\">Livorno<\/span>\n                        <a href=\"https:\/\/eventiyoga.it\/eventi-yoga\/ritiro_yoga_alternative_ashtanga_in_stile_mysore_con_joey_paz-6984\" class=\"yoga-event-link \">Ritiro Yoga | Alternative Ashtanga in stile Mysore con Joey Paz<\/a>\n                    <\/div>\n                                                        <div class=\"yoga-event-item\">\n                        <span class=\"event-day\">20 Giugno<\/span>\n                        <span class = \"yoga-location-text\">Livorno<\/span>\n                        <a href=\"https:\/\/eventiyoga.it\/eventi-yoga\/yoga_in_barca_a_vela_in_corsica-6281\" class=\"yoga-event-link \">Yoga in Barca a Vela in Corsica<\/a>\n                    <\/div>\n                                                        <div class=\"yoga-event-item\">\n                        <span class=\"event-day\">20 Giugno<\/span>\n                        <span class = \"yoga-location-text\">Grosseto<\/span>\n                        <a href=\"https:\/\/eventiyoga.it\/eventi-yoga\/vivi_l_incanto_della_toscana_yoga_mare_e_pace_interiore-7127\" class=\"yoga-event-link promoted\">Vivi l\u2019Incanto della Toscana: Yoga, Mare e Pace Interiore<\/a>\n                    <\/div>\n                                                        <div class=\"yoga-event-item\">\n                        <span class=\"event-day\">25 Giugno<\/span>\n                        <span class = \"yoga-location-text\">Grosseto<\/span>\n                        <a href=\"https:\/\/eventiyoga.it\/eventi-yoga\/ritiro_yoga_qi_gong_e_suono_in_toscana_body_vibes_experience_2026-7284\" class=\"yoga-event-link \">Ritiro Yoga, Qi Gong e Suono in Toscana | Body Vibes Experience 2026<\/a>\n                    <\/div>\n                                                        <div class=\"yoga-event-item\">\n                        <span class=\"event-day\">26 Giugno<\/span>\n                        <span class = \"yoga-location-text\">Livorno<\/span>\n                        <a href=\"https:\/\/eventiyoga.it\/eventi-yoga\/ritiro_yoga_scrittura_consapevole_e_mindfulness_in_toscana-7256\" class=\"yoga-event-link \">Ritiro yoga, scrittura consapevole e Mindfulness in Toscana<\/a>\n                    <\/div>\n                                                        <div class=\"yoga-event-item\">\n                        <span class=\"event-day\">26 Giugno<\/span>\n                        <span class = \"yoga-location-text\">Firenze<\/span>\n                        <a href=\"https:\/\/eventiyoga.it\/eventi-yoga\/gestalt_camp_ritiro_di_meditazione_e_crescita_personale-7178\" class=\"yoga-event-link \">Gestalt Camp | Ritiro di Meditazione e Crescita Personale<\/a>\n                    <\/div>\n                                                        <div class=\"yoga-event-item\">\n                        <span class=\"event-day\">26 Giugno<\/span>\n                        <span class = \"yoga-location-text\">Grosseto<\/span>\n                        <a href=\"https:\/\/eventiyoga.it\/eventi-yoga\/weekend_yoga_in_toscana-7328\" class=\"yoga-event-link \">Weekend Yoga in Toscana<\/a>\n                    <\/div>\n                                                        <div class=\"yoga-event-item\">\n                        <span class=\"event-day\">26 Giugno<\/span>\n                        <span class = \"yoga-location-text\">Massa Carrara<\/span>\n                        <a href=\"https:\/\/eventiyoga.it\/eventi-yoga\/radici_di_luce_ritiro_di_yoga_mindfulness_ayurveda-7287\" class=\"yoga-event-link \">Radici di luce Ritiro di Yoga Mindfulness  Ayurveda<\/a>\n                    <\/div>\n                                                        <div class=\"yoga-event-item\">\n                        <span class=\"event-day\">26 Giugno<\/span>\n                        <span class = \"yoga-location-text\">Grosseto<\/span>\n                        <a href=\"https:\/\/eventiyoga.it\/eventi-yoga\/weekend_lungo_vacanza_studio_yoga_in_toscana-7122\" class=\"yoga-event-link \">WEEKEND LUNGO VACANZA STUDIO YOGA IN TOSCANA <\/a>\n                    <\/div>\n                                                        <div class=\"yoga-event-item\">\n                        <span class=\"event-day\">26 Giugno<\/span>\n                        <span class = \"yoga-location-text\">Grosseto<\/span>\n                        <a href=\"https:\/\/eventiyoga.it\/eventi-yoga\/vacanza_yoga_in_toscana_in_maremma_vacanza_studio_a_giugno-6627\" class=\"yoga-event-link \">Vacanza Yoga in Toscana in Maremma | Vacanza Studio a Giugno<\/a>\n                    <\/div>\n                                                        <div class=\"yoga-event-item\">\n                        <span class=\"event-day\">27 Giugno<\/span>\n                        <span class = \"yoga-location-text\">Grosseto<\/span>\n                        <a href=\"https:\/\/eventiyoga.it\/eventi-yoga\/onde_di_benessere_in_toscana_la_tua_vacanza_yoga_nel_paradiso-7130\" class=\"yoga-event-link promoted\">Onde di Benessere in Toscana: La Tua Vacanza Yoga nel Paradiso<\/a>\n                    <\/div>\n                                                        <div class=\"yoga-event-item\">\n                        <span class=\"event-day\">27 Giugno<\/span>\n                        <span class = \"yoga-location-text\">Siena<\/span>\n                        <a href=\"https:\/\/eventiyoga.it\/eventi-yoga\/rilassati_nelle_colline_senesi-7257\" class=\"yoga-event-link \">Rilassati nelle Colline Senesi<\/a>\n                    <\/div>\n                            <\/div>\n        <\/div>\n        \n\n\n\n<h2 class=\"wp-block-heading\" id=\"h-scarica-l-app-eventi-yoga\"><span class=\"ez-toc-section\" id=\"Scarica_lAPP_Eventi_Yoga\"><\/span>Scarica l&#8217;APP Eventi Yoga<span class=\"ez-toc-section-end\"><\/span><\/h2>\n\n\n\n<div class=\"wp-block-media-text alignwide is-stacked-on-mobile\"><figure class=\"wp-block-media-text__media\"><img decoding=\"async\" src=\"data:image\/gif;base64,R0lGODlhAQABAIAAAAAAAP\/\/\/yH5BAEAAAAALAAAAAABAAEAAAIBRAA7\" data-src=\"https:\/\/eventiyoga.it\/blog\/wp-content\/uploads\/2020\/09\/scarica_app_eventiyoga-1.jpg\" alt=\"Scarica App EventiYoga\" class=\"wp-image-23454 size-full\"\/><noscript><img loading=\"lazy\" decoding=\"async\" width=\"1024\" height=\"768\" src=\"https:\/\/eventiyoga.it\/blog\/wp-content\/uploads\/2020\/09\/scarica_app_eventiyoga-1.jpg\" alt=\"Scarica App EventiYoga\" class=\"wp-image-23454 size-full\" srcset=\"https:\/\/eventiyoga.it\/blog\/wp-content\/uploads\/2020\/09\/scarica_app_eventiyoga-1.jpg 1024w, https:\/\/eventiyoga.it\/blog\/wp-content\/uploads\/2020\/09\/scarica_app_eventiyoga-1-300x225.jpg 300w, https:\/\/eventiyoga.it\/blog\/wp-content\/uploads\/2020\/09\/scarica_app_eventiyoga-1-768x576.jpg 768w, https:\/\/eventiyoga.it\/blog\/wp-content\/uploads\/2020\/09\/scarica_app_eventiyoga-1-200x150.jpg 200w, https:\/\/eventiyoga.it\/blog\/wp-content\/uploads\/2020\/09\/scarica_app_eventiyoga-1-600x450.jpg 600w\" sizes=\"auto, (max-width: 1024px) 100vw, 1024px\" \/><\/noscript><\/figure><div class=\"wp-block-media-text__content\">\n<p class=\"has-large-font-size\"><a href=\"https:\/\/eventiyoga.it\/blog\/app-eventiyoga\/\" class=\"ek-link\">Scarica l&#8217;APP <br>Eventi Yoga<\/a><\/p>\n<\/div><\/div>\n\n\n\n<p class=\"has-text-align-center\">Scarica l\u2019App di Eventi Yoga<\/p>\n\n\n\n<p class=\"has-text-align-center\" id=\"block-68cf4cf1-ec23-4bba-beb8-532006304b3c\"><a class=\"ek-link\" href=\"https:\/\/apps.apple.com\/us\/app\/id1514783292\" target=\"_blank\" rel=\"noreferrer noopener\">per iOS<\/a> | <a class=\"ek-link\" href=\"https:\/\/play.google.com\/store\/apps\/details?id=com.maugry.yoga\" target=\"_blank\" rel=\"noreferrer noopener\">per Android<\/a><\/p>\n\n\n\n<hr class=\"wp-block-separator has-text-color has-white-color has-alpha-channel-opacity has-white-background-color has-background\"\/>\n\n\n\n<h2 class=\"wp-block-heading\" id=\"h-non-solo-corsi-yoga-a-firenze-ecco-cosa-possiamo-fare-per-te\"><span class=\"ez-toc-section\" id=\"Non_solo_corsi_yoga_a_Firenze_ecco_cosa_possiamo_fare_per_te\"><\/span>Non solo corsi yoga a Firenze: ecco cosa possiamo fare per te<span class=\"ez-toc-section-end\"><\/span><\/h2>\n\n\n\n<p><strong>Eventi Yoga<\/strong> \u00e8 un portale per gli amanti dello yoga che pu\u00f2 rivelarsi molto utile sia che tu sia un praticante, sia che tu sia un insegnante o un titolare di un centro yoga. Vediamo insieme perch\u00e9.<\/p>\n\n\n\n<h3 class=\"wp-block-heading\" id=\"h-se-sei-un-praticante\">Se sei un praticante<\/h3>\n\n\n\n<p>Eventi Yoga pu\u00f2 esserti utile nella pratica e pu\u00f2 fare al caso tuo per diversi motivi. Nell\u2019articolo <a href=\"https:\/\/eventiyoga.it\/blog\/come-usare-al-meglio-il-portale-eventiyoga\/\" target=\"_blank\" rel=\"noreferrer noopener\">Come usare al meglio il portale Eventi Yoga<\/a> puoi trovare tutti i dettagli su come scoprire il nostro sito web e come usarlo per fare parte della nostra community sempre pi\u00f9 numerosa.<\/p>\n\n\n\n<p>Qui ti ricordiamo solamente che Eventi Yoga \u00e8 un <strong>\u201ccatalogo\/calendario\u201d online di eventi yoga<\/strong> sempre aggiornato e suddiviso per mesi: puoi cercare (e trovare!) gli eventi di yoga \u2013 corsi, workshop, ritiri, vacanze, etc. \u2013 organizzati in Italia e all\u2019estero.<\/p>\n\n\n\n<p>Naturalmente, oltre agli eventi, puoi visualizzare anche una ricchissima banca dati di corsi, <a href=\"https:\/\/eventiyoga.it\/centri-yoga\/\" target=\"_blank\" rel=\"noreferrer noopener\">centri<\/a>, <a href=\"https:\/\/eventiyoga.it\/insegnanti-yoga\/\" target=\"_blank\" rel=\"noreferrer noopener\">insegnanti<\/a> e <a href=\"https:\/\/eventiyoga.it\/strutture-yoga\/\" target=\"_blank\" rel=\"noreferrer noopener\">strutture<\/a> che ospitano eventi di yoga.<\/p>\n\n\n\n<hr class=\"wp-block-separator has-text-color has-white-color has-alpha-channel-opacity has-white-background-color has-background\"\/>\n\n\n\n<h3 class=\"wp-block-heading\" id=\"h-se-sei-un-insegnante-o-hai-un-centro-yoga\">Se sei un insegnante o hai un centro yoga<\/h3>\n\n\n\n<p>In  tal caso Eventi Yoga ti \u00e8 utile per accrescere la tua visibilit\u00e0 e farti  conoscere da una community di appassionati. Infatti, puoi <strong>pubblicare gratuitamente il tuo profilo insegnante o il tuo centro yoga<\/strong> sul nostro portale, raggiungendo cos\u00ec il tuo target di riferimento. La pubblicazione \u00e8 davvero semplice. Ricapitoliamo qui di seguito le guide che, passo passo, ti spiegano come fare parte del nostro portale:<\/p>\n\n\n\n<ul class=\"wp-block-list\">\n<li><a href=\"https:\/\/eventiyoga.it\/blog\/come-pubblicare-centro-yoga-su-eventiyoga\/\" target=\"_blank\" rel=\"noreferrer noopener\">come pubblicare un centro yoga su EventiYoga<\/a><\/li>\n\n\n\n<li><a href=\"https:\/\/eventiyoga.it\/blog\/come-pubblicare-profilo-insegnante\/\" target=\"_blank\" rel=\"noreferrer noopener\">pubblicare il profilo insegnante su EventiYoga<\/a><\/li>\n\n\n\n<li><a href=\"https:\/\/eventiyoga.it\/blog\/come-pubblicare-un-evento-su-eventiyoga\/\" target=\"_blank\" rel=\"noreferrer noopener\">come pubblicare un evento su EventiYoga<\/a><\/li>\n<\/ul>\n\n\n\n<hr class=\"wp-block-separator has-text-color has-white-color has-alpha-channel-opacity has-white-background-color has-background\"\/>\n\n\n\n<div class=\"wp-block-button\"><a class=\"wp-block-button__link has-background wp-element-button\" href=\"https:\/\/eventiyoga.it\/centri-yoga\/\" style=\"background-color:#8c52ff\"><strong>AGGIUNGI IL TUO CENTRO ALLA DIRECTORY SU EVENTIYOGA<\/strong><\/a><\/div>\n\n\n\n<hr class=\"wp-block-separator has-text-color has-white-color has-alpha-channel-opacity has-white-background-color has-background\"\/>\n\n\n\n<h3 class=\"wp-block-heading\" id=\"h-il-blog\">Il blog<\/h3>\n\n\n\n<p>Ovviamente non \u00e8 tutto, Eventi Yoga \u00e8 molto, molto di pi\u00f9: la sezione <a href=\"https:\/\/eventiyoga.it\/blog\/blog\/\" target=\"_blank\" rel=\"noreferrer noopener\">Blog<\/a> \u00e8 un serbatoio di informazioni utili, news e curiosit\u00e0 dal mondo dello yoga, con suggerimenti pratici e ben dettagliati su un\u2019infinit\u00e0 di temi molto cari ai praticanti e agli insegnanti: dalle posizioni yoga ai consigli sull\u2019alimentazione ottimale per uno yogi, dai vari tipi di yoga alla scelta dell\u2019abbigliamento e degli accessori per praticare nel migliore dei modi.<\/p>\n\n\n\n<hr class=\"wp-block-separator has-text-color has-white-color has-alpha-channel-opacity has-white-background-color has-background\"\/>\n\n\n\n<h2 class=\"wp-block-heading\" id=\"h-altre-risorse-interessanti-per-te\"><span class=\"ez-toc-section\" id=\"Altre_risorse_interessanti_per_te\"><\/span>Altre risorse interessanti per te<span class=\"ez-toc-section-end\"><\/span><\/h2>\n\n\n\n<ul class=\"wp-block-list\">\n<li><a href=\"https:\/\/eventiyoga.it\/blog\/liste\/lista-centri-stili\" target=\"_blank\" rel=\"noreferrer noopener\">Lista Centri Yoga per Stile di Yoga<\/a><\/li>\n\n\n\n<li><a href=\"https:\/\/eventiyoga.it\/blog\/dieci-centri-yoga-da-non-perdere-a-milano\/\" target=\"_blank\" rel=\"noreferrer noopener\">Guida ai centri yoga a Milano<\/a><\/li>\n\n\n\n<li><a href=\"https:\/\/eventiyoga.it\/blog\/dieci-centri-yoga-da-non-perdere-a-roma\/\" target=\"_blank\" rel=\"noreferrer noopener\">Guida ai centri yoga a Roma<\/a><\/li>\n\n\n\n<li><a href=\"https:\/\/eventiyoga.it\/blog\/corsi-yoga-torino\/\" target=\"_blank\" rel=\"noreferrer noopener\">Guida ai centri yoga a Torino<\/a><\/li>\n\n\n\n<li><a href=\"https:\/\/eventiyoga.it\/blog\/centri-yoga-a-bologna-i-corsi-yoga-da-non-perdere-a-bologna\/\" target=\"_blank\" rel=\"noreferrer noopener\">Guida ai centri yoga a Bologna<\/a><\/li>\n<\/ul>\n\n\n\n<h2 class=\"wp-block-heading\"><span class=\"ez-toc-section\" id=\"Iscriviti_alla_newsletter\"><\/span>Iscriviti alla newsletter<span class=\"ez-toc-section-end\"><\/span><\/h2>\n\n\n\n<figure class=\"wp-block-image\"><a href=\"https:\/\/eventiyoga.it\/blog\/newsletter-eventi-yoga\/\" target=\"_blank\" rel=\"noreferrer noopener\"><img decoding=\"async\" src=\"data:image\/gif;base64,R0lGODlhAQABAIAAAAAAAP\/\/\/yH5BAEAAAAALAAAAAABAAEAAAIBRAA7\" data-src=\"https:\/\/eventiyoga.it\/blog\/wp-content\/uploads\/2019\/10\/Banner-Iscrizione-NL.jpg\" alt=\"\" class=\"wp-image-16731\"\/><noscript><img decoding=\"async\" src=\"https:\/\/eventiyoga.it\/blog\/wp-content\/uploads\/2019\/10\/Banner-Iscrizione-NL.jpg\" alt=\"\" class=\"wp-image-16731\"\/><\/noscript><\/a><figcaption class=\"wp-element-caption\">Iscriviti alla newsletter &#8211; Per te subito un bonus!<\/figcaption><\/figure>\n","protected":false},"excerpt":{"rendered":"<p>Sei uno yogi e stai cercando corsi yoga a Firenze? Oppure sei un insegnante di yoga e vuoi presentarti a un centro yoga fiorentino per proporre la tua professionalit\u00e0? O ancora sei titolare di un centro yoga in un\u2019altra citt\u00e0 italiana e vuoi conoscere da vicino le attivit\u00e0 dei tuoi \u201ccolleghi\u201d fiorentini? Qualunque sia il [&hellip;]<\/p>\n","protected":false},"author":363,"featured_media":18956,"comment_status":"open","ping_status":"open","sticky":false,"template":"","format":"standard","meta":{"_acf_changed":false,"_editorskit_title_hidden":false,"_editorskit_reading_time":6,"_editorskit_is_block_options_detached":false,"_editorskit_block_options_position":"{}","footnotes":""},"categories":[41],"tags":[38],"class_list":["post-18955","post","type-post","status-publish","format-standard","has-post-thumbnail","hentry","category-tips","tag-praticare-yoga"],"acf":[],"yoast_head":"<!-- This site is optimized with the Yoast SEO plugin v26.4 - https:\/\/yoast.com\/wordpress\/plugins\/seo\/ -->\n<title>Yoga Firenze | Guida ai migliori centri e corsi yoga a Firenze<\/title>\n<meta name=\"description\" content=\"Yoga Firenze: una guida rapida ai migliori centri yoga e corsi di yoga a Firenze. Ecco una panoramica di scuole yoga fiorentine da non perdere.\" \/>\n<meta name=\"robots\" content=\"index, follow, max-snippet:-1, max-image-preview:large, max-video-preview:-1\" \/>\n<link rel=\"canonical\" href=\"https:\/\/eventiyoga.it\/blog\/yoga-firenze\/\" \/>\n<meta property=\"og:locale\" content=\"en_US\" \/>\n<meta property=\"og:type\" content=\"article\" \/>\n<meta property=\"og:title\" content=\"Yoga Firenze | Guida ai migliori centri e corsi yoga a Firenze\" \/>\n<meta property=\"og:description\" content=\"Yoga Firenze: una guida rapida ai migliori centri yoga e corsi di yoga a Firenze. Ecco una panoramica di scuole yoga fiorentine da non perdere.\" \/>\n<meta property=\"og:url\" content=\"https:\/\/eventiyoga.it\/blog\/yoga-firenze\/\" \/>\n<meta property=\"og:site_name\" content=\"Eventi Yoga\" \/>\n<meta property=\"article:published_time\" content=\"2020-02-09T00:45:40+00:00\" \/>\n<meta property=\"article:modified_time\" content=\"2025-12-11T04:09:45+00:00\" \/>\n<meta property=\"og:image\" content=\"https:\/\/eventiyoga.it\/blog\/wp-content\/uploads\/2020\/02\/Centri_yoga_Firenze.jpg\" \/>\n\t<meta property=\"og:image:width\" content=\"1024\" \/>\n\t<meta property=\"og:image:height\" content=\"768\" \/>\n\t<meta property=\"og:image:type\" content=\"image\/jpeg\" \/>\n<meta name=\"twitter:card\" content=\"summary_large_image\" \/>\n<meta name=\"twitter:label1\" content=\"Written by\" \/>\n\t<meta name=\"twitter:data1\" content=\"\" \/>\n\t<meta name=\"twitter:label2\" content=\"Est. reading time\" \/>\n\t<meta name=\"twitter:data2\" content=\"9 minutes\" \/>\n<script type=\"application\/ld+json\" class=\"yoast-schema-graph\">{\"@context\":\"https:\/\/schema.org\",\"@graph\":[{\"@type\":\"WebPage\",\"@id\":\"https:\/\/eventiyoga.it\/blog\/yoga-firenze\/\",\"url\":\"https:\/\/eventiyoga.it\/blog\/yoga-firenze\/\",\"name\":\"Yoga Firenze | Guida ai migliori centri e corsi yoga a Firenze\",\"isPartOf\":{\"@id\":\"https:\/\/eventiyoga.it\/blog\/#website\"},\"primaryImageOfPage\":{\"@id\":\"https:\/\/eventiyoga.it\/blog\/yoga-firenze\/#primaryimage\"},\"image\":{\"@id\":\"https:\/\/eventiyoga.it\/blog\/yoga-firenze\/#primaryimage\"},\"thumbnailUrl\":\"https:\/\/eventiyoga.it\/blog\/wp-content\/uploads\/2020\/02\/Centri_yoga_Firenze.jpg\",\"datePublished\":\"2020-02-09T00:45:40+00:00\",\"dateModified\":\"2025-12-11T04:09:45+00:00\",\"author\":{\"@id\":\"\"},\"description\":\"Yoga Firenze: una guida rapida ai migliori centri yoga e corsi di yoga a Firenze. Ecco una panoramica di scuole yoga fiorentine da non perdere.\",\"breadcrumb\":{\"@id\":\"https:\/\/eventiyoga.it\/blog\/yoga-firenze\/#breadcrumb\"},\"inLanguage\":\"en-US\",\"potentialAction\":[{\"@type\":\"ReadAction\",\"target\":[\"https:\/\/eventiyoga.it\/blog\/yoga-firenze\/\"]}]},{\"@type\":\"ImageObject\",\"inLanguage\":\"en-US\",\"@id\":\"https:\/\/eventiyoga.it\/blog\/yoga-firenze\/#primaryimage\",\"url\":\"https:\/\/eventiyoga.it\/blog\/wp-content\/uploads\/2020\/02\/Centri_yoga_Firenze.jpg\",\"contentUrl\":\"https:\/\/eventiyoga.it\/blog\/wp-content\/uploads\/2020\/02\/Centri_yoga_Firenze.jpg\",\"width\":1024,\"height\":768,\"caption\":\"yoga Firenze\"},{\"@type\":\"BreadcrumbList\",\"@id\":\"https:\/\/eventiyoga.it\/blog\/yoga-firenze\/#breadcrumb\",\"itemListElement\":[{\"@type\":\"ListItem\",\"position\":1,\"name\":\"Home\",\"item\":\"https:\/\/eventiyoga.it\/blog\/\"},{\"@type\":\"ListItem\",\"position\":2,\"name\":\"Yoga Firenze | Guida ai migliori centri e corsi yoga a Firenze\"}]},{\"@type\":\"WebSite\",\"@id\":\"https:\/\/eventiyoga.it\/blog\/#website\",\"url\":\"https:\/\/eventiyoga.it\/blog\/\",\"name\":\"Eventi Yoga\",\"description\":\"Il portale Italiano per gli eventi dello yoga\",\"potentialAction\":[{\"@type\":\"SearchAction\",\"target\":{\"@type\":\"EntryPoint\",\"urlTemplate\":\"https:\/\/eventiyoga.it\/blog\/?s={search_term_string}\"},\"query-input\":{\"@type\":\"PropertyValueSpecification\",\"valueRequired\":true,\"valueName\":\"search_term_string\"}}],\"inLanguage\":\"en-US\"},{\"@type\":\"Person\",\"@id\":\"\",\"url\":\"https:\/\/eventiyoga.it\/blog\/author\/\"}]}<\/script>\n<!-- \/ Yoast SEO plugin. -->","yoast_head_json":{"title":"Yoga Firenze | Guida ai migliori centri e corsi yoga a Firenze","description":"Yoga Firenze: una guida rapida ai migliori centri yoga e corsi di yoga a Firenze. Ecco una panoramica di scuole yoga fiorentine da non perdere.","robots":{"index":"index","follow":"follow","max-snippet":"max-snippet:-1","max-image-preview":"max-image-preview:large","max-video-preview":"max-video-preview:-1"},"canonical":"https:\/\/eventiyoga.it\/blog\/yoga-firenze\/","og_locale":"en_US","og_type":"article","og_title":"Yoga Firenze | Guida ai migliori centri e corsi yoga a Firenze","og_description":"Yoga Firenze: una guida rapida ai migliori centri yoga e corsi di yoga a Firenze. Ecco una panoramica di scuole yoga fiorentine da non perdere.","og_url":"https:\/\/eventiyoga.it\/blog\/yoga-firenze\/","og_site_name":"Eventi Yoga","article_published_time":"2020-02-09T00:45:40+00:00","article_modified_time":"2025-12-11T04:09:45+00:00","og_image":[{"width":1024,"height":768,"url":"https:\/\/eventiyoga.it\/blog\/wp-content\/uploads\/2020\/02\/Centri_yoga_Firenze.jpg","type":"image\/jpeg"}],"twitter_card":"summary_large_image","twitter_misc":{"Written by":"","Est. reading time":"9 minutes"},"schema":{"@context":"https:\/\/schema.org","@graph":[{"@type":"WebPage","@id":"https:\/\/eventiyoga.it\/blog\/yoga-firenze\/","url":"https:\/\/eventiyoga.it\/blog\/yoga-firenze\/","name":"Yoga Firenze | Guida ai migliori centri e corsi yoga a Firenze","isPartOf":{"@id":"https:\/\/eventiyoga.it\/blog\/#website"},"primaryImageOfPage":{"@id":"https:\/\/eventiyoga.it\/blog\/yoga-firenze\/#primaryimage"},"image":{"@id":"https:\/\/eventiyoga.it\/blog\/yoga-firenze\/#primaryimage"},"thumbnailUrl":"https:\/\/eventiyoga.it\/blog\/wp-content\/uploads\/2020\/02\/Centri_yoga_Firenze.jpg","datePublished":"2020-02-09T00:45:40+00:00","dateModified":"2025-12-11T04:09:45+00:00","author":{"@id":""},"description":"Yoga Firenze: una guida rapida ai migliori centri yoga e corsi di yoga a Firenze. Ecco una panoramica di scuole yoga fiorentine da non perdere.","breadcrumb":{"@id":"https:\/\/eventiyoga.it\/blog\/yoga-firenze\/#breadcrumb"},"inLanguage":"en-US","potentialAction":[{"@type":"ReadAction","target":["https:\/\/eventiyoga.it\/blog\/yoga-firenze\/"]}]},{"@type":"ImageObject","inLanguage":"en-US","@id":"https:\/\/eventiyoga.it\/blog\/yoga-firenze\/#primaryimage","url":"https:\/\/eventiyoga.it\/blog\/wp-content\/uploads\/2020\/02\/Centri_yoga_Firenze.jpg","contentUrl":"https:\/\/eventiyoga.it\/blog\/wp-content\/uploads\/2020\/02\/Centri_yoga_Firenze.jpg","width":1024,"height":768,"caption":"yoga Firenze"},{"@type":"BreadcrumbList","@id":"https:\/\/eventiyoga.it\/blog\/yoga-firenze\/#breadcrumb","itemListElement":[{"@type":"ListItem","position":1,"name":"Home","item":"https:\/\/eventiyoga.it\/blog\/"},{"@type":"ListItem","position":2,"name":"Yoga Firenze | Guida ai migliori centri e corsi yoga a Firenze"}]},{"@type":"WebSite","@id":"https:\/\/eventiyoga.it\/blog\/#website","url":"https:\/\/eventiyoga.it\/blog\/","name":"Eventi Yoga","description":"Il portale Italiano per gli eventi dello yoga","potentialAction":[{"@type":"SearchAction","target":{"@type":"EntryPoint","urlTemplate":"https:\/\/eventiyoga.it\/blog\/?s={search_term_string}"},"query-input":{"@type":"PropertyValueSpecification","valueRequired":true,"valueName":"search_term_string"}}],"inLanguage":"en-US"},{"@type":"Person","@id":"","url":"https:\/\/eventiyoga.it\/blog\/author\/"}]}},"_links":{"self":[{"href":"https:\/\/eventiyoga.it\/blog\/wp-json\/wp\/v2\/posts\/18955","targetHints":{"allow":["GET"]}}],"collection":[{"href":"https:\/\/eventiyoga.it\/blog\/wp-json\/wp\/v2\/posts"}],"about":[{"href":"https:\/\/eventiyoga.it\/blog\/wp-json\/wp\/v2\/types\/post"}],"author":[{"embeddable":true,"href":"https:\/\/eventiyoga.it\/blog\/wp-json\/wp\/v2\/users\/363"}],"replies":[{"embeddable":true,"href":"https:\/\/eventiyoga.it\/blog\/wp-json\/wp\/v2\/comments?post=18955"}],"version-history":[{"count":1,"href":"https:\/\/eventiyoga.it\/blog\/wp-json\/wp\/v2\/posts\/18955\/revisions"}],"predecessor-version":[{"id":71671,"href":"https:\/\/eventiyoga.it\/blog\/wp-json\/wp\/v2\/posts\/18955\/revisions\/71671"}],"wp:featuredmedia":[{"embeddable":true,"href":"https:\/\/eventiyoga.it\/blog\/wp-json\/wp\/v2\/media\/18956"}],"wp:attachment":[{"href":"https:\/\/eventiyoga.it\/blog\/wp-json\/wp\/v2\/media?parent=18955"}],"wp:term":[{"taxonomy":"category","embeddable":true,"href":"https:\/\/eventiyoga.it\/blog\/wp-json\/wp\/v2\/categories?post=18955"},{"taxonomy":"post_tag","embeddable":true,"href":"https:\/\/eventiyoga.it\/blog\/wp-json\/wp\/v2\/tags?post=18955"}],"curies":[{"name":"wp","href":"https:\/\/api.w.org\/{rel}","templated":true}]}}