{"id":22378,"date":"2020-07-15T02:49:00","date_gmt":"2020-07-15T00:49:00","guid":{"rendered":"https:\/\/eventiyoga.it\/blog\/?p=22378"},"modified":"2025-12-11T05:06:59","modified_gmt":"2025-12-11T04:06:59","slug":"yoga-bergamo","status":"publish","type":"post","link":"https:\/\/eventiyoga.it\/blog\/yoga-bergamo\/","title":{"rendered":"Centri Yoga a Bergamo: i corsi yoga da non perdere a Bergamo"},"content":{"rendered":"\n<p>Pratichi yoga e stai cercando <strong>corsi yoga a Bergamo<\/strong>? Oppure sei un insegnante di yoga e vuoi presentarti a un centro yoga bergamasco per proporre la tua professionalit\u00e0? O ancora sei titolare di un centro yoga in un\u2019altra citt\u00e0 italiana e vuoi conoscere da vicino le attivit\u00e0 dei tuoi \u201ccolleghi\u201d bergamaschi?<\/p>\n\n\n\n<p>Qualunque sia il motivo per cui tu stia cercando <strong>un centro yoga o corsi yoga a Bergamo<\/strong>, questo articolo pu\u00f2 esserti d\u2019aiuto. In sostanza, parliamo di <strong>Centri Yoga a Bergamo: i corsi yoga da non perdere a Bergamo<\/strong>, una breve panoramica per farti trovare, in pochi click, i principali corsi yoga nella graziosa cittadina lombarda.<\/p>\n\n\n\n<p>Insomma, facciamo insieme un viaggio a Bergamo, un tour particolare le cui tappe sono appunto i centri yoga. Prendiamoci a braccetto, e via, buon tour!<\/p>\n\n\n\n<h2 class=\"wp-block-heading\" id=\"h-i-criteri-utilizzati-per-la-scelta-dei-corsi-yoga-a-bergamo\">I criteri utilizzati per la scelta dei corsi yoga a Bergamo<\/h2>\n\n\n\n<p>L\u2019elenco qui sotto riportato non vuole essere esaustivo dei migliori centri yoga bergamaschi. Si tratta della scelta di <strong>Eventi Yoga<\/strong>, realizzata in base a determinati parametri. E prima di iniziare il nostro tour tra i principali <strong>corsi yoga a Bergamo<\/strong>, ci teniamo a spiegarti i criteri con cui la scelta \u00e8 stata effettuata. Ci sembra corretto nei confronti del lettore adottare la massima trasparenza. Eccoli:<\/p>\n\n\n\n<ul class=\"wp-block-list\">\n<li>competenza ed esperienza degli insegnanti;<\/li>\n\n\n\n<li>ubicazione del centro (facilmente raggiungibile coi mezzi pubblici);<\/li>\n\n\n\n<li>cura dello spazio;<\/li>\n\n\n\n<li>offerta formativa (gamma dei corsi offerti);<\/li>\n\n\n\n<li>orari delle lezioni;<\/li>\n\n\n\n<li>eventi organizzati oltre ai corsi (vacanze yoga, seminari, proposte che abbinano lo yoga ad altro, workshop su temi vicini allo yoga);<\/li>\n\n\n\n<li>esaustivit\u00e0 e completezza del sito web e dei social;<\/li>\n\n\n\n<li>referenze recuperabili <a class=\"ek-link\" href=\"https:\/\/eventiyoga.it\/blog\/lezioni-yoga-online-gratis-youtube\/\">online<\/a>.<\/li>\n<\/ul>\n\n\n\n<p>Dunque, eccoci pronti per iniziare il nostro tour.<\/p>\n\n\n\n<h2 class=\"wp-block-heading\" id=\"h-la-nostra-selezione-dei-corsi-yoga-a-bergamo-da-non-perdere-assolutamente\">La nostra selezione dei corsi yoga a Bergamo da non perdere assolutamente<\/h2>\n\n\n\n<p>Qui di seguito il focus del nostro articolo: <strong>i principali corsi yoga a Bergamo e provincia<\/strong>. <\/p>\n\n\n\n<h3 class=\"wp-block-heading\" id=\"h-yoga-space\"><a aria-label=\"Yoga Space (opens in a new tab)\" class=\"ek-link ek-link\" href=\"https:\/\/www.yogaspace.it\/\" target=\"_blank\" rel=\"noreferrer noopener\">Yoga Space<\/a><\/h3>\n\n\n\n<p><strong>Oltre 20 insegnanti<\/strong>, tutte certificate a livello internazionale con stili, culture e contaminazioni yoga diverse. Yoga Space propone classi yoga in studio per adulti e bambini, a domicilio, nelle aziende, nelle scuole e online. Tra gli stili: Yoga dinamico, Vinyasa, Hatha, Ashtanga, Kundalini, Odaka, Meditazione, Yin Yoga, oltre a fly yoga, yoga in gravidanza e yoga terapeutico. <\/p>\n\n\n\n<h3 class=\"wp-block-heading\" id=\"h-albero-sacro-asd\">Albero Sacro asd<\/h3>\n\n\n\n<p>Corsi e seminari di ginnastica integrati con lo yoga nelle sue varianti (AcroYoga, yoga per non vedenti, yoga per gestanti, yoga in coppia, ecc). Il centro collabora anche con altre realt\u00e0 alla realizzazione di iniziative ed eventi. Promuove anche sistemi di alimentazione naturale, vegetariana, vegana e di educazione o rieducazione per migliorare la capacit\u00e0 fisica e psichica. Collabora con Uisp-Bergamo al progetto <strong>Oltre il Muro<\/strong>, portando lo yoga all\u2019interno dell\u2019Istituto Penitenziario di Bergamo, e con il Comune di Bergamo per portare lo yoga e l\u2019Acro Yoga gratuitamente nei parchi della citt\u00e0.<\/p>\n\n\n\n<h3 class=\"wp-block-heading\" id=\"h-ananda\"><a aria-label=\"Ananda (opens in a new tab)\" class=\"ek-link ek-link\" href=\"https:\/\/www.asdananda.it\/yoga-bergamo\/\" target=\"_blank\" rel=\"noreferrer noopener\">Ananda<\/a><\/h3>\n\n\n\n<p>Da pi\u00f9 di 30 anni Ananda propone corsi di yoga a Bergamo con lezioni settimanali di Hatha Yoga, Iyengar Yoga, yoga per mamme in gravidanza, Vinyasa, Yoga flow, yoga su amaca, <a href=\"https:\/\/eventiyoga.it\/blog\/yoga-nidra-come-si-pratica\/\">Yoga Nidra<\/a>, <strong>Yoga Luna (yoga al femminile) e Yoga Rachis Life<\/strong> (un corso inedito che integra Hatha Yoga, stretching, esercizi di pilates e di ginnastica fisioterapica). Propone corsi anche online. <\/p>\n\n\n\n<h3 class=\"wp-block-heading\" id=\"h-centro-studi-yoga\"><a aria-label=\"Associazione Centro Studi Yoga (opens in a new tab)\" href=\"https:\/\/www.centrostudiyogabergamo.it\/\" target=\"_blank\" rel=\"noreferrer noopener\" class=\"ek-link\">Centro Studi Yoga<\/a><\/h3>\n\n\n\n<p>Un luogo riservato e accogliente da oltre 25 anni. L\u2019associazione propone corsi&nbsp;di gruppo o <a href=\"https:\/\/eventiyoga.it\/blog\/yoga-privato\/\">individuali<\/a> tutti i giorni, sia per principianti, sia per chi desidera approfondire ed evolvere la propria esperienza nello yoga. Dedica uno spazio alla pratica della meditazione nella sua forma pi\u00f9 essenziale e organizza degli incontri di approfondimento sul <strong>Raja Yoga e seminari intensivi residenziali<\/strong>.&nbsp;<\/p>\n\n\n\n<h3 class=\"wp-block-heading\" id=\"h-magus\">Magus<\/h3>\n\n\n\n<p>Un approccio alla pratica dello yoga nel suo processo globale, per imparare a non giudicarsi accettando i propri limiti nella pratica di <strong>asana, pranayama, mudra, bandha, shatkarma<\/strong>. <\/p>\n\n\n\n<h3 class=\"wp-block-heading\" id=\"h-centro-culturale-quinto-sol\"><a href=\"https:\/\/www.redgfu.it\/centro-quinto-sol-bergamo\/\" class=\"ek-link\">Centro culturale Quinto Sol<\/a><\/h3>\n\n\n\n<p>Presente a Bergamo da circa 30 anni, \u00e8 particolarmente impegnato nel diffondere la disciplina e la cultura dello yoga e organizza anche corsi, seminari e conferenze di arti marziali, danza orientale, alimentazione vegetariana, chinesiologia e psicologia.<\/p>\n\n\n\n<h3 class=\"wp-block-heading\" id=\"h-centro-yoga-dalmine\"><a aria-label=\"Centro Yoga Dalmine  (opens in a new tab)\" href=\"https:\/\/www.centroyogadalmine.it\/\" target=\"_blank\" rel=\"noreferrer noopener\" class=\"ek-link\">Centro Yoga Dalmine <\/a><\/h3>\n\n\n\n<p>Organizza corsi, conferenze e incontri dedicati allo yoga a <strong>Dalmine<\/strong>, in provincia di Bergamo. Tra i corsi proposti: <a href=\"https:\/\/eventiyoga.it\/blog\/hatha-yoga-caratteristiche-informazioni\/\">Hatha Yoga<\/a>, Yoga dell&#8217;Energia, Yoga Vinyasa, Yoga in gravidanza e incontri di meditazione.<\/p>\n\n\n\n<h3 class=\"wp-block-heading\" id=\"h-anuttara\"><a aria-label=\"Anuttara (opens in a new tab)\" href=\"http:\/\/www.anuttara.it\/\" target=\"_blank\" rel=\"noreferrer noopener\" class=\"ek-link\">Anuttara<\/a><\/h3>\n\n\n\n<p>Situato a <strong>Caprino Bergamasco<\/strong>, sulle colline della Valle San Martino, tra Bergamo e il lago di Lecco, propone lezioni di Iyengar Yoga ed \u00e8 anche centro residenziale in grado di accogliere 23 persone in camere doppie o triple.<\/p>\n\n\n\n<h3 class=\"wp-block-heading\" id=\"h-studio-yoga-sadhaka\"><a aria-label=\"Studio Yoga Sadhaka (opens in a new tab)\" href=\"https:\/\/www.studioyogasadhaka.com\/\" target=\"_blank\" rel=\"noreferrer noopener\" class=\"ek-link\">Studio Yoga Sadhaka<\/a><\/h3>\n\n\n\n<p>A <strong>Seriate<\/strong>, in provincia di Bergamo, lo studio propone corsi di Iyengar Yoga per piccoli gruppi, pratiche individuali e seminari di approfondimento. <\/p>\n\n\n\n<h3 class=\"wp-block-heading\" id=\"h-jump\"><a aria-label=\"Jump (opens in a new tab)\" href=\"https:\/\/www.jumpacademy.it\" target=\"_blank\" rel=\"noreferrer noopener\" class=\"ek-link\">Jump<\/a><\/h3>\n\n\n\n<p>Corsi di yoga proposti nella palestra Jump Academy di <strong>Curno<\/strong>, in provincia di Bergamo, condotti da un&#8217;insegnante certificata. Tra le lezioni proposte: Total Yoga, Yoga Balance e approfondimenti sulle inversioni e sull&#8217;equilibrio. <\/p>\n\n\n\n<p><\/p>\n\n\n\n<div class=\"wp-block-media-text alignwide is-stacked-on-mobile\"><figure class=\"wp-block-media-text__media\"><a href=\"https:\/\/eventiyoga.it\/blog\/yoga-vicino-a-me\/\"><img decoding=\"async\" src=\"data:image\/gif;base64,R0lGODlhAQABAIAAAAAAAP\/\/\/yH5BAEAAAAALAAAAAABAAEAAAIBRAA7\" data-src=\"https:\/\/eventiyoga.it\/blog\/wp-content\/uploads\/2022\/01\/Yoga_vicino_a_me_corsi_yoga_nelle_vicinanze.jpg\" alt=\"yoga vicino a me\" class=\"wp-image-39179 size-full\"\/><noscript><img loading=\"lazy\" decoding=\"async\" width=\"1024\" height=\"768\" src=\"https:\/\/eventiyoga.it\/blog\/wp-content\/uploads\/2022\/01\/Yoga_vicino_a_me_corsi_yoga_nelle_vicinanze.jpg\" alt=\"yoga vicino a me\" class=\"wp-image-39179 size-full\" srcset=\"https:\/\/eventiyoga.it\/blog\/wp-content\/uploads\/2022\/01\/Yoga_vicino_a_me_corsi_yoga_nelle_vicinanze.jpg 1024w, https:\/\/eventiyoga.it\/blog\/wp-content\/uploads\/2022\/01\/Yoga_vicino_a_me_corsi_yoga_nelle_vicinanze-300x225.jpg 300w, https:\/\/eventiyoga.it\/blog\/wp-content\/uploads\/2022\/01\/Yoga_vicino_a_me_corsi_yoga_nelle_vicinanze-768x576.jpg 768w, https:\/\/eventiyoga.it\/blog\/wp-content\/uploads\/2022\/01\/Yoga_vicino_a_me_corsi_yoga_nelle_vicinanze-200x150.jpg 200w, https:\/\/eventiyoga.it\/blog\/wp-content\/uploads\/2022\/01\/Yoga_vicino_a_me_corsi_yoga_nelle_vicinanze-600x450.jpg 600w\" sizes=\"auto, (max-width: 1024px) 100vw, 1024px\" \/><\/noscript><\/a><\/figure><div class=\"wp-block-media-text__content\">\n<p class=\"has-large-font-size\"><a href=\"https:\/\/eventiyoga.it\/blog\/yoga-vicino-a-me\/\" class=\"ek-link\">Yoga vicino a me:<br>cerca facilmente<\/a><\/p>\n<\/div><\/div>\n\n\n\n<h2 class=\"wp-block-heading\" id=\"h-eventi-yoga-in-programma-in-lombardia\">Eventi Yoga in programma in Lombardia<\/h2>\n\n\n        <div class=\"yoga-events-container\">\n            <div class=\"yoga-events-list\">\n                                                        <div class=\"yoga-event-item\">\n                        <span class=\"event-day\">01 Maggio<\/span>\n                        <span class = \"yoga-location-text\">Pavia<\/span>\n                        <a href=\"https:\/\/eventiyoga.it\/eventi-yoga\/respiro_di_primavera_un_weekend_di_yoga_e_connessioni-6660\" class=\"yoga-event-link \">Respiro di Primavera, un Weekend di Yoga e Connessioni <\/a>\n                    <\/div>\n                                                        <div class=\"yoga-event-item\">\n                        <span class=\"event-day\">01 Maggio<\/span>\n                        <span class = \"yoga-location-text\">Brescia<\/span>\n                        <a href=\"https:\/\/eventiyoga.it\/eventi-yoga\/weekend_yoga_reset_boario_terme-6364\" class=\"yoga-event-link \">WEEKEND YOGA RESET - BOARIO TERME <\/a>\n                    <\/div>\n                                                        <div class=\"yoga-event-item\">\n                        <span class=\"event-day\">01 Maggio<\/span>\n                        <span class = \"yoga-location-text\">Varese<\/span>\n                        <a href=\"https:\/\/eventiyoga.it\/eventi-yoga\/dove_l_anima_si_riflette_nel_lago-6925\" class=\"yoga-event-link \">Dove L&#039;Anima si Riflette nel Lago<\/a>\n                    <\/div>\n                                                        <div class=\"yoga-event-item\">\n                        <span class=\"event-day\">08 Maggio<\/span>\n                        <span class = \"yoga-location-text\">Como<\/span>\n                        <a href=\"https:\/\/eventiyoga.it\/eventi-yoga\/tornare_al_corpo_attraverso_il_piacere_yoga_qigong_e_camminate_in_natura-7234\" class=\"yoga-event-link \">Tornare al corpo attraverso il piacere Yoga, Qigong e camminate in natura<\/a>\n                    <\/div>\n                                                        <div class=\"yoga-event-item\">\n                        <span class=\"event-day\">15 Maggio<\/span>\n                        <span class = \"yoga-location-text\">Como<\/span>\n                        <a href=\"https:\/\/eventiyoga.it\/eventi-yoga\/weekend_yoga_relax_nella_riserva_naturale_della_val_bova_co-7169\" class=\"yoga-event-link \">Weekend Yoga &amp; Relax nella Riserva Naturale della Val Bova (CO<\/a>\n                    <\/div>\n                                                        <div class=\"yoga-event-item\">\n                        <span class=\"event-day\">15 Maggio<\/span>\n                        <span class = \"yoga-location-text\">Pavia<\/span>\n                        <a href=\"https:\/\/eventiyoga.it\/eventi-yoga\/la_sacra_fiamma_del_femminile-7323\" class=\"yoga-event-link \">La Sacra Fiamma del Femminile<\/a>\n                    <\/div>\n                                                        <div class=\"yoga-event-item\">\n                        <span class=\"event-day\">15 Maggio<\/span>\n                        <span class = \"yoga-location-text\">Bergamo<\/span>\n                        <a href=\"https:\/\/eventiyoga.it\/eventi-yoga\/reset_ritrova_il_ritmo_naturale-7183\" class=\"yoga-event-link \">RESET - Ritrova il Ritmo Naturale<\/a>\n                    <\/div>\n                                                        <div class=\"yoga-event-item\">\n                        <span class=\"event-day\">21 Maggio<\/span>\n                        <span class = \"yoga-location-text\">Como<\/span>\n                        <a href=\"https:\/\/eventiyoga.it\/eventi-yoga\/rituali_di_rigenerazione_ashtanga_nutrizione_consapevole-6520\" class=\"yoga-event-link \">Rituali di Rigenerazione: Ashtanga &amp; Nutrizione consapevole<\/a>\n                    <\/div>\n                                                        <div class=\"yoga-event-item\">\n                        <span class=\"event-day\">23 Maggio<\/span>\n                        <span class = \"yoga-location-text\">Milano<\/span>\n                        <a href=\"https:\/\/eventiyoga.it\/eventi-yoga\/contenere_per_espandere_l_arte_dello_yoga-7250\" class=\"yoga-event-link \">Contenere per espandere: l\u2019arte dello Yoga<\/a>\n                    <\/div>\n                                                        <div class=\"yoga-event-item\">\n                        <span class=\"event-day\">25 Maggio<\/span>\n                        <span class = \"yoga-location-text\">Milano<\/span>\n                        <a href=\"https:\/\/eventiyoga.it\/eventi-yoga\/ritiro_yoga_a_fanano_con_sarah_e_suzann-7042\" class=\"yoga-event-link \">Ritiro Yoga a Fanano con Sarah e Suzann<\/a>\n                    <\/div>\n                                                        <div class=\"yoga-event-item\">\n                        <span class=\"event-day\">30 Maggio<\/span>\n                        <span class = \"yoga-location-text\">Como<\/span>\n                        <a href=\"https:\/\/eventiyoga.it\/eventi-yoga\/digiuno_e_consapevolezza-6266\" class=\"yoga-event-link \">Digiuno e Consapevolezza<\/a>\n                    <\/div>\n                                                        <div class=\"yoga-event-item\">\n                        <span class=\"event-day\">05 Giugno<\/span>\n                        <span class = \"yoga-location-text\">Mantova<\/span>\n                        <a href=\"https:\/\/eventiyoga.it\/eventi-yoga\/ritiro_di_yoga_e_benessere_tra_le_colline_moreniche-6522\" class=\"yoga-event-link \">Ritiro di Yoga e Benessere tra le Colline Moreniche<\/a>\n                    <\/div>\n                                                        <div class=\"yoga-event-item\">\n                        <span class=\"event-day\">06 Giugno<\/span>\n                        <span class = \"yoga-location-text\">Milano<\/span>\n                        <a href=\"https:\/\/eventiyoga.it\/eventi-yoga\/jyotir_teacher_training_modulo_3_30_ore_yoga_alliance-5874\" class=\"yoga-event-link \">JYOTIR TEACHER TRAINING Modulo 3 \u2013  30 Ore Yoga Alliance<\/a>\n                    <\/div>\n                                                        <div class=\"yoga-event-item\">\n                        <span class=\"event-day\">12 Giugno<\/span>\n                        <span class = \"yoga-location-text\">Bergamo<\/span>\n                        <a href=\"https:\/\/eventiyoga.it\/eventi-yoga\/ritiro_di_hatha_e_ashtanga_yoga_nella_natura-6895\" class=\"yoga-event-link \">Ritiro di Hatha e Ashtanga Yoga nella natura<\/a>\n                    <\/div>\n                                                        <div class=\"yoga-event-item\">\n                        <span class=\"event-day\">12 Giugno<\/span>\n                        <span class = \"yoga-location-text\">Brescia<\/span>\n                        <a href=\"https:\/\/eventiyoga.it\/eventi-yoga\/yoga_e_barca_a_vela_retreat_lago_di_garda-6083\" class=\"yoga-event-link \">Yoga e barca a vela Retreat \u2013 Lago di Garda<\/a>\n                    <\/div>\n                                                        <div class=\"yoga-event-item\">\n                        <span class=\"event-day\">12 Giugno<\/span>\n                        <span class = \"yoga-location-text\">Brescia<\/span>\n                        <a href=\"https:\/\/eventiyoga.it\/eventi-yoga\/ritiro_del_silenzio_meditazione_il_coraggio_di_essere_se_stessi-7124\" class=\"yoga-event-link \">RITIRO del SILENZIO-MEDITAZIONE: IL CORAGGIO DI ESSERE SE STESSI<\/a>\n                    <\/div>\n                                                        <div class=\"yoga-event-item\">\n                        <span class=\"event-day\">19 Giugno<\/span>\n                        <span class = \"yoga-location-text\">Como<\/span>\n                        <a href=\"https:\/\/eventiyoga.it\/eventi-yoga\/mindful_retreat_lake_como_torna_a_te-7246\" class=\"yoga-event-link \">Mindful Retreat Lake Como: Torna A Te<\/a>\n                    <\/div>\n                                                        <div class=\"yoga-event-item\">\n                        <span class=\"event-day\">19 Giugno<\/span>\n                        <span class = \"yoga-location-text\">Brescia<\/span>\n                        <a href=\"https:\/\/eventiyoga.it\/eventi-yoga\/meditazione_in_barca_a_vela-6086\" class=\"yoga-event-link \">Meditazione in barca a vela<\/a>\n                    <\/div>\n                                                        <div class=\"yoga-event-item\">\n                        <span class=\"event-day\">03 Luglio<\/span>\n                        <span class = \"yoga-location-text\">Lecco<\/span>\n                        <a href=\"https:\/\/eventiyoga.it\/eventi-yoga\/weekend_yoga_e_montagna_in_valsassina_lombardia-7143\" class=\"yoga-event-link \">Weekend Yoga e Montagna in Valsassina, Lombardia<\/a>\n                    <\/div>\n                                                        <div class=\"yoga-event-item\">\n                        <span class=\"event-day\">03 Luglio<\/span>\n                        <span class = \"yoga-location-text\">Brescia<\/span>\n                        <a href=\"https:\/\/eventiyoga.it\/eventi-yoga\/yoga_e_barca_a_vela_retreat_lago_di_garda-6084\" class=\"yoga-event-link \">Yoga e barca a vela Retreat \u2013 Lago di Garda<\/a>\n                    <\/div>\n                                                        <div class=\"yoga-event-item\">\n                        <span class=\"event-day\">27 Agosto<\/span>\n                        <span class = \"yoga-location-text\">Bergamo<\/span>\n                        <a href=\"https:\/\/eventiyoga.it\/eventi-yoga\/ritiro_di_yoga_al_femminile-6914\" class=\"yoga-event-link \">Ritiro di Yoga al Femminile<\/a>\n                    <\/div>\n                                                        <div class=\"yoga-event-item\">\n                        <span class=\"event-day\">28 Agosto<\/span>\n                        <span class = \"yoga-location-text\">Brescia<\/span>\n                        <a href=\"https:\/\/eventiyoga.it\/eventi-yoga\/yoga_e_barca_a_vela_retreat_lago_di_garda-6085\" class=\"yoga-event-link \">Yoga e barca a vela Retreat \u2013 Lago di Garda<\/a>\n                    <\/div>\n                                                        <div class=\"yoga-event-item\">\n                        <span class=\"event-day\">11 Settembre<\/span>\n                        <span class = \"yoga-location-text\">Brescia<\/span>\n                        <a href=\"https:\/\/eventiyoga.it\/eventi-yoga\/meditazione_in_barca_a_vela-6087\" class=\"yoga-event-link \">Meditazione in barca a vela<\/a>\n                    <\/div>\n                                                        <div class=\"yoga-event-item\">\n                        <span class=\"event-day\">19 Settembre<\/span>\n                        <span class = \"yoga-location-text\">Milano<\/span>\n                        <a href=\"https:\/\/eventiyoga.it\/eventi-yoga\/teacher_training_ashtanga_yoga_ryt_200_yoga_alliance_america-6606\" class=\"yoga-event-link \">Teacher Training Ashtanga Yoga RYT 200 Yoga Alliance America<\/a>\n                    <\/div>\n                                                        <div class=\"yoga-event-item\">\n                        <span class=\"event-day\">26 Settembre<\/span>\n                        <span class = \"yoga-location-text\">Pavia<\/span>\n                        <a href=\"https:\/\/eventiyoga.it\/eventi-yoga\/corso_insegnanti_yoga_200hrs_maharani_flow_pavia-6816\" class=\"yoga-event-link \">Corso Insegnanti Yoga 200HRS Maharani Flow, Pavia<\/a>\n                    <\/div>\n                                                        <div class=\"yoga-event-item\">\n                        <span class=\"event-day\">10 Ottobre<\/span>\n                        <span class = \"yoga-location-text\">Milano<\/span>\n                        <a href=\"https:\/\/eventiyoga.it\/eventi-yoga\/jyotir_teacher_training_modulo_4_30_ore_yoga_alliance-5875\" class=\"yoga-event-link \">JYOTIR TEACHER TRAINING  Modulo 4 \u2013 30 Ore Yoga Alliance<\/a>\n                    <\/div>\n                            <\/div>\n        <\/div>\n        \n\n\n\n<h2 class=\"wp-block-heading\" id=\"h-scarica-l-app-eventi-yoga\">Scarica l&#8217;APP Eventi Yoga<\/h2>\n\n\n\n<div class=\"wp-block-media-text alignwide is-stacked-on-mobile\"><figure class=\"wp-block-media-text__media\"><img decoding=\"async\" src=\"data:image\/gif;base64,R0lGODlhAQABAIAAAAAAAP\/\/\/yH5BAEAAAAALAAAAAABAAEAAAIBRAA7\" data-src=\"https:\/\/eventiyoga.it\/blog\/wp-content\/uploads\/2020\/09\/scarica_app_eventiyoga-1.jpg\" alt=\"Scarica App EventiYoga\" class=\"wp-image-23454 size-full\"\/><noscript><img loading=\"lazy\" decoding=\"async\" width=\"1024\" height=\"768\" src=\"https:\/\/eventiyoga.it\/blog\/wp-content\/uploads\/2020\/09\/scarica_app_eventiyoga-1.jpg\" alt=\"Scarica App EventiYoga\" class=\"wp-image-23454 size-full\" srcset=\"https:\/\/eventiyoga.it\/blog\/wp-content\/uploads\/2020\/09\/scarica_app_eventiyoga-1.jpg 1024w, https:\/\/eventiyoga.it\/blog\/wp-content\/uploads\/2020\/09\/scarica_app_eventiyoga-1-300x225.jpg 300w, https:\/\/eventiyoga.it\/blog\/wp-content\/uploads\/2020\/09\/scarica_app_eventiyoga-1-768x576.jpg 768w, https:\/\/eventiyoga.it\/blog\/wp-content\/uploads\/2020\/09\/scarica_app_eventiyoga-1-200x150.jpg 200w, https:\/\/eventiyoga.it\/blog\/wp-content\/uploads\/2020\/09\/scarica_app_eventiyoga-1-600x450.jpg 600w\" sizes=\"auto, (max-width: 1024px) 100vw, 1024px\" \/><\/noscript><\/figure><div class=\"wp-block-media-text__content\">\n<p class=\"has-large-font-size\"><a href=\"https:\/\/eventiyoga.it\/blog\/app-eventiyoga\/\" class=\"ek-link\">Scarica l&#8217;APP <br>Eventi Yoga<\/a><\/p>\n<\/div><\/div>\n\n\n\n<p class=\"has-text-align-center\">Scarica l\u2019App di Eventi Yoga<\/p>\n\n\n\n<p class=\"has-text-align-center\" id=\"block-68cf4cf1-ec23-4bba-beb8-532006304b3c\"><a href=\"https:\/\/apps.apple.com\/us\/app\/id1514783292\" target=\"_blank\" rel=\"noreferrer noopener\" class=\"ek-link\"><strong>App Eventi Yoga per iOS<\/strong><\/a><\/p>\n\n\n\n<p class=\"has-text-align-center\" id=\"block-cdf6bb43-5eae-4253-970a-48fb0b59e54a\"><a href=\"https:\/\/play.google.com\/store\/apps\/details?id=com.maugry.yoga\" target=\"_blank\" rel=\"noreferrer noopener\" class=\"ek-link\"><strong>App Eventi Yoga per Android<\/strong><\/a><\/p>\n\n\n\n<h2 class=\"wp-block-heading\" id=\"h-non-solo-corsi-yoga-a-bergamo-ecco-cosa-possiamo-fare-per-te\">Non solo corsi yoga a Bergamo: ecco cosa possiamo fare per te<\/h2>\n\n\n\n<p><strong>Eventi Yoga<\/strong> \u00e8 un portale per gli amanti dello yoga che pu\u00f2 rivelarsi molto utile sia che tu sia un praticante, sia che tu sia un insegnante o un titolare di un centro yoga. Vediamo insieme perch\u00e9.<\/p>\n\n\n\n<h3 class=\"wp-block-heading\" id=\"h-se-sei-un-praticante\">Se sei un praticante<\/h3>\n\n\n\n<p>Eventi Yoga pu\u00f2 esserti utile nella pratica e pu\u00f2 fare al caso tuo per diversi motivi. Nell\u2019articolo <strong><a href=\"https:\/\/eventiyoga.it\/blog\/come-usare-al-meglio-il-portale-eventiyoga\/\">Come usare al meglio il portale Eventi Yoga<\/a><\/strong> puoi trovare tutti i dettagli su come scoprire il nostro sito web e come usarlo per fare parte della nostra community sempre pi\u00f9 numerosa.<\/p>\n\n\n\n<p>Qui ti ricordiamo solamente che Eventi Yoga \u00e8 un <strong>\u201ccatalogo\/calendario\u201d online di <a href=\"https:\/\/eventiyoga.it\/eventi-yoga\/\">eventi yoga<\/a><\/strong> sempre aggiornato e suddiviso per mesi: puoi cercare (e trovare!) gli eventi di yoga \u2013 corsi, workshop, ritiri, vacanze, etc. \u2013 organizzati in Italia e all\u2019estero.<\/p>\n\n\n\n<p>Naturalmente, oltre agli eventi, puoi visualizzare anche una ricchissima banca dati di<strong> <a href=\"https:\/\/eventiyoga.it\/blog\/corsi-yoga\/\">corsi<\/a>, <a href=\"https:\/\/eventiyoga.it\/centri-yoga\/\">centri<\/a>, <a href=\"https:\/\/eventiyoga.it\/insegnanti-yoga\/\">insegnanti<\/a> <\/strong>e<strong> <a href=\"https:\/\/eventiyoga.it\/strutture-yoga\/\">strutture<\/a><\/strong> che ospitano eventi di yoga.<\/p>\n\n\n\n<h3 class=\"wp-block-heading\" id=\"h-se-sei-un-insegnante-o-hai-un-centro-yoga\">Se sei un insegnante o hai un centro yoga<\/h3>\n\n\n\n<p>In tal caso Eventi <a href=\"https:\/\/eventiyoga.it\/blog\/yoga-principianti\/\">Yoga ti \u00e8 utile<\/a> per accrescere la tua visibilit\u00e0 e farti conoscere da una community di appassionati. Infatti, puoi <strong>pubblicare gratuitamente il tuo profilo insegnante o il tuo centro yoga<\/strong> sul nostro portale, raggiungendo cos\u00ec il tuo target di riferimento. La pubblicazione \u00e8 davvero semplice. Ricapitoliamo qui di seguito le guide che, passo passo, ti spiegano come fare parte del nostro portale:<\/p>\n\n\n\n<ul class=\"wp-block-list\">\n<li><a href=\"https:\/\/eventiyoga.it\/blog\/come-pubblicare-centro-yoga-su-eventiyoga\/\">come pubblicare un centro yoga su EventiYoga<\/a><\/li>\n\n\n\n<li><a href=\"https:\/\/eventiyoga.it\/blog\/come-pubblicare-profilo-insegnante\/\">pubblicare il profilo insegnante su EventiYoga<\/a><\/li>\n\n\n\n<li><a href=\"https:\/\/eventiyoga.it\/blog\/come-pubblicare-un-evento-su-eventiyoga\/\">come pubblicare un evento su EventiYoga<\/a><\/li>\n<\/ul>\n\n\n\n<div class=\"wp-block-buttons is-horizontal is-content-justification-center is-layout-flex wp-container-core-buttons-is-layout-499968f5 wp-block-buttons-is-layout-flex\">\n<div class=\"wp-block-button\"><a class=\"wp-block-button__link has-background wp-element-button\" href=\"https:\/\/eventiyoga.it\/centri-yoga\/\" style=\"background-color:#944c93\"><strong>AGGIUNGI IL TUO CENTRO ALLA DIRECTORY SU EVENTIYOGA<\/strong><\/a><\/div>\n<\/div>\n\n\n\n<h3 class=\"wp-block-heading\" id=\"h-il-blog\">Il blog<\/h3>\n\n\n\n<p>Ovviamente non \u00e8 tutto, Eventi Yoga \u00e8 molto, molto di pi\u00f9: la sezione <strong><a href=\"https:\/\/eventiyoga.it\/blog\/blog\/\">Blog<\/a><\/strong> \u00e8 un serbatoio di informazioni utili, news e curiosit\u00e0 dal mondo dello yoga, con suggerimenti pratici e ben dettagliati su un\u2019infinit\u00e0 di temi molto cari ai praticanti e agli insegnanti: dalle posizioni yoga ai consigli sull\u2019alimentazione ottimale per uno yogi, dai vari tipi di yoga alla scelta dell\u2019abbigliamento e degli accessori per praticare nel migliore dei modi.<\/p>\n\n\n\n<h3 class=\"wp-block-heading\" id=\"h-i-numeri-del-nostro-sito-web\">I numeri del nostro sito web<\/h3>\n\n\n\n<ul class=\"wp-block-list\">\n<li><strong>60.000<\/strong> utenti attivi ogni mese<\/li>\n\n\n\n<li>Pi\u00f9 di<strong> 8.000 <\/strong>iscritti alla nostra newsletter<\/li>\n\n\n\n<li><strong>5.651<\/strong> eventi e corsi pubblicati (200 nuovi ogni mese)<\/li>\n\n\n\n<li><strong>916<\/strong> corsi di yoga<\/li>\n\n\n\n<li><strong>2.300 <\/strong>professionisti iscritti al portale<\/li>\n<\/ul>\n\n\n\n<h3 class=\"wp-block-heading\" id=\"h-la-nostra-community-su-facebook\">La nostra community su Facebook<\/h3>\n\n\n\n<ul class=\"wp-block-list\">\n<li>Oltre <strong>16.000<\/strong> followers<\/li>\n\n\n\n<li>Pi\u00f9 di <strong>6.200 <\/strong>iscritti al Gruppo<\/li>\n\n\n\n<li><strong>Condivisione quotidiana<\/strong> di corsi, eventi e notizie<\/li>\n<\/ul>\n\n\n\n<h2 class=\"wp-block-heading\" id=\"h-altre-risorse-interessanti-per-te\">Altre risorse interessanti per te<\/h2>\n\n\n\n<p><a href=\"https:\/\/eventiyoga.it\/blog\/liste\/lista-centri-stili\"><strong>Lista Centri Yoga per Stile di Yoga<\/strong><\/a><\/p>\n\n\n\n<p><a href=\"https:\/\/eventiyoga.it\/blog\/dieci-centri-yoga-da-non-perdere-a-milano\/\"><strong>Dieci centri yoga da non perdere a Milano<\/strong><\/a><\/p>\n\n\n\n<p><a href=\"https:\/\/eventiyoga.it\/blog\/dieci-centri-yoga-da-non-perdere-a-roma\/\"><strong>Dieci centri yoga da non perdere a Roma<\/strong><\/a><\/p>\n\n\n\n<p><strong><a href=\"https:\/\/eventiyoga.it\/blog\/yoga-firenze\/\">Centri Yoga a Firenze: dieci corsi da non perdere<\/a><\/strong><\/p>\n\n\n\n<p><strong><a href=\"https:\/\/eventiyoga.it\/blog\/corsi-yoga-torino\/\">Dieci centri yoga da non perdere a Torino<\/a><\/strong><\/p>\n\n\n\n<p><strong><a href=\"https:\/\/eventiyoga.it\/blog\/centri-yoga-a-bologna-i-corsi-yoga-da-non-perdere-a-bologna\/\">Centri Yoga a Bologna: i corsi yoga da non perdere a Bologna<\/a><\/strong><\/p>\n\n\n\n<p><strong><a href=\"https:\/\/eventiyoga.it\/blog\/yoga-napoli\/\" class=\"ek-link\">Centri Yoga a Napoli: i corsi yoga da non perdere a Napoli<\/a><\/strong><\/p>\n\n\n\n<figure class=\"wp-block-image\"><a href=\"https:\/\/eventiyoga.it\/blog\/newsletter-eventi-yoga\/\"><img decoding=\"async\" src=\"data:image\/gif;base64,R0lGODlhAQABAIAAAAAAAP\/\/\/yH5BAEAAAAALAAAAAABAAEAAAIBRAA7\" data-src=\"https:\/\/eventiyoga.it\/blog\/wp-content\/uploads\/2019\/10\/Banner-Iscrizione-NL.jpg\" alt=\"\" class=\"wp-image-16731\"\/><noscript><img decoding=\"async\" src=\"https:\/\/eventiyoga.it\/blog\/wp-content\/uploads\/2019\/10\/Banner-Iscrizione-NL.jpg\" alt=\"\" class=\"wp-image-16731\"\/><\/noscript><\/a><\/figure>\n\n\n\n<h2 class=\"wp-block-heading\" id=\"h-gli-indispensabili-per-lo-yoga\">Gli indispensabili per lo yoga<\/h2>\n\n\n\n<p><strong><a href=\"https:\/\/www.reyoga.it\/shop\/it\/36-tappetini-yoga?ry=3\">Scopri qui i migliori tappetini yoga<\/a><\/strong>&nbsp;ed altri accessori per la tua pratica quotidiana.<\/p>\n\n\n\n<figure class=\"wp-block-image\"><a href=\"https:\/\/www.reyoga.it\/shop\/it\/?ry=3\"><img decoding=\"async\" src=\"data:image\/gif;base64,R0lGODlhAQABAIAAAAAAAP\/\/\/yH5BAEAAAAALAAAAAABAAEAAAIBRAA7\" data-src=\"https:\/\/eventiyoga.it\/blog\/wp-content\/uploads\/2019\/11\/Montaggio-Prodotti-1024x554.jpg\" alt=\"\" class=\"wp-image-17484\"\/><noscript><img decoding=\"async\" src=\"https:\/\/eventiyoga.it\/blog\/wp-content\/uploads\/2019\/11\/Montaggio-Prodotti-1024x554.jpg\" alt=\"\" class=\"wp-image-17484\"\/><\/noscript><\/a><figcaption class=\"wp-element-caption\">I migliori prodotti e accessori per la tua pratica yoga<\/figcaption><\/figure>\n\n\n\n<div class=\"wp-block-buttons is-horizontal is-content-justification-center is-layout-flex wp-container-core-buttons-is-layout-499968f5 wp-block-buttons-is-layout-flex\">\n<div class=\"wp-block-button\"><a class=\"wp-block-button__link has-background wp-element-button\" href=\"\" style=\"background-color:#d82098\" target=\"_blank\" rel=\"noreferrer noopener\"><strong>SCOPRI QUI I MIGLIORI PRODOTTI PER LA TUA PRATICA YOGA<\/strong><\/a><\/div>\n<\/div>\n","protected":false},"excerpt":{"rendered":"<p>Pratichi yoga e stai cercando corsi yoga a Bergamo? Oppure sei un insegnante di yoga e vuoi presentarti a un centro yoga bergamasco per proporre la tua professionalit\u00e0? O ancora sei titolare di un centro yoga in un\u2019altra citt\u00e0 italiana e vuoi conoscere da vicino le attivit\u00e0 dei tuoi \u201ccolleghi\u201d bergamaschi? Qualunque sia il motivo [&hellip;]<\/p>\n","protected":false},"author":363,"featured_media":22379,"comment_status":"open","ping_status":"open","sticky":false,"template":"","format":"standard","meta":{"_acf_changed":false,"_editorskit_title_hidden":false,"_editorskit_reading_time":4,"_editorskit_is_block_options_detached":false,"_editorskit_block_options_position":"{}","footnotes":""},"categories":[41],"tags":[333,38],"class_list":["post-22378","post","type-post","status-publish","format-standard","has-post-thumbnail","hentry","category-tips","tag-centri-yoga","tag-praticare-yoga"],"acf":[],"yoast_head":"<!-- This site is optimized with the Yoast SEO plugin v26.4 - https:\/\/yoast.com\/wordpress\/plugins\/seo\/ -->\n<title>Centri Yoga a Bergamo: i corsi yoga da non perdere a Bergamo - Eventi Yoga<\/title>\n<meta name=\"description\" content=\"Centri Yoga a Bergamo: i corsi yoga da non perdere a Bergamo. Una panoramica per farti trovare i principali corsi yoga nella graziosa citt\u00e0 lombarda.\" \/>\n<meta name=\"robots\" content=\"index, follow, max-snippet:-1, max-image-preview:large, max-video-preview:-1\" \/>\n<link rel=\"canonical\" href=\"https:\/\/eventiyoga.it\/blog\/yoga-bergamo\/\" \/>\n<meta property=\"og:locale\" content=\"en_US\" \/>\n<meta property=\"og:type\" content=\"article\" \/>\n<meta property=\"og:title\" content=\"Centri Yoga a Bergamo: i corsi yoga da non perdere a Bergamo - Eventi Yoga\" \/>\n<meta property=\"og:description\" content=\"Centri Yoga a Bergamo: i corsi yoga da non perdere a Bergamo. Una panoramica per farti trovare i principali corsi yoga nella graziosa citt\u00e0 lombarda.\" \/>\n<meta property=\"og:url\" content=\"https:\/\/eventiyoga.it\/blog\/yoga-bergamo\/\" \/>\n<meta property=\"og:site_name\" content=\"Eventi Yoga\" \/>\n<meta property=\"article:published_time\" content=\"2020-07-15T00:49:00+00:00\" \/>\n<meta property=\"article:modified_time\" content=\"2025-12-11T04:06:59+00:00\" \/>\n<meta property=\"og:image\" content=\"https:\/\/eventiyoga.it\/blog\/wp-content\/uploads\/2020\/07\/centri_yoga-bergamo-facebook.jpg\" \/>\n\t<meta property=\"og:image:width\" content=\"1024\" \/>\n\t<meta property=\"og:image:height\" content=\"768\" \/>\n\t<meta property=\"og:image:type\" content=\"image\/jpeg\" \/>\n<meta name=\"twitter:card\" content=\"summary_large_image\" \/>\n<meta name=\"twitter:label1\" content=\"Written by\" \/>\n\t<meta name=\"twitter:data1\" content=\"\" \/>\n\t<meta name=\"twitter:label2\" content=\"Est. reading time\" \/>\n\t<meta name=\"twitter:data2\" content=\"7 minutes\" \/>\n<script type=\"application\/ld+json\" class=\"yoast-schema-graph\">{\"@context\":\"https:\/\/schema.org\",\"@graph\":[{\"@type\":\"WebPage\",\"@id\":\"https:\/\/eventiyoga.it\/blog\/yoga-bergamo\/\",\"url\":\"https:\/\/eventiyoga.it\/blog\/yoga-bergamo\/\",\"name\":\"Centri Yoga a Bergamo: i corsi yoga da non perdere a Bergamo - Eventi Yoga\",\"isPartOf\":{\"@id\":\"https:\/\/eventiyoga.it\/blog\/#website\"},\"primaryImageOfPage\":{\"@id\":\"https:\/\/eventiyoga.it\/blog\/yoga-bergamo\/#primaryimage\"},\"image\":{\"@id\":\"https:\/\/eventiyoga.it\/blog\/yoga-bergamo\/#primaryimage\"},\"thumbnailUrl\":\"https:\/\/eventiyoga.it\/blog\/wp-content\/uploads\/2020\/07\/centri_yoga-bergamo-facebook.jpg\",\"datePublished\":\"2020-07-15T00:49:00+00:00\",\"dateModified\":\"2025-12-11T04:06:59+00:00\",\"author\":{\"@id\":\"\"},\"description\":\"Centri Yoga a Bergamo: i corsi yoga da non perdere a Bergamo. Una panoramica per farti trovare i principali corsi yoga nella graziosa citt\u00e0 lombarda.\",\"breadcrumb\":{\"@id\":\"https:\/\/eventiyoga.it\/blog\/yoga-bergamo\/#breadcrumb\"},\"inLanguage\":\"en-US\",\"potentialAction\":[{\"@type\":\"ReadAction\",\"target\":[\"https:\/\/eventiyoga.it\/blog\/yoga-bergamo\/\"]}]},{\"@type\":\"ImageObject\",\"inLanguage\":\"en-US\",\"@id\":\"https:\/\/eventiyoga.it\/blog\/yoga-bergamo\/#primaryimage\",\"url\":\"https:\/\/eventiyoga.it\/blog\/wp-content\/uploads\/2020\/07\/centri_yoga-bergamo-facebook.jpg\",\"contentUrl\":\"https:\/\/eventiyoga.it\/blog\/wp-content\/uploads\/2020\/07\/centri_yoga-bergamo-facebook.jpg\",\"width\":1024,\"height\":768,\"caption\":\"yoga Bergamo\"},{\"@type\":\"BreadcrumbList\",\"@id\":\"https:\/\/eventiyoga.it\/blog\/yoga-bergamo\/#breadcrumb\",\"itemListElement\":[{\"@type\":\"ListItem\",\"position\":1,\"name\":\"Home\",\"item\":\"https:\/\/eventiyoga.it\/blog\/\"},{\"@type\":\"ListItem\",\"position\":2,\"name\":\"Centri Yoga a Bergamo: i corsi yoga da non perdere a Bergamo\"}]},{\"@type\":\"WebSite\",\"@id\":\"https:\/\/eventiyoga.it\/blog\/#website\",\"url\":\"https:\/\/eventiyoga.it\/blog\/\",\"name\":\"Eventi Yoga\",\"description\":\"Il portale Italiano per gli eventi dello yoga\",\"potentialAction\":[{\"@type\":\"SearchAction\",\"target\":{\"@type\":\"EntryPoint\",\"urlTemplate\":\"https:\/\/eventiyoga.it\/blog\/?s={search_term_string}\"},\"query-input\":{\"@type\":\"PropertyValueSpecification\",\"valueRequired\":true,\"valueName\":\"search_term_string\"}}],\"inLanguage\":\"en-US\"},{\"@type\":\"Person\",\"@id\":\"\",\"url\":\"https:\/\/eventiyoga.it\/blog\/author\/\"}]}<\/script>\n<!-- \/ Yoast SEO plugin. -->","yoast_head_json":{"title":"Centri Yoga a Bergamo: i corsi yoga da non perdere a Bergamo - Eventi Yoga","description":"Centri Yoga a Bergamo: i corsi yoga da non perdere a Bergamo. Una panoramica per farti trovare i principali corsi yoga nella graziosa citt\u00e0 lombarda.","robots":{"index":"index","follow":"follow","max-snippet":"max-snippet:-1","max-image-preview":"max-image-preview:large","max-video-preview":"max-video-preview:-1"},"canonical":"https:\/\/eventiyoga.it\/blog\/yoga-bergamo\/","og_locale":"en_US","og_type":"article","og_title":"Centri Yoga a Bergamo: i corsi yoga da non perdere a Bergamo - Eventi Yoga","og_description":"Centri Yoga a Bergamo: i corsi yoga da non perdere a Bergamo. Una panoramica per farti trovare i principali corsi yoga nella graziosa citt\u00e0 lombarda.","og_url":"https:\/\/eventiyoga.it\/blog\/yoga-bergamo\/","og_site_name":"Eventi Yoga","article_published_time":"2020-07-15T00:49:00+00:00","article_modified_time":"2025-12-11T04:06:59+00:00","og_image":[{"width":1024,"height":768,"url":"https:\/\/eventiyoga.it\/blog\/wp-content\/uploads\/2020\/07\/centri_yoga-bergamo-facebook.jpg","type":"image\/jpeg"}],"twitter_card":"summary_large_image","twitter_misc":{"Written by":"","Est. reading time":"7 minutes"},"schema":{"@context":"https:\/\/schema.org","@graph":[{"@type":"WebPage","@id":"https:\/\/eventiyoga.it\/blog\/yoga-bergamo\/","url":"https:\/\/eventiyoga.it\/blog\/yoga-bergamo\/","name":"Centri Yoga a Bergamo: i corsi yoga da non perdere a Bergamo - Eventi Yoga","isPartOf":{"@id":"https:\/\/eventiyoga.it\/blog\/#website"},"primaryImageOfPage":{"@id":"https:\/\/eventiyoga.it\/blog\/yoga-bergamo\/#primaryimage"},"image":{"@id":"https:\/\/eventiyoga.it\/blog\/yoga-bergamo\/#primaryimage"},"thumbnailUrl":"https:\/\/eventiyoga.it\/blog\/wp-content\/uploads\/2020\/07\/centri_yoga-bergamo-facebook.jpg","datePublished":"2020-07-15T00:49:00+00:00","dateModified":"2025-12-11T04:06:59+00:00","author":{"@id":""},"description":"Centri Yoga a Bergamo: i corsi yoga da non perdere a Bergamo. Una panoramica per farti trovare i principali corsi yoga nella graziosa citt\u00e0 lombarda.","breadcrumb":{"@id":"https:\/\/eventiyoga.it\/blog\/yoga-bergamo\/#breadcrumb"},"inLanguage":"en-US","potentialAction":[{"@type":"ReadAction","target":["https:\/\/eventiyoga.it\/blog\/yoga-bergamo\/"]}]},{"@type":"ImageObject","inLanguage":"en-US","@id":"https:\/\/eventiyoga.it\/blog\/yoga-bergamo\/#primaryimage","url":"https:\/\/eventiyoga.it\/blog\/wp-content\/uploads\/2020\/07\/centri_yoga-bergamo-facebook.jpg","contentUrl":"https:\/\/eventiyoga.it\/blog\/wp-content\/uploads\/2020\/07\/centri_yoga-bergamo-facebook.jpg","width":1024,"height":768,"caption":"yoga Bergamo"},{"@type":"BreadcrumbList","@id":"https:\/\/eventiyoga.it\/blog\/yoga-bergamo\/#breadcrumb","itemListElement":[{"@type":"ListItem","position":1,"name":"Home","item":"https:\/\/eventiyoga.it\/blog\/"},{"@type":"ListItem","position":2,"name":"Centri Yoga a Bergamo: i corsi yoga da non perdere a Bergamo"}]},{"@type":"WebSite","@id":"https:\/\/eventiyoga.it\/blog\/#website","url":"https:\/\/eventiyoga.it\/blog\/","name":"Eventi Yoga","description":"Il portale Italiano per gli eventi dello yoga","potentialAction":[{"@type":"SearchAction","target":{"@type":"EntryPoint","urlTemplate":"https:\/\/eventiyoga.it\/blog\/?s={search_term_string}"},"query-input":{"@type":"PropertyValueSpecification","valueRequired":true,"valueName":"search_term_string"}}],"inLanguage":"en-US"},{"@type":"Person","@id":"","url":"https:\/\/eventiyoga.it\/blog\/author\/"}]}},"_links":{"self":[{"href":"https:\/\/eventiyoga.it\/blog\/wp-json\/wp\/v2\/posts\/22378","targetHints":{"allow":["GET"]}}],"collection":[{"href":"https:\/\/eventiyoga.it\/blog\/wp-json\/wp\/v2\/posts"}],"about":[{"href":"https:\/\/eventiyoga.it\/blog\/wp-json\/wp\/v2\/types\/post"}],"author":[{"embeddable":true,"href":"https:\/\/eventiyoga.it\/blog\/wp-json\/wp\/v2\/users\/363"}],"replies":[{"embeddable":true,"href":"https:\/\/eventiyoga.it\/blog\/wp-json\/wp\/v2\/comments?post=22378"}],"version-history":[{"count":1,"href":"https:\/\/eventiyoga.it\/blog\/wp-json\/wp\/v2\/posts\/22378\/revisions"}],"predecessor-version":[{"id":71668,"href":"https:\/\/eventiyoga.it\/blog\/wp-json\/wp\/v2\/posts\/22378\/revisions\/71668"}],"wp:featuredmedia":[{"embeddable":true,"href":"https:\/\/eventiyoga.it\/blog\/wp-json\/wp\/v2\/media\/22379"}],"wp:attachment":[{"href":"https:\/\/eventiyoga.it\/blog\/wp-json\/wp\/v2\/media?parent=22378"}],"wp:term":[{"taxonomy":"category","embeddable":true,"href":"https:\/\/eventiyoga.it\/blog\/wp-json\/wp\/v2\/categories?post=22378"},{"taxonomy":"post_tag","embeddable":true,"href":"https:\/\/eventiyoga.it\/blog\/wp-json\/wp\/v2\/tags?post=22378"}],"curies":[{"name":"wp","href":"https:\/\/api.w.org\/{rel}","templated":true}]}}