{"id":22602,"date":"2026-03-11T07:53:16","date_gmt":"2026-03-11T06:53:16","guid":{"rendered":"https:\/\/eventiyoga.it\/blog\/?p=22602"},"modified":"2026-03-11T07:54:37","modified_gmt":"2026-03-11T06:54:37","slug":"vacanza-yoga-agosto","status":"publish","type":"post","link":"https:\/\/eventiyoga.it\/blog\/vacanza-yoga-agosto\/","title":{"rendered":"Vacanza Agosto | Migliori Offerte Vacanze Yoga e Benessere"},"content":{"rendered":"\n<div style=\"height:40px\" aria-hidden=\"true\" class=\"wp-block-spacer\"><\/div>\n\n\n\n<p>Siamo ormai in piena estate. La voglia di staccare, di rilassarsi, di rigenerarsi, di prendersi del tempo per s\u00e9 \u00e8 sempre pi\u00f9 forte. E se pratichi yoga \u00e8 facile intuire che tu non veda l\u2019ora di <strong><em>abbinare le vacanze a un ritiro yoga<\/em><\/strong>. D\u2019altro canto, se sei un insegnante pu\u00f2 essere che tu stia valutando di organizzare <strong>un corso residenziale o una vacanza yoga<\/strong>. Sia che tu sia praticante o insegnante, sei capitato nel posto giusto al momento giusto. In questo articolo, infatti, dedichiamo l\u2019attenzione alle <strong><em>vacanze agosto<\/em><\/strong>, dando consigli sulle destinazioni e proponendoti soggiorni all\u2019insegna dello yoga e del relax. E se sei un insegnante, hai l\u2019occasione di vedere cosa propongono i tuoi colleghi per ispirarti e spingerti a proporre qualcosa anche tu. Buona lettura, buona pratica e\u2026 Buon viaggio!<\/p>\n\n\n\n<hr class=\"wp-block-separator has-text-color has-white-color has-alpha-channel-opacity has-white-background-color has-background\"\/>\n\n\n\n<figure class=\"wp-block-image size-full caption-align-center\"><a href=\"https:\/\/eventiyoga.it\/blog\/wp-content\/uploads\/2020\/07\/Offerte-vacanza-yoga-agosto.jpg\"><img decoding=\"async\" src=\"data:image\/gif;base64,R0lGODlhAQABAIAAAAAAAP\/\/\/yH5BAEAAAAALAAAAAABAAEAAAIBRAA7\" data-src=\"https:\/\/eventiyoga.it\/blog\/wp-content\/uploads\/2020\/07\/Offerte-vacanza-yoga-agosto.jpg\" alt=\"Offerte vacanza yoga agosto\" class=\"wp-image-51597\"\/><noscript><img decoding=\"async\" src=\"https:\/\/eventiyoga.it\/blog\/wp-content\/uploads\/2020\/07\/Offerte-vacanza-yoga-agosto.jpg\" alt=\"Offerte vacanza yoga agosto\" class=\"wp-image-51597\"\/><\/noscript><\/a><figcaption class=\"wp-element-caption\"><em>Yoga e Meditazione al mare: vacanza agosto<\/em><\/figcaption><\/figure>\n\n\n\n<hr class=\"wp-block-separator has-text-color has-white-color has-alpha-channel-opacity has-white-background-color has-background\"\/>\n\n\n\n<div id=\"ez-toc-container\" class=\"ez-toc-v2_0_68_1 counter-hierarchy ez-toc-counter ez-toc-grey ez-toc-container-direction\">\n<div class=\"ez-toc-title-container\">\n<p class=\"ez-toc-title \" >Indice<\/p>\n<span class=\"ez-toc-title-toggle\"><a href=\"#\" class=\"ez-toc-pull-right ez-toc-btn ez-toc-btn-xs ez-toc-btn-default ez-toc-toggle\" aria-label=\"Toggle Table of Content\"><span class=\"ez-toc-js-icon-con\"><span class=\"\"><span class=\"eztoc-hide\" style=\"display:none;\">Toggle<\/span><span class=\"ez-toc-icon-toggle-span\"><svg style=\"fill: #999;color:#999\" xmlns=\"http:\/\/www.w3.org\/2000\/svg\" class=\"list-377408\" width=\"20px\" height=\"20px\" viewBox=\"0 0 24 24\" fill=\"none\"><path d=\"M6 6H4v2h2V6zm14 0H8v2h12V6zM4 11h2v2H4v-2zm16 0H8v2h12v-2zM4 16h2v2H4v-2zm16 0H8v2h12v-2z\" fill=\"currentColor\"><\/path><\/svg><svg style=\"fill: #999;color:#999\" class=\"arrow-unsorted-368013\" xmlns=\"http:\/\/www.w3.org\/2000\/svg\" width=\"10px\" height=\"10px\" viewBox=\"0 0 24 24\" version=\"1.2\" baseProfile=\"tiny\"><path d=\"M18.2 9.3l-6.2-6.3-6.2 6.3c-.2.2-.3.4-.3.7s.1.5.3.7c.2.2.4.3.7.3h11c.3 0 .5-.1.7-.3.2-.2.3-.5.3-.7s-.1-.5-.3-.7zM5.8 14.7l6.2 6.3 6.2-6.3c.2-.2.3-.5.3-.7s-.1-.5-.3-.7c-.2-.2-.4-.3-.7-.3h-11c-.3 0-.5.1-.7.3-.2.2-.3.5-.3.7s.1.5.3.7z\"\/><\/svg><\/span><\/span><\/span><\/a><\/span><\/div>\n<nav><ul class='ez-toc-list ez-toc-list-level-1 ' ><li class='ez-toc-page-1 ez-toc-heading-level-2'><a class=\"ez-toc-link ez-toc-heading-1\" href=\"https:\/\/eventiyoga.it\/blog\/vacanza-yoga-agosto\/#Vacanza_yoga_agosto_gli_aspetti_da_considerare_prima_di_prenotare\" title=\"Vacanza yoga agosto: gli aspetti da considerare prima di prenotare\">Vacanza yoga agosto: gli aspetti da considerare prima di prenotare<\/a><\/li><li class='ez-toc-page-1 ez-toc-heading-level-2'><a class=\"ez-toc-link ez-toc-heading-2\" href=\"https:\/\/eventiyoga.it\/blog\/vacanza-yoga-agosto\/#Vacanza_yoga_agosto_le_proposte_di_Eventi_Yoga\" title=\"Vacanza yoga agosto: le proposte di Eventi Yoga\">Vacanza yoga agosto: le proposte di Eventi Yoga<\/a><\/li><li class='ez-toc-page-1 ez-toc-heading-level-2'><a class=\"ez-toc-link ez-toc-heading-3\" href=\"https:\/\/eventiyoga.it\/blog\/vacanza-yoga-agosto\/#Abruzzo\" title=\"Abruzzo\">Abruzzo<\/a><\/li><li class='ez-toc-page-1 ez-toc-heading-level-2'><a class=\"ez-toc-link ez-toc-heading-4\" href=\"https:\/\/eventiyoga.it\/blog\/vacanza-yoga-agosto\/#Campania\" title=\"Campania\">Campania<\/a><\/li><li class='ez-toc-page-1 ez-toc-heading-level-2'><a class=\"ez-toc-link ez-toc-heading-5\" href=\"https:\/\/eventiyoga.it\/blog\/vacanza-yoga-agosto\/#Emilia_Romagna\" title=\"Emilia Romagna\">Emilia Romagna<\/a><\/li><li class='ez-toc-page-1 ez-toc-heading-level-2'><a class=\"ez-toc-link ez-toc-heading-6\" href=\"https:\/\/eventiyoga.it\/blog\/vacanza-yoga-agosto\/#Lazio\" title=\"Lazio\">Lazio<\/a><\/li><li class='ez-toc-page-1 ez-toc-heading-level-2'><a class=\"ez-toc-link ez-toc-heading-7\" href=\"https:\/\/eventiyoga.it\/blog\/vacanza-yoga-agosto\/#Liguria\" title=\"Liguria\">Liguria<\/a><\/li><li class='ez-toc-page-1 ez-toc-heading-level-2'><a class=\"ez-toc-link ez-toc-heading-8\" href=\"https:\/\/eventiyoga.it\/blog\/vacanza-yoga-agosto\/#Lombardia\" title=\"Lombardia\">Lombardia<\/a><\/li><li class='ez-toc-page-1 ez-toc-heading-level-2'><a class=\"ez-toc-link ez-toc-heading-9\" href=\"https:\/\/eventiyoga.it\/blog\/vacanza-yoga-agosto\/#Marche\" title=\"Marche\">Marche<\/a><\/li><li class='ez-toc-page-1 ez-toc-heading-level-2'><a class=\"ez-toc-link ez-toc-heading-10\" href=\"https:\/\/eventiyoga.it\/blog\/vacanza-yoga-agosto\/#Piemonte\" title=\"Piemonte\">Piemonte<\/a><\/li><li class='ez-toc-page-1 ez-toc-heading-level-2'><a class=\"ez-toc-link ez-toc-heading-11\" href=\"https:\/\/eventiyoga.it\/blog\/vacanza-yoga-agosto\/#Puglia\" title=\"Puglia\">Puglia<\/a><\/li><li class='ez-toc-page-1 ez-toc-heading-level-2'><a class=\"ez-toc-link ez-toc-heading-12\" href=\"https:\/\/eventiyoga.it\/blog\/vacanza-yoga-agosto\/#Sardegna\" title=\"Sardegna\">Sardegna<\/a><\/li><li class='ez-toc-page-1 ez-toc-heading-level-2'><a class=\"ez-toc-link ez-toc-heading-13\" href=\"https:\/\/eventiyoga.it\/blog\/vacanza-yoga-agosto\/#Sicilia\" title=\"Sicilia\">Sicilia<\/a><\/li><li class='ez-toc-page-1 ez-toc-heading-level-2'><a class=\"ez-toc-link ez-toc-heading-14\" href=\"https:\/\/eventiyoga.it\/blog\/vacanza-yoga-agosto\/#Toscana\" title=\"Toscana\">Toscana<\/a><\/li><li class='ez-toc-page-1 ez-toc-heading-level-2'><a class=\"ez-toc-link ez-toc-heading-15\" href=\"https:\/\/eventiyoga.it\/blog\/vacanza-yoga-agosto\/#Trentino_Alto_Adige\" title=\"Trentino Alto Adige\">Trentino Alto Adige<\/a><\/li><li class='ez-toc-page-1 ez-toc-heading-level-2'><a class=\"ez-toc-link ez-toc-heading-16\" href=\"https:\/\/eventiyoga.it\/blog\/vacanza-yoga-agosto\/#Umbria\" title=\"Umbria\">Umbria<\/a><\/li><li class='ez-toc-page-1 ez-toc-heading-level-2'><a class=\"ez-toc-link ez-toc-heading-17\" href=\"https:\/\/eventiyoga.it\/blog\/vacanza-yoga-agosto\/#Valle_dAosta\" title=\"Valle d&#039;Aosta\">Valle d&#039;Aosta<\/a><\/li><li class='ez-toc-page-1 ez-toc-heading-level-2'><a class=\"ez-toc-link ez-toc-heading-18\" href=\"https:\/\/eventiyoga.it\/blog\/vacanza-yoga-agosto\/#Veneto\" title=\"Veneto\">Veneto<\/a><\/li><li class='ez-toc-page-1 ez-toc-heading-level-2'><a class=\"ez-toc-link ez-toc-heading-19\" href=\"https:\/\/eventiyoga.it\/blog\/vacanza-yoga-agosto\/#Estero\" title=\"Estero\">Estero<\/a><\/li><li class='ez-toc-page-1 ez-toc-heading-level-2'><a class=\"ez-toc-link ez-toc-heading-20\" href=\"https:\/\/eventiyoga.it\/blog\/vacanza-yoga-agosto\/#Cosa_possiamo_fare_per_te\" title=\"Cosa possiamo fare per te\">Cosa possiamo fare per te<\/a><\/li><li class='ez-toc-page-1 ez-toc-heading-level-2'><a class=\"ez-toc-link ez-toc-heading-21\" href=\"https:\/\/eventiyoga.it\/blog\/vacanza-yoga-agosto\/#Calendario_Eventi_Yoga_online\" title=\"Calendario Eventi Yoga online\">Calendario Eventi Yoga online<\/a><\/li><li class='ez-toc-page-1 ez-toc-heading-level-2'><a class=\"ez-toc-link ez-toc-heading-22\" href=\"https:\/\/eventiyoga.it\/blog\/vacanza-yoga-agosto\/#Alcune_risorse_interessanti_per_te\" title=\"Alcune risorse interessanti per te\">Alcune risorse interessanti per te<\/a><\/li><li class='ez-toc-page-1 ez-toc-heading-level-2'><a class=\"ez-toc-link ez-toc-heading-23\" href=\"https:\/\/eventiyoga.it\/blog\/vacanza-yoga-agosto\/#Scarica_lApp_Eventi_Yoga\" title=\"Scarica l\u2019App Eventi Yoga\">Scarica l\u2019App Eventi Yoga<\/a><\/li><li class='ez-toc-page-1 ez-toc-heading-level-2'><a class=\"ez-toc-link ez-toc-heading-24\" href=\"https:\/\/eventiyoga.it\/blog\/vacanza-yoga-agosto\/#Iscriviti_alla_nostra_Newsletter\" title=\"Iscriviti alla nostra Newsletter\">Iscriviti alla nostra Newsletter<\/a><\/li><\/ul><\/nav><\/div>\n<h2 class=\"wp-block-heading\" id=\"h-vacanza-yoga-agosto-gli-aspetti-da-considerare-prima-di-prenotare\"><span class=\"ez-toc-section\" id=\"Vacanza_yoga_agosto_gli_aspetti_da_considerare_prima_di_prenotare\"><\/span>Vacanza yoga agosto: gli aspetti da considerare prima di prenotare<span class=\"ez-toc-section-end\"><\/span><\/h2>\n\n\n\n<p>Se hai gi\u00e0 fatto <strong>vacanze yoga<\/strong> sai bene come funziona e a cosa fare attenzione in fase di prenotazione. Se invece \u00e8 la tua prima volta ecco qualche consiglio per orientarti nell\u2019offerta. Chiaramente questi consigli sono utili anche se sei un insegnante: in tal caso leggili mettendoti dalla parte del praticante, come suggerimenti da tenere in considerazione mentre organizzi le tue vacanze yoga.<\/p>\n\n\n\n<p>Ecco dunque cosa considerare per la <a href=\"https:\/\/eventiyoga.it\/blog\/vacanze-yoga\/\" target=\"_blank\" rel=\"noreferrer noopener\">vacanza yoga<\/a> agosto:<\/p>\n\n\n\n<ul class=\"wp-block-list\">\n<li><strong>la localit\u00e0<\/strong>, sceglila in base ai tuoi interessi, per poter abbinare lo yoga a ci\u00f2 che realmente ti piace fare (della serie, non prenotare vacanze yoga al mare se sei pi\u00f9 <a href=\"https:\/\/eventiyoga.it\/blog\/vacanza-in-montagna-piemonte-linea-del-drago\/\" target=\"_blank\" rel=\"noreferrer noopener\">un tipo da montagna<\/a> o viceversa);<br><\/li>\n\n\n\n<li><strong>l\u2019insegnante<\/strong>, \u00e8 importante scegliere vacanze yoga organizzate da insegnanti che stimi, di cui ti piace il metodo;<br><\/li>\n\n\n\n<li><strong>la tipologia di alloggio<\/strong>, anche in questo caso, scegli una proposta che corrisponda alle tue aspettative;<br><\/li>\n\n\n\n<li><strong>il prezzo<\/strong>, che deve essere congruo, in relazione all\u2019offerta.<\/li>\n<\/ul>\n\n\n\n<hr class=\"wp-block-separator has-text-color has-white-color has-css-opacity has-white-background-color has-background\"\/>\n\n\n\n<h2 class=\"wp-block-heading\" id=\"h-vacanza-yoga-agosto-le-proposte-di-eventi-yoga\"><span class=\"ez-toc-section\" id=\"Vacanza_yoga_agosto_le_proposte_di_Eventi_Yoga\"><\/span>Vacanza yoga agosto: le proposte di Eventi Yoga<span class=\"ez-toc-section-end\"><\/span><\/h2>\n\n\n\n<hr class=\"wp-block-separator has-text-color has-white-color has-css-opacity has-white-background-color has-background\"\/>\n\n\n        <div class=\"yoga-events-regions-container\">\n            <!-- Online Events Section -->\n            \n            <!-- Offline Events by Regions -->\n                                                                        <div class=\"yoga-region \">\n                            <h2 class=\"yoga-region-title\"><span class=\"ez-toc-section\" id=\"Abruzzo\"><\/span>Abruzzo<span class=\"ez-toc-section-end\"><\/span><\/h2>\n                                                                                                                                        <div class=\"yoga-province\">\n                                            <h3 class=\"yoga-province-title\">Teramo<\/h3>\n                                            <div class=\"yoga-events-list\">\n                                                                                                                                                        <div class=\"yoga-event-item\">\n                                                        <span class=\"event-day\">15 Agosto<\/span>\n                                                        <a href=\"https:\/\/eventiyoga.it\/eventi-yoga\/vacanza_yoga_dal_15_al_21_agosto_in_abruzzo-7258\" class=\"yoga-event-link \">VACANZA YOGA DAL 15 AL 21 AGOSTO IN ABRUZZO<\/a>\n                                                    <\/div>\n                                                                                            <\/div>\n                                        <\/div>\n                                                                                                                        <\/div>\n                                                                                <div class=\"yoga-region \">\n                            <h2 class=\"yoga-region-title\"><span class=\"ez-toc-section\" id=\"Campania\"><\/span>Campania<span class=\"ez-toc-section-end\"><\/span><\/h2>\n                                                                                                                                        <div class=\"yoga-province\">\n                                            <h3 class=\"yoga-province-title\">Napoli<\/h3>\n                                            <div class=\"yoga-events-list\">\n                                                                                                                                                        <div class=\"yoga-event-item\">\n                                                        <span class=\"event-day\">28 Agosto<\/span>\n                                                        <a href=\"https:\/\/eventiyoga.it\/eventi-yoga\/ritiro_yoga_e_meditazione_ischia_nitrodi-7097\" class=\"yoga-event-link \">Ritiro Yoga e Meditazione Ischia Nitrodi <\/a>\n                                                    <\/div>\n                                                                                            <\/div>\n                                        <\/div>\n                                                                                                                                                <div class=\"yoga-province\">\n                                            <h3 class=\"yoga-province-title\">Salerno<\/h3>\n                                            <div class=\"yoga-events-list\">\n                                                                                                                                                        <div class=\"yoga-event-item\">\n                                                        <span class=\"event-day\">01 Agosto<\/span>\n                                                        <a href=\"https:\/\/eventiyoga.it\/eventi-yoga\/yoga_in_cilento-7039\" class=\"yoga-event-link \">Yoga in Cilento<\/a>\n                                                    <\/div>\n                                                                                            <\/div>\n                                        <\/div>\n                                                                                                                        <\/div>\n                                                                                <div class=\"yoga-region \">\n                            <h2 class=\"yoga-region-title\"><span class=\"ez-toc-section\" id=\"Emilia_Romagna\"><\/span>Emilia Romagna<span class=\"ez-toc-section-end\"><\/span><\/h2>\n                                                                                                                                        <div class=\"yoga-province\">\n                                            <h3 class=\"yoga-province-title\">Bologna<\/h3>\n                                            <div class=\"yoga-events-list\">\n                                                                                                                                                        <div class=\"yoga-event-item\">\n                                                        <span class=\"event-day\">09 Agosto<\/span>\n                                                        <a href=\"https:\/\/eventiyoga.it\/eventi-yoga\/international_yoga_retreat_for_single_mothers_in_italy-7290\" class=\"yoga-event-link promoted\">International Yoga Retreat for Single Mothers in Italy <\/a>\n                                                    <\/div>\n                                                                                            <\/div>\n                                        <\/div>\n                                                                                                                                                <div class=\"yoga-province\">\n                                            <h3 class=\"yoga-province-title\">Parma<\/h3>\n                                            <div class=\"yoga-events-list\">\n                                                                                                                                                        <div class=\"yoga-event-item\">\n                                                        <span class=\"event-day\">09 Agosto<\/span>\n                                                        <a href=\"https:\/\/eventiyoga.it\/eventi-yoga\/il_sorriso_di_buddha_ritiro_d_estate-6053\" class=\"yoga-event-link \">IL SORRISO DI BUDDHA \u2013 RITIRO D\u2019ESTATE<\/a>\n                                                    <\/div>\n                                                                                            <\/div>\n                                        <\/div>\n                                                                                                                                                <div class=\"yoga-province\">\n                                            <h3 class=\"yoga-province-title\">Reggio Emilia<\/h3>\n                                            <div class=\"yoga-events-list\">\n                                                                                                                                                        <div class=\"yoga-event-item\">\n                                                        <span class=\"event-day\">10 Agosto<\/span>\n                                                        <a href=\"https:\/\/eventiyoga.it\/eventi-yoga\/tuffi_nella_luce_2026_ritiro_yoga_di_ferragosto_in_emilia_romagna-6799\" class=\"yoga-event-link promoted\">Tuffi nella Luce 2026 | Ritiro Yoga di Ferragosto in Emilia Romagna<\/a>\n                                                    <\/div>\n                                                                                            <\/div>\n                                        <\/div>\n                                                                                                                        <\/div>\n                                                                                <div class=\"yoga-region \">\n                            <h2 class=\"yoga-region-title\"><span class=\"ez-toc-section\" id=\"Lazio\"><\/span>Lazio<span class=\"ez-toc-section-end\"><\/span><\/h2>\n                                                                                                                                        <div class=\"yoga-province\">\n                                            <h3 class=\"yoga-province-title\">Frosinone<\/h3>\n                                            <div class=\"yoga-events-list\">\n                                                                                                                                                        <div class=\"yoga-event-item\">\n                                                        <span class=\"event-day\">05 Agosto<\/span>\n                                                        <a href=\"https:\/\/eventiyoga.it\/eventi-yoga\/yoga_cavalli_e_natura_ritiro_a_pescosolido_parco_nazionale_d_abruzzo-6679\" class=\"yoga-event-link \">Yoga, Cavalli e Natura: Ritiro a Pescosolido, Parco Nazionale d\u2019Abruzzo<\/a>\n                                                    <\/div>\n                                                                                                                                                        <div class=\"yoga-event-item\">\n                                                        <span class=\"event-day\">06 Agosto<\/span>\n                                                        <a href=\"https:\/\/eventiyoga.it\/eventi-yoga\/yoga_e_passeggiata_meditativa_nel_parco_nazionale_d_abruzzo_versante_laziale-6422\" class=\"yoga-event-link \">Yoga e Passeggiata Meditativa nel parco nazionale d\u2019Abruzzo, versante Laziale<\/a>\n                                                    <\/div>\n                                                                                                                                                        <div class=\"yoga-event-item\">\n                                                        <span class=\"event-day\">06 Agosto<\/span>\n                                                        <a href=\"https:\/\/eventiyoga.it\/eventi-yoga\/ritiro_yoga_nella_natura_d_abruzzo-6457\" class=\"yoga-event-link \">Ritiro Yoga nella Natura d\u2019Abruzzo<\/a>\n                                                    <\/div>\n                                                                                                                                                        <div class=\"yoga-event-item\">\n                                                        <span class=\"event-day\">12 Agosto<\/span>\n                                                        <a href=\"https:\/\/eventiyoga.it\/eventi-yoga\/yoga_cavalli_e_natura_ritiro_a_pescosolido_parco_nazionale_d_abruzzo-6680\" class=\"yoga-event-link \">Yoga, Cavalli e Natura: Ritiro a Pescosolido, Parco Nazionale d\u2019Abruzzo<\/a>\n                                                    <\/div>\n                                                                                                                                                        <div class=\"yoga-event-item\">\n                                                        <span class=\"event-day\">13 Agosto<\/span>\n                                                        <a href=\"https:\/\/eventiyoga.it\/eventi-yoga\/ritiro_yoga_nella_natura_d_abruzzo-6458\" class=\"yoga-event-link \">Ritiro Yoga nella Natura d\u2019Abruzzo<\/a>\n                                                    <\/div>\n                                                                                                                                                        <div class=\"yoga-event-item\">\n                                                        <span class=\"event-day\">13 Agosto<\/span>\n                                                        <a href=\"https:\/\/eventiyoga.it\/eventi-yoga\/yoga_e_passeggiata_meditativa_nel_parco_nazionale_d_abruzzo_versante_laziale-6423\" class=\"yoga-event-link \">Yoga e Passeggiata Meditativa nel parco nazionale d\u2019Abruzzo, versante Laziale<\/a>\n                                                    <\/div>\n                                                                                                                                                        <div class=\"yoga-event-item\">\n                                                        <span class=\"event-day\">19 Agosto<\/span>\n                                                        <a href=\"https:\/\/eventiyoga.it\/eventi-yoga\/yoga_cavalli_e_natura_ritiro_a_pescosolido_parco_nazionale_d_abruzzo-6681\" class=\"yoga-event-link \">Yoga, Cavalli e Natura: Ritiro a Pescosolido, Parco Nazionale d\u2019Abruzzo<\/a>\n                                                    <\/div>\n                                                                                                                                                        <div class=\"yoga-event-item\">\n                                                        <span class=\"event-day\">20 Agosto<\/span>\n                                                        <a href=\"https:\/\/eventiyoga.it\/eventi-yoga\/ritiro_yoga_nella_natura_d_abruzzo-6459\" class=\"yoga-event-link \">Ritiro Yoga nella Natura d\u2019Abruzzo<\/a>\n                                                    <\/div>\n                                                                                                                                                        <div class=\"yoga-event-item\">\n                                                        <span class=\"event-day\">20 Agosto<\/span>\n                                                        <a href=\"https:\/\/eventiyoga.it\/eventi-yoga\/yoga_e_passeggiata_meditativa_nel_parco_nazionale_d_abruzzo_versante_laziale-6424\" class=\"yoga-event-link \">Yoga e Passeggiata Meditativa nel parco nazionale d\u2019Abruzzo, versante Laziale<\/a>\n                                                    <\/div>\n                                                                                                                                                        <div class=\"yoga-event-item\">\n                                                        <span class=\"event-day\">26 Agosto<\/span>\n                                                        <a href=\"https:\/\/eventiyoga.it\/eventi-yoga\/yoga_cavalli_e_natura_ritiro_a_pescosolido_parco_nazionale_d_abruzzo-6682\" class=\"yoga-event-link \">Yoga, Cavalli e Natura: Ritiro a Pescosolido, Parco Nazionale d\u2019Abruzzo<\/a>\n                                                    <\/div>\n                                                                                                                                                        <div class=\"yoga-event-item\">\n                                                        <span class=\"event-day\">27 Agosto<\/span>\n                                                        <a href=\"https:\/\/eventiyoga.it\/eventi-yoga\/yoga_e_passeggiata_meditativa_nel_parco_nazionale_d_abruzzo_versante_laziale-6425\" class=\"yoga-event-link \">Yoga e Passeggiata Meditativa nel parco nazionale d\u2019Abruzzo, versante Laziale<\/a>\n                                                    <\/div>\n                                                                                                                                                        <div class=\"yoga-event-item\">\n                                                        <span class=\"event-day\">27 Agosto<\/span>\n                                                        <a href=\"https:\/\/eventiyoga.it\/eventi-yoga\/ritiro_yoga_nella_natura_d_abruzzo-6460\" class=\"yoga-event-link \">Ritiro Yoga nella Natura d\u2019Abruzzo<\/a>\n                                                    <\/div>\n                                                                                            <\/div>\n                                        <\/div>\n                                                                                                                                                <div class=\"yoga-province\">\n                                            <h3 class=\"yoga-province-title\">Latina<\/h3>\n                                            <div class=\"yoga-events-list\">\n                                                                                                                                                        <div class=\"yoga-event-item\">\n                                                        <span class=\"event-day\">02 Agosto<\/span>\n                                                        <a href=\"https:\/\/eventiyoga.it\/eventi-yoga\/isoloa_di_ventotene_the_islands_of_yoga_2026-5846\" class=\"yoga-event-link \">Isoloa di Ventotene \u2013 The Islands of Yoga 2026<\/a>\n                                                    <\/div>\n                                                                                            <\/div>\n                                        <\/div>\n                                                                                                                                                <div class=\"yoga-province\">\n                                            <h3 class=\"yoga-province-title\">Viterbo<\/h3>\n                                            <div class=\"yoga-events-list\">\n                                                                                                                                                        <div class=\"yoga-event-item\">\n                                                        <span class=\"event-day\">08 Agosto<\/span>\n                                                        <a href=\"https:\/\/eventiyoga.it\/eventi-yoga\/leadership_armonia_e_padronanza_emotiva-6894\" class=\"yoga-event-link \">Leadership, Armonia e Padronanza Emotiva<\/a>\n                                                    <\/div>\n                                                                                            <\/div>\n                                        <\/div>\n                                                                                                                        <\/div>\n                                                                                <div class=\"yoga-region \">\n                            <h2 class=\"yoga-region-title\"><span class=\"ez-toc-section\" id=\"Liguria\"><\/span>Liguria<span class=\"ez-toc-section-end\"><\/span><\/h2>\n                                                                                                                                        <div class=\"yoga-province\">\n                                            <h3 class=\"yoga-province-title\">Savona<\/h3>\n                                            <div class=\"yoga-events-list\">\n                                                                                                                                                        <div class=\"yoga-event-item\">\n                                                        <span class=\"event-day\">02 Agosto<\/span>\n                                                        <a href=\"https:\/\/eventiyoga.it\/eventi-yoga\/seminario_di_iyengar_yoga_a_isasco-6759\" class=\"yoga-event-link \">SEMINARIO DI IYENGAR YOGA\u00ae A ISASCO<\/a>\n                                                    <\/div>\n                                                                                                                                                        <div class=\"yoga-event-item\">\n                                                        <span class=\"event-day\">12 Agosto<\/span>\n                                                        <a href=\"https:\/\/eventiyoga.it\/eventi-yoga\/seminario_di_iyengar_yoga_a_isasco-6761\" class=\"yoga-event-link \">SEMINARIO DI IYENGAR YOGA\u00ae A ISASCO<\/a>\n                                                    <\/div>\n                                                                                            <\/div>\n                                        <\/div>\n                                                                                                                        <\/div>\n                                                                                <div class=\"yoga-region \">\n                            <h2 class=\"yoga-region-title\"><span class=\"ez-toc-section\" id=\"Lombardia\"><\/span>Lombardia<span class=\"ez-toc-section-end\"><\/span><\/h2>\n                                                                                                                                        <div class=\"yoga-province\">\n                                            <h3 class=\"yoga-province-title\">Bergamo<\/h3>\n                                            <div class=\"yoga-events-list\">\n                                                                                                                                                        <div class=\"yoga-event-item\">\n                                                        <span class=\"event-day\">27 Agosto<\/span>\n                                                        <a href=\"https:\/\/eventiyoga.it\/eventi-yoga\/ritiro_di_yoga_al_femminile-6914\" class=\"yoga-event-link \">Ritiro di Yoga al Femminile<\/a>\n                                                    <\/div>\n                                                                                            <\/div>\n                                        <\/div>\n                                                                                                                                                <div class=\"yoga-province\">\n                                            <h3 class=\"yoga-province-title\">Brescia<\/h3>\n                                            <div class=\"yoga-events-list\">\n                                                                                                                                                        <div class=\"yoga-event-item\">\n                                                        <span class=\"event-day\">28 Agosto<\/span>\n                                                        <a href=\"https:\/\/eventiyoga.it\/eventi-yoga\/yoga_e_barca_a_vela_retreat_lago_di_garda-6085\" class=\"yoga-event-link \">Yoga e barca a vela Retreat \u2013 Lago di Garda<\/a>\n                                                    <\/div>\n                                                                                            <\/div>\n                                        <\/div>\n                                                                                                                        <\/div>\n                                                                                <div class=\"yoga-region \">\n                            <h2 class=\"yoga-region-title\"><span class=\"ez-toc-section\" id=\"Marche\"><\/span>Marche<span class=\"ez-toc-section-end\"><\/span><\/h2>\n                                                                                                                                        <div class=\"yoga-province\">\n                                            <h3 class=\"yoga-province-title\">Macerata<\/h3>\n                                            <div class=\"yoga-events-list\">\n                                                                                                                                                        <div class=\"yoga-event-item\">\n                                                        <span class=\"event-day\">07 Agosto<\/span>\n                                                        <a href=\"https:\/\/eventiyoga.it\/eventi-yoga\/vacanza_yoga_al_mare_schiena_viva_360_vacanza_mare_civitanova-6994\" class=\"yoga-event-link promoted\">Vacanza Yoga al Mare \u2013 Schiena Viva 360\u00b0 | Vacanza Mare Civitanova<\/a>\n                                                    <\/div>\n                                                                                                                                                        <div class=\"yoga-event-item\">\n                                                        <span class=\"event-day\">07 Agosto<\/span>\n                                                        <a href=\"https:\/\/eventiyoga.it\/eventi-yoga\/intensivo_di_pratica_replica_2_libert_nelle_estensioni_all_indietro-6789\" class=\"yoga-event-link \">Intensivo di pratica-replica 2-:Libert\u00e0 nelle estensioni all\u2019indietro<\/a>\n                                                    <\/div>\n                                                                                                                                                        <div class=\"yoga-event-item\">\n                                                        <span class=\"event-day\">27 Agosto<\/span>\n                                                        <a href=\"https:\/\/eventiyoga.it\/eventi-yoga\/wine_and_shine-7293\" class=\"yoga-event-link \">WINE AND SHINE <\/a>\n                                                    <\/div>\n                                                                                            <\/div>\n                                        <\/div>\n                                                                                                                        <\/div>\n                                                                                <div class=\"yoga-region \">\n                            <h2 class=\"yoga-region-title\"><span class=\"ez-toc-section\" id=\"Piemonte\"><\/span>Piemonte<span class=\"ez-toc-section-end\"><\/span><\/h2>\n                                                                                                                                        <div class=\"yoga-province\">\n                                            <h3 class=\"yoga-province-title\">Torino<\/h3>\n                                            <div class=\"yoga-events-list\">\n                                                                                                                                                        <div class=\"yoga-event-item\">\n                                                        <span class=\"event-day\">03 Agosto<\/span>\n                                                        <a href=\"https:\/\/eventiyoga.it\/eventi-yoga\/moon_vibes_only_vacanze_in_montagna_per_tutti_i_gusti-7309\" class=\"yoga-event-link \">Moon Vibes Only, vacanze in montagna per tutti i gusti<\/a>\n                                                    <\/div>\n                                                                                            <\/div>\n                                        <\/div>\n                                                                                                                                                <div class=\"yoga-province\">\n                                            <h3 class=\"yoga-province-title\">Verbano-Cusio-Ossola<\/h3>\n                                            <div class=\"yoga-events-list\">\n                                                                                                                                                        <div class=\"yoga-event-item\">\n                                                        <span class=\"event-day\">19 Agosto<\/span>\n                                                        <a href=\"https:\/\/eventiyoga.it\/eventi-yoga\/ritiro_yoga_trekking_in_piemonte_la_via_del_benessere-6797\" class=\"yoga-event-link promoted\">Ritiro Yoga &amp; Trekking in Piemonte | La Via del Benessere<\/a>\n                                                    <\/div>\n                                                                                            <\/div>\n                                        <\/div>\n                                                                                                                        <\/div>\n                                                                                <div class=\"yoga-region \">\n                            <h2 class=\"yoga-region-title\"><span class=\"ez-toc-section\" id=\"Puglia\"><\/span>Puglia<span class=\"ez-toc-section-end\"><\/span><\/h2>\n                                                                                                                                        <div class=\"yoga-province\">\n                                            <h3 class=\"yoga-province-title\">Lecce<\/h3>\n                                            <div class=\"yoga-events-list\">\n                                                                                                                                                        <div class=\"yoga-event-item\">\n                                                        <span class=\"event-day\">01 Agosto<\/span>\n                                                        <a href=\"https:\/\/eventiyoga.it\/eventi-yoga\/lo_spazio_di_guarigione_ritiro_ashtanga_yoga_in_puglia_nel_salento-6639\" class=\"yoga-event-link \">Lo Spazio di Guarigione | Ritiro Ashtanga Yoga in Puglia nel Salento<\/a>\n                                                    <\/div>\n                                                                                                                                                        <div class=\"yoga-event-item\">\n                                                        <span class=\"event-day\">01 Agosto<\/span>\n                                                        <a href=\"https:\/\/eventiyoga.it\/eventi-yoga\/50_hr_rocket_training-6641\" class=\"yoga-event-link \">50 HR Rocket Training<\/a>\n                                                    <\/div>\n                                                                                                                                                        <div class=\"yoga-event-item\">\n                                                        <span class=\"event-day\">08 Agosto<\/span>\n                                                        <a href=\"https:\/\/eventiyoga.it\/eventi-yoga\/ritiro_di_ashtanga_yoga-6702\" class=\"yoga-event-link \">Ritiro di Ashtanga Yoga<\/a>\n                                                    <\/div>\n                                                                                                                                                        <div class=\"yoga-event-item\">\n                                                        <span class=\"event-day\">08 Agosto<\/span>\n                                                        <a href=\"https:\/\/eventiyoga.it\/eventi-yoga\/black_lotus_ritiro_i_settimana-6707\" class=\"yoga-event-link \">BLACK LOTUS RITIRO - I settimana<\/a>\n                                                    <\/div>\n                                                                                                                                                        <div class=\"yoga-event-item\">\n                                                        <span class=\"event-day\">15 Agosto<\/span>\n                                                        <a href=\"https:\/\/eventiyoga.it\/eventi-yoga\/black_lotus_ritiro_ii_settimana-6708\" class=\"yoga-event-link \">BLACK LOTUS RITIRO - II settimana<\/a>\n                                                    <\/div>\n                                                                                                                                                        <div class=\"yoga-event-item\">\n                                                        <span class=\"event-day\">15 Agosto<\/span>\n                                                        <a href=\"https:\/\/eventiyoga.it\/eventi-yoga\/attivazione_dell_anima_sacra-6709\" class=\"yoga-event-link \">ATTIVAZIONE DELL\u2019ANIMA SACRA<\/a>\n                                                    <\/div>\n                                                                                                                                                        <div class=\"yoga-event-item\">\n                                                        <span class=\"event-day\">22 Agosto<\/span>\n                                                        <a href=\"https:\/\/eventiyoga.it\/eventi-yoga\/il_respiro_del_corpo_universale-6713\" class=\"yoga-event-link \">IL RESPIRO DEL CORPO UNIVERSALE<\/a>\n                                                    <\/div>\n                                                                                                                                                        <div class=\"yoga-event-item\">\n                                                        <span class=\"event-day\">22 Agosto<\/span>\n                                                        <a href=\"https:\/\/eventiyoga.it\/eventi-yoga\/ashtanga_yoga_retreat_in_salento_il_respiro_come_ponte_tra_cielo_e_terra-6746\" class=\"yoga-event-link \">ASHTANGA YOGA RETREAT IN SALENTO  Il Respiro come Ponte tra Cielo e Terra<\/a>\n                                                    <\/div>\n                                                                                                                                                        <div class=\"yoga-event-item\">\n                                                        <span class=\"event-day\">22 Agosto<\/span>\n                                                        <a href=\"https:\/\/eventiyoga.it\/eventi-yoga\/il_respiro_come_ponte_tra_cielo_e_terra-6712\" class=\"yoga-event-link \">IL RESPIRO COME PONTE TRA CIELO E TERRA<\/a>\n                                                    <\/div>\n                                                                                                                                                        <div class=\"yoga-event-item\">\n                                                        <span class=\"event-day\">29 Agosto<\/span>\n                                                        <a href=\"https:\/\/eventiyoga.it\/eventi-yoga\/ashtanga_yoga_per_tutti-6715\" class=\"yoga-event-link \">Ashtanga Yoga Per Tutti<\/a>\n                                                    <\/div>\n                                                                                                                                                        <div class=\"yoga-event-item\">\n                                                        <span class=\"event-day\">29 Agosto<\/span>\n                                                        <a href=\"https:\/\/eventiyoga.it\/eventi-yoga\/silenzio_spazioso-6714\" class=\"yoga-event-link \">SILENZIO SPAZIOSO<\/a>\n                                                    <\/div>\n                                                                                            <\/div>\n                                        <\/div>\n                                                                                                                                                <div class=\"yoga-province\">\n                                            <h3 class=\"yoga-province-title\">Taranto<\/h3>\n                                            <div class=\"yoga-events-list\">\n                                                                                                                                                        <div class=\"yoga-event-item\">\n                                                        <span class=\"event-day\">01 Agosto<\/span>\n                                                        <a href=\"https:\/\/eventiyoga.it\/eventi-yoga\/vacanza_yoga_in_salento-7227\" class=\"yoga-event-link \">Vacanza Yoga in Salento <\/a>\n                                                    <\/div>\n                                                                                                                                                        <div class=\"yoga-event-item\">\n                                                        <span class=\"event-day\">03 Agosto<\/span>\n                                                        <a href=\"https:\/\/eventiyoga.it\/eventi-yoga\/puglia_yoga_masseria_e_l_incanto_dei_borghi-7268\" class=\"yoga-event-link \">Puglia: Yoga, Masseria e l\u2019Incanto dei Borghi<\/a>\n                                                    <\/div>\n                                                                                            <\/div>\n                                        <\/div>\n                                                                                                                        <\/div>\n                                                                                <div class=\"yoga-region \">\n                            <h2 class=\"yoga-region-title\"><span class=\"ez-toc-section\" id=\"Sardegna\"><\/span>Sardegna<span class=\"ez-toc-section-end\"><\/span><\/h2>\n                                                                                                                                        <div class=\"yoga-province\">\n                                            <h3 class=\"yoga-province-title\">Cagliari<\/h3>\n                                            <div class=\"yoga-events-list\">\n                                                                                                                                                        <div class=\"yoga-event-item\">\n                                                        <span class=\"event-day\">22 Agosto<\/span>\n                                                        <a href=\"https:\/\/eventiyoga.it\/eventi-yoga\/vacanza_yoga_e_mare_in_sardegna-7094\" class=\"yoga-event-link \">Vacanza Yoga e Mare in Sardegna<\/a>\n                                                    <\/div>\n                                                                                            <\/div>\n                                        <\/div>\n                                                                                                                                                <div class=\"yoga-province\">\n                                            <h3 class=\"yoga-province-title\">Nuoro<\/h3>\n                                            <div class=\"yoga-events-list\">\n                                                                                                                                                        <div class=\"yoga-event-item\">\n                                                        <span class=\"event-day\">19 Agosto<\/span>\n                                                        <a href=\"https:\/\/eventiyoga.it\/eventi-yoga\/ritiro_yoga_e_benessere_nella_costiera_dell_ogliastra-6297\" class=\"yoga-event-link \">Ritiro Yoga e Benessere nella costiera dell\u2019Ogliastra<\/a>\n                                                    <\/div>\n                                                                                            <\/div>\n                                        <\/div>\n                                                                                                                                                <div class=\"yoga-province\">\n                                            <h3 class=\"yoga-province-title\">Oristano<\/h3>\n                                            <div class=\"yoga-events-list\">\n                                                                                                                                                        <div class=\"yoga-event-item\">\n                                                        <span class=\"event-day\">01 Agosto<\/span>\n                                                        <a href=\"https:\/\/eventiyoga.it\/eventi-yoga\/espansione_del_cuore_nella_natura_ancestrale_in_sardegna-6241\" class=\"yoga-event-link \">Espansione del Cuore nella Natura Ancestrale in Sardegna<\/a>\n                                                    <\/div>\n                                                                                                                                                        <div class=\"yoga-event-item\">\n                                                        <span class=\"event-day\">08 Agosto<\/span>\n                                                        <a href=\"https:\/\/eventiyoga.it\/eventi-yoga\/espansione_del_cuore_nella_natura_ancestrale_in_sardegna-6254\" class=\"yoga-event-link \">Espansione del Cuore nella Natura Ancestrale in Sardegna<\/a>\n                                                    <\/div>\n                                                                                                                                                        <div class=\"yoga-event-item\">\n                                                        <span class=\"event-day\">15 Agosto<\/span>\n                                                        <a href=\"https:\/\/eventiyoga.it\/eventi-yoga\/eleva_le_tue_emozioni_nella_natura_ancestrale_della_sardegna-6242\" class=\"yoga-event-link \">Eleva le tue emozioni nella natura ancestrale della Sardegna<\/a>\n                                                    <\/div>\n                                                                                                                                                        <div class=\"yoga-event-item\">\n                                                        <span class=\"event-day\">22 Agosto<\/span>\n                                                        <a href=\"https:\/\/eventiyoga.it\/eventi-yoga\/manifesta_il_tuo_sogno_yoga_nella_costa_ovest_della_sardegna-6243\" class=\"yoga-event-link \">Manifesta il tuo Sogno! Yoga nella costa ovest della Sardegna<\/a>\n                                                    <\/div>\n                                                                                                                                                        <div class=\"yoga-event-item\">\n                                                        <span class=\"event-day\">29 Agosto<\/span>\n                                                        <a href=\"https:\/\/eventiyoga.it\/eventi-yoga\/eleva_le_tue_emozioni_nella_natura_ancestrale_della_sardegna-6244\" class=\"yoga-event-link \">Eleva le tue emozioni nella natura ancestrale della Sardegna<\/a>\n                                                    <\/div>\n                                                                                            <\/div>\n                                        <\/div>\n                                                                                                                        <\/div>\n                                                                                <div class=\"yoga-region \">\n                            <h2 class=\"yoga-region-title\"><span class=\"ez-toc-section\" id=\"Sicilia\"><\/span>Sicilia<span class=\"ez-toc-section-end\"><\/span><\/h2>\n                                                                                                                                        <div class=\"yoga-province\">\n                                            <h3 class=\"yoga-province-title\">Trapani<\/h3>\n                                            <div class=\"yoga-events-list\">\n                                                                                                                                                        <div class=\"yoga-event-item\">\n                                                        <span class=\"event-day\">01 Agosto<\/span>\n                                                        <a href=\"https:\/\/eventiyoga.it\/eventi-yoga\/summer_retreat_in_sicily_yoga_e_shiatsu_ritiro_yoga_sicilia-7175\" class=\"yoga-event-link promoted\">Summer Retreat in Sicily: Yoga e Shiatsu | Ritiro Yoga Sicilia<\/a>\n                                                    <\/div>\n                                                                                                                                                        <div class=\"yoga-event-item\">\n                                                        <span class=\"event-day\">03 Agosto<\/span>\n                                                        <a href=\"https:\/\/eventiyoga.it\/eventi-yoga\/ritorna_al_tuo_centro_ritiro_yoga_a_favignana_sicilia-6960\" class=\"yoga-event-link \">Ritorna al tuo centro | Ritiro Yoga a Favignana, Sicilia<\/a>\n                                                    <\/div>\n                                                                                                                                                        <div class=\"yoga-event-item\">\n                                                        <span class=\"event-day\">14 Agosto<\/span>\n                                                        <a href=\"https:\/\/eventiyoga.it\/eventi-yoga\/semplicit_ritiro_yoga_in_sicilia_mudra_e_mantra-6961\" class=\"yoga-event-link \">Semplicit\u00e0 | Ritiro Yoga in Sicilia | Mudra e Mantra<\/a>\n                                                    <\/div>\n                                                                                            <\/div>\n                                        <\/div>\n                                                                                                                        <\/div>\n                                                                                <div class=\"yoga-region \">\n                            <h2 class=\"yoga-region-title\"><span class=\"ez-toc-section\" id=\"Toscana\"><\/span>Toscana<span class=\"ez-toc-section-end\"><\/span><\/h2>\n                                                                                                                                        <div class=\"yoga-province\">\n                                            <h3 class=\"yoga-province-title\">Firenze<\/h3>\n                                            <div class=\"yoga-events-list\">\n                                                                                                                                                        <div class=\"yoga-event-item\">\n                                                        <span class=\"event-day\">07 Agosto<\/span>\n                                                        <a href=\"https:\/\/eventiyoga.it\/eventi-yoga\/corso_intensivo_di_primo_livello_per_insegnanti_di_yoga-6917\" class=\"yoga-event-link \">Corso Intensivo di Primo Livello per Insegnanti di Yoga <\/a>\n                                                    <\/div>\n                                                                                            <\/div>\n                                        <\/div>\n                                                                                                                                                <div class=\"yoga-province\">\n                                            <h3 class=\"yoga-province-title\">Grosseto<\/h3>\n                                            <div class=\"yoga-events-list\">\n                                                                                                                                                        <div class=\"yoga-event-item\">\n                                                        <span class=\"event-day\">01 Agosto<\/span>\n                                                        <a href=\"https:\/\/eventiyoga.it\/eventi-yoga\/scopri_il_vero_paradiso_la_tua_vacanza_tra_yoga_e_natura_in_toscana-7139\" class=\"yoga-event-link promoted\">Scopri il vero Paradiso: La tua vacanza tra Yoga e Natura in Toscana<\/a>\n                                                    <\/div>\n                                                                                                                                                        <div class=\"yoga-event-item\">\n                                                        <span class=\"event-day\">04 Agosto<\/span>\n                                                        <a href=\"https:\/\/eventiyoga.it\/eventi-yoga\/ritiro_yoga_e_tantra_in_toscana_il_canto_di_kabir-6697\" class=\"yoga-event-link promoted\">Ritiro Yoga e Tantra in Toscana | Il Canto di Kabir<\/a>\n                                                    <\/div>\n                                                                                                                                                        <div class=\"yoga-event-item\">\n                                                        <span class=\"event-day\">09 Agosto<\/span>\n                                                        <a href=\"https:\/\/eventiyoga.it\/eventi-yoga\/vacanza_indelebile_vivi_la_bellezza_della_toscana-7140\" class=\"yoga-event-link \">Vacanza Indelebile: Vivi la Bellezza della Toscana <\/a>\n                                                    <\/div>\n                                                                                                                                                        <div class=\"yoga-event-item\">\n                                                        <span class=\"event-day\">09 Agosto<\/span>\n                                                        <a href=\"https:\/\/eventiyoga.it\/eventi-yoga\/ritiro_di_ferragosto_in_toscana_l_asana_nello_yoga-6808\" class=\"yoga-event-link promoted\">Ritiro di Ferragosto in Toscana | L&#039;Asana nello Yoga<\/a>\n                                                    <\/div>\n                                                                                                                                                        <div class=\"yoga-event-item\">\n                                                        <span class=\"event-day\">14 Agosto<\/span>\n                                                        <a href=\"https:\/\/eventiyoga.it\/eventi-yoga\/yoga_respiro_natura_e_relax_in_toscana-7083\" class=\"yoga-event-link \">YOGA, RESPIRO, NATURA E RELAX IN TOSCANA<\/a>\n                                                    <\/div>\n                                                                                                                                                        <div class=\"yoga-event-item\">\n                                                        <span class=\"event-day\">16 Agosto<\/span>\n                                                        <a href=\"https:\/\/eventiyoga.it\/eventi-yoga\/la_tua_vacanza_yoga_da_sogno_yoga_mare_e_pace_interiore-7144\" class=\"yoga-event-link \">La tua vacanza Yoga  da Sogno: Yoga, Mare e Pace Interiore<\/a>\n                                                    <\/div>\n                                                                                                                                                        <div class=\"yoga-event-item\">\n                                                        <span class=\"event-day\">23 Agosto<\/span>\n                                                        <a href=\"https:\/\/eventiyoga.it\/eventi-yoga\/vacanza_yoga_e_mare_il_sogno_della_toscana_ti_aspetta-7145\" class=\"yoga-event-link promoted\">Vacanza Yoga e Mare: il Sogno della Toscana ti Aspetta<\/a>\n                                                    <\/div>\n                                                                                            <\/div>\n                                        <\/div>\n                                                                                                                                                <div class=\"yoga-province\">\n                                            <h3 class=\"yoga-province-title\">Livorno<\/h3>\n                                            <div class=\"yoga-events-list\">\n                                                                                                                                                        <div class=\"yoga-event-item\">\n                                                        <span class=\"event-day\">01 Agosto<\/span>\n                                                        <a href=\"https:\/\/eventiyoga.it\/eventi-yoga\/yoga_in_barca_a_vela_elba_capraia-5693\" class=\"yoga-event-link \">Yoga in Barca a Vela Elba &amp; Capraia<\/a>\n                                                    <\/div>\n                                                                                                                                                        <div class=\"yoga-event-item\">\n                                                        <span class=\"event-day\">08 Agosto<\/span>\n                                                        <a href=\"https:\/\/eventiyoga.it\/eventi-yoga\/yoga_in_barca_vela_isole_toscane-6014\" class=\"yoga-event-link \">Yoga in Barca Vela Isole Toscane<\/a>\n                                                    <\/div>\n                                                                                                                                                        <div class=\"yoga-event-item\">\n                                                        <span class=\"event-day\">08 Agosto<\/span>\n                                                        <a href=\"https:\/\/eventiyoga.it\/eventi-yoga\/yoga_in_barca_a_vela_elba_capraia-5690\" class=\"yoga-event-link \">Yoga in Barca a Vela Elba &amp; Capraia<\/a>\n                                                    <\/div>\n                                                                                            <\/div>\n                                        <\/div>\n                                                                                                                                                <div class=\"yoga-province\">\n                                            <h3 class=\"yoga-province-title\">Massa Carrara<\/h3>\n                                            <div class=\"yoga-events-list\">\n                                                                                                                                                        <div class=\"yoga-event-item\">\n                                                        <span class=\"event-day\">12 Agosto<\/span>\n                                                        <a href=\"https:\/\/eventiyoga.it\/eventi-yoga\/ritiro_ferragosto_toscana_yoga_ayurveda-6380\" class=\"yoga-event-link \">Ritiro Ferragosto Toscana - Yoga &amp; Ayurveda<\/a>\n                                                    <\/div>\n                                                                                            <\/div>\n                                        <\/div>\n                                                                                                                                                <div class=\"yoga-province\">\n                                            <h3 class=\"yoga-province-title\">Pisa<\/h3>\n                                            <div class=\"yoga-events-list\">\n                                                                                                                                                        <div class=\"yoga-event-item\">\n                                                        <span class=\"event-day\">08 Agosto<\/span>\n                                                        <a href=\"https:\/\/eventiyoga.it\/eventi-yoga\/stage_yoga_agosto_in_toscana_per_chi_vuole_andare_oltre_gli_asana-6942\" class=\"yoga-event-link promoted\">Stage Yoga Agosto in Toscana \u2014 per chi vuole andare oltre gli asana<\/a>\n                                                    <\/div>\n                                                                                                                                                        <div class=\"yoga-event-item\">\n                                                        <span class=\"event-day\">15 Agosto<\/span>\n                                                        <a href=\"https:\/\/eventiyoga.it\/eventi-yoga\/stage_yoga_toscana_a_ferragosto_7_giorni_di_pratica_vera-7314\" class=\"yoga-event-link promoted\">Stage Yoga Toscana a Ferragosto: 7 giorni di pratica vera<\/a>\n                                                    <\/div>\n                                                                                            <\/div>\n                                        <\/div>\n                                                                                                                                                <div class=\"yoga-province\">\n                                            <h3 class=\"yoga-province-title\">Siena<\/h3>\n                                            <div class=\"yoga-events-list\">\n                                                                                                                                                        <div class=\"yoga-event-item\">\n                                                        <span class=\"event-day\">23 Agosto<\/span>\n                                                        <a href=\"https:\/\/eventiyoga.it\/eventi-yoga\/risveglia_la_tua_anima_yoga_retreat_nella_natura_toscana-6896\" class=\"yoga-event-link \">Risveglia la tua anima: Yoga Retreat nella Natura Toscana<\/a>\n                                                    <\/div>\n                                                                                            <\/div>\n                                        <\/div>\n                                                                                                                        <\/div>\n                                                                                <div class=\"yoga-region \">\n                            <h2 class=\"yoga-region-title\"><span class=\"ez-toc-section\" id=\"Trentino_Alto_Adige\"><\/span>Trentino Alto Adige<span class=\"ez-toc-section-end\"><\/span><\/h2>\n                                                                                                                                        <div class=\"yoga-province\">\n                                            <h3 class=\"yoga-province-title\">Bolzano<\/h3>\n                                            <div class=\"yoga-events-list\">\n                                                                                                                                                        <div class=\"yoga-event-item\">\n                                                        <span class=\"event-day\">06 Agosto<\/span>\n                                                        <a href=\"https:\/\/eventiyoga.it\/eventi-yoga\/sollievo_per_il_corpo_gioia_per_l_anima_50-6474\" class=\"yoga-event-link \">Sollievo per il Corpo, Gioia per l&#039;Anima 50 +<\/a>\n                                                    <\/div>\n                                                                                            <\/div>\n                                        <\/div>\n                                                                                                                        <\/div>\n                                                                                <div class=\"yoga-region \">\n                            <h2 class=\"yoga-region-title\"><span class=\"ez-toc-section\" id=\"Umbria\"><\/span>Umbria<span class=\"ez-toc-section-end\"><\/span><\/h2>\n                                                                                                                                        <div class=\"yoga-province\">\n                                            <h3 class=\"yoga-province-title\">Perugia<\/h3>\n                                            <div class=\"yoga-events-list\">\n                                                                                                                                                        <div class=\"yoga-event-item\">\n                                                        <span class=\"event-day\">02 Agosto<\/span>\n                                                        <a href=\"https:\/\/eventiyoga.it\/eventi-yoga\/ritiro_mantra_e_meditazione_ad_assisi_umbria-6661\" class=\"yoga-event-link promoted\">Ritiro Mantra e Meditazione ad Assisi Umbria<\/a>\n                                                    <\/div>\n                                                                                                                                                        <div class=\"yoga-event-item\">\n                                                        <span class=\"event-day\">02 Agosto<\/span>\n                                                        <a href=\"https:\/\/eventiyoga.it\/eventi-yoga\/gubbio_assisi_la_verna_ritiri_yoga_natura_spiritualita_agosto_settembre-5794\" class=\"yoga-event-link \">GUBBIO ASSISI LA VERNA-RITIRI YOGA NATURA &amp; SPIRITUALITA\u2019-AGOSTO &amp; SETTEMBRE<\/a>\n                                                    <\/div>\n                                                                                                                                                        <div class=\"yoga-event-item\">\n                                                        <span class=\"event-day\">09 Agosto<\/span>\n                                                        <a href=\"https:\/\/eventiyoga.it\/eventi-yoga\/gubbio_assisi_la_verna_ritiri_yoga_natura_e_spiritualit_estate-5795\" class=\"yoga-event-link promoted\">GUBBIO ASSISI LA VERNA | RITIRI YOGA NATURA E SPIRITUALIT\u00c0 | ESTATE<\/a>\n                                                    <\/div>\n                                                                                                                                                        <div class=\"yoga-event-item\">\n                                                        <span class=\"event-day\">16 Agosto<\/span>\n                                                        <a href=\"https:\/\/eventiyoga.it\/eventi-yoga\/assisi_gubbio_la_verna_ritiri_yoga_natura_spiritualita_agosto_e_settembre-5796\" class=\"yoga-event-link \">ASSISI GUBBIO LA VERNA-RITIRI YOGA NATURA &amp; SPIRITUALITA\u2019-AGOSTO e SETTEMBRE<\/a>\n                                                    <\/div>\n                                                                                                                                                        <div class=\"yoga-event-item\">\n                                                        <span class=\"event-day\">16 Agosto<\/span>\n                                                        <a href=\"https:\/\/eventiyoga.it\/eventi-yoga\/vacanza_benessere_ad_assisi-7266\" class=\"yoga-event-link \">vacanza benessere ad Assisi<\/a>\n                                                    <\/div>\n                                                                                                                                                        <div class=\"yoga-event-item\">\n                                                        <span class=\"event-day\">17 Agosto<\/span>\n                                                        <a href=\"https:\/\/eventiyoga.it\/eventi-yoga\/colline_umbre_yoga_e_natura_in_agriturismo-7296\" class=\"yoga-event-link \">Colline umbre: Yoga e Natura in agriturismo<\/a>\n                                                    <\/div>\n                                                                                                                                                        <div class=\"yoga-event-item\">\n                                                        <span class=\"event-day\">20 Agosto<\/span>\n                                                        <a href=\"https:\/\/eventiyoga.it\/eventi-yoga\/prima_del_pensiero-7165\" class=\"yoga-event-link \">Prima del pensiero<\/a>\n                                                    <\/div>\n                                                                                                                                                        <div class=\"yoga-event-item\">\n                                                        <span class=\"event-day\">23 Agosto<\/span>\n                                                        <a href=\"https:\/\/eventiyoga.it\/eventi-yoga\/yoga_e_stile_di_vita_ritiro_yoga-5723\" class=\"yoga-event-link \">\u201cYOGA E STILE DI VITA\u201d RITIRO YOGA<\/a>\n                                                    <\/div>\n                                                                                                                                                        <div class=\"yoga-event-item\">\n                                                        <span class=\"event-day\">23 Agosto<\/span>\n                                                        <a href=\"https:\/\/eventiyoga.it\/eventi-yoga\/gubbio_assisi_la_verna_ritiri_yoga_natura_e_spiritualita_agosto_e_settembre-5797\" class=\"yoga-event-link \">GUBBIO ASSISI LA VERNA-RITIRI YOGA NATURA E SPIRITUALITA\u2019-AGOSTO e SETTEMBRE<\/a>\n                                                    <\/div>\n                                                                                            <\/div>\n                                        <\/div>\n                                                                                                                                                <div class=\"yoga-province\">\n                                            <h3 class=\"yoga-province-title\">Terni<\/h3>\n                                            <div class=\"yoga-events-list\">\n                                                                                                                                                        <div class=\"yoga-event-item\">\n                                                        <span class=\"event-day\">01 Agosto<\/span>\n                                                        <a href=\"https:\/\/eventiyoga.it\/eventi-yoga\/vacanza_yoga_umbria_estate-6262\" class=\"yoga-event-link \">Vacanza Yoga Umbria Estate<\/a>\n                                                    <\/div>\n                                                                                            <\/div>\n                                        <\/div>\n                                                                                                                        <\/div>\n                                                                                <div class=\"yoga-region \">\n                            <h2 class=\"yoga-region-title\"><span class=\"ez-toc-section\" id=\"Valle_dAosta\"><\/span>Valle d&#039;Aosta<span class=\"ez-toc-section-end\"><\/span><\/h2>\n                                                                                                                                        <div class=\"yoga-province\">\n                                            <h3 class=\"yoga-province-title\">Aosta<\/h3>\n                                            <div class=\"yoga-events-list\">\n                                                                                                                                                        <div class=\"yoga-event-item\">\n                                                        <span class=\"event-day\">14 Agosto<\/span>\n                                                        <a href=\"https:\/\/eventiyoga.it\/eventi-yoga\/respiro_di_montagna_ferragosto_in_rifugio-7220\" class=\"yoga-event-link \">Respiro di Montagna : Ferragosto in Rifugio<\/a>\n                                                    <\/div>\n                                                                                            <\/div>\n                                        <\/div>\n                                                                                                                        <\/div>\n                                                                                <div class=\"yoga-region \">\n                            <h2 class=\"yoga-region-title\"><span class=\"ez-toc-section\" id=\"Veneto\"><\/span>Veneto<span class=\"ez-toc-section-end\"><\/span><\/h2>\n                                                                                                                                        <div class=\"yoga-province\">\n                                            <h3 class=\"yoga-province-title\">Vicenza<\/h3>\n                                            <div class=\"yoga-events-list\">\n                                                                                                                                                        <div class=\"yoga-event-item\">\n                                                        <span class=\"event-day\">01 Agosto<\/span>\n                                                        <a href=\"https:\/\/eventiyoga.it\/eventi-yoga\/vivere_o_immaginare_di_vivere-7146\" class=\"yoga-event-link \">Vivere o immaginare di vivere?<\/a>\n                                                    <\/div>\n                                                                                            <\/div>\n                                        <\/div>\n                                                                                                                        <\/div>\n                                                                                <div class=\"yoga-region yoga-region-estero\">\n                            <h2 class=\"yoga-region-title\"><span class=\"ez-toc-section\" id=\"Estero\"><\/span>Estero<span class=\"ez-toc-section-end\"><\/span><\/h2>\n                                                            <div class=\"yoga-events-list\">\n                                                                                                                                                                    <div class=\"yoga-event-item\">\n                                                <span class=\"event-day\">01 Agosto<\/span>\n                                                <a href=\"https:\/\/eventiyoga.it\/eventi-yoga\/yoga_e_safari_in_zambia_a_konkamoya-7022\" class=\"yoga-event-link \">Yoga e Safari in Zambia a Konkamoya<\/a>\n                                            <\/div>\n                                                                                                                                <div class=\"yoga-event-item\">\n                                                <span class=\"event-day\">01 Agosto<\/span>\n                                                <a href=\"https:\/\/eventiyoga.it\/eventi-yoga\/bali_vacanza_retreat_1_8_ago_2026-5973\" class=\"yoga-event-link \">BALI VACANZA &amp; RETREAT | 1-8 AGO 2026<\/a>\n                                            <\/div>\n                                                                                                                                <div class=\"yoga-event-item\">\n                                                <span class=\"event-day\">07 Agosto<\/span>\n                                                <a href=\"https:\/\/eventiyoga.it\/eventi-yoga\/vacanza_yoga_india_kerala-6253\" class=\"yoga-event-link \">Vacanza Yoga India | Kerala<\/a>\n                                            <\/div>\n                                                                                                                                <div class=\"yoga-event-item\">\n                                                <span class=\"event-day\">14 Agosto<\/span>\n                                                <a href=\"https:\/\/eventiyoga.it\/eventi-yoga\/ritiro_estivo_ayuryoga_in_montagna-7251\" class=\"yoga-event-link \">Ritiro estivo AyurYoga in montagna<\/a>\n                                            <\/div>\n                                                                                                                                <div class=\"yoga-event-item\">\n                                                <span class=\"event-day\">15 Agosto<\/span>\n                                                <a href=\"https:\/\/eventiyoga.it\/eventi-yoga\/yoga_e_barca_a_vela_retreat_maiorca-6090\" class=\"yoga-event-link \">Yoga e Barca a Vela Retreat \u2013 Maiorca<\/a>\n                                            <\/div>\n                                                                                                                                <div class=\"yoga-event-item\">\n                                                <span class=\"event-day\">20 Agosto<\/span>\n                                                <a href=\"https:\/\/eventiyoga.it\/eventi-yoga\/tour_yoga_in_thailandia_2026-6016\" class=\"yoga-event-link \">Tour Yoga in Thailandia 2026<\/a>\n                                            <\/div>\n                                                                                                                                <div class=\"yoga-event-item\">\n                                                <span class=\"event-day\">21 Agosto<\/span>\n                                                <a href=\"https:\/\/eventiyoga.it\/eventi-yoga\/la_soglia_viaggio_yoga_in_ladak-6819\" class=\"yoga-event-link \">La soglia - viaggio Yoga in Ladak<\/a>\n                                            <\/div>\n                                                                                                                                <div class=\"yoga-event-item\">\n                                                <span class=\"event-day\">22 Agosto<\/span>\n                                                <a href=\"https:\/\/eventiyoga.it\/eventi-yoga\/summer_bliss_vacanza_olistica_in_algarve_portogallo-6314\" class=\"yoga-event-link \">SUMMER BLISS: Vacanza Olistica in Algarve, Portogallo<\/a>\n                                            <\/div>\n                                                                                                                                <div class=\"yoga-event-item\">\n                                                <span class=\"event-day\">29 Agosto<\/span>\n                                                <a href=\"https:\/\/eventiyoga.it\/eventi-yoga\/ritiro_yoga_formentera-6949\" class=\"yoga-event-link \">Ritiro Yoga Formentera<\/a>\n                                            <\/div>\n                                                                                                                                <div class=\"yoga-event-item\">\n                                                <span class=\"event-day\">29 Agosto<\/span>\n                                                <a href=\"https:\/\/eventiyoga.it\/eventi-yoga\/grecia_patmos_leros_lipsi_vacanze_yoga_e_festival_della_musica_sacra_settimane-5798\" class=\"yoga-event-link \">GRECIA PATMOS LEROS.LIPSI-VACANZE YOGA E FESTIVAL DELLA MUSICA SACRA-SETTIMANE<\/a>\n                                            <\/div>\n                                                                                                                                <div class=\"yoga-event-item\">\n                                                <span class=\"event-day\">30 Agosto<\/span>\n                                                <a href=\"https:\/\/eventiyoga.it\/eventi-yoga\/grecia_patmos_l_isola_di_san_giovanni_yoga_e_festival_della_musica_sacra-7272\" class=\"yoga-event-link \">GRECIA PATMOS L&#039;ISOLA DI SAN GIOVANNI | YOGA e FESTIVAL DELLA MUSICA SACRA<\/a>\n                                            <\/div>\n                                                                                                            <\/div>\n                                                    <\/div>\n                                                        <\/div>\n        \n\n\n\n<hr class=\"wp-block-separator has-text-color has-white-color has-alpha-channel-opacity has-white-background-color has-background\"\/>\n\n\n\n<div class=\"wp-block-media-text alignwide is-stacked-on-mobile\"><figure class=\"wp-block-media-text__media\"><a href=\"https:\/\/eventiyoga.it\/blog\/yoga-a-ferragosto\/\"><img decoding=\"async\" src=\"data:image\/gif;base64,R0lGODlhAQABAIAAAAAAAP\/\/\/yH5BAEAAAAALAAAAAABAAEAAAIBRAA7\" data-src=\"https:\/\/eventiyoga.it\/blog\/wp-content\/uploads\/2022\/03\/YOGA_Ferragosto_migliori_destinazioni.png\" alt=\"yoga a ferragosto\" class=\"wp-image-40762 size-full\"\/><noscript><img loading=\"lazy\" decoding=\"async\" width=\"1024\" height=\"768\" src=\"https:\/\/eventiyoga.it\/blog\/wp-content\/uploads\/2022\/03\/YOGA_Ferragosto_migliori_destinazioni.png\" alt=\"yoga a ferragosto\" class=\"wp-image-40762 size-full\" srcset=\"https:\/\/eventiyoga.it\/blog\/wp-content\/uploads\/2022\/03\/YOGA_Ferragosto_migliori_destinazioni.png 1024w, https:\/\/eventiyoga.it\/blog\/wp-content\/uploads\/2022\/03\/YOGA_Ferragosto_migliori_destinazioni-300x225.png 300w, https:\/\/eventiyoga.it\/blog\/wp-content\/uploads\/2022\/03\/YOGA_Ferragosto_migliori_destinazioni-768x576.png 768w, https:\/\/eventiyoga.it\/blog\/wp-content\/uploads\/2022\/03\/YOGA_Ferragosto_migliori_destinazioni-200x150.png 200w, https:\/\/eventiyoga.it\/blog\/wp-content\/uploads\/2022\/03\/YOGA_Ferragosto_migliori_destinazioni-600x450.png 600w\" sizes=\"auto, (max-width: 1024px) 100vw, 1024px\" \/><\/noscript><\/a><\/figure><div class=\"wp-block-media-text__content\">\n<p class=\"has-large-font-size\"><a href=\"https:\/\/eventiyoga.it\/blog\/yoga-a-ferragosto\/\" class=\"ek-link\">Yoga a Ferragosto: le migliori destinazioni<\/a><\/p>\n<\/div><\/div>\n\n\n\n<hr class=\"wp-block-separator has-text-color has-white-color has-css-opacity has-white-background-color has-background\"\/>\n\n\n\n<div class=\"wp-block-media-text alignwide is-stacked-on-mobile\"><figure class=\"wp-block-media-text__media\"><img decoding=\"async\" src=\"data:image\/gif;base64,R0lGODlhAQABAIAAAAAAAP\/\/\/yH5BAEAAAAALAAAAAABAAEAAAIBRAA7\" data-src=\"https:\/\/eventiyoga.it\/blog\/wp-content\/uploads\/2022\/04\/Vacanze_yoga_estate-FACEBOOK.png\" alt=\"vacanza yoga estate\" class=\"wp-image-41856 size-full\"\/><noscript><img loading=\"lazy\" decoding=\"async\" width=\"1024\" height=\"768\" src=\"https:\/\/eventiyoga.it\/blog\/wp-content\/uploads\/2022\/04\/Vacanze_yoga_estate-FACEBOOK.png\" alt=\"vacanza yoga estate\" class=\"wp-image-41856 size-full\" srcset=\"https:\/\/eventiyoga.it\/blog\/wp-content\/uploads\/2022\/04\/Vacanze_yoga_estate-FACEBOOK.png 1024w, https:\/\/eventiyoga.it\/blog\/wp-content\/uploads\/2022\/04\/Vacanze_yoga_estate-FACEBOOK-300x225.png 300w, https:\/\/eventiyoga.it\/blog\/wp-content\/uploads\/2022\/04\/Vacanze_yoga_estate-FACEBOOK-768x576.png 768w, https:\/\/eventiyoga.it\/blog\/wp-content\/uploads\/2022\/04\/Vacanze_yoga_estate-FACEBOOK-200x150.png 200w, https:\/\/eventiyoga.it\/blog\/wp-content\/uploads\/2022\/04\/Vacanze_yoga_estate-FACEBOOK-600x450.png 600w\" sizes=\"auto, (max-width: 1024px) 100vw, 1024px\" \/><\/noscript><\/figure><div class=\"wp-block-media-text__content\">\n<p class=\"has-large-font-size\"><a href=\"https:\/\/eventiyoga.it\/blog\/vacanza-yoga-estate\/\" class=\"ek-link\">Vacanze Yoga Estate: migliori mete<\/a><\/p>\n<\/div><\/div>\n\n\n\n<hr class=\"wp-block-separator has-text-color has-white-color has-css-opacity has-white-background-color has-background\"\/>\n\n\n\n<h2 class=\"wp-block-heading\" id=\"h-cosa-possiamo-fare-per-te\"><span class=\"ez-toc-section\" id=\"Cosa_possiamo_fare_per_te\"><\/span>Cosa possiamo fare per te<span class=\"ez-toc-section-end\"><\/span><\/h2>\n\n\n\n<p><strong>Eventi Yoga<\/strong> \u00e8 il portale per gli amanti dello yoga che pu\u00f2 rivelarsi molto utile sia che tu sia un praticante, sia che tu sia un insegnante o un titolare di un centro yoga. Vediamo perch\u00e9.<\/p>\n\n\n\n<h3 class=\"wp-block-heading\" id=\"h-se-sei-un-praticante\">Se sei un praticante<\/h3>\n\n\n\n<p>Eventi Yoga pu\u00f2 esserti utile nella pratica e pu\u00f2 fare al caso tuo per diversi motivi. Innanzitutto \u00e8 un \u201ccatalogo\/calendario\u201d online di <a href=\"https:\/\/eventiyoga.it\/eventi-yoga\/\" class=\"ek-link\">eventi yoga<\/a> sempre aggiornato e suddiviso per mesi: puoi cercare (e trovare!) gli eventi di yoga \u2013 corsi, workshop, ritiri, vacanze, etc. \u2013 organizzati in Italia e all\u2019estero.<\/p>\n\n\n\n<hr class=\"wp-block-separator has-text-color has-white-color has-alpha-channel-opacity has-white-background-color has-background\"\/>\n\n\n\n<div class=\"wp-block-buttons is-horizontal is-content-justification-center is-layout-flex wp-container-core-buttons-is-layout-499968f5 wp-block-buttons-is-layout-flex\">\n<div class=\"wp-block-button has-custom-width wp-block-button__width-100\"><a class=\"wp-block-button__link has-background wp-element-button\" href=\"https:\/\/eventiyoga.it\/eventi-yoga\/\" style=\"border-top-left-radius:0px;border-top-right-radius:0px;border-bottom-left-radius:0px;border-bottom-right-radius:0px;background-color:#944c93\" target=\"_blank\" rel=\"noreferrer noopener\"><strong>Vai al Calendario Eventi Yoga aggiornato in tempo reale<\/strong><\/a><\/div>\n<\/div>\n\n\n\n<hr class=\"wp-block-separator has-text-color has-white-color has-css-opacity has-white-background-color has-background\"\/>\n\n\n\n<p>Qui trovi l\u2019elenco completo e sempre aggiornato dei <a href=\"https:\/\/eventiyoga.it\/blog\/vacanze-yoga-e-benessere-settembre-offerte\/\" target=\"_blank\" rel=\"noreferrer noopener\">Retreat e Vacanza Yoga a Settembre<\/a>, suddivise per mese, in ordine di data, con indicazione della regione italiana o estera. Alcune proposte sono esclusive per i lettori di Eventi Yoga e includono delle <strong>offerte speciali<\/strong> da prenotare entro un determinato periodo di tempo: se ti interessa una vacanza o un evento specifico ma credi che i posti siano esauriti, contatta noi di Eventi Yoga oppure direttamente gli organizzatori menzionando che hai visto l\u2019offerta sul sito di Eventi Yoga.<\/p>\n\n\n\n<hr class=\"wp-block-separator has-text-color has-white-color has-css-opacity has-white-background-color has-background\"\/>\n\n\n\n<div class=\"wp-block-media-text alignwide is-stacked-on-mobile\"><figure class=\"wp-block-media-text__media\"><img decoding=\"async\" src=\"data:image\/gif;base64,R0lGODlhAQABAIAAAAAAAP\/\/\/yH5BAEAAAAALAAAAAABAAEAAAIBRAA7\" data-src=\"https:\/\/eventiyoga.it\/blog\/wp-content\/uploads\/2017\/08\/SETTEMBRE-1024x576.jpg\" alt=\"Vacanze Yoga Settembre\" class=\"wp-image-11837 size-full\"\/><noscript><img loading=\"lazy\" decoding=\"async\" width=\"1024\" height=\"576\" src=\"https:\/\/eventiyoga.it\/blog\/wp-content\/uploads\/2017\/08\/SETTEMBRE-1024x576.jpg\" alt=\"Vacanze Yoga Settembre\" class=\"wp-image-11837 size-full\" srcset=\"https:\/\/eventiyoga.it\/blog\/wp-content\/uploads\/2017\/08\/SETTEMBRE-1024x576.jpg 1024w, https:\/\/eventiyoga.it\/blog\/wp-content\/uploads\/2017\/08\/SETTEMBRE-600x337.jpg 600w, https:\/\/eventiyoga.it\/blog\/wp-content\/uploads\/2017\/08\/SETTEMBRE-300x169.jpg 300w, https:\/\/eventiyoga.it\/blog\/wp-content\/uploads\/2017\/08\/SETTEMBRE-768x432.jpg 768w, https:\/\/eventiyoga.it\/blog\/wp-content\/uploads\/2017\/08\/SETTEMBRE.jpg 1750w\" sizes=\"auto, (max-width: 1024px) 100vw, 1024px\" \/><\/noscript><\/figure><div class=\"wp-block-media-text__content\">\n<p class=\"has-large-font-size\"><meta charset=\"utf-8\"><a href=\"https:\/\/eventiyoga.it\/blog\/vacanze-yoga-e-benessere-settembre-offerte\/\" class=\"ek-link\">Ritiri Yoga e Vacanze Yoga a Settembre<\/a><\/p>\n<\/div><\/div>\n\n\n\n<hr class=\"wp-block-separator has-text-color has-white-color has-css-opacity has-white-background-color has-background\"\/>\n\n\n\n<p>Oltre agli eventi, puoi visualizzare anche una ricchissima banca dati di <a href=\"https:\/\/eventiyoga.it\/blog\/corsi-yoga\/\" class=\"ek-link\">corsi<\/a>, <a href=\"https:\/\/eventiyoga.it\/centri-yoga\/\">centri<\/a>, <a href=\"https:\/\/eventiyoga.it\/insegnanti-yoga\/\">insegnanti<\/a> e <a href=\"https:\/\/eventiyoga.it\/strutture-yoga\/\" class=\"ek-link\">strutture<\/a> che ospitano eventi di yoga.<\/p>\n\n\n\n<hr class=\"wp-block-separator has-text-color has-white-color has-alpha-channel-opacity has-white-background-color has-background\"\/>\n\n\n\n<h3 class=\"wp-block-heading\" id=\"h-se-sei-un-insegnante-o-hai-un-centro-yoga\">Se sei un insegnante o hai un centro yoga<\/h3>\n\n\n\n<p>In tal caso Eventi Yoga, oltre a farti trovare il corso per insegnanti o il workshop che fa al caso tuo per il tuo aggiornamento professionale, ti \u00e8 utile anche per accrescere la tua visibilit\u00e0 e farti conoscere da una community di appassionati.<\/p>\n\n\n\n<p>Puoi, infatti, <strong>pubblicare gratuitamente il tuo profilo insegnante, il tuo centro yoga<\/strong> <strong>o gli eventi di yoga da te organizzati<\/strong> <strong>sul nostro sito<\/strong>, raggiungendo cos\u00ec il tuo target di riferimento. La pubblicazione \u00e8 davvero semplice. Ricapitoliamo qui di seguito le guide che, passo passo, ti spiegano come fare parte del nostro portale:<\/p>\n\n\n\n<ul class=\"wp-block-list\">\n<li><a href=\"https:\/\/eventiyoga.it\/blog\/come-pubblicare-centro-yoga-su-eventiyoga\/\" target=\"_blank\" rel=\"noreferrer noopener\">come pubblicare un centro yoga su EventiYoga<\/a><\/li>\n\n\n\n<li><a href=\"https:\/\/eventiyoga.it\/blog\/come-pubblicare-profilo-insegnante\/\" target=\"_blank\" rel=\"noreferrer noopener\">come pubblicare il profilo insegnante su EventiYoga<\/a><\/li>\n\n\n\n<li><a href=\"https:\/\/eventiyoga.it\/blog\/come-pubblicare-un-evento-su-eventiyoga\/\" target=\"_blank\" rel=\"noreferrer noopener\">come pubblicare un evento su EventiYoga<\/a><\/li>\n<\/ul>\n\n\n\n<hr class=\"wp-block-separator has-text-color has-white-color has-alpha-channel-opacity has-white-background-color has-background\"\/>\n\n\n\n<div class=\"wp-block-buttons is-horizontal is-content-justification-center is-layout-flex wp-container-core-buttons-is-layout-499968f5 wp-block-buttons-is-layout-flex\">\n<div class=\"wp-block-button has-custom-width wp-block-button__width-100\"><a class=\"wp-block-button__link has-background wp-element-button\" href=\"https:\/\/eventiyoga.it\/blog\/pubblica-su-eventiyoga\/\" style=\"border-top-left-radius:0px;border-top-right-radius:0px;border-bottom-left-radius:0px;border-bottom-right-radius:0px;background-color:#944c93\" target=\"_blank\" rel=\"noreferrer noopener\"><strong>PUBBLICA LE TUE VACANZE e RITIRI<\/strong><\/a><\/div>\n<\/div>\n\n\n\n<hr class=\"wp-block-separator has-text-color has-white-color has-alpha-channel-opacity has-white-background-color has-background\"\/>\n\n\n\n<h2 class=\"wp-block-heading\"><span class=\"ez-toc-section\" id=\"Calendario_Eventi_Yoga_online\"><\/span>Calendario Eventi Yoga online<span class=\"ez-toc-section-end\"><\/span><\/h2>\n\n\n\n<p>Puoi consultare il calendario eventi anche online con numerosi weekend, vacanze, ritiri e corsi yoga.<\/p>\n\n\n\n<p><strong>EVENTI YOGA PER MESE<\/strong><\/p>\n\n\n\n<ul class=\"wp-block-list\">\n<li><a href=\"https:\/\/eventiyoga.it\/blog\/vacanze-workshop-yoga-e-benessere-gennaio\/\" target=\"_blank\" rel=\"noreferrer noopener\"><u>Gennaio<\/u><\/a><\/li>\n\n\n\n<li><a href=\"https:\/\/eventiyoga.it\/blog\/vacanze-seminari-workshop-yoga-benessere-febbraio\/\" target=\"_blank\" rel=\"noreferrer noopener\"><u>Febbraio<\/u><\/a><\/li>\n\n\n\n<li><a href=\"https:\/\/eventiyoga.it\/blog\/vacanze-seminari-workshop-yoga-benessere-marzo\/\" target=\"_blank\" rel=\"noreferrer noopener\"><u>Marzo<\/u><\/a><\/li>\n\n\n\n<li><a href=\"https:\/\/eventiyoga.it\/blog\/vacanze-yoga-aprile\/\" target=\"_blank\" rel=\"noreferrer noopener\"><u>Aprile<\/u><\/a><\/li>\n\n\n\n<li><a href=\"https:\/\/eventiyoga.it\/blog\/vacanze-yoga-maggio\/\" target=\"_blank\" rel=\"noreferrer noopener\"><u>Maggio<\/u><\/a><\/li>\n\n\n\n<li><a href=\"https:\/\/eventiyoga.it\/blog\/vacanze-yoga-e-benessere-giugno-offerte\/\" target=\"_blank\" rel=\"noreferrer noopener\"><u>Giugno<\/u><\/a><\/li>\n\n\n\n<li><a href=\"https:\/\/eventiyoga.it\/blog\/vacanze-yoga-e-benessere-luglio-offerte\/\" target=\"_blank\" rel=\"noreferrer noopener\"><u>Luglio<\/u><\/a><\/li>\n\n\n\n<li><a href=\"https:\/\/eventiyoga.it\/blog\/vacanze-yoga-e-benessere-agosto-offerte\/\" target=\"_blank\" rel=\"noreferrer noopener\"><u>Agosto<\/u><\/a><\/li>\n\n\n\n<li><a href=\"https:\/\/eventiyoga.it\/blog\/vacanze-yoga-e-benessere-settembre-offerte\/\" target=\"_blank\" rel=\"noreferrer noopener\"><u>Settembre<\/u><\/a><\/li>\n\n\n\n<li><a href=\"https:\/\/eventiyoga.it\/blog\/vacanze-yoga-e-benessere-ottobre-offerte\/\" target=\"_blank\" rel=\"noreferrer noopener\"><u>Ottobre<\/u><\/a><\/li>\n\n\n\n<li><a href=\"https:\/\/eventiyoga.it\/blog\/vacanze-yoga-e-benessere-novembre-offerte\/\" target=\"_blank\" rel=\"noreferrer noopener\"><u>Novembre<\/u><\/a><\/li>\n\n\n\n<li><a href=\"https:\/\/eventiyoga.it\/blog\/vacanze-yoga-e-benessere-dicembre\/\" target=\"_blank\" rel=\"noreferrer noopener\"><u>Dicembre<\/u><\/a><\/li>\n<\/ul>\n\n\n\n<hr class=\"wp-block-separator has-text-color has-white-color has-alpha-channel-opacity has-white-background-color has-background\"\/>\n\n\n\n<p><strong>EVENTI YOGA PER FESTIVITA\u2019<\/strong><\/p>\n\n\n\n<ul class=\"wp-block-list\">\n<li><a href=\"https:\/\/eventiyoga.it\/blog\/ritiro-yoga-25-aprile\/\" target=\"_blank\" rel=\"noreferrer noopener\">Ponte 25 aprile<\/a><\/li>\n\n\n\n<li><a href=\"https:\/\/eventiyoga.it\/blog\/ponte-1-maggio-offerte-yoga\/\" target=\"_blank\" rel=\"noreferrer noopener\">Ponte 1 maggio<\/a><\/li>\n\n\n\n<li><a href=\"https:\/\/eventiyoga.it\/blog\/ponte-2-giugno-yoga\/\" target=\"_blank\" rel=\"noreferrer noopener\">Ponte 2 giugno<\/a><\/li>\n\n\n\n<li><a href=\"https:\/\/eventiyoga.it\/blog\/vacanza-yoga-pasqua-offerte\/\" target=\"_blank\" rel=\"noreferrer noopener\"><u>Pasqua<\/u><\/a><\/li>\n\n\n\n<li><a href=\"https:\/\/eventiyoga.it\/blog\/vacanze-yoga-2\/\" target=\"_blank\" rel=\"noreferrer noopener\"><u>Primavera Estate<\/u><\/a><\/li>\n\n\n\n<li><a href=\"https:\/\/eventiyoga.it\/blog\/yoga-a-ferragosto\/\" target=\"_blank\" rel=\"noreferrer noopener\"><u>Ferragosto<\/u><\/a><\/li>\n\n\n\n<li><a href=\"https:\/\/eventiyoga.it\/blog\/vacanze-yoga-ponte-ognissanti\/\" target=\"_blank\" rel=\"noreferrer noopener\">Yoga Ponte Ognissanti<\/a><\/li>\n\n\n\n<li><a href=\"https:\/\/eventiyoga.it\/blog\/retreat-e-vacanze-yoga-natale-offerte\/\" target=\"_blank\" rel=\"noreferrer noopener\">Na<\/a><a href=\"https:\/\/eventiyoga.it\/blog\/retreat-e-vacanze-yoga-natale-offerte\/\"><u>tale<\/u><\/a><\/li>\n\n\n\n<li><a href=\"https:\/\/eventiyoga.it\/blog\/vacanze-yoga-capodanno\/\" target=\"_blank\" rel=\"noreferrer noopener\"><u>Capodanno<\/u><\/a><\/li>\n<\/ul>\n\n\n\n<hr class=\"wp-block-separator has-text-color has-white-color has-alpha-channel-opacity has-white-background-color has-background\"\/>\n\n\n\n<p><strong>EVENTI YOGA PER TIPOLOGIA<\/strong><\/p>\n\n\n\n<ul class=\"wp-block-list\">\n<li><a href=\"https:\/\/eventiyoga.it\/blog\/ritiro-yoga\/\" target=\"_blank\" rel=\"noreferrer noopener\">Ritiri yoga<\/a><\/li>\n\n\n\n<li><a href=\"https:\/\/eventiyoga.it\/blog\/weekend-yoga\/\" target=\"_blank\" rel=\"noreferrer noopener\">Weekend yoga<\/a><\/li>\n\n\n\n<li><a href=\"https:\/\/eventiyoga.it\/vacanze-yoga-2\/\" target=\"_blank\" rel=\"noreferrer noopener\">Vacanze yoga<\/a><\/li>\n\n\n\n<li><a href=\"https:\/\/eventiyoga.it\/blog\/workshop-yoga-italia\/\" target=\"_blank\" rel=\"noreferrer noopener\">Workshop yoga<\/a><\/li>\n\n\n\n<li><a href=\"https:\/\/eventiyoga.it\/insegnanti-yoga\/\" target=\"_blank\" rel=\"noreferrer noopener\">Insegnanti yoga<\/a><\/li>\n<\/ul>\n\n\n\n<h2 class=\"wp-block-heading\" id=\"h-alcune-risorse-interessanti-per-te\"><span class=\"ez-toc-section\" id=\"Alcune_risorse_interessanti_per_te\"><\/span>Alcune risorse interessanti per te<span class=\"ez-toc-section-end\"><\/span><\/h2>\n\n\n\n<ul class=\"wp-block-list\">\n<li><a href=\"https:\/\/eventiyoga.it\/blog\/vacanze-yoga-e-benessere-agosto-offerte\/\" target=\"_blank\" rel=\"noreferrer noopener\">Vacanze yoga e benessere Agosto: offerte e destinazioni<\/a><\/li>\n\n\n\n<li><a href=\"https:\/\/eventiyoga.it\/blog\/la-valigia-perfetta-per-il-tuo-retreat-yoga\/\" target=\"_blank\" rel=\"noreferrer noopener\">La valigia perfe<\/a><a class=\"ek-link\" href=\"https:\/\/eventiyoga.it\/blog\/la-valigia-perfetta-per-il-tuo-retreat-yoga\/\">tta per il tuo retreat yoga<\/a><\/li>\n\n\n\n<li><a href=\"https:\/\/eventiyoga.it\/blog\/vacanze-yoga-italia-consigli\/\" target=\"_blank\" rel=\"noreferrer noopener\">Vacanze yoga in It<\/a><a class=\"ek-link\" href=\"https:\/\/eventiyoga.it\/blog\/vacanze-yoga-italia-consigli\/\">alia? Segui i nostri consigli<\/a><\/li>\n\n\n\n<li><a href=\"https:\/\/eventiyoga.it\/blog\/dieci-errori-da-non-commettere-quando-si-prenota-un-retreat-yoga\/\" target=\"_blank\" rel=\"noreferrer noopener\">Dieci errori da non commettere quando si prenota un retreat yoga<\/a><\/li>\n\n\n\n<li><a href=\"https:\/\/eventiyoga.it\/blog\/posizioni-yoga-al-mare\/\" target=\"_blank\" rel=\"noreferrer noopener\">Posizioni yoga da fare al mare<\/a><\/li>\n<\/ul>\n\n\n\n<hr class=\"wp-block-separator has-text-color has-white-color has-alpha-channel-opacity has-white-background-color has-background\"\/>\n\n\n\n<h2 class=\"wp-block-heading\"><span class=\"ez-toc-section\" id=\"Scarica_lApp_Eventi_Yoga\"><\/span>Scarica l\u2019App Eventi Yoga<span class=\"ez-toc-section-end\"><\/span><\/h2>\n\n\n\n<p class=\"has-text-align-center\">Il pi\u00f9 grande catalogo degli eventi di yoga in Italia di&nbsp;<strong>Eventiyoga.it<\/strong>&nbsp;sempre a portata di mano! Centinaia di vacanze, retreat, viaggi e corsi di yoga per tutti i gusti da scegliere con un click. Per trovare la proposta ideale per te, prenotare subito e godere dei&nbsp;<strong>benefici<\/strong><strong> <a href=\"https:\/\/eventiyoga.it\/blog\/benefici-di-un-ritiro-yoga\/\">di un ritiro yoga<\/a><\/strong>.<\/p>\n\n\n\n<p class=\"has-text-align-center\"><strong>Scarica ora l&#8217;app EventiYoga<\/strong><\/p>\n\n\n\n<div class=\"wp-block-media-text alignwide is-stacked-on-mobile\"><figure class=\"wp-block-media-text__media\"><img decoding=\"async\" src=\"data:image\/gif;base64,R0lGODlhAQABAIAAAAAAAP\/\/\/yH5BAEAAAAALAAAAAABAAEAAAIBRAA7\" data-src=\"https:\/\/eventiyoga.it\/blog\/wp-content\/uploads\/2020\/09\/scarica_app_eventiyoga-1.jpg\" alt=\"Benefici di un ritiro yoga: scarica l'App EventiYoga per prenotare il tuo prossimo viaggio \" class=\"wp-image-23454 size-full\"\/><noscript><img loading=\"lazy\" decoding=\"async\" width=\"1024\" height=\"768\" src=\"https:\/\/eventiyoga.it\/blog\/wp-content\/uploads\/2020\/09\/scarica_app_eventiyoga-1.jpg\" alt=\"Benefici di un ritiro yoga: scarica l'App EventiYoga per prenotare il tuo prossimo viaggio \" class=\"wp-image-23454 size-full\" srcset=\"https:\/\/eventiyoga.it\/blog\/wp-content\/uploads\/2020\/09\/scarica_app_eventiyoga-1.jpg 1024w, https:\/\/eventiyoga.it\/blog\/wp-content\/uploads\/2020\/09\/scarica_app_eventiyoga-1-300x225.jpg 300w, https:\/\/eventiyoga.it\/blog\/wp-content\/uploads\/2020\/09\/scarica_app_eventiyoga-1-768x576.jpg 768w, https:\/\/eventiyoga.it\/blog\/wp-content\/uploads\/2020\/09\/scarica_app_eventiyoga-1-200x150.jpg 200w, https:\/\/eventiyoga.it\/blog\/wp-content\/uploads\/2020\/09\/scarica_app_eventiyoga-1-600x450.jpg 600w\" sizes=\"auto, (max-width: 1024px) 100vw, 1024px\" \/><\/noscript><\/figure><div class=\"wp-block-media-text__content\">\n<p class=\"has-text-align-center\"><a href=\"https:\/\/apps.apple.com\/us\/app\/id1514783292\" target=\"_blank\" rel=\"noreferrer noopener\" class=\"ek-link\">per&nbsp;iOS<\/a><\/p>\n\n\n\n<p class=\"has-text-align-center\"><a href=\"https:\/\/play.google.com\/store\/apps\/details?id=com.maugry.yoga\" target=\"_blank\" rel=\"noreferrer noopener\" class=\"ek-link\">per Android<\/a><\/p>\n<\/div><\/div>\n\n\n\n<hr class=\"wp-block-separator has-text-color has-white-color has-alpha-channel-opacity has-white-background-color has-background\"\/>\n\n\n\n<h2 class=\"wp-block-heading\" id=\"h-iscriviti-alla-nostra-newsletter\"><span class=\"ez-toc-section\" id=\"Iscriviti_alla_nostra_Newsletter\"><\/span>Iscriviti alla nostra Newsletter<span class=\"ez-toc-section-end\"><\/span><\/h2>\n\n\n<div class=\"wp-block-image\">\n<figure class=\"aligncenter\"><a href=\"https:\/\/eventiyoga.it\/blog\/newsletter-eventi-yoga\/\" target=\"_blank\" rel=\"noopener\"><img decoding=\"async\" src=\"data:image\/gif;base64,R0lGODlhAQABAIAAAAAAAP\/\/\/yH5BAEAAAAALAAAAAABAAEAAAIBRAA7\" data-src=\"https:\/\/eventiyoga.it\/blog\/wp-content\/uploads\/2019\/10\/Banner-Iscrizione-NL-EY.jpeg\" alt=\"\" class=\"wp-image-16724\"\/><noscript><img decoding=\"async\" src=\"https:\/\/eventiyoga.it\/blog\/wp-content\/uploads\/2019\/10\/Banner-Iscrizione-NL-EY.jpeg\" alt=\"\" class=\"wp-image-16724\"\/><\/noscript><\/a><figcaption class=\"wp-element-caption\">Iscriviti alla Newsletter \u2013 per te subito un Bonus!<\/figcaption><\/figure>\n<\/div>","protected":false},"excerpt":{"rendered":"<p>Siamo ormai in piena estate. La voglia di staccare, di rilassarsi, di rigenerarsi, di prendersi del tempo per s\u00e9 \u00e8 sempre pi\u00f9 forte. E se pratichi yoga \u00e8 facile intuire che tu non veda l\u2019ora di abbinare le vacanze a un ritiro yoga. D\u2019altro canto, se sei un insegnante pu\u00f2 essere che tu stia valutando [&hellip;]<\/p>\n","protected":false},"author":2,"featured_media":73093,"comment_status":"open","ping_status":"open","sticky":false,"template":"","format":"standard","meta":{"_acf_changed":false,"_editorskit_title_hidden":false,"_editorskit_reading_time":5,"_editorskit_is_block_options_detached":false,"_editorskit_block_options_position":"{}","footnotes":""},"categories":[44583],"tags":[47,187],"class_list":["post-22602","post","type-post","status-publish","format-standard","has-post-thumbnail","hentry","category-eventi-yoga","tag-eventi-yoga","tag-vacanze-yoga"],"acf":[],"yoast_head":"<!-- This site is optimized with the Yoast SEO plugin v26.4 - https:\/\/yoast.com\/wordpress\/plugins\/seo\/ -->\n<title>Vacanza Agosto | Migliori Offerte Vacanze Yoga e Benessere<\/title>\n<meta name=\"description\" content=\"Vacanza Agosto. Le migliori offerte e destinazioni per le vacanze Yoga e Benessere in Italia, dal Trentino Alto Adige fino alla Sicilia. Scopri di pi\u00f9!\" \/>\n<meta name=\"robots\" content=\"index, follow, max-snippet:-1, max-image-preview:large, max-video-preview:-1\" \/>\n<link rel=\"canonical\" href=\"https:\/\/eventiyoga.it\/blog\/vacanza-yoga-agosto\/\" \/>\n<meta property=\"og:locale\" content=\"en_US\" \/>\n<meta property=\"og:type\" content=\"article\" \/>\n<meta property=\"og:title\" content=\"Vacanza Agosto | Migliori Offerte Vacanze Yoga e Benessere\" \/>\n<meta property=\"og:description\" content=\"Vacanza Agosto. Le migliori offerte e destinazioni per le vacanze Yoga e Benessere in Italia, dal Trentino Alto Adige fino alla Sicilia. Scopri di pi\u00f9!\" \/>\n<meta property=\"og:url\" content=\"https:\/\/eventiyoga.it\/blog\/vacanza-yoga-agosto\/\" \/>\n<meta property=\"og:site_name\" content=\"Eventi Yoga\" \/>\n<meta property=\"article:author\" content=\"https:\/\/www.facebook.com\/eventiyogaitalia\/\" \/>\n<meta property=\"article:published_time\" content=\"2026-03-11T06:53:16+00:00\" \/>\n<meta property=\"article:modified_time\" content=\"2026-03-11T06:54:37+00:00\" \/>\n<meta property=\"og:image\" content=\"https:\/\/eventiyoga.it\/blog\/wp-content\/uploads\/2024\/07\/vacanza-agosto-yoga-e-benessere.png\" \/>\n\t<meta property=\"og:image:width\" content=\"1024\" \/>\n\t<meta property=\"og:image:height\" content=\"768\" \/>\n\t<meta property=\"og:image:type\" content=\"image\/png\" \/>\n<meta name=\"author\" content=\"Redazione EventiYoga\" \/>\n<meta name=\"twitter:card\" content=\"summary_large_image\" \/>\n<meta name=\"twitter:label1\" content=\"Written by\" \/>\n\t<meta name=\"twitter:data1\" content=\"Redazione EventiYoga\" \/>\n\t<meta name=\"twitter:label2\" content=\"Est. reading time\" \/>\n\t<meta name=\"twitter:data2\" content=\"6 minutes\" \/>\n<script type=\"application\/ld+json\" class=\"yoast-schema-graph\">{\"@context\":\"https:\/\/schema.org\",\"@graph\":[{\"@type\":\"WebPage\",\"@id\":\"https:\/\/eventiyoga.it\/blog\/vacanza-yoga-agosto\/\",\"url\":\"https:\/\/eventiyoga.it\/blog\/vacanza-yoga-agosto\/\",\"name\":\"Vacanza Agosto | Migliori Offerte Vacanze Yoga e Benessere\",\"isPartOf\":{\"@id\":\"https:\/\/eventiyoga.it\/blog\/#website\"},\"primaryImageOfPage\":{\"@id\":\"https:\/\/eventiyoga.it\/blog\/vacanza-yoga-agosto\/#primaryimage\"},\"image\":{\"@id\":\"https:\/\/eventiyoga.it\/blog\/vacanza-yoga-agosto\/#primaryimage\"},\"thumbnailUrl\":\"https:\/\/eventiyoga.it\/blog\/wp-content\/uploads\/2024\/07\/vacanza-agosto-yoga-e-benessere.png\",\"datePublished\":\"2026-03-11T06:53:16+00:00\",\"dateModified\":\"2026-03-11T06:54:37+00:00\",\"author\":{\"@id\":\"https:\/\/eventiyoga.it\/blog\/#\/schema\/person\/baf6fd722b999df7881d1cc130b5abb0\"},\"description\":\"Vacanza Agosto. Le migliori offerte e destinazioni per le vacanze Yoga e Benessere in Italia, dal Trentino Alto Adige fino alla Sicilia. Scopri di pi\u00f9!\",\"breadcrumb\":{\"@id\":\"https:\/\/eventiyoga.it\/blog\/vacanza-yoga-agosto\/#breadcrumb\"},\"inLanguage\":\"en-US\",\"potentialAction\":[{\"@type\":\"ReadAction\",\"target\":[\"https:\/\/eventiyoga.it\/blog\/vacanza-yoga-agosto\/\"]}]},{\"@type\":\"ImageObject\",\"inLanguage\":\"en-US\",\"@id\":\"https:\/\/eventiyoga.it\/blog\/vacanza-yoga-agosto\/#primaryimage\",\"url\":\"https:\/\/eventiyoga.it\/blog\/wp-content\/uploads\/2024\/07\/vacanza-agosto-yoga-e-benessere.png\",\"contentUrl\":\"https:\/\/eventiyoga.it\/blog\/wp-content\/uploads\/2024\/07\/vacanza-agosto-yoga-e-benessere.png\",\"width\":1024,\"height\":768,\"caption\":\"vacanza-agosto-yoga-e-benessere\"},{\"@type\":\"BreadcrumbList\",\"@id\":\"https:\/\/eventiyoga.it\/blog\/vacanza-yoga-agosto\/#breadcrumb\",\"itemListElement\":[{\"@type\":\"ListItem\",\"position\":1,\"name\":\"Home\",\"item\":\"https:\/\/eventiyoga.it\/blog\/\"},{\"@type\":\"ListItem\",\"position\":2,\"name\":\"Vacanza Agosto | Migliori Offerte Vacanze Yoga e Benessere\"}]},{\"@type\":\"WebSite\",\"@id\":\"https:\/\/eventiyoga.it\/blog\/#website\",\"url\":\"https:\/\/eventiyoga.it\/blog\/\",\"name\":\"Eventi Yoga\",\"description\":\"Il portale Italiano per gli eventi dello yoga\",\"potentialAction\":[{\"@type\":\"SearchAction\",\"target\":{\"@type\":\"EntryPoint\",\"urlTemplate\":\"https:\/\/eventiyoga.it\/blog\/?s={search_term_string}\"},\"query-input\":{\"@type\":\"PropertyValueSpecification\",\"valueRequired\":true,\"valueName\":\"search_term_string\"}}],\"inLanguage\":\"en-US\"},{\"@type\":\"Person\",\"@id\":\"https:\/\/eventiyoga.it\/blog\/#\/schema\/person\/baf6fd722b999df7881d1cc130b5abb0\",\"name\":\"Redazione EventiYoga\",\"image\":{\"@type\":\"ImageObject\",\"inLanguage\":\"en-US\",\"@id\":\"https:\/\/eventiyoga.it\/blog\/#\/schema\/person\/image\/\",\"url\":\"https:\/\/secure.gravatar.com\/avatar\/839ba21ae8a8a0c224183a3fdd70f673ae7387c1b6b0c149143342ed9586efd3?s=96&d=mm&r=g\",\"contentUrl\":\"https:\/\/secure.gravatar.com\/avatar\/839ba21ae8a8a0c224183a3fdd70f673ae7387c1b6b0c149143342ed9586efd3?s=96&d=mm&r=g\",\"caption\":\"Redazione EventiYoga\"},\"description\":\"Ci occupiamo dei contenuti di EventiYoga e delle traduzioni dei contenuti da siti partner. Contattaci per avere maggiori informazioni su come promuoverti su e tramite Eventi Yoga. Puoi scriverci a info@eventiyoga.it.\",\"sameAs\":[\"https:\/\/eventiyoga.it\/\",\"https:\/\/www.facebook.com\/eventiyogaitalia\/\"],\"url\":\"https:\/\/eventiyoga.it\/blog\/author\/redazione-eventiyoga\/\"}]}<\/script>\n<!-- \/ Yoast SEO plugin. -->","yoast_head_json":{"title":"Vacanza Agosto | Migliori Offerte Vacanze Yoga e Benessere","description":"Vacanza Agosto. Le migliori offerte e destinazioni per le vacanze Yoga e Benessere in Italia, dal Trentino Alto Adige fino alla Sicilia. Scopri di pi\u00f9!","robots":{"index":"index","follow":"follow","max-snippet":"max-snippet:-1","max-image-preview":"max-image-preview:large","max-video-preview":"max-video-preview:-1"},"canonical":"https:\/\/eventiyoga.it\/blog\/vacanza-yoga-agosto\/","og_locale":"en_US","og_type":"article","og_title":"Vacanza Agosto | Migliori Offerte Vacanze Yoga e Benessere","og_description":"Vacanza Agosto. Le migliori offerte e destinazioni per le vacanze Yoga e Benessere in Italia, dal Trentino Alto Adige fino alla Sicilia. Scopri di pi\u00f9!","og_url":"https:\/\/eventiyoga.it\/blog\/vacanza-yoga-agosto\/","og_site_name":"Eventi Yoga","article_author":"https:\/\/www.facebook.com\/eventiyogaitalia\/","article_published_time":"2026-03-11T06:53:16+00:00","article_modified_time":"2026-03-11T06:54:37+00:00","og_image":[{"width":1024,"height":768,"url":"https:\/\/eventiyoga.it\/blog\/wp-content\/uploads\/2024\/07\/vacanza-agosto-yoga-e-benessere.png","type":"image\/png"}],"author":"Redazione EventiYoga","twitter_card":"summary_large_image","twitter_misc":{"Written by":"Redazione EventiYoga","Est. reading time":"6 minutes"},"schema":{"@context":"https:\/\/schema.org","@graph":[{"@type":"WebPage","@id":"https:\/\/eventiyoga.it\/blog\/vacanza-yoga-agosto\/","url":"https:\/\/eventiyoga.it\/blog\/vacanza-yoga-agosto\/","name":"Vacanza Agosto | Migliori Offerte Vacanze Yoga e Benessere","isPartOf":{"@id":"https:\/\/eventiyoga.it\/blog\/#website"},"primaryImageOfPage":{"@id":"https:\/\/eventiyoga.it\/blog\/vacanza-yoga-agosto\/#primaryimage"},"image":{"@id":"https:\/\/eventiyoga.it\/blog\/vacanza-yoga-agosto\/#primaryimage"},"thumbnailUrl":"https:\/\/eventiyoga.it\/blog\/wp-content\/uploads\/2024\/07\/vacanza-agosto-yoga-e-benessere.png","datePublished":"2026-03-11T06:53:16+00:00","dateModified":"2026-03-11T06:54:37+00:00","author":{"@id":"https:\/\/eventiyoga.it\/blog\/#\/schema\/person\/baf6fd722b999df7881d1cc130b5abb0"},"description":"Vacanza Agosto. Le migliori offerte e destinazioni per le vacanze Yoga e Benessere in Italia, dal Trentino Alto Adige fino alla Sicilia. Scopri di pi\u00f9!","breadcrumb":{"@id":"https:\/\/eventiyoga.it\/blog\/vacanza-yoga-agosto\/#breadcrumb"},"inLanguage":"en-US","potentialAction":[{"@type":"ReadAction","target":["https:\/\/eventiyoga.it\/blog\/vacanza-yoga-agosto\/"]}]},{"@type":"ImageObject","inLanguage":"en-US","@id":"https:\/\/eventiyoga.it\/blog\/vacanza-yoga-agosto\/#primaryimage","url":"https:\/\/eventiyoga.it\/blog\/wp-content\/uploads\/2024\/07\/vacanza-agosto-yoga-e-benessere.png","contentUrl":"https:\/\/eventiyoga.it\/blog\/wp-content\/uploads\/2024\/07\/vacanza-agosto-yoga-e-benessere.png","width":1024,"height":768,"caption":"vacanza-agosto-yoga-e-benessere"},{"@type":"BreadcrumbList","@id":"https:\/\/eventiyoga.it\/blog\/vacanza-yoga-agosto\/#breadcrumb","itemListElement":[{"@type":"ListItem","position":1,"name":"Home","item":"https:\/\/eventiyoga.it\/blog\/"},{"@type":"ListItem","position":2,"name":"Vacanza Agosto | Migliori Offerte Vacanze Yoga e Benessere"}]},{"@type":"WebSite","@id":"https:\/\/eventiyoga.it\/blog\/#website","url":"https:\/\/eventiyoga.it\/blog\/","name":"Eventi Yoga","description":"Il portale Italiano per gli eventi dello yoga","potentialAction":[{"@type":"SearchAction","target":{"@type":"EntryPoint","urlTemplate":"https:\/\/eventiyoga.it\/blog\/?s={search_term_string}"},"query-input":{"@type":"PropertyValueSpecification","valueRequired":true,"valueName":"search_term_string"}}],"inLanguage":"en-US"},{"@type":"Person","@id":"https:\/\/eventiyoga.it\/blog\/#\/schema\/person\/baf6fd722b999df7881d1cc130b5abb0","name":"Redazione EventiYoga","image":{"@type":"ImageObject","inLanguage":"en-US","@id":"https:\/\/eventiyoga.it\/blog\/#\/schema\/person\/image\/","url":"https:\/\/secure.gravatar.com\/avatar\/839ba21ae8a8a0c224183a3fdd70f673ae7387c1b6b0c149143342ed9586efd3?s=96&d=mm&r=g","contentUrl":"https:\/\/secure.gravatar.com\/avatar\/839ba21ae8a8a0c224183a3fdd70f673ae7387c1b6b0c149143342ed9586efd3?s=96&d=mm&r=g","caption":"Redazione EventiYoga"},"description":"Ci occupiamo dei contenuti di EventiYoga e delle traduzioni dei contenuti da siti partner. Contattaci per avere maggiori informazioni su come promuoverti su e tramite Eventi Yoga. Puoi scriverci a info@eventiyoga.it.","sameAs":["https:\/\/eventiyoga.it\/","https:\/\/www.facebook.com\/eventiyogaitalia\/"],"url":"https:\/\/eventiyoga.it\/blog\/author\/redazione-eventiyoga\/"}]}},"_links":{"self":[{"href":"https:\/\/eventiyoga.it\/blog\/wp-json\/wp\/v2\/posts\/22602","targetHints":{"allow":["GET"]}}],"collection":[{"href":"https:\/\/eventiyoga.it\/blog\/wp-json\/wp\/v2\/posts"}],"about":[{"href":"https:\/\/eventiyoga.it\/blog\/wp-json\/wp\/v2\/types\/post"}],"author":[{"embeddable":true,"href":"https:\/\/eventiyoga.it\/blog\/wp-json\/wp\/v2\/users\/2"}],"replies":[{"embeddable":true,"href":"https:\/\/eventiyoga.it\/blog\/wp-json\/wp\/v2\/comments?post=22602"}],"version-history":[{"count":3,"href":"https:\/\/eventiyoga.it\/blog\/wp-json\/wp\/v2\/posts\/22602\/revisions"}],"predecessor-version":[{"id":73095,"href":"https:\/\/eventiyoga.it\/blog\/wp-json\/wp\/v2\/posts\/22602\/revisions\/73095"}],"wp:featuredmedia":[{"embeddable":true,"href":"https:\/\/eventiyoga.it\/blog\/wp-json\/wp\/v2\/media\/73093"}],"wp:attachment":[{"href":"https:\/\/eventiyoga.it\/blog\/wp-json\/wp\/v2\/media?parent=22602"}],"wp:term":[{"taxonomy":"category","embeddable":true,"href":"https:\/\/eventiyoga.it\/blog\/wp-json\/wp\/v2\/categories?post=22602"},{"taxonomy":"post_tag","embeddable":true,"href":"https:\/\/eventiyoga.it\/blog\/wp-json\/wp\/v2\/tags?post=22602"}],"curies":[{"name":"wp","href":"https:\/\/api.w.org\/{rel}","templated":true}]}}