{"id":40528,"date":"2022-03-08T12:18:59","date_gmt":"2022-03-08T11:18:59","guid":{"rendered":"https:\/\/eventiyoga.it\/blog\/?p=40528"},"modified":"2026-01-24T15:46:34","modified_gmt":"2026-01-24T14:46:34","slug":"yoga-per-la-sera","status":"publish","type":"post","link":"https:\/\/eventiyoga.it\/blog\/yoga-per-la-sera\/","title":{"rendered":"Yoga per la sera: benefici, consigli e posizioni da praticare"},"content":{"rendered":"\n<p>Lo yoga fa stare bene. \u00c8 confermato dalla scienza e, soprattutto, da chiunque lo pratichi. Spesso ci si chiede quanto e quando sia meglio praticare. Alla prima domanda rispondiamo con l&#8217;articolo <strong><a aria-label=\"Yoga tutti i giorni: immensi benefici per te (opens in a new tab)\" href=\"https:\/\/eventiyoga.it\/blog\/yoga-tutti-i-giorni\/\" target=\"_blank\" rel=\"noreferrer noopener\" class=\"ek-link\">Yoga tutti i giorni: immensi benefici per te<\/a><\/strong>, nel quale evidenziamo che per beneficiare della pratica non \u00e8 necessario stare le ore sul <strong><a href=\"https:\/\/eventiyoga.it\/blog\/tappetino-yoga\/\" target=\"_blank\" rel=\"noreferrer noopener\">tappetino<\/a><\/strong>, infatti bastano <strong>20 minuti di yoga al giorno<\/strong>. Sul quando praticare, invece, dipende da te e da ci\u00f2 che ti fa stare meglio: <strong>praticare yoga al mattino<\/strong> regala un\u2019energia straordinaria e aiuta ad affrontare la giornata con una carica enorme, mentre fare yoga alla sera aiuta a dormire in modo profondo e riposante. Vuoi saperne di pi\u00f9? In queste righe vediamo da vicino <a href=\"https:\/\/eventiyoga.it\/blog\/tutti-benefici-dello-yoga\/\">i benefici dello <strong>yoga<\/a> per la sera<\/strong>. <\/p>\n\n\n\n<div id=\"ez-toc-container\" class=\"ez-toc-v2_0_68_1 counter-hierarchy ez-toc-counter ez-toc-grey ez-toc-container-direction\">\n<div class=\"ez-toc-title-container\">\n<p class=\"ez-toc-title \" >Indice<\/p>\n<span class=\"ez-toc-title-toggle\"><a href=\"#\" class=\"ez-toc-pull-right ez-toc-btn ez-toc-btn-xs ez-toc-btn-default ez-toc-toggle\" aria-label=\"Toggle Table of Content\"><span class=\"ez-toc-js-icon-con\"><span class=\"\"><span class=\"eztoc-hide\" style=\"display:none;\">Toggle<\/span><span class=\"ez-toc-icon-toggle-span\"><svg style=\"fill: #999;color:#999\" xmlns=\"http:\/\/www.w3.org\/2000\/svg\" class=\"list-377408\" width=\"20px\" height=\"20px\" viewBox=\"0 0 24 24\" fill=\"none\"><path d=\"M6 6H4v2h2V6zm14 0H8v2h12V6zM4 11h2v2H4v-2zm16 0H8v2h12v-2zM4 16h2v2H4v-2zm16 0H8v2h12v-2z\" fill=\"currentColor\"><\/path><\/svg><svg style=\"fill: #999;color:#999\" class=\"arrow-unsorted-368013\" xmlns=\"http:\/\/www.w3.org\/2000\/svg\" width=\"10px\" height=\"10px\" viewBox=\"0 0 24 24\" version=\"1.2\" baseProfile=\"tiny\"><path d=\"M18.2 9.3l-6.2-6.3-6.2 6.3c-.2.2-.3.4-.3.7s.1.5.3.7c.2.2.4.3.7.3h11c.3 0 .5-.1.7-.3.2-.2.3-.5.3-.7s-.1-.5-.3-.7zM5.8 14.7l6.2 6.3 6.2-6.3c.2-.2.3-.5.3-.7s-.1-.5-.3-.7c-.2-.2-.4-.3-.7-.3h-11c-.3 0-.5.1-.7.3-.2.2-.3.5-.3.7s.1.5.3.7z\"\/><\/svg><\/span><\/span><\/span><\/a><\/span><\/div>\n<nav><ul class='ez-toc-list ez-toc-list-level-1 ' ><li class='ez-toc-page-1 ez-toc-heading-level-2'><a class=\"ez-toc-link ez-toc-heading-1\" href=\"https:\/\/eventiyoga.it\/blog\/yoga-per-la-sera\/#Cose_lo_yoga_della_sera\" title=\"Cos&#8217;\u00e8 lo yoga della sera\">Cos&#8217;\u00e8 lo yoga della sera<\/a><\/li><li class='ez-toc-page-1 ez-toc-heading-level-2'><a class=\"ez-toc-link ez-toc-heading-2\" href=\"https:\/\/eventiyoga.it\/blog\/yoga-per-la-sera\/#Yoga_alla_sera_i_benefici\" title=\"Yoga alla sera: i benefici\">Yoga alla sera: i benefici<\/a><\/li><li class='ez-toc-page-1 ez-toc-heading-level-2'><a class=\"ez-toc-link ez-toc-heading-3\" href=\"https:\/\/eventiyoga.it\/blog\/yoga-per-la-sera\/#Quando_praticare_lo_yoga_di_sera\" title=\"Quando praticare lo yoga di sera\">Quando praticare lo yoga di sera<\/a><\/li><li class='ez-toc-page-1 ez-toc-heading-level-2'><a class=\"ez-toc-link ez-toc-heading-4\" href=\"https:\/\/eventiyoga.it\/blog\/yoga-per-la-sera\/#Yoga_la_sera_per_dormire_le_posizioni_per_favorire_il_sonno\" title=\"Yoga la sera per dormire: le posizioni per favorire il sonno\">Yoga la sera per dormire: le posizioni per favorire il sonno<\/a><\/li><li class='ez-toc-page-1 ez-toc-heading-level-2'><a class=\"ez-toc-link ez-toc-heading-5\" href=\"https:\/\/eventiyoga.it\/blog\/yoga-per-la-sera\/#Yoga_Nidra\" title=\"Yoga Nidra\">Yoga Nidra<\/a><\/li><li class='ez-toc-page-1 ez-toc-heading-level-2'><a class=\"ez-toc-link ez-toc-heading-6\" href=\"https:\/\/eventiyoga.it\/blog\/yoga-per-la-sera\/#Corso_Yoga_serale_una_sequenza_rilassante\" title=\"Corso Yoga serale: una sequenza rilassante\">Corso Yoga serale: una sequenza rilassante<\/a><\/li><li class='ez-toc-page-1 ez-toc-heading-level-2'><a class=\"ez-toc-link ez-toc-heading-7\" href=\"https:\/\/eventiyoga.it\/blog\/yoga-per-la-sera\/#Consigli_per_praticare_lo_yoga_serale\" title=\"Consigli per praticare lo yoga serale\">Consigli per praticare lo yoga serale<\/a><\/li><li class='ez-toc-page-1 ez-toc-heading-level-2'><a class=\"ez-toc-link ez-toc-heading-8\" href=\"https:\/\/eventiyoga.it\/blog\/yoga-per-la-sera\/#Altre_risorse_utili\" title=\"Altre risorse utili\">Altre risorse utili<\/a><\/li><li class='ez-toc-page-1 ez-toc-heading-level-2'><a class=\"ez-toc-link ez-toc-heading-9\" href=\"https:\/\/eventiyoga.it\/blog\/yoga-per-la-sera\/#Scarica_lApp_EventiYoga\" title=\"Scarica l\u2019App EventiYoga\">Scarica l\u2019App EventiYoga<\/a><\/li><li class='ez-toc-page-1 ez-toc-heading-level-2'><a class=\"ez-toc-link ez-toc-heading-10\" href=\"https:\/\/eventiyoga.it\/blog\/yoga-per-la-sera\/#Calendario_Eventi_Yoga_online\" title=\"Calendario Eventi Yoga online\">Calendario Eventi Yoga online<\/a><\/li><li class='ez-toc-page-1 ez-toc-heading-level-2'><a class=\"ez-toc-link ez-toc-heading-11\" href=\"https:\/\/eventiyoga.it\/blog\/yoga-per-la-sera\/#Iscriviti_alla_newsletter\" title=\"Iscriviti alla newsletter\">Iscriviti alla newsletter<\/a><\/li><\/ul><\/nav><\/div>\n<h2 class=\"wp-block-heading\" id=\"h-cos-lo-yoga-della-sera\"><span class=\"ez-toc-section\" id=\"Cose_lo_yoga_della_sera\"><\/span>Cos&#8217;\u00e8 lo yoga della sera<span class=\"ez-toc-section-end\"><\/span><\/h2>\n\n\n\n<p>Lo yoga, lo abbiamo scritto diverse volte sul nostro blog, \u00e8 uno strumento molto valido <strong><a aria-label=\"contro lo stress e l'ansia (opens in a new tab)\" href=\"https:\/\/eventiyoga.it\/blog\/yoga-contro-stress-esercizi-consigli-contro-stress-e-ansia\/\" target=\"_blank\" rel=\"noreferrer noopener\" class=\"ek-link\">contro lo stress e l&#8217;ansia<\/a><\/strong>. In particolare, lo  <a href=\"https:\/\/eventiyoga.it\/blog\/yoga-per-la-sera\/\"> <strong>yoga della sera<\/strong> <\/a>  contribuisce ad avere un sonno particolarmente rilassante in quanto aiuta a distendere il corpo e a rilassare la mente. Non \u00e8 tutto, il <strong><a aria-label=\"pranayama (opens in a new tab)\" href=\"https:\/\/eventiyoga.it\/blog\/pranayama-e-tecniche-di-respirazione-ujjay\/\" target=\"_blank\" rel=\"noreferrer noopener\" class=\"ek-link\">pranayama<\/a><\/strong>, la respirazione yoga, \u00e8 molto utile per ritrovare il fluire del proprio respiro e quindi allontanare le fonti di stress. <\/p>\n\n\n\n<p>Ora per\u00f2 ti stai chiedendo cosa sia lo yoga per la sera. La risposta \u00e8 semplice: si tratta di una <strong>serie di posizioni<\/strong> che favoriscono un buon sonno e aiutano il rilassamento. <\/p>\n\n\n\n<h2 class=\"wp-block-heading\"><span class=\"ez-toc-section\" id=\"Yoga_alla_sera_i_benefici\"><\/span>Yoga alla sera: i benefici<span class=\"ez-toc-section-end\"><\/span><\/h2>\n\n\n\n<p>Prima di vedere le <a class=\"wpil_keyword_link \" href=\"https:\/\/eventiyoga.it\/blog\/posizioni-yoga-illustrate\/\" title=\"posizioni yoga\" data-wpil-keyword-link=\"linked\">posizioni yoga<\/a> ideali per dormire meglio, vediamo i <strong>principali benefici dello yoga della sera<\/strong>: <\/p>\n\n\n\n<ul class=\"wp-block-list\">\n<li>allenta le tensioni fisiche ed emotive;<\/li>\n\n\n\n<li>rilassa la mente e il corpo;<\/li>\n\n\n\n<li>migliora la qualit\u00e0 del sonno;<\/li>\n\n\n\n<li>alleggerisce la colonna vertebrale;<\/li>\n\n\n\n<li>distende i muscoli; <\/li>\n\n\n\n<li>riequilibra il sistema nervoso;<\/li>\n\n\n\n<li>aiuta a contrastare l&#8217;insonnia. <\/li>\n<\/ul>\n\n\n\n<h2 class=\"wp-block-heading\"><span class=\"ez-toc-section\" id=\"Quando_praticare_lo_yoga_di_sera\"><\/span>Quando praticare lo yoga di sera<span class=\"ez-toc-section-end\"><\/span><\/h2>\n\n\n\n<p>Lo yoga della sera, come \u00e8 facile intuire, affinch\u00e9 abbia benefici sul riposo, deve essere praticato <strong>prima di andare a letto<\/strong>, appunto per stimolare il sonno e aiutare a rilassarsi. La buona notizia \u00e8 che non serve chiss\u00e0 quanto tempo: come anticipato, bastano <strong>20 minuti di yoga al giorno<\/strong> per sentirsi meglio e dormire in modo assolutamente pi\u00f9 profondo. Provare per credere!<\/p>\n\n\n\n<p>Ti spaventa il fatto di non riuscire a organizzarti per praticare prima di andare a letto? Basta <strong>creare una routine<\/strong>, mantenerla con costanza &#8211; <strong>costanza<\/strong>, s\u00ec, la parola &#8220;magica&#8221; per la pratica yoga &#8211; e soprattuto <strong>pensare a te<\/strong>. Proprio cos\u00ec, ritagliati uno spazio e un momento tutto per te, vedrai che 20 minuti sono pi\u00f9 che fattibili. Per esperienza, \u00e8 pi\u00f9 difficile pensarci che riuscirci. <\/p>\n\n\n\n<h2 class=\"wp-block-heading\"><span class=\"ez-toc-section\" id=\"Yoga_la_sera_per_dormire_le_posizioni_per_favorire_il_sonno\"><\/span>Yoga la sera per dormire: le posizioni per favorire il sonno<span class=\"ez-toc-section-end\"><\/span><\/h2>\n\n\n\n<p>Ed eccoci al focus del nostro articolo: le posizioni yoga da praticare prima di andare a letto. Nell&#8217;articolo <strong><a aria-label=\"Lo yoga per dormire meglio e i consigli contro l\u2019insonnia (opens in a new tab)\" href=\"https:\/\/eventiyoga.it\/blog\/yoga-per-dormire-meglio-consigli-contro-linsonnia\/\" target=\"_blank\" rel=\"noreferrer noopener\" class=\"ek-link\">Lo yoga per dormire meglio e i consigli contro l\u2019insonnia<\/a><\/strong> abbiamo trattato il tema in modo approfondito. Qui rivediamo le principali posizioni. <\/p>\n\n\n\n<h3 class=\"wp-block-heading\" id=\"h-sukhasana\">Sukhasana<\/h3>\n\n\n\n<p>La posizione di base, con le gambe incrociate e i palmi delle mani distesi sulle ginocchia e pollice e indice uniti, \u00e8 ideale per sciogliere le tensioni e <a href=\"https:\/\/eventiyoga.it\/blog\/imparare-a-rilassarsi\/\">rilassarsi<\/a>. Questo asana richiede che ci si concentri sul respiro il quale aiuta a lasciar andare tutti i pensieri che non ci fanno riposare bene.<\/p>\n\n\n\n<div class=\"wp-block-media-text alignwide is-stacked-on-mobile\"><figure class=\"wp-block-media-text__media\"><img decoding=\"async\" src=\"data:image\/gif;base64,R0lGODlhAQABAIAAAAAAAP\/\/\/yH5BAEAAAAALAAAAAABAAEAAAIBRAA7\" data-src=\"https:\/\/eventiyoga.it\/blog\/wp-content\/uploads\/2016\/07\/Sukhasana-FB.png\" alt=\"Sukhasana, posizione yoga della sera \" class=\"wp-image-16224 size-full\"\/><noscript><img decoding=\"async\" src=\"https:\/\/eventiyoga.it\/blog\/wp-content\/uploads\/2016\/07\/Sukhasana-FB.png\" alt=\"Sukhasana, posizione yoga della sera \" class=\"wp-image-16224 size-full\"\/><\/noscript><\/figure><div class=\"wp-block-media-text__content\">\n<p class=\"has-large-font-size\">Sukhasana<\/p>\n<\/div><\/div>\n\n\n\n<h3 class=\"wp-block-heading\" id=\"h-balasana\"><a href=\"https:\/\/eventiyoga.it\/blog\/balasana\/\" target=\"_blank\" aria-label=\"Balasana (opens in a new tab)\" rel=\"noreferrer noopener\" class=\"ek-link\">Balasana<\/a><\/h3>\n\n\n\n<p>La posizione del bambino permette di scaricare le tensioni e di sciogliere i muscoli della <a href=\"https:\/\/eventiyoga.it\/blog\/yoga-per-le-articolazioni-e-per-la-colonna-vertebrale\/\">colonna vertebrale<\/a>. Praticata prima di andare a letto respirando profondamente aiuta il nostro corpo a disintossicarsi e a prepararsi per la notte.<\/p>\n\n\n\n<div class=\"wp-block-media-text alignwide has-media-on-the-right is-stacked-on-mobile\"><div class=\"wp-block-media-text__content\">\n<p class=\"has-large-font-size\"><a href=\"https:\/\/eventiyoga.it\/blog\/balasana\/\" class=\"ek-link\">Balasana<\/a><\/p>\n<\/div><figure class=\"wp-block-media-text__media\"><a href=\"https:\/\/eventiyoga.it\/blog\/balasana\/\"><img decoding=\"async\" src=\"data:image\/gif;base64,R0lGODlhAQABAIAAAAAAAP\/\/\/yH5BAEAAAAALAAAAAABAAEAAAIBRAA7\" data-src=\"https:\/\/eventiyoga.it\/blog\/wp-content\/uploads\/2018\/08\/Balasana-Facebook.png\" alt=\"Balasana \" class=\"wp-image-16195 size-full\"\/><noscript><img decoding=\"async\" src=\"https:\/\/eventiyoga.it\/blog\/wp-content\/uploads\/2018\/08\/Balasana-Facebook.png\" alt=\"Balasana \" class=\"wp-image-16195 size-full\"\/><\/noscript><\/a><\/figure><\/div>\n\n\n\n<h3 class=\"wp-block-heading\" id=\"h-viparita-karani\">Viparita Karani<\/h3>\n\n\n\n<p>Una delle posizioni antistress per eccellenza, consiste nel sollevare le gambe appoggiandole a una parete e respirando profondamente. In questo modo la circolazione sanguigna viene stimolata senza fare alcuna fatica e la mente svuotata del tutto.<\/p>\n\n\n\n<div class=\"wp-block-media-text alignwide is-stacked-on-mobile\"><figure class=\"wp-block-media-text__media\"><img decoding=\"async\" src=\"data:image\/gif;base64,R0lGODlhAQABAIAAAAAAAP\/\/\/yH5BAEAAAAALAAAAAABAAEAAAIBRAA7\" data-src=\"https:\/\/eventiyoga.it\/blog\/wp-content\/uploads\/2016\/03\/Viparita-Karani-FB.png\" alt=\"Viparita Karani, posizione yoga per la sera \" class=\"wp-image-16648 size-full\"\/><noscript><img decoding=\"async\" src=\"https:\/\/eventiyoga.it\/blog\/wp-content\/uploads\/2016\/03\/Viparita-Karani-FB.png\" alt=\"Viparita Karani, posizione yoga per la sera \" class=\"wp-image-16648 size-full\"\/><\/noscript><\/figure><div class=\"wp-block-media-text__content\">\n<p class=\"has-large-font-size\">Viparita Karani<\/p>\n<\/div><\/div>\n\n\n\n<h3 class=\"wp-block-heading\" id=\"h-adho-mukha-svanasana\"><a href=\"https:\/\/eventiyoga.it\/blog\/adho-mukha-svanasana\/\" class=\"ek-link\">Adho Mukha Svanasana<\/a><\/h3>\n\n\n\n<p>Uno dei migliori asana per calmare i nervi ed equilibrare i dosha vata e kapha \u00e8 il cane che guarda a testa in gi\u00f9. La posizione invertita <strong>riduce la pressione sanguigna<\/strong>, alleviando il lavoro del cuore e portando nutrimento nel sistema; la distensione lombare e in generale vertebrale fa &#8220;respirare&#8221; la colonna facilitando il passaggio di prana negli srota ed <strong>equilibrando tutto il sistema nervoso<\/strong>. <\/p>\n\n\n\n<p>A livello mentale richiede una certa presenza, rendendo difficile il mind-wandering, e questo <strong>svuota la mente dai pensieri<\/strong> e dai samskara che possono essersi accumulati durante il giorno pronti a intaccare il tentativo di dormire bene e profondamente.<\/p>\n\n\n\n<div class=\"wp-block-media-text alignwide has-media-on-the-right is-stacked-on-mobile\"><div class=\"wp-block-media-text__content\">\n<p class=\"has-large-font-size\"><a href=\"https:\/\/eventiyoga.it\/blog\/adho-mukha-svanasana\/\" class=\"ek-link\">Adho Mukha Svanasana<\/a><\/p>\n<\/div><figure class=\"wp-block-media-text__media\"><a href=\"https:\/\/eventiyoga.it\/blog\/adho-mukha-svanasana\/\"><img decoding=\"async\" src=\"data:image\/gif;base64,R0lGODlhAQABAIAAAAAAAP\/\/\/yH5BAEAAAAALAAAAAABAAEAAAIBRAA7\" data-src=\"https:\/\/eventiyoga.it\/blog\/wp-content\/uploads\/2019\/11\/Adho-Mukha-Svanasana_Facebook-1-1024x768.png\" alt=\"Adho Mukha Svanasana\" class=\"wp-image-17542 size-full\"\/><noscript><img decoding=\"async\" src=\"https:\/\/eventiyoga.it\/blog\/wp-content\/uploads\/2019\/11\/Adho-Mukha-Svanasana_Facebook-1-1024x768.png\" alt=\"Adho Mukha Svanasana\" class=\"wp-image-17542 size-full\"\/><\/noscript><\/a><\/figure><\/div>\n\n\n\n<h3 class=\"wp-block-heading\" id=\"h-savasana\"><a href=\"https:\/\/eventiyoga.it\/blog\/savasana\/\" target=\"_blank\" aria-label=\" (opens in a new tab)\" rel=\"noreferrer noopener\" class=\"ek-link\">Savasana<\/a><\/h3>\n\n\n\n<p>La meditazione finale pu\u00f2 diventare un ottimo modo per prepararsi ad andare a letto. \u00c8 necessario praticarla a terra e non sul letto o sul divano in quanto la schiena deve essere allineata con la superficie che ti ospita in modo tale che il respiro possa sincronizzarsi e permettere ai pensieri di scivolare via.<\/p>\n\n\n\n<div class=\"wp-block-media-text alignwide is-stacked-on-mobile\"><figure class=\"wp-block-media-text__media\"><a href=\"https:\/\/eventiyoga.it\/blog\/savasana\/\"><img decoding=\"async\" src=\"data:image\/gif;base64,R0lGODlhAQABAIAAAAAAAP\/\/\/yH5BAEAAAAALAAAAAABAAEAAAIBRAA7\" data-src=\"https:\/\/eventiyoga.it\/blog\/wp-content\/uploads\/2020\/02\/Savasana_Facebook-1024x768.png\" alt=\"yoga per principianti\" class=\"wp-image-19362 size-full\"\/><noscript><img decoding=\"async\" src=\"https:\/\/eventiyoga.it\/blog\/wp-content\/uploads\/2020\/02\/Savasana_Facebook-1024x768.png\" alt=\"yoga per principianti\" class=\"wp-image-19362 size-full\"\/><\/noscript><\/a><\/figure><div class=\"wp-block-media-text__content\">\n<p class=\"has-large-font-size\"><a href=\"https:\/\/eventiyoga.it\/blog\/savasana\/\" class=\"ek-link\">Savasana<\/a><\/p>\n<\/div><\/div>\n\n\n\n<h3 class=\"wp-block-heading\" id=\"h-sequenza-yoga-per-insonnia\">Sequenza Yoga per Insonnia<\/h3>\n\n\n\n<p>Soffri di insonnia? Ecco una sequenza che puoi praticare per contrastare il problema: <\/p>\n\n\n<div class=\"wp-block-image\">\n<figure class=\"aligncenter\"><a href=\"https:\/\/eventiyoga.it\/blog\/wp-content\/uploads\/2021\/03\/3-POSIZIONI-PER-INSONNIA-RESTORATIVE-YOGA.jpeg\"><img decoding=\"async\" src=\"data:image\/gif;base64,R0lGODlhAQABAIAAAAAAAP\/\/\/yH5BAEAAAAALAAAAAABAAEAAAIBRAA7\" data-src=\"https:\/\/eventiyoga.it\/blog\/wp-content\/uploads\/2021\/03\/3-POSIZIONI-PER-INSONNIA-RESTORATIVE-YOGA-683x1024.jpeg\" alt=\"3 ASANA PER INSONNIA\" class=\"wp-image-28823\"\/><noscript><img decoding=\"async\" src=\"https:\/\/eventiyoga.it\/blog\/wp-content\/uploads\/2021\/03\/3-POSIZIONI-PER-INSONNIA-RESTORATIVE-YOGA-683x1024.jpeg\" alt=\"3 ASANA PER INSONNIA\" class=\"wp-image-28823\"\/><\/noscript><\/a><figcaption class=\"wp-element-caption\">Sequenza yoga contro l&#8217;insonnia <\/figcaption><\/figure>\n<\/div>\n\n\n<div class=\"wp-block-buttons is-horizontal is-content-justification-center is-layout-flex wp-container-core-buttons-is-layout-499968f5 wp-block-buttons-is-layout-flex\">\n<div class=\"wp-block-button\"><a class=\"wp-block-button__link has-background wp-element-button\" href=\"https:\/\/eventiyoga.it\/blog\/download\/72231\/\" style=\"background-color:#944c93\" target=\"_blank\" rel=\"noreferrer noopener\"><strong>SCARICA SEQUENZA YOGA PER INSONNIA<\/strong><\/a><\/div>\n<\/div>\n\n\n\n<h3 class=\"wp-block-heading\">Il Saluto alla luna <\/h3>\n\n\n\n<p>Se si parla di yoga della sera, non si pu\u00f2 non mezionare il Saluto alla luna, una sequenza che agisce come efficace <strong>riequilibratore delle energie del nostro corpo<\/strong> ed \u00e8 per questo motivo che favorisce il sonno e il benessere.<\/p>\n\n\n\n<p>Nell&#8217;articolo <strong><a aria-label=\"Saluto alla luna: cos\u2019\u00e8 e come si fa (opens in a new tab)\" href=\"https:\/\/eventiyoga.it\/blog\/saluto-alla-luna-cose-e-come-si-fa\/\" target=\"_blank\" rel=\"noreferrer noopener\" class=\"ek-link\">Saluto alla luna: cos\u2019\u00e8 e come si fa<\/a><\/strong> abbiamo spiegato nel dettaglio come praticarlo sia in piedi sia da seduti, qui ribadiamo solo che \u00e8 una sequenza calmante, particolarmente indicata per chi soffre di stress. \u00c8 un modo ottimale per bilanciare l\u2019energia prima di arrivare all\u2019esaurimento delle forze fisiche e psichiche. Soprattutto se praticato alla sera, in quei momenti di passaggio tra il giorno e la notte, quando c\u2019\u00e8 un equilibrio fra luce e buio. <\/p>\n\n\n<div class=\"wp-block-image\">\n<figure class=\"aligncenter\"><img decoding=\"async\" src=\"data:image\/gif;base64,R0lGODlhAQABAIAAAAAAAP\/\/\/yH5BAEAAAAALAAAAAABAAEAAAIBRAA7\" data-src=\"https:\/\/eventiyoga.it\/blog\/wp-content\/uploads\/2016\/08\/saluto-luna-piedi.png\" alt=\"saluto alla luna in piedi\" class=\"wp-image-1961\"\/><noscript><img decoding=\"async\" src=\"https:\/\/eventiyoga.it\/blog\/wp-content\/uploads\/2016\/08\/saluto-luna-piedi.png\" alt=\"saluto alla luna in piedi\" class=\"wp-image-1961\"\/><\/noscript><figcaption class=\"wp-element-caption\">Saluto alla luna in piedi <\/figcaption><\/figure>\n<\/div>\n\n\n<h2 class=\"wp-block-heading\"><span class=\"ez-toc-section\" id=\"Yoga_Nidra\"><\/span>Yoga Nidra <span class=\"ez-toc-section-end\"><\/span><\/h2>\n\n\n\n<p>Concludiamo il nostro excursus nello yoga serale citando lo<strong> Yoga Nidra<\/strong>, letteralmente<strong> Yoga del sonno<\/strong>, tecnica di origine tantrica adattata ai giorni nostri dal maestro contemporaneo indiano <strong><a aria-label=\"Swami Satyananda Saraswati (opens in a new tab)\" href=\"https:\/\/en.wikipedia.org\/wiki\/Satyananda_Saraswati\" target=\"_blank\" rel=\"noreferrer noopener\" class=\"ek-link\">Swami Satyananda Saraswati<\/a><\/strong>. Egli not\u00f2 che nello stato di veglia che precede il sonno la mente diventa pi\u00f9 ricettiva e, attraverso un rilassamento guidato dalla voce di un maestro, \u00e8 possibile raggiungere quello stato in modo consapevole. <\/p>\n\n\n\n<p>Se vuoi saperne di pi\u00f9 sullo Yoga Nidra, abbiamo approfondito il tema nell&#8217;articolo <strong><a href=\"https:\/\/eventiyoga.it\/blog\/yoga-nidra-come-si-pratica\/\" target=\"_blank\" aria-label=\"YOGA NIDRA: cos\u2019\u00e8 e come si pratica lo yoga del sonno (opens in a new tab)\" rel=\"noreferrer noopener\" class=\"ek-link\">YOGA NIDRA: cos\u2019\u00e8 e come si pratica lo yoga del sonno<\/a><\/strong><\/p>\n\n\n\n<div class=\"wp-block-media-text alignwide is-stacked-on-mobile\"><figure class=\"wp-block-media-text__media\"><a href=\"https:\/\/eventiyoga.it\/blog\/yoga-nidra-come-si-pratica\/\"><img decoding=\"async\" src=\"data:image\/gif;base64,R0lGODlhAQABAIAAAAAAAP\/\/\/yH5BAEAAAAALAAAAAABAAEAAAIBRAA7\" data-src=\"https:\/\/eventiyoga.it\/blog\/wp-content\/uploads\/2017\/02\/Yoga-Nidra-Articolo-Blog-1024x768.png\" alt=\"Yoga Nidra\" class=\"wp-image-19404 size-full\"\/><noscript><img loading=\"lazy\" decoding=\"async\" width=\"1024\" height=\"768\" src=\"https:\/\/eventiyoga.it\/blog\/wp-content\/uploads\/2017\/02\/Yoga-Nidra-Articolo-Blog-1024x768.png\" alt=\"Yoga Nidra\" class=\"wp-image-19404 size-full\" srcset=\"https:\/\/eventiyoga.it\/blog\/wp-content\/uploads\/2017\/02\/Yoga-Nidra-Articolo-Blog.png 1024w, https:\/\/eventiyoga.it\/blog\/wp-content\/uploads\/2017\/02\/Yoga-Nidra-Articolo-Blog-300x225.png 300w, https:\/\/eventiyoga.it\/blog\/wp-content\/uploads\/2017\/02\/Yoga-Nidra-Articolo-Blog-768x576.png 768w, https:\/\/eventiyoga.it\/blog\/wp-content\/uploads\/2017\/02\/Yoga-Nidra-Articolo-Blog-200x150.png 200w, https:\/\/eventiyoga.it\/blog\/wp-content\/uploads\/2017\/02\/Yoga-Nidra-Articolo-Blog-600x450.png 600w\" sizes=\"auto, (max-width: 1024px) 100vw, 1024px\" \/><\/noscript><\/a><\/figure><div class=\"wp-block-media-text__content\">\n<p class=\"has-large-font-size\"><meta charset=\"utf-8\"><a aria-label=\"YOGA NIDRA: cos\u2019\u00e8 e come si pratica lo yoga del sonno (opens in a new tab)\" href=\"https:\/\/eventiyoga.it\/blog\/yoga-nidra-come-si-pratica\/\" target=\"_blank\" rel=\"noreferrer noopener\" class=\"ek-link\">YOGA NIDRA: cos\u2019\u00e8 e come si pratica lo yoga del sonno<\/a><\/p>\n<\/div><\/div>\n\n\n\n<h2 class=\"wp-block-heading\" id=\"h-corso-yoga-serale-una-sequenza-rilassante\"><span class=\"ez-toc-section\" id=\"Corso_Yoga_serale_una_sequenza_rilassante\"><\/span>Corso Yoga serale: una sequenza rilassante<span class=\"ez-toc-section-end\"><\/span><\/h2>\n\n\n\n<p>Un <a href=\"https:\/\/eventiyoga.it\/blog\/scegliere-corso-yoga-online\/\">corso di yoga online<\/a> per:<\/p>\n\n\n\n<ul class=\"wp-block-list\">\n<li>ritrovare la calma e distendere le tensioni e le fatiche accumulate durante la giornata,<\/li>\n\n\n\n<li>allontanare l&#8217;ansia e il nervosismo,<\/li>\n\n\n\n<li>passare una nottata serena senza l&#8217;insonnia.<\/li>\n<\/ul>\n\n\n\n<p>E&#8217; suggerito a:<\/p>\n\n\n\n<ul class=\"wp-block-list\">\n<li>Chi ha molta attivit\u00e0 mentale e responsabilit\u00e0 durante il giorno,<\/li>\n\n\n\n<li>Chi corre durante il giorno e arriva alla sera stanco,<\/li>\n\n\n\n<li>Per chi non ha molto tempo da dedicare alla pratica,<\/li>\n\n\n\n<li>Per chi cerca qualcosa facile ed <a href=\"https:\/\/eventiyoga.it\/blog\/rimedi-per-dormire\/\">efficace da fare per un sonno<\/a> migliore.<\/li>\n<\/ul>\n\n\n\n<div class=\"wp-block-media-text alignwide has-media-on-the-right is-stacked-on-mobile\"><div class=\"wp-block-media-text__content\">\n<p class=\"has-large-font-size\"><a href=\"https:\/\/corsi.eventiyoga.it\/courses\/yoga-della-sera\" target=\"_blank\" aria-label=\"Problemi con il sonno? (opens in a new tab)\" rel=\"noreferrer noopener\" class=\"ek-link\">Problemi con il sonno?<\/a><\/p>\n\n\n\n<p><strong>Risolvili con lo Yoga della Sera<\/strong><\/p>\n\n\n\n<p>Un corso dedicato a chi vuole riscoprire il piacere di un lungo sonno ristoratore.<\/p>\n<\/div><figure class=\"wp-block-media-text__media\"><a href=\"https:\/\/corsi.eventiyoga.it\/courses\/yoga-della-sera\" target=\"_blank\" rel=\"noopener\"><img decoding=\"async\" src=\"data:image\/gif;base64,R0lGODlhAQABAIAAAAAAAP\/\/\/yH5BAEAAAAALAAAAAABAAEAAAIBRAA7\" data-src=\"https:\/\/eventiyoga.it\/blog\/wp-content\/uploads\/2022\/03\/Yoga-della-sera.jpg\" alt=\"Yoga della sera - Yoga per la sera\" class=\"wp-image-43291 size-full\"\/><noscript><img decoding=\"async\" src=\"https:\/\/eventiyoga.it\/blog\/wp-content\/uploads\/2022\/03\/Yoga-della-sera.jpg\" alt=\"Yoga della sera - Yoga per la sera\" class=\"wp-image-43291 size-full\"\/><\/noscript><\/a><\/figure><\/div>\n\n\n\n<p class=\"has-text-align-center\"><a href=\"https:\/\/corsi.eventiyoga.it\/courses\/yoga-della-sera\" target=\"_blank\" rel=\"noopener\">&gt; Ritrova la calma e goditi il sonno di cui hai bisogno. Scopri di pi\u00f9 o iscriviti al corso. (opens in a new tab)&#8221; rel=&#8221;noreferrer noopener&#8221; class=&#8221;ek-link&#8221;&gt;&gt;&gt; Ritrova la calma e goditi il sonno di cui hai bisogno. Scopri di pi\u00f9 o iscriviti al corso.<\/a><\/p>\n\n\n\n<h2 class=\"wp-block-heading\"><span class=\"ez-toc-section\" id=\"Consigli_per_praticare_lo_yoga_serale\"><\/span>Consigli per praticare lo yoga serale<span class=\"ez-toc-section-end\"><\/span><\/h2>\n\n\n\n<p>Lo abbiamo scritto sopra, e lo ripetiamo: \u00e8 possibile che pensare di riuscire a praticare lo yoga della sera possa spaventare &#8211; ne siamo certi perch\u00e9 ci siamo passati. Il perch\u00e9 \u00e8 semplice: siamo sempre indaffarati, dobbiamo pensare agli altri prima che a noi &#8211; bimbi da mettere a letto, lavori domestici da finire, lavoro da ultimare, etc etc &#8211; oppure semplicemente perch\u00e9 preferiamo goderci il relax sul divano guardando una serie tv o leggendo un buon libro. In realt\u00e0, nessuna di queste azioni esclude l&#8217;altra. Tutto \u00e8 possibile. Come? Ecco qualche consiglio per riuscire a praticare lo <strong>yoga della sera<\/strong>: <\/p>\n\n\n\n<ul class=\"wp-block-list\">\n<li>creati una routine e cerca di rispettarla; <\/li>\n\n\n\n<li>rallenta, rallenta, rallenta: cerca di capire tra le azioni che compi, quelle che puoi non fare, spesso ci raccontiamo cose che poi non sono vere e che possiamo tranquillamente eliminare dal nostro tempo; <\/li>\n\n\n\n<li>aiutati con la meditazione, una pratica che contribuisce a regalare consapevolezza del proprio s\u00e9 e quindi del proprio tempo; <\/li>\n\n\n\n<li>abbina la pratica di yoga di sera a quella dello yoga del mattino; <\/li>\n\n\n\n<li>creati uno spazio tutto per te: con musica rilassante, incensi, candele e una <strong><a aria-label=\"buona tisana (opens in a new tab)\" class=\"ek-link\" href=\"https:\/\/eventiyoga.it\/blog\/le-tisane-migliori-tenere-casa\/\" target=\"_blank\" rel=\"noreferrer noopener\">buona tisana<\/a><\/strong> per riscaldare anima e corpo. <\/li>\n<\/ul>\n\n\n\n<h2 class=\"wp-block-heading\"><span class=\"ez-toc-section\" id=\"Altre_risorse_utili\"><\/span>Altre risorse utili<span class=\"ez-toc-section-end\"><\/span><\/h2>\n\n\n\n<div class=\"wp-block-media-text alignwide is-stacked-on-mobile\"><figure class=\"wp-block-media-text__media\"><a href=\"https:\/\/eventiyoga.it\/blog\/yoga-per-dormire-posizioni-consigli\/\"><img decoding=\"async\" src=\"data:image\/gif;base64,R0lGODlhAQABAIAAAAAAAP\/\/\/yH5BAEAAAAALAAAAAABAAEAAAIBRAA7\" data-src=\"https:\/\/eventiyoga.it\/blog\/wp-content\/uploads\/2016\/07\/Yoga-Dormire-Meglio-Blog-1024x768.png\" alt=\"Contro l'insonnia\" class=\"wp-image-16223 size-full\"\/><noscript><img loading=\"lazy\" decoding=\"async\" width=\"1024\" height=\"768\" src=\"https:\/\/eventiyoga.it\/blog\/wp-content\/uploads\/2016\/07\/Yoga-Dormire-Meglio-Blog-1024x768.png\" alt=\"Contro l'insonnia\" class=\"wp-image-16223 size-full\" srcset=\"https:\/\/eventiyoga.it\/blog\/wp-content\/uploads\/2016\/07\/Yoga-Dormire-Meglio-Blog.png 1024w, https:\/\/eventiyoga.it\/blog\/wp-content\/uploads\/2016\/07\/Yoga-Dormire-Meglio-Blog-300x225.png 300w, https:\/\/eventiyoga.it\/blog\/wp-content\/uploads\/2016\/07\/Yoga-Dormire-Meglio-Blog-768x576.png 768w, https:\/\/eventiyoga.it\/blog\/wp-content\/uploads\/2016\/07\/Yoga-Dormire-Meglio-Blog-200x150.png 200w, https:\/\/eventiyoga.it\/blog\/wp-content\/uploads\/2016\/07\/Yoga-Dormire-Meglio-Blog-600x450.png 600w\" sizes=\"auto, (max-width: 1024px) 100vw, 1024px\" \/><\/noscript><\/a><\/figure><div class=\"wp-block-media-text__content\">\n<p class=\"has-large-font-size\"><meta charset=\"utf-8\"><a aria-label=\"Lo yoga per dormire: le posizioni e i consigli da seguire (opens in a new tab)\" href=\"https:\/\/eventiyoga.it\/blog\/yoga-per-dormire-posizioni-consigli\/\" target=\"_blank\" rel=\"noreferrer noopener\" class=\"ek-link\">Lo yoga per dormire: le posizioni e i consigli da seguire<\/a><\/p>\n<\/div><\/div>\n\n\n\n<div class=\"wp-block-media-text alignwide has-media-on-the-right is-stacked-on-mobile\"><div class=\"wp-block-media-text__content\">\n<p class=\"has-large-font-size\"><meta charset=\"utf-8\"><a aria-label=\"Yoga da zero: guida completa per principianti (opens in a new tab)\" href=\"https:\/\/eventiyoga.it\/blog\/yoga-per-principianti\/\" target=\"_blank\" rel=\"noreferrer noopener\" class=\"ek-link\">Yoga da zero: guida completa per principianti<\/a><\/p>\n<\/div><figure class=\"wp-block-media-text__media\"><a href=\"https:\/\/eventiyoga.it\/blog\/yoga-per-principianti\/\"><img decoding=\"async\" src=\"data:image\/gif;base64,R0lGODlhAQABAIAAAAAAAP\/\/\/yH5BAEAAAAALAAAAAABAAEAAAIBRAA7\" data-src=\"https:\/\/eventiyoga.it\/blog\/wp-content\/uploads\/2022\/02\/Yoga_da_zero_guida_completa_per_principianti.jpg\" alt=\"yoga per principianti\" class=\"wp-image-39656 size-full\"\/><noscript><img loading=\"lazy\" decoding=\"async\" width=\"1024\" height=\"768\" src=\"https:\/\/eventiyoga.it\/blog\/wp-content\/uploads\/2022\/02\/Yoga_da_zero_guida_completa_per_principianti.jpg\" alt=\"yoga per principianti\" class=\"wp-image-39656 size-full\" srcset=\"https:\/\/eventiyoga.it\/blog\/wp-content\/uploads\/2022\/02\/Yoga_da_zero_guida_completa_per_principianti.jpg 1024w, https:\/\/eventiyoga.it\/blog\/wp-content\/uploads\/2022\/02\/Yoga_da_zero_guida_completa_per_principianti-300x225.jpg 300w, https:\/\/eventiyoga.it\/blog\/wp-content\/uploads\/2022\/02\/Yoga_da_zero_guida_completa_per_principianti-768x576.jpg 768w, https:\/\/eventiyoga.it\/blog\/wp-content\/uploads\/2022\/02\/Yoga_da_zero_guida_completa_per_principianti-200x150.jpg 200w, https:\/\/eventiyoga.it\/blog\/wp-content\/uploads\/2022\/02\/Yoga_da_zero_guida_completa_per_principianti-600x450.jpg 600w\" sizes=\"auto, (max-width: 1024px) 100vw, 1024px\" \/><\/noscript><\/a><\/figure><\/div>\n\n\n\n<div class=\"wp-block-media-text alignwide is-stacked-on-mobile\"><figure class=\"wp-block-media-text__media\"><a href=\"https:\/\/eventiyoga.it\/blog\/posizioni-yoga\/\"><img decoding=\"async\" src=\"data:image\/gif;base64,R0lGODlhAQABAIAAAAAAAP\/\/\/yH5BAEAAAAALAAAAAABAAEAAAIBRAA7\" data-src=\"https:\/\/eventiyoga.it\/blog\/wp-content\/uploads\/2020\/02\/Posizioni_dello_yoga-1024x768.jpg\" alt=\"posizioni yoga\" class=\"wp-image-19306 size-full\"\/><noscript><img loading=\"lazy\" decoding=\"async\" width=\"1024\" height=\"768\" src=\"https:\/\/eventiyoga.it\/blog\/wp-content\/uploads\/2020\/02\/Posizioni_dello_yoga-1024x768.jpg\" alt=\"posizioni yoga\" class=\"wp-image-19306 size-full\" srcset=\"https:\/\/eventiyoga.it\/blog\/wp-content\/uploads\/2020\/02\/Posizioni_dello_yoga-1024x768.jpg 1024w, https:\/\/eventiyoga.it\/blog\/wp-content\/uploads\/2020\/02\/Posizioni_dello_yoga-300x225.jpg 300w, https:\/\/eventiyoga.it\/blog\/wp-content\/uploads\/2020\/02\/Posizioni_dello_yoga-768x576.jpg 768w, https:\/\/eventiyoga.it\/blog\/wp-content\/uploads\/2020\/02\/Posizioni_dello_yoga-200x150.jpg 200w, https:\/\/eventiyoga.it\/blog\/wp-content\/uploads\/2020\/02\/Posizioni_dello_yoga-600x450.jpg 600w, https:\/\/eventiyoga.it\/blog\/wp-content\/uploads\/2020\/02\/Posizioni_dello_yoga.jpg 1080w\" sizes=\"auto, (max-width: 1024px) 100vw, 1024px\" \/><\/noscript><\/a><\/figure><div class=\"wp-block-media-text__content\">\n<p class=\"has-large-font-size\"><a aria-label=\"Posizioni Yoga: guida illustrata a tutti gli asana (opens in a new tab)\" href=\"https:\/\/eventiyoga.it\/blog\/posizioni-yoga\/\" target=\"_blank\" rel=\"noreferrer noopener\" class=\"ek-link\">Posizioni Yoga: guida illustrata a tutti gli asana<\/a><\/p>\n<\/div><\/div>\n\n\n\n<h2 class=\"wp-block-heading\"><span class=\"ez-toc-section\" id=\"Scarica_lApp_EventiYoga\"><\/span>Scarica l\u2019App EventiYoga<span class=\"ez-toc-section-end\"><\/span><\/h2>\n\n\n\n<p>Il pi\u00f9 grande catalogo degli eventi di yoga in Italia di Eventiyoga.it sempre a portata di mano! Centinaia di vacanze, ritiri yoga, viaggi e corsi di yoga per tutti i gusti da scegliere con un click. Per trovare la proposta ideale per te e prenotare subito. <\/p>\n\n\n\n<p class=\"has-text-align-center\"><strong>Scarica ora l\u2019app EventiYoga<\/strong><\/p>\n\n\n\n<div class=\"wp-block-media-text alignwide has-media-on-the-right is-stacked-on-mobile\"><div class=\"wp-block-media-text__content\">\n<p class=\"has-text-align-center\"><a href=\"https:\/\/apps.apple.com\/us\/app\/id1514783292\" target=\"_blank\" aria-label=\" (opens in a new tab)\" rel=\"noreferrer noopener sponsored\" class=\"ek-link\"><strong>App Eventi Yoga <\/strong><\/a><strong><a href=\"https:\/\/apps.apple.com\/us\/app\/id1514783292\" target=\"_blank\" rel=\"noreferrer noopener\" class=\"ek-link\">per <\/a><\/strong><a href=\"https:\/\/apps.apple.com\/us\/app\/id1514783292\" target=\"_blank\" rel=\"noreferrer noopener\" class=\"ek-link\"><strong>iOS<\/strong><\/a><\/p>\n\n\n\n<p class=\"has-text-align-center\"><a href=\"https:\/\/play.google.com\/store\/apps\/details?id=com.maugry.yoga\" target=\"_blank\" aria-label=\" (opens in a new tab)\" rel=\"noreferrer noopener sponsored\" class=\"ek-link\"><strong>App Eventi Yoga per Android<\/strong><\/a><\/p>\n<\/div><figure class=\"wp-block-media-text__media\"><img decoding=\"async\" src=\"data:image\/gif;base64,R0lGODlhAQABAIAAAAAAAP\/\/\/yH5BAEAAAAALAAAAAABAAEAAAIBRAA7\" data-src=\"https:\/\/eventiyoga.it\/blog\/wp-content\/uploads\/2020\/09\/scarica_app_eventiyoga-1.jpg\" alt=\"Scegliere un ritiro yoga: scarica l'App EventiYoga per prenotare il tuo prossimo viaggio \" class=\"wp-image-23454 size-full\"\/><noscript><img loading=\"lazy\" decoding=\"async\" width=\"1024\" height=\"768\" src=\"https:\/\/eventiyoga.it\/blog\/wp-content\/uploads\/2020\/09\/scarica_app_eventiyoga-1.jpg\" alt=\"Scegliere un ritiro yoga: scarica l'App EventiYoga per prenotare il tuo prossimo viaggio \" class=\"wp-image-23454 size-full\" srcset=\"https:\/\/eventiyoga.it\/blog\/wp-content\/uploads\/2020\/09\/scarica_app_eventiyoga-1.jpg 1024w, https:\/\/eventiyoga.it\/blog\/wp-content\/uploads\/2020\/09\/scarica_app_eventiyoga-1-300x225.jpg 300w, https:\/\/eventiyoga.it\/blog\/wp-content\/uploads\/2020\/09\/scarica_app_eventiyoga-1-768x576.jpg 768w, https:\/\/eventiyoga.it\/blog\/wp-content\/uploads\/2020\/09\/scarica_app_eventiyoga-1-200x150.jpg 200w, https:\/\/eventiyoga.it\/blog\/wp-content\/uploads\/2020\/09\/scarica_app_eventiyoga-1-600x450.jpg 600w\" sizes=\"auto, (max-width: 1024px) 100vw, 1024px\" \/><\/noscript><\/figure><\/div>\n\n\n\n<h2 class=\"wp-block-heading\"><span class=\"ez-toc-section\" id=\"Calendario_Eventi_Yoga_online\"><\/span>Calendario Eventi Yoga online<span class=\"ez-toc-section-end\"><\/span><\/h2>\n\n\n\n<p>Puoi consultare il calendario eventi anche online con numerosi weekend, vacanze, ritiri e corsi yoga e meditazione.<\/p>\n\n\n\n<p>Cerca qui gli eventi yoga di tuo interesse.<\/p>\n\n\n\n<h3 class=\"wp-block-heading\">EVENTI YOGA PER MESE<\/h3>\n\n\n\n<p>Cerca qui gli eventi yoga di tuo interesse divisi per mese e regione.<\/p>\n\n\n\n<ul class=\"wp-block-list\">\n<li><a href=\"https:\/\/eventiyoga.it\/blog\/vacanze-workshop-yoga-e-benessere-gennaio\/\">Gennaio<\/a><\/li>\n\n\n\n<li><a href=\"https:\/\/eventiyoga.it\/blog\/vacanze-workshop-yoga-e-benessere-gennaio\/\">Febbraio<\/a><\/li>\n\n\n\n<li><a href=\"https:\/\/eventiyoga.it\/blog\/vacanze-seminari-workshop-yoga-benessere-marzo\/\">Marzo<\/a><\/li>\n\n\n\n<li><a href=\"https:\/\/eventiyoga.it\/blog\/vacanze-seminari-workshop-yoga-benessere-marzo\/\">Aprile<\/a><\/li>\n\n\n\n<li><a href=\"https:\/\/eventiyoga.it\/blog\/vacanze-seminari-workshop-yoga-benessere-marzo\/\">Maggio<\/a><\/li>\n\n\n\n<li><a href=\"https:\/\/eventiyoga.it\/blog\/vacanze-seminari-workshop-yoga-benessere-marzo\/\">Giugno<\/a><\/li>\n\n\n\n<li><a href=\"https:\/\/eventiyoga.it\/blog\/vacanze-seminari-workshop-yoga-benessere-marzo\/\">Luglio<\/a><\/li>\n\n\n\n<li><a href=\"https:\/\/eventiyoga.it\/blog\/vacanze-yoga-e-benessere-luglio-offerte\/\">Agosto<\/a><\/li>\n\n\n\n<li><a href=\"https:\/\/eventiyoga.it\/blog\/vacanze-yoga-e-benessere-luglio-offerte\/\">Settembre<\/a><\/li>\n\n\n\n<li><a href=\"https:\/\/eventiyoga.it\/blog\/vacanze-yoga-e-benessere-luglio-offerte\/\">Ottobre<\/a><\/li>\n\n\n\n<li><a href=\"https:\/\/eventiyoga.it\/blog\/vacanze-yoga-e-benessere-luglio-offerte\/\">Novembre<\/a><\/li>\n\n\n\n<li><a href=\"https:\/\/eventiyoga.it\/blog\/vacanze-yoga-e-benessere-luglio-offerte\/\">Dicembre<\/a><\/li>\n<\/ul>\n\n\n\n<h3 class=\"wp-block-heading\">EVENTI YOGA DOVE<\/h3>\n\n\n\n<ul class=\"wp-block-list\">\n<li><a href=\"https:\/\/eventiyoga.it\/blog\/yoga-vicino-a-me\/\">Yoga vicino a me<\/a><\/li>\n\n\n\n<li><a href=\"https:\/\/eventiyoga.it\/blog\/yoga-tutti-i-giorni\/\">Yoga tutti i giorni<\/a><\/li>\n\n\n\n<li><a href=\"https:\/\/eventiyoga.it\/blog\/scuole-yoga-online\/\">Scuola Yoga Online<\/a><\/li>\n\n\n\n<li><a href=\"https:\/\/eventiyoga.it\/blog\/corsi-yoga-online-a-pagamento\/\">Corsi Yoga Online<\/a><\/li>\n\n\n\n<li><a href=\"https:\/\/eventiyoga.it\/blog\/corso-yoga-online\/\">Corsi Yoga Online: catalogo corsi su EventiYoga<\/a><\/li>\n<\/ul>\n\n\n\n<h2 class=\"wp-block-heading\" id=\"h-iscriviti-alla-newsletter\"><span class=\"ez-toc-section\" id=\"Iscriviti_alla_newsletter\"><\/span>Iscriviti alla newsletter<span class=\"ez-toc-section-end\"><\/span><\/h2>\n\n\n\n<p>Vuoi rimanere aggiornato sui prossimi soggiorni yoga in programma? Se la risposta \u00e8 s\u00ec, iscriviti subito alla nostra newsletter. Cos\u00ec avrai sempre aggiornamenti freschi freschi.<\/p>\n\n\n\n<figure class=\"wp-block-image caption-align-center\"><a href=\"https:\/\/eventiyoga.it\/blog\/newsletter-eventi-yoga\/\"><img decoding=\"async\" src=\"data:image\/gif;base64,R0lGODlhAQABAIAAAAAAAP\/\/\/yH5BAEAAAAALAAAAAABAAEAAAIBRAA7\" data-src=\"https:\/\/eventiyoga.it\/blog\/wp-content\/uploads\/2019\/10\/Banner-Iscrizione-NL.jpg\" alt=\"Iscriviti alla Newsletter \u2013 Per te subito un Bonus!\" class=\"wp-image-16731\"\/><noscript><img decoding=\"async\" src=\"https:\/\/eventiyoga.it\/blog\/wp-content\/uploads\/2019\/10\/Banner-Iscrizione-NL.jpg\" alt=\"Iscriviti alla Newsletter \u2013 Per te subito un Bonus!\" class=\"wp-image-16731\"\/><\/noscript><\/a><figcaption class=\"wp-element-caption\">Iscriviti alla Newsletter \u2013 Per te subito un Bonus!<\/figcaption><\/figure>\n","protected":false},"excerpt":{"rendered":"<p>Lo yoga fa stare bene. \u00c8 confermato dalla scienza e, soprattutto, da chiunque lo pratichi. Spesso ci si chiede quanto e quando sia meglio praticare. Alla prima domanda rispondiamo con l&#8217;articolo Yoga tutti i giorni: immensi benefici per te, nel quale evidenziamo che per beneficiare della pratica non \u00e8 necessario stare le ore sul tappetino, [&hellip;]<\/p>\n","protected":false},"author":363,"featured_media":40573,"comment_status":"open","ping_status":"open","sticky":false,"template":"","format":"standard","meta":{"_acf_changed":false,"_editorskit_title_hidden":false,"_editorskit_reading_time":6,"_editorskit_is_block_options_detached":false,"_editorskit_block_options_position":"{}","footnotes":""},"categories":[41],"tags":[38,43974],"class_list":["post-40528","post","type-post","status-publish","format-standard","has-post-thumbnail","hentry","category-tips","tag-praticare-yoga","tag-yoga-della-sera"],"acf":[],"yoast_head":"<!-- This site is optimized with the Yoast SEO plugin v26.4 - https:\/\/yoast.com\/wordpress\/plugins\/seo\/ -->\n<title>Yoga per la sera: benefici, consigli e asana per rilassarsi<\/title>\n<meta name=\"description\" content=\"Scopri tutto quello che c&#039;\u00e8 da sapere sullo YOGA PER LA SERA, compresi i benefici e alcuni consigli utili per rilassarsi bene la sera.\" \/>\n<meta name=\"robots\" content=\"index, follow, max-snippet:-1, max-image-preview:large, max-video-preview:-1\" \/>\n<link rel=\"canonical\" href=\"https:\/\/eventiyoga.it\/blog\/yoga-per-la-sera\/\" \/>\n<meta property=\"og:locale\" content=\"en_US\" \/>\n<meta property=\"og:type\" content=\"article\" \/>\n<meta property=\"og:title\" content=\"Yoga per la sera: benefici, consigli e asana per rilassarsi\" \/>\n<meta property=\"og:description\" content=\"Scopri tutto quello che c&#039;\u00e8 da sapere sullo YOGA PER LA SERA, compresi i benefici e alcuni consigli utili per rilassarsi bene la sera.\" \/>\n<meta property=\"og:url\" content=\"https:\/\/eventiyoga.it\/blog\/yoga-per-la-sera\/\" \/>\n<meta property=\"og:site_name\" content=\"Eventi Yoga\" \/>\n<meta property=\"article:published_time\" content=\"2022-03-08T11:18:59+00:00\" \/>\n<meta property=\"article:modified_time\" content=\"2026-01-24T14:46:34+00:00\" \/>\n<meta property=\"og:image\" content=\"https:\/\/eventiyoga.it\/blog\/wp-content\/uploads\/2018\/09\/Yoga-per-la-sera-Yoga-della-sera.jpg\" \/>\n\t<meta property=\"og:image:width\" content=\"1024\" \/>\n\t<meta property=\"og:image:height\" content=\"768\" \/>\n\t<meta property=\"og:image:type\" content=\"image\/jpeg\" \/>\n<meta name=\"twitter:card\" content=\"summary_large_image\" \/>\n<meta name=\"twitter:label1\" content=\"Written by\" \/>\n\t<meta name=\"twitter:data1\" content=\"\" \/>\n\t<meta name=\"twitter:label2\" content=\"Est. reading time\" \/>\n\t<meta name=\"twitter:data2\" content=\"10 minutes\" \/>\n<script type=\"application\/ld+json\" class=\"yoast-schema-graph\">{\"@context\":\"https:\/\/schema.org\",\"@graph\":[{\"@type\":\"WebPage\",\"@id\":\"https:\/\/eventiyoga.it\/blog\/yoga-per-la-sera\/\",\"url\":\"https:\/\/eventiyoga.it\/blog\/yoga-per-la-sera\/\",\"name\":\"Yoga per la sera: benefici, consigli e asana per rilassarsi\",\"isPartOf\":{\"@id\":\"https:\/\/eventiyoga.it\/blog\/#website\"},\"primaryImageOfPage\":{\"@id\":\"https:\/\/eventiyoga.it\/blog\/yoga-per-la-sera\/#primaryimage\"},\"image\":{\"@id\":\"https:\/\/eventiyoga.it\/blog\/yoga-per-la-sera\/#primaryimage\"},\"thumbnailUrl\":\"https:\/\/eventiyoga.it\/blog\/wp-content\/uploads\/2018\/09\/Yoga-per-la-sera-Yoga-della-sera.jpg\",\"datePublished\":\"2022-03-08T11:18:59+00:00\",\"dateModified\":\"2026-01-24T14:46:34+00:00\",\"author\":{\"@id\":\"\"},\"description\":\"Scopri tutto quello che c'\u00e8 da sapere sullo YOGA PER LA SERA, compresi i benefici e alcuni consigli utili per rilassarsi bene la sera.\",\"breadcrumb\":{\"@id\":\"https:\/\/eventiyoga.it\/blog\/yoga-per-la-sera\/#breadcrumb\"},\"inLanguage\":\"en-US\",\"potentialAction\":[{\"@type\":\"ReadAction\",\"target\":[\"https:\/\/eventiyoga.it\/blog\/yoga-per-la-sera\/\"]}]},{\"@type\":\"ImageObject\",\"inLanguage\":\"en-US\",\"@id\":\"https:\/\/eventiyoga.it\/blog\/yoga-per-la-sera\/#primaryimage\",\"url\":\"https:\/\/eventiyoga.it\/blog\/wp-content\/uploads\/2018\/09\/Yoga-per-la-sera-Yoga-della-sera.jpg\",\"contentUrl\":\"https:\/\/eventiyoga.it\/blog\/wp-content\/uploads\/2018\/09\/Yoga-per-la-sera-Yoga-della-sera.jpg\",\"width\":1024,\"height\":768,\"caption\":\"Yoga per la sera - Yoga della sera\"},{\"@type\":\"BreadcrumbList\",\"@id\":\"https:\/\/eventiyoga.it\/blog\/yoga-per-la-sera\/#breadcrumb\",\"itemListElement\":[{\"@type\":\"ListItem\",\"position\":1,\"name\":\"Home\",\"item\":\"https:\/\/eventiyoga.it\/blog\/\"},{\"@type\":\"ListItem\",\"position\":2,\"name\":\"Yoga per la sera: benefici, consigli e posizioni da praticare\"}]},{\"@type\":\"WebSite\",\"@id\":\"https:\/\/eventiyoga.it\/blog\/#website\",\"url\":\"https:\/\/eventiyoga.it\/blog\/\",\"name\":\"Eventi Yoga\",\"description\":\"Il portale Italiano per gli eventi dello yoga\",\"potentialAction\":[{\"@type\":\"SearchAction\",\"target\":{\"@type\":\"EntryPoint\",\"urlTemplate\":\"https:\/\/eventiyoga.it\/blog\/?s={search_term_string}\"},\"query-input\":{\"@type\":\"PropertyValueSpecification\",\"valueRequired\":true,\"valueName\":\"search_term_string\"}}],\"inLanguage\":\"en-US\"},{\"@type\":\"Person\",\"@id\":\"\",\"url\":\"https:\/\/eventiyoga.it\/blog\/author\/\"}]}<\/script>\n<!-- \/ Yoast SEO plugin. -->","yoast_head_json":{"title":"Yoga per la sera: benefici, consigli e asana per rilassarsi","description":"Scopri tutto quello che c'\u00e8 da sapere sullo YOGA PER LA SERA, compresi i benefici e alcuni consigli utili per rilassarsi bene la sera.","robots":{"index":"index","follow":"follow","max-snippet":"max-snippet:-1","max-image-preview":"max-image-preview:large","max-video-preview":"max-video-preview:-1"},"canonical":"https:\/\/eventiyoga.it\/blog\/yoga-per-la-sera\/","og_locale":"en_US","og_type":"article","og_title":"Yoga per la sera: benefici, consigli e asana per rilassarsi","og_description":"Scopri tutto quello che c'\u00e8 da sapere sullo YOGA PER LA SERA, compresi i benefici e alcuni consigli utili per rilassarsi bene la sera.","og_url":"https:\/\/eventiyoga.it\/blog\/yoga-per-la-sera\/","og_site_name":"Eventi Yoga","article_published_time":"2022-03-08T11:18:59+00:00","article_modified_time":"2026-01-24T14:46:34+00:00","og_image":[{"width":1024,"height":768,"url":"https:\/\/eventiyoga.it\/blog\/wp-content\/uploads\/2018\/09\/Yoga-per-la-sera-Yoga-della-sera.jpg","type":"image\/jpeg"}],"twitter_card":"summary_large_image","twitter_misc":{"Written by":"","Est. reading time":"10 minutes"},"schema":{"@context":"https:\/\/schema.org","@graph":[{"@type":"WebPage","@id":"https:\/\/eventiyoga.it\/blog\/yoga-per-la-sera\/","url":"https:\/\/eventiyoga.it\/blog\/yoga-per-la-sera\/","name":"Yoga per la sera: benefici, consigli e asana per rilassarsi","isPartOf":{"@id":"https:\/\/eventiyoga.it\/blog\/#website"},"primaryImageOfPage":{"@id":"https:\/\/eventiyoga.it\/blog\/yoga-per-la-sera\/#primaryimage"},"image":{"@id":"https:\/\/eventiyoga.it\/blog\/yoga-per-la-sera\/#primaryimage"},"thumbnailUrl":"https:\/\/eventiyoga.it\/blog\/wp-content\/uploads\/2018\/09\/Yoga-per-la-sera-Yoga-della-sera.jpg","datePublished":"2022-03-08T11:18:59+00:00","dateModified":"2026-01-24T14:46:34+00:00","author":{"@id":""},"description":"Scopri tutto quello che c'\u00e8 da sapere sullo YOGA PER LA SERA, compresi i benefici e alcuni consigli utili per rilassarsi bene la sera.","breadcrumb":{"@id":"https:\/\/eventiyoga.it\/blog\/yoga-per-la-sera\/#breadcrumb"},"inLanguage":"en-US","potentialAction":[{"@type":"ReadAction","target":["https:\/\/eventiyoga.it\/blog\/yoga-per-la-sera\/"]}]},{"@type":"ImageObject","inLanguage":"en-US","@id":"https:\/\/eventiyoga.it\/blog\/yoga-per-la-sera\/#primaryimage","url":"https:\/\/eventiyoga.it\/blog\/wp-content\/uploads\/2018\/09\/Yoga-per-la-sera-Yoga-della-sera.jpg","contentUrl":"https:\/\/eventiyoga.it\/blog\/wp-content\/uploads\/2018\/09\/Yoga-per-la-sera-Yoga-della-sera.jpg","width":1024,"height":768,"caption":"Yoga per la sera - Yoga della sera"},{"@type":"BreadcrumbList","@id":"https:\/\/eventiyoga.it\/blog\/yoga-per-la-sera\/#breadcrumb","itemListElement":[{"@type":"ListItem","position":1,"name":"Home","item":"https:\/\/eventiyoga.it\/blog\/"},{"@type":"ListItem","position":2,"name":"Yoga per la sera: benefici, consigli e posizioni da praticare"}]},{"@type":"WebSite","@id":"https:\/\/eventiyoga.it\/blog\/#website","url":"https:\/\/eventiyoga.it\/blog\/","name":"Eventi Yoga","description":"Il portale Italiano per gli eventi dello yoga","potentialAction":[{"@type":"SearchAction","target":{"@type":"EntryPoint","urlTemplate":"https:\/\/eventiyoga.it\/blog\/?s={search_term_string}"},"query-input":{"@type":"PropertyValueSpecification","valueRequired":true,"valueName":"search_term_string"}}],"inLanguage":"en-US"},{"@type":"Person","@id":"","url":"https:\/\/eventiyoga.it\/blog\/author\/"}]}},"_links":{"self":[{"href":"https:\/\/eventiyoga.it\/blog\/wp-json\/wp\/v2\/posts\/40528","targetHints":{"allow":["GET"]}}],"collection":[{"href":"https:\/\/eventiyoga.it\/blog\/wp-json\/wp\/v2\/posts"}],"about":[{"href":"https:\/\/eventiyoga.it\/blog\/wp-json\/wp\/v2\/types\/post"}],"author":[{"embeddable":true,"href":"https:\/\/eventiyoga.it\/blog\/wp-json\/wp\/v2\/users\/363"}],"replies":[{"embeddable":true,"href":"https:\/\/eventiyoga.it\/blog\/wp-json\/wp\/v2\/comments?post=40528"}],"version-history":[{"count":1,"href":"https:\/\/eventiyoga.it\/blog\/wp-json\/wp\/v2\/posts\/40528\/revisions"}],"predecessor-version":[{"id":72448,"href":"https:\/\/eventiyoga.it\/blog\/wp-json\/wp\/v2\/posts\/40528\/revisions\/72448"}],"wp:featuredmedia":[{"embeddable":true,"href":"https:\/\/eventiyoga.it\/blog\/wp-json\/wp\/v2\/media\/40573"}],"wp:attachment":[{"href":"https:\/\/eventiyoga.it\/blog\/wp-json\/wp\/v2\/media?parent=40528"}],"wp:term":[{"taxonomy":"category","embeddable":true,"href":"https:\/\/eventiyoga.it\/blog\/wp-json\/wp\/v2\/categories?post=40528"},{"taxonomy":"post_tag","embeddable":true,"href":"https:\/\/eventiyoga.it\/blog\/wp-json\/wp\/v2\/tags?post=40528"}],"curies":[{"name":"wp","href":"https:\/\/api.w.org\/{rel}","templated":true}]}}