{"id":45179,"date":"2022-06-29T17:37:36","date_gmt":"2022-06-29T15:37:36","guid":{"rendered":"https:\/\/eventiyoga.it\/blog\/?p=45179"},"modified":"2023-01-24T15:03:51","modified_gmt":"2023-01-24T14:03:51","slug":"yoga-estate-riscopri-tranquillita-benessere-vacanza-yoga","status":"publish","type":"post","link":"https:\/\/eventiyoga.it\/blog\/yoga-estate-riscopri-tranquillita-benessere-vacanza-yoga\/","title":{"rendered":"Yoga Estate: riscopri tranquillit\u00e0 e benessere nella tua vacanza yoga"},"content":{"rendered":"\n<p>Lo <strong>yoga in estate<\/strong>. Hai mai provato quella sensazione di pace e leggerezza che permea ogni centimetro del tuo corpo e sboccia in un sorriso inaspettato? Dovresti cercarla, perch\u00e9 \u00e8 tua e gi\u00e0 la possiedi. Puoi ritrovarla e lasciare che le zavorre della quotidianit\u00e0 perdano peso e volino via, leggere come palloncini colorati. \u00c8 la tua <a href=\"https:\/\/eventiyoga.it\/blog\/vacanze-yoga-2\/\">vacanza yoga<\/a>.<\/p>\n\n\n\n<p>Mentre <strong>corpo e mente ritrovano il loro equilibrio<\/strong>, puoi immergerti in un\u2019atmosfera straordinaria e avvolgente. Trovi in te quello spazio che pensavi perduto. Abbastanza ampio, da potercisi muovere dentro. \u00c8 ricco, luminoso, sorprendentemente profondo. Ogni momento sembra dilatarsi e rallentare. Riempie l&#8217;aria di sollievo. Una quiete regale.<\/p>\n\n\n\n<p>In un <strong><a href=\"https:\/\/eventiyoga.it\/blog\/benefici-di-un-ritiro-yoga\/\">ritiro yoga<\/a> estivo<\/strong> la tua vacanza \u00e8 relax e benessere. Immersi nella quiete della natura, dentro ai suoi profumi e colori, ritrovi il ritmo e la qualit\u00e0 della vita che stai cercando. Passeggia, fai escursioni e trekking. Vivi momenti di profonda immersione in te, registra con chiarezza ogni dettaglio e condividi le tue emozioni.<\/p>\n\n\n\n<p><a href=\"https:\/\/eventiyoga.it\/blog\/tre-cose-da-sapere-prima-di-iniziare-la-meditazione\/\"><\/a><strong>Yoga e meditazione<\/strong> risvegliano l\u2019empatia e la gioia di sentirsi bene con s\u00e9 stessi e con gli altri. Finalmente. I ricordi pi\u00f9 belli e importanti della vita sono indelebili proprio perch\u00e9 associati alle emozioni e <strong>la tua <a href=\"https:\/\/eventiyoga.it\/blog\/vacanza-yoga-estate\/\">vacanza yoga in estate<\/a> sar\u00e0 memorabile<\/strong>.<\/p>\n\n\n\n<p>I tuoi <strong>insegnati Santosha Yoga<\/strong> ti aspettano a Piglio (FR), nell\u2019ammaliante cornice del Convento di San Lorenzo, nei mesi di agosto e settembre. Scegli di vivere una settimana fantastica avvolta in una location suggestiva, dove potrai divertirti, rilassarti e <strong>gustare dell\u2019ottimo cibo vegetariano e biologico a km zero<\/strong>.<\/p>\n\n\n\n<p>Vuoi fermarti sulla soglia o vieni con noi? Lascia andare la frenesia e lo stress che costipano ogni minuto delle tue giornate. Ritrova il buon umore, libera la tua gioiosa energia vitale e falla risuonare di nuovo dentro di te. Vivi una vera vacanza yoga.<\/p>\n\n\n\n<div id=\"ez-toc-container\" class=\"ez-toc-v2_0_68_1 counter-hierarchy ez-toc-counter ez-toc-grey ez-toc-container-direction\">\n<div class=\"ez-toc-title-container\">\n<p class=\"ez-toc-title \" >Indice<\/p>\n<span class=\"ez-toc-title-toggle\"><a href=\"#\" class=\"ez-toc-pull-right ez-toc-btn ez-toc-btn-xs ez-toc-btn-default ez-toc-toggle\" aria-label=\"Toggle Table of Content\"><span class=\"ez-toc-js-icon-con\"><span class=\"\"><span class=\"eztoc-hide\" style=\"display:none;\">Toggle<\/span><span class=\"ez-toc-icon-toggle-span\"><svg style=\"fill: #999;color:#999\" xmlns=\"http:\/\/www.w3.org\/2000\/svg\" class=\"list-377408\" width=\"20px\" height=\"20px\" viewBox=\"0 0 24 24\" fill=\"none\"><path d=\"M6 6H4v2h2V6zm14 0H8v2h12V6zM4 11h2v2H4v-2zm16 0H8v2h12v-2zM4 16h2v2H4v-2zm16 0H8v2h12v-2z\" fill=\"currentColor\"><\/path><\/svg><svg style=\"fill: #999;color:#999\" class=\"arrow-unsorted-368013\" xmlns=\"http:\/\/www.w3.org\/2000\/svg\" width=\"10px\" height=\"10px\" viewBox=\"0 0 24 24\" version=\"1.2\" baseProfile=\"tiny\"><path d=\"M18.2 9.3l-6.2-6.3-6.2 6.3c-.2.2-.3.4-.3.7s.1.5.3.7c.2.2.4.3.7.3h11c.3 0 .5-.1.7-.3.2-.2.3-.5.3-.7s-.1-.5-.3-.7zM5.8 14.7l6.2 6.3 6.2-6.3c.2-.2.3-.5.3-.7s-.1-.5-.3-.7c-.2-.2-.4-.3-.7-.3h-11c-.3 0-.5.1-.7.3-.2.2-.3.5-.3.7s.1.5.3.7z\"\/><\/svg><\/span><\/span><\/span><\/a><\/span><\/div>\n<nav><ul class='ez-toc-list ez-toc-list-level-1 ' ><li class='ez-toc-page-1 ez-toc-heading-level-2'><a class=\"ez-toc-link ez-toc-heading-1\" href=\"https:\/\/eventiyoga.it\/blog\/yoga-estate-riscopri-tranquillita-benessere-vacanza-yoga\/#Yoga_per_lestate_dove_andrai\" title=\"Yoga per l&#8217;estate: dove andrai?\">Yoga per l&#8217;estate: dove andrai?<\/a><\/li><li class='ez-toc-page-1 ez-toc-heading-level-2'><a class=\"ez-toc-link ez-toc-heading-2\" href=\"https:\/\/eventiyoga.it\/blog\/yoga-estate-riscopri-tranquillita-benessere-vacanza-yoga\/#Estate_e_yoga_quando_parti_per_la_tua_vacanza\" title=\"Estate e yoga: quando parti per la tua vacanza?\">Estate e yoga: quando parti per la tua vacanza?<\/a><\/li><li class='ez-toc-page-1 ez-toc-heading-level-2'><a class=\"ez-toc-link ez-toc-heading-3\" href=\"https:\/\/eventiyoga.it\/blog\/yoga-estate-riscopri-tranquillita-benessere-vacanza-yoga\/#Cosa_farai_durante_la_tua_vacanza_yoga_destate\" title=\"Cosa farai durante la tua vacanza yoga d&#8217;estate?\">Cosa farai durante la tua vacanza yoga d&#8217;estate?<\/a><\/li><li class='ez-toc-page-1 ez-toc-heading-level-2'><a class=\"ez-toc-link ez-toc-heading-4\" href=\"https:\/\/eventiyoga.it\/blog\/yoga-estate-riscopri-tranquillita-benessere-vacanza-yoga\/#Chi_sono_gli_insegnati_nella_tua_vacanza_yoga\" title=\"Chi sono gli insegnati nella tua vacanza yoga?\">Chi sono gli insegnati nella tua vacanza yoga?<\/a><\/li><li class='ez-toc-page-1 ez-toc-heading-level-2'><a class=\"ez-toc-link ez-toc-heading-5\" href=\"https:\/\/eventiyoga.it\/blog\/yoga-estate-riscopri-tranquillita-benessere-vacanza-yoga\/#Che_tipo_di_Yoga_viene_insegnato_Devi_avere_esperienza\" title=\"Che tipo di Yoga viene insegnato? Devi avere esperienza?\">Che tipo di Yoga viene insegnato? Devi avere esperienza?<\/a><\/li><li class='ez-toc-page-1 ez-toc-heading-level-2'><a class=\"ez-toc-link ez-toc-heading-6\" href=\"https:\/\/eventiyoga.it\/blog\/yoga-estate-riscopri-tranquillita-benessere-vacanza-yoga\/#Perche_dovresti_passare_una_vacanza_yoga_per_lestate_con_noi\" title=\"Perch\u00e9 dovresti passare una vacanza yoga per l&#8217;estate con noi?\">Perch\u00e9 dovresti passare una vacanza yoga per l&#8217;estate con noi?<\/a><\/li><li class='ez-toc-page-1 ez-toc-heading-level-2'><a class=\"ez-toc-link ez-toc-heading-7\" href=\"https:\/\/eventiyoga.it\/blog\/yoga-estate-riscopri-tranquillita-benessere-vacanza-yoga\/#Scarica_lApp_Eventi_Yoga\" title=\"Scarica l\u2019App Eventi Yoga\">Scarica l\u2019App Eventi Yoga<\/a><\/li><li class='ez-toc-page-1 ez-toc-heading-level-2'><a class=\"ez-toc-link ez-toc-heading-8\" href=\"https:\/\/eventiyoga.it\/blog\/yoga-estate-riscopri-tranquillita-benessere-vacanza-yoga\/#Calendario_Eventi_Yoga_online\" title=\"Calendario Eventi Yoga online\">Calendario Eventi Yoga online<\/a><\/li><li class='ez-toc-page-1 ez-toc-heading-level-2'><a class=\"ez-toc-link ez-toc-heading-9\" href=\"https:\/\/eventiyoga.it\/blog\/yoga-estate-riscopri-tranquillita-benessere-vacanza-yoga\/#Altre_risorse_interessanti_per_te\" title=\"Altre risorse interessanti per te\">Altre risorse interessanti per te<\/a><\/li><li class='ez-toc-page-1 ez-toc-heading-level-2'><a class=\"ez-toc-link ez-toc-heading-10\" href=\"https:\/\/eventiyoga.it\/blog\/yoga-estate-riscopri-tranquillita-benessere-vacanza-yoga\/#Iscriviti_alla_newsletter\" title=\"Iscriviti alla newsletter\">Iscriviti alla newsletter<\/a><\/li><\/ul><\/nav><\/div>\n<h2 class=\"wp-block-heading\" id=\"h-yoga-per-l-estate-dove-andrai\"><span class=\"ez-toc-section\" id=\"Yoga_per_lestate_dove_andrai\"><\/span>Yoga per l&#8217;estate: dove andrai?<span class=\"ez-toc-section-end\"><\/span><\/h2>\n\n\n\n<p>Sono molti i luoghi adatti a risvegliare la tua energia e <strong>vivere una vacanza yoga indimenticabile<\/strong>. Noi abbiamo scelto il fascino centenario del Convento di San Lorenzo a Piglio, in provincia di Frosinone, vicino a Roma.<\/p>\n\n\n\n<p>Immerso nei colori e nel silenzio della natura, all\u2019ombra dei lecci e dei lauri secolari, il Convento \u00e8 un edificio suggestivo incastonato alle falde del Monte Scalambra, a circa 850 metri d\u2019altitudine. Avvolto da un\u2019aurea di raccoglimento e meditazione, <strong>ispira la condizione perfetta per ritrovare il contatto con s\u00e9 stessi<\/strong>.<\/p>\n\n\n\n<p>\u00c8 un convento di fede Francescana, fondato nel 1215 dallo stesso San Francesco ed \u00e8 circondato da circa 15 ettari di terreno agricolo e boschivo. Recentemente restaurato, dispone di oltre venti stanze complete di bagno e sar\u00e0 interamente a nostra disposizione per <strong>vivere al meglio la tua vacanza yoga per l&#8217;estate<\/strong>.<\/p>\n\n\n\n<figure class=\"wp-block-embed is-type-video is-provider-youtube wp-block-embed-youtube wp-embed-aspect-16-9 wp-has-aspect-ratio\"><div class=\"wp-block-embed__wrapper\">\n<iframe title=\"Yoga in Estate: una vacanza che rimarr\u00e0 nel cuore!\" width=\"750\" height=\"422\" data-src=\"https:\/\/www.youtube.com\/embed\/TCd09KsMjB0?feature=oembed\" frameborder=\"0\" allow=\"accelerometer; autoplay; clipboard-write; encrypted-media; gyroscope; picture-in-picture\" allowfullscreen><\/iframe><noscript><iframe loading=\"lazy\" title=\"Yoga in Estate: una vacanza che rimarr\u00e0 nel cuore!\" width=\"750\" height=\"422\" src=\"https:\/\/www.youtube.com\/embed\/TCd09KsMjB0?feature=oembed\" frameborder=\"0\" allow=\"accelerometer; autoplay; clipboard-write; encrypted-media; gyroscope; picture-in-picture\" allowfullscreen><\/iframe><\/noscript>\n<\/div><figcaption><em>benessere estate<\/em><\/figcaption><\/figure>\n\n\n\n<h2 class=\"wp-block-heading\" id=\"h-estate-e-yoga-quando-parti-per-la-tua-vacanza\"><span class=\"ez-toc-section\" id=\"Estate_e_yoga_quando_parti_per_la_tua_vacanza\"><\/span>Estate e yoga: quando parti per la tua vacanza?<span class=\"ez-toc-section-end\"><\/span><\/h2>\n\n\n\n<p><strong>\u00c8 sempre il momento giusto per organizzare una vacanza yoga<\/strong>. Questa estate abbiamo programmato diverse opzioni, per soddisfare le tante richieste e darti l\u2019opportunit\u00e0 di <strong>pianificare la tua settimana di yoga e meditazione<\/strong> nel periodo che preferisci.<\/p>\n\n\n\n<p>Dopotutto, la giusta preparazione alla vacanza inizia anche dalla serenit\u00e0 di poter fare una scelta che ti consenta di conciliarla con i tuoi impegni familiari e lavorativi. Tuttavia, i posti sono comunque limitati dalla capienza disponibile nel Convento di San Lorenzo. Quindi, non aspettare troppo, scegli il periodo che preferisci, <strong>prendi il tuo tappetino e prenota<\/strong>:<\/p>\n\n\n\n<ul class=\"wp-block-list\"><li><strong>Prima settimana<\/strong> \u2013 <a href=\"https:\/\/eventiyoga.it\/calendario\/evento-yoga-piglio-44780-5\/\" class=\"ek-link\">da domenica 7 agosto a sabato 13 agosto 2022<\/a><\/li><li><strong>Seconda settimana<\/strong> \u2013 <a href=\"https:\/\/eventiyoga.it\/calendario\/evento-yoga-piglio-44780-4\/\" class=\"ek-link\">da domenica 14 agosto a sabato 20 agosto 2022<\/a><\/li><li><strong>Terza settimana<\/strong> \u2013 <a href=\"https:\/\/eventiyoga.it\/calendario\/evento-yoga-piglio-44780-3\/\" class=\"ek-link\">da domenica 21 agosto a sabato 27 agosto 2022<\/a><\/li><li><strong>Quarta settimana<\/strong> \u2013 <a href=\"https:\/\/eventiyoga.it\/calendario\/evento-yoga-piglio-44780-2\/\" class=\"ek-link\">da domenica 28 agosto a sabato 03 settembre 2022<\/a><\/li><\/ul>\n\n\n\n<p><strong>Arrivo e accoglienza<\/strong> sono previsti per le ore 16 della domenica. Mentre <strong>saluti e partenza<\/strong> alle ore 12:30 del sabato. Un\u2019intera settimana di yoga e meditazione solo per te. Ma non \u00e8 tutto, cosa faremo insieme? Quali sono le attivit\u00e0 e i luoghi magnifici offerti dalla location che abbiamo scelto?<\/p>\n\n\n\n<h2 class=\"wp-block-heading\" id=\"h-cosa-farai-durante-la-tua-vacanza-yoga-d-estate\"><span class=\"ez-toc-section\" id=\"Cosa_farai_durante_la_tua_vacanza_yoga_destate\"><\/span>Cosa farai durante la tua vacanza yoga d&#8217;estate?<span class=\"ez-toc-section-end\"><\/span><\/h2>\n\n\n\n<p>Consapevolezza del momento presente, in completa connessione con il corpo e il <a href=\"https:\/\/eventiyoga.it\/blog\/respirazione-yoga-cosa-e-e-come-si-pratica\/\">respiro<\/a>. Sar\u00e0 una vacanza yoga che ti rester\u00e0 nel cuore. Un\u2019oasi di pratica e <a href=\"https:\/\/eventiyoga.it\/blog\/meditazione-per-principianti-asana-e-consigli-utili\/\">meditazione<\/a> da vivere in piena armonia in un luogo immerso nel verde <strong>dove si respira una potente energia<\/strong>. Avrai a tua disposizione:<\/p>\n\n\n\n<ul class=\"wp-block-list\"><li>2 sessioni di pratica yoga al giorno: hatha yoga e flow yoga, condotte da insegnanti esperti;<\/li><li>1 sessione al giorno di meditazione, dove apprenderai una tecnica che potrai portare a casa con te, per praticarla anche nella quotidianit\u00e0;<\/li><li>passeggiate ed escursioni nella natura, tra alberi secolari, colori e suoni della madre terra;<\/li><li>canto dei mantra e dei (Kirtan);<\/li><li>sessioni di rilassamento yogico profondo;<\/li><li>laboratori di crescita personale;<\/li><li>massaggi indiani.<\/li><\/ul>\n\n\n\n<blockquote class=\"wp-block-quote is-layout-flow wp-block-quote-is-layout-flow\"><p>Scopri di pi\u00f9 sulla pratica yoga qui: <a href=\"https:\/\/eventiyoga.it\/blog\/hatha-yoga-caratteristiche-informazioni\/\" class=\"ek-link\">hatha yoga<\/a>, <a href=\"https:\/\/eventiyoga.it\/blog\/vinyasa-flow-yoga-cose-benefici\/\" class=\"ek-link\">vinyasa flow yoga<\/a><\/p><\/blockquote>\n\n\n\n<figure class=\"wp-block-image size-large\"><a href=\"https:\/\/eventiyoga.it\/blog\/wp-content\/uploads\/2022\/06\/Yoga-Estate-Silvia-Nardi-4.jpeg\"><img decoding=\"async\" src=\"data:image\/gif;base64,R0lGODlhAQABAIAAAAAAAP\/\/\/yH5BAEAAAAALAAAAAABAAEAAAIBRAA7\" data-src=\"https:\/\/eventiyoga.it\/blog\/wp-content\/uploads\/2022\/06\/Yoga-Estate-Silvia-Nardi-4-1024x461.jpeg\" alt=\"Yoga Estate a Piglio\" class=\"wp-image-45298\"\/><noscript><img decoding=\"async\" src=\"https:\/\/eventiyoga.it\/blog\/wp-content\/uploads\/2022\/06\/Yoga-Estate-Silvia-Nardi-4-1024x461.jpeg\" alt=\"Yoga Estate a Piglio\" class=\"wp-image-45298\"\/><\/noscript><\/a><\/figure>\n\n\n\n<figure class=\"wp-block-gallery columns-2 is-cropped wp-block-gallery-1 is-layout-flex wp-block-gallery-is-layout-flex\"><ul class=\"blocks-gallery-grid\"><li class=\"blocks-gallery-item\"><figure><a href=\"https:\/\/eventiyoga.it\/blog\/wp-content\/uploads\/2022\/06\/Yoga-Estate-Silvia-Nardi-3.jpeg\"><img decoding=\"async\" src=\"data:image\/gif;base64,R0lGODlhAQABAIAAAAAAAP\/\/\/yH5BAEAAAAALAAAAAABAAEAAAIBRAA7\" data-src=\"https:\/\/eventiyoga.it\/blog\/wp-content\/uploads\/2022\/06\/Yoga-Estate-Silvia-Nardi-3-1024x614.jpeg\" alt=\"Yoga Estate a Piglio\" data-id=\"45296\" data-full-url=\"https:\/\/eventiyoga.it\/blog\/wp-content\/uploads\/2022\/06\/Yoga-Estate-Silvia-Nardi-3.jpeg\" data-link=\"https:\/\/eventiyoga.it\/blog\/yoga-estate-riscopri-tranquillita-benessere-vacanza-yoga\/yoga-estate-silvia-nardi-3\/#main\" class=\"wp-image-45296\"\/><noscript><img decoding=\"async\" src=\"https:\/\/eventiyoga.it\/blog\/wp-content\/uploads\/2022\/06\/Yoga-Estate-Silvia-Nardi-3-1024x614.jpeg\" alt=\"Yoga Estate a Piglio\" data-id=\"45296\" data-full-url=\"https:\/\/eventiyoga.it\/blog\/wp-content\/uploads\/2022\/06\/Yoga-Estate-Silvia-Nardi-3.jpeg\" data-link=\"https:\/\/eventiyoga.it\/blog\/yoga-estate-riscopri-tranquillita-benessere-vacanza-yoga\/yoga-estate-silvia-nardi-3\/#main\" class=\"wp-image-45296\"\/><\/noscript><\/a><\/figure><\/li><li class=\"blocks-gallery-item\"><figure><a href=\"https:\/\/eventiyoga.it\/blog\/wp-content\/uploads\/2022\/06\/Yoga-Estate-Silvia-Nardi-1.jpeg\"><img decoding=\"async\" src=\"data:image\/gif;base64,R0lGODlhAQABAIAAAAAAAP\/\/\/yH5BAEAAAAALAAAAAABAAEAAAIBRAA7\" data-src=\"https:\/\/eventiyoga.it\/blog\/wp-content\/uploads\/2022\/06\/Yoga-Estate-Silvia-Nardi-1-1024x1024.jpeg\" alt=\"Yoga Estate a Piglio\" data-id=\"45294\" data-full-url=\"https:\/\/eventiyoga.it\/blog\/wp-content\/uploads\/2022\/06\/Yoga-Estate-Silvia-Nardi-1.jpeg\" data-link=\"https:\/\/eventiyoga.it\/blog\/yoga-estate-riscopri-tranquillita-benessere-vacanza-yoga\/yoga-estate-silvia-nardi-1\/#main\" class=\"wp-image-45294\"\/><noscript><img decoding=\"async\" src=\"https:\/\/eventiyoga.it\/blog\/wp-content\/uploads\/2022\/06\/Yoga-Estate-Silvia-Nardi-1-1024x1024.jpeg\" alt=\"Yoga Estate a Piglio\" data-id=\"45294\" data-full-url=\"https:\/\/eventiyoga.it\/blog\/wp-content\/uploads\/2022\/06\/Yoga-Estate-Silvia-Nardi-1.jpeg\" data-link=\"https:\/\/eventiyoga.it\/blog\/yoga-estate-riscopri-tranquillita-benessere-vacanza-yoga\/yoga-estate-silvia-nardi-1\/#main\" class=\"wp-image-45294\"\/><\/noscript><\/a><\/figure><\/li><\/ul><\/figure>\n\n\n\n<p>Saranno <strong>7 giorni e 6 notti in un luogo meraviglioso e rilassante<\/strong> dove vivere giornate di profondo ascolto interiore, fare nuove amicizie e organizzare momenti di puro divertimento e svago. Assaporerai un arcobaleno di gusti deliziosi, con del buonissimo cibo biologico vegetariano a km zero. Ricette prelibate e cucinate con amore che sapranno appagare anche i palati pi\u00f9 esigenti.<\/p>\n\n\n\n<p>Ma non solo, preparati a vivere emozionanti escursioni e attivit\u00e0 di trekking. Nelle vicinanze, sono infatti presenti luoghi da sogno, come:<\/p>\n\n\n\n<ul class=\"wp-block-list\"><li>Altopiani di Arcinazzo;<\/li><li>Sacro Speco di San Benedetto a Subiaco;<\/li><li>Laghetto di San Benedetto;<\/li><li>La cripta di Anagni;<\/li><li>La Certosa di Trisulti.<\/li><\/ul>\n\n\n\n<p>Condivisione, empatia, gioia e buon umore. Sono questi gli ingredienti giusti di una <a href=\"https:\/\/eventiyoga.it\/blog\/vacanze-meditazione\/\">vacanza di yoga e meditazione<\/a> che rimane impressa nella memoria. Vuoi sapere chi saranno i tuoi insegnanti e quali pratiche yoga faremo insieme questa estate?<\/p>\n\n\n\n<h2 class=\"wp-block-heading\" id=\"h-chi-sono-gli-insegnati-nella-tua-vacanza-yoga\"><span class=\"ez-toc-section\" id=\"Chi_sono_gli_insegnati_nella_tua_vacanza_yoga\"><\/span>Chi sono gli insegnati nella tua vacanza yoga?<span class=\"ez-toc-section-end\"><\/span><\/h2>\n\n\n\n<p>Siamo Stefano e Silvia, <strong>i tuoi insegnati di yoga <\/strong>(Certificati RYT 200 e RYT 250) e tiaccompagneremo durante questa splendida vacanza insieme. Siamo una coppia che trasmette due energie diverse e complementari nelle pratiche che proponiamo. Questo ci consente di offrirti un\u2019esperienza yoga unica, completa, rigenerante e formativa.<\/p>\n\n\n\n<p>Coltiviamo il desiderio che tutti possano godere di una vita orientata al benessere e alla crescita spirituale. Per questo, nel 2011 abbiamo fondato il <strong>centro di Yoga e Meditazione Santosha<\/strong>, affiliato all\u2019ASI-CONI e riconosciuto come scuola di formazione.<\/p>\n\n\n\n<p>Da 6 anni, <strong>organizziamo ritiri yoga<\/strong> molto apprezzati, dove potrai vivere un&#8217;esperienza indimenticabile, in compagnia di persone fantastiche che, come te, desiderano ritrovare il proprio equilibrio fisico, emozionare e spirituale.<\/p>\n\n\n\n<div class=\"wp-block-image\"><figure class=\"aligncenter size-full\"><a href=\"https:\/\/eventiyoga.it\/blog\/wp-content\/uploads\/2022\/06\/Yoga-Estate-con-Silvia-e-Stefano.jpeg\"><img decoding=\"async\" src=\"data:image\/gif;base64,R0lGODlhAQABAIAAAAAAAP\/\/\/yH5BAEAAAAALAAAAAABAAEAAAIBRAA7\" data-src=\"https:\/\/eventiyoga.it\/blog\/wp-content\/uploads\/2022\/06\/Yoga-Estate-con-Silvia-e-Stefano.jpeg\" alt=\"Yoga Estate con Silvia e Stefano\" class=\"wp-image-45291\"\/><noscript><img decoding=\"async\" src=\"https:\/\/eventiyoga.it\/blog\/wp-content\/uploads\/2022\/06\/Yoga-Estate-con-Silvia-e-Stefano.jpeg\" alt=\"Yoga Estate con Silvia e Stefano\" class=\"wp-image-45291\"\/><\/noscript><\/a><figcaption>Silvia Nardi e Stefano Celli<\/figcaption><\/figure><\/div>\n\n\n\n<h2 class=\"wp-block-heading\" id=\"h-che-tipo-di-yoga-viene-insegnato-devi-avere-esperienza\"><span class=\"ez-toc-section\" id=\"Che_tipo_di_Yoga_viene_insegnato_Devi_avere_esperienza\"><\/span>Che tipo di Yoga viene insegnato? Devi avere esperienza?<span class=\"ez-toc-section-end\"><\/span><\/h2>\n\n\n\n<p>I nostri ospiti vanno dal principiante al praticante esperto. Poich\u00e9 <strong>lo yoga \u00e8 un viaggio personale<\/strong>, ti guideremo attraverso una pratica adatta al tuo livello, in piena tranquillit\u00e0 e armonia. Vedrai che basteranno poche lezioni per riuscire a percepire i benefici che la pratica porta in tutto il corpo.<\/p>\n\n\n\n<p>La tua <strong>vacanza <a href=\"https:\/\/eventiyoga.it\/blog\/vacanza-ferragosto-yoga-benessere\/\">yoga<\/a><\/strong> <strong>per l&#8217;estate <\/strong>sar\u00e0 all\u2019insegna del benessere assoluto. Praticheremo insieme <strong>hata yoga e <a href=\"https:\/\/eventiyoga.it\/blog\/vinyasa-flow-yoga-cose-benefici\/\">vinyasa flow<\/a><\/strong> yoga. Inseriremo alcuni elementi fluidi e armoniosi del <strong>flow yoga<\/strong>, alternando la pratica tra <strong>vinyasa<\/strong> (sequenza di posizioni dinamiche) e <strong>asana<\/strong> (posizione yoga).<\/p>\n\n\n\n<p>Attraverso <strong>la respirazione<\/strong>, <strong>visualizzazioni<\/strong> e <strong>affermazioni <\/strong>riuscirai a sviluppare maggiore consapevolezza dentro di te, maggiore forza e trasformazione. Imparerai a sintonizzarti con il naturale movimento del respiro e a manifestarlo in tutto il corpo e in ogni movimento. <strong>Sar\u00e0 un\u2019esperienza rinvigorente<\/strong>.<\/p>\n\n\n\n<p>Il nostro approccio alla vacanza e al <a href=\"https:\/\/eventiyoga.it\/blog\/ritiro-spirituale-yoga\/\">ritiro yoga<\/a> \u00e8 un modo <strong>eccellente per avvicinarsi a questa filosofia di vita<\/strong>, se ancora non la conosci. Mentre rappresenta <strong>un\u2019opportunit\u00e0 per chi \u00e8 pi\u00f9 esperto<\/strong> e vuole approfondire la propria pratica. Oltre a vivere un\u2019esperienza unica e ricca di attivit\u00e0.<\/p>\n\n\n\n<h2 class=\"wp-block-heading\" id=\"h-perch-dovresti-passare-una-vacanza-yoga-per-l-estate-con-noi\"><span class=\"ez-toc-section\" id=\"Perche_dovresti_passare_una_vacanza_yoga_per_lestate_con_noi\"><\/span>Perch\u00e9 dovresti passare una vacanza yoga per l&#8217;estate con noi?<span class=\"ez-toc-section-end\"><\/span><\/h2>\n\n\n\n<p><strong>Vivi un\u2019indimenticabile vacanza yoga rigenerante<\/strong>, <strong>divertente, leggera e rinfrescante<\/strong>, che ti arricchisce di nuove esperienze, amicizie, suoni e sapori. Ti aspettano giornate rilassanti e immerse nella freschezza della natura, nonostante la temperatura che d&#8217;estate, nelle ore pi\u00f9 calde, impedisce di stare sotto il sole. Nel mentre acquisisci le pratiche <a href=\"https:\/\/eventiyoga.it\/blog\/salute-e-benessere\/\">yoga per riequilibrare quel <strong>benessere<\/a> che permea corpo e mente<\/strong>.<\/p>\n\n\n\n<p>Pratica la meditazione e costruisci la via per una profonda consapevolezza di te, ma scopri anche nuovi modi per divertirti, con escursioni, passeggiate e trekking in luoghi incantevoli. \u00c8 anche l\u2019occasione perfetta per <strong>assaporare piatti deliziosi e nutrienti<\/strong> in compagnia di persone aperte a una visione della vita simile alla tua.<\/p>\n\n\n\n<p>Passa una settimana con noi all\u2019insegna dello yoga e del buon umore. Dopo solo pochi giorni, <strong>sentirai di poter iniziare un nuovo stile di vita<\/strong>. Iscriviti subito. Ti aspettiamo con gioia.<\/p>\n\n\n\n<p class=\"has-text-align-center\">Scegli la settimana migliore per te!<\/p>\n\n\n\n<p class=\"has-text-align-center\"><meta charset=\"utf-8\"><li><strong>Prima settimana<\/strong> \u2013 <a href=\"https:\/\/eventiyoga.it\/calendario\/evento-yoga-piglio-44780-5\/\" class=\"ek-link\">da domenica 7 agosto a sabato 13 agosto 2022<\/a><\/li><\/p>\n\n\n\n<p class=\"has-text-align-center\"><li><strong>Seconda settimana<\/strong> \u2013 <a href=\"https:\/\/eventiyoga.it\/calendario\/evento-yoga-piglio-44780-4\/\" class=\"ek-link\">da domenica 14 agosto a sabato 20 agosto 2022<\/a><\/li><\/p>\n\n\n\n<p class=\"has-text-align-center\"><li><strong>Terza settimana<\/strong> \u2013 <a href=\"https:\/\/eventiyoga.it\/calendario\/evento-yoga-piglio-44780-3\/\" class=\"ek-link\">da domenica 21 agosto a sabato 27 agosto 2022<\/a><\/li><\/p>\n\n\n\n<p class=\"has-text-align-center\"><li><strong>Quarta settimana<\/strong> \u2013 <a href=\"https:\/\/eventiyoga.it\/calendario\/evento-yoga-piglio-44780-2\/\" class=\"ek-link\">da domenica 28 agosto a sabato 03 settembre 2022<\/a><\/li><\/p>\n\n\n\n<p class=\"has-text-align-center\"><li><strong>Quinta settimana<\/strong> \u2013 <a href=\"https:\/\/eventiyoga.it\/calendario\/evento-yoga-piglio-44780\/\" class=\"ek-link\">da domenica 04 settembre a sabato 10 settembre 2022<\/a><\/li><\/p>\n\n\n\n<h2 class=\"wp-block-heading\"><span class=\"ez-toc-section\" id=\"Scarica_lApp_Eventi_Yoga\"><\/span>Scarica l\u2019App Eventi Yoga<span class=\"ez-toc-section-end\"><\/span><\/h2>\n\n\n\n<p>Il pi\u00f9 grande catalogo degli eventi di yoga in Italia di Eventiyoga.it sempre a portata di mano! Centinaia di vacanze, ritiri, viaggi e corsi di yoga per tutti i gusti da scegliere con un click. Per trovare la proposta ideale per te, prenotare subito e godere dei benefici della <a href=\"https:\/\/eventiyoga.it\/blog\/vacanze-yoga-italia-consigli\/\">vacanza yoga e meditazione in Italia<\/a> e altrove.<\/p>\n\n\n\n<p class=\"has-text-align-center\">Scarica ora l\u2019app EventiYoga<\/p>\n\n\n\n<figure class=\"wp-block-image\"><img decoding=\"async\" src=\"data:image\/gif;base64,R0lGODlhAQABAIAAAAAAAP\/\/\/yH5BAEAAAAALAAAAAABAAEAAAIBRAA7\" data-src=\"https:\/\/eventiyoga.it\/blog\/wp-content\/uploads\/2020\/09\/scarica_app_eventiyoga-1.jpg\" alt=\"Scegliere un ritiro yoga: scarica l'App EventiYoga per prenotare il tuo prossimo viaggio \" class=\"wp-image-23454\"\/><noscript><img loading=\"lazy\" decoding=\"async\" width=\"1024\" height=\"768\" src=\"https:\/\/eventiyoga.it\/blog\/wp-content\/uploads\/2020\/09\/scarica_app_eventiyoga-1.jpg\" alt=\"Scegliere un ritiro yoga: scarica l'App EventiYoga per prenotare il tuo prossimo viaggio \" class=\"wp-image-23454\" srcset=\"https:\/\/eventiyoga.it\/blog\/wp-content\/uploads\/2020\/09\/scarica_app_eventiyoga-1.jpg 1024w, https:\/\/eventiyoga.it\/blog\/wp-content\/uploads\/2020\/09\/scarica_app_eventiyoga-1-300x225.jpg 300w, https:\/\/eventiyoga.it\/blog\/wp-content\/uploads\/2020\/09\/scarica_app_eventiyoga-1-768x576.jpg 768w, https:\/\/eventiyoga.it\/blog\/wp-content\/uploads\/2020\/09\/scarica_app_eventiyoga-1-200x150.jpg 200w, https:\/\/eventiyoga.it\/blog\/wp-content\/uploads\/2020\/09\/scarica_app_eventiyoga-1-600x450.jpg 600w\" sizes=\"auto, (max-width: 1024px) 100vw, 1024px\" \/><\/noscript><\/figure>\n\n\n\n<p class=\"has-text-align-center\"><a href=\"https:\/\/apps.apple.com\/us\/app\/id1514783292\" target=\"_blank\" rel=\"noreferrer noopener\" class=\"ek-link\">App Eventi Yoga&nbsp;per&nbsp;iOS<\/a><\/p>\n\n\n\n<p class=\"has-text-align-center\"><a href=\"https:\/\/play.google.com\/store\/apps\/details?id=com.maugry.yoga\" target=\"_blank\" rel=\"noreferrer noopener\">App Eventi Yoga per Android<\/a><\/p>\n\n\n\n<h2 class=\"wp-block-heading\"><span class=\"ez-toc-section\" id=\"Calendario_Eventi_Yoga_online\"><\/span>Calendario Eventi Yoga online<span class=\"ez-toc-section-end\"><\/span><\/h2>\n\n\n\n<p>Puoi consultare il&nbsp;calendario eventi&nbsp;anche online con numerosi weekend, vacanze, ritiri e corsi yoga e meditazione.<\/p>\n\n\n\n<p>Cerca qui gli eventi yoga di tuo interesse.<\/p>\n\n\n\n<p><strong>EVENTI YOGA PER MESE<\/strong><\/p>\n\n\n\n<ul class=\"wp-block-list\"><li><a href=\"https:\/\/eventiyoga.it\/blog\/vacanze-workshop-yoga-e-benessere-gennaio\/\">Gennaio<\/a><\/li><li><a href=\"https:\/\/eventiyoga.it\/blog\/vacanze-workshop-yoga-e-benessere-gennaio\/\">Febbraio<\/a><\/li><li><a href=\"https:\/\/eventiyoga.it\/blog\/vacanze-seminari-workshop-yoga-benessere-marzo\/\">Marzo<\/a><\/li><li><a href=\"https:\/\/eventiyoga.it\/blog\/vacanze-seminari-workshop-yoga-benessere-marzo\/\">Aprile<\/a><\/li><li><a href=\"https:\/\/eventiyoga.it\/blog\/vacanze-seminari-workshop-yoga-benessere-marzo\/\">Maggio<\/a><\/li><li><a href=\"https:\/\/eventiyoga.it\/blog\/vacanze-seminari-workshop-yoga-benessere-marzo\/\">Giugno<\/a><\/li><li><a href=\"https:\/\/eventiyoga.it\/blog\/vacanze-seminari-workshop-yoga-benessere-marzo\/\">Luglio<\/a><\/li><li><a href=\"https:\/\/eventiyoga.it\/blog\/vacanze-yoga-e-benessere-luglio-offerte\/\">Agosto<\/a><\/li><li><a href=\"https:\/\/eventiyoga.it\/blog\/vacanze-yoga-e-benessere-luglio-offerte\/\">Settembre<\/a><\/li><li><a href=\"https:\/\/eventiyoga.it\/blog\/vacanze-yoga-e-benessere-luglio-offerte\/\">Ottobre<\/a><\/li><li><a href=\"https:\/\/eventiyoga.it\/blog\/vacanze-yoga-e-benessere-luglio-offerte\/\">Novembre<\/a><\/li><li><a href=\"https:\/\/eventiyoga.it\/blog\/vacanze-yoga-e-benessere-luglio-offerte\/\">Dicembre<\/a><\/li><\/ul>\n\n\n\n<h2 class=\"wp-block-heading\" id=\"h-altre-risorse-interessanti-per-te\"><span class=\"ez-toc-section\" id=\"Altre_risorse_interessanti_per_te\"><\/span>Altre risorse interessanti per te<span class=\"ez-toc-section-end\"><\/span><\/h2>\n\n\n\n<p><strong><a href=\"https:\/\/eventiyoga.it\/blog\/vacanze-yoga-in-lazio\/\" class=\"ek-link\">Vacanze Yoga in Lazio: offerte e destinazioni<\/a><\/strong><\/p>\n\n\n\n<p><a href=\"https:\/\/eventiyoga.it\/blog\/yoga-allaperto-consiglio-yoga-allaria-aperta\/\" class=\"ek-link\">Yoga all\u2019aperto: tutti i consigli per praticare yoga all\u2019aria aperta<\/a><\/p>\n\n\n\n<p><a href=\"https:\/\/eventiyoga.it\/blog\/yoga-e-salute\/\" class=\"ek-link\">Yoga e Salute: perch\u00e9 praticare yoga fa bene<\/a><\/p>\n\n\n\n<h2 class=\"wp-block-heading\" id=\"h-iscriviti-alla-newsletter\"><span class=\"ez-toc-section\" id=\"Iscriviti_alla_newsletter\"><\/span>Iscriviti alla newsletter<span class=\"ez-toc-section-end\"><\/span><\/h2>\n\n\n\n<p>Vuoi rimanere aggiornato sui prossimi soggiorni yoga in programma? Se la risposta \u00e8 s\u00ec,&nbsp;<strong>iscriviti subito alla nostra newsletter<\/strong>. Cos\u00ec avrai sempre aggiornamenti freschi freschi su tutte le regioni italiane (e l\u2019estero!).<\/p>\n\n\n\n<figure class=\"wp-block-image caption-align-center\"><a href=\"https:\/\/eventiyoga.it\/blog\/newsletter-eventi-yoga\/\"><img decoding=\"async\" src=\"data:image\/gif;base64,R0lGODlhAQABAIAAAAAAAP\/\/\/yH5BAEAAAAALAAAAAABAAEAAAIBRAA7\" data-src=\"https:\/\/eventiyoga.it\/blog\/wp-content\/uploads\/2019\/10\/Banner-Iscrizione-NL.jpg\" alt=\"Iscriviti alla Newsletter \u2013 Per te subito un Bonus!\" class=\"wp-image-16731\"\/><noscript><img decoding=\"async\" src=\"https:\/\/eventiyoga.it\/blog\/wp-content\/uploads\/2019\/10\/Banner-Iscrizione-NL.jpg\" alt=\"Iscriviti alla Newsletter \u2013 Per te subito un Bonus!\" class=\"wp-image-16731\"\/><\/noscript><\/a><figcaption>Iscriviti alla Newsletter \u2013 Per te subito un Bonus!<\/figcaption><\/figure>\n","protected":false},"excerpt":{"rendered":"<p>Lo yoga in estate. Hai mai provato quella sensazione di pace e leggerezza che permea ogni centimetro del tuo corpo e sboccia in un sorriso inaspettato? Dovresti cercarla, perch\u00e9 \u00e8 tua e gi\u00e0 la possiedi. Puoi ritrovarla e lasciare che le zavorre della quotidianit\u00e0 perdano peso e volino via, leggere come palloncini colorati. \u00c8 la [&hellip;]<\/p>\n","protected":false},"author":4,"featured_media":45388,"comment_status":"closed","ping_status":"closed","sticky":false,"template":"","format":"standard","meta":{"_acf_changed":false,"_editorskit_title_hidden":false,"_editorskit_reading_time":7,"_editorskit_is_block_options_detached":false,"_editorskit_block_options_position":"{}","footnotes":""},"categories":[43],"tags":[47,187],"class_list":["post-45179","post","type-post","status-publish","format-standard","has-post-thumbnail","hentry","category-shopping","tag-eventi-yoga","tag-vacanze-yoga"],"acf":[],"yoast_head":"<!-- This site is optimized with the Yoast SEO plugin v26.4 - https:\/\/yoast.com\/wordpress\/plugins\/seo\/ -->\n<title>Yoga Estate: riscopri tranquillit\u00e0 e benessere nella tua vacanza yoga<\/title>\n<meta name=\"description\" content=\"Prenota subito la tua vacanza YOGA ESTATE. Libera la tua gioiosa energia vitale e riequilibra corpo e mente. Vieni con noi a Piglio?\" \/>\n<meta name=\"robots\" content=\"index, follow, max-snippet:-1, max-image-preview:large, max-video-preview:-1\" \/>\n<link rel=\"canonical\" href=\"https:\/\/eventiyoga.it\/blog\/yoga-estate-riscopri-tranquillita-benessere-vacanza-yoga\/\" \/>\n<meta property=\"og:locale\" content=\"en_US\" \/>\n<meta property=\"og:type\" content=\"article\" \/>\n<meta property=\"og:title\" content=\"Yoga Estate: riscopri tranquillit\u00e0 e benessere nella tua vacanza yoga\" \/>\n<meta property=\"og:description\" content=\"Prenota subito la tua vacanza YOGA ESTATE. Libera la tua gioiosa energia vitale e riequilibra corpo e mente. Vieni con noi a Piglio?\" \/>\n<meta property=\"og:url\" content=\"https:\/\/eventiyoga.it\/blog\/yoga-estate-riscopri-tranquillita-benessere-vacanza-yoga\/\" \/>\n<meta property=\"og:site_name\" content=\"Eventi Yoga\" \/>\n<meta property=\"article:published_time\" content=\"2022-06-29T15:37:36+00:00\" \/>\n<meta property=\"article:modified_time\" content=\"2023-01-24T14:03:51+00:00\" \/>\n<meta property=\"og:image\" content=\"https:\/\/eventiyoga.it\/blog\/wp-content\/uploads\/2022\/06\/YOGA-IN-ESTATE-una-vacanza-yoga-BLOG-FACEBOOK.png\" \/>\n\t<meta property=\"og:image:width\" content=\"1024\" \/>\n\t<meta property=\"og:image:height\" content=\"768\" \/>\n\t<meta property=\"og:image:type\" content=\"image\/png\" \/>\n<meta name=\"author\" content=\"Elena Petrunina\" \/>\n<meta name=\"twitter:card\" content=\"summary_large_image\" \/>\n<meta name=\"twitter:label1\" content=\"Written by\" \/>\n\t<meta name=\"twitter:data1\" content=\"Elena Petrunina\" \/>\n\t<meta name=\"twitter:label2\" content=\"Est. reading time\" \/>\n\t<meta name=\"twitter:data2\" content=\"10 minutes\" \/>\n<script type=\"application\/ld+json\" class=\"yoast-schema-graph\">{\"@context\":\"https:\/\/schema.org\",\"@graph\":[{\"@type\":\"WebPage\",\"@id\":\"https:\/\/eventiyoga.it\/blog\/yoga-estate-riscopri-tranquillita-benessere-vacanza-yoga\/\",\"url\":\"https:\/\/eventiyoga.it\/blog\/yoga-estate-riscopri-tranquillita-benessere-vacanza-yoga\/\",\"name\":\"Yoga Estate: riscopri tranquillit\u00e0 e benessere nella tua vacanza yoga\",\"isPartOf\":{\"@id\":\"https:\/\/eventiyoga.it\/blog\/#website\"},\"primaryImageOfPage\":{\"@id\":\"https:\/\/eventiyoga.it\/blog\/yoga-estate-riscopri-tranquillita-benessere-vacanza-yoga\/#primaryimage\"},\"image\":{\"@id\":\"https:\/\/eventiyoga.it\/blog\/yoga-estate-riscopri-tranquillita-benessere-vacanza-yoga\/#primaryimage\"},\"thumbnailUrl\":\"https:\/\/eventiyoga.it\/blog\/wp-content\/uploads\/2022\/06\/YOGA-IN-ESTATE-una-vacanza-yoga-BLOG-FACEBOOK.png\",\"datePublished\":\"2022-06-29T15:37:36+00:00\",\"dateModified\":\"2023-01-24T14:03:51+00:00\",\"author\":{\"@id\":\"https:\/\/eventiyoga.it\/blog\/#\/schema\/person\/ff7e282f858c6f25b96e84f395450004\"},\"description\":\"Prenota subito la tua vacanza YOGA ESTATE. Libera la tua gioiosa energia vitale e riequilibra corpo e mente. Vieni con noi a Piglio?\",\"breadcrumb\":{\"@id\":\"https:\/\/eventiyoga.it\/blog\/yoga-estate-riscopri-tranquillita-benessere-vacanza-yoga\/#breadcrumb\"},\"inLanguage\":\"en-US\",\"potentialAction\":[{\"@type\":\"ReadAction\",\"target\":[\"https:\/\/eventiyoga.it\/blog\/yoga-estate-riscopri-tranquillita-benessere-vacanza-yoga\/\"]}]},{\"@type\":\"ImageObject\",\"inLanguage\":\"en-US\",\"@id\":\"https:\/\/eventiyoga.it\/blog\/yoga-estate-riscopri-tranquillita-benessere-vacanza-yoga\/#primaryimage\",\"url\":\"https:\/\/eventiyoga.it\/blog\/wp-content\/uploads\/2022\/06\/YOGA-IN-ESTATE-una-vacanza-yoga-BLOG-FACEBOOK.png\",\"contentUrl\":\"https:\/\/eventiyoga.it\/blog\/wp-content\/uploads\/2022\/06\/YOGA-IN-ESTATE-una-vacanza-yoga-BLOG-FACEBOOK.png\",\"width\":1024,\"height\":768,\"caption\":\"YOGA IN ESTATE una vacanza yoga - BLOG - FACEBOOK\"},{\"@type\":\"BreadcrumbList\",\"@id\":\"https:\/\/eventiyoga.it\/blog\/yoga-estate-riscopri-tranquillita-benessere-vacanza-yoga\/#breadcrumb\",\"itemListElement\":[{\"@type\":\"ListItem\",\"position\":1,\"name\":\"Home\",\"item\":\"https:\/\/eventiyoga.it\/blog\/\"},{\"@type\":\"ListItem\",\"position\":2,\"name\":\"Yoga Estate: riscopri tranquillit\u00e0 e benessere nella tua vacanza yoga\"}]},{\"@type\":\"WebSite\",\"@id\":\"https:\/\/eventiyoga.it\/blog\/#website\",\"url\":\"https:\/\/eventiyoga.it\/blog\/\",\"name\":\"Eventi Yoga\",\"description\":\"Il portale Italiano per gli eventi dello yoga\",\"potentialAction\":[{\"@type\":\"SearchAction\",\"target\":{\"@type\":\"EntryPoint\",\"urlTemplate\":\"https:\/\/eventiyoga.it\/blog\/?s={search_term_string}\"},\"query-input\":{\"@type\":\"PropertyValueSpecification\",\"valueRequired\":true,\"valueName\":\"search_term_string\"}}],\"inLanguage\":\"en-US\"},{\"@type\":\"Person\",\"@id\":\"https:\/\/eventiyoga.it\/blog\/#\/schema\/person\/ff7e282f858c6f25b96e84f395450004\",\"name\":\"Elena Petrunina\",\"image\":{\"@type\":\"ImageObject\",\"inLanguage\":\"en-US\",\"@id\":\"https:\/\/eventiyoga.it\/blog\/#\/schema\/person\/image\/\",\"url\":\"https:\/\/secure.gravatar.com\/avatar\/8760e76687c89b2c8f079a98b908a440b7152ebe9b0fc336b996432343253efe?s=96&d=mm&r=g\",\"contentUrl\":\"https:\/\/secure.gravatar.com\/avatar\/8760e76687c89b2c8f079a98b908a440b7152ebe9b0fc336b996432343253efe?s=96&d=mm&r=g\",\"caption\":\"Elena Petrunina\"},\"description\":\"Yoga Marketing Coach &amp; Fondatrice di EventiYoga.it, il portale che ha connesso migliaia di insegnanti con oltre 1 milione di praticanti yoga in Italia. Aiuto insegnanti yoga a definire la loro unicit\u00e0, farsi trovare dalle persone giuste e creare programmi e ritiri yoga trasformativi e altamente richiesti.\",\"url\":\"https:\/\/eventiyoga.it\/blog\/author\/elena-petrunina\/\"}]}<\/script>\n<!-- \/ Yoast SEO plugin. -->","yoast_head_json":{"title":"Yoga Estate: riscopri tranquillit\u00e0 e benessere nella tua vacanza yoga","description":"Prenota subito la tua vacanza YOGA ESTATE. Libera la tua gioiosa energia vitale e riequilibra corpo e mente. Vieni con noi a Piglio?","robots":{"index":"index","follow":"follow","max-snippet":"max-snippet:-1","max-image-preview":"max-image-preview:large","max-video-preview":"max-video-preview:-1"},"canonical":"https:\/\/eventiyoga.it\/blog\/yoga-estate-riscopri-tranquillita-benessere-vacanza-yoga\/","og_locale":"en_US","og_type":"article","og_title":"Yoga Estate: riscopri tranquillit\u00e0 e benessere nella tua vacanza yoga","og_description":"Prenota subito la tua vacanza YOGA ESTATE. Libera la tua gioiosa energia vitale e riequilibra corpo e mente. Vieni con noi a Piglio?","og_url":"https:\/\/eventiyoga.it\/blog\/yoga-estate-riscopri-tranquillita-benessere-vacanza-yoga\/","og_site_name":"Eventi Yoga","article_published_time":"2022-06-29T15:37:36+00:00","article_modified_time":"2023-01-24T14:03:51+00:00","og_image":[{"width":1024,"height":768,"url":"https:\/\/eventiyoga.it\/blog\/wp-content\/uploads\/2022\/06\/YOGA-IN-ESTATE-una-vacanza-yoga-BLOG-FACEBOOK.png","type":"image\/png"}],"author":"Elena Petrunina","twitter_card":"summary_large_image","twitter_misc":{"Written by":"Elena Petrunina","Est. reading time":"10 minutes"},"schema":{"@context":"https:\/\/schema.org","@graph":[{"@type":"WebPage","@id":"https:\/\/eventiyoga.it\/blog\/yoga-estate-riscopri-tranquillita-benessere-vacanza-yoga\/","url":"https:\/\/eventiyoga.it\/blog\/yoga-estate-riscopri-tranquillita-benessere-vacanza-yoga\/","name":"Yoga Estate: riscopri tranquillit\u00e0 e benessere nella tua vacanza yoga","isPartOf":{"@id":"https:\/\/eventiyoga.it\/blog\/#website"},"primaryImageOfPage":{"@id":"https:\/\/eventiyoga.it\/blog\/yoga-estate-riscopri-tranquillita-benessere-vacanza-yoga\/#primaryimage"},"image":{"@id":"https:\/\/eventiyoga.it\/blog\/yoga-estate-riscopri-tranquillita-benessere-vacanza-yoga\/#primaryimage"},"thumbnailUrl":"https:\/\/eventiyoga.it\/blog\/wp-content\/uploads\/2022\/06\/YOGA-IN-ESTATE-una-vacanza-yoga-BLOG-FACEBOOK.png","datePublished":"2022-06-29T15:37:36+00:00","dateModified":"2023-01-24T14:03:51+00:00","author":{"@id":"https:\/\/eventiyoga.it\/blog\/#\/schema\/person\/ff7e282f858c6f25b96e84f395450004"},"description":"Prenota subito la tua vacanza YOGA ESTATE. Libera la tua gioiosa energia vitale e riequilibra corpo e mente. Vieni con noi a Piglio?","breadcrumb":{"@id":"https:\/\/eventiyoga.it\/blog\/yoga-estate-riscopri-tranquillita-benessere-vacanza-yoga\/#breadcrumb"},"inLanguage":"en-US","potentialAction":[{"@type":"ReadAction","target":["https:\/\/eventiyoga.it\/blog\/yoga-estate-riscopri-tranquillita-benessere-vacanza-yoga\/"]}]},{"@type":"ImageObject","inLanguage":"en-US","@id":"https:\/\/eventiyoga.it\/blog\/yoga-estate-riscopri-tranquillita-benessere-vacanza-yoga\/#primaryimage","url":"https:\/\/eventiyoga.it\/blog\/wp-content\/uploads\/2022\/06\/YOGA-IN-ESTATE-una-vacanza-yoga-BLOG-FACEBOOK.png","contentUrl":"https:\/\/eventiyoga.it\/blog\/wp-content\/uploads\/2022\/06\/YOGA-IN-ESTATE-una-vacanza-yoga-BLOG-FACEBOOK.png","width":1024,"height":768,"caption":"YOGA IN ESTATE una vacanza yoga - BLOG - FACEBOOK"},{"@type":"BreadcrumbList","@id":"https:\/\/eventiyoga.it\/blog\/yoga-estate-riscopri-tranquillita-benessere-vacanza-yoga\/#breadcrumb","itemListElement":[{"@type":"ListItem","position":1,"name":"Home","item":"https:\/\/eventiyoga.it\/blog\/"},{"@type":"ListItem","position":2,"name":"Yoga Estate: riscopri tranquillit\u00e0 e benessere nella tua vacanza yoga"}]},{"@type":"WebSite","@id":"https:\/\/eventiyoga.it\/blog\/#website","url":"https:\/\/eventiyoga.it\/blog\/","name":"Eventi Yoga","description":"Il portale Italiano per gli eventi dello yoga","potentialAction":[{"@type":"SearchAction","target":{"@type":"EntryPoint","urlTemplate":"https:\/\/eventiyoga.it\/blog\/?s={search_term_string}"},"query-input":{"@type":"PropertyValueSpecification","valueRequired":true,"valueName":"search_term_string"}}],"inLanguage":"en-US"},{"@type":"Person","@id":"https:\/\/eventiyoga.it\/blog\/#\/schema\/person\/ff7e282f858c6f25b96e84f395450004","name":"Elena Petrunina","image":{"@type":"ImageObject","inLanguage":"en-US","@id":"https:\/\/eventiyoga.it\/blog\/#\/schema\/person\/image\/","url":"https:\/\/secure.gravatar.com\/avatar\/8760e76687c89b2c8f079a98b908a440b7152ebe9b0fc336b996432343253efe?s=96&d=mm&r=g","contentUrl":"https:\/\/secure.gravatar.com\/avatar\/8760e76687c89b2c8f079a98b908a440b7152ebe9b0fc336b996432343253efe?s=96&d=mm&r=g","caption":"Elena Petrunina"},"description":"Yoga Marketing Coach &amp; Fondatrice di EventiYoga.it, il portale che ha connesso migliaia di insegnanti con oltre 1 milione di praticanti yoga in Italia. Aiuto insegnanti yoga a definire la loro unicit\u00e0, farsi trovare dalle persone giuste e creare programmi e ritiri yoga trasformativi e altamente richiesti.","url":"https:\/\/eventiyoga.it\/blog\/author\/elena-petrunina\/"}]}},"_links":{"self":[{"href":"https:\/\/eventiyoga.it\/blog\/wp-json\/wp\/v2\/posts\/45179","targetHints":{"allow":["GET"]}}],"collection":[{"href":"https:\/\/eventiyoga.it\/blog\/wp-json\/wp\/v2\/posts"}],"about":[{"href":"https:\/\/eventiyoga.it\/blog\/wp-json\/wp\/v2\/types\/post"}],"author":[{"embeddable":true,"href":"https:\/\/eventiyoga.it\/blog\/wp-json\/wp\/v2\/users\/4"}],"replies":[{"embeddable":true,"href":"https:\/\/eventiyoga.it\/blog\/wp-json\/wp\/v2\/comments?post=45179"}],"version-history":[{"count":0,"href":"https:\/\/eventiyoga.it\/blog\/wp-json\/wp\/v2\/posts\/45179\/revisions"}],"wp:featuredmedia":[{"embeddable":true,"href":"https:\/\/eventiyoga.it\/blog\/wp-json\/wp\/v2\/media\/45388"}],"wp:attachment":[{"href":"https:\/\/eventiyoga.it\/blog\/wp-json\/wp\/v2\/media?parent=45179"}],"wp:term":[{"taxonomy":"category","embeddable":true,"href":"https:\/\/eventiyoga.it\/blog\/wp-json\/wp\/v2\/categories?post=45179"},{"taxonomy":"post_tag","embeddable":true,"href":"https:\/\/eventiyoga.it\/blog\/wp-json\/wp\/v2\/tags?post=45179"}],"curies":[{"name":"wp","href":"https:\/\/api.w.org\/{rel}","templated":true}]}}