{"id":47053,"date":"2024-01-10T08:12:00","date_gmt":"2024-01-10T07:12:00","guid":{"rendered":"https:\/\/eventiyoga.it\/blog\/?p=47053"},"modified":"2025-12-13T13:14:50","modified_gmt":"2025-12-13T12:14:50","slug":"offerte-week-end","status":"publish","type":"post","link":"https:\/\/eventiyoga.it\/blog\/offerte-week-end\/","title":{"rendered":"Offerte week end benessere e yoga in Italia"},"content":{"rendered":"\n<p>Per rigenerarsi non \u00e8 necessario dover fare un viaggio in lidi lontani o prendersi un tempo lungo. A volte basta staccare anche solo per un paio di giorni, purch\u00e9 si vada in <strong>un luogo che faccia stare bene<\/strong> e soprattutto si faccia qualcosa per noi stessi. Sar\u00e0 capitato anche a te di trascorrere un fine settimana da qualche parte e dire &#8220;ci voleva proprio, mi sento rinato&#8221;. E se pratichi yoga cosa c&#8217;\u00e8 di meglio di passare qualche giorno con persone che condividono il tuo stesso interesse lontano dal caos? In questo articolo vediamo quali sono i benefici e le <a href=\"https:\/\/eventiyoga.it\/blog\/offerte-week-end-pasqua\/\" class=\"ek-link\">offerte week end<\/a> benessere e yoga in Italia. Tieni la valigia pronta e a portata di mano, non \u00e8 detto che leggendo tu possa trovare quel che fa al caso tuo e partire&#8230; <\/p>\n\n\n\n<hr class=\"wp-block-separator has-text-color has-white-color has-css-opacity has-white-background-color has-background\"\/>\n\n\n\n<div id=\"ez-toc-container\" class=\"ez-toc-v2_0_68_1 counter-hierarchy ez-toc-counter ez-toc-grey ez-toc-container-direction\">\n<div class=\"ez-toc-title-container\">\n<p class=\"ez-toc-title \" >Indice<\/p>\n<span class=\"ez-toc-title-toggle\"><a href=\"#\" class=\"ez-toc-pull-right ez-toc-btn ez-toc-btn-xs ez-toc-btn-default ez-toc-toggle\" aria-label=\"Toggle Table of Content\"><span class=\"ez-toc-js-icon-con\"><span class=\"\"><span class=\"eztoc-hide\" style=\"display:none;\">Toggle<\/span><span class=\"ez-toc-icon-toggle-span\"><svg style=\"fill: #999;color:#999\" xmlns=\"http:\/\/www.w3.org\/2000\/svg\" class=\"list-377408\" width=\"20px\" height=\"20px\" viewBox=\"0 0 24 24\" fill=\"none\"><path d=\"M6 6H4v2h2V6zm14 0H8v2h12V6zM4 11h2v2H4v-2zm16 0H8v2h12v-2zM4 16h2v2H4v-2zm16 0H8v2h12v-2z\" fill=\"currentColor\"><\/path><\/svg><svg style=\"fill: #999;color:#999\" class=\"arrow-unsorted-368013\" xmlns=\"http:\/\/www.w3.org\/2000\/svg\" width=\"10px\" height=\"10px\" viewBox=\"0 0 24 24\" version=\"1.2\" baseProfile=\"tiny\"><path d=\"M18.2 9.3l-6.2-6.3-6.2 6.3c-.2.2-.3.4-.3.7s.1.5.3.7c.2.2.4.3.7.3h11c.3 0 .5-.1.7-.3.2-.2.3-.5.3-.7s-.1-.5-.3-.7zM5.8 14.7l6.2 6.3 6.2-6.3c.2-.2.3-.5.3-.7s-.1-.5-.3-.7c-.2-.2-.4-.3-.7-.3h-11c-.3 0-.5.1-.7.3-.2.2-.3.5-.3.7s.1.5.3.7z\"\/><\/svg><\/span><\/span><\/span><\/a><\/span><\/div>\n<nav><ul class='ez-toc-list ez-toc-list-level-1 ' ><li class='ez-toc-page-1 ez-toc-heading-level-2'><a class=\"ez-toc-link ez-toc-heading-1\" href=\"https:\/\/eventiyoga.it\/blog\/offerte-week-end\/#Benefici_del_week_end\" title=\"Benefici del week end\">Benefici del week end<\/a><\/li><li class='ez-toc-page-1 ez-toc-heading-level-2'><a class=\"ez-toc-link ez-toc-heading-2\" href=\"https:\/\/eventiyoga.it\/blog\/offerte-week-end\/#Benefici_week_end_con_lo_yoga\" title=\"Benefici week end con lo yoga\">Benefici week end con lo yoga<\/a><\/li><li class='ez-toc-page-1 ez-toc-heading-level-2'><a class=\"ez-toc-link ez-toc-heading-3\" href=\"https:\/\/eventiyoga.it\/blog\/offerte-week-end\/#Week_end_Italia_dove_andare_due_giorni_in_vacanza\" title=\"Week end Italia: dove andare due giorni in vacanza\">Week end Italia: dove andare due giorni in vacanza<\/a><ul class='ez-toc-list-level-3' ><li class='ez-toc-heading-level-3'><a class=\"ez-toc-link ez-toc-heading-4\" href=\"https:\/\/eventiyoga.it\/blog\/offerte-week-end\/#Idee_per_week_end_yoga\" title=\"Idee per week end yoga\">Idee per week end yoga<\/a><\/li><li class='ez-toc-page-1 ez-toc-heading-level-3'><a class=\"ez-toc-link ez-toc-heading-5\" href=\"https:\/\/eventiyoga.it\/blog\/offerte-week-end\/#Idee_weekend_al_mare_e_nella_natura\" title=\"Idee weekend al mare e nella natura\">Idee weekend al mare e nella natura<\/a><\/li><li class='ez-toc-page-1 ez-toc-heading-level-3'><a class=\"ez-toc-link ez-toc-heading-6\" href=\"https:\/\/eventiyoga.it\/blog\/offerte-week-end\/#Idee_weekend_enogastronomici\" title=\"Idee weekend enogastronomici\">Idee weekend enogastronomici<\/a><\/li><\/ul><\/li><li class='ez-toc-page-1 ez-toc-heading-level-2'><a class=\"ez-toc-link ez-toc-heading-7\" href=\"https:\/\/eventiyoga.it\/blog\/offerte-week-end\/#8_destinazioni_per_un_week_end_di_relax\" title=\"8 destinazioni per un week end di relax\">8 destinazioni per un week end di relax<\/a><ul class='ez-toc-list-level-3' ><li class='ez-toc-heading-level-3'><a class=\"ez-toc-link ez-toc-heading-8\" href=\"https:\/\/eventiyoga.it\/blog\/offerte-week-end\/#Weekend_yoga_Liguria\" title=\"Weekend yoga Liguria\">Weekend yoga Liguria<\/a><\/li><li class='ez-toc-page-1 ez-toc-heading-level-3'><a class=\"ez-toc-link ez-toc-heading-9\" href=\"https:\/\/eventiyoga.it\/blog\/offerte-week-end\/#Weekend_yoga_Toscana\" title=\"Weekend yoga Toscana\">Weekend yoga Toscana<\/a><\/li><li class='ez-toc-page-1 ez-toc-heading-level-3'><a class=\"ez-toc-link ez-toc-heading-10\" href=\"https:\/\/eventiyoga.it\/blog\/offerte-week-end\/#Weekend_yoga_Marche\" title=\"Weekend yoga Marche\">Weekend yoga Marche<\/a><\/li><li class='ez-toc-page-1 ez-toc-heading-level-3'><a class=\"ez-toc-link ez-toc-heading-11\" href=\"https:\/\/eventiyoga.it\/blog\/offerte-week-end\/#Weekend_yoga_Veneto\" title=\"Weekend yoga Veneto\">Weekend yoga Veneto<\/a><\/li><li class='ez-toc-page-1 ez-toc-heading-level-3'><a class=\"ez-toc-link ez-toc-heading-12\" href=\"https:\/\/eventiyoga.it\/blog\/offerte-week-end\/#Weekend_yoga_Lombardia\" title=\"Weekend yoga Lombardia\">Weekend yoga Lombardia<\/a><\/li><li class='ez-toc-page-1 ez-toc-heading-level-3'><a class=\"ez-toc-link ez-toc-heading-13\" href=\"https:\/\/eventiyoga.it\/blog\/offerte-week-end\/#Weekend_yoga_Trentino_Alto_Adige\" title=\"Weekend yoga Trentino Alto Adige\">Weekend yoga Trentino Alto Adige<\/a><\/li><li class='ez-toc-page-1 ez-toc-heading-level-3'><a class=\"ez-toc-link ez-toc-heading-14\" href=\"https:\/\/eventiyoga.it\/blog\/offerte-week-end\/#Weekend_yoga_Piemonte\" title=\"Weekend yoga Piemonte\">Weekend yoga Piemonte<\/a><\/li><li class='ez-toc-page-1 ez-toc-heading-level-3'><a class=\"ez-toc-link ez-toc-heading-15\" href=\"https:\/\/eventiyoga.it\/blog\/offerte-week-end\/#Weekend_Lazio\" title=\"Weekend Lazio\">Weekend Lazio<\/a><\/li><li class='ez-toc-page-1 ez-toc-heading-level-3'><a class=\"ez-toc-link ez-toc-heading-16\" href=\"https:\/\/eventiyoga.it\/blog\/offerte-week-end\/#Weekend_in_Abruzzo\" title=\"Weekend in Abruzzo\">Weekend in Abruzzo<\/a><\/li><\/ul><\/li><li class='ez-toc-page-1 ez-toc-heading-level-2'><a class=\"ez-toc-link ez-toc-heading-17\" href=\"https:\/\/eventiyoga.it\/blog\/offerte-week-end\/#Come_trovare_offerte_week-end_yoga_su_Eventi_Yoga\" title=\"Come trovare offerte week-end yoga su Eventi Yoga?\">Come trovare offerte week-end yoga su Eventi Yoga?<\/a><\/li><\/ul><\/nav><\/div>\n<h2 class=\"wp-block-heading\" id=\"h-benefici-del-week-end\"><span class=\"ez-toc-section\" id=\"Benefici_del_week_end\"><\/span>Benefici del week end<span class=\"ez-toc-section-end\"><\/span><\/h2>\n\n\n\n<p>Prima di vedere da vicino le <strong><em>offerte week end Italia<\/em><\/strong>, cerchiamo di capire insieme i principali <strong>benefici del weekend<\/strong>. Innanzitutto <strong>il tempo tutto per te<\/strong>, prezioso come un tesoro. Un tempo in cui puoi scegliere cosa fare, dove andare e con chi stare, senza impegni o obblighi prestabiliti. <\/p>\n\n\n\n<p>In secondo luogo, la capacit\u00e0 del weekend di <strong>far staccare la spina a chiunque<\/strong>, di allontanare i pensieri e le preoccupazioni accumulati durante la settimana e consentire di <strong>ricaricarsi di nuova energia<\/strong>. <\/p>\n\n\n\n<p>Vivere il weekend come <strong>occasione per scoprire e imparare cose nuove<\/strong>, inoltre, \u00e8 un grande arricchimento personale, che d\u00e0 lo slancio per affrontare la settimana successiva e soprattutto per crearsi <strong>un interesse e un diversivo al di fuori della vita lavorativa. <\/strong><\/p>\n\n\n\n<hr class=\"wp-block-separator has-text-color has-white-color has-css-opacity has-white-background-color has-background\"\/>\n\n\n\n<h2 class=\"wp-block-heading\"><span class=\"ez-toc-section\" id=\"Benefici_week_end_con_lo_yoga\"><\/span>Benefici week end con lo yoga<span class=\"ez-toc-section-end\"><\/span><\/h2>\n\n\n\n<p>Ed eccoci ora ai benefici week end yoga. Il vantaggio pi\u00f9 grande, oltre a quelli gi\u00e0 visti sopra, \u00e8 <strong>la possibilit\u00e0 di migliorare la pratica yoga<\/strong>, grazie alla presenza di insegnanti competenti e qualificati e di praticanti con la voglia di imparare, proprio come te. Praticare in gruppo \u00e8 <strong>un&#8217;esperienza molto stimolante<\/strong>, perch\u00e9 ci si riconosce negli occhi degli altri e ci si confronta. <\/p>\n\n\n\n<p>I week end con lo yoga propongono pratiche intensive, ossia programmi in cui si <strong>pratica yoga e meditazione per tutto il fine settimana<\/strong>. Si pu\u00f2 quindi intuire con facilit\u00e0 che la pratica migliora in poco tempo, proprio perch\u00e9 ci si dedica solo a quello (e alle attivit\u00e0 connesse alla pratica stessa). <\/p>\n\n\n\n<p>Non \u00e8 tutto, approfittare di <strong><em>offerte week end benessere e yoga<\/em> <\/strong>significa poter usufruire di una <strong>bella parentesi antistress<\/strong>, di sperimentare cose nuove, di arricchire il proprio giro di conoscenze. Partecipare a weekend yoga signfica quindi <strong>scegliere se stessi e il proprio benessere<\/strong>. <\/p>\n\n\n\n<p>Precisiamo anche che i weekend yoga sono molto utili anche per i <a href=\"https:\/\/eventiyoga.it\/blog\/yoga-principianti\/\" class=\"ek-link\">principianti<\/a> e per coloro che non hanno mai praticato; rappresentano, infatti, un ottimo modo di fare un <strong>assaggio della pratica<\/strong>, capire se fa per te oppure no. <\/p>\n\n\n<div class=\"wp-block-image\">\n<figure class=\"aligncenter size-large\"><a href=\"https:\/\/eventiyoga.it\/blog\/wp-content\/uploads\/2022\/08\/8-Buoni-Motivi-per-Un-Weekend-Yoga-2.-EDUCATIONAL-IG.png\"><img decoding=\"async\" src=\"data:image\/gif;base64,R0lGODlhAQABAIAAAAAAAP\/\/\/yH5BAEAAAAALAAAAAABAAEAAAIBRAA7\" data-src=\"https:\/\/eventiyoga.it\/blog\/wp-content\/uploads\/2022\/08\/8-Buoni-Motivi-per-Un-Weekend-Yoga-2.-EDUCATIONAL-IG-1024x1024.png\" alt=\"offerte week end \" class=\"wp-image-47059\"\/><noscript><img decoding=\"async\" src=\"https:\/\/eventiyoga.it\/blog\/wp-content\/uploads\/2022\/08\/8-Buoni-Motivi-per-Un-Weekend-Yoga-2.-EDUCATIONAL-IG-1024x1024.png\" alt=\"offerte week end \" class=\"wp-image-47059\"\/><\/noscript><\/a><\/figure>\n<\/div>\n\n\n<h2 class=\"wp-block-heading\" id=\"h-week-end-italia-dove-andare-due-giorni-in-vacanza\"><span class=\"ez-toc-section\" id=\"Week_end_Italia_dove_andare_due_giorni_in_vacanza\"><\/span>Week end Italia: dove andare due giorni in vacanza<span class=\"ez-toc-section-end\"><\/span><\/h2>\n\n\n\n<p>Quante volte sei arrivato a met\u00e0 settimana esausto con la voglia di staccare ma non sapevi dove andare? Prima di vedere le mete, ricordiamo che i <strong>weekend yoga<\/strong>, in genere, sono organizzati in modo da offrire al partecipante il giusto equilibrio tra la pratica yoga e le attivit\u00e0 proprie del territorio che ospita il weekend stesso: sport, escursioni, visite culturali o enogastronomiche, etc. La pratica yoga si concentra su un determinato stile yoga o su pi\u00f9 stili. Tra le combinazioni pi\u00f9 gettonate: <strong>weekend <\/strong><a href=\"https:\/\/eventiyoga.it\/blog\/vacanze-meditazione\/\">yoga e meditazione<\/a> e <strong>weekend yoga e relax<\/strong>.<\/p>\n\n\n\n<hr class=\"wp-block-separator has-text-color has-white-color has-css-opacity has-white-background-color has-background\"\/>\n\n\n\n<!-- TrustBox widget - Mini -->\n<div class=\"trustpilot-widget\" data-locale=\"it-IT\" data-template-id=\"53aa8807dec7e10d38f59f32\" data-businessunit-id=\"621e645e1c43ae269a8f761a\" data-style-height=\"150px\" data-style-width=\"100%\" data-theme=\"light\">\n  <a href=\"https:\/\/it.trustpilot.com\/review\/eventiyoga.it\" target=\"_blank\" rel=\"noopener\">Trustpilot<\/a>\n<\/div>\n<!-- End TrustBox widget -->\n\n\n\n<h3 class=\"wp-block-heading\"><span class=\"ez-toc-section\" id=\"Idee_per_week_end_yoga\"><\/span>Idee per week end yoga <span class=\"ez-toc-section-end\"><\/span><\/h3>\n\n\n\n<h4 class=\"wp-block-heading\" id=\"h-weekend-da-dedicare-alla-cultura\">Weekend da dedicare alla cultura<\/h4>\n\n\n\n<p>Due o tre giorni sono ideali per andare alla scoperta delle citt\u00e0 d\u2019arte di cui \u00e8 costellato il Paese, da Firenze a Venezia, <strong>idee weekend in Toscana<\/strong> e <strong>idee per<\/strong> <strong>il weekend in Veneto<\/strong>. Non possiamo ricordare <strong>Bergamo e Brescia<\/strong>, nominate Capitale Italiana della Cultura 2023. <\/p>\n\n\n\n<p>Rimanendo sempre sugli appuntamenti culturali, citiamo le <strong><a href=\"https:\/\/www.fondoambiente.it\/\" target=\"_blank\" rel=\"noreferrer noopener\">Giornate Fai-<\/a><\/strong>Fondo Ambiente Italiano, occasione preziosa per scoprire luoghi speciali, ricchi di storia, tradizione.<\/p>\n\n\n\n<div class=\"wp-block-media-text alignwide is-stacked-on-mobile\"><figure class=\"wp-block-media-text__media\"><img decoding=\"async\" src=\"data:image\/gif;base64,R0lGODlhAQABAIAAAAAAAP\/\/\/yH5BAEAAAAALAAAAAABAAEAAAIBRAA7\" data-src=\"https:\/\/eventiyoga.it\/blog\/wp-content\/uploads\/2020\/12\/Vacanze-Italia-Firenze.png\" alt=\"Firenze, Toscana\" class=\"wp-image-25912 size-full\"\/><noscript><img decoding=\"async\" src=\"https:\/\/eventiyoga.it\/blog\/wp-content\/uploads\/2020\/12\/Vacanze-Italia-Firenze.png\" alt=\"Firenze, Toscana\" class=\"wp-image-25912 size-full\"\/><\/noscript><\/figure><div class=\"wp-block-media-text__content\">\n<p class=\"has-large-font-size\">Firenze, Toscana<\/p>\n<\/div><\/div>\n\n\n\n<h4 class=\"wp-block-heading\" id=\"h-idee-weekend-per-chi-pratica-sport\">Idee weekend per chi pratica sport<\/h4>\n\n\n\n<p>Numerosissime le <strong>idee weekend a tema sportivo<\/strong>: a seconda della stagione si pu\u00f2 optare per lo sci e lo sci di fondo, ottima occasione per un weekend in Trentino, oppure per <strong>escursioni in montagna<\/strong>. E come non citare i runner? La <a href=\"https:\/\/eventiyoga.it\/blog\/yoga-corsa-la-sequenza-bene-ai-runners\/\">corsa<\/a> vanta un enorme seguito in tutto il Paese e il calendario di appuntamenti \u00e8 sempre molto fitto, con competizioni e maratone.<\/p>\n\n\n\n<p>E ancora, se sei un appassionato di bici, ecco un altro spunto per idee weekend: sono davvero infiniti gli <strong>itinerari ciclabili da percorrere sulle due<\/strong> ruote, in tutta Italia, spesso arricchiti da un\u2019offerta ricettiva ad hoc.<\/p>\n\n\n\n<div class=\"wp-block-media-text alignwide is-stacked-on-mobile\"><figure class=\"wp-block-media-text__media\"><img decoding=\"async\" src=\"data:image\/gif;base64,R0lGODlhAQABAIAAAAAAAP\/\/\/yH5BAEAAAAALAAAAAABAAEAAAIBRAA7\" data-src=\"https:\/\/eventiyoga.it\/blog\/wp-content\/uploads\/2020\/10\/Yoga-in-Montagna-Trentino-Alto-Adige.jpg\" alt=\"Yoga in Montagna - Trentino Alto Adige\" class=\"wp-image-40212 size-full\"\/><noscript><img decoding=\"async\" src=\"https:\/\/eventiyoga.it\/blog\/wp-content\/uploads\/2020\/10\/Yoga-in-Montagna-Trentino-Alto-Adige.jpg\" alt=\"Yoga in Montagna - Trentino Alto Adige\" class=\"wp-image-40212 size-full\"\/><\/noscript><\/figure><div class=\"wp-block-media-text__content\">\n<p class=\"has-large-font-size\">Trentino<\/p>\n<\/div><\/div>\n\n\n\n<h3 class=\"wp-block-heading\" id=\"h-idee-weekend-al-mare-e-nella-natura\"><span class=\"ez-toc-section\" id=\"Idee_weekend_al_mare_e_nella_natura\"><\/span>Idee weekend al mare e nella natura<span class=\"ez-toc-section-end\"><\/span><\/h3>\n\n\n\n<p>Tra le idee weekend pi\u00f9 gettonate di sempre, <strong>il grande classico del fine settimana al mare<\/strong>, per staccare la spina e perdersi in un orizzonte infinito.<\/p>\n\n\n\n<p>Le destinazioni sono molte, <strong>Liguria, Toscana, Romagna<\/strong>, fino a <strong>idee weekend in Sud Italia<\/strong>, per un\u2019esperienza breve ma capace di lasciare un ricordo duraturo.<\/p>\n\n\n\n<figure class=\"wp-block-gallery has-nested-images columns-default is-cropped wp-block-gallery-1 is-layout-flex wp-block-gallery-is-layout-flex\">\n<figure class=\"wp-block-image size-large\"><a href=\"https:\/\/eventiyoga.it\/blog\/wp-content\/uploads\/2022\/07\/vacanze-yoga-in-Calabria-San-Nicola-Arcella.png\"><img decoding=\"async\" data-id=\"45873\" src=\"data:image\/gif;base64,R0lGODlhAQABAIAAAAAAAP\/\/\/yH5BAEAAAAALAAAAAABAAEAAAIBRAA7\" data-src=\"https:\/\/eventiyoga.it\/blog\/wp-content\/uploads\/2022\/07\/vacanze-yoga-in-Calabria-San-Nicola-Arcella.png\" alt=\"vacanze yoga in Calabria - San Nicola Arcella\" class=\"wp-image-45873\"\/><noscript><img decoding=\"async\" data-id=\"45873\" src=\"https:\/\/eventiyoga.it\/blog\/wp-content\/uploads\/2022\/07\/vacanze-yoga-in-Calabria-San-Nicola-Arcella.png\" alt=\"vacanze yoga in Calabria - San Nicola Arcella\" class=\"wp-image-45873\"\/><\/noscript><\/a><\/figure>\n\n\n\n<figure class=\"wp-block-image size-large\"><a href=\"https:\/\/eventiyoga.it\/blog\/wp-content\/uploads\/2022\/07\/vacanze-yoga-in-Calabria-Tropea-1.png\"><img decoding=\"async\" data-id=\"45881\" src=\"data:image\/gif;base64,R0lGODlhAQABAIAAAAAAAP\/\/\/yH5BAEAAAAALAAAAAABAAEAAAIBRAA7\" data-src=\"https:\/\/eventiyoga.it\/blog\/wp-content\/uploads\/2022\/07\/vacanze-yoga-in-Calabria-Tropea-1.png\" alt=\"vacanze yoga in Calabria - Tropea\" class=\"wp-image-45881\"\/><noscript><img decoding=\"async\" data-id=\"45881\" src=\"https:\/\/eventiyoga.it\/blog\/wp-content\/uploads\/2022\/07\/vacanze-yoga-in-Calabria-Tropea-1.png\" alt=\"vacanze yoga in Calabria - Tropea\" class=\"wp-image-45881\"\/><\/noscript><\/a><\/figure>\n\n\n\n<figure class=\"wp-block-image size-large\"><a href=\"https:\/\/eventiyoga.it\/blog\/wp-content\/uploads\/2021\/08\/Vacanze-Yoga-Liguria-5-terre.jpg\"><img decoding=\"async\" data-id=\"34051\" src=\"data:image\/gif;base64,R0lGODlhAQABAIAAAAAAAP\/\/\/yH5BAEAAAAALAAAAAABAAEAAAIBRAA7\" data-src=\"https:\/\/eventiyoga.it\/blog\/wp-content\/uploads\/2021\/08\/Vacanze-Yoga-Liguria-5-terre.jpg\" alt=\"Vacanze-Yoga-Liguria-5-terre\" class=\"wp-image-34051\"\/><noscript><img decoding=\"async\" data-id=\"34051\" src=\"https:\/\/eventiyoga.it\/blog\/wp-content\/uploads\/2021\/08\/Vacanze-Yoga-Liguria-5-terre.jpg\" alt=\"Vacanze-Yoga-Liguria-5-terre\" class=\"wp-image-34051\"\/><\/noscript><\/a><\/figure>\n<\/figure>\n\n\n\n<p>Altro grande classico \u00e8 il <strong>weekend fuori porta in campagna<\/strong>, circondati dalla natura, vero \u201cbisogno\u201d soprattuto per chi vive in citt\u00e0.<\/p>\n\n\n\n<figure class=\"wp-block-gallery has-nested-images columns-default is-cropped wp-block-gallery-2 is-layout-flex wp-block-gallery-is-layout-flex\">\n<figure class=\"wp-block-image size-large\"><a href=\"https:\/\/eventiyoga.it\/blog\/wp-content\/uploads\/2021\/06\/palazzone-visuale-1.jpeg\"><img decoding=\"async\" data-id=\"32644\" src=\"data:image\/gif;base64,R0lGODlhAQABAIAAAAAAAP\/\/\/yH5BAEAAAAALAAAAAABAAEAAAIBRAA7\" data-src=\"https:\/\/eventiyoga.it\/blog\/wp-content\/uploads\/2021\/06\/palazzone-visuale-1.jpeg\" alt=\"Vacanze yoga in Toscana Respirando La Val d\u2019Orcia\" class=\"wp-image-32644\"\/><noscript><img decoding=\"async\" data-id=\"32644\" src=\"https:\/\/eventiyoga.it\/blog\/wp-content\/uploads\/2021\/06\/palazzone-visuale-1.jpeg\" alt=\"Vacanze yoga in Toscana Respirando La Val d\u2019Orcia\" class=\"wp-image-32644\"\/><\/noscript><\/a><\/figure>\n\n\n\n<figure class=\"wp-block-image size-large\"><a href=\"https:\/\/eventiyoga.it\/blog\/wp-content\/uploads\/2022\/04\/Pale-di-San-Martino-Vacanze-Yoga-in-Trentino.png\"><img decoding=\"async\" data-id=\"41518\" src=\"data:image\/gif;base64,R0lGODlhAQABAIAAAAAAAP\/\/\/yH5BAEAAAAALAAAAAABAAEAAAIBRAA7\" data-src=\"https:\/\/eventiyoga.it\/blog\/wp-content\/uploads\/2022\/04\/Pale-di-San-Martino-Vacanze-Yoga-in-Trentino.png\" alt=\"Pale-di-San-Martino-Vacanze-Yoga-in-Trentino\" class=\"wp-image-41518\"\/><noscript><img decoding=\"async\" data-id=\"41518\" src=\"https:\/\/eventiyoga.it\/blog\/wp-content\/uploads\/2022\/04\/Pale-di-San-Martino-Vacanze-Yoga-in-Trentino.png\" alt=\"Pale-di-San-Martino-Vacanze-Yoga-in-Trentino\" class=\"wp-image-41518\"\/><\/noscript><\/a><\/figure>\n\n\n\n<figure class=\"wp-block-image size-large\"><a href=\"https:\/\/eventiyoga.it\/blog\/wp-content\/uploads\/2020\/10\/WhatsApp-Image-2020-07-29-at-08.22.09-1024x768.jpeg\"><img decoding=\"async\" data-id=\"31161\" src=\"data:image\/gif;base64,R0lGODlhAQABAIAAAAAAAP\/\/\/yH5BAEAAAAALAAAAAABAAEAAAIBRAA7\" data-src=\"https:\/\/eventiyoga.it\/blog\/wp-content\/uploads\/2020\/10\/WhatsApp-Image-2020-07-29-at-08.22.09-1024x768.jpeg\" alt=\"Yoga e Meditazione in Montagna in Abruzzo\" class=\"wp-image-31161\"\/><noscript><img decoding=\"async\" data-id=\"31161\" src=\"https:\/\/eventiyoga.it\/blog\/wp-content\/uploads\/2020\/10\/WhatsApp-Image-2020-07-29-at-08.22.09-1024x768.jpeg\" alt=\"Yoga e Meditazione in Montagna in Abruzzo\" class=\"wp-image-31161\"\/><\/noscript><\/a><\/figure>\n<\/figure>\n\n\n\n<h3 class=\"wp-block-heading\" id=\"h-idee-weekend-enogastronomici\"><span class=\"ez-toc-section\" id=\"Idee_weekend_enogastronomici\"><\/span>Idee weekend enogastronomici<span class=\"ez-toc-section-end\"><\/span><\/h3>\n\n\n\n<p>Siamo in Italia, la fuga dalla citt\u00e0 alla scoperta dei sapori \u00e8 nel nostro DNA. E ci piace vincere facile, grazie a una variet\u00e0 davvero unica.<\/p>\n\n\n\n<p>Ma non \u00e8 tutto: la sete di esperienze enogastronomiche \u00e8 alimentata ulteriormente dall\u2019enorme offerta di <strong>festival e rassegne<\/strong> a tema: non c\u2019\u00e8 regione e non c\u2019\u00e8 stagione che non offra sagre e manifestazioni alla scoperta della specialit\u00e0 locale.<\/p>\n\n\n\n<p>Parlando di enogastronomia, \u00e8 d\u2019obbligo citare un\u2019idea intramontabile per un weekend in autunno, la pi\u00f9 tradizionale tra le <strong>idee weekend Piemonte<\/strong><a href=\"https:\/\/eventiyoga.it\/blog\/yoga-in-piemonte\/\">:<\/a> <strong>un fine settimana nelle Langhe<\/strong>, con visite alle cantine di Barolo e Barbaresco e tappa ad Alba per il tartufo d\u2019Alba.<\/p>\n\n\n\n<div class=\"wp-block-media-text alignwide is-stacked-on-mobile\"><figure class=\"wp-block-media-text__media\"><img decoding=\"async\" src=\"data:image\/gif;base64,R0lGODlhAQABAIAAAAAAAP\/\/\/yH5BAEAAAAALAAAAAABAAEAAAIBRAA7\" data-src=\"https:\/\/eventiyoga.it\/blog\/wp-content\/uploads\/2022\/03\/Yoga-in-Piemonte-Le-Langhe.jpg\" alt=\"Yoga in Piemonte - Le Langhe\" class=\"wp-image-41199 size-full\"\/><noscript><img decoding=\"async\" src=\"https:\/\/eventiyoga.it\/blog\/wp-content\/uploads\/2022\/03\/Yoga-in-Piemonte-Le-Langhe.jpg\" alt=\"Yoga in Piemonte - Le Langhe\" class=\"wp-image-41199 size-full\"\/><\/noscript><\/figure><div class=\"wp-block-media-text__content\">\n<p class=\"has-large-font-size\">Le Lange, <a href=\"https:\/\/eventiyoga.it\/blog\/vacanza-in-montagna-piemonte-linea-del-drago\/\" class=\"ek-link\">Piemonte<\/a><\/p>\n<\/div><\/div>\n\n\n\n<h2 class=\"wp-block-heading\"><span class=\"ez-toc-section\" id=\"8_destinazioni_per_un_week_end_di_relax\"><\/span>8 destinazioni per un week end di relax<span class=\"ez-toc-section-end\"><\/span><\/h2>\n\n\n\n<p>Ogni destinazione ha il suo perch\u00e9. Qui di seguito le pi\u00f9 richieste in Italia e le <a href=\"https:\/\/eventiyoga.it\/blog\/offerte-week-end-mare\/\" class=\"ek-link\">offerte week end mare<\/a> e montagna. <\/p>\n\n\n\n<h3 class=\"wp-block-heading\" id=\"h-weekend-yoga-liguria\"><span class=\"ez-toc-section\" id=\"Weekend_yoga_Liguria\"><\/span>Weekend yoga Liguria<span class=\"ez-toc-section-end\"><\/span><\/h3>\n\n\n\n<p>Mare, monti, borghi pittoreschi. La Liguria \u00e8 la localit\u00e0 ideale per una tre giorni di yoga e relax in ogni stagione dell\u2019anno, non solo d\u2019estate.<\/p>\n\n\n\n<p>Ecco le 6 ragioni per passare un <strong>fine settimana di benessere in Liguria<\/strong>.<\/p>\n\n\n\n<ol class=\"wp-block-list\">\n<li>godere del meraviglioso mare<\/li>\n\n\n\n<li>ammirare la variet\u00e0 di paesaggi e luoghi caratteristici<\/li>\n\n\n\n<li>assaggiare il pesto genovese<\/li>\n\n\n\n<li>esplorare i borghi cesellati sulle colline<\/li>\n\n\n\n<li>praticare yoga nei posti nuovi e non ancora visitati<\/li>\n\n\n\n<li>ricaricarsi di bellezza e di energia!<\/li>\n<\/ol>\n\n\n\n<div class=\"wp-block-media-text alignwide is-stacked-on-mobile\"><figure class=\"wp-block-media-text__media\"><img decoding=\"async\" src=\"data:image\/gif;base64,R0lGODlhAQABAIAAAAAAAP\/\/\/yH5BAEAAAAALAAAAAABAAEAAAIBRAA7\" data-src=\"https:\/\/eventiyoga.it\/blog\/wp-content\/uploads\/2020\/08\/Prenditi-cura-di-te-Weekend-Yoga-in-Liguria-Laura-Bonomi.jpeg\" alt=\"Prenditi cura di te - Weekend Yoga in Liguria - Laura Bonomi\" class=\"wp-image-45672 size-full\"\/><noscript><img decoding=\"async\" src=\"https:\/\/eventiyoga.it\/blog\/wp-content\/uploads\/2020\/08\/Prenditi-cura-di-te-Weekend-Yoga-in-Liguria-Laura-Bonomi.jpeg\" alt=\"Prenditi cura di te - Weekend Yoga in Liguria - Laura Bonomi\" class=\"wp-image-45672 size-full\"\/><\/noscript><\/figure><div class=\"wp-block-media-text__content\">\n<p class=\"has-large-font-size\">Liguria<\/p>\n<\/div><\/div>\n\n\n\n<hr class=\"wp-block-separator has-text-color has-white-color has-css-opacity has-white-background-color has-background\"\/>\n\n\n\n<h4 class=\"wp-block-heading\" id=\"h-offerte-weekend-liguria\">Offerte weekend Liguria<\/h4>\n\n\n\n<hr class=\"wp-block-separator has-text-color has-white-color has-css-opacity has-white-background-color has-background\"\/>\n\n\n        <div class=\"yoga-events-container\">\n            <div class=\"yoga-events-list\">\n                                                        <div class=\"yoga-event-item\">\n                        <span class=\"event-day\">01 Maggio<\/span>\n                        <span class = \"yoga-location-text\">La Spezia<\/span>\n                        <a href=\"https:\/\/eventiyoga.it\/eventi-yoga\/rifiorire_weekend_yoga_nella_natura_sconto_fino_al_15_marzo-6335\" class=\"yoga-event-link \">&quot;RIFIORIRE&quot; Weekend Yoga nella Natura (sconto fino al 15 Marzo)<\/a>\n                    <\/div>\n                                                        <div class=\"yoga-event-item\">\n                        <span class=\"event-day\">01 Maggio<\/span>\n                        <span class = \"yoga-location-text\">Genova<\/span>\n                        <a href=\"https:\/\/eventiyoga.it\/eventi-yoga\/path_to_sadhana_6_mesi_di_mentorship-6356\" class=\"yoga-event-link \">Path to Sadhana \u2013 6 Mesi di Mentorship<\/a>\n                    <\/div>\n                                                        <div class=\"yoga-event-item\">\n                        <span class=\"event-day\">01 Maggio<\/span>\n                        <span class = \"yoga-location-text\">Genova<\/span>\n                        <a href=\"https:\/\/eventiyoga.it\/eventi-yoga\/yoga_e_meditazione_a_camogli-6513\" class=\"yoga-event-link \">Yoga e Meditazione a Camogli<\/a>\n                    <\/div>\n                                                        <div class=\"yoga-event-item\">\n                        <span class=\"event-day\">09 Maggio<\/span>\n                        <span class = \"yoga-location-text\">Savona<\/span>\n                        <a href=\"https:\/\/eventiyoga.it\/eventi-yoga\/ritiro_yoga_nel_bosco-6933\" class=\"yoga-event-link \">Ritiro Yoga nel Bosco<\/a>\n                    <\/div>\n                                                        <div class=\"yoga-event-item\">\n                        <span class=\"event-day\">15 Maggio<\/span>\n                        <span class = \"yoga-location-text\">Genova<\/span>\n                        <a href=\"https:\/\/eventiyoga.it\/eventi-yoga\/allevia_dolori_e_tensioni_con_movimenti_gentili-6396\" class=\"yoga-event-link \">Allevia Dolori e Tensioni con Movimenti Gentili<\/a>\n                    <\/div>\n                                                        <div class=\"yoga-event-item\">\n                        <span class=\"event-day\">15 Maggio<\/span>\n                        <span class = \"yoga-location-text\">Genova<\/span>\n                        <a href=\"https:\/\/eventiyoga.it\/eventi-yoga\/sollievo_per_ansia_e_dolori-6499\" class=\"yoga-event-link \">SOLLIEVO PER ANSIA e DOLORI<\/a>\n                    <\/div>\n                                                        <div class=\"yoga-event-item\">\n                        <span class=\"event-day\">22 Maggio<\/span>\n                        <span class = \"yoga-location-text\">Genova<\/span>\n                        <a href=\"https:\/\/eventiyoga.it\/eventi-yoga\/weekend_yoga_in_liguria_yoga_reset_il_tempo_di_ascoltarti-7093\" class=\"yoga-event-link \">Weekend Yoga in Liguria | Yoga Reset | il tempo di ascoltarti<\/a>\n                    <\/div>\n                                                        <div class=\"yoga-event-item\">\n                        <span class=\"event-day\">22 Maggio<\/span>\n                        <span class = \"yoga-location-text\">Genova<\/span>\n                        <a href=\"https:\/\/eventiyoga.it\/eventi-yoga\/weekend_yoga_e_trekking-7244\" class=\"yoga-event-link \">Weekend Yoga e Trekking <\/a>\n                    <\/div>\n                                                        <div class=\"yoga-event-item\">\n                        <span class=\"event-day\">29 Maggio<\/span>\n                        <span class = \"yoga-location-text\">Imperia<\/span>\n                        <a href=\"https:\/\/eventiyoga.it\/eventi-yoga\/yoga_onde_ritiro_in_liguria_al_mare-6775\" class=\"yoga-event-link \">Yoga &amp; Onde | Ritiro in Liguria al Mare<\/a>\n                    <\/div>\n                                                        <div class=\"yoga-event-item\">\n                        <span class=\"event-day\">29 Maggio<\/span>\n                        <span class = \"yoga-location-text\">Savona<\/span>\n                        <a href=\"https:\/\/eventiyoga.it\/eventi-yoga\/ritiro_nella_natura_selvaggia_liguria_cascina_marasca-7179\" class=\"yoga-event-link \">RITIRO NELLA NATURA SELVAGGIA - LIGURIA - CASCINA MARASCA<\/a>\n                    <\/div>\n                                                        <div class=\"yoga-event-item\">\n                        <span class=\"event-day\">30 Maggio<\/span>\n                        <span class = \"yoga-location-text\">Savona<\/span>\n                        <a href=\"https:\/\/eventiyoga.it\/eventi-yoga\/ritiro_yoga_e_mare_ponte_2_giugno_in_liguria-7037\" class=\"yoga-event-link \">Ritiro Yoga e Mare (ponte 2 Giugno) in Liguria<\/a>\n                    <\/div>\n                                                        <div class=\"yoga-event-item\">\n                        <span class=\"event-day\">30 Maggio<\/span>\n                        <span class = \"yoga-location-text\">Genova<\/span>\n                        <a href=\"https:\/\/eventiyoga.it\/eventi-yoga\/yoga_ayurveda_e_introduzione_a_kalaripayattu-7119\" class=\"yoga-event-link \">YOGA, AYURVEDA e INTRODUZIONE A KALARIPAYATTU<\/a>\n                    <\/div>\n                                                        <div class=\"yoga-event-item\">\n                        <span class=\"event-day\">31 Maggio<\/span>\n                        <span class = \"yoga-location-text\">Genova<\/span>\n                        <a href=\"https:\/\/eventiyoga.it\/eventi-yoga\/a_mare_yoga_retreat_per_fluire_come_le_onde-7125\" class=\"yoga-event-link \">A-Mare Yoga Retreat, per Fluire come le Onde <\/a>\n                    <\/div>\n                                                        <div class=\"yoga-event-item\">\n                        <span class=\"event-day\">31 Maggio<\/span>\n                        <span class = \"yoga-location-text\">Genova<\/span>\n                        <a href=\"https:\/\/eventiyoga.it\/eventi-yoga\/vacanza_yoga_e_ayurveda_al_mare_a_sestri_levante_in_liguria-6554\" class=\"yoga-event-link promoted\">Vacanza Yoga e Ayurveda al Mare a Sestri Levante in Liguria<\/a>\n                    <\/div>\n                                                        <div class=\"yoga-event-item\">\n                        <span class=\"event-day\">05 Giugno<\/span>\n                        <span class = \"yoga-location-text\">Imperia<\/span>\n                        <a href=\"https:\/\/eventiyoga.it\/eventi-yoga\/ritiro_yoga_relief_cielo_bordighera_liguria-7232\" class=\"yoga-event-link \">Ritiro Yoga Relief &quot;CIELO&quot; Bordighera Liguria<\/a>\n                    <\/div>\n                                                        <div class=\"yoga-event-item\">\n                        <span class=\"event-day\">12 Giugno<\/span>\n                        <span class = \"yoga-location-text\">Imperia<\/span>\n                        <a href=\"https:\/\/eventiyoga.it\/eventi-yoga\/la_via_del_centro_forza_e_apertura-7228\" class=\"yoga-event-link \">La Via del Centro: forza e apertura<\/a>\n                    <\/div>\n                                                        <div class=\"yoga-event-item\">\n                        <span class=\"event-day\">12 Giugno<\/span>\n                        <span class = \"yoga-location-text\">Genova<\/span>\n                        <a href=\"https:\/\/eventiyoga.it\/eventi-yoga\/terra_mantra_ashram_stay-7149\" class=\"yoga-event-link \">TERRA MANTRA ASHRAM STAY <\/a>\n                    <\/div>\n                                                        <div class=\"yoga-event-item\">\n                        <span class=\"event-day\">19 Giugno<\/span>\n                        <span class = \"yoga-location-text\">La Spezia<\/span>\n                        <a href=\"https:\/\/eventiyoga.it\/eventi-yoga\/yoga_trekking_in_liguria_5_terre-6528\" class=\"yoga-event-link \">Yoga &amp; Trekking in Liguria | 5 Terre <\/a>\n                    <\/div>\n                                                        <div class=\"yoga-event-item\">\n                        <span class=\"event-day\">19 Giugno<\/span>\n                        <span class = \"yoga-location-text\">Genova<\/span>\n                        <a href=\"https:\/\/eventiyoga.it\/eventi-yoga\/terra_mantra_ashram_stay-7151\" class=\"yoga-event-link \">TERRA MANTRA ASHRAM STAY<\/a>\n                    <\/div>\n                                                        <div class=\"yoga-event-item\">\n                        <span class=\"event-day\">02 Agosto<\/span>\n                        <span class = \"yoga-location-text\">Savona<\/span>\n                        <a href=\"https:\/\/eventiyoga.it\/eventi-yoga\/seminario_di_iyengar_yoga_a_isasco-6759\" class=\"yoga-event-link \">SEMINARIO DI IYENGAR YOGA\u00ae A ISASCO<\/a>\n                    <\/div>\n                                                        <div class=\"yoga-event-item\">\n                        <span class=\"event-day\">12 Agosto<\/span>\n                        <span class = \"yoga-location-text\">Savona<\/span>\n                        <a href=\"https:\/\/eventiyoga.it\/eventi-yoga\/seminario_di_iyengar_yoga_a_isasco-6761\" class=\"yoga-event-link \">SEMINARIO DI IYENGAR YOGA\u00ae A ISASCO<\/a>\n                    <\/div>\n                            <\/div>\n        <\/div>\n        \n\n\n\n<h3 class=\"wp-block-heading\" id=\"h-weekend-yoga-toscana\"><span class=\"ez-toc-section\" id=\"Weekend_yoga_Toscana\"><\/span>Weekend yoga Toscana<span class=\"ez-toc-section-end\"><\/span><\/h3>\n\n\n\n<p>Tutto ci\u00f2 che fa della Toscana una delle regioni italiane pi\u00f9 amate in tutto il mondo diventa l\u2019ingrediente perfetto per un weekend yoga: dai meravigliosi paesaggi alle citt\u00e0 d\u2019arte, dagli itinerari enogastronomici alla quiete della campagna.<\/p>\n\n\n\n<p>Ecco le 6 buoni ragioni per optare per <strong>un fine settimana di benessere in Toscana<\/strong>.<\/p>\n\n\n\n<ol class=\"wp-block-list\">\n<li>godere della variet\u00e0 di paesaggi: dalla campagna a perdita d\u2019occhio al mare blu, dalle montagne alle zone collinari<\/li>\n\n\n\n<li>esplorare le citt\u00e0 d\u2019arte e i borghi storici<\/li>\n\n\n\n<li>scoprire numerosi angoli di quiete dove praticare yoga immersi in una natura<\/li>\n\n\n\n<li>viziare il palato con i percorsi enogastronomici tra i pi\u00f9 rinomati d\u2019Italia<\/li>\n\n\n\n<li>beneficiare di un\u2019ampia scelta di strutture ricettive: per tutti i gusti e tutti i portafogli<\/li>\n\n\n\n<li>riempirsi di armonia e pace, energia e benessere.<\/li>\n<\/ol>\n\n\n\n<div class=\"wp-block-media-text alignwide is-stacked-on-mobile\"><figure class=\"wp-block-media-text__media\"><img decoding=\"async\" src=\"data:image\/gif;base64,R0lGODlhAQABAIAAAAAAAP\/\/\/yH5BAEAAAAALAAAAAABAAEAAAIBRAA7\" data-src=\"https:\/\/eventiyoga.it\/blog\/wp-content\/uploads\/2021\/03\/LE-VERSEGGE-foto-7.jpg\" alt=\"BENESSERE e YOGA in TOSCANA: Resort LE VERSEGGE\" class=\"wp-image-28016 size-full\"\/><noscript><img loading=\"lazy\" decoding=\"async\" width=\"1024\" height=\"684\" src=\"https:\/\/eventiyoga.it\/blog\/wp-content\/uploads\/2021\/03\/LE-VERSEGGE-foto-7.jpg\" alt=\"BENESSERE e YOGA in TOSCANA: Resort LE VERSEGGE\" class=\"wp-image-28016 size-full\" srcset=\"https:\/\/eventiyoga.it\/blog\/wp-content\/uploads\/2021\/03\/LE-VERSEGGE-foto-7.jpg 1024w, https:\/\/eventiyoga.it\/blog\/wp-content\/uploads\/2021\/03\/LE-VERSEGGE-foto-7-300x200.jpg 300w, https:\/\/eventiyoga.it\/blog\/wp-content\/uploads\/2021\/03\/LE-VERSEGGE-foto-7-768x513.jpg 768w, https:\/\/eventiyoga.it\/blog\/wp-content\/uploads\/2021\/03\/LE-VERSEGGE-foto-7-600x401.jpg 600w\" sizes=\"auto, (max-width: 1024px) 100vw, 1024px\" \/><\/noscript><\/figure><div class=\"wp-block-media-text__content\">\n<p class=\"has-large-font-size\">Toscana<\/p>\n<\/div><\/div>\n\n\n\n<hr class=\"wp-block-separator has-text-color has-white-color has-css-opacity has-white-background-color has-background\"\/>\n\n\n\n<h4 class=\"wp-block-heading\" id=\"h-offerte-weekend-toscana\"><meta charset=\"utf-8\">Offerte weekend Toscana<\/h4>\n\n\n\n<hr class=\"wp-block-separator has-text-color has-white-color has-css-opacity has-white-background-color has-background\"\/>\n\n\n        <div class=\"yoga-events-container\">\n            <div class=\"yoga-events-list\">\n                                                        <div class=\"yoga-event-item\">\n                        <span class=\"event-day\">01 Maggio<\/span>\n                        <span class = \"yoga-location-text\">Livorno<\/span>\n                        <a href=\"https:\/\/eventiyoga.it\/eventi-yoga\/ritiro_mindfulness_energy_awarenss_la_marea_interna-6991\" class=\"yoga-event-link \">Ritiro Mindfulness &amp; Energy Awarenss | La Marea Interna <\/a>\n                    <\/div>\n                                                        <div class=\"yoga-event-item\">\n                        <span class=\"event-day\">01 Maggio<\/span>\n                        <span class = \"yoga-location-text\">Arezzo<\/span>\n                        <a href=\"https:\/\/eventiyoga.it\/eventi-yoga\/ritiro_yoga_essenza_foreste_casentinesi-6911\" class=\"yoga-event-link \">Ritiro Yoga ESSENZA - Foreste Casentinesi<\/a>\n                    <\/div>\n                                                        <div class=\"yoga-event-item\">\n                        <span class=\"event-day\">01 Maggio<\/span>\n                        <span class = \"yoga-location-text\">Grosseto<\/span>\n                        <a href=\"https:\/\/eventiyoga.it\/eventi-yoga\/magica_toscana_la_tua_oasi_di_yoga_e_relax-6743\" class=\"yoga-event-link \">Magica Toscana: La Tua Oasi di Yoga e Relax<\/a>\n                    <\/div>\n                                                        <div class=\"yoga-event-item\">\n                        <span class=\"event-day\">01 Maggio<\/span>\n                        <span class = \"yoga-location-text\">Massa Carrara<\/span>\n                        <a href=\"https:\/\/eventiyoga.it\/eventi-yoga\/sulle_tracce_di_patan_jali_1_3_maggio_2026-7013\" class=\"yoga-event-link \">Sulle tracce di Patan\u0303jali | 1 - 3 maggio 2026<\/a>\n                    <\/div>\n                                                        <div class=\"yoga-event-item\">\n                        <span class=\"event-day\">01 Maggio<\/span>\n                        <span class = \"yoga-location-text\">Pisa<\/span>\n                        <a href=\"https:\/\/eventiyoga.it\/eventi-yoga\/la_danza_della_guerriera_kalaripayattu-7216\" class=\"yoga-event-link \">La Danza della Guerriera_Kalaripayattu<\/a>\n                    <\/div>\n                                                        <div class=\"yoga-event-item\">\n                        <span class=\"event-day\">01 Maggio<\/span>\n                        <span class = \"yoga-location-text\">Firenze<\/span>\n                        <a href=\"https:\/\/eventiyoga.it\/eventi-yoga\/1_maggio_di_ghiaccio_seminario_di_yoga_del_freddo_metodo_wim_hof_in_natura-7120\" class=\"yoga-event-link \">1\u00b0 Maggio di Ghiaccio | Seminario di Yoga del Freddo &amp; Metodo Wim Hof in Natura<\/a>\n                    <\/div>\n                                                        <div class=\"yoga-event-item\">\n                        <span class=\"event-day\">01 Maggio<\/span>\n                        <span class = \"yoga-location-text\">Livorno<\/span>\n                        <a href=\"https:\/\/eventiyoga.it\/eventi-yoga\/corso_di_cucina_ayurveda_e_alimentazione_consapevole-7313\" class=\"yoga-event-link \">Corso di cucina Ayurveda e Alimentazione Consapevole<\/a>\n                    <\/div>\n                                                        <div class=\"yoga-event-item\">\n                        <span class=\"event-day\">01 Maggio<\/span>\n                        <span class = \"yoga-location-text\">Massa Carrara<\/span>\n                        <a href=\"https:\/\/eventiyoga.it\/eventi-yoga\/yoga_ed_erboristeria_dei_quattro_elementi-6387\" class=\"yoga-event-link \">Yoga ed erboristeria dei Quattro Elementi<\/a>\n                    <\/div>\n                                                        <div class=\"yoga-event-item\">\n                        <span class=\"event-day\">08 Maggio<\/span>\n                        <span class = \"yoga-location-text\">Grosseto<\/span>\n                        <a href=\"https:\/\/eventiyoga.it\/eventi-yoga\/vacanza_yoga_e_mare_in_toscana-6744\" class=\"yoga-event-link promoted\">Vacanza Yoga e Mare in Toscana<\/a>\n                    <\/div>\n                                                        <div class=\"yoga-event-item\">\n                        <span class=\"event-day\">08 Maggio<\/span>\n                        <span class = \"yoga-location-text\">Pisa<\/span>\n                        <a href=\"https:\/\/eventiyoga.it\/eventi-yoga\/festa_della_mamma_a_pomaia-7116\" class=\"yoga-event-link \">Festa della mamma a Pomaia<\/a>\n                    <\/div>\n                                                        <div class=\"yoga-event-item\">\n                        <span class=\"event-day\">08 Maggio<\/span>\n                        <span class = \"yoga-location-text\">Grosseto<\/span>\n                        <a href=\"https:\/\/eventiyoga.it\/eventi-yoga\/yoga_legge_di_attrazione_08_10_maggio_in_toscana-6614\" class=\"yoga-event-link \">YOGA &amp; LEGGE di ATTRAZIONE 08-10 maggio in Toscana<\/a>\n                    <\/div>\n                                                        <div class=\"yoga-event-item\">\n                        <span class=\"event-day\">15 Maggio<\/span>\n                        <span class = \"yoga-location-text\">Livorno<\/span>\n                        <a href=\"https:\/\/eventiyoga.it\/eventi-yoga\/yoga_e_barca_a_vela-6988\" class=\"yoga-event-link \">Yoga e Barca a vela<\/a>\n                    <\/div>\n                                                        <div class=\"yoga-event-item\">\n                        <span class=\"event-day\">15 Maggio<\/span>\n                        <span class = \"yoga-location-text\">Livorno<\/span>\n                        <a href=\"https:\/\/eventiyoga.it\/eventi-yoga\/yoga_e_trekking_a_capraia-7044\" class=\"yoga-event-link \">Yoga e Trekking a Capraia<\/a>\n                    <\/div>\n                                                        <div class=\"yoga-event-item\">\n                        <span class=\"event-day\">20 Maggio<\/span>\n                        <span class = \"yoga-location-text\">Livorno<\/span>\n                        <a href=\"https:\/\/eventiyoga.it\/eventi-yoga\/yoga_e_storytrekking_isola_elba-7041\" class=\"yoga-event-link \">YOGA E STORYTREKKING ISOLA ELBA<\/a>\n                    <\/div>\n                                                        <div class=\"yoga-event-item\">\n                        <span class=\"event-day\">21 Maggio<\/span>\n                        <span class = \"yoga-location-text\">Livorno<\/span>\n                        <a href=\"https:\/\/eventiyoga.it\/eventi-yoga\/ra_ces_human_design_retreat_21_24_maggio_2026_toscana-6993\" class=\"yoga-event-link \">Ra\u00ecces - Human Design Retreat 21-24 Maggio 2026 \u2013 Toscana<\/a>\n                    <\/div>\n                                                        <div class=\"yoga-event-item\">\n                        <span class=\"event-day\">21 Maggio<\/span>\n                        <span class = \"yoga-location-text\">Livorno<\/span>\n                        <a href=\"https:\/\/eventiyoga.it\/eventi-yoga\/vela_yoga_e_trek_in_capraia-6867\" class=\"yoga-event-link \">VELA, YOGA E TREK IN CAPRAIA<\/a>\n                    <\/div>\n                                                        <div class=\"yoga-event-item\">\n                        <span class=\"event-day\">22 Maggio<\/span>\n                        <span class = \"yoga-location-text\">Livorno<\/span>\n                        <a href=\"https:\/\/eventiyoga.it\/eventi-yoga\/yogatrek_isola_d_elba_ritiro_yoga_e_trekking_in_toscana-7305\" class=\"yoga-event-link \">YOGATREK ISOLA D&#039;ELBA | Ritiro Yoga e Trekking in Toscana<\/a>\n                    <\/div>\n                                                        <div class=\"yoga-event-item\">\n                        <span class=\"event-day\">22 Maggio<\/span>\n                        <span class = \"yoga-location-text\">Grosseto<\/span>\n                        <a href=\"https:\/\/eventiyoga.it\/eventi-yoga\/merigar_yoga_retreat_2026_la_danza_dell_universo-7199\" class=\"yoga-event-link \">MERIGAR YOGA RETREAT 2026 | LA DANZA DELL\u2019UNIVERSO<\/a>\n                    <\/div>\n                                                        <div class=\"yoga-event-item\">\n                        <span class=\"event-day\">22 Maggio<\/span>\n                        <span class = \"yoga-location-text\">Grosseto<\/span>\n                        <a href=\"https:\/\/eventiyoga.it\/eventi-yoga\/ritorno_a_me_ritorno_all_essenza-6747\" class=\"yoga-event-link \">RITORNO A ME. RITORNO ALL&#039;ESSENZA.<\/a>\n                    <\/div>\n                                                        <div class=\"yoga-event-item\">\n                        <span class=\"event-day\">22 Maggio<\/span>\n                        <span class = \"yoga-location-text\">Grosseto<\/span>\n                        <a href=\"https:\/\/eventiyoga.it\/eventi-yoga\/ritiro_yoga_in_maremma-6506\" class=\"yoga-event-link \">Ritiro Yoga in Maremma <\/a>\n                    <\/div>\n                                                        <div class=\"yoga-event-item\">\n                        <span class=\"event-day\">29 Maggio<\/span>\n                        <span class = \"yoga-location-text\">Livorno<\/span>\n                        <a href=\"https:\/\/eventiyoga.it\/eventi-yoga\/ritiro_yoga_isola_d_elba_giugno_2026-6651\" class=\"yoga-event-link \">RITIRO YOGA ISOLA D&#039;ELBA GIUGNO 2026<\/a>\n                    <\/div>\n                                                        <div class=\"yoga-event-item\">\n                        <span class=\"event-day\">29 Maggio<\/span>\n                        <span class = \"yoga-location-text\">Livorno<\/span>\n                        <a href=\"https:\/\/eventiyoga.it\/eventi-yoga\/yoga_in_barca_avela_isole_toscane-5972\" class=\"yoga-event-link \">Yoga in Barca aVela Isole Toscane<\/a>\n                    <\/div>\n                                                        <div class=\"yoga-event-item\">\n                        <span class=\"event-day\">29 Maggio<\/span>\n                        <span class = \"yoga-location-text\">Livorno<\/span>\n                        <a href=\"https:\/\/eventiyoga.it\/eventi-yoga\/yoga_e_trekking_a_capraia_4_notti_sconti_fino_al_1_aprile-6066\" class=\"yoga-event-link \">Yoga e Trekking a Capraia \u2013 4 notti \u2013 sconti fino al 1 Aprile<\/a>\n                    <\/div>\n                                                        <div class=\"yoga-event-item\">\n                        <span class=\"event-day\">30 Maggio<\/span>\n                        <span class = \"yoga-location-text\">Livorno<\/span>\n                        <a href=\"https:\/\/eventiyoga.it\/eventi-yoga\/introduzione_al_kalaripayattu_la_millenaria_marziale_del_sud_dell_india-7211\" class=\"yoga-event-link \">Introduzione al kalaripayattu: la millenaria marziale del Sud dell&#039;India<\/a>\n                    <\/div>\n                                                        <div class=\"yoga-event-item\">\n                        <span class=\"event-day\">30 Maggio<\/span>\n                        <span class = \"yoga-location-text\">Firenze<\/span>\n                        <a href=\"https:\/\/eventiyoga.it\/eventi-yoga\/vacanza_yoga_degustazioni_more_in_toscana-6792\" class=\"yoga-event-link \">Vacanza Yoga, Degustazioni &amp; more in Toscana<\/a>\n                    <\/div>\n                                                        <div class=\"yoga-event-item\">\n                        <span class=\"event-day\">30 Maggio<\/span>\n                        <span class = \"yoga-location-text\">Livorno<\/span>\n                        <a href=\"https:\/\/eventiyoga.it\/eventi-yoga\/ritiro_meditazione_dzogchen_i_sette_addestramenti_mentali_di_longchenpa-6985\" class=\"yoga-event-link \">Ritiro Meditazione Dzogchen | I Sette Addestramenti Mentali di Longchenpa<\/a>\n                    <\/div>\n                                                        <div class=\"yoga-event-item\">\n                        <span class=\"event-day\">30 Maggio<\/span>\n                        <span class = \"yoga-location-text\">Livorno<\/span>\n                        <a href=\"https:\/\/eventiyoga.it\/eventi-yoga\/yoga_e_trekking_a_capraia_3_notti_sconto_fino_al_28_febbraio-6067\" class=\"yoga-event-link \">Yoga e Trekking a Capraia \u2013 3 notti \u2013 sconto fino al 28 Febbraio<\/a>\n                    <\/div>\n                                                        <div class=\"yoga-event-item\">\n                        <span class=\"event-day\">31 Maggio<\/span>\n                        <span class = \"yoga-location-text\">Livorno<\/span>\n                        <a href=\"https:\/\/eventiyoga.it\/eventi-yoga\/ashtanga_yoga_workshop-7190\" class=\"yoga-event-link \">Ashtanga Yoga Workshop<\/a>\n                    <\/div>\n                                                        <div class=\"yoga-event-item\">\n                        <span class=\"event-day\">03 Giugno<\/span>\n                        <span class = \"yoga-location-text\">Grosseto<\/span>\n                        <a href=\"https:\/\/eventiyoga.it\/eventi-yoga\/metamorfosi_di_un_emozione-6511\" class=\"yoga-event-link \">Metamorfosi di un\u2019emozione<\/a>\n                    <\/div>\n                                                        <div class=\"yoga-event-item\">\n                        <span class=\"event-day\">04 Giugno<\/span>\n                        <span class = \"yoga-location-text\">Livorno<\/span>\n                        <a href=\"https:\/\/eventiyoga.it\/eventi-yoga\/weekend_yoga_meditazione-6289\" class=\"yoga-event-link \">Weekend Yoga &amp; Meditazione<\/a>\n                    <\/div>\n                                                        <div class=\"yoga-event-item\">\n                        <span class=\"event-day\">04 Giugno<\/span>\n                        <span class = \"yoga-location-text\">Livorno<\/span>\n                        <a href=\"https:\/\/eventiyoga.it\/eventi-yoga\/weekend_yoga_meditazione-6290\" class=\"yoga-event-link \">Weekend Yoga &amp; Meditazione<\/a>\n                    <\/div>\n                                                        <div class=\"yoga-event-item\">\n                        <span class=\"event-day\">05 Giugno<\/span>\n                        <span class = \"yoga-location-text\">Livorno<\/span>\n                        <a href=\"https:\/\/eventiyoga.it\/eventi-yoga\/summer_reset-7264\" class=\"yoga-event-link \">SUMMER RESET<\/a>\n                    <\/div>\n                                                        <div class=\"yoga-event-item\">\n                        <span class=\"event-day\">05 Giugno<\/span>\n                        <span class = \"yoga-location-text\">Pisa<\/span>\n                        <a href=\"https:\/\/eventiyoga.it\/eventi-yoga\/yoga_ayurveda_prevenzione_quotidiana_stagionale_e_riequilibrio_ayurveda-6882\" class=\"yoga-event-link \">YOGA &amp; AYURVEDA - Prevenzione quotidiana, stagionale e riequilibrio ayurveda<\/a>\n                    <\/div>\n                                                        <div class=\"yoga-event-item\">\n                        <span class=\"event-day\">06 Giugno<\/span>\n                        <span class = \"yoga-location-text\">Grosseto<\/span>\n                        <a href=\"https:\/\/eventiyoga.it\/eventi-yoga\/vacanza_yoga_e_horsemanship-6574\" class=\"yoga-event-link \">Vacanza Yoga e Horsemanship<\/a>\n                    <\/div>\n                                                        <div class=\"yoga-event-item\">\n                        <span class=\"event-day\">09 Giugno<\/span>\n                        <span class = \"yoga-location-text\">Firenze<\/span>\n                        <a href=\"https:\/\/eventiyoga.it\/eventi-yoga\/brahma_muhurta_ritiro_intensivo_di_yoga_e_meditazione-7121\" class=\"yoga-event-link \">Brahma Muhurta: Ritiro Intensivo di Yoga e Meditazione<\/a>\n                    <\/div>\n                                                        <div class=\"yoga-event-item\">\n                        <span class=\"event-day\">18 Giugno<\/span>\n                        <span class = \"yoga-location-text\">Grosseto<\/span>\n                        <a href=\"https:\/\/eventiyoga.it\/eventi-yoga\/wellness_retreat_in_barca_a_vela-6361\" class=\"yoga-event-link \">WELLNESS RETREAT IN BARCA A VELA <\/a>\n                    <\/div>\n                                                        <div class=\"yoga-event-item\">\n                        <span class=\"event-day\">19 Giugno<\/span>\n                        <span class = \"yoga-location-text\">Firenze<\/span>\n                        <a href=\"https:\/\/eventiyoga.it\/eventi-yoga\/bhakti_yoga_festival_2026-7267\" class=\"yoga-event-link \">Bhakti Yoga Festival 2026<\/a>\n                    <\/div>\n                                                        <div class=\"yoga-event-item\">\n                        <span class=\"event-day\">19 Giugno<\/span>\n                        <span class = \"yoga-location-text\">Livorno<\/span>\n                        <a href=\"https:\/\/eventiyoga.it\/eventi-yoga\/ritiro_yoga_alternative_ashtanga_in_stile_mysore_con_joey_paz-6984\" class=\"yoga-event-link \">Ritiro Yoga | Alternative Ashtanga in stile Mysore con Joey Paz<\/a>\n                    <\/div>\n                                                        <div class=\"yoga-event-item\">\n                        <span class=\"event-day\">20 Giugno<\/span>\n                        <span class = \"yoga-location-text\">Livorno<\/span>\n                        <a href=\"https:\/\/eventiyoga.it\/eventi-yoga\/yoga_in_barca_a_vela_in_corsica-6281\" class=\"yoga-event-link \">Yoga in Barca a Vela in Corsica<\/a>\n                    <\/div>\n                                                        <div class=\"yoga-event-item\">\n                        <span class=\"event-day\">20 Giugno<\/span>\n                        <span class = \"yoga-location-text\">Grosseto<\/span>\n                        <a href=\"https:\/\/eventiyoga.it\/eventi-yoga\/vivi_l_incanto_della_toscana_yoga_mare_e_pace_interiore-7127\" class=\"yoga-event-link promoted\">Vivi l\u2019Incanto della Toscana: Yoga, Mare e Pace Interiore<\/a>\n                    <\/div>\n                                                        <div class=\"yoga-event-item\">\n                        <span class=\"event-day\">25 Giugno<\/span>\n                        <span class = \"yoga-location-text\">Grosseto<\/span>\n                        <a href=\"https:\/\/eventiyoga.it\/eventi-yoga\/ritiro_yoga_qi_gong_e_suono_in_toscana_body_vibes_experience_2026-7284\" class=\"yoga-event-link \">Ritiro Yoga, Qi Gong e Suono in Toscana | Body Vibes Experience 2026<\/a>\n                    <\/div>\n                                                        <div class=\"yoga-event-item\">\n                        <span class=\"event-day\">26 Giugno<\/span>\n                        <span class = \"yoga-location-text\">Grosseto<\/span>\n                        <a href=\"https:\/\/eventiyoga.it\/eventi-yoga\/vacanza_yoga_in_toscana_in_maremma_vacanza_studio_a_giugno-6627\" class=\"yoga-event-link \">Vacanza Yoga in Toscana in Maremma | Vacanza Studio a Giugno<\/a>\n                    <\/div>\n                                                        <div class=\"yoga-event-item\">\n                        <span class=\"event-day\">26 Giugno<\/span>\n                        <span class = \"yoga-location-text\">Livorno<\/span>\n                        <a href=\"https:\/\/eventiyoga.it\/eventi-yoga\/ritiro_yoga_scrittura_consapevole_e_mindfulness_in_toscana-7256\" class=\"yoga-event-link \">Ritiro yoga, scrittura consapevole e Mindfulness in Toscana<\/a>\n                    <\/div>\n                                                        <div class=\"yoga-event-item\">\n                        <span class=\"event-day\">26 Giugno<\/span>\n                        <span class = \"yoga-location-text\">Firenze<\/span>\n                        <a href=\"https:\/\/eventiyoga.it\/eventi-yoga\/gestalt_camp_ritiro_di_meditazione_e_crescita_personale-7178\" class=\"yoga-event-link \">Gestalt Camp | Ritiro di Meditazione e Crescita Personale<\/a>\n                    <\/div>\n                                                        <div class=\"yoga-event-item\">\n                        <span class=\"event-day\">26 Giugno<\/span>\n                        <span class = \"yoga-location-text\">Massa Carrara<\/span>\n                        <a href=\"https:\/\/eventiyoga.it\/eventi-yoga\/radici_di_luce_ritiro_di_yoga_mindfulness_ayurveda-7287\" class=\"yoga-event-link \">Radici di luce Ritiro di Yoga Mindfulness  Ayurveda<\/a>\n                    <\/div>\n                                                        <div class=\"yoga-event-item\">\n                        <span class=\"event-day\">26 Giugno<\/span>\n                        <span class = \"yoga-location-text\">Grosseto<\/span>\n                        <a href=\"https:\/\/eventiyoga.it\/eventi-yoga\/weekend_lungo_vacanza_studio_yoga_in_toscana-7122\" class=\"yoga-event-link \">WEEKEND LUNGO VACANZA STUDIO YOGA IN TOSCANA <\/a>\n                    <\/div>\n                                                        <div class=\"yoga-event-item\">\n                        <span class=\"event-day\">26 Giugno<\/span>\n                        <span class = \"yoga-location-text\">Grosseto<\/span>\n                        <a href=\"https:\/\/eventiyoga.it\/eventi-yoga\/weekend_yoga_in_toscana-7328\" class=\"yoga-event-link \">Weekend Yoga in Toscana<\/a>\n                    <\/div>\n                                                        <div class=\"yoga-event-item\">\n                        <span class=\"event-day\">27 Giugno<\/span>\n                        <span class = \"yoga-location-text\">Livorno<\/span>\n                        <a href=\"https:\/\/eventiyoga.it\/eventi-yoga\/yoga_e_vela_in_corsica_e_nell_arcipelago_toscano-6887\" class=\"yoga-event-link \">YOGA E VELA in Corsica e nell&#039;arcipelago toscano<\/a>\n                    <\/div>\n                                                        <div class=\"yoga-event-item\">\n                        <span class=\"event-day\">27 Giugno<\/span>\n                        <span class = \"yoga-location-text\">Grosseto<\/span>\n                        <a href=\"https:\/\/eventiyoga.it\/eventi-yoga\/onde_di_benessere_in_toscana_la_tua_vacanza_yoga_nel_paradiso-7130\" class=\"yoga-event-link promoted\">Onde di Benessere in Toscana: La Tua Vacanza Yoga nel Paradiso<\/a>\n                    <\/div>\n                                                        <div class=\"yoga-event-item\">\n                        <span class=\"event-day\">27 Giugno<\/span>\n                        <span class = \"yoga-location-text\">Siena<\/span>\n                        <a href=\"https:\/\/eventiyoga.it\/eventi-yoga\/rilassati_nelle_colline_senesi-7257\" class=\"yoga-event-link \">Rilassati nelle Colline Senesi<\/a>\n                    <\/div>\n                            <\/div>\n        <\/div>\n        \n\n\n\n<h3 class=\"wp-block-heading\" id=\"h-weekend-yoga-marche\"><span class=\"ez-toc-section\" id=\"Weekend_yoga_Marche\"><\/span>Weekend yoga Marche<span class=\"ez-toc-section-end\"><\/span><\/h3>\n\n\n\n<p>Un\u2019altra regione da scoprire, capace di accontentare tutti (ma proprio tutti): grazie alla sua felice posizione geografica, le Marche possono essere scelte dagli amanti del mare, della montagna, della natura pi\u00f9 selvaggia. E cosa dire poi dell\u2019ospitalit\u00e0 e della cucina marchigiane? Semplicemente spettacolari.<\/p>\n\n\n\n<div class=\"wp-block-media-text alignwide is-stacked-on-mobile\"><figure class=\"wp-block-media-text__media\"><img decoding=\"async\" src=\"data:image\/gif;base64,R0lGODlhAQABAIAAAAAAAP\/\/\/yH5BAEAAAAALAAAAAABAAEAAAIBRAA7\" data-src=\"https:\/\/eventiyoga.it\/blog\/wp-content\/uploads\/2022\/05\/Vacanze-Yoga-nelle-Marche-Sirolo.jpg\" alt=\"Vacanze Yoga nelle Marche - Sirolo\" class=\"wp-image-42877 size-full\"\/><noscript><img decoding=\"async\" src=\"https:\/\/eventiyoga.it\/blog\/wp-content\/uploads\/2022\/05\/Vacanze-Yoga-nelle-Marche-Sirolo.jpg\" alt=\"Vacanze Yoga nelle Marche - Sirolo\" class=\"wp-image-42877 size-full\"\/><\/noscript><\/figure><div class=\"wp-block-media-text__content\">\n<p class=\"has-large-font-size\">Marche<\/p>\n<\/div><\/div>\n\n\n\n<hr class=\"wp-block-separator has-text-color has-white-color has-css-opacity has-white-background-color has-background\"\/>\n\n\n\n<h4 class=\"wp-block-heading\" id=\"h-offerte-weekend-marche\"><meta charset=\"utf-8\">Offerte weekend Marche<\/h4>\n\n\n\n<hr class=\"wp-block-separator has-text-color has-white-color has-css-opacity has-white-background-color has-background\"\/>\n\n\n        <div class=\"yoga-events-container\">\n            <div class=\"yoga-events-list\">\n                                                        <div class=\"yoga-event-item\">\n                        <span class=\"event-day\">01 Maggio<\/span>\n                        <span class = \"yoga-location-text\">Macerata<\/span>\n                        <a href=\"https:\/\/eventiyoga.it\/eventi-yoga\/intensivo_di_pratica_libert_nelle_estensioni_all_indietro-6777\" class=\"yoga-event-link \">Intensivo di pratica: Libert\u00e0 nelle estensioni all\u2019indietro<\/a>\n                    <\/div>\n                                                        <div class=\"yoga-event-item\">\n                        <span class=\"event-day\">02 Maggio<\/span>\n                        <span class = \"yoga-location-text\">Macerata<\/span>\n                        <a href=\"https:\/\/eventiyoga.it\/eventi-yoga\/yogacorrettivo_e_respiro_masterclass_con_nieves_lopez_a_civitanova_marche-7261\" class=\"yoga-event-link \">YogaCorrettivo\u00ae e Respiro: Masterclass con Nieves Lopez a Civitanova Marche<\/a>\n                    <\/div>\n                                                        <div class=\"yoga-event-item\">\n                        <span class=\"event-day\">03 Maggio<\/span>\n                        <span class = \"yoga-location-text\">Macerata<\/span>\n                        <a href=\"https:\/\/eventiyoga.it\/eventi-yoga\/yogacorrettivo_e_respiro_masterclass_con_nieves_lopez_a_civitanova_marche_2-7262\" class=\"yoga-event-link \">YogaCorrettivo\u00ae e Respiro: Masterclass con Nieves Lopez a Civitanova Marche (2)<\/a>\n                    <\/div>\n                                                        <div class=\"yoga-event-item\">\n                        <span class=\"event-day\">11 Maggio<\/span>\n                        <span class = \"yoga-location-text\">Macerata<\/span>\n                        <a href=\"https:\/\/eventiyoga.it\/eventi-yoga\/yoga_posturale_per_la_salute_della_schiena_yoga_a_civitanova_marche-6805\" class=\"yoga-event-link \">Yoga Posturale per la salute della schiena | Yoga a Civitanova Marche<\/a>\n                    <\/div>\n                                                        <div class=\"yoga-event-item\">\n                        <span class=\"event-day\">11 Maggio<\/span>\n                        <span class = \"yoga-location-text\">Macerata<\/span>\n                        <a href=\"https:\/\/eventiyoga.it\/eventi-yoga\/yoga_senza_paura_per_principianti-5862\" class=\"yoga-event-link \">Yoga senza Paura per Principianti<\/a>\n                    <\/div>\n                                                        <div class=\"yoga-event-item\">\n                        <span class=\"event-day\">13 Maggio<\/span>\n                        <span class = \"yoga-location-text\">Macerata<\/span>\n                        <a href=\"https:\/\/eventiyoga.it\/eventi-yoga\/lezione_individuale_di_yoga_su_misura_yoga_a_civitanova_marche-6807\" class=\"yoga-event-link \">Lezione Individuale di Yoga su misura | Yoga a Civitanova Marche<\/a>\n                    <\/div>\n                                                        <div class=\"yoga-event-item\">\n                        <span class=\"event-day\">16 Maggio<\/span>\n                        <span class = \"yoga-location-text\">Macerata<\/span>\n                        <a href=\"https:\/\/eventiyoga.it\/eventi-yoga\/workshop_yoga_per_cervicale_e_spalle_a_civitanova-6871\" class=\"yoga-event-link promoted\">Workshop Yoga per Cervicale e Spalle a Civitanova<\/a>\n                    <\/div>\n                                                        <div class=\"yoga-event-item\">\n                        <span class=\"event-day\">22 Maggio<\/span>\n                        <span class = \"yoga-location-text\">Pesaro Urbino<\/span>\n                        <a href=\"https:\/\/eventiyoga.it\/eventi-yoga\/week_end_in_villa_nelle_marche-6909\" class=\"yoga-event-link \">Week end in Villa nelle Marche<\/a>\n                    <\/div>\n                                                        <div class=\"yoga-event-item\">\n                        <span class=\"event-day\">31 Maggio<\/span>\n                        <span class = \"yoga-location-text\">Macerata<\/span>\n                        <a href=\"https:\/\/eventiyoga.it\/eventi-yoga\/intensivo_di_pratica_prima_replica_libert_nelle_estensioni_all_indietro-6788\" class=\"yoga-event-link \">Intensivo di pratica - prima replica-: Libert\u00e0 nelle estensioni all\u2019indietro<\/a>\n                    <\/div>\n                                                        <div class=\"yoga-event-item\">\n                        <span class=\"event-day\">01 Giugno<\/span>\n                        <span class = \"yoga-location-text\">Macerata<\/span>\n                        <a href=\"https:\/\/eventiyoga.it\/eventi-yoga\/yogacorrettivo_e_respiro_masterclass_con_nieves_lopez_a_civitanova_marche-7317\" class=\"yoga-event-link \">YogaCorrettivo\u00ae e Respiro: Masterclass con Nieves Lopez a Civitanova Marche<\/a>\n                    <\/div>\n                                                        <div class=\"yoga-event-item\">\n                        <span class=\"event-day\">27 Giugno<\/span>\n                        <span class = \"yoga-location-text\">Ancona<\/span>\n                        <a href=\"https:\/\/eventiyoga.it\/eventi-yoga\/mare_e_conero_vacanza_yoga_metodo_iyengar-6558\" class=\"yoga-event-link \">Mare e Conero \u2013 Vacanza Yoga metodo Iyengar\u00ae<\/a>\n                    <\/div>\n                                                        <div class=\"yoga-event-item\">\n                        <span class=\"event-day\">06 Luglio<\/span>\n                        <span class = \"yoga-location-text\">Macerata<\/span>\n                        <a href=\"https:\/\/eventiyoga.it\/eventi-yoga\/libera_la_schiena_dalle_tensioni_yoga_in_spiaggia_a_civitanova-7223\" class=\"yoga-event-link \">Libera la schiena dalle tensioni | Yoga in Spiaggia a Civitanova<\/a>\n                    <\/div>\n                                                        <div class=\"yoga-event-item\">\n                        <span class=\"event-day\">13 Luglio<\/span>\n                        <span class = \"yoga-location-text\">Macerata<\/span>\n                        <a href=\"https:\/\/eventiyoga.it\/eventi-yoga\/respira_meglio_muoviti_con_pi_leggerezza_yoga_in_spiaggia_a_civitanova-7224\" class=\"yoga-event-link \">Respira meglio, muoviti con pi\u00f9 leggerezza | Yoga in Spiaggia a Civitanova<\/a>\n                    <\/div>\n                                                        <div class=\"yoga-event-item\">\n                        <span class=\"event-day\">18 Luglio<\/span>\n                        <span class = \"yoga-location-text\">Ancona<\/span>\n                        <a href=\"https:\/\/eventiyoga.it\/eventi-yoga\/summer_workshop_a_sirolo_parco_naturale_del_conero-6699\" class=\"yoga-event-link \">Summer Workshop a Sirolo, Parco Naturale del Conero<\/a>\n                    <\/div>\n                                                        <div class=\"yoga-event-item\">\n                        <span class=\"event-day\">20 Luglio<\/span>\n                        <span class = \"yoga-location-text\">Macerata<\/span>\n                        <a href=\"https:\/\/eventiyoga.it\/eventi-yoga\/spalle_leggere_cuore_aperto_yoga_in_spiaggia_a_civitanova-7225\" class=\"yoga-event-link \">Spalle leggere, cuore aperto | Yoga in Spiaggia a Civitanova<\/a>\n                    <\/div>\n                                                        <div class=\"yoga-event-item\">\n                        <span class=\"event-day\">27 Luglio<\/span>\n                        <span class = \"yoga-location-text\">Macerata<\/span>\n                        <a href=\"https:\/\/eventiyoga.it\/eventi-yoga\/cammina_dritta_vivi_con_equilibrio_yoga_in_spiaggia_civitanova-7226\" class=\"yoga-event-link \">Cammina dritta, vivi con equilibrio | Yoga in Spiaggia Civitanova<\/a>\n                    <\/div>\n                                                        <div class=\"yoga-event-item\">\n                        <span class=\"event-day\">31 Luglio<\/span>\n                        <span class = \"yoga-location-text\">Macerata<\/span>\n                        <a href=\"https:\/\/eventiyoga.it\/eventi-yoga\/pratica_intensiva_spalle_radicarsi_per_imparare_a_volare-6826\" class=\"yoga-event-link \">Pratica Intensiva: Spalle: radicarsi per imparare a volare.<\/a>\n                    <\/div>\n                                                        <div class=\"yoga-event-item\">\n                        <span class=\"event-day\">07 Agosto<\/span>\n                        <span class = \"yoga-location-text\">Macerata<\/span>\n                        <a href=\"https:\/\/eventiyoga.it\/eventi-yoga\/vacanza_yoga_al_mare_schiena_viva_360_vacanza_mare_civitanova-6994\" class=\"yoga-event-link promoted\">Vacanza Yoga al Mare \u2013 Schiena Viva 360\u00b0 | Vacanza Mare Civitanova<\/a>\n                    <\/div>\n                                                        <div class=\"yoga-event-item\">\n                        <span class=\"event-day\">07 Agosto<\/span>\n                        <span class = \"yoga-location-text\">Macerata<\/span>\n                        <a href=\"https:\/\/eventiyoga.it\/eventi-yoga\/intensivo_di_pratica_replica_2_libert_nelle_estensioni_all_indietro-6789\" class=\"yoga-event-link \">Intensivo di pratica-replica 2-:Libert\u00e0 nelle estensioni all\u2019indietro<\/a>\n                    <\/div>\n                                                        <div class=\"yoga-event-item\">\n                        <span class=\"event-day\">27 Agosto<\/span>\n                        <span class = \"yoga-location-text\">Macerata<\/span>\n                        <a href=\"https:\/\/eventiyoga.it\/eventi-yoga\/wine_and_shine-7293\" class=\"yoga-event-link \">WINE AND SHINE <\/a>\n                    <\/div>\n                                                        <div class=\"yoga-event-item\">\n                        <span class=\"event-day\">31 Ottobre<\/span>\n                        <span class = \"yoga-location-text\">Macerata<\/span>\n                        <a href=\"https:\/\/eventiyoga.it\/eventi-yoga\/pratica_intensiva_riequilibrati_capovolte_torsioni_e_respiro-6827\" class=\"yoga-event-link \">Pratica Intensiva. Riequilibrati \u2013 Capovolte, Torsioni e Respiro<\/a>\n                    <\/div>\n                                                        <div class=\"yoga-event-item\">\n                        <span class=\"event-day\">06 Dicembre<\/span>\n                        <span class = \"yoga-location-text\">Macerata<\/span>\n                        <a href=\"https:\/\/eventiyoga.it\/eventi-yoga\/formazione_insegnanti_yogacorrettivo_nuova_edizione_dicembre_2026-6830\" class=\"yoga-event-link \">Formazione Insegnanti YogaCorrettivo\u00ae Nuova edizione, Dicembre 2026 <\/a>\n                    <\/div>\n                            <\/div>\n        <\/div>\n        \n\n\n\n<h3 class=\"wp-block-heading\" id=\"h-weekend-yoga-veneto\"><span class=\"ez-toc-section\" id=\"Weekend_yoga_Veneto\"><\/span>Weekend yoga Veneto<span class=\"ez-toc-section-end\"><\/span><\/h3>\n\n\n\n<p>Anche il Veneto regala stupore agli amanti dello yoga: grazie alla sua variet\u00e0 di paesaggi (si spazia dalla lagunare e affascinante Venezia alle <strong>Dolomiti<\/strong>), pu\u00f2 essere scelto per abbinare pratiche di yoga, meditazione e benessere a itinerari nella natura o alla scoperta di alcune tra le citt\u00e0 d\u2019arte pi\u00f9 suggestive d\u2019Italia.<\/p>\n\n\n\n<div class=\"wp-block-media-text alignwide is-stacked-on-mobile\"><figure class=\"wp-block-media-text__media\"><img decoding=\"async\" src=\"data:image\/gif;base64,R0lGODlhAQABAIAAAAAAAP\/\/\/yH5BAEAAAAALAAAAAABAAEAAAIBRAA7\" data-src=\"https:\/\/eventiyoga.it\/blog\/wp-content\/uploads\/2021\/08\/Vacanze-Yoga-in-Veneto-Venezia-2.jpg\" alt=\"Vacanze Yoga in Veneto - Venezia\" class=\"wp-image-34545 size-full\"\/><noscript><img decoding=\"async\" src=\"https:\/\/eventiyoga.it\/blog\/wp-content\/uploads\/2021\/08\/Vacanze-Yoga-in-Veneto-Venezia-2.jpg\" alt=\"Vacanze Yoga in Veneto - Venezia\" class=\"wp-image-34545 size-full\"\/><\/noscript><\/figure><div class=\"wp-block-media-text__content\">\n<p class=\"has-large-font-size\">Veneto<\/p>\n<\/div><\/div>\n\n\n\n<hr class=\"wp-block-separator has-text-color has-white-color has-css-opacity has-white-background-color has-background\"\/>\n\n\n\n<h4 class=\"wp-block-heading\" id=\"h-offerte-weekend-veneto\"><meta charset=\"utf-8\">Offerte weekend Veneto<\/h4>\n\n\n\n<hr class=\"wp-block-separator has-text-color has-white-color has-css-opacity has-white-background-color has-background\"\/>\n\n\n        <div class=\"yoga-events-container\">\n            <div class=\"yoga-events-list\">\n                                                        <div class=\"yoga-event-item\">\n                        <span class=\"event-day\">10 Maggio<\/span>\n                        <span class = \"yoga-location-text\">Padova<\/span>\n                        <a href=\"https:\/\/eventiyoga.it\/eventi-yoga\/bloom_e_il_momento_di_fiorire-7288\" class=\"yoga-event-link \">Bloom, e&#039; il momento di fiorire<\/a>\n                    <\/div>\n                                                        <div class=\"yoga-event-item\">\n                        <span class=\"event-day\">15 Maggio<\/span>\n                        <span class = \"yoga-location-text\">Verona<\/span>\n                        <a href=\"https:\/\/eventiyoga.it\/eventi-yoga\/ritiro_yoga_al_lago_di_garda_flessibilit-7085\" class=\"yoga-event-link \">Ritiro Yoga al Lago di Garda | Flessibilit\u00e0<\/a>\n                    <\/div>\n                                                        <div class=\"yoga-event-item\">\n                        <span class=\"event-day\">15 Maggio<\/span>\n                        <span class = \"yoga-location-text\">Venezia<\/span>\n                        <a href=\"https:\/\/eventiyoga.it\/eventi-yoga\/weekend_yoga_a_jesolo-7043\" class=\"yoga-event-link \">Weekend Yoga a Jesolo<\/a>\n                    <\/div>\n                                                        <div class=\"yoga-event-item\">\n                        <span class=\"event-day\">22 Maggio<\/span>\n                        <span class = \"yoga-location-text\">Padova<\/span>\n                        <a href=\"https:\/\/eventiyoga.it\/eventi-yoga\/oli_essenziali_quali_scegliere_come_usarli-7332\" class=\"yoga-event-link \">OLI ESSENZIALi: QUALI SCEGLIERE, COME USARLI<\/a>\n                    <\/div>\n                                                        <div class=\"yoga-event-item\">\n                        <span class=\"event-day\">23 Maggio<\/span>\n                        <span class = \"yoga-location-text\">Padova<\/span>\n                        <a href=\"https:\/\/eventiyoga.it\/eventi-yoga\/la_via_della_danza_il_corpo_tra_seduzione_e_ritualit-7311\" class=\"yoga-event-link \">LA VIA DELLA DANZA - Il Corpo tra Seduzione e Ritualit\u00e0<\/a>\n                    <\/div>\n                                                        <div class=\"yoga-event-item\">\n                        <span class=\"event-day\">23 Maggio<\/span>\n                        <span class = \"yoga-location-text\">Padova<\/span>\n                        <a href=\"https:\/\/eventiyoga.it\/eventi-yoga\/reiki_livello_i_e_ii_con_attestato_operatore_a_padova_veneto-7147\" class=\"yoga-event-link \">Reiki Livello I e II con attestato operatore a Padova Veneto<\/a>\n                    <\/div>\n                                                        <div class=\"yoga-event-item\">\n                        <span class=\"event-day\">24 Maggio<\/span>\n                        <span class = \"yoga-location-text\">Padova<\/span>\n                        <a href=\"https:\/\/eventiyoga.it\/eventi-yoga\/workshop_di_ananda_yoga-7158\" class=\"yoga-event-link \">Workshop di Ananda Yoga<\/a>\n                    <\/div>\n                                                        <div class=\"yoga-event-item\">\n                        <span class=\"event-day\">24 Maggio<\/span>\n                        <span class = \"yoga-location-text\">Padova<\/span>\n                        <a href=\"https:\/\/eventiyoga.it\/eventi-yoga\/natyashastra_workshop_di_danza_indiana_con_stella_penzo-7310\" class=\"yoga-event-link \">NATYASHASTRA - WORKSHOP DI DANZA INDIANA CON STELLA PENZO<\/a>\n                    <\/div>\n                                                        <div class=\"yoga-event-item\">\n                        <span class=\"event-day\">30 Maggio<\/span>\n                        <span class = \"yoga-location-text\">Vicenza<\/span>\n                        <a href=\"https:\/\/eventiyoga.it\/eventi-yoga\/le_5_memorie_dell_anima-7086\" class=\"yoga-event-link \">Le 5 memorie dell&#039;Anima<\/a>\n                    <\/div>\n                                                        <div class=\"yoga-event-item\">\n                        <span class=\"event-day\">31 Maggio<\/span>\n                        <span class = \"yoga-location-text\">Treviso<\/span>\n                        <a href=\"https:\/\/eventiyoga.it\/eventi-yoga\/cammino_yoga_colline_dell_unesco-7090\" class=\"yoga-event-link \">Cammino Yoga: colline dell&#039;UNESCO<\/a>\n                    <\/div>\n                                                        <div class=\"yoga-event-item\">\n                        <span class=\"event-day\">05 Giugno<\/span>\n                        <span class = \"yoga-location-text\">Padova<\/span>\n                        <a href=\"https:\/\/eventiyoga.it\/eventi-yoga\/fridayoga-7331\" class=\"yoga-event-link \">FRIDAYOGA<\/a>\n                    <\/div>\n                                                        <div class=\"yoga-event-item\">\n                        <span class=\"event-day\">12 Giugno<\/span>\n                        <span class = \"yoga-location-text\">Verona<\/span>\n                        <a href=\"https:\/\/eventiyoga.it\/eventi-yoga\/lessinia_in_yoga_fuga_nel_verde-6768\" class=\"yoga-event-link \">Lessinia in Yoga - Fuga nel verde<\/a>\n                    <\/div>\n                                                        <div class=\"yoga-event-item\">\n                        <span class=\"event-day\">12 Giugno<\/span>\n                        <span class = \"yoga-location-text\">Verona<\/span>\n                        <a href=\"https:\/\/eventiyoga.it\/eventi-yoga\/qui_ed_ora_offline_weekend_yoga_in_veneto-7324\" class=\"yoga-event-link \">Qui ed Ora Offline | Weekend Yoga in Veneto<\/a>\n                    <\/div>\n                                                        <div class=\"yoga-event-item\">\n                        <span class=\"event-day\">19 Giugno<\/span>\n                        <span class = \"yoga-location-text\">Padova<\/span>\n                        <a href=\"https:\/\/eventiyoga.it\/eventi-yoga\/ritiro_olistico_tra_terra_e_cielo-7306\" class=\"yoga-event-link \">Ritiro olistico TRA TERRA E CIELO<\/a>\n                    <\/div>\n                                                        <div class=\"yoga-event-item\">\n                        <span class=\"event-day\">21 Giugno<\/span>\n                        <span class = \"yoga-location-text\">Padova<\/span>\n                        <a href=\"https:\/\/eventiyoga.it\/eventi-yoga\/international_yoga_day_al_campo_dei_girasoli-7160\" class=\"yoga-event-link \">International Yoga Day al Campo dei Girasoli<\/a>\n                    <\/div>\n                                                        <div class=\"yoga-event-item\">\n                        <span class=\"event-day\">26 Giugno<\/span>\n                        <span class = \"yoga-location-text\">Verona<\/span>\n                        <a href=\"https:\/\/eventiyoga.it\/eventi-yoga\/yoga_retreat_at_molina_falls-7096\" class=\"yoga-event-link \">YOGA RETREAT AT MOLINA FALLS<\/a>\n                    <\/div>\n                                                        <div class=\"yoga-event-item\">\n                        <span class=\"event-day\">27 Giugno<\/span>\n                        <span class = \"yoga-location-text\">Venezia<\/span>\n                        <a href=\"https:\/\/eventiyoga.it\/eventi-yoga\/settimana_yoga_al_mare_dal_27_giugno_al_4_luglio_2026-6810\" class=\"yoga-event-link \">Settimana Yoga al Mare - dal 27 giugno al 4 luglio 2026<\/a>\n                    <\/div>\n                                                        <div class=\"yoga-event-item\">\n                        <span class=\"event-day\">01 Agosto<\/span>\n                        <span class = \"yoga-location-text\">Vicenza<\/span>\n                        <a href=\"https:\/\/eventiyoga.it\/eventi-yoga\/vivere_o_immaginare_di_vivere-7146\" class=\"yoga-event-link \">Vivere o immaginare di vivere?<\/a>\n                    <\/div>\n                            <\/div>\n        <\/div>\n        \n\n\n\n<h3 class=\"wp-block-heading\" id=\"h-weekend-yoga-lombardia\"><span class=\"ez-toc-section\" id=\"Weekend_yoga_Lombardia\"><\/span>Weekend yoga Lombardia<span class=\"ez-toc-section-end\"><\/span><\/h3>\n\n\n\n<p>Gli yogi in Lombardia possono davvero spaziare tra un\u2019offerta di zone molto differenti tra loro, dalla metropolitana Milano (che ricordiamo essere tra le citt\u00e0 italiane pi\u00f9 vicine allo yoga, vedi a tal proposito <a href=\"https:\/\/eventiyoga.it\/blog\/dieci-centri-yoga-da-non-perdere-a-milano\/\" class=\"ek-link\">dieci centri yoga da non perdere a Milano<\/a>) alle valli bergasmasche e bresciane, ai laghi di Como e di Varese fino alle colline dell\u2019Oltrep\u00f2 Pavese.<\/p>\n\n\n\n<div class=\"wp-block-media-text alignwide is-stacked-on-mobile\"><figure class=\"wp-block-media-text__media\"><img decoding=\"async\" src=\"data:image\/gif;base64,R0lGODlhAQABAIAAAAAAAP\/\/\/yH5BAEAAAAALAAAAAABAAEAAAIBRAA7\" data-src=\"https:\/\/eventiyoga.it\/blog\/wp-content\/uploads\/2022\/04\/Vacanze-Yoga-in-Lombardia-Valtellina.png\" alt=\"Vacanze Yoga in Lombardia - Valtellina\" class=\"wp-image-42013 size-full\"\/><noscript><img decoding=\"async\" src=\"https:\/\/eventiyoga.it\/blog\/wp-content\/uploads\/2022\/04\/Vacanze-Yoga-in-Lombardia-Valtellina.png\" alt=\"Vacanze Yoga in Lombardia - Valtellina\" class=\"wp-image-42013 size-full\"\/><\/noscript><\/figure><div class=\"wp-block-media-text__content\">\n<p class=\"has-large-font-size\">Lombardia<\/p>\n<\/div><\/div>\n\n\n\n<hr class=\"wp-block-separator has-text-color has-white-color has-css-opacity has-white-background-color has-background\"\/>\n\n\n\n<h4 class=\"wp-block-heading\" id=\"h-offerte-weekend-lombardia\"><meta charset=\"utf-8\">Offerte weekend Lombardia<\/h4>\n\n\n\n<hr class=\"wp-block-separator has-text-color has-white-color has-css-opacity has-white-background-color has-background\"\/>\n\n\n        <div class=\"yoga-events-container\">\n            <div class=\"yoga-events-list\">\n                                                        <div class=\"yoga-event-item\">\n                        <span class=\"event-day\">01 Maggio<\/span>\n                        <span class = \"yoga-location-text\">Pavia<\/span>\n                        <a href=\"https:\/\/eventiyoga.it\/eventi-yoga\/respiro_di_primavera_un_weekend_di_yoga_e_connessioni-6660\" class=\"yoga-event-link \">Respiro di Primavera, un Weekend di Yoga e Connessioni <\/a>\n                    <\/div>\n                                                        <div class=\"yoga-event-item\">\n                        <span class=\"event-day\">01 Maggio<\/span>\n                        <span class = \"yoga-location-text\">Brescia<\/span>\n                        <a href=\"https:\/\/eventiyoga.it\/eventi-yoga\/weekend_yoga_reset_boario_terme-6364\" class=\"yoga-event-link \">WEEKEND YOGA RESET - BOARIO TERME <\/a>\n                    <\/div>\n                                                        <div class=\"yoga-event-item\">\n                        <span class=\"event-day\">01 Maggio<\/span>\n                        <span class = \"yoga-location-text\">Varese<\/span>\n                        <a href=\"https:\/\/eventiyoga.it\/eventi-yoga\/dove_l_anima_si_riflette_nel_lago-6925\" class=\"yoga-event-link \">Dove L&#039;Anima si Riflette nel Lago<\/a>\n                    <\/div>\n                                                        <div class=\"yoga-event-item\">\n                        <span class=\"event-day\">08 Maggio<\/span>\n                        <span class = \"yoga-location-text\">Como<\/span>\n                        <a href=\"https:\/\/eventiyoga.it\/eventi-yoga\/tornare_al_corpo_attraverso_il_piacere_yoga_qigong_e_camminate_in_natura-7234\" class=\"yoga-event-link \">Tornare al corpo attraverso il piacere Yoga, Qigong e camminate in natura<\/a>\n                    <\/div>\n                                                        <div class=\"yoga-event-item\">\n                        <span class=\"event-day\">15 Maggio<\/span>\n                        <span class = \"yoga-location-text\">Como<\/span>\n                        <a href=\"https:\/\/eventiyoga.it\/eventi-yoga\/weekend_yoga_relax_nella_riserva_naturale_della_val_bova_co-7169\" class=\"yoga-event-link \">Weekend Yoga &amp; Relax nella Riserva Naturale della Val Bova (CO<\/a>\n                    <\/div>\n                                                        <div class=\"yoga-event-item\">\n                        <span class=\"event-day\">15 Maggio<\/span>\n                        <span class = \"yoga-location-text\">Pavia<\/span>\n                        <a href=\"https:\/\/eventiyoga.it\/eventi-yoga\/la_sacra_fiamma_del_femminile-7323\" class=\"yoga-event-link \">La Sacra Fiamma del Femminile<\/a>\n                    <\/div>\n                                                        <div class=\"yoga-event-item\">\n                        <span class=\"event-day\">15 Maggio<\/span>\n                        <span class = \"yoga-location-text\">Bergamo<\/span>\n                        <a href=\"https:\/\/eventiyoga.it\/eventi-yoga\/reset_ritrova_il_ritmo_naturale-7183\" class=\"yoga-event-link \">RESET - Ritrova il Ritmo Naturale<\/a>\n                    <\/div>\n                                                        <div class=\"yoga-event-item\">\n                        <span class=\"event-day\">21 Maggio<\/span>\n                        <span class = \"yoga-location-text\">Como<\/span>\n                        <a href=\"https:\/\/eventiyoga.it\/eventi-yoga\/rituali_di_rigenerazione_ashtanga_nutrizione_consapevole-6520\" class=\"yoga-event-link \">Rituali di Rigenerazione: Ashtanga &amp; Nutrizione consapevole<\/a>\n                    <\/div>\n                                                        <div class=\"yoga-event-item\">\n                        <span class=\"event-day\">23 Maggio<\/span>\n                        <span class = \"yoga-location-text\">Milano<\/span>\n                        <a href=\"https:\/\/eventiyoga.it\/eventi-yoga\/contenere_per_espandere_l_arte_dello_yoga-7250\" class=\"yoga-event-link \">Contenere per espandere: l\u2019arte dello Yoga<\/a>\n                    <\/div>\n                                                        <div class=\"yoga-event-item\">\n                        <span class=\"event-day\">25 Maggio<\/span>\n                        <span class = \"yoga-location-text\">Milano<\/span>\n                        <a href=\"https:\/\/eventiyoga.it\/eventi-yoga\/ritiro_yoga_a_fanano_con_sarah_e_suzann-7042\" class=\"yoga-event-link \">Ritiro Yoga a Fanano con Sarah e Suzann<\/a>\n                    <\/div>\n                                                        <div class=\"yoga-event-item\">\n                        <span class=\"event-day\">30 Maggio<\/span>\n                        <span class = \"yoga-location-text\">Como<\/span>\n                        <a href=\"https:\/\/eventiyoga.it\/eventi-yoga\/digiuno_e_consapevolezza-6266\" class=\"yoga-event-link \">Digiuno e Consapevolezza<\/a>\n                    <\/div>\n                                                        <div class=\"yoga-event-item\">\n                        <span class=\"event-day\">05 Giugno<\/span>\n                        <span class = \"yoga-location-text\">Mantova<\/span>\n                        <a href=\"https:\/\/eventiyoga.it\/eventi-yoga\/ritiro_di_yoga_e_benessere_tra_le_colline_moreniche-6522\" class=\"yoga-event-link \">Ritiro di Yoga e Benessere tra le Colline Moreniche<\/a>\n                    <\/div>\n                                                        <div class=\"yoga-event-item\">\n                        <span class=\"event-day\">06 Giugno<\/span>\n                        <span class = \"yoga-location-text\">Milano<\/span>\n                        <a href=\"https:\/\/eventiyoga.it\/eventi-yoga\/jyotir_teacher_training_modulo_3_30_ore_yoga_alliance-5874\" class=\"yoga-event-link \">JYOTIR TEACHER TRAINING Modulo 3 \u2013  30 Ore Yoga Alliance<\/a>\n                    <\/div>\n                                                        <div class=\"yoga-event-item\">\n                        <span class=\"event-day\">12 Giugno<\/span>\n                        <span class = \"yoga-location-text\">Bergamo<\/span>\n                        <a href=\"https:\/\/eventiyoga.it\/eventi-yoga\/ritiro_di_hatha_e_ashtanga_yoga_nella_natura-6895\" class=\"yoga-event-link \">Ritiro di Hatha e Ashtanga Yoga nella natura<\/a>\n                    <\/div>\n                                                        <div class=\"yoga-event-item\">\n                        <span class=\"event-day\">12 Giugno<\/span>\n                        <span class = \"yoga-location-text\">Brescia<\/span>\n                        <a href=\"https:\/\/eventiyoga.it\/eventi-yoga\/yoga_e_barca_a_vela_retreat_lago_di_garda-6083\" class=\"yoga-event-link \">Yoga e barca a vela Retreat \u2013 Lago di Garda<\/a>\n                    <\/div>\n                                                        <div class=\"yoga-event-item\">\n                        <span class=\"event-day\">12 Giugno<\/span>\n                        <span class = \"yoga-location-text\">Brescia<\/span>\n                        <a href=\"https:\/\/eventiyoga.it\/eventi-yoga\/ritiro_del_silenzio_meditazione_il_coraggio_di_essere_se_stessi-7124\" class=\"yoga-event-link \">RITIRO del SILENZIO-MEDITAZIONE: IL CORAGGIO DI ESSERE SE STESSI<\/a>\n                    <\/div>\n                                                        <div class=\"yoga-event-item\">\n                        <span class=\"event-day\">19 Giugno<\/span>\n                        <span class = \"yoga-location-text\">Como<\/span>\n                        <a href=\"https:\/\/eventiyoga.it\/eventi-yoga\/mindful_retreat_lake_como_torna_a_te-7246\" class=\"yoga-event-link \">Mindful Retreat Lake Como: Torna A Te<\/a>\n                    <\/div>\n                                                        <div class=\"yoga-event-item\">\n                        <span class=\"event-day\">19 Giugno<\/span>\n                        <span class = \"yoga-location-text\">Brescia<\/span>\n                        <a href=\"https:\/\/eventiyoga.it\/eventi-yoga\/meditazione_in_barca_a_vela-6086\" class=\"yoga-event-link \">Meditazione in barca a vela<\/a>\n                    <\/div>\n                                                        <div class=\"yoga-event-item\">\n                        <span class=\"event-day\">03 Luglio<\/span>\n                        <span class = \"yoga-location-text\">Lecco<\/span>\n                        <a href=\"https:\/\/eventiyoga.it\/eventi-yoga\/weekend_yoga_e_montagna_in_valsassina_lombardia-7143\" class=\"yoga-event-link \">Weekend Yoga e Montagna in Valsassina, Lombardia<\/a>\n                    <\/div>\n                                                        <div class=\"yoga-event-item\">\n                        <span class=\"event-day\">03 Luglio<\/span>\n                        <span class = \"yoga-location-text\">Brescia<\/span>\n                        <a href=\"https:\/\/eventiyoga.it\/eventi-yoga\/yoga_e_barca_a_vela_retreat_lago_di_garda-6084\" class=\"yoga-event-link \">Yoga e barca a vela Retreat \u2013 Lago di Garda<\/a>\n                    <\/div>\n                                                        <div class=\"yoga-event-item\">\n                        <span class=\"event-day\">27 Agosto<\/span>\n                        <span class = \"yoga-location-text\">Bergamo<\/span>\n                        <a href=\"https:\/\/eventiyoga.it\/eventi-yoga\/ritiro_di_yoga_al_femminile-6914\" class=\"yoga-event-link \">Ritiro di Yoga al Femminile<\/a>\n                    <\/div>\n                                                        <div class=\"yoga-event-item\">\n                        <span class=\"event-day\">28 Agosto<\/span>\n                        <span class = \"yoga-location-text\">Brescia<\/span>\n                        <a href=\"https:\/\/eventiyoga.it\/eventi-yoga\/yoga_e_barca_a_vela_retreat_lago_di_garda-6085\" class=\"yoga-event-link \">Yoga e barca a vela Retreat \u2013 Lago di Garda<\/a>\n                    <\/div>\n                                                        <div class=\"yoga-event-item\">\n                        <span class=\"event-day\">11 Settembre<\/span>\n                        <span class = \"yoga-location-text\">Brescia<\/span>\n                        <a href=\"https:\/\/eventiyoga.it\/eventi-yoga\/meditazione_in_barca_a_vela-6087\" class=\"yoga-event-link \">Meditazione in barca a vela<\/a>\n                    <\/div>\n                                                        <div class=\"yoga-event-item\">\n                        <span class=\"event-day\">19 Settembre<\/span>\n                        <span class = \"yoga-location-text\">Milano<\/span>\n                        <a href=\"https:\/\/eventiyoga.it\/eventi-yoga\/teacher_training_ashtanga_yoga_ryt_200_yoga_alliance_america-6606\" class=\"yoga-event-link \">Teacher Training Ashtanga Yoga RYT 200 Yoga Alliance America<\/a>\n                    <\/div>\n                                                        <div class=\"yoga-event-item\">\n                        <span class=\"event-day\">26 Settembre<\/span>\n                        <span class = \"yoga-location-text\">Pavia<\/span>\n                        <a href=\"https:\/\/eventiyoga.it\/eventi-yoga\/corso_insegnanti_yoga_200hrs_maharani_flow_pavia-6816\" class=\"yoga-event-link \">Corso Insegnanti Yoga 200HRS Maharani Flow, Pavia<\/a>\n                    <\/div>\n                                                        <div class=\"yoga-event-item\">\n                        <span class=\"event-day\">10 Ottobre<\/span>\n                        <span class = \"yoga-location-text\">Milano<\/span>\n                        <a href=\"https:\/\/eventiyoga.it\/eventi-yoga\/jyotir_teacher_training_modulo_4_30_ore_yoga_alliance-5875\" class=\"yoga-event-link \">JYOTIR TEACHER TRAINING  Modulo 4 \u2013 30 Ore Yoga Alliance<\/a>\n                    <\/div>\n                            <\/div>\n        <\/div>\n        \n\n\n\n<h3 class=\"wp-block-heading\" id=\"h-weekend-yoga-trentino-alto-adige\"><span class=\"ez-toc-section\" id=\"Weekend_yoga_Trentino_Alto_Adige\"><\/span>Weekend yoga Trentino Alto Adige<span class=\"ez-toc-section-end\"><\/span><\/h3>\n\n\n\n<p>E per chi ama la montagna, quella verace, non pu\u00f2 non considerare tra le <a href=\"https:\/\/eventiyoga.it\/blog\/weekend-sulla-neve\/\" class=\"ek-link\">destinazioni per un weekend yoga<\/a> il Trentino Alto Adige. Praticare in alta quota, in strutture curate e accoglienti, \u00e8 un\u2019esperienza da fare. Assolutamente.<\/p>\n\n\n\n<div class=\"wp-block-media-text alignwide is-stacked-on-mobile\"><figure class=\"wp-block-media-text__media\"><img decoding=\"async\" src=\"data:image\/gif;base64,R0lGODlhAQABAIAAAAAAAP\/\/\/yH5BAEAAAAALAAAAAABAAEAAAIBRAA7\" data-src=\"https:\/\/eventiyoga.it\/blog\/wp-content\/uploads\/2021\/10\/Dolomiti-del-Brenta-Vacanze-Yoga-in-Trentino.png\" alt=\"Dolomiti del Brenta - Vacanze Yoga in Trentino\" class=\"wp-image-41516 size-full\"\/><noscript><img decoding=\"async\" src=\"https:\/\/eventiyoga.it\/blog\/wp-content\/uploads\/2021\/10\/Dolomiti-del-Brenta-Vacanze-Yoga-in-Trentino.png\" alt=\"Dolomiti del Brenta - Vacanze Yoga in Trentino\" class=\"wp-image-41516 size-full\"\/><\/noscript><\/figure><div class=\"wp-block-media-text__content\">\n<p class=\"has-large-font-size\">Trentino e<br>Alto Adige<\/p>\n<\/div><\/div>\n\n\n\n<hr class=\"wp-block-separator has-text-color has-white-color has-css-opacity has-white-background-color has-background\"\/>\n\n\n\n<h4 class=\"wp-block-heading\" id=\"h-offerte-weekend-trentino-e-alto-adige\"><meta charset=\"utf-8\">Offerte weekend Trentino e Alto Adige<\/h4>\n\n\n\n<hr class=\"wp-block-separator has-text-color has-white-color has-css-opacity has-white-background-color has-background\"\/>\n\n\n        <div class=\"yoga-events-container\">\n            <div class=\"yoga-events-list\">\n                                                        <div class=\"yoga-event-item\">\n                        <span class=\"event-day\">15 Maggio<\/span>\n                        <span class = \"yoga-location-text\">Trento<\/span>\n                        <a href=\"https:\/\/eventiyoga.it\/eventi-yoga\/ritiro_yoga_natura-6936\" class=\"yoga-event-link \">Ritiro Yoga &amp; natura <\/a>\n                    <\/div>\n                                                        <div class=\"yoga-event-item\">\n                        <span class=\"event-day\">15 Maggio<\/span>\n                        <span class = \"yoga-location-text\">Trento<\/span>\n                        <a href=\"https:\/\/eventiyoga.it\/eventi-yoga\/i_5_riti_tibetani_weekend_in_trentino-7026\" class=\"yoga-event-link \">I 5 Riti Tibetani | Weekend in Trentino<\/a>\n                    <\/div>\n                                                        <div class=\"yoga-event-item\">\n                        <span class=\"event-day\">22 Maggio<\/span>\n                        <span class = \"yoga-location-text\">Trento<\/span>\n                        <a href=\"https:\/\/eventiyoga.it\/eventi-yoga\/deep_exhale_yoga_retreat-7253\" class=\"yoga-event-link \">DEEP EXHALE - Yoga Retreat<\/a>\n                    <\/div>\n                                                        <div class=\"yoga-event-item\">\n                        <span class=\"event-day\">22 Maggio<\/span>\n                        <span class = \"yoga-location-text\">Trento<\/span>\n                        <a href=\"https:\/\/eventiyoga.it\/eventi-yoga\/yoga_retreat_in_trentino_yoga_e_natura_in_armonia_al_camping_val_rendena-7100\" class=\"yoga-event-link \">Yoga Retreat in  Trentino Yoga e Natura in Armonia al Camping Val Rendena<\/a>\n                    <\/div>\n                                                        <div class=\"yoga-event-item\">\n                        <span class=\"event-day\">08 Giugno<\/span>\n                        <span class = \"yoga-location-text\">Trento<\/span>\n                        <a href=\"https:\/\/eventiyoga.it\/eventi-yoga\/ritiro_yoga_e_counseling_in_trentino_alpe_cimbra-6597\" class=\"yoga-event-link \">Ritiro Yoga e Counseling in Trentino Alpe Cimbra<\/a>\n                    <\/div>\n                                                        <div class=\"yoga-event-item\">\n                        <span class=\"event-day\">12 Giugno<\/span>\n                        <span class = \"yoga-location-text\">Trento<\/span>\n                        <a href=\"https:\/\/eventiyoga.it\/eventi-yoga\/mountain_yoga_trekking_retreat_dolomiti_trentine-7109\" class=\"yoga-event-link \">MOUNTAIN YOGA TREKKING RETREAT DOLOMITI TRENTINE<\/a>\n                    <\/div>\n                                                        <div class=\"yoga-event-item\">\n                        <span class=\"event-day\">12 Giugno<\/span>\n                        <span class = \"yoga-location-text\">Trento<\/span>\n                        <a href=\"https:\/\/eventiyoga.it\/eventi-yoga\/retreat_yoga_digital_detox_riconnettiti_a_te_rallenta_respira_17_edizione-6803\" class=\"yoga-event-link \">Retreat Yoga &amp; Digital Detox, Riconnettiti a te, rallenta, respira 17\u00aa edizione<\/a>\n                    <\/div>\n                                                        <div class=\"yoga-event-item\">\n                        <span class=\"event-day\">03 Luglio<\/span>\n                        <span class = \"yoga-location-text\">Trento<\/span>\n                        <a href=\"https:\/\/eventiyoga.it\/eventi-yoga\/alchimia_dei_sensi_ritiro_di_yoga_e_aromaterapia_nelle_dolomiti_del_brenta-6075\" class=\"yoga-event-link \">Alchimia dei Sensi. Ritiro di Yoga e Aromaterapia nelle Dolomiti del Brenta<\/a>\n                    <\/div>\n                                                        <div class=\"yoga-event-item\">\n                        <span class=\"event-day\">05 Luglio<\/span>\n                        <span class = \"yoga-location-text\">Trento<\/span>\n                        <a href=\"https:\/\/eventiyoga.it\/eventi-yoga\/dolomiti_yoga_trekking_experience-6927\" class=\"yoga-event-link \">DOLOMITI YOGA&amp;TREKKING EXPERIENCE<\/a>\n                    <\/div>\n                                                        <div class=\"yoga-event-item\">\n                        <span class=\"event-day\">10 Luglio<\/span>\n                        <span class = \"yoga-location-text\">Trento<\/span>\n                        <a href=\"https:\/\/eventiyoga.it\/eventi-yoga\/praticare_la_quiete-7194\" class=\"yoga-event-link \">PRATICARE LA QUIETE<\/a>\n                    <\/div>\n                                                        <div class=\"yoga-event-item\">\n                        <span class=\"event-day\">12 Luglio<\/span>\n                        <span class = \"yoga-location-text\">Trento<\/span>\n                        <a href=\"https:\/\/eventiyoga.it\/eventi-yoga\/yoga_trekking_e_relax_sulle_dolomiti-6169\" class=\"yoga-event-link \">YOGA TREKKING E RELAX SULLE DOLOMITI<\/a>\n                    <\/div>\n                                                        <div class=\"yoga-event-item\">\n                        <span class=\"event-day\">12 Luglio<\/span>\n                        <span class = \"yoga-location-text\">Trento<\/span>\n                        <a href=\"https:\/\/eventiyoga.it\/eventi-yoga\/ritiro_yoga_e_meditazione_in_trentino_coltiva_la_serenit-6969\" class=\"yoga-event-link \">Ritiro Yoga e Meditazione in Trentino: Coltiva la serenit\u00e0<\/a>\n                    <\/div>\n                                                        <div class=\"yoga-event-item\">\n                        <span class=\"event-day\">12 Luglio<\/span>\n                        <span class = \"yoga-location-text\">Trento<\/span>\n                        <a href=\"https:\/\/eventiyoga.it\/eventi-yoga\/yoga_cammini_sull_adamello_brenta_trentino_alto_adige-6915\" class=\"yoga-event-link \">Yoga &amp; Cammini sull&#039;Adamello Brenta | Trentino Alto Adige<\/a>\n                    <\/div>\n                                                        <div class=\"yoga-event-item\">\n                        <span class=\"event-day\">17 Luglio<\/span>\n                        <span class = \"yoga-location-text\">Trento<\/span>\n                        <a href=\"https:\/\/eventiyoga.it\/eventi-yoga\/yoga_in_alta_quota_summer_edition-7259\" class=\"yoga-event-link \">Yoga in Alta Quota - Summer Edition<\/a>\n                    <\/div>\n                                                        <div class=\"yoga-event-item\">\n                        <span class=\"event-day\">19 Luglio<\/span>\n                        <span class = \"yoga-location-text\">Trento<\/span>\n                        <a href=\"https:\/\/eventiyoga.it\/eventi-yoga\/ritiro_yoga_e_meditazione_in_trentino_coltiva_la_serenit_in_val_di_sole-6970\" class=\"yoga-event-link \">Ritiro Yoga e Meditazione in Trentino: Coltiva la Serenit\u00e0 in Val di Sole<\/a>\n                    <\/div>\n                                                        <div class=\"yoga-event-item\">\n                        <span class=\"event-day\">26 Luglio<\/span>\n                        <span class = \"yoga-location-text\">Trento<\/span>\n                        <a href=\"https:\/\/eventiyoga.it\/eventi-yoga\/ritiro_in_trentino_2026_costellazioni_familiari_e_natura-6971\" class=\"yoga-event-link \">Ritiro in Trentino 2026: Costellazioni Familiari e Natura<\/a>\n                    <\/div>\n                                                        <div class=\"yoga-event-item\">\n                        <span class=\"event-day\">26 Luglio<\/span>\n                        <span class = \"yoga-location-text\">Trento<\/span>\n                        <a href=\"https:\/\/eventiyoga.it\/eventi-yoga\/ritiro_yoga_in_trentino_26_luglio_2_agosto_2026-6478\" class=\"yoga-event-link \">Ritiro yoga in Trentino 26 luglio - 2 agosto 2026<\/a>\n                    <\/div>\n                                                        <div class=\"yoga-event-item\">\n                        <span class=\"event-day\">06 Agosto<\/span>\n                        <span class = \"yoga-location-text\">Bolzano<\/span>\n                        <a href=\"https:\/\/eventiyoga.it\/eventi-yoga\/sollievo_per_il_corpo_gioia_per_l_anima_50-6474\" class=\"yoga-event-link \">Sollievo per il Corpo, Gioia per l&#039;Anima 50 +<\/a>\n                    <\/div>\n                                                        <div class=\"yoga-event-item\">\n                        <span class=\"event-day\">13 Settembre<\/span>\n                        <span class = \"yoga-location-text\">Trento<\/span>\n                        <a href=\"https:\/\/eventiyoga.it\/eventi-yoga\/ritiro_yoga_e_counseling_in_trentino_alpe_cimbra-6612\" class=\"yoga-event-link \">Ritiro Yoga e Counseling in Trentino Alpe Cimbra<\/a>\n                    <\/div>\n                                                        <div class=\"yoga-event-item\">\n                        <span class=\"event-day\">01 Ottobre<\/span>\n                        <span class = \"yoga-location-text\">Trento<\/span>\n                        <a href=\"https:\/\/eventiyoga.it\/eventi-yoga\/val_di_fiemme_dolomiti_wellness_holiday_1_4_ottobre_26-7167\" class=\"yoga-event-link \">VAL DI FIEMME, DOLOMITI Wellness Holiday 1-4 Ottobre 26<\/a>\n                    <\/div>\n                            <\/div>\n        <\/div>\n        \n\n\n\n<h3 class=\"wp-block-heading\"><span class=\"ez-toc-section\" id=\"Weekend_yoga_Piemonte\"><\/span>Weekend yoga Piemonte<span class=\"ez-toc-section-end\"><\/span><\/h3>\n\n\n\n<p>Abbiamo gi\u00e0 accennato al Piemonte in questo articolo, aggiungiamo solo che la regione si presta molto per weekend nella natura e circondati da saperi e sapori genuini. <\/p>\n\n\n\n<div class=\"wp-block-media-text alignwide is-stacked-on-mobile\"><figure class=\"wp-block-media-text__media\"><img decoding=\"async\" src=\"data:image\/gif;base64,R0lGODlhAQABAIAAAAAAAP\/\/\/yH5BAEAAAAALAAAAAABAAEAAAIBRAA7\" data-src=\"https:\/\/eventiyoga.it\/blog\/wp-content\/uploads\/2022\/03\/Yoga-in-Piemonte-Isole-Borromee.jpg\" alt=\"Yoga in Piemonte - Isole Borromee\" class=\"wp-image-41197 size-full\"\/><noscript><img decoding=\"async\" src=\"https:\/\/eventiyoga.it\/blog\/wp-content\/uploads\/2022\/03\/Yoga-in-Piemonte-Isole-Borromee.jpg\" alt=\"Yoga in Piemonte - Isole Borromee\" class=\"wp-image-41197 size-full\"\/><\/noscript><\/figure><div class=\"wp-block-media-text__content\">\n<p class=\"has-large-font-size\">Piemonte<\/p>\n<\/div><\/div>\n\n\n\n<hr class=\"wp-block-separator has-text-color has-white-color has-css-opacity has-white-background-color has-background\"\/>\n\n\n\n<h4 class=\"wp-block-heading\" id=\"h-offerte-weekend-piemonte\"><meta charset=\"utf-8\">Offerte weekend Piemonte<\/h4>\n\n\n\n<hr class=\"wp-block-separator has-text-color has-white-color has-css-opacity has-white-background-color has-background\"\/>\n\n\n        <div class=\"yoga-events-container\">\n            <div class=\"yoga-events-list\">\n                                                        <div class=\"yoga-event-item\">\n                        <span class=\"event-day\">01 Maggio<\/span>\n                        <span class = \"yoga-location-text\">Torino<\/span>\n                        <a href=\"https:\/\/eventiyoga.it\/eventi-yoga\/scopriamo_insieme_la_mappa_della_vita_lo_yoga_la_natura_e_la_numerologia-7325\" class=\"yoga-event-link \">Scopriamo insieme la \u201cMappa della vita\u201d: lo Yoga, la Natura e la Numerologia...<\/a>\n                    <\/div>\n                                                        <div class=\"yoga-event-item\">\n                        <span class=\"event-day\">01 Maggio<\/span>\n                        <span class = \"yoga-location-text\">Asti<\/span>\n                        <a href=\"https:\/\/eventiyoga.it\/eventi-yoga\/tocco_dell_anima-6620\" class=\"yoga-event-link \">Tocco dell&#039;anima<\/a>\n                    <\/div>\n                                                        <div class=\"yoga-event-item\">\n                        <span class=\"event-day\">01 Maggio<\/span>\n                        <span class = \"yoga-location-text\">Novara<\/span>\n                        <a href=\"https:\/\/eventiyoga.it\/eventi-yoga\/reset_recharge_yoga_retreat-6332\" class=\"yoga-event-link \">Reset &amp; Recharge Yoga Retreat<\/a>\n                    <\/div>\n                                                        <div class=\"yoga-event-item\">\n                        <span class=\"event-day\">02 Maggio<\/span>\n                        <span class = \"yoga-location-text\">Asti<\/span>\n                        <a href=\"https:\/\/eventiyoga.it\/eventi-yoga\/il_risveglio_del_bambino_interiore_ritorno_alla_luce_e_alla_gioia_dell_anima-7254\" class=\"yoga-event-link \">Il Risveglio del Bambino Interiore: Ritorno alla Luce e alla Gioia dell&#039;Anima<\/a>\n                    <\/div>\n                                                        <div class=\"yoga-event-item\">\n                        <span class=\"event-day\">03 Maggio<\/span>\n                        <span class = \"yoga-location-text\">Alessandria<\/span>\n                        <a href=\"https:\/\/eventiyoga.it\/eventi-yoga\/armonigi_festival-7299\" class=\"yoga-event-link \">ARMONIGI FESTIVAL <\/a>\n                    <\/div>\n                                                        <div class=\"yoga-event-item\">\n                        <span class=\"event-day\">09 Maggio<\/span>\n                        <span class = \"yoga-location-text\">Asti<\/span>\n                        <a href=\"https:\/\/eventiyoga.it\/eventi-yoga\/esperienza_mindfulness_la_consapevolezza_del_presente-7291\" class=\"yoga-event-link \">Esperienza Mindfulness: La Consapevolezza del Presente<\/a>\n                    <\/div>\n                                                        <div class=\"yoga-event-item\">\n                        <span class=\"event-day\">15 Maggio<\/span>\n                        <span class = \"yoga-location-text\">Alessandria<\/span>\n                        <a href=\"https:\/\/eventiyoga.it\/eventi-yoga\/ritiro_yoga_nel_monferrato_fiorisci_senza_sforzo-6974\" class=\"yoga-event-link \">Ritiro Yoga nel Monferrato: Fiorisci senza sforzo<\/a>\n                    <\/div>\n                                                        <div class=\"yoga-event-item\">\n                        <span class=\"event-day\">16 Maggio<\/span>\n                        <span class = \"yoga-location-text\">Alessandria<\/span>\n                        <a href=\"https:\/\/eventiyoga.it\/eventi-yoga\/retreat_di_primavera_in_piemonte-6571\" class=\"yoga-event-link \">Retreat di Primavera in Piemonte<\/a>\n                    <\/div>\n                                                        <div class=\"yoga-event-item\">\n                        <span class=\"event-day\">16 Maggio<\/span>\n                        <span class = \"yoga-location-text\">Torino<\/span>\n                        <a href=\"https:\/\/eventiyoga.it\/eventi-yoga\/yoga_energia_e_vitalit_workshop_con_tias_little-7174\" class=\"yoga-event-link \">Yoga, energia e vitalit\u00e0 : workshop con Tias Little<\/a>\n                    <\/div>\n                                                        <div class=\"yoga-event-item\">\n                        <span class=\"event-day\">16 Maggio<\/span>\n                        <span class = \"yoga-location-text\">Asti<\/span>\n                        <a href=\"https:\/\/eventiyoga.it\/eventi-yoga\/ritiro_yoga_e_pirobazia_la_strada_del_fuoco_intensivo-7315\" class=\"yoga-event-link \"> Ritiro Yoga e Pirobazia: La Strada del Fuoco (Intensivo)<\/a>\n                    <\/div>\n                                                        <div class=\"yoga-event-item\">\n                        <span class=\"event-day\">22 Maggio<\/span>\n                        <span class = \"yoga-location-text\">Alessandria<\/span>\n                        <a href=\"https:\/\/eventiyoga.it\/eventi-yoga\/fiorire_dall_interno-7188\" class=\"yoga-event-link \">FIORIRE DALL\u2019INTERNO<\/a>\n                    <\/div>\n                                                        <div class=\"yoga-event-item\">\n                        <span class=\"event-day\">22 Maggio<\/span>\n                        <span class = \"yoga-location-text\">Alessandria<\/span>\n                        <a href=\"https:\/\/eventiyoga.it\/eventi-yoga\/retreat_ashtanga_yoga_nel_monferrato-6948\" class=\"yoga-event-link \">Retreat Ashtanga Yoga nel Monferrato <\/a>\n                    <\/div>\n                                                        <div class=\"yoga-event-item\">\n                        <span class=\"event-day\">29 Maggio<\/span>\n                        <span class = \"yoga-location-text\">Alessandria<\/span>\n                        <a href=\"https:\/\/eventiyoga.it\/eventi-yoga\/weekend_yoga_e_benessere_nel_monferrato-6491\" class=\"yoga-event-link \">Weekend Yoga e benessere nel Monferrato<\/a>\n                    <\/div>\n                                                        <div class=\"yoga-event-item\">\n                        <span class=\"event-day\">30 Maggio<\/span>\n                        <span class = \"yoga-location-text\">Alessandria<\/span>\n                        <a href=\"https:\/\/eventiyoga.it\/eventi-yoga\/tejas_coltivare_il_proprio_fuoco-7184\" class=\"yoga-event-link \">TEJAS - Coltivare il proprio fuoco<\/a>\n                    <\/div>\n                                                        <div class=\"yoga-event-item\">\n                        <span class=\"event-day\">31 Maggio<\/span>\n                        <span class = \"yoga-location-text\">Cuneo<\/span>\n                        <a href=\"https:\/\/eventiyoga.it\/eventi-yoga\/formazione_yoga_qiyoga_introduttivo-6546\" class=\"yoga-event-link \">Formazione Yoga: Qiyoga introduttivo<\/a>\n                    <\/div>\n                                                        <div class=\"yoga-event-item\">\n                        <span class=\"event-day\">31 Maggio<\/span>\n                        <span class = \"yoga-location-text\">Asti<\/span>\n                        <a href=\"https:\/\/eventiyoga.it\/eventi-yoga\/yoga_intensive_con_donna_fahri-6484\" class=\"yoga-event-link \">YOGA INTENSIVE con Donna Fahri<\/a>\n                    <\/div>\n                                                        <div class=\"yoga-event-item\">\n                        <span class=\"event-day\">05 Giugno<\/span>\n                        <span class = \"yoga-location-text\">Alessandria<\/span>\n                        <a href=\"https:\/\/eventiyoga.it\/eventi-yoga\/ritiro_yoga_meditazione_journaling_e_incensi-6751\" class=\"yoga-event-link \">Ritiro Yoga, Meditazione, Journaling e Incensi<\/a>\n                    <\/div>\n                                                        <div class=\"yoga-event-item\">\n                        <span class=\"event-day\">05 Giugno<\/span>\n                        <span class = \"yoga-location-text\">Verbano-Cusio-Ossola<\/span>\n                        <a href=\"https:\/\/eventiyoga.it\/eventi-yoga\/la_via_del_benessere_primo_appuntamento_il_risveglio-6658\" class=\"yoga-event-link \">LA VIA DEL BENESSERE; PRIMO APPUNTAMENTO: IL RISVEGLIO<\/a>\n                    <\/div>\n                                                        <div class=\"yoga-event-item\">\n                        <span class=\"event-day\">12 Giugno<\/span>\n                        <span class = \"yoga-location-text\">Alessandria<\/span>\n                        <a href=\"https:\/\/eventiyoga.it\/eventi-yoga\/weekend_yoga_in_piemonte-6972\" class=\"yoga-event-link \">Weekend Yoga in Piemonte <\/a>\n                    <\/div>\n                                                        <div class=\"yoga-event-item\">\n                        <span class=\"event-day\">18 Giugno<\/span>\n                        <span class = \"yoga-location-text\">Cuneo<\/span>\n                        <a href=\"https:\/\/eventiyoga.it\/eventi-yoga\/dal_controllo_al_respiro-7245\" class=\"yoga-event-link \">Dal Controllo al Respiro<\/a>\n                    <\/div>\n                                                        <div class=\"yoga-event-item\">\n                        <span class=\"event-day\">19 Giugno<\/span>\n                        <span class = \"yoga-location-text\">Cuneo<\/span>\n                        <a href=\"https:\/\/eventiyoga.it\/eventi-yoga\/ritiro_yoga_e_pilates_alpi_piemontesi-7260\" class=\"yoga-event-link \">Ritiro Yoga e Pilates Alpi Piemontesi<\/a>\n                    <\/div>\n                                                        <div class=\"yoga-event-item\">\n                        <span class=\"event-day\">19 Giugno<\/span>\n                        <span class = \"yoga-location-text\">Novara<\/span>\n                        <a href=\"https:\/\/eventiyoga.it\/eventi-yoga\/tra_bosco_e_anima_yoga_e_sacro_femminile-7012\" class=\"yoga-event-link \">Tra bosco e anima-yoga e sacro femminile<\/a>\n                    <\/div>\n                                                        <div class=\"yoga-event-item\">\n                        <span class=\"event-day\">26 Giugno<\/span>\n                        <span class = \"yoga-location-text\">Alessandria<\/span>\n                        <a href=\"https:\/\/eventiyoga.it\/eventi-yoga\/da_zero_a_yoga-6750\" class=\"yoga-event-link \">Da Zero a Yoga<\/a>\n                    <\/div>\n                                                        <div class=\"yoga-event-item\">\n                        <span class=\"event-day\">26 Giugno<\/span>\n                        <span class = \"yoga-location-text\">Asti<\/span>\n                        <a href=\"https:\/\/eventiyoga.it\/eventi-yoga\/wellness_escape_respiro_nel_monferrato-6621\" class=\"yoga-event-link \">Wellness escape, Respiro nel Monferrato<\/a>\n                    <\/div>\n                                                        <div class=\"yoga-event-item\">\n                        <span class=\"event-day\">03 Luglio<\/span>\n                        <span class = \"yoga-location-text\">Verbano-Cusio-Ossola<\/span>\n                        <a href=\"https:\/\/eventiyoga.it\/eventi-yoga\/la_via_del_benessere_l_espansione-6760\" class=\"yoga-event-link \">LA VIA DEL BENESSERE: L&#039;ESPANSIONE<\/a>\n                    <\/div>\n                                                        <div class=\"yoga-event-item\">\n                        <span class=\"event-day\">16 Luglio<\/span>\n                        <span class = \"yoga-location-text\">Asti<\/span>\n                        <a href=\"https:\/\/eventiyoga.it\/eventi-yoga\/hatisuara_academy-6622\" class=\"yoga-event-link \">Hatisuara Academy<\/a>\n                    <\/div>\n                                                        <div class=\"yoga-event-item\">\n                        <span class=\"event-day\">18 Luglio<\/span>\n                        <span class = \"yoga-location-text\">Asti<\/span>\n                        <a href=\"https:\/\/eventiyoga.it\/eventi-yoga\/semi_di_abbondanza_workshop_money_mindset_per_donne-6794\" class=\"yoga-event-link \">Semi di abbondanza | Workshop Money Mindset per Donne<\/a>\n                    <\/div>\n                                                        <div class=\"yoga-event-item\">\n                        <span class=\"event-day\">31 Luglio<\/span>\n                        <span class = \"yoga-location-text\">Alessandria<\/span>\n                        <a href=\"https:\/\/eventiyoga.it\/eventi-yoga\/ritiro_yoga_in_piemonte_agosto_2026-7091\" class=\"yoga-event-link \">RITIRO YOGA IN PIEMONTE - AGOSTO 2026<\/a>\n                    <\/div>\n                                                        <div class=\"yoga-event-item\">\n                        <span class=\"event-day\">03 Agosto<\/span>\n                        <span class = \"yoga-location-text\">Torino<\/span>\n                        <a href=\"https:\/\/eventiyoga.it\/eventi-yoga\/moon_vibes_only_vacanze_in_montagna_per_tutti_i_gusti-7309\" class=\"yoga-event-link \">Moon Vibes Only, vacanze in montagna per tutti i gusti<\/a>\n                    <\/div>\n                                                        <div class=\"yoga-event-item\">\n                        <span class=\"event-day\">19 Agosto<\/span>\n                        <span class = \"yoga-location-text\">Verbano-Cusio-Ossola<\/span>\n                        <a href=\"https:\/\/eventiyoga.it\/eventi-yoga\/ritiro_yoga_trekking_in_piemonte_la_via_del_benessere-6797\" class=\"yoga-event-link promoted\">Ritiro Yoga &amp; Trekking in Piemonte | La Via del Benessere<\/a>\n                    <\/div>\n                                                        <div class=\"yoga-event-item\">\n                        <span class=\"event-day\">05 Settembre<\/span>\n                        <span class = \"yoga-location-text\">Verbano-Cusio-Ossola<\/span>\n                        <a href=\"https:\/\/eventiyoga.it\/eventi-yoga\/la_via_del_benessere_riequilibrio-6814\" class=\"yoga-event-link \">LA VIA DEL BENESSERE: RIEQUILIBRIO<\/a>\n                    <\/div>\n                                                        <div class=\"yoga-event-item\">\n                        <span class=\"event-day\">07 Settembre<\/span>\n                        <span class = \"yoga-location-text\">Cuneo<\/span>\n                        <a href=\"https:\/\/eventiyoga.it\/eventi-yoga\/yin_yoga_teacher_training_50h_lago_la_sirenetta-6733\" class=\"yoga-event-link \">YIN YOGA TEACHER TRAINING 50h LAGO LA SIRENETTA<\/a>\n                    <\/div>\n                                                        <div class=\"yoga-event-item\">\n                        <span class=\"event-day\">15 Settembre<\/span>\n                        <span class = \"yoga-location-text\">Asti<\/span>\n                        <a href=\"https:\/\/eventiyoga.it\/eventi-yoga\/the_softening-6795\" class=\"yoga-event-link \">The Softening<\/a>\n                    <\/div>\n                                                        <div class=\"yoga-event-item\">\n                        <span class=\"event-day\">18 Settembre<\/span>\n                        <span class = \"yoga-location-text\">Torino<\/span>\n                        <a href=\"https:\/\/eventiyoga.it\/eventi-yoga\/workshop_eddie_stern_a_torino-6817\" class=\"yoga-event-link \">Workshop Eddie Stern a Torino<\/a>\n                    <\/div>\n                                                        <div class=\"yoga-event-item\">\n                        <span class=\"event-day\">09 Ottobre<\/span>\n                        <span class = \"yoga-location-text\">Asti<\/span>\n                        <a href=\"https:\/\/eventiyoga.it\/eventi-yoga\/yoga_wine_nelle_langhe_astigiane-7318\" class=\"yoga-event-link \">Yoga Wine nelle Langhe Astigiane<\/a>\n                    <\/div>\n                                                        <div class=\"yoga-event-item\">\n                        <span class=\"event-day\">16 Ottobre<\/span>\n                        <span class = \"yoga-location-text\">Asti<\/span>\n                        <a href=\"https:\/\/eventiyoga.it\/eventi-yoga\/sound_bath_training_retreat-6796\" class=\"yoga-event-link \">Sound Bath Training Retreat<\/a>\n                    <\/div>\n                                                        <div class=\"yoga-event-item\">\n                        <span class=\"event-day\">06 Novembre<\/span>\n                        <span class = \"yoga-location-text\">Asti<\/span>\n                        <a href=\"https:\/\/eventiyoga.it\/eventi-yoga\/week_end_di_yoga_e_benessere_in_langa_astigiana-6278\" class=\"yoga-event-link \">Week end di yoga e benessere in Langa astigiana<\/a>\n                    <\/div>\n                                                        <div class=\"yoga-event-item\">\n                        <span class=\"event-day\">27 Novembre<\/span>\n                        <span class = \"yoga-location-text\">Torino<\/span>\n                        <a href=\"https:\/\/eventiyoga.it\/eventi-yoga\/viaggio_india_gujarat_yoga_cultura_natura-7231\" class=\"yoga-event-link \">Viaggio India Gujarat: Yoga- Cultura-Natura<\/a>\n                    <\/div>\n                                                        <div class=\"yoga-event-item\">\n                        <span class=\"event-day\">30 Dicembre<\/span>\n                        <span class = \"yoga-location-text\">Torino<\/span>\n                        <a href=\"https:\/\/eventiyoga.it\/eventi-yoga\/yoga_retreat_di_capodanno_in_piemonte-6401\" class=\"yoga-event-link \">Yoga Retreat di Capodanno in Piemonte<\/a>\n                    <\/div>\n                            <\/div>\n        <\/div>\n        \n\n\n\n<h3 class=\"wp-block-heading\"><span class=\"ez-toc-section\" id=\"Weekend_Lazio\"><\/span>Weekend Lazio <span class=\"ez-toc-section-end\"><\/span><\/h3>\n\n\n\n<p>Citiamo, infine, il Lazio, regione che, oltre a ospitare la Capitale, offre territori pervasi da natura, tradizioni, storia e cultura. <\/p>\n\n\n\n<div class=\"wp-block-media-text alignwide is-stacked-on-mobile\"><figure class=\"wp-block-media-text__media\"><img decoding=\"async\" src=\"data:image\/gif;base64,R0lGODlhAQABAIAAAAAAAP\/\/\/yH5BAEAAAAALAAAAAABAAEAAAIBRAA7\" data-src=\"https:\/\/eventiyoga.it\/blog\/wp-content\/uploads\/2022\/03\/Vacanze-Yoga-in-Lazio-Sperlonga.jpg\" alt=\"Vacanze Yoga in Lazio - Sperlonga\" class=\"wp-image-40333 size-full\"\/><noscript><img loading=\"lazy\" decoding=\"async\" width=\"1024\" height=\"768\" src=\"https:\/\/eventiyoga.it\/blog\/wp-content\/uploads\/2022\/03\/Vacanze-Yoga-in-Lazio-Sperlonga.jpg\" alt=\"Vacanze Yoga in Lazio - Sperlonga\" class=\"wp-image-40333 size-full\" srcset=\"https:\/\/eventiyoga.it\/blog\/wp-content\/uploads\/2022\/03\/Vacanze-Yoga-in-Lazio-Sperlonga.jpg 1024w, https:\/\/eventiyoga.it\/blog\/wp-content\/uploads\/2022\/03\/Vacanze-Yoga-in-Lazio-Sperlonga-300x225.jpg 300w, https:\/\/eventiyoga.it\/blog\/wp-content\/uploads\/2022\/03\/Vacanze-Yoga-in-Lazio-Sperlonga-768x576.jpg 768w, https:\/\/eventiyoga.it\/blog\/wp-content\/uploads\/2022\/03\/Vacanze-Yoga-in-Lazio-Sperlonga-200x150.jpg 200w, https:\/\/eventiyoga.it\/blog\/wp-content\/uploads\/2022\/03\/Vacanze-Yoga-in-Lazio-Sperlonga-600x450.jpg 600w\" sizes=\"auto, (max-width: 1024px) 100vw, 1024px\" \/><\/noscript><\/figure><div class=\"wp-block-media-text__content\">\n<p class=\"has-large-font-size\">Lazio<\/p>\n<\/div><\/div>\n\n\n\n<hr class=\"wp-block-separator has-text-color has-white-color has-css-opacity has-white-background-color has-background\"\/>\n\n\n\n<h4 class=\"wp-block-heading\" id=\"h-offerte-weekend-lazio\"><meta charset=\"utf-8\">Offerte weekend Lazio<\/h4>\n\n\n\n<hr class=\"wp-block-separator has-text-color has-white-color has-css-opacity has-white-background-color has-background\"\/>\n\n\n        <div class=\"yoga-events-container\">\n            <div class=\"yoga-events-list\">\n                                                        <div class=\"yoga-event-item\">\n                        <span class=\"event-day\">01 Maggio<\/span>\n                        <span class = \"yoga-location-text\">Roma<\/span>\n                        <a href=\"https:\/\/eventiyoga.it\/eventi-yoga\/dirette_online_yoga_meditazione_nidra_filosofia-6111\" class=\"yoga-event-link \">DIRETTE ONLINE \u2013 Yoga, Meditazione, Nidra, Filosofia\u2026<\/a>\n                    <\/div>\n                                                        <div class=\"yoga-event-item\">\n                        <span class=\"event-day\">04 Maggio<\/span>\n                        <span class = \"yoga-location-text\">Roma<\/span>\n                        <a href=\"https:\/\/eventiyoga.it\/eventi-yoga\/corso_massaggio_ayurvedico_dei_punti_marma_a_roma-7021\" class=\"yoga-event-link \">CORSO MASSAGGIO AYURVEDICO DEI PUNTI MARMA a Roma<\/a>\n                    <\/div>\n                                                        <div class=\"yoga-event-item\">\n                        <span class=\"event-day\">04 Maggio<\/span>\n                        <span class = \"yoga-location-text\">Roma<\/span>\n                        <a href=\"https:\/\/eventiyoga.it\/eventi-yoga\/hatha_e_raja_yoga_a_porta_pia_anche_online-6155\" class=\"yoga-event-link \">HATHA E RAJA YOGA a Porta Pia (anche online)<\/a>\n                    <\/div>\n                                                        <div class=\"yoga-event-item\">\n                        <span class=\"event-day\">04 Maggio<\/span>\n                        <span class = \"yoga-location-text\">Roma<\/span>\n                        <a href=\"https:\/\/eventiyoga.it\/eventi-yoga\/sedute_individuali_di_yoga_reiki_e_massaggi-6118\" class=\"yoga-event-link \">SEDUTE INDIVIDUALI DI YOGA, REIKI E MASSAGGI<\/a>\n                    <\/div>\n                                                        <div class=\"yoga-event-item\">\n                        <span class=\"event-day\">04 Maggio<\/span>\n                        <span class = \"yoga-location-text\">Roma<\/span>\n                        <a href=\"https:\/\/eventiyoga.it\/eventi-yoga\/kundalini_yoga_a_porta_pia_anche_online-6162\" class=\"yoga-event-link \">KUNDALINI YOGA a Porta Pia (anche online)<\/a>\n                    <\/div>\n                                                        <div class=\"yoga-event-item\">\n                        <span class=\"event-day\">05 Maggio<\/span>\n                        <span class = \"yoga-location-text\">Roma<\/span>\n                        <a href=\"https:\/\/eventiyoga.it\/eventi-yoga\/sessione_di_mantra_yoga_anche_online-6103\" class=\"yoga-event-link \">SESSIONE DI MANTRA YOGA (anche online)<\/a>\n                    <\/div>\n                                                        <div class=\"yoga-event-item\">\n                        <span class=\"event-day\">06 Maggio<\/span>\n                        <span class = \"yoga-location-text\">Roma<\/span>\n                        <a href=\"https:\/\/eventiyoga.it\/eventi-yoga\/sessione_di_yoga_nidra_anche_online-6145\" class=\"yoga-event-link \">SESSIONE DI YOGA NIDRA (anche online)<\/a>\n                    <\/div>\n                                                        <div class=\"yoga-event-item\">\n                        <span class=\"event-day\">06 Maggio<\/span>\n                        <span class = \"yoga-location-text\">Frosinone<\/span>\n                        <a href=\"https:\/\/eventiyoga.it\/eventi-yoga\/yoga_cavalli_e_natura_ritiro_a_pescosolido_parco_nazionale_d_abruzzo-6667\" class=\"yoga-event-link \">Yoga, Cavalli e Natura: Ritiro a Pescosolido, Parco Nazionale d\u2019Abruzzo<\/a>\n                    <\/div>\n                                                        <div class=\"yoga-event-item\">\n                        <span class=\"event-day\">08 Maggio<\/span>\n                        <span class = \"yoga-location-text\">Rieti<\/span>\n                        <a href=\"https:\/\/eventiyoga.it\/eventi-yoga\/ritiro_del_silenzio_in_lazio_yoga_e_meditazione_armonia_nel_cuore-7159\" class=\"yoga-event-link \">Ritiro del Silenzio in Lazio | Yoga e Meditazione | Armonia nel Cuore<\/a>\n                    <\/div>\n                                                        <div class=\"yoga-event-item\">\n                        <span class=\"event-day\">09 Maggio<\/span>\n                        <span class = \"yoga-location-text\">Viterbo<\/span>\n                        <a href=\"https:\/\/eventiyoga.it\/eventi-yoga\/sutra_yoga_seminario_esperienziale_di_2_giorni_con_dayal-7312\" class=\"yoga-event-link \">Sutra &amp; Yoga \u2013 Seminario esperienziale di 2 giorni con Dayal<\/a>\n                    <\/div>\n                                                        <div class=\"yoga-event-item\">\n                        <span class=\"event-day\">13 Maggio<\/span>\n                        <span class = \"yoga-location-text\">Roma<\/span>\n                        <a href=\"https:\/\/eventiyoga.it\/eventi-yoga\/sessione_di_meditazione_guidata_anche_online-6131\" class=\"yoga-event-link \">SESSIONE DI MEDITAZIONE GUIDATA (anche online)<\/a>\n                    <\/div>\n                                                        <div class=\"yoga-event-item\">\n                        <span class=\"event-day\">15 Maggio<\/span>\n                        <span class = \"yoga-location-text\">Latina<\/span>\n                        <a href=\"https:\/\/eventiyoga.it\/eventi-yoga\/shree_yoga_retreat_al_mare-6516\" class=\"yoga-event-link \">SHREE YOGA RETREAT AL MARE<\/a>\n                    <\/div>\n                                                        <div class=\"yoga-event-item\">\n                        <span class=\"event-day\">15 Maggio<\/span>\n                        <span class = \"yoga-location-text\">Viterbo<\/span>\n                        <a href=\"https:\/\/eventiyoga.it\/eventi-yoga\/sole_luna_ritiro_esperenziale_integrazione_dell_energia_maschile_e_femminile-6922\" class=\"yoga-event-link \">Sole &amp; Luna: Ritiro esperenziale integrazione dell&#039;energia maschile e femminile <\/a>\n                    <\/div>\n                                                        <div class=\"yoga-event-item\">\n                        <span class=\"event-day\">15 Maggio<\/span>\n                        <span class = \"yoga-location-text\">Viterbo<\/span>\n                        <a href=\"https:\/\/eventiyoga.it\/eventi-yoga\/sole_e_luna_ritiro_esperienziale_nel_lazio-7300\" class=\"yoga-event-link \">Sole e Luna Ritiro Esperienziale nel Lazio<\/a>\n                    <\/div>\n                                                        <div class=\"yoga-event-item\">\n                        <span class=\"event-day\">15 Maggio<\/span>\n                        <span class = \"yoga-location-text\">Viterbo<\/span>\n                        <a href=\"https:\/\/eventiyoga.it\/eventi-yoga\/ritiro_santosha_l_arte_della_contentezza_consapevole-7292\" class=\"yoga-event-link \">Ritiro Santosha: l&#039;arte della Contentezza consapevole <\/a>\n                    <\/div>\n                                                        <div class=\"yoga-event-item\">\n                        <span class=\"event-day\">16 Maggio<\/span>\n                        <span class = \"yoga-location-text\">Roma<\/span>\n                        <a href=\"https:\/\/eventiyoga.it\/eventi-yoga\/seminario_di_reiki_1_livello_a_roma-6997\" class=\"yoga-event-link \">SEMINARIO DI REIKI - 1\u00b0 Livello a Roma<\/a>\n                    <\/div>\n                                                        <div class=\"yoga-event-item\">\n                        <span class=\"event-day\">16 Maggio<\/span>\n                        <span class = \"yoga-location-text\">Roma<\/span>\n                        <a href=\"https:\/\/eventiyoga.it\/eventi-yoga\/intensivo_di_kundalini_yoga_anahata_chakra_anche_online-6876\" class=\"yoga-event-link \">INTENSIVO DI KUNDALINI YOGA &quot;Anahata Chakra&quot; (anche online)<\/a>\n                    <\/div>\n                                                        <div class=\"yoga-event-item\">\n                        <span class=\"event-day\">17 Maggio<\/span>\n                        <span class = \"yoga-location-text\">Roma<\/span>\n                        <a href=\"https:\/\/eventiyoga.it\/eventi-yoga\/presentazione_corso_di_formazione_insegnanti_yoga-7242\" class=\"yoga-event-link \">Presentazione Corso di Formazione Insegnanti Yoga <\/a>\n                    <\/div>\n                                                        <div class=\"yoga-event-item\">\n                        <span class=\"event-day\">17 Maggio<\/span>\n                        <span class = \"yoga-location-text\">Roma<\/span>\n                        <a href=\"https:\/\/eventiyoga.it\/eventi-yoga\/intensivo_di_hatha_raja_yoga_anahata_chakra_anche_online-6877\" class=\"yoga-event-link \">INTENSIVO DI HATHA-RAJA YOGA &quot;Anahata Chakra&quot; (anche online)<\/a>\n                    <\/div>\n                                                        <div class=\"yoga-event-item\">\n                        <span class=\"event-day\">19 Maggio<\/span>\n                        <span class = \"yoga-location-text\">Roma<\/span>\n                        <a href=\"https:\/\/eventiyoga.it\/eventi-yoga\/sessione_di_mantra_yoga_anche_online-6104\" class=\"yoga-event-link \">SESSIONE DI MANTRA YOGA (anche online)<\/a>\n                    <\/div>\n                                                        <div class=\"yoga-event-item\">\n                        <span class=\"event-day\">20 Maggio<\/span>\n                        <span class = \"yoga-location-text\">Roma<\/span>\n                        <a href=\"https:\/\/eventiyoga.it\/eventi-yoga\/sessione_di_yoga_nidra_anche_online-6146\" class=\"yoga-event-link \">SESSIONE DI YOGA NIDRA (anche online)<\/a>\n                    <\/div>\n                                                        <div class=\"yoga-event-item\">\n                        <span class=\"event-day\">20 Maggio<\/span>\n                        <span class = \"yoga-location-text\">Frosinone<\/span>\n                        <a href=\"https:\/\/eventiyoga.it\/eventi-yoga\/yoga_cavalli_e_natura_ritiro_a_pescosolido_parco_nazionale_d_abruzzo-6668\" class=\"yoga-event-link \">Yoga, Cavalli e Natura: Ritiro a Pescosolido, Parco Nazionale d\u2019Abruzzo<\/a>\n                    <\/div>\n                                                        <div class=\"yoga-event-item\">\n                        <span class=\"event-day\">21 Maggio<\/span>\n                        <span class = \"yoga-location-text\">Frosinone<\/span>\n                        <a href=\"https:\/\/eventiyoga.it\/eventi-yoga\/ritiro_yoga_nella_natura_d_abruzzo-6447\" class=\"yoga-event-link \">Ritiro Yoga nella Natura d\u2019Abruzzo<\/a>\n                    <\/div>\n                                                        <div class=\"yoga-event-item\">\n                        <span class=\"event-day\">21 Maggio<\/span>\n                        <span class = \"yoga-location-text\">Frosinone<\/span>\n                        <a href=\"https:\/\/eventiyoga.it\/eventi-yoga\/yoga_e_passeggiata_meditativa_nel_parco_nazionale_d_abruzzo_versante_laziale-6412\" class=\"yoga-event-link \">Yoga e Passeggiata Meditativa nel parco nazionale d\u2019Abruzzo, versante Laziale<\/a>\n                    <\/div>\n                                                        <div class=\"yoga-event-item\">\n                        <span class=\"event-day\">22 Maggio<\/span>\n                        <span class = \"yoga-location-text\">Rieti<\/span>\n                        <a href=\"https:\/\/eventiyoga.it\/eventi-yoga\/risveglia_le_qualit_dell_anima_del_secondo_chakra_svadhisthana-6801\" class=\"yoga-event-link \">Risveglia le qualit\u00e0 dell&#039;anima del secondo chakra, svadhisthana<\/a>\n                    <\/div>\n                                                        <div class=\"yoga-event-item\">\n                        <span class=\"event-day\">23 Maggio<\/span>\n                        <span class = \"yoga-location-text\">Roma<\/span>\n                        <a href=\"https:\/\/eventiyoga.it\/eventi-yoga\/seminario_di_reiki_3_livello_e_master_a_roma-7007\" class=\"yoga-event-link \">SEMINARIO DI REIKI - 3\u00b0 Livello e Master a Roma<\/a>\n                    <\/div>\n                                                        <div class=\"yoga-event-item\">\n                        <span class=\"event-day\">27 Maggio<\/span>\n                        <span class = \"yoga-location-text\">Roma<\/span>\n                        <a href=\"https:\/\/eventiyoga.it\/eventi-yoga\/sessione_di_meditazione_guidata_anche_online-6132\" class=\"yoga-event-link \">SESSIONE DI MEDITAZIONE GUIDATA (anche online)<\/a>\n                    <\/div>\n                                                        <div class=\"yoga-event-item\">\n                        <span class=\"event-day\">27 Maggio<\/span>\n                        <span class = \"yoga-location-text\">Frosinone<\/span>\n                        <a href=\"https:\/\/eventiyoga.it\/eventi-yoga\/yoga_cavalli_e_natura_ritiro_a_pescosolido_parco_nazionale_d_abruzzo-6669\" class=\"yoga-event-link \">Yoga, Cavalli e Natura: Ritiro a Pescosolido, Parco Nazionale d\u2019Abruzzo<\/a>\n                    <\/div>\n                                                        <div class=\"yoga-event-item\">\n                        <span class=\"event-day\">28 Maggio<\/span>\n                        <span class = \"yoga-location-text\">Frosinone<\/span>\n                        <a href=\"https:\/\/eventiyoga.it\/eventi-yoga\/ritiro_yoga_nella_natura_d_abruzzo-6448\" class=\"yoga-event-link \">Ritiro Yoga nella Natura d\u2019Abruzzo<\/a>\n                    <\/div>\n                                                        <div class=\"yoga-event-item\">\n                        <span class=\"event-day\">28 Maggio<\/span>\n                        <span class = \"yoga-location-text\">Frosinone<\/span>\n                        <a href=\"https:\/\/eventiyoga.it\/eventi-yoga\/yoga_e_passeggiata_meditativa_nel_parco_nazionale_d_abruzzo_versante_laziale-6413\" class=\"yoga-event-link \">Yoga e Passeggiata Meditativa nel parco nazionale d\u2019Abruzzo, versante Laziale<\/a>\n                    <\/div>\n                                                        <div class=\"yoga-event-item\">\n                        <span class=\"event-day\">01 Giugno<\/span>\n                        <span class = \"yoga-location-text\">Roma<\/span>\n                        <a href=\"https:\/\/eventiyoga.it\/eventi-yoga\/dirette_online_yoga_meditazione_nidra_filosofia-6112\" class=\"yoga-event-link \">DIRETTE ONLINE \u2013 Yoga, Meditazione, Nidra, Filosofia\u2026<\/a>\n                    <\/div>\n                                                        <div class=\"yoga-event-item\">\n                        <span class=\"event-day\">01 Giugno<\/span>\n                        <span class = \"yoga-location-text\">Roma<\/span>\n                        <a href=\"https:\/\/eventiyoga.it\/eventi-yoga\/hatha_e_raja_yoga_a_porta_pia_anche_online-6156\" class=\"yoga-event-link \">HATHA E RAJA YOGA a Porta Pia (anche online)<\/a>\n                    <\/div>\n                                                        <div class=\"yoga-event-item\">\n                        <span class=\"event-day\">01 Giugno<\/span>\n                        <span class = \"yoga-location-text\">Roma<\/span>\n                        <a href=\"https:\/\/eventiyoga.it\/eventi-yoga\/sedute_individuali_di_yoga_reiki_e_massaggi-6119\" class=\"yoga-event-link \">SEDUTE INDIVIDUALI DI YOGA, REIKI E MASSAGGI<\/a>\n                    <\/div>\n                                                        <div class=\"yoga-event-item\">\n                        <span class=\"event-day\">01 Giugno<\/span>\n                        <span class = \"yoga-location-text\">Roma<\/span>\n                        <a href=\"https:\/\/eventiyoga.it\/eventi-yoga\/kundalini_yoga_a_porta_pia_anche_online-6163\" class=\"yoga-event-link \">KUNDALINI YOGA a Porta Pia (anche online)<\/a>\n                    <\/div>\n                                                        <div class=\"yoga-event-item\">\n                        <span class=\"event-day\">03 Giugno<\/span>\n                        <span class = \"yoga-location-text\">Roma<\/span>\n                        <a href=\"https:\/\/eventiyoga.it\/eventi-yoga\/sessione_di_yoga_nidra_anche_online-6147\" class=\"yoga-event-link \">SESSIONE DI YOGA NIDRA (anche online)<\/a>\n                    <\/div>\n                                                        <div class=\"yoga-event-item\">\n                        <span class=\"event-day\">03 Giugno<\/span>\n                        <span class = \"yoga-location-text\">Frosinone<\/span>\n                        <a href=\"https:\/\/eventiyoga.it\/eventi-yoga\/yoga_cavalli_e_natura_ritiro_a_pescosolido_parco_nazionale_d_abruzzo-6670\" class=\"yoga-event-link \">Yoga, Cavalli e Natura: Ritiro a Pescosolido, Parco Nazionale d\u2019Abruzzo<\/a>\n                    <\/div>\n                                                        <div class=\"yoga-event-item\">\n                        <span class=\"event-day\">04 Giugno<\/span>\n                        <span class = \"yoga-location-text\">Frosinone<\/span>\n                        <a href=\"https:\/\/eventiyoga.it\/eventi-yoga\/ritiro_yoga_nella_natura_d_abruzzo-6449\" class=\"yoga-event-link \">Ritiro Yoga nella Natura d\u2019Abruzzo<\/a>\n                    <\/div>\n                                                        <div class=\"yoga-event-item\">\n                        <span class=\"event-day\">04 Giugno<\/span>\n                        <span class = \"yoga-location-text\">Frosinone<\/span>\n                        <a href=\"https:\/\/eventiyoga.it\/eventi-yoga\/yoga_e_passeggiata_meditativa_nel_parco_nazionale_d_abruzzo_versante_laziale-6414\" class=\"yoga-event-link \">Yoga e Passeggiata Meditativa nel parco nazionale d\u2019Abruzzo, versante Laziale<\/a>\n                    <\/div>\n                                                        <div class=\"yoga-event-item\">\n                        <span class=\"event-day\">05 Giugno<\/span>\n                        <span class = \"yoga-location-text\">Roma<\/span>\n                        <a href=\"https:\/\/eventiyoga.it\/eventi-yoga\/ritiro_del_silenzio_meditazione_ama_te_stesso-7112\" class=\"yoga-event-link \">RITIRO del SILENZIO-MEDITAZIONE: AMA TE STESSO<\/a>\n                    <\/div>\n                                                        <div class=\"yoga-event-item\">\n                        <span class=\"event-day\">10 Giugno<\/span>\n                        <span class = \"yoga-location-text\">Roma<\/span>\n                        <a href=\"https:\/\/eventiyoga.it\/eventi-yoga\/sessione_di_meditazione_guidata_anche_online-6133\" class=\"yoga-event-link \">SESSIONE DI MEDITAZIONE GUIDATA (anche online)<\/a>\n                    <\/div>\n                                                        <div class=\"yoga-event-item\">\n                        <span class=\"event-day\">10 Giugno<\/span>\n                        <span class = \"yoga-location-text\">Frosinone<\/span>\n                        <a href=\"https:\/\/eventiyoga.it\/eventi-yoga\/yoga_cavalli_e_natura_ritiro_a_pescosolido_parco_nazionale_d_abruzzo-6671\" class=\"yoga-event-link \">Yoga, Cavalli e Natura: Ritiro a Pescosolido, Parco Nazionale d\u2019Abruzzo<\/a>\n                    <\/div>\n                                                        <div class=\"yoga-event-item\">\n                        <span class=\"event-day\">11 Giugno<\/span>\n                        <span class = \"yoga-location-text\">Frosinone<\/span>\n                        <a href=\"https:\/\/eventiyoga.it\/eventi-yoga\/ritiro_yoga_nella_natura_d_abruzzo-6450\" class=\"yoga-event-link \">Ritiro Yoga nella Natura d\u2019Abruzzo<\/a>\n                    <\/div>\n                                                        <div class=\"yoga-event-item\">\n                        <span class=\"event-day\">11 Giugno<\/span>\n                        <span class = \"yoga-location-text\">Frosinone<\/span>\n                        <a href=\"https:\/\/eventiyoga.it\/eventi-yoga\/yoga_e_passeggiata_meditativa_nel_parco_nazionale_d_abruzzo_versante_laziale-6416\" class=\"yoga-event-link \">Yoga e Passeggiata Meditativa nel parco nazionale d\u2019Abruzzo, versante Laziale<\/a>\n                    <\/div>\n                                                        <div class=\"yoga-event-item\">\n                        <span class=\"event-day\">12 Giugno<\/span>\n                        <span class = \"yoga-location-text\">Roma<\/span>\n                        <a href=\"https:\/\/eventiyoga.it\/eventi-yoga\/lento_fluire_un_ritiro_di_yoga_e_presenza-6569\" class=\"yoga-event-link \">Lento Fluire: un ritiro di Yoga e Presenza<\/a>\n                    <\/div>\n                                                        <div class=\"yoga-event-item\">\n                        <span class=\"event-day\">12 Giugno<\/span>\n                        <span class = \"yoga-location-text\">Viterbo<\/span>\n                        <a href=\"https:\/\/eventiyoga.it\/eventi-yoga\/frequenze_interiori_esperienza_immersiva_dedicata_all_ascolto-6749\" class=\"yoga-event-link \">Frequenze Interiori - Esperienza immersiva dedicata all&#039;Ascolto<\/a>\n                    <\/div>\n                                                        <div class=\"yoga-event-item\">\n                        <span class=\"event-day\">14 Giugno<\/span>\n                        <span class = \"yoga-location-text\">Roma<\/span>\n                        <a href=\"https:\/\/eventiyoga.it\/eventi-yoga\/seminario_di_reiki_2_livello_a_roma-7004\" class=\"yoga-event-link \">SEMINARIO DI REIKI - 2\u00b0 Livello a Roma<\/a>\n                    <\/div>\n                                                        <div class=\"yoga-event-item\">\n                        <span class=\"event-day\">16 Giugno<\/span>\n                        <span class = \"yoga-location-text\">Roma<\/span>\n                        <a href=\"https:\/\/eventiyoga.it\/eventi-yoga\/sessione_di_mantra_yoga_anche_online-6105\" class=\"yoga-event-link \">SESSIONE DI MANTRA YOGA (anche online)<\/a>\n                    <\/div>\n                                                        <div class=\"yoga-event-item\">\n                        <span class=\"event-day\">17 Giugno<\/span>\n                        <span class = \"yoga-location-text\">Roma<\/span>\n                        <a href=\"https:\/\/eventiyoga.it\/eventi-yoga\/sessione_di_yoga_nidra_anche_online-6148\" class=\"yoga-event-link \">SESSIONE DI YOGA NIDRA (anche online)<\/a>\n                    <\/div>\n                                                        <div class=\"yoga-event-item\">\n                        <span class=\"event-day\">19 Giugno<\/span>\n                        <span class = \"yoga-location-text\">Roma<\/span>\n                        <a href=\"https:\/\/eventiyoga.it\/eventi-yoga\/vyayama_finch_tutto_dentro_torna_limpido_solstizio_d_estate_vince_la_luce-6958\" class=\"yoga-event-link \">VYAYAMA - Finch\u00e9 tutto dentro torna limpido. Solstizio d\u2019Estate - vince la Luce<\/a>\n                    <\/div>\n                                                        <div class=\"yoga-event-item\">\n                        <span class=\"event-day\">20 Giugno<\/span>\n                        <span class = \"yoga-location-text\">Roma<\/span>\n                        <a href=\"https:\/\/eventiyoga.it\/eventi-yoga\/seminario_di_reiki_1_livello_a_roma-6998\" class=\"yoga-event-link \">SEMINARIO DI REIKI - 1\u00b0 Livello a Roma<\/a>\n                    <\/div>\n                            <\/div>\n        <\/div>\n        \n\n\n\n<h3 class=\"wp-block-heading\" id=\"h-weekend-in-abruzzo\"><span class=\"ez-toc-section\" id=\"Weekend_in_Abruzzo\"><\/span>Weekend in Abruzzo<span class=\"ez-toc-section-end\"><\/span><\/h3>\n\n\n\n<p>E&#8217; una di quelle regioni che sorprendono ed emozionano sempre; ricca di&nbsp;<em><strong>saperi, sapori, paesaggi, tradizioni<\/strong>.<\/em><\/p>\n\n\n\n<div class=\"wp-block-media-text alignwide is-stacked-on-mobile\"><figure class=\"wp-block-media-text__media\"><img decoding=\"async\" src=\"data:image\/gif;base64,R0lGODlhAQABAIAAAAAAAP\/\/\/yH5BAEAAAAALAAAAAABAAEAAAIBRAA7\" data-src=\"https:\/\/eventiyoga.it\/blog\/wp-content\/uploads\/2023\/01\/Ritiro-Yoga-Abruzzo-Ariele-Pittala\u0300-1-1024x768.jpg\" alt=\"Ritiro Yoga Abruzzo - Ariele Pittala\u0300\" class=\"wp-image-50158 size-full\"\/><noscript><img decoding=\"async\" src=\"https:\/\/eventiyoga.it\/blog\/wp-content\/uploads\/2023\/01\/Ritiro-Yoga-Abruzzo-Ariele-Pittala\u0300-1-1024x768.jpg\" alt=\"Ritiro Yoga Abruzzo - Ariele Pittala\u0300\" class=\"wp-image-50158 size-full\"\/><\/noscript><\/figure><div class=\"wp-block-media-text__content\">\n<p class=\"has-large-font-size\">Abruzzo<\/p>\n<\/div><\/div>\n\n\n\n<hr class=\"wp-block-separator has-text-color has-white-color has-css-opacity has-white-background-color has-background\"\/>\n\n\n\n<h4 class=\"wp-block-heading\" id=\"h-offerte-weekend-abruzzo\"><meta charset=\"utf-8\">Offerte weekend Abruzzo<\/h4>\n\n\n\n<hr class=\"wp-block-separator has-text-color has-white-color has-css-opacity has-white-background-color has-background\"\/>\n\n\n        <div class=\"yoga-events-container\">\n            <div class=\"yoga-events-list\">\n                                                        <div class=\"yoga-event-item\">\n                        <span class=\"event-day\">01 Maggio<\/span>\n                        <span class = \"yoga-location-text\">Teramo<\/span>\n                        <a href=\"https:\/\/eventiyoga.it\/eventi-yoga\/ponte_del_01_maggio_in_abruzzo-7218\" class=\"yoga-event-link \">Ponte del 01 Maggio in Abruzzo <\/a>\n                    <\/div>\n                                                        <div class=\"yoga-event-item\">\n                        <span class=\"event-day\">01 Maggio<\/span>\n                        <span class = \"yoga-location-text\">Teramo<\/span>\n                        <a href=\"https:\/\/eventiyoga.it\/eventi-yoga\/in_bloom_fiorisci-6548\" class=\"yoga-event-link \">IN BLOOM (FIORISCI)<\/a>\n                    <\/div>\n                                                        <div class=\"yoga-event-item\">\n                        <span class=\"event-day\">04 Giugno<\/span>\n                        <span class = \"yoga-location-text\">L&#039;Aquila<\/span>\n                        <a href=\"https:\/\/eventiyoga.it\/eventi-yoga\/ritiro_yoga_in_abruzzo_i_laghi_del_parco_nazionale_sport_e_bike_e_rafting-7308\" class=\"yoga-event-link \">Ritiro Yoga in Abruzzo | I laghi del Parco Nazionale, sport e-bike e rafting<\/a>\n                    <\/div>\n                                                        <div class=\"yoga-event-item\">\n                        <span class=\"event-day\">16 Luglio<\/span>\n                        <span class = \"yoga-location-text\">Teramo<\/span>\n                        <a href=\"https:\/\/eventiyoga.it\/eventi-yoga\/refresh_retreat-7330\" class=\"yoga-event-link \">REFRESH RETREAT<\/a>\n                    <\/div>\n                                                        <div class=\"yoga-event-item\">\n                        <span class=\"event-day\">15 Agosto<\/span>\n                        <span class = \"yoga-location-text\">Teramo<\/span>\n                        <a href=\"https:\/\/eventiyoga.it\/eventi-yoga\/vacanza_yoga_dal_15_al_21_agosto_in_abruzzo-7258\" class=\"yoga-event-link \">VACANZA YOGA DAL 15 AL 21 AGOSTO IN ABRUZZO<\/a>\n                    <\/div>\n                            <\/div>\n        <\/div>\n        \n\n\n\n<h2 class=\"wp-block-heading\"><span class=\"ez-toc-section\" id=\"Come_trovare_offerte_week-end_yoga_su_Eventi_Yoga\"><\/span>Come trovare offerte week-end yoga su Eventi Yoga?<span class=\"ez-toc-section-end\"><\/span><\/h2>\n\n\n\n<p>Su Eventi Yoga puoi trovare una larga proposta di offerte last minute week end e di offerte weekend yoga e meditazione, suddivise per regione e per mese. <\/p>\n\n\n\n<p><em>La consultazione \u00e8 semplice e immediata. <\/em><\/p>\n\n\n\n<ul class=\"wp-block-list\">\n<li><a class=\"ek-link\" href=\"https:\/\/eventiyoga.it\/blog\/yoga-nel-fine-settimana-gennaio\/\">Offerte Weekend Gennaio<\/a><\/li>\n\n\n\n<li><a class=\"ek-link\" href=\"https:\/\/eventiyoga.it\/blog\/weekend-yoga-a-febbraio\/\">Offerte Weekend Febbraio<\/a><\/li>\n\n\n\n<li><a class=\"ek-link\" href=\"https:\/\/eventiyoga.it\/blog\/weekend-yoga-a-marzo\/\">Offerte Week end Marzo<\/a><\/li>\n\n\n\n<li><a class=\"ek-link\" href=\"https:\/\/eventiyoga.it\/blog\/weekend-yoga-ad-aprile\/\">Offerte Week end Aprile<\/a><\/li>\n\n\n\n<li><a class=\"ek-link\" href=\"https:\/\/eventiyoga.it\/blog\/weekend-yoga-a-maggio\/\">Offerte Weekend Maggio<\/a><\/li>\n\n\n\n<li><a class=\"ek-link\" href=\"https:\/\/eventiyoga.it\/blog\/weekend-yoga-a-giugno\/\">Offerte Weekend Giugno<\/a><\/li>\n\n\n\n<li><a class=\"ek-link\" href=\"https:\/\/eventiyoga.it\/blog\/weekend-yoga-a-luglio\/\">Offerte Weekend Luglio<\/a><\/li>\n\n\n\n<li><a class=\"ek-link\" href=\"https:\/\/eventiyoga.it\/blog\/weekend-yoga-ad-agosto\/\">Offerte Weekend Agosto<\/a><\/li>\n\n\n\n<li><a class=\"ek-link\" href=\"https:\/\/eventiyoga.it\/blog\/weekend-yoga-settembre\/\">Offerte Week-end Settembre<\/a><\/li>\n\n\n\n<li><a class=\"ek-link\" href=\"https:\/\/eventiyoga.it\/blog\/yoga-fine-settimana-ottobre\/\">Offerte Week-end yoga Ottobre<\/a><\/li>\n\n\n\n<li><a class=\"ek-link\" href=\"https:\/\/eventiyoga.it\/blog\/yoga-eventi-fine-settimana-novembre\/\">Offerte Week-end Novembre<\/a><\/li>\n\n\n\n<li><a class=\"ek-link\" href=\"https:\/\/eventiyoga.it\/blog\/yoga-fine-settimana-dicembre\/\">Offerte Week end Dicembre<\/a><\/li>\n<\/ul>\n\n\n\n<p><strong>Altre risorse utili<\/strong><\/p>\n\n\n\n<p><a href=\"https:\/\/eventiyoga.it\/blog\/weekend-yoga\/\" class=\"ek-link\">Weekend yoga: consigli utili e proposte<\/a><\/p>\n\n\n\n<p><a href=\"https:\/\/eventiyoga.it\/blog\/yoga-principianti\/\" class=\"ek-link\">Yoga principianti: consigli utili per chi inizia da zero<\/a><\/p>\n\n\n\n<p><a href=\"https:\/\/eventiyoga.it\/blog\/yoga-per-principianti\/\" class=\"ek-link\">Yoga per principianti: guida completa per iniziare<\/a><\/p>\n\n\n\n<p><a href=\"https:\/\/eventiyoga.it\/blog\/errori-principianti-yoga\/\" class=\"ek-link\">10 Errori dei Principianti Yoga da evitare<\/a><\/p>\n\n\n\n<p><strong>Scarica l\u2019App Eventi Yoga<\/strong><\/p>\n\n\n\n<p>Il pi\u00f9 grande catalogo degli eventi di yoga in Italia di Eventiyoga.it sempre a portata di mano! Centinaia di vacanze, ritiri, viaggi e corsi di yoga per tutti i gusti da scegliere con un click. Per trovare la proposta ideale per te, prenotare subito e godere dei benefici della <a href=\"https:\/\/eventiyoga.it\/blog\/vacanze-yoga-2\/\">vacanza yoga<\/a> e meditazione.<\/p>\n\n\n\n<p class=\"has-text-align-center\">Scarica ora l\u2019app EventiYoga<\/p>\n\n\n\n<figure class=\"wp-block-image\"><img decoding=\"async\" src=\"data:image\/gif;base64,R0lGODlhAQABAIAAAAAAAP\/\/\/yH5BAEAAAAALAAAAAABAAEAAAIBRAA7\" data-src=\"https:\/\/eventiyoga.it\/blog\/wp-content\/uploads\/2020\/09\/scarica_app_eventiyoga-1.jpg\" alt=\"Scegliere un ritiro yoga: scarica l'App EventiYoga per prenotare il tuo prossimo viaggio \" class=\"wp-image-23454\"\/><noscript><img loading=\"lazy\" decoding=\"async\" width=\"1024\" height=\"768\" src=\"https:\/\/eventiyoga.it\/blog\/wp-content\/uploads\/2020\/09\/scarica_app_eventiyoga-1.jpg\" alt=\"Scegliere un ritiro yoga: scarica l'App EventiYoga per prenotare il tuo prossimo viaggio \" class=\"wp-image-23454\" srcset=\"https:\/\/eventiyoga.it\/blog\/wp-content\/uploads\/2020\/09\/scarica_app_eventiyoga-1.jpg 1024w, https:\/\/eventiyoga.it\/blog\/wp-content\/uploads\/2020\/09\/scarica_app_eventiyoga-1-300x225.jpg 300w, https:\/\/eventiyoga.it\/blog\/wp-content\/uploads\/2020\/09\/scarica_app_eventiyoga-1-768x576.jpg 768w, https:\/\/eventiyoga.it\/blog\/wp-content\/uploads\/2020\/09\/scarica_app_eventiyoga-1-200x150.jpg 200w, https:\/\/eventiyoga.it\/blog\/wp-content\/uploads\/2020\/09\/scarica_app_eventiyoga-1-600x450.jpg 600w\" sizes=\"auto, (max-width: 1024px) 100vw, 1024px\" \/><\/noscript><\/figure>\n\n\n\n<p class=\"has-text-align-center\"><a aria-label=\" (opens in a new tab)\" href=\"https:\/\/apps.apple.com\/us\/app\/id1514783292\" target=\"_blank\" rel=\"noreferrer noopener sponsored\" class=\"ek-link\">per iOS<\/a> |  <a aria-label=\" (opens in a new tab)\" href=\"https:\/\/play.google.com\/store\/apps\/details?id=com.maugry.yoga\" target=\"_blank\" rel=\"noreferrer noopener sponsored\" class=\"ek-link\">per Android<\/a><\/p>\n\n\n\n<p id=\"h-iscriviti-alla-newsletter\">I<strong>scriviti alla newsletter<\/strong><\/p>\n\n\n\n<p>Resta sempre aggiornato sulle iniziative yoga in Italia. Sei alle prime armi con lo yoga, un praticante o un insegnante? Inviamo ogni settimana solo notizie rilevanti per te!<\/p>\n\n\n\n<figure class=\"wp-block-image caption-align-center\"><a href=\"https:\/\/eventiyoga.it\/blog\/newsletter-eventi-yoga\/\"><img decoding=\"async\" src=\"data:image\/gif;base64,R0lGODlhAQABAIAAAAAAAP\/\/\/yH5BAEAAAAALAAAAAABAAEAAAIBRAA7\" data-src=\"https:\/\/eventiyoga.it\/blog\/wp-content\/uploads\/2019\/10\/Banner-Iscrizione-NL.jpg\" alt=\"Iscriviti alla Newsletter \u2013 Per te subito un Bonus!\" class=\"wp-image-16731\"\/><noscript><img decoding=\"async\" src=\"https:\/\/eventiyoga.it\/blog\/wp-content\/uploads\/2019\/10\/Banner-Iscrizione-NL.jpg\" alt=\"Iscriviti alla Newsletter \u2013 Per te subito un Bonus!\" class=\"wp-image-16731\"\/><\/noscript><\/a><figcaption class=\"wp-element-caption\">Iscriviti alla Newsletter \u2013 Per te subito un Bonus!<\/figcaption><\/figure>\n","protected":false},"excerpt":{"rendered":"<p>Per rigenerarsi non \u00e8 necessario dover fare un viaggio in lidi lontani o prendersi un tempo lungo. A volte basta staccare anche solo per un paio di giorni, purch\u00e9 si vada in un luogo che faccia stare bene e soprattutto si faccia qualcosa per noi stessi. Sar\u00e0 capitato anche a te di trascorrere un fine [&hellip;]<\/p>\n","protected":false},"author":363,"featured_media":47055,"comment_status":"open","ping_status":"open","sticky":false,"template":"","format":"standard","meta":{"_acf_changed":false,"_editorskit_title_hidden":false,"_editorskit_reading_time":7,"_editorskit_is_block_options_detached":false,"_editorskit_block_options_position":"{}","footnotes":""},"categories":[137],"tags":[44033],"class_list":["post-47053","post","type-post","status-publish","format-standard","has-post-thumbnail","hentry","category-benessere","tag-offerte-week-end"],"acf":[],"yoast_head":"<!-- This site is optimized with the Yoast SEO plugin v26.4 - https:\/\/yoast.com\/wordpress\/plugins\/seo\/ -->\n<title>Offerte week end benessere e yoga in Italia - Eventi Yoga<\/title>\n<meta name=\"description\" content=\"Offerte week end benessere e yoga in Italia. I benefici dei week end yoga e come trovare le migliori offerte, prenotare e partire.\" \/>\n<meta name=\"robots\" content=\"index, follow, max-snippet:-1, max-image-preview:large, max-video-preview:-1\" \/>\n<link rel=\"canonical\" href=\"https:\/\/eventiyoga.it\/blog\/offerte-week-end\/\" \/>\n<meta property=\"og:locale\" content=\"en_US\" \/>\n<meta property=\"og:type\" content=\"article\" \/>\n<meta property=\"og:title\" content=\"Offerte week end benessere e yoga in Italia - Eventi Yoga\" \/>\n<meta property=\"og:description\" content=\"Offerte week end benessere e yoga in Italia. I benefici dei week end yoga e come trovare le migliori offerte, prenotare e partire.\" \/>\n<meta property=\"og:url\" content=\"https:\/\/eventiyoga.it\/blog\/offerte-week-end\/\" \/>\n<meta property=\"og:site_name\" content=\"Eventi Yoga\" \/>\n<meta property=\"article:published_time\" content=\"2024-01-10T07:12:00+00:00\" \/>\n<meta property=\"article:modified_time\" content=\"2025-12-13T12:14:50+00:00\" \/>\n<meta property=\"og:image\" content=\"https:\/\/eventiyoga.it\/blog\/wp-content\/uploads\/2022\/08\/Offerte_week_end_benessere_yoga_Italia_FACEBOOK.png\" \/>\n\t<meta property=\"og:image:width\" content=\"1024\" \/>\n\t<meta property=\"og:image:height\" content=\"768\" \/>\n\t<meta property=\"og:image:type\" content=\"image\/png\" \/>\n<meta name=\"twitter:card\" content=\"summary_large_image\" \/>\n<meta name=\"twitter:label1\" content=\"Written by\" \/>\n\t<meta name=\"twitter:data1\" content=\"\" \/>\n\t<meta name=\"twitter:label2\" content=\"Est. reading time\" \/>\n\t<meta name=\"twitter:data2\" content=\"12 minutes\" \/>\n<script type=\"application\/ld+json\" class=\"yoast-schema-graph\">{\"@context\":\"https:\/\/schema.org\",\"@graph\":[{\"@type\":\"WebPage\",\"@id\":\"https:\/\/eventiyoga.it\/blog\/offerte-week-end\/\",\"url\":\"https:\/\/eventiyoga.it\/blog\/offerte-week-end\/\",\"name\":\"Offerte week end benessere e yoga in Italia - Eventi Yoga\",\"isPartOf\":{\"@id\":\"https:\/\/eventiyoga.it\/blog\/#website\"},\"primaryImageOfPage\":{\"@id\":\"https:\/\/eventiyoga.it\/blog\/offerte-week-end\/#primaryimage\"},\"image\":{\"@id\":\"https:\/\/eventiyoga.it\/blog\/offerte-week-end\/#primaryimage\"},\"thumbnailUrl\":\"https:\/\/eventiyoga.it\/blog\/wp-content\/uploads\/2022\/08\/Offerte_week_end_benessere_yoga_Italia_FACEBOOK.png\",\"datePublished\":\"2024-01-10T07:12:00+00:00\",\"dateModified\":\"2025-12-13T12:14:50+00:00\",\"author\":{\"@id\":\"\"},\"description\":\"Offerte week end benessere e yoga in Italia. I benefici dei week end yoga e come trovare le migliori offerte, prenotare e partire.\",\"breadcrumb\":{\"@id\":\"https:\/\/eventiyoga.it\/blog\/offerte-week-end\/#breadcrumb\"},\"inLanguage\":\"en-US\",\"potentialAction\":[{\"@type\":\"ReadAction\",\"target\":[\"https:\/\/eventiyoga.it\/blog\/offerte-week-end\/\"]}]},{\"@type\":\"ImageObject\",\"inLanguage\":\"en-US\",\"@id\":\"https:\/\/eventiyoga.it\/blog\/offerte-week-end\/#primaryimage\",\"url\":\"https:\/\/eventiyoga.it\/blog\/wp-content\/uploads\/2022\/08\/Offerte_week_end_benessere_yoga_Italia_FACEBOOK.png\",\"contentUrl\":\"https:\/\/eventiyoga.it\/blog\/wp-content\/uploads\/2022\/08\/Offerte_week_end_benessere_yoga_Italia_FACEBOOK.png\",\"width\":1024,\"height\":768,\"caption\":\"offerte week end\"},{\"@type\":\"BreadcrumbList\",\"@id\":\"https:\/\/eventiyoga.it\/blog\/offerte-week-end\/#breadcrumb\",\"itemListElement\":[{\"@type\":\"ListItem\",\"position\":1,\"name\":\"Home\",\"item\":\"https:\/\/eventiyoga.it\/blog\/\"},{\"@type\":\"ListItem\",\"position\":2,\"name\":\"Offerte week end benessere e yoga in Italia\"}]},{\"@type\":\"WebSite\",\"@id\":\"https:\/\/eventiyoga.it\/blog\/#website\",\"url\":\"https:\/\/eventiyoga.it\/blog\/\",\"name\":\"Eventi Yoga\",\"description\":\"Il portale Italiano per gli eventi dello yoga\",\"potentialAction\":[{\"@type\":\"SearchAction\",\"target\":{\"@type\":\"EntryPoint\",\"urlTemplate\":\"https:\/\/eventiyoga.it\/blog\/?s={search_term_string}\"},\"query-input\":{\"@type\":\"PropertyValueSpecification\",\"valueRequired\":true,\"valueName\":\"search_term_string\"}}],\"inLanguage\":\"en-US\"},{\"@type\":\"Person\",\"@id\":\"\",\"url\":\"https:\/\/eventiyoga.it\/blog\/author\/\"}]}<\/script>\n<!-- \/ Yoast SEO plugin. -->","yoast_head_json":{"title":"Offerte week end benessere e yoga in Italia - Eventi Yoga","description":"Offerte week end benessere e yoga in Italia. I benefici dei week end yoga e come trovare le migliori offerte, prenotare e partire.","robots":{"index":"index","follow":"follow","max-snippet":"max-snippet:-1","max-image-preview":"max-image-preview:large","max-video-preview":"max-video-preview:-1"},"canonical":"https:\/\/eventiyoga.it\/blog\/offerte-week-end\/","og_locale":"en_US","og_type":"article","og_title":"Offerte week end benessere e yoga in Italia - Eventi Yoga","og_description":"Offerte week end benessere e yoga in Italia. I benefici dei week end yoga e come trovare le migliori offerte, prenotare e partire.","og_url":"https:\/\/eventiyoga.it\/blog\/offerte-week-end\/","og_site_name":"Eventi Yoga","article_published_time":"2024-01-10T07:12:00+00:00","article_modified_time":"2025-12-13T12:14:50+00:00","og_image":[{"width":1024,"height":768,"url":"https:\/\/eventiyoga.it\/blog\/wp-content\/uploads\/2022\/08\/Offerte_week_end_benessere_yoga_Italia_FACEBOOK.png","type":"image\/png"}],"twitter_card":"summary_large_image","twitter_misc":{"Written by":"","Est. reading time":"12 minutes"},"schema":{"@context":"https:\/\/schema.org","@graph":[{"@type":"WebPage","@id":"https:\/\/eventiyoga.it\/blog\/offerte-week-end\/","url":"https:\/\/eventiyoga.it\/blog\/offerte-week-end\/","name":"Offerte week end benessere e yoga in Italia - Eventi Yoga","isPartOf":{"@id":"https:\/\/eventiyoga.it\/blog\/#website"},"primaryImageOfPage":{"@id":"https:\/\/eventiyoga.it\/blog\/offerte-week-end\/#primaryimage"},"image":{"@id":"https:\/\/eventiyoga.it\/blog\/offerte-week-end\/#primaryimage"},"thumbnailUrl":"https:\/\/eventiyoga.it\/blog\/wp-content\/uploads\/2022\/08\/Offerte_week_end_benessere_yoga_Italia_FACEBOOK.png","datePublished":"2024-01-10T07:12:00+00:00","dateModified":"2025-12-13T12:14:50+00:00","author":{"@id":""},"description":"Offerte week end benessere e yoga in Italia. I benefici dei week end yoga e come trovare le migliori offerte, prenotare e partire.","breadcrumb":{"@id":"https:\/\/eventiyoga.it\/blog\/offerte-week-end\/#breadcrumb"},"inLanguage":"en-US","potentialAction":[{"@type":"ReadAction","target":["https:\/\/eventiyoga.it\/blog\/offerte-week-end\/"]}]},{"@type":"ImageObject","inLanguage":"en-US","@id":"https:\/\/eventiyoga.it\/blog\/offerte-week-end\/#primaryimage","url":"https:\/\/eventiyoga.it\/blog\/wp-content\/uploads\/2022\/08\/Offerte_week_end_benessere_yoga_Italia_FACEBOOK.png","contentUrl":"https:\/\/eventiyoga.it\/blog\/wp-content\/uploads\/2022\/08\/Offerte_week_end_benessere_yoga_Italia_FACEBOOK.png","width":1024,"height":768,"caption":"offerte week end"},{"@type":"BreadcrumbList","@id":"https:\/\/eventiyoga.it\/blog\/offerte-week-end\/#breadcrumb","itemListElement":[{"@type":"ListItem","position":1,"name":"Home","item":"https:\/\/eventiyoga.it\/blog\/"},{"@type":"ListItem","position":2,"name":"Offerte week end benessere e yoga in Italia"}]},{"@type":"WebSite","@id":"https:\/\/eventiyoga.it\/blog\/#website","url":"https:\/\/eventiyoga.it\/blog\/","name":"Eventi Yoga","description":"Il portale Italiano per gli eventi dello yoga","potentialAction":[{"@type":"SearchAction","target":{"@type":"EntryPoint","urlTemplate":"https:\/\/eventiyoga.it\/blog\/?s={search_term_string}"},"query-input":{"@type":"PropertyValueSpecification","valueRequired":true,"valueName":"search_term_string"}}],"inLanguage":"en-US"},{"@type":"Person","@id":"","url":"https:\/\/eventiyoga.it\/blog\/author\/"}]}},"_links":{"self":[{"href":"https:\/\/eventiyoga.it\/blog\/wp-json\/wp\/v2\/posts\/47053","targetHints":{"allow":["GET"]}}],"collection":[{"href":"https:\/\/eventiyoga.it\/blog\/wp-json\/wp\/v2\/posts"}],"about":[{"href":"https:\/\/eventiyoga.it\/blog\/wp-json\/wp\/v2\/types\/post"}],"author":[{"embeddable":true,"href":"https:\/\/eventiyoga.it\/blog\/wp-json\/wp\/v2\/users\/363"}],"replies":[{"embeddable":true,"href":"https:\/\/eventiyoga.it\/blog\/wp-json\/wp\/v2\/comments?post=47053"}],"version-history":[{"count":1,"href":"https:\/\/eventiyoga.it\/blog\/wp-json\/wp\/v2\/posts\/47053\/revisions"}],"predecessor-version":[{"id":71718,"href":"https:\/\/eventiyoga.it\/blog\/wp-json\/wp\/v2\/posts\/47053\/revisions\/71718"}],"wp:featuredmedia":[{"embeddable":true,"href":"https:\/\/eventiyoga.it\/blog\/wp-json\/wp\/v2\/media\/47055"}],"wp:attachment":[{"href":"https:\/\/eventiyoga.it\/blog\/wp-json\/wp\/v2\/media?parent=47053"}],"wp:term":[{"taxonomy":"category","embeddable":true,"href":"https:\/\/eventiyoga.it\/blog\/wp-json\/wp\/v2\/categories?post=47053"},{"taxonomy":"post_tag","embeddable":true,"href":"https:\/\/eventiyoga.it\/blog\/wp-json\/wp\/v2\/tags?post=47053"}],"curies":[{"name":"wp","href":"https:\/\/api.w.org\/{rel}","templated":true}]}}