{"id":49556,"date":"2022-12-27T17:07:03","date_gmt":"2022-12-27T16:07:03","guid":{"rendered":"https:\/\/eventiyoga.it\/blog\/?p=49556"},"modified":"2024-01-12T09:53:37","modified_gmt":"2024-01-12T08:53:37","slug":"colori-chakra","status":"publish","type":"post","link":"https:\/\/eventiyoga.it\/blog\/colori-chakra\/","title":{"rendered":"Colori Chakra: i colori dei 7 chakra e perch\u00e9 conoscerli"},"content":{"rendered":"\n<p id=\"h-i-7-chakra-sono-una-parte-importante-della-vita-di-ognuno-di-noi-conoscere-cosa-sono-il-loro-significato-e-il-colore-che-hanno-ci-consente-di-imparare-a-riequilibrare-i-nostri-chakra-e-godere-di-una-vita-pi-sana-e-felice\">I 7 chakra sono una parte importante della vita di ognuno di noi. Conoscere cosa sono, il loro significato e il colore che hanno, ci consente di imparare a riequilibrare i nostri chakra e godere di una vita pi\u00f9 sana e felice.<\/p>\n\n\n\n<p>I sette chakra principali sono situati lungo la colonna vertebrale, dal basso all&#8217;alto. Ognuno di essi \u00e8 associato a un colore specifico.<\/p>\n\n\n\n<div id=\"ez-toc-container\" class=\"ez-toc-v2_0_68_1 counter-hierarchy ez-toc-counter ez-toc-grey ez-toc-container-direction\">\n<div class=\"ez-toc-title-container\">\n<p class=\"ez-toc-title \" >Indice<\/p>\n<span class=\"ez-toc-title-toggle\"><a href=\"#\" class=\"ez-toc-pull-right ez-toc-btn ez-toc-btn-xs ez-toc-btn-default ez-toc-toggle\" aria-label=\"Toggle Table of Content\"><span class=\"ez-toc-js-icon-con\"><span class=\"\"><span class=\"eztoc-hide\" style=\"display:none;\">Toggle<\/span><span class=\"ez-toc-icon-toggle-span\"><svg style=\"fill: #999;color:#999\" xmlns=\"http:\/\/www.w3.org\/2000\/svg\" class=\"list-377408\" width=\"20px\" height=\"20px\" viewBox=\"0 0 24 24\" fill=\"none\"><path d=\"M6 6H4v2h2V6zm14 0H8v2h12V6zM4 11h2v2H4v-2zm16 0H8v2h12v-2zM4 16h2v2H4v-2zm16 0H8v2h12v-2z\" fill=\"currentColor\"><\/path><\/svg><svg style=\"fill: #999;color:#999\" class=\"arrow-unsorted-368013\" xmlns=\"http:\/\/www.w3.org\/2000\/svg\" width=\"10px\" height=\"10px\" viewBox=\"0 0 24 24\" version=\"1.2\" baseProfile=\"tiny\"><path d=\"M18.2 9.3l-6.2-6.3-6.2 6.3c-.2.2-.3.4-.3.7s.1.5.3.7c.2.2.4.3.7.3h11c.3 0 .5-.1.7-.3.2-.2.3-.5.3-.7s-.1-.5-.3-.7zM5.8 14.7l6.2 6.3 6.2-6.3c.2-.2.3-.5.3-.7s-.1-.5-.3-.7c-.2-.2-.4-.3-.7-.3h-11c-.3 0-.5.1-.7.3-.2.2-.3.5-.3.7s.1.5.3.7z\"\/><\/svg><\/span><\/span><\/span><\/a><\/span><\/div>\n<nav><ul class='ez-toc-list ez-toc-list-level-1 ' ><li class='ez-toc-page-1 ez-toc-heading-level-2'><a class=\"ez-toc-link ez-toc-heading-1\" href=\"https:\/\/eventiyoga.it\/blog\/colori-chakra\/#Cosa_sono_i_7_chakra_e_dove_si_trovano\" title=\"Cosa sono i 7 chakra e dove si trovano\">Cosa sono i 7 chakra e dove si trovano<\/a><\/li><li class='ez-toc-page-1 ez-toc-heading-level-2'><a class=\"ez-toc-link ez-toc-heading-2\" href=\"https:\/\/eventiyoga.it\/blog\/colori-chakra\/#Colore_dei_chakra\" title=\"Colore dei chakra\">Colore dei chakra<\/a><\/li><li class='ez-toc-page-1 ez-toc-heading-level-2'><a class=\"ez-toc-link ez-toc-heading-3\" href=\"https:\/\/eventiyoga.it\/blog\/colori-chakra\/#Colori_chakra_perche_sono_importanti\" title=\"Colori chakra: perch\u00e9 sono importanti?\">Colori chakra: perch\u00e9 sono importanti?<\/a><\/li><li class='ez-toc-page-1 ez-toc-heading-level-2'><a class=\"ez-toc-link ez-toc-heading-4\" href=\"https:\/\/eventiyoga.it\/blog\/colori-chakra\/#I_colori_dei_chakra_quali_sono\" title=\"I colori dei chakra: quali sono\">I colori dei chakra: quali sono<\/a><\/li><li class='ez-toc-page-1 ez-toc-heading-level-2'><a class=\"ez-toc-link ez-toc-heading-5\" href=\"https:\/\/eventiyoga.it\/blog\/colori-chakra\/#Percorso_Online_%E2%80%9CYin_Yang_equilibrio_dei_chakra%E2%80%9D\" title=\"Percorso Online \u201cYin &amp; Yang equilibrio dei chakra\u201d\">Percorso Online \u201cYin &amp; Yang equilibrio dei chakra\u201d<\/a><\/li><li class='ez-toc-page-1 ez-toc-heading-level-2'><a class=\"ez-toc-link ez-toc-heading-6\" href=\"https:\/\/eventiyoga.it\/blog\/colori-chakra\/#Tre_risorse_interessanti_per_te\" title=\"Tre risorse interessanti per te\">Tre risorse interessanti per te<\/a><\/li><li class='ez-toc-page-1 ez-toc-heading-level-2'><a class=\"ez-toc-link ez-toc-heading-7\" href=\"https:\/\/eventiyoga.it\/blog\/colori-chakra\/#Scarica_lApp_di_Eventi_Yoga\" title=\"Scarica l\u2019App di Eventi Yoga\">Scarica l\u2019App di Eventi Yoga<\/a><\/li><li class='ez-toc-page-1 ez-toc-heading-level-2'><a class=\"ez-toc-link ez-toc-heading-8\" href=\"https:\/\/eventiyoga.it\/blog\/colori-chakra\/#Iscriviti_alla_newsletter\" title=\"Iscriviti alla newsletter\">Iscriviti alla newsletter<\/a><\/li><\/ul><\/nav><\/div>\n<h2 class=\"wp-block-heading\" id=\"h-cosa-sono-i-7-chakra-e-dove-si-trovano\"><span class=\"ez-toc-section\" id=\"Cosa_sono_i_7_chakra_e_dove_si_trovano\"><\/span>Cosa sono i 7 chakra e dove si trovano<span class=\"ez-toc-section-end\"><\/span><\/h2>\n\n\n\n<p>I chakra sono centri energetici all&#8217;interno del corpo che aiutano a mantenere l&#8217;equilibrio spirituale, mentale ed emotivo.<\/p>\n\n\n\n<p>Sono connessi a ghiandole e organi specifici, cos\u00ec come a sentimenti e stati d&#8217;animo. Ci sono sette principali chakra, vediamo insieme quali:<\/p>\n\n\n\n<ol class=\"wp-block-list\"><li>Chakra della radice o Muladhara:<br>situato alla base della <a href=\"https:\/\/eventiyoga.it\/blog\/yoga-per-le-articolazioni-e-per-la-colonna-vertebrale\/\">colonna vertebrale<\/a>, \u00e8 responsabile dell&#8217;energia fisica e del senso di sicurezza.<br><\/li><li>Chakra sacrale o Svadisthana:<br>si trova appena sopra l&#8217;osso sacro, \u00e8 responsabile dell&#8217;energia sessuale e creativa.<br><\/li><li>Chakra del plesso solare o Manipura:<br>situato al centro dello stomaco, \u00e8 responsabile per l&#8217;autostima e la fiducia in se stessi.<br><\/li><li>Chakra del cuore o Anahata:<br>si trova al centro del petto, \u00e8 responsabile per le emozioni e l&#8217;amore incondizionato.<br><\/li><li>Chakra della gola o Vishuddha:<br>situato alla base del collo, \u00e8 responsabile per la comunicazione e l&#8217;espressione creativa.<br><\/li><li>Chakra terziario o Ajna:<br>situato al centro della fronte, \u00e8 responsabile per l&#8217;intuizione e il pensiero intuitivo.<br><\/li><li>Chakra della corona o Sahasrara:<br>si trova nella parte superiore della testa, \u00e8 responsabile per la spiritualit\u00e0 e la connessione con il divino.<\/li><\/ol>\n\n\n\n<p>I chakra si aprono e si chiudono in base alla nostra energia interiore ed esteriore; quando sono bloccati possono causare disturbi fisici, psicologici ed emotivi.<\/p>\n\n\n\n<p>Praticare alcune tecniche come lo yoga, la meditazione, le ripetizioni di mantra e altre tecniche di rilassamento pu\u00f2 aiutare ad aprire i chakra bloccati in modo da raggiungere un equilibrio energetico.<\/p>\n\n\n\n<figure class=\"wp-block-image size-full caption-align-center\"><a href=\"https:\/\/eventiyoga.it\/blog\/wp-content\/uploads\/2022\/12\/Buddha-con-cristalli-dei-colori-dei-chakra-FACEBOOK.jpg\"><img decoding=\"async\" src=\"data:image\/gif;base64,R0lGODlhAQABAIAAAAAAAP\/\/\/yH5BAEAAAAALAAAAAABAAEAAAIBRAA7\" data-src=\"https:\/\/eventiyoga.it\/blog\/wp-content\/uploads\/2022\/12\/Buddha-con-cristalli-dei-colori-dei-chakra-FACEBOOK.jpg\" alt=\"Buddha con cristalli dei colori dei chakra\" class=\"wp-image-49568\"\/><noscript><img decoding=\"async\" src=\"https:\/\/eventiyoga.it\/blog\/wp-content\/uploads\/2022\/12\/Buddha-con-cristalli-dei-colori-dei-chakra-FACEBOOK.jpg\" alt=\"Buddha con cristalli dei colori dei chakra\" class=\"wp-image-49568\"\/><\/noscript><\/a><figcaption><em>I colori dei chakra<\/em><\/figcaption><\/figure>\n\n\n\n<h2 class=\"wp-block-heading\" id=\"h-colore-dei-chakra\"><span class=\"ez-toc-section\" id=\"Colore_dei_chakra\"><\/span>Colore dei chakra<span class=\"ez-toc-section-end\"><\/span><\/h2>\n\n\n\n<p>Il <strong>primo chakra<\/strong> \u00e8 il <strong>Muladhara<\/strong>, che si trova alla base della <a href=\"https:\/\/eventiyoga.it\/blog\/yoga-per-la-schiena-colonna-vertebrale\/\">colonna vertebrale<\/a>. \u00c8 associato al <strong>colore rosso<\/strong>, il che significa che questo chakra \u00e8 responsabile della stabilit\u00e0 fisica. Quando quest&#8217;area \u00e8 in equilibrio, proviamo un senso di sicurezza e sostegno nella nostra vita.<\/p>\n\n\n\n<p>Il <strong>secondo chakra<\/strong> \u00e8 <strong>Svadhisthana<\/strong>, situato appena sopra i reni. Il suo <strong>colore<\/strong> \u00e8 l&#8217;<strong>arancione<\/strong>, che rappresenta la creativit\u00e0 e l&#8217;intuizione. Quando quest&#8217;area \u00e8 in equilibrio, ci sentiamo pi\u00f9 sicuri nell&#8217;espressione della nostra individualit\u00e0.<\/p>\n\n\n\n<p>Il <strong>terzo chakra<\/strong> si chiama <strong>Manipura<\/strong> ed \u00e8 situato nella zona del plesso solare. Il suo <strong>colore \u00e8 il giallo<\/strong> e rappresenta la forza personale e l&#8217;autostima. Quando i nostri tre chakra inferiori sono in equilibrio, abbiamo maggiore fiducia in noi stessi e nelle nostre capacit\u00e0.<\/p>\n\n\n\n<p>Il <strong>quarto chakra<\/strong> si chiama <strong>Anahata<\/strong> ed \u00e8 situato all&#8217;altezza del cuore. Il suo <strong>colore \u00e8 il verde<\/strong> e rappresenta l&#8217;amore incondizionato per s\u00e9 stessi e gli altri. Quando questa area \u00e8 in equilibrio, ci sentiamo pi\u00f9 aperti agli altri e abbiamo maggiore facilit\u00e0 nel dare amore ed essere amati.<\/p>\n\n\n\n<p>Il <strong>quinto chakra<\/strong> si chiama <strong>Vishuddha<\/strong> ed \u00e8 situato alla base del collo. Il suo colore <strong>\u00e8 il blu<\/strong> e rappresenta l&#8217;espressione autentica di se stessi attraverso le parole ed i gesti. Un quinto chakra bilanciato ci permette di esprimere i nostri sentimenti in modo chiaro e sincero.<\/p>\n\n\n\n<p>Il <strong>sesto chakra<\/strong> \u00e8 <strong>Ajna<\/strong>, situato alla base del cervello. Il suo <strong>colore \u00e8 l&#8217;indaco <\/strong>ed esprime l&#8217;intuito e la consapevolezza. Quando questo chakra \u00e8 in equilibrio, ci sentiamo pi\u00f9 connessi a noi stessi e al mondo che ci circonda.<\/p>\n\n\n\n<p>Il <strong>settimo chakra<\/strong> \u00e8 <strong>Sahasrara<\/strong>, situato alla sommit\u00e0 della testa. Il suo <strong>colore \u00e8 il viola<\/strong> ed esprime un senso di spiritualit\u00e0. Quando quest&#8217;area \u00e8 in equilibrio, ci sentiamo pi\u00f9 connessi con la nostra essenza divina e possiamo raggiungere il massimo potenziale.<\/p>\n\n\n\n<p>I colori dei 7 chakra sono quindi importanti poich\u00e9 rappresentano le aree principali della nostra vita che dobbiamo tenere in equilibrio per vivere in una maniera sana e felice.<br><\/p>\n\n\n\n<h2 class=\"wp-block-heading\" id=\"h-colori-chakra-perch-sono-importanti\"><span class=\"ez-toc-section\" id=\"Colori_chakra_perche_sono_importanti\"><\/span>Colori chakra: perch\u00e9 sono importanti?<span class=\"ez-toc-section-end\"><\/span><\/h2>\n\n\n\n<p>I colori dei chakra sono importanti perch\u00e9 rappresentano i principali centri energetici del nostro corpo, i quali <strong>influenzano il nostro benessere generale<\/strong>. Ogni colore rappresenta una particolare caratteristica e pu\u00f2 avere un impatto positivo o negativo su di noi.<\/p>\n\n\n\n<p>Ad esempio, il colore rosso \u00e8 associato all&#8217;energia fisica e spirituale, mentre il colore viola \u00e8 associato alla creativit\u00e0 e all&#8217;illuminazione. Il blu \u00e8 associato alla pace interiore, al rilassamento e alle energie positive, mentre l&#8217;arancione \u00e8 associato al potere personale.<\/p>\n\n\n\n<p>Se un colore non \u00e8 equilibrato in un determinato chakra, pu\u00f2 portare a malattie, ansia o depressione.<\/p>\n\n\n\n<p>Quindi, <strong>conoscere i colori dei nostri chakra<\/strong> ci consente di affrontare meglio le sfide della vita.<\/p>\n\n\n\n<h2 class=\"wp-block-heading\" id=\"h-i-colori-dei-chakra-quali-sono\"><span class=\"ez-toc-section\" id=\"I_colori_dei_chakra_quali_sono\"><\/span>I colori dei chakra: quali sono<span class=\"ez-toc-section-end\"><\/span><\/h2>\n\n\n\n<p>Quali sono, dunque, i colori dei chakra? I sette centri energetici principali hanno ciascuno un proprio colore:<\/p>\n\n\n\n<ol class=\"wp-block-list\"><li>Il primo \u00e8 il Chakra della Radice (Muladhara), che ha il <strong>colore rosso<\/strong>.<\/li><li>Il secondo \u00e8 il Chakra Sacro (Svadhisthana), che ha il colore arancione.<\/li><li>Il terzo \u00e8 il Chakra del Plexus Solare (Manipura), che ha <strong>il colore giallo<\/strong>.<\/li><li>Il quarto \u00e8 il Chakra del Cuore (Anahata), con una combinazione di <strong>colori verde<\/strong> e rosa.<\/li><li>Il quinto \u00e8 il Chakra della Gola (Vishuddha) con una combinazione di <strong>blu<\/strong> e <strong>turchese<\/strong>.<\/li><li>Il sesto \u00e8 il Terzo Occhio (Ajna) con una combinazione di <strong>indaco<\/strong>.<\/li><li>Infine, c&#8217;\u00e8 l&#8217;ultimo chakra, quello della Corona (Sahasrara), con una tonalit\u00e0 <strong>viola<\/strong>.<\/li><\/ol>\n\n\n\n<h3 class=\"wp-block-heading\" id=\"h-il-primo-chakra-colore-rosso\">Il primo chakra: colore rosso<\/h3>\n\n\n\n<p>Il primo chakra \u00e8 conosciuto anche come <strong>Muladhara<\/strong> e rappresenta la nostra radice, ci\u00f2 che ci sostiene e ci fa sentire sicuri. \u00c8 associato al <strong>colore rosso<\/strong> ed \u00e8 posizionato nella parte inferiore del corpo, appena sopra l&#8217;osso sacro.<\/p>\n\n\n\n<p>Il colore rosso indica l&#8217;energia vitale, la forza di volont\u00e0 e la capacit\u00e0 di essere presenti nel momento.<\/p>\n\n\n\n<p>Quando il primo chakra \u00e8 in equilibrio, siamo pi\u00f9 forti, pi\u00f9 stabili e pi\u00f9 consapevoli delle nostre emozioni.<\/p>\n\n\n\n<p>Il colore rosso simboleggia anche la creativit\u00e0, la gioia di vivere e l&#8217;espressione della passione. Quando questo chakra \u00e8 in equilibrio, possiamo godere di un senso di fiducia nella vita e nella nostra capacit\u00e0 di prendere decisioni in modo appropriato.<\/p>\n\n\n\n<p>Inoltre, poich\u00e9 il primo chakra \u00e8 il punto dal quale tutte le altre energie si propagano, averne una buona salute pu\u00f2 aiutare anche ad aprire gli altri chakra.<\/p>\n\n\n\n<p>Il colore rosso pu\u00f2 anche essere utilizzato per rafforzare i sentimenti di sicurezza e protezione.<\/p>\n\n\n\n<h4 class=\"wp-block-heading\" id=\"h-come-equilibrare-il-primo-chakra\">Come equilibrare il primo chakra<\/h4>\n\n\n\n<p>L&#8217;equilibrio del primo chakra pu\u00f2 essere raggiunto mediante diverse <a href=\"https:\/\/eventiyoga.it\/blog\/pratica-yoga-trovare-motivazione\/\">pratiche yoga<\/a> tra cui lo stretching, l&#8217;ascolto della musica o la meditazione profonda. Inoltre, immergersi nel colore rosso pu\u00f2 essere utile per aumentare i livelli di energia vitale e portare pi\u00f9 armonia nel proprio corpo.<\/p>\n\n\n\n<div class=\"wp-block-image\"><figure class=\"aligncenter size-large\"><a href=\"https:\/\/eventiyoga.it\/blog\/wp-content\/uploads\/2022\/12\/1\u00b0-CHAKRA-Muladhara-_INSTAGRAM.jpg\"><img decoding=\"async\" src=\"data:image\/gif;base64,R0lGODlhAQABAIAAAAAAAP\/\/\/yH5BAEAAAAALAAAAAABAAEAAAIBRAA7\" data-src=\"https:\/\/eventiyoga.it\/blog\/wp-content\/uploads\/2022\/12\/1\u00b0-CHAKRA-Muladhara-_INSTAGRAM-1024x1024.jpg\" alt=\"Colore Primo chakra\" class=\"wp-image-49557\"\/><noscript><img decoding=\"async\" src=\"https:\/\/eventiyoga.it\/blog\/wp-content\/uploads\/2022\/12\/1\u00b0-CHAKRA-Muladhara-_INSTAGRAM-1024x1024.jpg\" alt=\"Colore Primo chakra\" class=\"wp-image-49557\"\/><\/noscript><\/a><\/figure><\/div>\n\n\n\n<h3 class=\"wp-block-heading\" id=\"h-il-secondo-chakra-colore-arancione\">Il secondo chakra: colore arancione<\/h3>\n\n\n\n<p>Il secondo chakra, o <strong>Svadhishthana<\/strong>, \u00e8 situato nella parte inferiore dell&#8217;addome, appena sopra le ossa del bacino. \u00c8 associato al <strong>colore arancione<\/strong> e ha un&#8217;influenza su emozioni come la creativit\u00e0, il piacere e l&#8217;intimit\u00e0. Si dice che questo chakra sia responsabile del nostro senso di benessere e della nostra capacit\u00e0 di godere della vita.<\/p>\n\n\n\n<p>Riflettere su questo colore pu\u00f2 aiutarci a trascendere da un livello pi\u00f9 basso di energia emotiva, come la tristezza e l&#8217;ansia, verso un livello pi\u00f9 elevato.<\/p>\n\n\n\n<h4 class=\"wp-block-heading\" id=\"h-come-equilibrare-il-secondo-chakra\">Come equilibrare il secondo chakra<\/h4>\n\n\n\n<p>Esistono vari modi per <strong>riequilibrare il secondo chakra<\/strong>. Un modo \u00e8 quello di concentrarsi sull&#8217;immaginazione del colore arancione quando si fanno pratiche di meditazione. Praticare gli <a href=\"https:\/\/eventiyoga.it\/blog\/asana-yoga-la-guida-completa-capirli-impararli\/\">asana yoga<\/a> che si focalizzano sul bacino pu\u00f2 anche aiutare ad aprire questa zona del corpo.<\/p>\n\n\n\n<p>La pratica dell&#8217;arte pu\u00f2 avere un grande effetto su Svadhishthana: dipingere, ballare o ascoltare musica sono tutti modi efficaci per raggiungere un nuovo livello di consapevolezza in quest&#8217;area.<\/p>\n\n\n\n<figure class=\"wp-block-image size-large\"><a href=\"https:\/\/eventiyoga.it\/blog\/wp-content\/uploads\/2022\/12\/2\u00b0-CHAKRA-Svadhistana_INSTAGRAM.jpg\"><img decoding=\"async\" src=\"data:image\/gif;base64,R0lGODlhAQABAIAAAAAAAP\/\/\/yH5BAEAAAAALAAAAAABAAEAAAIBRAA7\" data-src=\"https:\/\/eventiyoga.it\/blog\/wp-content\/uploads\/2022\/12\/2\u00b0-CHAKRA-Svadhistana_INSTAGRAM-1024x1024.jpg\" alt=\"Colore Secondo chakra\" class=\"wp-image-49558\"\/><noscript><img decoding=\"async\" src=\"https:\/\/eventiyoga.it\/blog\/wp-content\/uploads\/2022\/12\/2\u00b0-CHAKRA-Svadhistana_INSTAGRAM-1024x1024.jpg\" alt=\"Colore Secondo chakra\" class=\"wp-image-49558\"\/><\/noscript><\/a><\/figure>\n\n\n\n<h3 class=\"wp-block-heading\" id=\"h-il-terzo-chakra-colore-giallo\">Il terzo chakra: colore giallo<\/h3>\n\n\n\n<p>Il terzo chakra, chiamato anche <strong>Manipura<\/strong>, \u00e8 situato nella zona della vita. \u00c8 collegato ai sentimenti di autostima, volont\u00e0 e potere personale. Il colore associato a questo chakra \u00e8 il <strong>giallo brillante<\/strong>.<\/p>\n\n\n\n<p>Il giallo \u00e8 un colore solare ed energico che rappresenta la luce interiore e la forza individuale; ed \u00e8 legato alla capacit\u00e0 di prendere decisioni in modo creativo e ponderato.<\/p>\n\n\n\n<p>Quando il nostro terzo chakra \u00e8 bloccato o sbilanciato, ci sentiamo insicuri, pieni di dubbi o incapaci di affrontare le sfide che ci si presentano.<\/p>\n\n\n\n<h4 class=\"wp-block-heading\" id=\"h-come-equilibrare-il-terzo-chakra\">Come equilibrare il terzo chakra<\/h4>\n\n\n\n<p>La visualizzazione del colore giallo intorno al nostro corpo pu\u00f2 avere un effetto calmante sull&#8217;energia del terzo chakra.<\/p>\n\n\n\n<p>Inoltre, possiamo rafforzare il terzo chakra indossando abiti dal colore giallo o circondandoci di pietre come l&#8217;ambra, lo zaffiro giallo o lo smeraldo.<\/p>\n\n\n\n<p>Ci sono anche alcuni alimenti connessi al colore giallo che possono essere consumati per aumentare il suo equilibrio: mele, mais, limoni, banane e pesche contribuiscono tutti alla salute energetica del terzo chakra.<\/p>\n\n\n\n<figure class=\"wp-block-image size-large caption-align-center\"><a href=\"https:\/\/eventiyoga.it\/blog\/wp-content\/uploads\/2022\/12\/3\u00b0-CHAKRA-Manipura-_INSTAGRAM.jpg\"><img decoding=\"async\" src=\"data:image\/gif;base64,R0lGODlhAQABAIAAAAAAAP\/\/\/yH5BAEAAAAALAAAAAABAAEAAAIBRAA7\" data-src=\"https:\/\/eventiyoga.it\/blog\/wp-content\/uploads\/2022\/12\/3\u00b0-CHAKRA-Manipura-_INSTAGRAM-1024x1024.jpg\" alt=\"Colore Terzo chakra\" class=\"wp-image-49559\"\/><noscript><img decoding=\"async\" src=\"https:\/\/eventiyoga.it\/blog\/wp-content\/uploads\/2022\/12\/3\u00b0-CHAKRA-Manipura-_INSTAGRAM-1024x1024.jpg\" alt=\"Colore Terzo chakra\" class=\"wp-image-49559\"\/><\/noscript><\/a><figcaption><em>chakra colori<\/em><\/figcaption><\/figure>\n\n\n\n<h3 class=\"wp-block-heading\" id=\"h-il-quarto-chakra-colore-verde\">Il quarto chakra: colore verde<\/h3>\n\n\n\n<p>Il quarto chakra, noto anche come <strong>Anahata<\/strong> o il <a href=\"https:\/\/eventiyoga.it\/blog\/chakra-del-cuore\/\" class=\"ek-link\">Chakra del Cuore<\/a>, \u00e8 situato nella parte centrale del torace, tra i due seni. \u00c8 associato al colore verde ed \u00e8 responsabile dell&#8217;amore incondizionato e dell&#8217;armonia.<\/p>\n\n\n\n<p>Il <strong>verde<\/strong> \u00e8 un colore che rappresenta l&#8217;equilibrio tra l&#8217;energia maschile e quella femminile. Il quarto chakra si apre quando siamo in grado di amare noi stessi e gli altri incondizionatamente.<\/p>\n\n\n\n<p>Quando il quarto chakra \u00e8 bloccato, possiamo provare sentimenti come depressione, ansia, eccessiva dipendenza dagli altri o isolamento.<\/p>\n\n\n\n<h4 class=\"wp-block-heading\" id=\"h-come-equilibrare-il-quarto-chakra\">Come equilibrare il quarto chakra<\/h4>\n\n\n\n<p>Per sbloccare il quarto chakra, cerca di trascorrere pi\u00f9 tempo <a href=\"https:\/\/eventiyoga.it\/blog\/yoga-allaperto-consiglio-yoga-allaria-aperta\/\">all&#8217;aria aperta<\/a>, circondati da piante e animali. La natura pu\u00f2 essere davvero benefica per la tua salute emotiva.<\/p>\n\n\n\n<p>Un&#8217;altra buona idea \u00e8 prendersi del tempo per fare cose che ti piacciono, come leggere un buon libro o fare qualche attivit\u00e0 creativa come disegnare o dipingere. Puoi anche fare yoga o <a href=\"https:\/\/eventiyoga.it\/blog\/effetti-meditazione-sul-cervello\/\">meditazione<\/a> per rilassarti e ristabilire l&#8217;equilibrio energetico nel tuo corpo.<\/p>\n\n\n\n<figure class=\"wp-block-image size-large caption-align-center\"><a href=\"https:\/\/eventiyoga.it\/blog\/wp-content\/uploads\/2022\/12\/4\u00b0-CHAKRA-Anahata_INSTAGRAM.jpg\"><img decoding=\"async\" src=\"data:image\/gif;base64,R0lGODlhAQABAIAAAAAAAP\/\/\/yH5BAEAAAAALAAAAAABAAEAAAIBRAA7\" data-src=\"https:\/\/eventiyoga.it\/blog\/wp-content\/uploads\/2022\/12\/4\u00b0-CHAKRA-Anahata_INSTAGRAM-1024x1024.jpg\" alt=\"Colore Quarto chakra\" class=\"wp-image-49560\"\/><noscript><img decoding=\"async\" src=\"https:\/\/eventiyoga.it\/blog\/wp-content\/uploads\/2022\/12\/4\u00b0-CHAKRA-Anahata_INSTAGRAM-1024x1024.jpg\" alt=\"Colore Quarto chakra\" class=\"wp-image-49560\"\/><\/noscript><\/a><figcaption><meta charset=\"utf-8\"><em>i colori del chakra<\/em><\/figcaption><\/figure>\n\n\n\n<h3 class=\"wp-block-heading\" id=\"h-il-quinto-chakra-colore-blu\">Il quinto chakra: colore blu<\/h3>\n\n\n\n<p>Il quinto chakra, conosciuto anche come <strong>chakra della gola<\/strong>, \u00e8 responsabile della comunicazione e della creativit\u00e0 ed \u00e8 associato al <strong>colore blu<\/strong>.<\/p>\n\n\n\n<p>Il blu rappresenta la profondit\u00e0 e l&#8217;intuizione.<\/p>\n\n\n\n<p>Se il nostro quinto chakra \u00e8 in equilibrio, siamo in grado di esprimere le nostre opinioni e verit\u00e0 con chiarezza, cos\u00ec come di ascoltare i pensieri e le idee degli altri in modo non giudicante.<\/p>\n\n\n\n<p>Quando il nostro quinto chakra \u00e8 bloccato potremmo avere difficolt\u00e0 ad esprimerci verbalmente o a dire di no alle richieste altrui. Inoltre, potremmo sentirci intrappolati in situazioni che non ci piacciono ma sentiamo di non avere via d&#8217;uscita.<\/p>\n\n\n\n<h4 class=\"wp-block-heading\" id=\"h-come-equilibrare-il-quinto-chakra\">Come equilibrare il quinto chakra<\/h4>\n\n\n\n<p>Per ristabilire l&#8217;<strong>equilibrio<\/strong><strong> del quinto chakra<\/strong>, possiamo praticare <a href=\"https:\/\/eventiyoga.it\/blog\/tecniche-di-respirazione-yoga\/\">tecniche di respirazione<\/a> profonda e meditazione guidata per rilassarci<\/strong>.<\/p>\n\n\n\n<p>Possiamo anche utilizzare i cristalli blu come l&#8217;acquamarina, la sodalite, la turchese o lo zaffiro blu; tutte queste pietre hanno propriet\u00e0 purificanti che possono aiutarci ad affrontare emozioni bloccate o turbolente come tristezza, ansia e rabbia.<\/p>\n\n\n\n<figure class=\"wp-block-image size-large caption-align-center\"><a href=\"https:\/\/eventiyoga.it\/blog\/wp-content\/uploads\/2022\/12\/5\u00b0-CHAKRA-VISHUDDHA_INSTAGRAM.jpg\"><img decoding=\"async\" src=\"data:image\/gif;base64,R0lGODlhAQABAIAAAAAAAP\/\/\/yH5BAEAAAAALAAAAAABAAEAAAIBRAA7\" data-src=\"https:\/\/eventiyoga.it\/blog\/wp-content\/uploads\/2022\/12\/5\u00b0-CHAKRA-VISHUDDHA_INSTAGRAM-1024x1024.jpg\" alt=\"Colore Quinto chakra\" class=\"wp-image-49561\"\/><noscript><img decoding=\"async\" src=\"https:\/\/eventiyoga.it\/blog\/wp-content\/uploads\/2022\/12\/5\u00b0-CHAKRA-VISHUDDHA_INSTAGRAM-1024x1024.jpg\" alt=\"Colore Quinto chakra\" class=\"wp-image-49561\"\/><\/noscript><\/a><figcaption><em>colori del chakra<\/em><\/figcaption><\/figure>\n\n\n\n<h3 class=\"wp-block-heading\" id=\"h-il-sesto-chakra-colore-indaco\">Il sesto chakra: colore indaco<\/h3>\n\n\n\n<p>Il sesto chakra si trova tra i due occhi ed \u00e8 chiamato &#8220;<strong>chakra del terzo occhio<\/strong>&#8220;. Questo chakra \u00e8 associato al <strong>colore indaco<\/strong>, una tonalit\u00e0 di blu profondo che simboleggia l&#8217;intuizione e la saggezza. Il suo elemento \u00e8 l&#8217;etere, che rappresenta la consapevolezza pi\u00f9 elevata.<\/p>\n\n\n\n<p>Quando il sesto chakra \u00e8 in equilibrio, abbiamo un&#8217;intuizione chiara e una visione pi\u00f9 profonda di noi stessi e del mondo che ci circonda. Ci sentiamo pi\u00f9 connessi con la nostra vera natura e con la nostra spiritualit\u00e0. Ci sentiamo pi\u00f9 capaci di prendere decisioni consapevoli basate sull&#8217;amore e pi\u00f9 in armonia con tutti gli esseri viventi.<\/p>\n\n\n\n<h4 class=\"wp-block-heading\" id=\"h-come-equilibrare-il-sesto-chakra\">Come equilibrare il sesto chakra<\/h4>\n\n\n\n<p>Puoi visualizzare un cerchio di luce indaco intorno a te, come se fosse una barriera protettiva che ti permette di entrare in contatto con il tuo &#8220;io&#8221; interiore.<\/p>\n\n\n\n<p>Puoi anche utilizzare l&#8217;indaco come colore per decorare la tua casa (es. usare candele profumate) o indossare abiti di questo colore.<\/p>\n\n\n\n<p>Bastano piccoli gesti che possono avere grande impatto sulla tua salute mentale e spirituale!<\/p>\n\n\n\n<figure class=\"wp-block-image size-large caption-align-center\"><a href=\"https:\/\/eventiyoga.it\/blog\/wp-content\/uploads\/2022\/12\/6\u00b0-CHAKRA-Anja_INSTAGRAM.jpg\"><img decoding=\"async\" src=\"data:image\/gif;base64,R0lGODlhAQABAIAAAAAAAP\/\/\/yH5BAEAAAAALAAAAAABAAEAAAIBRAA7\" data-src=\"https:\/\/eventiyoga.it\/blog\/wp-content\/uploads\/2022\/12\/6\u00b0-CHAKRA-Anja_INSTAGRAM-1024x1024.jpg\" alt=\"Colore Sesto chakra\" class=\"wp-image-49562\"\/><noscript><img decoding=\"async\" src=\"https:\/\/eventiyoga.it\/blog\/wp-content\/uploads\/2022\/12\/6\u00b0-CHAKRA-Anja_INSTAGRAM-1024x1024.jpg\" alt=\"Colore Sesto chakra\" class=\"wp-image-49562\"\/><\/noscript><\/a><figcaption><em>chakra e colori<\/em><\/figcaption><\/figure>\n\n\n\n<h3 class=\"wp-block-heading\" id=\"h-il-settimo-chakra-colore-viola\">Il settimo chakra: colore viola<\/h3>\n\n\n\n<p>Il settimo chakra \u00e8 conosciuto come <strong>Sahasrara<\/strong> e si trova alla sommit\u00e0 della testa. \u00c8 associato al <strong>colore viola<\/strong>, che rappresenta la spiritualit\u00e0 e la consapevolezza. Il viola \u00e8 anche un colore che simboleggia l&#8217;illuminazione, la saggezza e la ricerca di significati pi\u00f9 profondi nella vita.<\/p>\n\n\n\n<p>Questo chakra si concentra sulla connessione tra l&#8217;individuo e l&#8217;universo, sull&#8217;elevazione dell&#8217;anima al di sopra delle preoccupazioni terrene e sulla ricerca dell&#8217;illuminazione spirituale.<\/p>\n\n\n\n<p>Quando questo chakra \u00e8 in equilibrio, sentiamo un senso di unit\u00e0 con tutto ci\u00f2 che ci circonda, sperimentando pace interiore e benessere.<\/p>\n\n\n\n<h4 class=\"wp-block-heading\" id=\"h-come-equilibrare-il-settimo-chakra\">Come equilibrare il settimo chakra<\/h4>\n\n\n\n<p>Quando il Chakra Sahasrara \u00e8 bloccato, uno pu\u00f2 sentirsi triste, stanco o avere difficolt\u00e0 ad accettare la realt\u00e0.<\/p>\n\n\n\n<p>Potrebbe essere difficile concentrarsi sul presente o non essere in grado di fermare i pensieri negativi, come anche difficile esprimere le nostre emozioni.<\/p>\n\n\n\n<p>Per riequilibrare il Chakra Sahasrara possiamo praticare meditazione guidata, yoga (es. <a href=\"https:\/\/eventiyoga.it\/blog\/saluto-al-sole-perche-praticarlo-quali-suoi-benefici\/\" class=\"ek-link\">il Saluto al Sole<\/a> o <a href=\"https:\/\/eventiyoga.it\/blog\/savasana-yoga-non-distrarsi-durante-meditazione\/\" class=\"ek-link\">Savasana<\/a>) e tecniche di respirazione profonda (<a href=\"https:\/\/eventiyoga.it\/blog\/i-benefici-dei-pranayama\/\" class=\"ek-link\">pranayama<\/a>).<\/p>\n\n\n\n<p>Possiamo anche usare cristalli viola come l&#8217;ametista o le gemme di quarzo fum\u00e9.<\/p>\n\n\n\n<figure class=\"wp-block-image size-large\"><a href=\"https:\/\/eventiyoga.it\/blog\/wp-content\/uploads\/2022\/12\/7\u00b0-CHAKRA-SAHASRARA-INSTAGRAM.png\"><img decoding=\"async\" src=\"data:image\/gif;base64,R0lGODlhAQABAIAAAAAAAP\/\/\/yH5BAEAAAAALAAAAAABAAEAAAIBRAA7\" data-src=\"https:\/\/eventiyoga.it\/blog\/wp-content\/uploads\/2022\/12\/7\u00b0-CHAKRA-SAHASRARA-INSTAGRAM-1024x1024.png\" alt=\"Colore Settimo chakra\" class=\"wp-image-49563\"\/><noscript><img decoding=\"async\" src=\"https:\/\/eventiyoga.it\/blog\/wp-content\/uploads\/2022\/12\/7\u00b0-CHAKRA-SAHASRARA-INSTAGRAM-1024x1024.png\" alt=\"Colore Settimo chakra\" class=\"wp-image-49563\"\/><\/noscript><\/a><\/figure>\n\n\n\n<h2 class=\"wp-block-heading\" id=\"h-percorso-online-yin-yang-equilibrio-dei-chakra\"><span class=\"ez-toc-section\" id=\"Percorso_Online_%E2%80%9CYin_Yang_equilibrio_dei_chakra%E2%80%9D\"><\/span><a target=\"_blank\" rel=\"noreferrer noopener\" href=\"https:\/\/corsi.eventiyoga.it\/courses\/yin-yang-equilibrio-del-chakra\"><strong><u>Percorso Online \u201cYin &amp; Yang equilibrio dei chakra\u201d<\/u><\/strong><\/a><span class=\"ez-toc-section-end\"><\/span><\/h2>\n\n\n\n<p><strong>Vuoi riconquistare il tuo equilibrio interiore?<\/strong><\/p>\n\n\n\n<p>Abbiamo creato per te un percorso online per equilibrare i chakra, rimuovere le energie negative, risvegliare il tuo intuito e infondere amore e gioia nella tua vita.<\/p>\n\n\n\n<p><em>Iscriviti ora e imparare ad affrontare con serenit\u00e0 i cambiamenti in arrivo<\/em><\/p>\n\n\n\n<figure class=\"wp-block-image\"><img decoding=\"async\" src=\"data:image\/gif;base64,R0lGODlhAQABAIAAAAAAAP\/\/\/yH5BAEAAAAALAAAAAABAAEAAAIBRAA7\" data-src=\"https:\/\/eventiyoga.it\/blog\/wp-content\/uploads\/2022\/04\/10.png\" alt=\"Yin &amp; Yang Equilibrio dei chakra - Corso Online\"\/><noscript><img decoding=\"async\" src=\"https:\/\/eventiyoga.it\/blog\/wp-content\/uploads\/2022\/04\/10.png\" alt=\"Yin &amp; Yang Equilibrio dei chakra - Corso Online\"\/><\/noscript><\/figure>\n\n\n\n<h2 class=\"wp-block-heading\" id=\"h-tre-risorse-interessanti-per-te\"><span class=\"ez-toc-section\" id=\"Tre_risorse_interessanti_per_te\"><\/span><strong>Tre risorse interessanti per te<\/strong><span class=\"ez-toc-section-end\"><\/span><\/h2>\n\n\n\n<p><a target=\"_blank\" rel=\"noreferrer noopener\" href=\"https:\/\/eventiyoga.it\/blog\/7-chakra-cosa-sono-significato-e-blocco\/\" class=\"ek-link\">I 7 Chakra: cosa sono, cosa significano e perch\u00e9 si bloccano<\/a><\/p>\n\n\n\n<p><a target=\"_blank\" rel=\"noreferrer noopener\" href=\"https:\/\/eventiyoga.it\/blog\/parole-sanscrito-piu-usate-nello-yoga-significati\/\" class=\"ek-link\"><u>Le parole in sanscrito pi\u00f9 usate nello yoga e i loro significati<\/u><\/a><\/p>\n\n\n\n<p><a target=\"_blank\" rel=\"noreferrer noopener\" href=\"https:\/\/eventiyoga.it\/blog\/asana-yoga-benefici-e-precauzioni\/\" class=\"ek-link\"><u>Asana hatha yoga: benefici e precauzioni da adottare nella pratica<\/u><\/a><\/p>\n\n\n\n<h2 class=\"wp-block-heading\" id=\"h-scarica-l-app-di-eventi-yoga\"><span class=\"ez-toc-section\" id=\"Scarica_lApp_di_Eventi_Yoga\"><\/span><strong>Scarica l\u2019App di Eventi Yoga<\/strong><span class=\"ez-toc-section-end\"><\/span><\/h2>\n\n\n\n<p>Ogni mese scegli tra centinaia di vacanze, ritiri, viaggi e corsi di yoga per tutti i gusti.<\/p>\n\n\n\n<p>Cerca l\u2019evento che pi\u00f9 ti piace direttamente dalla App, chiedi informazioni, e&nbsp;<strong>prenota con un click<\/strong>!<\/p>\n\n\n\n<figure class=\"wp-block-image\"><img decoding=\"async\" src=\"data:image\/gif;base64,R0lGODlhAQABAIAAAAAAAP\/\/\/yH5BAEAAAAALAAAAAABAAEAAAIBRAA7\" data-src=\"https:\/\/eventiyoga.it\/blog\/wp-content\/uploads\/2020\/09\/scarica_app_eventiyoga-1.jpg\" alt=\"Scarica App EventiYoga\"\/><noscript><img decoding=\"async\" src=\"https:\/\/eventiyoga.it\/blog\/wp-content\/uploads\/2020\/09\/scarica_app_eventiyoga-1.jpg\" alt=\"Scarica App EventiYoga\"\/><\/noscript><\/figure>\n\n\n\n<p class=\"has-text-align-center\"><a target=\"_blank\" rel=\"noreferrer noopener\" href=\"https:\/\/apps.apple.com\/us\/app\/id1514783292\" class=\"ek-link\"><u>per iOS<\/u><\/a> |  <a target=\"_blank\" rel=\"noreferrer noopener\" href=\"https:\/\/play.google.com\/store\/apps\/details?id=com.maugry.yoga\" class=\"ek-link\"><u>per Android<\/u><\/a><\/p>\n\n\n\n<h2 class=\"wp-block-heading\" id=\"h-iscriviti-alla-newsletter\"><span class=\"ez-toc-section\" id=\"Iscriviti_alla_newsletter\"><\/span>I<strong>scriviti alla newsletter<\/strong><span class=\"ez-toc-section-end\"><\/span><\/h2>\n\n\n\n<p>Resta sempre aggiornato sulle iniziative yoga in Italia. Sei alle prime armi con lo yoga, un praticante o un insegnante? Inviamo ogni settimana solo notizie rilevanti per te!<\/p>\n\n\n\n<figure class=\"wp-block-image caption-align-center\"><a href=\"https:\/\/eventiyoga.it\/blog\/newsletter-eventi-yoga\/\"><img decoding=\"async\" src=\"data:image\/gif;base64,R0lGODlhAQABAIAAAAAAAP\/\/\/yH5BAEAAAAALAAAAAABAAEAAAIBRAA7\" data-src=\"https:\/\/eventiyoga.it\/blog\/wp-content\/uploads\/2019\/10\/Banner-Iscrizione-NL.jpg\" alt=\"Iscriviti alla Newsletter \u2013 Per te subito un Bonus!\" class=\"wp-image-16731\"\/><noscript><img decoding=\"async\" src=\"https:\/\/eventiyoga.it\/blog\/wp-content\/uploads\/2019\/10\/Banner-Iscrizione-NL.jpg\" alt=\"Iscriviti alla Newsletter \u2013 Per te subito un Bonus!\" class=\"wp-image-16731\"\/><\/noscript><\/a><figcaption>Iscriviti alla Newsletter \u2013 Per te subito un Bonus!<\/figcaption><\/figure>\n","protected":false},"excerpt":{"rendered":"<p>I 7 chakra sono una parte importante della vita di ognuno di noi. Conoscere cosa sono, il loro significato e il colore che hanno, ci consente di imparare a riequilibrare i nostri chakra e godere di una vita pi\u00f9 sana e felice. I sette chakra principali sono situati lungo la colonna vertebrale, dal basso all&#8217;alto. [&hellip;]<\/p>\n","protected":false},"author":363,"featured_media":49567,"comment_status":"open","ping_status":"open","sticky":false,"template":"","format":"standard","meta":{"_acf_changed":false,"_editorskit_title_hidden":false,"_editorskit_reading_time":10,"_editorskit_is_block_options_detached":false,"_editorskit_block_options_position":"{}","footnotes":""},"categories":[41],"tags":[44063],"class_list":["post-49556","post","type-post","status-publish","format-standard","has-post-thumbnail","hentry","category-tips","tag-chakra"],"acf":[],"yoast_head":"<!-- This site is optimized with the Yoast SEO plugin v26.4 - https:\/\/yoast.com\/wordpress\/plugins\/seo\/ -->\n<title>Colori Chakra: i colori dei 7 chakra e perch\u00e9 conoscerli<\/title>\n<meta name=\"description\" content=\"COLORI CHAKRA: Una mini guida ai colori dei 7 chakra, che influiscono sulla nostra salute fisica, emotiva e spirituale.\" \/>\n<meta name=\"robots\" content=\"index, follow, max-snippet:-1, max-image-preview:large, max-video-preview:-1\" \/>\n<link rel=\"canonical\" href=\"https:\/\/eventiyoga.it\/blog\/colori-chakra\/\" \/>\n<meta property=\"og:locale\" content=\"en_US\" \/>\n<meta property=\"og:type\" content=\"article\" \/>\n<meta property=\"og:title\" content=\"Colori Chakra: i colori dei 7 chakra e perch\u00e9 conoscerli\" \/>\n<meta property=\"og:description\" content=\"COLORI CHAKRA: Una mini guida ai colori dei 7 chakra, che influiscono sulla nostra salute fisica, emotiva e spirituale.\" \/>\n<meta property=\"og:url\" content=\"https:\/\/eventiyoga.it\/blog\/colori-chakra\/\" \/>\n<meta property=\"og:site_name\" content=\"Eventi Yoga\" \/>\n<meta property=\"article:published_time\" content=\"2022-12-27T16:07:03+00:00\" \/>\n<meta property=\"article:modified_time\" content=\"2024-01-12T08:53:37+00:00\" \/>\n<meta property=\"og:image\" content=\"https:\/\/eventiyoga.it\/blog\/wp-content\/uploads\/2022\/12\/Colori-Chakra-i-colori-dei-7-chakra-e-perche\u0301-conoscerli-FACEBOOK.jpg\" \/>\n\t<meta property=\"og:image:width\" content=\"1024\" \/>\n\t<meta property=\"og:image:height\" content=\"768\" \/>\n\t<meta property=\"og:image:type\" content=\"image\/jpeg\" \/>\n<meta name=\"twitter:card\" content=\"summary_large_image\" \/>\n<meta name=\"twitter:label1\" content=\"Written by\" \/>\n\t<meta name=\"twitter:data1\" content=\"\" \/>\n\t<meta name=\"twitter:label2\" content=\"Est. reading time\" \/>\n\t<meta name=\"twitter:data2\" content=\"15 minutes\" \/>\n<script type=\"application\/ld+json\" class=\"yoast-schema-graph\">{\"@context\":\"https:\/\/schema.org\",\"@graph\":[{\"@type\":\"WebPage\",\"@id\":\"https:\/\/eventiyoga.it\/blog\/colori-chakra\/\",\"url\":\"https:\/\/eventiyoga.it\/blog\/colori-chakra\/\",\"name\":\"Colori Chakra: i colori dei 7 chakra e perch\u00e9 conoscerli\",\"isPartOf\":{\"@id\":\"https:\/\/eventiyoga.it\/blog\/#website\"},\"primaryImageOfPage\":{\"@id\":\"https:\/\/eventiyoga.it\/blog\/colori-chakra\/#primaryimage\"},\"image\":{\"@id\":\"https:\/\/eventiyoga.it\/blog\/colori-chakra\/#primaryimage\"},\"thumbnailUrl\":\"https:\/\/eventiyoga.it\/blog\/wp-content\/uploads\/2022\/12\/Colori-Chakra-i-colori-dei-7-chakra-e-perche\u0301-conoscerli-FACEBOOK.jpg\",\"datePublished\":\"2022-12-27T16:07:03+00:00\",\"dateModified\":\"2024-01-12T08:53:37+00:00\",\"author\":{\"@id\":\"\"},\"description\":\"COLORI CHAKRA: Una mini guida ai colori dei 7 chakra, che influiscono sulla nostra salute fisica, emotiva e spirituale.\",\"breadcrumb\":{\"@id\":\"https:\/\/eventiyoga.it\/blog\/colori-chakra\/#breadcrumb\"},\"inLanguage\":\"en-US\",\"potentialAction\":[{\"@type\":\"ReadAction\",\"target\":[\"https:\/\/eventiyoga.it\/blog\/colori-chakra\/\"]}]},{\"@type\":\"ImageObject\",\"inLanguage\":\"en-US\",\"@id\":\"https:\/\/eventiyoga.it\/blog\/colori-chakra\/#primaryimage\",\"url\":\"https:\/\/eventiyoga.it\/blog\/wp-content\/uploads\/2022\/12\/Colori-Chakra-i-colori-dei-7-chakra-e-perche\u0301-conoscerli-FACEBOOK.jpg\",\"contentUrl\":\"https:\/\/eventiyoga.it\/blog\/wp-content\/uploads\/2022\/12\/Colori-Chakra-i-colori-dei-7-chakra-e-perche\u0301-conoscerli-FACEBOOK.jpg\",\"width\":1024,\"height\":768,\"caption\":\"Colori Chakra - i colori dei 7 chakra e perche\u0301 conoscerli\"},{\"@type\":\"BreadcrumbList\",\"@id\":\"https:\/\/eventiyoga.it\/blog\/colori-chakra\/#breadcrumb\",\"itemListElement\":[{\"@type\":\"ListItem\",\"position\":1,\"name\":\"Home\",\"item\":\"https:\/\/eventiyoga.it\/blog\/\"},{\"@type\":\"ListItem\",\"position\":2,\"name\":\"Colori Chakra: i colori dei 7 chakra e perch\u00e9 conoscerli\"}]},{\"@type\":\"WebSite\",\"@id\":\"https:\/\/eventiyoga.it\/blog\/#website\",\"url\":\"https:\/\/eventiyoga.it\/blog\/\",\"name\":\"Eventi Yoga\",\"description\":\"Il portale Italiano per gli eventi dello yoga\",\"potentialAction\":[{\"@type\":\"SearchAction\",\"target\":{\"@type\":\"EntryPoint\",\"urlTemplate\":\"https:\/\/eventiyoga.it\/blog\/?s={search_term_string}\"},\"query-input\":{\"@type\":\"PropertyValueSpecification\",\"valueRequired\":true,\"valueName\":\"search_term_string\"}}],\"inLanguage\":\"en-US\"},{\"@type\":\"Person\",\"@id\":\"\",\"url\":\"https:\/\/eventiyoga.it\/blog\/author\/\"}]}<\/script>\n<!-- \/ Yoast SEO plugin. -->","yoast_head_json":{"title":"Colori Chakra: i colori dei 7 chakra e perch\u00e9 conoscerli","description":"COLORI CHAKRA: Una mini guida ai colori dei 7 chakra, che influiscono sulla nostra salute fisica, emotiva e spirituale.","robots":{"index":"index","follow":"follow","max-snippet":"max-snippet:-1","max-image-preview":"max-image-preview:large","max-video-preview":"max-video-preview:-1"},"canonical":"https:\/\/eventiyoga.it\/blog\/colori-chakra\/","og_locale":"en_US","og_type":"article","og_title":"Colori Chakra: i colori dei 7 chakra e perch\u00e9 conoscerli","og_description":"COLORI CHAKRA: Una mini guida ai colori dei 7 chakra, che influiscono sulla nostra salute fisica, emotiva e spirituale.","og_url":"https:\/\/eventiyoga.it\/blog\/colori-chakra\/","og_site_name":"Eventi Yoga","article_published_time":"2022-12-27T16:07:03+00:00","article_modified_time":"2024-01-12T08:53:37+00:00","og_image":[{"width":1024,"height":768,"url":"https:\/\/eventiyoga.it\/blog\/wp-content\/uploads\/2022\/12\/Colori-Chakra-i-colori-dei-7-chakra-e-perche\u0301-conoscerli-FACEBOOK.jpg","type":"image\/jpeg"}],"twitter_card":"summary_large_image","twitter_misc":{"Written by":"","Est. reading time":"15 minutes"},"schema":{"@context":"https:\/\/schema.org","@graph":[{"@type":"WebPage","@id":"https:\/\/eventiyoga.it\/blog\/colori-chakra\/","url":"https:\/\/eventiyoga.it\/blog\/colori-chakra\/","name":"Colori Chakra: i colori dei 7 chakra e perch\u00e9 conoscerli","isPartOf":{"@id":"https:\/\/eventiyoga.it\/blog\/#website"},"primaryImageOfPage":{"@id":"https:\/\/eventiyoga.it\/blog\/colori-chakra\/#primaryimage"},"image":{"@id":"https:\/\/eventiyoga.it\/blog\/colori-chakra\/#primaryimage"},"thumbnailUrl":"https:\/\/eventiyoga.it\/blog\/wp-content\/uploads\/2022\/12\/Colori-Chakra-i-colori-dei-7-chakra-e-perche\u0301-conoscerli-FACEBOOK.jpg","datePublished":"2022-12-27T16:07:03+00:00","dateModified":"2024-01-12T08:53:37+00:00","author":{"@id":""},"description":"COLORI CHAKRA: Una mini guida ai colori dei 7 chakra, che influiscono sulla nostra salute fisica, emotiva e spirituale.","breadcrumb":{"@id":"https:\/\/eventiyoga.it\/blog\/colori-chakra\/#breadcrumb"},"inLanguage":"en-US","potentialAction":[{"@type":"ReadAction","target":["https:\/\/eventiyoga.it\/blog\/colori-chakra\/"]}]},{"@type":"ImageObject","inLanguage":"en-US","@id":"https:\/\/eventiyoga.it\/blog\/colori-chakra\/#primaryimage","url":"https:\/\/eventiyoga.it\/blog\/wp-content\/uploads\/2022\/12\/Colori-Chakra-i-colori-dei-7-chakra-e-perche\u0301-conoscerli-FACEBOOK.jpg","contentUrl":"https:\/\/eventiyoga.it\/blog\/wp-content\/uploads\/2022\/12\/Colori-Chakra-i-colori-dei-7-chakra-e-perche\u0301-conoscerli-FACEBOOK.jpg","width":1024,"height":768,"caption":"Colori Chakra - i colori dei 7 chakra e perche\u0301 conoscerli"},{"@type":"BreadcrumbList","@id":"https:\/\/eventiyoga.it\/blog\/colori-chakra\/#breadcrumb","itemListElement":[{"@type":"ListItem","position":1,"name":"Home","item":"https:\/\/eventiyoga.it\/blog\/"},{"@type":"ListItem","position":2,"name":"Colori Chakra: i colori dei 7 chakra e perch\u00e9 conoscerli"}]},{"@type":"WebSite","@id":"https:\/\/eventiyoga.it\/blog\/#website","url":"https:\/\/eventiyoga.it\/blog\/","name":"Eventi Yoga","description":"Il portale Italiano per gli eventi dello yoga","potentialAction":[{"@type":"SearchAction","target":{"@type":"EntryPoint","urlTemplate":"https:\/\/eventiyoga.it\/blog\/?s={search_term_string}"},"query-input":{"@type":"PropertyValueSpecification","valueRequired":true,"valueName":"search_term_string"}}],"inLanguage":"en-US"},{"@type":"Person","@id":"","url":"https:\/\/eventiyoga.it\/blog\/author\/"}]}},"_links":{"self":[{"href":"https:\/\/eventiyoga.it\/blog\/wp-json\/wp\/v2\/posts\/49556","targetHints":{"allow":["GET"]}}],"collection":[{"href":"https:\/\/eventiyoga.it\/blog\/wp-json\/wp\/v2\/posts"}],"about":[{"href":"https:\/\/eventiyoga.it\/blog\/wp-json\/wp\/v2\/types\/post"}],"author":[{"embeddable":true,"href":"https:\/\/eventiyoga.it\/blog\/wp-json\/wp\/v2\/users\/363"}],"replies":[{"embeddable":true,"href":"https:\/\/eventiyoga.it\/blog\/wp-json\/wp\/v2\/comments?post=49556"}],"version-history":[{"count":0,"href":"https:\/\/eventiyoga.it\/blog\/wp-json\/wp\/v2\/posts\/49556\/revisions"}],"wp:featuredmedia":[{"embeddable":true,"href":"https:\/\/eventiyoga.it\/blog\/wp-json\/wp\/v2\/media\/49567"}],"wp:attachment":[{"href":"https:\/\/eventiyoga.it\/blog\/wp-json\/wp\/v2\/media?parent=49556"}],"wp:term":[{"taxonomy":"category","embeddable":true,"href":"https:\/\/eventiyoga.it\/blog\/wp-json\/wp\/v2\/categories?post=49556"},{"taxonomy":"post_tag","embeddable":true,"href":"https:\/\/eventiyoga.it\/blog\/wp-json\/wp\/v2\/tags?post=49556"}],"curies":[{"name":"wp","href":"https:\/\/api.w.org\/{rel}","templated":true}]}}