{"id":52000,"date":"2023-03-14T14:18:21","date_gmt":"2023-03-14T13:18:21","guid":{"rendered":"https:\/\/eventiyoga.it\/blog\/?p=52000"},"modified":"2025-12-13T13:55:42","modified_gmt":"2025-12-13T12:55:42","slug":"offerte-week-end-mare","status":"publish","type":"post","link":"https:\/\/eventiyoga.it\/blog\/offerte-week-end-mare\/","title":{"rendered":"Offerte week end mare | Migliori destinazioni Yoga e Benessere"},"content":{"rendered":"\n<p>Il grandissimo poeta <a aria-label=\"Pablo Neruda (opens in a new tab)\" href=\"https:\/\/it.wikipedia.org\/wiki\/Pablo_Neruda\" target=\"_blank\" rel=\"noreferrer noopener\" class=\"ek-link\"><em>Pablo Neruda<\/em><\/a> era solito dire: &#8220;<em>Ho bisogno del mare perch\u00e9 m&#8217;insegna<\/em>&#8220;. E cosa insegna il mare? A rapportarci con l&#8217;orizzonte, con il finito e l&#8217;infinito, a essere presenti a noi stessi e a misurarci con ci\u00f2 che \u00e8 pi\u00f9 grande di noi. Se pratichi yoga, sai quanto sia magico praticare al mare, con il rumore delle onde in sottofondo e la distesa d&#8217;acqua a perdita d&#8217;occhio davanti a te. Vuoi sperimentarti in questa dimensione? Sei nel posto gusto. S\u00ec, perch\u00e9 qui proponiamo una serie di <strong>offerte week end mare<\/strong> illustrando le <strong><em>migliori destinazioni yoga e benessere<\/em><\/strong>. Prepara la <a aria-label=\"valigia (opens in a new tab)\" href=\"https:\/\/eventiyoga.it\/blog\/la-valigia-perfetta-per-il-tuo-retreat-yoga\/\" target=\"_blank\" rel=\"noreferrer noopener\" class=\"ek-link\">valigia<\/a> e il <a aria-label=\"tappetino (opens in a new tab)\" href=\"https:\/\/eventiyoga.it\/blog\/tappetino-yoga\/\" target=\"_blank\" rel=\"noreferrer noopener\" class=\"ek-link\">tappetino<\/a>, il prossimo weekend potresti passarlo a fare yoga al mare!<\/p>\n\n\n\n<hr class=\"wp-block-separator has-text-color has-white-color has-css-opacity has-white-background-color has-background\"\/>\n\n\n\n<hr class=\"wp-block-separator has-text-color has-white-color has-css-opacity has-white-background-color has-background\"\/>\n\n\n\n<!-- TrustBox widget - Mini -->\n<div class=\"trustpilot-widget\" data-locale=\"it-IT\" data-template-id=\"53aa8807dec7e10d38f59f32\" data-businessunit-id=\"621e645e1c43ae269a8f761a\" data-style-height=\"150px\" data-style-width=\"100%\" data-theme=\"light\">\n  <a href=\"https:\/\/it.trustpilot.com\/review\/eventiyoga.it\" target=\"_blank\" rel=\"noopener\">Trustpilot<\/a>\n<\/div>\n<!-- End TrustBox widget -->\n\n\n\n<hr class=\"wp-block-separator has-text-color has-white-color has-css-opacity has-white-background-color has-background\"\/>\n\n\n\n<div id=\"ez-toc-container\" class=\"ez-toc-v2_0_68_1 counter-hierarchy ez-toc-counter ez-toc-grey ez-toc-container-direction\">\n<div class=\"ez-toc-title-container\">\n<p class=\"ez-toc-title \" >Indice<\/p>\n<span class=\"ez-toc-title-toggle\"><a href=\"#\" class=\"ez-toc-pull-right ez-toc-btn ez-toc-btn-xs ez-toc-btn-default ez-toc-toggle\" aria-label=\"Toggle Table of Content\"><span class=\"ez-toc-js-icon-con\"><span class=\"\"><span class=\"eztoc-hide\" style=\"display:none;\">Toggle<\/span><span class=\"ez-toc-icon-toggle-span\"><svg style=\"fill: #999;color:#999\" xmlns=\"http:\/\/www.w3.org\/2000\/svg\" class=\"list-377408\" width=\"20px\" height=\"20px\" viewBox=\"0 0 24 24\" fill=\"none\"><path d=\"M6 6H4v2h2V6zm14 0H8v2h12V6zM4 11h2v2H4v-2zm16 0H8v2h12v-2zM4 16h2v2H4v-2zm16 0H8v2h12v-2z\" fill=\"currentColor\"><\/path><\/svg><svg style=\"fill: #999;color:#999\" class=\"arrow-unsorted-368013\" xmlns=\"http:\/\/www.w3.org\/2000\/svg\" width=\"10px\" height=\"10px\" viewBox=\"0 0 24 24\" version=\"1.2\" baseProfile=\"tiny\"><path d=\"M18.2 9.3l-6.2-6.3-6.2 6.3c-.2.2-.3.4-.3.7s.1.5.3.7c.2.2.4.3.7.3h11c.3 0 .5-.1.7-.3.2-.2.3-.5.3-.7s-.1-.5-.3-.7zM5.8 14.7l6.2 6.3 6.2-6.3c.2-.2.3-.5.3-.7s-.1-.5-.3-.7c-.2-.2-.4-.3-.7-.3h-11c-.3 0-.5.1-.7.3-.2.2-.3.5-.3.7s.1.5.3.7z\"\/><\/svg><\/span><\/span><\/span><\/a><\/span><\/div>\n<nav><ul class='ez-toc-list ez-toc-list-level-1 ' ><li class='ez-toc-page-1 ez-toc-heading-level-2'><a class=\"ez-toc-link ez-toc-heading-1\" href=\"https:\/\/eventiyoga.it\/blog\/offerte-week-end-mare\/#Perche_prendere_al_volo_le_offerte_weekend_al_mare\" title=\"Perch\u00e9 prendere al volo le offerte weekend al mare?\">Perch\u00e9 prendere al volo le offerte weekend al mare?<\/a><\/li><li class='ez-toc-page-1 ez-toc-heading-level-2'><a class=\"ez-toc-link ez-toc-heading-2\" href=\"https:\/\/eventiyoga.it\/blog\/offerte-week-end-mare\/#Come_rendere_indimenticabile_il_week_end_mare_Italia\" title=\"Come rendere indimenticabile il week end mare Italia\">Come rendere indimenticabile il week end mare Italia<\/a><\/li><li class='ez-toc-page-1 ez-toc-heading-level-2'><a class=\"ez-toc-link ez-toc-heading-3\" href=\"https:\/\/eventiyoga.it\/blog\/offerte-week-end-mare\/#Come_scegliere_al_meglio_le_offerte_weekend_al_mare\" title=\"Come scegliere al meglio le offerte weekend al mare\">Come scegliere al meglio le offerte weekend al mare<\/a><\/li><li class='ez-toc-page-1 ez-toc-heading-level-2'><a class=\"ez-toc-link ez-toc-heading-4\" href=\"https:\/\/eventiyoga.it\/blog\/offerte-week-end-mare\/#Week_end_mare_offerte_le_principali_destinazioni_italiane\" title=\"Week end mare offerte: le principali destinazioni italiane\">Week end mare offerte: le principali destinazioni italiane<\/a><\/li><li class='ez-toc-page-1 ez-toc-heading-level-2'><a class=\"ez-toc-link ez-toc-heading-5\" href=\"https:\/\/eventiyoga.it\/blog\/offerte-week-end-mare\/#Domande_frequenti_sulle_offerte_weekend_mare\" title=\"Domande frequenti sulle offerte weekend mare\">Domande frequenti sulle offerte weekend mare<\/a><\/li><li class='ez-toc-page-1 ez-toc-heading-level-2'><a class=\"ez-toc-link ez-toc-heading-6\" href=\"https:\/\/eventiyoga.it\/blog\/offerte-week-end-mare\/#Scarica_lApp_di_Eventi_Yoga\" title=\"Scarica l\u2019App di Eventi Yoga\">Scarica l\u2019App di Eventi Yoga<\/a><\/li><li class='ez-toc-page-1 ez-toc-heading-level-2'><a class=\"ez-toc-link ez-toc-heading-7\" href=\"https:\/\/eventiyoga.it\/blog\/offerte-week-end-mare\/#Calendario_Eventi_Yoga_online\" title=\"Calendario Eventi Yoga online\">Calendario Eventi Yoga online<\/a><\/li><li class='ez-toc-page-1 ez-toc-heading-level-2'><a class=\"ez-toc-link ez-toc-heading-8\" href=\"https:\/\/eventiyoga.it\/blog\/offerte-week-end-mare\/#Altre_risorse_interessanti_per_te\" title=\"Altre risorse interessanti per te\">Altre risorse interessanti per te<\/a><\/li><li class='ez-toc-page-1 ez-toc-heading-level-2'><a class=\"ez-toc-link ez-toc-heading-9\" href=\"https:\/\/eventiyoga.it\/blog\/offerte-week-end-mare\/#Iscriviti_alla_nostra_Newsletter\" title=\"Iscriviti alla nostra Newsletter\">Iscriviti alla nostra Newsletter<\/a><\/li><\/ul><\/nav><\/div>\n<h2 class=\"wp-block-heading\" id=\"h-perch-prendere-al-volo-le-offerte-weekend-al-mare\"><span class=\"ez-toc-section\" id=\"Perche_prendere_al_volo_le_offerte_weekend_al_mare\"><\/span>Perch\u00e9 prendere al volo le offerte weekend al mare?<span class=\"ez-toc-section-end\"><\/span><\/h2>\n\n\n\n<p>La risposta \u00e8 semplice, perch\u00e9 le <strong>offerte weekend mare <\/strong>permettono di poter <strong><em>frequentare ritiri yoga lunghi un fine settimana<\/em> <\/strong>con <a href=\"https:\/\/eventiyoga.it\/insegnanti-yoga\/\" class=\"ek-link\"><em>insegnanti qualificati<\/em><\/a> e a prezzi vantaggiosi. <\/p>\n\n\n\n<p>Prima di vedere da vicino le principali offerte week end al mare, vediamo per\u00f2 perch\u00e9 praticare <strong><a aria-label=\"yoga al mare (opens in a new tab)\" href=\"https:\/\/eventiyoga.it\/blog\/yoga-al-mare\/\" target=\"_blank\" rel=\"noreferrer noopener\" class=\"ek-link\">yoga al mare<\/a><\/strong> fa bene al corpo e alla mente. <\/p>\n\n\n<div class=\"wp-block-image\">\n<figure class=\"aligncenter size-full\"><a href=\"https:\/\/eventiyoga.it\/blog\/wp-content\/uploads\/2023\/03\/Una-donna-pratica-yoga-al-mare.png\"><img decoding=\"async\" src=\"data:image\/gif;base64,R0lGODlhAQABAIAAAAAAAP\/\/\/yH5BAEAAAAALAAAAAABAAEAAAIBRAA7\" data-src=\"https:\/\/eventiyoga.it\/blog\/wp-content\/uploads\/2023\/03\/Una-donna-pratica-yoga-al-mare.png\" alt=\"Una donna pratica yoga al mare\" class=\"wp-image-52025\"\/><noscript><img decoding=\"async\" src=\"https:\/\/eventiyoga.it\/blog\/wp-content\/uploads\/2023\/03\/Una-donna-pratica-yoga-al-mare.png\" alt=\"Una donna pratica yoga al mare\" class=\"wp-image-52025\"\/><\/noscript><\/a><\/figure>\n<\/div>\n\n\n<hr class=\"wp-block-separator has-text-color has-white-color has-css-opacity has-white-background-color has-background\"\/>\n\n\n\n<h3 class=\"wp-block-heading\" id=\"h-yoga-al-mare-i-principali-benefici\">Yoga al mare, i principali benefici <\/h3>\n\n\n\n<p><strong>Praticare yoga al mare<\/strong> permette di <a aria-label=\" (opens in a new tab)\" href=\"https:\/\/eventiyoga.it\/blog\/tutti-benefici-dello-yoga\/\" target=\"_blank\" rel=\"noreferrer noopener\" class=\"ek-link\"><strong><em>unire i benefici dello yoga<\/em><\/strong><\/a><strong> a quelli del mare<\/strong>, a partire da un clima pi\u00f9 mite e senz\u2019altro pi\u00f9 favorevole di quello di citt\u00e0.<\/p>\n\n\n\n<p>Poi vuoi mettere praticare <a href=\"https:\/\/eventiyoga.it\/blog\/yoga-in-spiaggia-scopri-i-benefici-e-le-posizioni-migliori\/\">yoga in spiaggia<\/a> davanti a una distesa d\u2019acqua infinita. Solo al pensiero, la mente si calma e la pratica ne risente in positivo.<\/p>\n\n\n\n<p>C\u2019\u00e8 da aggiungere anche la possibilit\u00e0 di <strong>abbinare la pratica yoga ad altre discipline<\/strong>, chiaramente a seconda della stagione in cui ci si trova: <a aria-label=\" (opens in a new tab)\" href=\"https:\/\/eventiyoga.it\/blog\/yoga-e-nuoto\/\" target=\"_blank\" rel=\"noreferrer noopener\" class=\"ek-link\">nuoto<\/a>, <a aria-label=\"barca a vela (opens in a new tab)\" href=\"https:\/\/eventiyoga.it\/blog\/yoga-e-vela\/\" target=\"_blank\" rel=\"noreferrer noopener\" class=\"ek-link\">barca a vela<\/a>, immersioni, in estate, ma le escursioni lungo la spiaggia vanno bene tutto l&#8217;anno, inverno compreso. Perch\u00e9 &#8211; ne siamo convinti &#8211; il mare non \u00e8 solo un luogo geografico, \u00e8 una <strong>dimensione<\/strong>. E in ogni stagione riserva meraviglie e sorpresa.<\/p>\n\n\n\n<p>Inoltre il mare, cos\u00ec come la <strong><a href=\"https:\/\/eventiyoga.it\/blog\/yoga-in-montagna\/\" target=\"_blank\" aria-label=\"montagna (opens in a new tab)\" rel=\"noreferrer noopener\" class=\"ek-link\">montagna<\/a><\/strong>, d\u00e0 la possibilit\u00e0 di esplorare paesaggi naturali che magari \u2013 se abiti in citt\u00e0 \u2013 non appartengono al tuo quotidiano. E staccare la spina cambiando aria, fa sempre bene. <\/p>\n\n\n<div class=\"wp-block-image\">\n<figure class=\"aligncenter size-large\"><a href=\"https:\/\/eventiyoga.it\/blog\/wp-content\/uploads\/2021\/08\/IMG-20210730-WA0051-e1678800076227.jpg\"><img decoding=\"async\" src=\"data:image\/gif;base64,R0lGODlhAQABAIAAAAAAAP\/\/\/yH5BAEAAAAALAAAAAABAAEAAAIBRAA7\" data-src=\"https:\/\/eventiyoga.it\/blog\/wp-content\/uploads\/2021\/08\/IMG-20210730-WA0051-998x1024.jpg\" alt=\"Namaste Praiano\" class=\"wp-image-34752\"\/><noscript><img decoding=\"async\" src=\"https:\/\/eventiyoga.it\/blog\/wp-content\/uploads\/2021\/08\/IMG-20210730-WA0051-998x1024.jpg\" alt=\"Namaste Praiano\" class=\"wp-image-34752\"\/><\/noscript><\/a><figcaption class=\"wp-element-caption\">Foto: <em>Festival Namast\u00e9 Praiano<\/em>, <a href=\"https:\/\/eventiyoga.it\/blog\/vacanze-yoga-in-campania\/\" class=\"ek-link\"><em>Yoga in Campania<\/em><\/a><\/figcaption><\/figure>\n<\/div>\n\n\n<hr class=\"wp-block-separator has-text-color has-white-color has-css-opacity has-white-background-color has-background\"\/>\n\n\n\n<h2 class=\"wp-block-heading\" id=\"h-come-rendere-indimenticabile-il-week-end-mare-italia\"><span class=\"ez-toc-section\" id=\"Come_rendere_indimenticabile_il_week_end_mare_Italia\"><\/span>Come rendere indimenticabile il week end mare Italia<span class=\"ez-toc-section-end\"><\/span><\/h2>\n\n\n\n<p>Un weekend al mare \u00e8 davvero una bella opportunit\u00e0 per rigenerarsi, recuperando la<strong> voglia di stare nella natura e nel silenzio<\/strong>, staccando la spina in modo profondo. Come renderlo indimenticabile? Innanzitutto partendo con la <strong>voglia di aprirti al nuovo e alla scoperta<\/strong>: di un posto nuovo ma anche di un nuovo modo di praticare yoga, e di persone sconosciute. <\/p>\n\n\n\n<p>Poi chiaramente ti consigliamo di equipaggiarti nel modo giusto per vivere il fine settimana in modo confortevole. Quindi, a seconda del periodo dell&#8217;anno in cui ti rechi al mare, porta con te il necessario: dal costume alla crema solare nella stagione estiva, a una giacca a vento nelle altre stagioni. <\/p>\n\n\n\n<hr class=\"wp-block-separator has-text-color has-white-color has-css-opacity has-white-background-color has-background\"\/>\n\n\n\n<h2 class=\"wp-block-heading\" id=\"h-come-scegliere-al-meglio-le-offerte-weekend-al-mare\"><span class=\"ez-toc-section\" id=\"Come_scegliere_al_meglio_le_offerte_weekend_al_mare\"><\/span>Come scegliere al meglio le offerte weekend al mare <span class=\"ez-toc-section-end\"><\/span><\/h2>\n\n\n\n<hr class=\"wp-block-separator has-text-color has-white-color has-css-opacity has-white-background-color has-background\"\/>\n\n\n\n<p>Prima di prendere in considerazione le <strong>offerte weekend mare<\/strong> ti ricordiamo di fare attenzione ad alcuni aspetti. Eccoli:<\/p>\n\n\n\n<ul class=\"wp-block-list is-style-connected\">\n<li><a class=\"ek-link\" href=\"https:\/\/eventiyoga.it\/strutture-yoga\/\"><strong><em>la localit<\/em><\/strong><\/a><strong><a class=\"ek-link\" href=\"https:\/\/eventiyoga.it\/strutture-yoga\/\">\u00e0<\/a><\/strong>, sceglila in base ai tuoi interessi;<br><\/li>\n\n\n\n<li>la tipologia di alloggio, anche in questo caso, scegli una proposta che corrisponda alle tue aspettative;<br><\/li>\n\n\n\n<li>il prezzo, che deve essere congruo, in relazione all\u2019offerta;<br><\/li>\n\n\n\n<li>\u00e8 importante scegliere ritiri meditazione e yoga organizzati da <a aria-label=\" (opens in a new tab)\" class=\"ek-link\" href=\"https:\/\/eventiyoga.it\/insegnanti-yoga\/\" target=\"_blank\" rel=\"noreferrer noopener\">insegnanti professionisti<\/a>.<\/li>\n<\/ul>\n\n\n\n<hr class=\"wp-block-separator has-text-color has-white-color has-css-opacity has-white-background-color has-background\"\/>\n\n\n\n<h2 class=\"wp-block-heading\" id=\"h-week-end-mare-offerte-le-principali-destinazioni-italiane\"><span class=\"ez-toc-section\" id=\"Week_end_mare_offerte_le_principali_destinazioni_italiane\"><\/span>Week end mare offerte: le principali destinazioni italiane<span class=\"ez-toc-section-end\"><\/span><\/h2>\n\n\n\n<hr class=\"wp-block-separator has-text-color has-white-color has-css-opacity has-white-background-color has-background\"\/>\n\n\n\n<p>L&#8217;Italia, essendo una penisola, vanta numerose regioni bagnate dal mare, ciascuna diversa dall&#8217;altra per tradizioni e peculiarit\u00e0. Le prendiamo in rassegna tutte e le presentiamo in ordine alfabetico. <\/p>\n\n\n\n<h3 class=\"wp-block-heading\" id=\"h-abruzzo\">Abruzzo<\/h3>\n\n\n\n<p>Pi\u00f9 di <strong>130 chilometri di litorale<\/strong> che alternano coste frastagliate ad arenili dorati, spiagge animate e lidi solitari. Si presenta cos\u00ec il mare d\u2019Abruzzo, ed \u00e8 solo un tassello, che va ad aggiungersi alla bellezza del suo entroterra e all\u2019ospitalit\u00e0 degli abruzzesi.<\/p>\n\n\n\n<hr class=\"wp-block-separator has-text-color has-white-color has-css-opacity has-white-background-color has-background\"\/>\n\n\n\n<h3 class=\"wp-block-heading\" id=\"h-basilicata\">Basilicata<\/h3>\n\n\n\n<p>Un mare degno di nota, un entroterra meraviglioso e <strong>tradizioni secolari<\/strong>. La Basilicata \u00e8 una di quelle regioni da scoprire, ospitale e generosa.<\/p>\n\n\n\n<hr class=\"wp-block-separator has-text-color has-white-color has-css-opacity has-white-background-color has-background\"\/>\n\n\n\n<h3 class=\"wp-block-heading\">Calabria<\/h3>\n\n\n\n<p>Mare e montagna, un <strong>patrimonio archeologico di grande interesse<\/strong> (tra cui ricordiamo i proverbiali <strong>Bronzi di Riace<\/strong>) e <strong>parchi nazionali<\/strong> dove ammirare la natura in tutta la sua bellezza. Tra le localit\u00e0 balneari ricche di tradizione ricordiamo <strong>Tropea e Scilla<\/strong>. <\/p>\n\n\n\n<hr class=\"wp-block-separator has-text-color has-white-color has-css-opacity has-white-background-color has-background\"\/>\n\n\n\n<div class=\"wp-block-media-text alignwide is-stacked-on-mobile\"><figure class=\"wp-block-media-text__media\"><img decoding=\"async\" src=\"data:image\/gif;base64,R0lGODlhAQABAIAAAAAAAP\/\/\/yH5BAEAAAAALAAAAAABAAEAAAIBRAA7\" data-src=\"https:\/\/eventiyoga.it\/blog\/wp-content\/uploads\/2022\/07\/vacanze-yoga-in-Calabria-Tropea-1.png\" alt=\"vacanze yoga in Calabria - Tropea\" class=\"wp-image-45881 size-full\"\/><noscript><img decoding=\"async\" src=\"https:\/\/eventiyoga.it\/blog\/wp-content\/uploads\/2022\/07\/vacanze-yoga-in-Calabria-Tropea-1.png\" alt=\"vacanze yoga in Calabria - Tropea\" class=\"wp-image-45881 size-full\"\/><\/noscript><\/figure><div class=\"wp-block-media-text__content\">\n<p class=\"has-large-font-size\">Offerte weekend al mare in Calabria<\/p>\n<\/div><\/div>\n\n\n\n<hr class=\"wp-block-separator has-text-color has-white-color has-css-opacity has-white-background-color has-background\"\/>\n\n\n        <div class=\"yoga-events-container\">\n            <div class=\"yoga-events-list\">\n                                                        <div class=\"yoga-event-item\">\n                        <span class=\"event-day\">29 Maggio<\/span>\n                        <span class = \"yoga-location-text\">Catanzaro<\/span>\n                        <a href=\"https:\/\/eventiyoga.it\/eventi-yoga\/residenziale_di_kundalini_yoga_e_teatro_in_calabria-6865\" class=\"yoga-event-link \">Residenziale di Kundalini yoga e Teatro in Calabria<\/a>\n                    <\/div>\n                                                        <div class=\"yoga-event-item\">\n                        <span class=\"event-day\">12 Giugno<\/span>\n                        <span class = \"yoga-location-text\">Catanzaro<\/span>\n                        <a href=\"https:\/\/eventiyoga.it\/eventi-yoga\/calabria_happiness_retreat_tra_mare_e_faggete-7166\" class=\"yoga-event-link promoted\">Calabria: Happiness Retreat tra mare e faggete <\/a>\n                    <\/div>\n                            <\/div>\n        <\/div>\n        \n\n\n\n<hr class=\"wp-block-separator has-text-color has-white-color has-css-opacity has-white-background-color has-background\"\/>\n\n\n\n<h3 class=\"wp-block-heading\" id=\"h-campania\">Campania<\/h3>\n\n\n\n<p>Una regione che esprime in s\u00e9 tutto quello che l\u2019Italia \u00e8 in grado di offrire: bellezze naturali, tradizioni, arte, cultura e una cucina di cui ci si innamora al primo assaggio. Tra le destinazioni yoga campane pi\u00f9 gettonate, ai primi posti, l\u2019<strong><a rel=\"noreferrer noopener\" href=\"https:\/\/it.wikipedia.org\/wiki\/Isola_di_Capri\" target=\"_blank\" class=\"ek-link\">isola diCapri<\/a><\/strong> e l\u2019<strong><a rel=\"noreferrer noopener\" href=\"https:\/\/it.wikipedia.org\/wiki\/Isola_d%27Ischia\" target=\"_blank\" class=\"ek-link\">isola di Ischia<\/a><\/strong>, due localit\u00e0 che non hanno certo bisogno di presentazioni: sono ideali per chiunque, per gli yogi ancora di pi\u00f9 perch\u00e9 sono in grado di abbinare zone tranquille dedite al relax e al benessere (basti pensare alle <strong>acque termali di Ischia<\/strong>) a itinerari gastronomici, naturalistici e culturali davvero interessanti. Insomma, un <strong><em>week end mare Campania<\/em> <\/strong>\u00e8 un&#8217;idea da prendere in considerazione. <\/p>\n\n\n\n<hr class=\"wp-block-separator has-text-color has-white-color has-css-opacity has-white-background-color has-background\"\/>\n\n\n\n<div class=\"wp-block-media-text alignwide is-stacked-on-mobile\"><figure class=\"wp-block-media-text__media\"><img decoding=\"async\" src=\"data:image\/gif;base64,R0lGODlhAQABAIAAAAAAAP\/\/\/yH5BAEAAAAALAAAAAABAAEAAAIBRAA7\" data-src=\"https:\/\/eventiyoga.it\/blog\/wp-content\/uploads\/2022\/08\/09.09.22-Namaste-Praiano-Settembre-6-1024x766.jpg\" alt=\"09.09.22 - Namaste Praiano Settembre\" class=\"wp-image-46599 size-full\"\/><noscript><img decoding=\"async\" src=\"https:\/\/eventiyoga.it\/blog\/wp-content\/uploads\/2022\/08\/09.09.22-Namaste-Praiano-Settembre-6-1024x766.jpg\" alt=\"09.09.22 - Namaste Praiano Settembre\" class=\"wp-image-46599 size-full\"\/><\/noscript><\/figure><div class=\"wp-block-media-text__content\">\n<p class=\"has-large-font-size\">Offerte weekend al mare in Campania<\/p>\n\n\n\n<p>Foto: <em><a href=\"https:\/\/eventiyoga.it\/calendario\/namaste-praiano-oasi-olistica-terza-edizione-maggio-2023\/\" class=\"ek-link\">Namast\u00e8 Praiano<\/a><\/em>. <br><em>Il primo Festival Yoga della Costiera Amalfitana<\/em><\/p>\n<\/div><\/div>\n\n\n\n<hr class=\"wp-block-separator has-text-color has-white-color has-css-opacity has-white-background-color has-background\"\/>\n\n\n        <div class=\"yoga-events-container\">\n            <div class=\"yoga-events-list\">\n                                                        <div class=\"yoga-event-item\">\n                        <span class=\"event-day\">23 Maggio<\/span>\n                        <span class = \"yoga-location-text\">Napoli<\/span>\n                        <a href=\"https:\/\/eventiyoga.it\/eventi-yoga\/parco_delle_ninfe_di_nitrodi_ischia-6500\" class=\"yoga-event-link \">Parco delle Ninfe di Nitrodi \u2013 Ischia<\/a>\n                    <\/div>\n                                                        <div class=\"yoga-event-item\">\n                        <span class=\"event-day\">30 Maggio<\/span>\n                        <span class = \"yoga-location-text\">Salerno<\/span>\n                        <a href=\"https:\/\/eventiyoga.it\/eventi-yoga\/ritiro_yoga_in_cilento-6907\" class=\"yoga-event-link \">Ritiro Yoga in Cilento<\/a>\n                    <\/div>\n                                                        <div class=\"yoga-event-item\">\n                        <span class=\"event-day\">30 Maggio<\/span>\n                        <span class = \"yoga-location-text\">Napoli<\/span>\n                        <a href=\"https:\/\/eventiyoga.it\/eventi-yoga\/ritiro_yoga_ischia_yoga_retreat_sull_isola_d_ischia-6551\" class=\"yoga-event-link \">Ritiro Yoga Ischia | Yoga Retreat sull&#039;Isola D&#039;Ischia<\/a>\n                    <\/div>\n                                                        <div class=\"yoga-event-item\">\n                        <span class=\"event-day\">30 Maggio<\/span>\n                        <span class = \"yoga-location-text\">Salerno<\/span>\n                        <a href=\"https:\/\/eventiyoga.it\/eventi-yoga\/yoga_e_barca_a_vela_retreat_costiera_amalfitana_e_capri-6076\" class=\"yoga-event-link \">Yoga e barca a vela Retreat \u2013 Costiera Amalfitana e Capri<\/a>\n                    <\/div>\n                                                        <div class=\"yoga-event-item\">\n                        <span class=\"event-day\">13 Giugno<\/span>\n                        <span class = \"yoga-location-text\">Salerno<\/span>\n                        <a href=\"https:\/\/eventiyoga.it\/eventi-yoga\/ritiro_yoga_e_counseling_nel_cilento_ritiro_yoga_in_campania-6580\" class=\"yoga-event-link \">Ritiro Yoga e Counseling nel Cilento | Ritiro Yoga in Campania<\/a>\n                    <\/div>\n                                                        <div class=\"yoga-event-item\">\n                        <span class=\"event-day\">15 Giugno<\/span>\n                        <span class = \"yoga-location-text\">Napoli<\/span>\n                        <a href=\"https:\/\/eventiyoga.it\/eventi-yoga\/parco_delle_ninfe_di_nitrodi_ischia-6501\" class=\"yoga-event-link \">Parco delle Ninfe di Nitrodi \u2013 Ischia<\/a>\n                    <\/div>\n                                                        <div class=\"yoga-event-item\">\n                        <span class=\"event-day\">20 Giugno<\/span>\n                        <span class = \"yoga-location-text\">Salerno<\/span>\n                        <a href=\"https:\/\/eventiyoga.it\/eventi-yoga\/ritiro_yoga_e_counseling_nel_cilento_ritiro_yoga_in_campania-6596\" class=\"yoga-event-link \">Ritiro Yoga e Counseling nel Cilento | Ritiro Yoga in Campania<\/a>\n                    <\/div>\n                                                        <div class=\"yoga-event-item\">\n                        <span class=\"event-day\">12 Luglio<\/span>\n                        <span class = \"yoga-location-text\">Napoli<\/span>\n                        <a href=\"https:\/\/eventiyoga.it\/eventi-yoga\/vacanza_yoga_a_ischia-7142\" class=\"yoga-event-link \">vacanza yoga a Ischia<\/a>\n                    <\/div>\n                                                        <div class=\"yoga-event-item\">\n                        <span class=\"event-day\">16 Luglio<\/span>\n                        <span class = \"yoga-location-text\">Napoli<\/span>\n                        <a href=\"https:\/\/eventiyoga.it\/eventi-yoga\/long_week_end_yoga_ischia_vastita_leggerezza-6975\" class=\"yoga-event-link \">LONG WEEK-END YOGA ISCHIA: VASTITA&#039; &amp; LEGGEREZZA<\/a>\n                    <\/div>\n                                                        <div class=\"yoga-event-item\">\n                        <span class=\"event-day\">01 Agosto<\/span>\n                        <span class = \"yoga-location-text\">Salerno<\/span>\n                        <a href=\"https:\/\/eventiyoga.it\/eventi-yoga\/yoga_in_cilento-7039\" class=\"yoga-event-link \">Yoga in Cilento<\/a>\n                    <\/div>\n                                                        <div class=\"yoga-event-item\">\n                        <span class=\"event-day\">28 Agosto<\/span>\n                        <span class = \"yoga-location-text\">Napoli<\/span>\n                        <a href=\"https:\/\/eventiyoga.it\/eventi-yoga\/ritiro_yoga_e_meditazione_ischia_nitrodi-7097\" class=\"yoga-event-link \">Ritiro Yoga e Meditazione Ischia Nitrodi <\/a>\n                    <\/div>\n                                                        <div class=\"yoga-event-item\">\n                        <span class=\"event-day\">26 Settembre<\/span>\n                        <span class = \"yoga-location-text\">Napoli<\/span>\n                        <a href=\"https:\/\/eventiyoga.it\/eventi-yoga\/vacanza_yoga_a_ischia_festa_di_san_michele-6062\" class=\"yoga-event-link \">VACANZA YOGA A ISCHIA \u2013 FESTA DI SAN MICHELE<\/a>\n                    <\/div>\n                            <\/div>\n        <\/div>\n        \n\n\n\n<hr class=\"wp-block-separator has-text-color has-white-color has-css-opacity has-white-background-color has-background\"\/>\n\n\n\n<h3 class=\"wp-block-heading\" id=\"h-emilia-romagna\">Emilia-Romagna<\/h3>\n\n\n\n<p>Chi ha sperimentato l\u2019ospitalit\u00e0 dei romagnoli sa bene quanto siano preziose le vacanze trascorse in questa regione, <strong>coccolati e ricoperti da attenzioni<\/strong>. Da segnalare anche l\u2019entroterra, assolutamente da scoprire.<\/p>\n\n\n\n<hr class=\"wp-block-separator has-text-color has-white-color has-css-opacity has-white-background-color has-background\"\/>\n\n\n\n<h3 class=\"wp-block-heading\">Friuli-Venezia Giulia <\/h3>\n\n\n\n<p>Il mare del Friuli-Venezia Giulia non viene in mente subito, ma a pensarci ha localit\u00e0 note per la loro bellezza e ospitalit\u00e0. Due nomi su tutti sono <strong>Grado<\/strong> e la <strong>spiaggia di Lignano Sabbiadoro<\/strong>, in provincia di Udine, la pi\u00f9 estesa della regione, con un arenile di oltre otto chilometri.<\/p>\n\n\n\n<hr class=\"wp-block-separator has-text-color has-white-color has-css-opacity has-white-background-color has-background\"\/>\n\n\n\n<h3 class=\"wp-block-heading\">Lazio<\/h3>\n\n\n\n<p>Il litorale laziale, <strong>nel cuore della costa tirrenica, <\/strong>\u00e8 lungo <strong>300 km <\/strong>e presenta paesaggi differenti, da spiagge selvagge a borghi pittoreschi, a localit\u00e0 dalla vita notturna particolarmente vivace. <\/p>\n\n\n\n<hr class=\"wp-block-separator has-text-color has-white-color has-css-opacity has-white-background-color has-background\"\/>\n\n\n\n<h3 class=\"wp-block-heading\">Liguria<\/h3>\n\n\n\n<p>Conosciuta per il mare, vanta localit\u00e0 incantevoli: da <strong>Camogli<\/strong> alle <strong>Cinque Terre<\/strong>, fino al <strong>Golfo dei Poeti<\/strong> e la celebre <strong>Sanremo<\/strong>. Un <strong>weekend mare Liguria<\/strong> \u00e8 da sempre super gettonato per chi vive in Piemonte e in Lombardia, grazie alla comoda vicinanza. <\/p>\n\n\n\n<hr class=\"wp-block-separator has-text-color has-white-color has-css-opacity has-white-background-color has-background\"\/>\n\n\n\n<div class=\"wp-block-media-text alignwide is-stacked-on-mobile\"><figure class=\"wp-block-media-text__media\"><img decoding=\"async\" src=\"data:image\/gif;base64,R0lGODlhAQABAIAAAAAAAP\/\/\/yH5BAEAAAAALAAAAAABAAEAAAIBRAA7\" data-src=\"https:\/\/eventiyoga.it\/blog\/wp-content\/uploads\/2020\/08\/Prenditi-cura-di-te-Weekend-Yoga-in-Liguria-Laura-Bonomi.jpeg\" alt=\"Prenditi cura di te - Weekend Yoga in Liguria - Laura Bonomi\" class=\"wp-image-45672 size-full\"\/><noscript><img decoding=\"async\" src=\"https:\/\/eventiyoga.it\/blog\/wp-content\/uploads\/2020\/08\/Prenditi-cura-di-te-Weekend-Yoga-in-Liguria-Laura-Bonomi.jpeg\" alt=\"Prenditi cura di te - Weekend Yoga in Liguria - Laura Bonomi\" class=\"wp-image-45672 size-full\"\/><\/noscript><\/figure><div class=\"wp-block-media-text__content\">\n<p class=\"has-large-font-size\">Offerte weekend al mare in Liguria<\/p>\n<\/div><\/div>\n\n\n\n<hr class=\"wp-block-separator has-text-color has-white-color has-css-opacity has-white-background-color has-background\"\/>\n\n\n        <div class=\"yoga-events-container\">\n            <div class=\"yoga-events-list\">\n                                                        <div class=\"yoga-event-item\">\n                        <span class=\"event-day\">09 Maggio<\/span>\n                        <span class = \"yoga-location-text\">Savona<\/span>\n                        <a href=\"https:\/\/eventiyoga.it\/eventi-yoga\/ritiro_yoga_nel_bosco-6933\" class=\"yoga-event-link \">Ritiro Yoga nel Bosco<\/a>\n                    <\/div>\n                                                        <div class=\"yoga-event-item\">\n                        <span class=\"event-day\">15 Maggio<\/span>\n                        <span class = \"yoga-location-text\">Genova<\/span>\n                        <a href=\"https:\/\/eventiyoga.it\/eventi-yoga\/allevia_dolori_e_tensioni_con_movimenti_gentili-6396\" class=\"yoga-event-link \">Allevia Dolori e Tensioni con Movimenti Gentili<\/a>\n                    <\/div>\n                                                        <div class=\"yoga-event-item\">\n                        <span class=\"event-day\">15 Maggio<\/span>\n                        <span class = \"yoga-location-text\">Genova<\/span>\n                        <a href=\"https:\/\/eventiyoga.it\/eventi-yoga\/sollievo_per_ansia_e_dolori-6499\" class=\"yoga-event-link \">SOLLIEVO PER ANSIA e DOLORI<\/a>\n                    <\/div>\n                                                        <div class=\"yoga-event-item\">\n                        <span class=\"event-day\">22 Maggio<\/span>\n                        <span class = \"yoga-location-text\">Genova<\/span>\n                        <a href=\"https:\/\/eventiyoga.it\/eventi-yoga\/weekend_yoga_in_liguria_yoga_reset_il_tempo_di_ascoltarti-7093\" class=\"yoga-event-link \">Weekend Yoga in Liguria | Yoga Reset | il tempo di ascoltarti<\/a>\n                    <\/div>\n                                                        <div class=\"yoga-event-item\">\n                        <span class=\"event-day\">22 Maggio<\/span>\n                        <span class = \"yoga-location-text\">Genova<\/span>\n                        <a href=\"https:\/\/eventiyoga.it\/eventi-yoga\/weekend_yoga_e_trekking-7244\" class=\"yoga-event-link \">Weekend Yoga e Trekking <\/a>\n                    <\/div>\n                                                        <div class=\"yoga-event-item\">\n                        <span class=\"event-day\">29 Maggio<\/span>\n                        <span class = \"yoga-location-text\">Imperia<\/span>\n                        <a href=\"https:\/\/eventiyoga.it\/eventi-yoga\/yoga_onde_ritiro_in_liguria_al_mare-6775\" class=\"yoga-event-link \">Yoga &amp; Onde | Ritiro in Liguria al Mare<\/a>\n                    <\/div>\n                                                        <div class=\"yoga-event-item\">\n                        <span class=\"event-day\">29 Maggio<\/span>\n                        <span class = \"yoga-location-text\">Savona<\/span>\n                        <a href=\"https:\/\/eventiyoga.it\/eventi-yoga\/ritiro_nella_natura_selvaggia_liguria_cascina_marasca-7179\" class=\"yoga-event-link \">RITIRO NELLA NATURA SELVAGGIA - LIGURIA - CASCINA MARASCA<\/a>\n                    <\/div>\n                                                        <div class=\"yoga-event-item\">\n                        <span class=\"event-day\">30 Maggio<\/span>\n                        <span class = \"yoga-location-text\">Genova<\/span>\n                        <a href=\"https:\/\/eventiyoga.it\/eventi-yoga\/yoga_ayurveda_e_introduzione_a_kalaripayattu-7119\" class=\"yoga-event-link \">YOGA, AYURVEDA e INTRODUZIONE A KALARIPAYATTU<\/a>\n                    <\/div>\n                                                        <div class=\"yoga-event-item\">\n                        <span class=\"event-day\">30 Maggio<\/span>\n                        <span class = \"yoga-location-text\">Savona<\/span>\n                        <a href=\"https:\/\/eventiyoga.it\/eventi-yoga\/ritiro_yoga_e_mare_ponte_2_giugno_in_liguria-7037\" class=\"yoga-event-link \">Ritiro Yoga e Mare (ponte 2 Giugno) in Liguria<\/a>\n                    <\/div>\n                                                        <div class=\"yoga-event-item\">\n                        <span class=\"event-day\">31 Maggio<\/span>\n                        <span class = \"yoga-location-text\">Genova<\/span>\n                        <a href=\"https:\/\/eventiyoga.it\/eventi-yoga\/a_mare_yoga_retreat_per_fluire_come_le_onde-7125\" class=\"yoga-event-link \">A-Mare Yoga Retreat, per Fluire come le Onde <\/a>\n                    <\/div>\n                                                        <div class=\"yoga-event-item\">\n                        <span class=\"event-day\">31 Maggio<\/span>\n                        <span class = \"yoga-location-text\">Genova<\/span>\n                        <a href=\"https:\/\/eventiyoga.it\/eventi-yoga\/vacanza_yoga_e_ayurveda_al_mare_a_sestri_levante_in_liguria-6554\" class=\"yoga-event-link promoted\">Vacanza Yoga e Ayurveda al Mare a Sestri Levante in Liguria<\/a>\n                    <\/div>\n                                                        <div class=\"yoga-event-item\">\n                        <span class=\"event-day\">05 Giugno<\/span>\n                        <span class = \"yoga-location-text\">Imperia<\/span>\n                        <a href=\"https:\/\/eventiyoga.it\/eventi-yoga\/ritiro_yoga_relief_cielo_bordighera_liguria-7232\" class=\"yoga-event-link \">Ritiro Yoga Relief &quot;CIELO&quot; Bordighera Liguria<\/a>\n                    <\/div>\n                                                        <div class=\"yoga-event-item\">\n                        <span class=\"event-day\">12 Giugno<\/span>\n                        <span class = \"yoga-location-text\">Imperia<\/span>\n                        <a href=\"https:\/\/eventiyoga.it\/eventi-yoga\/la_via_del_centro_forza_e_apertura-7228\" class=\"yoga-event-link \">La Via del Centro: forza e apertura<\/a>\n                    <\/div>\n                                                        <div class=\"yoga-event-item\">\n                        <span class=\"event-day\">12 Giugno<\/span>\n                        <span class = \"yoga-location-text\">Genova<\/span>\n                        <a href=\"https:\/\/eventiyoga.it\/eventi-yoga\/terra_mantra_ashram_stay-7149\" class=\"yoga-event-link \">TERRA MANTRA ASHRAM STAY <\/a>\n                    <\/div>\n                                                        <div class=\"yoga-event-item\">\n                        <span class=\"event-day\">19 Giugno<\/span>\n                        <span class = \"yoga-location-text\">La Spezia<\/span>\n                        <a href=\"https:\/\/eventiyoga.it\/eventi-yoga\/yoga_trekking_in_liguria_5_terre-6528\" class=\"yoga-event-link \">Yoga &amp; Trekking in Liguria | 5 Terre <\/a>\n                    <\/div>\n                                                        <div class=\"yoga-event-item\">\n                        <span class=\"event-day\">19 Giugno<\/span>\n                        <span class = \"yoga-location-text\">Genova<\/span>\n                        <a href=\"https:\/\/eventiyoga.it\/eventi-yoga\/terra_mantra_ashram_stay-7151\" class=\"yoga-event-link \">TERRA MANTRA ASHRAM STAY<\/a>\n                    <\/div>\n                                                        <div class=\"yoga-event-item\">\n                        <span class=\"event-day\">02 Agosto<\/span>\n                        <span class = \"yoga-location-text\">Savona<\/span>\n                        <a href=\"https:\/\/eventiyoga.it\/eventi-yoga\/seminario_di_iyengar_yoga_a_isasco-6759\" class=\"yoga-event-link \">SEMINARIO DI IYENGAR YOGA\u00ae A ISASCO<\/a>\n                    <\/div>\n                                                        <div class=\"yoga-event-item\">\n                        <span class=\"event-day\">12 Agosto<\/span>\n                        <span class = \"yoga-location-text\">Savona<\/span>\n                        <a href=\"https:\/\/eventiyoga.it\/eventi-yoga\/seminario_di_iyengar_yoga_a_isasco-6761\" class=\"yoga-event-link \">SEMINARIO DI IYENGAR YOGA\u00ae A ISASCO<\/a>\n                    <\/div>\n                            <\/div>\n        <\/div>\n        \n\n\n\n<hr class=\"wp-block-separator has-text-color has-white-color has-css-opacity has-white-background-color has-background\"\/>\n\n\n\n<h3 class=\"wp-block-heading\" id=\"h-marche\">Marche<\/h3>\n\n\n\n<hr class=\"wp-block-separator has-text-color has-white-color has-css-opacity has-white-background-color has-background\"\/>\n\n\n\n<p>Un\u2019altra regione da scoprire, capace di accontentare tutti (ma proprio tutti): grazie alla sua felice posizione geografica, le <strong>Marche<\/strong> possono essere scelte dagli amanti del mare, della <a href=\"https:\/\/eventiyoga.it\/blog\/offerte-weekend-montagna\/\">montagna<\/a>, della natura pi\u00f9 selvaggia. E cosa dire poi dell\u2019ospitalit\u00e0 e della cucina marchigiane? Semplicemente spettacolari. Nelle Marche ci si sente a casa anche se si \u00e8 lontani mille miglia.<\/p>\n\n\n\n<hr class=\"wp-block-separator has-text-color has-white-color has-css-opacity has-white-background-color has-background\"\/>\n\n\n\n<div class=\"wp-block-media-text alignwide is-stacked-on-mobile\"><figure class=\"wp-block-media-text__media\"><img decoding=\"async\" src=\"data:image\/gif;base64,R0lGODlhAQABAIAAAAAAAP\/\/\/yH5BAEAAAAALAAAAAABAAEAAAIBRAA7\" data-src=\"https:\/\/eventiyoga.it\/blog\/wp-content\/uploads\/2022\/05\/Vacanze-Yoga-nelle-Marche-Sirolo.jpg\" alt=\"Vacanze Yoga nelle Marche - Sirolo\" class=\"wp-image-42877 size-full\"\/><noscript><img decoding=\"async\" src=\"https:\/\/eventiyoga.it\/blog\/wp-content\/uploads\/2022\/05\/Vacanze-Yoga-nelle-Marche-Sirolo.jpg\" alt=\"Vacanze Yoga nelle Marche - Sirolo\" class=\"wp-image-42877 size-full\"\/><\/noscript><\/figure><div class=\"wp-block-media-text__content\">\n<p class=\"has-large-font-size\">Offerte weekend al mare nelle Marche<\/p>\n<\/div><\/div>\n\n\n\n<hr class=\"wp-block-separator has-text-color has-white-color has-css-opacity has-white-background-color has-background\"\/>\n\n\n        <div class=\"yoga-events-container\">\n            <div class=\"yoga-events-list\">\n                                                        <div class=\"yoga-event-item\">\n                        <span class=\"event-day\">02 Maggio<\/span>\n                        <span class = \"yoga-location-text\">Macerata<\/span>\n                        <a href=\"https:\/\/eventiyoga.it\/eventi-yoga\/yogacorrettivo_e_respiro_masterclass_con_nieves_lopez_a_civitanova_marche-7261\" class=\"yoga-event-link \">YogaCorrettivo\u00ae e Respiro: Masterclass con Nieves Lopez a Civitanova Marche<\/a>\n                    <\/div>\n                                                        <div class=\"yoga-event-item\">\n                        <span class=\"event-day\">03 Maggio<\/span>\n                        <span class = \"yoga-location-text\">Macerata<\/span>\n                        <a href=\"https:\/\/eventiyoga.it\/eventi-yoga\/yogacorrettivo_e_respiro_masterclass_con_nieves_lopez_a_civitanova_marche_2-7262\" class=\"yoga-event-link \">YogaCorrettivo\u00ae e Respiro: Masterclass con Nieves Lopez a Civitanova Marche (2)<\/a>\n                    <\/div>\n                                                        <div class=\"yoga-event-item\">\n                        <span class=\"event-day\">11 Maggio<\/span>\n                        <span class = \"yoga-location-text\">Macerata<\/span>\n                        <a href=\"https:\/\/eventiyoga.it\/eventi-yoga\/yoga_posturale_per_la_salute_della_schiena_yoga_a_civitanova_marche-6805\" class=\"yoga-event-link \">Yoga Posturale per la salute della schiena | Yoga a Civitanova Marche<\/a>\n                    <\/div>\n                                                        <div class=\"yoga-event-item\">\n                        <span class=\"event-day\">11 Maggio<\/span>\n                        <span class = \"yoga-location-text\">Macerata<\/span>\n                        <a href=\"https:\/\/eventiyoga.it\/eventi-yoga\/yoga_senza_paura_per_principianti-5862\" class=\"yoga-event-link \">Yoga senza Paura per Principianti<\/a>\n                    <\/div>\n                                                        <div class=\"yoga-event-item\">\n                        <span class=\"event-day\">13 Maggio<\/span>\n                        <span class = \"yoga-location-text\">Macerata<\/span>\n                        <a href=\"https:\/\/eventiyoga.it\/eventi-yoga\/lezione_individuale_di_yoga_su_misura_yoga_a_civitanova_marche-6807\" class=\"yoga-event-link \">Lezione Individuale di Yoga su misura | Yoga a Civitanova Marche<\/a>\n                    <\/div>\n                                                        <div class=\"yoga-event-item\">\n                        <span class=\"event-day\">16 Maggio<\/span>\n                        <span class = \"yoga-location-text\">Macerata<\/span>\n                        <a href=\"https:\/\/eventiyoga.it\/eventi-yoga\/workshop_yoga_per_cervicale_e_spalle_a_civitanova-6871\" class=\"yoga-event-link promoted\">Workshop Yoga per Cervicale e Spalle a Civitanova<\/a>\n                    <\/div>\n                                                        <div class=\"yoga-event-item\">\n                        <span class=\"event-day\">22 Maggio<\/span>\n                        <span class = \"yoga-location-text\">Pesaro Urbino<\/span>\n                        <a href=\"https:\/\/eventiyoga.it\/eventi-yoga\/week_end_in_villa_nelle_marche-6909\" class=\"yoga-event-link \">Week end in Villa nelle Marche<\/a>\n                    <\/div>\n                                                        <div class=\"yoga-event-item\">\n                        <span class=\"event-day\">31 Maggio<\/span>\n                        <span class = \"yoga-location-text\">Macerata<\/span>\n                        <a href=\"https:\/\/eventiyoga.it\/eventi-yoga\/intensivo_di_pratica_prima_replica_libert_nelle_estensioni_all_indietro-6788\" class=\"yoga-event-link \">Intensivo di pratica - prima replica-: Libert\u00e0 nelle estensioni all\u2019indietro<\/a>\n                    <\/div>\n                                                        <div class=\"yoga-event-item\">\n                        <span class=\"event-day\">01 Giugno<\/span>\n                        <span class = \"yoga-location-text\">Macerata<\/span>\n                        <a href=\"https:\/\/eventiyoga.it\/eventi-yoga\/yogacorrettivo_e_respiro_masterclass_con_nieves_lopez_a_civitanova_marche-7317\" class=\"yoga-event-link \">YogaCorrettivo\u00ae e Respiro: Masterclass con Nieves Lopez a Civitanova Marche<\/a>\n                    <\/div>\n                                                        <div class=\"yoga-event-item\">\n                        <span class=\"event-day\">27 Giugno<\/span>\n                        <span class = \"yoga-location-text\">Ancona<\/span>\n                        <a href=\"https:\/\/eventiyoga.it\/eventi-yoga\/mare_e_conero_vacanza_yoga_metodo_iyengar-6558\" class=\"yoga-event-link \">Mare e Conero \u2013 Vacanza Yoga metodo Iyengar\u00ae<\/a>\n                    <\/div>\n                                                        <div class=\"yoga-event-item\">\n                        <span class=\"event-day\">06 Luglio<\/span>\n                        <span class = \"yoga-location-text\">Macerata<\/span>\n                        <a href=\"https:\/\/eventiyoga.it\/eventi-yoga\/libera_la_schiena_dalle_tensioni_yoga_in_spiaggia_a_civitanova-7223\" class=\"yoga-event-link \">Libera la schiena dalle tensioni | Yoga in Spiaggia a Civitanova<\/a>\n                    <\/div>\n                                                        <div class=\"yoga-event-item\">\n                        <span class=\"event-day\">13 Luglio<\/span>\n                        <span class = \"yoga-location-text\">Macerata<\/span>\n                        <a href=\"https:\/\/eventiyoga.it\/eventi-yoga\/respira_meglio_muoviti_con_pi_leggerezza_yoga_in_spiaggia_a_civitanova-7224\" class=\"yoga-event-link \">Respira meglio, muoviti con pi\u00f9 leggerezza | Yoga in Spiaggia a Civitanova<\/a>\n                    <\/div>\n                                                        <div class=\"yoga-event-item\">\n                        <span class=\"event-day\">18 Luglio<\/span>\n                        <span class = \"yoga-location-text\">Ancona<\/span>\n                        <a href=\"https:\/\/eventiyoga.it\/eventi-yoga\/summer_workshop_a_sirolo_parco_naturale_del_conero-6699\" class=\"yoga-event-link \">Summer Workshop a Sirolo, Parco Naturale del Conero<\/a>\n                    <\/div>\n                                                        <div class=\"yoga-event-item\">\n                        <span class=\"event-day\">20 Luglio<\/span>\n                        <span class = \"yoga-location-text\">Macerata<\/span>\n                        <a href=\"https:\/\/eventiyoga.it\/eventi-yoga\/spalle_leggere_cuore_aperto_yoga_in_spiaggia_a_civitanova-7225\" class=\"yoga-event-link \">Spalle leggere, cuore aperto | Yoga in Spiaggia a Civitanova<\/a>\n                    <\/div>\n                                                        <div class=\"yoga-event-item\">\n                        <span class=\"event-day\">27 Luglio<\/span>\n                        <span class = \"yoga-location-text\">Macerata<\/span>\n                        <a href=\"https:\/\/eventiyoga.it\/eventi-yoga\/cammina_dritta_vivi_con_equilibrio_yoga_in_spiaggia_civitanova-7226\" class=\"yoga-event-link \">Cammina dritta, vivi con equilibrio | Yoga in Spiaggia Civitanova<\/a>\n                    <\/div>\n                                                        <div class=\"yoga-event-item\">\n                        <span class=\"event-day\">31 Luglio<\/span>\n                        <span class = \"yoga-location-text\">Macerata<\/span>\n                        <a href=\"https:\/\/eventiyoga.it\/eventi-yoga\/pratica_intensiva_spalle_radicarsi_per_imparare_a_volare-6826\" class=\"yoga-event-link \">Pratica Intensiva: Spalle: radicarsi per imparare a volare.<\/a>\n                    <\/div>\n                                                        <div class=\"yoga-event-item\">\n                        <span class=\"event-day\">07 Agosto<\/span>\n                        <span class = \"yoga-location-text\">Macerata<\/span>\n                        <a href=\"https:\/\/eventiyoga.it\/eventi-yoga\/vacanza_yoga_al_mare_schiena_viva_360_vacanza_mare_civitanova-6994\" class=\"yoga-event-link promoted\">Vacanza Yoga al Mare \u2013 Schiena Viva 360\u00b0 | Vacanza Mare Civitanova<\/a>\n                    <\/div>\n                                                        <div class=\"yoga-event-item\">\n                        <span class=\"event-day\">07 Agosto<\/span>\n                        <span class = \"yoga-location-text\">Macerata<\/span>\n                        <a href=\"https:\/\/eventiyoga.it\/eventi-yoga\/intensivo_di_pratica_replica_2_libert_nelle_estensioni_all_indietro-6789\" class=\"yoga-event-link \">Intensivo di pratica-replica 2-:Libert\u00e0 nelle estensioni all\u2019indietro<\/a>\n                    <\/div>\n                                                        <div class=\"yoga-event-item\">\n                        <span class=\"event-day\">27 Agosto<\/span>\n                        <span class = \"yoga-location-text\">Macerata<\/span>\n                        <a href=\"https:\/\/eventiyoga.it\/eventi-yoga\/wine_and_shine-7293\" class=\"yoga-event-link \">WINE AND SHINE <\/a>\n                    <\/div>\n                                                        <div class=\"yoga-event-item\">\n                        <span class=\"event-day\">31 Ottobre<\/span>\n                        <span class = \"yoga-location-text\">Macerata<\/span>\n                        <a href=\"https:\/\/eventiyoga.it\/eventi-yoga\/pratica_intensiva_riequilibrati_capovolte_torsioni_e_respiro-6827\" class=\"yoga-event-link \">Pratica Intensiva. Riequilibrati \u2013 Capovolte, Torsioni e Respiro<\/a>\n                    <\/div>\n                                                        <div class=\"yoga-event-item\">\n                        <span class=\"event-day\">06 Dicembre<\/span>\n                        <span class = \"yoga-location-text\">Macerata<\/span>\n                        <a href=\"https:\/\/eventiyoga.it\/eventi-yoga\/formazione_insegnanti_yogacorrettivo_nuova_edizione_dicembre_2026-6830\" class=\"yoga-event-link \">Formazione Insegnanti YogaCorrettivo\u00ae Nuova edizione, Dicembre 2026 <\/a>\n                    <\/div>\n                            <\/div>\n        <\/div>\n        \n\n\n\n<hr class=\"wp-block-separator has-text-color has-white-color has-css-opacity has-white-background-color has-background\"\/>\n\n\n\n<h3 class=\"wp-block-heading\">Molise<\/h3>\n\n\n\n<p>Il Molise non \u00e8 sempre considerata come regione da visitare &#8211; basti dire che in modo scherzoso c&#8217;\u00e8 chi parla di <em>Molisn&#8217;t<\/em> &#8211; e invece \u00e8 uno<strong> scrigno di tradizioni, storia e natura <\/strong>in grado di incantare grazie alla sua autenticit\u00e0. Fronte mare, sono da ricordare le <strong>spiagge di Campomarino<\/strong>, contraddistinte da sabbia finissima dal mare cristallino. <\/p>\n\n\n\n<hr class=\"wp-block-separator has-text-color has-white-color has-css-opacity has-white-background-color has-background\"\/>\n\n\n\n<h3 class=\"wp-block-heading\" id=\"h-toscana\">Toscana<\/h3>\n\n\n\n<p>Eccoci ora alle proposte per un <strong>weekend mare Toscana<\/strong>. Mare, parchi, natura imponente, bellezza. Uno scrigno di poesia, che regala emozioni in ogni suo scorcio. Sul fronte mare, come non citare la <strong>Maremma<\/strong>, la <strong>Versilia<\/strong> e l\u2019<strong>Isola d\u2019Elba<\/strong>, giusto tre tra le numerose destinazioni ideali per vacanze yoga al mare.<\/p>\n\n\n\n<hr class=\"wp-block-separator has-text-color has-white-color has-css-opacity has-white-background-color has-background\"\/>\n\n\n\n<div class=\"wp-block-media-text alignwide is-stacked-on-mobile\"><figure class=\"wp-block-media-text__media\"><img decoding=\"async\" src=\"data:image\/gif;base64,R0lGODlhAQABAIAAAAAAAP\/\/\/yH5BAEAAAAALAAAAAABAAEAAAIBRAA7\" data-src=\"https:\/\/eventiyoga.it\/blog\/wp-content\/uploads\/2021\/06\/elba-1.jpg\" alt=\"Vacanze Yoga in Toscana\" class=\"wp-image-31959 size-full\"\/><noscript><img decoding=\"async\" src=\"https:\/\/eventiyoga.it\/blog\/wp-content\/uploads\/2021\/06\/elba-1.jpg\" alt=\"Vacanze Yoga in Toscana\" class=\"wp-image-31959 size-full\"\/><\/noscript><\/figure><div class=\"wp-block-media-text__content\">\n<p class=\"has-large-font-size\">Offerte weekend <br>al mare in Toscana<\/p>\n<\/div><\/div>\n\n\n\n<hr class=\"wp-block-separator has-text-color has-white-color has-css-opacity has-white-background-color has-background\"\/>\n\n\n        <div class=\"yoga-events-container\">\n            <div class=\"yoga-events-list\">\n                                                        <div class=\"yoga-event-item\">\n                        <span class=\"event-day\">08 Maggio<\/span>\n                        <span class = \"yoga-location-text\">Grosseto<\/span>\n                        <a href=\"https:\/\/eventiyoga.it\/eventi-yoga\/vacanza_yoga_e_mare_in_toscana-6744\" class=\"yoga-event-link promoted\">Vacanza Yoga e Mare in Toscana<\/a>\n                    <\/div>\n                                                        <div class=\"yoga-event-item\">\n                        <span class=\"event-day\">08 Maggio<\/span>\n                        <span class = \"yoga-location-text\">Pisa<\/span>\n                        <a href=\"https:\/\/eventiyoga.it\/eventi-yoga\/festa_della_mamma_a_pomaia-7116\" class=\"yoga-event-link \">Festa della mamma a Pomaia<\/a>\n                    <\/div>\n                                                        <div class=\"yoga-event-item\">\n                        <span class=\"event-day\">08 Maggio<\/span>\n                        <span class = \"yoga-location-text\">Grosseto<\/span>\n                        <a href=\"https:\/\/eventiyoga.it\/eventi-yoga\/yoga_legge_di_attrazione_08_10_maggio_in_toscana-6614\" class=\"yoga-event-link \">YOGA &amp; LEGGE di ATTRAZIONE 08-10 maggio in Toscana<\/a>\n                    <\/div>\n                                                        <div class=\"yoga-event-item\">\n                        <span class=\"event-day\">15 Maggio<\/span>\n                        <span class = \"yoga-location-text\">Livorno<\/span>\n                        <a href=\"https:\/\/eventiyoga.it\/eventi-yoga\/yoga_e_barca_a_vela-6988\" class=\"yoga-event-link \">Yoga e Barca a vela<\/a>\n                    <\/div>\n                                                        <div class=\"yoga-event-item\">\n                        <span class=\"event-day\">15 Maggio<\/span>\n                        <span class = \"yoga-location-text\">Livorno<\/span>\n                        <a href=\"https:\/\/eventiyoga.it\/eventi-yoga\/yoga_e_trekking_a_capraia-7044\" class=\"yoga-event-link \">Yoga e Trekking a Capraia<\/a>\n                    <\/div>\n                                                        <div class=\"yoga-event-item\">\n                        <span class=\"event-day\">20 Maggio<\/span>\n                        <span class = \"yoga-location-text\">Livorno<\/span>\n                        <a href=\"https:\/\/eventiyoga.it\/eventi-yoga\/yoga_e_storytrekking_isola_elba-7041\" class=\"yoga-event-link \">YOGA E STORYTREKKING ISOLA ELBA<\/a>\n                    <\/div>\n                                                        <div class=\"yoga-event-item\">\n                        <span class=\"event-day\">21 Maggio<\/span>\n                        <span class = \"yoga-location-text\">Livorno<\/span>\n                        <a href=\"https:\/\/eventiyoga.it\/eventi-yoga\/ra_ces_human_design_retreat_21_24_maggio_2026_toscana-6993\" class=\"yoga-event-link \">Ra\u00ecces - Human Design Retreat 21-24 Maggio 2026 \u2013 Toscana<\/a>\n                    <\/div>\n                                                        <div class=\"yoga-event-item\">\n                        <span class=\"event-day\">21 Maggio<\/span>\n                        <span class = \"yoga-location-text\">Livorno<\/span>\n                        <a href=\"https:\/\/eventiyoga.it\/eventi-yoga\/vela_yoga_e_trek_in_capraia-6867\" class=\"yoga-event-link \">VELA, YOGA E TREK IN CAPRAIA<\/a>\n                    <\/div>\n                                                        <div class=\"yoga-event-item\">\n                        <span class=\"event-day\">22 Maggio<\/span>\n                        <span class = \"yoga-location-text\">Grosseto<\/span>\n                        <a href=\"https:\/\/eventiyoga.it\/eventi-yoga\/ritiro_yoga_in_maremma-6506\" class=\"yoga-event-link \">Ritiro Yoga in Maremma <\/a>\n                    <\/div>\n                                                        <div class=\"yoga-event-item\">\n                        <span class=\"event-day\">22 Maggio<\/span>\n                        <span class = \"yoga-location-text\">Grosseto<\/span>\n                        <a href=\"https:\/\/eventiyoga.it\/eventi-yoga\/merigar_yoga_retreat_2026_la_danza_dell_universo-7199\" class=\"yoga-event-link \">MERIGAR YOGA RETREAT 2026 | LA DANZA DELL\u2019UNIVERSO<\/a>\n                    <\/div>\n                                                        <div class=\"yoga-event-item\">\n                        <span class=\"event-day\">22 Maggio<\/span>\n                        <span class = \"yoga-location-text\">Grosseto<\/span>\n                        <a href=\"https:\/\/eventiyoga.it\/eventi-yoga\/ritorno_a_me_ritorno_all_essenza-6747\" class=\"yoga-event-link \">RITORNO A ME. RITORNO ALL&#039;ESSENZA.<\/a>\n                    <\/div>\n                                                        <div class=\"yoga-event-item\">\n                        <span class=\"event-day\">22 Maggio<\/span>\n                        <span class = \"yoga-location-text\">Livorno<\/span>\n                        <a href=\"https:\/\/eventiyoga.it\/eventi-yoga\/yogatrek_isola_d_elba_ritiro_yoga_e_trekking_in_toscana-7305\" class=\"yoga-event-link \">YOGATREK ISOLA D&#039;ELBA | Ritiro Yoga e Trekking in Toscana<\/a>\n                    <\/div>\n                                                        <div class=\"yoga-event-item\">\n                        <span class=\"event-day\">29 Maggio<\/span>\n                        <span class = \"yoga-location-text\">Livorno<\/span>\n                        <a href=\"https:\/\/eventiyoga.it\/eventi-yoga\/yoga_e_trekking_a_capraia_4_notti_sconti_fino_al_1_aprile-6066\" class=\"yoga-event-link \">Yoga e Trekking a Capraia \u2013 4 notti \u2013 sconti fino al 1 Aprile<\/a>\n                    <\/div>\n                                                        <div class=\"yoga-event-item\">\n                        <span class=\"event-day\">29 Maggio<\/span>\n                        <span class = \"yoga-location-text\">Livorno<\/span>\n                        <a href=\"https:\/\/eventiyoga.it\/eventi-yoga\/ritiro_yoga_isola_d_elba_giugno_2026-6651\" class=\"yoga-event-link \">RITIRO YOGA ISOLA D&#039;ELBA GIUGNO 2026<\/a>\n                    <\/div>\n                                                        <div class=\"yoga-event-item\">\n                        <span class=\"event-day\">29 Maggio<\/span>\n                        <span class = \"yoga-location-text\">Livorno<\/span>\n                        <a href=\"https:\/\/eventiyoga.it\/eventi-yoga\/yoga_in_barca_avela_isole_toscane-5972\" class=\"yoga-event-link \">Yoga in Barca aVela Isole Toscane<\/a>\n                    <\/div>\n                                                        <div class=\"yoga-event-item\">\n                        <span class=\"event-day\">30 Maggio<\/span>\n                        <span class = \"yoga-location-text\">Livorno<\/span>\n                        <a href=\"https:\/\/eventiyoga.it\/eventi-yoga\/yoga_e_trekking_a_capraia_3_notti_sconto_fino_al_28_febbraio-6067\" class=\"yoga-event-link \">Yoga e Trekking a Capraia \u2013 3 notti \u2013 sconto fino al 28 Febbraio<\/a>\n                    <\/div>\n                                                        <div class=\"yoga-event-item\">\n                        <span class=\"event-day\">30 Maggio<\/span>\n                        <span class = \"yoga-location-text\">Firenze<\/span>\n                        <a href=\"https:\/\/eventiyoga.it\/eventi-yoga\/vacanza_yoga_degustazioni_more_in_toscana-6792\" class=\"yoga-event-link \">Vacanza Yoga, Degustazioni &amp; more in Toscana<\/a>\n                    <\/div>\n                                                        <div class=\"yoga-event-item\">\n                        <span class=\"event-day\">30 Maggio<\/span>\n                        <span class = \"yoga-location-text\">Livorno<\/span>\n                        <a href=\"https:\/\/eventiyoga.it\/eventi-yoga\/introduzione_al_kalaripayattu_la_millenaria_marziale_del_sud_dell_india-7211\" class=\"yoga-event-link \">Introduzione al kalaripayattu: la millenaria marziale del Sud dell&#039;India<\/a>\n                    <\/div>\n                                                        <div class=\"yoga-event-item\">\n                        <span class=\"event-day\">30 Maggio<\/span>\n                        <span class = \"yoga-location-text\">Livorno<\/span>\n                        <a href=\"https:\/\/eventiyoga.it\/eventi-yoga\/ritiro_meditazione_dzogchen_i_sette_addestramenti_mentali_di_longchenpa-6985\" class=\"yoga-event-link \">Ritiro Meditazione Dzogchen | I Sette Addestramenti Mentali di Longchenpa<\/a>\n                    <\/div>\n                                                        <div class=\"yoga-event-item\">\n                        <span class=\"event-day\">31 Maggio<\/span>\n                        <span class = \"yoga-location-text\">Livorno<\/span>\n                        <a href=\"https:\/\/eventiyoga.it\/eventi-yoga\/ashtanga_yoga_workshop-7190\" class=\"yoga-event-link \">Ashtanga Yoga Workshop<\/a>\n                    <\/div>\n                                                        <div class=\"yoga-event-item\">\n                        <span class=\"event-day\">03 Giugno<\/span>\n                        <span class = \"yoga-location-text\">Grosseto<\/span>\n                        <a href=\"https:\/\/eventiyoga.it\/eventi-yoga\/metamorfosi_di_un_emozione-6511\" class=\"yoga-event-link \">Metamorfosi di un\u2019emozione<\/a>\n                    <\/div>\n                                                        <div class=\"yoga-event-item\">\n                        <span class=\"event-day\">04 Giugno<\/span>\n                        <span class = \"yoga-location-text\">Livorno<\/span>\n                        <a href=\"https:\/\/eventiyoga.it\/eventi-yoga\/weekend_yoga_meditazione-6290\" class=\"yoga-event-link \">Weekend Yoga &amp; Meditazione<\/a>\n                    <\/div>\n                                                        <div class=\"yoga-event-item\">\n                        <span class=\"event-day\">04 Giugno<\/span>\n                        <span class = \"yoga-location-text\">Grosseto<\/span>\n                        <a href=\"https:\/\/eventiyoga.it\/eventi-yoga\/il_respiro_del_sole_e_della_luna-7333\" class=\"yoga-event-link \">Il Respiro del Sole e della Luna<\/a>\n                    <\/div>\n                                                        <div class=\"yoga-event-item\">\n                        <span class=\"event-day\">04 Giugno<\/span>\n                        <span class = \"yoga-location-text\">Livorno<\/span>\n                        <a href=\"https:\/\/eventiyoga.it\/eventi-yoga\/weekend_yoga_meditazione-6289\" class=\"yoga-event-link \">Weekend Yoga &amp; Meditazione<\/a>\n                    <\/div>\n                                                        <div class=\"yoga-event-item\">\n                        <span class=\"event-day\">05 Giugno<\/span>\n                        <span class = \"yoga-location-text\">Livorno<\/span>\n                        <a href=\"https:\/\/eventiyoga.it\/eventi-yoga\/summer_reset-7264\" class=\"yoga-event-link \">SUMMER RESET<\/a>\n                    <\/div>\n                                                        <div class=\"yoga-event-item\">\n                        <span class=\"event-day\">05 Giugno<\/span>\n                        <span class = \"yoga-location-text\">Pisa<\/span>\n                        <a href=\"https:\/\/eventiyoga.it\/eventi-yoga\/yoga_ayurveda_prevenzione_quotidiana_stagionale_e_riequilibrio_ayurveda-6882\" class=\"yoga-event-link \">YOGA &amp; AYURVEDA - Prevenzione quotidiana, stagionale e riequilibrio ayurveda<\/a>\n                    <\/div>\n                                                        <div class=\"yoga-event-item\">\n                        <span class=\"event-day\">06 Giugno<\/span>\n                        <span class = \"yoga-location-text\">Grosseto<\/span>\n                        <a href=\"https:\/\/eventiyoga.it\/eventi-yoga\/vacanza_yoga_e_horsemanship-6574\" class=\"yoga-event-link \">Vacanza Yoga e Horsemanship<\/a>\n                    <\/div>\n                                                        <div class=\"yoga-event-item\">\n                        <span class=\"event-day\">09 Giugno<\/span>\n                        <span class = \"yoga-location-text\">Firenze<\/span>\n                        <a href=\"https:\/\/eventiyoga.it\/eventi-yoga\/brahma_muhurta_ritiro_intensivo_di_yoga_e_meditazione-7121\" class=\"yoga-event-link \">Brahma Muhurta: Ritiro Intensivo di Yoga e Meditazione<\/a>\n                    <\/div>\n                                                        <div class=\"yoga-event-item\">\n                        <span class=\"event-day\">18 Giugno<\/span>\n                        <span class = \"yoga-location-text\">Grosseto<\/span>\n                        <a href=\"https:\/\/eventiyoga.it\/eventi-yoga\/wellness_retreat_in_barca_a_vela-6361\" class=\"yoga-event-link \">WELLNESS RETREAT IN BARCA A VELA <\/a>\n                    <\/div>\n                                                        <div class=\"yoga-event-item\">\n                        <span class=\"event-day\">19 Giugno<\/span>\n                        <span class = \"yoga-location-text\">Livorno<\/span>\n                        <a href=\"https:\/\/eventiyoga.it\/eventi-yoga\/ritiro_yoga_alternative_ashtanga_in_stile_mysore_con_joey_paz-6984\" class=\"yoga-event-link \">Ritiro Yoga | Alternative Ashtanga in stile Mysore con Joey Paz<\/a>\n                    <\/div>\n                                                        <div class=\"yoga-event-item\">\n                        <span class=\"event-day\">19 Giugno<\/span>\n                        <span class = \"yoga-location-text\">Firenze<\/span>\n                        <a href=\"https:\/\/eventiyoga.it\/eventi-yoga\/bhakti_yoga_festival_2026-7267\" class=\"yoga-event-link \">Bhakti Yoga Festival 2026<\/a>\n                    <\/div>\n                                                        <div class=\"yoga-event-item\">\n                        <span class=\"event-day\">20 Giugno<\/span>\n                        <span class = \"yoga-location-text\">Livorno<\/span>\n                        <a href=\"https:\/\/eventiyoga.it\/eventi-yoga\/yoga_in_barca_a_vela_in_corsica-6281\" class=\"yoga-event-link \">Yoga in Barca a Vela in Corsica<\/a>\n                    <\/div>\n                                                        <div class=\"yoga-event-item\">\n                        <span class=\"event-day\">20 Giugno<\/span>\n                        <span class = \"yoga-location-text\">Grosseto<\/span>\n                        <a href=\"https:\/\/eventiyoga.it\/eventi-yoga\/vivi_l_incanto_della_toscana_yoga_mare_e_pace_interiore-7127\" class=\"yoga-event-link promoted\">Vivi l\u2019Incanto della Toscana: Yoga, Mare e Pace Interiore<\/a>\n                    <\/div>\n                                                        <div class=\"yoga-event-item\">\n                        <span class=\"event-day\">25 Giugno<\/span>\n                        <span class = \"yoga-location-text\">Grosseto<\/span>\n                        <a href=\"https:\/\/eventiyoga.it\/eventi-yoga\/ritiro_yoga_qi_gong_e_suono_in_toscana_body_vibes_experience_2026-7284\" class=\"yoga-event-link \">Ritiro Yoga, Qi Gong e Suono in Toscana | Body Vibes Experience 2026<\/a>\n                    <\/div>\n                                                        <div class=\"yoga-event-item\">\n                        <span class=\"event-day\">26 Giugno<\/span>\n                        <span class = \"yoga-location-text\">Massa Carrara<\/span>\n                        <a href=\"https:\/\/eventiyoga.it\/eventi-yoga\/radici_di_luce_ritiro_di_yoga_mindfulness_ayurveda-7287\" class=\"yoga-event-link \">Radici di luce Ritiro di Yoga Mindfulness  Ayurveda<\/a>\n                    <\/div>\n                                                        <div class=\"yoga-event-item\">\n                        <span class=\"event-day\">26 Giugno<\/span>\n                        <span class = \"yoga-location-text\">Grosseto<\/span>\n                        <a href=\"https:\/\/eventiyoga.it\/eventi-yoga\/vacanza_yoga_in_toscana_in_maremma_vacanza_studio_a_giugno-6627\" class=\"yoga-event-link \">Vacanza Yoga in Toscana in Maremma | Vacanza Studio a Giugno<\/a>\n                    <\/div>\n                                                        <div class=\"yoga-event-item\">\n                        <span class=\"event-day\">26 Giugno<\/span>\n                        <span class = \"yoga-location-text\">Grosseto<\/span>\n                        <a href=\"https:\/\/eventiyoga.it\/eventi-yoga\/weekend_lungo_vacanza_studio_yoga_in_toscana-7122\" class=\"yoga-event-link \">WEEKEND LUNGO VACANZA STUDIO YOGA IN TOSCANA <\/a>\n                    <\/div>\n                                                        <div class=\"yoga-event-item\">\n                        <span class=\"event-day\">26 Giugno<\/span>\n                        <span class = \"yoga-location-text\">Livorno<\/span>\n                        <a href=\"https:\/\/eventiyoga.it\/eventi-yoga\/ritiro_yoga_scrittura_consapevole_e_mindfulness_in_toscana-7256\" class=\"yoga-event-link \">Ritiro yoga, scrittura consapevole e Mindfulness in Toscana<\/a>\n                    <\/div>\n                                                        <div class=\"yoga-event-item\">\n                        <span class=\"event-day\">26 Giugno<\/span>\n                        <span class = \"yoga-location-text\">Firenze<\/span>\n                        <a href=\"https:\/\/eventiyoga.it\/eventi-yoga\/gestalt_camp_ritiro_di_meditazione_e_crescita_personale-7178\" class=\"yoga-event-link \">Gestalt Camp | Ritiro di Meditazione e Crescita Personale<\/a>\n                    <\/div>\n                                                        <div class=\"yoga-event-item\">\n                        <span class=\"event-day\">26 Giugno<\/span>\n                        <span class = \"yoga-location-text\">Grosseto<\/span>\n                        <a href=\"https:\/\/eventiyoga.it\/eventi-yoga\/weekend_yoga_in_toscana-7328\" class=\"yoga-event-link \">Weekend Yoga in Toscana<\/a>\n                    <\/div>\n                                                        <div class=\"yoga-event-item\">\n                        <span class=\"event-day\">27 Giugno<\/span>\n                        <span class = \"yoga-location-text\">Grosseto<\/span>\n                        <a href=\"https:\/\/eventiyoga.it\/eventi-yoga\/onde_di_benessere_in_toscana_la_tua_vacanza_yoga_nel_paradiso-7130\" class=\"yoga-event-link promoted\">Onde di Benessere in Toscana: La Tua Vacanza Yoga nel Paradiso<\/a>\n                    <\/div>\n                                                        <div class=\"yoga-event-item\">\n                        <span class=\"event-day\">27 Giugno<\/span>\n                        <span class = \"yoga-location-text\">Siena<\/span>\n                        <a href=\"https:\/\/eventiyoga.it\/eventi-yoga\/rilassati_nelle_colline_senesi-7257\" class=\"yoga-event-link \">Rilassati nelle Colline Senesi<\/a>\n                    <\/div>\n                                                        <div class=\"yoga-event-item\">\n                        <span class=\"event-day\">27 Giugno<\/span>\n                        <span class = \"yoga-location-text\">Livorno<\/span>\n                        <a href=\"https:\/\/eventiyoga.it\/eventi-yoga\/yoga_e_vela_in_corsica_e_nell_arcipelago_toscano-6887\" class=\"yoga-event-link \">YOGA E VELA in Corsica e nell&#039;arcipelago toscano<\/a>\n                    <\/div>\n                                                        <div class=\"yoga-event-item\">\n                        <span class=\"event-day\">02 Luglio<\/span>\n                        <span class = \"yoga-location-text\">Pisa<\/span>\n                        <a href=\"https:\/\/eventiyoga.it\/eventi-yoga\/ritiro_di_yoga_estivo_a_castellina_marittima_ritiro_in_toscana-7036\" class=\"yoga-event-link \">Ritiro di yoga estivo a Castellina Marittima | Ritiro in Toscana<\/a>\n                    <\/div>\n                                                        <div class=\"yoga-event-item\">\n                        <span class=\"event-day\">03 Luglio<\/span>\n                        <span class = \"yoga-location-text\">Firenze<\/span>\n                        <a href=\"https:\/\/eventiyoga.it\/eventi-yoga\/kaulika_le_pratiche_ataviche_dello_yoga-7180\" class=\"yoga-event-link \">Kaulika: le pratiche Ataviche dello Yoga<\/a>\n                    <\/div>\n                                                        <div class=\"yoga-event-item\">\n                        <span class=\"event-day\">03 Luglio<\/span>\n                        <span class = \"yoga-location-text\">Livorno<\/span>\n                        <a href=\"https:\/\/eventiyoga.it\/eventi-yoga\/ritiro_meditazione_dzogchen_dal_vedere_all_essere-7233\" class=\"yoga-event-link \">Ritiro meditazione Dzogchen | Dal Vedere all&#039;Essere<\/a>\n                    <\/div>\n                                                        <div class=\"yoga-event-item\">\n                        <span class=\"event-day\">04 Luglio<\/span>\n                        <span class = \"yoga-location-text\">Livorno<\/span>\n                        <a href=\"https:\/\/eventiyoga.it\/eventi-yoga\/yoga_in_barca_a_vela_in_corsica-5691\" class=\"yoga-event-link \">Yoga in Barca a Vela in Corsica<\/a>\n                    <\/div>\n                                                        <div class=\"yoga-event-item\">\n                        <span class=\"event-day\">04 Luglio<\/span>\n                        <span class = \"yoga-location-text\">Grosseto<\/span>\n                        <a href=\"https:\/\/eventiyoga.it\/eventi-yoga\/vacanza_yoga_e_horsemanship_castell_azzara-6575\" class=\"yoga-event-link \">Vacanza Yoga e Horsemanship Castell&#039;Azzara<\/a>\n                    <\/div>\n                                                        <div class=\"yoga-event-item\">\n                        <span class=\"event-day\">04 Luglio<\/span>\n                        <span class = \"yoga-location-text\">Grosseto<\/span>\n                        <a href=\"https:\/\/eventiyoga.it\/eventi-yoga\/al_ritmo_del_mare_vacanza_yoga_e_rinascita_in_toscana-7131\" class=\"yoga-event-link promoted\">Al Ritmo del Mare: Vacanza Yoga e Rinascita in Toscana<\/a>\n                    <\/div>\n                                                        <div class=\"yoga-event-item\">\n                        <span class=\"event-day\">10 Luglio<\/span>\n                        <span class = \"yoga-location-text\">Grosseto<\/span>\n                        <a href=\"https:\/\/eventiyoga.it\/eventi-yoga\/mi_ritiro_yoga_natura-6893\" class=\"yoga-event-link \">MI RITIRO YOGA &amp; NATURA<\/a>\n                    <\/div>\n                            <\/div>\n        <\/div>\n        \n\n\n\n<hr class=\"wp-block-separator has-text-color has-white-color has-css-opacity has-white-background-color has-background\"\/>\n\n\n\n<h3 class=\"wp-block-heading\" id=\"h-puglia\">Puglia<\/h3>\n\n\n\n<hr class=\"wp-block-separator has-text-color has-white-color has-css-opacity has-white-background-color has-background\"\/>\n\n\n\n<p>\u201cLu Sule Lu Mare Lu Ientu del Salentu\u201d ma non solo, anche il Gargano e tante altre localit\u00e0 bagnate da un <strong>mare cristallino<\/strong> e da un\u2019<strong>atmosfera davvero unica<\/strong>.<\/p>\n\n\n\n<hr class=\"wp-block-separator has-text-color has-white-color has-css-opacity has-white-background-color has-background\"\/>\n\n\n\n<div class=\"wp-block-media-text alignwide is-stacked-on-mobile\"><figure class=\"wp-block-media-text__media\"><img decoding=\"async\" src=\"data:image\/gif;base64,R0lGODlhAQABAIAAAAAAAP\/\/\/yH5BAEAAAAALAAAAAABAAEAAAIBRAA7\" data-src=\"https:\/\/eventiyoga.it\/blog\/wp-content\/uploads\/2022\/04\/vacanza-yoga-estate-Puglia.png\" alt=\"vacanza-yoga-estate-Puglia\" class=\"wp-image-41878 size-full\"\/><noscript><img loading=\"lazy\" decoding=\"async\" width=\"1024\" height=\"768\" src=\"https:\/\/eventiyoga.it\/blog\/wp-content\/uploads\/2022\/04\/vacanza-yoga-estate-Puglia.png\" alt=\"vacanza-yoga-estate-Puglia\" class=\"wp-image-41878 size-full\" srcset=\"https:\/\/eventiyoga.it\/blog\/wp-content\/uploads\/2022\/04\/vacanza-yoga-estate-Puglia.png 1024w, https:\/\/eventiyoga.it\/blog\/wp-content\/uploads\/2022\/04\/vacanza-yoga-estate-Puglia-300x225.png 300w, https:\/\/eventiyoga.it\/blog\/wp-content\/uploads\/2022\/04\/vacanza-yoga-estate-Puglia-768x576.png 768w, https:\/\/eventiyoga.it\/blog\/wp-content\/uploads\/2022\/04\/vacanza-yoga-estate-Puglia-200x150.png 200w, https:\/\/eventiyoga.it\/blog\/wp-content\/uploads\/2022\/04\/vacanza-yoga-estate-Puglia-600x450.png 600w\" sizes=\"auto, (max-width: 1024px) 100vw, 1024px\" \/><\/noscript><\/figure><div class=\"wp-block-media-text__content\">\n<p class=\"has-large-font-size\">Offerte weekend <br>in <a href=\"https:\/\/eventiyoga.it\/blog\/vacanze-yoga-in-puglia\/\">Puglia<\/a><\/p>\n<\/div><\/div>\n\n\n\n<hr class=\"wp-block-separator has-text-color has-white-color has-css-opacity has-white-background-color has-background\"\/>\n\n\n        <div class=\"yoga-events-container\">\n            <div class=\"yoga-events-list\">\n                                                        <div class=\"yoga-event-item\">\n                        <span class=\"event-day\">02 Maggio<\/span>\n                        <span class = \"yoga-location-text\">Lecce<\/span>\n                        <a href=\"https:\/\/eventiyoga.it\/eventi-yoga\/100_hours_advanced_teacher_training-6535\" class=\"yoga-event-link \">100 Hours Advanced Teacher Training<\/a>\n                    <\/div>\n                                                        <div class=\"yoga-event-item\">\n                        <span class=\"event-day\">07 Maggio<\/span>\n                        <span class = \"yoga-location-text\">Taranto<\/span>\n                        <a href=\"https:\/\/eventiyoga.it\/eventi-yoga\/wellness_long_weekend_in_salento_7_10_maggio-6818\" class=\"yoga-event-link \">Wellness long-Weekend in Salento 7-10 MAGGIO<\/a>\n                    <\/div>\n                                                        <div class=\"yoga-event-item\">\n                        <span class=\"event-day\">09 Maggio<\/span>\n                        <span class = \"yoga-location-text\">Lecce<\/span>\n                        <a href=\"https:\/\/eventiyoga.it\/eventi-yoga\/synergy_5_d_flow_200_hours_teacher_training-6536\" class=\"yoga-event-link \">Synergy 5-D Flow 200 Hours Teacher Training<\/a>\n                    <\/div>\n                                                        <div class=\"yoga-event-item\">\n                        <span class=\"event-day\">17 Maggio<\/span>\n                        <span class = \"yoga-location-text\">Lecce<\/span>\n                        <a href=\"https:\/\/eventiyoga.it\/eventi-yoga\/shadi_art_immersione_artistica_women_s_retreat-6530\" class=\"yoga-event-link \">Shadi Art \u2013 Immersione Artistica Women\u2019s Retreat<\/a>\n                    <\/div>\n                                                        <div class=\"yoga-event-item\">\n                        <span class=\"event-day\">21 Maggio<\/span>\n                        <span class = \"yoga-location-text\">Brindisi<\/span>\n                        <a href=\"https:\/\/eventiyoga.it\/eventi-yoga\/ritiro_di_yoga_di_primavera_a_ostuni_21_24_maggio-7294\" class=\"yoga-event-link \">Ritiro di Yoga di Primavera a Ostuni, 21-24 Maggio<\/a>\n                    <\/div>\n                                                        <div class=\"yoga-event-item\">\n                        <span class=\"event-day\">30 Maggio<\/span>\n                        <span class = \"yoga-location-text\">Foggia<\/span>\n                        <a href=\"https:\/\/eventiyoga.it\/eventi-yoga\/reset_recharge_nei_monti_dauni-7236\" class=\"yoga-event-link \">Reset &amp; Recharge nei Monti Dauni<\/a>\n                    <\/div>\n                                                        <div class=\"yoga-event-item\">\n                        <span class=\"event-day\">05 Giugno<\/span>\n                        <span class = \"yoga-location-text\">Taranto<\/span>\n                        <a href=\"https:\/\/eventiyoga.it\/eventi-yoga\/silent_yoga_retreat_ritiro_per_donne-7164\" class=\"yoga-event-link \">Silent Yoga Retreat - Ritiro per donne<\/a>\n                    <\/div>\n                                                        <div class=\"yoga-event-item\">\n                        <span class=\"event-day\">06 Giugno<\/span>\n                        <span class = \"yoga-location-text\">Lecce<\/span>\n                        <a href=\"https:\/\/eventiyoga.it\/eventi-yoga\/origini_radicati_nel_corpo_guidati_dal_cuore-6538\" class=\"yoga-event-link \">Origini \u2022 Radicati nel corpo, guidati dal cuore<\/a>\n                    <\/div>\n                                                        <div class=\"yoga-event-item\">\n                        <span class=\"event-day\">06 Giugno<\/span>\n                        <span class = \"yoga-location-text\">Lecce<\/span>\n                        <a href=\"https:\/\/eventiyoga.it\/eventi-yoga\/da_vinyasa_a_yin_l_arte_dell_equilibrio-6537\" class=\"yoga-event-link \">Da Vinyasa a Yin - L&#039;arte dell&#039;equilibrio<\/a>\n                    <\/div>\n                                                        <div class=\"yoga-event-item\">\n                        <span class=\"event-day\">12 Giugno<\/span>\n                        <span class = \"yoga-location-text\">Bari<\/span>\n                        <a href=\"https:\/\/eventiyoga.it\/eventi-yoga\/fluire_nella_vita_ritiro_yoga_in_puglia-7241\" class=\"yoga-event-link \">Fluire nella vita | Ritiro Yoga in Puglia<\/a>\n                    <\/div>\n                                                        <div class=\"yoga-event-item\">\n                        <span class=\"event-day\">13 Giugno<\/span>\n                        <span class = \"yoga-location-text\">Lecce<\/span>\n                        <a href=\"https:\/\/eventiyoga.it\/eventi-yoga\/7_giorni_ashtanga_yoga_con_david_jelena_robson-6540\" class=\"yoga-event-link \">7 giorni Ashtanga Yoga con David &amp; Jelena Robson<\/a>\n                    <\/div>\n                                                        <div class=\"yoga-event-item\">\n                        <span class=\"event-day\">13 Giugno<\/span>\n                        <span class = \"yoga-location-text\">Lecce<\/span>\n                        <a href=\"https:\/\/eventiyoga.it\/eventi-yoga\/ritiro_estivo_di_jivamukti_kundalini-6539\" class=\"yoga-event-link \">Ritiro estivo di Jivamukti\/Kundalini<\/a>\n                    <\/div>\n                                                        <div class=\"yoga-event-item\">\n                        <span class=\"event-day\">13 Giugno<\/span>\n                        <span class = \"yoga-location-text\">Lecce<\/span>\n                        <a href=\"https:\/\/eventiyoga.it\/eventi-yoga\/vacanza_yoga_nel_salento_a_santa_maria_di_leuca-6261\" class=\"yoga-event-link \">Vacanza Yoga nel Salento a Santa Maria di Leuca<\/a>\n                    <\/div>\n                                                        <div class=\"yoga-event-item\">\n                        <span class=\"event-day\">20 Giugno<\/span>\n                        <span class = \"yoga-location-text\">Lecce<\/span>\n                        <a href=\"https:\/\/eventiyoga.it\/eventi-yoga\/ritiro_ashtanga_yoga_in_puglia_per_un_corpo_che_dura-6630\" class=\"yoga-event-link \">Ritiro Ashtanga Yoga in Puglia | Per un corpo che dura!<\/a>\n                    <\/div>\n                                                        <div class=\"yoga-event-item\">\n                        <span class=\"event-day\">20 Giugno<\/span>\n                        <span class = \"yoga-location-text\">Lecce<\/span>\n                        <a href=\"https:\/\/eventiyoga.it\/eventi-yoga\/ritiro_yoga_dinamico_in_puglia_nel_salento_power_yoga_e_ashtanga-6628\" class=\"yoga-event-link \">Ritiro Yoga Dinamico in Puglia nel Salento | Power Yoga e Ashtanga<\/a>\n                    <\/div>\n                                                        <div class=\"yoga-event-item\">\n                        <span class=\"event-day\">27 Giugno<\/span>\n                        <span class = \"yoga-location-text\">Lecce<\/span>\n                        <a href=\"https:\/\/eventiyoga.it\/eventi-yoga\/un_viaggio_nell_ashtanga_vinyasa_yoga_ritiro_ashtanga_yoga_in_salento-6631\" class=\"yoga-event-link \">Un viaggio nell&#039;Ashtanga Vinyasa Yoga | Ritiro Ashtanga Yoga in Salento<\/a>\n                    <\/div>\n                                                        <div class=\"yoga-event-item\">\n                        <span class=\"event-day\">27 Giugno<\/span>\n                        <span class = \"yoga-location-text\">Lecce<\/span>\n                        <a href=\"https:\/\/eventiyoga.it\/eventi-yoga\/ritiro_qi_gong_in_puglia_nel_salento_calligraphy_power-6632\" class=\"yoga-event-link \">Ritiro Qi Gong in Puglia nel Salento | Calligraphy Power<\/a>\n                    <\/div>\n                                                        <div class=\"yoga-event-item\">\n                        <span class=\"event-day\">04 Luglio<\/span>\n                        <span class = \"yoga-location-text\">Lecce<\/span>\n                        <a href=\"https:\/\/eventiyoga.it\/eventi-yoga\/ashtanga_yoga_e_subconscio_ritiro_yoga_nel_salento-6633\" class=\"yoga-event-link \">Ashtanga Yoga e Subconscio | Ritiro Yoga nel Salento<\/a>\n                    <\/div>\n                                                        <div class=\"yoga-event-item\">\n                        <span class=\"event-day\">04 Luglio<\/span>\n                        <span class = \"yoga-location-text\">Lecce<\/span>\n                        <a href=\"https:\/\/eventiyoga.it\/eventi-yoga\/ritiro_iyengar_yoga_in_puglia_nel_salento-6634\" class=\"yoga-event-link \">Ritiro Iyengar Yoga in Puglia nel Salento<\/a>\n                    <\/div>\n                                                        <div class=\"yoga-event-item\">\n                        <span class=\"event-day\">10 Luglio<\/span>\n                        <span class = \"yoga-location-text\">Lecce<\/span>\n                        <a href=\"https:\/\/eventiyoga.it\/eventi-yoga\/ritiro_yoga_e_pilates_in_salento_luglio_2026-6980\" class=\"yoga-event-link \">Ritiro Yoga e Pilates in Salento luglio 2026<\/a>\n                    <\/div>\n                                                        <div class=\"yoga-event-item\">\n                        <span class=\"event-day\">11 Luglio<\/span>\n                        <span class = \"yoga-location-text\">Lecce<\/span>\n                        <a href=\"https:\/\/eventiyoga.it\/eventi-yoga\/l_equilibrio_tra_sforzo_e_facilita_ritiro_ashtanga_yoga_puglia-6635\" class=\"yoga-event-link \">L\u2019EQUILIBRIO TRA SFORZO E FACILITA&#039; | Ritiro Ashtanga Yoga Puglia<\/a>\n                    <\/div>\n                                                        <div class=\"yoga-event-item\">\n                        <span class=\"event-day\">11 Luglio<\/span>\n                        <span class = \"yoga-location-text\">Lecce<\/span>\n                        <a href=\"https:\/\/eventiyoga.it\/eventi-yoga\/vinyasa_krama_e_shaivismo_del_kashmir_ritiro_yoga_in_puglia-6636\" class=\"yoga-event-link \">Vinyasa Krama e Shaivismo del Kashmir | Ritiro Yoga in Puglia<\/a>\n                    <\/div>\n                                                        <div class=\"yoga-event-item\">\n                        <span class=\"event-day\">18 Luglio<\/span>\n                        <span class = \"yoga-location-text\">Lecce<\/span>\n                        <a href=\"https:\/\/eventiyoga.it\/eventi-yoga\/vivere_pienamente_retreat_estivo_in_salento-6891\" class=\"yoga-event-link \">Vivere Pienamente - Retreat estivo in Salento<\/a>\n                    <\/div>\n                                                        <div class=\"yoga-event-item\">\n                        <span class=\"event-day\">18 Luglio<\/span>\n                        <span class = \"yoga-location-text\">Lecce<\/span>\n                        <a href=\"https:\/\/eventiyoga.it\/eventi-yoga\/vivere_pienamente_riscopri_il_tuo_vero_potenziale_ritiro_yoga_in_puglia-6637\" class=\"yoga-event-link \">Vivere Pienamente &quot;Riscopri il tuo vero potenziale&quot; | Ritiro Yoga in Puglia<\/a>\n                    <\/div>\n                                                        <div class=\"yoga-event-item\">\n                        <span class=\"event-day\">25 Luglio<\/span>\n                        <span class = \"yoga-location-text\">Lecce<\/span>\n                        <a href=\"https:\/\/eventiyoga.it\/eventi-yoga\/lo_spazio_di_guarigione_ashtanga_yoga_in_puglia_nel_salento-6638\" class=\"yoga-event-link \">Lo Spazio di Guarigione | Ashtanga Yoga in Puglia nel Salento<\/a>\n                    <\/div>\n                                                        <div class=\"yoga-event-item\">\n                        <span class=\"event-day\">25 Luglio<\/span>\n                        <span class = \"yoga-location-text\">Lecce<\/span>\n                        <a href=\"https:\/\/eventiyoga.it\/eventi-yoga\/yoga_e_nuoto_vacanza_yoga_e_nuoto_in_salento-6640\" class=\"yoga-event-link \">Yoga e Nuoto | Vacanza Yoga e Nuoto in Salento<\/a>\n                    <\/div>\n                                                        <div class=\"yoga-event-item\">\n                        <span class=\"event-day\">01 Agosto<\/span>\n                        <span class = \"yoga-location-text\">Lecce<\/span>\n                        <a href=\"https:\/\/eventiyoga.it\/eventi-yoga\/lo_spazio_di_guarigione_ritiro_ashtanga_yoga_in_puglia_nel_salento-6639\" class=\"yoga-event-link \">Lo Spazio di Guarigione | Ritiro Ashtanga Yoga in Puglia nel Salento<\/a>\n                    <\/div>\n                                                        <div class=\"yoga-event-item\">\n                        <span class=\"event-day\">01 Agosto<\/span>\n                        <span class = \"yoga-location-text\">Lecce<\/span>\n                        <a href=\"https:\/\/eventiyoga.it\/eventi-yoga\/50_hr_rocket_training-6641\" class=\"yoga-event-link \">50 HR Rocket Training<\/a>\n                    <\/div>\n                                                        <div class=\"yoga-event-item\">\n                        <span class=\"event-day\">01 Agosto<\/span>\n                        <span class = \"yoga-location-text\">Taranto<\/span>\n                        <a href=\"https:\/\/eventiyoga.it\/eventi-yoga\/vacanza_yoga_in_salento-7227\" class=\"yoga-event-link \">Vacanza Yoga in Salento <\/a>\n                    <\/div>\n                                                        <div class=\"yoga-event-item\">\n                        <span class=\"event-day\">03 Agosto<\/span>\n                        <span class = \"yoga-location-text\">Taranto<\/span>\n                        <a href=\"https:\/\/eventiyoga.it\/eventi-yoga\/puglia_yoga_masseria_e_l_incanto_dei_borghi-7268\" class=\"yoga-event-link \">Puglia: Yoga, Masseria e l\u2019Incanto dei Borghi<\/a>\n                    <\/div>\n                                                        <div class=\"yoga-event-item\">\n                        <span class=\"event-day\">08 Agosto<\/span>\n                        <span class = \"yoga-location-text\">Lecce<\/span>\n                        <a href=\"https:\/\/eventiyoga.it\/eventi-yoga\/ritiro_di_ashtanga_yoga-6702\" class=\"yoga-event-link \">Ritiro di Ashtanga Yoga<\/a>\n                    <\/div>\n                                                        <div class=\"yoga-event-item\">\n                        <span class=\"event-day\">08 Agosto<\/span>\n                        <span class = \"yoga-location-text\">Lecce<\/span>\n                        <a href=\"https:\/\/eventiyoga.it\/eventi-yoga\/black_lotus_ritiro_i_settimana-6707\" class=\"yoga-event-link \">BLACK LOTUS RITIRO - I settimana<\/a>\n                    <\/div>\n                                                        <div class=\"yoga-event-item\">\n                        <span class=\"event-day\">15 Agosto<\/span>\n                        <span class = \"yoga-location-text\">Lecce<\/span>\n                        <a href=\"https:\/\/eventiyoga.it\/eventi-yoga\/attivazione_dell_anima_sacra-6709\" class=\"yoga-event-link \">ATTIVAZIONE DELL\u2019ANIMA SACRA<\/a>\n                    <\/div>\n                                                        <div class=\"yoga-event-item\">\n                        <span class=\"event-day\">15 Agosto<\/span>\n                        <span class = \"yoga-location-text\">Lecce<\/span>\n                        <a href=\"https:\/\/eventiyoga.it\/eventi-yoga\/black_lotus_ritiro_ii_settimana-6708\" class=\"yoga-event-link \">BLACK LOTUS RITIRO - II settimana<\/a>\n                    <\/div>\n                                                        <div class=\"yoga-event-item\">\n                        <span class=\"event-day\">22 Agosto<\/span>\n                        <span class = \"yoga-location-text\">Lecce<\/span>\n                        <a href=\"https:\/\/eventiyoga.it\/eventi-yoga\/ashtanga_yoga_retreat_in_salento_il_respiro_come_ponte_tra_cielo_e_terra-6746\" class=\"yoga-event-link \">ASHTANGA YOGA RETREAT IN SALENTO  Il Respiro come Ponte tra Cielo e Terra<\/a>\n                    <\/div>\n                                                        <div class=\"yoga-event-item\">\n                        <span class=\"event-day\">22 Agosto<\/span>\n                        <span class = \"yoga-location-text\">Lecce<\/span>\n                        <a href=\"https:\/\/eventiyoga.it\/eventi-yoga\/il_respiro_del_corpo_universale-6713\" class=\"yoga-event-link \">IL RESPIRO DEL CORPO UNIVERSALE<\/a>\n                    <\/div>\n                                                        <div class=\"yoga-event-item\">\n                        <span class=\"event-day\">22 Agosto<\/span>\n                        <span class = \"yoga-location-text\">Lecce<\/span>\n                        <a href=\"https:\/\/eventiyoga.it\/eventi-yoga\/il_respiro_come_ponte_tra_cielo_e_terra-6712\" class=\"yoga-event-link \">IL RESPIRO COME PONTE TRA CIELO E TERRA<\/a>\n                    <\/div>\n                                                        <div class=\"yoga-event-item\">\n                        <span class=\"event-day\">29 Agosto<\/span>\n                        <span class = \"yoga-location-text\">Lecce<\/span>\n                        <a href=\"https:\/\/eventiyoga.it\/eventi-yoga\/ashtanga_yoga_per_tutti-6715\" class=\"yoga-event-link \">Ashtanga Yoga Per Tutti<\/a>\n                    <\/div>\n                                                        <div class=\"yoga-event-item\">\n                        <span class=\"event-day\">29 Agosto<\/span>\n                        <span class = \"yoga-location-text\">Lecce<\/span>\n                        <a href=\"https:\/\/eventiyoga.it\/eventi-yoga\/silenzio_spazioso-6714\" class=\"yoga-event-link \">SILENZIO SPAZIOSO<\/a>\n                    <\/div>\n                                                        <div class=\"yoga-event-item\">\n                        <span class=\"event-day\">05 Settembre<\/span>\n                        <span class = \"yoga-location-text\">Lecce<\/span>\n                        <a href=\"https:\/\/eventiyoga.it\/eventi-yoga\/ritiro_di_ashtanga_yoga_con_laruga_glaser-6716\" class=\"yoga-event-link \">Ritiro di Ashtanga Yoga con Laruga Glaser<\/a>\n                    <\/div>\n                                                        <div class=\"yoga-event-item\">\n                        <span class=\"event-day\">12 Settembre<\/span>\n                        <span class = \"yoga-location-text\">Lecce<\/span>\n                        <a href=\"https:\/\/eventiyoga.it\/eventi-yoga\/pratica_e_relax_in_puglia-6717\" class=\"yoga-event-link \">Pratica e relax in Puglia<\/a>\n                    <\/div>\n                                                        <div class=\"yoga-event-item\">\n                        <span class=\"event-day\">19 Settembre<\/span>\n                        <span class = \"yoga-location-text\">Lecce<\/span>\n                        <a href=\"https:\/\/eventiyoga.it\/eventi-yoga\/ashtanga_yoga_dove_la_disciplina_incontra_la_grazia-6718\" class=\"yoga-event-link \">Ashtanga Yoga: dove la disciplina incontra la grazia<\/a>\n                    <\/div>\n                                                        <div class=\"yoga-event-item\">\n                        <span class=\"event-day\">21 Settembre<\/span>\n                        <span class = \"yoga-location-text\">Lecce<\/span>\n                        <a href=\"https:\/\/eventiyoga.it\/eventi-yoga\/ritiro_yoga_salento_settembre_2026-6264\" class=\"yoga-event-link \">Ritiro Yoga Salento Settembre 2026<\/a>\n                    <\/div>\n                                                        <div class=\"yoga-event-item\">\n                        <span class=\"event-day\">26 Settembre<\/span>\n                        <span class = \"yoga-location-text\">Lecce<\/span>\n                        <a href=\"https:\/\/eventiyoga.it\/eventi-yoga\/ritiro_di_ashtanga_vinyasa_yoga_con_susanna_finocchi_in_salento-6720\" class=\"yoga-event-link \">Ritiro di Ashtanga Vinyasa Yoga con Susanna Finocchi in Salento<\/a>\n                    <\/div>\n                                                        <div class=\"yoga-event-item\">\n                        <span class=\"event-day\">26 Settembre<\/span>\n                        <span class = \"yoga-location-text\">Lecce<\/span>\n                        <a href=\"https:\/\/eventiyoga.it\/eventi-yoga\/prana_presenza-6719\" class=\"yoga-event-link \">Prana &amp; Presenza<\/a>\n                    <\/div>\n                                                        <div class=\"yoga-event-item\">\n                        <span class=\"event-day\">04 Ottobre<\/span>\n                        <span class = \"yoga-location-text\">Lecce<\/span>\n                        <a href=\"https:\/\/eventiyoga.it\/eventi-yoga\/yoga_scopo_in_puglia-6721\" class=\"yoga-event-link \">Yoga &amp; Scopo in Puglia<\/a>\n                    <\/div>\n                                                        <div class=\"yoga-event-item\">\n                        <span class=\"event-day\">04 Ottobre<\/span>\n                        <span class = \"yoga-location-text\">Lecce<\/span>\n                        <a href=\"https:\/\/eventiyoga.it\/eventi-yoga\/ritiro_yoga_per_famiglie_in_salento-6722\" class=\"yoga-event-link \">Ritiro Yoga per Famiglie in Salento<\/a>\n                    <\/div>\n                                                        <div class=\"yoga-event-item\">\n                        <span class=\"event-day\">10 Ottobre<\/span>\n                        <span class = \"yoga-location-text\">Lecce<\/span>\n                        <a href=\"https:\/\/eventiyoga.it\/eventi-yoga\/illumina_la_tua_pratica_con_lo_yoga_ritiro_ashtanga_yoga_in_salento-6723\" class=\"yoga-event-link \">Illumina la tua pratica con lo Yoga | Ritiro Ashtanga Yoga in Salento<\/a>\n                    <\/div>\n                                                        <div class=\"yoga-event-item\">\n                        <span class=\"event-day\">17 Ottobre<\/span>\n                        <span class = \"yoga-location-text\">Lecce<\/span>\n                        <a href=\"https:\/\/eventiyoga.it\/eventi-yoga\/il_tallone_curativo_entra_nella_serenit-6725\" class=\"yoga-event-link \">Il tallone curativo: entra nella serenit\u00e0<\/a>\n                    <\/div>\n                                                        <div class=\"yoga-event-item\">\n                        <span class=\"event-day\">17 Ottobre<\/span>\n                        <span class = \"yoga-location-text\">Lecce<\/span>\n                        <a href=\"https:\/\/eventiyoga.it\/eventi-yoga\/illumina_la_tua_pratica_con_lo_yoga_ritiro_ashtanga_yoga_in_puglia-6724\" class=\"yoga-event-link \">Illumina la tua pratica con lo Yoga | Ritiro Ashtanga Yoga in Puglia<\/a>\n                    <\/div>\n                            <\/div>\n        <\/div>\n        \n\n\n\n<hr class=\"wp-block-separator has-text-color has-white-color has-css-opacity has-white-background-color has-background\"\/>\n\n\n\n<h3 class=\"wp-block-heading\" id=\"h-sardegna\">Sardegna<\/h3>\n\n\n\n<p>Ca va sans dire, la Sardegna da sempre, \u00e8 tra le regioni pi\u00f9 apprezzate dagli yogi: <strong>il suo mare non ha eguali<\/strong> e il suo entroterra regala scorci di natura incontaminata.<\/p>\n\n\n\n<hr class=\"wp-block-separator has-text-color has-white-color has-css-opacity has-white-background-color has-background\"\/>\n\n\n\n<div class=\"wp-block-media-text alignwide is-stacked-on-mobile\"><figure class=\"wp-block-media-text__media\"><img decoding=\"async\" src=\"data:image\/gif;base64,R0lGODlhAQABAIAAAAAAAP\/\/\/yH5BAEAAAAALAAAAAABAAEAAAIBRAA7\" data-src=\"https:\/\/eventiyoga.it\/blog\/wp-content\/uploads\/2021\/06\/Vacanze-Yoga-in-Sardegna-Oristano.jpg\" alt=\"Vacanze Yoga in Sardegna - Oristano\" class=\"wp-image-40248 size-full\"\/><noscript><img decoding=\"async\" src=\"https:\/\/eventiyoga.it\/blog\/wp-content\/uploads\/2021\/06\/Vacanze-Yoga-in-Sardegna-Oristano.jpg\" alt=\"Vacanze Yoga in Sardegna - Oristano\" class=\"wp-image-40248 size-full\"\/><\/noscript><\/figure><div class=\"wp-block-media-text__content\">\n<p class=\"has-large-font-size\">Offerte weekend <br>in Sardegna<\/p>\n<\/div><\/div>\n\n\n\n<hr class=\"wp-block-separator has-text-color has-white-color has-css-opacity has-white-background-color has-background\"\/>\n\n\n        <div class=\"yoga-events-container\">\n            <div class=\"yoga-events-list\">\n                                                        <div class=\"yoga-event-item\">\n                        <span class=\"event-day\">02 Maggio<\/span>\n                        <span class = \"yoga-location-text\">Oristano<\/span>\n                        <a href=\"https:\/\/eventiyoga.it\/eventi-yoga\/espansione_del_cuore_nella_natura_ancestrale_in_sardegna-6218\" class=\"yoga-event-link \">Espansione del Cuore nella Natura Ancestrale in Sardegna<\/a>\n                    <\/div>\n                                                        <div class=\"yoga-event-item\">\n                        <span class=\"event-day\">09 Maggio<\/span>\n                        <span class = \"yoga-location-text\">Oristano<\/span>\n                        <a href=\"https:\/\/eventiyoga.it\/eventi-yoga\/espansione_del_cuore_nella_natura_ancestrale_in_sardegna-6219\" class=\"yoga-event-link \">Espansione del Cuore nella Natura Ancestrale in Sardegna<\/a>\n                    <\/div>\n                                                        <div class=\"yoga-event-item\">\n                        <span class=\"event-day\">16 Maggio<\/span>\n                        <span class = \"yoga-location-text\">Oristano<\/span>\n                        <a href=\"https:\/\/eventiyoga.it\/eventi-yoga\/espansione_del_cuore_nella_natura_ancestrale_in_sardegna-6220\" class=\"yoga-event-link \">Espansione del Cuore nella Natura Ancestrale in Sardegna<\/a>\n                    <\/div>\n                                                        <div class=\"yoga-event-item\">\n                        <span class=\"event-day\">20 Maggio<\/span>\n                        <span class = \"yoga-location-text\">Cagliari<\/span>\n                        <a href=\"https:\/\/eventiyoga.it\/eventi-yoga\/essence_retreat_sardegna_ritorna_all_essenza-5988\" class=\"yoga-event-link \">Essence Retreat \u2013 Sardegna -  Ritorna all\u2019Essenza<\/a>\n                    <\/div>\n                                                        <div class=\"yoga-event-item\">\n                        <span class=\"event-day\">22 Maggio<\/span>\n                        <span class = \"yoga-location-text\">Sassari<\/span>\n                        <a href=\"https:\/\/eventiyoga.it\/eventi-yoga\/yoga_life_coaching_retreat_ri_connettiti_e_porta_a_galla_la_tua_essenza-6294\" class=\"yoga-event-link \">Yoga &amp; Life Coaching Retreat \u2013 Ri-connettiti e Porta a galla la tua Essenza<\/a>\n                    <\/div>\n                                                        <div class=\"yoga-event-item\">\n                        <span class=\"event-day\">23 Maggio<\/span>\n                        <span class = \"yoga-location-text\">Oristano<\/span>\n                        <a href=\"https:\/\/eventiyoga.it\/eventi-yoga\/7_giorni_in_sardegna_un_viaggio_tra_natura_yoga_e_il_cavallo_maestro-6333\" class=\"yoga-event-link \">7 GIORNI IN SARDEGNA, UN VIAGGIO TRA NATURA, YOGA E IL CAVALLO MAESTRO<\/a>\n                    <\/div>\n                                                        <div class=\"yoga-event-item\">\n                        <span class=\"event-day\">28 Maggio<\/span>\n                        <span class = \"yoga-location-text\">Cagliari<\/span>\n                        <a href=\"https:\/\/eventiyoga.it\/eventi-yoga\/retreat_in_sardegna_riequilibrio_degli_elementi_yoga_e_ayurveda-5913\" class=\"yoga-event-link \">Retreat in Sardegna: Riequilibrio degli elementi Yoga e Ayurveda<\/a>\n                    <\/div>\n                                                        <div class=\"yoga-event-item\">\n                        <span class=\"event-day\">30 Maggio<\/span>\n                        <span class = \"yoga-location-text\">Sassari<\/span>\n                        <a href=\"https:\/\/eventiyoga.it\/eventi-yoga\/magyca_ritiri_yoga_in_sardegna-6782\" class=\"yoga-event-link \">MAGYCA, Ritiri Yoga in Sardegna<\/a>\n                    <\/div>\n                                                        <div class=\"yoga-event-item\">\n                        <span class=\"event-day\">30 Maggio<\/span>\n                        <span class = \"yoga-location-text\">Oristano<\/span>\n                        <a href=\"https:\/\/eventiyoga.it\/eventi-yoga\/espansione_del_cuore_nella_natura_ancestrale_in_sardegna-6222\" class=\"yoga-event-link \">Espansione del Cuore nella Natura Ancestrale in Sardegna<\/a>\n                    <\/div>\n                                                        <div class=\"yoga-event-item\">\n                        <span class=\"event-day\">06 Giugno<\/span>\n                        <span class = \"yoga-location-text\">Oristano<\/span>\n                        <a href=\"https:\/\/eventiyoga.it\/eventi-yoga\/espansione_del_cuore_nella_natura_ancestrale_in_sardegna-6226\" class=\"yoga-event-link \">ESPANSIONE DEL CUORE NELLA NATURA ANCESTRALE IN SARDEGNA<\/a>\n                    <\/div>\n                                                        <div class=\"yoga-event-item\">\n                        <span class=\"event-day\">13 Giugno<\/span>\n                        <span class = \"yoga-location-text\">Oristano<\/span>\n                        <a href=\"https:\/\/eventiyoga.it\/eventi-yoga\/yoga_natura_ancestrale_risveglia_il_potere_infinito_che_in_te-6229\" class=\"yoga-event-link \">Yoga &amp; Natura ancestrale. Risveglia il potere infinito che \u00e8 in te!<\/a>\n                    <\/div>\n                                                        <div class=\"yoga-event-item\">\n                        <span class=\"event-day\">20 Giugno<\/span>\n                        <span class = \"yoga-location-text\">Oristano<\/span>\n                        <a href=\"https:\/\/eventiyoga.it\/eventi-yoga\/espandi_il_tuo_cuore_e_manifesta_la_tua_realt_yoga_natura_ancestrale-6231\" class=\"yoga-event-link \">Espandi il tuo cuore e manifesta la tua realt\u00e0! Yoga &amp; Natura ancestrale<\/a>\n                    <\/div>\n                                                        <div class=\"yoga-event-item\">\n                        <span class=\"event-day\">20 Giugno<\/span>\n                        <span class = \"yoga-location-text\">Oristano<\/span>\n                        <a href=\"https:\/\/eventiyoga.it\/eventi-yoga\/7_giorni_in_sardegna_un_viaggio_tra_natura_yoga_e_il_cavallo_maestro-6340\" class=\"yoga-event-link \">7 GIORNI IN SARDEGNA, UN VIAGGIO TRA NATURA, YOGA E IL CAVALLO MAESTRO<\/a>\n                    <\/div>\n                                                        <div class=\"yoga-event-item\">\n                        <span class=\"event-day\">27 Giugno<\/span>\n                        <span class = \"yoga-location-text\">Oristano<\/span>\n                        <a href=\"https:\/\/eventiyoga.it\/eventi-yoga\/espansione_del_cuore_nella_natura_ancestrale_in_sardegna-6232\" class=\"yoga-event-link \">Espansione del Cuore nella Natura Ancestrale in Sardegna<\/a>\n                    <\/div>\n                                                        <div class=\"yoga-event-item\">\n                        <span class=\"event-day\">04 Luglio<\/span>\n                        <span class = \"yoga-location-text\">Oristano<\/span>\n                        <a href=\"https:\/\/eventiyoga.it\/eventi-yoga\/7_giorni_in_sardegna_un_viaggio_tra_natura_yoga_e_il_cavallo_maestro-6341\" class=\"yoga-event-link \">7 GIORNI IN SARDEGNA, UN VIAGGIO TRA NATURA, YOGA E IL CAVALLO MAESTRO<\/a>\n                    <\/div>\n                                                        <div class=\"yoga-event-item\">\n                        <span class=\"event-day\">04 Luglio<\/span>\n                        <span class = \"yoga-location-text\">Oristano<\/span>\n                        <a href=\"https:\/\/eventiyoga.it\/eventi-yoga\/eleva_le_tue_emozioni_nella_natura_ancestrale_della_sardegna-6234\" class=\"yoga-event-link \">Eleva le tue emozioni nella natura ancestrale della Sardegna<\/a>\n                    <\/div>\n                                                        <div class=\"yoga-event-item\">\n                        <span class=\"event-day\">11 Luglio<\/span>\n                        <span class = \"yoga-location-text\">Oristano<\/span>\n                        <a href=\"https:\/\/eventiyoga.it\/eventi-yoga\/espansione_del_cuore_nella_natura_ancestrale_in_sardegna-6235\" class=\"yoga-event-link \">Espansione del Cuore nella Natura Ancestrale in Sardegna<\/a>\n                    <\/div>\n                                                        <div class=\"yoga-event-item\">\n                        <span class=\"event-day\">11 Luglio<\/span>\n                        <span class = \"yoga-location-text\">Sassari<\/span>\n                        <a href=\"https:\/\/eventiyoga.it\/eventi-yoga\/ritiro_yoga_in_sardegna_dove_il_respiro_incontra_il_mare-6652\" class=\"yoga-event-link \">RITIRO YOGA IN SARDEGNA DOVE IL RESPIRO INCONTRA IL MARE <\/a>\n                    <\/div>\n                                                        <div class=\"yoga-event-item\">\n                        <span class=\"event-day\">18 Luglio<\/span>\n                        <span class = \"yoga-location-text\">Oristano<\/span>\n                        <a href=\"https:\/\/eventiyoga.it\/eventi-yoga\/espansione_del_cuore_nella_natura_ancestrale_in_sardegna-6237\" class=\"yoga-event-link \">Espansione del Cuore nella Natura Ancestrale in Sardegna<\/a>\n                    <\/div>\n                                                        <div class=\"yoga-event-item\">\n                        <span class=\"event-day\">18 Luglio<\/span>\n                        <span class = \"yoga-location-text\">Oristano<\/span>\n                        <a href=\"https:\/\/eventiyoga.it\/eventi-yoga\/manifesta_il_tuo_sogno_yoga_nella_costa_ovest_della_sardegna-6236\" class=\"yoga-event-link \">Manifesta il tuo Sogno! Yoga nella costa ovest della Sardegna<\/a>\n                    <\/div>\n                                                        <div class=\"yoga-event-item\">\n                        <span class=\"event-day\">19 Luglio<\/span>\n                        <span class = \"yoga-location-text\">Cagliari<\/span>\n                        <a href=\"https:\/\/eventiyoga.it\/eventi-yoga\/isola_di_san_pietro_carloforte_the_islands_of_yoga_2026-5838\" class=\"yoga-event-link \">Isola di San Pietro \u2013 Carloforte \u2013 The islands of Yoga 2026<\/a>\n                    <\/div>\n                                                        <div class=\"yoga-event-item\">\n                        <span class=\"event-day\">19 Luglio<\/span>\n                        <span class = \"yoga-location-text\">Nuoro<\/span>\n                        <a href=\"https:\/\/eventiyoga.it\/eventi-yoga\/ritiro_estivo_in_sardegna_rigenerarci_con_lo_yoga-6823\" class=\"yoga-event-link \">RITIRO ESTIVO IN SARDEGNA - RIGENERARCI CON LO YOGA<\/a>\n                    <\/div>\n                                                        <div class=\"yoga-event-item\">\n                        <span class=\"event-day\">25 Luglio<\/span>\n                        <span class = \"yoga-location-text\">Oristano<\/span>\n                        <a href=\"https:\/\/eventiyoga.it\/eventi-yoga\/eleva_le_tue_emozioni_e_percepisci_la_natura_ancestrale_della_sardegna-6238\" class=\"yoga-event-link \">Eleva le tue emozioni e percepisci la natura ancestrale della Sardegna<\/a>\n                    <\/div>\n                                                        <div class=\"yoga-event-item\">\n                        <span class=\"event-day\">01 Agosto<\/span>\n                        <span class = \"yoga-location-text\">Oristano<\/span>\n                        <a href=\"https:\/\/eventiyoga.it\/eventi-yoga\/espansione_del_cuore_nella_natura_ancestrale_in_sardegna-6241\" class=\"yoga-event-link \">Espansione del Cuore nella Natura Ancestrale in Sardegna<\/a>\n                    <\/div>\n                                                        <div class=\"yoga-event-item\">\n                        <span class=\"event-day\">08 Agosto<\/span>\n                        <span class = \"yoga-location-text\">Oristano<\/span>\n                        <a href=\"https:\/\/eventiyoga.it\/eventi-yoga\/espansione_del_cuore_nella_natura_ancestrale_in_sardegna-6254\" class=\"yoga-event-link \">Espansione del Cuore nella Natura Ancestrale in Sardegna<\/a>\n                    <\/div>\n                                                        <div class=\"yoga-event-item\">\n                        <span class=\"event-day\">15 Agosto<\/span>\n                        <span class = \"yoga-location-text\">Oristano<\/span>\n                        <a href=\"https:\/\/eventiyoga.it\/eventi-yoga\/eleva_le_tue_emozioni_nella_natura_ancestrale_della_sardegna-6242\" class=\"yoga-event-link \">Eleva le tue emozioni nella natura ancestrale della Sardegna<\/a>\n                    <\/div>\n                                                        <div class=\"yoga-event-item\">\n                        <span class=\"event-day\">19 Agosto<\/span>\n                        <span class = \"yoga-location-text\">Nuoro<\/span>\n                        <a href=\"https:\/\/eventiyoga.it\/eventi-yoga\/ritiro_yoga_e_benessere_nella_costiera_dell_ogliastra-6297\" class=\"yoga-event-link \">Ritiro Yoga e Benessere nella costiera dell\u2019Ogliastra<\/a>\n                    <\/div>\n                                                        <div class=\"yoga-event-item\">\n                        <span class=\"event-day\">22 Agosto<\/span>\n                        <span class = \"yoga-location-text\">Oristano<\/span>\n                        <a href=\"https:\/\/eventiyoga.it\/eventi-yoga\/manifesta_il_tuo_sogno_yoga_nella_costa_ovest_della_sardegna-6243\" class=\"yoga-event-link \">Manifesta il tuo Sogno! Yoga nella costa ovest della Sardegna<\/a>\n                    <\/div>\n                                                        <div class=\"yoga-event-item\">\n                        <span class=\"event-day\">22 Agosto<\/span>\n                        <span class = \"yoga-location-text\">Cagliari<\/span>\n                        <a href=\"https:\/\/eventiyoga.it\/eventi-yoga\/vacanza_yoga_e_mare_in_sardegna-7094\" class=\"yoga-event-link \">Vacanza Yoga e Mare in Sardegna<\/a>\n                    <\/div>\n                                                        <div class=\"yoga-event-item\">\n                        <span class=\"event-day\">29 Agosto<\/span>\n                        <span class = \"yoga-location-text\">Oristano<\/span>\n                        <a href=\"https:\/\/eventiyoga.it\/eventi-yoga\/eleva_le_tue_emozioni_nella_natura_ancestrale_della_sardegna-6244\" class=\"yoga-event-link \">Eleva le tue emozioni nella natura ancestrale della Sardegna<\/a>\n                    <\/div>\n                                                        <div class=\"yoga-event-item\">\n                        <span class=\"event-day\">05 Settembre<\/span>\n                        <span class = \"yoga-location-text\">Oristano<\/span>\n                        <a href=\"https:\/\/eventiyoga.it\/eventi-yoga\/eleva_le_tue_emozioni_nella_natura_ancestrale_della_sardegna-6255\" class=\"yoga-event-link \">Eleva le tue emozioni nella natura ancestrale della Sardegna<\/a>\n                    <\/div>\n                                                        <div class=\"yoga-event-item\">\n                        <span class=\"event-day\">05 Settembre<\/span>\n                        <span class = \"yoga-location-text\">Nuoro<\/span>\n                        <a href=\"https:\/\/eventiyoga.it\/eventi-yoga\/sun_see_yoga_a_soulful_retreat_in_sardinia_ritiro_yoga_sardegna-7168\" class=\"yoga-event-link \">SUN, SEE &amp; YOGA: A SOULFUL RETREAT IN SARDINIA | Ritiro Yoga Sardegna<\/a>\n                    <\/div>\n                                                        <div class=\"yoga-event-item\">\n                        <span class=\"event-day\">08 Settembre<\/span>\n                        <span class = \"yoga-location-text\">Sassari<\/span>\n                        <a href=\"https:\/\/eventiyoga.it\/eventi-yoga\/radici_di_luce_yoga_meditation_retreat_in_sardegna_8_13_settembre_2026-6359\" class=\"yoga-event-link \">Radici di Luce \u2013 Yoga &amp; Meditation Retreat in Sardegna (8\u201313 settembre 2026)<\/a>\n                    <\/div>\n                                                        <div class=\"yoga-event-item\">\n                        <span class=\"event-day\">12 Settembre<\/span>\n                        <span class = \"yoga-location-text\">Oristano<\/span>\n                        <a href=\"https:\/\/eventiyoga.it\/eventi-yoga\/manifesta_il_tuo_sogno_yoga_nella_costa_ovest_della_sardegna-6256\" class=\"yoga-event-link \">Manifesta il tuo Sogno! Yoga nella costa ovest della Sardegna<\/a>\n                    <\/div>\n                                                        <div class=\"yoga-event-item\">\n                        <span class=\"event-day\">19 Settembre<\/span>\n                        <span class = \"yoga-location-text\">Oristano<\/span>\n                        <a href=\"https:\/\/eventiyoga.it\/eventi-yoga\/7_giorni_in_sardegna_un_viaggio_tra_natura_yoga_e_la_saggezza_del_cavallo-6583\" class=\"yoga-event-link \">7 GIORNI IN SARDEGNA, UN VIAGGIO TRA NATURA, YOGA E LA SAGGEZZA DEL CAVALLO<\/a>\n                    <\/div>\n                                                        <div class=\"yoga-event-item\">\n                        <span class=\"event-day\">01 Ottobre<\/span>\n                        <span class = \"yoga-location-text\">Sud Sardegna<\/span>\n                        <a href=\"https:\/\/eventiyoga.it\/eventi-yoga\/reset_autunno_sardegna_non_solo_yoga-7285\" class=\"yoga-event-link \">RESET, AUTUNNO, SARDEGNA - Non solo YOGA<\/a>\n                    <\/div>\n                            <\/div>\n        <\/div>\n        \n\n\n\n<hr class=\"wp-block-separator has-text-color has-white-color has-css-opacity has-white-background-color has-background\"\/>\n\n\n\n<h3 class=\"wp-block-heading\" id=\"h-sicilia\">Sicilia<\/h3>\n\n\n\n<hr class=\"wp-block-separator has-text-color has-white-color has-css-opacity has-white-background-color has-background\"\/>\n\n\n\n<p>E cosa dire della <a href=\"https:\/\/eventiyoga.it\/blog\/offerte-weekend-sicilia\/\">Sicilia<\/a>? Una regione che incanta col suo mare, con la sua storia e la sua cucina in grado di lasciare il segno. Favolose anche le isole siciliane, dalle <strong>Egadi <\/strong>alle <strong>Eolie, <\/strong>dalle<strong> Pelagie <\/strong>fino a<strong> Ortigia <\/strong>e<strong> Pantelleria.<\/strong><\/p>\n\n\n\n<hr class=\"wp-block-separator has-text-color has-white-color has-css-opacity has-white-background-color has-background\"\/>\n\n\n\n<div class=\"wp-block-media-text alignwide is-stacked-on-mobile\"><figure class=\"wp-block-media-text__media\"><img decoding=\"async\" src=\"data:image\/gif;base64,R0lGODlhAQABAIAAAAAAAP\/\/\/yH5BAEAAAAALAAAAAABAAEAAAIBRAA7\" data-src=\"https:\/\/eventiyoga.it\/blog\/wp-content\/uploads\/2023\/03\/IMG_2965JPG-1024x768.jpg\" alt=\"Offerte weekend in Sicilia - Ameriga Giannone\" class=\"wp-image-52026 size-full\"\/><noscript><img decoding=\"async\" src=\"https:\/\/eventiyoga.it\/blog\/wp-content\/uploads\/2023\/03\/IMG_2965JPG-1024x768.jpg\" alt=\"Offerte weekend in Sicilia - Ameriga Giannone\" class=\"wp-image-52026 size-full\"\/><\/noscript><\/figure><div class=\"wp-block-media-text__content\">\n<p class=\"has-large-font-size\">Offerte weekend <br>in Sicilia<\/p>\n\n\n\n<p><em>Foto: by <a href=\"https:\/\/eventiyoga.it\/calendario\/evento-yoga-marsala-51841\/\" class=\"ek-link\">Ameriga Giannone<\/a><\/em><\/p>\n<\/div><\/div>\n\n\n\n<hr class=\"wp-block-separator has-text-color has-white-color has-css-opacity has-white-background-color has-background\"\/>\n\n\n        <div class=\"yoga-events-container\">\n            <div class=\"yoga-events-list\">\n                                                        <div class=\"yoga-event-item\">\n                        <span class=\"event-day\">08 Maggio<\/span>\n                        <span class = \"yoga-location-text\">Trapani<\/span>\n                        <a href=\"https:\/\/eventiyoga.it\/eventi-yoga\/spalanca_le_ali_torna_a_te_sull_isola_con_le_ali-6054\" class=\"yoga-event-link \">Spalanca le ali, torna a te sull\u2019isola con le ali<\/a>\n                    <\/div>\n                                                        <div class=\"yoga-event-item\">\n                        <span class=\"event-day\">11 Maggio<\/span>\n                        <span class = \"yoga-location-text\">Trapani<\/span>\n                        <a href=\"https:\/\/eventiyoga.it\/eventi-yoga\/ritiro_yoga_e_tarocchi_in_sicilia_alchimia_dell_anima-7173\" class=\"yoga-event-link \">Ritiro Yoga e Tarocchi in Sicilia - Alchimia dell&#039;Anima <\/a>\n                    <\/div>\n                                                        <div class=\"yoga-event-item\">\n                        <span class=\"event-day\">15 Maggio<\/span>\n                        <span class = \"yoga-location-text\">Enna<\/span>\n                        <a href=\"https:\/\/eventiyoga.it\/eventi-yoga\/oltre_il_rumore_dentro_la_foresta-6594\" class=\"yoga-event-link \">Oltre il rumore, dentro la foresta<\/a>\n                    <\/div>\n                                                        <div class=\"yoga-event-item\">\n                        <span class=\"event-day\">22 Maggio<\/span>\n                        <span class = \"yoga-location-text\">Trapani<\/span>\n                        <a href=\"https:\/\/eventiyoga.it\/eventi-yoga\/ritiro_yoga_in_sicilia_terra_mare_tra_marsala_e_favignana-6487\" class=\"yoga-event-link \">Ritiro Yoga in Sicilia | Terra &amp; Mare tra Marsala e Favignana<\/a>\n                    <\/div>\n                                                        <div class=\"yoga-event-item\">\n                        <span class=\"event-day\">29 Maggio<\/span>\n                        <span class = \"yoga-location-text\">Agrigento<\/span>\n                        <a href=\"https:\/\/eventiyoga.it\/eventi-yoga\/sicilia_yoga_more-6518\" class=\"yoga-event-link \">SICILIA YOGA&amp;MORE<\/a>\n                    <\/div>\n                                                        <div class=\"yoga-event-item\">\n                        <span class=\"event-day\">30 Maggio<\/span>\n                        <span class = \"yoga-location-text\">Trapani<\/span>\n                        <a href=\"https:\/\/eventiyoga.it\/eventi-yoga\/yoga_mare_e_natura_a_pantelleria-6524\" class=\"yoga-event-link \">Yoga, mare e natura a Pantelleria<\/a>\n                    <\/div>\n                                                        <div class=\"yoga-event-item\">\n                        <span class=\"event-day\">09 Giugno<\/span>\n                        <span class = \"yoga-location-text\">Trapani<\/span>\n                        <a href=\"https:\/\/eventiyoga.it\/eventi-yoga\/ritorna_a_casa-6514\" class=\"yoga-event-link \">Ritorna a casa<\/a>\n                    <\/div>\n                                                        <div class=\"yoga-event-item\">\n                        <span class=\"event-day\">16 Giugno<\/span>\n                        <span class = \"yoga-location-text\">Ragusa<\/span>\n                        <a href=\"https:\/\/eventiyoga.it\/eventi-yoga\/ribilancia_il_tuo_sistema_nervoso_ritiro_yoga_in_sicilia-7192\" class=\"yoga-event-link \">Ribilancia il tuo sistema nervoso | Ritiro Yoga in Sicilia <\/a>\n                    <\/div>\n                                                        <div class=\"yoga-event-item\">\n                        <span class=\"event-day\">16 Giugno<\/span>\n                        <span class = \"yoga-location-text\">Messina<\/span>\n                        <a href=\"https:\/\/eventiyoga.it\/eventi-yoga\/eolie_yoga_tra_fuoco_aria_acqua_e_terra-6472\" class=\"yoga-event-link \">EOLIE - Yoga tra Fuoco, Aria, Acqua e Terra <\/a>\n                    <\/div>\n                                                        <div class=\"yoga-event-item\">\n                        <span class=\"event-day\">20 Giugno<\/span>\n                        <span class = \"yoga-location-text\">Messina<\/span>\n                        <a href=\"https:\/\/eventiyoga.it\/eventi-yoga\/ritiro_yoga_pilates_a_filicudi_dal_20_al_26_giugno-6488\" class=\"yoga-event-link \">Ritiro Yoga &amp; Pilates a Filicudi dal 20 al 26 Giugno<\/a>\n                    <\/div>\n                                                        <div class=\"yoga-event-item\">\n                        <span class=\"event-day\">20 Giugno<\/span>\n                        <span class = \"yoga-location-text\">Trapani<\/span>\n                        <a href=\"https:\/\/eventiyoga.it\/eventi-yoga\/tempo_per_te_yoga_meditazione_silenzio-7274\" class=\"yoga-event-link \">Tempo per te: yoga, meditazione, silenzio<\/a>\n                    <\/div>\n                                                        <div class=\"yoga-event-item\">\n                        <span class=\"event-day\">23 Giugno<\/span>\n                        <span class = \"yoga-location-text\">Trapani<\/span>\n                        <a href=\"https:\/\/eventiyoga.it\/eventi-yoga\/silence_retreat_favignana_passi_verso_la_coscienza-6584\" class=\"yoga-event-link \">Silence Retreat Favignana: passi verso la Coscienza<\/a>\n                    <\/div>\n                                                        <div class=\"yoga-event-item\">\n                        <span class=\"event-day\">27 Giugno<\/span>\n                        <span class = \"yoga-location-text\">Trapani<\/span>\n                        <a href=\"https:\/\/eventiyoga.it\/eventi-yoga\/vacanza_yoga_a_pantelleria-6773\" class=\"yoga-event-link \">Vacanza yoga a Pantelleria<\/a>\n                    <\/div>\n                                                        <div class=\"yoga-event-item\">\n                        <span class=\"event-day\">29 Giugno<\/span>\n                        <span class = \"yoga-location-text\">Trapani<\/span>\n                        <a href=\"https:\/\/eventiyoga.it\/eventi-yoga\/velaum_isole_egadi_in_barca_a_vela-7195\" class=\"yoga-event-link \">VelAUM \u26f5 Isole Egadi in barca a Vela<\/a>\n                    <\/div>\n                                                        <div class=\"yoga-event-item\">\n                        <span class=\"event-day\">05 Luglio<\/span>\n                        <span class = \"yoga-location-text\">Agrigento<\/span>\n                        <a href=\"https:\/\/eventiyoga.it\/eventi-yoga\/vacanza_yoga_a_lampedusa-7248\" class=\"yoga-event-link \">Vacanza yoga a Lampedusa<\/a>\n                    <\/div>\n                                                        <div class=\"yoga-event-item\">\n                        <span class=\"event-day\">05 Luglio<\/span>\n                        <span class = \"yoga-location-text\">Agrigento<\/span>\n                        <a href=\"https:\/\/eventiyoga.it\/eventi-yoga\/isola_di_lampedusa_the_islands_of_yoga_2026-5828\" class=\"yoga-event-link \">Isola di Lampedusa. The Islands of Yoga 2026<\/a>\n                    <\/div>\n                                                        <div class=\"yoga-event-item\">\n                        <span class=\"event-day\">14 Luglio<\/span>\n                        <span class = \"yoga-location-text\">Trapani<\/span>\n                        <a href=\"https:\/\/eventiyoga.it\/eventi-yoga\/yoga_mare_e_terra_a_favignana_sconto_fino_al_3_maggio-6334\" class=\"yoga-event-link \">Yoga Mare e Terra a Favignana (sconto fino al 3 Maggio)<\/a>\n                    <\/div>\n                                                        <div class=\"yoga-event-item\">\n                        <span class=\"event-day\">18 Luglio<\/span>\n                        <span class = \"yoga-location-text\">Messina<\/span>\n                        <a href=\"https:\/\/eventiyoga.it\/eventi-yoga\/crociera_yogica_d_espansione_isole_eolie-7269\" class=\"yoga-event-link \">Crociera  Yogica d&#039;espansione - Isole Eolie <\/a>\n                    <\/div>\n                                                        <div class=\"yoga-event-item\">\n                        <span class=\"event-day\">23 Luglio<\/span>\n                        <span class = \"yoga-location-text\">Trapani<\/span>\n                        <a href=\"https:\/\/eventiyoga.it\/eventi-yoga\/ritorna_a_te_ritiro_yoga_mudra_e_mantra_in_sicilia-6959\" class=\"yoga-event-link \">Ritorna a te | Ritiro Yoga, Mudra e Mantra in Sicilia<\/a>\n                    <\/div>\n                                                        <div class=\"yoga-event-item\">\n                        <span class=\"event-day\">25 Luglio<\/span>\n                        <span class = \"yoga-location-text\">Trapani<\/span>\n                        <a href=\"https:\/\/eventiyoga.it\/eventi-yoga\/velaum_isole_egadi_in_barca_a_vela-6698\" class=\"yoga-event-link \">VelAUM \u26f5 Isole Egadi in barca a Vela<\/a>\n                    <\/div>\n                                                        <div class=\"yoga-event-item\">\n                        <span class=\"event-day\">01 Agosto<\/span>\n                        <span class = \"yoga-location-text\">Trapani<\/span>\n                        <a href=\"https:\/\/eventiyoga.it\/eventi-yoga\/summer_retreat_in_sicily_yoga_e_shiatsu_ritiro_yoga_sicilia-7175\" class=\"yoga-event-link promoted\">Summer Retreat in Sicily: Yoga e Shiatsu | Ritiro Yoga Sicilia<\/a>\n                    <\/div>\n                                                        <div class=\"yoga-event-item\">\n                        <span class=\"event-day\">03 Agosto<\/span>\n                        <span class = \"yoga-location-text\">Trapani<\/span>\n                        <a href=\"https:\/\/eventiyoga.it\/eventi-yoga\/ritorna_al_tuo_centro_ritiro_yoga_a_favignana_sicilia-6960\" class=\"yoga-event-link \">Ritorna al tuo centro | Ritiro Yoga a Favignana, Sicilia<\/a>\n                    <\/div>\n                                                        <div class=\"yoga-event-item\">\n                        <span class=\"event-day\">14 Agosto<\/span>\n                        <span class = \"yoga-location-text\">Trapani<\/span>\n                        <a href=\"https:\/\/eventiyoga.it\/eventi-yoga\/semplicit_ritiro_yoga_in_sicilia_mudra_e_mantra-6961\" class=\"yoga-event-link \">Semplicit\u00e0 | Ritiro Yoga in Sicilia | Mudra e Mantra<\/a>\n                    <\/div>\n                                                        <div class=\"yoga-event-item\">\n                        <span class=\"event-day\">02 Settembre<\/span>\n                        <span class = \"yoga-location-text\">Trapani<\/span>\n                        <a href=\"https:\/\/eventiyoga.it\/eventi-yoga\/ritiro_yoga_a_favignana_in_sicilia_2_6_settembre_2026-7278\" class=\"yoga-event-link \">RITIRO YOGA a FAVIGNANA in Sicilia | 2 \u2013 6 Settembre 2026<\/a>\n                    <\/div>\n                                                        <div class=\"yoga-event-item\">\n                        <span class=\"event-day\">19 Settembre<\/span>\n                        <span class = \"yoga-location-text\">Trapani<\/span>\n                        <a href=\"https:\/\/eventiyoga.it\/eventi-yoga\/ritiro_yoga_e_meditazione_a_pantelleria_viaggio_tra_i_4_elementi-7289\" class=\"yoga-event-link \">Ritiro Yoga e Meditazione a Pantelleria | Viaggio tra i 4 elementi<\/a>\n                    <\/div>\n                                                        <div class=\"yoga-event-item\">\n                        <span class=\"event-day\">09 Ottobre<\/span>\n                        <span class = \"yoga-location-text\">Messina<\/span>\n                        <a href=\"https:\/\/eventiyoga.it\/eventi-yoga\/ritiro_yoga_ottobre_2026-6783\" class=\"yoga-event-link \">Ritiro Yoga Ottobre 2026<\/a>\n                    <\/div>\n                                                        <div class=\"yoga-event-item\">\n                        <span class=\"event-day\">07 Maggio<\/span>\n                        <span class = \"yoga-location-text\">Agrigento<\/span>\n                        <a href=\"https:\/\/eventiyoga.it\/eventi-yoga\/ritiro_yoga_maggio_2027-6784\" class=\"yoga-event-link \">Ritiro Yoga Maggio 2027<\/a>\n                    <\/div>\n                            <\/div>\n        <\/div>\n        \n\n\n\n<hr class=\"wp-block-separator has-text-color has-white-color has-css-opacity has-white-background-color has-background\"\/>\n\n\n\n<h3 class=\"wp-block-heading\" id=\"h-veneto\">Veneto<\/h3>\n\n\n\n<p>Anche il Veneto regala stupore agli amanti dello yoga: grazie alla sua variet\u00e0 di paesaggi (si spazia dalla lagunare e affascinante <strong>Venezia<\/strong> alle coste sabbiose), pu\u00f2 essere scelto per abbinare pratiche di yoga, meditazione e benessere a <strong>itinerari nella natura<\/strong> o alla scoperta di alcune tra le citt\u00e0 d\u2019arte pi\u00f9 suggestive d\u2019Italia.<\/p>\n\n\n\n<hr class=\"wp-block-separator has-text-color has-white-color has-css-opacity has-white-background-color has-background\"\/>\n\n\n\n<div class=\"wp-block-media-text alignwide is-stacked-on-mobile\"><figure class=\"wp-block-media-text__media\"><img decoding=\"async\" src=\"data:image\/gif;base64,R0lGODlhAQABAIAAAAAAAP\/\/\/yH5BAEAAAAALAAAAAABAAEAAAIBRAA7\" data-src=\"https:\/\/eventiyoga.it\/blog\/wp-content\/uploads\/2020\/10\/Vacanze-Yoga-al-Mare-Veneto.jpg\" alt=\"Vacanze Yoga al Mare - Veneto\" class=\"wp-image-39588 size-full\"\/><noscript><img decoding=\"async\" src=\"https:\/\/eventiyoga.it\/blog\/wp-content\/uploads\/2020\/10\/Vacanze-Yoga-al-Mare-Veneto.jpg\" alt=\"Vacanze Yoga al Mare - Veneto\" class=\"wp-image-39588 size-full\"\/><\/noscript><\/figure><div class=\"wp-block-media-text__content\">\n<p class=\"has-large-font-size\">Offerte weekend <br>in Veneto<\/p>\n<\/div><\/div>\n\n\n\n<hr class=\"wp-block-separator has-text-color has-white-color has-css-opacity has-white-background-color has-background\"\/>\n\n\n        <div class=\"yoga-events-container\">\n            <div class=\"yoga-events-list\">\n                                                        <div class=\"yoga-event-item\">\n                        <span class=\"event-day\">10 Maggio<\/span>\n                        <span class = \"yoga-location-text\">Padova<\/span>\n                        <a href=\"https:\/\/eventiyoga.it\/eventi-yoga\/bloom_e_il_momento_di_fiorire-7288\" class=\"yoga-event-link \">Bloom, e&#039; il momento di fiorire<\/a>\n                    <\/div>\n                                                        <div class=\"yoga-event-item\">\n                        <span class=\"event-day\">15 Maggio<\/span>\n                        <span class = \"yoga-location-text\">Verona<\/span>\n                        <a href=\"https:\/\/eventiyoga.it\/eventi-yoga\/ritiro_yoga_al_lago_di_garda_flessibilit-7085\" class=\"yoga-event-link \">Ritiro Yoga al Lago di Garda | Flessibilit\u00e0<\/a>\n                    <\/div>\n                                                        <div class=\"yoga-event-item\">\n                        <span class=\"event-day\">15 Maggio<\/span>\n                        <span class = \"yoga-location-text\">Venezia<\/span>\n                        <a href=\"https:\/\/eventiyoga.it\/eventi-yoga\/weekend_yoga_a_jesolo-7043\" class=\"yoga-event-link \">Weekend Yoga a Jesolo<\/a>\n                    <\/div>\n                                                        <div class=\"yoga-event-item\">\n                        <span class=\"event-day\">22 Maggio<\/span>\n                        <span class = \"yoga-location-text\">Padova<\/span>\n                        <a href=\"https:\/\/eventiyoga.it\/eventi-yoga\/oli_essenziali_quali_scegliere_come_usarli-7332\" class=\"yoga-event-link \">OLI ESSENZIALi: QUALI SCEGLIERE, COME USARLI<\/a>\n                    <\/div>\n                                                        <div class=\"yoga-event-item\">\n                        <span class=\"event-day\">23 Maggio<\/span>\n                        <span class = \"yoga-location-text\">Padova<\/span>\n                        <a href=\"https:\/\/eventiyoga.it\/eventi-yoga\/la_via_della_danza_il_corpo_tra_seduzione_e_ritualit-7311\" class=\"yoga-event-link \">LA VIA DELLA DANZA - Il Corpo tra Seduzione e Ritualit\u00e0<\/a>\n                    <\/div>\n                                                        <div class=\"yoga-event-item\">\n                        <span class=\"event-day\">23 Maggio<\/span>\n                        <span class = \"yoga-location-text\">Padova<\/span>\n                        <a href=\"https:\/\/eventiyoga.it\/eventi-yoga\/reiki_livello_i_e_ii_con_attestato_operatore_a_padova_veneto-7147\" class=\"yoga-event-link \">Reiki Livello I e II con attestato operatore a Padova Veneto<\/a>\n                    <\/div>\n                                                        <div class=\"yoga-event-item\">\n                        <span class=\"event-day\">24 Maggio<\/span>\n                        <span class = \"yoga-location-text\">Padova<\/span>\n                        <a href=\"https:\/\/eventiyoga.it\/eventi-yoga\/workshop_di_ananda_yoga-7158\" class=\"yoga-event-link \">Workshop di Ananda Yoga<\/a>\n                    <\/div>\n                                                        <div class=\"yoga-event-item\">\n                        <span class=\"event-day\">24 Maggio<\/span>\n                        <span class = \"yoga-location-text\">Padova<\/span>\n                        <a href=\"https:\/\/eventiyoga.it\/eventi-yoga\/natyashastra_workshop_di_danza_indiana_con_stella_penzo-7310\" class=\"yoga-event-link \">NATYASHASTRA - WORKSHOP DI DANZA INDIANA CON STELLA PENZO<\/a>\n                    <\/div>\n                                                        <div class=\"yoga-event-item\">\n                        <span class=\"event-day\">30 Maggio<\/span>\n                        <span class = \"yoga-location-text\">Vicenza<\/span>\n                        <a href=\"https:\/\/eventiyoga.it\/eventi-yoga\/le_5_memorie_dell_anima-7086\" class=\"yoga-event-link \">Le 5 memorie dell&#039;Anima<\/a>\n                    <\/div>\n                                                        <div class=\"yoga-event-item\">\n                        <span class=\"event-day\">31 Maggio<\/span>\n                        <span class = \"yoga-location-text\">Treviso<\/span>\n                        <a href=\"https:\/\/eventiyoga.it\/eventi-yoga\/cammino_yoga_colline_dell_unesco-7090\" class=\"yoga-event-link \">Cammino Yoga: colline dell&#039;UNESCO<\/a>\n                    <\/div>\n                                                        <div class=\"yoga-event-item\">\n                        <span class=\"event-day\">05 Giugno<\/span>\n                        <span class = \"yoga-location-text\">Padova<\/span>\n                        <a href=\"https:\/\/eventiyoga.it\/eventi-yoga\/fridayoga-7331\" class=\"yoga-event-link \">FRIDAYOGA<\/a>\n                    <\/div>\n                                                        <div class=\"yoga-event-item\">\n                        <span class=\"event-day\">12 Giugno<\/span>\n                        <span class = \"yoga-location-text\">Verona<\/span>\n                        <a href=\"https:\/\/eventiyoga.it\/eventi-yoga\/lessinia_in_yoga_fuga_nel_verde-6768\" class=\"yoga-event-link \">Lessinia in Yoga - Fuga nel verde<\/a>\n                    <\/div>\n                                                        <div class=\"yoga-event-item\">\n                        <span class=\"event-day\">12 Giugno<\/span>\n                        <span class = \"yoga-location-text\">Verona<\/span>\n                        <a href=\"https:\/\/eventiyoga.it\/eventi-yoga\/qui_ed_ora_offline_weekend_yoga_in_veneto-7324\" class=\"yoga-event-link \">Qui ed Ora Offline | Weekend Yoga in Veneto<\/a>\n                    <\/div>\n                                                        <div class=\"yoga-event-item\">\n                        <span class=\"event-day\">19 Giugno<\/span>\n                        <span class = \"yoga-location-text\">Padova<\/span>\n                        <a href=\"https:\/\/eventiyoga.it\/eventi-yoga\/ritiro_olistico_tra_terra_e_cielo-7306\" class=\"yoga-event-link \">Ritiro olistico TRA TERRA E CIELO<\/a>\n                    <\/div>\n                                                        <div class=\"yoga-event-item\">\n                        <span class=\"event-day\">21 Giugno<\/span>\n                        <span class = \"yoga-location-text\">Padova<\/span>\n                        <a href=\"https:\/\/eventiyoga.it\/eventi-yoga\/international_yoga_day_al_campo_dei_girasoli-7160\" class=\"yoga-event-link \">International Yoga Day al Campo dei Girasoli<\/a>\n                    <\/div>\n                                                        <div class=\"yoga-event-item\">\n                        <span class=\"event-day\">26 Giugno<\/span>\n                        <span class = \"yoga-location-text\">Verona<\/span>\n                        <a href=\"https:\/\/eventiyoga.it\/eventi-yoga\/yoga_retreat_at_molina_falls-7096\" class=\"yoga-event-link \">YOGA RETREAT AT MOLINA FALLS<\/a>\n                    <\/div>\n                                                        <div class=\"yoga-event-item\">\n                        <span class=\"event-day\">27 Giugno<\/span>\n                        <span class = \"yoga-location-text\">Venezia<\/span>\n                        <a href=\"https:\/\/eventiyoga.it\/eventi-yoga\/settimana_yoga_al_mare_dal_27_giugno_al_4_luglio_2026-6810\" class=\"yoga-event-link \">Settimana Yoga al Mare - dal 27 giugno al 4 luglio 2026<\/a>\n                    <\/div>\n                                                        <div class=\"yoga-event-item\">\n                        <span class=\"event-day\">01 Agosto<\/span>\n                        <span class = \"yoga-location-text\">Vicenza<\/span>\n                        <a href=\"https:\/\/eventiyoga.it\/eventi-yoga\/vivere_o_immaginare_di_vivere-7146\" class=\"yoga-event-link \">Vivere o immaginare di vivere?<\/a>\n                    <\/div>\n                            <\/div>\n        <\/div>\n        \n\n\n\n<hr class=\"wp-block-separator has-text-color has-white-color has-css-opacity has-white-background-color has-background\"\/>\n\n\n\n<h2 class=\"wp-block-heading\"><span class=\"ez-toc-section\" id=\"Domande_frequenti_sulle_offerte_weekend_mare\"><\/span>Domande frequenti sulle offerte weekend mare<span class=\"ez-toc-section-end\"><\/span><\/h2>\n\n\n\n<hr class=\"wp-block-separator has-text-color has-white-color has-css-opacity has-white-background-color has-background\"\/>\n\n\n\n<p><strong>Come trovare offerte weekend benessere?<\/strong><\/p>\n\n\n\n<p>Sei nel posto giusto, noi di Eventi Yoga proponiamo sempre offerte aggiornate su weekend benessere in tutte le regioni d&#8217;Italia. <\/p>\n\n\n\n<p><strong>Dove fare un weekend al mare?<\/strong><\/p>\n\n\n\n<p>L&#8217;Italia, come ben si sa, \u00e8 una penisola, pertanto vanta numerose regioni bagnate dal mare. Dalla Liguria alla Calabria, passando per la Toscana e il Lazio, fino alle isole e oltre ancora. <\/p>\n\n\n\n<p><strong>Dove andare in Italia per un weekend al mare?<\/strong><\/p>\n\n\n\n<p>C&#8217;\u00e8 l&#8217;imbarazzo della scelta, cerca la localit\u00e0 a te pi\u00f9 comoda e vedrai che non sbaglierai. <\/p>\n\n\n\n<hr class=\"wp-block-separator has-text-color has-white-color has-css-opacity has-white-background-color has-background\"\/>\n\n\n\n<h2 class=\"wp-block-heading\"><span class=\"ez-toc-section\" id=\"Scarica_lApp_di_Eventi_Yoga\"><\/span>Scarica l\u2019App di Eventi Yoga<span class=\"ez-toc-section-end\"><\/span><\/h2>\n\n\n\n<p>Ogni mese scegli tra centinaia di vacanze, retreat, viaggi e corsi di yoga per tutti i gusti.<\/p>\n\n\n\n<p>Cerca l\u2019evento che pi\u00f9 ti piace direttamente dalla App, chiedi informazioni, e&nbsp;<strong>prenota con un click<\/strong>!<\/p>\n\n\n\n<p class=\"has-text-align-center\" id=\"block-96d89c7f-cecf-4b0a-8461-7912ee307496\"><strong><em>Scarica ora l\u2019app&nbsp;<\/em>EventiYoga<\/strong><\/p>\n\n\n\n<figure class=\"wp-block-image caption-align-center\"><img decoding=\"async\" src=\"data:image\/gif;base64,R0lGODlhAQABAIAAAAAAAP\/\/\/yH5BAEAAAAALAAAAAABAAEAAAIBRAA7\" data-src=\"https:\/\/eventiyoga.it\/blog\/wp-content\/uploads\/2020\/09\/scarica_app_eventiyoga-1.jpg\" alt=\"Scarica App EventiYoga\"\/><noscript><img decoding=\"async\" src=\"https:\/\/eventiyoga.it\/blog\/wp-content\/uploads\/2020\/09\/scarica_app_eventiyoga-1.jpg\" alt=\"Scarica App EventiYoga\"\/><\/noscript><figcaption class=\"wp-element-caption\">Scarica l\u2019App di Eventi Yoga<\/figcaption><\/figure>\n\n\n\n<p class=\"has-text-align-center\" id=\"block-68cf4cf1-ec23-4bba-beb8-532006304b3c\"><a aria-label=\" (opens in a new tab)\" href=\"https:\/\/apps.apple.com\/us\/app\/id1514783292\" target=\"_blank\" rel=\"noreferrer noopener sponsored\" class=\"ek-link\"><strong>per iOS<\/strong><\/a> |  <a aria-label=\" (opens in a new tab)\" href=\"https:\/\/play.google.com\/store\/apps\/details?id=com.maugry.yoga\" target=\"_blank\" rel=\"noreferrer noopener sponsored\" class=\"ek-link\"><strong>per Android<\/strong><\/a><\/p>\n\n\n\n<hr class=\"wp-block-separator has-text-color has-white-color has-css-opacity has-white-background-color has-background\"\/>\n\n\n\n<h2 class=\"wp-block-heading\" id=\"h-calendario-eventi-yoga-online\"><span class=\"ez-toc-section\" id=\"Calendario_Eventi_Yoga_online\"><\/span>Calendario Eventi Yoga online<span class=\"ez-toc-section-end\"><\/span><\/h2>\n\n\n\n<p>Puoi consultare il calendario eventi anche online con numerosi weekend, vacanze, ritiri e corsi yoga.<\/p>\n\n\n\n<p>Cerca qui gli eventi yoga di tuo interesse divisi per mese e regione.<\/p>\n\n\n\n<ul class=\"wp-block-list\">\n<li><strong><a href=\"https:\/\/eventiyoga.it\/blog\/vacanze-workshop-yoga-e-benessere-gennaio\/\">Gennaio<\/a><\/strong><\/li>\n\n\n\n<li><strong><a href=\"https:\/\/eventiyoga.it\/blog\/vacanze-seminari-workshop-yoga-benessere-febbraio\/\">Febbraio<\/a><\/strong><\/li>\n\n\n\n<li><strong><a href=\"https:\/\/eventiyoga.it\/blog\/vacanze-seminari-workshop-yoga-benessere-marzo\/\">Marzo<\/a><\/strong><\/li>\n\n\n\n<li><strong><a href=\"https:\/\/eventiyoga.it\/blog\/vacanze-yoga-aprile\/\">Aprile<\/a><\/strong><\/li>\n\n\n\n<li><strong><a href=\"https:\/\/eventiyoga.it\/blog\/vacanze-yoga-maggio\/\">Maggio<\/a><\/strong><\/li>\n\n\n\n<li><strong><a href=\"https:\/\/eventiyoga.it\/blog\/vacanze-yoga-e-benessere-giugno-offerte\/\">Giugno<\/a><\/strong><\/li>\n\n\n\n<li><strong><a href=\"https:\/\/eventiyoga.it\/blog\/vacanze-yoga-e-benessere-luglio-offerte\/\">Luglio<\/a><\/strong><\/li>\n\n\n\n<li><strong><a href=\"https:\/\/eventiyoga.it\/blog\/vacanze-yoga-e-benessere-agosto-offerte\/\">Agosto<\/a><\/strong><\/li>\n\n\n\n<li><strong><a href=\"https:\/\/eventiyoga.it\/blog\/vacanze-yoga-e-benessere-settembre-offerte\/\">Settembre<\/a><\/strong><\/li>\n\n\n\n<li><strong><a href=\"https:\/\/eventiyoga.it\/blog\/vacanze-yoga-e-benessere-ottobre-offerte\/\">Ottobre<\/a><\/strong><\/li>\n\n\n\n<li><strong><a href=\"https:\/\/eventiyoga.it\/blog\/vacanze-yoga-e-benessere-novembre-offerte\/\">Novembre<\/a><\/strong><\/li>\n\n\n\n<li><strong><a href=\"https:\/\/eventiyoga.it\/blog\/vacanze-yoga-e-benessere-dicembre\/\">Dicembre<\/a><\/strong><\/li>\n<\/ul>\n\n\n\n<p class=\"has-text-align-center\"><a href=\"https:\/\/eventiyoga.it\/eventi-yoga\/\"><strong>VAI AL CALENDARIO EVENTI YOGA ONLINE<\/strong><\/a><\/p>\n\n\n\n<h2 class=\"wp-block-heading\" id=\"h-altre-risorse-interessanti-per-te\"><span class=\"ez-toc-section\" id=\"Altre_risorse_interessanti_per_te\"><\/span>Altre risorse interessanti per te<span class=\"ez-toc-section-end\"><\/span><\/h2>\n\n\n\n<p><strong><a href=\"https:\/\/eventiyoga.it\/blog\/vacanze-meditazione\/\" target=\"_blank\" rel=\"noreferrer noopener\">Vacanze Meditazione e Yoga: scopri dove andare<\/a><\/strong><\/p>\n\n\n\n<p><strong><a href=\"https:\/\/eventiyoga.it\/blog\/viaggi-yoga\/\" target=\"_blank\" rel=\"noreferrer noopener\">Viaggi yoga: idee, mete, benefici<\/a><\/strong><\/p>\n\n\n\n<p><strong><a href=\"https:\/\/eventiyoga.it\/blog\/vacanze-sportive\/\" target=\"_blank\" rel=\"noreferrer noopener\">Vacanze sportive in Italia: dove andare?<\/a><\/strong><\/p>\n\n\n\n<p><strong><a href=\"https:\/\/eventiyoga.it\/blog\/vacanze-in-natura\/\" target=\"_blank\" rel=\"noreferrer noopener\">Vacanze in natura: dove andare<\/a><\/strong><\/p>\n\n\n\n<h2 class=\"wp-block-heading\" id=\"h-iscriviti-alla-nostra-newsletter\"><span class=\"ez-toc-section\" id=\"Iscriviti_alla_nostra_Newsletter\"><\/span>Iscriviti alla nostra Newsletter<span class=\"ez-toc-section-end\"><\/span><\/h2>\n\n\n\n<figure class=\"wp-block-image caption-align-center\"><a href=\"https:\/\/eventiyoga.it\/blog\/newsletter-eventi-yoga\/\"><img decoding=\"async\" src=\"data:image\/gif;base64,R0lGODlhAQABAIAAAAAAAP\/\/\/yH5BAEAAAAALAAAAAABAAEAAAIBRAA7\" data-src=\"https:\/\/eventiyoga.it\/blog\/wp-content\/uploads\/2019\/10\/Banner-Iscrizione-NL-EY.jpeg\" alt=\"\" class=\"wp-image-16724\"\/><noscript><img decoding=\"async\" src=\"https:\/\/eventiyoga.it\/blog\/wp-content\/uploads\/2019\/10\/Banner-Iscrizione-NL-EY.jpeg\" alt=\"\" class=\"wp-image-16724\"\/><\/noscript><\/a><figcaption class=\"wp-element-caption\">Iscriviti alla Newsletter \u2013 per te subito un Bonus!<\/figcaption><\/figure>\n","protected":false},"excerpt":{"rendered":"<p>Il grandissimo poeta Pablo Neruda era solito dire: &#8220;Ho bisogno del mare perch\u00e9 m&#8217;insegna&#8220;. E cosa insegna il mare? A rapportarci con l&#8217;orizzonte, con il finito e l&#8217;infinito, a essere presenti a noi stessi e a misurarci con ci\u00f2 che \u00e8 pi\u00f9 grande di noi. Se pratichi yoga, sai quanto sia magico praticare al mare, [&hellip;]<\/p>\n","protected":false},"author":363,"featured_media":52001,"comment_status":"open","ping_status":"open","sticky":false,"template":"","format":"standard","meta":{"_acf_changed":false,"_editorskit_title_hidden":false,"_editorskit_reading_time":6,"_editorskit_is_block_options_detached":false,"_editorskit_block_options_position":"{}","footnotes":""},"categories":[137],"tags":[38,187,44089],"class_list":["post-52000","post","type-post","status-publish","format-standard","has-post-thumbnail","hentry","category-benessere","tag-praticare-yoga","tag-vacanze-yoga","tag-vacanze-yoga-mare"],"acf":[],"yoast_head":"<!-- This site is optimized with the Yoast SEO plugin v26.4 - https:\/\/yoast.com\/wordpress\/plugins\/seo\/ -->\n<title>Offerte week end mare | Le Migliori mete Yoga e Benessere<\/title>\n<meta name=\"description\" content=\"Offerte week end mare: migliori destinazioni yoga e benessere in Italia. Una panoramica delle mete di mare ideali per praticare yoga.\" \/>\n<meta name=\"robots\" content=\"index, follow, max-snippet:-1, max-image-preview:large, max-video-preview:-1\" \/>\n<link rel=\"canonical\" href=\"https:\/\/eventiyoga.it\/blog\/offerte-week-end-mare\/\" \/>\n<meta property=\"og:locale\" content=\"en_US\" \/>\n<meta property=\"og:type\" content=\"article\" \/>\n<meta property=\"og:title\" content=\"Offerte week end mare | Le Migliori mete Yoga e Benessere\" \/>\n<meta property=\"og:description\" content=\"Offerte week end mare: migliori destinazioni yoga e benessere in Italia. Una panoramica delle mete di mare ideali per praticare yoga.\" \/>\n<meta property=\"og:url\" content=\"https:\/\/eventiyoga.it\/blog\/offerte-week-end-mare\/\" \/>\n<meta property=\"og:site_name\" content=\"Eventi Yoga\" \/>\n<meta property=\"article:published_time\" content=\"2023-03-14T13:18:21+00:00\" \/>\n<meta property=\"article:modified_time\" content=\"2025-12-13T12:55:42+00:00\" \/>\n<meta property=\"og:image\" content=\"https:\/\/eventiyoga.it\/blog\/wp-content\/uploads\/2023\/03\/offerte_week_end_mare_migliori_destinazioni_yoga_benessere_FACEBOOK.png\" \/>\n\t<meta property=\"og:image:width\" content=\"1024\" \/>\n\t<meta property=\"og:image:height\" content=\"768\" \/>\n\t<meta property=\"og:image:type\" content=\"image\/png\" \/>\n<meta name=\"twitter:card\" content=\"summary_large_image\" \/>\n<meta name=\"twitter:label1\" content=\"Written by\" \/>\n\t<meta name=\"twitter:data1\" content=\"\" \/>\n\t<meta name=\"twitter:label2\" content=\"Est. reading time\" \/>\n\t<meta name=\"twitter:data2\" content=\"10 minutes\" \/>\n<script type=\"application\/ld+json\" class=\"yoast-schema-graph\">{\"@context\":\"https:\/\/schema.org\",\"@graph\":[{\"@type\":\"WebPage\",\"@id\":\"https:\/\/eventiyoga.it\/blog\/offerte-week-end-mare\/\",\"url\":\"https:\/\/eventiyoga.it\/blog\/offerte-week-end-mare\/\",\"name\":\"Offerte week end mare | Le Migliori mete Yoga e Benessere\",\"isPartOf\":{\"@id\":\"https:\/\/eventiyoga.it\/blog\/#website\"},\"primaryImageOfPage\":{\"@id\":\"https:\/\/eventiyoga.it\/blog\/offerte-week-end-mare\/#primaryimage\"},\"image\":{\"@id\":\"https:\/\/eventiyoga.it\/blog\/offerte-week-end-mare\/#primaryimage\"},\"thumbnailUrl\":\"https:\/\/eventiyoga.it\/blog\/wp-content\/uploads\/2023\/03\/offerte_week_end_mare_migliori_destinazioni_yoga_benessere_FACEBOOK.png\",\"datePublished\":\"2023-03-14T13:18:21+00:00\",\"dateModified\":\"2025-12-13T12:55:42+00:00\",\"author\":{\"@id\":\"\"},\"description\":\"Offerte week end mare: migliori destinazioni yoga e benessere in Italia. Una panoramica delle mete di mare ideali per praticare yoga.\",\"breadcrumb\":{\"@id\":\"https:\/\/eventiyoga.it\/blog\/offerte-week-end-mare\/#breadcrumb\"},\"inLanguage\":\"en-US\",\"potentialAction\":[{\"@type\":\"ReadAction\",\"target\":[\"https:\/\/eventiyoga.it\/blog\/offerte-week-end-mare\/\"]}]},{\"@type\":\"ImageObject\",\"inLanguage\":\"en-US\",\"@id\":\"https:\/\/eventiyoga.it\/blog\/offerte-week-end-mare\/#primaryimage\",\"url\":\"https:\/\/eventiyoga.it\/blog\/wp-content\/uploads\/2023\/03\/offerte_week_end_mare_migliori_destinazioni_yoga_benessere_FACEBOOK.png\",\"contentUrl\":\"https:\/\/eventiyoga.it\/blog\/wp-content\/uploads\/2023\/03\/offerte_week_end_mare_migliori_destinazioni_yoga_benessere_FACEBOOK.png\",\"width\":1024,\"height\":768,\"caption\":\"Offerte week end mare\"},{\"@type\":\"BreadcrumbList\",\"@id\":\"https:\/\/eventiyoga.it\/blog\/offerte-week-end-mare\/#breadcrumb\",\"itemListElement\":[{\"@type\":\"ListItem\",\"position\":1,\"name\":\"Home\",\"item\":\"https:\/\/eventiyoga.it\/blog\/\"},{\"@type\":\"ListItem\",\"position\":2,\"name\":\"Offerte week end mare | Migliori destinazioni Yoga e Benessere\"}]},{\"@type\":\"WebSite\",\"@id\":\"https:\/\/eventiyoga.it\/blog\/#website\",\"url\":\"https:\/\/eventiyoga.it\/blog\/\",\"name\":\"Eventi Yoga\",\"description\":\"Il portale Italiano per gli eventi dello yoga\",\"potentialAction\":[{\"@type\":\"SearchAction\",\"target\":{\"@type\":\"EntryPoint\",\"urlTemplate\":\"https:\/\/eventiyoga.it\/blog\/?s={search_term_string}\"},\"query-input\":{\"@type\":\"PropertyValueSpecification\",\"valueRequired\":true,\"valueName\":\"search_term_string\"}}],\"inLanguage\":\"en-US\"},{\"@type\":\"Person\",\"@id\":\"\",\"url\":\"https:\/\/eventiyoga.it\/blog\/author\/\"}]}<\/script>\n<!-- \/ Yoast SEO plugin. -->","yoast_head_json":{"title":"Offerte week end mare | Le Migliori mete Yoga e Benessere","description":"Offerte week end mare: migliori destinazioni yoga e benessere in Italia. Una panoramica delle mete di mare ideali per praticare yoga.","robots":{"index":"index","follow":"follow","max-snippet":"max-snippet:-1","max-image-preview":"max-image-preview:large","max-video-preview":"max-video-preview:-1"},"canonical":"https:\/\/eventiyoga.it\/blog\/offerte-week-end-mare\/","og_locale":"en_US","og_type":"article","og_title":"Offerte week end mare | Le Migliori mete Yoga e Benessere","og_description":"Offerte week end mare: migliori destinazioni yoga e benessere in Italia. Una panoramica delle mete di mare ideali per praticare yoga.","og_url":"https:\/\/eventiyoga.it\/blog\/offerte-week-end-mare\/","og_site_name":"Eventi Yoga","article_published_time":"2023-03-14T13:18:21+00:00","article_modified_time":"2025-12-13T12:55:42+00:00","og_image":[{"width":1024,"height":768,"url":"https:\/\/eventiyoga.it\/blog\/wp-content\/uploads\/2023\/03\/offerte_week_end_mare_migliori_destinazioni_yoga_benessere_FACEBOOK.png","type":"image\/png"}],"twitter_card":"summary_large_image","twitter_misc":{"Written by":"","Est. reading time":"10 minutes"},"schema":{"@context":"https:\/\/schema.org","@graph":[{"@type":"WebPage","@id":"https:\/\/eventiyoga.it\/blog\/offerte-week-end-mare\/","url":"https:\/\/eventiyoga.it\/blog\/offerte-week-end-mare\/","name":"Offerte week end mare | Le Migliori mete Yoga e Benessere","isPartOf":{"@id":"https:\/\/eventiyoga.it\/blog\/#website"},"primaryImageOfPage":{"@id":"https:\/\/eventiyoga.it\/blog\/offerte-week-end-mare\/#primaryimage"},"image":{"@id":"https:\/\/eventiyoga.it\/blog\/offerte-week-end-mare\/#primaryimage"},"thumbnailUrl":"https:\/\/eventiyoga.it\/blog\/wp-content\/uploads\/2023\/03\/offerte_week_end_mare_migliori_destinazioni_yoga_benessere_FACEBOOK.png","datePublished":"2023-03-14T13:18:21+00:00","dateModified":"2025-12-13T12:55:42+00:00","author":{"@id":""},"description":"Offerte week end mare: migliori destinazioni yoga e benessere in Italia. Una panoramica delle mete di mare ideali per praticare yoga.","breadcrumb":{"@id":"https:\/\/eventiyoga.it\/blog\/offerte-week-end-mare\/#breadcrumb"},"inLanguage":"en-US","potentialAction":[{"@type":"ReadAction","target":["https:\/\/eventiyoga.it\/blog\/offerte-week-end-mare\/"]}]},{"@type":"ImageObject","inLanguage":"en-US","@id":"https:\/\/eventiyoga.it\/blog\/offerte-week-end-mare\/#primaryimage","url":"https:\/\/eventiyoga.it\/blog\/wp-content\/uploads\/2023\/03\/offerte_week_end_mare_migliori_destinazioni_yoga_benessere_FACEBOOK.png","contentUrl":"https:\/\/eventiyoga.it\/blog\/wp-content\/uploads\/2023\/03\/offerte_week_end_mare_migliori_destinazioni_yoga_benessere_FACEBOOK.png","width":1024,"height":768,"caption":"Offerte week end mare"},{"@type":"BreadcrumbList","@id":"https:\/\/eventiyoga.it\/blog\/offerte-week-end-mare\/#breadcrumb","itemListElement":[{"@type":"ListItem","position":1,"name":"Home","item":"https:\/\/eventiyoga.it\/blog\/"},{"@type":"ListItem","position":2,"name":"Offerte week end mare | Migliori destinazioni Yoga e Benessere"}]},{"@type":"WebSite","@id":"https:\/\/eventiyoga.it\/blog\/#website","url":"https:\/\/eventiyoga.it\/blog\/","name":"Eventi Yoga","description":"Il portale Italiano per gli eventi dello yoga","potentialAction":[{"@type":"SearchAction","target":{"@type":"EntryPoint","urlTemplate":"https:\/\/eventiyoga.it\/blog\/?s={search_term_string}"},"query-input":{"@type":"PropertyValueSpecification","valueRequired":true,"valueName":"search_term_string"}}],"inLanguage":"en-US"},{"@type":"Person","@id":"","url":"https:\/\/eventiyoga.it\/blog\/author\/"}]}},"_links":{"self":[{"href":"https:\/\/eventiyoga.it\/blog\/wp-json\/wp\/v2\/posts\/52000","targetHints":{"allow":["GET"]}}],"collection":[{"href":"https:\/\/eventiyoga.it\/blog\/wp-json\/wp\/v2\/posts"}],"about":[{"href":"https:\/\/eventiyoga.it\/blog\/wp-json\/wp\/v2\/types\/post"}],"author":[{"embeddable":true,"href":"https:\/\/eventiyoga.it\/blog\/wp-json\/wp\/v2\/users\/363"}],"replies":[{"embeddable":true,"href":"https:\/\/eventiyoga.it\/blog\/wp-json\/wp\/v2\/comments?post=52000"}],"version-history":[{"count":1,"href":"https:\/\/eventiyoga.it\/blog\/wp-json\/wp\/v2\/posts\/52000\/revisions"}],"predecessor-version":[{"id":71739,"href":"https:\/\/eventiyoga.it\/blog\/wp-json\/wp\/v2\/posts\/52000\/revisions\/71739"}],"wp:featuredmedia":[{"embeddable":true,"href":"https:\/\/eventiyoga.it\/blog\/wp-json\/wp\/v2\/media\/52001"}],"wp:attachment":[{"href":"https:\/\/eventiyoga.it\/blog\/wp-json\/wp\/v2\/media?parent=52000"}],"wp:term":[{"taxonomy":"category","embeddable":true,"href":"https:\/\/eventiyoga.it\/blog\/wp-json\/wp\/v2\/categories?post=52000"},{"taxonomy":"post_tag","embeddable":true,"href":"https:\/\/eventiyoga.it\/blog\/wp-json\/wp\/v2\/tags?post=52000"}],"curies":[{"name":"wp","href":"https:\/\/api.w.org\/{rel}","templated":true}]}}