{"id":60780,"date":"2026-01-24T11:56:00","date_gmt":"2026-01-24T10:56:00","guid":{"rendered":"https:\/\/eventiyoga.it\/blog\/?p=60780"},"modified":"2026-01-27T15:52:22","modified_gmt":"2026-01-27T14:52:22","slug":"ritiro-yoga-25-aprile","status":"publish","type":"post","link":"https:\/\/eventiyoga.it\/blog\/ritiro-yoga-25-aprile\/","title":{"rendered":"Ritiro Yoga 25 Aprile: rigenera corpo e mente con Eventiyoga"},"content":{"rendered":"\n<p>Ti sei mai chiesto come poter <strong>trascorrere il ponte del 25 Aprile in modo diverso<\/strong>, magari dedicandoti interamente al tuo benessere e alla pace interiore? Siamo cos\u00ec presi dagli impegni quotidiani che molto spesso ci dimentichiamo di quanto sia importante ritagliare del tempo per noi stessi. E quale miglior occasione per farlo, se non durante una festivit\u00e0?<\/p>\n\n\n\n<p><strong>Un ritiro yoga il 25 aprile potrebbe essere l\u2019occasione giusta per rigenerarti,<\/strong> sia dal punto di vista fisico che mentale. Nel corso di questa guida vedremo meglio che cosa prevede un ritiro yoga e scoprirai tutti quelli a cui potrai partecipare durante il ponte del 25 Aprile.<\/p>\n\n\n\n<p>Preparati a scoprire la bellezza di rifugiarsi per qualche giorno lontano dal trambusto quotidiano e scopri i <a href=\"https:\/\/eventiyoga.it\/blog\/benefici-yoga\/\" target=\"_blank\" rel=\"noreferrer noopener\"><u>benefici yoga<\/u><\/a> che \u00e8 possibile ottenere da un evento come questo.<\/p>\n\n\n\n<hr class=\"wp-block-separator has-text-color has-white-color has-css-opacity has-white-background-color has-background\"\/>\n\n\n\n<div id=\"ez-toc-container\" class=\"ez-toc-v2_0_68_1 counter-hierarchy ez-toc-counter ez-toc-grey ez-toc-container-direction\">\n<div class=\"ez-toc-title-container\">\n<p class=\"ez-toc-title \" >Indice<\/p>\n<span class=\"ez-toc-title-toggle\"><a href=\"#\" class=\"ez-toc-pull-right ez-toc-btn ez-toc-btn-xs ez-toc-btn-default ez-toc-toggle\" aria-label=\"Toggle Table of Content\"><span class=\"ez-toc-js-icon-con\"><span class=\"\"><span class=\"eztoc-hide\" style=\"display:none;\">Toggle<\/span><span class=\"ez-toc-icon-toggle-span\"><svg style=\"fill: #999;color:#999\" xmlns=\"http:\/\/www.w3.org\/2000\/svg\" class=\"list-377408\" width=\"20px\" height=\"20px\" viewBox=\"0 0 24 24\" fill=\"none\"><path d=\"M6 6H4v2h2V6zm14 0H8v2h12V6zM4 11h2v2H4v-2zm16 0H8v2h12v-2zM4 16h2v2H4v-2zm16 0H8v2h12v-2z\" fill=\"currentColor\"><\/path><\/svg><svg style=\"fill: #999;color:#999\" class=\"arrow-unsorted-368013\" xmlns=\"http:\/\/www.w3.org\/2000\/svg\" width=\"10px\" height=\"10px\" viewBox=\"0 0 24 24\" version=\"1.2\" baseProfile=\"tiny\"><path d=\"M18.2 9.3l-6.2-6.3-6.2 6.3c-.2.2-.3.4-.3.7s.1.5.3.7c.2.2.4.3.7.3h11c.3 0 .5-.1.7-.3.2-.2.3-.5.3-.7s-.1-.5-.3-.7zM5.8 14.7l6.2 6.3 6.2-6.3c.2-.2.3-.5.3-.7s-.1-.5-.3-.7c-.2-.2-.4-.3-.7-.3h-11c-.3 0-.5.1-.7.3-.2.2-.3.5-.3.7s.1.5.3.7z\"\/><\/svg><\/span><\/span><\/span><\/a><\/span><\/div>\n<nav><ul class='ez-toc-list ez-toc-list-level-1 ' ><li class='ez-toc-page-1 ez-toc-heading-level-2'><a class=\"ez-toc-link ez-toc-heading-1\" href=\"https:\/\/eventiyoga.it\/blog\/ritiro-yoga-25-aprile\/#Cosa_prevede_il_ritiro_yoga_del_25_aprile\" title=\"Cosa prevede il ritiro yoga del 25 aprile?\">Cosa prevede il ritiro yoga del 25 aprile?<\/a><\/li><li class='ez-toc-page-1 ez-toc-heading-level-2'><a class=\"ez-toc-link ez-toc-heading-2\" href=\"https:\/\/eventiyoga.it\/blog\/ritiro-yoga-25-aprile\/#Perche_optare_per_un_ritiro_yoga_il_25_aprile\" title=\"Perch\u00e9 optare per un ritiro yoga il 25 aprile\">Perch\u00e9 optare per un ritiro yoga il 25 aprile<\/a><\/li><li class='ez-toc-page-1 ez-toc-heading-level-2'><a class=\"ez-toc-link ez-toc-heading-3\" href=\"https:\/\/eventiyoga.it\/blog\/ritiro-yoga-25-aprile\/#Come_scegliere_il_perfetto_ritiro_yoga_per_il_25_aprile\" title=\"Come scegliere il perfetto ritiro yoga per il 25 aprile\">Come scegliere il perfetto ritiro yoga per il 25 aprile<\/a><\/li><li class='ez-toc-page-1 ez-toc-heading-level-2'><a class=\"ez-toc-link ez-toc-heading-4\" href=\"https:\/\/eventiyoga.it\/blog\/ritiro-yoga-25-aprile\/#Consigli_per_chi_partecipa_al_ritiro_yoga_del_25_aprile_per_la_prima_volta\" title=\"Consigli per chi partecipa al ritiro yoga del 25 aprile per la prima volta\">Consigli per chi partecipa al ritiro yoga del 25 aprile per la prima volta<\/a><\/li><li class='ez-toc-page-1 ez-toc-heading-level-2'><a class=\"ez-toc-link ez-toc-heading-5\" href=\"https:\/\/eventiyoga.it\/blog\/ritiro-yoga-25-aprile\/#Le_migliori_offerte_di_ritiri_yoga_25_aprile\" title=\"Le migliori offerte di ritiri yoga 25 aprile\">Le migliori offerte di ritiri yoga 25 aprile<\/a><\/li><li class='ez-toc-page-1 ez-toc-heading-level-2'><a class=\"ez-toc-link ez-toc-heading-6\" href=\"https:\/\/eventiyoga.it\/blog\/ritiro-yoga-25-aprile\/#Basilicata\" title=\"Basilicata\">Basilicata<\/a><\/li><li class='ez-toc-page-1 ez-toc-heading-level-2'><a class=\"ez-toc-link ez-toc-heading-7\" href=\"https:\/\/eventiyoga.it\/blog\/ritiro-yoga-25-aprile\/#Campania\" title=\"Campania\">Campania<\/a><\/li><li class='ez-toc-page-1 ez-toc-heading-level-2'><a class=\"ez-toc-link ez-toc-heading-8\" href=\"https:\/\/eventiyoga.it\/blog\/ritiro-yoga-25-aprile\/#Emilia_Romagna\" title=\"Emilia Romagna\">Emilia Romagna<\/a><\/li><li class='ez-toc-page-1 ez-toc-heading-level-2'><a class=\"ez-toc-link ez-toc-heading-9\" href=\"https:\/\/eventiyoga.it\/blog\/ritiro-yoga-25-aprile\/#Lombardia\" title=\"Lombardia\">Lombardia<\/a><\/li><li class='ez-toc-page-1 ez-toc-heading-level-2'><a class=\"ez-toc-link ez-toc-heading-10\" href=\"https:\/\/eventiyoga.it\/blog\/ritiro-yoga-25-aprile\/#Marche\" title=\"Marche\">Marche<\/a><\/li><li class='ez-toc-page-1 ez-toc-heading-level-2'><a class=\"ez-toc-link ez-toc-heading-11\" href=\"https:\/\/eventiyoga.it\/blog\/ritiro-yoga-25-aprile\/#Puglia\" title=\"Puglia\">Puglia<\/a><\/li><li class='ez-toc-page-1 ez-toc-heading-level-2'><a class=\"ez-toc-link ez-toc-heading-12\" href=\"https:\/\/eventiyoga.it\/blog\/ritiro-yoga-25-aprile\/#Umbria\" title=\"Umbria\">Umbria<\/a><\/li><li class='ez-toc-page-1 ez-toc-heading-level-2'><a class=\"ez-toc-link ez-toc-heading-13\" href=\"https:\/\/eventiyoga.it\/blog\/ritiro-yoga-25-aprile\/#Estero\" title=\"Estero\">Estero<\/a><\/li><li class='ez-toc-page-1 ez-toc-heading-level-2'><a class=\"ez-toc-link ez-toc-heading-14\" href=\"https:\/\/eventiyoga.it\/blog\/ritiro-yoga-25-aprile\/#Calendario_Eventi_Yoga_online\" title=\"Calendario Eventi Yoga online\">Calendario Eventi Yoga online<\/a><\/li><li class='ez-toc-page-1 ez-toc-heading-level-2'><a class=\"ez-toc-link ez-toc-heading-15\" href=\"https:\/\/eventiyoga.it\/blog\/ritiro-yoga-25-aprile\/#Alcune_risorse_interessanti\" title=\"Alcune risorse interessanti\">Alcune risorse interessanti<\/a><\/li><li class='ez-toc-page-1 ez-toc-heading-level-2'><a class=\"ez-toc-link ez-toc-heading-16\" href=\"https:\/\/eventiyoga.it\/blog\/ritiro-yoga-25-aprile\/#Iscriviti_alla_newsletter\" title=\"Iscriviti alla newsletter\">Iscriviti alla newsletter<\/a><\/li><\/ul><\/nav><\/div>\n<h2 class=\"wp-block-heading\" id=\"h-cosa-prevede-il-ritiro-yoga-del-25-aprile\"><span class=\"ez-toc-section\" id=\"Cosa_prevede_il_ritiro_yoga_del_25_aprile\"><\/span>Cosa prevede il ritiro yoga del 25 aprile?<span class=\"ez-toc-section-end\"><\/span><\/h2>\n\n\n\n<p>Un <a href=\"https:\/\/eventiyoga.it\/blog\/ritiro-yoga\/\" target=\"_blank\" rel=\"noreferrer noopener\"><u>ritiro yoga<\/u><\/a> \u00e8 un&#8217;esperienza pensata per immergersi completamente nella pratica e nella meditazione e per andare alla ricerca del benessere psicofisico. Ma cosa comporta esattamente partecipare a un evento di questo tipo? Vediamolo insieme.<\/p>\n\n\n\n<p>Il ritiro \u00e8 un <strong>evento strutturato per offrire un equilibrio ottimale tra pratica fisica, meditazione, e sviluppo personale e spirituale.<\/strong> Durante i ritiri del 25 aprile, una giornata tipo potrebbe iniziare con una sessione di meditazione all&#8217;alba, seguita da una pratica di yoga mattutina per risvegliare il corpo e la mente, preparandoli alle attivit\u00e0 della giornata. Dopo la colazione, vengono spesso proposti workshop o seminari su temi specifici relativi allo yoga, alla mindfulness, o al benessere in generale.<\/p>\n\n\n\n<p>Il pomeriggio pu\u00f2 includere una seconda sessione di yoga, pi\u00f9 rilassante rispetto a quella del mattino, seguita da attivit\u00e0 che variano a seconda della location e delle caratteristiche specifiche del ritiro: passeggiate nella natura, sessioni di journaling o pratiche di gruppo all&#8217;aperto. La serata si conclude spesso con una meditazione o con una cerimonia, come ad esempio il canto di mantra o una sessione di yoga nidra, per favorire un sonno riposante e profondo.<\/p>\n\n\n\n<p>Oltre alla pratica, un aspetto fondamentale dei ritiri yoga \u00e8 l&#8217;alimentazione. I pasti sono studiati per essere non solo gustosi, ma anche nutrizionalmente bilanciati, spesso vegetariani o vegani, per supportare al meglio la pratica fisica e spirituale dei partecipanti.<\/p>\n\n\n\n<p>La struttura del ritiro \u00e8 quindi pensata per offrire un&#8217;<strong>esperienza olistica che coinvolge corpo, mente e spirito<\/strong>, in un ambiente che promuove la concentrazione e il rilassamento. <strong>L&#8217;obiettivo <\/strong>\u00e8 permettere a ogni partecipante di <strong>staccare dalla routine quotidiana<\/strong>, immergendosi in un&#8217;atmosfera di pace e serenit\u00e0, e di ritornare alla vita di tutti i giorni rinnovato e arricchito dall&#8217;esperienza.<\/p>\n\n\n\n<hr class=\"wp-block-separator has-text-color has-white-color has-alpha-channel-opacity has-white-background-color has-background\"\/>\n\n\n<div class=\"wp-block-image\">\n<figure class=\"aligncenter size-full\"><a href=\"https:\/\/eventiyoga.it\/blog\/wp-content\/uploads\/2024\/03\/una-donna-nel-ritiro-benessere-primaverile.jpg\"><img decoding=\"async\" src=\"data:image\/gif;base64,R0lGODlhAQABAIAAAAAAAP\/\/\/yH5BAEAAAAALAAAAAABAAEAAAIBRAA7\" data-src=\"https:\/\/eventiyoga.it\/blog\/wp-content\/uploads\/2024\/03\/una-donna-nel-ritiro-benessere-primaverile.jpg\" alt=\"una donna nel ritiro benessere primaverile\" class=\"wp-image-60798\"\/><noscript><img decoding=\"async\" src=\"https:\/\/eventiyoga.it\/blog\/wp-content\/uploads\/2024\/03\/una-donna-nel-ritiro-benessere-primaverile.jpg\" alt=\"una donna nel ritiro benessere primaverile\" class=\"wp-image-60798\"\/><\/noscript><\/a><\/figure>\n<\/div>\n\n\n<hr class=\"wp-block-separator has-text-color has-white-color has-css-opacity has-white-background-color has-background\"\/>\n\n\n\n<h2 class=\"wp-block-heading\" id=\"h-perch-optare-per-un-ritiro-yoga-il-25-aprile\"><span class=\"ez-toc-section\" id=\"Perche_optare_per_un_ritiro_yoga_il_25_aprile\"><\/span>Perch\u00e9 optare per un ritiro yoga il 25 aprile<span class=\"ez-toc-section-end\"><\/span><\/h2>\n\n\n\n<p>Scegliere di dedicarsi a un ritiro yoga durante il ponte del 25 aprile rappresenta un&#8217;opportunit\u00e0 unica per godersi un momento di pausa dalla routine quotidiana e rigenerarsi. Ecco alcuni motivi che rendono questa piccola vacanza yoga del 25 aprile particolarmente interessante:<\/p>\n\n\n\n<ul class=\"wp-block-list\">\n<li>fine aprile <strong>\u00e8 un momento di rinnovamento<\/strong>, sia per l&#8217;ambiente che ci circonda sia per il nostro corpo. Partecipare a un ritiro yoga in questo momento dell&#8217;anno pu\u00f2 aiutarti a liberarti dalle tensioni accumulate e a ricaricare le energie.<br><\/li>\n\n\n\n<li>Un ritiro <strong>offre l&#8217;opportunit\u00e0 di immergersi completamente nella pratica dello yoga<\/strong>, ben oltre ci\u00f2 che \u00e8 possibile in una normale sessione di un&#8217;ora. Questo permette di scoprire aspetti dello yoga che nella quotidianit\u00e0 non affronteresti.<br><\/li>\n\n\n\n<li>I ritiri yoga vengono organizzati in <strong>luoghi di <em>straordinaria bellezza<\/em>, lontani dal trambusto della citt\u00e0<\/strong>. Questo ambiente offre l&#8217;opportunit\u00e0 di riconnettersi con la natura, ascoltando il proprio corpo e la propria mente in un contesto sereno e rigenerante.<br><\/li>\n\n\n\n<li>La pratica intensiva a cui si viene sottoposti durante un ritiro pu\u00f2 avere <strong>effetti profondamente positivi sulla salute fisica e mentale<\/strong>. Essa permette di lavorare sulla propria flessibilit\u00e0 muscolare, ridurre lo stress, migliorare la gestione dell&#8217;ansia e d\u00e0 modo di sperimentare un senso generale di benessere ed equilibrio interiore.<br><\/li>\n\n\n\n<li>A differenza delle vacanze tradizionali, che spesso possono lasciare una sensazione di bisogno di &#8220;riposo dalla vacanza&#8221;, un ritiro yoga <strong>offre un&#8217;esperienza <em>realmente riposante<\/em> e rigenerante.<\/strong> \u00c8 un&#8217;opportunit\u00e0 unica per prendersi cura di s\u00e9 a un livello pi\u00f9 profondo, con effetti che durano anche dopo il ritiro.<\/li>\n<\/ul>\n\n\n\n<p>Optare per un ritiro yoga il 25 aprile significa quindi scegliere una pausa diversa dal solito, un momento per staccare veramente la spina e rinnovare corpo e spirito.<\/p>\n\n\n\n<hr class=\"wp-block-separator has-text-color has-white-color has-css-opacity has-white-background-color has-background\"\/>\n\n\n<div class=\"wp-block-image\">\n<figure class=\"aligncenter size-full\"><a href=\"https:\/\/eventiyoga.it\/blog\/wp-content\/uploads\/2024\/03\/un-gruppo-pratica-yoga-in-primavera.jpg\"><img decoding=\"async\" src=\"data:image\/gif;base64,R0lGODlhAQABAIAAAAAAAP\/\/\/yH5BAEAAAAALAAAAAABAAEAAAIBRAA7\" data-src=\"https:\/\/eventiyoga.it\/blog\/wp-content\/uploads\/2024\/03\/un-gruppo-pratica-yoga-in-primavera.jpg\" alt=\"un gruppo pratica yoga in primavera\" class=\"wp-image-60801\"\/><noscript><img decoding=\"async\" src=\"https:\/\/eventiyoga.it\/blog\/wp-content\/uploads\/2024\/03\/un-gruppo-pratica-yoga-in-primavera.jpg\" alt=\"un gruppo pratica yoga in primavera\" class=\"wp-image-60801\"\/><\/noscript><\/a><\/figure>\n<\/div>\n\n\n<hr class=\"wp-block-separator has-text-color has-white-color has-alpha-channel-opacity has-white-background-color has-background\"\/>\n\n\n\n<h2 class=\"wp-block-heading\" id=\"h-come-scegliere-il-perfetto-ritiro-yoga-per-il-25-aprile\"><span class=\"ez-toc-section\" id=\"Come_scegliere_il_perfetto_ritiro_yoga_per_il_25_aprile\"><\/span>Come scegliere il perfetto ritiro yoga per il 25 aprile<span class=\"ez-toc-section-end\"><\/span><\/h2>\n\n\n\n<p>Individuare il ritiro yoga del 25 aprile giusto pu\u00f2 trasformare un semplice momento di pausa in un&#8217;esperienza profondamente arricchente. Per questo, prima di scegliere l\u2019evento a cui partecipare, <strong>\u00e8 importante considerare vari aspetti<\/strong>. Ecco alcuni elementi chiave da valutare:<\/p>\n\n\n\n<hr class=\"wp-block-separator has-text-color has-white-color has-css-opacity has-white-background-color has-background\"\/>\n\n\n\n<h3 class=\"wp-block-heading\" id=\"h-il-luogo-del-ritiro\">Il luogo del ritiro<\/h3>\n\n\n\n<p>La location \u00e8 uno degli aspetti pi\u00f9 importanti nella scelta di un ritiro yoga. Che si tratti di un tranquillo rifugio in montagna, di un&#8217;accogliente struttura in campagna o di un ritiro in riva al mare, <strong>l&#8217;ambiente circostante pu\u00f2 avere un grande impatto sull&#8217;esperienza complessiva.<\/strong> Considera che tipo di connessione con la natura desideri e quale ambiente ti ispira di pi\u00f9 per la pratica dello yoga e la meditazione.<\/p>\n\n\n\n<hr class=\"wp-block-separator has-text-color has-white-color has-css-opacity has-white-background-color has-background\"\/>\n\n\n\n<h3 class=\"wp-block-heading\" id=\"h-le-pratiche-di-yoga-offerte\">Le pratiche di yoga offerte<\/h3>\n\n\n\n<p>Esistono molti <a href=\"https:\/\/eventiyoga.it\/blog\/stili-di-yoga\/\" target=\"_blank\" rel=\"noreferrer noopener\"><u>stili di yoga<\/u><\/a>, da quelli pi\u00f9 dinamici e fisicamente impegnativi a quelli pi\u00f9 meditativi e rilassanti.<strong>Assicurati che il ritiro scelto sia in linea con ci\u00f2 che cerchi<\/strong>. Alcuni ritiri possono anche offrire una combinazione di stili, fornendo un\u2019esperienza diversa e in grado di toccare vari aspetti della pratica.<\/p>\n\n\n\n<hr class=\"wp-block-separator has-text-color has-white-color has-css-opacity has-white-background-color has-background\"\/>\n\n\n\n<h3 class=\"wp-block-heading\" id=\"h-il-programma-del-ritiro\">Il programma del ritiro<\/h3>\n\n\n\n<p>Oltre alle sessioni di yoga, <strong>esamina quali altre attivit\u00e0 sono incluse nel programma del ritiro<\/strong>. Workshop, <a href=\"https:\/\/eventiyoga.it\/blog\/tecniche-di-meditazione\/\" target=\"_blank\" rel=\"noreferrer noopener\"><u>tecniche di meditazione<\/u><\/a>, passeggiate nella natura, pratiche di mindfulness e tempo libero sono tutti elementi che possono rendere l&#8217;esperienza ancor pi\u00f9 interessante. Un programma ben bilanciato ti permetter\u00e0 non solo di approfondire la tua pratica, ma anche di rilassarti e rigenerarti nel modo giusto.<\/p>\n\n\n\n<hr class=\"wp-block-separator has-text-color has-white-color has-css-opacity has-white-background-color has-background\"\/>\n\n\n\n<h3 class=\"wp-block-heading\" id=\"h-l-alloggio-e-il-cibo\">L&#8217;alloggio e il cibo<\/h3>\n\n\n\n<p><strong>Il comfort dell&#8217;alloggio e la qualit\u00e0 del cibo sono fattori fondamentali.<\/strong> Molti ritiri offrono opzioni vegetariane o vegane, progettate per supportare la pratica dello yoga e il tuo benessere generale. Assicurati che le opzioni di alloggio rispondano ai tuoi standard di comfort e che il men\u00f9 sia in linea con le tue preferenze o esigenze alimentari.<\/p>\n\n\n\n<p>Considerare attentamente tutti questi elementi ti aiuter\u00e0 a scegliere il ritiro yoga perfetto per il 25 aprile, garantendoti un&#8217;esperienza davvero piacevole e rigenerante.<\/p>\n\n\n\n<hr class=\"wp-block-separator has-text-color has-white-color has-css-opacity has-white-background-color has-background\"\/>\n\n\n\n<h2 class=\"wp-block-heading\" id=\"h-consigli-per-chi-partecipa-al-ritiro-yoga-del-25-aprile-per-la-prima-volta\"><span class=\"ez-toc-section\" id=\"Consigli_per_chi_partecipa_al_ritiro_yoga_del_25_aprile_per_la_prima_volta\"><\/span>Consigli per chi partecipa al ritiro yoga del 25 aprile per la prima volta<span class=\"ez-toc-section-end\"><\/span><\/h2>\n\n\n\n<p>Partecipare a un ritiro yoga per la prima volta \u00e8 un\u2019esperienza molto emozionante. Per permetterti di prepararti al meglio, abbiamo deciso di riservare per te alcuni consigli particolari.<\/p>\n\n\n\n<p>Innanzitutto, \u00e8 importante avvicinarsi al ritiro con una <strong>mente aperta e senza aspettative precise<\/strong>. Ogni ritiro yoga \u00e8 unico, e la bellezza di queste esperienze risiede spesso nell&#8217;imprevisto e nella possibilit\u00e0 di esplorare nuovi aspetti di s\u00e9 stessi e della propria pratica. Accogli ogni attivit\u00e0, lezione o sessione di meditazione come un&#8217;opportunit\u00e0 di apprendimento e di introspezione.<\/p>\n\n\n\n<p><strong>Prepararsi fisicamente<\/strong> \u00e8 altrettanto importante. Arrivare al 25 aprile con una buona conoscenza dello yoga pu\u00f2 aiutare a godere appieno delle sessioni pi\u00f9 intense e a evitare infortuni. Se possibile, nelle settimane precedenti il ritiro, cerca di eseguire una pratica regolare e di familiarizzare con le varie asana (posizioni).<\/p>\n\n\n\n<p>Un altro aspetto da considerare \u00e8 il silenzio. Molti ritiri includono momenti di silenzio fortemente preziosi per la riflessione interiore. <strong>Preparati ad abbracciare il silenzio<\/strong>, non solo esternamente, ma anche internamente, cercando di calmare il flusso continuo di pensieri e preoccupazioni che normalmente occupano la mente.<\/p>\n\n\n\n<p><strong>Essere consapevoli del proprio corpo e dei propri limiti<\/strong> \u00e8 un altro aspetto fondamentale. Durante il ritiro, \u00e8 importante ascoltarsi e non spingersi oltre i propri limiti fisici o mentali. La pratica dello yoga non \u00e8 una competizione; l&#8217;obiettivo \u00e8 la crescita personale e il benessere, non il raggiungimento della perfezione.<\/p>\n\n\n\n<p>Infine, <strong>ricorda di portare con te gentilezza<\/strong>. Un ritiro yoga \u00e8 un&#8217;occasione per condividere esperienze e imparare dagli altri, creando legami che spesso si rivelano sorprendentemente profondi e duraturi.<\/p>\n\n\n\n<hr class=\"wp-block-separator has-text-color has-white-color has-css-opacity has-white-background-color has-background\"\/>\n\n\n\n<h2 class=\"wp-block-heading\" id=\"h-le-migliori-offerte-di-ritiri-yoga-25-aprile\"><span class=\"ez-toc-section\" id=\"Le_migliori_offerte_di_ritiri_yoga_25_aprile\"><\/span>Le migliori offerte di ritiri yoga 25 aprile<span class=\"ez-toc-section-end\"><\/span><\/h2>\n\n\n\n<hr class=\"wp-block-separator has-text-color has-white-color has-css-opacity has-white-background-color has-background\"\/>\n\n\n        <div class=\"yoga-events-regions-container\">\n            <!-- Online Events Section -->\n            \n            <!-- Offline Events by Regions -->\n                                                                        <div class=\"yoga-region \">\n                            <h2 class=\"yoga-region-title\"><span class=\"ez-toc-section\" id=\"Basilicata\"><\/span>Basilicata<span class=\"ez-toc-section-end\"><\/span><\/h2>\n                                                                                                                                        <div class=\"yoga-province\">\n                                            <h3 class=\"yoga-province-title\">Potenza<\/h3>\n                                            <div class=\"yoga-events-list\">\n                                                                                                                                                        <div class=\"yoga-event-item\">\n                                                        <span class=\"event-day\">26 Aprile<\/span>\n                                                        <a href=\"https:\/\/eventiyoga.it\/eventi-yoga\/anna_yoga_il_cibo_come_via_di_consapevolezza-7162\" class=\"yoga-event-link \">ANNA YOGA- il Cibo come Via di Consapevolezza<\/a>\n                                                    <\/div>\n                                                                                            <\/div>\n                                        <\/div>\n                                                                                                                        <\/div>\n                                                                                <div class=\"yoga-region \">\n                            <h2 class=\"yoga-region-title\"><span class=\"ez-toc-section\" id=\"Campania\"><\/span>Campania<span class=\"ez-toc-section-end\"><\/span><\/h2>\n                                                                                                                                        <div class=\"yoga-province\">\n                                            <h3 class=\"yoga-province-title\">Napoli<\/h3>\n                                            <div class=\"yoga-events-list\">\n                                                                                                                                                        <div class=\"yoga-event-item\">\n                                                        <span class=\"event-day\">24 Aprile<\/span>\n                                                        <a href=\"https:\/\/eventiyoga.it\/eventi-yoga\/ischia_sacra-6228\" class=\"yoga-event-link \">ISCHIA SACRA<\/a>\n                                                    <\/div>\n                                                                                            <\/div>\n                                        <\/div>\n                                                                                                                        <\/div>\n                                                                                <div class=\"yoga-region \">\n                            <h2 class=\"yoga-region-title\"><span class=\"ez-toc-section\" id=\"Emilia_Romagna\"><\/span>Emilia Romagna<span class=\"ez-toc-section-end\"><\/span><\/h2>\n                                                                                                                                        <div class=\"yoga-province\">\n                                            <h3 class=\"yoga-province-title\">Ravenna<\/h3>\n                                            <div class=\"yoga-events-list\">\n                                                                                                                                                        <div class=\"yoga-event-item\">\n                                                        <span class=\"event-day\">26 Aprile<\/span>\n                                                        <a href=\"https:\/\/eventiyoga.it\/eventi-yoga\/formazione_36_ore_qi_gong-6886\" class=\"yoga-event-link \">FORMAZIONE 36 ORE QI GONG<\/a>\n                                                    <\/div>\n                                                                                            <\/div>\n                                        <\/div>\n                                                                                                                        <\/div>\n                                                                                <div class=\"yoga-region \">\n                            <h2 class=\"yoga-region-title\"><span class=\"ez-toc-section\" id=\"Lombardia\"><\/span>Lombardia<span class=\"ez-toc-section-end\"><\/span><\/h2>\n                                                                                                                                        <div class=\"yoga-province\">\n                                            <h3 class=\"yoga-province-title\">Milano<\/h3>\n                                            <div class=\"yoga-events-list\">\n                                                                                                                                                        <div class=\"yoga-event-item\">\n                                                        <span class=\"event-day\">25 Aprile<\/span>\n                                                        <a href=\"https:\/\/eventiyoga.it\/eventi-yoga\/l_arte_di_assistere_advanced_yoga_teacher_training_50_yacep-6604\" class=\"yoga-event-link \">L\u2019arte di assistere. Advanced Yoga Teacher Training 50 YACEP\u00ae<\/a>\n                                                    <\/div>\n                                                                                            <\/div>\n                                        <\/div>\n                                                                                                                        <\/div>\n                                                                                <div class=\"yoga-region \">\n                            <h2 class=\"yoga-region-title\"><span class=\"ez-toc-section\" id=\"Marche\"><\/span>Marche<span class=\"ez-toc-section-end\"><\/span><\/h2>\n                                                                                                                                        <div class=\"yoga-province\">\n                                            <h3 class=\"yoga-province-title\">Fermo<\/h3>\n                                            <div class=\"yoga-events-list\">\n                                                                                                                                                        <div class=\"yoga-event-item\">\n                                                        <span class=\"event-day\">24 Aprile<\/span>\n                                                        <a href=\"https:\/\/eventiyoga.it\/eventi-yoga\/ritiro_iyengar_yoga_a_torre_di_palme_di_primavera-6700\" class=\"yoga-event-link \">Ritiro Iyengar\u00ae Yoga a Torre di Palme di primavera<\/a>\n                                                    <\/div>\n                                                                                            <\/div>\n                                        <\/div>\n                                                                                                                                                <div class=\"yoga-province\">\n                                            <h3 class=\"yoga-province-title\">Macerata<\/h3>\n                                            <div class=\"yoga-events-list\">\n                                                                                                                                                        <div class=\"yoga-event-item\">\n                                                        <span class=\"event-day\">22 Aprile<\/span>\n                                                        <a href=\"https:\/\/eventiyoga.it\/eventi-yoga\/lezione_individuale_di_yoga_su_misura_yoga_a_civitanova_marche-6807\" class=\"yoga-event-link \">Lezione Individuale di Yoga su misura | Yoga a Civitanova Marche<\/a>\n                                                    <\/div>\n                                                                                            <\/div>\n                                        <\/div>\n                                                                                                                        <\/div>\n                                                                                <div class=\"yoga-region \">\n                            <h2 class=\"yoga-region-title\"><span class=\"ez-toc-section\" id=\"Puglia\"><\/span>Puglia<span class=\"ez-toc-section-end\"><\/span><\/h2>\n                                                                                                                                        <div class=\"yoga-province\">\n                                            <h3 class=\"yoga-province-title\">Lecce<\/h3>\n                                            <div class=\"yoga-events-list\">\n                                                                                                                                                        <div class=\"yoga-event-item\">\n                                                        <span class=\"event-day\">25 Aprile<\/span>\n                                                        <a href=\"https:\/\/eventiyoga.it\/eventi-yoga\/100_hours_advanced_teacher_training-6533\" class=\"yoga-event-link \">100 Hours Advanced Teacher Training<\/a>\n                                                    <\/div>\n                                                                                                                                                        <div class=\"yoga-event-item\">\n                                                        <span class=\"event-day\">25 Aprile<\/span>\n                                                        <a href=\"https:\/\/eventiyoga.it\/eventi-yoga\/art_e_wellness_in_salento_workshop_tessitura_artigianale_e_yoga-5900\" class=\"yoga-event-link \">ART e Wellness in Salento | Workshop Tessitura Artigianale e Yoga<\/a>\n                                                    <\/div>\n                                                                                                                                                        <div class=\"yoga-event-item\">\n                                                        <span class=\"event-day\">25 Aprile<\/span>\n                                                        <a href=\"https:\/\/eventiyoga.it\/eventi-yoga\/fuga_italiana_zagyoga_2026-6534\" class=\"yoga-event-link \">Fuga italiana Zagyoga 2026<\/a>\n                                                    <\/div>\n                                                                                            <\/div>\n                                        <\/div>\n                                                                                                                        <\/div>\n                                                                                <div class=\"yoga-region \">\n                            <h2 class=\"yoga-region-title\"><span class=\"ez-toc-section\" id=\"Umbria\"><\/span>Umbria<span class=\"ez-toc-section-end\"><\/span><\/h2>\n                                                                                                                                        <div class=\"yoga-province\">\n                                            <h3 class=\"yoga-province-title\">Perugia<\/h3>\n                                            <div class=\"yoga-events-list\">\n                                                                                                                                                        <div class=\"yoga-event-item\">\n                                                        <span class=\"event-day\">23 Aprile<\/span>\n                                                        <a href=\"https:\/\/eventiyoga.it\/eventi-yoga\/ritiri_yoga_di_primavera_da_pasqua_al_1_maggio_gubbio_assisi-5780\" class=\"yoga-event-link \">Ritiri Yoga di Primavera | Da Pasqua al 1\u00b0 Maggio | Gubbio &amp; Assisi<\/a>\n                                                    <\/div>\n                                                                                            <\/div>\n                                        <\/div>\n                                                                                                                        <\/div>\n                                                                                <div class=\"yoga-region yoga-region-estero\">\n                            <h2 class=\"yoga-region-title\"><span class=\"ez-toc-section\" id=\"Estero\"><\/span>Estero<span class=\"ez-toc-section-end\"><\/span><\/h2>\n                                                            <div class=\"yoga-events-list\">\n                                                                                                                                                                    <div class=\"yoga-event-item\">\n                                                <span class=\"event-day\">25 Aprile<\/span>\n                                                <a href=\"https:\/\/eventiyoga.it\/eventi-yoga\/viaggio_yoga_a_rishikesh_trekking_himalaya-6430\" class=\"yoga-event-link \">Viaggio Yoga a Rishikesh + Trekking Himalaya<\/a>\n                                            <\/div>\n                                                                                                            <\/div>\n                                                    <\/div>\n                                                        <\/div>\n        \n\n\n\n<hr class=\"wp-block-separator has-text-color has-white-color has-css-opacity has-white-background-color has-background\"\/>\n\n\n\n<hr class=\"wp-block-separator has-text-color has-white-color has-css-opacity has-white-background-color has-background\"\/>\n\n\n\n<hr class=\"wp-block-separator has-text-color has-white-color has-css-opacity has-white-background-color has-background\"\/>\n\n\n\n<h2 class=\"wp-block-heading\"><span class=\"ez-toc-section\" id=\"Calendario_Eventi_Yoga_online\"><\/span>Calendario Eventi Yoga online<span class=\"ez-toc-section-end\"><\/span><\/h2>\n\n\n\n<p>Puoi consultare il&nbsp;calendario eventi&nbsp;anche online con numerosi weekend, vacanze, ritiri e corsi yoga e meditazione.<\/p>\n\n\n\n<p>Cerca qui gli eventi yoga di tuo interesse.<\/p>\n\n\n\n<p><strong>EVENTI YOGA PER MESE<\/strong><\/p>\n\n\n\n<ul class=\"wp-block-list\">\n<li><a href=\"https:\/\/eventiyoga.it\/blog\/vacanze-workshop-yoga-e-benessere-gennaio\/\" target=\"_blank\" rel=\"noreferrer noopener\"><u>Gennaio<\/u><\/a><\/li>\n\n\n\n<li><a href=\"https:\/\/eventiyoga.it\/blog\/vacanze-seminari-workshop-yoga-benessere-febbraio\/\" target=\"_blank\" rel=\"noreferrer noopener\"><u>Febbraio<\/u><\/a><\/li>\n\n\n\n<li><a href=\"https:\/\/eventiyoga.it\/blog\/vacanze-seminari-workshop-yoga-benessere-marzo\/\" target=\"_blank\" rel=\"noreferrer noopener\"><u>Marzo<\/u><\/a><\/li>\n\n\n\n<li><a href=\"https:\/\/eventiyoga.it\/blog\/vacanze-yoga-aprile\/\" target=\"_blank\" rel=\"noreferrer noopener\"><u>Aprile<\/u><\/a><\/li>\n\n\n\n<li><a href=\"https:\/\/eventiyoga.it\/blog\/vacanze-yoga-maggio\/\" target=\"_blank\" rel=\"noreferrer noopener\"><u>Maggio<\/u><\/a><\/li>\n\n\n\n<li><a href=\"https:\/\/eventiyoga.it\/blog\/vacanze-yoga-e-benessere-giugno-offerte\/\" target=\"_blank\" rel=\"noreferrer noopener\"><u>Giugno<\/u><\/a><\/li>\n\n\n\n<li><a href=\"https:\/\/eventiyoga.it\/blog\/vacanze-yoga-e-benessere-luglio-offerte\/\" target=\"_blank\" rel=\"noreferrer noopener\"><u>Luglio<\/u><\/a><\/li>\n\n\n\n<li><a href=\"https:\/\/eventiyoga.it\/blog\/vacanze-yoga-e-benessere-agosto-offerte\/\" target=\"_blank\" rel=\"noreferrer noopener\"><u>Agosto<\/u><\/a><\/li>\n\n\n\n<li><a href=\"https:\/\/eventiyoga.it\/blog\/vacanze-yoga-e-benessere-settembre-offerte\/\" target=\"_blank\" rel=\"noreferrer noopener\"><u>Settembre<\/u><\/a><\/li>\n\n\n\n<li><a href=\"https:\/\/eventiyoga.it\/blog\/vacanze-yoga-e-benessere-ottobre-offerte\/\" target=\"_blank\" rel=\"noreferrer noopener\"><u>Ottobre<\/u><\/a><\/li>\n\n\n\n<li><a href=\"https:\/\/eventiyoga.it\/blog\/vacanze-yoga-e-benessere-novembre-offerte\/\" target=\"_blank\" rel=\"noreferrer noopener\"><u>Novembre<\/u><\/a><\/li>\n\n\n\n<li><a href=\"https:\/\/eventiyoga.it\/blog\/vacanze-yoga-e-benessere-dicembre\/\" target=\"_blank\" rel=\"noreferrer noopener\"><u>Dicembre<\/u><\/a><\/li>\n<\/ul>\n\n\n\n<p><strong>EVENTI YOGA PER FESTIVITA\u2019<\/strong><\/p>\n\n\n\n<ul class=\"wp-block-list\">\n<li><a href=\"https:\/\/eventiyoga.it\/blog\/vacanza-yoga-pasqua-offerte\/\" target=\"_blank\" rel=\"noreferrer noopener\"><u>Pasqua<\/u><\/a><\/li>\n\n\n\n<li><a href=\"https:\/\/eventiyoga.it\/blog\/vacanze-yoga-2\/\" target=\"_blank\" rel=\"noreferrer noopener\"><u>Primavera Estate<\/u><\/a><\/li>\n\n\n\n<li><a href=\"https:\/\/eventiyoga.it\/blog\/yoga-a-ferragosto\/\" target=\"_blank\" rel=\"noreferrer noopener\"><u>Ferragosto<\/u><\/a><\/li>\n\n\n\n<li><u><a href=\"https:\/\/eventiyoga.it\/blog\/retreat-e-vacanze-yoga-natale-offerte\/\" target=\"_blank\" rel=\"noreferrer noopener\">Na<\/a><\/u><a href=\"https:\/\/eventiyoga.it\/blog\/retreat-e-vacanze-yoga-natale-offerte\/\"><u>tale<\/u><\/a><\/li>\n\n\n\n<li><a href=\"https:\/\/eventiyoga.it\/blog\/vacanze-yoga-capodanno\/\" target=\"_blank\" rel=\"noreferrer noopener\"><u>Capodanno<\/u><\/a><\/li>\n\n\n\n<li><a aria-label=\"Ponte 2 giugno (opens in a new tab)\" class=\"ek-link\" href=\"https:\/\/eventiyoga.it\/blog\/ponte-2-giugno-yoga\/\" target=\"_blank\" rel=\"noreferrer noopener\">Ponte 2 giugno<\/a><\/li>\n<\/ul>\n\n\n\n<h2 class=\"wp-block-heading\"><span class=\"ez-toc-section\" id=\"Alcune_risorse_interessanti\"><\/span><strong>Alcune risorse interessanti<\/strong><span class=\"ez-toc-section-end\"><\/span><\/h2>\n\n\n\n<ul class=\"wp-block-list\">\n<li><a href=\"https:\/\/eventiyoga.it\/blog\/benefici-di-un-ritiro-yoga\/\" target=\"_blank\" rel=\"noreferrer noopener\"><u>Top 5 benefici di un ritiro yoga<\/u><\/a><\/li>\n\n\n\n<li><a href=\"https:\/\/eventiyoga.it\/blog\/dieci-errori-da-non-commettere-quando-si-prenota-un-retreat-yoga\/\" target=\"_blank\" rel=\"noreferrer noopener\"><u>Dieci errori da non commettere quando si prenota un retreat yoga<\/u><\/a><\/li>\n\n\n\n<li><a href=\"https:\/\/eventiyoga.it\/blog\/vacanze-yoga\/\" target=\"_blank\" rel=\"noreferrer noopener\"><u>Vacanza yoga: destinazioni<\/u><\/a><\/li>\n\n\n\n<li><a href=\"https:\/\/eventiyoga.it\/blog\/la-valigia-perfetta-per-il-tuo-retreat-yoga\/\" target=\"_blank\" rel=\"noreferrer noopener\"><u>La valigia perfetta per il tuo retreat yoga<\/u><\/a><\/li>\n\n\n\n<li><a href=\"https:\/\/eventiyoga.it\/blog\/ritiro-yoga\/\" target=\"_blank\" rel=\"noreferrer noopener\"><u>Ritiri yoga: proposte e destinazioni<\/u><\/a><\/li>\n<\/ul>\n\n\n\n<h2 class=\"wp-block-heading\"><span class=\"ez-toc-section\" id=\"Iscriviti_alla_newsletter\"><\/span><strong>Iscriviti alla newsletter<\/strong><span class=\"ez-toc-section-end\"><\/span><\/h2>\n\n\n\n<p>Vuoi rimanere aggiornato sui prossimi soggiorni yoga in programma? Se la risposta \u00e8 s\u00ec,&nbsp;<strong>iscriviti subito alla nostra newsletter<\/strong>. Cos\u00ec avrai sempre aggiornamenti freschi freschi su tutte le regioni italiane (e l\u2019estero!).<\/p>\n\n\n\n<figure class=\"wp-block-image\"><a href=\"https:\/\/eventiyoga.it\/blog\/newsletter-eventi-yoga\/\" target=\"_blank\" rel=\"noopener\"><img decoding=\"async\" src=\"data:image\/gif;base64,R0lGODlhAQABAIAAAAAAAP\/\/\/yH5BAEAAAAALAAAAAABAAEAAAIBRAA7\" data-src=\"https:\/\/eventiyoga.it\/blog\/wp-content\/uploads\/2019\/10\/Banner-Iscrizione-NL.jpg\" alt=\"Iscriviti alla Newsletter \u2013 Per te subito un Bonus!\"\/><noscript><img decoding=\"async\" src=\"https:\/\/eventiyoga.it\/blog\/wp-content\/uploads\/2019\/10\/Banner-Iscrizione-NL.jpg\" alt=\"Iscriviti alla Newsletter \u2013 Per te subito un Bonus!\"\/><\/noscript><\/a><\/figure>\n\n\n\n<p class=\"has-text-align-center\">Iscriviti alla Newsletter \u2013 Per te subito un Bonus!<\/p>\n","protected":false},"excerpt":{"rendered":"<p>Ti sei mai chiesto come poter trascorrere il ponte del 25 Aprile in modo diverso, magari dedicandoti interamente al tuo benessere e alla pace interiore? Siamo cos\u00ec presi dagli impegni quotidiani che molto spesso ci dimentichiamo di quanto sia importante ritagliare del tempo per noi stessi. E quale miglior occasione per farlo, se non durante [&hellip;]<\/p>\n","protected":false},"author":2,"featured_media":60783,"comment_status":"open","ping_status":"open","sticky":false,"template":"","format":"standard","meta":{"_acf_changed":false,"_editorskit_title_hidden":false,"_editorskit_reading_time":6,"_editorskit_is_block_options_detached":false,"_editorskit_block_options_position":"{}","footnotes":""},"categories":[137],"tags":[44080,187],"class_list":["post-60780","post","type-post","status-publish","format-standard","has-post-thumbnail","hentry","category-benessere","tag-ritiri-yoga","tag-vacanze-yoga"],"acf":[],"yoast_head":"<!-- This site is optimized with the Yoast SEO plugin v26.4 - https:\/\/yoast.com\/wordpress\/plugins\/seo\/ -->\n<title>Ritiro Yoga 25 Aprile: rigenera corpo e mente con Eventiyoga<\/title>\n<meta name=\"description\" content=\"Ritiro Yoga 25 aprile: scopri le destinazioni pi\u00f9 ambite d&#039;Italia e non solo. Scegli la tua met\u00e0 e regalati giorni di relax e benessere personale.\" \/>\n<meta name=\"robots\" content=\"index, follow, max-snippet:-1, max-image-preview:large, max-video-preview:-1\" \/>\n<link rel=\"canonical\" href=\"https:\/\/eventiyoga.it\/blog\/ritiro-yoga-25-aprile\/\" \/>\n<meta property=\"og:locale\" content=\"en_US\" \/>\n<meta property=\"og:type\" content=\"article\" \/>\n<meta property=\"og:title\" content=\"Ritiro Yoga 25 Aprile: rigenera corpo e mente con Eventiyoga\" \/>\n<meta property=\"og:description\" content=\"Ritiro Yoga 25 aprile: scopri le destinazioni pi\u00f9 ambite d&#039;Italia e non solo. Scegli la tua met\u00e0 e regalati giorni di relax e benessere personale.\" \/>\n<meta property=\"og:url\" content=\"https:\/\/eventiyoga.it\/blog\/ritiro-yoga-25-aprile\/\" \/>\n<meta property=\"og:site_name\" content=\"Eventi Yoga\" \/>\n<meta property=\"article:author\" content=\"https:\/\/www.facebook.com\/eventiyogaitalia\/\" \/>\n<meta property=\"article:published_time\" content=\"2026-01-24T10:56:00+00:00\" \/>\n<meta property=\"article:modified_time\" content=\"2026-01-27T14:52:22+00:00\" \/>\n<meta property=\"og:image\" content=\"https:\/\/eventiyoga.it\/blog\/wp-content\/uploads\/2024\/03\/ritiro-yoga-25-aprile-su-eventiyoga.jpg\" \/>\n\t<meta property=\"og:image:width\" content=\"1024\" \/>\n\t<meta property=\"og:image:height\" content=\"768\" \/>\n\t<meta property=\"og:image:type\" content=\"image\/jpeg\" \/>\n<meta name=\"author\" content=\"Redazione EventiYoga\" \/>\n<meta name=\"twitter:card\" content=\"summary_large_image\" \/>\n<meta name=\"twitter:label1\" content=\"Written by\" \/>\n\t<meta name=\"twitter:data1\" content=\"Redazione EventiYoga\" \/>\n\t<meta name=\"twitter:label2\" content=\"Est. reading time\" \/>\n\t<meta name=\"twitter:data2\" content=\"8 minutes\" \/>\n<script type=\"application\/ld+json\" class=\"yoast-schema-graph\">{\"@context\":\"https:\/\/schema.org\",\"@graph\":[{\"@type\":\"WebPage\",\"@id\":\"https:\/\/eventiyoga.it\/blog\/ritiro-yoga-25-aprile\/\",\"url\":\"https:\/\/eventiyoga.it\/blog\/ritiro-yoga-25-aprile\/\",\"name\":\"Ritiro Yoga 25 Aprile: rigenera corpo e mente con Eventiyoga\",\"isPartOf\":{\"@id\":\"https:\/\/eventiyoga.it\/blog\/#website\"},\"primaryImageOfPage\":{\"@id\":\"https:\/\/eventiyoga.it\/blog\/ritiro-yoga-25-aprile\/#primaryimage\"},\"image\":{\"@id\":\"https:\/\/eventiyoga.it\/blog\/ritiro-yoga-25-aprile\/#primaryimage\"},\"thumbnailUrl\":\"https:\/\/eventiyoga.it\/blog\/wp-content\/uploads\/2024\/03\/ritiro-yoga-25-aprile-su-eventiyoga.jpg\",\"datePublished\":\"2026-01-24T10:56:00+00:00\",\"dateModified\":\"2026-01-27T14:52:22+00:00\",\"author\":{\"@id\":\"https:\/\/eventiyoga.it\/blog\/#\/schema\/person\/baf6fd722b999df7881d1cc130b5abb0\"},\"description\":\"Ritiro Yoga 25 aprile: scopri le destinazioni pi\u00f9 ambite d'Italia e non solo. Scegli la tua met\u00e0 e regalati giorni di relax e benessere personale.\",\"breadcrumb\":{\"@id\":\"https:\/\/eventiyoga.it\/blog\/ritiro-yoga-25-aprile\/#breadcrumb\"},\"inLanguage\":\"en-US\",\"potentialAction\":[{\"@type\":\"ReadAction\",\"target\":[\"https:\/\/eventiyoga.it\/blog\/ritiro-yoga-25-aprile\/\"]}]},{\"@type\":\"ImageObject\",\"inLanguage\":\"en-US\",\"@id\":\"https:\/\/eventiyoga.it\/blog\/ritiro-yoga-25-aprile\/#primaryimage\",\"url\":\"https:\/\/eventiyoga.it\/blog\/wp-content\/uploads\/2024\/03\/ritiro-yoga-25-aprile-su-eventiyoga.jpg\",\"contentUrl\":\"https:\/\/eventiyoga.it\/blog\/wp-content\/uploads\/2024\/03\/ritiro-yoga-25-aprile-su-eventiyoga.jpg\",\"width\":1024,\"height\":768,\"caption\":\"ritiro yoga 25 aprile su eventiyoga\"},{\"@type\":\"BreadcrumbList\",\"@id\":\"https:\/\/eventiyoga.it\/blog\/ritiro-yoga-25-aprile\/#breadcrumb\",\"itemListElement\":[{\"@type\":\"ListItem\",\"position\":1,\"name\":\"Home\",\"item\":\"https:\/\/eventiyoga.it\/blog\/\"},{\"@type\":\"ListItem\",\"position\":2,\"name\":\"Ritiro Yoga 25 Aprile: rigenera corpo e mente con Eventiyoga\"}]},{\"@type\":\"WebSite\",\"@id\":\"https:\/\/eventiyoga.it\/blog\/#website\",\"url\":\"https:\/\/eventiyoga.it\/blog\/\",\"name\":\"Eventi Yoga\",\"description\":\"Il portale Italiano per gli eventi dello yoga\",\"potentialAction\":[{\"@type\":\"SearchAction\",\"target\":{\"@type\":\"EntryPoint\",\"urlTemplate\":\"https:\/\/eventiyoga.it\/blog\/?s={search_term_string}\"},\"query-input\":{\"@type\":\"PropertyValueSpecification\",\"valueRequired\":true,\"valueName\":\"search_term_string\"}}],\"inLanguage\":\"en-US\"},{\"@type\":\"Person\",\"@id\":\"https:\/\/eventiyoga.it\/blog\/#\/schema\/person\/baf6fd722b999df7881d1cc130b5abb0\",\"name\":\"Redazione EventiYoga\",\"image\":{\"@type\":\"ImageObject\",\"inLanguage\":\"en-US\",\"@id\":\"https:\/\/eventiyoga.it\/blog\/#\/schema\/person\/image\/\",\"url\":\"https:\/\/secure.gravatar.com\/avatar\/839ba21ae8a8a0c224183a3fdd70f673ae7387c1b6b0c149143342ed9586efd3?s=96&d=mm&r=g\",\"contentUrl\":\"https:\/\/secure.gravatar.com\/avatar\/839ba21ae8a8a0c224183a3fdd70f673ae7387c1b6b0c149143342ed9586efd3?s=96&d=mm&r=g\",\"caption\":\"Redazione EventiYoga\"},\"description\":\"Ci occupiamo dei contenuti di EventiYoga e delle traduzioni dei contenuti da siti partner. Contattaci per avere maggiori informazioni su come promuoverti su e tramite Eventi Yoga. Puoi scriverci a info@eventiyoga.it.\",\"sameAs\":[\"https:\/\/eventiyoga.it\/\",\"https:\/\/www.facebook.com\/eventiyogaitalia\/\"],\"url\":\"https:\/\/eventiyoga.it\/blog\/author\/redazione-eventiyoga\/\"}]}<\/script>\n<!-- \/ Yoast SEO plugin. -->","yoast_head_json":{"title":"Ritiro Yoga 25 Aprile: rigenera corpo e mente con Eventiyoga","description":"Ritiro Yoga 25 aprile: scopri le destinazioni pi\u00f9 ambite d'Italia e non solo. Scegli la tua met\u00e0 e regalati giorni di relax e benessere personale.","robots":{"index":"index","follow":"follow","max-snippet":"max-snippet:-1","max-image-preview":"max-image-preview:large","max-video-preview":"max-video-preview:-1"},"canonical":"https:\/\/eventiyoga.it\/blog\/ritiro-yoga-25-aprile\/","og_locale":"en_US","og_type":"article","og_title":"Ritiro Yoga 25 Aprile: rigenera corpo e mente con Eventiyoga","og_description":"Ritiro Yoga 25 aprile: scopri le destinazioni pi\u00f9 ambite d'Italia e non solo. Scegli la tua met\u00e0 e regalati giorni di relax e benessere personale.","og_url":"https:\/\/eventiyoga.it\/blog\/ritiro-yoga-25-aprile\/","og_site_name":"Eventi Yoga","article_author":"https:\/\/www.facebook.com\/eventiyogaitalia\/","article_published_time":"2026-01-24T10:56:00+00:00","article_modified_time":"2026-01-27T14:52:22+00:00","og_image":[{"width":1024,"height":768,"url":"https:\/\/eventiyoga.it\/blog\/wp-content\/uploads\/2024\/03\/ritiro-yoga-25-aprile-su-eventiyoga.jpg","type":"image\/jpeg"}],"author":"Redazione EventiYoga","twitter_card":"summary_large_image","twitter_misc":{"Written by":"Redazione EventiYoga","Est. reading time":"8 minutes"},"schema":{"@context":"https:\/\/schema.org","@graph":[{"@type":"WebPage","@id":"https:\/\/eventiyoga.it\/blog\/ritiro-yoga-25-aprile\/","url":"https:\/\/eventiyoga.it\/blog\/ritiro-yoga-25-aprile\/","name":"Ritiro Yoga 25 Aprile: rigenera corpo e mente con Eventiyoga","isPartOf":{"@id":"https:\/\/eventiyoga.it\/blog\/#website"},"primaryImageOfPage":{"@id":"https:\/\/eventiyoga.it\/blog\/ritiro-yoga-25-aprile\/#primaryimage"},"image":{"@id":"https:\/\/eventiyoga.it\/blog\/ritiro-yoga-25-aprile\/#primaryimage"},"thumbnailUrl":"https:\/\/eventiyoga.it\/blog\/wp-content\/uploads\/2024\/03\/ritiro-yoga-25-aprile-su-eventiyoga.jpg","datePublished":"2026-01-24T10:56:00+00:00","dateModified":"2026-01-27T14:52:22+00:00","author":{"@id":"https:\/\/eventiyoga.it\/blog\/#\/schema\/person\/baf6fd722b999df7881d1cc130b5abb0"},"description":"Ritiro Yoga 25 aprile: scopri le destinazioni pi\u00f9 ambite d'Italia e non solo. Scegli la tua met\u00e0 e regalati giorni di relax e benessere personale.","breadcrumb":{"@id":"https:\/\/eventiyoga.it\/blog\/ritiro-yoga-25-aprile\/#breadcrumb"},"inLanguage":"en-US","potentialAction":[{"@type":"ReadAction","target":["https:\/\/eventiyoga.it\/blog\/ritiro-yoga-25-aprile\/"]}]},{"@type":"ImageObject","inLanguage":"en-US","@id":"https:\/\/eventiyoga.it\/blog\/ritiro-yoga-25-aprile\/#primaryimage","url":"https:\/\/eventiyoga.it\/blog\/wp-content\/uploads\/2024\/03\/ritiro-yoga-25-aprile-su-eventiyoga.jpg","contentUrl":"https:\/\/eventiyoga.it\/blog\/wp-content\/uploads\/2024\/03\/ritiro-yoga-25-aprile-su-eventiyoga.jpg","width":1024,"height":768,"caption":"ritiro yoga 25 aprile su eventiyoga"},{"@type":"BreadcrumbList","@id":"https:\/\/eventiyoga.it\/blog\/ritiro-yoga-25-aprile\/#breadcrumb","itemListElement":[{"@type":"ListItem","position":1,"name":"Home","item":"https:\/\/eventiyoga.it\/blog\/"},{"@type":"ListItem","position":2,"name":"Ritiro Yoga 25 Aprile: rigenera corpo e mente con Eventiyoga"}]},{"@type":"WebSite","@id":"https:\/\/eventiyoga.it\/blog\/#website","url":"https:\/\/eventiyoga.it\/blog\/","name":"Eventi Yoga","description":"Il portale Italiano per gli eventi dello yoga","potentialAction":[{"@type":"SearchAction","target":{"@type":"EntryPoint","urlTemplate":"https:\/\/eventiyoga.it\/blog\/?s={search_term_string}"},"query-input":{"@type":"PropertyValueSpecification","valueRequired":true,"valueName":"search_term_string"}}],"inLanguage":"en-US"},{"@type":"Person","@id":"https:\/\/eventiyoga.it\/blog\/#\/schema\/person\/baf6fd722b999df7881d1cc130b5abb0","name":"Redazione EventiYoga","image":{"@type":"ImageObject","inLanguage":"en-US","@id":"https:\/\/eventiyoga.it\/blog\/#\/schema\/person\/image\/","url":"https:\/\/secure.gravatar.com\/avatar\/839ba21ae8a8a0c224183a3fdd70f673ae7387c1b6b0c149143342ed9586efd3?s=96&d=mm&r=g","contentUrl":"https:\/\/secure.gravatar.com\/avatar\/839ba21ae8a8a0c224183a3fdd70f673ae7387c1b6b0c149143342ed9586efd3?s=96&d=mm&r=g","caption":"Redazione EventiYoga"},"description":"Ci occupiamo dei contenuti di EventiYoga e delle traduzioni dei contenuti da siti partner. Contattaci per avere maggiori informazioni su come promuoverti su e tramite Eventi Yoga. Puoi scriverci a info@eventiyoga.it.","sameAs":["https:\/\/eventiyoga.it\/","https:\/\/www.facebook.com\/eventiyogaitalia\/"],"url":"https:\/\/eventiyoga.it\/blog\/author\/redazione-eventiyoga\/"}]}},"_links":{"self":[{"href":"https:\/\/eventiyoga.it\/blog\/wp-json\/wp\/v2\/posts\/60780","targetHints":{"allow":["GET"]}}],"collection":[{"href":"https:\/\/eventiyoga.it\/blog\/wp-json\/wp\/v2\/posts"}],"about":[{"href":"https:\/\/eventiyoga.it\/blog\/wp-json\/wp\/v2\/types\/post"}],"author":[{"embeddable":true,"href":"https:\/\/eventiyoga.it\/blog\/wp-json\/wp\/v2\/users\/2"}],"replies":[{"embeddable":true,"href":"https:\/\/eventiyoga.it\/blog\/wp-json\/wp\/v2\/comments?post=60780"}],"version-history":[{"count":2,"href":"https:\/\/eventiyoga.it\/blog\/wp-json\/wp\/v2\/posts\/60780\/revisions"}],"predecessor-version":[{"id":72486,"href":"https:\/\/eventiyoga.it\/blog\/wp-json\/wp\/v2\/posts\/60780\/revisions\/72486"}],"wp:featuredmedia":[{"embeddable":true,"href":"https:\/\/eventiyoga.it\/blog\/wp-json\/wp\/v2\/media\/60783"}],"wp:attachment":[{"href":"https:\/\/eventiyoga.it\/blog\/wp-json\/wp\/v2\/media?parent=60780"}],"wp:term":[{"taxonomy":"category","embeddable":true,"href":"https:\/\/eventiyoga.it\/blog\/wp-json\/wp\/v2\/categories?post=60780"},{"taxonomy":"post_tag","embeddable":true,"href":"https:\/\/eventiyoga.it\/blog\/wp-json\/wp\/v2\/tags?post=60780"}],"curies":[{"name":"wp","href":"https:\/\/api.w.org\/{rel}","templated":true}]}}