{"id":61510,"date":"2026-01-27T15:57:09","date_gmt":"2026-01-27T14:57:09","guid":{"rendered":"https:\/\/eventiyoga.it\/blog\/?p=61510"},"modified":"2026-01-27T15:57:11","modified_gmt":"2026-01-27T14:57:11","slug":"ponte-2-giugno-yoga","status":"publish","type":"post","link":"https:\/\/eventiyoga.it\/blog\/ponte-2-giugno-yoga\/","title":{"rendered":"Ponte 2 giugno e yoga | Ritrova il tuo benessere mentale e spirituale"},"content":{"rendered":"\n<p>Il ponte del 2 giugno \u00e8 uno di quei momenti dell&#8217;anno che meglio si presta per una breve fuga dalla routine quotidiana. L\u2019estate \u00e8 alle porte e le giornate sono sempre pi\u00f9 lunghe, calde e soleggiate, ottime per passare il proprio tempo libero nella natura.&nbsp;<\/p>\n\n\n\n<p>I modi in cui puoi trascorrere il weekend sono tantissimi: dalle camminate in spiaggia, al trekking in montagna, fino ai picnic in campagna. Qualunque cosa tu decida di fare \u00e8 perfetta se ti permette di stare all\u2019aperto e goderti il bel tempo.&nbsp;<\/p>\n\n\n\n<p>E allora, perch\u00e9 non <strong>passare il ponte del 2 giugno praticando yoga?<\/strong> Questa attivit\u00e0 non solo si pu\u00f2 svolgere all\u2019aperto, ma \u00e8 anche un toccasana per quanto riguarda la nostra salute fisica e mentale.&nbsp;<\/p>\n\n\n\n<p>Nelle prossime righe, ti forniremo una lista curata dei ritiri yoga che si terranno in Italia durante il ponte del 2 giugno e ti regaleremo anche una serie di consigli per aiutarti a scegliere l\u2019evento pi\u00f9 adatto a te. Pronto a partire?&nbsp;&nbsp;<\/p>\n\n\n\n<hr class=\"wp-block-separator has-text-color has-white-color has-css-opacity has-white-background-color has-background\"\/>\n\n\n\n<div id=\"ez-toc-container\" class=\"ez-toc-v2_0_68_1 counter-hierarchy ez-toc-counter ez-toc-grey ez-toc-container-direction\">\n<div class=\"ez-toc-title-container\">\n<p class=\"ez-toc-title \" >Indice<\/p>\n<span class=\"ez-toc-title-toggle\"><a href=\"#\" class=\"ez-toc-pull-right ez-toc-btn ez-toc-btn-xs ez-toc-btn-default ez-toc-toggle\" aria-label=\"Toggle Table of Content\"><span class=\"ez-toc-js-icon-con\"><span class=\"\"><span class=\"eztoc-hide\" style=\"display:none;\">Toggle<\/span><span class=\"ez-toc-icon-toggle-span\"><svg style=\"fill: #999;color:#999\" xmlns=\"http:\/\/www.w3.org\/2000\/svg\" class=\"list-377408\" width=\"20px\" height=\"20px\" viewBox=\"0 0 24 24\" fill=\"none\"><path d=\"M6 6H4v2h2V6zm14 0H8v2h12V6zM4 11h2v2H4v-2zm16 0H8v2h12v-2zM4 16h2v2H4v-2zm16 0H8v2h12v-2z\" fill=\"currentColor\"><\/path><\/svg><svg style=\"fill: #999;color:#999\" class=\"arrow-unsorted-368013\" xmlns=\"http:\/\/www.w3.org\/2000\/svg\" width=\"10px\" height=\"10px\" viewBox=\"0 0 24 24\" version=\"1.2\" baseProfile=\"tiny\"><path d=\"M18.2 9.3l-6.2-6.3-6.2 6.3c-.2.2-.3.4-.3.7s.1.5.3.7c.2.2.4.3.7.3h11c.3 0 .5-.1.7-.3.2-.2.3-.5.3-.7s-.1-.5-.3-.7zM5.8 14.7l6.2 6.3 6.2-6.3c.2-.2.3-.5.3-.7s-.1-.5-.3-.7c-.2-.2-.4-.3-.7-.3h-11c-.3 0-.5.1-.7.3-.2.2-.3.5-.3.7s.1.5.3.7z\"\/><\/svg><\/span><\/span><\/span><\/a><\/span><\/div>\n<nav><ul class='ez-toc-list ez-toc-list-level-1 ' ><li class='ez-toc-page-1 ez-toc-heading-level-2'><a class=\"ez-toc-link ez-toc-heading-1\" href=\"https:\/\/eventiyoga.it\/blog\/ponte-2-giugno-yoga\/#Yoga_per_il_ponte_del_2_giugno_perche_dovresti_considerare_questa_attivita\" title=\"Yoga per il ponte del 2 giugno: perch\u00e9 dovresti considerare questa attivit\u00e0\">Yoga per il ponte del 2 giugno: perch\u00e9 dovresti considerare questa attivit\u00e0<\/a><\/li><li class='ez-toc-page-1 ez-toc-heading-level-2'><a class=\"ez-toc-link ez-toc-heading-2\" href=\"https:\/\/eventiyoga.it\/blog\/ponte-2-giugno-yoga\/#Dove_fare_yoga_il_ponte_del_2_giugno\" title=\"Dove fare yoga il ponte del 2 giugno?\">Dove fare yoga il ponte del 2 giugno?<\/a><\/li><li class='ez-toc-page-1 ez-toc-heading-level-2'><a class=\"ez-toc-link ez-toc-heading-3\" href=\"https:\/\/eventiyoga.it\/blog\/ponte-2-giugno-yoga\/#Scegliere_la_giusta_attivita_yoga_per_il_ponte_2_giugno_cosa_guardare\" title=\"Scegliere la giusta attivit\u00e0 yoga per il ponte 2 giugno: cosa guardare\">Scegliere la giusta attivit\u00e0 yoga per il ponte 2 giugno: cosa guardare<\/a><\/li><li class='ez-toc-page-1 ez-toc-heading-level-2'><a class=\"ez-toc-link ez-toc-heading-4\" href=\"https:\/\/eventiyoga.it\/blog\/ponte-2-giugno-yoga\/#Le_nostre_offerte_per_il_ponte_2_giugno_yoga\" title=\"Le nostre offerte per il ponte 2 giugno yoga&nbsp;\">Le nostre offerte per il ponte 2 giugno yoga&nbsp;<\/a><\/li><li class='ez-toc-page-1 ez-toc-heading-level-2'><a class=\"ez-toc-link ez-toc-heading-5\" href=\"https:\/\/eventiyoga.it\/blog\/ponte-2-giugno-yoga\/#Calabria\" title=\"Calabria\">Calabria<\/a><\/li><li class='ez-toc-page-1 ez-toc-heading-level-2'><a class=\"ez-toc-link ez-toc-heading-6\" href=\"https:\/\/eventiyoga.it\/blog\/ponte-2-giugno-yoga\/#Campania\" title=\"Campania\">Campania<\/a><\/li><li class='ez-toc-page-1 ez-toc-heading-level-2'><a class=\"ez-toc-link ez-toc-heading-7\" href=\"https:\/\/eventiyoga.it\/blog\/ponte-2-giugno-yoga\/#Emilia_Romagna\" title=\"Emilia Romagna\">Emilia Romagna<\/a><\/li><li class='ez-toc-page-1 ez-toc-heading-level-2'><a class=\"ez-toc-link ez-toc-heading-8\" href=\"https:\/\/eventiyoga.it\/blog\/ponte-2-giugno-yoga\/#Lazio\" title=\"Lazio\">Lazio<\/a><\/li><li class='ez-toc-page-1 ez-toc-heading-level-2'><a class=\"ez-toc-link ez-toc-heading-9\" href=\"https:\/\/eventiyoga.it\/blog\/ponte-2-giugno-yoga\/#Liguria\" title=\"Liguria\">Liguria<\/a><\/li><li class='ez-toc-page-1 ez-toc-heading-level-2'><a class=\"ez-toc-link ez-toc-heading-10\" href=\"https:\/\/eventiyoga.it\/blog\/ponte-2-giugno-yoga\/#Lombardia\" title=\"Lombardia\">Lombardia<\/a><\/li><li class='ez-toc-page-1 ez-toc-heading-level-2'><a class=\"ez-toc-link ez-toc-heading-11\" href=\"https:\/\/eventiyoga.it\/blog\/ponte-2-giugno-yoga\/#Marche\" title=\"Marche\">Marche<\/a><\/li><li class='ez-toc-page-1 ez-toc-heading-level-2'><a class=\"ez-toc-link ez-toc-heading-12\" href=\"https:\/\/eventiyoga.it\/blog\/ponte-2-giugno-yoga\/#Piemonte\" title=\"Piemonte\">Piemonte<\/a><\/li><li class='ez-toc-page-1 ez-toc-heading-level-2'><a class=\"ez-toc-link ez-toc-heading-13\" href=\"https:\/\/eventiyoga.it\/blog\/ponte-2-giugno-yoga\/#Puglia\" title=\"Puglia\">Puglia<\/a><\/li><li class='ez-toc-page-1 ez-toc-heading-level-2'><a class=\"ez-toc-link ez-toc-heading-14\" href=\"https:\/\/eventiyoga.it\/blog\/ponte-2-giugno-yoga\/#Sardegna\" title=\"Sardegna\">Sardegna<\/a><\/li><li class='ez-toc-page-1 ez-toc-heading-level-2'><a class=\"ez-toc-link ez-toc-heading-15\" href=\"https:\/\/eventiyoga.it\/blog\/ponte-2-giugno-yoga\/#Sicilia\" title=\"Sicilia\">Sicilia<\/a><\/li><li class='ez-toc-page-1 ez-toc-heading-level-2'><a class=\"ez-toc-link ez-toc-heading-16\" href=\"https:\/\/eventiyoga.it\/blog\/ponte-2-giugno-yoga\/#Toscana\" title=\"Toscana\">Toscana<\/a><\/li><li class='ez-toc-page-1 ez-toc-heading-level-2'><a class=\"ez-toc-link ez-toc-heading-17\" href=\"https:\/\/eventiyoga.it\/blog\/ponte-2-giugno-yoga\/#Umbria\" title=\"Umbria\">Umbria<\/a><\/li><li class='ez-toc-page-1 ez-toc-heading-level-2'><a class=\"ez-toc-link ez-toc-heading-18\" href=\"https:\/\/eventiyoga.it\/blog\/ponte-2-giugno-yoga\/#Valle_dAosta\" title=\"Valle d&#039;Aosta\">Valle d&#039;Aosta<\/a><\/li><li class='ez-toc-page-1 ez-toc-heading-level-2'><a class=\"ez-toc-link ez-toc-heading-19\" href=\"https:\/\/eventiyoga.it\/blog\/ponte-2-giugno-yoga\/#Veneto\" title=\"Veneto\">Veneto<\/a><\/li><li class='ez-toc-page-1 ez-toc-heading-level-2'><a class=\"ez-toc-link ez-toc-heading-20\" href=\"https:\/\/eventiyoga.it\/blog\/ponte-2-giugno-yoga\/#Estero\" title=\"Estero\">Estero<\/a><\/li><li class='ez-toc-page-1 ez-toc-heading-level-2'><a class=\"ez-toc-link ez-toc-heading-21\" href=\"https:\/\/eventiyoga.it\/blog\/ponte-2-giugno-yoga\/#FAQ_Tutto_quello_che_devi_sapere_sul_ponte_2_giugno\" title=\"FAQ: Tutto quello che devi sapere sul ponte 2 giugno\">FAQ: Tutto quello che devi sapere sul ponte 2 giugno<\/a><\/li><li class='ez-toc-page-1 ez-toc-heading-level-2'><a class=\"ez-toc-link ez-toc-heading-22\" href=\"https:\/\/eventiyoga.it\/blog\/ponte-2-giugno-yoga\/#Calendario_Eventi_Yoga_online\" title=\"Calendario Eventi Yoga online\">Calendario Eventi Yoga online<\/a><\/li><li class='ez-toc-page-1 ez-toc-heading-level-2'><a class=\"ez-toc-link ez-toc-heading-23\" href=\"https:\/\/eventiyoga.it\/blog\/ponte-2-giugno-yoga\/#Alcune_risorse_interessanti\" title=\"Alcune risorse interessanti\">Alcune risorse interessanti<\/a><\/li><li class='ez-toc-page-1 ez-toc-heading-level-2'><a class=\"ez-toc-link ez-toc-heading-24\" href=\"https:\/\/eventiyoga.it\/blog\/ponte-2-giugno-yoga\/#Iscriviti_alla_newsletter\" title=\"Iscriviti alla newsletter\">Iscriviti alla newsletter<\/a><\/li><\/ul><\/nav><\/div>\n<h2 class=\"wp-block-heading\" id=\"h-yoga-per-il-ponte-del-2-giugno-perch-dovresti-considerare-questa-attivit\"><span class=\"ez-toc-section\" id=\"Yoga_per_il_ponte_del_2_giugno_perche_dovresti_considerare_questa_attivita\"><\/span>Yoga per il ponte del 2 giugno: perch\u00e9 dovresti considerare questa attivit\u00e0<span class=\"ez-toc-section-end\"><\/span><\/h2>\n\n\n\n<p>Inizio giugno rappresenta quel momento dell&#8217;anno a cavallo tra la primavera e l\u2019estate. In questi giorni, il corpo deve adattarsi alle nuove temperature e molti tendono a sentirsi pi\u00f9 stanchi e affaticati del solito.<\/p>\n\n\n\n<p>In questa situazione, <strong>lo yoga<\/strong> pu\u00f2 aiutarti in modo concreto perch\u00e9, grazie alla respirazione profonda e agli intensi momenti di meditazione,<strong> ti fornisce gli strumenti utili per trovare la carica e affrontare il cambio di stagione con pi\u00f9 vitalit\u00e0.<\/strong><\/p>\n\n\n\n<p>In questo periodo dell\u2019anno, inoltre, non essendo ancora arrivata quella calura estiva che pu\u00f2 rendere pi\u00f9 impegnative le attivit\u00e0 all&#8217;aperto, <strong>puoi approfittare del clima mite<\/strong> per passare una bella giornata al sole senza soffrire il caldo eccessivo.&nbsp;<\/p>\n\n\n\n<p>Infine, partecipare a un ritiro yoga durante il ponte del 2 giugno, ti offre l&#8217;opportunit\u00e0 di evitare le folle che solitamente si formano nelle localit\u00e0 turistiche durante la bella stagione e ti d\u00e0 modo di <strong>passare quei pochi giorni di ferie<\/strong> in pace e tranquillit\u00e0, praticando le tue asana preferite in un luogo sereno e <strong>lontano dal caos dei luoghi turistici.<\/strong>\u00a0<\/p>\n\n\n\n<hr class=\"wp-block-separator has-text-color has-white-color has-alpha-channel-opacity has-white-background-color has-background\"\/>\n\n\n<div class=\"wp-block-image\">\n<figure class=\"aligncenter size-full\"><a href=\"https:\/\/eventiyoga.it\/blog\/wp-content\/uploads\/2024\/04\/un-gruppo-fa-pratica-yoga-nella-natura.jpg\"><img decoding=\"async\" src=\"data:image\/gif;base64,R0lGODlhAQABAIAAAAAAAP\/\/\/yH5BAEAAAAALAAAAAABAAEAAAIBRAA7\" data-src=\"https:\/\/eventiyoga.it\/blog\/wp-content\/uploads\/2024\/04\/un-gruppo-fa-pratica-yoga-nella-natura.jpg\" alt=\"\" class=\"wp-image-61512\"\/><noscript><img decoding=\"async\" src=\"https:\/\/eventiyoga.it\/blog\/wp-content\/uploads\/2024\/04\/un-gruppo-fa-pratica-yoga-nella-natura.jpg\" alt=\"\" class=\"wp-image-61512\"\/><\/noscript><\/a><\/figure>\n<\/div>\n\n\n<hr class=\"wp-block-separator has-text-color has-white-color has-alpha-channel-opacity has-white-background-color has-background\"\/>\n\n\n\n<h2 class=\"wp-block-heading\" id=\"h-dove-fare-yoga-il-ponte-del-2-giugno\"><span class=\"ez-toc-section\" id=\"Dove_fare_yoga_il_ponte_del_2_giugno\"><\/span>Dove fare yoga il ponte del 2 giugno?<span class=\"ez-toc-section-end\"><\/span><\/h2>\n\n\n\n<p>Se stai cercando il luogo ideale dove praticare yoga durante il ponte del 2 giugno, sappi che le possibilit\u00e0 sono infinite e che ogni scelta offre un&#8217;esperienza unica. Come trovare quella adatta a te? Il segreto \u00e8 lasciarsi trasportare dal proprio cuore e immergersi nei luoghi che amiamo.<\/p>\n\n\n\n<h3 class=\"wp-block-heading\" id=\"h-ponte-2-giugno-al-mare\">Ponte 2 giugno al mare<\/h3>\n\n\n\n<p>Se il tuo cuore batte per il mare, esistono tantissimi modi per praticare yoga in un luogo marittimo: dallo <a href=\"https:\/\/eventiyoga.it\/blog\/yoga-in-spiaggia-scopri-i-benefici-e-le-posizioni-migliori\/\" target=\"_blank\" rel=\"noreferrer noopener\"><u>yoga sulla spiaggia<\/u><\/a>, alle sessioni su <strong>terrazze con viste mozzafiato<\/strong>, fino all&#8217;avventura dello <a href=\"https:\/\/eventiyoga.it\/blog\/yoga-e-vela\/\" target=\"_blank\" rel=\"noreferrer noopener\"><u>yoga in barca a vela<\/u><\/a>.&nbsp;<\/p>\n\n\n\n<p>Per chi cerca qualcosa di <em>veramente innovativo<\/em>, poi, c&#8217;\u00e8 anche lo<strong> sup yoga<\/strong>, che combina la sfida dell&#8217;equilibrio sulla tavola da surf alla concentrazione e la calma dello yoga.<\/p>\n\n\n\n<hr class=\"wp-block-separator has-text-color has-white-color has-alpha-channel-opacity has-white-background-color has-background\"\/>\n\n\n\n<figure class=\"wp-block-image size-full\"><a href=\"https:\/\/eventiyoga.it\/blog\/wp-content\/uploads\/2024\/04\/pratica-yoga-al-mare-a-giugno.jpg\"><img decoding=\"async\" src=\"data:image\/gif;base64,R0lGODlhAQABAIAAAAAAAP\/\/\/yH5BAEAAAAALAAAAAABAAEAAAIBRAA7\" data-src=\"https:\/\/eventiyoga.it\/blog\/wp-content\/uploads\/2024\/04\/pratica-yoga-al-mare-a-giugno.jpg\" alt=\"\" class=\"wp-image-61513\"\/><noscript><img decoding=\"async\" src=\"https:\/\/eventiyoga.it\/blog\/wp-content\/uploads\/2024\/04\/pratica-yoga-al-mare-a-giugno.jpg\" alt=\"\" class=\"wp-image-61513\"\/><\/noscript><\/a><\/figure>\n\n\n\n<hr class=\"wp-block-separator has-text-color has-white-color has-alpha-channel-opacity has-white-background-color has-background\"\/>\n\n\n\n<hr class=\"wp-block-separator has-text-color has-white-color has-css-opacity has-white-background-color has-background\"\/>\n\n\n\n<h3 class=\"wp-block-heading\" id=\"h-ponte-2-giugno-in-montagna\">Ponte 2 giugno in montagna<\/h3>\n\n\n\n<p>Per chi si sente pi\u00f9 in sintonia con l&#8217;ambiente montano, il ponte del 2 giugno pu\u00f2 trasformarsi in un rifugio spirituale immerso nella quiete delle vette.&nbsp;<\/p>\n\n\n\n<p>Tra hotel che offrono <strong>panorami da togliere il fiato<\/strong> e <strong>accoglienti chalet immersi nella natura<\/strong>, la montagna \u00e8 il luogo ideale per chi desidera connettersi con l&#8217;ambiente circostante.&nbsp;<\/p>\n\n\n\n<p>Praticare yoga nei <strong>boschi,<\/strong> accanto a<strong> laghi cristallini <\/strong>o persino su un <strong>manto di neve fresca,<\/strong> offre un&#8217;esperienza di silenzio e calma <em>imparagonabili<\/em> e l\u2019occasione che stavi cercando per rilassare profondamente il corpo e la mente.<\/p>\n\n\n\n<hr class=\"wp-block-separator has-text-color has-white-color has-css-opacity has-white-background-color has-background\"\/>\n\n\n\n<h3 class=\"wp-block-heading\" id=\"h-ponte-2-giugno-in-campagna\">Ponte 2 giugno in campagna<\/h3>\n\n\n\n<p>La campagna, con la sua <strong>pace indisturbata<\/strong>, si presta benissimo alla pratica dello yoga in questo periodo. Qui, i paesaggi agresti offrono <strong>un&#8217;esperienza di quiete <\/strong>e<strong> introspezione unica <\/strong>nel suo genere e sono perfetti per chi ha bisogno di stare solo con s\u00e9 stesso.<\/p>\n\n\n\n<hr class=\"wp-block-separator has-text-color has-white-color has-css-opacity has-white-background-color has-background\"\/>\n\n\n\n<h2 class=\"wp-block-heading\" id=\"h-scegliere-la-giusta-attivit-yoga-per-il-ponte-2-giugno-cosa-guardare\"><span class=\"ez-toc-section\" id=\"Scegliere_la_giusta_attivita_yoga_per_il_ponte_2_giugno_cosa_guardare\"><\/span>Scegliere la giusta attivit\u00e0 yoga per il ponte 2 giugno: cosa guardare<span class=\"ez-toc-section-end\"><\/span><\/h2>\n\n\n\n<p>Quando si tratta di trovare l&#8217;attivit\u00e0 olistiche per il ponte del 2 giugno, non esiste una soluzione che vada bene per tutti. Noi ti suggeriamo di considerare alcuni aspetti fondamentali e di confrontare tra di loro le varie offerte, cos\u00ec da capire quale, tra quelle proposte, \u00e8 pi\u00f9 vicina all\u2019esperienza che stai cercando.<\/p>\n\n\n\n<p>Innanzitutto, \u00e8 cruciale <strong>scegliere la localit\u00e0 tenendo conto dei tuoi gusti personali<\/strong>: se desideri passare il tuo tempo immerso nella natura, opta per ritiri in montagna o campagna; se invece ami il mare, cerca tra gli eventi che si svolgono lungo la costa.<\/p>\n\n\n\n<p>Un altro elemento che gioca un ruolo importante \u00e8 <strong>l\u2019insegnante<\/strong>. \u00c8 fondamentale capire se il docente \u00e8 specializzato in qualche <a href=\"https:\/\/eventiyoga.it\/blog\/stili-di-yoga\/\" target=\"_blank\" rel=\"noreferrer noopener\">stile di yoga<\/a> particolare e se le sue lezioni sono adatte a chiunque.<\/p>\n\n\n\n<p>Cosa significa questo? Significa che devi prestare attenzione al tipo di lezione proposta e <strong>capire se le sessioni sono rivolte a principianti o esperti<\/strong>. In questo modo, potrai tenere in considerazione solo le attivit\u00e0 che non fanno al caso tuo.<\/p>\n\n\n\n<p>Infine, anche <strong>il tipo di alloggio <\/strong>non va sottovalutato. Scegli una soluzione che sia in linea con le tue aspettative. Non trascurare il fattore economico e assicurandoti che il prezzo sia congruo all&#8217;offerta.<\/p>\n\n\n\n<hr class=\"wp-block-separator has-text-color has-white-color has-alpha-channel-opacity has-white-background-color has-background\"\/>\n\n\n<div class=\"wp-block-image\">\n<figure class=\"aligncenter size-full\"><a href=\"https:\/\/eventiyoga.it\/blog\/wp-content\/uploads\/2024\/04\/pratica-yoga-al-mare.jpg\"><img decoding=\"async\" src=\"data:image\/gif;base64,R0lGODlhAQABAIAAAAAAAP\/\/\/yH5BAEAAAAALAAAAAABAAEAAAIBRAA7\" data-src=\"https:\/\/eventiyoga.it\/blog\/wp-content\/uploads\/2024\/04\/pratica-yoga-al-mare.jpg\" alt=\"\" class=\"wp-image-61516\"\/><noscript><img decoding=\"async\" src=\"https:\/\/eventiyoga.it\/blog\/wp-content\/uploads\/2024\/04\/pratica-yoga-al-mare.jpg\" alt=\"\" class=\"wp-image-61516\"\/><\/noscript><\/a><\/figure>\n<\/div>\n\n\n<hr class=\"wp-block-separator has-text-color has-white-color has-alpha-channel-opacity has-white-background-color has-background\"\/>\n\n\n\n<h2 class=\"wp-block-heading\" id=\"h-le-nostre-offerte-per-il-ponte-2-giugno-yoga\"><span class=\"ez-toc-section\" id=\"Le_nostre_offerte_per_il_ponte_2_giugno_yoga\"><\/span>Le nostre offerte per il ponte 2 giugno yoga&nbsp;<span class=\"ez-toc-section-end\"><\/span><\/h2>\n\n\n\n<p>Come hai visto, il ponte del 2 giugno \u00e8 il periodo dell\u2019anno perfetto per regalarti un\u2019esperienza yoga nei tuoi luoghi del cuore.&nbsp;<\/p>\n\n\n\n<p>Qualunque sia il posto in cui desideri passare questi giorni di ferie, noi di Eventi Yoga abbiamo la proposta adatta a te. Scopri ora le nostre offerte yoga per il ponte del 2 giugno!<\/p>\n\n\n\n<hr class=\"wp-block-separator has-text-color has-white-color has-css-opacity has-white-background-color has-background\"\/>\n\n\n\n<hr class=\"wp-block-separator has-text-color has-white-color has-css-opacity has-white-background-color has-background\"\/>\n\n\n        <div class=\"yoga-events-regions-container\">\n            <!-- Online Events Section -->\n            \n            <!-- Offline Events by Regions -->\n                                                                        <div class=\"yoga-region \">\n                            <h2 class=\"yoga-region-title\"><span class=\"ez-toc-section\" id=\"Calabria\"><\/span>Calabria<span class=\"ez-toc-section-end\"><\/span><\/h2>\n                                                                                                                                        <div class=\"yoga-province\">\n                                            <h3 class=\"yoga-province-title\">Catanzaro<\/h3>\n                                            <div class=\"yoga-events-list\">\n                                                                                                                                                        <div class=\"yoga-event-item\">\n                                                        <span class=\"event-day\">29 Maggio<\/span>\n                                                        <a href=\"https:\/\/eventiyoga.it\/eventi-yoga\/residenziale_di_kundalini_yoga_e_teatro_in_calabria-6865\" class=\"yoga-event-link \">Residenziale di Kundalini yoga e Teatro in Calabria<\/a>\n                                                    <\/div>\n                                                                                            <\/div>\n                                        <\/div>\n                                                                                                                        <\/div>\n                                                                                <div class=\"yoga-region \">\n                            <h2 class=\"yoga-region-title\"><span class=\"ez-toc-section\" id=\"Campania\"><\/span>Campania<span class=\"ez-toc-section-end\"><\/span><\/h2>\n                                                                                                                                        <div class=\"yoga-province\">\n                                            <h3 class=\"yoga-province-title\">Napoli<\/h3>\n                                            <div class=\"yoga-events-list\">\n                                                                                                                                                        <div class=\"yoga-event-item\">\n                                                        <span class=\"event-day\">30 Maggio<\/span>\n                                                        <a href=\"https:\/\/eventiyoga.it\/eventi-yoga\/ritiro_yoga_ischia_yoga_retreat_sull_isola_d_ischia-6551\" class=\"yoga-event-link \">Ritiro Yoga Ischia | Yoga Retreat sull&#039;Isola D&#039;Ischia<\/a>\n                                                    <\/div>\n                                                                                            <\/div>\n                                        <\/div>\n                                                                                                                                                <div class=\"yoga-province\">\n                                            <h3 class=\"yoga-province-title\">Salerno<\/h3>\n                                            <div class=\"yoga-events-list\">\n                                                                                                                                                        <div class=\"yoga-event-item\">\n                                                        <span class=\"event-day\">30 Maggio<\/span>\n                                                        <a href=\"https:\/\/eventiyoga.it\/eventi-yoga\/yoga_e_barca_a_vela_retreat_costiera_amalfitana_e_capri-6076\" class=\"yoga-event-link \">Yoga e barca a vela Retreat \u2013 Costiera Amalfitana e Capri<\/a>\n                                                    <\/div>\n                                                                                                                                                        <div class=\"yoga-event-item\">\n                                                        <span class=\"event-day\">30 Maggio<\/span>\n                                                        <a href=\"https:\/\/eventiyoga.it\/eventi-yoga\/ritiro_yoga_in_cilento-6907\" class=\"yoga-event-link \">Ritiro Yoga in Cilento<\/a>\n                                                    <\/div>\n                                                                                            <\/div>\n                                        <\/div>\n                                                                                                                        <\/div>\n                                                                                <div class=\"yoga-region \">\n                            <h2 class=\"yoga-region-title\"><span class=\"ez-toc-section\" id=\"Emilia_Romagna\"><\/span>Emilia Romagna<span class=\"ez-toc-section-end\"><\/span><\/h2>\n                                                                                                                                        <div class=\"yoga-province\">\n                                            <h3 class=\"yoga-province-title\">Forl\u00ec-Cesena<\/h3>\n                                            <div class=\"yoga-events-list\">\n                                                                                                                                                        <div class=\"yoga-event-item\">\n                                                        <span class=\"event-day\">30 Maggio<\/span>\n                                                        <a href=\"https:\/\/eventiyoga.it\/eventi-yoga\/yoga_natura_in_romagna-6957\" class=\"yoga-event-link \">Yoga &amp; Natura in Romagna<\/a>\n                                                    <\/div>\n                                                                                            <\/div>\n                                        <\/div>\n                                                                                                                                                <div class=\"yoga-province\">\n                                            <h3 class=\"yoga-province-title\">Parma<\/h3>\n                                            <div class=\"yoga-events-list\">\n                                                                                                                                                        <div class=\"yoga-event-item\">\n                                                        <span class=\"event-day\">30 Maggio<\/span>\n                                                        <a href=\"https:\/\/eventiyoga.it\/eventi-yoga\/ritiro_yoga_nell_oasi_del_wwf_dei_ghirardi_appennino_parmense-7302\" class=\"yoga-event-link \">Ritiro Yoga (nell&#039;Oasi del WWF dei Ghirardi Appennino Parmense)<\/a>\n                                                    <\/div>\n                                                                                            <\/div>\n                                        <\/div>\n                                                                                                                                                <div class=\"yoga-province\">\n                                            <h3 class=\"yoga-province-title\">Reggio Emilia<\/h3>\n                                            <div class=\"yoga-events-list\">\n                                                                                                                                                        <div class=\"yoga-event-item\">\n                                                        <span class=\"event-day\">30 Maggio<\/span>\n                                                        <a href=\"https:\/\/eventiyoga.it\/eventi-yoga\/ritiro_yoga_a_canossa_in_emilia_romagna-7304\" class=\"yoga-event-link \">Ritiro Yoga a Canossa in Emilia Romagna<\/a>\n                                                    <\/div>\n                                                                                                                                                        <div class=\"yoga-event-item\">\n                                                        <span class=\"event-day\">31 Maggio<\/span>\n                                                        <a href=\"https:\/\/eventiyoga.it\/eventi-yoga\/sensi_yoga_retreat-7283\" class=\"yoga-event-link \">SENSI YOGA RETREAT<\/a>\n                                                    <\/div>\n                                                                                            <\/div>\n                                        <\/div>\n                                                                                                                        <\/div>\n                                                                                <div class=\"yoga-region \">\n                            <h2 class=\"yoga-region-title\"><span class=\"ez-toc-section\" id=\"Lazio\"><\/span>Lazio<span class=\"ez-toc-section-end\"><\/span><\/h2>\n                                                                                                                                        <div class=\"yoga-province\">\n                                            <h3 class=\"yoga-province-title\">Frosinone<\/h3>\n                                            <div class=\"yoga-events-list\">\n                                                                                                                                                        <div class=\"yoga-event-item\">\n                                                        <span class=\"event-day\">03 Giugno<\/span>\n                                                        <a href=\"https:\/\/eventiyoga.it\/eventi-yoga\/yoga_cavalli_e_natura_ritiro_a_pescosolido_parco_nazionale_d_abruzzo-6670\" class=\"yoga-event-link \">Yoga, Cavalli e Natura: Ritiro a Pescosolido, Parco Nazionale d\u2019Abruzzo<\/a>\n                                                    <\/div>\n                                                                                            <\/div>\n                                        <\/div>\n                                                                                                                                                <div class=\"yoga-province\">\n                                            <h3 class=\"yoga-province-title\">Roma<\/h3>\n                                            <div class=\"yoga-events-list\">\n                                                                                                                                                        <div class=\"yoga-event-item\">\n                                                        <span class=\"event-day\">01 Giugno<\/span>\n                                                        <a href=\"https:\/\/eventiyoga.it\/eventi-yoga\/dirette_online_yoga_meditazione_nidra_filosofia-6112\" class=\"yoga-event-link \">DIRETTE ONLINE \u2013 Yoga, Meditazione, Nidra, Filosofia\u2026<\/a>\n                                                    <\/div>\n                                                                                                                                                        <div class=\"yoga-event-item\">\n                                                        <span class=\"event-day\">01 Giugno<\/span>\n                                                        <a href=\"https:\/\/eventiyoga.it\/eventi-yoga\/sedute_individuali_di_yoga_reiki_e_massaggi-6119\" class=\"yoga-event-link \">SEDUTE INDIVIDUALI DI YOGA, REIKI E MASSAGGI<\/a>\n                                                    <\/div>\n                                                                                                                                                        <div class=\"yoga-event-item\">\n                                                        <span class=\"event-day\">01 Giugno<\/span>\n                                                        <a href=\"https:\/\/eventiyoga.it\/eventi-yoga\/hatha_e_raja_yoga_a_porta_pia_anche_online-6156\" class=\"yoga-event-link \">HATHA E RAJA YOGA a Porta Pia (anche online)<\/a>\n                                                    <\/div>\n                                                                                                                                                        <div class=\"yoga-event-item\">\n                                                        <span class=\"event-day\">01 Giugno<\/span>\n                                                        <a href=\"https:\/\/eventiyoga.it\/eventi-yoga\/kundalini_yoga_a_porta_pia_anche_online-6163\" class=\"yoga-event-link \">KUNDALINI YOGA a Porta Pia (anche online)<\/a>\n                                                    <\/div>\n                                                                                                                                                        <div class=\"yoga-event-item\">\n                                                        <span class=\"event-day\">03 Giugno<\/span>\n                                                        <a href=\"https:\/\/eventiyoga.it\/eventi-yoga\/sessione_di_yoga_nidra_anche_online-6147\" class=\"yoga-event-link \">SESSIONE DI YOGA NIDRA (anche online)<\/a>\n                                                    <\/div>\n                                                                                            <\/div>\n                                        <\/div>\n                                                                                                                        <\/div>\n                                                                                <div class=\"yoga-region \">\n                            <h2 class=\"yoga-region-title\"><span class=\"ez-toc-section\" id=\"Liguria\"><\/span>Liguria<span class=\"ez-toc-section-end\"><\/span><\/h2>\n                                                                                                                                        <div class=\"yoga-province\">\n                                            <h3 class=\"yoga-province-title\">Genova<\/h3>\n                                            <div class=\"yoga-events-list\">\n                                                                                                                                                        <div class=\"yoga-event-item\">\n                                                        <span class=\"event-day\">30 Maggio<\/span>\n                                                        <a href=\"https:\/\/eventiyoga.it\/eventi-yoga\/yoga_ayurveda_e_introduzione_a_kalaripayattu-7119\" class=\"yoga-event-link \">YOGA, AYURVEDA e INTRODUZIONE A KALARIPAYATTU<\/a>\n                                                    <\/div>\n                                                                                                                                                        <div class=\"yoga-event-item\">\n                                                        <span class=\"event-day\">31 Maggio<\/span>\n                                                        <a href=\"https:\/\/eventiyoga.it\/eventi-yoga\/vacanza_yoga_e_ayurveda_al_mare_a_sestri_levante_in_liguria-6554\" class=\"yoga-event-link promoted\">Vacanza Yoga e Ayurveda al Mare a Sestri Levante in Liguria<\/a>\n                                                    <\/div>\n                                                                                                                                                        <div class=\"yoga-event-item\">\n                                                        <span class=\"event-day\">31 Maggio<\/span>\n                                                        <a href=\"https:\/\/eventiyoga.it\/eventi-yoga\/a_mare_yoga_retreat_per_fluire_come_le_onde-7125\" class=\"yoga-event-link \">A-Mare Yoga Retreat, per Fluire come le Onde <\/a>\n                                                    <\/div>\n                                                                                            <\/div>\n                                        <\/div>\n                                                                                                                                                <div class=\"yoga-province\">\n                                            <h3 class=\"yoga-province-title\">Imperia<\/h3>\n                                            <div class=\"yoga-events-list\">\n                                                                                                                                                        <div class=\"yoga-event-item\">\n                                                        <span class=\"event-day\">29 Maggio<\/span>\n                                                        <a href=\"https:\/\/eventiyoga.it\/eventi-yoga\/yoga_onde_ritiro_in_liguria_al_mare-6775\" class=\"yoga-event-link \">Yoga &amp; Onde | Ritiro in Liguria al Mare<\/a>\n                                                    <\/div>\n                                                                                            <\/div>\n                                        <\/div>\n                                                                                                                                                <div class=\"yoga-province\">\n                                            <h3 class=\"yoga-province-title\">Savona<\/h3>\n                                            <div class=\"yoga-events-list\">\n                                                                                                                                                        <div class=\"yoga-event-item\">\n                                                        <span class=\"event-day\">29 Maggio<\/span>\n                                                        <a href=\"https:\/\/eventiyoga.it\/eventi-yoga\/ritiro_nella_natura_selvaggia_liguria_cascina_marasca-7179\" class=\"yoga-event-link \">RITIRO NELLA NATURA SELVAGGIA - LIGURIA - CASCINA MARASCA<\/a>\n                                                    <\/div>\n                                                                                                                                                        <div class=\"yoga-event-item\">\n                                                        <span class=\"event-day\">30 Maggio<\/span>\n                                                        <a href=\"https:\/\/eventiyoga.it\/eventi-yoga\/ritiro_yoga_e_mare_ponte_2_giugno_in_liguria-7037\" class=\"yoga-event-link \">Ritiro Yoga e Mare (ponte 2 Giugno) in Liguria<\/a>\n                                                    <\/div>\n                                                                                            <\/div>\n                                        <\/div>\n                                                                                                                        <\/div>\n                                                                                <div class=\"yoga-region \">\n                            <h2 class=\"yoga-region-title\"><span class=\"ez-toc-section\" id=\"Lombardia\"><\/span>Lombardia<span class=\"ez-toc-section-end\"><\/span><\/h2>\n                                                                                                                                        <div class=\"yoga-province\">\n                                            <h3 class=\"yoga-province-title\">Como<\/h3>\n                                            <div class=\"yoga-events-list\">\n                                                                                                                                                        <div class=\"yoga-event-item\">\n                                                        <span class=\"event-day\">30 Maggio<\/span>\n                                                        <a href=\"https:\/\/eventiyoga.it\/eventi-yoga\/digiuno_e_consapevolezza-6266\" class=\"yoga-event-link \">Digiuno e Consapevolezza<\/a>\n                                                    <\/div>\n                                                                                            <\/div>\n                                        <\/div>\n                                                                                                                        <\/div>\n                                                                                <div class=\"yoga-region \">\n                            <h2 class=\"yoga-region-title\"><span class=\"ez-toc-section\" id=\"Marche\"><\/span>Marche<span class=\"ez-toc-section-end\"><\/span><\/h2>\n                                                                                                                                        <div class=\"yoga-province\">\n                                            <h3 class=\"yoga-province-title\">Macerata<\/h3>\n                                            <div class=\"yoga-events-list\">\n                                                                                                                                                        <div class=\"yoga-event-item\">\n                                                        <span class=\"event-day\">31 Maggio<\/span>\n                                                        <a href=\"https:\/\/eventiyoga.it\/eventi-yoga\/intensivo_di_pratica_prima_replica_libert_nelle_estensioni_all_indietro-6788\" class=\"yoga-event-link \">Intensivo di pratica - prima replica-: Libert\u00e0 nelle estensioni all\u2019indietro<\/a>\n                                                    <\/div>\n                                                                                                                                                        <div class=\"yoga-event-item\">\n                                                        <span class=\"event-day\">01 Giugno<\/span>\n                                                        <a href=\"https:\/\/eventiyoga.it\/eventi-yoga\/yogacorrettivo_e_respiro_masterclass_con_nieves_lopez_a_civitanova_marche-7317\" class=\"yoga-event-link \">YogaCorrettivo\u00ae e Respiro: Masterclass con Nieves Lopez a Civitanova Marche<\/a>\n                                                    <\/div>\n                                                                                            <\/div>\n                                        <\/div>\n                                                                                                                        <\/div>\n                                                                                <div class=\"yoga-region \">\n                            <h2 class=\"yoga-region-title\"><span class=\"ez-toc-section\" id=\"Piemonte\"><\/span>Piemonte<span class=\"ez-toc-section-end\"><\/span><\/h2>\n                                                                                                                                        <div class=\"yoga-province\">\n                                            <h3 class=\"yoga-province-title\">Alessandria<\/h3>\n                                            <div class=\"yoga-events-list\">\n                                                                                                                                                        <div class=\"yoga-event-item\">\n                                                        <span class=\"event-day\">29 Maggio<\/span>\n                                                        <a href=\"https:\/\/eventiyoga.it\/eventi-yoga\/weekend_yoga_e_benessere_nel_monferrato-6491\" class=\"yoga-event-link \">Weekend Yoga e benessere nel Monferrato<\/a>\n                                                    <\/div>\n                                                                                                                                                        <div class=\"yoga-event-item\">\n                                                        <span class=\"event-day\">30 Maggio<\/span>\n                                                        <a href=\"https:\/\/eventiyoga.it\/eventi-yoga\/tejas_coltivare_il_proprio_fuoco-7184\" class=\"yoga-event-link \">TEJAS - Coltivare il proprio fuoco<\/a>\n                                                    <\/div>\n                                                                                            <\/div>\n                                        <\/div>\n                                                                                                                                                <div class=\"yoga-province\">\n                                            <h3 class=\"yoga-province-title\">Asti<\/h3>\n                                            <div class=\"yoga-events-list\">\n                                                                                                                                                        <div class=\"yoga-event-item\">\n                                                        <span class=\"event-day\">31 Maggio<\/span>\n                                                        <a href=\"https:\/\/eventiyoga.it\/eventi-yoga\/yoga_intensive_con_donna_fahri-6484\" class=\"yoga-event-link \">YOGA INTENSIVE con Donna Fahri<\/a>\n                                                    <\/div>\n                                                                                            <\/div>\n                                        <\/div>\n                                                                                                                                                <div class=\"yoga-province\">\n                                            <h3 class=\"yoga-province-title\">Cuneo<\/h3>\n                                            <div class=\"yoga-events-list\">\n                                                                                                                                                        <div class=\"yoga-event-item\">\n                                                        <span class=\"event-day\">31 Maggio<\/span>\n                                                        <a href=\"https:\/\/eventiyoga.it\/eventi-yoga\/formazione_yoga_qiyoga_introduttivo-6546\" class=\"yoga-event-link \">Formazione Yoga: Qiyoga introduttivo<\/a>\n                                                    <\/div>\n                                                                                            <\/div>\n                                        <\/div>\n                                                                                                                        <\/div>\n                                                                                <div class=\"yoga-region \">\n                            <h2 class=\"yoga-region-title\"><span class=\"ez-toc-section\" id=\"Puglia\"><\/span>Puglia<span class=\"ez-toc-section-end\"><\/span><\/h2>\n                                                                                                                                        <div class=\"yoga-province\">\n                                            <h3 class=\"yoga-province-title\">Foggia<\/h3>\n                                            <div class=\"yoga-events-list\">\n                                                                                                                                                        <div class=\"yoga-event-item\">\n                                                        <span class=\"event-day\">30 Maggio<\/span>\n                                                        <a href=\"https:\/\/eventiyoga.it\/eventi-yoga\/reset_recharge_nei_monti_dauni-7236\" class=\"yoga-event-link \">Reset &amp; Recharge nei Monti Dauni<\/a>\n                                                    <\/div>\n                                                                                            <\/div>\n                                        <\/div>\n                                                                                                                        <\/div>\n                                                                                <div class=\"yoga-region \">\n                            <h2 class=\"yoga-region-title\"><span class=\"ez-toc-section\" id=\"Sardegna\"><\/span>Sardegna<span class=\"ez-toc-section-end\"><\/span><\/h2>\n                                                                                                                                        <div class=\"yoga-province\">\n                                            <h3 class=\"yoga-province-title\">Oristano<\/h3>\n                                            <div class=\"yoga-events-list\">\n                                                                                                                                                        <div class=\"yoga-event-item\">\n                                                        <span class=\"event-day\">30 Maggio<\/span>\n                                                        <a href=\"https:\/\/eventiyoga.it\/eventi-yoga\/espansione_del_cuore_nella_natura_ancestrale_in_sardegna-6222\" class=\"yoga-event-link \">Espansione del Cuore nella Natura Ancestrale in Sardegna<\/a>\n                                                    <\/div>\n                                                                                            <\/div>\n                                        <\/div>\n                                                                                                                                                <div class=\"yoga-province\">\n                                            <h3 class=\"yoga-province-title\">Sassari<\/h3>\n                                            <div class=\"yoga-events-list\">\n                                                                                                                                                        <div class=\"yoga-event-item\">\n                                                        <span class=\"event-day\">30 Maggio<\/span>\n                                                        <a href=\"https:\/\/eventiyoga.it\/eventi-yoga\/magyca_ritiri_yoga_in_sardegna-6782\" class=\"yoga-event-link \">MAGYCA, Ritiri Yoga in Sardegna<\/a>\n                                                    <\/div>\n                                                                                            <\/div>\n                                        <\/div>\n                                                                                                                        <\/div>\n                                                                                <div class=\"yoga-region \">\n                            <h2 class=\"yoga-region-title\"><span class=\"ez-toc-section\" id=\"Sicilia\"><\/span>Sicilia<span class=\"ez-toc-section-end\"><\/span><\/h2>\n                                                                                                                                        <div class=\"yoga-province\">\n                                            <h3 class=\"yoga-province-title\">Agrigento<\/h3>\n                                            <div class=\"yoga-events-list\">\n                                                                                                                                                        <div class=\"yoga-event-item\">\n                                                        <span class=\"event-day\">29 Maggio<\/span>\n                                                        <a href=\"https:\/\/eventiyoga.it\/eventi-yoga\/sicilia_yoga_more-6518\" class=\"yoga-event-link \">SICILIA YOGA&amp;MORE<\/a>\n                                                    <\/div>\n                                                                                            <\/div>\n                                        <\/div>\n                                                                                                                                                <div class=\"yoga-province\">\n                                            <h3 class=\"yoga-province-title\">Trapani<\/h3>\n                                            <div class=\"yoga-events-list\">\n                                                                                                                                                        <div class=\"yoga-event-item\">\n                                                        <span class=\"event-day\">30 Maggio<\/span>\n                                                        <a href=\"https:\/\/eventiyoga.it\/eventi-yoga\/yoga_mare_e_natura_a_pantelleria-6524\" class=\"yoga-event-link \">Yoga, mare e natura a Pantelleria<\/a>\n                                                    <\/div>\n                                                                                            <\/div>\n                                        <\/div>\n                                                                                                                        <\/div>\n                                                                                <div class=\"yoga-region \">\n                            <h2 class=\"yoga-region-title\"><span class=\"ez-toc-section\" id=\"Toscana\"><\/span>Toscana<span class=\"ez-toc-section-end\"><\/span><\/h2>\n                                                                                                                                        <div class=\"yoga-province\">\n                                            <h3 class=\"yoga-province-title\">Firenze<\/h3>\n                                            <div class=\"yoga-events-list\">\n                                                                                                                                                        <div class=\"yoga-event-item\">\n                                                        <span class=\"event-day\">30 Maggio<\/span>\n                                                        <a href=\"https:\/\/eventiyoga.it\/eventi-yoga\/vacanza_yoga_degustazioni_more_in_toscana-6792\" class=\"yoga-event-link \">Vacanza Yoga, Degustazioni &amp; more in Toscana<\/a>\n                                                    <\/div>\n                                                                                            <\/div>\n                                        <\/div>\n                                                                                                                                                <div class=\"yoga-province\">\n                                            <h3 class=\"yoga-province-title\">Grosseto<\/h3>\n                                            <div class=\"yoga-events-list\">\n                                                                                                                                                        <div class=\"yoga-event-item\">\n                                                        <span class=\"event-day\">03 Giugno<\/span>\n                                                        <a href=\"https:\/\/eventiyoga.it\/eventi-yoga\/metamorfosi_di_un_emozione-6511\" class=\"yoga-event-link \">Metamorfosi di un\u2019emozione<\/a>\n                                                    <\/div>\n                                                                                            <\/div>\n                                        <\/div>\n                                                                                                                                                <div class=\"yoga-province\">\n                                            <h3 class=\"yoga-province-title\">Livorno<\/h3>\n                                            <div class=\"yoga-events-list\">\n                                                                                                                                                        <div class=\"yoga-event-item\">\n                                                        <span class=\"event-day\">29 Maggio<\/span>\n                                                        <a href=\"https:\/\/eventiyoga.it\/eventi-yoga\/yoga_e_trekking_a_capraia_4_notti_sconti_fino_al_1_aprile-6066\" class=\"yoga-event-link \">Yoga e Trekking a Capraia \u2013 4 notti \u2013 sconti fino al 1 Aprile<\/a>\n                                                    <\/div>\n                                                                                                                                                        <div class=\"yoga-event-item\">\n                                                        <span class=\"event-day\">29 Maggio<\/span>\n                                                        <a href=\"https:\/\/eventiyoga.it\/eventi-yoga\/yoga_in_barca_avela_isole_toscane-5972\" class=\"yoga-event-link \">Yoga in Barca aVela Isole Toscane<\/a>\n                                                    <\/div>\n                                                                                                                                                        <div class=\"yoga-event-item\">\n                                                        <span class=\"event-day\">29 Maggio<\/span>\n                                                        <a href=\"https:\/\/eventiyoga.it\/eventi-yoga\/ritiro_yoga_isola_d_elba_giugno_2026-6651\" class=\"yoga-event-link \">RITIRO YOGA ISOLA D&#039;ELBA GIUGNO 2026<\/a>\n                                                    <\/div>\n                                                                                                                                                        <div class=\"yoga-event-item\">\n                                                        <span class=\"event-day\">30 Maggio<\/span>\n                                                        <a href=\"https:\/\/eventiyoga.it\/eventi-yoga\/introduzione_al_kalaripayattu_la_millenaria_marziale_del_sud_dell_india-7211\" class=\"yoga-event-link \">Introduzione al kalaripayattu: la millenaria marziale del Sud dell&#039;India<\/a>\n                                                    <\/div>\n                                                                                                                                                        <div class=\"yoga-event-item\">\n                                                        <span class=\"event-day\">30 Maggio<\/span>\n                                                        <a href=\"https:\/\/eventiyoga.it\/eventi-yoga\/yoga_e_trekking_a_capraia_3_notti_sconto_fino_al_28_febbraio-6067\" class=\"yoga-event-link \">Yoga e Trekking a Capraia \u2013 3 notti \u2013 sconto fino al 28 Febbraio<\/a>\n                                                    <\/div>\n                                                                                                                                                        <div class=\"yoga-event-item\">\n                                                        <span class=\"event-day\">30 Maggio<\/span>\n                                                        <a href=\"https:\/\/eventiyoga.it\/eventi-yoga\/ritiro_meditazione_dzogchen_i_sette_addestramenti_mentali_di_longchenpa-6985\" class=\"yoga-event-link \">Ritiro Meditazione Dzogchen | I Sette Addestramenti Mentali di Longchenpa<\/a>\n                                                    <\/div>\n                                                                                                                                                        <div class=\"yoga-event-item\">\n                                                        <span class=\"event-day\">31 Maggio<\/span>\n                                                        <a href=\"https:\/\/eventiyoga.it\/eventi-yoga\/ashtanga_yoga_workshop-7190\" class=\"yoga-event-link \">Ashtanga Yoga Workshop<\/a>\n                                                    <\/div>\n                                                                                            <\/div>\n                                        <\/div>\n                                                                                                                        <\/div>\n                                                                                <div class=\"yoga-region \">\n                            <h2 class=\"yoga-region-title\"><span class=\"ez-toc-section\" id=\"Umbria\"><\/span>Umbria<span class=\"ez-toc-section-end\"><\/span><\/h2>\n                                                                                                                                        <div class=\"yoga-province\">\n                                            <h3 class=\"yoga-province-title\">Perugia<\/h3>\n                                            <div class=\"yoga-events-list\">\n                                                                                                                                                        <div class=\"yoga-event-item\">\n                                                        <span class=\"event-day\">29 Maggio<\/span>\n                                                        <a href=\"https:\/\/eventiyoga.it\/eventi-yoga\/ritiri_yoga_natura_e_spiritualita_umbria_estate_ponte_del_2_giugno-5784\" class=\"yoga-event-link \">RITIRI YOGA NATURA E SPIRITUALITA\u2019 -UMBRIA ESTATE -PONTE DEL 2 GIUGNO-<\/a>\n                                                    <\/div>\n                                                                                                                                                        <div class=\"yoga-event-item\">\n                                                        <span class=\"event-day\">02 Giugno<\/span>\n                                                        <a href=\"https:\/\/eventiyoga.it\/eventi-yoga\/ritiri_yoga_natura_e_spiritualit_umbria_estate-5783\" class=\"yoga-event-link promoted\">RITIRI YOGA Natura e Spiritualit\u00e0 | UMBRIA ESTATE<\/a>\n                                                    <\/div>\n                                                                                            <\/div>\n                                        <\/div>\n                                                                                                                                                <div class=\"yoga-province\">\n                                            <h3 class=\"yoga-province-title\">Terni<\/h3>\n                                            <div class=\"yoga-events-list\">\n                                                                                                                                                        <div class=\"yoga-event-item\">\n                                                        <span class=\"event-day\">30 Maggio<\/span>\n                                                        <a href=\"https:\/\/eventiyoga.it\/eventi-yoga\/ritiro_yoga_e_non_solo-7186\" class=\"yoga-event-link \">RITIRO YOGA E NON SOLO...<\/a>\n                                                    <\/div>\n                                                                                            <\/div>\n                                        <\/div>\n                                                                                                                        <\/div>\n                                                                                <div class=\"yoga-region \">\n                            <h2 class=\"yoga-region-title\"><span class=\"ez-toc-section\" id=\"Valle_dAosta\"><\/span>Valle d&#039;Aosta<span class=\"ez-toc-section-end\"><\/span><\/h2>\n                                                                                                                                        <div class=\"yoga-province\">\n                                            <h3 class=\"yoga-province-title\">Aosta<\/h3>\n                                            <div class=\"yoga-events-list\">\n                                                                                                                                                        <div class=\"yoga-event-item\">\n                                                        <span class=\"event-day\">30 Maggio<\/span>\n                                                        <a href=\"https:\/\/eventiyoga.it\/eventi-yoga\/yoga_e_trekking_in_valle_d_aosta_il_respiro_che_rigenera-7210\" class=\"yoga-event-link \">YOGA e TREKKING in Valle d&#039;Aosta: il respiro che rigenera<\/a>\n                                                    <\/div>\n                                                                                            <\/div>\n                                        <\/div>\n                                                                                                                        <\/div>\n                                                                                <div class=\"yoga-region \">\n                            <h2 class=\"yoga-region-title\"><span class=\"ez-toc-section\" id=\"Veneto\"><\/span>Veneto<span class=\"ez-toc-section-end\"><\/span><\/h2>\n                                                                                                                                        <div class=\"yoga-province\">\n                                            <h3 class=\"yoga-province-title\">Treviso<\/h3>\n                                            <div class=\"yoga-events-list\">\n                                                                                                                                                        <div class=\"yoga-event-item\">\n                                                        <span class=\"event-day\">31 Maggio<\/span>\n                                                        <a href=\"https:\/\/eventiyoga.it\/eventi-yoga\/cammino_yoga_colline_dell_unesco-7090\" class=\"yoga-event-link \">Cammino Yoga: colline dell&#039;UNESCO<\/a>\n                                                    <\/div>\n                                                                                            <\/div>\n                                        <\/div>\n                                                                                                                                                <div class=\"yoga-province\">\n                                            <h3 class=\"yoga-province-title\">Vicenza<\/h3>\n                                            <div class=\"yoga-events-list\">\n                                                                                                                                                        <div class=\"yoga-event-item\">\n                                                        <span class=\"event-day\">30 Maggio<\/span>\n                                                        <a href=\"https:\/\/eventiyoga.it\/eventi-yoga\/le_5_memorie_dell_anima-7086\" class=\"yoga-event-link \">Le 5 memorie dell&#039;Anima<\/a>\n                                                    <\/div>\n                                                                                            <\/div>\n                                        <\/div>\n                                                                                                                        <\/div>\n                                                                                <div class=\"yoga-region yoga-region-estero\">\n                            <h2 class=\"yoga-region-title\"><span class=\"ez-toc-section\" id=\"Estero\"><\/span>Estero<span class=\"ez-toc-section-end\"><\/span><\/h2>\n                                                            <div class=\"yoga-events-list\">\n                                                                                                                                                                    <div class=\"yoga-event-item\">\n                                                <span class=\"event-day\">30 Maggio<\/span>\n                                                <a href=\"https:\/\/eventiyoga.it\/eventi-yoga\/bali_retreat_2026_yoga_natura_cultura-6096\" class=\"yoga-event-link \">BALI RETREAT 2026 YOGA NATURA CULTURA<\/a>\n                                            <\/div>\n                                                                                                                                <div class=\"yoga-event-item\">\n                                                <span class=\"event-day\">31 Maggio<\/span>\n                                                <a href=\"https:\/\/eventiyoga.it\/eventi-yoga\/costellazioni_familiari_e_sound_healing_sull_isola_dei_poeti-7031\" class=\"yoga-event-link \">Costellazioni Familiari e Sound Healing sull&#039;isola dei poeti<\/a>\n                                            <\/div>\n                                                                                                                                <div class=\"yoga-event-item\">\n                                                <span class=\"event-day\">31 Maggio<\/span>\n                                                <a href=\"https:\/\/eventiyoga.it\/eventi-yoga\/r_hla_yoga_retreat_in_marocco-6815\" class=\"yoga-event-link \">R\u00eehla Yoga Retreat in Marocco<\/a>\n                                            <\/div>\n                                                                                                                                <div class=\"yoga-event-item\">\n                                                <span class=\"event-day\">31 Maggio<\/span>\n                                                <a href=\"https:\/\/eventiyoga.it\/eventi-yoga\/formentera_yoga_retreat-6489\" class=\"yoga-event-link \">Formentera Yoga Retreat<\/a>\n                                            <\/div>\n                                                                                                                                <div class=\"yoga-event-item\">\n                                                <span class=\"event-day\">02 Giugno<\/span>\n                                                <a href=\"https:\/\/eventiyoga.it\/eventi-yoga\/origin_fuerteventura_il_tuo_ritorno_all_essenziale-6494\" class=\"yoga-event-link \">ORIGIN - Fuerteventura - Il tuo ritorno all&#039;essenziale<\/a>\n                                            <\/div>\n                                                                                                            <\/div>\n                                                    <\/div>\n                                                        <\/div>\n        \n\n\n\n<hr class=\"wp-block-separator has-text-color has-white-color has-css-opacity has-white-background-color has-background\"\/>\n\n\n\n<hr class=\"wp-block-separator has-text-color has-white-color has-alpha-channel-opacity has-white-background-color has-background\"\/>\n\n\n\n<h2 class=\"wp-block-heading\" id=\"h-faq-tutto-quello-che-devi-sapere-sul-ponte-2-giugno\"><span class=\"ez-toc-section\" id=\"FAQ_Tutto_quello_che_devi_sapere_sul_ponte_2_giugno\"><\/span>FAQ: Tutto quello che devi sapere sul ponte 2 giugno<span class=\"ez-toc-section-end\"><\/span><\/h2>\n\n\n\n<p><strong>1. Che tipo di yoga \u00e8 adatto per il ponte del 2 giugno?<\/strong><\/p>\n\n\n\n<p>Qualsiasi stile di yoga pu\u00f2 arricchire le tue vacanze yoga durante il ponte del 2 giugno, a seconda delle tue esigenze personali e del livello di pratica. Che tu sia attratto da un approccio rilassante come il Yin Yoga o l&#8217;Hatha Yoga, o preferisci qualcosa di pi\u00f9 energico come il Vinyasa o l&#8217;Ashtanga, l&#8217;importante \u00e8 scegliere quello che risponde meglio alle tue aspirazioni di benessere.<\/p>\n\n\n\n<p><strong>2. \u00c8 necessaria esperienza pregressa per partecipare ai ritiri di yoga?<\/strong><\/p>\n\n\n\n<p>Molti ritiri sono aperti a tutti i livelli, dai principianti agli yogi esperti. Leggi attentamente la descrizione dell&#8217;evento o contatta gli organizzatori per assicurarti che il livello del ritiro sia adatto a te.<\/p>\n\n\n\n<p><strong>3. Posso partecipare da solo o da sola a un ritiro?<\/strong><\/p>\n\n\n\n<p>Assolutamente s\u00ec. Partecipare da soli a un ritiro yoga pu\u00f2 essere un&#8217;ottima opportunit\u00e0 per incontrare nuove persone con interessi simili, oltre a offrire spazio per un&#8217;introspezione personale.<\/p>\n\n\n\n<p><strong>4. Cosa dovrei portare con me a un ritiro?<\/strong><\/p>\n\n\n\n<p>Oltre al tuo tappetino yoga, considera di portare abbigliamento comodo, una bottiglia d&#8217;acqua riutilizzabile, articoli per la cura personale, e qualsiasi altro oggetto che ti aiuti a sentirti a tuo agio. Verifica sempre con gli organizzatori per eventuali oggetti specifici richiesti.<\/p>\n\n\n\n<p><strong>5. Come posso scegliere il ritiro giusto per me?<\/strong><\/p>\n\n\n\n<p>Valuta la <a href=\"https:\/\/eventiyoga.it\/blog\/strutture-yoga-divise-per-regione\/\" target=\"_blank\" rel=\"noreferrer noopener\">location<\/a>, lo stile di yoga offerto, il livello delle sessioni, la figura dell&#8217;insegnante e il tipo di alloggio. Considera anche il tuo budget e le recensioni di chi ha partecipato in precedenza per fare una scelta informata.<\/p>\n\n\n\n<p><strong>6. Ci sono benefici specifici nel praticare yoga durante il ponte del 2 giugno?<\/strong><\/p>\n\n\n\n<p>Praticare yoga durante questo periodo pu\u00f2 aiutarti a rilassarti e a ricaricare le energie prima dell&#8217;estate. \u00c8 anche un&#8217;ottima occasione per approfittare del bel tempo e connetterti con la natura.<\/p>\n\n\n\n<p><strong>7. Che politiche di cancellazione sono generalmente applicate ai ritiri?<\/strong><\/p>\n\n\n\n<p>Le politiche di cancellazione variano da un ritiro all&#8217;altro. Ti consigliamo di controllare i termini specifici dell&#8217;evento a cui sei interessato e di comunicare con gli organizzatori per qualsiasi domanda.<\/p>\n\n\n\n<p><strong>8. \u00c8 possibile trovare ritiri adatti a chi segue diete particolari?<\/strong><\/p>\n\n\n\n<p>S\u00ec, molti ritiri offrono opzioni alimentari per vegetariani, vegani e per chi ha restrizioni alimentari specifiche. Assicurati di comunicare le tue esigenze alimentari in anticipo.<\/p>\n\n\n\n<h2 class=\"wp-block-heading\" id=\"h-calendario-eventi-yoga-online\"><span class=\"ez-toc-section\" id=\"Calendario_Eventi_Yoga_online\"><\/span><strong>Calendario Eventi Yoga online<\/strong><span class=\"ez-toc-section-end\"><\/span><\/h2>\n\n\n\n<p>Puoi consultare il&nbsp;calendario eventi&nbsp;anche online con numerosi weekend, vacanze, ritiri e corsi yoga e meditazione.<\/p>\n\n\n\n<p>Cerca qui gli eventi di tuo interesse.<\/p>\n\n\n\n<h3 class=\"wp-block-heading\"><strong>EVENTI YOGA PER MESE<\/strong><\/h3>\n\n\n\n<ul class=\"wp-block-list\">\n<li><a href=\"https:\/\/eventiyoga.it\/blog\/vacanze-workshop-yoga-e-benessere-gennaio\/\" target=\"_blank\" rel=\"noreferrer noopener\"><u>Gennaio<\/u><\/a><\/li>\n\n\n\n<li><a href=\"https:\/\/eventiyoga.it\/blog\/vacanze-seminari-workshop-yoga-benessere-febbraio\/\" target=\"_blank\" rel=\"noreferrer noopener\"><u>Febbraio<\/u><\/a><\/li>\n\n\n\n<li><a href=\"https:\/\/eventiyoga.it\/blog\/vacanze-seminari-workshop-yoga-benessere-marzo\/\" target=\"_blank\" rel=\"noreferrer noopener\"><u>Marzo<\/u><\/a><\/li>\n\n\n\n<li><a href=\"https:\/\/eventiyoga.it\/blog\/vacanze-yoga-aprile\/\" target=\"_blank\" rel=\"noreferrer noopener\"><u>Aprile<\/u><\/a><\/li>\n\n\n\n<li><a href=\"https:\/\/eventiyoga.it\/blog\/vacanze-yoga-maggio\/\" target=\"_blank\" rel=\"noreferrer noopener\"><u>Maggio<\/u><\/a><\/li>\n\n\n\n<li><a href=\"https:\/\/eventiyoga.it\/blog\/vacanze-yoga-e-benessere-giugno-offerte\/\" target=\"_blank\" rel=\"noreferrer noopener\"><u>Giugno<\/u><\/a><\/li>\n\n\n\n<li><a href=\"https:\/\/eventiyoga.it\/blog\/vacanze-yoga-e-benessere-luglio-offerte\/\" target=\"_blank\" rel=\"noreferrer noopener\"><u>Luglio<\/u><\/a><\/li>\n\n\n\n<li><a href=\"https:\/\/eventiyoga.it\/blog\/vacanze-yoga-e-benessere-agosto-offerte\/\" target=\"_blank\" rel=\"noreferrer noopener\"><u>Agosto<\/u><\/a><\/li>\n\n\n\n<li><a href=\"https:\/\/eventiyoga.it\/blog\/vacanze-yoga-e-benessere-settembre-offerte\/\" target=\"_blank\" rel=\"noreferrer noopener\"><u>Settembre<\/u><\/a><\/li>\n\n\n\n<li><a href=\"https:\/\/eventiyoga.it\/blog\/vacanze-yoga-e-benessere-ottobre-offerte\/\" target=\"_blank\" rel=\"noreferrer noopener\"><u>Ottobre<\/u><\/a><\/li>\n\n\n\n<li><a href=\"https:\/\/eventiyoga.it\/blog\/vacanze-yoga-e-benessere-novembre-offerte\/\" target=\"_blank\" rel=\"noreferrer noopener\"><u>Novembre<\/u><\/a><\/li>\n\n\n\n<li><a href=\"https:\/\/eventiyoga.it\/blog\/vacanze-yoga-e-benessere-dicembre\/\" target=\"_blank\" rel=\"noreferrer noopener\"><u>Dicembre<\/u><\/a><\/li>\n<\/ul>\n\n\n\n<h3 class=\"wp-block-heading\"><strong>EVENTI YOGA PER FESTIVITA\u2019<\/strong><\/h3>\n\n\n\n<ul class=\"wp-block-list\">\n<li><a href=\"https:\/\/eventiyoga.it\/blog\/vacanza-yoga-pasqua-offerte\/\" target=\"_blank\" rel=\"noreferrer noopener\"><u>Pasqua<\/u><\/a><\/li>\n\n\n\n<li><a href=\"https:\/\/eventiyoga.it\/blog\/vacanze-yoga-2\/\" target=\"_blank\" rel=\"noreferrer noopener\"><u>Primavera Estate<\/u><\/a><\/li>\n\n\n\n<li><a href=\"https:\/\/eventiyoga.it\/blog\/yoga-a-ferragosto\/\" target=\"_blank\" rel=\"noreferrer noopener\"><u>Ferragosto<\/u><\/a><\/li>\n\n\n\n<li><a href=\"https:\/\/eventiyoga.it\/blog\/retreat-e-vacanze-yoga-natale-offerte\/\" target=\"_blank\" rel=\"noreferrer noopener\"><u>Natale<\/u><\/a><\/li>\n\n\n\n<li><a href=\"https:\/\/eventiyoga.it\/blog\/vacanze-yoga-capodanno\/\" target=\"_blank\" rel=\"noreferrer noopener\"><u>Capodanno<\/u><\/a><\/li>\n<\/ul>\n\n\n\n<h2 class=\"wp-block-heading\" id=\"h-alcune-risorse-interessanti\"><span class=\"ez-toc-section\" id=\"Alcune_risorse_interessanti\"><\/span><strong>Alcune risorse interessanti<\/strong><span class=\"ez-toc-section-end\"><\/span><\/h2>\n\n\n\n<ul class=\"wp-block-list\">\n<li><a href=\"https:\/\/eventiyoga.it\/blog\/dieci-errori-da-non-commettere-quando-si-prenota-un-retreat-yoga\/\" target=\"_blank\" rel=\"noreferrer noopener\"><u>Dieci errori da non commettere quando si prenota un retreat<\/u><\/a><\/li>\n\n\n\n<li><a href=\"https:\/\/eventiyoga.it\/blog\/vacanze-yoga\/\" target=\"_blank\" rel=\"noreferrer noopener\"><u>Vacanza yoga: destinazioni<\/u><\/a><\/li>\n\n\n\n<li><a href=\"https:\/\/eventiyoga.it\/blog\/la-valigia-perfetta-per-il-tuo-retreat-yoga\/\" target=\"_blank\" rel=\"noreferrer noopener\"><u>La valigia perfetta per il tuo retreat yoga<\/u><\/a><\/li>\n\n\n\n<li><a href=\"https:\/\/eventiyoga.it\/blog\/ponte-1-maggio-offerte-yoga\/\" target=\"_blank\" rel=\"noreferrer noopener\">Il ponte del 1\u00b0 maggio offerte | Yoga, Benessere e Relax<\/a><\/li>\n<\/ul>\n\n\n\n<h2 class=\"wp-block-heading\" id=\"h-iscriviti-alla-newsletter\"><span class=\"ez-toc-section\" id=\"Iscriviti_alla_newsletter\"><\/span><strong>Iscriviti alla newsletter<\/strong><span class=\"ez-toc-section-end\"><\/span><\/h2>\n\n\n\n<p>Vuoi rimanere aggiornato sui prossimi soggiorni per i yogi in programma? Se la risposta \u00e8 s\u00ec,&nbsp;<strong>iscriviti subito alla nostra newsletter<\/strong>. Cos\u00ec avrai sempre aggiornamenti freschi freschi su tutte le regioni italiane (e l\u2019estero!).<\/p>\n\n\n\n<figure class=\"wp-block-image\"><a href=\"https:\/\/eventiyoga.it\/blog\/newsletter-eventi-yoga\/\" target=\"_blank\" rel=\"noopener\"><img decoding=\"async\" src=\"data:image\/gif;base64,R0lGODlhAQABAIAAAAAAAP\/\/\/yH5BAEAAAAALAAAAAABAAEAAAIBRAA7\" data-src=\"https:\/\/eventiyoga.it\/blog\/wp-content\/uploads\/2019\/10\/Banner-Iscrizione-NL.jpg\" alt=\"Iscriviti alla Newsletter \u2013 Per te subito un Bonus!\"\/><noscript><img decoding=\"async\" src=\"https:\/\/eventiyoga.it\/blog\/wp-content\/uploads\/2019\/10\/Banner-Iscrizione-NL.jpg\" alt=\"Iscriviti alla Newsletter \u2013 Per te subito un Bonus!\"\/><\/noscript><\/a><\/figure>\n\n\n\n<p class=\"has-text-align-center\">Iscriviti alla Newsletter \u2013 Per te subito un Bonus!<\/p>\n","protected":false},"excerpt":{"rendered":"<p>Il ponte del 2 giugno \u00e8 uno di quei momenti dell&#8217;anno che meglio si presta per una breve fuga dalla routine quotidiana. L\u2019estate \u00e8 alle porte e le giornate sono sempre pi\u00f9 lunghe, calde e soleggiate, ottime per passare il proprio tempo libero nella natura.&nbsp; I modi in cui puoi trascorrere il weekend sono tantissimi: [&hellip;]<\/p>\n","protected":false},"author":2,"featured_media":61511,"comment_status":"open","ping_status":"open","sticky":false,"template":"","format":"standard","meta":{"_acf_changed":false,"_editorskit_title_hidden":false,"_editorskit_reading_time":6,"_editorskit_is_block_options_detached":false,"_editorskit_block_options_position":"{}","footnotes":""},"categories":[137,44583],"tags":[44643,44085,187],"class_list":["post-61510","post","type-post","status-publish","format-standard","has-post-thumbnail","hentry","category-benessere","category-eventi-yoga","tag-ponte-2-giugno","tag-vacanze-benessere","tag-vacanze-yoga"],"acf":[],"yoast_head":"<!-- This site is optimized with the Yoast SEO plugin v26.4 - https:\/\/yoast.com\/wordpress\/plugins\/seo\/ -->\n<title>Ponte 2 giugno Yoga | Offerte Yoga e Ritiri Ponte 2 giugno<\/title>\n<meta name=\"description\" content=\"Il ponte 2 giugno yoga \u00e8 l\u2019occasione perfetta per praticare e recuperare le energie fisiche e mentali prosciugate dallo stress quotidiano.\" \/>\n<meta name=\"robots\" content=\"index, follow, max-snippet:-1, max-image-preview:large, max-video-preview:-1\" \/>\n<link rel=\"canonical\" href=\"https:\/\/eventiyoga.it\/blog\/ponte-2-giugno-yoga\/\" \/>\n<meta property=\"og:locale\" content=\"en_US\" \/>\n<meta property=\"og:type\" content=\"article\" \/>\n<meta property=\"og:title\" content=\"Ponte 2 giugno Yoga | Offerte Yoga e Ritiri Ponte 2 giugno\" \/>\n<meta property=\"og:description\" content=\"Il ponte 2 giugno yoga \u00e8 l\u2019occasione perfetta per praticare e recuperare le energie fisiche e mentali prosciugate dallo stress quotidiano.\" \/>\n<meta property=\"og:url\" content=\"https:\/\/eventiyoga.it\/blog\/ponte-2-giugno-yoga\/\" \/>\n<meta property=\"og:site_name\" content=\"Eventi Yoga\" \/>\n<meta property=\"article:author\" content=\"https:\/\/www.facebook.com\/eventiyogaitalia\/\" \/>\n<meta property=\"article:published_time\" content=\"2026-01-27T14:57:09+00:00\" \/>\n<meta property=\"article:modified_time\" content=\"2026-01-27T14:57:11+00:00\" \/>\n<meta property=\"og:image\" content=\"https:\/\/eventiyoga.it\/blog\/wp-content\/uploads\/2024\/04\/ponte-2-giugno-yoga.jpg\" \/>\n\t<meta property=\"og:image:width\" content=\"1024\" \/>\n\t<meta property=\"og:image:height\" content=\"768\" \/>\n\t<meta property=\"og:image:type\" content=\"image\/jpeg\" \/>\n<meta name=\"author\" content=\"Redazione EventiYoga\" \/>\n<meta name=\"twitter:card\" content=\"summary_large_image\" \/>\n<meta name=\"twitter:label1\" content=\"Written by\" \/>\n\t<meta name=\"twitter:data1\" content=\"Redazione EventiYoga\" \/>\n\t<meta name=\"twitter:label2\" content=\"Est. reading time\" \/>\n\t<meta name=\"twitter:data2\" content=\"8 minutes\" \/>\n<script type=\"application\/ld+json\" class=\"yoast-schema-graph\">{\"@context\":\"https:\/\/schema.org\",\"@graph\":[{\"@type\":\"WebPage\",\"@id\":\"https:\/\/eventiyoga.it\/blog\/ponte-2-giugno-yoga\/\",\"url\":\"https:\/\/eventiyoga.it\/blog\/ponte-2-giugno-yoga\/\",\"name\":\"Ponte 2 giugno Yoga | Offerte Yoga e Ritiri Ponte 2 giugno\",\"isPartOf\":{\"@id\":\"https:\/\/eventiyoga.it\/blog\/#website\"},\"primaryImageOfPage\":{\"@id\":\"https:\/\/eventiyoga.it\/blog\/ponte-2-giugno-yoga\/#primaryimage\"},\"image\":{\"@id\":\"https:\/\/eventiyoga.it\/blog\/ponte-2-giugno-yoga\/#primaryimage\"},\"thumbnailUrl\":\"https:\/\/eventiyoga.it\/blog\/wp-content\/uploads\/2024\/04\/ponte-2-giugno-yoga.jpg\",\"datePublished\":\"2026-01-27T14:57:09+00:00\",\"dateModified\":\"2026-01-27T14:57:11+00:00\",\"author\":{\"@id\":\"https:\/\/eventiyoga.it\/blog\/#\/schema\/person\/baf6fd722b999df7881d1cc130b5abb0\"},\"description\":\"Il ponte 2 giugno yoga \u00e8 l\u2019occasione perfetta per praticare e recuperare le energie fisiche e mentali prosciugate dallo stress quotidiano.\",\"breadcrumb\":{\"@id\":\"https:\/\/eventiyoga.it\/blog\/ponte-2-giugno-yoga\/#breadcrumb\"},\"inLanguage\":\"en-US\",\"potentialAction\":[{\"@type\":\"ReadAction\",\"target\":[\"https:\/\/eventiyoga.it\/blog\/ponte-2-giugno-yoga\/\"]}]},{\"@type\":\"ImageObject\",\"inLanguage\":\"en-US\",\"@id\":\"https:\/\/eventiyoga.it\/blog\/ponte-2-giugno-yoga\/#primaryimage\",\"url\":\"https:\/\/eventiyoga.it\/blog\/wp-content\/uploads\/2024\/04\/ponte-2-giugno-yoga.jpg\",\"contentUrl\":\"https:\/\/eventiyoga.it\/blog\/wp-content\/uploads\/2024\/04\/ponte-2-giugno-yoga.jpg\",\"width\":1024,\"height\":768,\"caption\":\"ponte 2 giugno yoga\"},{\"@type\":\"BreadcrumbList\",\"@id\":\"https:\/\/eventiyoga.it\/blog\/ponte-2-giugno-yoga\/#breadcrumb\",\"itemListElement\":[{\"@type\":\"ListItem\",\"position\":1,\"name\":\"Home\",\"item\":\"https:\/\/eventiyoga.it\/blog\/\"},{\"@type\":\"ListItem\",\"position\":2,\"name\":\"Ponte 2 giugno e yoga | Ritrova il tuo benessere mentale e spirituale\"}]},{\"@type\":\"WebSite\",\"@id\":\"https:\/\/eventiyoga.it\/blog\/#website\",\"url\":\"https:\/\/eventiyoga.it\/blog\/\",\"name\":\"Eventi Yoga\",\"description\":\"Il portale Italiano per gli eventi dello yoga\",\"potentialAction\":[{\"@type\":\"SearchAction\",\"target\":{\"@type\":\"EntryPoint\",\"urlTemplate\":\"https:\/\/eventiyoga.it\/blog\/?s={search_term_string}\"},\"query-input\":{\"@type\":\"PropertyValueSpecification\",\"valueRequired\":true,\"valueName\":\"search_term_string\"}}],\"inLanguage\":\"en-US\"},{\"@type\":\"Person\",\"@id\":\"https:\/\/eventiyoga.it\/blog\/#\/schema\/person\/baf6fd722b999df7881d1cc130b5abb0\",\"name\":\"Redazione EventiYoga\",\"image\":{\"@type\":\"ImageObject\",\"inLanguage\":\"en-US\",\"@id\":\"https:\/\/eventiyoga.it\/blog\/#\/schema\/person\/image\/\",\"url\":\"https:\/\/secure.gravatar.com\/avatar\/839ba21ae8a8a0c224183a3fdd70f673ae7387c1b6b0c149143342ed9586efd3?s=96&d=mm&r=g\",\"contentUrl\":\"https:\/\/secure.gravatar.com\/avatar\/839ba21ae8a8a0c224183a3fdd70f673ae7387c1b6b0c149143342ed9586efd3?s=96&d=mm&r=g\",\"caption\":\"Redazione EventiYoga\"},\"description\":\"Ci occupiamo dei contenuti di EventiYoga e delle traduzioni dei contenuti da siti partner. Contattaci per avere maggiori informazioni su come promuoverti su e tramite Eventi Yoga. Puoi scriverci a info@eventiyoga.it.\",\"sameAs\":[\"https:\/\/eventiyoga.it\/\",\"https:\/\/www.facebook.com\/eventiyogaitalia\/\"],\"url\":\"https:\/\/eventiyoga.it\/blog\/author\/redazione-eventiyoga\/\"}]}<\/script>\n<!-- \/ Yoast SEO plugin. -->","yoast_head_json":{"title":"Ponte 2 giugno Yoga | Offerte Yoga e Ritiri Ponte 2 giugno","description":"Il ponte 2 giugno yoga \u00e8 l\u2019occasione perfetta per praticare e recuperare le energie fisiche e mentali prosciugate dallo stress quotidiano.","robots":{"index":"index","follow":"follow","max-snippet":"max-snippet:-1","max-image-preview":"max-image-preview:large","max-video-preview":"max-video-preview:-1"},"canonical":"https:\/\/eventiyoga.it\/blog\/ponte-2-giugno-yoga\/","og_locale":"en_US","og_type":"article","og_title":"Ponte 2 giugno Yoga | Offerte Yoga e Ritiri Ponte 2 giugno","og_description":"Il ponte 2 giugno yoga \u00e8 l\u2019occasione perfetta per praticare e recuperare le energie fisiche e mentali prosciugate dallo stress quotidiano.","og_url":"https:\/\/eventiyoga.it\/blog\/ponte-2-giugno-yoga\/","og_site_name":"Eventi Yoga","article_author":"https:\/\/www.facebook.com\/eventiyogaitalia\/","article_published_time":"2026-01-27T14:57:09+00:00","article_modified_time":"2026-01-27T14:57:11+00:00","og_image":[{"width":1024,"height":768,"url":"https:\/\/eventiyoga.it\/blog\/wp-content\/uploads\/2024\/04\/ponte-2-giugno-yoga.jpg","type":"image\/jpeg"}],"author":"Redazione EventiYoga","twitter_card":"summary_large_image","twitter_misc":{"Written by":"Redazione EventiYoga","Est. reading time":"8 minutes"},"schema":{"@context":"https:\/\/schema.org","@graph":[{"@type":"WebPage","@id":"https:\/\/eventiyoga.it\/blog\/ponte-2-giugno-yoga\/","url":"https:\/\/eventiyoga.it\/blog\/ponte-2-giugno-yoga\/","name":"Ponte 2 giugno Yoga | Offerte Yoga e Ritiri Ponte 2 giugno","isPartOf":{"@id":"https:\/\/eventiyoga.it\/blog\/#website"},"primaryImageOfPage":{"@id":"https:\/\/eventiyoga.it\/blog\/ponte-2-giugno-yoga\/#primaryimage"},"image":{"@id":"https:\/\/eventiyoga.it\/blog\/ponte-2-giugno-yoga\/#primaryimage"},"thumbnailUrl":"https:\/\/eventiyoga.it\/blog\/wp-content\/uploads\/2024\/04\/ponte-2-giugno-yoga.jpg","datePublished":"2026-01-27T14:57:09+00:00","dateModified":"2026-01-27T14:57:11+00:00","author":{"@id":"https:\/\/eventiyoga.it\/blog\/#\/schema\/person\/baf6fd722b999df7881d1cc130b5abb0"},"description":"Il ponte 2 giugno yoga \u00e8 l\u2019occasione perfetta per praticare e recuperare le energie fisiche e mentali prosciugate dallo stress quotidiano.","breadcrumb":{"@id":"https:\/\/eventiyoga.it\/blog\/ponte-2-giugno-yoga\/#breadcrumb"},"inLanguage":"en-US","potentialAction":[{"@type":"ReadAction","target":["https:\/\/eventiyoga.it\/blog\/ponte-2-giugno-yoga\/"]}]},{"@type":"ImageObject","inLanguage":"en-US","@id":"https:\/\/eventiyoga.it\/blog\/ponte-2-giugno-yoga\/#primaryimage","url":"https:\/\/eventiyoga.it\/blog\/wp-content\/uploads\/2024\/04\/ponte-2-giugno-yoga.jpg","contentUrl":"https:\/\/eventiyoga.it\/blog\/wp-content\/uploads\/2024\/04\/ponte-2-giugno-yoga.jpg","width":1024,"height":768,"caption":"ponte 2 giugno yoga"},{"@type":"BreadcrumbList","@id":"https:\/\/eventiyoga.it\/blog\/ponte-2-giugno-yoga\/#breadcrumb","itemListElement":[{"@type":"ListItem","position":1,"name":"Home","item":"https:\/\/eventiyoga.it\/blog\/"},{"@type":"ListItem","position":2,"name":"Ponte 2 giugno e yoga | Ritrova il tuo benessere mentale e spirituale"}]},{"@type":"WebSite","@id":"https:\/\/eventiyoga.it\/blog\/#website","url":"https:\/\/eventiyoga.it\/blog\/","name":"Eventi Yoga","description":"Il portale Italiano per gli eventi dello yoga","potentialAction":[{"@type":"SearchAction","target":{"@type":"EntryPoint","urlTemplate":"https:\/\/eventiyoga.it\/blog\/?s={search_term_string}"},"query-input":{"@type":"PropertyValueSpecification","valueRequired":true,"valueName":"search_term_string"}}],"inLanguage":"en-US"},{"@type":"Person","@id":"https:\/\/eventiyoga.it\/blog\/#\/schema\/person\/baf6fd722b999df7881d1cc130b5abb0","name":"Redazione EventiYoga","image":{"@type":"ImageObject","inLanguage":"en-US","@id":"https:\/\/eventiyoga.it\/blog\/#\/schema\/person\/image\/","url":"https:\/\/secure.gravatar.com\/avatar\/839ba21ae8a8a0c224183a3fdd70f673ae7387c1b6b0c149143342ed9586efd3?s=96&d=mm&r=g","contentUrl":"https:\/\/secure.gravatar.com\/avatar\/839ba21ae8a8a0c224183a3fdd70f673ae7387c1b6b0c149143342ed9586efd3?s=96&d=mm&r=g","caption":"Redazione EventiYoga"},"description":"Ci occupiamo dei contenuti di EventiYoga e delle traduzioni dei contenuti da siti partner. Contattaci per avere maggiori informazioni su come promuoverti su e tramite Eventi Yoga. Puoi scriverci a info@eventiyoga.it.","sameAs":["https:\/\/eventiyoga.it\/","https:\/\/www.facebook.com\/eventiyogaitalia\/"],"url":"https:\/\/eventiyoga.it\/blog\/author\/redazione-eventiyoga\/"}]}},"_links":{"self":[{"href":"https:\/\/eventiyoga.it\/blog\/wp-json\/wp\/v2\/posts\/61510","targetHints":{"allow":["GET"]}}],"collection":[{"href":"https:\/\/eventiyoga.it\/blog\/wp-json\/wp\/v2\/posts"}],"about":[{"href":"https:\/\/eventiyoga.it\/blog\/wp-json\/wp\/v2\/types\/post"}],"author":[{"embeddable":true,"href":"https:\/\/eventiyoga.it\/blog\/wp-json\/wp\/v2\/users\/2"}],"replies":[{"embeddable":true,"href":"https:\/\/eventiyoga.it\/blog\/wp-json\/wp\/v2\/comments?post=61510"}],"version-history":[{"count":2,"href":"https:\/\/eventiyoga.it\/blog\/wp-json\/wp\/v2\/posts\/61510\/revisions"}],"predecessor-version":[{"id":72488,"href":"https:\/\/eventiyoga.it\/blog\/wp-json\/wp\/v2\/posts\/61510\/revisions\/72488"}],"wp:featuredmedia":[{"embeddable":true,"href":"https:\/\/eventiyoga.it\/blog\/wp-json\/wp\/v2\/media\/61511"}],"wp:attachment":[{"href":"https:\/\/eventiyoga.it\/blog\/wp-json\/wp\/v2\/media?parent=61510"}],"wp:term":[{"taxonomy":"category","embeddable":true,"href":"https:\/\/eventiyoga.it\/blog\/wp-json\/wp\/v2\/categories?post=61510"},{"taxonomy":"post_tag","embeddable":true,"href":"https:\/\/eventiyoga.it\/blog\/wp-json\/wp\/v2\/tags?post=61510"}],"curies":[{"name":"wp","href":"https:\/\/api.w.org\/{rel}","templated":true}]}}