{"id":71357,"date":"2025-11-20T10:55:19","date_gmt":"2025-11-20T09:55:19","guid":{"rendered":"https:\/\/eventiyoga.it\/blog\/?p=71357"},"modified":"2025-12-11T08:12:29","modified_gmt":"2025-12-11T07:12:29","slug":"eventiyoga-novita","status":"publish","type":"post","link":"https:\/\/eventiyoga.it\/blog\/eventiyoga-novita\/","title":{"rendered":"Grande novit\u00e0: Eventi Yoga si rinnova!"},"content":{"rendered":"\n<p>Sta per succedere: <strong>EventiYoga cambia faccia!<\/strong> ?<\/p>\n\n\n\n<p>Lo fa per te.<\/p>\n\n\n\n<p>Stiamo lavorando a una piattaforma nuova: pi\u00f9 veloce, pi\u00f9 sicura, pi\u00f9 semplice da usare. Tutto quello che ami, solo migliore e con vantaggi concreti.<\/p>\n\n\n\n<p>\u00c8 un piacere condividere con tutta la community questa grande novit\u00e0!<\/p>\n\n\n\n<hr class=\"wp-block-separator has-text-color has-white-color has-alpha-channel-opacity has-white-background-color has-background\"\/>\n\n\n\n<div id=\"ez-toc-container\" class=\"ez-toc-v2_0_68_1 counter-hierarchy ez-toc-counter ez-toc-grey ez-toc-container-direction\">\n<div class=\"ez-toc-title-container\">\n<p class=\"ez-toc-title \" >Indice<\/p>\n<span class=\"ez-toc-title-toggle\"><a href=\"#\" class=\"ez-toc-pull-right ez-toc-btn ez-toc-btn-xs ez-toc-btn-default ez-toc-toggle\" aria-label=\"Toggle Table of Content\"><span class=\"ez-toc-js-icon-con\"><span class=\"\"><span class=\"eztoc-hide\" style=\"display:none;\">Toggle<\/span><span class=\"ez-toc-icon-toggle-span\"><svg style=\"fill: #999;color:#999\" xmlns=\"http:\/\/www.w3.org\/2000\/svg\" class=\"list-377408\" width=\"20px\" height=\"20px\" viewBox=\"0 0 24 24\" fill=\"none\"><path d=\"M6 6H4v2h2V6zm14 0H8v2h12V6zM4 11h2v2H4v-2zm16 0H8v2h12v-2zM4 16h2v2H4v-2zm16 0H8v2h12v-2z\" fill=\"currentColor\"><\/path><\/svg><svg style=\"fill: #999;color:#999\" class=\"arrow-unsorted-368013\" xmlns=\"http:\/\/www.w3.org\/2000\/svg\" width=\"10px\" height=\"10px\" viewBox=\"0 0 24 24\" version=\"1.2\" baseProfile=\"tiny\"><path d=\"M18.2 9.3l-6.2-6.3-6.2 6.3c-.2.2-.3.4-.3.7s.1.5.3.7c.2.2.4.3.7.3h11c.3 0 .5-.1.7-.3.2-.2.3-.5.3-.7s-.1-.5-.3-.7zM5.8 14.7l6.2 6.3 6.2-6.3c.2-.2.3-.5.3-.7s-.1-.5-.3-.7c-.2-.2-.4-.3-.7-.3h-11c-.3 0-.5.1-.7.3-.2.2-.3.5-.3.7s.1.5.3.7z\"\/><\/svg><\/span><\/span><\/span><\/a><\/span><\/div>\n<nav><ul class='ez-toc-list ez-toc-list-level-1 ' ><li class='ez-toc-page-1 ez-toc-heading-level-2'><a class=\"ez-toc-link ez-toc-heading-1\" href=\"https:\/\/eventiyoga.it\/blog\/eventiyoga-novita\/#Cosa_cambia_per_te\" title=\"Cosa cambia per te?\">Cosa cambia per te?<\/a><\/li><li class='ez-toc-page-1 ez-toc-heading-level-2'><a class=\"ez-toc-link ez-toc-heading-2\" href=\"https:\/\/eventiyoga.it\/blog\/eventiyoga-novita\/#Cosa_significa_concretamente\" title=\"Cosa significa concretamente?\">Cosa significa concretamente?<\/a><\/li><li class='ez-toc-page-1 ez-toc-heading-level-2'><a class=\"ez-toc-link ez-toc-heading-3\" href=\"https:\/\/eventiyoga.it\/blog\/eventiyoga-novita\/#Un_piccolo_%E2%80%9Cfuori_servizio%E2%80%9D_necessario\" title=\"Un piccolo &#8220;fuori servizio&#8221; necessario ?\">Un piccolo &#8220;fuori servizio&#8221; necessario ?<\/a><\/li><li class='ez-toc-page-1 ez-toc-heading-level-2'><a class=\"ez-toc-link ez-toc-heading-4\" href=\"https:\/\/eventiyoga.it\/blog\/eventiyoga-novita\/#Cosa_puoi_fare_adesso\" title=\"Cosa puoi fare adesso?\">Cosa puoi fare adesso?<\/a><\/li><li class='ez-toc-page-1 ez-toc-heading-level-2'><a class=\"ez-toc-link ez-toc-heading-5\" href=\"https:\/\/eventiyoga.it\/blog\/eventiyoga-novita\/#Altre_risorse_interessanti\" title=\"Altre risorse interessanti\">Altre risorse interessanti<\/a><\/li><\/ul><\/nav><\/div>\n<h2 class=\"wp-block-heading\"><span class=\"ez-toc-section\" id=\"Cosa_cambia_per_te\"><\/span>Cosa cambia per te?<span class=\"ez-toc-section-end\"><\/span><\/h2>\n\n\n\n<p>Niente di cui preoccuparsi, solo migliorie.<\/p>\n\n\n\n<ul class=\"wp-block-list\">\n<li><strong>Nessun costo aggiuntivo:<\/strong> le tariffe restano le stesse.<\/li>\n\n\n\n<li><strong>Nessuna sottoscrizione nascosta:<\/strong> trasparenza totale, come sempre.<\/li>\n\n\n\n<li><strong>I tuoi dati sono al sicuro:<\/strong> profili, eventi e contenuti resteranno tutti al loro posto.<\/li>\n\n\n\n<li><strong>Funzionalit\u00e0 migliorate:<\/strong> tutto quello che gi\u00e0 ami, ma pi\u00f9 semplice e veloce.<\/li>\n<\/ul>\n\n\n\n<hr class=\"wp-block-separator has-text-color has-white-color has-alpha-channel-opacity has-white-background-color has-background\"\/>\n\n\n\n<hr class=\"wp-block-separator has-text-color has-white-color has-alpha-channel-opacity has-white-background-color has-background\"\/>\n\n\n\n<figure class=\"wp-block-image size-full\"><a href=\"https:\/\/eventiyoga.it\/blog\/wp-content\/uploads\/2025\/11\/eventiyoga-community.jpg\"><img decoding=\"async\" src=\"data:image\/gif;base64,R0lGODlhAQABAIAAAAAAAP\/\/\/yH5BAEAAAAALAAAAAABAAEAAAIBRAA7\" data-src=\"https:\/\/eventiyoga.it\/blog\/wp-content\/uploads\/2025\/11\/eventiyoga-community.jpg\" alt=\"eventiyoga-community\" class=\"wp-image-71361\"\/><noscript><img decoding=\"async\" src=\"https:\/\/eventiyoga.it\/blog\/wp-content\/uploads\/2025\/11\/eventiyoga-community.jpg\" alt=\"eventiyoga-community\" class=\"wp-image-71361\"\/><\/noscript><\/a><\/figure>\n\n\n\n<hr class=\"wp-block-separator has-text-color has-white-color has-alpha-channel-opacity has-white-background-color has-background\"\/>\n\n\n\n<h2 class=\"wp-block-heading\"><span class=\"ez-toc-section\" id=\"Cosa_significa_concretamente\"><\/span>Cosa significa concretamente?<span class=\"ez-toc-section-end\"><\/span><\/h2>\n\n\n\n<ul class=\"wp-block-list\">\n<li><strong>Se pratichi yoga:<\/strong> Troverai eventi e ritiri ancora pi\u00f9 facilmente, con una ricerca pi\u00f9 intuitiva e veloce.<\/li>\n<\/ul>\n\n\n\n<ul class=\"wp-block-list\">\n<li><strong>Se insegni o gestisci un centro:<\/strong> Pubblicare eventi diventer\u00e0 pi\u00f9 semplice e avrai nuovi strumenti per farti conoscere meglio.<\/li>\n<\/ul>\n\n\n\n<ul class=\"wp-block-list\">\n<li><strong>Se hai una struttura yoga:<\/strong> Potrai valorizzare i tuoi spazi con maggiore visibilit\u00e0 e funzionalit\u00e0 dedicate.<\/li>\n<\/ul>\n\n\n\n<hr class=\"wp-block-separator has-text-color has-white-color has-alpha-channel-opacity has-white-background-color has-background\"\/>\n\n\n\n<h2 class=\"wp-block-heading\"><span class=\"ez-toc-section\" id=\"Un_piccolo_%E2%80%9Cfuori_servizio%E2%80%9D_necessario\"><\/span>Un piccolo &#8220;fuori servizio&#8221; necessario ?<span class=\"ez-toc-section-end\"><\/span><\/h2>\n\n\n\n<p>Nei prossimi giorni ci sar\u00e0 il &#8220;trasloco&#8221;. <strong>Per un breve periodo il sito non sar\u00e0 accessibile<\/strong>, ma \u00e8 solo il tempo necessario per completare il passaggio alla nuova piattaforma.<\/p>\n\n\n\n<p><strong>Non spaventarti:<\/strong> \u00e8 normale, temporaneo e necessario per regalarti un&#8217;esperienza davvero migliore.<\/p>\n\n\n\n<p>Siamo entusiasti di questo passo avanti &#8211; e lo facciamo per te, per noi, per la nostra community.<\/p>\n\n\n\n<p>Continua a seguirci: <strong>le novit\u00e0 sono solo all&#8217;inizio<\/strong>.<\/p>\n\n\n\n<hr class=\"wp-block-separator has-text-color has-white-color has-alpha-channel-opacity has-white-background-color has-background\"\/>\n\n\n\n<hr class=\"wp-block-separator has-text-color has-white-color has-alpha-channel-opacity has-white-background-color has-background\"\/>\n\n\n\n<figure class=\"wp-block-image size-full\"><a href=\"https:\/\/eventiyoga.it\/blog\/wp-content\/uploads\/2025\/11\/eventiyoga-italia.jpg\"><img decoding=\"async\" src=\"data:image\/gif;base64,R0lGODlhAQABAIAAAAAAAP\/\/\/yH5BAEAAAAALAAAAAABAAEAAAIBRAA7\" data-src=\"https:\/\/eventiyoga.it\/blog\/wp-content\/uploads\/2025\/11\/eventiyoga-italia.jpg\" alt=\"eventiyoga-italia\" class=\"wp-image-71362\"\/><noscript><img decoding=\"async\" src=\"https:\/\/eventiyoga.it\/blog\/wp-content\/uploads\/2025\/11\/eventiyoga-italia.jpg\" alt=\"eventiyoga-italia\" class=\"wp-image-71362\"\/><\/noscript><\/a><\/figure>\n\n\n\n<hr class=\"wp-block-separator has-text-color has-white-color has-alpha-channel-opacity has-white-background-color has-background\"\/>\n\n\n\n<h2 class=\"wp-block-heading\"><span class=\"ez-toc-section\" id=\"Cosa_puoi_fare_adesso\"><\/span>Cosa puoi fare adesso?<span class=\"ez-toc-section-end\"><\/span><\/h2>\n\n\n\n<p>Mentre noi lavoriamo &#8220;dietro le quinte&#8221;, la piattaforma \u00e8 <strong>pienamente operativa<\/strong>. Non mettere in pausa la tua pratica!<\/p>\n\n\n\n<hr class=\"wp-block-separator has-text-color has-white-color has-alpha-channel-opacity has-white-background-color has-background\"\/>\n\n\n\n<h3 class=\"wp-block-heading\">Cerca il tuo prossimo evento<\/h3>\n\n\n\n<p>? <em>Sfoglia il calendario e trova ritiri, corsi e vacanze yoga in programma.<\/em><\/p>\n\n\n\n<ul class=\"wp-block-list\">\n<li><a href=\"https:\/\/eventiyoga.it\/blog\/vacanze-workshop-yoga-e-benessere-gennaio\/\" target=\"_blank\" rel=\"noreferrer noopener\"><u>\u200bGennaio\u200b<\/u><\/a><\/li>\n\n\n\n<li><a href=\"https:\/\/eventiyoga.it\/blog\/vacanze-seminari-workshop-yoga-benessere-febbraio\/\" target=\"_blank\" rel=\"noreferrer noopener\"><u>\u200bFebbraio\u200b<\/u><\/a><\/li>\n\n\n\n<li><a href=\"https:\/\/eventiyoga.it\/blog\/vacanze-seminari-workshop-yoga-benessere-marzo\/\" target=\"_blank\" rel=\"noreferrer noopener\"><u>\u200bMarzo\u200b<\/u><\/a><\/li>\n\n\n\n<li><a href=\"https:\/\/eventiyoga.it\/blog\/vacanze-yoga-aprile\/\" target=\"_blank\" rel=\"noreferrer noopener\"><u>\u200bAprile\u200b<\/u><\/a><\/li>\n\n\n\n<li><a href=\"https:\/\/eventiyoga.it\/blog\/vacanze-yoga-maggio\/\" target=\"_blank\" rel=\"noreferrer noopener\"><u>\u200bMaggio\u200b<\/u><\/a><\/li>\n\n\n\n<li><a href=\"https:\/\/eventiyoga.it\/blog\/vacanze-yoga-e-benessere-giugno-offerte\/\" target=\"_blank\" rel=\"noreferrer noopener\"><u>\u200bGiugno\u200b<\/u><\/a><\/li>\n\n\n\n<li><a href=\"https:\/\/eventiyoga.it\/blog\/vacanze-yoga-e-benessere-luglio-offerte\/\" target=\"_blank\" rel=\"noreferrer noopener\"><u>\u200bLuglio\u200b<\/u><\/a><\/li>\n\n\n\n<li><a href=\"https:\/\/eventiyoga.it\/blog\/vacanze-yoga-e-benessere-agosto-offerte\/\" target=\"_blank\" rel=\"noreferrer noopener\"><u>\u200bAgosto\u200b<\/u><\/a><\/li>\n\n\n\n<li><a href=\"https:\/\/eventiyoga.it\/blog\/vacanze-yoga-e-benessere-settembre-offerte\/\" target=\"_blank\" rel=\"noreferrer noopener\"><u>\u200bSettembre\u200b<\/u><\/a><\/li>\n\n\n\n<li><a href=\"https:\/\/eventiyoga.it\/blog\/vacanze-yoga-e-benessere-ottobre-offerte\/\" target=\"_blank\" rel=\"noreferrer noopener\"><u>\u200bOttobre\u200b<\/u><\/a><\/li>\n\n\n\n<li><a href=\"https:\/\/eventiyoga.it\/blog\/vacanze-yoga-e-benessere-novembre-offerte\/\" target=\"_blank\" rel=\"noreferrer noopener\"><u>\u200bNovembre\u200b<\/u><\/a><\/li>\n\n\n\n<li><a href=\"https:\/\/eventiyoga.it\/blog\/vacanze-yoga-e-benessere-dicembre\/\" target=\"_blank\" rel=\"noreferrer noopener\"><u>\u200bDicembre<\/u><\/a><\/li>\n<\/ul>\n\n\n\n<hr class=\"wp-block-separator has-text-color has-white-color has-alpha-channel-opacity has-white-background-color has-background\"\/>\n\n\n\n<hr class=\"wp-block-separator has-text-color has-white-color has-alpha-channel-opacity has-white-background-color has-background\"\/>\n\n\n\n<h3 class=\"wp-block-heading\">Non perdere gli aggiornamenti, offerte e novit\u00e0<\/h3>\n\n\n\n<p>Non hai tempo di cercare tra le mille proposte sul web? Lascia che siano le occasioni a venire da te.<\/p>\n\n\n\n<p>Ricevi il meglio di EventiYoga, direttamente nella tua casella e-mail.<\/p>\n\n\n\n<p>? <a href=\"https:\/\/eventiyoga.it\/blog\/newsletter-eventi-yoga\/\">Iscriviti alla Newsletter ora e scarica un Bonus<\/a><\/p>\n\n\n\n<p>Le migliori offerte e proposte di qualit\u00e0 selezionate dalla nostra redazione. <br>Niente stress, solo yoga.<\/p>\n\n\n\n<h2 class=\"wp-block-heading\"><span class=\"ez-toc-section\" id=\"Altre_risorse_interessanti\"><\/span>Altre risorse interessanti<span class=\"ez-toc-section-end\"><\/span><\/h2>\n\n\n\n<ul class=\"wp-block-list\">\n<li><a href=\"https:\/\/eventiyoga.it\/blog\/app-eventiyoga\/\" target=\"_blank\" rel=\"noreferrer noopener\">App Yoga Gratis: scarica l\u2019APP Eventi Yoga<\/a><\/li>\n\n\n\n<li><a href=\"https:\/\/eventiyoga.it\/blog\/vacanze-yoga-capodanno\/\" target=\"_blank\" rel=\"noreferrer noopener\">Vacanze e Ritiri Yoga Capodanno 2026<\/a><\/li>\n\n\n\n<li><a href=\"https:\/\/eventiyoga.it\/blog\/vacanze-yoga-2\/\" target=\"_blank\" rel=\"noreferrer noopener\">Vacanze Yoga e Benessere Primavera-Estate 2026<\/a><\/li>\n\n\n\n<li><a href=\"https:\/\/eventiyoga.it\/blog\/centri-yoga-in-italia-divisi-per-regione\/\" target=\"_blank\" rel=\"noreferrer noopener\">Guida completa ai centri yoga in Italia<\/a><\/li>\n\n\n\n<li><a href=\"https:\/\/eventiyoga.it\/blog\/strutture-yoga-divise-per-regione\/\" target=\"_blank\" rel=\"noreferrer noopener\">Yoga Location: Strutture Turistiche per organizzare Ritiri Yoga<\/a><\/li>\n<\/ul>\n\n\n\n<p><\/p>\n\n\n\n<p><\/p>\n\n\n\n<p><\/p>\n\n\n\n<p><\/p>\n","protected":false},"excerpt":{"rendered":"<p>Sta per succedere: EventiYoga cambia faccia! ? Lo fa per te. Stiamo lavorando a una piattaforma nuova: pi\u00f9 veloce, pi\u00f9 sicura, pi\u00f9 semplice da usare. Tutto quello che ami, solo migliore e con vantaggi concreti. \u00c8 un piacere condividere con tutta la community questa grande novit\u00e0! Cosa cambia per te? Niente di cui preoccuparsi, solo [&hellip;]<\/p>\n","protected":false},"author":2,"featured_media":71360,"comment_status":"open","ping_status":"open","sticky":false,"template":"","format":"standard","meta":{"_acf_changed":false,"_editorskit_title_hidden":false,"_editorskit_reading_time":0,"_editorskit_is_block_options_detached":false,"_editorskit_block_options_position":"{}","footnotes":""},"categories":[41],"tags":[47],"class_list":["post-71357","post","type-post","status-publish","format-standard","has-post-thumbnail","hentry","category-tips","tag-eventi-yoga"],"acf":[],"yoast_head":"<!-- This site is optimized with the Yoast SEO plugin v26.4 - https:\/\/yoast.com\/wordpress\/plugins\/seo\/ -->\n<title>Grande novit\u00e0: Eventi Yoga si rinnova!<\/title>\n<meta name=\"description\" content=\"EventiYoga si rinnova! Arriva una piattaforma pi\u00f9 veloce e sicura. Nessun costo extra e dati al sicuro. Scopri cosa cambia per insegnanti e praticanti.\" \/>\n<meta name=\"robots\" content=\"index, follow, max-snippet:-1, max-image-preview:large, max-video-preview:-1\" \/>\n<link rel=\"canonical\" href=\"https:\/\/eventiyoga.it\/blog\/eventiyoga-novita\/\" \/>\n<meta property=\"og:locale\" content=\"en_US\" \/>\n<meta property=\"og:type\" content=\"article\" \/>\n<meta property=\"og:title\" content=\"Grande novit\u00e0: Eventi Yoga si rinnova!\" \/>\n<meta property=\"og:description\" content=\"EventiYoga si rinnova! Arriva una piattaforma pi\u00f9 veloce e sicura. Nessun costo extra e dati al sicuro. Scopri cosa cambia per insegnanti e praticanti.\" \/>\n<meta property=\"og:url\" content=\"https:\/\/eventiyoga.it\/blog\/eventiyoga-novita\/\" \/>\n<meta property=\"og:site_name\" content=\"Eventi Yoga\" \/>\n<meta property=\"article:author\" content=\"https:\/\/www.facebook.com\/eventiyogaitalia\/\" \/>\n<meta property=\"article:published_time\" content=\"2025-11-20T09:55:19+00:00\" \/>\n<meta property=\"article:modified_time\" content=\"2025-12-11T07:12:29+00:00\" \/>\n<meta property=\"og:image\" content=\"https:\/\/eventiyoga.it\/blog\/wp-content\/uploads\/2025\/11\/eventiyoga-novita.jpg\" \/>\n\t<meta property=\"og:image:width\" content=\"1024\" \/>\n\t<meta property=\"og:image:height\" content=\"768\" \/>\n\t<meta property=\"og:image:type\" content=\"image\/jpeg\" \/>\n<meta name=\"author\" content=\"Redazione EventiYoga\" \/>\n<meta name=\"twitter:card\" content=\"summary_large_image\" \/>\n<meta name=\"twitter:label1\" content=\"Written by\" \/>\n\t<meta name=\"twitter:data1\" content=\"Redazione EventiYoga\" \/>\n\t<meta name=\"twitter:label2\" content=\"Est. reading time\" \/>\n\t<meta name=\"twitter:data2\" content=\"3 minutes\" \/>\n<script type=\"application\/ld+json\" class=\"yoast-schema-graph\">{\"@context\":\"https:\/\/schema.org\",\"@graph\":[{\"@type\":\"WebPage\",\"@id\":\"https:\/\/eventiyoga.it\/blog\/eventiyoga-novita\/\",\"url\":\"https:\/\/eventiyoga.it\/blog\/eventiyoga-novita\/\",\"name\":\"Grande novit\u00e0: Eventi Yoga si rinnova!\",\"isPartOf\":{\"@id\":\"https:\/\/eventiyoga.it\/blog\/#website\"},\"primaryImageOfPage\":{\"@id\":\"https:\/\/eventiyoga.it\/blog\/eventiyoga-novita\/#primaryimage\"},\"image\":{\"@id\":\"https:\/\/eventiyoga.it\/blog\/eventiyoga-novita\/#primaryimage\"},\"thumbnailUrl\":\"https:\/\/eventiyoga.it\/blog\/wp-content\/uploads\/2025\/11\/eventiyoga-novita.jpg\",\"datePublished\":\"2025-11-20T09:55:19+00:00\",\"dateModified\":\"2025-12-11T07:12:29+00:00\",\"author\":{\"@id\":\"https:\/\/eventiyoga.it\/blog\/#\/schema\/person\/baf6fd722b999df7881d1cc130b5abb0\"},\"description\":\"EventiYoga si rinnova! Arriva una piattaforma pi\u00f9 veloce e sicura. Nessun costo extra e dati al sicuro. Scopri cosa cambia per insegnanti e praticanti.\",\"breadcrumb\":{\"@id\":\"https:\/\/eventiyoga.it\/blog\/eventiyoga-novita\/#breadcrumb\"},\"inLanguage\":\"en-US\",\"potentialAction\":[{\"@type\":\"ReadAction\",\"target\":[\"https:\/\/eventiyoga.it\/blog\/eventiyoga-novita\/\"]}]},{\"@type\":\"ImageObject\",\"inLanguage\":\"en-US\",\"@id\":\"https:\/\/eventiyoga.it\/blog\/eventiyoga-novita\/#primaryimage\",\"url\":\"https:\/\/eventiyoga.it\/blog\/wp-content\/uploads\/2025\/11\/eventiyoga-novita.jpg\",\"contentUrl\":\"https:\/\/eventiyoga.it\/blog\/wp-content\/uploads\/2025\/11\/eventiyoga-novita.jpg\",\"width\":1024,\"height\":768,\"caption\":\"eventiyoga-novita\"},{\"@type\":\"BreadcrumbList\",\"@id\":\"https:\/\/eventiyoga.it\/blog\/eventiyoga-novita\/#breadcrumb\",\"itemListElement\":[{\"@type\":\"ListItem\",\"position\":1,\"name\":\"Home\",\"item\":\"https:\/\/eventiyoga.it\/blog\/\"},{\"@type\":\"ListItem\",\"position\":2,\"name\":\"Grande novit\u00e0: Eventi Yoga si rinnova!\"}]},{\"@type\":\"WebSite\",\"@id\":\"https:\/\/eventiyoga.it\/blog\/#website\",\"url\":\"https:\/\/eventiyoga.it\/blog\/\",\"name\":\"Eventi Yoga\",\"description\":\"Il portale Italiano per gli eventi dello yoga\",\"potentialAction\":[{\"@type\":\"SearchAction\",\"target\":{\"@type\":\"EntryPoint\",\"urlTemplate\":\"https:\/\/eventiyoga.it\/blog\/?s={search_term_string}\"},\"query-input\":{\"@type\":\"PropertyValueSpecification\",\"valueRequired\":true,\"valueName\":\"search_term_string\"}}],\"inLanguage\":\"en-US\"},{\"@type\":\"Person\",\"@id\":\"https:\/\/eventiyoga.it\/blog\/#\/schema\/person\/baf6fd722b999df7881d1cc130b5abb0\",\"name\":\"Redazione EventiYoga\",\"image\":{\"@type\":\"ImageObject\",\"inLanguage\":\"en-US\",\"@id\":\"https:\/\/eventiyoga.it\/blog\/#\/schema\/person\/image\/\",\"url\":\"https:\/\/secure.gravatar.com\/avatar\/839ba21ae8a8a0c224183a3fdd70f673ae7387c1b6b0c149143342ed9586efd3?s=96&d=mm&r=g\",\"contentUrl\":\"https:\/\/secure.gravatar.com\/avatar\/839ba21ae8a8a0c224183a3fdd70f673ae7387c1b6b0c149143342ed9586efd3?s=96&d=mm&r=g\",\"caption\":\"Redazione EventiYoga\"},\"description\":\"Ci occupiamo dei contenuti di EventiYoga e delle traduzioni dei contenuti da siti partner. Contattaci per avere maggiori informazioni su come promuoverti su e tramite Eventi Yoga. Puoi scriverci a info@eventiyoga.it.\",\"sameAs\":[\"https:\/\/eventiyoga.it\/\",\"https:\/\/www.facebook.com\/eventiyogaitalia\/\"],\"url\":\"https:\/\/eventiyoga.it\/blog\/author\/redazione-eventiyoga\/\"}]}<\/script>\n<!-- \/ Yoast SEO plugin. -->","yoast_head_json":{"title":"Grande novit\u00e0: Eventi Yoga si rinnova!","description":"EventiYoga si rinnova! Arriva una piattaforma pi\u00f9 veloce e sicura. Nessun costo extra e dati al sicuro. Scopri cosa cambia per insegnanti e praticanti.","robots":{"index":"index","follow":"follow","max-snippet":"max-snippet:-1","max-image-preview":"max-image-preview:large","max-video-preview":"max-video-preview:-1"},"canonical":"https:\/\/eventiyoga.it\/blog\/eventiyoga-novita\/","og_locale":"en_US","og_type":"article","og_title":"Grande novit\u00e0: Eventi Yoga si rinnova!","og_description":"EventiYoga si rinnova! Arriva una piattaforma pi\u00f9 veloce e sicura. Nessun costo extra e dati al sicuro. Scopri cosa cambia per insegnanti e praticanti.","og_url":"https:\/\/eventiyoga.it\/blog\/eventiyoga-novita\/","og_site_name":"Eventi Yoga","article_author":"https:\/\/www.facebook.com\/eventiyogaitalia\/","article_published_time":"2025-11-20T09:55:19+00:00","article_modified_time":"2025-12-11T07:12:29+00:00","og_image":[{"width":1024,"height":768,"url":"https:\/\/eventiyoga.it\/blog\/wp-content\/uploads\/2025\/11\/eventiyoga-novita.jpg","type":"image\/jpeg"}],"author":"Redazione EventiYoga","twitter_card":"summary_large_image","twitter_misc":{"Written by":"Redazione EventiYoga","Est. reading time":"3 minutes"},"schema":{"@context":"https:\/\/schema.org","@graph":[{"@type":"WebPage","@id":"https:\/\/eventiyoga.it\/blog\/eventiyoga-novita\/","url":"https:\/\/eventiyoga.it\/blog\/eventiyoga-novita\/","name":"Grande novit\u00e0: Eventi Yoga si rinnova!","isPartOf":{"@id":"https:\/\/eventiyoga.it\/blog\/#website"},"primaryImageOfPage":{"@id":"https:\/\/eventiyoga.it\/blog\/eventiyoga-novita\/#primaryimage"},"image":{"@id":"https:\/\/eventiyoga.it\/blog\/eventiyoga-novita\/#primaryimage"},"thumbnailUrl":"https:\/\/eventiyoga.it\/blog\/wp-content\/uploads\/2025\/11\/eventiyoga-novita.jpg","datePublished":"2025-11-20T09:55:19+00:00","dateModified":"2025-12-11T07:12:29+00:00","author":{"@id":"https:\/\/eventiyoga.it\/blog\/#\/schema\/person\/baf6fd722b999df7881d1cc130b5abb0"},"description":"EventiYoga si rinnova! Arriva una piattaforma pi\u00f9 veloce e sicura. Nessun costo extra e dati al sicuro. Scopri cosa cambia per insegnanti e praticanti.","breadcrumb":{"@id":"https:\/\/eventiyoga.it\/blog\/eventiyoga-novita\/#breadcrumb"},"inLanguage":"en-US","potentialAction":[{"@type":"ReadAction","target":["https:\/\/eventiyoga.it\/blog\/eventiyoga-novita\/"]}]},{"@type":"ImageObject","inLanguage":"en-US","@id":"https:\/\/eventiyoga.it\/blog\/eventiyoga-novita\/#primaryimage","url":"https:\/\/eventiyoga.it\/blog\/wp-content\/uploads\/2025\/11\/eventiyoga-novita.jpg","contentUrl":"https:\/\/eventiyoga.it\/blog\/wp-content\/uploads\/2025\/11\/eventiyoga-novita.jpg","width":1024,"height":768,"caption":"eventiyoga-novita"},{"@type":"BreadcrumbList","@id":"https:\/\/eventiyoga.it\/blog\/eventiyoga-novita\/#breadcrumb","itemListElement":[{"@type":"ListItem","position":1,"name":"Home","item":"https:\/\/eventiyoga.it\/blog\/"},{"@type":"ListItem","position":2,"name":"Grande novit\u00e0: Eventi Yoga si rinnova!"}]},{"@type":"WebSite","@id":"https:\/\/eventiyoga.it\/blog\/#website","url":"https:\/\/eventiyoga.it\/blog\/","name":"Eventi Yoga","description":"Il portale Italiano per gli eventi dello yoga","potentialAction":[{"@type":"SearchAction","target":{"@type":"EntryPoint","urlTemplate":"https:\/\/eventiyoga.it\/blog\/?s={search_term_string}"},"query-input":{"@type":"PropertyValueSpecification","valueRequired":true,"valueName":"search_term_string"}}],"inLanguage":"en-US"},{"@type":"Person","@id":"https:\/\/eventiyoga.it\/blog\/#\/schema\/person\/baf6fd722b999df7881d1cc130b5abb0","name":"Redazione EventiYoga","image":{"@type":"ImageObject","inLanguage":"en-US","@id":"https:\/\/eventiyoga.it\/blog\/#\/schema\/person\/image\/","url":"https:\/\/secure.gravatar.com\/avatar\/839ba21ae8a8a0c224183a3fdd70f673ae7387c1b6b0c149143342ed9586efd3?s=96&d=mm&r=g","contentUrl":"https:\/\/secure.gravatar.com\/avatar\/839ba21ae8a8a0c224183a3fdd70f673ae7387c1b6b0c149143342ed9586efd3?s=96&d=mm&r=g","caption":"Redazione EventiYoga"},"description":"Ci occupiamo dei contenuti di EventiYoga e delle traduzioni dei contenuti da siti partner. Contattaci per avere maggiori informazioni su come promuoverti su e tramite Eventi Yoga. Puoi scriverci a info@eventiyoga.it.","sameAs":["https:\/\/eventiyoga.it\/","https:\/\/www.facebook.com\/eventiyogaitalia\/"],"url":"https:\/\/eventiyoga.it\/blog\/author\/redazione-eventiyoga\/"}]}},"_links":{"self":[{"href":"https:\/\/eventiyoga.it\/blog\/wp-json\/wp\/v2\/posts\/71357","targetHints":{"allow":["GET"]}}],"collection":[{"href":"https:\/\/eventiyoga.it\/blog\/wp-json\/wp\/v2\/posts"}],"about":[{"href":"https:\/\/eventiyoga.it\/blog\/wp-json\/wp\/v2\/types\/post"}],"author":[{"embeddable":true,"href":"https:\/\/eventiyoga.it\/blog\/wp-json\/wp\/v2\/users\/2"}],"replies":[{"embeddable":true,"href":"https:\/\/eventiyoga.it\/blog\/wp-json\/wp\/v2\/comments?post=71357"}],"version-history":[{"count":3,"href":"https:\/\/eventiyoga.it\/blog\/wp-json\/wp\/v2\/posts\/71357\/revisions"}],"predecessor-version":[{"id":71505,"href":"https:\/\/eventiyoga.it\/blog\/wp-json\/wp\/v2\/posts\/71357\/revisions\/71505"}],"wp:featuredmedia":[{"embeddable":true,"href":"https:\/\/eventiyoga.it\/blog\/wp-json\/wp\/v2\/media\/71360"}],"wp:attachment":[{"href":"https:\/\/eventiyoga.it\/blog\/wp-json\/wp\/v2\/media?parent=71357"}],"wp:term":[{"taxonomy":"category","embeddable":true,"href":"https:\/\/eventiyoga.it\/blog\/wp-json\/wp\/v2\/categories?post=71357"},{"taxonomy":"post_tag","embeddable":true,"href":"https:\/\/eventiyoga.it\/blog\/wp-json\/wp\/v2\/tags?post=71357"}],"curies":[{"name":"wp","href":"https:\/\/api.w.org\/{rel}","templated":true}]}}