{"id":73463,"date":"2026-04-27T11:15:18","date_gmt":"2026-04-27T09:15:18","guid":{"rendered":"https:\/\/eventiyoga.it\/blog\/?p=73463"},"modified":"2026-04-27T12:04:52","modified_gmt":"2026-04-27T10:04:52","slug":"yoga-in-friuli-venezia-giulia","status":"publish","type":"post","link":"https:\/\/eventiyoga.it\/blog\/yoga-in-friuli-venezia-giulia\/","title":{"rendered":"Yoga in Friuli Venezia Giulia | Ritiri, Vacanze e Centri Yoga"},"content":{"rendered":"\n<div style=\"height:40px\" aria-hidden=\"true\" class=\"wp-block-spacer\"><\/div>\n\n\n\n<p>Stai cercando un luogo dove praticare yoga lontano dalle rotte pi\u00f9 battute? Il <strong>Friuli Venezia Giulia<\/strong> \u00e8 una di quelle regioni che sorprendono chi le scopre per la prima volta. Compressa tra le <strong>Alpi Giulie, il Carso e l&#8217;Adriatico<\/strong>, racchiude in pochi chilometri una variet\u00e0 di paesaggi rara: dalle cime dolomitiche alle lagune, dai vigneti del Collio ai borghi medievali, fino a una costa dove il mare ha un sapore diverso.<\/p>\n\n\n\n<p>In questo articolo troverai i <strong>centri yoga<\/strong> e gli <strong>insegnanti<\/strong> presenti sul territorio, le <strong>destinazioni pi\u00f9 interessanti<\/strong> per ritiri e vacanze yoga, i link diretti per cercare eventi sulla piattaforma EventiYoga e tutto ci\u00f2 che ti serve per organizzarti.<\/p>\n\n\n\n<p>Una regione che in pochi associano allo yoga &#8211; eppure ha tutto per diventare la tua prossima scoperta.<\/p>\n\n\n\n<hr class=\"wp-block-separator has-text-color has-white-color has-alpha-channel-opacity has-white-background-color has-background\"\/>\n\n\n\n<div id=\"ez-toc-container\" class=\"ez-toc-v2_0_68_1 counter-hierarchy ez-toc-counter ez-toc-grey ez-toc-container-direction\">\n<div class=\"ez-toc-title-container\">\n<p class=\"ez-toc-title \" >Indice<\/p>\n<span class=\"ez-toc-title-toggle\"><a href=\"#\" class=\"ez-toc-pull-right ez-toc-btn ez-toc-btn-xs ez-toc-btn-default ez-toc-toggle\" aria-label=\"Toggle Table of Content\"><span class=\"ez-toc-js-icon-con\"><span class=\"\"><span class=\"eztoc-hide\" style=\"display:none;\">Toggle<\/span><span class=\"ez-toc-icon-toggle-span\"><svg style=\"fill: #999;color:#999\" xmlns=\"http:\/\/www.w3.org\/2000\/svg\" class=\"list-377408\" width=\"20px\" height=\"20px\" viewBox=\"0 0 24 24\" fill=\"none\"><path d=\"M6 6H4v2h2V6zm14 0H8v2h12V6zM4 11h2v2H4v-2zm16 0H8v2h12v-2zM4 16h2v2H4v-2zm16 0H8v2h12v-2z\" fill=\"currentColor\"><\/path><\/svg><svg style=\"fill: #999;color:#999\" class=\"arrow-unsorted-368013\" xmlns=\"http:\/\/www.w3.org\/2000\/svg\" width=\"10px\" height=\"10px\" viewBox=\"0 0 24 24\" version=\"1.2\" baseProfile=\"tiny\"><path d=\"M18.2 9.3l-6.2-6.3-6.2 6.3c-.2.2-.3.4-.3.7s.1.5.3.7c.2.2.4.3.7.3h11c.3 0 .5-.1.7-.3.2-.2.3-.5.3-.7s-.1-.5-.3-.7zM5.8 14.7l6.2 6.3 6.2-6.3c.2-.2.3-.5.3-.7s-.1-.5-.3-.7c-.2-.2-.4-.3-.7-.3h-11c-.3 0-.5.1-.7.3-.2.2-.3.5-.3.7s.1.5.3.7z\"\/><\/svg><\/span><\/span><\/span><\/a><\/span><\/div>\n<nav><ul class='ez-toc-list ez-toc-list-level-1 ' ><li class='ez-toc-page-1 ez-toc-heading-level-2'><a class=\"ez-toc-link ez-toc-heading-1\" href=\"https:\/\/eventiyoga.it\/blog\/yoga-in-friuli-venezia-giulia\/#Perche_praticare_yoga_in_Friuli_Venezia_Giulia\" title=\"Perch\u00e9 praticare yoga in Friuli Venezia Giulia\">Perch\u00e9 praticare yoga in Friuli Venezia Giulia<\/a><\/li><li class='ez-toc-page-1 ez-toc-heading-level-2'><a class=\"ez-toc-link ez-toc-heading-2\" href=\"https:\/\/eventiyoga.it\/blog\/yoga-in-friuli-venezia-giulia\/#Eventi_e_Ritiri_Yoga_in_Friuli_Venezia_Giulia_le_prossime_date\" title=\"Eventi e Ritiri Yoga in Friuli Venezia Giulia: le prossime date\">Eventi e Ritiri Yoga in Friuli Venezia Giulia: le prossime date<\/a><\/li><li class='ez-toc-page-1 ez-toc-heading-level-2'><a class=\"ez-toc-link ez-toc-heading-3\" href=\"https:\/\/eventiyoga.it\/blog\/yoga-in-friuli-venezia-giulia\/#Cerca_eventi_yoga_per_provincia\" title=\"Cerca eventi yoga per provincia\">Cerca eventi yoga per provincia<\/a><\/li><li class='ez-toc-page-1 ez-toc-heading-level-2'><a class=\"ez-toc-link ez-toc-heading-4\" href=\"https:\/\/eventiyoga.it\/blog\/yoga-in-friuli-venezia-giulia\/#Quando_partire_eventi_yoga_per_mese_e_festivita\" title=\"Quando partire: eventi yoga per mese e festivit\u00e0\">Quando partire: eventi yoga per mese e festivit\u00e0<\/a><\/li><li class='ez-toc-page-1 ez-toc-heading-level-2'><a class=\"ez-toc-link ez-toc-heading-5\" href=\"https:\/\/eventiyoga.it\/blog\/yoga-in-friuli-venezia-giulia\/#I_centri_yoga_in_Friuli_Venezia_Giulia\" title=\"I centri yoga in Friuli Venezia Giulia\">I centri yoga in Friuli Venezia Giulia<\/a><\/li><li class='ez-toc-page-1 ez-toc-heading-level-2'><a class=\"ez-toc-link ez-toc-heading-6\" href=\"https:\/\/eventiyoga.it\/blog\/yoga-in-friuli-venezia-giulia\/#Insegnanti_yoga_in_Friuli_Venezia_Giulia\" title=\"Insegnanti yoga in Friuli Venezia Giulia\">Insegnanti yoga in Friuli Venezia Giulia<\/a><\/li><li class='ez-toc-page-1 ez-toc-heading-level-2'><a class=\"ez-toc-link ez-toc-heading-7\" href=\"https:\/\/eventiyoga.it\/blog\/yoga-in-friuli-venezia-giulia\/#Le_destinazioni_yoga_piu_belle_in_Friuli_Venezia_Giulia\" title=\"Le destinazioni yoga pi\u00f9 belle in Friuli Venezia Giulia\">Le destinazioni yoga pi\u00f9 belle in Friuli Venezia Giulia<\/a><\/li><li class='ez-toc-page-1 ez-toc-heading-level-2'><a class=\"ez-toc-link ez-toc-heading-8\" href=\"https:\/\/eventiyoga.it\/blog\/yoga-in-friuli-venezia-giulia\/#Domande_frequenti_sullo_yoga_in_Friuli_Venezia_Giulia\" title=\"Domande frequenti sullo yoga in Friuli Venezia Giulia\">Domande frequenti sullo yoga in Friuli Venezia Giulia<\/a><\/li><li class='ez-toc-page-1 ez-toc-heading-level-2'><a class=\"ez-toc-link ez-toc-heading-9\" href=\"https:\/\/eventiyoga.it\/blog\/yoga-in-friuli-venezia-giulia\/#Sei_un_insegnante_Pubblica_il_tuo_evento_yoga_in_Friuli_Venezia_Giulia\" title=\"Sei un insegnante? Pubblica il tuo evento yoga in Friuli Venezia Giulia\">Sei un insegnante? Pubblica il tuo evento yoga in Friuli Venezia Giulia<\/a><\/li><li class='ez-toc-page-1 ez-toc-heading-level-2'><a class=\"ez-toc-link ez-toc-heading-10\" href=\"https:\/\/eventiyoga.it\/blog\/yoga-in-friuli-venezia-giulia\/#Altre_risorse_interessanti\" title=\"Altre risorse interessanti\">Altre risorse interessanti<\/a><\/li><\/ul><\/nav><\/div>\n<h2 class=\"wp-block-heading\"><span class=\"ez-toc-section\" id=\"Perche_praticare_yoga_in_Friuli_Venezia_Giulia\"><\/span>Perch\u00e9 praticare yoga in Friuli Venezia Giulia<span class=\"ez-toc-section-end\"><\/span><\/h2>\n\n\n\n<p>Il Friuli Venezia Giulia \u00e8 una regione che sfugge alle definizioni semplici. In poco pi\u00f9 di 7.800 km\u00b2 convivono le <strong>Dolomiti Friulane<\/strong>, il <strong>Carso<\/strong> con le sue grotte e i suoi sentieri, la <strong>laguna di Grado e Marano<\/strong>, le spiagge di <strong>Lignano Sabbiadoro<\/strong> e citt\u00e0 dal fascino unico come <strong>Trieste<\/strong>, <strong>Udine<\/strong> e <strong>Cividale del Friuli<\/strong>. \u00c8 un territorio dove la natura cambia volto ogni pochi chilometri &#8211; e dove il silenzio, quando lo cerchi, lo trovi davvero.<\/p>\n\n\n\n<p>Per chi pratica yoga, questa variet\u00e0 \u00e8 un punto di forza enorme. Si pu\u00f2 scegliere tra un ritiro in montagna circondati dai boschi della <strong>Carnia<\/strong>, un weekend al mare sulla costa adriatica o un&#8217;esperienza urbana nelle sale yoga di Trieste e Pordenone. Il tutto senza le folle delle regioni pi\u00f9 turistiche e con un rapporto qualit\u00e0-prezzo tra i migliori d&#8217;Italia.<\/p>\n\n\n\n<p>C&#8217;\u00e8 poi un elemento che rende il Friuli Venezia Giulia diverso da qualsiasi altra regione: la sua <strong>anima di confine<\/strong>. Qui l&#8217;Italia incontra la Slovenia e l&#8217;Austria, la cultura mediterranea si mescola con quella mitteleuropea. Questa identit\u00e0 plurale si riflette anche nell&#8217;approccio allo yoga: una comunit\u00e0 di praticanti e insegnanti curiosa, aperta a influenze diverse e radicata in un territorio che invita alla riflessione.<\/p>\n\n\n\n<hr class=\"wp-block-separator has-text-color has-white-color has-alpha-channel-opacity has-white-background-color has-background\"\/>\n\n\n\n<figure class=\"wp-block-image size-full\"><img decoding=\"async\" src=\"data:image\/gif;base64,R0lGODlhAQABAIAAAAAAAP\/\/\/yH5BAEAAAAALAAAAAABAAEAAAIBRAA7\" data-src=\"https:\/\/eventiyoga.it\/blog\/wp-content\/uploads\/2026\/04\/montagne-vista-panoramica-Friuli-Venezia-Giulia.png\" alt=\"montagne-vista-panoramica-Friuli-Venezia-Giulia\" class=\"wp-image-73467\"\/><noscript><img loading=\"lazy\" decoding=\"async\" width=\"1024\" height=\"768\" src=\"https:\/\/eventiyoga.it\/blog\/wp-content\/uploads\/2026\/04\/montagne-vista-panoramica-Friuli-Venezia-Giulia.png\" alt=\"montagne-vista-panoramica-Friuli-Venezia-Giulia\" class=\"wp-image-73467\" srcset=\"https:\/\/eventiyoga.it\/blog\/wp-content\/uploads\/2026\/04\/montagne-vista-panoramica-Friuli-Venezia-Giulia.png 1024w, https:\/\/eventiyoga.it\/blog\/wp-content\/uploads\/2026\/04\/montagne-vista-panoramica-Friuli-Venezia-Giulia-300x225.png 300w, https:\/\/eventiyoga.it\/blog\/wp-content\/uploads\/2026\/04\/montagne-vista-panoramica-Friuli-Venezia-Giulia-768x576.png 768w\" sizes=\"auto, (max-width: 1024px) 100vw, 1024px\" \/><\/noscript><\/figure>\n\n\n\n<hr class=\"wp-block-separator has-text-color has-white-color has-alpha-channel-opacity has-white-background-color has-background\"\/>\n\n\n\n<h2 class=\"wp-block-heading\"><span class=\"ez-toc-section\" id=\"Eventi_e_Ritiri_Yoga_in_Friuli_Venezia_Giulia_le_prossime_date\"><\/span>Eventi e Ritiri Yoga in Friuli Venezia Giulia: le prossime date<span class=\"ez-toc-section-end\"><\/span><\/h2>\n\n\n\n<p>Vuoi partecipare a un <strong>ritiro yoga in Friuli Venezia Giulia<\/strong>? Scopri le esperienze in programma, selezionate dalla redazione di EventiYoga. Clicca sul titolo per vedere il programma completo, i contatti degli organizzatori e tutte le informazioni per partecipare.<\/p>\n\n\n\n<hr class=\"wp-block-separator has-text-color has-white-color has-alpha-channel-opacity has-white-background-color has-background\"\/>\n\n\n<div class=\"yoga-events-empty\"><p>Non ci sono eventi yoga futuri in Friuli Venezia Giulia.<\/p><\/div>\n\n\n\n<hr class=\"wp-block-separator has-text-color has-white-color has-alpha-channel-opacity has-white-background-color has-background\"\/>\n\n\n\n<p>\u2192 <a href=\"https:\/\/eventiyoga.it\/eventi-yoga?region=15&amp;page=1\">Vedi tutti gli eventi yoga in Friuli Venezia Giulia sulla piattaforma<\/a><\/p>\n\n\n\n<hr class=\"wp-block-separator has-text-color has-white-color has-alpha-channel-opacity has-white-background-color has-background\"\/>\n\n\n\n<h2 class=\"wp-block-heading\"><span class=\"ez-toc-section\" id=\"Cerca_eventi_yoga_per_provincia\"><\/span>Cerca eventi yoga per provincia<span class=\"ez-toc-section-end\"><\/span><\/h2>\n\n\n\n<p>Il Friuli Venezia Giulia \u00e8 suddiviso in quattro province, ciascuna con un carattere ben distinto. Usa i link qui sotto per accedere alla ricerca filtrata sulla piattaforma e trovare eventi, centri e insegnanti nella zona che ti interessa.<\/p>\n\n\n\n<hr class=\"wp-block-separator has-text-color has-white-color has-alpha-channel-opacity has-white-background-color has-background\"\/>\n\n\n\n<ul class=\"wp-block-list\">\n<li><strong>Gorizia<\/strong> &#8211; Il Collio e le sue colline punteggiate di vigneti, il confine con la Slovenia, i borghi silenziosi. Una provincia intima, ideale per ritiri lontani da tutto. <br>\u2192 <a href=\"https:\/\/eventiyoga.it\/eventi-yoga?region=15&amp;page=1&amp;province=41\" target=\"_blank\" rel=\"noreferrer noopener\">Cerca eventi yoga a Gorizia<\/a><\/li>\n<\/ul>\n\n\n\n<hr class=\"wp-block-separator has-text-color has-white-color has-alpha-channel-opacity has-white-background-color has-background\"\/>\n\n\n\n<ul class=\"wp-block-list\">\n<li><strong>Pordenone<\/strong> &#8211; Ai piedi delle Prealpi, tra fiumi e pianura, Pordenone \u00e8 una citt\u00e0 a misura d&#8217;uomo con una scena yoga attiva e centri di qualit\u00e0. <br>\u2192 <a href=\"https:\/\/eventiyoga.it\/eventi-yoga?region=15&amp;page=1&amp;province=71\" target=\"_blank\" rel=\"noreferrer noopener\">Cerca eventi yoga a Pordenone<\/a><\/li>\n<\/ul>\n\n\n\n<hr class=\"wp-block-separator has-text-color has-white-color has-alpha-channel-opacity has-white-background-color has-background\"\/>\n\n\n\n<ul class=\"wp-block-list\">\n<li><strong>Trieste<\/strong> &#8211; Affacciata sull&#8217;Adriatico con il Carso alle spalle, Trieste \u00e8 la citt\u00e0 pi\u00f9 cosmopolita della regione. Una comunit\u00e0 yoga vivace e radicata. <br>\u2192 <a href=\"https:\/\/eventiyoga.it\/eventi-yoga?region=15&amp;page=1&amp;province=101\" target=\"_blank\" rel=\"noreferrer noopener\">Cerca eventi yoga a Trieste<\/a><\/li>\n<\/ul>\n\n\n\n<hr class=\"wp-block-separator has-text-color has-white-color has-alpha-channel-opacity has-white-background-color has-background\"\/>\n\n\n\n<ul class=\"wp-block-list\">\n<li><strong>Udine<\/strong> &#8211; Elegante e vivace, Udine \u00e8 il cuore del Friuli storico. Nelle vicinanze, la Carnia e le Dolomiti Friulane offrono scenari perfetti per ritiri immersi nella natura. <br>\u2192 <a href=\"https:\/\/eventiyoga.it\/eventi-yoga?region=15&amp;page=1&amp;province=103\" target=\"_blank\" rel=\"noreferrer noopener\">Cerca eventi yoga a Udine<\/a><\/li>\n<\/ul>\n\n\n\n<hr class=\"wp-block-separator has-text-color has-white-color has-alpha-channel-opacity has-white-background-color has-background\"\/>\n\n\n\n<figure class=\"wp-block-image size-full\"><img decoding=\"async\" src=\"data:image\/gif;base64,R0lGODlhAQABAIAAAAAAAP\/\/\/yH5BAEAAAAALAAAAAABAAEAAAIBRAA7\" data-src=\"https:\/\/eventiyoga.it\/blog\/wp-content\/uploads\/2026\/04\/Marano-in-Friuli-Venezia-Giulia.png\" alt=\"Marano-in-Friuli-Venezia-Giulia\" class=\"wp-image-73470\"\/><noscript><img loading=\"lazy\" decoding=\"async\" width=\"1024\" height=\"768\" src=\"https:\/\/eventiyoga.it\/blog\/wp-content\/uploads\/2026\/04\/Marano-in-Friuli-Venezia-Giulia.png\" alt=\"Marano-in-Friuli-Venezia-Giulia\" class=\"wp-image-73470\" srcset=\"https:\/\/eventiyoga.it\/blog\/wp-content\/uploads\/2026\/04\/Marano-in-Friuli-Venezia-Giulia.png 1024w, https:\/\/eventiyoga.it\/blog\/wp-content\/uploads\/2026\/04\/Marano-in-Friuli-Venezia-Giulia-300x225.png 300w, https:\/\/eventiyoga.it\/blog\/wp-content\/uploads\/2026\/04\/Marano-in-Friuli-Venezia-Giulia-768x576.png 768w\" sizes=\"auto, (max-width: 1024px) 100vw, 1024px\" \/><\/noscript><\/figure>\n\n\n\n<hr class=\"wp-block-separator has-text-color has-white-color has-alpha-channel-opacity has-white-background-color has-background\"\/>\n\n\n\n<h2 class=\"wp-block-heading\"><span class=\"ez-toc-section\" id=\"Quando_partire_eventi_yoga_per_mese_e_festivita\"><\/span>Quando partire: eventi yoga per mese e festivit\u00e0<span class=\"ez-toc-section-end\"><\/span><\/h2>\n\n\n\n<p>Non hai ancora deciso quando partire? Consulta il calendario degli eventi yoga su EventiYoga: puoi filtrare per mese o per festivit\u00e0 e trovare la proposta perfetta per te.<\/p>\n\n\n\n<h3 class=\"wp-block-heading\"><strong>EVENTI YOGA PER MESE<\/strong><\/h3>\n\n\n\n<ul class=\"wp-block-list\">\n<li><a href=\"https:\/\/eventiyoga.it\/blog\/vacanze-workshop-yoga-e-benessere-gennaio\/\" target=\"_blank\" rel=\"noreferrer noopener\">Gennaio<\/a><\/li>\n\n\n\n<li><a href=\"https:\/\/eventiyoga.it\/blog\/vacanze-seminari-workshop-yoga-benessere-febbraio\/\" target=\"_blank\" rel=\"noreferrer noopener\">Febbraio<\/a><\/li>\n\n\n\n<li><a href=\"https:\/\/eventiyoga.it\/blog\/vacanze-seminari-workshop-yoga-benessere-marzo\/\" target=\"_blank\" rel=\"noreferrer noopener\">Marzo<\/a><\/li>\n\n\n\n<li><a href=\"https:\/\/eventiyoga.it\/blog\/vacanze-yoga-aprile\/\" target=\"_blank\" rel=\"noreferrer noopener\">Aprile<\/a><\/li>\n\n\n\n<li><a href=\"https:\/\/eventiyoga.it\/blog\/vacanze-yoga-maggio\/\" target=\"_blank\" rel=\"noreferrer noopener\">Maggio<\/a><\/li>\n\n\n\n<li><a href=\"https:\/\/eventiyoga.it\/blog\/vacanze-yoga-e-benessere-giugno-offerte\/\" target=\"_blank\" rel=\"noreferrer noopener\">Giugno<\/a><\/li>\n\n\n\n<li><a href=\"https:\/\/eventiyoga.it\/blog\/vacanze-yoga-e-benessere-luglio-offerte\/\" target=\"_blank\" rel=\"noreferrer noopener\">Luglio<\/a><\/li>\n\n\n\n<li><a href=\"https:\/\/eventiyoga.it\/blog\/vacanze-yoga-e-benessere-agosto-offerte\/\" target=\"_blank\" rel=\"noreferrer noopener\">Agosto<\/a><\/li>\n\n\n\n<li><a href=\"https:\/\/eventiyoga.it\/blog\/vacanze-yoga-e-benessere-settembre-offerte\/\" target=\"_blank\" rel=\"noreferrer noopener\">Settembre<\/a><\/li>\n\n\n\n<li><a href=\"https:\/\/eventiyoga.it\/blog\/vacanze-yoga-e-benessere-ottobre-offerte\/\" target=\"_blank\" rel=\"noreferrer noopener\">Ottobre<\/a><\/li>\n\n\n\n<li><a href=\"https:\/\/eventiyoga.it\/blog\/vacanze-yoga-e-benessere-novembre-offerte\/\" target=\"_blank\" rel=\"noreferrer noopener\">Novembre<\/a><\/li>\n\n\n\n<li><a href=\"https:\/\/eventiyoga.it\/blog\/vacanze-yoga-e-benessere-dicembre\/\" target=\"_blank\" rel=\"noreferrer noopener\">Dicembre<\/a><\/li>\n<\/ul>\n\n\n\n<hr class=\"wp-block-separator has-text-color has-white-color has-alpha-channel-opacity has-white-background-color has-background\"\/>\n\n\n\n<p><strong>EVENTI YOGA PER FESTIVIT\u00c0<\/strong><\/p>\n\n\n\n<ul class=\"wp-block-list\">\n<li><a href=\"https:\/\/eventiyoga.it\/blog\/ritiro-yoga-25-aprile\/\" target=\"_blank\" rel=\"noreferrer noopener\">Ponte 25 aprile<\/a><\/li>\n\n\n\n<li><a href=\"https:\/\/eventiyoga.it\/blog\/ponte-1-maggio-offerte-yoga\/\" target=\"_blank\" rel=\"noreferrer noopener\">Ponte 1 maggio<\/a><\/li>\n\n\n\n<li><a href=\"https:\/\/eventiyoga.it\/blog\/ponte-2-giugno-yoga\/\" target=\"_blank\" rel=\"noreferrer noopener\">Ponte 2 giugno<\/a><\/li>\n\n\n\n<li><a href=\"https:\/\/eventiyoga.it\/blog\/vacanza-yoga-pasqua-offerte\/\" target=\"_blank\" rel=\"noreferrer noopener\">Pasqua<\/a><\/li>\n\n\n\n<li><a href=\"https:\/\/eventiyoga.it\/blog\/vacanze-yoga-2\/\" target=\"_blank\" rel=\"noreferrer noopener\">Primavera Estate<\/a><\/li>\n\n\n\n<li><a href=\"https:\/\/eventiyoga.it\/blog\/yoga-a-ferragosto\/\" target=\"_blank\" rel=\"noreferrer noopener\">Ferragosto<\/a><\/li>\n\n\n\n<li><a href=\"https:\/\/eventiyoga.it\/blog\/vacanze-yoga-ponte-ognissanti\/\" target=\"_blank\" rel=\"noreferrer noopener\">Yoga Ponte Ognissanti<\/a><\/li>\n\n\n\n<li><a href=\"https:\/\/eventiyoga.it\/blog\/retreat-e-vacanze-yoga-natale-offerte\/\" target=\"_blank\" rel=\"noreferrer noopener\">Natale<\/a><\/li>\n\n\n\n<li><a href=\"https:\/\/eventiyoga.it\/blog\/vacanze-yoga-capodanno\/\" target=\"_blank\" rel=\"noreferrer noopener\">Capodanno<\/a><\/li>\n<\/ul>\n\n\n\n<hr class=\"wp-block-separator has-text-color has-white-color has-alpha-channel-opacity has-white-background-color has-background\"\/>\n\n\n\n<p><strong>EVENTI YOGA PER TIPOLOGIA<\/strong><\/p>\n\n\n\n<ul class=\"wp-block-list\">\n<li><a href=\"https:\/\/eventiyoga.it\/blog\/workshop-yoga-italia\/\" target=\"_blank\" rel=\"noreferrer noopener\">Workshop yoga<\/a><\/li>\n\n\n\n<li><a href=\"https:\/\/eventiyoga.it\/blog\/ritiro-yoga\/\" target=\"_blank\" rel=\"noreferrer noopener\">Ritiri yoga<\/a><\/li>\n\n\n\n<li><a href=\"https:\/\/eventiyoga.it\/blog\/weekend-yoga\/\" target=\"_blank\" rel=\"noreferrer noopener\">Weekend yoga<\/a><\/li>\n\n\n\n<li><a href=\"https:\/\/eventiyoga.it\/vacanze-yoga-2\/\" target=\"_blank\" rel=\"noreferrer noopener\">Vacanze yoga<\/a><\/li>\n<\/ul>\n\n\n\n<hr class=\"wp-block-separator has-text-color has-white-color has-alpha-channel-opacity has-white-background-color has-background\"\/>\n\n\n\n<figure class=\"wp-block-image size-full\"><img decoding=\"async\" src=\"data:image\/gif;base64,R0lGODlhAQABAIAAAAAAAP\/\/\/yH5BAEAAAAALAAAAAABAAEAAAIBRAA7\" data-src=\"https:\/\/eventiyoga.it\/blog\/wp-content\/uploads\/2026\/04\/montagna-in-friuli-venezia-giulia.jpg\" alt=\"montagna-in-friuli-venezia-giulia\" class=\"wp-image-73486\"\/><noscript><img loading=\"lazy\" decoding=\"async\" width=\"1024\" height=\"768\" src=\"https:\/\/eventiyoga.it\/blog\/wp-content\/uploads\/2026\/04\/montagna-in-friuli-venezia-giulia.jpg\" alt=\"montagna-in-friuli-venezia-giulia\" class=\"wp-image-73486\" srcset=\"https:\/\/eventiyoga.it\/blog\/wp-content\/uploads\/2026\/04\/montagna-in-friuli-venezia-giulia.jpg 1024w, https:\/\/eventiyoga.it\/blog\/wp-content\/uploads\/2026\/04\/montagna-in-friuli-venezia-giulia-300x225.jpg 300w, https:\/\/eventiyoga.it\/blog\/wp-content\/uploads\/2026\/04\/montagna-in-friuli-venezia-giulia-768x576.jpg 768w\" sizes=\"auto, (max-width: 1024px) 100vw, 1024px\" \/><\/noscript><\/figure>\n\n\n\n<hr class=\"wp-block-separator has-text-color has-white-color has-alpha-channel-opacity has-white-background-color has-background\"\/>\n\n\n\n<h2 class=\"wp-block-heading\"><span class=\"ez-toc-section\" id=\"I_centri_yoga_in_Friuli_Venezia_Giulia\"><\/span>I centri yoga in Friuli Venezia Giulia<span class=\"ez-toc-section-end\"><\/span><\/h2>\n\n\n\n<p>Il Friuli Venezia Giulia ospita centri yoga distribuiti nelle province di Gorizia, Pordenone, Trieste e Udine. Per aiutarti a trovare la realt\u00e0 pi\u00f9 adatta a te, abbiamo organizzato la ricerca per provincia: dove esiste una guida dedicata alla citt\u00e0 ti rimandiamo direttamente all&#8217;articolo di approfondimento; per le altre province puoi usare i link alla piattaforma per esplorare tutti i centri disponibili.<\/p>\n\n\n\n<ul class=\"wp-block-list\">\n<li><strong>Gorizia<\/strong> \u2192 <a href=\"https:\/\/eventiyoga.it\/centri-yoga?region=15&amp;page=1&amp;province=41\" target=\"_blank\" rel=\"noreferrer noopener\">Centri yoga nella provincia di Gorizia<\/a><\/li>\n<\/ul>\n\n\n\n<ul class=\"wp-block-list\">\n<li><strong>Pordenone<\/strong> \u2192 <a href=\"https:\/\/eventiyoga.it\/centri-yoga?region=15&amp;page=1&amp;province=71\" target=\"_blank\" rel=\"noreferrer noopener\">Centri yoga nella provincia di Pordenone<\/a><\/li>\n\n\n\n<li><strong>VEDI ANCHE:<\/strong> <a href=\"https:\/\/eventiyoga.it\/blog\/yoga-pordenone\/\" target=\"_blank\" rel=\"noreferrer noopener\">Yoga Pordenone | Guida ai migliori centri e corsi yoga a Pordenone<\/a><\/li>\n<\/ul>\n\n\n\n<ul class=\"wp-block-list\">\n<li><strong>Trieste<\/strong> \u2192 <a href=\"https:\/\/eventiyoga.it\/centri-yoga?region=15&amp;page=1&amp;province=101\" target=\"_blank\" rel=\"noreferrer noopener\">Centri yoga nella provincia di Trieste<\/a><\/li>\n\n\n\n<li><strong>VEDI ANCHE:<\/strong> <a href=\"https:\/\/eventiyoga.it\/blog\/yoga-trieste\/\" target=\"_blank\" rel=\"noreferrer noopener\">Yoga Trieste | Guida ai migliori centri e corsi yoga a Trieste<\/a><\/li>\n<\/ul>\n\n\n\n<ul class=\"wp-block-list\">\n<li><strong>Udine<\/strong> \u2192 <a href=\"https:\/\/eventiyoga.it\/centri-yoga?region=15&amp;page=1&amp;province=103\" target=\"_blank\" rel=\"noreferrer noopener\">Centri yoga nella provincia di Udine<\/a><\/li>\n<\/ul>\n\n\n\n<p>\u2192 <a href=\"https:\/\/eventiyoga.it\/centri-yoga?region=15&amp;page=1\" target=\"_blank\" rel=\"noreferrer noopener\">Vedi tutti i centri yoga in Friuli Venezia Giulia<\/a><\/p>\n\n\n\n<hr class=\"wp-block-separator has-text-color has-white-color has-alpha-channel-opacity has-white-background-color has-background\"\/>\n\n\n\n<h2 class=\"wp-block-heading\"><span class=\"ez-toc-section\" id=\"Insegnanti_yoga_in_Friuli_Venezia_Giulia\"><\/span>Insegnanti yoga in Friuli Venezia Giulia<span class=\"ez-toc-section-end\"><\/span><\/h2>\n\n\n\n<p>La regione conta numerosi insegnanti registrati sulla piattaforma EventiYoga, distribuiti tra le province di Trieste, Udine, Pordenone e Gorizia. Cerca per provincia e scopri il profilo, gli stili e i contatti di ogni insegnante.<\/p>\n\n\n\n<ul class=\"wp-block-list\">\n<li><strong>Gorizia<\/strong> \u2192 <a href=\"https:\/\/eventiyoga.it\/insegnanti-yoga?region=15&amp;page=1&amp;province=41\">Insegnanti yoga nella provincia di Gorizia<\/a><\/li>\n<\/ul>\n\n\n\n<ul class=\"wp-block-list\">\n<li><strong>Pordenone<\/strong> \u2192 <a href=\"https:\/\/eventiyoga.it\/insegnanti-yoga?region=15&amp;page=1&amp;province=71\" target=\"_blank\" rel=\"noreferrer noopener\">Insegnanti yoga nella provincia di Pordenone<\/a><\/li>\n<\/ul>\n\n\n\n<ul class=\"wp-block-list\">\n<li><strong>Trieste<\/strong> \u2192 <a href=\"https:\/\/eventiyoga.it\/insegnanti-yoga?region=15&amp;page=1&amp;province=101\" target=\"_blank\" rel=\"noreferrer noopener\">Insegnanti yoga nella provincia di Trieste<\/a><\/li>\n<\/ul>\n\n\n\n<ul class=\"wp-block-list\">\n<li><strong>Udine<\/strong> \u2192 <a href=\"https:\/\/eventiyoga.it\/insegnanti-yoga?region=15&amp;page=1&amp;province=103\" target=\"_blank\" rel=\"noreferrer noopener\">Insegnanti yoga nella provincia di Udine<\/a><\/li>\n<\/ul>\n\n\n\n<p>\u2192 <a href=\"https:\/\/eventiyoga.it\/insegnanti-yoga?region=15&amp;page=1\" target=\"_blank\" rel=\"noreferrer noopener\">Vedi tutti gli insegnanti yoga in Friuli Venezia Giulia<\/a><\/p>\n\n\n\n<hr class=\"wp-block-separator has-text-color has-white-color has-alpha-channel-opacity has-white-background-color has-background\"\/>\n\n\n\n<hr class=\"wp-block-separator has-text-color has-white-color has-alpha-channel-opacity has-white-background-color has-background\"\/>\n\n\n\n<h2 class=\"wp-block-heading\"><span class=\"ez-toc-section\" id=\"Le_destinazioni_yoga_piu_belle_in_Friuli_Venezia_Giulia\"><\/span>Le destinazioni yoga pi\u00f9 belle in Friuli Venezia Giulia<span class=\"ez-toc-section-end\"><\/span><\/h2>\n\n\n\n<p>Una regione piccola ma con una densit\u00e0 di paesaggi che poche altre possono vantare. Ecco le aree che si prestano maggiormente alla pratica yoga.<\/p>\n\n\n\n<hr class=\"wp-block-separator has-text-color has-white-color has-alpha-channel-opacity has-white-background-color has-background\"\/>\n\n\n\n<h3 class=\"wp-block-heading\">Trieste e il Carso<\/h3>\n\n\n\n<p>Trieste \u00e8 una citt\u00e0 letteraria, ventosa e cosmopolita, affacciata sull&#8217;Adriatico con il Carso alle spalle. Per chi pratica yoga, offre una scena urbana vivace con centri di qualit\u00e0. Ma \u00e8 appena fuori citt\u00e0 che il Carso regala il meglio di s\u00e9: sentieri tra la roccia, grotte millenarie, una natura aspra e silenziosa che invita alla meditazione. Un contesto unico per ritiri che combinano pratica e camminate nella natura.<\/p>\n\n\n\n<hr class=\"wp-block-separator has-text-color has-white-color has-alpha-channel-opacity has-white-background-color has-background\"\/>\n\n\n\n<h3 class=\"wp-block-heading\">La Carnia e Tarvisio<\/h3>\n\n\n\n<p>La zona montana del Friuli &#8211; dalla Carnia a Tarvisio &#8211; \u00e8 un territorio alpino autentico, poco frequentato e ricchissimo di boschi, torrenti e borghi intatti. Tarvisio, in particolare, \u00e8 un crocevia tra Italia, Austria e Slovenia, immerso in una foresta che \u00e8 tra le pi\u00f9 estese delle Alpi. Ideale per ritiri yoga estivi con trekking e per esperienze invernali nel silenzio della neve.<\/p>\n\n\n\n<hr class=\"wp-block-separator has-text-color has-white-color has-alpha-channel-opacity has-white-background-color has-background\"\/>\n\n\n\n<h3 class=\"wp-block-heading\">Grado e la laguna<\/h3>\n\n\n\n<p>Grado, con la sua laguna e le sue spiagge, \u00e8 una destinazione storica per il benessere: le sue acque termali e il microclima mite la rendono adatta a soggiorni yoga durante tutto l&#8217;anno. La laguna, con i suoi casoni e i canali navigabili, offre un paesaggio contemplativo che si presta a pratiche all&#8217;aperto e a ritiri sul tema acqua e respiro.<\/p>\n\n\n\n<hr class=\"wp-block-separator has-text-color has-white-color has-alpha-channel-opacity has-white-background-color has-background\"\/>\n\n\n\n<h3 class=\"wp-block-heading\">Il Collio e le colline goriziane<\/h3>\n\n\n\n<p>Tra Gorizia e il confine sloveno, il Collio \u00e8 una terra di vigneti, colline dolci e borghi sospesi nel tempo. Una zona intima e poco turistica, perfetta per ritiri che vogliono unire la pratica yoga a percorsi enogastronomici e passeggiate tra le vigne.<\/p>\n\n\n\n<hr class=\"wp-block-separator has-text-color has-white-color has-alpha-channel-opacity has-white-background-color has-background\"\/>\n\n\n\n<h3 class=\"wp-block-heading\">Cividale del Friuli e le Valli del Natisone<\/h3>\n\n\n\n<p>Patrimonio UNESCO, Cividale del Friuli \u00e8 un gioiello longobardo adagiato sul fiume Natisone. Le valli circostanti, strette e boscose, conservano tradizioni antichissime e un silenzio raro. Un luogo che sa parlare a chi cerca una dimensione contemplativa autentica.<\/p>\n\n\n\n<hr class=\"wp-block-separator has-text-color has-white-color has-alpha-channel-opacity has-white-background-color has-background\"\/>\n\n\n\n<figure class=\"wp-block-image size-full\"><img decoding=\"async\" src=\"data:image\/gif;base64,R0lGODlhAQABAIAAAAAAAP\/\/\/yH5BAEAAAAALAAAAAABAAEAAAIBRAA7\" data-src=\"https:\/\/eventiyoga.it\/blog\/wp-content\/uploads\/2026\/04\/cividale-del-friuli-venezia-giulia.jpg\" alt=\"cividale-del-friuli-venezia-giulia\" class=\"wp-image-73487\"\/><noscript><img loading=\"lazy\" decoding=\"async\" width=\"1024\" height=\"768\" src=\"https:\/\/eventiyoga.it\/blog\/wp-content\/uploads\/2026\/04\/cividale-del-friuli-venezia-giulia.jpg\" alt=\"cividale-del-friuli-venezia-giulia\" class=\"wp-image-73487\" srcset=\"https:\/\/eventiyoga.it\/blog\/wp-content\/uploads\/2026\/04\/cividale-del-friuli-venezia-giulia.jpg 1024w, https:\/\/eventiyoga.it\/blog\/wp-content\/uploads\/2026\/04\/cividale-del-friuli-venezia-giulia-300x225.jpg 300w, https:\/\/eventiyoga.it\/blog\/wp-content\/uploads\/2026\/04\/cividale-del-friuli-venezia-giulia-768x576.jpg 768w\" sizes=\"auto, (max-width: 1024px) 100vw, 1024px\" \/><\/noscript><\/figure>\n\n\n\n<hr class=\"wp-block-separator has-text-color has-white-color has-alpha-channel-opacity has-white-background-color has-background\"\/>\n\n\n\n<h2 class=\"wp-block-heading\"><span class=\"ez-toc-section\" id=\"Domande_frequenti_sullo_yoga_in_Friuli_Venezia_Giulia\"><\/span>Domande frequenti sullo yoga in Friuli Venezia Giulia<span class=\"ez-toc-section-end\"><\/span><\/h2>\n\n\n\n<p><strong>Quando \u00e8 il periodo migliore per praticare yoga in Friuli Venezia Giulia?<\/strong> <\/p>\n\n\n\n<p>Ogni stagione ha qualcosa da offrire. In estate la Carnia e Tarvisio regalano fresco e sentieri perfetti per combinare yoga e trekking. In autunno il Collio e il Carso si accendono di colori. In inverno la neve nelle zone alpine crea un contesto ideale per ritiri introspettivi. La costa \u2014 Grado in particolare \u2014 \u00e8 piacevole anche in primavera grazie al microclima mite.<\/p>\n\n\n\n<p><strong>Dove si trovano i centri yoga in Friuli Venezia Giulia?<\/strong> <\/p>\n\n\n\n<p>I centri yoga attivi in regione sono concentrati soprattutto a Trieste e Pordenone, con una presenza anche nella provincia di Udine. Ogni centro \u00e8 uno spazio dedicato alla pratica e alla crescita personale. Su EventiYoga trovi una selezione curata, filtrabile per provincia e stile. Puoi consultare la <a href=\"https:\/\/eventiyoga.it\/centri-yoga?region=15&amp;page=1\" target=\"_blank\" rel=\"noreferrer noopener\">lista completa<\/a> sulla piattaforma. Per Trieste esiste anche una <a href=\"https:\/\/eventiyoga.it\/blog\/yoga-trieste\/\" target=\"_blank\" rel=\"noreferrer noopener\">guida dedicata<\/a> con schede dettagliate.<\/p>\n\n\n\n<p><strong>Che stili di yoga si possono praticare in regione?<\/strong> <\/p>\n\n\n\n<p>L&#8217;offerta \u00e8 varia: si va da hatha yoga tradizionale al vinyasa yoga dinamico, da Ashtanga alle pratiche aeree come Aerial Yoga, fino a Kundalini, Yin Yoga e meditazione con campane tibetane. Alcuni centri propongono lezioni per tutti i livelli e discipline complementari come Pilates, Tai Chi e arte-terapia.<\/p>\n\n\n\n<p><strong>Posso partecipare anche se non ho mai fatto yoga?<\/strong> <\/p>\n\n\n\n<p>Certo. Non serve aver frequentato un corso n\u00e9 avere esperienza precedente. La maggior parte dei centri in regione offre una lezione di prova pensata per chi si avvicina per la prima volta. Gli insegnanti adattano la pratica al gruppo di partecipanti, creando un ambiente di fiducia dove ciascuno procede nel proprio percorso e con i propri tempi.<\/p>\n\n\n\n<p><strong>Il Friuli Venezia Giulia \u00e8 adatto per organizzare un ritiro yoga?<\/strong> <\/p>\n\n\n\n<p>Molto. La variet\u00e0 di paesaggi \u2014 montagna, Carso, laguna, colline del Collio \u2014 consente di creare ogni tipo di esperienza in pochi chilometri. Le strutture ricettive sono di qualit\u00e0, i costi pi\u00f9 contenuti rispetto ad altre regioni e il territorio \u00e8 ancora poco battuto dal turismo yoga, il che lo rende interessante per proposte originali.<\/p>\n\n\n\n<p><strong>Come posso approfondire la pratica yoga in Friuli Venezia Giulia?<\/strong> <\/p>\n\n\n\n<p>Oltre alle lezioni regolari in sala, molti centri organizzano workshop, seminari e incontri tematici che permettono un approfondimento su tecniche specifiche, filosofia o meditazione. Partecipare a un ritiro di pi\u00f9 giorni \u00e8 un altro modo per fare un salto di qualit\u00e0: immergersi completamente nello yoga, anche solo per un weekend, aiuta a ritrovare armonia tra corpo e mente e a portare quella sensazione di felicit\u00e0 nella vita di tutti i giorni.<\/p>\n\n\n\n<p><strong>Come posso restare aggiornato sugli eventi yoga in Friuli Venezia Giulia?<\/strong> <\/p>\n\n\n\n<p>Puoi controllare periodicamente la <a href=\"https:\/\/eventiyoga.it\/eventi-yoga?region=15&amp;page=1\" target=\"_blank\" rel=\"noreferrer noopener\">pagina eventi filtrata per il Friuli Venezia Giulia<\/a> sulla piattaforma, oppure iscriverti alla newsletter di EventiYoga per ricevere aggiornamenti direttamente nella tua casella email.<\/p>\n\n\n\n<hr class=\"wp-block-separator has-text-color has-white-color has-alpha-channel-opacity has-white-background-color has-background\"\/>\n\n\n\n<h2 class=\"wp-block-heading\"><span class=\"ez-toc-section\" id=\"Sei_un_insegnante_Pubblica_il_tuo_evento_yoga_in_Friuli_Venezia_Giulia\"><\/span>Sei un insegnante? Pubblica il tuo evento yoga in Friuli Venezia Giulia<span class=\"ez-toc-section-end\"><\/span><\/h2>\n\n\n\n<p>Se sei un <strong>insegnante yoga<\/strong> o gestisci un <strong>centro yoga<\/strong> e vuoi far conoscere i tuoi eventi, i tuoi corsi o i tuoi ritiri in Friuli Venezia Giulia, EventiYoga \u00e8 lo strumento giusto per te. Puoi pubblicare il tuo <a href=\"https:\/\/eventiyoga.it\/insegnanti-yoga\" target=\"_blank\" rel=\"noreferrer noopener\">profilo insegnante<\/a>, il tuo <a href=\"https:\/\/eventiyoga.it\/centri-yoga\" target=\"_blank\" rel=\"noreferrer noopener\">centro yoga<\/a> o i tuoi eventi sul portale yoga pi\u00f9 visitato d&#8217;Italia, raggiungendo il tuo target di riferimento in modo semplice e diretto.<\/p>\n\n\n\n<p>\u2192&nbsp;<a href=\"https:\/\/eventiyoga.it\/blog\/pubblica-su-eventiyoga\/\" target=\"_blank\" rel=\"noreferrer noopener\">Scopri come pubblicare su EventiYoga<\/a><\/p>\n\n\n\n<hr class=\"wp-block-separator has-text-color has-white-color has-alpha-channel-opacity has-white-background-color has-background\"\/>\n\n\n\n<h2 class=\"wp-block-heading\"><span class=\"ez-toc-section\" id=\"Altre_risorse_interessanti\"><\/span>Altre risorse interessanti<span class=\"ez-toc-section-end\"><\/span><\/h2>\n\n\n\n<ul class=\"wp-block-list\">\n<li><a href=\"https:\/\/eventiyoga.it\/blog\/yoga-trieste\/\" target=\"_blank\" rel=\"noreferrer noopener\">Yoga Trieste | Guida ai migliori centri e corsi yoga a Trieste<\/a><\/li>\n\n\n\n<li><a href=\"https:\/\/eventiyoga.it\/blog\/ritiri-yoga-italia\/\" target=\"_blank\" rel=\"noreferrer noopener\">Ritiri Yoga Italia divisi per regione<\/a><\/li>\n\n\n\n<li><a href=\"https:\/\/eventiyoga.it\/blog\/yoga-al-mare\/\" target=\"_blank\" rel=\"noreferrer noopener\">Vacanze Yoga al mare: migliori destinazioni<\/a><\/li>\n\n\n\n<li><a href=\"https:\/\/eventiyoga.it\/yoga-in-montagna\/\" target=\"_blank\" rel=\"noreferrer noopener\">Vacanze Yoga in montagna: migliori offerte e destinazioni<\/a><\/li>\n\n\n\n<li><a href=\"https:\/\/eventiyoga.it\/blog\/yoga-e-trekking\/\" target=\"_blank\" rel=\"noreferrer noopener\">Yoga e Trekking: migliori destinazioni in Italia<\/a><\/li>\n\n\n\n<li><a href=\"https:\/\/eventiyoga.it\/vacanze-yoga-in-italia\/\" target=\"_blank\" rel=\"noreferrer noopener\">Vacanze Yoga in Italia: 10 esperienze originali dal Nord al Sud<\/a><\/li>\n\n\n\n<li><a href=\"https:\/\/eventiyoga.it\/vacanze-yoga-in-veneto\/\" target=\"_blank\" rel=\"noreferrer noopener\">Vacanze Yoga in Veneto<\/a><\/li>\n<\/ul>\n\n\n\n<div style=\"height:100px\" aria-hidden=\"true\" class=\"wp-block-spacer\"><\/div>\n","protected":false},"excerpt":{"rendered":"<p>Stai cercando un luogo dove praticare yoga lontano dalle rotte pi\u00f9 battute? Il Friuli Venezia Giulia \u00e8 una di quelle regioni che sorprendono chi le scopre per la prima volta. Compressa tra le Alpi Giulie, il Carso e l&#8217;Adriatico, racchiude in pochi chilometri una variet\u00e0 di paesaggi rara: dalle cime dolomitiche alle lagune, dai vigneti [&hellip;]<\/p>\n","protected":false},"author":2,"featured_media":73466,"comment_status":"open","ping_status":"open","sticky":false,"template":"","format":"standard","meta":{"_acf_changed":false,"_editorskit_title_hidden":false,"_editorskit_reading_time":0,"_editorskit_is_block_options_detached":false,"_editorskit_block_options_position":"{}","footnotes":""},"categories":[44587,44583],"tags":[333,301,44080,44665],"class_list":["post-73463","post","type-post","status-publish","format-standard","has-post-thumbnail","hentry","category-centri-yoga-italia","category-eventi-yoga","tag-centri-yoga","tag-insegnare-yoga","tag-ritiri-yoga","tag-yoga-in-friuli-venezia-giulia"],"acf":[],"yoast_head":"<!-- This site is optimized with the Yoast SEO plugin v26.4 - https:\/\/yoast.com\/wordpress\/plugins\/seo\/ -->\n<title>Yoga in Friuli Venezia Giulia | La Gemma Nascosta | EventiYoga<\/title>\n<meta name=\"description\" content=\"Yoga in Friuli Venezia Giulia: centri yoga, insegnanti e ritiri tra Carso, Dolomiti e Adriatico. Trova la tua esperienza e prenota su EventiYoga.\" \/>\n<meta name=\"robots\" content=\"index, follow, max-snippet:-1, max-image-preview:large, max-video-preview:-1\" \/>\n<link rel=\"canonical\" href=\"https:\/\/eventiyoga.it\/blog\/yoga-in-friuli-venezia-giulia\/\" \/>\n<meta property=\"og:locale\" content=\"en_US\" \/>\n<meta property=\"og:type\" content=\"article\" \/>\n<meta property=\"og:title\" content=\"Yoga in Friuli Venezia Giulia | La Gemma Nascosta | EventiYoga\" \/>\n<meta property=\"og:description\" content=\"Yoga in Friuli Venezia Giulia: centri yoga, insegnanti e ritiri tra Carso, Dolomiti e Adriatico. Trova la tua esperienza e prenota su EventiYoga.\" \/>\n<meta property=\"og:url\" content=\"https:\/\/eventiyoga.it\/blog\/yoga-in-friuli-venezia-giulia\/\" \/>\n<meta property=\"og:site_name\" content=\"Eventi Yoga\" \/>\n<meta property=\"article:author\" content=\"https:\/\/www.facebook.com\/eventiyogaitalia\/\" \/>\n<meta property=\"article:published_time\" content=\"2026-04-27T09:15:18+00:00\" \/>\n<meta property=\"article:modified_time\" content=\"2026-04-27T10:04:52+00:00\" \/>\n<meta property=\"og:image\" content=\"https:\/\/eventiyoga.it\/blog\/wp-content\/uploads\/2026\/04\/Yoga-in-Friuli-Venezia-Giulia.png\" \/>\n\t<meta property=\"og:image:width\" content=\"1024\" \/>\n\t<meta property=\"og:image:height\" content=\"768\" \/>\n\t<meta property=\"og:image:type\" content=\"image\/png\" \/>\n<meta name=\"author\" content=\"Redazione EventiYoga\" \/>\n<meta name=\"twitter:card\" content=\"summary_large_image\" \/>\n<meta name=\"twitter:label1\" content=\"Written by\" \/>\n\t<meta name=\"twitter:data1\" content=\"Redazione EventiYoga\" \/>\n\t<meta name=\"twitter:label2\" content=\"Est. reading time\" \/>\n\t<meta name=\"twitter:data2\" content=\"9 minutes\" \/>\n<script type=\"application\/ld+json\" class=\"yoast-schema-graph\">{\"@context\":\"https:\/\/schema.org\",\"@graph\":[{\"@type\":\"WebPage\",\"@id\":\"https:\/\/eventiyoga.it\/blog\/yoga-in-friuli-venezia-giulia\/\",\"url\":\"https:\/\/eventiyoga.it\/blog\/yoga-in-friuli-venezia-giulia\/\",\"name\":\"Yoga in Friuli Venezia Giulia | La Gemma Nascosta | EventiYoga\",\"isPartOf\":{\"@id\":\"https:\/\/eventiyoga.it\/blog\/#website\"},\"primaryImageOfPage\":{\"@id\":\"https:\/\/eventiyoga.it\/blog\/yoga-in-friuli-venezia-giulia\/#primaryimage\"},\"image\":{\"@id\":\"https:\/\/eventiyoga.it\/blog\/yoga-in-friuli-venezia-giulia\/#primaryimage\"},\"thumbnailUrl\":\"https:\/\/eventiyoga.it\/blog\/wp-content\/uploads\/2026\/04\/Yoga-in-Friuli-Venezia-Giulia.png\",\"datePublished\":\"2026-04-27T09:15:18+00:00\",\"dateModified\":\"2026-04-27T10:04:52+00:00\",\"author\":{\"@id\":\"https:\/\/eventiyoga.it\/blog\/#\/schema\/person\/baf6fd722b999df7881d1cc130b5abb0\"},\"description\":\"Yoga in Friuli Venezia Giulia: centri yoga, insegnanti e ritiri tra Carso, Dolomiti e Adriatico. Trova la tua esperienza e prenota su EventiYoga.\",\"breadcrumb\":{\"@id\":\"https:\/\/eventiyoga.it\/blog\/yoga-in-friuli-venezia-giulia\/#breadcrumb\"},\"inLanguage\":\"en-US\",\"potentialAction\":[{\"@type\":\"ReadAction\",\"target\":[\"https:\/\/eventiyoga.it\/blog\/yoga-in-friuli-venezia-giulia\/\"]}]},{\"@type\":\"ImageObject\",\"inLanguage\":\"en-US\",\"@id\":\"https:\/\/eventiyoga.it\/blog\/yoga-in-friuli-venezia-giulia\/#primaryimage\",\"url\":\"https:\/\/eventiyoga.it\/blog\/wp-content\/uploads\/2026\/04\/Yoga-in-Friuli-Venezia-Giulia.png\",\"contentUrl\":\"https:\/\/eventiyoga.it\/blog\/wp-content\/uploads\/2026\/04\/Yoga-in-Friuli-Venezia-Giulia.png\",\"width\":1024,\"height\":768,\"caption\":\"Yoga-in-Friuli-Venezia-Giulia\"},{\"@type\":\"BreadcrumbList\",\"@id\":\"https:\/\/eventiyoga.it\/blog\/yoga-in-friuli-venezia-giulia\/#breadcrumb\",\"itemListElement\":[{\"@type\":\"ListItem\",\"position\":1,\"name\":\"Home\",\"item\":\"https:\/\/eventiyoga.it\/blog\/\"},{\"@type\":\"ListItem\",\"position\":2,\"name\":\"Yoga in Friuli Venezia Giulia | Ritiri, Vacanze e Centri Yoga\"}]},{\"@type\":\"WebSite\",\"@id\":\"https:\/\/eventiyoga.it\/blog\/#website\",\"url\":\"https:\/\/eventiyoga.it\/blog\/\",\"name\":\"Eventi Yoga\",\"description\":\"Il portale Italiano per gli eventi dello yoga\",\"potentialAction\":[{\"@type\":\"SearchAction\",\"target\":{\"@type\":\"EntryPoint\",\"urlTemplate\":\"https:\/\/eventiyoga.it\/blog\/?s={search_term_string}\"},\"query-input\":{\"@type\":\"PropertyValueSpecification\",\"valueRequired\":true,\"valueName\":\"search_term_string\"}}],\"inLanguage\":\"en-US\"},{\"@type\":\"Person\",\"@id\":\"https:\/\/eventiyoga.it\/blog\/#\/schema\/person\/baf6fd722b999df7881d1cc130b5abb0\",\"name\":\"Redazione EventiYoga\",\"image\":{\"@type\":\"ImageObject\",\"inLanguage\":\"en-US\",\"@id\":\"https:\/\/eventiyoga.it\/blog\/#\/schema\/person\/image\/\",\"url\":\"https:\/\/secure.gravatar.com\/avatar\/839ba21ae8a8a0c224183a3fdd70f673ae7387c1b6b0c149143342ed9586efd3?s=96&d=mm&r=g\",\"contentUrl\":\"https:\/\/secure.gravatar.com\/avatar\/839ba21ae8a8a0c224183a3fdd70f673ae7387c1b6b0c149143342ed9586efd3?s=96&d=mm&r=g\",\"caption\":\"Redazione EventiYoga\"},\"description\":\"Ci occupiamo dei contenuti di EventiYoga e delle traduzioni dei contenuti da siti partner. Contattaci per avere maggiori informazioni su come promuoverti su e tramite Eventi Yoga. Puoi scriverci a info@eventiyoga.it.\",\"sameAs\":[\"https:\/\/eventiyoga.it\/\",\"https:\/\/www.facebook.com\/eventiyogaitalia\/\"],\"url\":\"https:\/\/eventiyoga.it\/blog\/author\/redazione-eventiyoga\/\"}]}<\/script>\n<!-- \/ Yoast SEO plugin. -->","yoast_head_json":{"title":"Yoga in Friuli Venezia Giulia | La Gemma Nascosta | EventiYoga","description":"Yoga in Friuli Venezia Giulia: centri yoga, insegnanti e ritiri tra Carso, Dolomiti e Adriatico. Trova la tua esperienza e prenota su EventiYoga.","robots":{"index":"index","follow":"follow","max-snippet":"max-snippet:-1","max-image-preview":"max-image-preview:large","max-video-preview":"max-video-preview:-1"},"canonical":"https:\/\/eventiyoga.it\/blog\/yoga-in-friuli-venezia-giulia\/","og_locale":"en_US","og_type":"article","og_title":"Yoga in Friuli Venezia Giulia | La Gemma Nascosta | EventiYoga","og_description":"Yoga in Friuli Venezia Giulia: centri yoga, insegnanti e ritiri tra Carso, Dolomiti e Adriatico. Trova la tua esperienza e prenota su EventiYoga.","og_url":"https:\/\/eventiyoga.it\/blog\/yoga-in-friuli-venezia-giulia\/","og_site_name":"Eventi Yoga","article_author":"https:\/\/www.facebook.com\/eventiyogaitalia\/","article_published_time":"2026-04-27T09:15:18+00:00","article_modified_time":"2026-04-27T10:04:52+00:00","og_image":[{"width":1024,"height":768,"url":"https:\/\/eventiyoga.it\/blog\/wp-content\/uploads\/2026\/04\/Yoga-in-Friuli-Venezia-Giulia.png","type":"image\/png"}],"author":"Redazione EventiYoga","twitter_card":"summary_large_image","twitter_misc":{"Written by":"Redazione EventiYoga","Est. reading time":"9 minutes"},"schema":{"@context":"https:\/\/schema.org","@graph":[{"@type":"WebPage","@id":"https:\/\/eventiyoga.it\/blog\/yoga-in-friuli-venezia-giulia\/","url":"https:\/\/eventiyoga.it\/blog\/yoga-in-friuli-venezia-giulia\/","name":"Yoga in Friuli Venezia Giulia | La Gemma Nascosta | EventiYoga","isPartOf":{"@id":"https:\/\/eventiyoga.it\/blog\/#website"},"primaryImageOfPage":{"@id":"https:\/\/eventiyoga.it\/blog\/yoga-in-friuli-venezia-giulia\/#primaryimage"},"image":{"@id":"https:\/\/eventiyoga.it\/blog\/yoga-in-friuli-venezia-giulia\/#primaryimage"},"thumbnailUrl":"https:\/\/eventiyoga.it\/blog\/wp-content\/uploads\/2026\/04\/Yoga-in-Friuli-Venezia-Giulia.png","datePublished":"2026-04-27T09:15:18+00:00","dateModified":"2026-04-27T10:04:52+00:00","author":{"@id":"https:\/\/eventiyoga.it\/blog\/#\/schema\/person\/baf6fd722b999df7881d1cc130b5abb0"},"description":"Yoga in Friuli Venezia Giulia: centri yoga, insegnanti e ritiri tra Carso, Dolomiti e Adriatico. Trova la tua esperienza e prenota su EventiYoga.","breadcrumb":{"@id":"https:\/\/eventiyoga.it\/blog\/yoga-in-friuli-venezia-giulia\/#breadcrumb"},"inLanguage":"en-US","potentialAction":[{"@type":"ReadAction","target":["https:\/\/eventiyoga.it\/blog\/yoga-in-friuli-venezia-giulia\/"]}]},{"@type":"ImageObject","inLanguage":"en-US","@id":"https:\/\/eventiyoga.it\/blog\/yoga-in-friuli-venezia-giulia\/#primaryimage","url":"https:\/\/eventiyoga.it\/blog\/wp-content\/uploads\/2026\/04\/Yoga-in-Friuli-Venezia-Giulia.png","contentUrl":"https:\/\/eventiyoga.it\/blog\/wp-content\/uploads\/2026\/04\/Yoga-in-Friuli-Venezia-Giulia.png","width":1024,"height":768,"caption":"Yoga-in-Friuli-Venezia-Giulia"},{"@type":"BreadcrumbList","@id":"https:\/\/eventiyoga.it\/blog\/yoga-in-friuli-venezia-giulia\/#breadcrumb","itemListElement":[{"@type":"ListItem","position":1,"name":"Home","item":"https:\/\/eventiyoga.it\/blog\/"},{"@type":"ListItem","position":2,"name":"Yoga in Friuli Venezia Giulia | Ritiri, Vacanze e Centri Yoga"}]},{"@type":"WebSite","@id":"https:\/\/eventiyoga.it\/blog\/#website","url":"https:\/\/eventiyoga.it\/blog\/","name":"Eventi Yoga","description":"Il portale Italiano per gli eventi dello yoga","potentialAction":[{"@type":"SearchAction","target":{"@type":"EntryPoint","urlTemplate":"https:\/\/eventiyoga.it\/blog\/?s={search_term_string}"},"query-input":{"@type":"PropertyValueSpecification","valueRequired":true,"valueName":"search_term_string"}}],"inLanguage":"en-US"},{"@type":"Person","@id":"https:\/\/eventiyoga.it\/blog\/#\/schema\/person\/baf6fd722b999df7881d1cc130b5abb0","name":"Redazione EventiYoga","image":{"@type":"ImageObject","inLanguage":"en-US","@id":"https:\/\/eventiyoga.it\/blog\/#\/schema\/person\/image\/","url":"https:\/\/secure.gravatar.com\/avatar\/839ba21ae8a8a0c224183a3fdd70f673ae7387c1b6b0c149143342ed9586efd3?s=96&d=mm&r=g","contentUrl":"https:\/\/secure.gravatar.com\/avatar\/839ba21ae8a8a0c224183a3fdd70f673ae7387c1b6b0c149143342ed9586efd3?s=96&d=mm&r=g","caption":"Redazione EventiYoga"},"description":"Ci occupiamo dei contenuti di EventiYoga e delle traduzioni dei contenuti da siti partner. Contattaci per avere maggiori informazioni su come promuoverti su e tramite Eventi Yoga. Puoi scriverci a info@eventiyoga.it.","sameAs":["https:\/\/eventiyoga.it\/","https:\/\/www.facebook.com\/eventiyogaitalia\/"],"url":"https:\/\/eventiyoga.it\/blog\/author\/redazione-eventiyoga\/"}]}},"_links":{"self":[{"href":"https:\/\/eventiyoga.it\/blog\/wp-json\/wp\/v2\/posts\/73463","targetHints":{"allow":["GET"]}}],"collection":[{"href":"https:\/\/eventiyoga.it\/blog\/wp-json\/wp\/v2\/posts"}],"about":[{"href":"https:\/\/eventiyoga.it\/blog\/wp-json\/wp\/v2\/types\/post"}],"author":[{"embeddable":true,"href":"https:\/\/eventiyoga.it\/blog\/wp-json\/wp\/v2\/users\/2"}],"replies":[{"embeddable":true,"href":"https:\/\/eventiyoga.it\/blog\/wp-json\/wp\/v2\/comments?post=73463"}],"version-history":[{"count":19,"href":"https:\/\/eventiyoga.it\/blog\/wp-json\/wp\/v2\/posts\/73463\/revisions"}],"predecessor-version":[{"id":73496,"href":"https:\/\/eventiyoga.it\/blog\/wp-json\/wp\/v2\/posts\/73463\/revisions\/73496"}],"wp:featuredmedia":[{"embeddable":true,"href":"https:\/\/eventiyoga.it\/blog\/wp-json\/wp\/v2\/media\/73466"}],"wp:attachment":[{"href":"https:\/\/eventiyoga.it\/blog\/wp-json\/wp\/v2\/media?parent=73463"}],"wp:term":[{"taxonomy":"category","embeddable":true,"href":"https:\/\/eventiyoga.it\/blog\/wp-json\/wp\/v2\/categories?post=73463"},{"taxonomy":"post_tag","embeddable":true,"href":"https:\/\/eventiyoga.it\/blog\/wp-json\/wp\/v2\/tags?post=73463"}],"curies":[{"name":"wp","href":"https:\/\/api.w.org\/{rel}","templated":true}]}}