{"id":73504,"date":"2026-04-29T10:29:18","date_gmt":"2026-04-29T08:29:18","guid":{"rendered":"https:\/\/eventiyoga.it\/blog\/?p=73504"},"modified":"2026-04-29T10:29:19","modified_gmt":"2026-04-29T08:29:19","slug":"aromaterapia-cos-e-come-funziona-benefici","status":"publish","type":"post","link":"https:\/\/eventiyoga.it\/blog\/aromaterapia-cos-e-come-funziona-benefici\/","title":{"rendered":"Aromaterapia: cos&#8217;\u00e8, come funziona e perch\u00e9 dovresti provarla"},"content":{"rendered":"\n<div style=\"height:40px\" aria-hidden=\"true\" class=\"wp-block-spacer\"><\/div>\n\n\n\n<p>Tre secondi. \u00c8 il tempo che un profumo impiega per arrivare dal tuo naso al centro delle emozioni nel cervello. Nessun farmaco \u00e8 cos\u00ec veloce. Nessun integratore. Nessuna tecnica di rilassamento.<\/p>\n\n\n\n<p>Eppure, quando qualcuno ti parla di aromaterapia, la prima cosa che pensi \u00e8: &#8220;Ah, le candeline profumate?&#8221;<\/p>\n\n\n\n<p>No. Tutt&#8217;altro.<\/p>\n\n\n\n<p>L&#8217;aromaterapia \u00e8 una <strong>disciplina con migliaia di anni di storia<\/strong>, oggi confermata dalla neuroscienza, utilizzata negli ospedali oncologici e integrata nei migliori ritiri yoga del mondo. E il suo strumento principale \u2013 gli oli essenziali \u2013 \u00e8 una delle sostanze naturali pi\u00f9 potenti e sottovalutate che esistano.<\/p>\n\n\n\n<p>In questo articolo scoprirai cos&#8217;\u00e8 l&#8217;aromaterapia, come funziona, quali sono i principali oli essenziali, cosa dice la scienza sui suoi benefici, come integrarla nella pratica yoga e nella vita quotidiana. Che tu sia un neofita o che annusi gi\u00e0 lavanda sul cuscino ogni sera, qui troverai qualcosa di utile.<\/p>\n\n\n\n<hr class=\"wp-block-separator has-text-color has-white-color has-alpha-channel-opacity has-white-background-color has-background\"\/>\n\n\n\n<div id=\"ez-toc-container\" class=\"ez-toc-v2_0_68_1 counter-hierarchy ez-toc-counter ez-toc-grey ez-toc-container-direction\">\n<div class=\"ez-toc-title-container\">\n<p class=\"ez-toc-title \" >Indice<\/p>\n<span class=\"ez-toc-title-toggle\"><a href=\"#\" class=\"ez-toc-pull-right ez-toc-btn ez-toc-btn-xs ez-toc-btn-default ez-toc-toggle\" aria-label=\"Toggle Table of Content\"><span class=\"ez-toc-js-icon-con\"><span class=\"\"><span class=\"eztoc-hide\" style=\"display:none;\">Toggle<\/span><span class=\"ez-toc-icon-toggle-span\"><svg style=\"fill: #999;color:#999\" xmlns=\"http:\/\/www.w3.org\/2000\/svg\" class=\"list-377408\" width=\"20px\" height=\"20px\" viewBox=\"0 0 24 24\" fill=\"none\"><path d=\"M6 6H4v2h2V6zm14 0H8v2h12V6zM4 11h2v2H4v-2zm16 0H8v2h12v-2zM4 16h2v2H4v-2zm16 0H8v2h12v-2z\" fill=\"currentColor\"><\/path><\/svg><svg style=\"fill: #999;color:#999\" class=\"arrow-unsorted-368013\" xmlns=\"http:\/\/www.w3.org\/2000\/svg\" width=\"10px\" height=\"10px\" viewBox=\"0 0 24 24\" version=\"1.2\" baseProfile=\"tiny\"><path d=\"M18.2 9.3l-6.2-6.3-6.2 6.3c-.2.2-.3.4-.3.7s.1.5.3.7c.2.2.4.3.7.3h11c.3 0 .5-.1.7-.3.2-.2.3-.5.3-.7s-.1-.5-.3-.7zM5.8 14.7l6.2 6.3 6.2-6.3c.2-.2.3-.5.3-.7s-.1-.5-.3-.7c-.2-.2-.4-.3-.7-.3h-11c-.3 0-.5.1-.7.3-.2.2-.3.5-.3.7s.1.5.3.7z\"\/><\/svg><\/span><\/span><\/span><\/a><\/span><\/div>\n<nav><ul class='ez-toc-list ez-toc-list-level-1 ' ><li class='ez-toc-page-1 ez-toc-heading-level-2'><a class=\"ez-toc-link ez-toc-heading-1\" href=\"https:\/\/eventiyoga.it\/blog\/aromaterapia-cos-e-come-funziona-benefici\/#Cose_laromaterapia\" title=\"Cos&#8217;\u00e8 l&#8217;aromaterapia\">Cos&#8217;\u00e8 l&#8217;aromaterapia<\/a><\/li><li class='ez-toc-page-1 ez-toc-heading-level-2'><a class=\"ez-toc-link ez-toc-heading-2\" href=\"https:\/\/eventiyoga.it\/blog\/aromaterapia-cos-e-come-funziona-benefici\/#Come_funziona_il_potere_dellolfatto\" title=\"Come funziona: il potere dell&#8217;olfatto\">Come funziona: il potere dell&#8217;olfatto<\/a><\/li><li class='ez-toc-page-1 ez-toc-heading-level-2'><a class=\"ez-toc-link ez-toc-heading-3\" href=\"https:\/\/eventiyoga.it\/blog\/aromaterapia-cos-e-come-funziona-benefici\/#Gli_oli_essenziali_cosa_sono_e_come_si_estraggono\" title=\"Gli oli essenziali: cosa sono e come si estraggono\">Gli oli essenziali: cosa sono e come si estraggono<\/a><\/li><li class='ez-toc-page-1 ez-toc-heading-level-2'><a class=\"ez-toc-link ez-toc-heading-4\" href=\"https:\/\/eventiyoga.it\/blog\/aromaterapia-cos-e-come-funziona-benefici\/#I_principali_oli_essenziali_e_le_loro_proprieta\" title=\"I principali oli essenziali e le loro propriet\u00e0\">I principali oli essenziali e le loro propriet\u00e0<\/a><\/li><li class='ez-toc-page-1 ez-toc-heading-level-2'><a class=\"ez-toc-link ez-toc-heading-5\" href=\"https:\/\/eventiyoga.it\/blog\/aromaterapia-cos-e-come-funziona-benefici\/#Come_si_usa_laromaterapia_nella_pratica\" title=\"Come si usa l&#8217;aromaterapia nella pratica\">Come si usa l&#8217;aromaterapia nella pratica<\/a><\/li><li class='ez-toc-page-1 ez-toc-heading-level-2'><a class=\"ez-toc-link ez-toc-heading-6\" href=\"https:\/\/eventiyoga.it\/blog\/aromaterapia-cos-e-come-funziona-benefici\/#Aromaterapia_e_yoga_unalleanza_naturale\" title=\"Aromaterapia e yoga: un&#8217;alleanza naturale\">Aromaterapia e yoga: un&#8217;alleanza naturale<\/a><\/li><li class='ez-toc-page-1 ez-toc-heading-level-2'><a class=\"ez-toc-link ez-toc-heading-7\" href=\"https:\/\/eventiyoga.it\/blog\/aromaterapia-cos-e-come-funziona-benefici\/#I_benefici_dellaromaterapia_cosa_dice_la_scienza\" title=\"I benefici dell&#8217;aromaterapia: cosa dice la scienza\">I benefici dell&#8217;aromaterapia: cosa dice la scienza<\/a><\/li><li class='ez-toc-page-1 ez-toc-heading-level-2'><a class=\"ez-toc-link ez-toc-heading-8\" href=\"https:\/\/eventiyoga.it\/blog\/aromaterapia-cos-e-come-funziona-benefici\/#Controindicazioni_quando_fare_attenzione\" title=\"Controindicazioni: quando fare attenzione\">Controindicazioni: quando fare attenzione<\/a><\/li><li class='ez-toc-page-1 ez-toc-heading-level-2'><a class=\"ez-toc-link ez-toc-heading-9\" href=\"https:\/\/eventiyoga.it\/blog\/aromaterapia-cos-e-come-funziona-benefici\/#Libri_consigliati_sullaromaterapia\" title=\"Libri consigliati sull&#8217;aromaterapia\">Libri consigliati sull&#8217;aromaterapia<\/a><\/li><li class='ez-toc-page-1 ez-toc-heading-level-2'><a class=\"ez-toc-link ez-toc-heading-10\" href=\"https:\/\/eventiyoga.it\/blog\/aromaterapia-cos-e-come-funziona-benefici\/#Conclusione\" title=\"Conclusione\">Conclusione<\/a><\/li><li class='ez-toc-page-1 ez-toc-heading-level-2'><a class=\"ez-toc-link ez-toc-heading-11\" href=\"https:\/\/eventiyoga.it\/blog\/aromaterapia-cos-e-come-funziona-benefici\/#Esplora_il_calendario_completo\" title=\"Esplora il calendario completo\">Esplora il calendario completo<\/a><\/li><li class='ez-toc-page-1 ez-toc-heading-level-2'><a class=\"ez-toc-link ez-toc-heading-12\" href=\"https:\/\/eventiyoga.it\/blog\/aromaterapia-cos-e-come-funziona-benefici\/#Domande_frequenti_sullaromaterapia\" title=\"Domande frequenti sull&#8217;aromaterapia\">Domande frequenti sull&#8217;aromaterapia<\/a><\/li><li class='ez-toc-page-1 ez-toc-heading-level-2'><a class=\"ez-toc-link ez-toc-heading-13\" href=\"https:\/\/eventiyoga.it\/blog\/aromaterapia-cos-e-come-funziona-benefici\/#Altre_risorse_utili\" title=\"Altre risorse utili\">Altre risorse utili<\/a><\/li><\/ul><\/nav><\/div>\n<h2 class=\"wp-block-heading\"><span class=\"ez-toc-section\" id=\"Cose_laromaterapia\"><\/span>Cos&#8217;\u00e8 l&#8217;aromaterapia<span class=\"ez-toc-section-end\"><\/span><\/h2>\n\n\n\n<p>L&#8217;aromaterapia \u00e8 una <strong>disciplina olistica che utilizza gli oli essenziali estratti dalle piante per favorire il benessere fisico, mentale ed emotivo<\/strong>. Non si limita a &#8220;profumare l&#8217;ambiente&#8221; \u2013 anche se quello \u00e8 spesso il primo contatto che le persone hanno con questa pratica.<\/p>\n\n\n\n<p>Il termine \u00e8 stato coniato nel <strong>1928<\/strong> dal chimico francese <strong>Ren\u00e9-Maurice Gattefoss\u00e9<\/strong>. La storia \u00e8 nota: lavorando nel suo laboratorio di profumi a Grasse, si ustion\u00f2 gravemente una mano. Per istinto, la immerse nella bacinella pi\u00f9 vicina, che conteneva olio essenziale di lavanda. La mano guar\u00ec rapidamente, senza cicatrici. Da quel momento, Gattefoss\u00e9 dedic\u00f2 la sua vita allo studio delle propriet\u00e0 terapeutiche degli oli essenziali.<\/p>\n\n\n\n<p>Ma la pratica \u00e8 molto pi\u00f9 antica della parola che la definisce. Gli <strong>Egizi<\/strong> usavano resine e oli aromatici per l&#8217;imbalsamazione e per i rituali sacri oltre 4.000 anni fa. I <strong>Greci<\/strong> e i <strong>Romani<\/strong> li impiegavano per la cura del corpo, la purificazione degli ambienti e la medicina. In <strong>India<\/strong>, l&#8217;uso degli oli aromatici \u00e8 parte integrante dell&#8217;<a href=\"https:\/\/eventiyoga.it\/blog\/come-funziona-layurveda\/\" target=\"_blank\" rel=\"noreferrer noopener\">Ayurveda<\/a> fin dalle origini. In <strong>Cina<\/strong>, rientra nella tradizione erboristica legata alla medicina tradizionale cinese.<\/p>\n\n\n\n<p>L&#8217;aromaterapia \u00e8 quindi un sapere antico che la scienza moderna sta riscoprendo e confermando. Oggi viene utilizzata non solo nei centri olistici e nelle spa, ma anche in ambito ospedaliero \u2013 nei reparti oncologici, nelle unit\u00e0 di cure palliative, nei reparti maternit\u00e0 \u2013 come strumento complementare per ridurre ansia, dolore e stress.<\/p>\n\n\n\n<blockquote class=\"wp-block-quote is-layout-flow wp-block-quote-is-layout-flow\">\n<p>Per capire meglio cosa significa &#8220;olistico&#8221; e perch\u00e9 l&#8217;aromaterapia rientra in questo approccio, leggi il nostro approfondimento: \u2192 <a href=\"https:\/\/eventiyoga.it\/blog\/olistico-cosa-significa\/\" target=\"_blank\" rel=\"noreferrer noopener\">Olistico: cosa significa davvero (e perch\u00e9 ti riguarda)<\/a><\/p>\n<\/blockquote>\n\n\n\n<hr class=\"wp-block-separator has-text-color has-white-color has-alpha-channel-opacity has-white-background-color has-background\"\/>\n\n\n\n<figure class=\"wp-block-image size-full\"><img decoding=\"async\" src=\"data:image\/gif;base64,R0lGODlhAQABAIAAAAAAAP\/\/\/yH5BAEAAAAALAAAAAABAAEAAAIBRAA7\" data-src=\"https:\/\/eventiyoga.it\/blog\/wp-content\/uploads\/2026\/04\/contenitore-per-aromaterapia.jpg\" alt=\"contenitore-per-aromaterapia\" class=\"wp-image-73519\"\/><noscript><img loading=\"lazy\" decoding=\"async\" width=\"1024\" height=\"768\" src=\"https:\/\/eventiyoga.it\/blog\/wp-content\/uploads\/2026\/04\/contenitore-per-aromaterapia.jpg\" alt=\"contenitore-per-aromaterapia\" class=\"wp-image-73519\" srcset=\"https:\/\/eventiyoga.it\/blog\/wp-content\/uploads\/2026\/04\/contenitore-per-aromaterapia.jpg 1024w, https:\/\/eventiyoga.it\/blog\/wp-content\/uploads\/2026\/04\/contenitore-per-aromaterapia-300x225.jpg 300w, https:\/\/eventiyoga.it\/blog\/wp-content\/uploads\/2026\/04\/contenitore-per-aromaterapia-768x576.jpg 768w\" sizes=\"auto, (max-width: 1024px) 100vw, 1024px\" \/><\/noscript><\/figure>\n\n\n\n<hr class=\"wp-block-separator has-text-color has-white-color has-alpha-channel-opacity has-white-background-color has-background\"\/>\n\n\n\n<h2 class=\"wp-block-heading\"><span class=\"ez-toc-section\" id=\"Come_funziona_il_potere_dellolfatto\"><\/span>Come funziona: il potere dell&#8217;olfatto<span class=\"ez-toc-section-end\"><\/span><\/h2>\n\n\n\n<p>Per capire perch\u00e9 l&#8217;aromaterapia funziona, bisogna capire come funziona il tuo naso. O meglio: cosa succede <strong>tra il tuo naso e il tuo cervello<\/strong>.<\/p>\n\n\n\n<p>Quando inali un olio essenziale, le molecole aromatiche entrano nelle narici e raggiungono i <strong>recettori olfattivi<\/strong> \u2013 milioni di cellule nervose specializzate nel riconoscere gli odori. Da l\u00ec, il segnale viaggia direttamente al <strong>sistema limbico<\/strong>: la parte pi\u00f9 antica del cervello, quella che regola le emozioni, la memoria, gli istinti e molte funzioni fisiologiche.<\/p>\n\n\n\n<p>Ed \u00e8 qui che succede la magia \u2013 o meglio, la scienza.<\/p>\n\n\n\n<p>Il sistema limbico \u00e8 la stessa area del cervello che si attiva quando un ricordo ti commuove, quando un profumo ti riporta all&#8217;infanzia, quando un odore ti fa sentire al sicuro senza che tu sappia perch\u00e9. <strong>L&#8217;olfatto \u00e8 il senso pi\u00f9 diretto e primitivo che abbiamo<\/strong>: non passa attraverso filtri razionali. Arriva subito dove conta.<\/p>\n\n\n\n<p>Questo spiega perch\u00e9 un olio essenziale pu\u00f2 calmarti, energizzarti o cambiarti l&#8217;umore <strong>in pochi secondi<\/strong>. Non \u00e8 suggestione: \u00e8 neurobiologia.<\/p>\n\n\n\n<p>Ma l&#8217;aromaterapia non agisce solo per via olfattiva. Quando gli oli essenziali vengono applicati sulla pelle \u2013 diluiti in un olio vettore, durante un massaggio o un bagno \u2013 le loro molecole <strong>attraversano l&#8217;epidermide<\/strong>, raggiungono il derma (ricco di capillari) e da l\u00ec entrano nel circolo sanguigno, agendo a livello sistemico su tutto il corpo.<\/p>\n\n\n\n<p>A differenza di molti farmaci, le molecole degli oli essenziali non rimangono nell&#8217;organismo a lungo: vengono eliminate naturalmente entro 3-6 ore. Agiscono, fanno il loro lavoro e se ne vanno. Senza accumuli, senza residui.<\/p>\n\n\n\n<hr class=\"wp-block-separator has-text-color has-white-color has-alpha-channel-opacity has-white-background-color has-background\"\/>\n\n\n\n<h2 class=\"wp-block-heading\"><span class=\"ez-toc-section\" id=\"Gli_oli_essenziali_cosa_sono_e_come_si_estraggono\"><\/span>Gli oli essenziali: cosa sono e come si estraggono<span class=\"ez-toc-section-end\"><\/span><\/h2>\n\n\n\n<p>Gli oli essenziali sono <strong>sostanze aromatiche naturali, altamente concentrate<\/strong>, estratte da diverse parti delle piante: fiori, foglie, radici, corteccia, buccia, semi, resina.<\/p>\n\n\n\n<p>Non sono &#8220;oli&#8221; nel senso classico del termine \u2013 non sono grassi. Sono <strong>miscele complesse di composti volatili<\/strong> che evaporano facilmente a temperatura ambiente e che conferiscono alla pianta il suo profumo caratteristico.<\/p>\n\n\n\n<p>I due metodi di estrazione principali sono:<\/p>\n\n\n\n<ul class=\"wp-block-list\">\n<li><strong>Distillazione in corrente di vapore<\/strong> \u2013 il metodo pi\u00f9 diffuso. Il vapore acqueo attraversa il materiale vegetale, cattura le molecole aromatiche e poi si condensa in un liquido separabile in olio essenziale e acqua aromatica (idrolato). \u00c8 il metodo usato per lavanda, rosmarino, eucalipto, menta, incenso e la maggior parte degli oli.<\/li>\n<\/ul>\n\n\n\n<hr class=\"wp-block-separator has-text-color has-white-color has-alpha-channel-opacity has-white-background-color has-background\"\/>\n\n\n\n<ul class=\"wp-block-list\">\n<li><strong>Spremitura a freddo<\/strong> \u2013 usata principalmente per gli agrumi (limone, arancio, bergamotto, mandarino). La buccia viene pressata meccanicamente per liberare le goccioline di olio essenziale contenute nelle ghiandole della scorza.<\/li>\n<\/ul>\n\n\n\n<hr class=\"wp-block-separator has-text-color has-white-color has-alpha-channel-opacity has-white-background-color has-background\"\/>\n\n\n\n<p>Un punto fondamentale: <strong>non tutti gli oli essenziali sono uguali<\/strong>. La qualit\u00e0 dipende dalla specie botanica, dal luogo di coltivazione, dal metodo di estrazione e dalla purezza del prodotto finale. Un olio essenziale autentico deve riportare in etichetta il <strong>nome botanico<\/strong> della pianta (es. <em>Lavandula angustifolia<\/em>), il <strong>chemiotipo<\/strong> (la composizione chimica specifica) e la <strong>parte della pianta<\/strong> utilizzata.<\/p>\n\n\n\n<hr class=\"wp-block-separator has-text-color has-white-color has-alpha-channel-opacity has-white-background-color has-background\"\/>\n\n\n\n<div style=\"background-color: #fef5e7; border-left: 4px solid #e67e22; padding: 15px 20px; margin: 1.5em 0; border-radius: 0 8px 8px 0; font-family: inherit; font-size: 1.1em;\"> <strong>Consiglio pratico:<\/strong> diffida degli oli troppo economici o delle &#8220;fragranze&#8221; vendute come oli essenziali. Se l&#8217;etichetta non riporta il nome botanico e la provenienza, probabilmente non \u00e8 un olio essenziale puro ma una profumazione sintetica \u2013 che pu\u00f2 avere un buon odore ma non ha nessuna propriet\u00e0 terapeutica. <\/div>\n\n\n\n<hr class=\"wp-block-separator has-text-color has-white-color has-alpha-channel-opacity has-white-background-color has-background\"\/>\n\n\n\n<hr class=\"wp-block-separator has-text-color has-white-color has-alpha-channel-opacity has-white-background-color has-background\"\/>\n\n\n\n<figure class=\"wp-block-image size-full\"><img decoding=\"async\" src=\"data:image\/gif;base64,R0lGODlhAQABAIAAAAAAAP\/\/\/yH5BAEAAAAALAAAAAABAAEAAAIBRAA7\" data-src=\"https:\/\/eventiyoga.it\/blog\/wp-content\/uploads\/2026\/04\/olio-essenziale-di-limone-aromaterapia.jpg\" alt=\"olio-essenziale-di-limone-aromaterapia\" class=\"wp-image-73520\"\/><noscript><img loading=\"lazy\" decoding=\"async\" width=\"1024\" height=\"768\" src=\"https:\/\/eventiyoga.it\/blog\/wp-content\/uploads\/2026\/04\/olio-essenziale-di-limone-aromaterapia.jpg\" alt=\"olio-essenziale-di-limone-aromaterapia\" class=\"wp-image-73520\" srcset=\"https:\/\/eventiyoga.it\/blog\/wp-content\/uploads\/2026\/04\/olio-essenziale-di-limone-aromaterapia.jpg 1024w, https:\/\/eventiyoga.it\/blog\/wp-content\/uploads\/2026\/04\/olio-essenziale-di-limone-aromaterapia-300x225.jpg 300w, https:\/\/eventiyoga.it\/blog\/wp-content\/uploads\/2026\/04\/olio-essenziale-di-limone-aromaterapia-768x576.jpg 768w\" sizes=\"auto, (max-width: 1024px) 100vw, 1024px\" \/><\/noscript><\/figure>\n\n\n\n<hr class=\"wp-block-separator has-text-color has-white-color has-alpha-channel-opacity has-white-background-color has-background\"\/>\n\n\n\n<h2 class=\"wp-block-heading\"><span class=\"ez-toc-section\" id=\"I_principali_oli_essenziali_e_le_loro_proprieta\"><\/span>I principali oli essenziali e le loro propriet\u00e0<span class=\"ez-toc-section-end\"><\/span><\/h2>\n\n\n\n<p>Esistono centinaia di oli essenziali, ognuno con il suo profilo aromatico e le sue propriet\u00e0. Non serve conoscerli tutti: bastano pochi, scelti bene, per fare una grande differenza. Ecco quelli pi\u00f9 utilizzati in aromaterapia, raggruppati per effetto principale.<\/p>\n\n\n\n<hr class=\"wp-block-separator has-text-color has-white-color has-alpha-channel-opacity has-white-background-color has-background\"\/>\n\n\n\n<h3 class=\"wp-block-heading\">Rilassanti e calmanti<\/h3>\n\n\n\n<p><strong>Lavanda<\/strong> (<em>Lavandula angustifolia<\/em>) \u2013 \u00e8 la regina dell&#8217;aromaterapia. Calmante, ansiolitica, favorisce il sonno, allevia il mal di testa. \u00c8 l&#8217;olio pi\u00f9 studiato e pi\u00f9 versatile: se devi sceglierne uno solo, scegli questo.<\/p>\n\n\n\n<p><strong>Camomilla romana<\/strong> (<em>Chamaemelum nobile<\/em>) \u2013 dolce, delicata, profondamente rilassante. Ideale per tensione nervosa, irritabilit\u00e0 e problemi di sonno. Adatta anche ai bambini (con le dovute cautele).<\/p>\n\n\n\n<p><strong>Ylang Ylang<\/strong> (<em>Cananga odorata<\/em>) \u2013 floreale, esotico, riequilibrante. Riduce l&#8217;ansia, abbassa la pressione arteriosa e ha un effetto leggermente euforico. Ottimo per la meditazione serale.<\/p>\n\n\n\n<hr class=\"wp-block-separator has-text-color has-white-color has-alpha-channel-opacity has-white-background-color has-background\"\/>\n\n\n\n<h3 class=\"wp-block-heading\">Energizzanti e tonificanti<\/h3>\n\n\n\n<p><strong>Menta piperita<\/strong> (<em>Mentha piperita<\/em>) \u2013 fresca, intensa, stimolante. Migliora la concentrazione, allevia il mal di testa, apre le vie respiratorie. Da usare con moderazione: \u00e8 molto potente.<\/p>\n\n\n\n<p><strong>Rosmarino<\/strong> (<em>Rosmarinus officinalis<\/em>) \u2013 stimolante mentale, migliora la memoria e la chiarezza di pensiero. Indicato per la stanchezza mentale e la mancanza di concentrazione.<\/p>\n\n\n\n<p><strong>Limone<\/strong> (<em>Citrus limon<\/em>) \u2013 purificante, energizzante, luminoso. Aiuta la concentrazione e solleva l&#8217;umore. Perfetto al mattino o durante il lavoro.<\/p>\n\n\n\n<hr class=\"wp-block-separator has-text-color has-white-color has-alpha-channel-opacity has-white-background-color has-background\"\/>\n\n\n\n<h3 class=\"wp-block-heading\">Riequilibranti e armonizzanti<\/h3>\n\n\n\n<p><strong>Arancio dolce<\/strong> (<em>Citrus sinensis<\/em>) \u2013 caldo, avvolgente, calmante senza essere sedativo. Riduce l&#8217;ansia e migliora l&#8217;umore. Uno degli oli pi\u00f9 amati e pi\u00f9 accessibili.<\/p>\n\n\n\n<p><strong>Bergamotto<\/strong> (<em>Citrus bergamia<\/em>) \u2013 agrumato con una nota floreale. Riequilibrante emotivo per eccellenza: aiuta sia in caso di agitazione che di apatia. Attenzione: \u00e8 fotosensibilizzante, quindi evita l&#8217;esposizione al sole dopo l&#8217;applicazione sulla pelle.<\/p>\n\n\n\n<p><strong>Incenso \/ Frankincense<\/strong> (<em>Boswellia sacra<\/em>) \u2013 profondo, resinoso, sacro. Usato da millenni nelle pratiche spirituali. Favorisce la meditazione profonda, calma la mente e ha propriet\u00e0 antinfiammatorie. \u00c8 l&#8217;olio della consapevolezza.<\/p>\n\n\n\n<hr class=\"wp-block-separator has-text-color has-white-color has-alpha-channel-opacity has-white-background-color has-background\"\/>\n\n\n\n<h3 class=\"wp-block-heading\">Purificanti e respiratori<\/h3>\n\n\n\n<p><strong>Tea tree \/ Albero del t\u00e8<\/strong> (<em>Melaleuca alternifolia<\/em>) \u2013 antibatterico, antivirale, antimicotico. Purifica l&#8217;aria e la pelle. Indispensabile nella farmacia naturale di casa.<\/p>\n\n\n\n<p><strong>Eucalipto<\/strong> (<em>Eucalyptus globulus<\/em>) \u2013 balsamico, espettorante, libera le vie respiratorie. Ideale in caso di raffreddore, sinusite, congestione. Ottimo nel diffusore durante l&#8217;inverno.<\/p>\n\n\n\n<hr class=\"wp-block-separator has-text-color has-white-color has-alpha-channel-opacity has-white-background-color has-background\"\/>\n\n\n\n<figure class=\"wp-block-image size-full\"><img decoding=\"async\" src=\"data:image\/gif;base64,R0lGODlhAQABAIAAAAAAAP\/\/\/yH5BAEAAAAALAAAAAABAAEAAAIBRAA7\" data-src=\"https:\/\/eventiyoga.it\/blog\/wp-content\/uploads\/2026\/04\/aromaterapia-significato-della-parola.jpg\" alt=\"aromaterapia-significato-della-parola\" class=\"wp-image-73521\"\/><noscript><img loading=\"lazy\" decoding=\"async\" width=\"1024\" height=\"768\" src=\"https:\/\/eventiyoga.it\/blog\/wp-content\/uploads\/2026\/04\/aromaterapia-significato-della-parola.jpg\" alt=\"aromaterapia-significato-della-parola\" class=\"wp-image-73521\" srcset=\"https:\/\/eventiyoga.it\/blog\/wp-content\/uploads\/2026\/04\/aromaterapia-significato-della-parola.jpg 1024w, https:\/\/eventiyoga.it\/blog\/wp-content\/uploads\/2026\/04\/aromaterapia-significato-della-parola-300x225.jpg 300w, https:\/\/eventiyoga.it\/blog\/wp-content\/uploads\/2026\/04\/aromaterapia-significato-della-parola-768x576.jpg 768w\" sizes=\"auto, (max-width: 1024px) 100vw, 1024px\" \/><\/noscript><\/figure>\n\n\n\n<hr class=\"wp-block-separator has-text-color has-white-color has-alpha-channel-opacity has-white-background-color has-background\"\/>\n\n\n\n<h2 class=\"wp-block-heading\"><span class=\"ez-toc-section\" id=\"Come_si_usa_laromaterapia_nella_pratica\"><\/span>Come si usa l&#8217;aromaterapia nella pratica<span class=\"ez-toc-section-end\"><\/span><\/h2>\n\n\n\n<p>Uno dei punti di forza dell&#8217;aromaterapia \u00e8 la sua <strong>semplicit\u00e0 d&#8217;uso<\/strong>. Non serve essere esperti per iniziare. Ecco i modi principali per utilizzare gli oli essenziali nella vita quotidiana.<\/p>\n\n\n\n<p><strong>Diffusione ambientale<\/strong> \u2013 il metodo pi\u00f9 semplice e sicuro. Versa 3-5 gocce di olio essenziale in un diffusore elettrico a ultrasuoni (evita le candele: il calore altera le propriet\u00e0 degli oli). In pochi minuti l&#8217;ambiente si trasforma. Lavanda per la sera, limone per il mattino, incenso per meditare.<\/p>\n\n\n\n<p><strong>Inalazione diretta<\/strong> \u2013 versa 1-2 gocce su un fazzoletto di stoffa o sul palmo delle mani (strofinale leggermente), avvicina al naso e respira profondamente per 3-5 respiri. Metodo rapido e portatile per momenti di stress, stanchezza o mancanza di concentrazione.<\/p>\n\n\n\n<p><strong>Massaggio aromaterapico<\/strong> \u2013 diluisci 2-3 gocce di olio essenziale in un cucchiaio di olio vettore (mandorle dolci, cocco frazionato, jojoba) e massaggia sulla pelle. L&#8217;effetto combinato del massaggio e dell&#8217;assorbimento cutaneo \u00e8 potentissimo. \u00c8 il modo in cui l&#8217;aromaterapia viene usata nei trattamenti professionali e nei <a href=\"https:\/\/eventiyoga.it\/blog\/massaggio-ayurvedico-come-si-fa-benefici\/\">massaggi ayurvedici<\/a>.<\/p>\n\n\n\n<p><strong>Bagno aromatico<\/strong> \u2013 aggiungi 5-8 gocce di olio essenziale al sale grosso o a un cucchiaio di olio vettore, poi versali nell&#8217;acqua calda della vasca. Immergiti e respira. Lavanda + arancio dolce per rilassarsi, eucalipto + menta per rigenerarsi.<\/p>\n\n\n\n<p><strong>Sul cuscino o sulla biancheria<\/strong> \u2013 1-2 gocce di lavanda sul cuscino prima di dormire \u00e8 il rimedio naturale per il sonno pi\u00f9 semplice e pi\u00f9 amato al mondo. Funziona.<\/p>\n\n\n\n<hr class=\"wp-block-separator has-text-color has-white-color has-alpha-channel-opacity has-white-background-color has-background\"\/>\n\n\n\n<div style=\"background-color: #fef5e7; border-left: 4px solid #e67e22; padding: 15px 20px; margin: 1.5em 0; border-radius: 0 8px 8px 0; font-family: inherit; font-size: 1.1em;\"> <strong>Regola d&#8217;oro:<\/strong> gli oli essenziali non vanno mai applicati puri sulla pelle \u2013 sono troppo concentrati e potrebbero causare irritazioni o reazioni allergiche. Diluiscili sempre in un olio vegetale vettore. L&#8217;unica eccezione tradizionale \u00e8 la lavanda su piccole scottature, ma anche in quel caso la prudenza \u00e8 d&#8217;obbligo. <\/div>\n\n\n\n<hr class=\"wp-block-separator has-text-color has-white-color has-alpha-channel-opacity has-white-background-color has-background\"\/>\n\n\n\n<h2 class=\"wp-block-heading\"><span class=\"ez-toc-section\" id=\"Aromaterapia_e_yoga_unalleanza_naturale\"><\/span>Aromaterapia e yoga: un&#8217;alleanza naturale<span class=\"ez-toc-section-end\"><\/span><\/h2>\n\n\n\n<p>Se pratichi <a href=\"https:\/\/eventiyoga.it\/blog\/yoga-cose\/\" target=\"_blank\" rel=\"noreferrer noopener\">yoga<\/a>, l&#8217;aromaterapia \u00e8 il complemento perfetto. Non perch\u00e9 &#8220;fa figo&#8221; avere un diffusore in sala \u2013 ma perch\u00e9 <strong>gli oli essenziali lavorano esattamente sugli stessi piani su cui lavora lo yoga<\/strong>: corpo, respiro, mente, emozioni.<\/p>\n\n\n\n<p>Sempre pi\u00f9 centri yoga e organizzatori di ritiri stanno integrando l&#8217;aromaterapia nelle loro proposte. E non \u00e8 un caso: chi pratica yoga \u00e8 spesso la stessa persona che cerca un benessere pi\u00f9 profondo, pi\u00f9 naturale, pi\u00f9 consapevole. L&#8217;aromaterapia si inserisce in questo percorso in modo naturale e potente.<\/p>\n\n\n\n<p>Ecco come puoi usarla in relazione alla pratica, fase per fase:<\/p>\n\n\n\n<p><strong>Prima della pratica \u2013 attivare l&#8217;intenzione<\/strong> <br>Oli energizzanti e luminosi come il <strong>limone<\/strong>, l&#8217;<strong>arancio dolce<\/strong> o il <strong>rosmarino<\/strong> aiutano a fare il passaggio mentale dalla giornata alla pratica. Qualche goccia nel diffusore 10 minuti prima di stendere il tappetino. L&#8217;effetto \u00e8 immediato: entri nella pratica gi\u00e0 pi\u00f9 presente.<\/p>\n\n\n\n<p><strong>Durante la pratica attiva \u2013 sostenere il respiro<\/strong> <br>L&#8217;<strong>eucalipto<\/strong> e la <strong>menta piperita<\/strong> (in dosi leggere) aprono le vie respiratorie e rendono il pranayama pi\u00f9 efficace. Utili soprattutto per chi ha congestione nasale o respira in modo superficiale. Attenzione: usa dosi minime per non sovrastare l&#8217;ambiente.<\/p>\n\n\n\n<p><strong>Savasana e rilassamento \u2013 sciogliere e lasciare andare<\/strong> <br>La <strong>lavanda<\/strong> e la <strong>camomilla<\/strong> sono le compagne perfette per il rilassamento finale. L&#8217;insegnante pu\u00f2 passare tra i praticanti con un olio diluito e applicare qualche goccia su tempie e polsi (chiedendo sempre il consenso). L&#8217;effetto sul rilassamento \u00e8 immediato e profondo.<\/p>\n\n\n\n<p><strong>Meditazione \u2013 andare in profondit\u00e0<\/strong> <br>L&#8217;<strong>incenso<\/strong> (Frankincense), il <strong>sandalo<\/strong> e il <strong>patchouli<\/strong> sono gli oli della meditazione per eccellenza. Hanno un profumo profondo, resinoso, che ancora la mente al presente e favorisce uno stato di concentrazione serena. Non \u00e8 un caso che l&#8217;incenso venga usato da millenni nelle pratiche spirituali di ogni tradizione.<\/p>\n\n\n\n<p><strong>Qualche goccia direttamente sul tappetino<\/strong> <br>Un&#8217;alternativa al diffusore: 1-2 gocce di olio essenziale sugli angoli del tappetino, prima della pratica. Ogni volta che ti muovi, il calore del corpo rilascia il profumo. \u00c8 un modo intimo e discreto di integrare l&#8217;aromaterapia nella tua pratica personale.<\/p>\n\n\n\n<hr class=\"wp-block-separator has-text-color has-white-color has-alpha-channel-opacity has-white-background-color has-background\"\/>\n\n\n\n<figure class=\"wp-block-image size-full\"><img decoding=\"async\" src=\"data:image\/gif;base64,R0lGODlhAQABAIAAAAAAAP\/\/\/yH5BAEAAAAALAAAAAABAAEAAAIBRAA7\" data-src=\"https:\/\/eventiyoga.it\/blog\/wp-content\/uploads\/2026\/04\/aromaterapia-in-una-classe-di-yoga.jpg\" alt=\"aromaterapia-in-una-classe-di-yoga\" class=\"wp-image-73522\"\/><noscript><img loading=\"lazy\" decoding=\"async\" width=\"1024\" height=\"768\" src=\"https:\/\/eventiyoga.it\/blog\/wp-content\/uploads\/2026\/04\/aromaterapia-in-una-classe-di-yoga.jpg\" alt=\"aromaterapia-in-una-classe-di-yoga\" class=\"wp-image-73522\" srcset=\"https:\/\/eventiyoga.it\/blog\/wp-content\/uploads\/2026\/04\/aromaterapia-in-una-classe-di-yoga.jpg 1024w, https:\/\/eventiyoga.it\/blog\/wp-content\/uploads\/2026\/04\/aromaterapia-in-una-classe-di-yoga-300x225.jpg 300w, https:\/\/eventiyoga.it\/blog\/wp-content\/uploads\/2026\/04\/aromaterapia-in-una-classe-di-yoga-768x576.jpg 768w\" sizes=\"auto, (max-width: 1024px) 100vw, 1024px\" \/><\/noscript><\/figure>\n\n\n\n<hr class=\"wp-block-separator has-text-color has-white-color has-alpha-channel-opacity has-white-background-color has-background\"\/>\n\n\n\n<h2 class=\"wp-block-heading\"><span class=\"ez-toc-section\" id=\"I_benefici_dellaromaterapia_cosa_dice_la_scienza\"><\/span>I benefici dell&#8217;aromaterapia: cosa dice la scienza<span class=\"ez-toc-section-end\"><\/span><\/h2>\n\n\n\n<p>L&#8217;aromaterapia \u00e8 stata a lungo considerata una pratica &#8220;di contorno&#8221; \u2013 piacevole ma non seria. La ricerca scientifica degli ultimi vent&#8217;anni ha cambiato questa percezione.<\/p>\n\n\n\n<ul class=\"wp-block-list\">\n<li><strong>Riduzione di stress e ansia<\/strong> <br>\u00c8 il beneficio pi\u00f9 studiato e pi\u00f9 documentato. Diversi studi clinici hanno dimostrato che l&#8217;inalazione di oli essenziali come lavanda, bergamotto e camomilla produce riduzioni misurabili dei livelli di cortisolo (l&#8217;ormone dello stress) e della frequenza cardiaca. Una revisione sistematica pubblicata su <em>Evidence-Based Complementary and Alternative Medicine<\/em> ha confermato che l&#8217;aromaterapia ha effetti ansiolitici significativi, anche in contesti clinici come pazienti oncologici e persone con disturbi d&#8217;ansia.<\/li>\n<\/ul>\n\n\n\n<hr class=\"wp-block-separator has-text-color has-white-color has-alpha-channel-opacity has-white-background-color has-background\"\/>\n\n\n\n<ul class=\"wp-block-list\">\n<li><strong>Miglioramento della qualit\u00e0 del sonno<\/strong> <br>L&#8217;inalazione di lavanda prima di dormire migliora la qualit\u00e0 del sonno in modo misurabile \u2013 sia nella popolazione generale che in gruppi specifici come anziani, donne in gravidanza e pazienti ospedalizzati. Uno studio pubblicato su <em>Journal of Alternative and Complementary Medicine<\/em> ha mostrato che la lavanda aumenta la percentuale di sonno profondo e riduce i risvegli notturni.<\/li>\n<\/ul>\n\n\n\n<hr class=\"wp-block-separator has-text-color has-white-color has-alpha-channel-opacity has-white-background-color has-background\"\/>\n\n\n\n<ul class=\"wp-block-list\">\n<li><strong>Sollievo dal dolore<\/strong> <br>L&#8217;aromaterapia, soprattutto in combinazione con il massaggio, ha mostrato effetti positivi nella riduzione del dolore in pazienti con artrite, emicrania e dolori mestruali. Gli oli pi\u00f9 efficaci in questo ambito sono lavanda, eucalipto, menta piperita e rosmarino.<\/li>\n<\/ul>\n\n\n\n<hr class=\"wp-block-separator has-text-color has-white-color has-alpha-channel-opacity has-white-background-color has-background\"\/>\n\n\n\n<ul class=\"wp-block-list\">\n<li><strong>Miglioramento della concentrazione e delle prestazioni cognitive<\/strong> <br>L&#8217;inalazione di rosmarino e menta piperita migliora la memoria, la velocit\u00e0 di elaborazione e il livello di allerta. Uno studio dell&#8217;Universit\u00e0 di Northumbria ha dimostrato che l&#8217;aroma di rosmarino migliora la memoria prospettica (la capacit\u00e0 di ricordarsi di fare qualcosa in futuro) fino al 75%.<\/li>\n<\/ul>\n\n\n\n<hr class=\"wp-block-separator has-text-color has-white-color has-alpha-channel-opacity has-white-background-color has-background\"\/>\n\n\n\n<ul class=\"wp-block-list\">\n<li><strong>Supporto in ambito clinico<\/strong> <br>L&#8217;aromaterapia viene oggi utilizzata come terapia complementare in ospedali e cliniche di tutto il mondo. In oncologia, aiuta a ridurre nausea, ansia e dolore nei pazienti in chemioterapia. Nelle cure palliative, migliora la qualit\u00e0 della vita e il benessere emotivo. Non cura le malattie, ma aiuta a <strong>vivere meglio nonostante la malattia<\/strong> \u2013 e questo, per chi ci passa, non \u00e8 poco.<\/li>\n<\/ul>\n\n\n\n<hr class=\"wp-block-separator has-text-color has-white-color has-alpha-channel-opacity has-white-background-color has-background\"\/>\n\n\n\n<div style=\"background: #f5f0fa; border-left: 4px solid #6b4c9a; padding: 15px 20px; margin: 1.5em 0; border-radius: 0 8px 8px 0; font-family: inherit; font-size: 1.1em;\"> <strong>Vuoi vivere un&#8217;esperienza che integra aromaterapia e yoga?<\/strong><br> Su EventiYoga trovi ritiri, workshop e giornate esperienziali che combinano yoga, oli essenziali e pratiche olistiche:<br> \ud83d\udc49 <a href=\"https:\/\/eventiyoga.it\/eventi-yoga?q=aromaterapia&#038;page=1\" style=\"color: #6b4c9a; text-decoration: underline;\">Cerca esperienze di aromaterapia su EventiYoga<\/a> <\/div>\n\n\n\n<hr class=\"wp-block-separator has-text-color has-white-color has-alpha-channel-opacity has-white-background-color has-background\"\/>\n\n\n\n<h2 class=\"wp-block-heading\"><span class=\"ez-toc-section\" id=\"Controindicazioni_quando_fare_attenzione\"><\/span>Controindicazioni: quando fare attenzione<span class=\"ez-toc-section-end\"><\/span><\/h2>\n\n\n\n<p>Gli oli essenziali sono naturali, ma non per questo privi di rischi. Sono sostanze altamente concentrate \u2013 una goccia di olio essenziale equivale a grandi quantit\u00e0 di materiale vegetale \u2013 e vanno usati con consapevolezza.<\/p>\n\n\n\n<p><strong>Mai puri sulla pelle<\/strong> \u2013 diluisci sempre in un olio vettore (mandorle dolci, jojoba, cocco frazionato). La proporzione standard \u00e8 2-3 gocce di olio essenziale per cucchiaio di olio vettore.<\/p>\n\n\n\n<p><strong>Allergie e sensibilit\u00e0 cutanee<\/strong> \u2013 prima di applicare un olio essenziale sulla pelle per la prima volta, fai un test: una goccia diluita sul polso interno, attendi 24 ore. Se noti rossore, prurito o irritazione, evita quell&#8217;olio.<\/p>\n\n\n\n<p><strong>Gravidanza e allattamento<\/strong> \u2013 molti oli essenziali sono sconsigliati durante la gravidanza, soprattutto nel primo trimestre. Lavanda e arancio dolce sono generalmente considerati sicuri dal secondo trimestre in poi, ma consulta sempre un professionista prima dell&#8217;uso.<\/p>\n\n\n\n<p><strong>Bambini piccoli<\/strong> \u2013 per i neonati e i bambini sotto i 6 anni, usa solo oli molto delicati (lavanda, camomilla, mandarino) e in dosi minime \u2013 meglio nel diffusore che sulla pelle. Evita oli forti come eucalipto, menta e canfora.<\/p>\n\n\n\n<p><strong>Epilessia<\/strong> \u2013 alcuni oli (rosmarino, canfora, salvia) hanno un effetto stimolante sul sistema nervoso e sono sconsigliati per chi soffre di epilessia.<\/p>\n\n\n\n<p><strong>Fotosensibilizzazione<\/strong> \u2013 gli oli di agrumi (bergamotto, limone, arancio amaro) possono causare macchie sulla pelle se esposta al sole dopo l&#8217;applicazione. Evita l&#8217;esposizione diretta per almeno 12 ore.<\/p>\n\n\n\n<p><strong>Interazioni con farmaci<\/strong> \u2013 alcuni oli essenziali possono interagire con farmaci. Se assumi terapie regolari, parlane con il tuo medico.<\/p>\n\n\n\n<p>La regola \u00e8 sempre la stessa: <strong>usali con rispetto, informati e, nel dubbio, chiedi a un professionista<\/strong>. L&#8217;aromaterapia \u00e8 uno strumento potente proprio perch\u00e9 gli oli essenziali sono sostanze attive \u2013 e come tutte le sostanze attive, vanno maneggiate con cura.<\/p>\n\n\n\n<hr class=\"wp-block-separator has-text-color has-white-color has-alpha-channel-opacity has-white-background-color has-background\"\/>\n\n\n\n<figure class=\"wp-block-image size-full\"><img decoding=\"async\" src=\"data:image\/gif;base64,R0lGODlhAQABAIAAAAAAAP\/\/\/yH5BAEAAAAALAAAAAABAAEAAAIBRAA7\" data-src=\"https:\/\/eventiyoga.it\/blog\/wp-content\/uploads\/2026\/04\/aromaterapia-con-candele-e-olio-essenziale.jpg\" alt=\"aromaterapia-con-candele-e-olio-essenziale\" class=\"wp-image-73523\"\/><noscript><img loading=\"lazy\" decoding=\"async\" width=\"1024\" height=\"768\" src=\"https:\/\/eventiyoga.it\/blog\/wp-content\/uploads\/2026\/04\/aromaterapia-con-candele-e-olio-essenziale.jpg\" alt=\"aromaterapia-con-candele-e-olio-essenziale\" class=\"wp-image-73523\" srcset=\"https:\/\/eventiyoga.it\/blog\/wp-content\/uploads\/2026\/04\/aromaterapia-con-candele-e-olio-essenziale.jpg 1024w, https:\/\/eventiyoga.it\/blog\/wp-content\/uploads\/2026\/04\/aromaterapia-con-candele-e-olio-essenziale-300x225.jpg 300w, https:\/\/eventiyoga.it\/blog\/wp-content\/uploads\/2026\/04\/aromaterapia-con-candele-e-olio-essenziale-768x576.jpg 768w\" sizes=\"auto, (max-width: 1024px) 100vw, 1024px\" \/><\/noscript><\/figure>\n\n\n\n<hr class=\"wp-block-separator has-text-color has-white-color has-alpha-channel-opacity has-white-background-color has-background\"\/>\n\n\n\n<h2 class=\"wp-block-heading\"><span class=\"ez-toc-section\" id=\"Libri_consigliati_sullaromaterapia\"><\/span>Libri consigliati sull&#8217;aromaterapia<span class=\"ez-toc-section-end\"><\/span><\/h2>\n\n\n\n<p>Se vuoi approfondire il tema e costruirti una conoscenza solida sugli oli essenziali, ecco due libri che consigliamo:<\/p>\n\n\n\n<p><strong>&#8220;Il Grande Libro degli Oli Essenziali e dell&#8217;Aromaterapia&#8221;<\/strong> di Valerie Ann Worwood (Macro Edizioni) Un vero e proprio manuale di riferimento \u2013 oltre 800 ricette naturali per la salute, la bellezza, la casa e il benessere. Copre praticamente ogni situazione: dallo stress ai disturbi del sonno, dalla cura della pelle ai rimedi per i bambini. Completo, pratico e ben organizzato. \u00c8 il libro che ti ritroverai a consultare ogni settimana.<\/p>\n\n\n\n<hr class=\"wp-block-separator has-text-color has-white-color has-alpha-channel-opacity has-white-background-color has-background\"\/>\n\n\n\n<div style=\"background: #f9f9f6; border-left: 4px solid #2E7D32; border-radius: 0 6px 6px 0; padding: 22px 22px 22px 24px; margin: 20px 0;\">\n  <div style=\"font-size: 18px; font-weight: bold; color: #2E7D32; margin-bottom: 14px;\">\ud83d\udcd6 LETTURA CONSIGLIATA<\/div>\n  <table cellpadding=\"3\" style=\"margin: 0;\"><tr>\n    <td align=\"center\" valign=\"top\" width=\"140\">\n      <a target=\"_blank\" href=\"https:\/\/www.macrolibrarsi.it\/libri\/__il-grande-libro-degli-oli-essenziali-e-dell-aromaterapia-macro-edizioni-libro.php?pn=5628\" title=\"Il Grande Libro degli Oli Essenziali e dell'Aromaterapia\">\n        <img loading=\"lazy\" decoding=\"async\" style=\"border:0; vertical-align: top; border-radius: 4px;\" src=\"data:image\/gif;base64,R0lGODlhAQABAIAAAAAAAP\/\/\/yH5BAEAAAAALAAAAAABAAEAAAIBRAA7\" data-src=\"https:\/\/www.macrolibrarsi.it\/data\/cop\/_big\/i\/il-grande-libro-degli-oli-essenziali-e-dell-aromaterapia-430413-2.jpg\" width=\"100\" height=\"133\" alt=\"Il Grande Libro degli Oli Essenziali e dell'Aromaterapia\" \/><noscript><img loading=\"lazy\" decoding=\"async\" style=\"border:0; vertical-align: top; border-radius: 4px;\" src=\"https:\/\/www.macrolibrarsi.it\/data\/cop\/_big\/i\/il-grande-libro-degli-oli-essenziali-e-dell-aromaterapia-430413-2.jpg\" width=\"100\" height=\"133\" alt=\"Il Grande Libro degli Oli Essenziali e dell'Aromaterapia\" \/><\/noscript>\n      <\/a>\n    <\/td>\n    <td>\n      <div><a target=\"_blank\" style=\"font-size: 15px; color: #666; text-decoration: none;\" title=\"Valerie Ann Worwood\" href=\"https:\/\/www.macrolibrarsi.it\/autori\/_valerie_ann_worwood.php?pn=5628\">Valerie Ann Worwood<\/a><\/div>\n      <div><a target=\"_blank\" href=\"https:\/\/www.macrolibrarsi.it\/libri\/__il-grande-libro-degli-oli-essenziali-e-dell-aromaterapia-macro-edizioni-libro.php?pn=5628\" title=\"Il Grande Libro degli Oli Essenziali e dell'Aromaterapia\" style=\"font-weight:bold; font-size: 18px; color: #2E7D32; text-decoration: none;\">Il Grande Libro degli Oli Essenziali e dell&#8217;Aromaterapia<\/a><\/div>\n      <div style=\"font-size: 14px; color: #666; margin: 5px 0;\">Oltre 800 ricette naturali, profumate e prive di qualunque tossicit\u00e0 per la salute, la bellezza, la casa e l&#8217;ambiente di lavoro<\/div>\n      <div style=\"font-size: 14px; color: #888;\"><a target=\"_blank\" href=\"https:\/\/www.macrolibrarsi.it\/edizioni\/_macro_edizioni.php?pn=5628\" title=\"Macro\" style=\"color: #888; text-decoration: none;\">Macro<\/a><\/div>\n      <img decoding=\"async\" src=\"https:\/\/www.macrolibrarsi.it\/img\/rating_4.gif\" alt=\"Voto medio su 8 recensioni: Buono\" style=\"margin: 5px 0;\">\n      <div style=\"font-size: 17px; font-weight: bold; color: #333; margin: 5px 0;\">\u20ac 37,90<\/div>\n      <div><a target=\"_blank\" href=\"https:\/\/www.macrolibrarsi.it\/libri\/__il-grande-libro-degli-oli-essenziali-e-dell-aromaterapia-macro-edizioni-libro.php?pn=5628\" title=\"Il Grande Libro degli Oli Essenziali e dell'Aromaterapia\" style=\"display: inline-block; margin-top: 8px; padding: 8px 20px; background: #2E7D32; color: #fff; border-radius: 5px; font-size: 15px; font-weight: bold; text-decoration: none;\">Scoprilo su Macrolibrarsi \u2192<\/a><\/div>\n    <\/td>\n  <\/tr><\/table>\n<\/div>\n\n\n\n<p><strong>&#8220;Aromaterapia&#8221;<\/strong> di Francesco Padrini e Maria Teresa Lucheroni (BUR) Un manuale autorevole con oltre 60 oli essenziali presentati in schede dettagliate \u2013 propriet\u00e0, usi, controindicazioni, indicazioni pratiche. Include riferimenti alle moderne acquisizioni scientifiche e un approccio olistico che tiene conto della dimensione energetica degli oli. Perfetto per chi vuole andare oltre il livello base e capire davvero come funzionano le essenze.<\/p>\n\n\n\n<hr class=\"wp-block-separator has-text-color has-white-color has-alpha-channel-opacity has-white-background-color has-background\"\/>\n\n\n\n<div style=\"background: #f9f9f6; border-left: 4px solid #2E7D32; border-radius: 0 6px 6px 0; padding: 22px 22px 22px 24px; margin: 20px 0;\">\n  <div style=\"font-size: 18px; font-weight: bold; color: #2E7D32; margin-bottom: 14px;\">\ud83d\udcd6 LETTURA CONSIGLIATA<\/div>\n  <table cellpadding=\"3\" style=\"margin: 0;\"><tr>\n    <td align=\"center\" valign=\"top\" width=\"140\">\n      <a target=\"_blank\" href=\"https:\/\/www.macrolibrarsi.it\/libri\/__aromaterapia-maria-teresa-lucheroni-francesco-padrini.php?pn=5628\" title=\"Aromaterapia\">\n        <img loading=\"lazy\" decoding=\"async\" style=\"border:0; vertical-align: top; border-radius: 4px;\" src=\"data:image\/gif;base64,R0lGODlhAQABAIAAAAAAAP\/\/\/yH5BAEAAAAALAAAAAABAAEAAAIBRAA7\" data-src=\"https:\/\/www.macrolibrarsi.it\/data\/cop\/_big\/a\/aromaterapia-178856.jpg\" width=\"100\" height=\"133\" alt=\"Aromaterapia\" \/><noscript><img loading=\"lazy\" decoding=\"async\" style=\"border:0; vertical-align: top; border-radius: 4px;\" src=\"https:\/\/www.macrolibrarsi.it\/data\/cop\/_big\/a\/aromaterapia-178856.jpg\" width=\"100\" height=\"133\" alt=\"Aromaterapia\" \/><\/noscript>\n      <\/a>\n    <\/td>\n    <td>\n      <div><a target=\"_blank\" style=\"font-size: 15px; color: #666; text-decoration: none;\" title=\"Francesco Padrini\" href=\"https:\/\/www.macrolibrarsi.it\/autori\/_francesco_padrini.php?pn=5628\">Francesco Padrini<\/a>, <a target=\"_blank\" style=\"font-size: 15px; color: #666; text-decoration: none;\" title=\"Maria Teresa Lucheroni\" href=\"https:\/\/www.macrolibrarsi.it\/autori\/_maria_teresa_lucheroni.php?pn=5628\">Maria Teresa Lucheroni<\/a><\/div>\n      <div><a target=\"_blank\" href=\"https:\/\/www.macrolibrarsi.it\/libri\/__aromaterapia-maria-teresa-lucheroni-francesco-padrini.php?pn=5628\" title=\"Aromaterapia\" style=\"font-weight:bold; font-size: 18px; color: #2E7D32; text-decoration: none;\">Aromaterapia<\/a><\/div>\n      <div style=\"font-size: 14px; color: #666; margin: 5px 0;\">Oltre 60 oli essenziali per ritrovare energia e benessere psicofisico<\/div>\n      <div style=\"font-size: 14px; color: #888;\"><a target=\"_blank\" href=\"https:\/\/www.macrolibrarsi.it\/edizioni\/_bur.php?pn=5628\" title=\"BUR\" style=\"color: #888; text-decoration: none;\">BUR<\/a><\/div>\n      <img decoding=\"async\" src=\"https:\/\/www.macrolibrarsi.it\/img\/rating_4.gif\" alt=\"Voto medio su 6 recensioni: Buono\" style=\"margin: 5px 0;\">\n      <div style=\"font-size: 17px; font-weight: bold; color: #333; margin: 5px 0;\">\u20ac 16,00<\/div>\n      <div><a target=\"_blank\" href=\"https:\/\/www.macrolibrarsi.it\/libri\/__aromaterapia-maria-teresa-lucheroni-francesco-padrini.php?pn=5628\" title=\"Aromaterapia\" style=\"display: inline-block; margin-top: 8px; padding: 8px 20px; background: #2E7D32; color: #fff; border-radius: 5px; font-size: 15px; font-weight: bold; text-decoration: none;\">Scoprilo su Macrolibrarsi \u2192<\/a><\/div>\n    <\/td>\n  <\/tr><\/table>\n<\/div>\n\n\n\n<hr class=\"wp-block-separator has-text-color has-white-color has-alpha-channel-opacity has-white-background-color has-background\"\/>\n\n\n\n<h2 class=\"wp-block-heading\"><span class=\"ez-toc-section\" id=\"Conclusione\"><\/span>Conclusione<span class=\"ez-toc-section-end\"><\/span><\/h2>\n\n\n\n<p>L&#8217;aromaterapia non \u00e8 una moda. Non \u00e8 profumo. Non \u00e8 decorazione.<\/p>\n\n\n\n<p>\u00c8 una delle <strong>forme di cura naturale pi\u00f9 antiche del mondo<\/strong>, riscoperta oggi dalla scienza e sempre pi\u00f9 integrata nei percorsi di benessere, nei ritiri yoga, nei centri olistici e \u2013 perch\u00e9 no \u2013 nella vita quotidiana di chiunque cerchi un modo pi\u00f9 consapevole di prendersi cura di s\u00e9.<\/p>\n\n\n\n<p>Un diffusore con qualche goccia di lavanda la sera. Un massaggio con olio di arancio dolce dopo una giornata pesante. L&#8217;incenso nel diffusore prima di meditare. Sono gesti semplici che, ripetuti nel tempo, <strong>cambiano il modo in cui vivi il tuo corpo e la tua mente<\/strong>.<\/p>\n\n\n\n<p>Se qualcosa in questo articolo ti ha incuriosito, il primo passo \u00e8 semplice: <strong>scegli un olio essenziale, annusalo e senti cosa succede<\/strong>. Il tuo naso sa gi\u00e0 cosa ti serve.<\/p>\n\n\n\n<hr class=\"wp-block-separator has-text-color has-white-color has-alpha-channel-opacity has-white-background-color has-background\"\/>\n\n\n\n<h2 class=\"wp-block-heading\"><span class=\"ez-toc-section\" id=\"Esplora_il_calendario_completo\"><\/span>Esplora il calendario completo<span class=\"ez-toc-section-end\"><\/span><\/h2>\n\n\n\n<p>Su <strong>EventiYoga<\/strong> trovi centinaia di esperienze che integrano aromaterapia, yoga e pratiche olistiche in tutta Italia: ritiri, workshop, giornate esperienziali, sessioni di gruppo e molto altro. Tutto raccolto in un unico posto, facile da esplorare e aggiornato ogni giorno.<\/p>\n\n\n\n<p>Dai un&#8217;occhiata al calendario online con le proposte in tutta Italia:<\/p>\n\n\n\n<h3 class=\"wp-block-heading\"><strong>EVENTI YOGA PER MESE<\/strong><\/h3>\n\n\n\n<ul class=\"wp-block-list\">\n<li><a href=\"https:\/\/eventiyoga.it\/blog\/vacanze-workshop-yoga-e-benessere-gennaio\/\" target=\"_blank\" rel=\"noreferrer noopener\">Gennaio<\/a><\/li>\n\n\n\n<li><a href=\"https:\/\/eventiyoga.it\/blog\/vacanze-seminari-workshop-yoga-benessere-febbraio\/\" target=\"_blank\" rel=\"noreferrer noopener\">Febbraio<\/a><\/li>\n\n\n\n<li><a href=\"https:\/\/eventiyoga.it\/blog\/vacanze-seminari-workshop-yoga-benessere-marzo\/\" target=\"_blank\" rel=\"noreferrer noopener\">Marzo<\/a><\/li>\n\n\n\n<li><a href=\"https:\/\/eventiyoga.it\/blog\/vacanze-yoga-aprile\/\" target=\"_blank\" rel=\"noreferrer noopener\">Aprile<\/a><\/li>\n\n\n\n<li><a href=\"https:\/\/eventiyoga.it\/blog\/vacanze-yoga-maggio\/\" target=\"_blank\" rel=\"noreferrer noopener\">Maggio<\/a><\/li>\n\n\n\n<li><a href=\"https:\/\/eventiyoga.it\/blog\/vacanze-yoga-e-benessere-giugno-offerte\/\" target=\"_blank\" rel=\"noreferrer noopener\">Giugno<\/a><\/li>\n\n\n\n<li><a href=\"https:\/\/eventiyoga.it\/blog\/vacanze-yoga-e-benessere-luglio-offerte\/\" target=\"_blank\" rel=\"noreferrer noopener\">Luglio<\/a><\/li>\n\n\n\n<li><a href=\"https:\/\/eventiyoga.it\/blog\/vacanze-yoga-e-benessere-agosto-offerte\/\" target=\"_blank\" rel=\"noreferrer noopener\">Agosto<\/a><\/li>\n\n\n\n<li><a href=\"https:\/\/eventiyoga.it\/blog\/vacanze-yoga-e-benessere-settembre-offerte\/\" target=\"_blank\" rel=\"noreferrer noopener\">Settembre<\/a><\/li>\n\n\n\n<li><a href=\"https:\/\/eventiyoga.it\/blog\/vacanze-yoga-e-benessere-ottobre-offerte\/\" target=\"_blank\" rel=\"noreferrer noopener\">Ottobre<\/a><\/li>\n\n\n\n<li><a href=\"https:\/\/eventiyoga.it\/blog\/vacanze-yoga-e-benessere-novembre-offerte\/\" target=\"_blank\" rel=\"noreferrer noopener\">Novembre<\/a><\/li>\n\n\n\n<li><a href=\"https:\/\/eventiyoga.it\/blog\/vacanze-yoga-e-benessere-dicembre\/\" target=\"_blank\" rel=\"noreferrer noopener\">Dicembre<\/a><\/li>\n<\/ul>\n\n\n\n<hr class=\"wp-block-separator has-text-color has-white-color has-alpha-channel-opacity has-white-background-color has-background\"\/>\n\n\n\n<p><strong>EVENTI YOGA PER FESTIVIT\u00c0<\/strong><\/p>\n\n\n\n<ul class=\"wp-block-list\">\n<li><a href=\"https:\/\/eventiyoga.it\/blog\/ritiro-yoga-25-aprile\/\" target=\"_blank\" rel=\"noreferrer noopener\">Ponte 25 aprile<\/a><\/li>\n\n\n\n<li><a href=\"https:\/\/eventiyoga.it\/blog\/ponte-1-maggio-offerte-yoga\/\" target=\"_blank\" rel=\"noreferrer noopener\">Ponte 1 maggio<\/a><\/li>\n\n\n\n<li><a href=\"https:\/\/eventiyoga.it\/blog\/ponte-2-giugno-yoga\/\" target=\"_blank\" rel=\"noreferrer noopener\">Ponte 2 giugno<\/a><\/li>\n\n\n\n<li><a href=\"https:\/\/eventiyoga.it\/blog\/vacanza-yoga-pasqua-offerte\/\" target=\"_blank\" rel=\"noreferrer noopener\">Pasqua<\/a><\/li>\n\n\n\n<li><a href=\"https:\/\/eventiyoga.it\/blog\/vacanze-yoga-2\/\" target=\"_blank\" rel=\"noreferrer noopener\">Primavera Estate<\/a><\/li>\n\n\n\n<li><a href=\"https:\/\/eventiyoga.it\/blog\/yoga-a-ferragosto\/\" target=\"_blank\" rel=\"noreferrer noopener\">Ferragosto<\/a><\/li>\n\n\n\n<li><a href=\"https:\/\/eventiyoga.it\/blog\/vacanze-yoga-ponte-ognissanti\/\" target=\"_blank\" rel=\"noreferrer noopener\">Yoga Ponte Ognissanti<\/a><\/li>\n\n\n\n<li><a href=\"https:\/\/eventiyoga.it\/blog\/retreat-e-vacanze-yoga-natale-offerte\/\" target=\"_blank\" rel=\"noreferrer noopener\">Natale<\/a><\/li>\n\n\n\n<li><a href=\"https:\/\/eventiyoga.it\/blog\/vacanze-yoga-capodanno\/\" target=\"_blank\" rel=\"noreferrer noopener\">Capodanno<\/a><\/li>\n<\/ul>\n\n\n\n<hr class=\"wp-block-separator has-text-color has-white-color has-alpha-channel-opacity has-white-background-color has-background\"\/>\n\n\n\n<p><strong>EVENTI YOGA PER TIPOLOGIA<\/strong><\/p>\n\n\n\n<ul class=\"wp-block-list\">\n<li><a href=\"https:\/\/eventiyoga.it\/blog\/ritiro-yoga\/\" target=\"_blank\" rel=\"noreferrer noopener\">Ritiri yoga<\/a><\/li>\n\n\n\n<li><a href=\"https:\/\/eventiyoga.it\/blog\/weekend-yoga\/\" target=\"_blank\" rel=\"noreferrer noopener\">Weekend yoga<\/a><\/li>\n\n\n\n<li><a href=\"https:\/\/eventiyoga.it\/vacanze-yoga-2\/\" target=\"_blank\" rel=\"noreferrer noopener\">Vacanze yoga<\/a><\/li>\n\n\n\n<li><a href=\"https:\/\/eventiyoga.it\/blog\/workshop-yoga-italia\/\" target=\"_blank\" rel=\"noreferrer noopener\">Workshop yoga<\/a><\/li>\n<\/ul>\n\n\n\n<hr class=\"wp-block-separator has-text-color has-white-color has-alpha-channel-opacity has-white-background-color has-background\"\/>\n\n\n\n<blockquote class=\"wp-block-quote is-layout-flow wp-block-quote-is-layout-flow\">\n<p>E se vuoi ricevere le novit\u00e0 senza cercarle ogni volta online, puoi <a href=\"https:\/\/eventiyoga.it\/blog\/newsletter-eventi-yoga\/\">iscriverti gratuitamente alla newsletter<\/a> (per te subito un Bonus speciale).<\/p>\n<\/blockquote>\n\n\n\n<hr class=\"wp-block-separator has-text-color has-white-color has-alpha-channel-opacity has-white-background-color has-background\"\/>\n\n\n\n<figure class=\"wp-block-image size-full\"><img decoding=\"async\" src=\"data:image\/gif;base64,R0lGODlhAQABAIAAAAAAAP\/\/\/yH5BAEAAAAALAAAAAABAAEAAAIBRAA7\" data-src=\"https:\/\/eventiyoga.it\/blog\/wp-content\/uploads\/2026\/04\/aromaterapia-in-sala-yoga.jpg\" alt=\"aromaterapia-in-sala-yoga\" class=\"wp-image-73524\"\/><noscript><img loading=\"lazy\" decoding=\"async\" width=\"1024\" height=\"768\" src=\"https:\/\/eventiyoga.it\/blog\/wp-content\/uploads\/2026\/04\/aromaterapia-in-sala-yoga.jpg\" alt=\"aromaterapia-in-sala-yoga\" class=\"wp-image-73524\" srcset=\"https:\/\/eventiyoga.it\/blog\/wp-content\/uploads\/2026\/04\/aromaterapia-in-sala-yoga.jpg 1024w, https:\/\/eventiyoga.it\/blog\/wp-content\/uploads\/2026\/04\/aromaterapia-in-sala-yoga-300x225.jpg 300w, https:\/\/eventiyoga.it\/blog\/wp-content\/uploads\/2026\/04\/aromaterapia-in-sala-yoga-768x576.jpg 768w\" sizes=\"auto, (max-width: 1024px) 100vw, 1024px\" \/><\/noscript><\/figure>\n\n\n\n<hr class=\"wp-block-separator has-text-color has-white-color has-alpha-channel-opacity has-white-background-color has-background\"\/>\n\n\n\n<h2 class=\"wp-block-heading\"><span class=\"ez-toc-section\" id=\"Domande_frequenti_sullaromaterapia\"><\/span>Domande frequenti sull&#8217;aromaterapia<span class=\"ez-toc-section-end\"><\/span><\/h2>\n\n\n\n<h3 class=\"wp-block-heading\">Cos&#8217;\u00e8 l&#8217;aromaterapia?<\/h3>\n\n\n\n<p>L&#8217;aromaterapia \u00e8 una disciplina olistica che utilizza gli oli essenziali estratti dalle piante per favorire il benessere di corpo e mente. Gli oli vengono impiegati per inalazione (diffusore, inalazione diretta), per applicazione cutanea (massaggi, bagni) o, in casi specifici, per via orale. \u00c8 una pratica antichissima \u2013 usata da Egizi, Greci e nella tradizione indiana \u2013 che oggi la scienza moderna sta confermando come strumento efficace per ridurre stress, ansia e molti altri disturbi.<\/p>\n\n\n\n<h3 class=\"wp-block-heading\">Quali sono gli oli essenziali pi\u00f9 usati in aromaterapia?<\/h3>\n\n\n\n<p>I pi\u00f9 utilizzati sono la <strong>lavanda<\/strong> (rilassante, favorisce il sonno), la <strong>menta piperita<\/strong> (energizzante, allevia il mal di testa), l&#8217;<strong>eucalipto<\/strong> (balsamico, libera le vie respiratorie), il <strong>limone<\/strong> (purificante, migliora la concentrazione), l&#8217;<strong>arancio dolce<\/strong> (calmante, migliora l&#8217;umore), l&#8217;<strong>incenso<\/strong> (favorisce la meditazione), il <strong>tea tree<\/strong> (antibatterico e purificante) e il <strong>bergamotto<\/strong> (riequilibrante emotivo). Ogni individuo pu\u00f2 rispondere in modo diverso agli oli: il consiglio \u00e8 provare e sentire quale risuona con te.<\/p>\n\n\n\n<h3 class=\"wp-block-heading\">L&#8217;aromaterapia funziona davvero?<\/h3>\n\n\n\n<p>S\u00ec, e la scienza lo conferma. Numerosi studi clinici dimostrano che l&#8217;inalazione di oli essenziali produce effetti misurabili sul sistema nervoso, sulla frequenza cardiaca e sui livelli di cortisolo. L&#8217;aromaterapia non \u00e8 una cura per le malattie, ma \u00e8 un approccio complementare riconosciuto anche in ambito ospedaliero per ridurre ansia, dolore, nausea e stress. L&#8217;efficacia dipende dalla qualit\u00e0 degli oli, dalla tecnica utilizzata e dalla costanza.<\/p>\n\n\n\n<h3 class=\"wp-block-heading\">Come si usano gli oli essenziali?<\/h3>\n\n\n\n<p>I modi principali sono: <strong>diffusione ambientale<\/strong> (3-5 gocce in un diffusore elettrico), <strong>inalazione diretta<\/strong> (1-2 gocce su un fazzoletto), <strong>massaggio<\/strong> (2-3 gocce diluite in un cucchiaio di olio vettore), <strong>bagno aromatico<\/strong> (5-8 gocce in sale grosso o olio vettore, poi nell&#8217;acqua). La regola fondamentale \u00e8 non applicare mai gli oli essenziali puri sulla pelle: diluiscili sempre. Un organismo sano risponde bene agli oli essenziali, ma \u00e8 importante rispettare le dosi e ascoltare il proprio corpo.<\/p>\n\n\n\n<h3 class=\"wp-block-heading\">L&#8217;aromaterapia ha controindicazioni?<\/h3>\n\n\n\n<p>Gli oli essenziali sono sostanze attive e vanno usati con consapevolezza. Le principali precauzioni riguardano: allergie cutanee (fare sempre un test prima dell&#8217;applicazione), gravidanza (molti oli sono sconsigliati nel primo trimestre), bambini piccoli (usare solo oli delicati in dosi minime), epilessia (evitare oli stimolanti come rosmarino e canfora), fotosensibilizzazione (evitare il sole dopo l&#8217;applicazione di oli agrumati). Nel dubbio, consulta un professionista o il tuo medico.<\/p>\n\n\n\n<h3 class=\"wp-block-heading\">Qual \u00e8 la differenza tra aromaterapia e fitoterapia?<\/h3>\n\n\n\n<p>Sono parenti strette ma non identiche. La <strong>fitoterapia<\/strong> utilizza le piante medicinali nella loro interezza o sotto forma di estratti (tisane, tinture, capsule) per trattare disturbi specifici. L&#8217;<strong>aromaterapia<\/strong> \u00e8 una branca della fitoterapia che si concentra esclusivamente sugli <strong>oli essenziali<\/strong> \u2013 la tecnica estrattiva pi\u00f9 concentrata e potente. In pratica: la fitoterapia \u00e8 il campo pi\u00f9 ampio, l&#8217;aromaterapia \u00e8 una sua specializzazione. Entrambe rientrano nell&#8217;approccio olistico al benessere.<\/p>\n\n\n\n<h3 class=\"wp-block-heading\">Si possono usare gli oli essenziali durante lo yoga?<\/h3>\n\n\n\n<p>Assolutamente s\u00ec, ed \u00e8 una combinazione molto efficace. Puoi usare un diffusore in sala durante la pratica, applicare qualche goccia diluita su tempie e polsi prima della meditazione, o mettere 1-2 gocce sugli angoli del tappetino. Gli oli pi\u00f9 indicati sono: <strong>limone<\/strong> o <strong>arancio<\/strong> per la fase attiva, <strong>lavanda<\/strong> per il rilassamento finale, <strong>incenso<\/strong> indiano o <strong>sandalo<\/strong> per la meditazione. Sempre pi\u00f9 ritiri e centri yoga in Italia integrano l&#8217;aromaterapia nelle loro proposte.<\/p>\n\n\n\n<h3 class=\"wp-block-heading\">Quanto costa una seduta di aromaterapia?<\/h3>\n\n\n\n<p>Dipende dal tipo di trattamento. Un <strong>massaggio aromaterapico<\/strong> professionale (60-90 minuti) costa generalmente tra i <strong>50\u20ac e i 100\u20ac<\/strong>. Le <strong>esperienze di gruppo<\/strong> con oli essenziali (workshop, sessioni in ritiri) sono pi\u00f9 accessibili, spesso tra i <strong>20\u20ac e i 50\u20ac<\/strong>. Per l&#8217;uso domestico, un buon olio essenziale puro costa tra i 5\u20ac e i 25\u20ac a boccetta (10 ml) a seconda della pianta \u2013 e una boccetta dura settimane. L&#8217;aromaterapia \u00e8 una delle pratiche olistiche pi\u00f9 economiche e accessibili che esistano.<\/p>\n\n\n\n<hr class=\"wp-block-separator has-text-color has-white-color has-alpha-channel-opacity has-white-background-color has-background\"\/>\n\n\n\n<h2 class=\"wp-block-heading\"><span class=\"ez-toc-section\" id=\"Altre_risorse_utili\"><\/span>Altre risorse utili<span class=\"ez-toc-section-end\"><\/span><\/h2>\n\n\n\n<ul class=\"wp-block-list\">\n<li><a href=\"https:\/\/eventiyoga.it\/blog\/12-pratiche-olistiche-da-provare-assolutamente\/\" target=\"_blank\" rel=\"noreferrer noopener\">Le 12 pratiche olistiche da provare almeno una volta nella vita<\/a><\/li>\n\n\n\n<li><a href=\"https:\/\/eventiyoga.it\/blog\/centro-olistico\/\" target=\"_blank\" rel=\"noreferrer noopener\">Centro olistico: non \u00e8 quello che pensi (ed \u00e8 molto di pi\u00f9)<\/a><\/li>\n\n\n\n<li><a href=\"https:\/\/eventiyoga.it\/blog\/massaggio-ayurvedico-come-si-fa-benefici\/\" target=\"_blank\" rel=\"noreferrer noopener\">Massaggio ayurvedico: cos&#8217;\u00e8, come funziona e perch\u00e9 provarlo<\/a><\/li>\n\n\n\n<li><a href=\"https:\/\/eventiyoga.it\/blog\/naturopatia-cose-a-cosa-serve\/\" target=\"_blank\" rel=\"noreferrer noopener\">Naturopatia: cos&#8217;\u00e8, come funziona e perch\u00e9 dovresti provarla<\/a><\/li>\n\n\n\n<li><a href=\"https:\/\/eventiyoga.it\/blog\/breathwork-cosa-e-come-funziona-benefici\/\" target=\"_blank\" rel=\"noreferrer noopener\">Breathwork: cos&#8217;\u00e8, come funziona e benefici<\/a><\/li>\n\n\n\n<li><a href=\"https:\/\/eventiyoga.it\/blog\/meditazione-guida-completa\/\" target=\"_blank\" rel=\"noreferrer noopener\">Meditazione: la guida completa<\/a><\/li>\n<\/ul>\n\n\n\n<div style=\"height:100px\" aria-hidden=\"true\" class=\"wp-block-spacer\"><\/div>\n","protected":false},"excerpt":{"rendered":"<p>Tre secondi. \u00c8 il tempo che un profumo impiega per arrivare dal tuo naso al centro delle emozioni nel cervello. Nessun farmaco \u00e8 cos\u00ec veloce. Nessun integratore. Nessuna tecnica di rilassamento. Eppure, quando qualcuno ti parla di aromaterapia, la prima cosa che pensi \u00e8: &#8220;Ah, le candeline profumate?&#8221; No. Tutt&#8217;altro. L&#8217;aromaterapia \u00e8 una disciplina con [&hellip;]<\/p>\n","protected":false},"author":2,"featured_media":73507,"comment_status":"open","ping_status":"open","sticky":false,"template":"","format":"standard","meta":{"_acf_changed":false,"_editorskit_title_hidden":false,"_editorskit_reading_time":0,"_editorskit_is_block_options_detached":false,"_editorskit_block_options_position":"{}","footnotes":""},"categories":[44649],"tags":[44666,44647,44646],"class_list":["post-73504","post","type-post","status-publish","format-standard","has-post-thumbnail","hentry","category-discipline-olistiche","tag-aromaterapia","tag-discipline-olistiche","tag-pratiche-olistiche"],"acf":[],"yoast_head":"<!-- This site is optimized with the Yoast SEO plugin v26.4 - https:\/\/yoast.com\/wordpress\/plugins\/seo\/ -->\n<title>Aromaterapia: Come Funziona e Perch\u00e9 Provarla | EventiYoga<\/title>\n<meta name=\"description\" content=\"Aromaterapia: cos&#039;\u00e8, come si usa, quali oli essenziali scegliere e perch\u00e9 sempre pi\u00f9 persone la integrano nella pratica yoga e nel benessere.\" \/>\n<meta name=\"robots\" content=\"index, follow, max-snippet:-1, max-image-preview:large, max-video-preview:-1\" \/>\n<link rel=\"canonical\" href=\"https:\/\/eventiyoga.it\/blog\/aromaterapia-cos-e-come-funziona-benefici\/\" \/>\n<meta property=\"og:locale\" content=\"en_US\" \/>\n<meta property=\"og:type\" content=\"article\" \/>\n<meta property=\"og:title\" content=\"Aromaterapia: Come Funziona e Perch\u00e9 Provarla | EventiYoga\" \/>\n<meta property=\"og:description\" content=\"Aromaterapia: cos&#039;\u00e8, come si usa, quali oli essenziali scegliere e perch\u00e9 sempre pi\u00f9 persone la integrano nella pratica yoga e nel benessere.\" \/>\n<meta property=\"og:url\" content=\"https:\/\/eventiyoga.it\/blog\/aromaterapia-cos-e-come-funziona-benefici\/\" \/>\n<meta property=\"og:site_name\" content=\"Eventi Yoga\" \/>\n<meta property=\"article:author\" content=\"https:\/\/www.facebook.com\/eventiyogaitalia\/\" \/>\n<meta property=\"article:published_time\" content=\"2026-04-29T08:29:18+00:00\" \/>\n<meta property=\"article:modified_time\" content=\"2026-04-29T08:29:19+00:00\" \/>\n<meta property=\"og:image\" content=\"https:\/\/eventiyoga.it\/blog\/wp-content\/uploads\/2026\/04\/aromaterapia-cosa-e-benefici.png\" \/>\n\t<meta property=\"og:image:width\" content=\"1024\" \/>\n\t<meta property=\"og:image:height\" content=\"768\" \/>\n\t<meta property=\"og:image:type\" content=\"image\/png\" \/>\n<meta name=\"author\" content=\"Redazione EventiYoga\" \/>\n<meta name=\"twitter:card\" content=\"summary_large_image\" \/>\n<meta name=\"twitter:label1\" content=\"Written by\" \/>\n\t<meta name=\"twitter:data1\" content=\"Redazione EventiYoga\" \/>\n\t<meta name=\"twitter:label2\" content=\"Est. reading time\" \/>\n\t<meta name=\"twitter:data2\" content=\"19 minutes\" \/>\n<script type=\"application\/ld+json\" class=\"yoast-schema-graph\">{\"@context\":\"https:\/\/schema.org\",\"@graph\":[{\"@type\":\"WebPage\",\"@id\":\"https:\/\/eventiyoga.it\/blog\/aromaterapia-cos-e-come-funziona-benefici\/\",\"url\":\"https:\/\/eventiyoga.it\/blog\/aromaterapia-cos-e-come-funziona-benefici\/\",\"name\":\"Aromaterapia: Come Funziona e Perch\u00e9 Provarla | EventiYoga\",\"isPartOf\":{\"@id\":\"https:\/\/eventiyoga.it\/blog\/#website\"},\"primaryImageOfPage\":{\"@id\":\"https:\/\/eventiyoga.it\/blog\/aromaterapia-cos-e-come-funziona-benefici\/#primaryimage\"},\"image\":{\"@id\":\"https:\/\/eventiyoga.it\/blog\/aromaterapia-cos-e-come-funziona-benefici\/#primaryimage\"},\"thumbnailUrl\":\"https:\/\/eventiyoga.it\/blog\/wp-content\/uploads\/2026\/04\/aromaterapia-cosa-e-benefici.png\",\"datePublished\":\"2026-04-29T08:29:18+00:00\",\"dateModified\":\"2026-04-29T08:29:19+00:00\",\"author\":{\"@id\":\"https:\/\/eventiyoga.it\/blog\/#\/schema\/person\/baf6fd722b999df7881d1cc130b5abb0\"},\"description\":\"Aromaterapia: cos'\u00e8, come si usa, quali oli essenziali scegliere e perch\u00e9 sempre pi\u00f9 persone la integrano nella pratica yoga e nel benessere.\",\"breadcrumb\":{\"@id\":\"https:\/\/eventiyoga.it\/blog\/aromaterapia-cos-e-come-funziona-benefici\/#breadcrumb\"},\"inLanguage\":\"en-US\",\"potentialAction\":[{\"@type\":\"ReadAction\",\"target\":[\"https:\/\/eventiyoga.it\/blog\/aromaterapia-cos-e-come-funziona-benefici\/\"]}]},{\"@type\":\"ImageObject\",\"inLanguage\":\"en-US\",\"@id\":\"https:\/\/eventiyoga.it\/blog\/aromaterapia-cos-e-come-funziona-benefici\/#primaryimage\",\"url\":\"https:\/\/eventiyoga.it\/blog\/wp-content\/uploads\/2026\/04\/aromaterapia-cosa-e-benefici.png\",\"contentUrl\":\"https:\/\/eventiyoga.it\/blog\/wp-content\/uploads\/2026\/04\/aromaterapia-cosa-e-benefici.png\",\"width\":1024,\"height\":768,\"caption\":\"aromaterapia-cosa-e-benefici\"},{\"@type\":\"BreadcrumbList\",\"@id\":\"https:\/\/eventiyoga.it\/blog\/aromaterapia-cos-e-come-funziona-benefici\/#breadcrumb\",\"itemListElement\":[{\"@type\":\"ListItem\",\"position\":1,\"name\":\"Home\",\"item\":\"https:\/\/eventiyoga.it\/blog\/\"},{\"@type\":\"ListItem\",\"position\":2,\"name\":\"Aromaterapia: cos&#8217;\u00e8, come funziona e perch\u00e9 dovresti provarla\"}]},{\"@type\":\"WebSite\",\"@id\":\"https:\/\/eventiyoga.it\/blog\/#website\",\"url\":\"https:\/\/eventiyoga.it\/blog\/\",\"name\":\"Eventi Yoga\",\"description\":\"Il portale Italiano per gli eventi dello yoga\",\"potentialAction\":[{\"@type\":\"SearchAction\",\"target\":{\"@type\":\"EntryPoint\",\"urlTemplate\":\"https:\/\/eventiyoga.it\/blog\/?s={search_term_string}\"},\"query-input\":{\"@type\":\"PropertyValueSpecification\",\"valueRequired\":true,\"valueName\":\"search_term_string\"}}],\"inLanguage\":\"en-US\"},{\"@type\":\"Person\",\"@id\":\"https:\/\/eventiyoga.it\/blog\/#\/schema\/person\/baf6fd722b999df7881d1cc130b5abb0\",\"name\":\"Redazione EventiYoga\",\"image\":{\"@type\":\"ImageObject\",\"inLanguage\":\"en-US\",\"@id\":\"https:\/\/eventiyoga.it\/blog\/#\/schema\/person\/image\/\",\"url\":\"https:\/\/secure.gravatar.com\/avatar\/839ba21ae8a8a0c224183a3fdd70f673ae7387c1b6b0c149143342ed9586efd3?s=96&d=mm&r=g\",\"contentUrl\":\"https:\/\/secure.gravatar.com\/avatar\/839ba21ae8a8a0c224183a3fdd70f673ae7387c1b6b0c149143342ed9586efd3?s=96&d=mm&r=g\",\"caption\":\"Redazione EventiYoga\"},\"description\":\"Ci occupiamo dei contenuti di EventiYoga e delle traduzioni dei contenuti da siti partner. Contattaci per avere maggiori informazioni su come promuoverti su e tramite Eventi Yoga. Puoi scriverci a info@eventiyoga.it.\",\"sameAs\":[\"https:\/\/eventiyoga.it\/\",\"https:\/\/www.facebook.com\/eventiyogaitalia\/\"],\"url\":\"https:\/\/eventiyoga.it\/blog\/author\/redazione-eventiyoga\/\"}]}<\/script>\n<!-- \/ Yoast SEO plugin. -->","yoast_head_json":{"title":"Aromaterapia: Come Funziona e Perch\u00e9 Provarla | EventiYoga","description":"Aromaterapia: cos'\u00e8, come si usa, quali oli essenziali scegliere e perch\u00e9 sempre pi\u00f9 persone la integrano nella pratica yoga e nel benessere.","robots":{"index":"index","follow":"follow","max-snippet":"max-snippet:-1","max-image-preview":"max-image-preview:large","max-video-preview":"max-video-preview:-1"},"canonical":"https:\/\/eventiyoga.it\/blog\/aromaterapia-cos-e-come-funziona-benefici\/","og_locale":"en_US","og_type":"article","og_title":"Aromaterapia: Come Funziona e Perch\u00e9 Provarla | EventiYoga","og_description":"Aromaterapia: cos'\u00e8, come si usa, quali oli essenziali scegliere e perch\u00e9 sempre pi\u00f9 persone la integrano nella pratica yoga e nel benessere.","og_url":"https:\/\/eventiyoga.it\/blog\/aromaterapia-cos-e-come-funziona-benefici\/","og_site_name":"Eventi Yoga","article_author":"https:\/\/www.facebook.com\/eventiyogaitalia\/","article_published_time":"2026-04-29T08:29:18+00:00","article_modified_time":"2026-04-29T08:29:19+00:00","og_image":[{"width":1024,"height":768,"url":"https:\/\/eventiyoga.it\/blog\/wp-content\/uploads\/2026\/04\/aromaterapia-cosa-e-benefici.png","type":"image\/png"}],"author":"Redazione EventiYoga","twitter_card":"summary_large_image","twitter_misc":{"Written by":"Redazione EventiYoga","Est. reading time":"19 minutes"},"schema":{"@context":"https:\/\/schema.org","@graph":[{"@type":"WebPage","@id":"https:\/\/eventiyoga.it\/blog\/aromaterapia-cos-e-come-funziona-benefici\/","url":"https:\/\/eventiyoga.it\/blog\/aromaterapia-cos-e-come-funziona-benefici\/","name":"Aromaterapia: Come Funziona e Perch\u00e9 Provarla | EventiYoga","isPartOf":{"@id":"https:\/\/eventiyoga.it\/blog\/#website"},"primaryImageOfPage":{"@id":"https:\/\/eventiyoga.it\/blog\/aromaterapia-cos-e-come-funziona-benefici\/#primaryimage"},"image":{"@id":"https:\/\/eventiyoga.it\/blog\/aromaterapia-cos-e-come-funziona-benefici\/#primaryimage"},"thumbnailUrl":"https:\/\/eventiyoga.it\/blog\/wp-content\/uploads\/2026\/04\/aromaterapia-cosa-e-benefici.png","datePublished":"2026-04-29T08:29:18+00:00","dateModified":"2026-04-29T08:29:19+00:00","author":{"@id":"https:\/\/eventiyoga.it\/blog\/#\/schema\/person\/baf6fd722b999df7881d1cc130b5abb0"},"description":"Aromaterapia: cos'\u00e8, come si usa, quali oli essenziali scegliere e perch\u00e9 sempre pi\u00f9 persone la integrano nella pratica yoga e nel benessere.","breadcrumb":{"@id":"https:\/\/eventiyoga.it\/blog\/aromaterapia-cos-e-come-funziona-benefici\/#breadcrumb"},"inLanguage":"en-US","potentialAction":[{"@type":"ReadAction","target":["https:\/\/eventiyoga.it\/blog\/aromaterapia-cos-e-come-funziona-benefici\/"]}]},{"@type":"ImageObject","inLanguage":"en-US","@id":"https:\/\/eventiyoga.it\/blog\/aromaterapia-cos-e-come-funziona-benefici\/#primaryimage","url":"https:\/\/eventiyoga.it\/blog\/wp-content\/uploads\/2026\/04\/aromaterapia-cosa-e-benefici.png","contentUrl":"https:\/\/eventiyoga.it\/blog\/wp-content\/uploads\/2026\/04\/aromaterapia-cosa-e-benefici.png","width":1024,"height":768,"caption":"aromaterapia-cosa-e-benefici"},{"@type":"BreadcrumbList","@id":"https:\/\/eventiyoga.it\/blog\/aromaterapia-cos-e-come-funziona-benefici\/#breadcrumb","itemListElement":[{"@type":"ListItem","position":1,"name":"Home","item":"https:\/\/eventiyoga.it\/blog\/"},{"@type":"ListItem","position":2,"name":"Aromaterapia: cos&#8217;\u00e8, come funziona e perch\u00e9 dovresti provarla"}]},{"@type":"WebSite","@id":"https:\/\/eventiyoga.it\/blog\/#website","url":"https:\/\/eventiyoga.it\/blog\/","name":"Eventi Yoga","description":"Il portale Italiano per gli eventi dello yoga","potentialAction":[{"@type":"SearchAction","target":{"@type":"EntryPoint","urlTemplate":"https:\/\/eventiyoga.it\/blog\/?s={search_term_string}"},"query-input":{"@type":"PropertyValueSpecification","valueRequired":true,"valueName":"search_term_string"}}],"inLanguage":"en-US"},{"@type":"Person","@id":"https:\/\/eventiyoga.it\/blog\/#\/schema\/person\/baf6fd722b999df7881d1cc130b5abb0","name":"Redazione EventiYoga","image":{"@type":"ImageObject","inLanguage":"en-US","@id":"https:\/\/eventiyoga.it\/blog\/#\/schema\/person\/image\/","url":"https:\/\/secure.gravatar.com\/avatar\/839ba21ae8a8a0c224183a3fdd70f673ae7387c1b6b0c149143342ed9586efd3?s=96&d=mm&r=g","contentUrl":"https:\/\/secure.gravatar.com\/avatar\/839ba21ae8a8a0c224183a3fdd70f673ae7387c1b6b0c149143342ed9586efd3?s=96&d=mm&r=g","caption":"Redazione EventiYoga"},"description":"Ci occupiamo dei contenuti di EventiYoga e delle traduzioni dei contenuti da siti partner. Contattaci per avere maggiori informazioni su come promuoverti su e tramite Eventi Yoga. Puoi scriverci a info@eventiyoga.it.","sameAs":["https:\/\/eventiyoga.it\/","https:\/\/www.facebook.com\/eventiyogaitalia\/"],"url":"https:\/\/eventiyoga.it\/blog\/author\/redazione-eventiyoga\/"}]}},"_links":{"self":[{"href":"https:\/\/eventiyoga.it\/blog\/wp-json\/wp\/v2\/posts\/73504","targetHints":{"allow":["GET"]}}],"collection":[{"href":"https:\/\/eventiyoga.it\/blog\/wp-json\/wp\/v2\/posts"}],"about":[{"href":"https:\/\/eventiyoga.it\/blog\/wp-json\/wp\/v2\/types\/post"}],"author":[{"embeddable":true,"href":"https:\/\/eventiyoga.it\/blog\/wp-json\/wp\/v2\/users\/2"}],"replies":[{"embeddable":true,"href":"https:\/\/eventiyoga.it\/blog\/wp-json\/wp\/v2\/comments?post=73504"}],"version-history":[{"count":6,"href":"https:\/\/eventiyoga.it\/blog\/wp-json\/wp\/v2\/posts\/73504\/revisions"}],"predecessor-version":[{"id":73525,"href":"https:\/\/eventiyoga.it\/blog\/wp-json\/wp\/v2\/posts\/73504\/revisions\/73525"}],"wp:featuredmedia":[{"embeddable":true,"href":"https:\/\/eventiyoga.it\/blog\/wp-json\/wp\/v2\/media\/73507"}],"wp:attachment":[{"href":"https:\/\/eventiyoga.it\/blog\/wp-json\/wp\/v2\/media?parent=73504"}],"wp:term":[{"taxonomy":"category","embeddable":true,"href":"https:\/\/eventiyoga.it\/blog\/wp-json\/wp\/v2\/categories?post=73504"},{"taxonomy":"post_tag","embeddable":true,"href":"https:\/\/eventiyoga.it\/blog\/wp-json\/wp\/v2\/tags?post=73504"}],"curies":[{"name":"wp","href":"https:\/\/api.w.org\/{rel}","templated":true}]}}