{"id":7881,"date":"2026-01-07T10:44:00","date_gmt":"2026-01-07T09:44:00","guid":{"rendered":"https:\/\/eventiyoga.it\/blog\/?p=7881"},"modified":"2026-01-07T10:44:03","modified_gmt":"2026-01-07T09:44:03","slug":"vacanze-yoga-2","status":"publish","type":"post","link":"https:\/\/eventiyoga.it\/blog\/vacanze-yoga-2\/","title":{"rendered":"Vacanze Yoga e Benessere Primavera-Estate 2026"},"content":{"rendered":"\n<p class=\"wp-block-paragraph\"><strong>Vacanze Yoga e Benessere Primavera-Estate 2026<\/strong>: abbiamo deciso di unire in un&#8217;unica pagina tutte le proposte di viaggi, vacanze e ritiri per la primavera-estate 2026, cos\u00ec da darti la possibilit\u00e0 di scegliere quello che preferisci e darti degli spunti utili. Quindi non ci resta che augurarti buona lettura, buona scelta e buon viaggio!<\/p>\n\n\n\n<hr class=\"wp-block-separator has-text-color has-white-color has-css-opacity has-white-background-color has-background\"\/>\n\n\n\n<h2 class=\"wp-block-heading\" id=\"h-i-nostri-consigli-per-prenotare-le-vacanze-yoga-ideali\">I nostri consigli per prenotare le vacanze yoga ideali<\/h2>\n\n\n\n<p class=\"wp-block-paragraph\">Se hai gi\u00e0 partecipato a vacanze yoga o a ritiri yoga sai bene come funziona e a <strong>cosa fare attenzione in fase di prenotazione<\/strong>. Invece, se \u00e8 la tua prima volta ecco qualche consiglio per orientarti nell\u2019offerta.<\/p>\n\n\n\n<p class=\"wp-block-paragraph\">Ecco dunque cosa considerare per i ritiri e le <strong>vacanze<\/strong> <strong>yoga<\/strong>:<\/p>\n\n\n\n<ul class=\"wp-block-list\">\n<li><strong>la localit\u00e0<\/strong>, sceglila in base ai tuoi interessi, per poter abbinare lo yoga a ci\u00f2 che realmente ti piace fare;<\/li>\n\n\n\n<li><strong>l\u2019insegnante<\/strong>, \u00e8 importante scegliere vacanze e <a href=\"https:\/\/eventiyoga.it\/blog\/ritiro-yoga\/\" target=\"_blank\" rel=\"noreferrer noopener\">ritiri yoga<\/a> organizzati da insegnanti che stimi, di cui ti piace il metodo;<\/li>\n\n\n\n<li><strong>la tipologia di alloggio<\/strong>, anche in questo caso, scegli una proposta che corrisponda alle tue aspettative; <\/li>\n\n\n\n<li><strong>il prezzo<\/strong>, che deve essere congruo, in relazione all\u2019offerta.<\/li>\n<\/ul>\n\n\n\n<hr class=\"wp-block-separator has-text-color has-white-color has-css-opacity has-white-background-color has-background\"\/>\n\n\n\n<h2 class=\"wp-block-heading\" id=\"h-le-tipologie-di-vacanze-yoga\">Le tipologie di vacanze yoga<\/h2>\n\n\n\n<p class=\"wp-block-paragraph\">Se sei su questa pagina \u00e8 perch\u00e9 sei interessato a partecipare (o a organizzare nel caso in cui tu sia un insegnante) a una vacanza yoga. Chiaramente lo yoga deve essere l&#8217;attivit\u00e0 principale, il cuore dell&#8217;intero viaggio; se per\u00f2 viene<strong> associato ad altre attivit\u00e0 o discipline<\/strong> \u00e8 ancora meglio: si caratterizza il contesto stesso della vacanza e si rende pi\u00f9 interessante il programma. <\/p>\n\n\n\n<p class=\"wp-block-paragraph\">Le discipline che si possono associare allo yoga durante un viaggio o un ritiro sono pressoch\u00e9 infinite. Vi ricordiamo qui le combinazioni pi\u00f9 usuali: <\/p>\n\n\n\n<ul class=\"wp-block-list\">\n<li>vacanze yoga e benessere<\/li>\n\n\n\n<li>vacanze yoga e meditazione<\/li>\n\n\n\n<li>vacanze <a href=\"https:\/\/eventiyoga.it\/blog\/yoga-pilates-differenze-come-scegliere\/\" target=\"_blank\" rel=\"noreferrer noopener\">yoga e pilates<\/a><\/li>\n\n\n\n<li>vacanze yoga detox<\/li>\n<\/ul>\n\n\n\n<h3 class=\"wp-block-heading\" id=\"h-vacanze-yoga-principianti\">Vacanze yoga principianti<\/h3>\n\n\n\n<p class=\"wp-block-paragraph\">La maggior parte delle vacanze yoga sono aperte a praticanti di qualsiasi livello, se per\u00f2 ti sei avvicinato allo yoga da poco tempo e preferiresti condividere l&#8217;esperienza con persone del tuo stesso livello, cerca <strong>proposte espressamente organizzate per principianti<\/strong>. Anche se non trovi nulla di simile, nessun problema: chiedi all&#8217;insegnante che organizza il <a href=\"https:\/\/eventiyoga.it\/blog\/ritiro-yoga\/\" target=\"_blank\" rel=\"noreferrer noopener\">ritiro yoga<\/a> se \u00e8 indicato per i principianti. Sempre meglio accertarsene in modo da poter vivere il viaggio al meglio.<\/p>\n\n\n\n<hr class=\"wp-block-separator has-text-color has-white-color has-css-opacity has-white-background-color has-background\"\/>\n\n\n\n<h2 class=\"wp-block-heading\" id=\"h-vacanze-yoga-e-benessere-primavera-estate-2024-la-lista-completa\">Vacanze Yoga e Benessere Primavera-Estate 2026: la lista completa<\/h2>\n\n\n\n<hr class=\"wp-block-separator has-text-color has-white-color has-css-opacity has-white-background-color has-background\"\/>\n\n\n\n<figure class=\"wp-block-gallery has-nested-images columns-default is-cropped wp-block-gallery-1 is-layout-flex wp-block-gallery-is-layout-flex\">\n<figure class=\"wp-block-image size-large\"><a href=\"https:\/\/eventiyoga.it\/blog\/wp-content\/uploads\/2020\/10\/POST_12.jpg\"><img decoding=\"async\" data-id=\"58315\" src=\"data:image\/gif;base64,R0lGODlhAQABAIAAAAAAAP\/\/\/yH5BAEAAAAALAAAAAABAAEAAAIBRAA7\" data-src=\"https:\/\/eventiyoga.it\/blog\/wp-content\/uploads\/2020\/10\/POST_12-1022x1024.jpg\" alt=\"Vacanze e Ritiri Yoga Primavera\" class=\"wp-image-58315\"\/><noscript><img decoding=\"async\" data-id=\"58315\" src=\"https:\/\/eventiyoga.it\/blog\/wp-content\/uploads\/2020\/10\/POST_12-1022x1024.jpg\" alt=\"Vacanze e Ritiri Yoga Primavera\" class=\"wp-image-58315\"\/><\/noscript><\/a><\/figure>\n\n\n\n<figure class=\"wp-block-image size-large\"><a href=\"https:\/\/eventiyoga.it\/blog\/wp-content\/uploads\/2020\/10\/POST_11.jpg\"><img decoding=\"async\" data-id=\"58316\" src=\"data:image\/gif;base64,R0lGODlhAQABAIAAAAAAAP\/\/\/yH5BAEAAAAALAAAAAABAAEAAAIBRAA7\" data-src=\"https:\/\/eventiyoga.it\/blog\/wp-content\/uploads\/2020\/10\/POST_11-1022x1024.jpg\" alt=\"Vacanze e Ritiri Yoga Primavera\" class=\"wp-image-58316\"\/><noscript><img decoding=\"async\" data-id=\"58316\" src=\"https:\/\/eventiyoga.it\/blog\/wp-content\/uploads\/2020\/10\/POST_11-1022x1024.jpg\" alt=\"Vacanze e Ritiri Yoga Primavera\" class=\"wp-image-58316\"\/><\/noscript><\/a><\/figure>\n\n\n\n<figure class=\"wp-block-image size-large\"><a href=\"https:\/\/eventiyoga.it\/blog\/wp-content\/uploads\/2020\/10\/POST_10.jpg\"><img decoding=\"async\" data-id=\"58317\" src=\"data:image\/gif;base64,R0lGODlhAQABAIAAAAAAAP\/\/\/yH5BAEAAAAALAAAAAABAAEAAAIBRAA7\" data-src=\"https:\/\/eventiyoga.it\/blog\/wp-content\/uploads\/2020\/10\/POST_10-1022x1024.jpg\" alt=\"\" class=\"wp-image-58317\"\/><noscript><img decoding=\"async\" data-id=\"58317\" src=\"https:\/\/eventiyoga.it\/blog\/wp-content\/uploads\/2020\/10\/POST_10-1022x1024.jpg\" alt=\"\" class=\"wp-image-58317\"\/><\/noscript><\/a><\/figure>\n<\/figure>\n\n\n\n<h2 class=\"wp-block-heading\" id=\"h-marzo\">Marzo<\/h2>\n\n\n\n<div style=\"height: 12px; background: linear-gradient(90deg, #667eea 0%, #764ba2 50%, #f093fb 100%); border-radius: 6px;\"><\/div>\n<p style=\"color: #555555; font-size: 23px; margin-top: 15px; font-style: italic;\">\ud83c\udf38 Il risveglio della primavera: ritiri di equinozio e nuovi inizi<\/p>\n\n\n        <div class=\"yoga-events-regions-container\">\n            <!-- Online Events Section -->\n            \n            <!-- Offline Events by Regions -->\n                                                                        <div class=\"yoga-region \">\n                            <h2 class=\"yoga-region-title\">Lazio<\/h2>\n                                                                                                                                        <div class=\"yoga-province\">\n                                            <h3 class=\"yoga-province-title\">Roma<\/h3>\n                                            <div class=\"yoga-events-list\">\n                                                                                                                                                        <div class=\"yoga-event-item\">\n                                                        <span class=\"event-day\">29 Marzo<\/span>\n                                                        <a href=\"https:\/\/eventiyoga.it\/eventi-yoga\/formazione_insegnanti_yoga_ii_livello_yoga_e_medicina-6951\" class=\"yoga-event-link \">Formazione Insegnanti Yoga II Livello \u2013 Yoga e Medicina\u00ae<\/a>\n                                                    <\/div>\n                                                                                            <\/div>\n                                        <\/div>\n                                                                                                                        <\/div>\n                                                                                <div class=\"yoga-region \">\n                            <h2 class=\"yoga-region-title\">Piemonte<\/h2>\n                                                                                                                                        <div class=\"yoga-province\">\n                                            <h3 class=\"yoga-province-title\">Torino<\/h3>\n                                            <div class=\"yoga-events-list\">\n                                                                                                                                                        <div class=\"yoga-event-item\">\n                                                        <span class=\"event-day\">17 Marzo<\/span>\n                                                        <a href=\"https:\/\/eventiyoga.it\/eventi-yoga\/hatha_vinyasa_energia_e_leggerezza-7015\" class=\"yoga-event-link \">Hatha Vinyasa \u2013 energia e leggerezza<\/a>\n                                                    <\/div>\n                                                                                                                                                        <div class=\"yoga-event-item\">\n                                                        <span class=\"event-day\">18 Marzo<\/span>\n                                                        <a href=\"https:\/\/eventiyoga.it\/eventi-yoga\/hatha_vinyasa_energia_e_leggerezza-7016\" class=\"yoga-event-link \">Hatha Vinyasa \u2013 energia e leggerezza<\/a>\n                                                    <\/div>\n                                                                                                                                                        <div class=\"yoga-event-item\">\n                                                        <span class=\"event-day\">19 Marzo<\/span>\n                                                        <a href=\"https:\/\/eventiyoga.it\/eventi-yoga\/ashtanga_guidata_forza_respiro_e_fluidit-7018\" class=\"yoga-event-link \">Ashtanga guidata -forza, respiro e fluidit\u00e0 <\/a>\n                                                    <\/div>\n                                                                                            <\/div>\n                                        <\/div>\n                                                                                                                        <\/div>\n                                                                                <div class=\"yoga-region \">\n                            <h2 class=\"yoga-region-title\">Toscana<\/h2>\n                                                                                                                                        <div class=\"yoga-province\">\n                                            <h3 class=\"yoga-province-title\">Livorno<\/h3>\n                                            <div class=\"yoga-events-list\">\n                                                                                                                                                        <div class=\"yoga-event-item\">\n                                                        <span class=\"event-day\">27 Marzo<\/span>\n                                                        <a href=\"https:\/\/eventiyoga.it\/eventi-yoga\/percorso_formativo_sul_pranayama_lascia_che_la_vita_respiri_in_te-6650\" class=\"yoga-event-link \">Percorso formativo sul Pranayama: lascia che la vita respiri in te!<\/a>\n                                                    <\/div>\n                                                                                            <\/div>\n                                        <\/div>\n                                                                                                                        <\/div>\n                                                                                <div class=\"yoga-region \">\n                            <h2 class=\"yoga-region-title\">Umbria<\/h2>\n                                                                                                                                        <div class=\"yoga-province\">\n                                            <h3 class=\"yoga-province-title\">Perugia<\/h3>\n                                            <div class=\"yoga-events-list\">\n                                                                                                                                                        <div class=\"yoga-event-item\">\n                                                        <span class=\"event-day\">01 Marzo<\/span>\n                                                        <a href=\"https:\/\/eventiyoga.it\/eventi-yoga\/formazione_yoga_istruttori_e_master_pillole_di_yoga_ottobre_2025_dicembre_2026-5431\" class=\"yoga-event-link \">FORMAZIONE YOGA ISTRUTTORI E MASTER PILLOLE DI YOGA-OTTOBRE 2025-DICEMBRE 2026<\/a>\n                                                    <\/div>\n                                                                                                                                                        <div class=\"yoga-event-item\">\n                                                        <span class=\"event-day\">06 Marzo<\/span>\n                                                        <a href=\"https:\/\/eventiyoga.it\/eventi-yoga\/corso_di_formazione_insegnanti_yoga-5625\" class=\"yoga-event-link \">Corso di Formazione Insegnanti Yoga<\/a>\n                                                    <\/div>\n                                                                                            <\/div>\n                                        <\/div>\n                                                                                                                        <\/div>\n                                                        <\/div>\n        \n\n\n\n<hr class=\"wp-block-separator has-text-color has-white-color has-css-opacity has-white-background-color has-background\"\/>\n\n\n\n<h2 class=\"wp-block-heading\" id=\"h-aprile\">Aprile<\/h2>\n\n\n\n<div style=\"height: 12px; background: linear-gradient(90deg, #667eea 0%, #764ba2 50%, #f093fb 100%); border-radius: 6px;\"><\/div>\n<p style=\"color: #555555; font-size: 23px; margin-top: 15px; font-style: italic;\">\ud83d\udc23 Pasqua e ponti primaverili: il momento perfetto per rigenerarsi<\/p>\n\n\n        <div class=\"yoga-events-regions-container\">\n            <!-- Online Events Section -->\n                            <div class=\"yoga-region\">\n                    <h2 class=\"yoga-region-title\">Eventi Yoga Online<\/h2>\n                    <div class=\"yoga-events-list\">\n                                                                                <div class=\"yoga-event-item\">\n                                <span class=\"event-day\">09 Aprile<\/span>\n                                <a href=\"https:\/\/eventiyoga.it\/eventi-yoga\/ritorno_al_presente-7230\" class=\"yoga-event-link \">RITORNO AL PRESENTE<\/a>\n                            <\/div>\n                                                                                <div class=\"yoga-event-item\">\n                                <span class=\"event-day\">29 Aprile<\/span>\n                                <a href=\"https:\/\/eventiyoga.it\/eventi-yoga\/principi_di_nutrizione_ayurvedica_videocorso_online_su_corsi_it-7326\" class=\"yoga-event-link \">Principi di Nutrizione Ayurvedica \u2013 Videocorso online su Corsi.it<\/a>\n                            <\/div>\n                                            <\/div>\n                <\/div>\n            \n            <!-- Offline Events by Regions -->\n                                                                        <div class=\"yoga-region \">\n                            <h2 class=\"yoga-region-title\">Emilia Romagna<\/h2>\n                                                                                                                                        <div class=\"yoga-province\">\n                                            <h3 class=\"yoga-province-title\">Ravenna<\/h3>\n                                            <div class=\"yoga-events-list\">\n                                                                                                                                                        <div class=\"yoga-event-item\">\n                                                        <span class=\"event-day\">26 Aprile<\/span>\n                                                        <a href=\"https:\/\/eventiyoga.it\/eventi-yoga\/formazione_36_ore_qi_gong-6886\" class=\"yoga-event-link \">FORMAZIONE 36 ORE QI GONG<\/a>\n                                                    <\/div>\n                                                                                            <\/div>\n                                        <\/div>\n                                                                                                                        <\/div>\n                                                                                <div class=\"yoga-region \">\n                            <h2 class=\"yoga-region-title\">Toscana<\/h2>\n                                                                                                                                        <div class=\"yoga-province\">\n                                            <h3 class=\"yoga-province-title\">Grosseto<\/h3>\n                                            <div class=\"yoga-events-list\">\n                                                                                                                                                        <div class=\"yoga-event-item\">\n                                                        <span class=\"event-day\">04 Aprile<\/span>\n                                                        <a href=\"https:\/\/eventiyoga.it\/eventi-yoga\/yoga_e_horsemanship-6560\" class=\"yoga-event-link \">Yoga e Horsemanship<\/a>\n                                                    <\/div>\n                                                                                            <\/div>\n                                        <\/div>\n                                                                                                                        <\/div>\n                                                                                <div class=\"yoga-region \">\n                            <h2 class=\"yoga-region-title\">Umbria<\/h2>\n                                                                                                                                        <div class=\"yoga-province\">\n                                            <h3 class=\"yoga-province-title\">Perugia<\/h3>\n                                            <div class=\"yoga-events-list\">\n                                                                                                                                                        <div class=\"yoga-event-item\">\n                                                        <span class=\"event-day\">18 Aprile<\/span>\n                                                        <a href=\"https:\/\/eventiyoga.it\/eventi-yoga\/ekongkar_massage-6339\" class=\"yoga-event-link \">EkOngKar Massage<\/a>\n                                                    <\/div>\n                                                                                            <\/div>\n                                        <\/div>\n                                                                                                                        <\/div>\n                                                        <\/div>\n        \n\n\n\n<hr class=\"wp-block-separator has-text-color has-white-color has-css-opacity has-white-background-color has-background\"\/>\n\n\n\n<h2 class=\"wp-block-heading\" id=\"h-maggio\">Maggio<\/h2>\n\n\n\n<div style=\"height: 12px; background: linear-gradient(90deg, #667eea 0%, #764ba2 50%, #f093fb 100%); border-radius: 6px;\"><\/div>\n<p style=\"color: #555555; font-size: 23px; margin-top: 15px; font-style: italic;\">\u2600\ufe0f La primavera nel pieno: ritiri all&#8217;aperto e prime vacanze al mare<\/p>\n\n\n        <div class=\"yoga-events-regions-container\">\n            <!-- Online Events Section -->\n            \n            <!-- Offline Events by Regions -->\n                                                                        <div class=\"yoga-region \">\n                            <h2 class=\"yoga-region-title\">Liguria<\/h2>\n                                                                                                                                        <div class=\"yoga-province\">\n                                            <h3 class=\"yoga-province-title\">Genova<\/h3>\n                                            <div class=\"yoga-events-list\">\n                                                                                                                                                        <div class=\"yoga-event-item\">\n                                                        <span class=\"event-day\">01 Maggio<\/span>\n                                                        <a href=\"https:\/\/eventiyoga.it\/eventi-yoga\/path_to_sadhana_6_mesi_di_mentorship-6356\" class=\"yoga-event-link \">Path to Sadhana \u2013 6 Mesi di Mentorship<\/a>\n                                                    <\/div>\n                                                                                            <\/div>\n                                        <\/div>\n                                                                                                                        <\/div>\n                                                                                <div class=\"yoga-region \">\n                            <h2 class=\"yoga-region-title\">Veneto<\/h2>\n                                                                                                                                        <div class=\"yoga-province\">\n                                            <h3 class=\"yoga-province-title\">Padova<\/h3>\n                                            <div class=\"yoga-events-list\">\n                                                                                                                                                        <div class=\"yoga-event-item\">\n                                                        <span class=\"event-day\">23 Maggio<\/span>\n                                                        <a href=\"https:\/\/eventiyoga.it\/eventi-yoga\/reiki_livello_i_e_ii_con_attestato_operatore_a_padova_veneto-7147\" class=\"yoga-event-link \">Reiki Livello I e II con attestato operatore a Padova Veneto<\/a>\n                                                    <\/div>\n                                                                                            <\/div>\n                                        <\/div>\n                                                                                                                        <\/div>\n                                                        <\/div>\n        \n\n\n\n<hr class=\"wp-block-separator has-text-color has-white-color has-css-opacity has-white-background-color has-background\"\/>\n\n\n\n<figure class=\"wp-block-gallery has-nested-images columns-default is-cropped wp-block-gallery-2 is-layout-flex wp-block-gallery-is-layout-flex\">\n<figure class=\"wp-block-image size-large\"><a href=\"https:\/\/eventiyoga.it\/blog\/wp-content\/uploads\/2020\/10\/POST_09.jpg\"><img decoding=\"async\" data-id=\"58318\" src=\"data:image\/gif;base64,R0lGODlhAQABAIAAAAAAAP\/\/\/yH5BAEAAAAALAAAAAABAAEAAAIBRAA7\" data-src=\"https:\/\/eventiyoga.it\/blog\/wp-content\/uploads\/2020\/10\/POST_09-1022x1024.jpg\" alt=\"Vacanze e Ritiri Yoga Estate\" class=\"wp-image-58318\"\/><noscript><img decoding=\"async\" data-id=\"58318\" src=\"https:\/\/eventiyoga.it\/blog\/wp-content\/uploads\/2020\/10\/POST_09-1022x1024.jpg\" alt=\"Vacanze e Ritiri Yoga Estate\" class=\"wp-image-58318\"\/><\/noscript><\/a><\/figure>\n\n\n\n<figure class=\"wp-block-image size-large\"><a href=\"https:\/\/eventiyoga.it\/blog\/wp-content\/uploads\/2020\/10\/POST_08.jpg\"><img decoding=\"async\" data-id=\"58319\" src=\"data:image\/gif;base64,R0lGODlhAQABAIAAAAAAAP\/\/\/yH5BAEAAAAALAAAAAABAAEAAAIBRAA7\" data-src=\"https:\/\/eventiyoga.it\/blog\/wp-content\/uploads\/2020\/10\/POST_08-1022x1024.jpg\" alt=\"Vacanze e Ritiri Yoga Estate\" class=\"wp-image-58319\"\/><noscript><img decoding=\"async\" data-id=\"58319\" src=\"https:\/\/eventiyoga.it\/blog\/wp-content\/uploads\/2020\/10\/POST_08-1022x1024.jpg\" alt=\"Vacanze e Ritiri Yoga Estate\" class=\"wp-image-58319\"\/><\/noscript><\/a><\/figure>\n\n\n\n<figure class=\"wp-block-image size-large\"><a href=\"https:\/\/eventiyoga.it\/blog\/wp-content\/uploads\/2020\/10\/POST_07.jpg\"><img decoding=\"async\" data-id=\"58320\" src=\"data:image\/gif;base64,R0lGODlhAQABAIAAAAAAAP\/\/\/yH5BAEAAAAALAAAAAABAAEAAAIBRAA7\" data-src=\"https:\/\/eventiyoga.it\/blog\/wp-content\/uploads\/2020\/10\/POST_07-1022x1024.jpg\" alt=\"Vacanze e Ritiri Yoga Estate\" class=\"wp-image-58320\"\/><noscript><img decoding=\"async\" data-id=\"58320\" src=\"https:\/\/eventiyoga.it\/blog\/wp-content\/uploads\/2020\/10\/POST_07-1022x1024.jpg\" alt=\"Vacanze e Ritiri Yoga Estate\" class=\"wp-image-58320\"\/><\/noscript><\/a><\/figure>\n<\/figure>\n\n\n\n<h2 class=\"wp-block-heading\" id=\"h-giugno\">Giugno<\/h2>\n\n\n\n<div style=\"height: 12px; background: linear-gradient(90deg, #667eea 0%, #764ba2 50%, #f093fb 100%); border-radius: 6px;\"><\/div>\n<p style=\"color: #555555; font-size: 23px; margin-top: 15px; font-style: italic;\">\ud83c\udf0a Inizia l&#8217;estate: yoga in barca a vela, retreat al mare e settimane in natura<\/p>\n\n\n        <div class=\"yoga-events-regions-container\">\n            <!-- Online Events Section -->\n                            <div class=\"yoga-region\">\n                    <h2 class=\"yoga-region-title\">Eventi Yoga Online<\/h2>\n                    <div class=\"yoga-events-list\">\n                                                                                <div class=\"yoga-event-item\">\n                                <span class=\"event-day\">08 Giugno<\/span>\n                                <a href=\"https:\/\/eventiyoga.it\/eventi-yoga\/anatomia_dello_yoga_conosci_il_corpo_trasforma_la_vita-756\" class=\"yoga-event-link \">Anatomia dello Yoga | Conosci il corpo, trasforma la vita<\/a>\n                            <\/div>\n                                                                                <div class=\"yoga-event-item\">\n                                <span class=\"event-day\">14 Giugno<\/span>\n                                <a href=\"https:\/\/eventiyoga.it\/eventi-yoga\/ashtanga_yoga_online_impara_prima_serie_completa-1125\" class=\"yoga-event-link \">Ashtanga Yoga Online | Impara Prima Serie Completa<\/a>\n                            <\/div>\n                                                                                <div class=\"yoga-event-item\">\n                                <span class=\"event-day\">15 Giugno<\/span>\n                                <a href=\"https:\/\/eventiyoga.it\/eventi-yoga\/yoga_per_principianti_corso_base_semplice-1666\" class=\"yoga-event-link \">Yoga per Principianti: corso base semplice<\/a>\n                            <\/div>\n                                            <\/div>\n                <\/div>\n            \n            <!-- Offline Events by Regions -->\n                                                                        <div class=\"yoga-region \">\n                            <h2 class=\"yoga-region-title\">Marche<\/h2>\n                                                                                                                                        <div class=\"yoga-province\">\n                                            <h3 class=\"yoga-province-title\">Ancona<\/h3>\n                                            <div class=\"yoga-events-list\">\n                                                                                                                                                        <div class=\"yoga-event-item\">\n                                                        <span class=\"event-day\">09 Giugno<\/span>\n                                                        <a href=\"https:\/\/eventiyoga.it\/eventi-yoga\/yoga_all_alba_al_passetto_di_ancona-7563\" class=\"yoga-event-link \">Yoga all&#039;alba al Passetto di Ancona<\/a>\n                                                    <\/div>\n                                                                                            <\/div>\n                                        <\/div>\n                                                                                                                                                <div class=\"yoga-province\">\n                                            <h3 class=\"yoga-province-title\">Ascoli Piceno<\/h3>\n                                            <div class=\"yoga-events-list\">\n                                                                                                                                                        <div class=\"yoga-event-item\">\n                                                        <span class=\"event-day\">18 Giugno<\/span>\n                                                        <a href=\"https:\/\/eventiyoga.it\/eventi-yoga\/yoga_estate_2026-7598\" class=\"yoga-event-link \">Yoga Estate 2026<\/a>\n                                                    <\/div>\n                                                                                            <\/div>\n                                        <\/div>\n                                                                                                                        <\/div>\n                                                                                <div class=\"yoga-region \">\n                            <h2 class=\"yoga-region-title\">Puglia<\/h2>\n                                                                                                                                        <div class=\"yoga-province\">\n                                            <h3 class=\"yoga-province-title\">Taranto<\/h3>\n                                            <div class=\"yoga-events-list\">\n                                                                                                                                                        <div class=\"yoga-event-item\">\n                                                        <span class=\"event-day\">05 Giugno<\/span>\n                                                        <a href=\"https:\/\/eventiyoga.it\/eventi-yoga\/silent_yoga_retreat_ritiro_per_donne-7164\" class=\"yoga-event-link \">Silent Yoga Retreat - Ritiro per donne<\/a>\n                                                    <\/div>\n                                                                                            <\/div>\n                                        <\/div>\n                                                                                                                        <\/div>\n                                                                                <div class=\"yoga-region \">\n                            <h2 class=\"yoga-region-title\">Umbria<\/h2>\n                                                                                                                                        <div class=\"yoga-province\">\n                                            <h3 class=\"yoga-province-title\">Perugia<\/h3>\n                                            <div class=\"yoga-events-list\">\n                                                                                                                                                        <div class=\"yoga-event-item\">\n                                                        <span class=\"event-day\">02 Giugno<\/span>\n                                                        <a href=\"https:\/\/eventiyoga.it\/eventi-yoga\/ritiri_yoga_natura_e_spiritualit_umbria_estate-5783\" class=\"yoga-event-link \">RITIRI YOGA Natura e Spiritualit\u00e0 | UMBRIA ESTATE<\/a>\n                                                    <\/div>\n                                                                                            <\/div>\n                                        <\/div>\n                                                                                                                        <\/div>\n                                                        <\/div>\n        \n\n\n\n<hr class=\"wp-block-separator has-text-color has-white-color has-css-opacity has-white-background-color has-background\"\/>\n\n\n\n<h2 class=\"wp-block-heading\" id=\"h-luglio\">Luglio<\/h2>\n\n\n\n<div style=\"height: 12px; background: linear-gradient(90deg, #667eea 0%, #764ba2 50%, #f093fb 100%); border-radius: 6px;\"><\/div>\n<p style=\"color: #555555; font-size: 23px; margin-top: 15px; font-style: italic;\">\ud83e\uddd8\u200d\u2640\ufe0f Il cuore dell&#8217;estate: vacanze yoga tra isole italiane, montagna e mete esotiche<\/p>\n\n\n        <div class=\"yoga-events-regions-container\">\n            <!-- Online Events Section -->\n                            <div class=\"yoga-region\">\n                    <h2 class=\"yoga-region-title\">Eventi Yoga Online<\/h2>\n                    <div class=\"yoga-events-list\">\n                                                                                <div class=\"yoga-event-item\">\n                                <span class=\"event-day\">05 Luglio<\/span>\n                                <a href=\"https:\/\/eventiyoga.it\/eventi-yoga\/hatha_yoga_online_yoga_alliance_con_insegnante_indiano-1859\" class=\"yoga-event-link \">Hatha Yoga Online Yoga Alliance con insegnante indiano<\/a>\n                            <\/div>\n                                                                                <div class=\"yoga-event-item\">\n                                <span class=\"event-day\">11 Luglio<\/span>\n                                <a href=\"https:\/\/eventiyoga.it\/eventi-yoga\/yoga_nidra_pack-7714\" class=\"yoga-event-link \">Yoga Nidra PACK<\/a>\n                            <\/div>\n                                                                                <div class=\"yoga-event-item\">\n                                <span class=\"event-day\">12 Luglio<\/span>\n                                <a href=\"https:\/\/eventiyoga.it\/eventi-yoga\/corso_di_meditazione_trasforma_la_tua_vita_con_la_forza_della_meditazione-3349\" class=\"yoga-event-link \">Corso di Meditazione | Trasforma la Tua Vita con la Forza della Meditazione<\/a>\n                            <\/div>\n                                                                                <div class=\"yoga-event-item\">\n                                <span class=\"event-day\">15 Luglio<\/span>\n                                <a href=\"https:\/\/eventiyoga.it\/eventi-yoga\/yoga4menopause_formazione_on_demand_50_ore_yacep-7724\" class=\"yoga-event-link \">Yoga4Menopause Formazione on demand, 50 ore YACEP<\/a>\n                            <\/div>\n                                                                                <div class=\"yoga-event-item\">\n                                <span class=\"event-day\">26 Luglio<\/span>\n                                <a href=\"https:\/\/eventiyoga.it\/eventi-yoga\/yoga_per_atleti_metodo_recupero_intelligente-5615\" class=\"yoga-event-link \">Yoga per Atleti: Metodo Recupero Intelligente<\/a>\n                            <\/div>\n                                            <\/div>\n                <\/div>\n            \n            <!-- Offline Events by Regions -->\n                                                                        <div class=\"yoga-region \">\n                            <h2 class=\"yoga-region-title\">Piemonte<\/h2>\n                                                                                                                                        <div class=\"yoga-province\">\n                                            <h3 class=\"yoga-province-title\">Torino<\/h3>\n                                            <div class=\"yoga-events-list\">\n                                                                                                                                                        <div class=\"yoga-event-item\">\n                                                        <span class=\"event-day\">27 Luglio<\/span>\n                                                        <a href=\"https:\/\/eventiyoga.it\/eventi-yoga\/reintegrazione_del_s-7798\" class=\"yoga-event-link \">Reintegrazione del S\u00e8<\/a>\n                                                    <\/div>\n                                                                                            <\/div>\n                                        <\/div>\n                                                                                                                        <\/div>\n                                                                                <div class=\"yoga-region \">\n                            <h2 class=\"yoga-region-title\">Sicilia<\/h2>\n                                                                                                                                        <div class=\"yoga-province\">\n                                            <h3 class=\"yoga-province-title\">Messina<\/h3>\n                                            <div class=\"yoga-events-list\">\n                                                                                                                                                        <div class=\"yoga-event-item\">\n                                                        <span class=\"event-day\">18 Luglio<\/span>\n                                                        <a href=\"https:\/\/eventiyoga.it\/eventi-yoga\/crociera_yogica_d_espansione_isole_eolie-7269\" class=\"yoga-event-link \">Crociera  Yogica d&#039;espansione - Isole Eolie <\/a>\n                                                    <\/div>\n                                                                                            <\/div>\n                                        <\/div>\n                                                                                                                        <\/div>\n                                                        <\/div>\n        \n\n\n\n<hr class=\"wp-block-separator has-text-color has-white-color has-css-opacity has-white-background-color has-background\"\/>\n\n\n\n<h2 class=\"wp-block-heading\" id=\"h-agosto\">Agosto<\/h2>\n\n\n\n<div style=\"height: 12px; background: linear-gradient(90deg, #667eea 0%, #764ba2 50%, #f093fb 100%); border-radius: 6px;\"><\/div>\n<p style=\"color: #555555; font-size: 23px; margin-top: 15px; font-style: italic;\">\ud83c\udf34 Ferragosto e ferie: i ritiri pi\u00f9 belli per staccare davvero la spina<\/p>\n\n\n        <div class=\"yoga-events-regions-container\">\n            <!-- Online Events Section -->\n                            <div class=\"yoga-region\">\n                    <h2 class=\"yoga-region-title\">Eventi Yoga Online<\/h2>\n                    <div class=\"yoga-events-list\">\n                                                                                <div class=\"yoga-event-item\">\n                                <span class=\"event-day\">01 Agosto<\/span>\n                                <a href=\"https:\/\/eventiyoga.it\/eventi-yoga\/hatha_yoga_online_corso_con_insegnante_indiano_yoga_alliance-913\" class=\"yoga-event-link \">Hatha Yoga Online | Corso con insegnante indiano | Yoga Alliance<\/a>\n                            <\/div>\n                                            <\/div>\n                <\/div>\n            \n            <!-- Offline Events by Regions -->\n                                                                        <div class=\"yoga-region \">\n                            <h2 class=\"yoga-region-title\">Campania<\/h2>\n                                                                                                                                        <div class=\"yoga-province\">\n                                            <h3 class=\"yoga-province-title\">Napoli<\/h3>\n                                            <div class=\"yoga-events-list\">\n                                                                                                                                                        <div class=\"yoga-event-item\">\n                                                        <span class=\"event-day\">28 Agosto<\/span>\n                                                        <a href=\"https:\/\/eventiyoga.it\/eventi-yoga\/ritiro_yoga_e_meditazione_ischia_parco_delle_ninfe_nitrodi-7097\" class=\"yoga-event-link \">Ritiro Yoga e Meditazione Ischia | Parco delle Ninfe Nitrodi<\/a>\n                                                    <\/div>\n                                                                                            <\/div>\n                                        <\/div>\n                                                                                                                        <\/div>\n                                                                                <div class=\"yoga-region \">\n                            <h2 class=\"yoga-region-title\">Emilia Romagna<\/h2>\n                                                                                                                                        <div class=\"yoga-province\">\n                                            <h3 class=\"yoga-province-title\">Bologna<\/h3>\n                                            <div class=\"yoga-events-list\">\n                                                                                                                                                        <div class=\"yoga-event-item\">\n                                                        <span class=\"event-day\">31 Agosto<\/span>\n                                                        <a href=\"https:\/\/eventiyoga.it\/eventi-yoga\/bagno_sonoro_con_apericena_sui_colli_bolognesi_31_agosto-8035\" class=\"yoga-event-link \">BAGNO SONORO CON APERICENA SUI COLLI BOLOGNESI | 31 AGOSTO <\/a>\n                                                    <\/div>\n                                                                                            <\/div>\n                                        <\/div>\n                                                                                                                                                <div class=\"yoga-province\">\n                                            <h3 class=\"yoga-province-title\">Rimini<\/h3>\n                                            <div class=\"yoga-events-list\">\n                                                                                                                                                        <div class=\"yoga-event-item\">\n                                                        <span class=\"event-day\">30 Agosto<\/span>\n                                                        <a href=\"https:\/\/eventiyoga.it\/eventi-yoga\/settembre_yoga_retreat_holiday_meditazione_mare_e_sole-7804\" class=\"yoga-event-link \">Settembre Yoga Retreat Holiday - Meditazione Mare e Sole<\/a>\n                                                    <\/div>\n                                                                                                                                                        <div class=\"yoga-event-item\">\n                                                        <span class=\"event-day\">30 Agosto<\/span>\n                                                        <a href=\"https:\/\/eventiyoga.it\/eventi-yoga\/10_gg_100_ore_yoga_teacher_training-7718\" class=\"yoga-event-link \">10 gg - 100 Ore Yoga Teacher Training<\/a>\n                                                    <\/div>\n                                                                                                                                                        <div class=\"yoga-event-item\">\n                                                        <span class=\"event-day\">30 Agosto<\/span>\n                                                        <a href=\"https:\/\/eventiyoga.it\/eventi-yoga\/21_days_ryt_200_yoga_teacher_training_italy-7698\" class=\"yoga-event-link \">21 Days RYT-200 Yoga Teacher Training Italy <\/a>\n                                                    <\/div>\n                                                                                            <\/div>\n                                        <\/div>\n                                                                                                                        <\/div>\n                                                                                <div class=\"yoga-region \">\n                            <h2 class=\"yoga-region-title\">Lazio<\/h2>\n                                                                                                                                        <div class=\"yoga-province\">\n                                            <h3 class=\"yoga-province-title\">Viterbo<\/h3>\n                                            <div class=\"yoga-events-list\">\n                                                                                                                                                        <div class=\"yoga-event-item\">\n                                                        <span class=\"event-day\">29 Agosto<\/span>\n                                                        <a href=\"https:\/\/eventiyoga.it\/eventi-yoga\/ritrova_la_luce_negli_occhi_4_giorni_per_tornare_a_sentirti_vivo-7801\" class=\"yoga-event-link \">Ritrova la luce negli occhi - 4 giorni per tornare a sentirti vivo<\/a>\n                                                    <\/div>\n                                                                                            <\/div>\n                                        <\/div>\n                                                                                                                        <\/div>\n                                                                                <div class=\"yoga-region \">\n                            <h2 class=\"yoga-region-title\">Lombardia<\/h2>\n                                                                                                                                        <div class=\"yoga-province\">\n                                            <h3 class=\"yoga-province-title\">Varese<\/h3>\n                                            <div class=\"yoga-events-list\">\n                                                                                                                                                        <div class=\"yoga-event-item\">\n                                                        <span class=\"event-day\">26 Agosto<\/span>\n                                                        <a href=\"https:\/\/eventiyoga.it\/eventi-yoga\/sup_yoga_lago_di_monate-8007\" class=\"yoga-event-link \">Sup Yoga Lago di Monate<\/a>\n                                                    <\/div>\n                                                                                            <\/div>\n                                        <\/div>\n                                                                                                                        <\/div>\n                                                                                <div class=\"yoga-region \">\n                            <h2 class=\"yoga-region-title\">Puglia<\/h2>\n                                                                                                                                        <div class=\"yoga-province\">\n                                            <h3 class=\"yoga-province-title\">Lecce<\/h3>\n                                            <div class=\"yoga-events-list\">\n                                                                                                                                                        <div class=\"yoga-event-item\">\n                                                        <span class=\"event-day\">29 Agosto<\/span>\n                                                        <a href=\"https:\/\/eventiyoga.it\/eventi-yoga\/ashtanga_yoga_per_tutti-6715\" class=\"yoga-event-link \">Ashtanga Yoga Per Tutti<\/a>\n                                                    <\/div>\n                                                                                                                                                        <div class=\"yoga-event-item\">\n                                                        <span class=\"event-day\">29 Agosto<\/span>\n                                                        <a href=\"https:\/\/eventiyoga.it\/eventi-yoga\/silenzio_spazioso-6714\" class=\"yoga-event-link \">SILENZIO SPAZIOSO<\/a>\n                                                    <\/div>\n                                                                                            <\/div>\n                                        <\/div>\n                                                                                                                        <\/div>\n                                                                                <div class=\"yoga-region \">\n                            <h2 class=\"yoga-region-title\">Sardegna<\/h2>\n                                                                                                                                        <div class=\"yoga-province\">\n                                            <h3 class=\"yoga-province-title\">Oristano<\/h3>\n                                            <div class=\"yoga-events-list\">\n                                                                                                                                                        <div class=\"yoga-event-item\">\n                                                        <span class=\"event-day\">29 Agosto<\/span>\n                                                        <a href=\"https:\/\/eventiyoga.it\/eventi-yoga\/eleva_le_tue_emozioni_nella_natura_ancestrale_della_sardegna-6244\" class=\"yoga-event-link \">Eleva le tue emozioni nella natura ancestrale della Sardegna<\/a>\n                                                    <\/div>\n                                                                                            <\/div>\n                                        <\/div>\n                                                                                                                        <\/div>\n                                                                                <div class=\"yoga-region \">\n                            <h2 class=\"yoga-region-title\">Sicilia<\/h2>\n                                                                                                                                        <div class=\"yoga-province\">\n                                            <h3 class=\"yoga-province-title\">Trapani<\/h3>\n                                            <div class=\"yoga-events-list\">\n                                                                                                                                                        <div class=\"yoga-event-item\">\n                                                        <span class=\"event-day\">29 Agosto<\/span>\n                                                        <a href=\"https:\/\/eventiyoga.it\/eventi-yoga\/move_your_soul_yoga_mudra_e_mantra_movement_medicine_cibo_naturale_love-7670\" class=\"yoga-event-link \">Move your soul : yoga, mudra e mantra, movement medicine, cibo naturale, love<\/a>\n                                                    <\/div>\n                                                                                            <\/div>\n                                        <\/div>\n                                                                                                                        <\/div>\n                                                                                <div class=\"yoga-region \">\n                            <h2 class=\"yoga-region-title\">Umbria<\/h2>\n                                                                                                                                        <div class=\"yoga-province\">\n                                            <h3 class=\"yoga-province-title\">Perugia<\/h3>\n                                            <div class=\"yoga-events-list\">\n                                                                                                                                                        <div class=\"yoga-event-item\">\n                                                        <span class=\"event-day\">09 Agosto<\/span>\n                                                        <a href=\"https:\/\/eventiyoga.it\/eventi-yoga\/gubbio_assisi_la_verna_ritiri_yoga_natura_e_spiritualit_estate-5795\" class=\"yoga-event-link \">GUBBIO ASSISI LA VERNA | RITIRI YOGA NATURA E SPIRITUALIT\u00c0 | ESTATE<\/a>\n                                                    <\/div>\n                                                                                                                                                        <div class=\"yoga-event-item\">\n                                                        <span class=\"event-day\">30 Agosto<\/span>\n                                                        <a href=\"https:\/\/eventiyoga.it\/eventi-yoga\/gubbio_assisi_la_verna_ritiri_yoga_natura_e_spiritualit-7800\" class=\"yoga-event-link \">Gubbio, Assisi, La Verna | Ritiri Yoga, Natura e Spiritualit\u00e0<\/a>\n                                                    <\/div>\n                                                                                            <\/div>\n                                        <\/div>\n                                                                                                                        <\/div>\n                                                                                <div class=\"yoga-region yoga-region-estero\">\n                            <h2 class=\"yoga-region-title\">Estero<\/h2>\n                                                            <div class=\"yoga-events-list\">\n                                                                                                                                                                    <div class=\"yoga-event-item\">\n                                                <span class=\"event-day\">01 Agosto<\/span>\n                                                <a href=\"https:\/\/eventiyoga.it\/eventi-yoga\/ticino_yoga_meditazione_e_coaching_digital_detox_natura-7695\" class=\"yoga-event-link \">Ticino - Yoga, Meditazione e Coaching | Digital Detox Natura<\/a>\n                                            <\/div>\n                                                                                                                                <div class=\"yoga-event-item\">\n                                                <span class=\"event-day\">20 Agosto<\/span>\n                                                <a href=\"https:\/\/eventiyoga.it\/eventi-yoga\/tour_yoga_in_thailandia_2026-6016\" class=\"yoga-event-link \">Tour Yoga in Thailandia 2026<\/a>\n                                            <\/div>\n                                                                                                                                <div class=\"yoga-event-item\">\n                                                <span class=\"event-day\">28 Agosto<\/span>\n                                                <a href=\"https:\/\/eventiyoga.it\/eventi-yoga\/reiki_a_parigi-7699\" class=\"yoga-event-link \">REIKI A PARIGI<\/a>\n                                            <\/div>\n                                                                                                                                <div class=\"yoga-event-item\">\n                                                <span class=\"event-day\">29 Agosto<\/span>\n                                                <a href=\"https:\/\/eventiyoga.it\/eventi-yoga\/ritiro_yoga_formentera-6949\" class=\"yoga-event-link \">Ritiro Yoga Formentera<\/a>\n                                            <\/div>\n                                                                                                                                <div class=\"yoga-event-item\">\n                                                <span class=\"event-day\">29 Agosto<\/span>\n                                                <a href=\"https:\/\/eventiyoga.it\/eventi-yoga\/grecia_patmos_leros_lipsi_vacanze_yoga_e_festival_della_musica_sacra_settimane-5798\" class=\"yoga-event-link \">GRECIA PATMOS LEROS.LIPSI-VACANZE YOGA E FESTIVAL DELLA MUSICA SACRA-SETTIMANE<\/a>\n                                            <\/div>\n                                                                                                                                <div class=\"yoga-event-item\">\n                                                <span class=\"event-day\">30 Agosto<\/span>\n                                                <a href=\"https:\/\/eventiyoga.it\/eventi-yoga\/grecia_patmos_l_isola_di_san_giovanni_yoga_e_festival_della_musica_sacra-7272\" class=\"yoga-event-link \">GRECIA PATMOS L&#039;ISOLA DI SAN GIOVANNI | YOGA e FESTIVAL DELLA MUSICA SACRA<\/a>\n                                            <\/div>\n                                                                                                            <\/div>\n                                                    <\/div>\n                                                        <\/div>\n        \n\n\n\n<hr class=\"wp-block-separator has-text-color has-white-color has-css-opacity has-white-background-color has-background\"\/>\n\n\n\n<h2 class=\"wp-block-heading\" id=\"h-settembre\">Settembre<\/h2>\n\n\n\n<div style=\"height: 12px; background: linear-gradient(90deg, #667eea 0%, #764ba2 50%, #f093fb 100%); border-radius: 6px;\"><\/div>\n<p style=\"color: #555555; font-size: 23px; margin-top: 15px; font-style: italic;\">\ud83c\udf42 Tempo di bilanci: weekend rigeneranti e ritiri per ricominciare con energia<\/p>\n\n\n        <div class=\"yoga-events-regions-container\">\n            <!-- Online Events Section -->\n                            <div class=\"yoga-region\">\n                    <h2 class=\"yoga-region-title\">Eventi Yoga Online<\/h2>\n                    <div class=\"yoga-events-list\">\n                                                                                <div class=\"yoga-event-item\">\n                                <span class=\"event-day\">01 Settembre<\/span>\n                                <a href=\"https:\/\/eventiyoga.it\/eventi-yoga\/200hrs_ttc_the_sacred_sadhana_online_and_residential-7849\" class=\"yoga-event-link \">200hrs TTC - The Sacred Sadhana - Online and Residential <\/a>\n                            <\/div>\n                                                                                <div class=\"yoga-event-item\">\n                                <span class=\"event-day\">02 Settembre<\/span>\n                                <a href=\"https:\/\/eventiyoga.it\/eventi-yoga\/gentle_yoga-8097\" class=\"yoga-event-link \">Gentle Yoga<\/a>\n                            <\/div>\n                                                                                <div class=\"yoga-event-item\">\n                                <span class=\"event-day\">07 Settembre<\/span>\n                                <a href=\"https:\/\/eventiyoga.it\/eventi-yoga\/dirette_online_yoga_meditazione_nidra_filosofia-7984\" class=\"yoga-event-link \">Dirette Online - Yoga, Meditazione, Nidra, Filosofia...<\/a>\n                            <\/div>\n                                                                                <div class=\"yoga-event-item\">\n                                <span class=\"event-day\">08 Settembre<\/span>\n                                <a href=\"https:\/\/eventiyoga.it\/eventi-yoga\/yoga_per_chi_lavora_seduto_e_ha_la_schiena_rigida-7128\" class=\"yoga-event-link \">Yoga per chi lavora seduto e ha la schiena rigida<\/a>\n                            <\/div>\n                                                                                <div class=\"yoga-event-item\">\n                                <span class=\"event-day\">09 Settembre<\/span>\n                                <a href=\"https:\/\/eventiyoga.it\/eventi-yoga\/corso_yin_yoga_online_e_in_presenza-8032\" class=\"yoga-event-link \">Corso Yin Yoga Online e in Presenza<\/a>\n                            <\/div>\n                                                                                <div class=\"yoga-event-item\">\n                                <span class=\"event-day\">15 Settembre<\/span>\n                                <a href=\"https:\/\/eventiyoga.it\/eventi-yoga\/percorso_di_yoga_e_meditazione_sull_elemento_spazio-7865\" class=\"yoga-event-link \">Percorso di yoga e meditazione sull&#039;elemento Spazio <\/a>\n                            <\/div>\n                                                                                <div class=\"yoga-event-item\">\n                                <span class=\"event-day\">15 Settembre<\/span>\n                                <a href=\"https:\/\/eventiyoga.it\/eventi-yoga\/yoga_flow_e_pilates_online-8099\" class=\"yoga-event-link promoted\">Yoga Flow e Pilates Online<\/a>\n                            <\/div>\n                                            <\/div>\n                <\/div>\n            \n            <!-- Offline Events by Regions -->\n                                                                        <div class=\"yoga-region \">\n                            <h2 class=\"yoga-region-title\">Abruzzo<\/h2>\n                                                                                                                                        <div class=\"yoga-province\">\n                                            <h3 class=\"yoga-province-title\">L&#039;Aquila<\/h3>\n                                            <div class=\"yoga-events-list\">\n                                                                                                                                                        <div class=\"yoga-event-item\">\n                                                        <span class=\"event-day\">18 Settembre<\/span>\n                                                        <a href=\"https:\/\/eventiyoga.it\/eventi-yoga\/yoga_al_lago_del_cuore-7438\" class=\"yoga-event-link \">Yoga al Lago del Cuore <\/a>\n                                                    <\/div>\n                                                                                                                                                        <div class=\"yoga-event-item\">\n                                                        <span class=\"event-day\">25 Settembre<\/span>\n                                                        <a href=\"https:\/\/eventiyoga.it\/eventi-yoga\/abruzzo_yoga_retreat_un_ritiro_semplice-8066\" class=\"yoga-event-link \">ABRUZZO YOGA RETREAT- un ritiro semplice <\/a>\n                                                    <\/div>\n                                                                                            <\/div>\n                                        <\/div>\n                                                                                                                        <\/div>\n                                                                                <div class=\"yoga-region \">\n                            <h2 class=\"yoga-region-title\">Calabria<\/h2>\n                                                                                                                                        <div class=\"yoga-province\">\n                                            <h3 class=\"yoga-province-title\">Crotone<\/h3>\n                                            <div class=\"yoga-events-list\">\n                                                                                                                                                        <div class=\"yoga-event-item\">\n                                                        <span class=\"event-day\">04 Settembre<\/span>\n                                                        <a href=\"https:\/\/eventiyoga.it\/eventi-yoga\/ritiro_di_danza_e_benessere_immerso_in_natura-7874\" class=\"yoga-event-link \">Ritiro di Danza e Benessere Immerso in Natura <\/a>\n                                                    <\/div>\n                                                                                            <\/div>\n                                        <\/div>\n                                                                                                                        <\/div>\n                                                                                <div class=\"yoga-region \">\n                            <h2 class=\"yoga-region-title\">Campania<\/h2>\n                                                                                                                                        <div class=\"yoga-province\">\n                                            <h3 class=\"yoga-province-title\">Napoli<\/h3>\n                                            <div class=\"yoga-events-list\">\n                                                                                                                                                        <div class=\"yoga-event-item\">\n                                                        <span class=\"event-day\">25 Settembre<\/span>\n                                                        <a href=\"https:\/\/eventiyoga.it\/eventi-yoga\/yoga_in_barca_a_vela_a_napoli-7734\" class=\"yoga-event-link \">Yoga in Barca a Vela a Napoli<\/a>\n                                                    <\/div>\n                                                                                                                                                        <div class=\"yoga-event-item\">\n                                                        <span class=\"event-day\">25 Settembre<\/span>\n                                                        <a href=\"https:\/\/eventiyoga.it\/eventi-yoga\/le_acque_sacre_ritiro_a_ischia_tra_terme_e_spiritualit-7863\" class=\"yoga-event-link \">Le Acque Sacre | Ritiro a Ischia tra Terme e Spiritualit\u00e0<\/a>\n                                                    <\/div>\n                                                                                                                                                        <div class=\"yoga-event-item\">\n                                                        <span class=\"event-day\">26 Settembre<\/span>\n                                                        <a href=\"https:\/\/eventiyoga.it\/eventi-yoga\/vacanza_yoga_a_ischia_festa_di_san_michele-6062\" class=\"yoga-event-link \">VACANZA YOGA A ISCHIA \u2013 FESTA DI SAN MICHELE<\/a>\n                                                    <\/div>\n                                                                                            <\/div>\n                                        <\/div>\n                                                                                                                        <\/div>\n                                                                                <div class=\"yoga-region \">\n                            <h2 class=\"yoga-region-title\">Emilia Romagna<\/h2>\n                                                                                                                                        <div class=\"yoga-province\">\n                                            <h3 class=\"yoga-province-title\">Bologna<\/h3>\n                                            <div class=\"yoga-events-list\">\n                                                                                                                                                        <div class=\"yoga-event-item\">\n                                                        <span class=\"event-day\">04 Settembre<\/span>\n                                                        <a href=\"https:\/\/eventiyoga.it\/eventi-yoga\/meditazione_sonora_per_mente_e_cuore_colli_bolognesi-7841\" class=\"yoga-event-link \">Meditazione Sonora per Mente e Cuore | Colli Bolognesi<\/a>\n                                                    <\/div>\n                                                                                                                                                        <div class=\"yoga-event-item\">\n                                                        <span class=\"event-day\">05 Settembre<\/span>\n                                                        <a href=\"https:\/\/eventiyoga.it\/eventi-yoga\/19_corso_formazione_istruttori_ashtanga_yoga_aybo_anni_accademici_2026_2028-8020\" class=\"yoga-event-link \">19\u00b0 CORSO FORMAZIONE ISTRUTTORI ASHTANGA YOGA - AYBO ANNI ACCADEMICI 2026-2028<\/a>\n                                                    <\/div>\n                                                                                                                                                        <div class=\"yoga-event-item\">\n                                                        <span class=\"event-day\">18 Settembre<\/span>\n                                                        <a href=\"https:\/\/eventiyoga.it\/eventi-yoga\/yoga_e_suono_per_un_autunno_consapevole_colli_bolognesi-7839\" class=\"yoga-event-link \">Yoga e Suono per un Autunno Consapevole | Colli Bolognesi <\/a>\n                                                    <\/div>\n                                                                                                                                                        <div class=\"yoga-event-item\">\n                                                        <span class=\"event-day\">19 Settembre<\/span>\n                                                        <a href=\"https:\/\/eventiyoga.it\/eventi-yoga\/yoga_retreat_durga_d_autunno_ritrovare_la_propria_forza-7680\" class=\"yoga-event-link \">Yoga Retreat -&quot;Durga d&#039;Autunno ritrovare la propria forza&quot;<\/a>\n                                                    <\/div>\n                                                                                                                                                        <div class=\"yoga-event-item\">\n                                                        <span class=\"event-day\">26 Settembre<\/span>\n                                                        <a href=\"https:\/\/eventiyoga.it\/eventi-yoga\/ritiro_per_caregiver_colli_bolognesi-7840\" class=\"yoga-event-link \">Ritiro per Caregiver | Colli Bolognesi <\/a>\n                                                    <\/div>\n                                                                                            <\/div>\n                                        <\/div>\n                                                                                                                                                <div class=\"yoga-province\">\n                                            <h3 class=\"yoga-province-title\">Ferrara<\/h3>\n                                            <div class=\"yoga-events-list\">\n                                                                                                                                                        <div class=\"yoga-event-item\">\n                                                        <span class=\"event-day\">18 Settembre<\/span>\n                                                        <a href=\"https:\/\/eventiyoga.it\/eventi-yoga\/yoga_e_benessere_lidi_di_comacchio-7675\" class=\"yoga-event-link \">Yoga e Benessere Lidi di Comacchio<\/a>\n                                                    <\/div>\n                                                                                            <\/div>\n                                        <\/div>\n                                                                                                                                                <div class=\"yoga-province\">\n                                            <h3 class=\"yoga-province-title\">Ravenna<\/h3>\n                                            <div class=\"yoga-events-list\">\n                                                                                                                                                        <div class=\"yoga-event-item\">\n                                                        <span class=\"event-day\">13 Settembre<\/span>\n                                                        <a href=\"https:\/\/eventiyoga.it\/eventi-yoga\/masterclass_con_shiva_rea-7715\" class=\"yoga-event-link \">MASTERCLASS CON SHIVA REA <\/a>\n                                                    <\/div>\n                                                                                            <\/div>\n                                        <\/div>\n                                                                                                                                                <div class=\"yoga-province\">\n                                            <h3 class=\"yoga-province-title\">Reggio Emilia<\/h3>\n                                            <div class=\"yoga-events-list\">\n                                                                                                                                                        <div class=\"yoga-event-item\">\n                                                        <span class=\"event-day\">06 Settembre<\/span>\n                                                        <a href=\"https:\/\/eventiyoga.it\/eventi-yoga\/secret_retreat_un_esperienza_da_vivere_in_un_luogo_di_pace-7608\" class=\"yoga-event-link \">SECRET RETREAT  Un\u2019esperienza da vivere, in un luogo di pace<\/a>\n                                                    <\/div>\n                                                                                                                                                        <div class=\"yoga-event-item\">\n                                                        <span class=\"event-day\">14 Settembre<\/span>\n                                                        <a href=\"https:\/\/eventiyoga.it\/eventi-yoga\/yoga_e_pilates_a_reggio_emilia_corsi_settimanali-8093\" class=\"yoga-event-link \">Yoga e Pilates a Reggio Emilia | Corsi Settimanali<\/a>\n                                                    <\/div>\n                                                                                                                                                        <div class=\"yoga-event-item\">\n                                                        <span class=\"event-day\">28 Settembre<\/span>\n                                                        <a href=\"https:\/\/eventiyoga.it\/eventi-yoga\/mb_eat_percorso_di_consapevolezza_alimentare-7844\" class=\"yoga-event-link \">MB-EAT percorso di consapevolezza alimentare<\/a>\n                                                    <\/div>\n                                                                                            <\/div>\n                                        <\/div>\n                                                                                                                                                <div class=\"yoga-province\">\n                                            <h3 class=\"yoga-province-title\">Rimini<\/h3>\n                                            <div class=\"yoga-events-list\">\n                                                                                                                                                        <div class=\"yoga-event-item\">\n                                                        <span class=\"event-day\">13 Settembre<\/span>\n                                                        <a href=\"https:\/\/eventiyoga.it\/eventi-yoga\/settembre_yoga_retreat_holiday_meditazione_mare_e_sole-7821\" class=\"yoga-event-link \">Settembre Yoga Retreat Holiday - Meditazione Mare e Sole<\/a>\n                                                    <\/div>\n                                                                                                                                                        <div class=\"yoga-event-item\">\n                                                        <span class=\"event-day\">18 Settembre<\/span>\n                                                        <a href=\"https:\/\/eventiyoga.it\/eventi-yoga\/workshop_yoga_intermedio_e_avanzato_chakra_e_corpo_fisico-7859\" class=\"yoga-event-link \">Workshop Yoga Intermedio e Avanzato \u2013 Chakra e Corpo Fisico<\/a>\n                                                    <\/div>\n                                                                                                                                                        <div class=\"yoga-event-item\">\n                                                        <span class=\"event-day\">20 Settembre<\/span>\n                                                        <a href=\"https:\/\/eventiyoga.it\/eventi-yoga\/settembre_yoga_retreat_holiday_meditazione_mare_e_sole-7809\" class=\"yoga-event-link \">Settembre Yoga Retreat Holiday - Meditazione Mare e Sole<\/a>\n                                                    <\/div>\n                                                                                            <\/div>\n                                        <\/div>\n                                                                                                                        <\/div>\n                                                                                <div class=\"yoga-region \">\n                            <h2 class=\"yoga-region-title\">Lazio<\/h2>\n                                                                                                                                        <div class=\"yoga-province\">\n                                            <h3 class=\"yoga-province-title\">Frosinone<\/h3>\n                                            <div class=\"yoga-events-list\">\n                                                                                                                                                        <div class=\"yoga-event-item\">\n                                                        <span class=\"event-day\">02 Settembre<\/span>\n                                                        <a href=\"https:\/\/eventiyoga.it\/eventi-yoga\/yoga_cavalli_e_natura_ritiro_a_pescosolido_parco_nazionale_d_abruzzo-6683\" class=\"yoga-event-link \">Yoga, Cavalli e Natura: Ritiro a Pescosolido, Parco Nazionale d\u2019Abruzzo<\/a>\n                                                    <\/div>\n                                                                                                                                                        <div class=\"yoga-event-item\">\n                                                        <span class=\"event-day\">03 Settembre<\/span>\n                                                        <a href=\"https:\/\/eventiyoga.it\/eventi-yoga\/ritiro_yoga_nella_natura_d_abruzzo-6461\" class=\"yoga-event-link \">Ritiro Yoga nella Natura d\u2019Abruzzo<\/a>\n                                                    <\/div>\n                                                                                                                                                        <div class=\"yoga-event-item\">\n                                                        <span class=\"event-day\">03 Settembre<\/span>\n                                                        <a href=\"https:\/\/eventiyoga.it\/eventi-yoga\/yoga_e_passeggiata_meditativa_nel_parco_nazionale_d_abruzzo_versante_laziale-6431\" class=\"yoga-event-link \">Yoga e Passeggiata Meditativa nel parco nazionale d\u2019Abruzzo, versante Laziale<\/a>\n                                                    <\/div>\n                                                                                                                                                        <div class=\"yoga-event-item\">\n                                                        <span class=\"event-day\">09 Settembre<\/span>\n                                                        <a href=\"https:\/\/eventiyoga.it\/eventi-yoga\/yoga_cavalli_e_natura_ritiro_a_pescosolido_parco_nazionale_d_abruzzo-6684\" class=\"yoga-event-link \">Yoga, Cavalli e Natura: Ritiro a Pescosolido, Parco Nazionale d\u2019Abruzzo<\/a>\n                                                    <\/div>\n                                                                                                                                                        <div class=\"yoga-event-item\">\n                                                        <span class=\"event-day\">10 Settembre<\/span>\n                                                        <a href=\"https:\/\/eventiyoga.it\/eventi-yoga\/yoga_e_passeggiata_meditativa_nel_parco_nazionale_d_abruzzo_versante_laziale-6432\" class=\"yoga-event-link \">Yoga e Passeggiata Meditativa nel parco nazionale d\u2019Abruzzo, versante Laziale<\/a>\n                                                    <\/div>\n                                                                                                                                                        <div class=\"yoga-event-item\">\n                                                        <span class=\"event-day\">10 Settembre<\/span>\n                                                        <a href=\"https:\/\/eventiyoga.it\/eventi-yoga\/ritiro_yoga_nella_natura_d_abruzzo-6462\" class=\"yoga-event-link \">Ritiro Yoga nella Natura d\u2019Abruzzo<\/a>\n                                                    <\/div>\n                                                                                                                                                        <div class=\"yoga-event-item\">\n                                                        <span class=\"event-day\">16 Settembre<\/span>\n                                                        <a href=\"https:\/\/eventiyoga.it\/eventi-yoga\/yoga_cavalli_e_natura_ritiro_a_pescosolido_parco_nazionale_d_abruzzo-6685\" class=\"yoga-event-link \">Yoga, Cavalli e Natura: Ritiro a Pescosolido, Parco Nazionale d\u2019Abruzzo<\/a>\n                                                    <\/div>\n                                                                                                                                                        <div class=\"yoga-event-item\">\n                                                        <span class=\"event-day\">17 Settembre<\/span>\n                                                        <a href=\"https:\/\/eventiyoga.it\/eventi-yoga\/ritiro_yoga_nella_natura_d_abruzzo-6463\" class=\"yoga-event-link \">Ritiro Yoga nella Natura d\u2019Abruzzo<\/a>\n                                                    <\/div>\n                                                                                                                                                        <div class=\"yoga-event-item\">\n                                                        <span class=\"event-day\">17 Settembre<\/span>\n                                                        <a href=\"https:\/\/eventiyoga.it\/eventi-yoga\/yoga_e_passeggiata_meditativa_nel_parco_nazionale_d_abruzzo_versante_laziale-6433\" class=\"yoga-event-link \">Yoga e Passeggiata Meditativa nel parco nazionale d\u2019Abruzzo, versante Laziale<\/a>\n                                                    <\/div>\n                                                                                                                                                        <div class=\"yoga-event-item\">\n                                                        <span class=\"event-day\">23 Settembre<\/span>\n                                                        <a href=\"https:\/\/eventiyoga.it\/eventi-yoga\/yoga_cavalli_e_natura_ritiro_a_pescosolido_parco_nazionale_d_abruzzo-6686\" class=\"yoga-event-link \">Yoga, Cavalli e Natura: Ritiro a Pescosolido, Parco Nazionale d\u2019Abruzzo<\/a>\n                                                    <\/div>\n                                                                                                                                                        <div class=\"yoga-event-item\">\n                                                        <span class=\"event-day\">24 Settembre<\/span>\n                                                        <a href=\"https:\/\/eventiyoga.it\/eventi-yoga\/ritiro_yoga_nella_natura_d_abruzzo-6464\" class=\"yoga-event-link \">Ritiro Yoga nella Natura d\u2019Abruzzo<\/a>\n                                                    <\/div>\n                                                                                                                                                        <div class=\"yoga-event-item\">\n                                                        <span class=\"event-day\">24 Settembre<\/span>\n                                                        <a href=\"https:\/\/eventiyoga.it\/eventi-yoga\/yoga_e_passeggiata_meditativa_nel_parco_nazionale_d_abruzzo_versante_laziale-6434\" class=\"yoga-event-link \">Yoga e Passeggiata Meditativa nel parco nazionale d\u2019Abruzzo, versante Laziale<\/a>\n                                                    <\/div>\n                                                                                                                                                        <div class=\"yoga-event-item\">\n                                                        <span class=\"event-day\">26 Settembre<\/span>\n                                                        <a href=\"https:\/\/eventiyoga.it\/eventi-yoga\/weekend_yoga_e_terme_a_fiuggi-7717\" class=\"yoga-event-link \">Weekend Yoga e Terme a Fiuggi<\/a>\n                                                    <\/div>\n                                                                                                                                                        <div class=\"yoga-event-item\">\n                                                        <span class=\"event-day\">30 Settembre<\/span>\n                                                        <a href=\"https:\/\/eventiyoga.it\/eventi-yoga\/yoga_cavalli_e_natura_ritiro_a_pescosolido_parco_nazionale_d_abruzzo-6687\" class=\"yoga-event-link \">Yoga, Cavalli e Natura: Ritiro a Pescosolido, Parco Nazionale d\u2019Abruzzo<\/a>\n                                                    <\/div>\n                                                                                            <\/div>\n                                        <\/div>\n                                                                                                                                                <div class=\"yoga-province\">\n                                            <h3 class=\"yoga-province-title\">Latina<\/h3>\n                                            <div class=\"yoga-events-list\">\n                                                                                                                                                        <div class=\"yoga-event-item\">\n                                                        <span class=\"event-day\">18 Settembre<\/span>\n                                                        <a href=\"https:\/\/eventiyoga.it\/eventi-yoga\/yogazione-8029\" class=\"yoga-event-link \">YOGAZIONE <\/a>\n                                                    <\/div>\n                                                                                            <\/div>\n                                        <\/div>\n                                                                                                                                                <div class=\"yoga-province\">\n                                            <h3 class=\"yoga-province-title\">Rieti<\/h3>\n                                            <div class=\"yoga-events-list\">\n                                                                                                                                                        <div class=\"yoga-event-item\">\n                                                        <span class=\"event-day\">11 Settembre<\/span>\n                                                        <a href=\"https:\/\/eventiyoga.it\/eventi-yoga\/una_vita_vibrante_weekend_over_45_nella_sabina-8057\" class=\"yoga-event-link \">Una Vita Vibrante | Weekend Over 45 nella Sabina<\/a>\n                                                    <\/div>\n                                                                                            <\/div>\n                                        <\/div>\n                                                                                                                                                <div class=\"yoga-province\">\n                                            <h3 class=\"yoga-province-title\">Roma<\/h3>\n                                            <div class=\"yoga-events-list\">\n                                                                                                                                                        <div class=\"yoga-event-item\">\n                                                        <span class=\"event-day\">01 Settembre<\/span>\n                                                        <a href=\"https:\/\/eventiyoga.it\/eventi-yoga\/individuale_yoga_reiki_massaggi_a_roma_porta_pia_online_a_domicilio-7995\" class=\"yoga-event-link \">Individuale Yoga, Reiki, Massaggi a Roma Porta Pia, online, a domicilio<\/a>\n                                                    <\/div>\n                                                                                                                                                        <div class=\"yoga-event-item\">\n                                                        <span class=\"event-day\">02 Settembre<\/span>\n                                                        <a href=\"https:\/\/eventiyoga.it\/eventi-yoga\/hatha_yoga_a_roma_con_claudia_ciolli-8069\" class=\"yoga-event-link \">Hatha Yoga a Roma con Claudia Ciolli<\/a>\n                                                    <\/div>\n                                                                                                                                                        <div class=\"yoga-event-item\">\n                                                        <span class=\"event-day\">02 Settembre<\/span>\n                                                        <a href=\"https:\/\/eventiyoga.it\/eventi-yoga\/vinyasa_slow_flow-8100\" class=\"yoga-event-link \">Vinyasa Slow Flow<\/a>\n                                                    <\/div>\n                                                                                                                                                        <div class=\"yoga-event-item\">\n                                                        <span class=\"event-day\">03 Settembre<\/span>\n                                                        <a href=\"https:\/\/eventiyoga.it\/eventi-yoga\/power_vinyasa_flow-8096\" class=\"yoga-event-link \">Power Vinyasa Flow<\/a>\n                                                    <\/div>\n                                                                                                                                                        <div class=\"yoga-event-item\">\n                                                        <span class=\"event-day\">03 Settembre<\/span>\n                                                        <a href=\"https:\/\/eventiyoga.it\/eventi-yoga\/classe_di_pilates_matwork_barre-8067\" class=\"yoga-event-link \">Classe di Pilates Matwork &amp; Barre<\/a>\n                                                    <\/div>\n                                                                                                                                                        <div class=\"yoga-event-item\">\n                                                        <span class=\"event-day\">07 Settembre<\/span>\n                                                        <a href=\"https:\/\/eventiyoga.it\/eventi-yoga\/corso_di_hatha_raja_yoga_a_roma_porta_pia_anche_online-7891\" class=\"yoga-event-link \">CORSO DI HATHA-RAJA YOGA a Roma Porta Pia (anche online)<\/a>\n                                                    <\/div>\n                                                                                                                                                        <div class=\"yoga-event-item\">\n                                                        <span class=\"event-day\">07 Settembre<\/span>\n                                                        <a href=\"https:\/\/eventiyoga.it\/eventi-yoga\/corso_di_kundalini_yoga_a_roma_porta_pia_anche_online-7902\" class=\"yoga-event-link \">CORSO DI KUNDALINI YOGA a Roma Porta Pia (anche online)<\/a>\n                                                    <\/div>\n                                                                                                                                                        <div class=\"yoga-event-item\">\n                                                        <span class=\"event-day\">07 Settembre<\/span>\n                                                        <a href=\"https:\/\/eventiyoga.it\/eventi-yoga\/yoga_terapeutico_individuale_terza_et_e_disabilit_a_roma_porta_pia_o_domicilio-8008\" class=\"yoga-event-link \">Yoga Terapeutico Individuale Terza Et\u00e0 e Disabilit\u00e0 a Roma Porta Pia o domicilio<\/a>\n                                                    <\/div>\n                                                                                                                                                        <div class=\"yoga-event-item\">\n                                                        <span class=\"event-day\">09 Settembre<\/span>\n                                                        <a href=\"https:\/\/eventiyoga.it\/eventi-yoga\/yoga_nidra_a_roma_porta_pia_anche_online-7928\" class=\"yoga-event-link \">YOGA NIDRA a Roma Porta Pia (anche online)<\/a>\n                                                    <\/div>\n                                                                                                                                                        <div class=\"yoga-event-item\">\n                                                        <span class=\"event-day\">16 Settembre<\/span>\n                                                        <a href=\"https:\/\/eventiyoga.it\/eventi-yoga\/meditazione_guidata_a_roma_porta_pia_anche_online-7949\" class=\"yoga-event-link \">MEDITAZIONE GUIDATA a Roma Porta Pia (anche online)<\/a>\n                                                    <\/div>\n                                                                                                                                                        <div class=\"yoga-event-item\">\n                                                        <span class=\"event-day\">19 Settembre<\/span>\n                                                        <a href=\"https:\/\/eventiyoga.it\/eventi-yoga\/corso_insegnanti_yoga_per_bambini_ed_adolescenti-8075\" class=\"yoga-event-link \">Corso insegnanti yoga per bambini ed adolescenti<\/a>\n                                                    <\/div>\n                                                                                                                                                        <div class=\"yoga-event-item\">\n                                                        <span class=\"event-day\">19 Settembre<\/span>\n                                                        <a href=\"https:\/\/eventiyoga.it\/eventi-yoga\/l_incontro_con_l_angelo_la_voce_della_guida_interiore-8058\" class=\"yoga-event-link \">L&#039;incontro con l&#039;angelo, la voce della guida interiore<\/a>\n                                                    <\/div>\n                                                                                                                                                        <div class=\"yoga-event-item\">\n                                                        <span class=\"event-day\">20 Settembre<\/span>\n                                                        <a href=\"https:\/\/eventiyoga.it\/eventi-yoga\/seminario_di_reiki_2_livello_a_roma-7005\" class=\"yoga-event-link \">SEMINARIO DI REIKI - 2\u00b0 Livello a Roma<\/a>\n                                                    <\/div>\n                                                                                                                                                        <div class=\"yoga-event-item\">\n                                                        <span class=\"event-day\">23 Settembre<\/span>\n                                                        <a href=\"https:\/\/eventiyoga.it\/eventi-yoga\/yoga_nidra_a_roma_porta_pia_anche_online-7929\" class=\"yoga-event-link \">YOGA NIDRA a Roma Porta Pia (anche online)<\/a>\n                                                    <\/div>\n                                                                                                                                                        <div class=\"yoga-event-item\">\n                                                        <span class=\"event-day\">26 Settembre<\/span>\n                                                        <a href=\"https:\/\/eventiyoga.it\/eventi-yoga\/formazione_professionale_insegnate_yoga-7239\" class=\"yoga-event-link \">Formazione Professionale Insegnate Yoga <\/a>\n                                                    <\/div>\n                                                                                                                                                        <div class=\"yoga-event-item\">\n                                                        <span class=\"event-day\">26 Settembre<\/span>\n                                                        <a href=\"https:\/\/eventiyoga.it\/eventi-yoga\/yoga_teacher_training_200_h_roma_online_tradizione_viniyoga-7657\" class=\"yoga-event-link promoted\"> Yoga Teacher Training 200 H - Roma &amp; Online (Tradizione Viniyoga)<\/a>\n                                                    <\/div>\n                                                                                                                                                        <div class=\"yoga-event-item\">\n                                                        <span class=\"event-day\">26 Settembre<\/span>\n                                                        <a href=\"https:\/\/eventiyoga.it\/eventi-yoga\/seminario_di_reiki_1_livello_a_roma-7000\" class=\"yoga-event-link \">SEMINARIO DI REIKI - 1\u00b0 Livello a Roma<\/a>\n                                                    <\/div>\n                                                                                                                                                        <div class=\"yoga-event-item\">\n                                                        <span class=\"event-day\">30 Settembre<\/span>\n                                                        <a href=\"https:\/\/eventiyoga.it\/eventi-yoga\/meditazione_guidata_a_roma_porta_pia_anche_online-7950\" class=\"yoga-event-link \">MEDITAZIONE GUIDATA a Roma Porta Pia (anche online)<\/a>\n                                                    <\/div>\n                                                                                            <\/div>\n                                        <\/div>\n                                                                                                                                                <div class=\"yoga-province\">\n                                            <h3 class=\"yoga-province-title\">Viterbo<\/h3>\n                                            <div class=\"yoga-events-list\">\n                                                                                                                                                        <div class=\"yoga-event-item\">\n                                                        <span class=\"event-day\">16 Settembre<\/span>\n                                                        <a href=\"https:\/\/eventiyoga.it\/eventi-yoga\/ritrova_la_luce_negli_occhi_4_giorni_per_tornare_a_sentirti_vivo-7828\" class=\"yoga-event-link \">Ritrova la luce negli occhi - 4 giorni per tornare a sentirti vivo<\/a>\n                                                    <\/div>\n                                                                                                                                                        <div class=\"yoga-event-item\">\n                                                        <span class=\"event-day\">26 Settembre<\/span>\n                                                        <a href=\"https:\/\/eventiyoga.it\/eventi-yoga\/donne_selvagge_mini_retreat_yoga_ayurveda_e_mtc-8084\" class=\"yoga-event-link \">Donne Selvagge - Mini Retreat Yoga, Ayurveda e MTC<\/a>\n                                                    <\/div>\n                                                                                            <\/div>\n                                        <\/div>\n                                                                                                                        <\/div>\n                                                                                <div class=\"yoga-region \">\n                            <h2 class=\"yoga-region-title\">Liguria<\/h2>\n                                                                                                                                        <div class=\"yoga-province\">\n                                            <h3 class=\"yoga-province-title\">Genova<\/h3>\n                                            <div class=\"yoga-events-list\">\n                                                                                                                                                        <div class=\"yoga-event-item\">\n                                                        <span class=\"event-day\">04 Settembre<\/span>\n                                                        <a href=\"https:\/\/eventiyoga.it\/eventi-yoga\/terra_mantra_esperienza_in_ashram_liguria-7673\" class=\"yoga-event-link \">Terra Mantra - Esperienza in Ashram - Liguria <\/a>\n                                                    <\/div>\n                                                                                                                                                        <div class=\"yoga-event-item\">\n                                                        <span class=\"event-day\">11 Settembre<\/span>\n                                                        <a href=\"https:\/\/eventiyoga.it\/eventi-yoga\/ritiro_di_yoga_a_sestri_levante_in_liguria_ricomincio_da_me-7342\" class=\"yoga-event-link promoted\">Ritiro di Yoga a Sestri Levante in Liguria - Ricomincio da me<\/a>\n                                                    <\/div>\n                                                                                            <\/div>\n                                        <\/div>\n                                                                                                                                                <div class=\"yoga-province\">\n                                            <h3 class=\"yoga-province-title\">Imperia<\/h3>\n                                            <div class=\"yoga-events-list\">\n                                                                                                                                                        <div class=\"yoga-event-item\">\n                                                        <span class=\"event-day\">04 Settembre<\/span>\n                                                        <a href=\"https:\/\/eventiyoga.it\/eventi-yoga\/ritiro_yoga_relief_terra_rigenerarsi_per_l_autunno-7731\" class=\"yoga-event-link \">Ritiro Yoga Relief \u201cTERRA\u201d: Rigenerarsi per l&#039;Autunno <\/a>\n                                                    <\/div>\n                                                                                            <\/div>\n                                        <\/div>\n                                                                                                                                                <div class=\"yoga-province\">\n                                            <h3 class=\"yoga-province-title\">La Spezia<\/h3>\n                                            <div class=\"yoga-events-list\">\n                                                                                                                                                        <div class=\"yoga-event-item\">\n                                                        <span class=\"event-day\">18 Settembre<\/span>\n                                                        <a href=\"https:\/\/eventiyoga.it\/eventi-yoga\/soglia_d_autunno_ritiro_di_somatica-7824\" class=\"yoga-event-link \">Soglia d&#039;Autunno: ritiro di somatica<\/a>\n                                                    <\/div>\n                                                                                                                                                        <div class=\"yoga-event-item\">\n                                                        <span class=\"event-day\">25 Settembre<\/span>\n                                                        <a href=\"https:\/\/eventiyoga.it\/eventi-yoga\/yoga_e_cucina_ketogenica_in_catamarano-7827\" class=\"yoga-event-link \">Yoga e Cucina Ketogenica in Catamarano <\/a>\n                                                    <\/div>\n                                                                                            <\/div>\n                                        <\/div>\n                                                                                                                                                <div class=\"yoga-province\">\n                                            <h3 class=\"yoga-province-title\">Savona<\/h3>\n                                            <div class=\"yoga-events-list\">\n                                                                                                                                                        <div class=\"yoga-event-item\">\n                                                        <span class=\"event-day\">04 Settembre<\/span>\n                                                        <a href=\"https:\/\/eventiyoga.it\/eventi-yoga\/cascina_marasca_ritiro_a_settembre_liguria-7664\" class=\"yoga-event-link \">CASCINA MARASCA - RITIRO A SETTEMBRE - LIGURIA<\/a>\n                                                    <\/div>\n                                                                                                                                                        <div class=\"yoga-event-item\">\n                                                        <span class=\"event-day\">25 Settembre<\/span>\n                                                        <a href=\"https:\/\/eventiyoga.it\/eventi-yoga\/ritiro_yoga_e_pilates_in_fronte_al_mare-7869\" class=\"yoga-event-link \">Ritiro Yoga e Pilates in Fronte al Mare<\/a>\n                                                    <\/div>\n                                                                                                                                                        <div class=\"yoga-event-item\">\n                                                        <span class=\"event-day\">25 Settembre<\/span>\n                                                        <a href=\"https:\/\/eventiyoga.it\/eventi-yoga\/mare_e_benessere_retreat-7546\" class=\"yoga-event-link \">Mare e benessere retreat<\/a>\n                                                    <\/div>\n                                                                                                                                                        <div class=\"yoga-event-item\">\n                                                        <span class=\"event-day\">27 Settembre<\/span>\n                                                        <a href=\"https:\/\/eventiyoga.it\/eventi-yoga\/yoga_nidra_international_teacher_training-7726\" class=\"yoga-event-link \">Yoga Nidra International Teacher Training<\/a>\n                                                    <\/div>\n                                                                                            <\/div>\n                                        <\/div>\n                                                                                                                        <\/div>\n                                                                                <div class=\"yoga-region \">\n                            <h2 class=\"yoga-region-title\">Lombardia<\/h2>\n                                                                                                                                        <div class=\"yoga-province\">\n                                            <h3 class=\"yoga-province-title\">Brescia<\/h3>\n                                            <div class=\"yoga-events-list\">\n                                                                                                                                                        <div class=\"yoga-event-item\">\n                                                        <span class=\"event-day\">05 Settembre<\/span>\n                                                        <a href=\"https:\/\/eventiyoga.it\/eventi-yoga\/formazione_yoga_terapeutico-7792\" class=\"yoga-event-link \">Formazione Yoga Terapeutico<\/a>\n                                                    <\/div>\n                                                                                                                                                        <div class=\"yoga-event-item\">\n                                                        <span class=\"event-day\">11 Settembre<\/span>\n                                                        <a href=\"https:\/\/eventiyoga.it\/eventi-yoga\/meditazione_in_barca_a_vela-6087\" class=\"yoga-event-link \">Meditazione in barca a vela<\/a>\n                                                    <\/div>\n                                                                                                                                                        <div class=\"yoga-event-item\">\n                                                        <span class=\"event-day\">12 Settembre<\/span>\n                                                        <a href=\"https:\/\/eventiyoga.it\/eventi-yoga\/costellazioni_famigliari_sistemiche_e_yoga-8050\" class=\"yoga-event-link \">Costellazioni Famigliari Sistemiche e Yoga <\/a>\n                                                    <\/div>\n                                                                                            <\/div>\n                                        <\/div>\n                                                                                                                                                <div class=\"yoga-province\">\n                                            <h3 class=\"yoga-province-title\">Como<\/h3>\n                                            <div class=\"yoga-events-list\">\n                                                                                                                                                        <div class=\"yoga-event-item\">\n                                                        <span class=\"event-day\">26 Settembre<\/span>\n                                                        <a href=\"https:\/\/eventiyoga.it\/eventi-yoga\/ritiro_d_autunno_il_piacere_di_fluire-8027\" class=\"yoga-event-link \">Ritiro d&#039;autunno: il piacere di fluire<\/a>\n                                                    <\/div>\n                                                                                            <\/div>\n                                        <\/div>\n                                                                                                                                                <div class=\"yoga-province\">\n                                            <h3 class=\"yoga-province-title\">Lecco<\/h3>\n                                            <div class=\"yoga-events-list\">\n                                                                                                                                                        <div class=\"yoga-event-item\">\n                                                        <span class=\"event-day\">19 Settembre<\/span>\n                                                        <a href=\"https:\/\/eventiyoga.it\/eventi-yoga\/ananda_beat_battito_di_beatitudine_2_edizione-7858\" class=\"yoga-event-link \">ANANDA BEAT \u2022 Battito di Beatitudine 2\u00aaedizione<\/a>\n                                                    <\/div>\n                                                                                            <\/div>\n                                        <\/div>\n                                                                                                                                                <div class=\"yoga-province\">\n                                            <h3 class=\"yoga-province-title\">Milano<\/h3>\n                                            <div class=\"yoga-events-list\">\n                                                                                                                                                        <div class=\"yoga-event-item\">\n                                                        <span class=\"event-day\">07 Settembre<\/span>\n                                                        <a href=\"https:\/\/eventiyoga.it\/eventi-yoga\/corso_pilates-8030\" class=\"yoga-event-link \">Corso Pilates<\/a>\n                                                    <\/div>\n                                                                                                                                                        <div class=\"yoga-event-item\">\n                                                        <span class=\"event-day\">07 Settembre<\/span>\n                                                        <a href=\"https:\/\/eventiyoga.it\/eventi-yoga\/corso_spine_flow_yoga_per_la_colonna_vertebrale-8031\" class=\"yoga-event-link promoted\">Corso Spine Flow - Yoga per la colonna vertebrale<\/a>\n                                                    <\/div>\n                                                                                                                                                        <div class=\"yoga-event-item\">\n                                                        <span class=\"event-day\">07 Settembre<\/span>\n                                                        <a href=\"https:\/\/eventiyoga.it\/eventi-yoga\/anukalana_yoga-8028\" class=\"yoga-event-link \">Anukalana Yoga <\/a>\n                                                    <\/div>\n                                                                                                                                                        <div class=\"yoga-event-item\">\n                                                        <span class=\"event-day\">07 Settembre<\/span>\n                                                        <a href=\"https:\/\/eventiyoga.it\/eventi-yoga\/open_week_dal_7_al_12_settembre_2026-7681\" class=\"yoga-event-link \">OPEN WEEK - dal 7 al 12 settembre 2026<\/a>\n                                                    <\/div>\n                                                                                                                                                        <div class=\"yoga-event-item\">\n                                                        <span class=\"event-day\">09 Settembre<\/span>\n                                                        <a href=\"https:\/\/eventiyoga.it\/eventi-yoga\/yoga_sulla_sedia_per_i_50_riconquista_il_corpo_senza_forzare-8036\" class=\"yoga-event-link promoted\">Yoga sulla Sedia per i 50+ | Riconquista il corpo senza forzare<\/a>\n                                                    <\/div>\n                                                                                                                                                        <div class=\"yoga-event-item\">\n                                                        <span class=\"event-day\">09 Settembre<\/span>\n                                                        <a href=\"https:\/\/eventiyoga.it\/eventi-yoga\/corso_pilates_barre_a_cinisello_balsamo-8040\" class=\"yoga-event-link \">Corso Pilates Barre a Cinisello Balsamo<\/a>\n                                                    <\/div>\n                                                                                                                                                        <div class=\"yoga-event-item\">\n                                                        <span class=\"event-day\">10 Settembre<\/span>\n                                                        <a href=\"https:\/\/eventiyoga.it\/eventi-yoga\/hatha_yoga_lezione_settimanale-7855\" class=\"yoga-event-link \">Hatha Yoga (lezione settimanale)<\/a>\n                                                    <\/div>\n                                                                                                                                                        <div class=\"yoga-event-item\">\n                                                        <span class=\"event-day\">16 Settembre<\/span>\n                                                        <a href=\"https:\/\/eventiyoga.it\/eventi-yoga\/yoga_sulla_sedia_per_i_50_riconquista_il_corpo_senza_forzare-8087\" class=\"yoga-event-link promoted\">Yoga sulla Sedia per i 50+ riconquista il corpo senza forzare<\/a>\n                                                    <\/div>\n                                                                                                                                                        <div class=\"yoga-event-item\">\n                                                        <span class=\"event-day\">17 Settembre<\/span>\n                                                        <a href=\"https:\/\/eventiyoga.it\/eventi-yoga\/yoga_per_bambini_8_12_anni-8091\" class=\"yoga-event-link \">Yoga per bambini 8-12 anni<\/a>\n                                                    <\/div>\n                                                                                                                                                        <div class=\"yoga-event-item\">\n                                                        <span class=\"event-day\">19 Settembre<\/span>\n                                                        <a href=\"https:\/\/eventiyoga.it\/eventi-yoga\/teacher_training_ashtanga_yoga_ryt_200_yoga_alliance_america-6606\" class=\"yoga-event-link \">Teacher Training Ashtanga Yoga RYT 200 Yoga Alliance America<\/a>\n                                                    <\/div>\n                                                                                                                                                        <div class=\"yoga-event-item\">\n                                                        <span class=\"event-day\">22 Settembre<\/span>\n                                                        <a href=\"https:\/\/eventiyoga.it\/eventi-yoga\/lezioni_di_yoga_a_corsico_mi-7514\" class=\"yoga-event-link \">Lezioni di yoga a Corsico (MI)<\/a>\n                                                    <\/div>\n                                                                                                                                                        <div class=\"yoga-event-item\">\n                                                        <span class=\"event-day\">23 Settembre<\/span>\n                                                        <a href=\"https:\/\/eventiyoga.it\/eventi-yoga\/yoga_sulla_sedia_per_i_50_riconquista_il_corpo_senza_forzare-8088\" class=\"yoga-event-link \">Yoga sulla Sedia per i 50+ | Riconquista il corpo senza forzare <\/a>\n                                                    <\/div>\n                                                                                                                                                        <div class=\"yoga-event-item\">\n                                                        <span class=\"event-day\">26 Settembre<\/span>\n                                                        <a href=\"https:\/\/eventiyoga.it\/eventi-yoga\/la_seconda_primavera_yoga_per_la_menopausa-7553\" class=\"yoga-event-link \">La Seconda Primavera, Yoga per la Menopausa<\/a>\n                                                    <\/div>\n                                                                                                                                                        <div class=\"yoga-event-item\">\n                                                        <span class=\"event-day\">27 Settembre<\/span>\n                                                        <a href=\"https:\/\/eventiyoga.it\/eventi-yoga\/il_suono_che_cura_bagno_sonoro_con_le_campane_tibetane_settembre_2026-7544\" class=\"yoga-event-link \">il Suono che cura, bagno sonoro con le campane tibetane | Settembre 2026<\/a>\n                                                    <\/div>\n                                                                                                                                                        <div class=\"yoga-event-item\">\n                                                        <span class=\"event-day\">30 Settembre<\/span>\n                                                        <a href=\"https:\/\/eventiyoga.it\/eventi-yoga\/yoga_sulla_sedia_per_i_50_riconquista_il_corpo_senza_forzare-8089\" class=\"yoga-event-link \">Yoga sulla Sedia per i 50+ | Riconquista il corpo senza forzare<\/a>\n                                                    <\/div>\n                                                                                            <\/div>\n                                        <\/div>\n                                                                                                                                                <div class=\"yoga-province\">\n                                            <h3 class=\"yoga-province-title\">Pavia<\/h3>\n                                            <div class=\"yoga-events-list\">\n                                                                                                                                                        <div class=\"yoga-event-item\">\n                                                        <span class=\"event-day\">11 Settembre<\/span>\n                                                        <a href=\"https:\/\/eventiyoga.it\/eventi-yoga\/la_danza_della_guerriera_kalaripayattu-7689\" class=\"yoga-event-link \">La Danza della Guerriera_Kalaripayattu<\/a>\n                                                    <\/div>\n                                                                                                                                                        <div class=\"yoga-event-item\">\n                                                        <span class=\"event-day\">26 Settembre<\/span>\n                                                        <a href=\"https:\/\/eventiyoga.it\/eventi-yoga\/corso_insegnanti_yoga_200hrs_maharani_flow_pavia-6816\" class=\"yoga-event-link \">Corso Insegnanti Yoga 200HRS Maharani Flow, Pavia<\/a>\n                                                    <\/div>\n                                                                                            <\/div>\n                                        <\/div>\n                                                                                                                                                <div class=\"yoga-province\">\n                                            <h3 class=\"yoga-province-title\">Varese<\/h3>\n                                            <div class=\"yoga-events-list\">\n                                                                                                                                                        <div class=\"yoga-event-item\">\n                                                        <span class=\"event-day\">26 Settembre<\/span>\n                                                        <a href=\"https:\/\/eventiyoga.it\/eventi-yoga\/i_m_rooted_but_i_flow_workshop_yoga_x_strength-8072\" class=\"yoga-event-link \">I&#039;m rooted but I flow | Workshop Yoga x Strength<\/a>\n                                                    <\/div>\n                                                                                            <\/div>\n                                        <\/div>\n                                                                                                                        <\/div>\n                                                                                <div class=\"yoga-region \">\n                            <h2 class=\"yoga-region-title\">Marche<\/h2>\n                                                                                                                                        <div class=\"yoga-province\">\n                                            <h3 class=\"yoga-province-title\">Ancona<\/h3>\n                                            <div class=\"yoga-events-list\">\n                                                                                                                                                        <div class=\"yoga-event-item\">\n                                                        <span class=\"event-day\">01 Settembre<\/span>\n                                                        <a href=\"https:\/\/eventiyoga.it\/eventi-yoga\/corso_di_yoga_e_deep_mindfulness-8073\" class=\"yoga-event-link \">Corso di Yoga e Deep Mindfulness <\/a>\n                                                    <\/div>\n                                                                                            <\/div>\n                                        <\/div>\n                                                                                                                                                <div class=\"yoga-province\">\n                                            <h3 class=\"yoga-province-title\">Ascoli Piceno<\/h3>\n                                            <div class=\"yoga-events-list\">\n                                                                                                                                                        <div class=\"yoga-event-item\">\n                                                        <span class=\"event-day\">05 Settembre<\/span>\n                                                        <a href=\"https:\/\/eventiyoga.it\/eventi-yoga\/weekend_yoga_ashram_experience-8070\" class=\"yoga-event-link \">Weekend Yoga \u2013 Ashram Experience<\/a>\n                                                    <\/div>\n                                                                                            <\/div>\n                                        <\/div>\n                                                                                                                                                <div class=\"yoga-province\">\n                                            <h3 class=\"yoga-province-title\">Macerata<\/h3>\n                                            <div class=\"yoga-events-list\">\n                                                                                                                                                        <div class=\"yoga-event-item\">\n                                                        <span class=\"event-day\">06 Settembre<\/span>\n                                                        <a href=\"https:\/\/eventiyoga.it\/eventi-yoga\/corso_base_di_yoga_per_chi_inizia_da_zero_yoga_civitanova_marche-6806\" class=\"yoga-event-link \">Corso Base di Yoga per chi inizia da zero | Yoga Civitanova Marche<\/a>\n                                                    <\/div>\n                                                                                                                                                        <div class=\"yoga-event-item\">\n                                                        <span class=\"event-day\">10 Settembre<\/span>\n                                                        <a href=\"https:\/\/eventiyoga.it\/eventi-yoga\/yoga_posturale_per_la_salute_della_schiena_yoga_a_civitanova_marche-6805\" class=\"yoga-event-link \">Yoga Posturale per la salute della schiena | Yoga a Civitanova Marche<\/a>\n                                                    <\/div>\n                                                                                                                                                        <div class=\"yoga-event-item\">\n                                                        <span class=\"event-day\">12 Settembre<\/span>\n                                                        <a href=\"https:\/\/eventiyoga.it\/eventi-yoga\/harm_nias_festival_olistico_delle_marche-8025\" class=\"yoga-event-link \">Harm\u00f2nias Festival Olistico delle Marche<\/a>\n                                                    <\/div>\n                                                                                                                                                        <div class=\"yoga-event-item\">\n                                                        <span class=\"event-day\">13 Settembre<\/span>\n                                                        <a href=\"https:\/\/eventiyoga.it\/eventi-yoga\/lezione_individuale_di_yoga_su_misura_yoga_a_civitanova_marche-6807\" class=\"yoga-event-link \">Lezione Individuale di Yoga su misura | Yoga a Civitanova Marche<\/a>\n                                                    <\/div>\n                                                                                                                                                        <div class=\"yoga-event-item\">\n                                                        <span class=\"event-day\">20 Settembre<\/span>\n                                                        <a href=\"https:\/\/eventiyoga.it\/eventi-yoga\/yoga_dolce_per_chi_non_ha_mai_praticato_un_percorso_graduale_civitanova-6937\" class=\"yoga-event-link \">Yoga dolce per chi non ha mai praticato: un percorso graduale | Civitanova<\/a>\n                                                    <\/div>\n                                                                                            <\/div>\n                                        <\/div>\n                                                                                                                        <\/div>\n                                                                                <div class=\"yoga-region \">\n                            <h2 class=\"yoga-region-title\">Piemonte<\/h2>\n                                                                                                                                        <div class=\"yoga-province\">\n                                            <h3 class=\"yoga-province-title\">Asti<\/h3>\n                                            <div class=\"yoga-events-list\">\n                                                                                                                                                        <div class=\"yoga-event-item\">\n                                                        <span class=\"event-day\">06 Settembre<\/span>\n                                                        <a href=\"https:\/\/eventiyoga.it\/eventi-yoga\/arm_nia_yoga_fest_2026-7826\" class=\"yoga-event-link \">Arm\u00f2nia Yoga Fest 2026<\/a>\n                                                    <\/div>\n                                                                                                                                                        <div class=\"yoga-event-item\">\n                                                        <span class=\"event-day\">15 Settembre<\/span>\n                                                        <a href=\"https:\/\/eventiyoga.it\/eventi-yoga\/the_softening-6795\" class=\"yoga-event-link \">The Softening<\/a>\n                                                    <\/div>\n                                                                                                                                                        <div class=\"yoga-event-item\">\n                                                        <span class=\"event-day\">25 Settembre<\/span>\n                                                        <a href=\"https:\/\/eventiyoga.it\/eventi-yoga\/wine_yoga_nelle_langhe_astigiane-7694\" class=\"yoga-event-link \">Wine-Yoga nelle Langhe Astigiane<\/a>\n                                                    <\/div>\n                                                                                            <\/div>\n                                        <\/div>\n                                                                                                                                                <div class=\"yoga-province\">\n                                            <h3 class=\"yoga-province-title\">Cuneo<\/h3>\n                                            <div class=\"yoga-events-list\">\n                                                                                                                                                        <div class=\"yoga-event-item\">\n                                                        <span class=\"event-day\">07 Settembre<\/span>\n                                                        <a href=\"https:\/\/eventiyoga.it\/eventi-yoga\/yin_yoga_teacher_training_50h_lago_la_sirenetta-6733\" class=\"yoga-event-link \">YIN YOGA TEACHER TRAINING 50h LAGO LA SIRENETTA<\/a>\n                                                    <\/div>\n                                                                                            <\/div>\n                                        <\/div>\n                                                                                                                                                <div class=\"yoga-province\">\n                                            <h3 class=\"yoga-province-title\">Torino<\/h3>\n                                            <div class=\"yoga-events-list\">\n                                                                                                                                                        <div class=\"yoga-event-item\">\n                                                        <span class=\"event-day\">14 Settembre<\/span>\n                                                        <a href=\"https:\/\/eventiyoga.it\/eventi-yoga\/corsi_di_yoga_integrale-7856\" class=\"yoga-event-link \">Corsi di Yoga Integrale<\/a>\n                                                    <\/div>\n                                                                                                                                                        <div class=\"yoga-event-item\">\n                                                        <span class=\"event-day\">16 Settembre<\/span>\n                                                        <a href=\"https:\/\/eventiyoga.it\/eventi-yoga\/corso_di_qi_gong-7728\" class=\"yoga-event-link \">Corso di Qi Gong<\/a>\n                                                    <\/div>\n                                                                                                                                                        <div class=\"yoga-event-item\">\n                                                        <span class=\"event-day\">17 Settembre<\/span>\n                                                        <a href=\"https:\/\/eventiyoga.it\/eventi-yoga\/yoga_in_pausa_pranzo-7736\" class=\"yoga-event-link \">Yoga in Pausa Pranzo<\/a>\n                                                    <\/div>\n                                                                                                                                                        <div class=\"yoga-event-item\">\n                                                        <span class=\"event-day\">18 Settembre<\/span>\n                                                        <a href=\"https:\/\/eventiyoga.it\/eventi-yoga\/workshop_eddie_stern_a_torino-6817\" class=\"yoga-event-link \">Workshop Eddie Stern a Torino<\/a>\n                                                    <\/div>\n                                                                                                                                                        <div class=\"yoga-event-item\">\n                                                        <span class=\"event-day\">23 Settembre<\/span>\n                                                        <a href=\"https:\/\/eventiyoga.it\/eventi-yoga\/la_via_del_reiki-7818\" class=\"yoga-event-link \">La Via del Reiki<\/a>\n                                                    <\/div>\n                                                                                                                                                        <div class=\"yoga-event-item\">\n                                                        <span class=\"event-day\">25 Settembre<\/span>\n                                                        <a href=\"https:\/\/eventiyoga.it\/eventi-yoga\/corso_di_tai_chi-7789\" class=\"yoga-event-link \">Corso di Tai Chi<\/a>\n                                                    <\/div>\n                                                                                                                                                        <div class=\"yoga-event-item\">\n                                                        <span class=\"event-day\">26 Settembre<\/span>\n                                                        <a href=\"https:\/\/eventiyoga.it\/eventi-yoga\/l_eco_divino_quando_il_mantra_rivela_il_s_weekend_in_piemonte-7394\" class=\"yoga-event-link \">L\u2019Eco Divino: quando il mantra rivela il S\u00e9 | Weekend in Piemonte<\/a>\n                                                    <\/div>\n                                                                                            <\/div>\n                                        <\/div>\n                                                                                                                                                <div class=\"yoga-province\">\n                                            <h3 class=\"yoga-province-title\">Verbano-Cusio-Ossola<\/h3>\n                                            <div class=\"yoga-events-list\">\n                                                                                                                                                        <div class=\"yoga-event-item\">\n                                                        <span class=\"event-day\">05 Settembre<\/span>\n                                                        <a href=\"https:\/\/eventiyoga.it\/eventi-yoga\/la_via_del_benessere_riequilibrio-6814\" class=\"yoga-event-link \">LA VIA DEL BENESSERE: RIEQUILIBRIO<\/a>\n                                                    <\/div>\n                                                                                            <\/div>\n                                        <\/div>\n                                                                                                                                                <div class=\"yoga-province\">\n                                            <h3 class=\"yoga-province-title\">Vercelli<\/h3>\n                                            <div class=\"yoga-events-list\">\n                                                                                                                                                        <div class=\"yoga-event-item\">\n                                                        <span class=\"event-day\">25 Settembre<\/span>\n                                                        <a href=\"https:\/\/eventiyoga.it\/eventi-yoga\/dis_connettiti_retreat_in_montagna-7721\" class=\"yoga-event-link \">Dis-connettiti Retreat in montagna <\/a>\n                                                    <\/div>\n                                                                                            <\/div>\n                                        <\/div>\n                                                                                                                        <\/div>\n                                                                                <div class=\"yoga-region \">\n                            <h2 class=\"yoga-region-title\">Puglia<\/h2>\n                                                                                                                                        <div class=\"yoga-province\">\n                                            <h3 class=\"yoga-province-title\">Lecce<\/h3>\n                                            <div class=\"yoga-events-list\">\n                                                                                                                                                        <div class=\"yoga-event-item\">\n                                                        <span class=\"event-day\">05 Settembre<\/span>\n                                                        <a href=\"https:\/\/eventiyoga.it\/eventi-yoga\/ritiro_di_ashtanga_yoga_con_laruga_glaser-6716\" class=\"yoga-event-link \">Ritiro di Ashtanga Yoga con Laruga Glaser<\/a>\n                                                    <\/div>\n                                                                                                                                                        <div class=\"yoga-event-item\">\n                                                        <span class=\"event-day\">12 Settembre<\/span>\n                                                        <a href=\"https:\/\/eventiyoga.it\/eventi-yoga\/pratica_e_relax_in_puglia-6717\" class=\"yoga-event-link \">Pratica e relax in Puglia<\/a>\n                                                    <\/div>\n                                                                                                                                                        <div class=\"yoga-event-item\">\n                                                        <span class=\"event-day\">19 Settembre<\/span>\n                                                        <a href=\"https:\/\/eventiyoga.it\/eventi-yoga\/ashtanga_yoga_dove_la_disciplina_incontra_la_grazia-6718\" class=\"yoga-event-link \">Ashtanga Yoga: dove la disciplina incontra la grazia<\/a>\n                                                    <\/div>\n                                                                                                                                                        <div class=\"yoga-event-item\">\n                                                        <span class=\"event-day\">21 Settembre<\/span>\n                                                        <a href=\"https:\/\/eventiyoga.it\/eventi-yoga\/ritiro_yoga_salento_settembre_2026-6264\" class=\"yoga-event-link \">Ritiro Yoga Salento Settembre 2026<\/a>\n                                                    <\/div>\n                                                                                                                                                        <div class=\"yoga-event-item\">\n                                                        <span class=\"event-day\">26 Settembre<\/span>\n                                                        <a href=\"https:\/\/eventiyoga.it\/eventi-yoga\/ritiro_di_ashtanga_vinyasa_yoga_con_susanna_finocchi_in_salento-6720\" class=\"yoga-event-link \">Ritiro di Ashtanga Vinyasa Yoga con Susanna Finocchi in Salento<\/a>\n                                                    <\/div>\n                                                                                                                                                        <div class=\"yoga-event-item\">\n                                                        <span class=\"event-day\">26 Settembre<\/span>\n                                                        <a href=\"https:\/\/eventiyoga.it\/eventi-yoga\/prana_presenza-6719\" class=\"yoga-event-link \">Prana &amp; Presenza<\/a>\n                                                    <\/div>\n                                                                                            <\/div>\n                                        <\/div>\n                                                                                                                        <\/div>\n                                                                                <div class=\"yoga-region \">\n                            <h2 class=\"yoga-region-title\">Sardegna<\/h2>\n                                                                                                                                        <div class=\"yoga-province\">\n                                            <h3 class=\"yoga-province-title\">Nuoro<\/h3>\n                                            <div class=\"yoga-events-list\">\n                                                                                                                                                        <div class=\"yoga-event-item\">\n                                                        <span class=\"event-day\">05 Settembre<\/span>\n                                                        <a href=\"https:\/\/eventiyoga.it\/eventi-yoga\/sun_see_yoga_a_soulful_retreat_in_sardinia_ritiro_yoga_sardegna-7168\" class=\"yoga-event-link \">SUN, SEE &amp; YOGA: A SOULFUL RETREAT IN SARDINIA | Ritiro Yoga Sardegna<\/a>\n                                                    <\/div>\n                                                                                                                                                        <div class=\"yoga-event-item\">\n                                                        <span class=\"event-day\">07 Settembre<\/span>\n                                                        <a href=\"https:\/\/eventiyoga.it\/eventi-yoga\/yoga_camp_sardegna-7677\" class=\"yoga-event-link \">Yoga Camp Sardegna<\/a>\n                                                    <\/div>\n                                                                                            <\/div>\n                                        <\/div>\n                                                                                                                                                <div class=\"yoga-province\">\n                                            <h3 class=\"yoga-province-title\">Oristano<\/h3>\n                                            <div class=\"yoga-events-list\">\n                                                                                                                                                        <div class=\"yoga-event-item\">\n                                                        <span class=\"event-day\">05 Settembre<\/span>\n                                                        <a href=\"https:\/\/eventiyoga.it\/eventi-yoga\/eleva_le_tue_emozioni_nella_natura_ancestrale_della_sardegna-6255\" class=\"yoga-event-link \">Eleva le tue emozioni nella natura ancestrale della Sardegna<\/a>\n                                                    <\/div>\n                                                                                                                                                        <div class=\"yoga-event-item\">\n                                                        <span class=\"event-day\">12 Settembre<\/span>\n                                                        <a href=\"https:\/\/eventiyoga.it\/eventi-yoga\/manifesta_il_tuo_sogno_yoga_nella_costa_ovest_della_sardegna-6256\" class=\"yoga-event-link \">Manifesta il tuo Sogno! Yoga nella costa ovest della Sardegna<\/a>\n                                                    <\/div>\n                                                                                                                                                        <div class=\"yoga-event-item\">\n                                                        <span class=\"event-day\">19 Settembre<\/span>\n                                                        <a href=\"https:\/\/eventiyoga.it\/eventi-yoga\/7_giorni_in_sardegna_un_viaggio_tra_natura_yoga_e_la_saggezza_del_cavallo-6583\" class=\"yoga-event-link \">7 GIORNI IN SARDEGNA, UN VIAGGIO TRA NATURA, YOGA E LA SAGGEZZA DEL CAVALLO<\/a>\n                                                    <\/div>\n                                                                                            <\/div>\n                                        <\/div>\n                                                                                                                                                <div class=\"yoga-province\">\n                                            <h3 class=\"yoga-province-title\">Sassari<\/h3>\n                                            <div class=\"yoga-events-list\">\n                                                                                                                                                        <div class=\"yoga-event-item\">\n                                                        <span class=\"event-day\">08 Settembre<\/span>\n                                                        <a href=\"https:\/\/eventiyoga.it\/eventi-yoga\/radici_di_luce_yoga_meditation_retreat_in_sardegna_8_13_settembre_2026-6359\" class=\"yoga-event-link \">Radici di Luce \u2013 Yoga &amp; Meditation Retreat in Sardegna (8\u201313 settembre 2026)<\/a>\n                                                    <\/div>\n                                                                                                                                                        <div class=\"yoga-event-item\">\n                                                        <span class=\"event-day\">16 Settembre<\/span>\n                                                        <a href=\"https:\/\/eventiyoga.it\/eventi-yoga\/sardegna_chakra_healing_journey-7668\" class=\"yoga-event-link \">SARDEGNA CHAKRA HEALING JOURNEY<\/a>\n                                                    <\/div>\n                                                                                                                                                        <div class=\"yoga-event-item\">\n                                                        <span class=\"event-day\">21 Settembre<\/span>\n                                                        <a href=\"https:\/\/eventiyoga.it\/eventi-yoga\/jala_retreat_sardegna-7516\" class=\"yoga-event-link \">Jala Retreat | Sardegna<\/a>\n                                                    <\/div>\n                                                                                            <\/div>\n                                        <\/div>\n                                                                                                                        <\/div>\n                                                                                <div class=\"yoga-region \">\n                            <h2 class=\"yoga-region-title\">Sicilia<\/h2>\n                                                                                                                                        <div class=\"yoga-province\">\n                                            <h3 class=\"yoga-province-title\">Trapani<\/h3>\n                                            <div class=\"yoga-events-list\">\n                                                                                                                                                        <div class=\"yoga-event-item\">\n                                                        <span class=\"event-day\">02 Settembre<\/span>\n                                                        <a href=\"https:\/\/eventiyoga.it\/eventi-yoga\/ritiro_yoga_a_favignana_in_sicilia_2_6_settembre_2026-7278\" class=\"yoga-event-link \">RITIRO YOGA a FAVIGNANA in Sicilia | 2 \u2013 6 Settembre 2026<\/a>\n                                                    <\/div>\n                                                                                                                                                        <div class=\"yoga-event-item\">\n                                                        <span class=\"event-day\">13 Settembre<\/span>\n                                                        <a href=\"https:\/\/eventiyoga.it\/eventi-yoga\/vacanza_yoga_e_relax_in_sicilia-7360\" class=\"yoga-event-link \">Vacanza Yoga e Relax in Sicilia<\/a>\n                                                    <\/div>\n                                                                                                                                                        <div class=\"yoga-event-item\">\n                                                        <span class=\"event-day\">15 Settembre<\/span>\n                                                        <a href=\"https:\/\/eventiyoga.it\/eventi-yoga\/yoga_mare_e_terra_a_favignana-6334\" class=\"yoga-event-link \">Yoga Mare e Terra a Favignana<\/a>\n                                                    <\/div>\n                                                                                                                                                        <div class=\"yoga-event-item\">\n                                                        <span class=\"event-day\">19 Settembre<\/span>\n                                                        <a href=\"https:\/\/eventiyoga.it\/eventi-yoga\/ritiro_yoga_e_meditazione_a_pantelleria_viaggio_tra_i_4_elementi-7289\" class=\"yoga-event-link \">Ritiro Yoga e Meditazione a Pantelleria | Viaggio tra i 4 elementi<\/a>\n                                                    <\/div>\n                                                                                                                                                        <div class=\"yoga-event-item\">\n                                                        <span class=\"event-day\">25 Settembre<\/span>\n                                                        <a href=\"https:\/\/eventiyoga.it\/eventi-yoga\/riconnettiti_a_te_yoga_meditazione_fermentazioni_mare_love-7697\" class=\"yoga-event-link \">Riconnettiti a te: Yoga, meditazione, fermentazioni, mare, Love<\/a>\n                                                    <\/div>\n                                                                                                                                                        <div class=\"yoga-event-item\">\n                                                        <span class=\"event-day\">26 Settembre<\/span>\n                                                        <a href=\"https:\/\/eventiyoga.it\/eventi-yoga\/yoga_mare_e_natura_a_pantelleria-7711\" class=\"yoga-event-link \">Yoga, mare e natura a Pantelleria<\/a>\n                                                    <\/div>\n                                                                                            <\/div>\n                                        <\/div>\n                                                                                                                        <\/div>\n                                                                                <div class=\"yoga-region \">\n                            <h2 class=\"yoga-region-title\">Toscana<\/h2>\n                                                                                                                                        <div class=\"yoga-province\">\n                                            <h3 class=\"yoga-province-title\">Firenze<\/h3>\n                                            <div class=\"yoga-events-list\">\n                                                                                                                                                        <div class=\"yoga-event-item\">\n                                                        <span class=\"event-day\">11 Settembre<\/span>\n                                                        <a href=\"https:\/\/eventiyoga.it\/eventi-yoga\/ritiro_yoga_in_toscana-7448\" class=\"yoga-event-link \">Ritiro Yoga in Toscana <\/a>\n                                                    <\/div>\n                                                                                                                                                        <div class=\"yoga-event-item\">\n                                                        <span class=\"event-day\">25 Settembre<\/span>\n                                                        <a href=\"https:\/\/eventiyoga.it\/eventi-yoga\/ricominciamo_insieme_yoga_retreat-7806\" class=\"yoga-event-link \">Ricominciamo Insieme - Yoga Retreat<\/a>\n                                                    <\/div>\n                                                                                            <\/div>\n                                        <\/div>\n                                                                                                                                                <div class=\"yoga-province\">\n                                            <h3 class=\"yoga-province-title\">Grosseto<\/h3>\n                                            <div class=\"yoga-events-list\">\n                                                                                                                                                        <div class=\"yoga-event-item\">\n                                                        <span class=\"event-day\">05 Settembre<\/span>\n                                                        <a href=\"https:\/\/eventiyoga.it\/eventi-yoga\/in_the_mirror_of_the_horses_viaggio_interiore_per_donne_tra_cavalli_e_yoga-7727\" class=\"yoga-event-link \">In the Mirror of the Horses - viaggio interiore per donne tra cavalli e Yoga<\/a>\n                                                    <\/div>\n                                                                                                                                                        <div class=\"yoga-event-item\">\n                                                        <span class=\"event-day\">10 Settembre<\/span>\n                                                        <a href=\"https:\/\/eventiyoga.it\/eventi-yoga\/4day_sacred_cycle_un_ritiro_yoga_ayurveda_per_il_ciclo_della_donna-8026\" class=\"yoga-event-link \">4Day Sacred Cycle - Un Ritiro Yoga &amp; Ayurveda per il Ciclo della Donna<\/a>\n                                                    <\/div>\n                                                                                                                                                        <div class=\"yoga-event-item\">\n                                                        <span class=\"event-day\">13 Settembre<\/span>\n                                                        <a href=\"https:\/\/eventiyoga.it\/eventi-yoga\/iyengar_yoga_cultural_retreat-7275\" class=\"yoga-event-link \">Iyengar Yoga &amp; Cultural Retreat<\/a>\n                                                    <\/div>\n                                                                                                                                                        <div class=\"yoga-event-item\">\n                                                        <span class=\"event-day\">26 Settembre<\/span>\n                                                        <a href=\"https:\/\/eventiyoga.it\/eventi-yoga\/in_the_mirror_of_the_horses_viaggio_interiore_per_le_donne-7732\" class=\"yoga-event-link \">In the Mirror of the Horses - viaggio interiore per le donne<\/a>\n                                                    <\/div>\n                                                                                            <\/div>\n                                        <\/div>\n                                                                                                                                                <div class=\"yoga-province\">\n                                            <h3 class=\"yoga-province-title\">Livorno<\/h3>\n                                            <div class=\"yoga-events-list\">\n                                                                                                                                                        <div class=\"yoga-event-item\">\n                                                        <span class=\"event-day\">05 Settembre<\/span>\n                                                        <a href=\"https:\/\/eventiyoga.it\/eventi-yoga\/yoga_in_barca_vela_in_corsica-6013\" class=\"yoga-event-link \">Yoga in Barca Vela in Corsica<\/a>\n                                                    <\/div>\n                                                                                                                                                        <div class=\"yoga-event-item\">\n                                                        <span class=\"event-day\">11 Settembre<\/span>\n                                                        <a href=\"https:\/\/eventiyoga.it\/eventi-yoga\/perdersi_per_ritrovarsi_un_viaggio_nel_mito_di_psiche_e_amore-7708\" class=\"yoga-event-link \">Perdersi per Ritrovarsi Un viaggio nel mito di Psiche e Amore<\/a>\n                                                    <\/div>\n                                                                                                                                                        <div class=\"yoga-event-item\">\n                                                        <span class=\"event-day\">11 Settembre<\/span>\n                                                        <a href=\"https:\/\/eventiyoga.it\/eventi-yoga\/yoga_in_barca_a_vela-8054\" class=\"yoga-event-link \">Yoga in Barca a Vela<\/a>\n                                                    <\/div>\n                                                                                                                                                        <div class=\"yoga-event-item\">\n                                                        <span class=\"event-day\">17 Settembre<\/span>\n                                                        <a href=\"https:\/\/eventiyoga.it\/eventi-yoga\/ritiro_di_qigong_in_riva_al_mare-7713\" class=\"yoga-event-link \">Ritiro di Qigong in riva al mare<\/a>\n                                                    <\/div>\n                                                                                                                                                        <div class=\"yoga-event-item\">\n                                                        <span class=\"event-day\">19 Settembre<\/span>\n                                                        <a href=\"https:\/\/eventiyoga.it\/eventi-yoga\/semi_di_longevity_il_sole_interiore-7710\" class=\"yoga-event-link \">SEMI DI LONGEVITY | Il Sole Interiore <\/a>\n                                                    <\/div>\n                                                                                                                                                        <div class=\"yoga-event-item\">\n                                                        <span class=\"event-day\">25 Settembre<\/span>\n                                                        <a href=\"https:\/\/eventiyoga.it\/eventi-yoga\/laboratorio_di_cucina_macrobiotica_mediterranea-7712\" class=\"yoga-event-link \">Laboratorio di Cucina Macrobiotica Mediterranea <\/a>\n                                                    <\/div>\n                                                                                            <\/div>\n                                        <\/div>\n                                                                                                                                                <div class=\"yoga-province\">\n                                            <h3 class=\"yoga-province-title\">Massa Carrara<\/h3>\n                                            <div class=\"yoga-events-list\">\n                                                                                                                                                        <div class=\"yoga-event-item\">\n                                                        <span class=\"event-day\">25 Settembre<\/span>\n                                                        <a href=\"https:\/\/eventiyoga.it\/eventi-yoga\/ritiro_d_autunno_anatomia_sottile_e_chakra-7808\" class=\"yoga-event-link \">Ritiro d&#039;autunno: Anatomia sottile e chakra<\/a>\n                                                    <\/div>\n                                                                                            <\/div>\n                                        <\/div>\n                                                                                                                                                <div class=\"yoga-province\">\n                                            <h3 class=\"yoga-province-title\">Pisa<\/h3>\n                                            <div class=\"yoga-events-list\">\n                                                                                                                                                        <div class=\"yoga-event-item\">\n                                                        <span class=\"event-day\">18 Settembre<\/span>\n                                                        <a href=\"https:\/\/eventiyoga.it\/eventi-yoga\/3_giorni_di_yoga_a_pomaia-8055\" class=\"yoga-event-link \">3 giorni di Yoga a Pomaia<\/a>\n                                                    <\/div>\n                                                                                            <\/div>\n                                        <\/div>\n                                                                                                                                                <div class=\"yoga-province\">\n                                            <h3 class=\"yoga-province-title\">Pistoia<\/h3>\n                                            <div class=\"yoga-events-list\">\n                                                                                                                                                        <div class=\"yoga-event-item\">\n                                                        <span class=\"event-day\">24 Settembre<\/span>\n                                                        <a href=\"https:\/\/eventiyoga.it\/eventi-yoga\/m_a_n_t_r_a_weekend_esperienziale_di_nutrizione_consapevole-7860\" class=\"yoga-event-link \">M.A.N.T.R.A Weekend Esperienziale di Nutrizione Consapevole<\/a>\n                                                    <\/div>\n                                                                                            <\/div>\n                                        <\/div>\n                                                                                                                        <\/div>\n                                                                                <div class=\"yoga-region \">\n                            <h2 class=\"yoga-region-title\">Trentino Alto Adige<\/h2>\n                                                                                                                                        <div class=\"yoga-province\">\n                                            <h3 class=\"yoga-province-title\">Trento<\/h3>\n                                            <div class=\"yoga-events-list\">\n                                                                                                                                                        <div class=\"yoga-event-item\">\n                                                        <span class=\"event-day\">13 Settembre<\/span>\n                                                        <a href=\"https:\/\/eventiyoga.it\/eventi-yoga\/ritiro_yoga_e_counseling_in_trentino_alpe_cimbra-6612\" class=\"yoga-event-link promoted\">Ritiro Yoga e Counseling in Trentino Alpe Cimbra<\/a>\n                                                    <\/div>\n                                                                                                                                                        <div class=\"yoga-event-item\">\n                                                        <span class=\"event-day\">18 Settembre<\/span>\n                                                        <a href=\"https:\/\/eventiyoga.it\/eventi-yoga\/alma_ritiro_lunare-8068\" class=\"yoga-event-link \">ALMA - Ritiro lunare<\/a>\n                                                    <\/div>\n                                                                                            <\/div>\n                                        <\/div>\n                                                                                                                        <\/div>\n                                                                                <div class=\"yoga-region \">\n                            <h2 class=\"yoga-region-title\">Umbria<\/h2>\n                                                                                                                                        <div class=\"yoga-province\">\n                                            <h3 class=\"yoga-province-title\">Perugia<\/h3>\n                                            <div class=\"yoga-events-list\">\n                                                                                                                                                        <div class=\"yoga-event-item\">\n                                                        <span class=\"event-day\">04 Settembre<\/span>\n                                                        <a href=\"https:\/\/eventiyoga.it\/eventi-yoga\/ritiro_yoga_e_energia_in_umbria-7530\" class=\"yoga-event-link \">Ritiro Yoga e Energia in Umbria<\/a>\n                                                    <\/div>\n                                                                                                                                                        <div class=\"yoga-event-item\">\n                                                        <span class=\"event-day\">18 Settembre<\/span>\n                                                        <a href=\"https:\/\/eventiyoga.it\/eventi-yoga\/ritiri_yoga_stile_di_vita_equinozio_d_autunno_villa_amrita-5801\" class=\"yoga-event-link \">\u201cRITIRI YOGA &amp; STILE DI VITA-EQUINOZIO D\u2019AUTUNNO-VILLA AMRITA <\/a>\n                                                    <\/div>\n                                                                                                                                                        <div class=\"yoga-event-item\">\n                                                        <span class=\"event-day\">18 Settembre<\/span>\n                                                        <a href=\"https:\/\/eventiyoga.it\/eventi-yoga\/risveglia_il_tuo_potere_femminile_ritiro_yoga_coaching-7701\" class=\"yoga-event-link \">Risveglia il tuo Potere Femminile: Ritiro Yoga &amp; Coaching<\/a>\n                                                    <\/div>\n                                                                                                                                                        <div class=\"yoga-event-item\">\n                                                        <span class=\"event-day\">25 Settembre<\/span>\n                                                        <a href=\"https:\/\/eventiyoga.it\/eventi-yoga\/ritiro_yoga_e_ayurveda_in_umbria-7437\" class=\"yoga-event-link \">Ritiro Yoga e Ayurveda in Umbria <\/a>\n                                                    <\/div>\n                                                                                                                                                        <div class=\"yoga-event-item\">\n                                                        <span class=\"event-day\">25 Settembre<\/span>\n                                                        <a href=\"https:\/\/eventiyoga.it\/eventi-yoga\/formazione_yoga_2026_pillole_di_yoga_sistema_muscolo_scheletrico_2_parte-5724\" class=\"yoga-event-link \">FORMAZIONE YOGA 2026 \u201cPILLOLE DI YOGA\u201d -Sistema muscolo scheletrico 2\u00b0 PARTE\u201d<\/a>\n                                                    <\/div>\n                                                                                            <\/div>\n                                        <\/div>\n                                                                                                                                                <div class=\"yoga-province\">\n                                            <h3 class=\"yoga-province-title\">Terni<\/h3>\n                                            <div class=\"yoga-events-list\">\n                                                                                                                                                        <div class=\"yoga-event-item\">\n                                                        <span class=\"event-day\">24 Settembre<\/span>\n                                                        <a href=\"https:\/\/eventiyoga.it\/eventi-yoga\/cammino_e_yoga_retreat_nell_area_dei_borghi_silenti-7686\" class=\"yoga-event-link \">Cammino e Yoga Retreat nell&#039;Area dei Borghi Silenti<\/a>\n                                                    <\/div>\n                                                                                            <\/div>\n                                        <\/div>\n                                                                                                                        <\/div>\n                                                                                <div class=\"yoga-region \">\n                            <h2 class=\"yoga-region-title\">Veneto<\/h2>\n                                                                                                                                        <div class=\"yoga-province\">\n                                            <h3 class=\"yoga-province-title\">Belluno<\/h3>\n                                            <div class=\"yoga-events-list\">\n                                                                                                                                                        <div class=\"yoga-event-item\">\n                                                        <span class=\"event-day\">18 Settembre<\/span>\n                                                        <a href=\"https:\/\/eventiyoga.it\/eventi-yoga\/connesso_con_s_dolomiti_bellunesi-7877\" class=\"yoga-event-link \">Connesso con S\u00e9 - Dolomiti Bellunesi<\/a>\n                                                    <\/div>\n                                                                                            <\/div>\n                                        <\/div>\n                                                                                                                                                <div class=\"yoga-province\">\n                                            <h3 class=\"yoga-province-title\">Padova<\/h3>\n                                            <div class=\"yoga-events-list\">\n                                                                                                                                                        <div class=\"yoga-event-item\">\n                                                        <span class=\"event-day\">06 Settembre<\/span>\n                                                        <a href=\"https:\/\/eventiyoga.it\/eventi-yoga\/scintille_festival-7875\" class=\"yoga-event-link \">Scintille Festival<\/a>\n                                                    <\/div>\n                                                                                                                                                        <div class=\"yoga-event-item\">\n                                                        <span class=\"event-day\">11 Settembre<\/span>\n                                                        <a href=\"https:\/\/eventiyoga.it\/eventi-yoga\/fridayoga-7883\" class=\"yoga-event-link \">FRIDAYOGA<\/a>\n                                                    <\/div>\n                                                                                                                                                        <div class=\"yoga-event-item\">\n                                                        <span class=\"event-day\">20 Settembre<\/span>\n                                                        <a href=\"https:\/\/eventiyoga.it\/eventi-yoga\/workshop_empatia_e_comunicazione_non_violenta_a_padova_veneto-7432\" class=\"yoga-event-link \">Workshop Empatia e Comunicazione non violenta a Padova Veneto<\/a>\n                                                    <\/div>\n                                                                                            <\/div>\n                                        <\/div>\n                                                                                                                        <\/div>\n                                                                                <div class=\"yoga-region yoga-region-estero\">\n                            <h2 class=\"yoga-region-title\">Estero<\/h2>\n                                                            <div class=\"yoga-events-list\">\n                                                                                                                                                                    <div class=\"yoga-event-item\">\n                                                <span class=\"event-day\">04 Settembre<\/span>\n                                                <a href=\"https:\/\/eventiyoga.it\/eventi-yoga\/ritiro_recharge_relax_4_8_09_26_spagna-7579\" class=\"yoga-event-link \">Ritiro&quot;RECHARGE &amp; RELAX&quot; 4-8\/09\/26 Spagna<\/a>\n                                            <\/div>\n                                                                                                                                <div class=\"yoga-event-item\">\n                                                <span class=\"event-day\">06 Settembre<\/span>\n                                                <a href=\"https:\/\/eventiyoga.it\/eventi-yoga\/grecia_patmos_leros_lipsi_vacanze_yoga_settembre_settimane-5800\" class=\"yoga-event-link \">GRECIA PATMOS LEROS &amp; LIPSI-VACANZE YOGA \u2013 SETTEMBRE SETTIMANE<\/a>\n                                            <\/div>\n                                                                                                                                <div class=\"yoga-event-item\">\n                                                <span class=\"event-day\">07 Settembre<\/span>\n                                                <a href=\"https:\/\/eventiyoga.it\/eventi-yoga\/viaggio_yoga_in_marocco-7719\" class=\"yoga-event-link \">Viaggio yoga in Marocco<\/a>\n                                            <\/div>\n                                                                                                                                <div class=\"yoga-event-item\">\n                                                <span class=\"event-day\">09 Settembre<\/span>\n                                                <a href=\"https:\/\/eventiyoga.it\/eventi-yoga\/yoga_a_sintra-7344\" class=\"yoga-event-link \">Yoga a Sintra<\/a>\n                                            <\/div>\n                                                                                                                                <div class=\"yoga-event-item\">\n                                                <span class=\"event-day\">13 Settembre<\/span>\n                                                <a href=\"https:\/\/eventiyoga.it\/eventi-yoga\/india_triangolo_d_oro_e_varanasi-6545\" class=\"yoga-event-link \">India Triangolo d\u2019Oro e Varanasi <\/a>\n                                            <\/div>\n                                                                                                                                <div class=\"yoga-event-item\">\n                                                <span class=\"event-day\">18 Settembre<\/span>\n                                                <a href=\"https:\/\/eventiyoga.it\/eventi-yoga\/ritiro_yoga_trekking_e_sup_karpathos_selvaggia-6617\" class=\"yoga-event-link \">Ritiro Yoga, Trekking e SUP: Karpathos Selvaggia<\/a>\n                                            <\/div>\n                                                                                                                                <div class=\"yoga-event-item\">\n                                                <span class=\"event-day\">19 Settembre<\/span>\n                                                <a href=\"https:\/\/eventiyoga.it\/eventi-yoga\/yoga_e_delfini_nel_mar_rosso_settembre_2026-7240\" class=\"yoga-event-link \">YOGA E DELFINI NEL MAR ROSSO, Settembre 2026<\/a>\n                                            <\/div>\n                                                                                                                                <div class=\"yoga-event-item\">\n                                                <span class=\"event-day\">19 Settembre<\/span>\n                                                <a href=\"https:\/\/eventiyoga.it\/eventi-yoga\/yoga_e_ayurveda_detox_catamarano-7790\" class=\"yoga-event-link \">Yoga e Ayurveda Detox Catamarano<\/a>\n                                            <\/div>\n                                                                                                                                <div class=\"yoga-event-item\">\n                                                <span class=\"event-day\">27 Settembre<\/span>\n                                                <a href=\"https:\/\/eventiyoga.it\/eventi-yoga\/motion_lab_laboratorio_di_movimento_in_marocco-7665\" class=\"yoga-event-link \">MOTION LAB - Laboratorio di Movimento In Marocco <\/a>\n                                            <\/div>\n                                                                                                                                <div class=\"yoga-event-item\">\n                                                <span class=\"event-day\">30 Settembre<\/span>\n                                                <a href=\"https:\/\/eventiyoga.it\/eventi-yoga\/yoga_e_stelle_nel_deserto_in_marocco-7460\" class=\"yoga-event-link \">Yoga e Stelle nel Deserto in Marocco<\/a>\n                                            <\/div>\n                                                                                                            <\/div>\n                                                    <\/div>\n                                                        <\/div>\n        \n\n\n\n<hr class=\"wp-block-separator has-text-color has-white-color has-css-opacity has-white-background-color has-background\"\/>\n\n\n\n<p class=\"wp-block-paragraph\">Se vuoi inserire la tua offerta di vacanza yoga e benessere, iscriviti su EventiYoga e segui le indicazioni che trovi <a href=\"https:\/\/eventiyoga.it\/blog\/pubblica-su-eventiyoga\/\" target=\"_blank\" rel=\"noreferrer noopener\">qui<\/a>.<\/p>\n\n\n\n<hr class=\"wp-block-separator has-text-color has-white-color has-alpha-channel-opacity has-white-background-color has-background\"\/>\n\n\n\n<div class=\"wp-block-buttons is-layout-flex wp-block-buttons-is-layout-flex\">\n<div class=\"wp-block-button has-custom-width wp-block-button__width-100\"><a class=\"wp-block-button__link has-background wp-element-button\" href=\"https:\/\/eventiyoga.it\/blog\/pubblica-su-eventiyoga\/\" style=\"border-top-left-radius:0px;border-top-right-radius:0px;border-bottom-left-radius:0px;border-bottom-right-radius:0px;background-color:#92309a\" target=\"_blank\" rel=\"noreferrer noopener\"><strong>Pubblica la tua proposta su EventiYoga<\/strong><\/a><\/div>\n<\/div>\n\n\n\n<hr class=\"wp-block-separator has-text-color has-white-color has-alpha-channel-opacity has-white-background-color has-background\"\/>\n\n\n\n<hr class=\"wp-block-separator has-text-color has-white-color has-css-opacity has-white-background-color has-background\"\/>\n\n\n\n<hr class=\"wp-block-separator has-text-color has-white-color has-css-opacity has-white-background-color has-background\"\/>\n\n\n\n<hr class=\"wp-block-separator has-text-color has-white-color has-css-opacity has-white-background-color has-background\"\/>\n\n\n\n<h2 class=\"wp-block-heading\">Calendario Eventi Yoga online<\/h2>\n\n\n\n<p class=\"wp-block-paragraph\">Puoi consultare il&nbsp;<strong>calendario eventi<\/strong>&nbsp;anche online con numerosi weekend, vacanze yoga, ritiri e corsi yoga e meditazione.<\/p>\n\n\n\n<p class=\"wp-block-paragraph\">Cerca qui gli eventi yoga di tuo interesse: vacanza yoga in Italia o <a href=\"https:\/\/eventiyoga.it\/blog\/migliori-destinazioni-vacanze-yoga-all-estero\/\" target=\"_blank\" rel=\"noreferrer noopener\">anche all&#8217;estero<\/a>, ritiro di meditazione, vacanza yoga e ayurveda, vacanza yoga e detox, ecc.<\/p>\n\n\n\n<hr class=\"wp-block-separator has-text-color has-white-color has-css-opacity has-white-background-color has-background\"\/>\n\n\n\n<div style=\"border: 1px solid #ddd; border-radius: 12px; padding: 20px 15px; margin: 1em 0;\">\n    <div style=\"display: grid; grid-template-columns: repeat(auto-fit, minmax(100px, 1fr)); gap: 10px; justify-items: center;\">\n        <a href=\"https:\/\/eventiyoga.it\/blog\/vacanze-yoga-e-benessere-gennaio\/\" target=\"_blank\" style=\"background: #f5f0fa; padding: 8px 18px; border-radius: 20px; text-decoration: none; color: #6b4c9a; font-size: 0.95em; white-space: nowrap;\">Gennaio<\/a>\n        <a href=\"https:\/\/eventiyoga.it\/blog\/vacanze-seminari-workshop-yoga-benessere-febbraio\/\" target=\"_blank\" style=\"background: #f5f0fa; padding: 8px 18px; border-radius: 20px; text-decoration: none; color: #6b4c9a; font-size: 0.95em; white-space: nowrap;\">Febbraio<\/a>\n        <a href=\"https:\/\/eventiyoga.it\/blog\/vacanze-seminari-workshop-yoga-benessere-marzo\/\" target=\"_blank\" style=\"background: #f5f0fa; padding: 8px 18px; border-radius: 20px; text-decoration: none; color: #6b4c9a; font-size: 0.95em; white-space: nowrap;\">Marzo<\/a>\n        <a href=\"https:\/\/eventiyoga.it\/blog\/vacanze-yoga-aprile\/\" target=\"_blank\" style=\"background: #f5f0fa; padding: 8px 18px; border-radius: 20px; text-decoration: none; color: #6b4c9a; font-size: 0.95em; white-space: nowrap;\">Aprile<\/a>\n        <a href=\"https:\/\/eventiyoga.it\/blog\/vacanze-yoga-maggio\/\" target=\"_blank\" style=\"background: #f5f0fa; padding: 8px 18px; border-radius: 20px; text-decoration: none; color: #6b4c9a; font-size: 0.95em; white-space: nowrap;\">Maggio<\/a>\n        <a href=\"https:\/\/eventiyoga.it\/blog\/vacanze-yoga-e-benessere-giugno-offerte\/\" target=\"_blank\" style=\"background: #f5f0fa; padding: 8px 18px; border-radius: 20px; text-decoration: none; color: #6b4c9a; font-size: 0.95em; white-space: nowrap;\">Giugno<\/a>\n        <a href=\"https:\/\/eventiyoga.it\/blog\/vacanze-yoga-e-benessere-luglio-offerte\/\" target=\"_blank\" style=\"background: #f5f0fa; padding: 8px 18px; border-radius: 20px; text-decoration: none; color: #6b4c9a; font-size: 0.95em; white-space: nowrap;\">Luglio<\/a>\n        <a href=\"https:\/\/eventiyoga.it\/blog\/vacanze-yoga-e-benessere-agosto-offerte\/\" target=\"_blank\" style=\"background: #f5f0fa; padding: 8px 18px; border-radius: 20px; text-decoration: none; color: #6b4c9a; font-size: 0.95em; white-space: nowrap;\">Agosto<\/a>\n        <a href=\"https:\/\/eventiyoga.it\/blog\/vacanze-yoga-e-benessere-settembre-offerte\/\" target=\"_blank\" style=\"background: #f5f0fa; padding: 8px 18px; border-radius: 20px; text-decoration: none; color: #6b4c9a; font-size: 0.95em; white-space: nowrap;\">Settembre<\/a>\n        <a href=\"https:\/\/eventiyoga.it\/blog\/vacanze-yoga-e-benessere-ottobre-offerte\/\" target=\"_blank\" style=\"background: #f5f0fa; padding: 8px 18px; border-radius: 20px; text-decoration: none; color: #6b4c9a; font-size: 0.95em; white-space: nowrap;\">Ottobre<\/a>\n        <a href=\"https:\/\/eventiyoga.it\/blog\/vacanze-yoga-e-benessere-novembre-offerte\/\" target=\"_blank\" style=\"background: #f5f0fa; padding: 8px 18px; border-radius: 20px; text-decoration: none; color: #6b4c9a; font-size: 0.95em; white-space: nowrap;\">Novembre<\/a>\n        <a href=\"https:\/\/eventiyoga.it\/blog\/vacanze-yoga-e-benessere-dicembre\/\" target=\"_blank\" style=\"background: #f5f0fa; padding: 8px 18px; border-radius: 20px; text-decoration: none; color: #6b4c9a; font-size: 0.95em; white-space: nowrap;\">Dicembre<\/a>\n    <\/div>\n<\/div>\n\n\n\n<hr class=\"wp-block-separator has-text-color has-white-color has-alpha-channel-opacity has-white-background-color has-background\"\/>\n\n\n\n<h2 class=\"wp-block-heading\" id=\"h-altre-risorse-interessanti-per-te\">Altre risorse interessanti per te<\/h2>\n\n\n\n<ul class=\"wp-block-list\">\n<li><a href=\"https:\/\/eventiyoga.it\/blog\/weekend-yoga\/\" target=\"_blank\" rel=\"noreferrer noopener\">Weekend yoga: consigli utili e proposte<\/a><\/li>\n\n\n\n<li><a href=\"https:\/\/eventiyoga.it\/blog\/la-valigia-perfetta-se-si-parte-per-una-vacanza-yoga\/\" target=\"_blank\" rel=\"noreferrer noopener\">La valigia perfetta se si parte per una vacanza yoga<\/a><\/li>\n\n\n\n<li><a href=\"https:\/\/eventiyoga.it\/blog\/destinazioni-yoga-allestero-la-primavera-estate\/\" target=\"_blank\" rel=\"noreferrer noopener\">5 destinazioni yoga all\u2019estero per la primavera-estate<\/a><\/li>\n\n\n\n<li><a href=\"https:\/\/eventiyoga.it\/blog\/5-destinazioni-yoga-in-italia-primavera-estate\/\" target=\"_blank\" rel=\"noreferrer noopener\">5 destinazioni yoga in Italia per la primavera-estate<\/a><\/li>\n\n\n\n<li><a href=\"https:\/\/eventiyoga.it\/blog\/vacanze-yoga-italia-consigli\/\" target=\"_blank\" rel=\"noreferrer noopener\">Vacanze yoga in Italia? Segui i nostri consigli<\/a><\/li>\n<\/ul>\n\n\n\n<div style=\"height:100px\" aria-hidden=\"true\" class=\"wp-block-spacer\"><\/div>\n\n\n\n<hr class=\"wp-block-separator has-text-color has-white-color has-alpha-channel-opacity has-white-background-color has-background\"\/>\n","protected":false},"excerpt":{"rendered":"<p>Vacanze Yoga e Benessere Primavera-Estate 2026: abbiamo deciso di unire in un&#8217;unica pagina tutte le proposte di viaggi, vacanze e ritiri per la primavera-estate 2026, cos\u00ec da darti la possibilit\u00e0 di scegliere quello che preferisci e darti degli spunti utili. Quindi non ci resta che augurarti buona lettura, buona scelta e buon viaggio! I nostri [&hellip;]<\/p>\n","protected":false},"author":2,"featured_media":11984,"comment_status":"open","ping_status":"open","sticky":false,"template":"","format":"standard","meta":{"_acf_changed":false,"_editorskit_title_hidden":false,"_editorskit_reading_time":4,"_editorskit_is_block_options_detached":false,"_editorskit_block_options_position":"{}","footnotes":""},"categories":[137],"tags":[47,227,187],"class_list":["post-7881","post","type-post","status-publish","format-standard","has-post-thumbnail","hentry","category-benessere","tag-eventi-yoga","tag-retreat-yoga","tag-vacanze-yoga"],"acf":[],"yoast_head":"<!-- This site is optimized with the Yoast SEO plugin v26.4 - https:\/\/yoast.com\/wordpress\/plugins\/seo\/ -->\n<title>VACANZE YOGA | Le migliori mete in Italia e oltre | EventiYoga<\/title>\n<meta name=\"description\" content=\"Offerte e destinazioni per le tue vacanze yoga con insegnanti professionisti in tutta Italia: scegli, prenota e goditi il \u200b\u200bviaggio.\" \/>\n<meta name=\"robots\" content=\"index, follow, max-snippet:-1, max-image-preview:large, max-video-preview:-1\" \/>\n<link rel=\"canonical\" href=\"https:\/\/eventiyoga.it\/blog\/vacanze-yoga-2\/\" \/>\n<meta property=\"og:locale\" content=\"it_IT\" \/>\n<meta property=\"og:type\" content=\"article\" \/>\n<meta property=\"og:title\" content=\"VACANZE YOGA | Le migliori mete in Italia e oltre | EventiYoga\" \/>\n<meta property=\"og:description\" content=\"Offerte e destinazioni per le tue vacanze yoga con insegnanti professionisti in tutta Italia: scegli, prenota e goditi il \u200b\u200bviaggio.\" \/>\n<meta property=\"og:url\" content=\"https:\/\/eventiyoga.it\/blog\/vacanze-yoga-2\/\" \/>\n<meta property=\"og:site_name\" content=\"Eventi Yoga\" \/>\n<meta property=\"article:author\" content=\"https:\/\/www.facebook.com\/eventiyogaitalia\/\" \/>\n<meta property=\"article:published_time\" content=\"2026-01-07T09:44:00+00:00\" \/>\n<meta property=\"article:modified_time\" content=\"2026-01-07T09:44:03+00:00\" \/>\n<meta property=\"og:image\" content=\"https:\/\/eventiyoga.it\/blog\/wp-content\/uploads\/2018\/03\/PRIMAVERA-ESTATE-1.jpg\" \/>\n\t<meta property=\"og:image:width\" content=\"1750\" \/>\n\t<meta property=\"og:image:height\" content=\"984\" \/>\n\t<meta property=\"og:image:type\" content=\"image\/jpeg\" \/>\n<meta name=\"author\" content=\"Redazione EventiYoga\" \/>\n<meta name=\"twitter:card\" content=\"summary_large_image\" \/>\n<meta name=\"twitter:label1\" content=\"Scritto da\" \/>\n\t<meta name=\"twitter:data1\" content=\"Redazione EventiYoga\" \/>\n\t<meta name=\"twitter:label2\" content=\"Tempo di lettura stimato\" \/>\n\t<meta name=\"twitter:data2\" content=\"5 minuti\" \/>\n<!-- \/ Yoast SEO plugin. -->","yoast_head_json":{"title":"VACANZE YOGA | Le migliori mete in Italia e oltre | EventiYoga","description":"Offerte e destinazioni per le tue vacanze yoga con insegnanti professionisti in tutta Italia: scegli, prenota e goditi il \u200b\u200bviaggio.","robots":{"index":"index","follow":"follow","max-snippet":"max-snippet:-1","max-image-preview":"max-image-preview:large","max-video-preview":"max-video-preview:-1"},"canonical":"https:\/\/eventiyoga.it\/blog\/vacanze-yoga-2\/","og_locale":"it_IT","og_type":"article","og_title":"VACANZE YOGA | Le migliori mete in Italia e oltre | EventiYoga","og_description":"Offerte e destinazioni per le tue vacanze yoga con insegnanti professionisti in tutta Italia: scegli, prenota e goditi il \u200b\u200bviaggio.","og_url":"https:\/\/eventiyoga.it\/blog\/vacanze-yoga-2\/","og_site_name":"Eventi Yoga","article_author":"https:\/\/www.facebook.com\/eventiyogaitalia\/","article_published_time":"2026-01-07T09:44:00+00:00","article_modified_time":"2026-01-07T09:44:03+00:00","og_image":[{"width":1750,"height":984,"url":"https:\/\/eventiyoga.it\/blog\/wp-content\/uploads\/2018\/03\/PRIMAVERA-ESTATE-1.jpg","type":"image\/jpeg"}],"author":"Redazione EventiYoga","twitter_card":"summary_large_image","twitter_misc":{"Scritto da":"Redazione EventiYoga","Tempo di lettura stimato":"5 minuti"},"schema":{"@context":"https:\/\/schema.org","@graph":[{"@type":"WebPage","@id":"https:\/\/eventiyoga.it\/blog\/vacanze-yoga-2\/","url":"https:\/\/eventiyoga.it\/blog\/vacanze-yoga-2\/","name":"VACANZE YOGA | Le migliori mete in Italia e oltre | EventiYoga","isPartOf":{"@id":"https:\/\/eventiyoga.it\/blog\/#website"},"primaryImageOfPage":{"@id":"https:\/\/eventiyoga.it\/blog\/vacanze-yoga-2\/#primaryimage"},"image":{"@id":"https:\/\/eventiyoga.it\/blog\/vacanze-yoga-2\/#primaryimage"},"thumbnailUrl":"https:\/\/eventiyoga.it\/blog\/wp-content\/uploads\/2018\/03\/PRIMAVERA-ESTATE-1.jpg","datePublished":"2026-01-07T09:44:00+00:00","dateModified":"2026-01-07T09:44:03+00:00","author":{"@id":"https:\/\/eventiyoga.it\/blog\/#\/schema\/person\/baf6fd722b999df7881d1cc130b5abb0"},"description":"Offerte e destinazioni per le tue vacanze yoga con insegnanti professionisti in tutta Italia: scegli, prenota e goditi il \u200b\u200bviaggio.","breadcrumb":{"@id":"https:\/\/eventiyoga.it\/blog\/vacanze-yoga-2\/#breadcrumb"},"inLanguage":"it-IT","potentialAction":[{"@type":"ReadAction","target":["https:\/\/eventiyoga.it\/blog\/vacanze-yoga-2\/"]}]},{"@type":"ImageObject","inLanguage":"it-IT","@id":"https:\/\/eventiyoga.it\/blog\/vacanze-yoga-2\/#primaryimage","url":"https:\/\/eventiyoga.it\/blog\/wp-content\/uploads\/2018\/03\/PRIMAVERA-ESTATE-1.jpg","contentUrl":"https:\/\/eventiyoga.it\/blog\/wp-content\/uploads\/2018\/03\/PRIMAVERA-ESTATE-1.jpg","width":1750,"height":984},{"@type":"BreadcrumbList","@id":"https:\/\/eventiyoga.it\/blog\/vacanze-yoga-2\/#breadcrumb","itemListElement":[{"@type":"ListItem","position":1,"name":"Home","item":"https:\/\/eventiyoga.it\/blog\/"},{"@type":"ListItem","position":2,"name":"Vacanze Yoga e Benessere Primavera-Estate 2026"}]},{"@type":"WebSite","@id":"https:\/\/eventiyoga.it\/blog\/#website","url":"https:\/\/eventiyoga.it\/blog\/","name":"Eventi Yoga","description":"Il portale Italiano per gli eventi dello yoga","potentialAction":[{"@type":"SearchAction","target":{"@type":"EntryPoint","urlTemplate":"https:\/\/eventiyoga.it\/blog\/?s={search_term_string}"},"query-input":{"@type":"PropertyValueSpecification","valueRequired":true,"valueName":"search_term_string"}}],"inLanguage":"it-IT"},{"@type":"Person","@id":"https:\/\/eventiyoga.it\/blog\/#\/schema\/person\/baf6fd722b999df7881d1cc130b5abb0","name":"Redazione EventiYoga","image":{"@type":"ImageObject","inLanguage":"it-IT","@id":"https:\/\/eventiyoga.it\/blog\/#\/schema\/person\/image\/","url":"https:\/\/secure.gravatar.com\/avatar\/839ba21ae8a8a0c224183a3fdd70f673ae7387c1b6b0c149143342ed9586efd3?s=96&d=mm&r=g","contentUrl":"https:\/\/secure.gravatar.com\/avatar\/839ba21ae8a8a0c224183a3fdd70f673ae7387c1b6b0c149143342ed9586efd3?s=96&d=mm&r=g","caption":"Redazione EventiYoga"},"description":"Ci occupiamo dei contenuti di EventiYoga e delle traduzioni dei contenuti da siti partner. Contattaci per avere maggiori informazioni su come promuoverti su e tramite Eventi Yoga. Puoi scriverci a info@eventiyoga.it.","sameAs":["https:\/\/eventiyoga.it\/","https:\/\/www.facebook.com\/eventiyogaitalia\/"],"url":"https:\/\/eventiyoga.it\/blog\/author\/redazione-eventiyoga\/"}]}},"_links":{"self":[{"href":"https:\/\/eventiyoga.it\/blog\/wp-json\/wp\/v2\/posts\/7881","targetHints":{"allow":["GET"]}}],"collection":[{"href":"https:\/\/eventiyoga.it\/blog\/wp-json\/wp\/v2\/posts"}],"about":[{"href":"https:\/\/eventiyoga.it\/blog\/wp-json\/wp\/v2\/types\/post"}],"author":[{"embeddable":true,"href":"https:\/\/eventiyoga.it\/blog\/wp-json\/wp\/v2\/users\/2"}],"replies":[{"embeddable":true,"href":"https:\/\/eventiyoga.it\/blog\/wp-json\/wp\/v2\/comments?post=7881"}],"version-history":[{"count":14,"href":"https:\/\/eventiyoga.it\/blog\/wp-json\/wp\/v2\/posts\/7881\/revisions"}],"predecessor-version":[{"id":72095,"href":"https:\/\/eventiyoga.it\/blog\/wp-json\/wp\/v2\/posts\/7881\/revisions\/72095"}],"wp:featuredmedia":[{"embeddable":true,"href":"https:\/\/eventiyoga.it\/blog\/wp-json\/wp\/v2\/media\/11984"}],"wp:attachment":[{"href":"https:\/\/eventiyoga.it\/blog\/wp-json\/wp\/v2\/media?parent=7881"}],"wp:term":[{"taxonomy":"category","embeddable":true,"href":"https:\/\/eventiyoga.it\/blog\/wp-json\/wp\/v2\/categories?post=7881"},{"taxonomy":"post_tag","embeddable":true,"href":"https:\/\/eventiyoga.it\/blog\/wp-json\/wp\/v2\/tags?post=7881"}],"curies":[{"name":"wp","href":"https:\/\/api.w.org\/{rel}","templated":true}]}}