{"id":7881,"date":"2026-01-07T10:44:00","date_gmt":"2026-01-07T09:44:00","guid":{"rendered":"https:\/\/eventiyoga.it\/blog\/?p=7881"},"modified":"2026-01-07T10:44:03","modified_gmt":"2026-01-07T09:44:03","slug":"vacanze-yoga-2","status":"publish","type":"post","link":"https:\/\/eventiyoga.it\/blog\/vacanze-yoga-2\/","title":{"rendered":"Vacanze Yoga e Benessere Primavera-Estate 2026"},"content":{"rendered":"\n<p><strong>Vacanze Yoga e Benessere Primavera-Estate 2026<\/strong>: abbiamo deciso di unire in un&#8217;unica pagina tutte le proposte di viaggi, vacanze e ritiri per la primavera-estate 2026, cos\u00ec da darti la possibilit\u00e0 di scegliere quello che preferisci e darti degli spunti utili. Quindi non ci resta che augurarti buona lettura, buona scelta e buon viaggio!<\/p>\n\n\n\n<hr class=\"wp-block-separator has-text-color has-white-color has-css-opacity has-white-background-color has-background\"\/>\n\n\n\n<h2 class=\"wp-block-heading\" id=\"h-i-nostri-consigli-per-prenotare-le-vacanze-yoga-ideali\">I nostri consigli per prenotare le vacanze yoga ideali<\/h2>\n\n\n\n<p>Se hai gi\u00e0 partecipato a vacanze yoga o a ritiri yoga sai bene come funziona e a <strong>cosa fare attenzione in fase di prenotazione<\/strong>. Invece, se \u00e8 la tua prima volta ecco qualche consiglio per orientarti nell\u2019offerta.<\/p>\n\n\n\n<p>Ecco dunque cosa considerare per i ritiri e le <strong>vacanze<\/strong> <strong>yoga<\/strong>:<\/p>\n\n\n\n<ul class=\"wp-block-list\">\n<li><strong>la localit\u00e0<\/strong>, sceglila in base ai tuoi interessi, per poter abbinare lo yoga a ci\u00f2 che realmente ti piace fare;<\/li>\n\n\n\n<li><strong>l\u2019insegnante<\/strong>, \u00e8 importante scegliere vacanze e <a href=\"https:\/\/eventiyoga.it\/blog\/ritiro-yoga\/\" target=\"_blank\" rel=\"noreferrer noopener\">ritiri yoga<\/a> organizzati da insegnanti che stimi, di cui ti piace il metodo;<\/li>\n\n\n\n<li><strong>la tipologia di alloggio<\/strong>, anche in questo caso, scegli una proposta che corrisponda alle tue aspettative; <\/li>\n\n\n\n<li><strong>il prezzo<\/strong>, che deve essere congruo, in relazione all\u2019offerta.<\/li>\n<\/ul>\n\n\n\n<hr class=\"wp-block-separator has-text-color has-white-color has-css-opacity has-white-background-color has-background\"\/>\n\n\n\n<h2 class=\"wp-block-heading\" id=\"h-le-tipologie-di-vacanze-yoga\">Le tipologie di vacanze yoga<\/h2>\n\n\n\n<p>Se sei su questa pagina \u00e8 perch\u00e9 sei interessato a partecipare (o a organizzare nel caso in cui tu sia un insegnante) a una vacanza yoga. Chiaramente lo yoga deve essere l&#8217;attivit\u00e0 principale, il cuore dell&#8217;intero viaggio; se per\u00f2 viene<strong> associato ad altre attivit\u00e0 o discipline<\/strong> \u00e8 ancora meglio: si caratterizza il contesto stesso della vacanza e si rende pi\u00f9 interessante il programma. <\/p>\n\n\n\n<p>Le discipline che si possono associare allo yoga durante un viaggio o un ritiro sono pressoch\u00e9 infinite. Vi ricordiamo qui le combinazioni pi\u00f9 usuali: <\/p>\n\n\n\n<ul class=\"wp-block-list\">\n<li>vacanze yoga e benessere<\/li>\n\n\n\n<li>vacanze yoga e meditazione<\/li>\n\n\n\n<li>vacanze <a href=\"https:\/\/eventiyoga.it\/blog\/yoga-pilates-differenze-come-scegliere\/\" target=\"_blank\" rel=\"noreferrer noopener\">yoga e pilates<\/a><\/li>\n\n\n\n<li>vacanze yoga detox<\/li>\n<\/ul>\n\n\n\n<h3 class=\"wp-block-heading\" id=\"h-vacanze-yoga-principianti\">Vacanze yoga principianti<\/h3>\n\n\n\n<p>La maggior parte delle vacanze yoga sono aperte a praticanti di qualsiasi livello, se per\u00f2 ti sei avvicinato allo yoga da poco tempo e preferiresti condividere l&#8217;esperienza con persone del tuo stesso livello, cerca <strong>proposte espressamente organizzate per principianti<\/strong>. Anche se non trovi nulla di simile, nessun problema: chiedi all&#8217;insegnante che organizza il <a href=\"https:\/\/eventiyoga.it\/blog\/ritiro-yoga\/\" target=\"_blank\" rel=\"noreferrer noopener\">ritiro yoga<\/a> se \u00e8 indicato per i principianti. Sempre meglio accertarsene in modo da poter vivere il viaggio al meglio.<\/p>\n\n\n\n<hr class=\"wp-block-separator has-text-color has-white-color has-css-opacity has-white-background-color has-background\"\/>\n\n\n\n<h2 class=\"wp-block-heading\" id=\"h-vacanze-yoga-e-benessere-primavera-estate-2024-la-lista-completa\">Vacanze Yoga e Benessere Primavera-Estate 2026: la lista completa<\/h2>\n\n\n\n<hr class=\"wp-block-separator has-text-color has-white-color has-css-opacity has-white-background-color has-background\"\/>\n\n\n\n<figure class=\"wp-block-gallery has-nested-images columns-default is-cropped wp-block-gallery-1 is-layout-flex wp-block-gallery-is-layout-flex\">\n<figure class=\"wp-block-image size-large\"><a href=\"https:\/\/eventiyoga.it\/blog\/wp-content\/uploads\/2020\/10\/POST_12.jpg\"><img decoding=\"async\" data-id=\"58315\" src=\"data:image\/gif;base64,R0lGODlhAQABAIAAAAAAAP\/\/\/yH5BAEAAAAALAAAAAABAAEAAAIBRAA7\" data-src=\"https:\/\/eventiyoga.it\/blog\/wp-content\/uploads\/2020\/10\/POST_12-1022x1024.jpg\" alt=\"Vacanze e Ritiri Yoga Primavera\" class=\"wp-image-58315\"\/><noscript><img decoding=\"async\" data-id=\"58315\" src=\"https:\/\/eventiyoga.it\/blog\/wp-content\/uploads\/2020\/10\/POST_12-1022x1024.jpg\" alt=\"Vacanze e Ritiri Yoga Primavera\" class=\"wp-image-58315\"\/><\/noscript><\/a><\/figure>\n\n\n\n<figure class=\"wp-block-image size-large\"><a href=\"https:\/\/eventiyoga.it\/blog\/wp-content\/uploads\/2020\/10\/POST_11.jpg\"><img decoding=\"async\" data-id=\"58316\" src=\"data:image\/gif;base64,R0lGODlhAQABAIAAAAAAAP\/\/\/yH5BAEAAAAALAAAAAABAAEAAAIBRAA7\" data-src=\"https:\/\/eventiyoga.it\/blog\/wp-content\/uploads\/2020\/10\/POST_11-1022x1024.jpg\" alt=\"Vacanze e Ritiri Yoga Primavera\" class=\"wp-image-58316\"\/><noscript><img decoding=\"async\" data-id=\"58316\" src=\"https:\/\/eventiyoga.it\/blog\/wp-content\/uploads\/2020\/10\/POST_11-1022x1024.jpg\" alt=\"Vacanze e Ritiri Yoga Primavera\" class=\"wp-image-58316\"\/><\/noscript><\/a><\/figure>\n\n\n\n<figure class=\"wp-block-image size-large\"><a href=\"https:\/\/eventiyoga.it\/blog\/wp-content\/uploads\/2020\/10\/POST_10.jpg\"><img decoding=\"async\" data-id=\"58317\" src=\"data:image\/gif;base64,R0lGODlhAQABAIAAAAAAAP\/\/\/yH5BAEAAAAALAAAAAABAAEAAAIBRAA7\" data-src=\"https:\/\/eventiyoga.it\/blog\/wp-content\/uploads\/2020\/10\/POST_10-1022x1024.jpg\" alt=\"\" class=\"wp-image-58317\"\/><noscript><img decoding=\"async\" data-id=\"58317\" src=\"https:\/\/eventiyoga.it\/blog\/wp-content\/uploads\/2020\/10\/POST_10-1022x1024.jpg\" alt=\"\" class=\"wp-image-58317\"\/><\/noscript><\/a><\/figure>\n<\/figure>\n\n\n\n<h2 class=\"wp-block-heading\" id=\"h-marzo\">Marzo<\/h2>\n\n\n\n<div style=\"height: 12px; background: linear-gradient(90deg, #667eea 0%, #764ba2 50%, #f093fb 100%); border-radius: 6px;\"><\/div>\n<p style=\"color: #555555; font-size: 23px; margin-top: 15px; font-style: italic;\">\ud83c\udf38 Il risveglio della primavera: ritiri di equinozio e nuovi inizi<\/p>\n\n\n        <div class=\"yoga-events-regions-container\">\n            <!-- Online Events Section -->\n                            <div class=\"yoga-region\">\n                    <h2 class=\"yoga-region-title\">Eventi Yoga Online<\/h2>\n                    <div class=\"yoga-events-list\">\n                                                                                <div class=\"yoga-event-item\">\n                                <span class=\"event-day\">11 Marzo<\/span>\n                                <a href=\"https:\/\/eventiyoga.it\/eventi-yoga\/yin_yoga_sciogli_le_tensioni_e_rilassa_mente_e_corpo-6955\" class=\"yoga-event-link \">YIN YOGA: sciogli le tensioni e rilassa mente e corpo<\/a>\n                            <\/div>\n                                                                                <div class=\"yoga-event-item\">\n                                <span class=\"event-day\">14 Marzo<\/span>\n                                <a href=\"https:\/\/eventiyoga.it\/eventi-yoga\/corso_insegnanti_yoga_sciamanico_online-6754\" class=\"yoga-event-link \">Corso Insegnanti Yoga Sciamanico Online<\/a>\n                            <\/div>\n                                                                                <div class=\"yoga-event-item\">\n                                <span class=\"event-day\">15 Marzo<\/span>\n                                <a href=\"https:\/\/eventiyoga.it\/eventi-yoga\/corso_di_formazione_arte_dello_yoga_nidra-6943\" class=\"yoga-event-link \">CORSO DI FORMAZIONE Arte dello Yoga Nidra<\/a>\n                            <\/div>\n                                                                                <div class=\"yoga-event-item\">\n                                <span class=\"event-day\">19 Marzo<\/span>\n                                <a href=\"https:\/\/eventiyoga.it\/eventi-yoga\/yoga_nidra_online_reset_immediato_dallo_stress-6868\" class=\"yoga-event-link \">\ud83c\udf19 Yoga Nidra Online: Reset Immediato dallo Stress<\/a>\n                            <\/div>\n                                                                                <div class=\"yoga-event-item\">\n                                <span class=\"event-day\">27 Marzo<\/span>\n                                <a href=\"https:\/\/eventiyoga.it\/eventi-yoga\/formazione_yoga_l_alchimia_dei_chakra-6820\" class=\"yoga-event-link \">FORMAZIONE YOGA L&#039;ALCHIMIA DEI CHAKRA<\/a>\n                            <\/div>\n                                                                                <div class=\"yoga-event-item\">\n                                <span class=\"event-day\">29 Marzo<\/span>\n                                <a href=\"https:\/\/eventiyoga.it\/eventi-yoga\/le_dee_nascoste_archetipi_femminili_nel_mito_indiano-6389\" class=\"yoga-event-link \">Le Dee Nascoste,  archetipi femminili nel mito indiano<\/a>\n                            <\/div>\n                                            <\/div>\n                <\/div>\n            \n            <!-- Offline Events by Regions -->\n                                                                        <div class=\"yoga-region \">\n                            <h2 class=\"yoga-region-title\">Calabria<\/h2>\n                                                                                                                                        <div class=\"yoga-province\">\n                                            <h3 class=\"yoga-province-title\">Catanzaro<\/h3>\n                                            <div class=\"yoga-events-list\">\n                                                                                                                                                        <div class=\"yoga-event-item\">\n                                                        <span class=\"event-day\">16 Marzo<\/span>\n                                                        <a href=\"https:\/\/eventiyoga.it\/eventi-yoga\/spring_hybrid_yoga_teacher_training_200h_online_residential-6485\" class=\"yoga-event-link \">Spring Hybrid \u2013 Yoga Teacher Training 200H -  Online &amp; Residential<\/a>\n                                                    <\/div>\n                                                                                            <\/div>\n                                        <\/div>\n                                                                                                                        <\/div>\n                                                                                <div class=\"yoga-region \">\n                            <h2 class=\"yoga-region-title\">Emilia Romagna<\/h2>\n                                                                                                                                        <div class=\"yoga-province\">\n                                            <h3 class=\"yoga-province-title\">Bologna<\/h3>\n                                            <div class=\"yoga-events-list\">\n                                                                                                                                                        <div class=\"yoga-event-item\">\n                                                        <span class=\"event-day\">04 Marzo<\/span>\n                                                        <a href=\"https:\/\/eventiyoga.it\/eventi-yoga\/parinama_yoga-6870\" class=\"yoga-event-link \">Parinama Yoga<\/a>\n                                                    <\/div>\n                                                                                            <\/div>\n                                        <\/div>\n                                                                                                                                                <div class=\"yoga-province\">\n                                            <h3 class=\"yoga-province-title\">Forl\u00ec-Cesena<\/h3>\n                                            <div class=\"yoga-events-list\">\n                                                                                                                                                        <div class=\"yoga-event-item\">\n                                                        <span class=\"event-day\">07 Marzo<\/span>\n                                                        <a href=\"https:\/\/eventiyoga.it\/eventi-yoga\/workshop_yoga_e_filosofia_a_forl_il_potere_del_respiro-6655\" class=\"yoga-event-link \">Workshop Yoga e Filosofia a Forl\u00ec | Il potere del respiro<\/a>\n                                                    <\/div>\n                                                                                            <\/div>\n                                        <\/div>\n                                                                                                                        <\/div>\n                                                                                <div class=\"yoga-region \">\n                            <h2 class=\"yoga-region-title\">Lazio<\/h2>\n                                                                                                                                        <div class=\"yoga-province\">\n                                            <h3 class=\"yoga-province-title\">Roma<\/h3>\n                                            <div class=\"yoga-events-list\">\n                                                                                                                                                        <div class=\"yoga-event-item\">\n                                                        <span class=\"event-day\">02 Marzo<\/span>\n                                                        <a href=\"https:\/\/eventiyoga.it\/eventi-yoga\/sedute_individuali_di_yoga_reiki_e_massaggi-6116\" class=\"yoga-event-link \">SEDUTE INDIVIDUALI DI YOGA, REIKI E MASSAGGI<\/a>\n                                                    <\/div>\n                                                                                                                                                        <div class=\"yoga-event-item\">\n                                                        <span class=\"event-day\">02 Marzo<\/span>\n                                                        <a href=\"https:\/\/eventiyoga.it\/eventi-yoga\/kundalini_yoga_a_porta_pia_anche_online-6160\" class=\"yoga-event-link \">KUNDALINI YOGA a Porta Pia (anche online)<\/a>\n                                                    <\/div>\n                                                                                                                                                        <div class=\"yoga-event-item\">\n                                                        <span class=\"event-day\">02 Marzo<\/span>\n                                                        <a href=\"https:\/\/eventiyoga.it\/eventi-yoga\/dirette_online_yoga_meditazione_nidra_filosofia-6109\" class=\"yoga-event-link \">DIRETTE ONLINE \u2013 Yoga, Meditazione, Nidra, Filosofia\u2026<\/a>\n                                                    <\/div>\n                                                                                                                                                        <div class=\"yoga-event-item\">\n                                                        <span class=\"event-day\">17 Marzo<\/span>\n                                                        <a href=\"https:\/\/eventiyoga.it\/eventi-yoga\/yoga_per_principianti_a_roma-7040\" class=\"yoga-event-link \">Yoga per principianti a Roma<\/a>\n                                                    <\/div>\n                                                                                                                                                        <div class=\"yoga-event-item\">\n                                                        <span class=\"event-day\">18 Marzo<\/span>\n                                                        <a href=\"https:\/\/eventiyoga.it\/eventi-yoga\/yoga_per_la_gravidanza-7014\" class=\"yoga-event-link \">Yoga per la gravidanza<\/a>\n                                                    <\/div>\n                                                                                                                                                        <div class=\"yoga-event-item\">\n                                                        <span class=\"event-day\">29 Marzo<\/span>\n                                                        <a href=\"https:\/\/eventiyoga.it\/eventi-yoga\/formazione_insegnanti_yoga_ii_livello_yoga_e_medicina-6951\" class=\"yoga-event-link \">Formazione Insegnanti Yoga II Livello \u2013 Yoga e Medicina\u00ae<\/a>\n                                                    <\/div>\n                                                                                            <\/div>\n                                        <\/div>\n                                                                                                                        <\/div>\n                                                                                <div class=\"yoga-region \">\n                            <h2 class=\"yoga-region-title\">Liguria<\/h2>\n                                                                                                                                        <div class=\"yoga-province\">\n                                            <h3 class=\"yoga-province-title\">Savona<\/h3>\n                                            <div class=\"yoga-events-list\">\n                                                                                                                                                        <div class=\"yoga-event-item\">\n                                                        <span class=\"event-day\">28 Marzo<\/span>\n                                                        <a href=\"https:\/\/eventiyoga.it\/eventi-yoga\/yoga_nidra_international_teacher_training_50h-6931\" class=\"yoga-event-link \">Yoga Nidra \u2013 International Teacher Training (50h)<\/a>\n                                                    <\/div>\n                                                                                                                                                        <div class=\"yoga-event-item\">\n                                                        <span class=\"event-day\">29 Marzo<\/span>\n                                                        <a href=\"https:\/\/eventiyoga.it\/eventi-yoga\/diventa_insegnante_yoga_per_bambini_con_il_metodo_kurma_yoga-6989\" class=\"yoga-event-link \">Diventa Insegnante Yoga per Bambini con il Metodo Kurma Yoga\u00ae<\/a>\n                                                    <\/div>\n                                                                                            <\/div>\n                                        <\/div>\n                                                                                                                        <\/div>\n                                                                                <div class=\"yoga-region \">\n                            <h2 class=\"yoga-region-title\">Lombardia<\/h2>\n                                                                                                                                        <div class=\"yoga-province\">\n                                            <h3 class=\"yoga-province-title\">Milano<\/h3>\n                                            <div class=\"yoga-events-list\">\n                                                                                                                                                        <div class=\"yoga-event-item\">\n                                                        <span class=\"event-day\">09 Marzo<\/span>\n                                                        <a href=\"https:\/\/eventiyoga.it\/eventi-yoga\/anukalana_yoga_movimento_dolce_e_respiro_per_corpo_e_mente-6953\" class=\"yoga-event-link \">Anukalana Yoga: movimento dolce e respiro per corpo e mente<\/a>\n                                                    <\/div>\n                                                                                                                                                        <div class=\"yoga-event-item\">\n                                                        <span class=\"event-day\">12 Marzo<\/span>\n                                                        <a href=\"https:\/\/eventiyoga.it\/eventi-yoga\/yoga_sulla_sedia_dolce_sicuro_per_muoversi_con_leggerezza-6954\" class=\"yoga-event-link \">Yoga sulla sedia: dolce, sicuro per muoversi con leggerezza<\/a>\n                                                    <\/div>\n                                                                                            <\/div>\n                                        <\/div>\n                                                                                                                        <\/div>\n                                                                                <div class=\"yoga-region \">\n                            <h2 class=\"yoga-region-title\">Marche<\/h2>\n                                                                                                                                        <div class=\"yoga-province\">\n                                            <h3 class=\"yoga-province-title\">Macerata<\/h3>\n                                            <div class=\"yoga-events-list\">\n                                                                                                                                                        <div class=\"yoga-event-item\">\n                                                        <span class=\"event-day\">30 Marzo<\/span>\n                                                        <a href=\"https:\/\/eventiyoga.it\/eventi-yoga\/corso_base_di_yoga_per_chi_inizia_da_zero_yoga_civitanova_marche-6806\" class=\"yoga-event-link \">Corso Base di Yoga per chi inizia da zero | Yoga Civitanova Marche<\/a>\n                                                    <\/div>\n                                                                                            <\/div>\n                                        <\/div>\n                                                                                                                        <\/div>\n                                                                                <div class=\"yoga-region \">\n                            <h2 class=\"yoga-region-title\">Piemonte<\/h2>\n                                                                                                                                        <div class=\"yoga-province\">\n                                            <h3 class=\"yoga-province-title\">Cuneo<\/h3>\n                                            <div class=\"yoga-events-list\">\n                                                                                                                                                        <div class=\"yoga-event-item\">\n                                                        <span class=\"event-day\">21 Marzo<\/span>\n                                                        <a href=\"https:\/\/eventiyoga.it\/eventi-yoga\/formazione_yoga_qiyoga_integrale-6375\" class=\"yoga-event-link \">Formazione Yoga: Qiyoga integrale<\/a>\n                                                    <\/div>\n                                                                                            <\/div>\n                                        <\/div>\n                                                                                                                                                <div class=\"yoga-province\">\n                                            <h3 class=\"yoga-province-title\">Torino<\/h3>\n                                            <div class=\"yoga-events-list\">\n                                                                                                                                                        <div class=\"yoga-event-item\">\n                                                        <span class=\"event-day\">17 Marzo<\/span>\n                                                        <a href=\"https:\/\/eventiyoga.it\/eventi-yoga\/hatha_vinyasa_energia_e_leggerezza-7015\" class=\"yoga-event-link \">Hatha Vinyasa \u2013 energia e leggerezza<\/a>\n                                                    <\/div>\n                                                                                                                                                        <div class=\"yoga-event-item\">\n                                                        <span class=\"event-day\">18 Marzo<\/span>\n                                                        <a href=\"https:\/\/eventiyoga.it\/eventi-yoga\/hatha_vinyasa_energia_e_leggerezza-7016\" class=\"yoga-event-link \">Hatha Vinyasa \u2013 energia e leggerezza<\/a>\n                                                    <\/div>\n                                                                                                                                                        <div class=\"yoga-event-item\">\n                                                        <span class=\"event-day\">19 Marzo<\/span>\n                                                        <a href=\"https:\/\/eventiyoga.it\/eventi-yoga\/ashtanga_guidata_forza_respiro_e_fluidit-7018\" class=\"yoga-event-link \">Ashtanga guidata -forza, respiro e fluidit\u00e0 <\/a>\n                                                    <\/div>\n                                                                                            <\/div>\n                                        <\/div>\n                                                                                                                        <\/div>\n                                                                                <div class=\"yoga-region \">\n                            <h2 class=\"yoga-region-title\">Toscana<\/h2>\n                                                                                                                                        <div class=\"yoga-province\">\n                                            <h3 class=\"yoga-province-title\">Livorno<\/h3>\n                                            <div class=\"yoga-events-list\">\n                                                                                                                                                        <div class=\"yoga-event-item\">\n                                                        <span class=\"event-day\">27 Marzo<\/span>\n                                                        <a href=\"https:\/\/eventiyoga.it\/eventi-yoga\/percorso_formativo_sul_pranayama_lascia_che_la_vita_respiri_in_te-6650\" class=\"yoga-event-link \">Percorso formativo sul Pranayama: lascia che la vita respiri in te!<\/a>\n                                                    <\/div>\n                                                                                            <\/div>\n                                        <\/div>\n                                                                                                                        <\/div>\n                                                                                <div class=\"yoga-region \">\n                            <h2 class=\"yoga-region-title\">Umbria<\/h2>\n                                                                                                                                        <div class=\"yoga-province\">\n                                            <h3 class=\"yoga-province-title\">Perugia<\/h3>\n                                            <div class=\"yoga-events-list\">\n                                                                                                                                                        <div class=\"yoga-event-item\">\n                                                        <span class=\"event-day\">01 Marzo<\/span>\n                                                        <a href=\"https:\/\/eventiyoga.it\/eventi-yoga\/formazione_yoga_istruttori_e_master_pillole_di_yoga_ottobre_2025_dicembre_2026-5431\" class=\"yoga-event-link \">FORMAZIONE YOGA ISTRUTTORI E MASTER PILLOLE DI YOGA-OTTOBRE 2025-DICEMBRE 2026<\/a>\n                                                    <\/div>\n                                                                                                                                                        <div class=\"yoga-event-item\">\n                                                        <span class=\"event-day\">06 Marzo<\/span>\n                                                        <a href=\"https:\/\/eventiyoga.it\/eventi-yoga\/corso_di_formazione_insegnanti_yoga-5625\" class=\"yoga-event-link \">Corso di Formazione Insegnanti Yoga<\/a>\n                                                    <\/div>\n                                                                                            <\/div>\n                                        <\/div>\n                                                                                                                        <\/div>\n                                                        <\/div>\n        \n\n\n\n<hr class=\"wp-block-separator has-text-color has-white-color has-css-opacity has-white-background-color has-background\"\/>\n\n\n\n<h2 class=\"wp-block-heading\" id=\"h-aprile\">Aprile<\/h2>\n\n\n\n<div style=\"height: 12px; background: linear-gradient(90deg, #667eea 0%, #764ba2 50%, #f093fb 100%); border-radius: 6px;\"><\/div>\n<p style=\"color: #555555; font-size: 23px; margin-top: 15px; font-style: italic;\">\ud83d\udc23 Pasqua e ponti primaverili: il momento perfetto per rigenerarsi<\/p>\n\n\n        <div class=\"yoga-events-regions-container\">\n            <!-- Online Events Section -->\n                            <div class=\"yoga-region\">\n                    <h2 class=\"yoga-region-title\">Eventi Yoga Online<\/h2>\n                    <div class=\"yoga-events-list\">\n                                                                                <div class=\"yoga-event-item\">\n                                <span class=\"event-day\">08 Aprile<\/span>\n                                <a href=\"https:\/\/eventiyoga.it\/eventi-yoga\/yoga_per_runner_40_metodo_recupero_intelligente-7133\" class=\"yoga-event-link \">Yoga per Runner 40+: Metodo Recupero Intelligente<\/a>\n                            <\/div>\n                                                                                <div class=\"yoga-event-item\">\n                                <span class=\"event-day\">09 Aprile<\/span>\n                                <a href=\"https:\/\/eventiyoga.it\/eventi-yoga\/ritorno_al_presente-7230\" class=\"yoga-event-link \">RITORNO AL PRESENTE<\/a>\n                            <\/div>\n                                                                                <div class=\"yoga-event-item\">\n                                <span class=\"event-day\">29 Aprile<\/span>\n                                <a href=\"https:\/\/eventiyoga.it\/eventi-yoga\/principi_di_nutrizione_ayurvedica_videocorso_online_su_corsi_it-7326\" class=\"yoga-event-link \">Principi di Nutrizione Ayurvedica \u2013 Videocorso online su Corsi.it<\/a>\n                            <\/div>\n                                            <\/div>\n                <\/div>\n            \n            <!-- Offline Events by Regions -->\n                                                                        <div class=\"yoga-region \">\n                            <h2 class=\"yoga-region-title\">Basilicata<\/h2>\n                                                                                                                                        <div class=\"yoga-province\">\n                                            <h3 class=\"yoga-province-title\">Potenza<\/h3>\n                                            <div class=\"yoga-events-list\">\n                                                                                                                                                        <div class=\"yoga-event-item\">\n                                                        <span class=\"event-day\">26 Aprile<\/span>\n                                                        <a href=\"https:\/\/eventiyoga.it\/eventi-yoga\/anna_yoga_il_cibo_come_via_di_consapevolezza-7162\" class=\"yoga-event-link \">ANNA YOGA- il Cibo come Via di Consapevolezza<\/a>\n                                                    <\/div>\n                                                                                            <\/div>\n                                        <\/div>\n                                                                                                                        <\/div>\n                                                                                <div class=\"yoga-region \">\n                            <h2 class=\"yoga-region-title\">Campania<\/h2>\n                                                                                                                                        <div class=\"yoga-province\">\n                                            <h3 class=\"yoga-province-title\">Napoli<\/h3>\n                                            <div class=\"yoga-events-list\">\n                                                                                                                                                        <div class=\"yoga-event-item\">\n                                                        <span class=\"event-day\">24 Aprile<\/span>\n                                                        <a href=\"https:\/\/eventiyoga.it\/eventi-yoga\/ischia_sacra-6228\" class=\"yoga-event-link \">ISCHIA SACRA<\/a>\n                                                    <\/div>\n                                                                                            <\/div>\n                                        <\/div>\n                                                                                                                                                <div class=\"yoga-province\">\n                                            <h3 class=\"yoga-province-title\">Salerno<\/h3>\n                                            <div class=\"yoga-events-list\">\n                                                                                                                                                        <div class=\"yoga-event-item\">\n                                                        <span class=\"event-day\">16 Aprile<\/span>\n                                                        <a href=\"https:\/\/eventiyoga.it\/eventi-yoga\/yoga_breackfast-7252\" class=\"yoga-event-link \">Yoga &amp; Breackfast<\/a>\n                                                    <\/div>\n                                                                                            <\/div>\n                                        <\/div>\n                                                                                                                        <\/div>\n                                                                                <div class=\"yoga-region \">\n                            <h2 class=\"yoga-region-title\">Emilia Romagna<\/h2>\n                                                                                                                                        <div class=\"yoga-province\">\n                                            <h3 class=\"yoga-province-title\">Bologna<\/h3>\n                                            <div class=\"yoga-events-list\">\n                                                                                                                                                        <div class=\"yoga-event-item\">\n                                                        <span class=\"event-day\">11 Aprile<\/span>\n                                                        <a href=\"https:\/\/eventiyoga.it\/eventi-yoga\/workshop_sui_chakra_tra_yoga_osteopatia-7237\" class=\"yoga-event-link \">Workshop sui Chakra tra Yoga &amp; Osteopatia<\/a>\n                                                    <\/div>\n                                                                                                                                                        <div class=\"yoga-event-item\">\n                                                        <span class=\"event-day\">30 Aprile<\/span>\n                                                        <a href=\"https:\/\/eventiyoga.it\/eventi-yoga\/ritiro_detox_30_aprile_3_maggio-6531\" class=\"yoga-event-link \">Ritiro Detox | 30 Aprile - 3 Maggio<\/a>\n                                                    <\/div>\n                                                                                            <\/div>\n                                        <\/div>\n                                                                                                                                                <div class=\"yoga-province\">\n                                            <h3 class=\"yoga-province-title\">Ravenna<\/h3>\n                                            <div class=\"yoga-events-list\">\n                                                                                                                                                        <div class=\"yoga-event-item\">\n                                                        <span class=\"event-day\">26 Aprile<\/span>\n                                                        <a href=\"https:\/\/eventiyoga.it\/eventi-yoga\/formazione_36_ore_qi_gong-6886\" class=\"yoga-event-link \">FORMAZIONE 36 ORE QI GONG<\/a>\n                                                    <\/div>\n                                                                                            <\/div>\n                                        <\/div>\n                                                                                                                        <\/div>\n                                                                                <div class=\"yoga-region \">\n                            <h2 class=\"yoga-region-title\">Lazio<\/h2>\n                                                                                                                                        <div class=\"yoga-province\">\n                                            <h3 class=\"yoga-province-title\">Frosinone<\/h3>\n                                            <div class=\"yoga-events-list\">\n                                                                                                                                                        <div class=\"yoga-event-item\">\n                                                        <span class=\"event-day\">29 Aprile<\/span>\n                                                        <a href=\"https:\/\/eventiyoga.it\/eventi-yoga\/yoga_cavalli_e_natura_ritiro_a_pescosolido_parco_nazionale_d_abruzzo-6666\" class=\"yoga-event-link \">Yoga, Cavalli e Natura: Ritiro a Pescosolido, Parco Nazionale d\u2019Abruzzo<\/a>\n                                                    <\/div>\n                                                                                            <\/div>\n                                        <\/div>\n                                                                                                                                                <div class=\"yoga-province\">\n                                            <h3 class=\"yoga-province-title\">Latina<\/h3>\n                                            <div class=\"yoga-events-list\">\n                                                                                                                                                        <div class=\"yoga-event-item\">\n                                                        <span class=\"event-day\">30 Aprile<\/span>\n                                                        <a href=\"https:\/\/eventiyoga.it\/eventi-yoga\/ritiro_tantra_e_yoga_a_ventotene_il_fluire_della_gioia-6542\" class=\"yoga-event-link \">Ritiro Tantra e Yoga a Ventotene | Il Fluire della Gioia<\/a>\n                                                    <\/div>\n                                                                                            <\/div>\n                                        <\/div>\n                                                                                                                                                <div class=\"yoga-province\">\n                                            <h3 class=\"yoga-province-title\">Roma<\/h3>\n                                            <div class=\"yoga-events-list\">\n                                                                                                                                                        <div class=\"yoga-event-item\">\n                                                        <span class=\"event-day\">01 Aprile<\/span>\n                                                        <a href=\"https:\/\/eventiyoga.it\/eventi-yoga\/hatha_e_raja_yoga_a_porta_pia_anche_online-6154\" class=\"yoga-event-link \">HATHA E RAJA YOGA a Porta Pia (anche online)<\/a>\n                                                    <\/div>\n                                                                                                                                                        <div class=\"yoga-event-item\">\n                                                        <span class=\"event-day\">01 Aprile<\/span>\n                                                        <a href=\"https:\/\/eventiyoga.it\/eventi-yoga\/dirette_online_yoga_meditazione_nidra_filosofia-6110\" class=\"yoga-event-link \">DIRETTE ONLINE \u2013 Yoga, Meditazione, Nidra, Filosofia\u2026<\/a>\n                                                    <\/div>\n                                                                                                                                                        <div class=\"yoga-event-item\">\n                                                        <span class=\"event-day\">01 Aprile<\/span>\n                                                        <a href=\"https:\/\/eventiyoga.it\/eventi-yoga\/kundalini_yoga_a_porta_pia_anche_online-6161\" class=\"yoga-event-link \">KUNDALINI YOGA a Porta Pia (anche online)<\/a>\n                                                    <\/div>\n                                                                                                                                                        <div class=\"yoga-event-item\">\n                                                        <span class=\"event-day\">01 Aprile<\/span>\n                                                        <a href=\"https:\/\/eventiyoga.it\/eventi-yoga\/sedute_individuali_di_yoga_reiki_e_massaggi-6117\" class=\"yoga-event-link \">SEDUTE INDIVIDUALI DI YOGA, REIKI E MASSAGGI<\/a>\n                                                    <\/div>\n                                                                                            <\/div>\n                                        <\/div>\n                                                                                                                        <\/div>\n                                                                                <div class=\"yoga-region \">\n                            <h2 class=\"yoga-region-title\">Liguria<\/h2>\n                                                                                                                                        <div class=\"yoga-province\">\n                                            <h3 class=\"yoga-province-title\">Genova<\/h3>\n                                            <div class=\"yoga-events-list\">\n                                                                                                                                                        <div class=\"yoga-event-item\">\n                                                        <span class=\"event-day\">30 Aprile<\/span>\n                                                        <a href=\"https:\/\/eventiyoga.it\/eventi-yoga\/terra_mantra_ashram_stay-6358\" class=\"yoga-event-link \">TERRA MANTRA ASHRAM STAY<\/a>\n                                                    <\/div>\n                                                                                            <\/div>\n                                        <\/div>\n                                                                                                                        <\/div>\n                                                                                <div class=\"yoga-region \">\n                            <h2 class=\"yoga-region-title\">Lombardia<\/h2>\n                                                                                                                                        <div class=\"yoga-province\">\n                                            <h3 class=\"yoga-province-title\">Brescia<\/h3>\n                                            <div class=\"yoga-events-list\">\n                                                                                                                                                        <div class=\"yoga-event-item\">\n                                                        <span class=\"event-day\">18 Aprile<\/span>\n                                                        <a href=\"https:\/\/eventiyoga.it\/eventi-yoga\/myoyin_fascia_rilascio_miofasciale_e_yin_yoga-5898\" class=\"yoga-event-link \">MyoYin (Fascia \u2013 Rilascio Miofasciale e Yin Yoga)<\/a>\n                                                    <\/div>\n                                                                                            <\/div>\n                                        <\/div>\n                                                                                                                                                <div class=\"yoga-province\">\n                                            <h3 class=\"yoga-province-title\">Milano<\/h3>\n                                            <div class=\"yoga-events-list\">\n                                                                                                                                                        <div class=\"yoga-event-item\">\n                                                        <span class=\"event-day\">11 Aprile<\/span>\n                                                        <a href=\"https:\/\/eventiyoga.it\/eventi-yoga\/jyotir_teacher_training_modulo_2_30_ore_yoga_alliance-5873\" class=\"yoga-event-link \">JYOTIR TEACHER TRAINING Modulo 2  \u2013 30 Ore Yoga Alliance<\/a>\n                                                    <\/div>\n                                                                                                                                                        <div class=\"yoga-event-item\">\n                                                        <span class=\"event-day\">25 Aprile<\/span>\n                                                        <a href=\"https:\/\/eventiyoga.it\/eventi-yoga\/l_arte_di_assistere_advanced_yoga_teacher_training_50_yacep-6604\" class=\"yoga-event-link \">L\u2019arte di assistere. Advanced Yoga Teacher Training 50 YACEP\u00ae<\/a>\n                                                    <\/div>\n                                                                                            <\/div>\n                                        <\/div>\n                                                                                                                        <\/div>\n                                                                                <div class=\"yoga-region \">\n                            <h2 class=\"yoga-region-title\">Marche<\/h2>\n                                                                                                                                        <div class=\"yoga-province\">\n                                            <h3 class=\"yoga-province-title\">Macerata<\/h3>\n                                            <div class=\"yoga-events-list\">\n                                                                                                                                                        <div class=\"yoga-event-item\">\n                                                        <span class=\"event-day\">09 Aprile<\/span>\n                                                        <a href=\"https:\/\/eventiyoga.it\/eventi-yoga\/yoga_per_il_mal_di_schiena_lezioni_settimanali_a_piccoli_gruppi-6902\" class=\"yoga-event-link \">Yoga per il mal di schiena: lezioni settimanali a piccoli gruppi<\/a>\n                                                    <\/div>\n                                                                                                                                                        <div class=\"yoga-event-item\">\n                                                        <span class=\"event-day\">13 Aprile<\/span>\n                                                        <a href=\"https:\/\/eventiyoga.it\/eventi-yoga\/yoga_dolce_per_chi_non_ha_mai_praticato_un_percorso_graduale_civitanova-6937\" class=\"yoga-event-link \">Yoga dolce per chi non ha mai praticato: un percorso graduale | Civitanova<\/a>\n                                                    <\/div>\n                                                                                            <\/div>\n                                        <\/div>\n                                                                                                                        <\/div>\n                                                                                <div class=\"yoga-region \">\n                            <h2 class=\"yoga-region-title\">Piemonte<\/h2>\n                                                                                                                                        <div class=\"yoga-province\">\n                                            <h3 class=\"yoga-province-title\">Asti<\/h3>\n                                            <div class=\"yoga-events-list\">\n                                                                                                                                                        <div class=\"yoga-event-item\">\n                                                        <span class=\"event-day\">30 Aprile<\/span>\n                                                        <a href=\"https:\/\/eventiyoga.it\/eventi-yoga\/ritiro_yoga_nelle_langhe_dal_30_aprile_al_3_maggio_2026-6804\" class=\"yoga-event-link \">Ritiro yoga nelle Langhe dal 30 aprile al 3 maggio 2026<\/a>\n                                                    <\/div>\n                                                                                            <\/div>\n                                        <\/div>\n                                                                                                                                                <div class=\"yoga-province\">\n                                            <h3 class=\"yoga-province-title\">Cuneo<\/h3>\n                                            <div class=\"yoga-events-list\">\n                                                                                                                                                        <div class=\"yoga-event-item\">\n                                                        <span class=\"event-day\">08 Aprile<\/span>\n                                                        <a href=\"https:\/\/eventiyoga.it\/eventi-yoga\/so_ham_yoga_ritrova_il_tuo_equilibrio_interiore-7217\" class=\"yoga-event-link \">So Ham Yoga: Ritrova il Tuo Equilibrio Interiore<\/a>\n                                                    <\/div>\n                                                                                                                                                        <div class=\"yoga-event-item\">\n                                                        <span class=\"event-day\">14 Aprile<\/span>\n                                                        <a href=\"https:\/\/eventiyoga.it\/eventi-yoga\/aprile_dolce_dormire-7243\" class=\"yoga-event-link \">APRILE DOLCE DORMIRE<\/a>\n                                                    <\/div>\n                                                                                            <\/div>\n                                        <\/div>\n                                                                                                                        <\/div>\n                                                                                <div class=\"yoga-region \">\n                            <h2 class=\"yoga-region-title\">Puglia<\/h2>\n                                                                                                                                        <div class=\"yoga-province\">\n                                            <h3 class=\"yoga-province-title\">Brindisi<\/h3>\n                                            <div class=\"yoga-events-list\">\n                                                                                                                                                        <div class=\"yoga-event-item\">\n                                                        <span class=\"event-day\">30 Aprile<\/span>\n                                                        <a href=\"https:\/\/eventiyoga.it\/eventi-yoga\/blooming_senses_itria_valley_apulia-6493\" class=\"yoga-event-link \">Blooming Senses - Itria Valley Apulia<\/a>\n                                                    <\/div>\n                                                                                            <\/div>\n                                        <\/div>\n                                                                                                                                                <div class=\"yoga-province\">\n                                            <h3 class=\"yoga-province-title\">Lecce<\/h3>\n                                            <div class=\"yoga-events-list\">\n                                                                                                                                                        <div class=\"yoga-event-item\">\n                                                        <span class=\"event-day\">25 Aprile<\/span>\n                                                        <a href=\"https:\/\/eventiyoga.it\/eventi-yoga\/fuga_italiana_zagyoga_2026-6534\" class=\"yoga-event-link \">Fuga italiana Zagyoga 2026<\/a>\n                                                    <\/div>\n                                                                                                                                                        <div class=\"yoga-event-item\">\n                                                        <span class=\"event-day\">25 Aprile<\/span>\n                                                        <a href=\"https:\/\/eventiyoga.it\/eventi-yoga\/100_hours_advanced_teacher_training-6533\" class=\"yoga-event-link \">100 Hours Advanced Teacher Training<\/a>\n                                                    <\/div>\n                                                                                            <\/div>\n                                        <\/div>\n                                                                                                                        <\/div>\n                                                                                <div class=\"yoga-region \">\n                            <h2 class=\"yoga-region-title\">Sardegna<\/h2>\n                                                                                                                                        <div class=\"yoga-province\">\n                                            <h3 class=\"yoga-province-title\">Cagliari<\/h3>\n                                            <div class=\"yoga-events-list\">\n                                                                                                                                                        <div class=\"yoga-event-item\">\n                                                        <span class=\"event-day\">30 Aprile<\/span>\n                                                        <a href=\"https:\/\/eventiyoga.it\/eventi-yoga\/ritiro_di_yoga_sciamanesimo_in_sardegna-7030\" class=\"yoga-event-link \">Ritiro di Yoga &amp; Sciamanesimo in Sardegna<\/a>\n                                                    <\/div>\n                                                                                            <\/div>\n                                        <\/div>\n                                                                                                                                                <div class=\"yoga-province\">\n                                            <h3 class=\"yoga-province-title\">Oristano<\/h3>\n                                            <div class=\"yoga-events-list\">\n                                                                                                                                                        <div class=\"yoga-event-item\">\n                                                        <span class=\"event-day\">30 Aprile<\/span>\n                                                        <a href=\"https:\/\/eventiyoga.it\/eventi-yoga\/5_giorni_in_sardegna_un_viaggio_tra_natura_yoga_e_la_saggezza_del_cavallo-6828\" class=\"yoga-event-link \">5 GIORNI IN SARDEGNA, UN VIAGGIO TRA NATURA, YOGA E LA SAGGEZZA DEL CAVALLO<\/a>\n                                                    <\/div>\n                                                                                            <\/div>\n                                        <\/div>\n                                                                                                                                                <div class=\"yoga-province\">\n                                            <h3 class=\"yoga-province-title\">Sassari<\/h3>\n                                            <div class=\"yoga-events-list\">\n                                                                                                                                                        <div class=\"yoga-event-item\">\n                                                        <span class=\"event-day\">30 Aprile<\/span>\n                                                        <a href=\"https:\/\/eventiyoga.it\/eventi-yoga\/yoga_e_vela_per_rilassarsi-7104\" class=\"yoga-event-link \">Yoga e vela per rilassarsi <\/a>\n                                                    <\/div>\n                                                                                            <\/div>\n                                        <\/div>\n                                                                                                                        <\/div>\n                                                                                <div class=\"yoga-region \">\n                            <h2 class=\"yoga-region-title\">Sicilia<\/h2>\n                                                                                                                                        <div class=\"yoga-province\">\n                                            <h3 class=\"yoga-province-title\">Trapani<\/h3>\n                                            <div class=\"yoga-events-list\">\n                                                                                                                                                        <div class=\"yoga-event-item\">\n                                                        <span class=\"event-day\">29 Aprile<\/span>\n                                                        <a href=\"https:\/\/eventiyoga.it\/eventi-yoga\/riconnettiti_alla_saggezza_del_tuo_corpo-6510\" class=\"yoga-event-link \">Riconnettiti alla saggezza del tuo corpo<\/a>\n                                                    <\/div>\n                                                                                            <\/div>\n                                        <\/div>\n                                                                                                                        <\/div>\n                                                                                <div class=\"yoga-region \">\n                            <h2 class=\"yoga-region-title\">Toscana<\/h2>\n                                                                                                                                        <div class=\"yoga-province\">\n                                            <h3 class=\"yoga-province-title\">Grosseto<\/h3>\n                                            <div class=\"yoga-events-list\">\n                                                                                                                                                        <div class=\"yoga-event-item\">\n                                                        <span class=\"event-day\">04 Aprile<\/span>\n                                                        <a href=\"https:\/\/eventiyoga.it\/eventi-yoga\/yoga_e_horsemanship-6560\" class=\"yoga-event-link \">Yoga e Horsemanship<\/a>\n                                                    <\/div>\n                                                                                                                                                        <div class=\"yoga-event-item\">\n                                                        <span class=\"event-day\">29 Aprile<\/span>\n                                                        <a href=\"https:\/\/eventiyoga.it\/eventi-yoga\/isola_del_giglio_trekking_e_yoga-6477\" class=\"yoga-event-link \">ISOLA DEL GIGLIO: trekking e yoga<\/a>\n                                                    <\/div>\n                                                                                            <\/div>\n                                        <\/div>\n                                                                                                                                                <div class=\"yoga-province\">\n                                            <h3 class=\"yoga-province-title\">Livorno<\/h3>\n                                            <div class=\"yoga-events-list\">\n                                                                                                                                                        <div class=\"yoga-event-item\">\n                                                        <span class=\"event-day\">29 Aprile<\/span>\n                                                        <a href=\"https:\/\/eventiyoga.it\/eventi-yoga\/ritiro_in_toscana_con_nitya_ninad_la_tua_vera_natura-6428\" class=\"yoga-event-link \">Ritiro in Toscana con Nitya &amp; Ninad -  La tua Vera Natura<\/a>\n                                                    <\/div>\n                                                                                                                                                        <div class=\"yoga-event-item\">\n                                                        <span class=\"event-day\">30 Aprile<\/span>\n                                                        <a href=\"https:\/\/eventiyoga.it\/eventi-yoga\/yoga_in_barca_a_vela_retreat_isola_d_elba-6077\" class=\"yoga-event-link \">Yoga in barca a vela retreat \u2013 Isola d\u2019Elba<\/a>\n                                                    <\/div>\n                                                                                            <\/div>\n                                        <\/div>\n                                                                                                                                                <div class=\"yoga-province\">\n                                            <h3 class=\"yoga-province-title\">Pisa<\/h3>\n                                            <div class=\"yoga-events-list\">\n                                                                                                                                                        <div class=\"yoga-event-item\">\n                                                        <span class=\"event-day\">30 Aprile<\/span>\n                                                        <a href=\"https:\/\/eventiyoga.it\/eventi-yoga\/ritiro_yoga_in_natura_ponte_del_1_maggio_in_toscana-6648\" class=\"yoga-event-link \">Ritiro Yoga in Natura Ponte del 1 maggio in Toscana<\/a>\n                                                    <\/div>\n                                                                                            <\/div>\n                                        <\/div>\n                                                                                                                        <\/div>\n                                                                                <div class=\"yoga-region \">\n                            <h2 class=\"yoga-region-title\">Trentino Alto Adige<\/h2>\n                                                                                                                                        <div class=\"yoga-province\">\n                                            <h3 class=\"yoga-province-title\">Bolzano<\/h3>\n                                            <div class=\"yoga-events-list\">\n                                                                                                                                                        <div class=\"yoga-event-item\">\n                                                        <span class=\"event-day\">30 Aprile<\/span>\n                                                        <a href=\"https:\/\/eventiyoga.it\/eventi-yoga\/yoga_e_trekking_nel_cuore_della_val_di_funes_trentino_alto_adige-6541\" class=\"yoga-event-link \">Yoga e Trekking nel cuore della Val di Funes | Trentino Alto Adige<\/a>\n                                                    <\/div>\n                                                                                            <\/div>\n                                        <\/div>\n                                                                                                                        <\/div>\n                                                                                <div class=\"yoga-region \">\n                            <h2 class=\"yoga-region-title\">Umbria<\/h2>\n                                                                                                                                        <div class=\"yoga-province\">\n                                            <h3 class=\"yoga-province-title\">Perugia<\/h3>\n                                            <div class=\"yoga-events-list\">\n                                                                                                                                                        <div class=\"yoga-event-item\">\n                                                        <span class=\"event-day\">03 Aprile<\/span>\n                                                        <a href=\"https:\/\/eventiyoga.it\/eventi-yoga\/ahimsa_ritiri_yoga_di_primavera_gubbio_assisi_pasqua_25_aprile_1_maggio-5778\" class=\"yoga-event-link \">\u201cAHIMSA\u201dRITIRI YOGA DI PRIMAVERA \u2013 GUBBIO &amp; ASSISI-Pasqua-25 aprile-1\u00b0 maggio \u2013<\/a>\n                                                    <\/div>\n                                                                                                                                                        <div class=\"yoga-event-item\">\n                                                        <span class=\"event-day\">18 Aprile<\/span>\n                                                        <a href=\"https:\/\/eventiyoga.it\/eventi-yoga\/ekongkar_massage-6339\" class=\"yoga-event-link \">EkOngKar Massage<\/a>\n                                                    <\/div>\n                                                                                                                                                        <div class=\"yoga-event-item\">\n                                                        <span class=\"event-day\">23 Aprile<\/span>\n                                                        <a href=\"https:\/\/eventiyoga.it\/eventi-yoga\/ritiri_yoga_di_primavera_da_pasqua_al_1_maggio_gubbio_assisi-5780\" class=\"yoga-event-link \">Ritiri Yoga di Primavera | Da Pasqua al 1\u00b0 Maggio | Gubbio &amp; Assisi<\/a>\n                                                    <\/div>\n                                                                                                                                                        <div class=\"yoga-event-item\">\n                                                        <span class=\"event-day\">30 Aprile<\/span>\n                                                        <a href=\"https:\/\/eventiyoga.it\/eventi-yoga\/ahimsa_ritiri_yoga_di_primavera_pasqua_25_aprile_1_maggio_gubbio_assisi-5781\" class=\"yoga-event-link \">\u201cAHIMSA\u201dRITIRI YOGA DI PRIMAVERA -PASQUA -25 APRILE-1\u00b0MAGGIO- GUBBIO&amp;ASSISI<\/a>\n                                                    <\/div>\n                                                                                            <\/div>\n                                        <\/div>\n                                                                                                                        <\/div>\n                                                                                <div class=\"yoga-region yoga-region-estero\">\n                            <h2 class=\"yoga-region-title\">Estero<\/h2>\n                                                            <div class=\"yoga-events-list\">\n                                                                                                                                                                    <div class=\"yoga-event-item\">\n                                                <span class=\"event-day\">25 Aprile<\/span>\n                                                <a href=\"https:\/\/eventiyoga.it\/eventi-yoga\/viaggio_yoga_a_rishikesh_trekking_himalaya-6430\" class=\"yoga-event-link \">Viaggio Yoga a Rishikesh + Trekking Himalaya<\/a>\n                                            <\/div>\n                                                                                                            <\/div>\n                                                    <\/div>\n                                                        <\/div>\n        \n\n\n\n<hr class=\"wp-block-separator has-text-color has-white-color has-css-opacity has-white-background-color has-background\"\/>\n\n\n\n<h2 class=\"wp-block-heading\" id=\"h-maggio\">Maggio<\/h2>\n\n\n\n<div style=\"height: 12px; background: linear-gradient(90deg, #667eea 0%, #764ba2 50%, #f093fb 100%); border-radius: 6px;\"><\/div>\n<p style=\"color: #555555; font-size: 23px; margin-top: 15px; font-style: italic;\">\u2600\ufe0f La primavera nel pieno: ritiri all&#8217;aperto e prime vacanze al mare<\/p>\n\n\n        <div class=\"yoga-events-regions-container\">\n            <!-- Online Events Section -->\n                            <div class=\"yoga-region\">\n                    <h2 class=\"yoga-region-title\">Eventi Yoga Online<\/h2>\n                    <div class=\"yoga-events-list\">\n                                                                                <div class=\"yoga-event-item\">\n                                <span class=\"event-day\">05 Maggio<\/span>\n                                <a href=\"https:\/\/eventiyoga.it\/eventi-yoga\/yoga_per_chi_lavora_seduto_e_ha_la_schiena_rigida_consulenza_online-7128\" class=\"yoga-event-link promoted\">Yoga per chi lavora seduto e ha la schiena rigida | Consulenza Online<\/a>\n                            <\/div>\n                                                                                <div class=\"yoga-event-item\">\n                                <span class=\"event-day\">10 Maggio<\/span>\n                                <a href=\"https:\/\/eventiyoga.it\/eventi-yoga\/presentazione_online_ritiro_yoga_caprino_bergamasco_giugno-7282\" class=\"yoga-event-link \">Presentazione Online Ritiro Yoga Caprino Bergamasco Giugno<\/a>\n                            <\/div>\n                                                                                <div class=\"yoga-event-item\">\n                                <span class=\"event-day\">16 Maggio<\/span>\n                                <a href=\"https:\/\/eventiyoga.it\/eventi-yoga\/formazione_yoga_online_200_ore_con_scuola_tradizionale_indiana_in_italiano-238\" class=\"yoga-event-link \">Formazione Yoga Online 200 ore con scuola tradizionale indiana (in italiano)<\/a>\n                            <\/div>\n                                                                                <div class=\"yoga-event-item\">\n                                <span class=\"event-day\">22 Maggio<\/span>\n                                <a href=\"https:\/\/eventiyoga.it\/eventi-yoga\/lo_yogadarshana_e_lo_yoga_tantrico-7281\" class=\"yoga-event-link \">Lo Yogadarshana e lo Yoga tantrico<\/a>\n                            <\/div>\n                                            <\/div>\n                <\/div>\n            \n            <!-- Offline Events by Regions -->\n                                                                        <div class=\"yoga-region \">\n                            <h2 class=\"yoga-region-title\">Abruzzo<\/h2>\n                                                                                                                                        <div class=\"yoga-province\">\n                                            <h3 class=\"yoga-province-title\">Teramo<\/h3>\n                                            <div class=\"yoga-events-list\">\n                                                                                                                                                        <div class=\"yoga-event-item\">\n                                                        <span class=\"event-day\">01 Maggio<\/span>\n                                                        <a href=\"https:\/\/eventiyoga.it\/eventi-yoga\/ponte_del_01_maggio_in_abruzzo-7218\" class=\"yoga-event-link \">Ponte del 01 Maggio in Abruzzo <\/a>\n                                                    <\/div>\n                                                                                                                                                        <div class=\"yoga-event-item\">\n                                                        <span class=\"event-day\">01 Maggio<\/span>\n                                                        <a href=\"https:\/\/eventiyoga.it\/eventi-yoga\/in_bloom_fiorisci-6548\" class=\"yoga-event-link \">IN BLOOM (FIORISCI)<\/a>\n                                                    <\/div>\n                                                                                            <\/div>\n                                        <\/div>\n                                                                                                                        <\/div>\n                                                                                <div class=\"yoga-region \">\n                            <h2 class=\"yoga-region-title\">Calabria<\/h2>\n                                                                                                                                        <div class=\"yoga-province\">\n                                            <h3 class=\"yoga-province-title\">Catanzaro<\/h3>\n                                            <div class=\"yoga-events-list\">\n                                                                                                                                                        <div class=\"yoga-event-item\">\n                                                        <span class=\"event-day\">29 Maggio<\/span>\n                                                        <a href=\"https:\/\/eventiyoga.it\/eventi-yoga\/residenziale_di_kundalini_yoga_e_teatro_in_calabria-6865\" class=\"yoga-event-link \">Residenziale di Kundalini yoga e Teatro in Calabria<\/a>\n                                                    <\/div>\n                                                                                            <\/div>\n                                        <\/div>\n                                                                                                                        <\/div>\n                                                                                <div class=\"yoga-region \">\n                            <h2 class=\"yoga-region-title\">Campania<\/h2>\n                                                                                                                                        <div class=\"yoga-province\">\n                                            <h3 class=\"yoga-province-title\">Napoli<\/h3>\n                                            <div class=\"yoga-events-list\">\n                                                                                                                                                        <div class=\"yoga-event-item\">\n                                                        <span class=\"event-day\">01 Maggio<\/span>\n                                                        <a href=\"https:\/\/eventiyoga.it\/eventi-yoga\/sacro_femminile_fonte_delle_ninfe_di_nitrodi_ischia-6223\" class=\"yoga-event-link \">Sacro Femminile Fonte delle Ninfe di Nitrodi Ischia<\/a>\n                                                    <\/div>\n                                                                                                                                                        <div class=\"yoga-event-item\">\n                                                        <span class=\"event-day\">23 Maggio<\/span>\n                                                        <a href=\"https:\/\/eventiyoga.it\/eventi-yoga\/parco_delle_ninfe_di_nitrodi_ischia-6500\" class=\"yoga-event-link \">Parco delle Ninfe di Nitrodi \u2013 Ischia<\/a>\n                                                    <\/div>\n                                                                                                                                                        <div class=\"yoga-event-item\">\n                                                        <span class=\"event-day\">30 Maggio<\/span>\n                                                        <a href=\"https:\/\/eventiyoga.it\/eventi-yoga\/ritiro_yoga_ischia_yoga_retreat_sull_isola_d_ischia-6551\" class=\"yoga-event-link \">Ritiro Yoga Ischia | Yoga Retreat sull&#039;Isola D&#039;Ischia<\/a>\n                                                    <\/div>\n                                                                                            <\/div>\n                                        <\/div>\n                                                                                                                                                <div class=\"yoga-province\">\n                                            <h3 class=\"yoga-province-title\">Salerno<\/h3>\n                                            <div class=\"yoga-events-list\">\n                                                                                                                                                        <div class=\"yoga-event-item\">\n                                                        <span class=\"event-day\">30 Maggio<\/span>\n                                                        <a href=\"https:\/\/eventiyoga.it\/eventi-yoga\/yoga_e_barca_a_vela_retreat_costiera_amalfitana_e_capri-6076\" class=\"yoga-event-link \">Yoga e barca a vela Retreat \u2013 Costiera Amalfitana e Capri<\/a>\n                                                    <\/div>\n                                                                                                                                                        <div class=\"yoga-event-item\">\n                                                        <span class=\"event-day\">30 Maggio<\/span>\n                                                        <a href=\"https:\/\/eventiyoga.it\/eventi-yoga\/ritiro_yoga_in_cilento-6907\" class=\"yoga-event-link \">Ritiro Yoga in Cilento<\/a>\n                                                    <\/div>\n                                                                                            <\/div>\n                                        <\/div>\n                                                                                                                        <\/div>\n                                                                                <div class=\"yoga-region \">\n                            <h2 class=\"yoga-region-title\">Emilia Romagna<\/h2>\n                                                                                                                                        <div class=\"yoga-province\">\n                                            <h3 class=\"yoga-province-title\">Bologna<\/h3>\n                                            <div class=\"yoga-events-list\">\n                                                                                                                                                        <div class=\"yoga-event-item\">\n                                                        <span class=\"event-day\">01 Maggio<\/span>\n                                                        <a href=\"https:\/\/eventiyoga.it\/eventi-yoga\/mindfulness_e_bioenergetica_1_2_3_maggio_pianoro_bologna-6920\" class=\"yoga-event-link \">Mindfulness e Bioenergetica | 1-2-3 Maggio | Pianoro (Bologna)<\/a>\n                                                    <\/div>\n                                                                                                                                                        <div class=\"yoga-event-item\">\n                                                        <span class=\"event-day\">02 Maggio<\/span>\n                                                        <a href=\"https:\/\/eventiyoga.it\/eventi-yoga\/ti_regalo_una_giornata_di_benessere_pianoro_bo-6923\" class=\"yoga-event-link \">Ti regalo una giornata di benessere | Pianoro BO<\/a>\n                                                    <\/div>\n                                                                                                                                                        <div class=\"yoga-event-item\">\n                                                        <span class=\"event-day\">08 Maggio<\/span>\n                                                        <a href=\"https:\/\/eventiyoga.it\/eventi-yoga\/sound_healing_retreat_pianoro_bo-6924\" class=\"yoga-event-link \">Sound Healing Retreat | Pianoro BO<\/a>\n                                                    <\/div>\n                                                                                                                                                        <div class=\"yoga-event-item\">\n                                                        <span class=\"event-day\">08 Maggio<\/span>\n                                                        <a href=\"https:\/\/eventiyoga.it\/eventi-yoga\/reset_attraverso_il_suono_ritiro_yoga-6822\" class=\"yoga-event-link \">Reset attraverso il Suono \u2013 Ritiro Yoga \u2728<\/a>\n                                                    <\/div>\n                                                                                                                                                        <div class=\"yoga-event-item\">\n                                                        <span class=\"event-day\">09 Maggio<\/span>\n                                                        <a href=\"https:\/\/eventiyoga.it\/eventi-yoga\/seminario_di_danze_meditative_con_joyce_dijkstra-7206\" class=\"yoga-event-link \">SEMINARIO DI DANZE MEDITATIVE CON JOYCE DIJKSTRA<\/a>\n                                                    <\/div>\n                                                                                                                                                        <div class=\"yoga-event-item\">\n                                                        <span class=\"event-day\">22 Maggio<\/span>\n                                                        <a href=\"https:\/\/eventiyoga.it\/eventi-yoga\/merigar_yoga_retreat_2026_la_danza_dell_universo-7198\" class=\"yoga-event-link \">MERIGAR YOGA RETREAT 2026 | LA DANZA DELL\u2019UNIVERSO<\/a>\n                                                    <\/div>\n                                                                                                                                                        <div class=\"yoga-event-item\">\n                                                        <span class=\"event-day\">23 Maggio<\/span>\n                                                        <a href=\"https:\/\/eventiyoga.it\/eventi-yoga\/sahaja_mandala_flow-7126\" class=\"yoga-event-link \">SAHAJA MANDALA FLOW<\/a>\n                                                    <\/div>\n                                                                                            <\/div>\n                                        <\/div>\n                                                                                                                                                <div class=\"yoga-province\">\n                                            <h3 class=\"yoga-province-title\">Forl\u00ec-Cesena<\/h3>\n                                            <div class=\"yoga-events-list\">\n                                                                                                                                                        <div class=\"yoga-event-item\">\n                                                        <span class=\"event-day\">08 Maggio<\/span>\n                                                        <a href=\"https:\/\/eventiyoga.it\/eventi-yoga\/yoga_elite_terme_esclusivo_per_5-6932\" class=\"yoga-event-link \">Yoga Elite &amp; Terme: Esclusivo per 5<\/a>\n                                                    <\/div>\n                                                                                                                                                        <div class=\"yoga-event-item\">\n                                                        <span class=\"event-day\">10 Maggio<\/span>\n                                                        <a href=\"https:\/\/eventiyoga.it\/eventi-yoga\/shala_spa_yoga_meditazione_brunch_e_relax-7273\" class=\"yoga-event-link \">SHALA &amp; SPA (Yoga, Meditazione, Brunch e Relax)<\/a>\n                                                    <\/div>\n                                                                                                                                                        <div class=\"yoga-event-item\">\n                                                        <span class=\"event-day\">22 Maggio<\/span>\n                                                        <a href=\"https:\/\/eventiyoga.it\/eventi-yoga\/ritiro_del_fuoco_e_dell_acqua_a_bagno_di_romagna-7270\" class=\"yoga-event-link \">Ritiro del Fuoco e dell&#039;Acqua a Bagno di Romagna<\/a>\n                                                    <\/div>\n                                                                                                                                                        <div class=\"yoga-event-item\">\n                                                        <span class=\"event-day\">30 Maggio<\/span>\n                                                        <a href=\"https:\/\/eventiyoga.it\/eventi-yoga\/yoga_natura_in_romagna-6957\" class=\"yoga-event-link \">Yoga &amp; Natura in Romagna<\/a>\n                                                    <\/div>\n                                                                                            <\/div>\n                                        <\/div>\n                                                                                                                                                <div class=\"yoga-province\">\n                                            <h3 class=\"yoga-province-title\">Modena<\/h3>\n                                            <div class=\"yoga-events-list\">\n                                                                                                                                                        <div class=\"yoga-event-item\">\n                                                        <span class=\"event-day\">01 Maggio<\/span>\n                                                        <a href=\"https:\/\/eventiyoga.it\/eventi-yoga\/fiorire_ritiro_di_yoga_e_authentic_relating-6342\" class=\"yoga-event-link \">Fiorire - ritiro di yoga e authentic relating<\/a>\n                                                    <\/div>\n                                                                                                                                                        <div class=\"yoga-event-item\">\n                                                        <span class=\"event-day\">15 Maggio<\/span>\n                                                        <a href=\"https:\/\/eventiyoga.it\/eventi-yoga\/ben_essere_ritiro_yoga_mindfulness_a_fanano-6395\" class=\"yoga-event-link \">BEN-ESSERE: Ritiro Yoga &amp; Mindfulness a Fanano<\/a>\n                                                    <\/div>\n                                                                                            <\/div>\n                                        <\/div>\n                                                                                                                                                <div class=\"yoga-province\">\n                                            <h3 class=\"yoga-province-title\">Parma<\/h3>\n                                            <div class=\"yoga-events-list\">\n                                                                                                                                                        <div class=\"yoga-event-item\">\n                                                        <span class=\"event-day\">30 Maggio<\/span>\n                                                        <a href=\"https:\/\/eventiyoga.it\/eventi-yoga\/ritiro_yoga_nell_oasi_del_wwf_dei_ghirardi_appennino_parmense-7302\" class=\"yoga-event-link \">Ritiro Yoga (nell&#039;Oasi del WWF dei Ghirardi Appennino Parmense)<\/a>\n                                                    <\/div>\n                                                                                            <\/div>\n                                        <\/div>\n                                                                                                                                                <div class=\"yoga-province\">\n                                            <h3 class=\"yoga-province-title\">Reggio Emilia<\/h3>\n                                            <div class=\"yoga-events-list\">\n                                                                                                                                                        <div class=\"yoga-event-item\">\n                                                        <span class=\"event-day\">30 Maggio<\/span>\n                                                        <a href=\"https:\/\/eventiyoga.it\/eventi-yoga\/ritiro_yoga_a_canossa_in_emilia_romagna-7304\" class=\"yoga-event-link \">Ritiro Yoga a Canossa in Emilia Romagna<\/a>\n                                                    <\/div>\n                                                                                                                                                        <div class=\"yoga-event-item\">\n                                                        <span class=\"event-day\">31 Maggio<\/span>\n                                                        <a href=\"https:\/\/eventiyoga.it\/eventi-yoga\/sensi_yoga_retreat-7283\" class=\"yoga-event-link \">SENSI YOGA RETREAT<\/a>\n                                                    <\/div>\n                                                                                            <\/div>\n                                        <\/div>\n                                                                                                                                                <div class=\"yoga-province\">\n                                            <h3 class=\"yoga-province-title\">Rimini<\/h3>\n                                            <div class=\"yoga-events-list\">\n                                                                                                                                                        <div class=\"yoga-event-item\">\n                                                        <span class=\"event-day\">09 Maggio<\/span>\n                                                        <a href=\"https:\/\/eventiyoga.it\/eventi-yoga\/resonans_dal_corpo_al_suono_workshop_a_rimini-7316\" class=\"yoga-event-link \">RESONANS DAL CORPO AL SUONO | Workshop a Rimini<\/a>\n                                                    <\/div>\n                                                                                            <\/div>\n                                        <\/div>\n                                                                                                                        <\/div>\n                                                                                <div class=\"yoga-region \">\n                            <h2 class=\"yoga-region-title\">Lazio<\/h2>\n                                                                                                                                        <div class=\"yoga-province\">\n                                            <h3 class=\"yoga-province-title\">Frosinone<\/h3>\n                                            <div class=\"yoga-events-list\">\n                                                                                                                                                        <div class=\"yoga-event-item\">\n                                                        <span class=\"event-day\">06 Maggio<\/span>\n                                                        <a href=\"https:\/\/eventiyoga.it\/eventi-yoga\/yoga_cavalli_e_natura_ritiro_a_pescosolido_parco_nazionale_d_abruzzo-6667\" class=\"yoga-event-link \">Yoga, Cavalli e Natura: Ritiro a Pescosolido, Parco Nazionale d\u2019Abruzzo<\/a>\n                                                    <\/div>\n                                                                                                                                                        <div class=\"yoga-event-item\">\n                                                        <span class=\"event-day\">20 Maggio<\/span>\n                                                        <a href=\"https:\/\/eventiyoga.it\/eventi-yoga\/yoga_cavalli_e_natura_ritiro_a_pescosolido_parco_nazionale_d_abruzzo-6668\" class=\"yoga-event-link \">Yoga, Cavalli e Natura: Ritiro a Pescosolido, Parco Nazionale d\u2019Abruzzo<\/a>\n                                                    <\/div>\n                                                                                                                                                        <div class=\"yoga-event-item\">\n                                                        <span class=\"event-day\">21 Maggio<\/span>\n                                                        <a href=\"https:\/\/eventiyoga.it\/eventi-yoga\/ritiro_yoga_nella_natura_d_abruzzo-6447\" class=\"yoga-event-link \">Ritiro Yoga nella Natura d\u2019Abruzzo<\/a>\n                                                    <\/div>\n                                                                                                                                                        <div class=\"yoga-event-item\">\n                                                        <span class=\"event-day\">21 Maggio<\/span>\n                                                        <a href=\"https:\/\/eventiyoga.it\/eventi-yoga\/yoga_e_passeggiata_meditativa_nel_parco_nazionale_d_abruzzo_versante_laziale-6412\" class=\"yoga-event-link \">Yoga e Passeggiata Meditativa nel parco nazionale d\u2019Abruzzo, versante Laziale<\/a>\n                                                    <\/div>\n                                                                                                                                                        <div class=\"yoga-event-item\">\n                                                        <span class=\"event-day\">27 Maggio<\/span>\n                                                        <a href=\"https:\/\/eventiyoga.it\/eventi-yoga\/yoga_cavalli_e_natura_ritiro_a_pescosolido_parco_nazionale_d_abruzzo-6669\" class=\"yoga-event-link \">Yoga, Cavalli e Natura: Ritiro a Pescosolido, Parco Nazionale d\u2019Abruzzo<\/a>\n                                                    <\/div>\n                                                                                                                                                        <div class=\"yoga-event-item\">\n                                                        <span class=\"event-day\">28 Maggio<\/span>\n                                                        <a href=\"https:\/\/eventiyoga.it\/eventi-yoga\/ritiro_yoga_nella_natura_d_abruzzo-6448\" class=\"yoga-event-link \">Ritiro Yoga nella Natura d\u2019Abruzzo<\/a>\n                                                    <\/div>\n                                                                                                                                                        <div class=\"yoga-event-item\">\n                                                        <span class=\"event-day\">28 Maggio<\/span>\n                                                        <a href=\"https:\/\/eventiyoga.it\/eventi-yoga\/yoga_e_passeggiata_meditativa_nel_parco_nazionale_d_abruzzo_versante_laziale-6413\" class=\"yoga-event-link \">Yoga e Passeggiata Meditativa nel parco nazionale d\u2019Abruzzo, versante Laziale<\/a>\n                                                    <\/div>\n                                                                                            <\/div>\n                                        <\/div>\n                                                                                                                                                <div class=\"yoga-province\">\n                                            <h3 class=\"yoga-province-title\">Latina<\/h3>\n                                            <div class=\"yoga-events-list\">\n                                                                                                                                                        <div class=\"yoga-event-item\">\n                                                        <span class=\"event-day\">15 Maggio<\/span>\n                                                        <a href=\"https:\/\/eventiyoga.it\/eventi-yoga\/shree_yoga_retreat_al_mare-6516\" class=\"yoga-event-link \">SHREE YOGA RETREAT AL MARE<\/a>\n                                                    <\/div>\n                                                                                            <\/div>\n                                        <\/div>\n                                                                                                                                                <div class=\"yoga-province\">\n                                            <h3 class=\"yoga-province-title\">Rieti<\/h3>\n                                            <div class=\"yoga-events-list\">\n                                                                                                                                                        <div class=\"yoga-event-item\">\n                                                        <span class=\"event-day\">08 Maggio<\/span>\n                                                        <a href=\"https:\/\/eventiyoga.it\/eventi-yoga\/ritiro_del_silenzio_in_lazio_yoga_e_meditazione_armonia_nel_cuore-7159\" class=\"yoga-event-link \">Ritiro del Silenzio in Lazio | Yoga e Meditazione | Armonia nel Cuore<\/a>\n                                                    <\/div>\n                                                                                                                                                        <div class=\"yoga-event-item\">\n                                                        <span class=\"event-day\">22 Maggio<\/span>\n                                                        <a href=\"https:\/\/eventiyoga.it\/eventi-yoga\/risveglia_le_qualit_dell_anima_del_secondo_chakra_svadhisthana-6801\" class=\"yoga-event-link \">Risveglia le qualit\u00e0 dell&#039;anima del secondo chakra, svadhisthana<\/a>\n                                                    <\/div>\n                                                                                            <\/div>\n                                        <\/div>\n                                                                                                                                                <div class=\"yoga-province\">\n                                            <h3 class=\"yoga-province-title\">Roma<\/h3>\n                                            <div class=\"yoga-events-list\">\n                                                                                                                                                        <div class=\"yoga-event-item\">\n                                                        <span class=\"event-day\">01 Maggio<\/span>\n                                                        <a href=\"https:\/\/eventiyoga.it\/eventi-yoga\/dirette_online_yoga_meditazione_nidra_filosofia-6111\" class=\"yoga-event-link \">DIRETTE ONLINE \u2013 Yoga, Meditazione, Nidra, Filosofia\u2026<\/a>\n                                                    <\/div>\n                                                                                                                                                        <div class=\"yoga-event-item\">\n                                                        <span class=\"event-day\">04 Maggio<\/span>\n                                                        <a href=\"https:\/\/eventiyoga.it\/eventi-yoga\/sedute_individuali_di_yoga_reiki_e_massaggi-6118\" class=\"yoga-event-link \">SEDUTE INDIVIDUALI DI YOGA, REIKI E MASSAGGI<\/a>\n                                                    <\/div>\n                                                                                                                                                        <div class=\"yoga-event-item\">\n                                                        <span class=\"event-day\">04 Maggio<\/span>\n                                                        <a href=\"https:\/\/eventiyoga.it\/eventi-yoga\/kundalini_yoga_a_porta_pia_anche_online-6162\" class=\"yoga-event-link \">KUNDALINI YOGA a Porta Pia (anche online)<\/a>\n                                                    <\/div>\n                                                                                                                                                        <div class=\"yoga-event-item\">\n                                                        <span class=\"event-day\">04 Maggio<\/span>\n                                                        <a href=\"https:\/\/eventiyoga.it\/eventi-yoga\/hatha_e_raja_yoga_a_porta_pia_anche_online-6155\" class=\"yoga-event-link \">HATHA E RAJA YOGA a Porta Pia (anche online)<\/a>\n                                                    <\/div>\n                                                                                                                                                        <div class=\"yoga-event-item\">\n                                                        <span class=\"event-day\">04 Maggio<\/span>\n                                                        <a href=\"https:\/\/eventiyoga.it\/eventi-yoga\/corso_massaggio_ayurvedico_dei_punti_marma_a_roma-7021\" class=\"yoga-event-link \">CORSO MASSAGGIO AYURVEDICO DEI PUNTI MARMA a Roma<\/a>\n                                                    <\/div>\n                                                                                                                                                        <div class=\"yoga-event-item\">\n                                                        <span class=\"event-day\">05 Maggio<\/span>\n                                                        <a href=\"https:\/\/eventiyoga.it\/eventi-yoga\/sessione_di_mantra_yoga_anche_online-6103\" class=\"yoga-event-link \">SESSIONE DI MANTRA YOGA (anche online)<\/a>\n                                                    <\/div>\n                                                                                                                                                        <div class=\"yoga-event-item\">\n                                                        <span class=\"event-day\">06 Maggio<\/span>\n                                                        <a href=\"https:\/\/eventiyoga.it\/eventi-yoga\/sessione_di_yoga_nidra_anche_online-6145\" class=\"yoga-event-link \">SESSIONE DI YOGA NIDRA (anche online)<\/a>\n                                                    <\/div>\n                                                                                                                                                        <div class=\"yoga-event-item\">\n                                                        <span class=\"event-day\">13 Maggio<\/span>\n                                                        <a href=\"https:\/\/eventiyoga.it\/eventi-yoga\/sessione_di_meditazione_guidata_anche_online-6131\" class=\"yoga-event-link \">SESSIONE DI MEDITAZIONE GUIDATA (anche online)<\/a>\n                                                    <\/div>\n                                                                                                                                                        <div class=\"yoga-event-item\">\n                                                        <span class=\"event-day\">16 Maggio<\/span>\n                                                        <a href=\"https:\/\/eventiyoga.it\/eventi-yoga\/seminario_di_reiki_1_livello_a_roma-6997\" class=\"yoga-event-link \">SEMINARIO DI REIKI - 1\u00b0 Livello a Roma<\/a>\n                                                    <\/div>\n                                                                                                                                                        <div class=\"yoga-event-item\">\n                                                        <span class=\"event-day\">16 Maggio<\/span>\n                                                        <a href=\"https:\/\/eventiyoga.it\/eventi-yoga\/intensivo_di_kundalini_yoga_anahata_chakra_anche_online-6876\" class=\"yoga-event-link \">INTENSIVO DI KUNDALINI YOGA &quot;Anahata Chakra&quot; (anche online)<\/a>\n                                                    <\/div>\n                                                                                                                                                        <div class=\"yoga-event-item\">\n                                                        <span class=\"event-day\">17 Maggio<\/span>\n                                                        <a href=\"https:\/\/eventiyoga.it\/eventi-yoga\/intensivo_di_hatha_raja_yoga_anahata_chakra_anche_online-6877\" class=\"yoga-event-link \">INTENSIVO DI HATHA-RAJA YOGA &quot;Anahata Chakra&quot; (anche online)<\/a>\n                                                    <\/div>\n                                                                                                                                                        <div class=\"yoga-event-item\">\n                                                        <span class=\"event-day\">17 Maggio<\/span>\n                                                        <a href=\"https:\/\/eventiyoga.it\/eventi-yoga\/presentazione_corso_di_formazione_insegnanti_yoga-7242\" class=\"yoga-event-link \">Presentazione Corso di Formazione Insegnanti Yoga <\/a>\n                                                    <\/div>\n                                                                                                                                                        <div class=\"yoga-event-item\">\n                                                        <span class=\"event-day\">19 Maggio<\/span>\n                                                        <a href=\"https:\/\/eventiyoga.it\/eventi-yoga\/sessione_di_mantra_yoga_anche_online-6104\" class=\"yoga-event-link \">SESSIONE DI MANTRA YOGA (anche online)<\/a>\n                                                    <\/div>\n                                                                                                                                                        <div class=\"yoga-event-item\">\n                                                        <span class=\"event-day\">20 Maggio<\/span>\n                                                        <a href=\"https:\/\/eventiyoga.it\/eventi-yoga\/sessione_di_yoga_nidra_anche_online-6146\" class=\"yoga-event-link \">SESSIONE DI YOGA NIDRA (anche online)<\/a>\n                                                    <\/div>\n                                                                                                                                                        <div class=\"yoga-event-item\">\n                                                        <span class=\"event-day\">23 Maggio<\/span>\n                                                        <a href=\"https:\/\/eventiyoga.it\/eventi-yoga\/seminario_di_reiki_3_livello_e_master_a_roma-7007\" class=\"yoga-event-link \">SEMINARIO DI REIKI - 3\u00b0 Livello e Master a Roma<\/a>\n                                                    <\/div>\n                                                                                                                                                        <div class=\"yoga-event-item\">\n                                                        <span class=\"event-day\">27 Maggio<\/span>\n                                                        <a href=\"https:\/\/eventiyoga.it\/eventi-yoga\/sessione_di_meditazione_guidata_anche_online-6132\" class=\"yoga-event-link \">SESSIONE DI MEDITAZIONE GUIDATA (anche online)<\/a>\n                                                    <\/div>\n                                                                                            <\/div>\n                                        <\/div>\n                                                                                                                                                <div class=\"yoga-province\">\n                                            <h3 class=\"yoga-province-title\">Viterbo<\/h3>\n                                            <div class=\"yoga-events-list\">\n                                                                                                                                                        <div class=\"yoga-event-item\">\n                                                        <span class=\"event-day\">09 Maggio<\/span>\n                                                        <a href=\"https:\/\/eventiyoga.it\/eventi-yoga\/sutra_yoga_seminario_esperienziale_di_2_giorni_con_dayal-7312\" class=\"yoga-event-link \">Sutra &amp; Yoga \u2013 Seminario esperienziale di 2 giorni con Dayal<\/a>\n                                                    <\/div>\n                                                                                                                                                        <div class=\"yoga-event-item\">\n                                                        <span class=\"event-day\">15 Maggio<\/span>\n                                                        <a href=\"https:\/\/eventiyoga.it\/eventi-yoga\/sole_luna_ritiro_esperenziale_integrazione_dell_energia_maschile_e_femminile-6922\" class=\"yoga-event-link \">Sole &amp; Luna: Ritiro esperenziale integrazione dell&#039;energia maschile e femminile <\/a>\n                                                    <\/div>\n                                                                                                                                                        <div class=\"yoga-event-item\">\n                                                        <span class=\"event-day\">15 Maggio<\/span>\n                                                        <a href=\"https:\/\/eventiyoga.it\/eventi-yoga\/sole_e_luna_ritiro_esperienziale_nel_lazio-7300\" class=\"yoga-event-link \">Sole e Luna Ritiro Esperienziale nel Lazio<\/a>\n                                                    <\/div>\n                                                                                                                                                        <div class=\"yoga-event-item\">\n                                                        <span class=\"event-day\">15 Maggio<\/span>\n                                                        <a href=\"https:\/\/eventiyoga.it\/eventi-yoga\/ritiro_santosha_l_arte_della_contentezza_consapevole-7292\" class=\"yoga-event-link \">Ritiro Santosha: l&#039;arte della Contentezza consapevole <\/a>\n                                                    <\/div>\n                                                                                            <\/div>\n                                        <\/div>\n                                                                                                                        <\/div>\n                                                                                <div class=\"yoga-region \">\n                            <h2 class=\"yoga-region-title\">Liguria<\/h2>\n                                                                                                                                        <div class=\"yoga-province\">\n                                            <h3 class=\"yoga-province-title\">Genova<\/h3>\n                                            <div class=\"yoga-events-list\">\n                                                                                                                                                        <div class=\"yoga-event-item\">\n                                                        <span class=\"event-day\">01 Maggio<\/span>\n                                                        <a href=\"https:\/\/eventiyoga.it\/eventi-yoga\/yoga_e_meditazione_a_camogli-6513\" class=\"yoga-event-link \">Yoga e Meditazione a Camogli<\/a>\n                                                    <\/div>\n                                                                                                                                                        <div class=\"yoga-event-item\">\n                                                        <span class=\"event-day\">01 Maggio<\/span>\n                                                        <a href=\"https:\/\/eventiyoga.it\/eventi-yoga\/path_to_sadhana_6_mesi_di_mentorship-6356\" class=\"yoga-event-link \">Path to Sadhana \u2013 6 Mesi di Mentorship<\/a>\n                                                    <\/div>\n                                                                                                                                                        <div class=\"yoga-event-item\">\n                                                        <span class=\"event-day\">15 Maggio<\/span>\n                                                        <a href=\"https:\/\/eventiyoga.it\/eventi-yoga\/sollievo_per_ansia_e_dolori-6499\" class=\"yoga-event-link \">SOLLIEVO PER ANSIA e DOLORI<\/a>\n                                                    <\/div>\n                                                                                                                                                        <div class=\"yoga-event-item\">\n                                                        <span class=\"event-day\">15 Maggio<\/span>\n                                                        <a href=\"https:\/\/eventiyoga.it\/eventi-yoga\/allevia_dolori_e_tensioni_con_movimenti_gentili-6396\" class=\"yoga-event-link \">Allevia Dolori e Tensioni con Movimenti Gentili<\/a>\n                                                    <\/div>\n                                                                                                                                                        <div class=\"yoga-event-item\">\n                                                        <span class=\"event-day\">22 Maggio<\/span>\n                                                        <a href=\"https:\/\/eventiyoga.it\/eventi-yoga\/weekend_yoga_in_liguria_yoga_reset_il_tempo_di_ascoltarti-7093\" class=\"yoga-event-link \">Weekend Yoga in Liguria | Yoga Reset | il tempo di ascoltarti<\/a>\n                                                    <\/div>\n                                                                                                                                                        <div class=\"yoga-event-item\">\n                                                        <span class=\"event-day\">22 Maggio<\/span>\n                                                        <a href=\"https:\/\/eventiyoga.it\/eventi-yoga\/weekend_yoga_e_trekking-7244\" class=\"yoga-event-link \">Weekend Yoga e Trekking <\/a>\n                                                    <\/div>\n                                                                                                                                                        <div class=\"yoga-event-item\">\n                                                        <span class=\"event-day\">30 Maggio<\/span>\n                                                        <a href=\"https:\/\/eventiyoga.it\/eventi-yoga\/yoga_ayurveda_e_introduzione_a_kalaripayattu-7119\" class=\"yoga-event-link \">YOGA, AYURVEDA e INTRODUZIONE A KALARIPAYATTU<\/a>\n                                                    <\/div>\n                                                                                                                                                        <div class=\"yoga-event-item\">\n                                                        <span class=\"event-day\">31 Maggio<\/span>\n                                                        <a href=\"https:\/\/eventiyoga.it\/eventi-yoga\/vacanza_yoga_e_ayurveda_al_mare_a_sestri_levante_in_liguria-6554\" class=\"yoga-event-link promoted\">Vacanza Yoga e Ayurveda al Mare a Sestri Levante in Liguria<\/a>\n                                                    <\/div>\n                                                                                                                                                        <div class=\"yoga-event-item\">\n                                                        <span class=\"event-day\">31 Maggio<\/span>\n                                                        <a href=\"https:\/\/eventiyoga.it\/eventi-yoga\/a_mare_yoga_retreat_per_fluire_come_le_onde-7125\" class=\"yoga-event-link \">A-Mare Yoga Retreat, per Fluire come le Onde <\/a>\n                                                    <\/div>\n                                                                                            <\/div>\n                                        <\/div>\n                                                                                                                                                <div class=\"yoga-province\">\n                                            <h3 class=\"yoga-province-title\">Imperia<\/h3>\n                                            <div class=\"yoga-events-list\">\n                                                                                                                                                        <div class=\"yoga-event-item\">\n                                                        <span class=\"event-day\">29 Maggio<\/span>\n                                                        <a href=\"https:\/\/eventiyoga.it\/eventi-yoga\/yoga_onde_ritiro_in_liguria_al_mare-6775\" class=\"yoga-event-link \">Yoga &amp; Onde | Ritiro in Liguria al Mare<\/a>\n                                                    <\/div>\n                                                                                            <\/div>\n                                        <\/div>\n                                                                                                                                                <div class=\"yoga-province\">\n                                            <h3 class=\"yoga-province-title\">La Spezia<\/h3>\n                                            <div class=\"yoga-events-list\">\n                                                                                                                                                        <div class=\"yoga-event-item\">\n                                                        <span class=\"event-day\">01 Maggio<\/span>\n                                                        <a href=\"https:\/\/eventiyoga.it\/eventi-yoga\/rifiorire_weekend_yoga_nella_natura_sconto_fino_al_15_marzo-6335\" class=\"yoga-event-link \">&quot;RIFIORIRE&quot; Weekend Yoga nella Natura (sconto fino al 15 Marzo)<\/a>\n                                                    <\/div>\n                                                                                            <\/div>\n                                        <\/div>\n                                                                                                                                                <div class=\"yoga-province\">\n                                            <h3 class=\"yoga-province-title\">Savona<\/h3>\n                                            <div class=\"yoga-events-list\">\n                                                                                                                                                        <div class=\"yoga-event-item\">\n                                                        <span class=\"event-day\">09 Maggio<\/span>\n                                                        <a href=\"https:\/\/eventiyoga.it\/eventi-yoga\/ritiro_yoga_nel_bosco-6933\" class=\"yoga-event-link \">Ritiro Yoga nel Bosco<\/a>\n                                                    <\/div>\n                                                                                                                                                        <div class=\"yoga-event-item\">\n                                                        <span class=\"event-day\">29 Maggio<\/span>\n                                                        <a href=\"https:\/\/eventiyoga.it\/eventi-yoga\/ritiro_nella_natura_selvaggia_liguria_cascina_marasca-7179\" class=\"yoga-event-link \">RITIRO NELLA NATURA SELVAGGIA - LIGURIA - CASCINA MARASCA<\/a>\n                                                    <\/div>\n                                                                                                                                                        <div class=\"yoga-event-item\">\n                                                        <span class=\"event-day\">30 Maggio<\/span>\n                                                        <a href=\"https:\/\/eventiyoga.it\/eventi-yoga\/ritiro_yoga_e_mare_ponte_2_giugno_in_liguria-7037\" class=\"yoga-event-link \">Ritiro Yoga e Mare (ponte 2 Giugno) in Liguria<\/a>\n                                                    <\/div>\n                                                                                            <\/div>\n                                        <\/div>\n                                                                                                                        <\/div>\n                                                                                <div class=\"yoga-region \">\n                            <h2 class=\"yoga-region-title\">Lombardia<\/h2>\n                                                                                                                                        <div class=\"yoga-province\">\n                                            <h3 class=\"yoga-province-title\">Bergamo<\/h3>\n                                            <div class=\"yoga-events-list\">\n                                                                                                                                                        <div class=\"yoga-event-item\">\n                                                        <span class=\"event-day\">15 Maggio<\/span>\n                                                        <a href=\"https:\/\/eventiyoga.it\/eventi-yoga\/reset_ritrova_il_ritmo_naturale-7183\" class=\"yoga-event-link \">RESET - Ritrova il Ritmo Naturale<\/a>\n                                                    <\/div>\n                                                                                            <\/div>\n                                        <\/div>\n                                                                                                                                                <div class=\"yoga-province\">\n                                            <h3 class=\"yoga-province-title\">Brescia<\/h3>\n                                            <div class=\"yoga-events-list\">\n                                                                                                                                                        <div class=\"yoga-event-item\">\n                                                        <span class=\"event-day\">01 Maggio<\/span>\n                                                        <a href=\"https:\/\/eventiyoga.it\/eventi-yoga\/weekend_yoga_reset_boario_terme-6364\" class=\"yoga-event-link \">WEEKEND YOGA RESET - BOARIO TERME <\/a>\n                                                    <\/div>\n                                                                                            <\/div>\n                                        <\/div>\n                                                                                                                                                <div class=\"yoga-province\">\n                                            <h3 class=\"yoga-province-title\">Como<\/h3>\n                                            <div class=\"yoga-events-list\">\n                                                                                                                                                        <div class=\"yoga-event-item\">\n                                                        <span class=\"event-day\">08 Maggio<\/span>\n                                                        <a href=\"https:\/\/eventiyoga.it\/eventi-yoga\/tornare_al_corpo_attraverso_il_piacere_yoga_qigong_e_camminate_in_natura-7234\" class=\"yoga-event-link \">Tornare al corpo attraverso il piacere Yoga, Qigong e camminate in natura<\/a>\n                                                    <\/div>\n                                                                                                                                                        <div class=\"yoga-event-item\">\n                                                        <span class=\"event-day\">15 Maggio<\/span>\n                                                        <a href=\"https:\/\/eventiyoga.it\/eventi-yoga\/weekend_yoga_relax_nella_riserva_naturale_della_val_bova_co-7169\" class=\"yoga-event-link \">Weekend Yoga &amp; Relax nella Riserva Naturale della Val Bova (CO<\/a>\n                                                    <\/div>\n                                                                                                                                                        <div class=\"yoga-event-item\">\n                                                        <span class=\"event-day\">21 Maggio<\/span>\n                                                        <a href=\"https:\/\/eventiyoga.it\/eventi-yoga\/rituali_di_rigenerazione_ashtanga_nutrizione_consapevole-6520\" class=\"yoga-event-link \">Rituali di Rigenerazione: Ashtanga &amp; Nutrizione consapevole<\/a>\n                                                    <\/div>\n                                                                                                                                                        <div class=\"yoga-event-item\">\n                                                        <span class=\"event-day\">30 Maggio<\/span>\n                                                        <a href=\"https:\/\/eventiyoga.it\/eventi-yoga\/digiuno_e_consapevolezza-6266\" class=\"yoga-event-link \">Digiuno e Consapevolezza<\/a>\n                                                    <\/div>\n                                                                                            <\/div>\n                                        <\/div>\n                                                                                                                                                <div class=\"yoga-province\">\n                                            <h3 class=\"yoga-province-title\">Milano<\/h3>\n                                            <div class=\"yoga-events-list\">\n                                                                                                                                                        <div class=\"yoga-event-item\">\n                                                        <span class=\"event-day\">23 Maggio<\/span>\n                                                        <a href=\"https:\/\/eventiyoga.it\/eventi-yoga\/contenere_per_espandere_l_arte_dello_yoga-7250\" class=\"yoga-event-link \">Contenere per espandere: l\u2019arte dello Yoga<\/a>\n                                                    <\/div>\n                                                                                                                                                        <div class=\"yoga-event-item\">\n                                                        <span class=\"event-day\">25 Maggio<\/span>\n                                                        <a href=\"https:\/\/eventiyoga.it\/eventi-yoga\/ritiro_yoga_a_fanano_con_sarah_e_suzann-7042\" class=\"yoga-event-link \">Ritiro Yoga a Fanano con Sarah e Suzann<\/a>\n                                                    <\/div>\n                                                                                            <\/div>\n                                        <\/div>\n                                                                                                                                                <div class=\"yoga-province\">\n                                            <h3 class=\"yoga-province-title\">Pavia<\/h3>\n                                            <div class=\"yoga-events-list\">\n                                                                                                                                                        <div class=\"yoga-event-item\">\n                                                        <span class=\"event-day\">01 Maggio<\/span>\n                                                        <a href=\"https:\/\/eventiyoga.it\/eventi-yoga\/respiro_di_primavera_un_weekend_di_yoga_e_connessioni-6660\" class=\"yoga-event-link \">Respiro di Primavera, un Weekend di Yoga e Connessioni <\/a>\n                                                    <\/div>\n                                                                                                                                                        <div class=\"yoga-event-item\">\n                                                        <span class=\"event-day\">15 Maggio<\/span>\n                                                        <a href=\"https:\/\/eventiyoga.it\/eventi-yoga\/la_sacra_fiamma_del_femminile-7323\" class=\"yoga-event-link \">La Sacra Fiamma del Femminile<\/a>\n                                                    <\/div>\n                                                                                            <\/div>\n                                        <\/div>\n                                                                                                                                                <div class=\"yoga-province\">\n                                            <h3 class=\"yoga-province-title\">Varese<\/h3>\n                                            <div class=\"yoga-events-list\">\n                                                                                                                                                        <div class=\"yoga-event-item\">\n                                                        <span class=\"event-day\">01 Maggio<\/span>\n                                                        <a href=\"https:\/\/eventiyoga.it\/eventi-yoga\/dove_l_anima_si_riflette_nel_lago-6925\" class=\"yoga-event-link \">Dove L&#039;Anima si Riflette nel Lago<\/a>\n                                                    <\/div>\n                                                                                            <\/div>\n                                        <\/div>\n                                                                                                                        <\/div>\n                                                                                <div class=\"yoga-region \">\n                            <h2 class=\"yoga-region-title\">Marche<\/h2>\n                                                                                                                                        <div class=\"yoga-province\">\n                                            <h3 class=\"yoga-province-title\">Macerata<\/h3>\n                                            <div class=\"yoga-events-list\">\n                                                                                                                                                        <div class=\"yoga-event-item\">\n                                                        <span class=\"event-day\">01 Maggio<\/span>\n                                                        <a href=\"https:\/\/eventiyoga.it\/eventi-yoga\/intensivo_di_pratica_libert_nelle_estensioni_all_indietro-6777\" class=\"yoga-event-link \">Intensivo di pratica: Libert\u00e0 nelle estensioni all\u2019indietro<\/a>\n                                                    <\/div>\n                                                                                                                                                        <div class=\"yoga-event-item\">\n                                                        <span class=\"event-day\">02 Maggio<\/span>\n                                                        <a href=\"https:\/\/eventiyoga.it\/eventi-yoga\/yogacorrettivo_e_respiro_masterclass_con_nieves_lopez_a_civitanova_marche-7261\" class=\"yoga-event-link \">YogaCorrettivo\u00ae e Respiro: Masterclass con Nieves Lopez a Civitanova Marche<\/a>\n                                                    <\/div>\n                                                                                                                                                        <div class=\"yoga-event-item\">\n                                                        <span class=\"event-day\">03 Maggio<\/span>\n                                                        <a href=\"https:\/\/eventiyoga.it\/eventi-yoga\/yogacorrettivo_e_respiro_masterclass_con_nieves_lopez_a_civitanova_marche_2-7262\" class=\"yoga-event-link \">YogaCorrettivo\u00ae e Respiro: Masterclass con Nieves Lopez a Civitanova Marche (2)<\/a>\n                                                    <\/div>\n                                                                                                                                                        <div class=\"yoga-event-item\">\n                                                        <span class=\"event-day\">11 Maggio<\/span>\n                                                        <a href=\"https:\/\/eventiyoga.it\/eventi-yoga\/yoga_senza_paura_per_principianti-5862\" class=\"yoga-event-link \">Yoga senza Paura per Principianti<\/a>\n                                                    <\/div>\n                                                                                                                                                        <div class=\"yoga-event-item\">\n                                                        <span class=\"event-day\">11 Maggio<\/span>\n                                                        <a href=\"https:\/\/eventiyoga.it\/eventi-yoga\/yoga_posturale_per_la_salute_della_schiena_yoga_a_civitanova_marche-6805\" class=\"yoga-event-link \">Yoga Posturale per la salute della schiena | Yoga a Civitanova Marche<\/a>\n                                                    <\/div>\n                                                                                                                                                        <div class=\"yoga-event-item\">\n                                                        <span class=\"event-day\">13 Maggio<\/span>\n                                                        <a href=\"https:\/\/eventiyoga.it\/eventi-yoga\/lezione_individuale_di_yoga_su_misura_yoga_a_civitanova_marche-6807\" class=\"yoga-event-link \">Lezione Individuale di Yoga su misura | Yoga a Civitanova Marche<\/a>\n                                                    <\/div>\n                                                                                                                                                        <div class=\"yoga-event-item\">\n                                                        <span class=\"event-day\">16 Maggio<\/span>\n                                                        <a href=\"https:\/\/eventiyoga.it\/eventi-yoga\/workshop_yoga_per_cervicale_e_spalle_a_civitanova-6871\" class=\"yoga-event-link promoted\">Workshop Yoga per Cervicale e Spalle a Civitanova<\/a>\n                                                    <\/div>\n                                                                                                                                                        <div class=\"yoga-event-item\">\n                                                        <span class=\"event-day\">31 Maggio<\/span>\n                                                        <a href=\"https:\/\/eventiyoga.it\/eventi-yoga\/intensivo_di_pratica_prima_replica_libert_nelle_estensioni_all_indietro-6788\" class=\"yoga-event-link \">Intensivo di pratica - prima replica-: Libert\u00e0 nelle estensioni all\u2019indietro<\/a>\n                                                    <\/div>\n                                                                                            <\/div>\n                                        <\/div>\n                                                                                                                                                <div class=\"yoga-province\">\n                                            <h3 class=\"yoga-province-title\">Pesaro Urbino<\/h3>\n                                            <div class=\"yoga-events-list\">\n                                                                                                                                                        <div class=\"yoga-event-item\">\n                                                        <span class=\"event-day\">22 Maggio<\/span>\n                                                        <a href=\"https:\/\/eventiyoga.it\/eventi-yoga\/week_end_in_villa_nelle_marche-6909\" class=\"yoga-event-link \">Week end in Villa nelle Marche<\/a>\n                                                    <\/div>\n                                                                                            <\/div>\n                                        <\/div>\n                                                                                                                        <\/div>\n                                                                                <div class=\"yoga-region \">\n                            <h2 class=\"yoga-region-title\">Piemonte<\/h2>\n                                                                                                                                        <div class=\"yoga-province\">\n                                            <h3 class=\"yoga-province-title\">Alessandria<\/h3>\n                                            <div class=\"yoga-events-list\">\n                                                                                                                                                        <div class=\"yoga-event-item\">\n                                                        <span class=\"event-day\">03 Maggio<\/span>\n                                                        <a href=\"https:\/\/eventiyoga.it\/eventi-yoga\/armonigi_festival-7299\" class=\"yoga-event-link \">ARMONIGI FESTIVAL <\/a>\n                                                    <\/div>\n                                                                                                                                                        <div class=\"yoga-event-item\">\n                                                        <span class=\"event-day\">15 Maggio<\/span>\n                                                        <a href=\"https:\/\/eventiyoga.it\/eventi-yoga\/ritiro_yoga_nel_monferrato_fiorisci_senza_sforzo-6974\" class=\"yoga-event-link \">Ritiro Yoga nel Monferrato: Fiorisci senza sforzo<\/a>\n                                                    <\/div>\n                                                                                                                                                        <div class=\"yoga-event-item\">\n                                                        <span class=\"event-day\">16 Maggio<\/span>\n                                                        <a href=\"https:\/\/eventiyoga.it\/eventi-yoga\/retreat_di_primavera_in_piemonte-6571\" class=\"yoga-event-link \">Retreat di Primavera in Piemonte<\/a>\n                                                    <\/div>\n                                                                                                                                                        <div class=\"yoga-event-item\">\n                                                        <span class=\"event-day\">22 Maggio<\/span>\n                                                        <a href=\"https:\/\/eventiyoga.it\/eventi-yoga\/retreat_ashtanga_yoga_nel_monferrato-6948\" class=\"yoga-event-link \">Retreat Ashtanga Yoga nel Monferrato <\/a>\n                                                    <\/div>\n                                                                                                                                                        <div class=\"yoga-event-item\">\n                                                        <span class=\"event-day\">22 Maggio<\/span>\n                                                        <a href=\"https:\/\/eventiyoga.it\/eventi-yoga\/fiorire_dall_interno-7188\" class=\"yoga-event-link \">FIORIRE DALL\u2019INTERNO<\/a>\n                                                    <\/div>\n                                                                                                                                                        <div class=\"yoga-event-item\">\n                                                        <span class=\"event-day\">29 Maggio<\/span>\n                                                        <a href=\"https:\/\/eventiyoga.it\/eventi-yoga\/weekend_yoga_e_benessere_nel_monferrato-6491\" class=\"yoga-event-link \">Weekend Yoga e benessere nel Monferrato<\/a>\n                                                    <\/div>\n                                                                                                                                                        <div class=\"yoga-event-item\">\n                                                        <span class=\"event-day\">30 Maggio<\/span>\n                                                        <a href=\"https:\/\/eventiyoga.it\/eventi-yoga\/tejas_coltivare_il_proprio_fuoco-7184\" class=\"yoga-event-link \">TEJAS - Coltivare il proprio fuoco<\/a>\n                                                    <\/div>\n                                                                                            <\/div>\n                                        <\/div>\n                                                                                                                                                <div class=\"yoga-province\">\n                                            <h3 class=\"yoga-province-title\">Asti<\/h3>\n                                            <div class=\"yoga-events-list\">\n                                                                                                                                                        <div class=\"yoga-event-item\">\n                                                        <span class=\"event-day\">01 Maggio<\/span>\n                                                        <a href=\"https:\/\/eventiyoga.it\/eventi-yoga\/tocco_dell_anima-6620\" class=\"yoga-event-link \">Tocco dell&#039;anima<\/a>\n                                                    <\/div>\n                                                                                                                                                        <div class=\"yoga-event-item\">\n                                                        <span class=\"event-day\">02 Maggio<\/span>\n                                                        <a href=\"https:\/\/eventiyoga.it\/eventi-yoga\/il_risveglio_del_bambino_interiore_ritorno_alla_luce_e_alla_gioia_dell_anima-7254\" class=\"yoga-event-link \">Il Risveglio del Bambino Interiore: Ritorno alla Luce e alla Gioia dell&#039;Anima<\/a>\n                                                    <\/div>\n                                                                                                                                                        <div class=\"yoga-event-item\">\n                                                        <span class=\"event-day\">09 Maggio<\/span>\n                                                        <a href=\"https:\/\/eventiyoga.it\/eventi-yoga\/esperienza_mindfulness_la_consapevolezza_del_presente-7291\" class=\"yoga-event-link \">Esperienza Mindfulness: La Consapevolezza del Presente<\/a>\n                                                    <\/div>\n                                                                                                                                                        <div class=\"yoga-event-item\">\n                                                        <span class=\"event-day\">16 Maggio<\/span>\n                                                        <a href=\"https:\/\/eventiyoga.it\/eventi-yoga\/ritiro_yoga_e_pirobazia_la_strada_del_fuoco_intensivo-7315\" class=\"yoga-event-link \"> Ritiro Yoga e Pirobazia: La Strada del Fuoco (Intensivo)<\/a>\n                                                    <\/div>\n                                                                                                                                                        <div class=\"yoga-event-item\">\n                                                        <span class=\"event-day\">31 Maggio<\/span>\n                                                        <a href=\"https:\/\/eventiyoga.it\/eventi-yoga\/yoga_intensive_con_donna_fahri-6484\" class=\"yoga-event-link \">YOGA INTENSIVE con Donna Fahri<\/a>\n                                                    <\/div>\n                                                                                            <\/div>\n                                        <\/div>\n                                                                                                                                                <div class=\"yoga-province\">\n                                            <h3 class=\"yoga-province-title\">Cuneo<\/h3>\n                                            <div class=\"yoga-events-list\">\n                                                                                                                                                        <div class=\"yoga-event-item\">\n                                                        <span class=\"event-day\">31 Maggio<\/span>\n                                                        <a href=\"https:\/\/eventiyoga.it\/eventi-yoga\/formazione_yoga_qiyoga_introduttivo-6546\" class=\"yoga-event-link \">Formazione Yoga: Qiyoga introduttivo<\/a>\n                                                    <\/div>\n                                                                                            <\/div>\n                                        <\/div>\n                                                                                                                                                <div class=\"yoga-province\">\n                                            <h3 class=\"yoga-province-title\">Novara<\/h3>\n                                            <div class=\"yoga-events-list\">\n                                                                                                                                                        <div class=\"yoga-event-item\">\n                                                        <span class=\"event-day\">01 Maggio<\/span>\n                                                        <a href=\"https:\/\/eventiyoga.it\/eventi-yoga\/reset_recharge_yoga_retreat-6332\" class=\"yoga-event-link \">Reset &amp; Recharge Yoga Retreat<\/a>\n                                                    <\/div>\n                                                                                            <\/div>\n                                        <\/div>\n                                                                                                                                                <div class=\"yoga-province\">\n                                            <h3 class=\"yoga-province-title\">Torino<\/h3>\n                                            <div class=\"yoga-events-list\">\n                                                                                                                                                        <div class=\"yoga-event-item\">\n                                                        <span class=\"event-day\">01 Maggio<\/span>\n                                                        <a href=\"https:\/\/eventiyoga.it\/eventi-yoga\/scopriamo_insieme_la_mappa_della_vita_lo_yoga_la_natura_e_la_numerologia-7325\" class=\"yoga-event-link \">Scopriamo insieme la \u201cMappa della vita\u201d: lo Yoga, la Natura e la Numerologia...<\/a>\n                                                    <\/div>\n                                                                                                                                                        <div class=\"yoga-event-item\">\n                                                        <span class=\"event-day\">16 Maggio<\/span>\n                                                        <a href=\"https:\/\/eventiyoga.it\/eventi-yoga\/yoga_energia_e_vitalit_workshop_con_tias_little-7174\" class=\"yoga-event-link \">Yoga, energia e vitalit\u00e0 : workshop con Tias Little<\/a>\n                                                    <\/div>\n                                                                                            <\/div>\n                                        <\/div>\n                                                                                                                        <\/div>\n                                                                                <div class=\"yoga-region \">\n                            <h2 class=\"yoga-region-title\">Puglia<\/h2>\n                                                                                                                                        <div class=\"yoga-province\">\n                                            <h3 class=\"yoga-province-title\">Brindisi<\/h3>\n                                            <div class=\"yoga-events-list\">\n                                                                                                                                                        <div class=\"yoga-event-item\">\n                                                        <span class=\"event-day\">21 Maggio<\/span>\n                                                        <a href=\"https:\/\/eventiyoga.it\/eventi-yoga\/ritiro_di_yoga_di_primavera_a_ostuni_21_24_maggio-7294\" class=\"yoga-event-link \">Ritiro di Yoga di Primavera a Ostuni, 21-24 Maggio<\/a>\n                                                    <\/div>\n                                                                                            <\/div>\n                                        <\/div>\n                                                                                                                                                <div class=\"yoga-province\">\n                                            <h3 class=\"yoga-province-title\">Foggia<\/h3>\n                                            <div class=\"yoga-events-list\">\n                                                                                                                                                        <div class=\"yoga-event-item\">\n                                                        <span class=\"event-day\">30 Maggio<\/span>\n                                                        <a href=\"https:\/\/eventiyoga.it\/eventi-yoga\/reset_recharge_nei_monti_dauni-7236\" class=\"yoga-event-link \">Reset &amp; Recharge nei Monti Dauni<\/a>\n                                                    <\/div>\n                                                                                            <\/div>\n                                        <\/div>\n                                                                                                                                                <div class=\"yoga-province\">\n                                            <h3 class=\"yoga-province-title\">Lecce<\/h3>\n                                            <div class=\"yoga-events-list\">\n                                                                                                                                                        <div class=\"yoga-event-item\">\n                                                        <span class=\"event-day\">02 Maggio<\/span>\n                                                        <a href=\"https:\/\/eventiyoga.it\/eventi-yoga\/100_hours_advanced_teacher_training-6535\" class=\"yoga-event-link \">100 Hours Advanced Teacher Training<\/a>\n                                                    <\/div>\n                                                                                                                                                        <div class=\"yoga-event-item\">\n                                                        <span class=\"event-day\">09 Maggio<\/span>\n                                                        <a href=\"https:\/\/eventiyoga.it\/eventi-yoga\/synergy_5_d_flow_200_hours_teacher_training-6536\" class=\"yoga-event-link \">Synergy 5-D Flow 200 Hours Teacher Training<\/a>\n                                                    <\/div>\n                                                                                                                                                        <div class=\"yoga-event-item\">\n                                                        <span class=\"event-day\">17 Maggio<\/span>\n                                                        <a href=\"https:\/\/eventiyoga.it\/eventi-yoga\/shadi_art_immersione_artistica_women_s_retreat-6530\" class=\"yoga-event-link \">Shadi Art \u2013 Immersione Artistica Women\u2019s Retreat<\/a>\n                                                    <\/div>\n                                                                                            <\/div>\n                                        <\/div>\n                                                                                                                                                <div class=\"yoga-province\">\n                                            <h3 class=\"yoga-province-title\">Taranto<\/h3>\n                                            <div class=\"yoga-events-list\">\n                                                                                                                                                        <div class=\"yoga-event-item\">\n                                                        <span class=\"event-day\">07 Maggio<\/span>\n                                                        <a href=\"https:\/\/eventiyoga.it\/eventi-yoga\/wellness_long_weekend_in_salento_7_10_maggio-6818\" class=\"yoga-event-link \">Wellness long-Weekend in Salento 7-10 MAGGIO<\/a>\n                                                    <\/div>\n                                                                                            <\/div>\n                                        <\/div>\n                                                                                                                        <\/div>\n                                                                                <div class=\"yoga-region \">\n                            <h2 class=\"yoga-region-title\">Sardegna<\/h2>\n                                                                                                                                        <div class=\"yoga-province\">\n                                            <h3 class=\"yoga-province-title\">Cagliari<\/h3>\n                                            <div class=\"yoga-events-list\">\n                                                                                                                                                        <div class=\"yoga-event-item\">\n                                                        <span class=\"event-day\">20 Maggio<\/span>\n                                                        <a href=\"https:\/\/eventiyoga.it\/eventi-yoga\/essence_retreat_sardegna_ritorna_all_essenza-5988\" class=\"yoga-event-link \">Essence Retreat \u2013 Sardegna -  Ritorna all\u2019Essenza<\/a>\n                                                    <\/div>\n                                                                                                                                                        <div class=\"yoga-event-item\">\n                                                        <span class=\"event-day\">28 Maggio<\/span>\n                                                        <a href=\"https:\/\/eventiyoga.it\/eventi-yoga\/retreat_in_sardegna_riequilibrio_degli_elementi_yoga_e_ayurveda-5913\" class=\"yoga-event-link \">Retreat in Sardegna: Riequilibrio degli elementi Yoga e Ayurveda<\/a>\n                                                    <\/div>\n                                                                                            <\/div>\n                                        <\/div>\n                                                                                                                                                <div class=\"yoga-province\">\n                                            <h3 class=\"yoga-province-title\">Oristano<\/h3>\n                                            <div class=\"yoga-events-list\">\n                                                                                                                                                        <div class=\"yoga-event-item\">\n                                                        <span class=\"event-day\">02 Maggio<\/span>\n                                                        <a href=\"https:\/\/eventiyoga.it\/eventi-yoga\/espansione_del_cuore_nella_natura_ancestrale_in_sardegna-6218\" class=\"yoga-event-link \">Espansione del Cuore nella Natura Ancestrale in Sardegna<\/a>\n                                                    <\/div>\n                                                                                                                                                        <div class=\"yoga-event-item\">\n                                                        <span class=\"event-day\">09 Maggio<\/span>\n                                                        <a href=\"https:\/\/eventiyoga.it\/eventi-yoga\/espansione_del_cuore_nella_natura_ancestrale_in_sardegna-6219\" class=\"yoga-event-link \">Espansione del Cuore nella Natura Ancestrale in Sardegna<\/a>\n                                                    <\/div>\n                                                                                                                                                        <div class=\"yoga-event-item\">\n                                                        <span class=\"event-day\">16 Maggio<\/span>\n                                                        <a href=\"https:\/\/eventiyoga.it\/eventi-yoga\/espansione_del_cuore_nella_natura_ancestrale_in_sardegna-6220\" class=\"yoga-event-link \">Espansione del Cuore nella Natura Ancestrale in Sardegna<\/a>\n                                                    <\/div>\n                                                                                                                                                        <div class=\"yoga-event-item\">\n                                                        <span class=\"event-day\">23 Maggio<\/span>\n                                                        <a href=\"https:\/\/eventiyoga.it\/eventi-yoga\/7_giorni_in_sardegna_un_viaggio_tra_natura_yoga_e_il_cavallo_maestro-6333\" class=\"yoga-event-link \">7 GIORNI IN SARDEGNA, UN VIAGGIO TRA NATURA, YOGA E IL CAVALLO MAESTRO<\/a>\n                                                    <\/div>\n                                                                                                                                                        <div class=\"yoga-event-item\">\n                                                        <span class=\"event-day\">30 Maggio<\/span>\n                                                        <a href=\"https:\/\/eventiyoga.it\/eventi-yoga\/espansione_del_cuore_nella_natura_ancestrale_in_sardegna-6222\" class=\"yoga-event-link \">Espansione del Cuore nella Natura Ancestrale in Sardegna<\/a>\n                                                    <\/div>\n                                                                                            <\/div>\n                                        <\/div>\n                                                                                                                                                <div class=\"yoga-province\">\n                                            <h3 class=\"yoga-province-title\">Sassari<\/h3>\n                                            <div class=\"yoga-events-list\">\n                                                                                                                                                        <div class=\"yoga-event-item\">\n                                                        <span class=\"event-day\">22 Maggio<\/span>\n                                                        <a href=\"https:\/\/eventiyoga.it\/eventi-yoga\/yoga_life_coaching_retreat_ri_connettiti_e_porta_a_galla_la_tua_essenza-6294\" class=\"yoga-event-link \">Yoga &amp; Life Coaching Retreat \u2013 Ri-connettiti e Porta a galla la tua Essenza<\/a>\n                                                    <\/div>\n                                                                                                                                                        <div class=\"yoga-event-item\">\n                                                        <span class=\"event-day\">30 Maggio<\/span>\n                                                        <a href=\"https:\/\/eventiyoga.it\/eventi-yoga\/magyca_ritiri_yoga_in_sardegna-6782\" class=\"yoga-event-link \">MAGYCA, Ritiri Yoga in Sardegna<\/a>\n                                                    <\/div>\n                                                                                            <\/div>\n                                        <\/div>\n                                                                                                                        <\/div>\n                                                                                <div class=\"yoga-region \">\n                            <h2 class=\"yoga-region-title\">Sicilia<\/h2>\n                                                                                                                                        <div class=\"yoga-province\">\n                                            <h3 class=\"yoga-province-title\">Agrigento<\/h3>\n                                            <div class=\"yoga-events-list\">\n                                                                                                                                                        <div class=\"yoga-event-item\">\n                                                        <span class=\"event-day\">29 Maggio<\/span>\n                                                        <a href=\"https:\/\/eventiyoga.it\/eventi-yoga\/sicilia_yoga_more-6518\" class=\"yoga-event-link \">SICILIA YOGA&amp;MORE<\/a>\n                                                    <\/div>\n                                                                                            <\/div>\n                                        <\/div>\n                                                                                                                                                <div class=\"yoga-province\">\n                                            <h3 class=\"yoga-province-title\">Catania<\/h3>\n                                            <div class=\"yoga-events-list\">\n                                                                                                                                                        <div class=\"yoga-event-item\">\n                                                        <span class=\"event-day\">01 Maggio<\/span>\n                                                        <a href=\"https:\/\/eventiyoga.it\/eventi-yoga\/corso_di_yin_yoga_formazione_insegnanti-6351\" class=\"yoga-event-link \">Corso di Yin Yoga | Formazione Insegnanti <\/a>\n                                                    <\/div>\n                                                                                            <\/div>\n                                        <\/div>\n                                                                                                                                                <div class=\"yoga-province\">\n                                            <h3 class=\"yoga-province-title\">Enna<\/h3>\n                                            <div class=\"yoga-events-list\">\n                                                                                                                                                        <div class=\"yoga-event-item\">\n                                                        <span class=\"event-day\">15 Maggio<\/span>\n                                                        <a href=\"https:\/\/eventiyoga.it\/eventi-yoga\/oltre_il_rumore_dentro_la_foresta-6594\" class=\"yoga-event-link \">Oltre il rumore, dentro la foresta<\/a>\n                                                    <\/div>\n                                                                                            <\/div>\n                                        <\/div>\n                                                                                                                                                <div class=\"yoga-province\">\n                                            <h3 class=\"yoga-province-title\">Trapani<\/h3>\n                                            <div class=\"yoga-events-list\">\n                                                                                                                                                        <div class=\"yoga-event-item\">\n                                                        <span class=\"event-day\">08 Maggio<\/span>\n                                                        <a href=\"https:\/\/eventiyoga.it\/eventi-yoga\/spalanca_le_ali_torna_a_te_sull_isola_con_le_ali-6054\" class=\"yoga-event-link \">Spalanca le ali, torna a te sull\u2019isola con le ali<\/a>\n                                                    <\/div>\n                                                                                                                                                        <div class=\"yoga-event-item\">\n                                                        <span class=\"event-day\">11 Maggio<\/span>\n                                                        <a href=\"https:\/\/eventiyoga.it\/eventi-yoga\/ritiro_yoga_e_tarocchi_in_sicilia_alchimia_dell_anima-7173\" class=\"yoga-event-link \">Ritiro Yoga e Tarocchi in Sicilia - Alchimia dell&#039;Anima <\/a>\n                                                    <\/div>\n                                                                                                                                                        <div class=\"yoga-event-item\">\n                                                        <span class=\"event-day\">22 Maggio<\/span>\n                                                        <a href=\"https:\/\/eventiyoga.it\/eventi-yoga\/ritiro_yoga_in_sicilia_terra_mare_tra_marsala_e_favignana-6487\" class=\"yoga-event-link \">Ritiro Yoga in Sicilia | Terra &amp; Mare tra Marsala e Favignana<\/a>\n                                                    <\/div>\n                                                                                                                                                        <div class=\"yoga-event-item\">\n                                                        <span class=\"event-day\">30 Maggio<\/span>\n                                                        <a href=\"https:\/\/eventiyoga.it\/eventi-yoga\/yoga_mare_e_natura_a_pantelleria-6524\" class=\"yoga-event-link \">Yoga, mare e natura a Pantelleria<\/a>\n                                                    <\/div>\n                                                                                            <\/div>\n                                        <\/div>\n                                                                                                                        <\/div>\n                                                                                <div class=\"yoga-region \">\n                            <h2 class=\"yoga-region-title\">Toscana<\/h2>\n                                                                                                                                        <div class=\"yoga-province\">\n                                            <h3 class=\"yoga-province-title\">Arezzo<\/h3>\n                                            <div class=\"yoga-events-list\">\n                                                                                                                                                        <div class=\"yoga-event-item\">\n                                                        <span class=\"event-day\">01 Maggio<\/span>\n                                                        <a href=\"https:\/\/eventiyoga.it\/eventi-yoga\/ritiro_yoga_essenza_foreste_casentinesi-6911\" class=\"yoga-event-link \">Ritiro Yoga ESSENZA - Foreste Casentinesi<\/a>\n                                                    <\/div>\n                                                                                            <\/div>\n                                        <\/div>\n                                                                                                                                                <div class=\"yoga-province\">\n                                            <h3 class=\"yoga-province-title\">Firenze<\/h3>\n                                            <div class=\"yoga-events-list\">\n                                                                                                                                                        <div class=\"yoga-event-item\">\n                                                        <span class=\"event-day\">01 Maggio<\/span>\n                                                        <a href=\"https:\/\/eventiyoga.it\/eventi-yoga\/1_maggio_di_ghiaccio_seminario_di_yoga_del_freddo_metodo_wim_hof_in_natura-7120\" class=\"yoga-event-link \">1\u00b0 Maggio di Ghiaccio | Seminario di Yoga del Freddo &amp; Metodo Wim Hof in Natura<\/a>\n                                                    <\/div>\n                                                                                                                                                        <div class=\"yoga-event-item\">\n                                                        <span class=\"event-day\">30 Maggio<\/span>\n                                                        <a href=\"https:\/\/eventiyoga.it\/eventi-yoga\/vacanza_yoga_degustazioni_more_in_toscana-6792\" class=\"yoga-event-link \">Vacanza Yoga, Degustazioni &amp; more in Toscana<\/a>\n                                                    <\/div>\n                                                                                            <\/div>\n                                        <\/div>\n                                                                                                                                                <div class=\"yoga-province\">\n                                            <h3 class=\"yoga-province-title\">Grosseto<\/h3>\n                                            <div class=\"yoga-events-list\">\n                                                                                                                                                        <div class=\"yoga-event-item\">\n                                                        <span class=\"event-day\">01 Maggio<\/span>\n                                                        <a href=\"https:\/\/eventiyoga.it\/eventi-yoga\/magica_toscana_la_tua_oasi_di_yoga_e_relax-6743\" class=\"yoga-event-link \">Magica Toscana: La Tua Oasi di Yoga e Relax<\/a>\n                                                    <\/div>\n                                                                                                                                                        <div class=\"yoga-event-item\">\n                                                        <span class=\"event-day\">08 Maggio<\/span>\n                                                        <a href=\"https:\/\/eventiyoga.it\/eventi-yoga\/vacanza_yoga_e_mare_in_toscana-6744\" class=\"yoga-event-link promoted\">Vacanza Yoga e Mare in Toscana<\/a>\n                                                    <\/div>\n                                                                                                                                                        <div class=\"yoga-event-item\">\n                                                        <span class=\"event-day\">08 Maggio<\/span>\n                                                        <a href=\"https:\/\/eventiyoga.it\/eventi-yoga\/yoga_legge_di_attrazione_08_10_maggio_in_toscana-6614\" class=\"yoga-event-link \">YOGA &amp; LEGGE di ATTRAZIONE 08-10 maggio in Toscana<\/a>\n                                                    <\/div>\n                                                                                                                                                        <div class=\"yoga-event-item\">\n                                                        <span class=\"event-day\">22 Maggio<\/span>\n                                                        <a href=\"https:\/\/eventiyoga.it\/eventi-yoga\/ritiro_yoga_in_maremma-6506\" class=\"yoga-event-link \">Ritiro Yoga in Maremma <\/a>\n                                                    <\/div>\n                                                                                                                                                        <div class=\"yoga-event-item\">\n                                                        <span class=\"event-day\">22 Maggio<\/span>\n                                                        <a href=\"https:\/\/eventiyoga.it\/eventi-yoga\/merigar_yoga_retreat_2026_la_danza_dell_universo-7199\" class=\"yoga-event-link \">MERIGAR YOGA RETREAT 2026 | LA DANZA DELL\u2019UNIVERSO<\/a>\n                                                    <\/div>\n                                                                                                                                                        <div class=\"yoga-event-item\">\n                                                        <span class=\"event-day\">22 Maggio<\/span>\n                                                        <a href=\"https:\/\/eventiyoga.it\/eventi-yoga\/ritorno_a_me_ritorno_all_essenza-6747\" class=\"yoga-event-link \">RITORNO A ME. RITORNO ALL&#039;ESSENZA.<\/a>\n                                                    <\/div>\n                                                                                            <\/div>\n                                        <\/div>\n                                                                                                                                                <div class=\"yoga-province\">\n                                            <h3 class=\"yoga-province-title\">Livorno<\/h3>\n                                            <div class=\"yoga-events-list\">\n                                                                                                                                                        <div class=\"yoga-event-item\">\n                                                        <span class=\"event-day\">01 Maggio<\/span>\n                                                        <a href=\"https:\/\/eventiyoga.it\/eventi-yoga\/ritiro_mindfulness_energy_awarenss_la_marea_interna-6991\" class=\"yoga-event-link \">Ritiro Mindfulness &amp; Energy Awarenss | La Marea Interna <\/a>\n                                                    <\/div>\n                                                                                                                                                        <div class=\"yoga-event-item\">\n                                                        <span class=\"event-day\">01 Maggio<\/span>\n                                                        <a href=\"https:\/\/eventiyoga.it\/eventi-yoga\/corso_di_cucina_ayurveda_e_alimentazione_consapevole-7313\" class=\"yoga-event-link \">Corso di cucina Ayurveda e Alimentazione Consapevole<\/a>\n                                                    <\/div>\n                                                                                                                                                        <div class=\"yoga-event-item\">\n                                                        <span class=\"event-day\">15 Maggio<\/span>\n                                                        <a href=\"https:\/\/eventiyoga.it\/eventi-yoga\/yoga_e_trekking_a_capraia-7044\" class=\"yoga-event-link \">Yoga e Trekking a Capraia<\/a>\n                                                    <\/div>\n                                                                                                                                                        <div class=\"yoga-event-item\">\n                                                        <span class=\"event-day\">15 Maggio<\/span>\n                                                        <a href=\"https:\/\/eventiyoga.it\/eventi-yoga\/yoga_e_barca_a_vela-6988\" class=\"yoga-event-link \">Yoga e Barca a vela<\/a>\n                                                    <\/div>\n                                                                                                                                                        <div class=\"yoga-event-item\">\n                                                        <span class=\"event-day\">20 Maggio<\/span>\n                                                        <a href=\"https:\/\/eventiyoga.it\/eventi-yoga\/yoga_e_storytrekking_isola_elba-7041\" class=\"yoga-event-link \">YOGA E STORYTREKKING ISOLA ELBA<\/a>\n                                                    <\/div>\n                                                                                                                                                        <div class=\"yoga-event-item\">\n                                                        <span class=\"event-day\">21 Maggio<\/span>\n                                                        <a href=\"https:\/\/eventiyoga.it\/eventi-yoga\/vela_yoga_e_trek_in_capraia-6867\" class=\"yoga-event-link \">VELA, YOGA E TREK IN CAPRAIA<\/a>\n                                                    <\/div>\n                                                                                                                                                        <div class=\"yoga-event-item\">\n                                                        <span class=\"event-day\">21 Maggio<\/span>\n                                                        <a href=\"https:\/\/eventiyoga.it\/eventi-yoga\/ra_ces_human_design_retreat_21_24_maggio_2026_toscana-6993\" class=\"yoga-event-link \">Ra\u00ecces - Human Design Retreat 21-24 Maggio 2026 \u2013 Toscana<\/a>\n                                                    <\/div>\n                                                                                                                                                        <div class=\"yoga-event-item\">\n                                                        <span class=\"event-day\">22 Maggio<\/span>\n                                                        <a href=\"https:\/\/eventiyoga.it\/eventi-yoga\/yogatrek_isola_d_elba_ritiro_yoga_e_trekking_in_toscana-7305\" class=\"yoga-event-link \">YOGATREK ISOLA D&#039;ELBA | Ritiro Yoga e Trekking in Toscana<\/a>\n                                                    <\/div>\n                                                                                                                                                        <div class=\"yoga-event-item\">\n                                                        <span class=\"event-day\">29 Maggio<\/span>\n                                                        <a href=\"https:\/\/eventiyoga.it\/eventi-yoga\/yoga_e_trekking_a_capraia_4_notti_sconti_fino_al_1_aprile-6066\" class=\"yoga-event-link \">Yoga e Trekking a Capraia \u2013 4 notti \u2013 sconti fino al 1 Aprile<\/a>\n                                                    <\/div>\n                                                                                                                                                        <div class=\"yoga-event-item\">\n                                                        <span class=\"event-day\">29 Maggio<\/span>\n                                                        <a href=\"https:\/\/eventiyoga.it\/eventi-yoga\/yoga_in_barca_avela_isole_toscane-5972\" class=\"yoga-event-link \">Yoga in Barca aVela Isole Toscane<\/a>\n                                                    <\/div>\n                                                                                                                                                        <div class=\"yoga-event-item\">\n                                                        <span class=\"event-day\">29 Maggio<\/span>\n                                                        <a href=\"https:\/\/eventiyoga.it\/eventi-yoga\/ritiro_yoga_isola_d_elba_giugno_2026-6651\" class=\"yoga-event-link \">RITIRO YOGA ISOLA D&#039;ELBA GIUGNO 2026<\/a>\n                                                    <\/div>\n                                                                                                                                                        <div class=\"yoga-event-item\">\n                                                        <span class=\"event-day\">30 Maggio<\/span>\n                                                        <a href=\"https:\/\/eventiyoga.it\/eventi-yoga\/yoga_e_trekking_a_capraia_3_notti_sconto_fino_al_28_febbraio-6067\" class=\"yoga-event-link \">Yoga e Trekking a Capraia \u2013 3 notti \u2013 sconto fino al 28 Febbraio<\/a>\n                                                    <\/div>\n                                                                                                                                                        <div class=\"yoga-event-item\">\n                                                        <span class=\"event-day\">30 Maggio<\/span>\n                                                        <a href=\"https:\/\/eventiyoga.it\/eventi-yoga\/ritiro_meditazione_dzogchen_i_sette_addestramenti_mentali_di_longchenpa-6985\" class=\"yoga-event-link \">Ritiro Meditazione Dzogchen | I Sette Addestramenti Mentali di Longchenpa<\/a>\n                                                    <\/div>\n                                                                                                                                                        <div class=\"yoga-event-item\">\n                                                        <span class=\"event-day\">30 Maggio<\/span>\n                                                        <a href=\"https:\/\/eventiyoga.it\/eventi-yoga\/introduzione_al_kalaripayattu_la_millenaria_marziale_del_sud_dell_india-7211\" class=\"yoga-event-link \">Introduzione al kalaripayattu: la millenaria marziale del Sud dell&#039;India<\/a>\n                                                    <\/div>\n                                                                                                                                                        <div class=\"yoga-event-item\">\n                                                        <span class=\"event-day\">31 Maggio<\/span>\n                                                        <a href=\"https:\/\/eventiyoga.it\/eventi-yoga\/ashtanga_yoga_workshop-7190\" class=\"yoga-event-link \">Ashtanga Yoga Workshop<\/a>\n                                                    <\/div>\n                                                                                            <\/div>\n                                        <\/div>\n                                                                                                                                                <div class=\"yoga-province\">\n                                            <h3 class=\"yoga-province-title\">Massa Carrara<\/h3>\n                                            <div class=\"yoga-events-list\">\n                                                                                                                                                        <div class=\"yoga-event-item\">\n                                                        <span class=\"event-day\">01 Maggio<\/span>\n                                                        <a href=\"https:\/\/eventiyoga.it\/eventi-yoga\/yoga_ed_erboristeria_dei_quattro_elementi-6387\" class=\"yoga-event-link \">Yoga ed erboristeria dei Quattro Elementi<\/a>\n                                                    <\/div>\n                                                                                                                                                        <div class=\"yoga-event-item\">\n                                                        <span class=\"event-day\">01 Maggio<\/span>\n                                                        <a href=\"https:\/\/eventiyoga.it\/eventi-yoga\/sulle_tracce_di_patan_jali_1_3_maggio_2026-7013\" class=\"yoga-event-link \">Sulle tracce di Patan\u0303jali | 1 - 3 maggio 2026<\/a>\n                                                    <\/div>\n                                                                                            <\/div>\n                                        <\/div>\n                                                                                                                                                <div class=\"yoga-province\">\n                                            <h3 class=\"yoga-province-title\">Pisa<\/h3>\n                                            <div class=\"yoga-events-list\">\n                                                                                                                                                        <div class=\"yoga-event-item\">\n                                                        <span class=\"event-day\">01 Maggio<\/span>\n                                                        <a href=\"https:\/\/eventiyoga.it\/eventi-yoga\/la_danza_della_guerriera_kalaripayattu-7216\" class=\"yoga-event-link \">La Danza della Guerriera_Kalaripayattu<\/a>\n                                                    <\/div>\n                                                                                                                                                        <div class=\"yoga-event-item\">\n                                                        <span class=\"event-day\">08 Maggio<\/span>\n                                                        <a href=\"https:\/\/eventiyoga.it\/eventi-yoga\/festa_della_mamma_a_pomaia-7116\" class=\"yoga-event-link \">Festa della mamma a Pomaia<\/a>\n                                                    <\/div>\n                                                                                            <\/div>\n                                        <\/div>\n                                                                                                                        <\/div>\n                                                                                <div class=\"yoga-region \">\n                            <h2 class=\"yoga-region-title\">Trentino Alto Adige<\/h2>\n                                                                                                                                        <div class=\"yoga-province\">\n                                            <h3 class=\"yoga-province-title\">Trento<\/h3>\n                                            <div class=\"yoga-events-list\">\n                                                                                                                                                        <div class=\"yoga-event-item\">\n                                                        <span class=\"event-day\">15 Maggio<\/span>\n                                                        <a href=\"https:\/\/eventiyoga.it\/eventi-yoga\/i_5_riti_tibetani_weekend_in_trentino-7026\" class=\"yoga-event-link \">I 5 Riti Tibetani | Weekend in Trentino<\/a>\n                                                    <\/div>\n                                                                                                                                                        <div class=\"yoga-event-item\">\n                                                        <span class=\"event-day\">15 Maggio<\/span>\n                                                        <a href=\"https:\/\/eventiyoga.it\/eventi-yoga\/ritiro_yoga_natura-6936\" class=\"yoga-event-link \">Ritiro Yoga &amp; natura <\/a>\n                                                    <\/div>\n                                                                                                                                                        <div class=\"yoga-event-item\">\n                                                        <span class=\"event-day\">22 Maggio<\/span>\n                                                        <a href=\"https:\/\/eventiyoga.it\/eventi-yoga\/yoga_retreat_in_trentino_yoga_e_natura_in_armonia_al_camping_val_rendena-7100\" class=\"yoga-event-link \">Yoga Retreat in  Trentino Yoga e Natura in Armonia al Camping Val Rendena<\/a>\n                                                    <\/div>\n                                                                                                                                                        <div class=\"yoga-event-item\">\n                                                        <span class=\"event-day\">22 Maggio<\/span>\n                                                        <a href=\"https:\/\/eventiyoga.it\/eventi-yoga\/deep_exhale_yoga_retreat-7253\" class=\"yoga-event-link \">DEEP EXHALE - Yoga Retreat<\/a>\n                                                    <\/div>\n                                                                                            <\/div>\n                                        <\/div>\n                                                                                                                        <\/div>\n                                                                                <div class=\"yoga-region \">\n                            <h2 class=\"yoga-region-title\">Umbria<\/h2>\n                                                                                                                                        <div class=\"yoga-province\">\n                                            <h3 class=\"yoga-province-title\">Perugia<\/h3>\n                                            <div class=\"yoga-events-list\">\n                                                                                                                                                        <div class=\"yoga-event-item\">\n                                                        <span class=\"event-day\">01 Maggio<\/span>\n                                                        <a href=\"https:\/\/eventiyoga.it\/eventi-yoga\/weekend_ad_ananda-6766\" class=\"yoga-event-link \">WEEKEND AD ANANDA<\/a>\n                                                    <\/div>\n                                                                                                                                                        <div class=\"yoga-event-item\">\n                                                        <span class=\"event-day\">02 Maggio<\/span>\n                                                        <a href=\"https:\/\/eventiyoga.it\/eventi-yoga\/ritiro_yoga_per_donne_in_umbria_benessere_natura_e_rinascita_al_femminile-6345\" class=\"yoga-event-link \">Ritiro Yoga per Donne in Umbria: Benessere, Natura e Rinascita al Femminile<\/a>\n                                                    <\/div>\n                                                                                                                                                        <div class=\"yoga-event-item\">\n                                                        <span class=\"event-day\">08 Maggio<\/span>\n                                                        <a href=\"https:\/\/eventiyoga.it\/eventi-yoga\/ritiro_olistico_in_umbria-6740\" class=\"yoga-event-link \">RITIRO OLISTICO IN UMBRIA<\/a>\n                                                    <\/div>\n                                                                                                                                                        <div class=\"yoga-event-item\">\n                                                        <span class=\"event-day\">15 Maggio<\/span>\n                                                        <a href=\"https:\/\/eventiyoga.it\/eventi-yoga\/formazione_yoga_2025_26_detox_e_sistema_immun_itario-5721\" class=\"yoga-event-link \">FORMAZIONE YOGA 2025\/26 \u201cDETOX E SISTEMA IMMUN ITARIO\u201d<\/a>\n                                                    <\/div>\n                                                                                                                                                        <div class=\"yoga-event-item\">\n                                                        <span class=\"event-day\">29 Maggio<\/span>\n                                                        <a href=\"https:\/\/eventiyoga.it\/eventi-yoga\/ritiri_yoga_natura_e_spiritualita_umbria_estate_ponte_del_2_giugno-5784\" class=\"yoga-event-link \">RITIRI YOGA NATURA E SPIRITUALITA\u2019 -UMBRIA ESTATE -PONTE DEL 2 GIUGNO-<\/a>\n                                                    <\/div>\n                                                                                            <\/div>\n                                        <\/div>\n                                                                                                                                                <div class=\"yoga-province\">\n                                            <h3 class=\"yoga-province-title\">Terni<\/h3>\n                                            <div class=\"yoga-events-list\">\n                                                                                                                                                        <div class=\"yoga-event-item\">\n                                                        <span class=\"event-day\">01 Maggio<\/span>\n                                                        <a href=\"https:\/\/eventiyoga.it\/eventi-yoga\/ritiro_yoga_in_umbria_un_cerchio_intimo_di_6_donne_tra_yoga_e_natura-7101\" class=\"yoga-event-link \">Ritiro Yoga in Umbria | Un Cerchio intimo di 6 donne tra Yoga e Natura<\/a>\n                                                    <\/div>\n                                                                                                                                                        <div class=\"yoga-event-item\">\n                                                        <span class=\"event-day\">15 Maggio<\/span>\n                                                        <a href=\"https:\/\/eventiyoga.it\/eventi-yoga\/ulivi_dream_camp_riconnettersi_con_la_natura-6869\" class=\"yoga-event-link \">Ulivi Dream Camp - Riconnettersi con la natura<\/a>\n                                                    <\/div>\n                                                                                                                                                        <div class=\"yoga-event-item\">\n                                                        <span class=\"event-day\">30 Maggio<\/span>\n                                                        <a href=\"https:\/\/eventiyoga.it\/eventi-yoga\/ritiro_yoga_e_non_solo-7186\" class=\"yoga-event-link \">RITIRO YOGA E NON SOLO...<\/a>\n                                                    <\/div>\n                                                                                            <\/div>\n                                        <\/div>\n                                                                                                                        <\/div>\n                                                                                <div class=\"yoga-region \">\n                            <h2 class=\"yoga-region-title\">Valle d&#039;Aosta<\/h2>\n                                                                                                                                        <div class=\"yoga-province\">\n                                            <h3 class=\"yoga-province-title\">Aosta<\/h3>\n                                            <div class=\"yoga-events-list\">\n                                                                                                                                                        <div class=\"yoga-event-item\">\n                                                        <span class=\"event-day\">01 Maggio<\/span>\n                                                        <a href=\"https:\/\/eventiyoga.it\/eventi-yoga\/yoga_trekking_e_natura_praticare_vicini_alle_nuvole-7123\" class=\"yoga-event-link \">Yoga; Trekking e Natura, praticare vicini alle nuvole<\/a>\n                                                    <\/div>\n                                                                                                                                                        <div class=\"yoga-event-item\">\n                                                        <span class=\"event-day\">08 Maggio<\/span>\n                                                        <a href=\"https:\/\/eventiyoga.it\/eventi-yoga\/yoga_per_spiriti_liberi_in_valtournenche-5962\" class=\"yoga-event-link \">Yoga per spiriti liberi in Valtournenche<\/a>\n                                                    <\/div>\n                                                                                                                                                        <div class=\"yoga-event-item\">\n                                                        <span class=\"event-day\">30 Maggio<\/span>\n                                                        <a href=\"https:\/\/eventiyoga.it\/eventi-yoga\/yoga_e_trekking_in_valle_d_aosta_il_respiro_che_rigenera-7210\" class=\"yoga-event-link \">YOGA e TREKKING in Valle d&#039;Aosta: il respiro che rigenera<\/a>\n                                                    <\/div>\n                                                                                            <\/div>\n                                        <\/div>\n                                                                                                                        <\/div>\n                                                                                <div class=\"yoga-region \">\n                            <h2 class=\"yoga-region-title\">Veneto<\/h2>\n                                                                                                                                        <div class=\"yoga-province\">\n                                            <h3 class=\"yoga-province-title\">Padova<\/h3>\n                                            <div class=\"yoga-events-list\">\n                                                                                                                                                        <div class=\"yoga-event-item\">\n                                                        <span class=\"event-day\">10 Maggio<\/span>\n                                                        <a href=\"https:\/\/eventiyoga.it\/eventi-yoga\/bloom_e_il_momento_di_fiorire-7288\" class=\"yoga-event-link \">Bloom, e&#039; il momento di fiorire<\/a>\n                                                    <\/div>\n                                                                                                                                                        <div class=\"yoga-event-item\">\n                                                        <span class=\"event-day\">22 Maggio<\/span>\n                                                        <a href=\"https:\/\/eventiyoga.it\/eventi-yoga\/oli_essenziali_quali_scegliere_come_usarli-7332\" class=\"yoga-event-link \">OLI ESSENZIALi: QUALI SCEGLIERE, COME USARLI<\/a>\n                                                    <\/div>\n                                                                                                                                                        <div class=\"yoga-event-item\">\n                                                        <span class=\"event-day\">23 Maggio<\/span>\n                                                        <a href=\"https:\/\/eventiyoga.it\/eventi-yoga\/la_via_della_danza_il_corpo_tra_seduzione_e_ritualit-7311\" class=\"yoga-event-link \">LA VIA DELLA DANZA - Il Corpo tra Seduzione e Ritualit\u00e0<\/a>\n                                                    <\/div>\n                                                                                                                                                        <div class=\"yoga-event-item\">\n                                                        <span class=\"event-day\">23 Maggio<\/span>\n                                                        <a href=\"https:\/\/eventiyoga.it\/eventi-yoga\/reiki_livello_i_e_ii_con_attestato_operatore_a_padova_veneto-7147\" class=\"yoga-event-link \">Reiki Livello I e II con attestato operatore a Padova Veneto<\/a>\n                                                    <\/div>\n                                                                                                                                                        <div class=\"yoga-event-item\">\n                                                        <span class=\"event-day\">24 Maggio<\/span>\n                                                        <a href=\"https:\/\/eventiyoga.it\/eventi-yoga\/workshop_di_ananda_yoga-7158\" class=\"yoga-event-link \">Workshop di Ananda Yoga<\/a>\n                                                    <\/div>\n                                                                                                                                                        <div class=\"yoga-event-item\">\n                                                        <span class=\"event-day\">24 Maggio<\/span>\n                                                        <a href=\"https:\/\/eventiyoga.it\/eventi-yoga\/natyashastra_workshop_di_danza_indiana_con_stella_penzo-7310\" class=\"yoga-event-link \">NATYASHASTRA - WORKSHOP DI DANZA INDIANA CON STELLA PENZO<\/a>\n                                                    <\/div>\n                                                                                            <\/div>\n                                        <\/div>\n                                                                                                                                                <div class=\"yoga-province\">\n                                            <h3 class=\"yoga-province-title\">Treviso<\/h3>\n                                            <div class=\"yoga-events-list\">\n                                                                                                                                                        <div class=\"yoga-event-item\">\n                                                        <span class=\"event-day\">31 Maggio<\/span>\n                                                        <a href=\"https:\/\/eventiyoga.it\/eventi-yoga\/cammino_yoga_colline_dell_unesco-7090\" class=\"yoga-event-link \">Cammino Yoga: colline dell&#039;UNESCO<\/a>\n                                                    <\/div>\n                                                                                            <\/div>\n                                        <\/div>\n                                                                                                                                                <div class=\"yoga-province\">\n                                            <h3 class=\"yoga-province-title\">Venezia<\/h3>\n                                            <div class=\"yoga-events-list\">\n                                                                                                                                                        <div class=\"yoga-event-item\">\n                                                        <span class=\"event-day\">15 Maggio<\/span>\n                                                        <a href=\"https:\/\/eventiyoga.it\/eventi-yoga\/weekend_yoga_a_jesolo-7043\" class=\"yoga-event-link \">Weekend Yoga a Jesolo<\/a>\n                                                    <\/div>\n                                                                                            <\/div>\n                                        <\/div>\n                                                                                                                                                <div class=\"yoga-province\">\n                                            <h3 class=\"yoga-province-title\">Verona<\/h3>\n                                            <div class=\"yoga-events-list\">\n                                                                                                                                                        <div class=\"yoga-event-item\">\n                                                        <span class=\"event-day\">15 Maggio<\/span>\n                                                        <a href=\"https:\/\/eventiyoga.it\/eventi-yoga\/ritiro_yoga_al_lago_di_garda_flessibilit-7085\" class=\"yoga-event-link \">Ritiro Yoga al Lago di Garda | Flessibilit\u00e0<\/a>\n                                                    <\/div>\n                                                                                            <\/div>\n                                        <\/div>\n                                                                                                                                                <div class=\"yoga-province\">\n                                            <h3 class=\"yoga-province-title\">Vicenza<\/h3>\n                                            <div class=\"yoga-events-list\">\n                                                                                                                                                        <div class=\"yoga-event-item\">\n                                                        <span class=\"event-day\">30 Maggio<\/span>\n                                                        <a href=\"https:\/\/eventiyoga.it\/eventi-yoga\/le_5_memorie_dell_anima-7086\" class=\"yoga-event-link \">Le 5 memorie dell&#039;Anima<\/a>\n                                                    <\/div>\n                                                                                            <\/div>\n                                        <\/div>\n                                                                                                                        <\/div>\n                                                                                <div class=\"yoga-region yoga-region-estero\">\n                            <h2 class=\"yoga-region-title\">Estero<\/h2>\n                                                            <div class=\"yoga-events-list\">\n                                                                                                                                                                    <div class=\"yoga-event-item\">\n                                                <span class=\"event-day\">01 Maggio<\/span>\n                                                <a href=\"https:\/\/eventiyoga.it\/eventi-yoga\/yoga_retreat_a_creta_6_giorni_tra_mare_benessere_e_relax-6252\" class=\"yoga-event-link \">Yoga Retreat a Creta \u2013 6 Giorni tra Mare, Benessere e Relax<\/a>\n                                            <\/div>\n                                                                                                                                <div class=\"yoga-event-item\">\n                                                <span class=\"event-day\">03 Maggio<\/span>\n                                                <a href=\"https:\/\/eventiyoga.it\/eventi-yoga\/vacanza_yoga_rigenerante_nell_isola_dei_poeti_lesbo_grecia-6926\" class=\"yoga-event-link \">Vacanza Yoga rigenerante nell&#039;isola dei poeti, Lesbo, Grecia<\/a>\n                                            <\/div>\n                                                                                                                                <div class=\"yoga-event-item\">\n                                                <span class=\"event-day\">07 Maggio<\/span>\n                                                <a href=\"https:\/\/eventiyoga.it\/eventi-yoga\/la_rosa_e_la_spada-7280\" class=\"yoga-event-link \">LA ROSA e LA SPADA  \ud83c\udf39 \u269c \u2694<\/a>\n                                            <\/div>\n                                                                                                                                <div class=\"yoga-event-item\">\n                                                <span class=\"event-day\">08 Maggio<\/span>\n                                                <a href=\"https:\/\/eventiyoga.it\/eventi-yoga\/formentera_yogaconele_retreat-6324\" class=\"yoga-event-link \">FORMENTERA YOGACONELE RETREAT<\/a>\n                                            <\/div>\n                                                                                                                                <div class=\"yoga-event-item\">\n                                                <span class=\"event-day\">10 Maggio<\/span>\n                                                <a href=\"https:\/\/eventiyoga.it\/eventi-yoga\/vacanza_yoga_terme_e_relax_nell_isola_dei_poeti_grecia-7025\" class=\"yoga-event-link \">Vacanza yoga, terme e relax nell&#039; Isola dei Poeti, Grecia<\/a>\n                                            <\/div>\n                                                                                                                                <div class=\"yoga-event-item\">\n                                                <span class=\"event-day\">12 Maggio<\/span>\n                                                <a href=\"https:\/\/eventiyoga.it\/eventi-yoga\/lanzarote_yoga_meditation_experiences-6987\" class=\"yoga-event-link \">LANZAROTE Yoga &amp; Meditation Experiences<\/a>\n                                            <\/div>\n                                                                                                                                <div class=\"yoga-event-item\">\n                                                <span class=\"event-day\">14 Maggio<\/span>\n                                                <a href=\"https:\/\/eventiyoga.it\/eventi-yoga\/yoga_retreat_marrakech-7129\" class=\"yoga-event-link \">YOGA RETREAT MARRAKECH <\/a>\n                                            <\/div>\n                                                                                                                                <div class=\"yoga-event-item\">\n                                                <span class=\"event-day\">17 Maggio<\/span>\n                                                <a href=\"https:\/\/eventiyoga.it\/eventi-yoga\/yoga_a_bali_un_viaggio_trasformativo_nell_isola_degli_dei-6072\" class=\"yoga-event-link \">Yoga a Bali: Un Viaggio Trasformativo nell\u2019Isola degli Dei<\/a>\n                                            <\/div>\n                                                                                                                                <div class=\"yoga-event-item\">\n                                                <span class=\"event-day\">20 Maggio<\/span>\n                                                <a href=\"https:\/\/eventiyoga.it\/eventi-yoga\/manuela_meucci-6710\" class=\"yoga-event-link \">Manuela Meucci<\/a>\n                                            <\/div>\n                                                                                                                                <div class=\"yoga-event-item\">\n                                                <span class=\"event-day\">24 Maggio<\/span>\n                                                <a href=\"https:\/\/eventiyoga.it\/eventi-yoga\/vacanza_yoga_e_relax_in_algarve_portogallo-6779\" class=\"yoga-event-link \">VACANZA YOGA E RELAX IN ALGARVE - PORTOGALLO<\/a>\n                                            <\/div>\n                                                                                                                                <div class=\"yoga-event-item\">\n                                                <span class=\"event-day\">27 Maggio<\/span>\n                                                <a href=\"https:\/\/eventiyoga.it\/eventi-yoga\/yoga_fluire_nel_mar_rosso_energy5elements_con_jyoti_vimukto-6550\" class=\"yoga-event-link \">Yoga \u00e8... fluire nel Mar Rosso | Energy5Elements con Jyoti &amp; Vimukto<\/a>\n                                            <\/div>\n                                                                                                                                <div class=\"yoga-event-item\">\n                                                <span class=\"event-day\">28 Maggio<\/span>\n                                                <a href=\"https:\/\/eventiyoga.it\/eventi-yoga\/vacanza_benessere_fuerteventura-6787\" class=\"yoga-event-link \">Vacanza BenEssere Fuerteventura<\/a>\n                                            <\/div>\n                                                                                                                                <div class=\"yoga-event-item\">\n                                                <span class=\"event-day\">30 Maggio<\/span>\n                                                <a href=\"https:\/\/eventiyoga.it\/eventi-yoga\/bali_retreat_2026_yoga_natura_cultura-6096\" class=\"yoga-event-link \">BALI RETREAT 2026 YOGA NATURA CULTURA<\/a>\n                                            <\/div>\n                                                                                                                                <div class=\"yoga-event-item\">\n                                                <span class=\"event-day\">31 Maggio<\/span>\n                                                <a href=\"https:\/\/eventiyoga.it\/eventi-yoga\/r_hla_yoga_retreat_in_marocco-6815\" class=\"yoga-event-link \">R\u00eehla Yoga Retreat in Marocco<\/a>\n                                            <\/div>\n                                                                                                                                <div class=\"yoga-event-item\">\n                                                <span class=\"event-day\">31 Maggio<\/span>\n                                                <a href=\"https:\/\/eventiyoga.it\/eventi-yoga\/costellazioni_familiari_e_sound_healing_sull_isola_dei_poeti-7031\" class=\"yoga-event-link \">Costellazioni Familiari e Sound Healing sull&#039;isola dei poeti<\/a>\n                                            <\/div>\n                                                                                                                                <div class=\"yoga-event-item\">\n                                                <span class=\"event-day\">31 Maggio<\/span>\n                                                <a href=\"https:\/\/eventiyoga.it\/eventi-yoga\/formentera_yoga_retreat-6489\" class=\"yoga-event-link \">Formentera Yoga Retreat<\/a>\n                                            <\/div>\n                                                                                                            <\/div>\n                                                    <\/div>\n                                                        <\/div>\n        \n\n\n\n<hr class=\"wp-block-separator has-text-color has-white-color has-css-opacity has-white-background-color has-background\"\/>\n\n\n\n<figure class=\"wp-block-gallery has-nested-images columns-default is-cropped wp-block-gallery-2 is-layout-flex wp-block-gallery-is-layout-flex\">\n<figure class=\"wp-block-image size-large\"><a href=\"https:\/\/eventiyoga.it\/blog\/wp-content\/uploads\/2020\/10\/POST_09.jpg\"><img decoding=\"async\" data-id=\"58318\" src=\"data:image\/gif;base64,R0lGODlhAQABAIAAAAAAAP\/\/\/yH5BAEAAAAALAAAAAABAAEAAAIBRAA7\" data-src=\"https:\/\/eventiyoga.it\/blog\/wp-content\/uploads\/2020\/10\/POST_09-1022x1024.jpg\" alt=\"Vacanze e Ritiri Yoga Estate\" class=\"wp-image-58318\"\/><noscript><img decoding=\"async\" data-id=\"58318\" src=\"https:\/\/eventiyoga.it\/blog\/wp-content\/uploads\/2020\/10\/POST_09-1022x1024.jpg\" alt=\"Vacanze e Ritiri Yoga Estate\" class=\"wp-image-58318\"\/><\/noscript><\/a><\/figure>\n\n\n\n<figure class=\"wp-block-image size-large\"><a href=\"https:\/\/eventiyoga.it\/blog\/wp-content\/uploads\/2020\/10\/POST_08.jpg\"><img decoding=\"async\" data-id=\"58319\" src=\"data:image\/gif;base64,R0lGODlhAQABAIAAAAAAAP\/\/\/yH5BAEAAAAALAAAAAABAAEAAAIBRAA7\" data-src=\"https:\/\/eventiyoga.it\/blog\/wp-content\/uploads\/2020\/10\/POST_08-1022x1024.jpg\" alt=\"Vacanze e Ritiri Yoga Estate\" class=\"wp-image-58319\"\/><noscript><img decoding=\"async\" data-id=\"58319\" src=\"https:\/\/eventiyoga.it\/blog\/wp-content\/uploads\/2020\/10\/POST_08-1022x1024.jpg\" alt=\"Vacanze e Ritiri Yoga Estate\" class=\"wp-image-58319\"\/><\/noscript><\/a><\/figure>\n\n\n\n<figure class=\"wp-block-image size-large\"><a href=\"https:\/\/eventiyoga.it\/blog\/wp-content\/uploads\/2020\/10\/POST_07.jpg\"><img decoding=\"async\" data-id=\"58320\" src=\"data:image\/gif;base64,R0lGODlhAQABAIAAAAAAAP\/\/\/yH5BAEAAAAALAAAAAABAAEAAAIBRAA7\" data-src=\"https:\/\/eventiyoga.it\/blog\/wp-content\/uploads\/2020\/10\/POST_07-1022x1024.jpg\" alt=\"Vacanze e Ritiri Yoga Estate\" class=\"wp-image-58320\"\/><noscript><img decoding=\"async\" data-id=\"58320\" src=\"https:\/\/eventiyoga.it\/blog\/wp-content\/uploads\/2020\/10\/POST_07-1022x1024.jpg\" alt=\"Vacanze e Ritiri Yoga Estate\" class=\"wp-image-58320\"\/><\/noscript><\/a><\/figure>\n<\/figure>\n\n\n\n<h2 class=\"wp-block-heading\" id=\"h-giugno\">Giugno<\/h2>\n\n\n\n<div style=\"height: 12px; background: linear-gradient(90deg, #667eea 0%, #764ba2 50%, #f093fb 100%); border-radius: 6px;\"><\/div>\n<p style=\"color: #555555; font-size: 23px; margin-top: 15px; font-style: italic;\">\ud83c\udf0a Inizia l&#8217;estate: yoga in barca a vela, retreat al mare e settimane in natura<\/p>\n\n\n        <div class=\"yoga-events-regions-container\">\n            <!-- Online Events Section -->\n            \n            <!-- Offline Events by Regions -->\n                                                                        <div class=\"yoga-region \">\n                            <h2 class=\"yoga-region-title\">Abruzzo<\/h2>\n                                                                                                                                        <div class=\"yoga-province\">\n                                            <h3 class=\"yoga-province-title\">L&#039;Aquila<\/h3>\n                                            <div class=\"yoga-events-list\">\n                                                                                                                                                        <div class=\"yoga-event-item\">\n                                                        <span class=\"event-day\">04 Giugno<\/span>\n                                                        <a href=\"https:\/\/eventiyoga.it\/eventi-yoga\/ritiro_yoga_in_abruzzo_i_laghi_del_parco_nazionale_sport_e_bike_e_rafting-7308\" class=\"yoga-event-link \">Ritiro Yoga in Abruzzo | I laghi del Parco Nazionale, sport e-bike e rafting<\/a>\n                                                    <\/div>\n                                                                                            <\/div>\n                                        <\/div>\n                                                                                                                        <\/div>\n                                                                                <div class=\"yoga-region \">\n                            <h2 class=\"yoga-region-title\">Calabria<\/h2>\n                                                                                                                                        <div class=\"yoga-province\">\n                                            <h3 class=\"yoga-province-title\">Catanzaro<\/h3>\n                                            <div class=\"yoga-events-list\">\n                                                                                                                                                        <div class=\"yoga-event-item\">\n                                                        <span class=\"event-day\">12 Giugno<\/span>\n                                                        <a href=\"https:\/\/eventiyoga.it\/eventi-yoga\/calabria_happiness_retreat_tra_mare_e_faggete-7166\" class=\"yoga-event-link promoted\">Calabria: Happiness Retreat tra mare e faggete <\/a>\n                                                    <\/div>\n                                                                                            <\/div>\n                                        <\/div>\n                                                                                                                        <\/div>\n                                                                                <div class=\"yoga-region \">\n                            <h2 class=\"yoga-region-title\">Campania<\/h2>\n                                                                                                                                        <div class=\"yoga-province\">\n                                            <h3 class=\"yoga-province-title\">Napoli<\/h3>\n                                            <div class=\"yoga-events-list\">\n                                                                                                                                                        <div class=\"yoga-event-item\">\n                                                        <span class=\"event-day\">15 Giugno<\/span>\n                                                        <a href=\"https:\/\/eventiyoga.it\/eventi-yoga\/parco_delle_ninfe_di_nitrodi_ischia-6501\" class=\"yoga-event-link \">Parco delle Ninfe di Nitrodi \u2013 Ischia<\/a>\n                                                    <\/div>\n                                                                                            <\/div>\n                                        <\/div>\n                                                                                                                                                <div class=\"yoga-province\">\n                                            <h3 class=\"yoga-province-title\">Salerno<\/h3>\n                                            <div class=\"yoga-events-list\">\n                                                                                                                                                        <div class=\"yoga-event-item\">\n                                                        <span class=\"event-day\">13 Giugno<\/span>\n                                                        <a href=\"https:\/\/eventiyoga.it\/eventi-yoga\/ritiro_yoga_e_counseling_nel_cilento_ritiro_yoga_in_campania-6580\" class=\"yoga-event-link \">Ritiro Yoga e Counseling nel Cilento | Ritiro Yoga in Campania<\/a>\n                                                    <\/div>\n                                                                                                                                                        <div class=\"yoga-event-item\">\n                                                        <span class=\"event-day\">20 Giugno<\/span>\n                                                        <a href=\"https:\/\/eventiyoga.it\/eventi-yoga\/ritiro_yoga_e_counseling_nel_cilento_ritiro_yoga_in_campania-6596\" class=\"yoga-event-link \">Ritiro Yoga e Counseling nel Cilento | Ritiro Yoga in Campania<\/a>\n                                                    <\/div>\n                                                                                            <\/div>\n                                        <\/div>\n                                                                                                                        <\/div>\n                                                                                <div class=\"yoga-region \">\n                            <h2 class=\"yoga-region-title\">Emilia Romagna<\/h2>\n                                                                                                                                        <div class=\"yoga-province\">\n                                            <h3 class=\"yoga-province-title\">Bologna<\/h3>\n                                            <div class=\"yoga-events-list\">\n                                                                                                                                                        <div class=\"yoga-event-item\">\n                                                        <span class=\"event-day\">12 Giugno<\/span>\n                                                        <a href=\"https:\/\/eventiyoga.it\/eventi-yoga\/partho_sarothy_in_concerto_maestro_di_fama_internazionale-7205\" class=\"yoga-event-link \"> PARTHO SAROTHY IN CONCERTO | MAESTRO DI FAMA INTERNAZIONALE<\/a>\n                                                    <\/div>\n                                                                                                                                                        <div class=\"yoga-event-item\">\n                                                        <span class=\"event-day\">20 Giugno<\/span>\n                                                        <a href=\"https:\/\/eventiyoga.it\/eventi-yoga\/solstizio_tra_ayurveda_e_natura-7189\" class=\"yoga-event-link \">Solstizio tra Ayurveda e Natura<\/a>\n                                                    <\/div>\n                                                                                            <\/div>\n                                        <\/div>\n                                                                                                                                                <div class=\"yoga-province\">\n                                            <h3 class=\"yoga-province-title\">Forl\u00ec-Cesena<\/h3>\n                                            <div class=\"yoga-events-list\">\n                                                                                                                                                        <div class=\"yoga-event-item\">\n                                                        <span class=\"event-day\">16 Giugno<\/span>\n                                                        <a href=\"https:\/\/eventiyoga.it\/eventi-yoga\/ritiro_yoga_in_collina_in_emilia_romagna-7271\" class=\"yoga-event-link \">Ritiro Yoga in Collina in Emilia Romagna<\/a>\n                                                    <\/div>\n                                                                                            <\/div>\n                                        <\/div>\n                                                                                                                                                <div class=\"yoga-province\">\n                                            <h3 class=\"yoga-province-title\">Ravenna<\/h3>\n                                            <div class=\"yoga-events-list\">\n                                                                                                                                                        <div class=\"yoga-event-item\">\n                                                        <span class=\"event-day\">13 Giugno<\/span>\n                                                        <a href=\"https:\/\/eventiyoga.it\/eventi-yoga\/luna_lab_formazione_30h-6884\" class=\"yoga-event-link \">LUNA LAB FORMAZIONE 30H<\/a>\n                                                    <\/div>\n                                                                                                                                                        <div class=\"yoga-event-item\">\n                                                        <span class=\"event-day\">20 Giugno<\/span>\n                                                        <a href=\"https:\/\/eventiyoga.it\/eventi-yoga\/tapas_solstice_retreat-7209\" class=\"yoga-event-link \">TAPAS SOLSTICE RETREAT<\/a>\n                                                    <\/div>\n                                                                                            <\/div>\n                                        <\/div>\n                                                                                                                        <\/div>\n                                                                                <div class=\"yoga-region \">\n                            <h2 class=\"yoga-region-title\">Lazio<\/h2>\n                                                                                                                                        <div class=\"yoga-province\">\n                                            <h3 class=\"yoga-province-title\">Frosinone<\/h3>\n                                            <div class=\"yoga-events-list\">\n                                                                                                                                                        <div class=\"yoga-event-item\">\n                                                        <span class=\"event-day\">03 Giugno<\/span>\n                                                        <a href=\"https:\/\/eventiyoga.it\/eventi-yoga\/yoga_cavalli_e_natura_ritiro_a_pescosolido_parco_nazionale_d_abruzzo-6670\" class=\"yoga-event-link \">Yoga, Cavalli e Natura: Ritiro a Pescosolido, Parco Nazionale d\u2019Abruzzo<\/a>\n                                                    <\/div>\n                                                                                                                                                        <div class=\"yoga-event-item\">\n                                                        <span class=\"event-day\">04 Giugno<\/span>\n                                                        <a href=\"https:\/\/eventiyoga.it\/eventi-yoga\/ritiro_yoga_nella_natura_d_abruzzo-6449\" class=\"yoga-event-link \">Ritiro Yoga nella Natura d\u2019Abruzzo<\/a>\n                                                    <\/div>\n                                                                                                                                                        <div class=\"yoga-event-item\">\n                                                        <span class=\"event-day\">04 Giugno<\/span>\n                                                        <a href=\"https:\/\/eventiyoga.it\/eventi-yoga\/yoga_e_passeggiata_meditativa_nel_parco_nazionale_d_abruzzo_versante_laziale-6414\" class=\"yoga-event-link \">Yoga e Passeggiata Meditativa nel parco nazionale d\u2019Abruzzo, versante Laziale<\/a>\n                                                    <\/div>\n                                                                                                                                                        <div class=\"yoga-event-item\">\n                                                        <span class=\"event-day\">10 Giugno<\/span>\n                                                        <a href=\"https:\/\/eventiyoga.it\/eventi-yoga\/yoga_cavalli_e_natura_ritiro_a_pescosolido_parco_nazionale_d_abruzzo-6671\" class=\"yoga-event-link \">Yoga, Cavalli e Natura: Ritiro a Pescosolido, Parco Nazionale d\u2019Abruzzo<\/a>\n                                                    <\/div>\n                                                                                                                                                        <div class=\"yoga-event-item\">\n                                                        <span class=\"event-day\">11 Giugno<\/span>\n                                                        <a href=\"https:\/\/eventiyoga.it\/eventi-yoga\/ritiro_yoga_nella_natura_d_abruzzo-6450\" class=\"yoga-event-link \">Ritiro Yoga nella Natura d\u2019Abruzzo<\/a>\n                                                    <\/div>\n                                                                                                                                                        <div class=\"yoga-event-item\">\n                                                        <span class=\"event-day\">11 Giugno<\/span>\n                                                        <a href=\"https:\/\/eventiyoga.it\/eventi-yoga\/yoga_e_passeggiata_meditativa_nel_parco_nazionale_d_abruzzo_versante_laziale-6416\" class=\"yoga-event-link \">Yoga e Passeggiata Meditativa nel parco nazionale d\u2019Abruzzo, versante Laziale<\/a>\n                                                    <\/div>\n                                                                                                                                                        <div class=\"yoga-event-item\">\n                                                        <span class=\"event-day\">24 Giugno<\/span>\n                                                        <a href=\"https:\/\/eventiyoga.it\/eventi-yoga\/radici_respiro-7229\" class=\"yoga-event-link \">RADICI &amp; RESPIRO<\/a>\n                                                    <\/div>\n                                                                                                                                                        <div class=\"yoga-event-item\">\n                                                        <span class=\"event-day\">24 Giugno<\/span>\n                                                        <a href=\"https:\/\/eventiyoga.it\/eventi-yoga\/yoga_cavalli_e_natura_ritiro_a_pescosolido_parco_nazionale_d_abruzzo-6672\" class=\"yoga-event-link \">Yoga, Cavalli e Natura: Ritiro a Pescosolido, Parco Nazionale d\u2019Abruzzo<\/a>\n                                                    <\/div>\n                                                                                                                                                        <div class=\"yoga-event-item\">\n                                                        <span class=\"event-day\">25 Giugno<\/span>\n                                                        <a href=\"https:\/\/eventiyoga.it\/eventi-yoga\/ritiro_yoga_nella_natura_d_abruzzo-6451\" class=\"yoga-event-link \">Ritiro Yoga nella Natura d\u2019Abruzzo<\/a>\n                                                    <\/div>\n                                                                                                                                                        <div class=\"yoga-event-item\">\n                                                        <span class=\"event-day\">25 Giugno<\/span>\n                                                        <a href=\"https:\/\/eventiyoga.it\/eventi-yoga\/yoga_e_passeggiata_meditativa_nel_parco_nazionale_d_abruzzo_versante_laziale-6415\" class=\"yoga-event-link \">Yoga e Passeggiata Meditativa nel parco nazionale d\u2019Abruzzo, versante Laziale<\/a>\n                                                    <\/div>\n                                                                                            <\/div>\n                                        <\/div>\n                                                                                                                                                <div class=\"yoga-province\">\n                                            <h3 class=\"yoga-province-title\">Rieti<\/h3>\n                                            <div class=\"yoga-events-list\">\n                                                                                                                                                        <div class=\"yoga-event-item\">\n                                                        <span class=\"event-day\">21 Giugno<\/span>\n                                                        <a href=\"https:\/\/eventiyoga.it\/eventi-yoga\/giornata_mondiale_dello_yoga-6973\" class=\"yoga-event-link \">Giornata mondiale dello Yoga<\/a>\n                                                    <\/div>\n                                                                                            <\/div>\n                                        <\/div>\n                                                                                                                                                <div class=\"yoga-province\">\n                                            <h3 class=\"yoga-province-title\">Roma<\/h3>\n                                            <div class=\"yoga-events-list\">\n                                                                                                                                                        <div class=\"yoga-event-item\">\n                                                        <span class=\"event-day\">01 Giugno<\/span>\n                                                        <a href=\"https:\/\/eventiyoga.it\/eventi-yoga\/dirette_online_yoga_meditazione_nidra_filosofia-6112\" class=\"yoga-event-link \">DIRETTE ONLINE \u2013 Yoga, Meditazione, Nidra, Filosofia\u2026<\/a>\n                                                    <\/div>\n                                                                                                                                                        <div class=\"yoga-event-item\">\n                                                        <span class=\"event-day\">01 Giugno<\/span>\n                                                        <a href=\"https:\/\/eventiyoga.it\/eventi-yoga\/sedute_individuali_di_yoga_reiki_e_massaggi-6119\" class=\"yoga-event-link \">SEDUTE INDIVIDUALI DI YOGA, REIKI E MASSAGGI<\/a>\n                                                    <\/div>\n                                                                                                                                                        <div class=\"yoga-event-item\">\n                                                        <span class=\"event-day\">01 Giugno<\/span>\n                                                        <a href=\"https:\/\/eventiyoga.it\/eventi-yoga\/hatha_e_raja_yoga_a_porta_pia_anche_online-6156\" class=\"yoga-event-link \">HATHA E RAJA YOGA a Porta Pia (anche online)<\/a>\n                                                    <\/div>\n                                                                                                                                                        <div class=\"yoga-event-item\">\n                                                        <span class=\"event-day\">01 Giugno<\/span>\n                                                        <a href=\"https:\/\/eventiyoga.it\/eventi-yoga\/kundalini_yoga_a_porta_pia_anche_online-6163\" class=\"yoga-event-link \">KUNDALINI YOGA a Porta Pia (anche online)<\/a>\n                                                    <\/div>\n                                                                                                                                                        <div class=\"yoga-event-item\">\n                                                        <span class=\"event-day\">03 Giugno<\/span>\n                                                        <a href=\"https:\/\/eventiyoga.it\/eventi-yoga\/sessione_di_yoga_nidra_anche_online-6147\" class=\"yoga-event-link \">SESSIONE DI YOGA NIDRA (anche online)<\/a>\n                                                    <\/div>\n                                                                                                                                                        <div class=\"yoga-event-item\">\n                                                        <span class=\"event-day\">05 Giugno<\/span>\n                                                        <a href=\"https:\/\/eventiyoga.it\/eventi-yoga\/ritiro_del_silenzio_meditazione_ama_te_stesso-7112\" class=\"yoga-event-link \">RITIRO del SILENZIO-MEDITAZIONE: AMA TE STESSO<\/a>\n                                                    <\/div>\n                                                                                                                                                        <div class=\"yoga-event-item\">\n                                                        <span class=\"event-day\">10 Giugno<\/span>\n                                                        <a href=\"https:\/\/eventiyoga.it\/eventi-yoga\/sessione_di_meditazione_guidata_anche_online-6133\" class=\"yoga-event-link \">SESSIONE DI MEDITAZIONE GUIDATA (anche online)<\/a>\n                                                    <\/div>\n                                                                                                                                                        <div class=\"yoga-event-item\">\n                                                        <span class=\"event-day\">12 Giugno<\/span>\n                                                        <a href=\"https:\/\/eventiyoga.it\/eventi-yoga\/lento_fluire_un_ritiro_di_yoga_e_presenza-6569\" class=\"yoga-event-link \">Lento Fluire: un ritiro di Yoga e Presenza<\/a>\n                                                    <\/div>\n                                                                                                                                                        <div class=\"yoga-event-item\">\n                                                        <span class=\"event-day\">14 Giugno<\/span>\n                                                        <a href=\"https:\/\/eventiyoga.it\/eventi-yoga\/seminario_di_reiki_2_livello_a_roma-7004\" class=\"yoga-event-link \">SEMINARIO DI REIKI - 2\u00b0 Livello a Roma<\/a>\n                                                    <\/div>\n                                                                                                                                                        <div class=\"yoga-event-item\">\n                                                        <span class=\"event-day\">16 Giugno<\/span>\n                                                        <a href=\"https:\/\/eventiyoga.it\/eventi-yoga\/sessione_di_mantra_yoga_anche_online-6105\" class=\"yoga-event-link \">SESSIONE DI MANTRA YOGA (anche online)<\/a>\n                                                    <\/div>\n                                                                                                                                                        <div class=\"yoga-event-item\">\n                                                        <span class=\"event-day\">17 Giugno<\/span>\n                                                        <a href=\"https:\/\/eventiyoga.it\/eventi-yoga\/sessione_di_yoga_nidra_anche_online-6148\" class=\"yoga-event-link \">SESSIONE DI YOGA NIDRA (anche online)<\/a>\n                                                    <\/div>\n                                                                                                                                                        <div class=\"yoga-event-item\">\n                                                        <span class=\"event-day\">19 Giugno<\/span>\n                                                        <a href=\"https:\/\/eventiyoga.it\/eventi-yoga\/vyayama_finch_tutto_dentro_torna_limpido_solstizio_d_estate_vince_la_luce-6958\" class=\"yoga-event-link \">VYAYAMA - Finch\u00e9 tutto dentro torna limpido. Solstizio d\u2019Estate - vince la Luce<\/a>\n                                                    <\/div>\n                                                                                                                                                        <div class=\"yoga-event-item\">\n                                                        <span class=\"event-day\">20 Giugno<\/span>\n                                                        <a href=\"https:\/\/eventiyoga.it\/eventi-yoga\/seminario_di_reiki_1_livello_a_roma-6998\" class=\"yoga-event-link \">SEMINARIO DI REIKI - 1\u00b0 Livello a Roma<\/a>\n                                                    <\/div>\n                                                                                                                                                        <div class=\"yoga-event-item\">\n                                                        <span class=\"event-day\">20 Giugno<\/span>\n                                                        <a href=\"https:\/\/eventiyoga.it\/eventi-yoga\/intensivo_di_kundalini_yoga_visuddha_chakra_anche_online-6878\" class=\"yoga-event-link \">INTENSIVO DI KUNDALINI YOGA \u201cVisuddha Chakra\u201d (anche online)<\/a>\n                                                    <\/div>\n                                                                                                                                                        <div class=\"yoga-event-item\">\n                                                        <span class=\"event-day\">21 Giugno<\/span>\n                                                        <a href=\"https:\/\/eventiyoga.it\/eventi-yoga\/intensivo_di_hatha_raja_yoga_visuddha_chakra_anche_online-6879\" class=\"yoga-event-link \">INTENSIVO DI HATHA-RAJA YOGA &quot;Visuddha Chakra&quot; (anche online)<\/a>\n                                                    <\/div>\n                                                                                                                                                        <div class=\"yoga-event-item\">\n                                                        <span class=\"event-day\">24 Giugno<\/span>\n                                                        <a href=\"https:\/\/eventiyoga.it\/eventi-yoga\/sessione_di_meditazione_guidata_anche_online-6134\" class=\"yoga-event-link \">SESSIONE DI MEDITAZIONE GUIDATA (anche online)<\/a>\n                                                    <\/div>\n                                                                                                                                                        <div class=\"yoga-event-item\">\n                                                        <span class=\"event-day\">27 Giugno<\/span>\n                                                        <a href=\"https:\/\/eventiyoga.it\/eventi-yoga\/corso_massaggio_ayurvedico_dei_punti_marma_a_roma-7010\" class=\"yoga-event-link \">CORSO MASSAGGIO AYURVEDICO DEI PUNTI MARMA a Roma<\/a>\n                                                    <\/div>\n                                                                                            <\/div>\n                                        <\/div>\n                                                                                                                                                <div class=\"yoga-province\">\n                                            <h3 class=\"yoga-province-title\">Viterbo<\/h3>\n                                            <div class=\"yoga-events-list\">\n                                                                                                                                                        <div class=\"yoga-event-item\">\n                                                        <span class=\"event-day\">12 Giugno<\/span>\n                                                        <a href=\"https:\/\/eventiyoga.it\/eventi-yoga\/frequenze_interiori_esperienza_immersiva_dedicata_all_ascolto-6749\" class=\"yoga-event-link \">Frequenze Interiori - Esperienza immersiva dedicata all&#039;Ascolto<\/a>\n                                                    <\/div>\n                                                                                            <\/div>\n                                        <\/div>\n                                                                                                                        <\/div>\n                                                                                <div class=\"yoga-region \">\n                            <h2 class=\"yoga-region-title\">Liguria<\/h2>\n                                                                                                                                        <div class=\"yoga-province\">\n                                            <h3 class=\"yoga-province-title\">Genova<\/h3>\n                                            <div class=\"yoga-events-list\">\n                                                                                                                                                        <div class=\"yoga-event-item\">\n                                                        <span class=\"event-day\">12 Giugno<\/span>\n                                                        <a href=\"https:\/\/eventiyoga.it\/eventi-yoga\/terra_mantra_ashram_stay-7149\" class=\"yoga-event-link \">TERRA MANTRA ASHRAM STAY <\/a>\n                                                    <\/div>\n                                                                                                                                                        <div class=\"yoga-event-item\">\n                                                        <span class=\"event-day\">19 Giugno<\/span>\n                                                        <a href=\"https:\/\/eventiyoga.it\/eventi-yoga\/terra_mantra_ashram_stay-7151\" class=\"yoga-event-link \">TERRA MANTRA ASHRAM STAY<\/a>\n                                                    <\/div>\n                                                                                            <\/div>\n                                        <\/div>\n                                                                                                                                                <div class=\"yoga-province\">\n                                            <h3 class=\"yoga-province-title\">Imperia<\/h3>\n                                            <div class=\"yoga-events-list\">\n                                                                                                                                                        <div class=\"yoga-event-item\">\n                                                        <span class=\"event-day\">05 Giugno<\/span>\n                                                        <a href=\"https:\/\/eventiyoga.it\/eventi-yoga\/ritiro_yoga_relief_cielo_bordighera_liguria-7232\" class=\"yoga-event-link \">Ritiro Yoga Relief &quot;CIELO&quot; Bordighera Liguria<\/a>\n                                                    <\/div>\n                                                                                                                                                        <div class=\"yoga-event-item\">\n                                                        <span class=\"event-day\">12 Giugno<\/span>\n                                                        <a href=\"https:\/\/eventiyoga.it\/eventi-yoga\/la_via_del_centro_forza_e_apertura-7228\" class=\"yoga-event-link \">La Via del Centro: forza e apertura<\/a>\n                                                    <\/div>\n                                                                                            <\/div>\n                                        <\/div>\n                                                                                                                                                <div class=\"yoga-province\">\n                                            <h3 class=\"yoga-province-title\">La Spezia<\/h3>\n                                            <div class=\"yoga-events-list\">\n                                                                                                                                                        <div class=\"yoga-event-item\">\n                                                        <span class=\"event-day\">19 Giugno<\/span>\n                                                        <a href=\"https:\/\/eventiyoga.it\/eventi-yoga\/yoga_trekking_in_liguria_5_terre-6528\" class=\"yoga-event-link \">Yoga &amp; Trekking in Liguria | 5 Terre <\/a>\n                                                    <\/div>\n                                                                                            <\/div>\n                                        <\/div>\n                                                                                                                        <\/div>\n                                                                                <div class=\"yoga-region \">\n                            <h2 class=\"yoga-region-title\">Lombardia<\/h2>\n                                                                                                                                        <div class=\"yoga-province\">\n                                            <h3 class=\"yoga-province-title\">Bergamo<\/h3>\n                                            <div class=\"yoga-events-list\">\n                                                                                                                                                        <div class=\"yoga-event-item\">\n                                                        <span class=\"event-day\">12 Giugno<\/span>\n                                                        <a href=\"https:\/\/eventiyoga.it\/eventi-yoga\/ritiro_di_hatha_e_ashtanga_yoga_nella_natura-6895\" class=\"yoga-event-link \">Ritiro di Hatha e Ashtanga Yoga nella natura<\/a>\n                                                    <\/div>\n                                                                                            <\/div>\n                                        <\/div>\n                                                                                                                                                <div class=\"yoga-province\">\n                                            <h3 class=\"yoga-province-title\">Brescia<\/h3>\n                                            <div class=\"yoga-events-list\">\n                                                                                                                                                        <div class=\"yoga-event-item\">\n                                                        <span class=\"event-day\">12 Giugno<\/span>\n                                                        <a href=\"https:\/\/eventiyoga.it\/eventi-yoga\/ritiro_del_silenzio_meditazione_il_coraggio_di_essere_se_stessi-7124\" class=\"yoga-event-link \">RITIRO del SILENZIO-MEDITAZIONE: IL CORAGGIO DI ESSERE SE STESSI<\/a>\n                                                    <\/div>\n                                                                                                                                                        <div class=\"yoga-event-item\">\n                                                        <span class=\"event-day\">12 Giugno<\/span>\n                                                        <a href=\"https:\/\/eventiyoga.it\/eventi-yoga\/yoga_e_barca_a_vela_retreat_lago_di_garda-6083\" class=\"yoga-event-link \">Yoga e barca a vela Retreat \u2013 Lago di Garda<\/a>\n                                                    <\/div>\n                                                                                                                                                        <div class=\"yoga-event-item\">\n                                                        <span class=\"event-day\">19 Giugno<\/span>\n                                                        <a href=\"https:\/\/eventiyoga.it\/eventi-yoga\/meditazione_in_barca_a_vela-6086\" class=\"yoga-event-link \">Meditazione in barca a vela<\/a>\n                                                    <\/div>\n                                                                                            <\/div>\n                                        <\/div>\n                                                                                                                                                <div class=\"yoga-province\">\n                                            <h3 class=\"yoga-province-title\">Como<\/h3>\n                                            <div class=\"yoga-events-list\">\n                                                                                                                                                        <div class=\"yoga-event-item\">\n                                                        <span class=\"event-day\">19 Giugno<\/span>\n                                                        <a href=\"https:\/\/eventiyoga.it\/eventi-yoga\/mindful_retreat_lake_como_torna_a_te-7246\" class=\"yoga-event-link \">Mindful Retreat Lake Como: Torna A Te<\/a>\n                                                    <\/div>\n                                                                                            <\/div>\n                                        <\/div>\n                                                                                                                                                <div class=\"yoga-province\">\n                                            <h3 class=\"yoga-province-title\">Mantova<\/h3>\n                                            <div class=\"yoga-events-list\">\n                                                                                                                                                        <div class=\"yoga-event-item\">\n                                                        <span class=\"event-day\">05 Giugno<\/span>\n                                                        <a href=\"https:\/\/eventiyoga.it\/eventi-yoga\/ritiro_di_yoga_e_benessere_tra_le_colline_moreniche-6522\" class=\"yoga-event-link \">Ritiro di Yoga e Benessere tra le Colline Moreniche<\/a>\n                                                    <\/div>\n                                                                                            <\/div>\n                                        <\/div>\n                                                                                                                                                <div class=\"yoga-province\">\n                                            <h3 class=\"yoga-province-title\">Milano<\/h3>\n                                            <div class=\"yoga-events-list\">\n                                                                                                                                                        <div class=\"yoga-event-item\">\n                                                        <span class=\"event-day\">06 Giugno<\/span>\n                                                        <a href=\"https:\/\/eventiyoga.it\/eventi-yoga\/jyotir_teacher_training_modulo_3_30_ore_yoga_alliance-5874\" class=\"yoga-event-link \">JYOTIR TEACHER TRAINING Modulo 3 \u2013  30 Ore Yoga Alliance<\/a>\n                                                    <\/div>\n                                                                                            <\/div>\n                                        <\/div>\n                                                                                                                        <\/div>\n                                                                                <div class=\"yoga-region \">\n                            <h2 class=\"yoga-region-title\">Marche<\/h2>\n                                                                                                                                        <div class=\"yoga-province\">\n                                            <h3 class=\"yoga-province-title\">Ancona<\/h3>\n                                            <div class=\"yoga-events-list\">\n                                                                                                                                                        <div class=\"yoga-event-item\">\n                                                        <span class=\"event-day\">27 Giugno<\/span>\n                                                        <a href=\"https:\/\/eventiyoga.it\/eventi-yoga\/mare_e_conero_vacanza_yoga_metodo_iyengar-6558\" class=\"yoga-event-link \">Mare e Conero \u2013 Vacanza Yoga metodo Iyengar\u00ae<\/a>\n                                                    <\/div>\n                                                                                            <\/div>\n                                        <\/div>\n                                                                                                                                                <div class=\"yoga-province\">\n                                            <h3 class=\"yoga-province-title\">Macerata<\/h3>\n                                            <div class=\"yoga-events-list\">\n                                                                                                                                                        <div class=\"yoga-event-item\">\n                                                        <span class=\"event-day\">01 Giugno<\/span>\n                                                        <a href=\"https:\/\/eventiyoga.it\/eventi-yoga\/yogacorrettivo_e_respiro_masterclass_con_nieves_lopez_a_civitanova_marche-7317\" class=\"yoga-event-link \">YogaCorrettivo\u00ae e Respiro: Masterclass con Nieves Lopez a Civitanova Marche<\/a>\n                                                    <\/div>\n                                                                                            <\/div>\n                                        <\/div>\n                                                                                                                        <\/div>\n                                                                                <div class=\"yoga-region \">\n                            <h2 class=\"yoga-region-title\">Piemonte<\/h2>\n                                                                                                                                        <div class=\"yoga-province\">\n                                            <h3 class=\"yoga-province-title\">Alessandria<\/h3>\n                                            <div class=\"yoga-events-list\">\n                                                                                                                                                        <div class=\"yoga-event-item\">\n                                                        <span class=\"event-day\">05 Giugno<\/span>\n                                                        <a href=\"https:\/\/eventiyoga.it\/eventi-yoga\/ritiro_yoga_meditazione_journaling_e_incensi-6751\" class=\"yoga-event-link \">Ritiro Yoga, Meditazione, Journaling e Incensi<\/a>\n                                                    <\/div>\n                                                                                                                                                        <div class=\"yoga-event-item\">\n                                                        <span class=\"event-day\">12 Giugno<\/span>\n                                                        <a href=\"https:\/\/eventiyoga.it\/eventi-yoga\/weekend_yoga_in_piemonte-6972\" class=\"yoga-event-link \">Weekend Yoga in Piemonte <\/a>\n                                                    <\/div>\n                                                                                                                                                        <div class=\"yoga-event-item\">\n                                                        <span class=\"event-day\">26 Giugno<\/span>\n                                                        <a href=\"https:\/\/eventiyoga.it\/eventi-yoga\/da_zero_a_yoga-6750\" class=\"yoga-event-link \">Da Zero a Yoga<\/a>\n                                                    <\/div>\n                                                                                            <\/div>\n                                        <\/div>\n                                                                                                                                                <div class=\"yoga-province\">\n                                            <h3 class=\"yoga-province-title\">Asti<\/h3>\n                                            <div class=\"yoga-events-list\">\n                                                                                                                                                        <div class=\"yoga-event-item\">\n                                                        <span class=\"event-day\">26 Giugno<\/span>\n                                                        <a href=\"https:\/\/eventiyoga.it\/eventi-yoga\/wellness_escape_respiro_nel_monferrato-6621\" class=\"yoga-event-link \">Wellness escape, Respiro nel Monferrato<\/a>\n                                                    <\/div>\n                                                                                            <\/div>\n                                        <\/div>\n                                                                                                                                                <div class=\"yoga-province\">\n                                            <h3 class=\"yoga-province-title\">Cuneo<\/h3>\n                                            <div class=\"yoga-events-list\">\n                                                                                                                                                        <div class=\"yoga-event-item\">\n                                                        <span class=\"event-day\">18 Giugno<\/span>\n                                                        <a href=\"https:\/\/eventiyoga.it\/eventi-yoga\/dal_controllo_al_respiro-7245\" class=\"yoga-event-link \">Dal Controllo al Respiro<\/a>\n                                                    <\/div>\n                                                                                                                                                        <div class=\"yoga-event-item\">\n                                                        <span class=\"event-day\">19 Giugno<\/span>\n                                                        <a href=\"https:\/\/eventiyoga.it\/eventi-yoga\/ritiro_yoga_e_pilates_alpi_piemontesi-7260\" class=\"yoga-event-link \">Ritiro Yoga e Pilates Alpi Piemontesi<\/a>\n                                                    <\/div>\n                                                                                            <\/div>\n                                        <\/div>\n                                                                                                                                                <div class=\"yoga-province\">\n                                            <h3 class=\"yoga-province-title\">Novara<\/h3>\n                                            <div class=\"yoga-events-list\">\n                                                                                                                                                        <div class=\"yoga-event-item\">\n                                                        <span class=\"event-day\">19 Giugno<\/span>\n                                                        <a href=\"https:\/\/eventiyoga.it\/eventi-yoga\/tra_bosco_e_anima_yoga_e_sacro_femminile-7012\" class=\"yoga-event-link \">Tra bosco e anima-yoga e sacro femminile<\/a>\n                                                    <\/div>\n                                                                                            <\/div>\n                                        <\/div>\n                                                                                                                                                <div class=\"yoga-province\">\n                                            <h3 class=\"yoga-province-title\">Verbano-Cusio-Ossola<\/h3>\n                                            <div class=\"yoga-events-list\">\n                                                                                                                                                        <div class=\"yoga-event-item\">\n                                                        <span class=\"event-day\">05 Giugno<\/span>\n                                                        <a href=\"https:\/\/eventiyoga.it\/eventi-yoga\/la_via_del_benessere_primo_appuntamento_il_risveglio-6658\" class=\"yoga-event-link \">LA VIA DEL BENESSERE; PRIMO APPUNTAMENTO: IL RISVEGLIO<\/a>\n                                                    <\/div>\n                                                                                            <\/div>\n                                        <\/div>\n                                                                                                                        <\/div>\n                                                                                <div class=\"yoga-region \">\n                            <h2 class=\"yoga-region-title\">Puglia<\/h2>\n                                                                                                                                        <div class=\"yoga-province\">\n                                            <h3 class=\"yoga-province-title\">Bari<\/h3>\n                                            <div class=\"yoga-events-list\">\n                                                                                                                                                        <div class=\"yoga-event-item\">\n                                                        <span class=\"event-day\">12 Giugno<\/span>\n                                                        <a href=\"https:\/\/eventiyoga.it\/eventi-yoga\/fluire_nella_vita_ritiro_yoga_in_puglia-7241\" class=\"yoga-event-link \">Fluire nella vita | Ritiro Yoga in Puglia<\/a>\n                                                    <\/div>\n                                                                                            <\/div>\n                                        <\/div>\n                                                                                                                                                <div class=\"yoga-province\">\n                                            <h3 class=\"yoga-province-title\">Lecce<\/h3>\n                                            <div class=\"yoga-events-list\">\n                                                                                                                                                        <div class=\"yoga-event-item\">\n                                                        <span class=\"event-day\">06 Giugno<\/span>\n                                                        <a href=\"https:\/\/eventiyoga.it\/eventi-yoga\/da_vinyasa_a_yin_l_arte_dell_equilibrio-6537\" class=\"yoga-event-link \">Da Vinyasa a Yin - L&#039;arte dell&#039;equilibrio<\/a>\n                                                    <\/div>\n                                                                                                                                                        <div class=\"yoga-event-item\">\n                                                        <span class=\"event-day\">06 Giugno<\/span>\n                                                        <a href=\"https:\/\/eventiyoga.it\/eventi-yoga\/origini_radicati_nel_corpo_guidati_dal_cuore-6538\" class=\"yoga-event-link \">Origini \u2022 Radicati nel corpo, guidati dal cuore<\/a>\n                                                    <\/div>\n                                                                                                                                                        <div class=\"yoga-event-item\">\n                                                        <span class=\"event-day\">13 Giugno<\/span>\n                                                        <a href=\"https:\/\/eventiyoga.it\/eventi-yoga\/ritiro_estivo_di_jivamukti_kundalini-6539\" class=\"yoga-event-link \">Ritiro estivo di Jivamukti\/Kundalini<\/a>\n                                                    <\/div>\n                                                                                                                                                        <div class=\"yoga-event-item\">\n                                                        <span class=\"event-day\">13 Giugno<\/span>\n                                                        <a href=\"https:\/\/eventiyoga.it\/eventi-yoga\/7_giorni_ashtanga_yoga_con_david_jelena_robson-6540\" class=\"yoga-event-link \">7 giorni Ashtanga Yoga con David &amp; Jelena Robson<\/a>\n                                                    <\/div>\n                                                                                                                                                        <div class=\"yoga-event-item\">\n                                                        <span class=\"event-day\">13 Giugno<\/span>\n                                                        <a href=\"https:\/\/eventiyoga.it\/eventi-yoga\/vacanza_yoga_nel_salento_a_santa_maria_di_leuca-6261\" class=\"yoga-event-link \">Vacanza Yoga nel Salento a Santa Maria di Leuca<\/a>\n                                                    <\/div>\n                                                                                                                                                        <div class=\"yoga-event-item\">\n                                                        <span class=\"event-day\">20 Giugno<\/span>\n                                                        <a href=\"https:\/\/eventiyoga.it\/eventi-yoga\/ritiro_yoga_dinamico_in_puglia_nel_salento_power_yoga_e_ashtanga-6628\" class=\"yoga-event-link \">Ritiro Yoga Dinamico in Puglia nel Salento | Power Yoga e Ashtanga<\/a>\n                                                    <\/div>\n                                                                                                                                                        <div class=\"yoga-event-item\">\n                                                        <span class=\"event-day\">20 Giugno<\/span>\n                                                        <a href=\"https:\/\/eventiyoga.it\/eventi-yoga\/ritiro_ashtanga_yoga_in_puglia_per_un_corpo_che_dura-6630\" class=\"yoga-event-link \">Ritiro Ashtanga Yoga in Puglia | Per un corpo che dura!<\/a>\n                                                    <\/div>\n                                                                                                                                                        <div class=\"yoga-event-item\">\n                                                        <span class=\"event-day\">27 Giugno<\/span>\n                                                        <a href=\"https:\/\/eventiyoga.it\/eventi-yoga\/un_viaggio_nell_ashtanga_vinyasa_yoga_ritiro_ashtanga_yoga_in_salento-6631\" class=\"yoga-event-link \">Un viaggio nell&#039;Ashtanga Vinyasa Yoga | Ritiro Ashtanga Yoga in Salento<\/a>\n                                                    <\/div>\n                                                                                                                                                        <div class=\"yoga-event-item\">\n                                                        <span class=\"event-day\">27 Giugno<\/span>\n                                                        <a href=\"https:\/\/eventiyoga.it\/eventi-yoga\/ritiro_qi_gong_in_puglia_nel_salento_calligraphy_power-6632\" class=\"yoga-event-link \">Ritiro Qi Gong in Puglia nel Salento | Calligraphy Power<\/a>\n                                                    <\/div>\n                                                                                            <\/div>\n                                        <\/div>\n                                                                                                                                                <div class=\"yoga-province\">\n                                            <h3 class=\"yoga-province-title\">Taranto<\/h3>\n                                            <div class=\"yoga-events-list\">\n                                                                                                                                                        <div class=\"yoga-event-item\">\n                                                        <span class=\"event-day\">05 Giugno<\/span>\n                                                        <a href=\"https:\/\/eventiyoga.it\/eventi-yoga\/silent_yoga_retreat_ritiro_per_donne-7164\" class=\"yoga-event-link \">Silent Yoga Retreat - Ritiro per donne<\/a>\n                                                    <\/div>\n                                                                                            <\/div>\n                                        <\/div>\n                                                                                                                        <\/div>\n                                                                                <div class=\"yoga-region \">\n                            <h2 class=\"yoga-region-title\">Sardegna<\/h2>\n                                                                                                                                        <div class=\"yoga-province\">\n                                            <h3 class=\"yoga-province-title\">Oristano<\/h3>\n                                            <div class=\"yoga-events-list\">\n                                                                                                                                                        <div class=\"yoga-event-item\">\n                                                        <span class=\"event-day\">06 Giugno<\/span>\n                                                        <a href=\"https:\/\/eventiyoga.it\/eventi-yoga\/espansione_del_cuore_nella_natura_ancestrale_in_sardegna-6226\" class=\"yoga-event-link \">ESPANSIONE DEL CUORE NELLA NATURA ANCESTRALE IN SARDEGNA<\/a>\n                                                    <\/div>\n                                                                                                                                                        <div class=\"yoga-event-item\">\n                                                        <span class=\"event-day\">13 Giugno<\/span>\n                                                        <a href=\"https:\/\/eventiyoga.it\/eventi-yoga\/yoga_natura_ancestrale_risveglia_il_potere_infinito_che_in_te-6229\" class=\"yoga-event-link \">Yoga &amp; Natura ancestrale. Risveglia il potere infinito che \u00e8 in te!<\/a>\n                                                    <\/div>\n                                                                                                                                                        <div class=\"yoga-event-item\">\n                                                        <span class=\"event-day\">20 Giugno<\/span>\n                                                        <a href=\"https:\/\/eventiyoga.it\/eventi-yoga\/espandi_il_tuo_cuore_e_manifesta_la_tua_realt_yoga_natura_ancestrale-6231\" class=\"yoga-event-link \">Espandi il tuo cuore e manifesta la tua realt\u00e0! Yoga &amp; Natura ancestrale<\/a>\n                                                    <\/div>\n                                                                                                                                                        <div class=\"yoga-event-item\">\n                                                        <span class=\"event-day\">20 Giugno<\/span>\n                                                        <a href=\"https:\/\/eventiyoga.it\/eventi-yoga\/7_giorni_in_sardegna_un_viaggio_tra_natura_yoga_e_il_cavallo_maestro-6340\" class=\"yoga-event-link \">7 GIORNI IN SARDEGNA, UN VIAGGIO TRA NATURA, YOGA E IL CAVALLO MAESTRO<\/a>\n                                                    <\/div>\n                                                                                                                                                        <div class=\"yoga-event-item\">\n                                                        <span class=\"event-day\">27 Giugno<\/span>\n                                                        <a href=\"https:\/\/eventiyoga.it\/eventi-yoga\/espansione_del_cuore_nella_natura_ancestrale_in_sardegna-6232\" class=\"yoga-event-link \">Espansione del Cuore nella Natura Ancestrale in Sardegna<\/a>\n                                                    <\/div>\n                                                                                            <\/div>\n                                        <\/div>\n                                                                                                                        <\/div>\n                                                                                <div class=\"yoga-region \">\n                            <h2 class=\"yoga-region-title\">Sicilia<\/h2>\n                                                                                                                                        <div class=\"yoga-province\">\n                                            <h3 class=\"yoga-province-title\">Messina<\/h3>\n                                            <div class=\"yoga-events-list\">\n                                                                                                                                                        <div class=\"yoga-event-item\">\n                                                        <span class=\"event-day\">16 Giugno<\/span>\n                                                        <a href=\"https:\/\/eventiyoga.it\/eventi-yoga\/eolie_yoga_tra_fuoco_aria_acqua_e_terra-6472\" class=\"yoga-event-link \">EOLIE - Yoga tra Fuoco, Aria, Acqua e Terra <\/a>\n                                                    <\/div>\n                                                                                                                                                        <div class=\"yoga-event-item\">\n                                                        <span class=\"event-day\">20 Giugno<\/span>\n                                                        <a href=\"https:\/\/eventiyoga.it\/eventi-yoga\/ritiro_yoga_pilates_a_filicudi_dal_20_al_26_giugno-6488\" class=\"yoga-event-link \">Ritiro Yoga &amp; Pilates a Filicudi dal 20 al 26 Giugno<\/a>\n                                                    <\/div>\n                                                                                            <\/div>\n                                        <\/div>\n                                                                                                                                                <div class=\"yoga-province\">\n                                            <h3 class=\"yoga-province-title\">Ragusa<\/h3>\n                                            <div class=\"yoga-events-list\">\n                                                                                                                                                        <div class=\"yoga-event-item\">\n                                                        <span class=\"event-day\">16 Giugno<\/span>\n                                                        <a href=\"https:\/\/eventiyoga.it\/eventi-yoga\/ribilancia_il_tuo_sistema_nervoso_ritiro_yoga_in_sicilia-7192\" class=\"yoga-event-link \">Ribilancia il tuo sistema nervoso | Ritiro Yoga in Sicilia <\/a>\n                                                    <\/div>\n                                                                                            <\/div>\n                                        <\/div>\n                                                                                                                                                <div class=\"yoga-province\">\n                                            <h3 class=\"yoga-province-title\">Trapani<\/h3>\n                                            <div class=\"yoga-events-list\">\n                                                                                                                                                        <div class=\"yoga-event-item\">\n                                                        <span class=\"event-day\">09 Giugno<\/span>\n                                                        <a href=\"https:\/\/eventiyoga.it\/eventi-yoga\/ritorna_a_casa-6514\" class=\"yoga-event-link \">Ritorna a casa<\/a>\n                                                    <\/div>\n                                                                                                                                                        <div class=\"yoga-event-item\">\n                                                        <span class=\"event-day\">20 Giugno<\/span>\n                                                        <a href=\"https:\/\/eventiyoga.it\/eventi-yoga\/tempo_per_te_yoga_meditazione_silenzio-7274\" class=\"yoga-event-link \">Tempo per te: yoga, meditazione, silenzio<\/a>\n                                                    <\/div>\n                                                                                                                                                        <div class=\"yoga-event-item\">\n                                                        <span class=\"event-day\">23 Giugno<\/span>\n                                                        <a href=\"https:\/\/eventiyoga.it\/eventi-yoga\/silence_retreat_favignana_passi_verso_la_coscienza-6584\" class=\"yoga-event-link \">Silence Retreat Favignana: passi verso la Coscienza<\/a>\n                                                    <\/div>\n                                                                                                                                                        <div class=\"yoga-event-item\">\n                                                        <span class=\"event-day\">27 Giugno<\/span>\n                                                        <a href=\"https:\/\/eventiyoga.it\/eventi-yoga\/vacanza_yoga_a_pantelleria-6773\" class=\"yoga-event-link \">Vacanza yoga a Pantelleria<\/a>\n                                                    <\/div>\n                                                                                                                                                        <div class=\"yoga-event-item\">\n                                                        <span class=\"event-day\">29 Giugno<\/span>\n                                                        <a href=\"https:\/\/eventiyoga.it\/eventi-yoga\/velaum_isole_egadi_in_barca_a_vela-7195\" class=\"yoga-event-link \">VelAUM \u26f5 Isole Egadi in barca a Vela<\/a>\n                                                    <\/div>\n                                                                                            <\/div>\n                                        <\/div>\n                                                                                                                        <\/div>\n                                                                                <div class=\"yoga-region \">\n                            <h2 class=\"yoga-region-title\">Toscana<\/h2>\n                                                                                                                                        <div class=\"yoga-province\">\n                                            <h3 class=\"yoga-province-title\">Firenze<\/h3>\n                                            <div class=\"yoga-events-list\">\n                                                                                                                                                        <div class=\"yoga-event-item\">\n                                                        <span class=\"event-day\">09 Giugno<\/span>\n                                                        <a href=\"https:\/\/eventiyoga.it\/eventi-yoga\/brahma_muhurta_ritiro_intensivo_di_yoga_e_meditazione-7121\" class=\"yoga-event-link \">Brahma Muhurta: Ritiro Intensivo di Yoga e Meditazione<\/a>\n                                                    <\/div>\n                                                                                                                                                        <div class=\"yoga-event-item\">\n                                                        <span class=\"event-day\">19 Giugno<\/span>\n                                                        <a href=\"https:\/\/eventiyoga.it\/eventi-yoga\/bhakti_yoga_festival_2026-7267\" class=\"yoga-event-link \">Bhakti Yoga Festival 2026<\/a>\n                                                    <\/div>\n                                                                                                                                                        <div class=\"yoga-event-item\">\n                                                        <span class=\"event-day\">26 Giugno<\/span>\n                                                        <a href=\"https:\/\/eventiyoga.it\/eventi-yoga\/gestalt_camp_ritiro_di_meditazione_e_crescita_personale-7178\" class=\"yoga-event-link \">Gestalt Camp | Ritiro di Meditazione e Crescita Personale<\/a>\n                                                    <\/div>\n                                                                                            <\/div>\n                                        <\/div>\n                                                                                                                                                <div class=\"yoga-province\">\n                                            <h3 class=\"yoga-province-title\">Grosseto<\/h3>\n                                            <div class=\"yoga-events-list\">\n                                                                                                                                                        <div class=\"yoga-event-item\">\n                                                        <span class=\"event-day\">03 Giugno<\/span>\n                                                        <a href=\"https:\/\/eventiyoga.it\/eventi-yoga\/metamorfosi_di_un_emozione-6511\" class=\"yoga-event-link \">Metamorfosi di un\u2019emozione<\/a>\n                                                    <\/div>\n                                                                                                                                                        <div class=\"yoga-event-item\">\n                                                        <span class=\"event-day\">06 Giugno<\/span>\n                                                        <a href=\"https:\/\/eventiyoga.it\/eventi-yoga\/vacanza_yoga_e_horsemanship-6574\" class=\"yoga-event-link \">Vacanza Yoga e Horsemanship<\/a>\n                                                    <\/div>\n                                                                                                                                                        <div class=\"yoga-event-item\">\n                                                        <span class=\"event-day\">18 Giugno<\/span>\n                                                        <a href=\"https:\/\/eventiyoga.it\/eventi-yoga\/wellness_retreat_in_barca_a_vela-6361\" class=\"yoga-event-link \">WELLNESS RETREAT IN BARCA A VELA <\/a>\n                                                    <\/div>\n                                                                                                                                                        <div class=\"yoga-event-item\">\n                                                        <span class=\"event-day\">20 Giugno<\/span>\n                                                        <a href=\"https:\/\/eventiyoga.it\/eventi-yoga\/vivi_l_incanto_della_toscana_yoga_mare_e_pace_interiore-7127\" class=\"yoga-event-link promoted\">Vivi l\u2019Incanto della Toscana: Yoga, Mare e Pace Interiore<\/a>\n                                                    <\/div>\n                                                                                                                                                        <div class=\"yoga-event-item\">\n                                                        <span class=\"event-day\">25 Giugno<\/span>\n                                                        <a href=\"https:\/\/eventiyoga.it\/eventi-yoga\/ritiro_yoga_qi_gong_e_suono_in_toscana_body_vibes_experience_2026-7284\" class=\"yoga-event-link \">Ritiro Yoga, Qi Gong e Suono in Toscana | Body Vibes Experience 2026<\/a>\n                                                    <\/div>\n                                                                                                                                                        <div class=\"yoga-event-item\">\n                                                        <span class=\"event-day\">26 Giugno<\/span>\n                                                        <a href=\"https:\/\/eventiyoga.it\/eventi-yoga\/weekend_lungo_vacanza_studio_yoga_in_toscana-7122\" class=\"yoga-event-link \">WEEKEND LUNGO VACANZA STUDIO YOGA IN TOSCANA <\/a>\n                                                    <\/div>\n                                                                                                                                                        <div class=\"yoga-event-item\">\n                                                        <span class=\"event-day\">26 Giugno<\/span>\n                                                        <a href=\"https:\/\/eventiyoga.it\/eventi-yoga\/weekend_yoga_in_toscana-7328\" class=\"yoga-event-link \">Weekend Yoga in Toscana<\/a>\n                                                    <\/div>\n                                                                                                                                                        <div class=\"yoga-event-item\">\n                                                        <span class=\"event-day\">26 Giugno<\/span>\n                                                        <a href=\"https:\/\/eventiyoga.it\/eventi-yoga\/vacanza_yoga_in_toscana_in_maremma_vacanza_studio_a_giugno-6627\" class=\"yoga-event-link \">Vacanza Yoga in Toscana in Maremma | Vacanza Studio a Giugno<\/a>\n                                                    <\/div>\n                                                                                                                                                        <div class=\"yoga-event-item\">\n                                                        <span class=\"event-day\">27 Giugno<\/span>\n                                                        <a href=\"https:\/\/eventiyoga.it\/eventi-yoga\/onde_di_benessere_in_toscana_la_tua_vacanza_yoga_nel_paradiso-7130\" class=\"yoga-event-link promoted\">Onde di Benessere in Toscana: La Tua Vacanza Yoga nel Paradiso<\/a>\n                                                    <\/div>\n                                                                                            <\/div>\n                                        <\/div>\n                                                                                                                                                <div class=\"yoga-province\">\n                                            <h3 class=\"yoga-province-title\">Livorno<\/h3>\n                                            <div class=\"yoga-events-list\">\n                                                                                                                                                        <div class=\"yoga-event-item\">\n                                                        <span class=\"event-day\">04 Giugno<\/span>\n                                                        <a href=\"https:\/\/eventiyoga.it\/eventi-yoga\/weekend_yoga_meditazione-6290\" class=\"yoga-event-link \">Weekend Yoga &amp; Meditazione<\/a>\n                                                    <\/div>\n                                                                                                                                                        <div class=\"yoga-event-item\">\n                                                        <span class=\"event-day\">04 Giugno<\/span>\n                                                        <a href=\"https:\/\/eventiyoga.it\/eventi-yoga\/weekend_yoga_meditazione-6289\" class=\"yoga-event-link \">Weekend Yoga &amp; Meditazione<\/a>\n                                                    <\/div>\n                                                                                                                                                        <div class=\"yoga-event-item\">\n                                                        <span class=\"event-day\">05 Giugno<\/span>\n                                                        <a href=\"https:\/\/eventiyoga.it\/eventi-yoga\/summer_reset-7264\" class=\"yoga-event-link \">SUMMER RESET<\/a>\n                                                    <\/div>\n                                                                                                                                                        <div class=\"yoga-event-item\">\n                                                        <span class=\"event-day\">19 Giugno<\/span>\n                                                        <a href=\"https:\/\/eventiyoga.it\/eventi-yoga\/ritiro_yoga_alternative_ashtanga_in_stile_mysore_con_joey_paz-6984\" class=\"yoga-event-link \">Ritiro Yoga | Alternative Ashtanga in stile Mysore con Joey Paz<\/a>\n                                                    <\/div>\n                                                                                                                                                        <div class=\"yoga-event-item\">\n                                                        <span class=\"event-day\">20 Giugno<\/span>\n                                                        <a href=\"https:\/\/eventiyoga.it\/eventi-yoga\/yoga_in_barca_a_vela_in_corsica-6281\" class=\"yoga-event-link \">Yoga in Barca a Vela in Corsica<\/a>\n                                                    <\/div>\n                                                                                                                                                        <div class=\"yoga-event-item\">\n                                                        <span class=\"event-day\">26 Giugno<\/span>\n                                                        <a href=\"https:\/\/eventiyoga.it\/eventi-yoga\/ritiro_yoga_scrittura_consapevole_e_mindfulness_in_toscana-7256\" class=\"yoga-event-link \">Ritiro yoga, scrittura consapevole e Mindfulness in Toscana<\/a>\n                                                    <\/div>\n                                                                                                                                                        <div class=\"yoga-event-item\">\n                                                        <span class=\"event-day\">27 Giugno<\/span>\n                                                        <a href=\"https:\/\/eventiyoga.it\/eventi-yoga\/yoga_e_vela_in_corsica_e_nell_arcipelago_toscano-6887\" class=\"yoga-event-link \">YOGA E VELA in Corsica e nell&#039;arcipelago toscano<\/a>\n                                                    <\/div>\n                                                                                            <\/div>\n                                        <\/div>\n                                                                                                                                                <div class=\"yoga-province\">\n                                            <h3 class=\"yoga-province-title\">Massa Carrara<\/h3>\n                                            <div class=\"yoga-events-list\">\n                                                                                                                                                        <div class=\"yoga-event-item\">\n                                                        <span class=\"event-day\">26 Giugno<\/span>\n                                                        <a href=\"https:\/\/eventiyoga.it\/eventi-yoga\/radici_di_luce_ritiro_di_yoga_mindfulness_ayurveda-7287\" class=\"yoga-event-link \">Radici di luce Ritiro di Yoga Mindfulness  Ayurveda<\/a>\n                                                    <\/div>\n                                                                                            <\/div>\n                                        <\/div>\n                                                                                                                                                <div class=\"yoga-province\">\n                                            <h3 class=\"yoga-province-title\">Pisa<\/h3>\n                                            <div class=\"yoga-events-list\">\n                                                                                                                                                        <div class=\"yoga-event-item\">\n                                                        <span class=\"event-day\">05 Giugno<\/span>\n                                                        <a href=\"https:\/\/eventiyoga.it\/eventi-yoga\/yoga_ayurveda_prevenzione_quotidiana_stagionale_e_riequilibrio_ayurveda-6882\" class=\"yoga-event-link \">YOGA &amp; AYURVEDA - Prevenzione quotidiana, stagionale e riequilibrio ayurveda<\/a>\n                                                    <\/div>\n                                                                                            <\/div>\n                                        <\/div>\n                                                                                                                                                <div class=\"yoga-province\">\n                                            <h3 class=\"yoga-province-title\">Siena<\/h3>\n                                            <div class=\"yoga-events-list\">\n                                                                                                                                                        <div class=\"yoga-event-item\">\n                                                        <span class=\"event-day\">27 Giugno<\/span>\n                                                        <a href=\"https:\/\/eventiyoga.it\/eventi-yoga\/rilassati_nelle_colline_senesi-7257\" class=\"yoga-event-link \">Rilassati nelle Colline Senesi<\/a>\n                                                    <\/div>\n                                                                                            <\/div>\n                                        <\/div>\n                                                                                                                        <\/div>\n                                                                                <div class=\"yoga-region \">\n                            <h2 class=\"yoga-region-title\">Trentino Alto Adige<\/h2>\n                                                                                                                                        <div class=\"yoga-province\">\n                                            <h3 class=\"yoga-province-title\">Trento<\/h3>\n                                            <div class=\"yoga-events-list\">\n                                                                                                                                                        <div class=\"yoga-event-item\">\n                                                        <span class=\"event-day\">08 Giugno<\/span>\n                                                        <a href=\"https:\/\/eventiyoga.it\/eventi-yoga\/ritiro_yoga_e_counseling_in_trentino_alpe_cimbra-6597\" class=\"yoga-event-link \">Ritiro Yoga e Counseling in Trentino Alpe Cimbra<\/a>\n                                                    <\/div>\n                                                                                                                                                        <div class=\"yoga-event-item\">\n                                                        <span class=\"event-day\">12 Giugno<\/span>\n                                                        <a href=\"https:\/\/eventiyoga.it\/eventi-yoga\/retreat_yoga_digital_detox_riconnettiti_a_te_rallenta_respira_17_edizione-6803\" class=\"yoga-event-link \">Retreat Yoga &amp; Digital Detox, Riconnettiti a te, rallenta, respira 17\u00aa edizione<\/a>\n                                                    <\/div>\n                                                                                                                                                        <div class=\"yoga-event-item\">\n                                                        <span class=\"event-day\">12 Giugno<\/span>\n                                                        <a href=\"https:\/\/eventiyoga.it\/eventi-yoga\/mountain_yoga_trekking_retreat_dolomiti_trentine-7109\" class=\"yoga-event-link \">MOUNTAIN YOGA TREKKING RETREAT DOLOMITI TRENTINE<\/a>\n                                                    <\/div>\n                                                                                            <\/div>\n                                        <\/div>\n                                                                                                                        <\/div>\n                                                                                <div class=\"yoga-region \">\n                            <h2 class=\"yoga-region-title\">Umbria<\/h2>\n                                                                                                                                        <div class=\"yoga-province\">\n                                            <h3 class=\"yoga-province-title\">Perugia<\/h3>\n                                            <div class=\"yoga-events-list\">\n                                                                                                                                                        <div class=\"yoga-event-item\">\n                                                        <span class=\"event-day\">02 Giugno<\/span>\n                                                        <a href=\"https:\/\/eventiyoga.it\/eventi-yoga\/ritiri_yoga_natura_e_spiritualit_umbria_estate-5783\" class=\"yoga-event-link promoted\">RITIRI YOGA Natura e Spiritualit\u00e0 | UMBRIA ESTATE<\/a>\n                                                    <\/div>\n                                                                                                                                                        <div class=\"yoga-event-item\">\n                                                        <span class=\"event-day\">05 Giugno<\/span>\n                                                        <a href=\"https:\/\/eventiyoga.it\/eventi-yoga\/estate_di_yoga_ben_essere_05_07_giugno_2026_in_umbria-6616\" class=\"yoga-event-link \">ESTATE DI YOGA &amp; BEN-ESSERE 05-07 giugno 2026 in Umbria<\/a>\n                                                    <\/div>\n                                                                                                                                                        <div class=\"yoga-event-item\">\n                                                        <span class=\"event-day\">07 Giugno<\/span>\n                                                        <a href=\"https:\/\/eventiyoga.it\/eventi-yoga\/ritiri_yoga_natura_spiritualita_umbria_estate_weekend_settimane-5785\" class=\"yoga-event-link \">RITIRI YOGA NATURA &amp; SPIRITUALITA\u2019-UMBRIA ESTATE-WEEKEND\/SETTIMANE<\/a>\n                                                    <\/div>\n                                                                                                                                                        <div class=\"yoga-event-item\">\n                                                        <span class=\"event-day\">12 Giugno<\/span>\n                                                        <a href=\"https:\/\/eventiyoga.it\/eventi-yoga\/weekend_benessere_in_umbria-6019\" class=\"yoga-event-link \">Weekend Benessere in Umbria<\/a>\n                                                    <\/div>\n                                                                                                                                                        <div class=\"yoga-event-item\">\n                                                        <span class=\"event-day\">12 Giugno<\/span>\n                                                        <a href=\"https:\/\/eventiyoga.it\/eventi-yoga\/alla_scoperta_del_se-7307\" class=\"yoga-event-link \">Alla scoperta del se<\/a>\n                                                    <\/div>\n                                                                                                                                                        <div class=\"yoga-event-item\">\n                                                        <span class=\"event-day\">12 Giugno<\/span>\n                                                        <a href=\"https:\/\/eventiyoga.it\/eventi-yoga\/ritiro_yoga_di_inizio_estate-7187\" class=\"yoga-event-link \">Ritiro Yoga di INIZIO ESTATE<\/a>\n                                                    <\/div>\n                                                                                                                                                        <div class=\"yoga-event-item\">\n                                                        <span class=\"event-day\">12 Giugno<\/span>\n                                                        <a href=\"https:\/\/eventiyoga.it\/eventi-yoga\/formazione_yoga_2026_pillole_di_yoga_sistema_scheletrico_1_ritiro-5722\" class=\"yoga-event-link \">FORMAZIONE YOGA 2026 \u201cPILLOLE DI YOGA\u201d Sistema scheletrico 1\u00b0 Ritiro<\/a>\n                                                    <\/div>\n                                                                                                                                                        <div class=\"yoga-event-item\">\n                                                        <span class=\"event-day\">14 Giugno<\/span>\n                                                        <a href=\"https:\/\/eventiyoga.it\/eventi-yoga\/ritiri_yoga_natura_spiritualita_umbria_estate_weekend_settimana-5786\" class=\"yoga-event-link \">RITIRI YOGA NATURA &amp; SPIRITUALITA\u2019 UMBRIA ESTATE -WEEKEND\/SETTIMANA<\/a>\n                                                    <\/div>\n                                                                                                                                                        <div class=\"yoga-event-item\">\n                                                        <span class=\"event-day\">21 Giugno<\/span>\n                                                        <a href=\"https:\/\/eventiyoga.it\/eventi-yoga\/ritiri_yoga_natura_spiritualita_umbria_estate_weekend_settimana-5787\" class=\"yoga-event-link \">RITIRI YOGA NATURA &amp; SPIRITUALITA\u2019 UMBRIA ESTATE -WEEKEND\/SETTIMANA<\/a>\n                                                    <\/div>\n                                                                                                                                                        <div class=\"yoga-event-item\">\n                                                        <span class=\"event-day\">26 Giugno<\/span>\n                                                        <a href=\"https:\/\/eventiyoga.it\/eventi-yoga\/ritiro_yoga_ayurveda_a_terrapinea-7138\" class=\"yoga-event-link \">Ritiro Yoga&amp;Ayurveda a Terrapinea<\/a>\n                                                    <\/div>\n                                                                                                                                                        <div class=\"yoga-event-item\">\n                                                        <span class=\"event-day\">27 Giugno<\/span>\n                                                        <a href=\"https:\/\/eventiyoga.it\/eventi-yoga\/concerto_di_musica_indiana_dhrupad-7171\" class=\"yoga-event-link \">Concerto di musica indiana Dhrupad<\/a>\n                                                    <\/div>\n                                                                                                                                                        <div class=\"yoga-event-item\">\n                                                        <span class=\"event-day\">28 Giugno<\/span>\n                                                        <a href=\"https:\/\/eventiyoga.it\/eventi-yoga\/gubbio_assisi_la_verna_ritiri_yoga_natura_spiritualita_luglio-5789\" class=\"yoga-event-link \">GUBBIO ASSISI LA VERNA-RITIRI YOGA NATURA &amp; SPIRITUALITA\u2019-LUGLIO<\/a>\n                                                    <\/div>\n                                                                                                                                                        <div class=\"yoga-event-item\">\n                                                        <span class=\"event-day\">28 Giugno<\/span>\n                                                        <a href=\"https:\/\/eventiyoga.it\/eventi-yoga\/ritiri_yoga_natura_spiritualita_umbria_estate_weekend_settimane-5788\" class=\"yoga-event-link \">RITIRI YOGA NATURA &amp; SPIRITUALITA\u2019-UMBRIA ESTATE -WEEKEND\/SETTIMANE-<\/a>\n                                                    <\/div>\n                                                                                                                                                        <div class=\"yoga-event-item\">\n                                                        <span class=\"event-day\">28 Giugno<\/span>\n                                                        <a href=\"https:\/\/eventiyoga.it\/eventi-yoga\/ritwik_sanyal_il_suono_della_pace-7172\" class=\"yoga-event-link \">Ritwik Sanyal, il suono della pace<\/a>\n                                                    <\/div>\n                                                                                            <\/div>\n                                        <\/div>\n                                                                                                                        <\/div>\n                                                                                <div class=\"yoga-region \">\n                            <h2 class=\"yoga-region-title\">Valle d&#039;Aosta<\/h2>\n                                                                                                                                        <div class=\"yoga-province\">\n                                            <h3 class=\"yoga-province-title\">Aosta<\/h3>\n                                            <div class=\"yoga-events-list\">\n                                                                                                                                                        <div class=\"yoga-event-item\">\n                                                        <span class=\"event-day\">26 Giugno<\/span>\n                                                        <a href=\"https:\/\/eventiyoga.it\/eventi-yoga\/dove_il_corpo_respira_e_lo_sguardo_si_apre_weekend_yoga_tra_brusson_e_aosta-7219\" class=\"yoga-event-link \">Dove il corpo respira e lo sguardo si apre: weekend  Yoga tra Brusson e Aosta<\/a>\n                                                    <\/div>\n                                                                                            <\/div>\n                                        <\/div>\n                                                                                                                        <\/div>\n                                                                                <div class=\"yoga-region \">\n                            <h2 class=\"yoga-region-title\">Veneto<\/h2>\n                                                                                                                                        <div class=\"yoga-province\">\n                                            <h3 class=\"yoga-province-title\">Padova<\/h3>\n                                            <div class=\"yoga-events-list\">\n                                                                                                                                                        <div class=\"yoga-event-item\">\n                                                        <span class=\"event-day\">05 Giugno<\/span>\n                                                        <a href=\"https:\/\/eventiyoga.it\/eventi-yoga\/fridayoga-7331\" class=\"yoga-event-link \">FRIDAYOGA<\/a>\n                                                    <\/div>\n                                                                                                                                                        <div class=\"yoga-event-item\">\n                                                        <span class=\"event-day\">19 Giugno<\/span>\n                                                        <a href=\"https:\/\/eventiyoga.it\/eventi-yoga\/ritiro_olistico_tra_terra_e_cielo-7306\" class=\"yoga-event-link \">Ritiro olistico TRA TERRA E CIELO<\/a>\n                                                    <\/div>\n                                                                                                                                                        <div class=\"yoga-event-item\">\n                                                        <span class=\"event-day\">21 Giugno<\/span>\n                                                        <a href=\"https:\/\/eventiyoga.it\/eventi-yoga\/international_yoga_day_al_campo_dei_girasoli-7160\" class=\"yoga-event-link \">International Yoga Day al Campo dei Girasoli<\/a>\n                                                    <\/div>\n                                                                                            <\/div>\n                                        <\/div>\n                                                                                                                                                <div class=\"yoga-province\">\n                                            <h3 class=\"yoga-province-title\">Venezia<\/h3>\n                                            <div class=\"yoga-events-list\">\n                                                                                                                                                        <div class=\"yoga-event-item\">\n                                                        <span class=\"event-day\">27 Giugno<\/span>\n                                                        <a href=\"https:\/\/eventiyoga.it\/eventi-yoga\/settimana_yoga_al_mare_dal_27_giugno_al_4_luglio_2026-6810\" class=\"yoga-event-link \">Settimana Yoga al Mare - dal 27 giugno al 4 luglio 2026<\/a>\n                                                    <\/div>\n                                                                                            <\/div>\n                                        <\/div>\n                                                                                                                                                <div class=\"yoga-province\">\n                                            <h3 class=\"yoga-province-title\">Verona<\/h3>\n                                            <div class=\"yoga-events-list\">\n                                                                                                                                                        <div class=\"yoga-event-item\">\n                                                        <span class=\"event-day\">12 Giugno<\/span>\n                                                        <a href=\"https:\/\/eventiyoga.it\/eventi-yoga\/lessinia_in_yoga_fuga_nel_verde-6768\" class=\"yoga-event-link \">Lessinia in Yoga - Fuga nel verde<\/a>\n                                                    <\/div>\n                                                                                                                                                        <div class=\"yoga-event-item\">\n                                                        <span class=\"event-day\">12 Giugno<\/span>\n                                                        <a href=\"https:\/\/eventiyoga.it\/eventi-yoga\/qui_ed_ora_offline_weekend_yoga_in_veneto-7324\" class=\"yoga-event-link \">Qui ed Ora Offline | Weekend Yoga in Veneto<\/a>\n                                                    <\/div>\n                                                                                                                                                        <div class=\"yoga-event-item\">\n                                                        <span class=\"event-day\">26 Giugno<\/span>\n                                                        <a href=\"https:\/\/eventiyoga.it\/eventi-yoga\/yoga_retreat_at_molina_falls-7096\" class=\"yoga-event-link \">YOGA RETREAT AT MOLINA FALLS<\/a>\n                                                    <\/div>\n                                                                                            <\/div>\n                                        <\/div>\n                                                                                                                        <\/div>\n                                                                                <div class=\"yoga-region yoga-region-estero\">\n                            <h2 class=\"yoga-region-title\">Estero<\/h2>\n                                                            <div class=\"yoga-events-list\">\n                                                                                                                                                                    <div class=\"yoga-event-item\">\n                                                <span class=\"event-day\">02 Giugno<\/span>\n                                                <a href=\"https:\/\/eventiyoga.it\/eventi-yoga\/origin_fuerteventura_il_tuo_ritorno_all_essenziale-6494\" class=\"yoga-event-link \">ORIGIN - Fuerteventura - Il tuo ritorno all&#039;essenziale<\/a>\n                                            <\/div>\n                                                                                                                                <div class=\"yoga-event-item\">\n                                                <span class=\"event-day\">06 Giugno<\/span>\n                                                <a href=\"https:\/\/eventiyoga.it\/eventi-yoga\/formetera_yoga_flexy-6738\" class=\"yoga-event-link \">Formetera Yoga &amp; Flexy<\/a>\n                                            <\/div>\n                                                                                                                                <div class=\"yoga-event-item\">\n                                                <span class=\"event-day\">06 Giugno<\/span>\n                                                <a href=\"https:\/\/eventiyoga.it\/eventi-yoga\/arm_nia_primo_yoga_experience_della_svizzera_italiana-6930\" class=\"yoga-event-link \">ARM\u00d2NIA - Primo Yoga Experience della Svizzera Italiana <\/a>\n                                            <\/div>\n                                                                                                                                <div class=\"yoga-event-item\">\n                                                <span class=\"event-day\">11 Giugno<\/span>\n                                                <a href=\"https:\/\/eventiyoga.it\/eventi-yoga\/essaouira_marocco_mindfulness_e_yoga_retreat-7297\" class=\"yoga-event-link \">Essaouira (Marocco) Mindfulness e Yoga Retreat<\/a>\n                                            <\/div>\n                                                                                                                                <div class=\"yoga-event-item\">\n                                                <span class=\"event-day\">13 Giugno<\/span>\n                                                <a href=\"https:\/\/eventiyoga.it\/eventi-yoga\/vacanza_yoga_ad_essaouira_contemplando_l_infinito_oceano-7148\" class=\"yoga-event-link \">Vacanza Yoga ad Essaouira. Contemplando l&#039;infinito oceano<\/a>\n                                            <\/div>\n                                                                                                                                <div class=\"yoga-event-item\">\n                                                <span class=\"event-day\">13 Giugno<\/span>\n                                                <a href=\"https:\/\/eventiyoga.it\/eventi-yoga\/algarve_yoga_e_trekking-7038\" class=\"yoga-event-link \">Algarve - Yoga e Trekking<\/a>\n                                            <\/div>\n                                                                                                                                <div class=\"yoga-event-item\">\n                                                <span class=\"event-day\">13 Giugno<\/span>\n                                                <a href=\"https:\/\/eventiyoga.it\/eventi-yoga\/vacanza_yoga_nella_penisola_di_mani_peloponneso-7103\" class=\"yoga-event-link \">Vacanza yoga nella penisola di Mani, Peloponneso<\/a>\n                                            <\/div>\n                                                                                                                                <div class=\"yoga-event-item\">\n                                                <span class=\"event-day\">16 Giugno<\/span>\n                                                <a href=\"https:\/\/eventiyoga.it\/eventi-yoga\/oceanic_power_evolution_retreat_maldive_giugno_2026-6353\" class=\"yoga-event-link \">OCEANIC POWER EVOLUTION RETREAT MALDIVE GIUGNO 2026<\/a>\n                                            <\/div>\n                                                                                                                                <div class=\"yoga-event-item\">\n                                                <span class=\"event-day\">25 Giugno<\/span>\n                                                <a href=\"https:\/\/eventiyoga.it\/eventi-yoga\/vacanza_yoga_a_corf_in_grecia_vivi_l_essenza_dello_yoga_sull_isola_di_corf-7081\" class=\"yoga-event-link \">Vacanza Yoga a Corf\u00f9 in Grecia \u2013 Vivi l\u2019essenza dello yoga sull\u2019isola di Corf\u00f9<\/a>\n                                            <\/div>\n                                                                                                                                <div class=\"yoga-event-item\">\n                                                <span class=\"event-day\">26 Giugno<\/span>\n                                                <a href=\"https:\/\/eventiyoga.it\/eventi-yoga\/viaggio_peru_sacro_risveglia_l_anima-6373\" class=\"yoga-event-link \">Viaggio Peru Sacro - Risveglia l\u2019anima<\/a>\n                                            <\/div>\n                                                                                                            <\/div>\n                                                    <\/div>\n                                                        <\/div>\n        \n\n\n\n<hr class=\"wp-block-separator has-text-color has-white-color has-css-opacity has-white-background-color has-background\"\/>\n\n\n\n<h2 class=\"wp-block-heading\" id=\"h-luglio\">Luglio<\/h2>\n\n\n\n<div style=\"height: 12px; background: linear-gradient(90deg, #667eea 0%, #764ba2 50%, #f093fb 100%); border-radius: 6px;\"><\/div>\n<p style=\"color: #555555; font-size: 23px; margin-top: 15px; font-style: italic;\">\ud83e\uddd8\u200d\u2640\ufe0f Il cuore dell&#8217;estate: vacanze yoga tra isole italiane, montagna e mete esotiche<\/p>\n\n\n        <div class=\"yoga-events-regions-container\">\n            <!-- Online Events Section -->\n            \n            <!-- Offline Events by Regions -->\n                                                                        <div class=\"yoga-region \">\n                            <h2 class=\"yoga-region-title\">Abruzzo<\/h2>\n                                                                                                                                        <div class=\"yoga-province\">\n                                            <h3 class=\"yoga-province-title\">Teramo<\/h3>\n                                            <div class=\"yoga-events-list\">\n                                                                                                                                                        <div class=\"yoga-event-item\">\n                                                        <span class=\"event-day\">16 Luglio<\/span>\n                                                        <a href=\"https:\/\/eventiyoga.it\/eventi-yoga\/refresh_retreat-7330\" class=\"yoga-event-link \">REFRESH RETREAT<\/a>\n                                                    <\/div>\n                                                                                            <\/div>\n                                        <\/div>\n                                                                                                                        <\/div>\n                                                                                <div class=\"yoga-region \">\n                            <h2 class=\"yoga-region-title\">Campania<\/h2>\n                                                                                                                                        <div class=\"yoga-province\">\n                                            <h3 class=\"yoga-province-title\">Napoli<\/h3>\n                                            <div class=\"yoga-events-list\">\n                                                                                                                                                        <div class=\"yoga-event-item\">\n                                                        <span class=\"event-day\">12 Luglio<\/span>\n                                                        <a href=\"https:\/\/eventiyoga.it\/eventi-yoga\/vacanza_yoga_a_ischia-7142\" class=\"yoga-event-link \">vacanza yoga a Ischia<\/a>\n                                                    <\/div>\n                                                                                                                                                        <div class=\"yoga-event-item\">\n                                                        <span class=\"event-day\">16 Luglio<\/span>\n                                                        <a href=\"https:\/\/eventiyoga.it\/eventi-yoga\/long_week_end_yoga_ischia_vastita_leggerezza-6975\" class=\"yoga-event-link \">LONG WEEK-END YOGA ISCHIA: VASTITA&#039; &amp; LEGGEREZZA<\/a>\n                                                    <\/div>\n                                                                                            <\/div>\n                                        <\/div>\n                                                                                                                        <\/div>\n                                                                                <div class=\"yoga-region \">\n                            <h2 class=\"yoga-region-title\">Emilia Romagna<\/h2>\n                                                                                                                                        <div class=\"yoga-province\">\n                                            <h3 class=\"yoga-province-title\">Forl\u00ec-Cesena<\/h3>\n                                            <div class=\"yoga-events-list\">\n                                                                                                                                                        <div class=\"yoga-event-item\">\n                                                        <span class=\"event-day\">17 Luglio<\/span>\n                                                        <a href=\"https:\/\/eventiyoga.it\/eventi-yoga\/look_inside_ritiro_con_swani_santhi_prasad-6781\" class=\"yoga-event-link \">LOOK INSIDE, Ritiro con Swani Santhi Prasad<\/a>\n                                                    <\/div>\n                                                                                                                                                        <div class=\"yoga-event-item\">\n                                                        <span class=\"event-day\">24 Luglio<\/span>\n                                                        <a href=\"https:\/\/eventiyoga.it\/eventi-yoga\/bio_yogi_ritiro_di_hatha_yoga_in_natura-6770\" class=\"yoga-event-link \">Bio-Yogi: ritiro di Hatha Yoga in Natura<\/a>\n                                                    <\/div>\n                                                                                            <\/div>\n                                        <\/div>\n                                                                                                                                                <div class=\"yoga-province\">\n                                            <h3 class=\"yoga-province-title\">Modena<\/h3>\n                                            <div class=\"yoga-events-list\">\n                                                                                                                                                        <div class=\"yoga-event-item\">\n                                                        <span class=\"event-day\">30 Luglio<\/span>\n                                                        <a href=\"https:\/\/eventiyoga.it\/eventi-yoga\/camminate_lente_consapevoli_vacanza_ritiro_appennino-7214\" class=\"yoga-event-link \">Camminate Lente Consapevoli - Vacanza Ritiro - Appennino<\/a>\n                                                    <\/div>\n                                                                                            <\/div>\n                                        <\/div>\n                                                                                                                                                <div class=\"yoga-province\">\n                                            <h3 class=\"yoga-province-title\">Parma<\/h3>\n                                            <div class=\"yoga-events-list\">\n                                                                                                                                                        <div class=\"yoga-event-item\">\n                                                        <span class=\"event-day\">03 Luglio<\/span>\n                                                        <a href=\"https:\/\/eventiyoga.it\/eventi-yoga\/anime_libere_ritiro_di_benessere-7263\" class=\"yoga-event-link \">Anime Libere - ritiro di benessere<\/a>\n                                                    <\/div>\n                                                                                            <\/div>\n                                        <\/div>\n                                                                                                                                                <div class=\"yoga-province\">\n                                            <h3 class=\"yoga-province-title\">Rimini<\/h3>\n                                            <div class=\"yoga-events-list\">\n                                                                                                                                                        <div class=\"yoga-event-item\">\n                                                        <span class=\"event-day\">03 Luglio<\/span>\n                                                        <a href=\"https:\/\/eventiyoga.it\/eventi-yoga\/3_giorni_yoga_e_meditazione_a_rimini-7320\" class=\"yoga-event-link \">3 giorni Yoga e Meditazione a Rimini <\/a>\n                                                    <\/div>\n                                                                                                                                                        <div class=\"yoga-event-item\">\n                                                        <span class=\"event-day\">24 Luglio<\/span>\n                                                        <a href=\"https:\/\/eventiyoga.it\/eventi-yoga\/semina_retreat_ritiro_yoga_in_emilia_romagna-6967\" class=\"yoga-event-link \">Semina Retreat | Ritiro Yoga in Emilia Romagna<\/a>\n                                                    <\/div>\n                                                                                            <\/div>\n                                        <\/div>\n                                                                                                                        <\/div>\n                                                                                <div class=\"yoga-region \">\n                            <h2 class=\"yoga-region-title\">Lazio<\/h2>\n                                                                                                                                        <div class=\"yoga-province\">\n                                            <h3 class=\"yoga-province-title\">Frosinone<\/h3>\n                                            <div class=\"yoga-events-list\">\n                                                                                                                                                        <div class=\"yoga-event-item\">\n                                                        <span class=\"event-day\">01 Luglio<\/span>\n                                                        <a href=\"https:\/\/eventiyoga.it\/eventi-yoga\/yoga_cavalli_e_natura_ritiro_a_pescosolido_parco_nazionale_d_abruzzo-6673\" class=\"yoga-event-link \">Yoga, Cavalli e Natura: Ritiro a Pescosolido, Parco Nazionale d\u2019Abruzzo<\/a>\n                                                    <\/div>\n                                                                                                                                                        <div class=\"yoga-event-item\">\n                                                        <span class=\"event-day\">02 Luglio<\/span>\n                                                        <a href=\"https:\/\/eventiyoga.it\/eventi-yoga\/yoga_e_passeggiata_meditativa_nel_parco_nazionale_d_abruzzo_versante_laziale-6417\" class=\"yoga-event-link \">Yoga e Passeggiata Meditativa nel parco nazionale d\u2019Abruzzo, versante Laziale<\/a>\n                                                    <\/div>\n                                                                                                                                                        <div class=\"yoga-event-item\">\n                                                        <span class=\"event-day\">02 Luglio<\/span>\n                                                        <a href=\"https:\/\/eventiyoga.it\/eventi-yoga\/ritiro_yoga_nella_natura_d_abruzzo-6452\" class=\"yoga-event-link \">Ritiro Yoga nella Natura d\u2019Abruzzo<\/a>\n                                                    <\/div>\n                                                                                                                                                        <div class=\"yoga-event-item\">\n                                                        <span class=\"event-day\">08 Luglio<\/span>\n                                                        <a href=\"https:\/\/eventiyoga.it\/eventi-yoga\/yoga_cavalli_e_natura_ritiro_a_pescosolido_parco_nazionale_d_abruzzo-6678\" class=\"yoga-event-link \">Yoga, Cavalli e Natura: Ritiro a Pescosolido, Parco Nazionale d\u2019Abruzzo<\/a>\n                                                    <\/div>\n                                                                                                                                                        <div class=\"yoga-event-item\">\n                                                        <span class=\"event-day\">08 Luglio<\/span>\n                                                        <a href=\"https:\/\/eventiyoga.it\/eventi-yoga\/yoga_cavalli_e_natura_ritiro_a_pescosolido_parco_nazionale_d_abruzzo-6674\" class=\"yoga-event-link \">Yoga, Cavalli e Natura: Ritiro a Pescosolido, Parco Nazionale d\u2019Abruzzo<\/a>\n                                                    <\/div>\n                                                                                                                                                        <div class=\"yoga-event-item\">\n                                                        <span class=\"event-day\">09 Luglio<\/span>\n                                                        <a href=\"https:\/\/eventiyoga.it\/eventi-yoga\/yoga_e_passeggiata_meditativa_nel_parco_nazionale_d_abruzzo_versante_laziale-6418\" class=\"yoga-event-link \">Yoga e Passeggiata Meditativa nel parco nazionale d\u2019Abruzzo, versante Laziale<\/a>\n                                                    <\/div>\n                                                                                                                                                        <div class=\"yoga-event-item\">\n                                                        <span class=\"event-day\">09 Luglio<\/span>\n                                                        <a href=\"https:\/\/eventiyoga.it\/eventi-yoga\/ritiro_yoga_nella_natura_d_abruzzo-6453\" class=\"yoga-event-link \">Ritiro Yoga nella Natura d\u2019Abruzzo<\/a>\n                                                    <\/div>\n                                                                                                                                                        <div class=\"yoga-event-item\">\n                                                        <span class=\"event-day\">15 Luglio<\/span>\n                                                        <a href=\"https:\/\/eventiyoga.it\/eventi-yoga\/yoga_cavalli_e_natura_ritiro_a_pescosolido_parco_nazionale_d_abruzzo-6675\" class=\"yoga-event-link \">Yoga, Cavalli e Natura: Ritiro a Pescosolido, Parco Nazionale d\u2019Abruzzo<\/a>\n                                                    <\/div>\n                                                                                                                                                        <div class=\"yoga-event-item\">\n                                                        <span class=\"event-day\">16 Luglio<\/span>\n                                                        <a href=\"https:\/\/eventiyoga.it\/eventi-yoga\/yoga_e_passeggiata_meditativa_nel_parco_nazionale_d_abruzzo_versante_laziale-6419\" class=\"yoga-event-link \">Yoga e Passeggiata Meditativa nel parco nazionale d\u2019Abruzzo, versante Laziale<\/a>\n                                                    <\/div>\n                                                                                                                                                        <div class=\"yoga-event-item\">\n                                                        <span class=\"event-day\">16 Luglio<\/span>\n                                                        <a href=\"https:\/\/eventiyoga.it\/eventi-yoga\/ritiro_yoga_nella_natura_d_abruzzo-6454\" class=\"yoga-event-link \">Ritiro Yoga nella Natura d\u2019Abruzzo<\/a>\n                                                    <\/div>\n                                                                                                                                                        <div class=\"yoga-event-item\">\n                                                        <span class=\"event-day\">22 Luglio<\/span>\n                                                        <a href=\"https:\/\/eventiyoga.it\/eventi-yoga\/yoga_cavalli_e_natura_ritiro_a_pescosolido_parco_nazionale_d_abruzzo-6676\" class=\"yoga-event-link \">Yoga, Cavalli e Natura: Ritiro a Pescosolido, Parco Nazionale d\u2019Abruzzo<\/a>\n                                                    <\/div>\n                                                                                                                                                        <div class=\"yoga-event-item\">\n                                                        <span class=\"event-day\">23 Luglio<\/span>\n                                                        <a href=\"https:\/\/eventiyoga.it\/eventi-yoga\/yoga_e_passeggiata_meditativa_nel_parco_nazionale_d_abruzzo_versante_laziale-6420\" class=\"yoga-event-link \">Yoga e Passeggiata Meditativa nel parco nazionale d\u2019Abruzzo, versante Laziale<\/a>\n                                                    <\/div>\n                                                                                                                                                        <div class=\"yoga-event-item\">\n                                                        <span class=\"event-day\">23 Luglio<\/span>\n                                                        <a href=\"https:\/\/eventiyoga.it\/eventi-yoga\/ritiro_yoga_nella_natura_d_abruzzo-6455\" class=\"yoga-event-link \">Ritiro Yoga nella Natura d\u2019Abruzzo<\/a>\n                                                    <\/div>\n                                                                                                                                                        <div class=\"yoga-event-item\">\n                                                        <span class=\"event-day\">29 Luglio<\/span>\n                                                        <a href=\"https:\/\/eventiyoga.it\/eventi-yoga\/yoga_cavalli_e_natura_ritiro_a_pescosolido_parco_nazionale_d_abruzzo-6677\" class=\"yoga-event-link \">Yoga, Cavalli e Natura: Ritiro a Pescosolido, Parco Nazionale d\u2019Abruzzo<\/a>\n                                                    <\/div>\n                                                                                                                                                        <div class=\"yoga-event-item\">\n                                                        <span class=\"event-day\">30 Luglio<\/span>\n                                                        <a href=\"https:\/\/eventiyoga.it\/eventi-yoga\/ritiro_yoga_nella_natura_d_abruzzo-6456\" class=\"yoga-event-link \">Ritiro Yoga nella Natura d\u2019Abruzzo<\/a>\n                                                    <\/div>\n                                                                                                                                                        <div class=\"yoga-event-item\">\n                                                        <span class=\"event-day\">30 Luglio<\/span>\n                                                        <a href=\"https:\/\/eventiyoga.it\/eventi-yoga\/yoga_e_passeggiata_meditativa_nel_parco_nazionale_d_abruzzo_versante_laziale-6421\" class=\"yoga-event-link \">Yoga e Passeggiata Meditativa nel parco nazionale d\u2019Abruzzo, versante Laziale<\/a>\n                                                    <\/div>\n                                                                                            <\/div>\n                                        <\/div>\n                                                                                                                                                <div class=\"yoga-province\">\n                                            <h3 class=\"yoga-province-title\">Roma<\/h3>\n                                            <div class=\"yoga-events-list\">\n                                                                                                                                                        <div class=\"yoga-event-item\">\n                                                        <span class=\"event-day\">01 Luglio<\/span>\n                                                        <a href=\"https:\/\/eventiyoga.it\/eventi-yoga\/dirette_online_yoga_meditazione_nidra_filosofia-6113\" class=\"yoga-event-link \">DIRETTE ONLINE \u2013 Yoga, Meditazione, Nidra, Filosofia\u2026<\/a>\n                                                    <\/div>\n                                                                                                                                                        <div class=\"yoga-event-item\">\n                                                        <span class=\"event-day\">01 Luglio<\/span>\n                                                        <a href=\"https:\/\/eventiyoga.it\/eventi-yoga\/kundalini_yoga_a_porta_pia_anche_online-6164\" class=\"yoga-event-link \">KUNDALINI YOGA a Porta Pia (anche online)<\/a>\n                                                    <\/div>\n                                                                                                                                                        <div class=\"yoga-event-item\">\n                                                        <span class=\"event-day\">01 Luglio<\/span>\n                                                        <a href=\"https:\/\/eventiyoga.it\/eventi-yoga\/hatha_e_raja_yoga_a_porta_pia_anche_online-6157\" class=\"yoga-event-link \">HATHA E RAJA YOGA a Porta Pia (anche online)<\/a>\n                                                    <\/div>\n                                                                                                                                                        <div class=\"yoga-event-item\">\n                                                        <span class=\"event-day\">01 Luglio<\/span>\n                                                        <a href=\"https:\/\/eventiyoga.it\/eventi-yoga\/sedute_individuali_di_yoga_reiki_e_massaggi-6120\" class=\"yoga-event-link \">SEDUTE INDIVIDUALI DI YOGA, REIKI E MASSAGGI<\/a>\n                                                    <\/div>\n                                                                                                                                                        <div class=\"yoga-event-item\">\n                                                        <span class=\"event-day\">01 Luglio<\/span>\n                                                        <a href=\"https:\/\/eventiyoga.it\/eventi-yoga\/sessione_di_yoga_nidra_anche_online-6149\" class=\"yoga-event-link \">SESSIONE DI YOGA NIDRA (anche online)<\/a>\n                                                    <\/div>\n                                                                                                                                                        <div class=\"yoga-event-item\">\n                                                        <span class=\"event-day\">04 Luglio<\/span>\n                                                        <a href=\"https:\/\/eventiyoga.it\/eventi-yoga\/intensivo_di_kundalini_yoga_ajna_chakra_anche_online-6880\" class=\"yoga-event-link \">INTENSIVO DI KUNDALINI YOGA \u201cAjna Chakra\u201d (anche online)<\/a>\n                                                    <\/div>\n                                                                                                                                                        <div class=\"yoga-event-item\">\n                                                        <span class=\"event-day\">04 Luglio<\/span>\n                                                        <a href=\"https:\/\/eventiyoga.it\/eventi-yoga\/seminario_di_reiki_1_livello_a_roma-6999\" class=\"yoga-event-link \">SEMINARIO DI REIKI - 1\u00b0 Livello a Roma<\/a>\n                                                    <\/div>\n                                                                                                                                                        <div class=\"yoga-event-item\">\n                                                        <span class=\"event-day\">05 Luglio<\/span>\n                                                        <a href=\"https:\/\/eventiyoga.it\/eventi-yoga\/intensivo_di_hatha_raja_yoga_ajna_chakra_anche_online-6881\" class=\"yoga-event-link \">INTENSIVO DI HATHA-RAJA YOGA &quot;Ajna Chakra&quot; (anche online)<\/a>\n                                                    <\/div>\n                                                                                                                                                        <div class=\"yoga-event-item\">\n                                                        <span class=\"event-day\">08 Luglio<\/span>\n                                                        <a href=\"https:\/\/eventiyoga.it\/eventi-yoga\/sessione_di_meditazione_guidata_anche_online-6135\" class=\"yoga-event-link \">SESSIONE DI MEDITAZIONE GUIDATA (anche online)<\/a>\n                                                    <\/div>\n                                                                                                                                                        <div class=\"yoga-event-item\">\n                                                        <span class=\"event-day\">14 Luglio<\/span>\n                                                        <a href=\"https:\/\/eventiyoga.it\/eventi-yoga\/sessione_di_mantra_yoga_anche_online-6106\" class=\"yoga-event-link \">SESSIONE DI MANTRA YOGA (anche online)<\/a>\n                                                    <\/div>\n                                                                                                                                                        <div class=\"yoga-event-item\">\n                                                        <span class=\"event-day\">15 Luglio<\/span>\n                                                        <a href=\"https:\/\/eventiyoga.it\/eventi-yoga\/sessione_di_yoga_nidra_anche_online-6150\" class=\"yoga-event-link \">SESSIONE DI YOGA NIDRA (anche online)<\/a>\n                                                    <\/div>\n                                                                                                                                                        <div class=\"yoga-event-item\">\n                                                        <span class=\"event-day\">18 Luglio<\/span>\n                                                        <a href=\"https:\/\/eventiyoga.it\/eventi-yoga\/seminario_di_reiki_3_livello_e_master_a_roma-7008\" class=\"yoga-event-link \">SEMINARIO DI REIKI - 3\u00b0 Livello e Master a Roma<\/a>\n                                                    <\/div>\n                                                                                                                                                        <div class=\"yoga-event-item\">\n                                                        <span class=\"event-day\">22 Luglio<\/span>\n                                                        <a href=\"https:\/\/eventiyoga.it\/eventi-yoga\/sessione_di_meditazione_guidata_anche_online-6136\" class=\"yoga-event-link \">SESSIONE DI MEDITAZIONE GUIDATA (anche online)<\/a>\n                                                    <\/div>\n                                                                                                                                                        <div class=\"yoga-event-item\">\n                                                        <span class=\"event-day\">23 Luglio<\/span>\n                                                        <a href=\"https:\/\/eventiyoga.it\/eventi-yoga\/roma_wellness_holiday_yoga_mare_natura_e_cultura_sotto_il_cielo_di_roma-7080\" class=\"yoga-event-link \">ROMA, Wellness Holiday: Yoga, mare, natura e cultura sotto il cielo di Roma<\/a>\n                                                    <\/div>\n                                                                                            <\/div>\n                                        <\/div>\n                                                                                                                        <\/div>\n                                                                                <div class=\"yoga-region \">\n                            <h2 class=\"yoga-region-title\">Lombardia<\/h2>\n                                                                                                                                        <div class=\"yoga-province\">\n                                            <h3 class=\"yoga-province-title\">Brescia<\/h3>\n                                            <div class=\"yoga-events-list\">\n                                                                                                                                                        <div class=\"yoga-event-item\">\n                                                        <span class=\"event-day\">03 Luglio<\/span>\n                                                        <a href=\"https:\/\/eventiyoga.it\/eventi-yoga\/yoga_e_barca_a_vela_retreat_lago_di_garda-6084\" class=\"yoga-event-link \">Yoga e barca a vela Retreat \u2013 Lago di Garda<\/a>\n                                                    <\/div>\n                                                                                            <\/div>\n                                        <\/div>\n                                                                                                                                                <div class=\"yoga-province\">\n                                            <h3 class=\"yoga-province-title\">Lecco<\/h3>\n                                            <div class=\"yoga-events-list\">\n                                                                                                                                                        <div class=\"yoga-event-item\">\n                                                        <span class=\"event-day\">03 Luglio<\/span>\n                                                        <a href=\"https:\/\/eventiyoga.it\/eventi-yoga\/weekend_yoga_e_montagna_in_valsassina_lombardia-7143\" class=\"yoga-event-link \">Weekend Yoga e Montagna in Valsassina, Lombardia<\/a>\n                                                    <\/div>\n                                                                                            <\/div>\n                                        <\/div>\n                                                                                                                        <\/div>\n                                                                                <div class=\"yoga-region \">\n                            <h2 class=\"yoga-region-title\">Marche<\/h2>\n                                                                                                                                        <div class=\"yoga-province\">\n                                            <h3 class=\"yoga-province-title\">Ancona<\/h3>\n                                            <div class=\"yoga-events-list\">\n                                                                                                                                                        <div class=\"yoga-event-item\">\n                                                        <span class=\"event-day\">18 Luglio<\/span>\n                                                        <a href=\"https:\/\/eventiyoga.it\/eventi-yoga\/summer_workshop_a_sirolo_parco_naturale_del_conero-6699\" class=\"yoga-event-link \">Summer Workshop a Sirolo, Parco Naturale del Conero<\/a>\n                                                    <\/div>\n                                                                                            <\/div>\n                                        <\/div>\n                                                                                                                                                <div class=\"yoga-province\">\n                                            <h3 class=\"yoga-province-title\">Macerata<\/h3>\n                                            <div class=\"yoga-events-list\">\n                                                                                                                                                        <div class=\"yoga-event-item\">\n                                                        <span class=\"event-day\">06 Luglio<\/span>\n                                                        <a href=\"https:\/\/eventiyoga.it\/eventi-yoga\/libera_la_schiena_dalle_tensioni_yoga_in_spiaggia_a_civitanova-7223\" class=\"yoga-event-link \">Libera la schiena dalle tensioni | Yoga in Spiaggia a Civitanova<\/a>\n                                                    <\/div>\n                                                                                                                                                        <div class=\"yoga-event-item\">\n                                                        <span class=\"event-day\">13 Luglio<\/span>\n                                                        <a href=\"https:\/\/eventiyoga.it\/eventi-yoga\/respira_meglio_muoviti_con_pi_leggerezza_yoga_in_spiaggia_a_civitanova-7224\" class=\"yoga-event-link \">Respira meglio, muoviti con pi\u00f9 leggerezza | Yoga in Spiaggia a Civitanova<\/a>\n                                                    <\/div>\n                                                                                                                                                        <div class=\"yoga-event-item\">\n                                                        <span class=\"event-day\">20 Luglio<\/span>\n                                                        <a href=\"https:\/\/eventiyoga.it\/eventi-yoga\/spalle_leggere_cuore_aperto_yoga_in_spiaggia_a_civitanova-7225\" class=\"yoga-event-link \">Spalle leggere, cuore aperto | Yoga in Spiaggia a Civitanova<\/a>\n                                                    <\/div>\n                                                                                                                                                        <div class=\"yoga-event-item\">\n                                                        <span class=\"event-day\">27 Luglio<\/span>\n                                                        <a href=\"https:\/\/eventiyoga.it\/eventi-yoga\/cammina_dritta_vivi_con_equilibrio_yoga_in_spiaggia_civitanova-7226\" class=\"yoga-event-link \">Cammina dritta, vivi con equilibrio | Yoga in Spiaggia Civitanova<\/a>\n                                                    <\/div>\n                                                                                                                                                        <div class=\"yoga-event-item\">\n                                                        <span class=\"event-day\">31 Luglio<\/span>\n                                                        <a href=\"https:\/\/eventiyoga.it\/eventi-yoga\/pratica_intensiva_spalle_radicarsi_per_imparare_a_volare-6826\" class=\"yoga-event-link \">Pratica Intensiva: Spalle: radicarsi per imparare a volare.<\/a>\n                                                    <\/div>\n                                                                                            <\/div>\n                                        <\/div>\n                                                                                                                        <\/div>\n                                                                                <div class=\"yoga-region \">\n                            <h2 class=\"yoga-region-title\">Piemonte<\/h2>\n                                                                                                                                        <div class=\"yoga-province\">\n                                            <h3 class=\"yoga-province-title\">Alessandria<\/h3>\n                                            <div class=\"yoga-events-list\">\n                                                                                                                                                        <div class=\"yoga-event-item\">\n                                                        <span class=\"event-day\">31 Luglio<\/span>\n                                                        <a href=\"https:\/\/eventiyoga.it\/eventi-yoga\/ritiro_yoga_in_piemonte_agosto_2026-7091\" class=\"yoga-event-link \">RITIRO YOGA IN PIEMONTE - AGOSTO 2026<\/a>\n                                                    <\/div>\n                                                                                            <\/div>\n                                        <\/div>\n                                                                                                                                                <div class=\"yoga-province\">\n                                            <h3 class=\"yoga-province-title\">Asti<\/h3>\n                                            <div class=\"yoga-events-list\">\n                                                                                                                                                        <div class=\"yoga-event-item\">\n                                                        <span class=\"event-day\">16 Luglio<\/span>\n                                                        <a href=\"https:\/\/eventiyoga.it\/eventi-yoga\/hatisuara_academy-6622\" class=\"yoga-event-link \">Hatisuara Academy<\/a>\n                                                    <\/div>\n                                                                                                                                                        <div class=\"yoga-event-item\">\n                                                        <span class=\"event-day\">18 Luglio<\/span>\n                                                        <a href=\"https:\/\/eventiyoga.it\/eventi-yoga\/semi_di_abbondanza_workshop_money_mindset_per_donne-6794\" class=\"yoga-event-link \">Semi di abbondanza | Workshop Money Mindset per Donne<\/a>\n                                                    <\/div>\n                                                                                            <\/div>\n                                        <\/div>\n                                                                                                                                                <div class=\"yoga-province\">\n                                            <h3 class=\"yoga-province-title\">Verbano-Cusio-Ossola<\/h3>\n                                            <div class=\"yoga-events-list\">\n                                                                                                                                                        <div class=\"yoga-event-item\">\n                                                        <span class=\"event-day\">03 Luglio<\/span>\n                                                        <a href=\"https:\/\/eventiyoga.it\/eventi-yoga\/la_via_del_benessere_l_espansione-6760\" class=\"yoga-event-link \">LA VIA DEL BENESSERE: L&#039;ESPANSIONE<\/a>\n                                                    <\/div>\n                                                                                            <\/div>\n                                        <\/div>\n                                                                                                                        <\/div>\n                                                                                <div class=\"yoga-region \">\n                            <h2 class=\"yoga-region-title\">Puglia<\/h2>\n                                                                                                                                        <div class=\"yoga-province\">\n                                            <h3 class=\"yoga-province-title\">Lecce<\/h3>\n                                            <div class=\"yoga-events-list\">\n                                                                                                                                                        <div class=\"yoga-event-item\">\n                                                        <span class=\"event-day\">04 Luglio<\/span>\n                                                        <a href=\"https:\/\/eventiyoga.it\/eventi-yoga\/ritiro_iyengar_yoga_in_puglia_nel_salento-6634\" class=\"yoga-event-link \">Ritiro Iyengar Yoga in Puglia nel Salento<\/a>\n                                                    <\/div>\n                                                                                                                                                        <div class=\"yoga-event-item\">\n                                                        <span class=\"event-day\">04 Luglio<\/span>\n                                                        <a href=\"https:\/\/eventiyoga.it\/eventi-yoga\/ashtanga_yoga_e_subconscio_ritiro_yoga_nel_salento-6633\" class=\"yoga-event-link \">Ashtanga Yoga e Subconscio | Ritiro Yoga nel Salento<\/a>\n                                                    <\/div>\n                                                                                                                                                        <div class=\"yoga-event-item\">\n                                                        <span class=\"event-day\">10 Luglio<\/span>\n                                                        <a href=\"https:\/\/eventiyoga.it\/eventi-yoga\/ritiro_yoga_e_pilates_in_salento_luglio_2026-6980\" class=\"yoga-event-link \">Ritiro Yoga e Pilates in Salento luglio 2026<\/a>\n                                                    <\/div>\n                                                                                                                                                        <div class=\"yoga-event-item\">\n                                                        <span class=\"event-day\">11 Luglio<\/span>\n                                                        <a href=\"https:\/\/eventiyoga.it\/eventi-yoga\/vinyasa_krama_e_shaivismo_del_kashmir_ritiro_yoga_in_puglia-6636\" class=\"yoga-event-link \">Vinyasa Krama e Shaivismo del Kashmir | Ritiro Yoga in Puglia<\/a>\n                                                    <\/div>\n                                                                                                                                                        <div class=\"yoga-event-item\">\n                                                        <span class=\"event-day\">11 Luglio<\/span>\n                                                        <a href=\"https:\/\/eventiyoga.it\/eventi-yoga\/l_equilibrio_tra_sforzo_e_facilita_ritiro_ashtanga_yoga_puglia-6635\" class=\"yoga-event-link \">L\u2019EQUILIBRIO TRA SFORZO E FACILITA&#039; | Ritiro Ashtanga Yoga Puglia<\/a>\n                                                    <\/div>\n                                                                                                                                                        <div class=\"yoga-event-item\">\n                                                        <span class=\"event-day\">18 Luglio<\/span>\n                                                        <a href=\"https:\/\/eventiyoga.it\/eventi-yoga\/vivere_pienamente_riscopri_il_tuo_vero_potenziale_ritiro_yoga_in_puglia-6637\" class=\"yoga-event-link \">Vivere Pienamente &quot;Riscopri il tuo vero potenziale&quot; | Ritiro Yoga in Puglia<\/a>\n                                                    <\/div>\n                                                                                                                                                        <div class=\"yoga-event-item\">\n                                                        <span class=\"event-day\">18 Luglio<\/span>\n                                                        <a href=\"https:\/\/eventiyoga.it\/eventi-yoga\/vivere_pienamente_retreat_estivo_in_salento-6891\" class=\"yoga-event-link \">Vivere Pienamente - Retreat estivo in Salento<\/a>\n                                                    <\/div>\n                                                                                                                                                        <div class=\"yoga-event-item\">\n                                                        <span class=\"event-day\">25 Luglio<\/span>\n                                                        <a href=\"https:\/\/eventiyoga.it\/eventi-yoga\/yoga_e_nuoto_vacanza_yoga_e_nuoto_in_salento-6640\" class=\"yoga-event-link \">Yoga e Nuoto | Vacanza Yoga e Nuoto in Salento<\/a>\n                                                    <\/div>\n                                                                                                                                                        <div class=\"yoga-event-item\">\n                                                        <span class=\"event-day\">25 Luglio<\/span>\n                                                        <a href=\"https:\/\/eventiyoga.it\/eventi-yoga\/lo_spazio_di_guarigione_ashtanga_yoga_in_puglia_nel_salento-6638\" class=\"yoga-event-link \">Lo Spazio di Guarigione | Ashtanga Yoga in Puglia nel Salento<\/a>\n                                                    <\/div>\n                                                                                            <\/div>\n                                        <\/div>\n                                                                                                                        <\/div>\n                                                                                <div class=\"yoga-region \">\n                            <h2 class=\"yoga-region-title\">Sardegna<\/h2>\n                                                                                                                                        <div class=\"yoga-province\">\n                                            <h3 class=\"yoga-province-title\">Cagliari<\/h3>\n                                            <div class=\"yoga-events-list\">\n                                                                                                                                                        <div class=\"yoga-event-item\">\n                                                        <span class=\"event-day\">19 Luglio<\/span>\n                                                        <a href=\"https:\/\/eventiyoga.it\/eventi-yoga\/isola_di_san_pietro_carloforte_the_islands_of_yoga_2026-5838\" class=\"yoga-event-link \">Isola di San Pietro \u2013 Carloforte \u2013 The islands of Yoga 2026<\/a>\n                                                    <\/div>\n                                                                                            <\/div>\n                                        <\/div>\n                                                                                                                                                <div class=\"yoga-province\">\n                                            <h3 class=\"yoga-province-title\">Nuoro<\/h3>\n                                            <div class=\"yoga-events-list\">\n                                                                                                                                                        <div class=\"yoga-event-item\">\n                                                        <span class=\"event-day\">19 Luglio<\/span>\n                                                        <a href=\"https:\/\/eventiyoga.it\/eventi-yoga\/ritiro_estivo_in_sardegna_rigenerarci_con_lo_yoga-6823\" class=\"yoga-event-link \">RITIRO ESTIVO IN SARDEGNA - RIGENERARCI CON LO YOGA<\/a>\n                                                    <\/div>\n                                                                                            <\/div>\n                                        <\/div>\n                                                                                                                                                <div class=\"yoga-province\">\n                                            <h3 class=\"yoga-province-title\">Oristano<\/h3>\n                                            <div class=\"yoga-events-list\">\n                                                                                                                                                        <div class=\"yoga-event-item\">\n                                                        <span class=\"event-day\">04 Luglio<\/span>\n                                                        <a href=\"https:\/\/eventiyoga.it\/eventi-yoga\/eleva_le_tue_emozioni_nella_natura_ancestrale_della_sardegna-6234\" class=\"yoga-event-link \">Eleva le tue emozioni nella natura ancestrale della Sardegna<\/a>\n                                                    <\/div>\n                                                                                                                                                        <div class=\"yoga-event-item\">\n                                                        <span class=\"event-day\">04 Luglio<\/span>\n                                                        <a href=\"https:\/\/eventiyoga.it\/eventi-yoga\/7_giorni_in_sardegna_un_viaggio_tra_natura_yoga_e_il_cavallo_maestro-6341\" class=\"yoga-event-link \">7 GIORNI IN SARDEGNA, UN VIAGGIO TRA NATURA, YOGA E IL CAVALLO MAESTRO<\/a>\n                                                    <\/div>\n                                                                                                                                                        <div class=\"yoga-event-item\">\n                                                        <span class=\"event-day\">11 Luglio<\/span>\n                                                        <a href=\"https:\/\/eventiyoga.it\/eventi-yoga\/espansione_del_cuore_nella_natura_ancestrale_in_sardegna-6235\" class=\"yoga-event-link \">Espansione del Cuore nella Natura Ancestrale in Sardegna<\/a>\n                                                    <\/div>\n                                                                                                                                                        <div class=\"yoga-event-item\">\n                                                        <span class=\"event-day\">18 Luglio<\/span>\n                                                        <a href=\"https:\/\/eventiyoga.it\/eventi-yoga\/espansione_del_cuore_nella_natura_ancestrale_in_sardegna-6237\" class=\"yoga-event-link \">Espansione del Cuore nella Natura Ancestrale in Sardegna<\/a>\n                                                    <\/div>\n                                                                                                                                                        <div class=\"yoga-event-item\">\n                                                        <span class=\"event-day\">18 Luglio<\/span>\n                                                        <a href=\"https:\/\/eventiyoga.it\/eventi-yoga\/manifesta_il_tuo_sogno_yoga_nella_costa_ovest_della_sardegna-6236\" class=\"yoga-event-link \">Manifesta il tuo Sogno! Yoga nella costa ovest della Sardegna<\/a>\n                                                    <\/div>\n                                                                                                                                                        <div class=\"yoga-event-item\">\n                                                        <span class=\"event-day\">25 Luglio<\/span>\n                                                        <a href=\"https:\/\/eventiyoga.it\/eventi-yoga\/eleva_le_tue_emozioni_e_percepisci_la_natura_ancestrale_della_sardegna-6238\" class=\"yoga-event-link \">Eleva le tue emozioni e percepisci la natura ancestrale della Sardegna<\/a>\n                                                    <\/div>\n                                                                                            <\/div>\n                                        <\/div>\n                                                                                                                                                <div class=\"yoga-province\">\n                                            <h3 class=\"yoga-province-title\">Sassari<\/h3>\n                                            <div class=\"yoga-events-list\">\n                                                                                                                                                        <div class=\"yoga-event-item\">\n                                                        <span class=\"event-day\">11 Luglio<\/span>\n                                                        <a href=\"https:\/\/eventiyoga.it\/eventi-yoga\/ritiro_yoga_in_sardegna_dove_il_respiro_incontra_il_mare-6652\" class=\"yoga-event-link \">RITIRO YOGA IN SARDEGNA DOVE IL RESPIRO INCONTRA IL MARE <\/a>\n                                                    <\/div>\n                                                                                            <\/div>\n                                        <\/div>\n                                                                                                                        <\/div>\n                                                                                <div class=\"yoga-region \">\n                            <h2 class=\"yoga-region-title\">Sicilia<\/h2>\n                                                                                                                                        <div class=\"yoga-province\">\n                                            <h3 class=\"yoga-province-title\">Agrigento<\/h3>\n                                            <div class=\"yoga-events-list\">\n                                                                                                                                                        <div class=\"yoga-event-item\">\n                                                        <span class=\"event-day\">05 Luglio<\/span>\n                                                        <a href=\"https:\/\/eventiyoga.it\/eventi-yoga\/vacanza_yoga_a_lampedusa-7248\" class=\"yoga-event-link \">Vacanza yoga a Lampedusa<\/a>\n                                                    <\/div>\n                                                                                                                                                        <div class=\"yoga-event-item\">\n                                                        <span class=\"event-day\">05 Luglio<\/span>\n                                                        <a href=\"https:\/\/eventiyoga.it\/eventi-yoga\/isola_di_lampedusa_the_islands_of_yoga_2026-5828\" class=\"yoga-event-link \">Isola di Lampedusa. The Islands of Yoga 2026<\/a>\n                                                    <\/div>\n                                                                                            <\/div>\n                                        <\/div>\n                                                                                                                                                <div class=\"yoga-province\">\n                                            <h3 class=\"yoga-province-title\">Messina<\/h3>\n                                            <div class=\"yoga-events-list\">\n                                                                                                                                                        <div class=\"yoga-event-item\">\n                                                        <span class=\"event-day\">18 Luglio<\/span>\n                                                        <a href=\"https:\/\/eventiyoga.it\/eventi-yoga\/crociera_yogica_d_espansione_isole_eolie-7269\" class=\"yoga-event-link \">Crociera  Yogica d&#039;espansione - Isole Eolie <\/a>\n                                                    <\/div>\n                                                                                            <\/div>\n                                        <\/div>\n                                                                                                                                                <div class=\"yoga-province\">\n                                            <h3 class=\"yoga-province-title\">Trapani<\/h3>\n                                            <div class=\"yoga-events-list\">\n                                                                                                                                                        <div class=\"yoga-event-item\">\n                                                        <span class=\"event-day\">14 Luglio<\/span>\n                                                        <a href=\"https:\/\/eventiyoga.it\/eventi-yoga\/yoga_mare_e_terra_a_favignana_sconto_fino_al_3_maggio-6334\" class=\"yoga-event-link \">Yoga Mare e Terra a Favignana (sconto fino al 3 Maggio)<\/a>\n                                                    <\/div>\n                                                                                                                                                        <div class=\"yoga-event-item\">\n                                                        <span class=\"event-day\">23 Luglio<\/span>\n                                                        <a href=\"https:\/\/eventiyoga.it\/eventi-yoga\/ritorna_a_te_ritiro_yoga_mudra_e_mantra_in_sicilia-6959\" class=\"yoga-event-link \">Ritorna a te | Ritiro Yoga, Mudra e Mantra in Sicilia<\/a>\n                                                    <\/div>\n                                                                                                                                                        <div class=\"yoga-event-item\">\n                                                        <span class=\"event-day\">25 Luglio<\/span>\n                                                        <a href=\"https:\/\/eventiyoga.it\/eventi-yoga\/velaum_isole_egadi_in_barca_a_vela-6698\" class=\"yoga-event-link \">VelAUM \u26f5 Isole Egadi in barca a Vela<\/a>\n                                                    <\/div>\n                                                                                            <\/div>\n                                        <\/div>\n                                                                                                                        <\/div>\n                                                                                <div class=\"yoga-region \">\n                            <h2 class=\"yoga-region-title\">Toscana<\/h2>\n                                                                                                                                        <div class=\"yoga-province\">\n                                            <h3 class=\"yoga-province-title\">Firenze<\/h3>\n                                            <div class=\"yoga-events-list\">\n                                                                                                                                                        <div class=\"yoga-event-item\">\n                                                        <span class=\"event-day\">03 Luglio<\/span>\n                                                        <a href=\"https:\/\/eventiyoga.it\/eventi-yoga\/kaulika_le_pratiche_ataviche_dello_yoga-7180\" class=\"yoga-event-link \">Kaulika: le pratiche Ataviche dello Yoga<\/a>\n                                                    <\/div>\n                                                                                                                                                        <div class=\"yoga-event-item\">\n                                                        <span class=\"event-day\">17 Luglio<\/span>\n                                                        <a href=\"https:\/\/eventiyoga.it\/eventi-yoga\/chakra_sadhana_ritiro_di_yoga_e_meditazione-7322\" class=\"yoga-event-link \">Chakra Sadhana | Ritiro di Yoga e Meditazione<\/a>\n                                                    <\/div>\n                                                                                                                                                        <div class=\"yoga-event-item\">\n                                                        <span class=\"event-day\">25 Luglio<\/span>\n                                                        <a href=\"https:\/\/eventiyoga.it\/eventi-yoga\/wine_yoga_nel_chianti-7221\" class=\"yoga-event-link \">Wine &amp; Yoga nel Chianti<\/a>\n                                                    <\/div>\n                                                                                            <\/div>\n                                        <\/div>\n                                                                                                                                                <div class=\"yoga-province\">\n                                            <h3 class=\"yoga-province-title\">Grosseto<\/h3>\n                                            <div class=\"yoga-events-list\">\n                                                                                                                                                        <div class=\"yoga-event-item\">\n                                                        <span class=\"event-day\">04 Luglio<\/span>\n                                                        <a href=\"https:\/\/eventiyoga.it\/eventi-yoga\/vacanza_yoga_e_horsemanship_castell_azzara-6575\" class=\"yoga-event-link \">Vacanza Yoga e Horsemanship Castell&#039;Azzara<\/a>\n                                                    <\/div>\n                                                                                                                                                        <div class=\"yoga-event-item\">\n                                                        <span class=\"event-day\">04 Luglio<\/span>\n                                                        <a href=\"https:\/\/eventiyoga.it\/eventi-yoga\/al_ritmo_del_mare_vacanza_yoga_e_rinascita_in_toscana-7131\" class=\"yoga-event-link promoted\">Al Ritmo del Mare: Vacanza Yoga e Rinascita in Toscana<\/a>\n                                                    <\/div>\n                                                                                                                                                        <div class=\"yoga-event-item\">\n                                                        <span class=\"event-day\">10 Luglio<\/span>\n                                                        <a href=\"https:\/\/eventiyoga.it\/eventi-yoga\/mi_ritiro_yoga_natura-6893\" class=\"yoga-event-link \">MI RITIRO YOGA &amp; NATURA<\/a>\n                                                    <\/div>\n                                                                                                                                                        <div class=\"yoga-event-item\">\n                                                        <span class=\"event-day\">11 Luglio<\/span>\n                                                        <a href=\"https:\/\/eventiyoga.it\/eventi-yoga\/vacanza_yoga_al_sapore_di_mare_vivi_la_magia_della_toscana-7132\" class=\"yoga-event-link promoted\">Vacanza Yoga al Sapore di Mare: Vivi La Magia della Toscana<\/a>\n                                                    <\/div>\n                                                                                                                                                        <div class=\"yoga-event-item\">\n                                                        <span class=\"event-day\">18 Luglio<\/span>\n                                                        <a href=\"https:\/\/eventiyoga.it\/eventi-yoga\/esplora_l_armonia_vacanza_yoga_tra_le_meraviglie_della_toscana-7134\" class=\"yoga-event-link \">Esplora l\u2019Armonia: Vacanza Yoga tra le Meraviglie della Toscana<\/a>\n                                                    <\/div>\n                                                                                                                                                        <div class=\"yoga-event-item\">\n                                                        <span class=\"event-day\">18 Luglio<\/span>\n                                                        <a href=\"https:\/\/eventiyoga.it\/eventi-yoga\/waves_of_well_being_yoga_coaching_in_tuscany-7193\" class=\"yoga-event-link \">WAVES OF WELL-BEING: YOGA &amp; COACHING IN TUSCANY<\/a>\n                                                    <\/div>\n                                                                                                                                                        <div class=\"yoga-event-item\">\n                                                        <span class=\"event-day\">18 Luglio<\/span>\n                                                        <a href=\"https:\/\/eventiyoga.it\/eventi-yoga\/riconnettersi_rinnovarsi_retreat_in_toscana-7182\" class=\"yoga-event-link \">RICONNETTERSI &amp; RINNOVARSI \u2013 Retreat in Toscana <\/a>\n                                                    <\/div>\n                                                                                                                                                        <div class=\"yoga-event-item\">\n                                                        <span class=\"event-day\">25 Luglio<\/span>\n                                                        <a href=\"https:\/\/eventiyoga.it\/eventi-yoga\/seminario_yoga_yim_in_toscana-7185\" class=\"yoga-event-link \">Seminario Yoga YIM in Toscana<\/a>\n                                                    <\/div>\n                                                                                                                                                        <div class=\"yoga-event-item\">\n                                                        <span class=\"event-day\">25 Luglio<\/span>\n                                                        <a href=\"https:\/\/eventiyoga.it\/eventi-yoga\/onde_di_benessere_in_toscana_la_tua_vacanza_yoga_nel_paradiso-7135\" class=\"yoga-event-link \">Onde di Benessere in Toscana: La Tua Vacanza Yoga nel Paradiso<\/a>\n                                                    <\/div>\n                                                                                            <\/div>\n                                        <\/div>\n                                                                                                                                                <div class=\"yoga-province\">\n                                            <h3 class=\"yoga-province-title\">Livorno<\/h3>\n                                            <div class=\"yoga-events-list\">\n                                                                                                                                                        <div class=\"yoga-event-item\">\n                                                        <span class=\"event-day\">03 Luglio<\/span>\n                                                        <a href=\"https:\/\/eventiyoga.it\/eventi-yoga\/ritiro_meditazione_dzogchen_dal_vedere_all_essere-7233\" class=\"yoga-event-link \">Ritiro meditazione Dzogchen | Dal Vedere all&#039;Essere<\/a>\n                                                    <\/div>\n                                                                                                                                                        <div class=\"yoga-event-item\">\n                                                        <span class=\"event-day\">04 Luglio<\/span>\n                                                        <a href=\"https:\/\/eventiyoga.it\/eventi-yoga\/yoga_in_barca_a_vela_in_corsica-5691\" class=\"yoga-event-link \">Yoga in Barca a Vela in Corsica<\/a>\n                                                    <\/div>\n                                                                                                                                                        <div class=\"yoga-event-item\">\n                                                        <span class=\"event-day\">26 Luglio<\/span>\n                                                        <a href=\"https:\/\/eventiyoga.it\/eventi-yoga\/yoga_in_barca_a_vela_nell_arcipelago_toscano-6798\" class=\"yoga-event-link \">Yoga in Barca a Vela nell&#039;Arcipelago Toscano<\/a>\n                                                    <\/div>\n                                                                                            <\/div>\n                                        <\/div>\n                                                                                                                                                <div class=\"yoga-province\">\n                                            <h3 class=\"yoga-province-title\">Pisa<\/h3>\n                                            <div class=\"yoga-events-list\">\n                                                                                                                                                        <div class=\"yoga-event-item\">\n                                                        <span class=\"event-day\">02 Luglio<\/span>\n                                                        <a href=\"https:\/\/eventiyoga.it\/eventi-yoga\/ritiro_di_yoga_estivo_a_castellina_marittima_ritiro_in_toscana-7036\" class=\"yoga-event-link \">Ritiro di yoga estivo a Castellina Marittima | Ritiro in Toscana<\/a>\n                                                    <\/div>\n                                                                                            <\/div>\n                                        <\/div>\n                                                                                                                        <\/div>\n                                                                                <div class=\"yoga-region \">\n                            <h2 class=\"yoga-region-title\">Trentino Alto Adige<\/h2>\n                                                                                                                                        <div class=\"yoga-province\">\n                                            <h3 class=\"yoga-province-title\">Trento<\/h3>\n                                            <div class=\"yoga-events-list\">\n                                                                                                                                                        <div class=\"yoga-event-item\">\n                                                        <span class=\"event-day\">03 Luglio<\/span>\n                                                        <a href=\"https:\/\/eventiyoga.it\/eventi-yoga\/alchimia_dei_sensi_ritiro_di_yoga_e_aromaterapia_nelle_dolomiti_del_brenta-6075\" class=\"yoga-event-link \">Alchimia dei Sensi. Ritiro di Yoga e Aromaterapia nelle Dolomiti del Brenta<\/a>\n                                                    <\/div>\n                                                                                                                                                        <div class=\"yoga-event-item\">\n                                                        <span class=\"event-day\">05 Luglio<\/span>\n                                                        <a href=\"https:\/\/eventiyoga.it\/eventi-yoga\/dolomiti_yoga_trekking_experience-6927\" class=\"yoga-event-link \">DOLOMITI YOGA&amp;TREKKING EXPERIENCE<\/a>\n                                                    <\/div>\n                                                                                                                                                        <div class=\"yoga-event-item\">\n                                                        <span class=\"event-day\">10 Luglio<\/span>\n                                                        <a href=\"https:\/\/eventiyoga.it\/eventi-yoga\/praticare_la_quiete-7194\" class=\"yoga-event-link \">PRATICARE LA QUIETE<\/a>\n                                                    <\/div>\n                                                                                                                                                        <div class=\"yoga-event-item\">\n                                                        <span class=\"event-day\">12 Luglio<\/span>\n                                                        <a href=\"https:\/\/eventiyoga.it\/eventi-yoga\/yoga_trekking_e_relax_sulle_dolomiti-6169\" class=\"yoga-event-link \">YOGA TREKKING E RELAX SULLE DOLOMITI<\/a>\n                                                    <\/div>\n                                                                                                                                                        <div class=\"yoga-event-item\">\n                                                        <span class=\"event-day\">12 Luglio<\/span>\n                                                        <a href=\"https:\/\/eventiyoga.it\/eventi-yoga\/yoga_cammini_sull_adamello_brenta_trentino_alto_adige-6915\" class=\"yoga-event-link \">Yoga &amp; Cammini sull&#039;Adamello Brenta | Trentino Alto Adige<\/a>\n                                                    <\/div>\n                                                                                                                                                        <div class=\"yoga-event-item\">\n                                                        <span class=\"event-day\">12 Luglio<\/span>\n                                                        <a href=\"https:\/\/eventiyoga.it\/eventi-yoga\/ritiro_yoga_e_meditazione_in_trentino_coltiva_la_serenit-6969\" class=\"yoga-event-link \">Ritiro Yoga e Meditazione in Trentino: Coltiva la serenit\u00e0<\/a>\n                                                    <\/div>\n                                                                                                                                                        <div class=\"yoga-event-item\">\n                                                        <span class=\"event-day\">17 Luglio<\/span>\n                                                        <a href=\"https:\/\/eventiyoga.it\/eventi-yoga\/yoga_in_alta_quota_summer_edition-7259\" class=\"yoga-event-link \">Yoga in Alta Quota - Summer Edition<\/a>\n                                                    <\/div>\n                                                                                                                                                        <div class=\"yoga-event-item\">\n                                                        <span class=\"event-day\">19 Luglio<\/span>\n                                                        <a href=\"https:\/\/eventiyoga.it\/eventi-yoga\/ritiro_yoga_e_meditazione_in_trentino_coltiva_la_serenit_in_val_di_sole-6970\" class=\"yoga-event-link \">Ritiro Yoga e Meditazione in Trentino: Coltiva la Serenit\u00e0 in Val di Sole<\/a>\n                                                    <\/div>\n                                                                                                                                                        <div class=\"yoga-event-item\">\n                                                        <span class=\"event-day\">26 Luglio<\/span>\n                                                        <a href=\"https:\/\/eventiyoga.it\/eventi-yoga\/ritiro_yoga_in_trentino_26_luglio_2_agosto_2026-6478\" class=\"yoga-event-link \">Ritiro yoga in Trentino 26 luglio - 2 agosto 2026<\/a>\n                                                    <\/div>\n                                                                                                                                                        <div class=\"yoga-event-item\">\n                                                        <span class=\"event-day\">26 Luglio<\/span>\n                                                        <a href=\"https:\/\/eventiyoga.it\/eventi-yoga\/ritiro_in_trentino_2026_costellazioni_familiari_e_natura-6971\" class=\"yoga-event-link \">Ritiro in Trentino 2026: Costellazioni Familiari e Natura<\/a>\n                                                    <\/div>\n                                                                                            <\/div>\n                                        <\/div>\n                                                                                                                        <\/div>\n                                                                                <div class=\"yoga-region \">\n                            <h2 class=\"yoga-region-title\">Umbria<\/h2>\n                                                                                                                                        <div class=\"yoga-province\">\n                                            <h3 class=\"yoga-province-title\">Perugia<\/h3>\n                                            <div class=\"yoga-events-list\">\n                                                                                                                                                        <div class=\"yoga-event-item\">\n                                                        <span class=\"event-day\">03 Luglio<\/span>\n                                                        <a href=\"https:\/\/eventiyoga.it\/eventi-yoga\/nathivia_connection_fest_festival_olistico_in_umbria-7277\" class=\"yoga-event-link promoted\">Nathivia Connection Fest | Festival Olistico in Umbria<\/a>\n                                                    <\/div>\n                                                                                                                                                        <div class=\"yoga-event-item\">\n                                                        <span class=\"event-day\">05 Luglio<\/span>\n                                                        <a href=\"https:\/\/eventiyoga.it\/eventi-yoga\/gubbio_assisi_la_verna_ritiri_yoga_natura_spiritualita_luglio-5790\" class=\"yoga-event-link \">GUBBIO ASSISI LA VERNA-RITIRI YOGA NATURA &amp; SPIRITUALITA\u2019 -LUGLIO<\/a>\n                                                    <\/div>\n                                                                                                                                                        <div class=\"yoga-event-item\">\n                                                        <span class=\"event-day\">10 Luglio<\/span>\n                                                        <a href=\"https:\/\/eventiyoga.it\/eventi-yoga\/benessere_in_umbria-7319\" class=\"yoga-event-link \">Benessere in Umbria<\/a>\n                                                    <\/div>\n                                                                                                                                                        <div class=\"yoga-event-item\">\n                                                        <span class=\"event-day\">13 Luglio<\/span>\n                                                        <a href=\"https:\/\/eventiyoga.it\/eventi-yoga\/yoga_nel_cuore_della_toscana_13_18_luglio_2026-7087\" class=\"yoga-event-link \">Yoga nel cuore della Toscana 13-18 luglio 2026<\/a>\n                                                    <\/div>\n                                                                                                                                                        <div class=\"yoga-event-item\">\n                                                        <span class=\"event-day\">19 Luglio<\/span>\n                                                        <a href=\"https:\/\/eventiyoga.it\/eventi-yoga\/gubbio_assisi_la_verna_ritiri_yoga_natura_spiritualita_luglio-5791\" class=\"yoga-event-link \">GUBBIO ASSISI LA VERNA-RITIRI YOGA NATURA SPIRITUALITA\u2019-LUGLIO<\/a>\n                                                    <\/div>\n                                                                                                                                                        <div class=\"yoga-event-item\">\n                                                        <span class=\"event-day\">26 Luglio<\/span>\n                                                        <a href=\"https:\/\/eventiyoga.it\/eventi-yoga\/gubbio_assisi_la_vernaritiri_yoga_natura_spiritualita_luglio_e_agosto-5792\" class=\"yoga-event-link \">GUBBIO ASSISI LA VERNARITIRI YOGA NATURA &amp; SPIRITUALITA\u2019-LUGLIO E AGOSTO<\/a>\n                                                    <\/div>\n                                                                                            <\/div>\n                                        <\/div>\n                                                                                                                        <\/div>\n                                                                                <div class=\"yoga-region yoga-region-estero\">\n                            <h2 class=\"yoga-region-title\">Estero<\/h2>\n                                                            <div class=\"yoga-events-list\">\n                                                                                                                                                                    <div class=\"yoga-event-item\">\n                                                <span class=\"event-day\">02 Luglio<\/span>\n                                                <a href=\"https:\/\/eventiyoga.it\/eventi-yoga\/vacanza_yoga_a_fuerteventura-7045\" class=\"yoga-event-link \">VACANZA YOGA A FUERTEVENTURA<\/a>\n                                            <\/div>\n                                                                                                                                <div class=\"yoga-event-item\">\n                                                <span class=\"event-day\">11 Luglio<\/span>\n                                                <a href=\"https:\/\/eventiyoga.it\/eventi-yoga\/vacanza_yoga_in_grecia_mare_natura_storia-7099\" class=\"yoga-event-link \">Vacanza Yoga in Grecia, mare, natura, Storia<\/a>\n                                            <\/div>\n                                                                                                                                <div class=\"yoga-event-item\">\n                                                <span class=\"event-day\">11 Luglio<\/span>\n                                                <a href=\"https:\/\/eventiyoga.it\/eventi-yoga\/yoga_e_barca_a_vela_retreat_dodecaneso-6088\" class=\"yoga-event-link \">Yoga e barca a vela Retreat \u2013 Dodecaneso<\/a>\n                                            <\/div>\n                                                                                                                                <div class=\"yoga-event-item\">\n                                                <span class=\"event-day\">17 Luglio<\/span>\n                                                <a href=\"https:\/\/eventiyoga.it\/eventi-yoga\/corso_yoga_a_karphatos-6020\" class=\"yoga-event-link \">Corso Yoga a Karphatos<\/a>\n                                            <\/div>\n                                                                                                                                <div class=\"yoga-event-item\">\n                                                <span class=\"event-day\">18 Luglio<\/span>\n                                                <a href=\"https:\/\/eventiyoga.it\/eventi-yoga\/estate_2026_percorsi_yoga_in_costa_azzurra-6348\" class=\"yoga-event-link \">Estate 2026: percorsi yoga in Costa Azzurra<\/a>\n                                            <\/div>\n                                                                                                                                <div class=\"yoga-event-item\">\n                                                <span class=\"event-day\">18 Luglio<\/span>\n                                                <a href=\"https:\/\/eventiyoga.it\/eventi-yoga\/bali_yoga_retreat-6371\" class=\"yoga-event-link \">BALI YOGA RETREAT<\/a>\n                                            <\/div>\n                                                                                                                                <div class=\"yoga-event-item\">\n                                                <span class=\"event-day\">19 Luglio<\/span>\n                                                <a href=\"https:\/\/eventiyoga.it\/eventi-yoga\/risveglia_il_tuo_spirito_ritiro_di_yoga_e_tantra-7295\" class=\"yoga-event-link \">Risveglia il tuo spirito: ritiro di Yoga e Tantra<\/a>\n                                            <\/div>\n                                                                                                                                <div class=\"yoga-event-item\">\n                                                <span class=\"event-day\">22 Luglio<\/span>\n                                                <a href=\"https:\/\/eventiyoga.it\/eventi-yoga\/vacanza_yoga_a_zante_in_grecia-6578\" class=\"yoga-event-link \">Vacanza Yoga a Zante in Grecia<\/a>\n                                            <\/div>\n                                                                                                                                <div class=\"yoga-event-item\">\n                                                <span class=\"event-day\">24 Luglio<\/span>\n                                                <a href=\"https:\/\/eventiyoga.it\/eventi-yoga\/viaggio_yoga_in_cappadocia-6600\" class=\"yoga-event-link \">Viaggio Yoga in Cappadocia<\/a>\n                                            <\/div>\n                                                                                                                                <div class=\"yoga-event-item\">\n                                                <span class=\"event-day\">25 Luglio<\/span>\n                                                <a href=\"https:\/\/eventiyoga.it\/eventi-yoga\/yoga_e_barca_a_vela_retrat_capraia_e_corsica-6089\" class=\"yoga-event-link \">Yoga e Barca a Vela Retrat \u2013 Capraia e Corsica<\/a>\n                                            <\/div>\n                                                                                                                                <div class=\"yoga-event-item\">\n                                                <span class=\"event-day\">25 Luglio<\/span>\n                                                <a href=\"https:\/\/eventiyoga.it\/eventi-yoga\/yoga_e_trekking_ritorno_alla_natura_isola_di_karpathos-6613\" class=\"yoga-event-link \">Yoga e Trekking: Ritorno alla Natura - isola di Karpathos<\/a>\n                                            <\/div>\n                                                                                                                                <div class=\"yoga-event-item\">\n                                                <span class=\"event-day\">26 Luglio<\/span>\n                                                <a href=\"https:\/\/eventiyoga.it\/eventi-yoga\/yoga_a_ibiza-6579\" class=\"yoga-event-link \">Yoga a Ibiza<\/a>\n                                            <\/div>\n                                                                                                                                <div class=\"yoga-event-item\">\n                                                <span class=\"event-day\">26 Luglio<\/span>\n                                                <a href=\"https:\/\/eventiyoga.it\/eventi-yoga\/intensivo_di_6_giorni_in_costa_azzurra-6349\" class=\"yoga-event-link \">Intensivo di 6 giorni in Costa Azzurra<\/a>\n                                            <\/div>\n                                                                                                                                <div class=\"yoga-event-item\">\n                                                <span class=\"event-day\">28 Luglio<\/span>\n                                                <a href=\"https:\/\/eventiyoga.it\/eventi-yoga\/ritiro_yoga_in_portogallo_dal_28_luglio_al_2_agosto_2026-6978\" class=\"yoga-event-link \">Ritiro Yoga in Portogallo dal 28 luglio al 2 agosto 2026<\/a>\n                                            <\/div>\n                                                                                                            <\/div>\n                                                    <\/div>\n                                                        <\/div>\n        \n\n\n\n<hr class=\"wp-block-separator has-text-color has-white-color has-css-opacity has-white-background-color has-background\"\/>\n\n\n\n<h2 class=\"wp-block-heading\" id=\"h-agosto\">Agosto<\/h2>\n\n\n\n<div style=\"height: 12px; background: linear-gradient(90deg, #667eea 0%, #764ba2 50%, #f093fb 100%); border-radius: 6px;\"><\/div>\n<p style=\"color: #555555; font-size: 23px; margin-top: 15px; font-style: italic;\">\ud83c\udf34 Ferragosto e ferie: i ritiri pi\u00f9 belli per staccare davvero la spina<\/p>\n\n\n        <div class=\"yoga-events-regions-container\">\n            <!-- Online Events Section -->\n            \n            <!-- Offline Events by Regions -->\n                                                                        <div class=\"yoga-region \">\n                            <h2 class=\"yoga-region-title\">Abruzzo<\/h2>\n                                                                                                                                        <div class=\"yoga-province\">\n                                            <h3 class=\"yoga-province-title\">Teramo<\/h3>\n                                            <div class=\"yoga-events-list\">\n                                                                                                                                                        <div class=\"yoga-event-item\">\n                                                        <span class=\"event-day\">15 Agosto<\/span>\n                                                        <a href=\"https:\/\/eventiyoga.it\/eventi-yoga\/vacanza_yoga_dal_15_al_21_agosto_in_abruzzo-7258\" class=\"yoga-event-link \">VACANZA YOGA DAL 15 AL 21 AGOSTO IN ABRUZZO<\/a>\n                                                    <\/div>\n                                                                                            <\/div>\n                                        <\/div>\n                                                                                                                        <\/div>\n                                                                                <div class=\"yoga-region \">\n                            <h2 class=\"yoga-region-title\">Campania<\/h2>\n                                                                                                                                        <div class=\"yoga-province\">\n                                            <h3 class=\"yoga-province-title\">Napoli<\/h3>\n                                            <div class=\"yoga-events-list\">\n                                                                                                                                                        <div class=\"yoga-event-item\">\n                                                        <span class=\"event-day\">28 Agosto<\/span>\n                                                        <a href=\"https:\/\/eventiyoga.it\/eventi-yoga\/ritiro_yoga_e_meditazione_ischia_nitrodi-7097\" class=\"yoga-event-link \">Ritiro Yoga e Meditazione Ischia Nitrodi <\/a>\n                                                    <\/div>\n                                                                                            <\/div>\n                                        <\/div>\n                                                                                                                                                <div class=\"yoga-province\">\n                                            <h3 class=\"yoga-province-title\">Salerno<\/h3>\n                                            <div class=\"yoga-events-list\">\n                                                                                                                                                        <div class=\"yoga-event-item\">\n                                                        <span class=\"event-day\">01 Agosto<\/span>\n                                                        <a href=\"https:\/\/eventiyoga.it\/eventi-yoga\/yoga_in_cilento-7039\" class=\"yoga-event-link \">Yoga in Cilento<\/a>\n                                                    <\/div>\n                                                                                            <\/div>\n                                        <\/div>\n                                                                                                                        <\/div>\n                                                                                <div class=\"yoga-region \">\n                            <h2 class=\"yoga-region-title\">Emilia Romagna<\/h2>\n                                                                                                                                        <div class=\"yoga-province\">\n                                            <h3 class=\"yoga-province-title\">Bologna<\/h3>\n                                            <div class=\"yoga-events-list\">\n                                                                                                                                                        <div class=\"yoga-event-item\">\n                                                        <span class=\"event-day\">09 Agosto<\/span>\n                                                        <a href=\"https:\/\/eventiyoga.it\/eventi-yoga\/international_yoga_retreat_for_single_mothers_in_italy-7290\" class=\"yoga-event-link promoted\">International Yoga Retreat for Single Mothers in Italy <\/a>\n                                                    <\/div>\n                                                                                            <\/div>\n                                        <\/div>\n                                                                                                                                                <div class=\"yoga-province\">\n                                            <h3 class=\"yoga-province-title\">Parma<\/h3>\n                                            <div class=\"yoga-events-list\">\n                                                                                                                                                        <div class=\"yoga-event-item\">\n                                                        <span class=\"event-day\">09 Agosto<\/span>\n                                                        <a href=\"https:\/\/eventiyoga.it\/eventi-yoga\/il_sorriso_di_buddha_ritiro_d_estate-6053\" class=\"yoga-event-link \">IL SORRISO DI BUDDHA \u2013 RITIRO D\u2019ESTATE<\/a>\n                                                    <\/div>\n                                                                                            <\/div>\n                                        <\/div>\n                                                                                                                                                <div class=\"yoga-province\">\n                                            <h3 class=\"yoga-province-title\">Reggio Emilia<\/h3>\n                                            <div class=\"yoga-events-list\">\n                                                                                                                                                        <div class=\"yoga-event-item\">\n                                                        <span class=\"event-day\">10 Agosto<\/span>\n                                                        <a href=\"https:\/\/eventiyoga.it\/eventi-yoga\/tuffi_nella_luce_2026_ritiro_yoga_di_ferragosto_in_emilia_romagna-6799\" class=\"yoga-event-link promoted\">Tuffi nella Luce 2026 | Ritiro Yoga di Ferragosto in Emilia Romagna<\/a>\n                                                    <\/div>\n                                                                                            <\/div>\n                                        <\/div>\n                                                                                                                        <\/div>\n                                                                                <div class=\"yoga-region \">\n                            <h2 class=\"yoga-region-title\">Lazio<\/h2>\n                                                                                                                                        <div class=\"yoga-province\">\n                                            <h3 class=\"yoga-province-title\">Frosinone<\/h3>\n                                            <div class=\"yoga-events-list\">\n                                                                                                                                                        <div class=\"yoga-event-item\">\n                                                        <span class=\"event-day\">05 Agosto<\/span>\n                                                        <a href=\"https:\/\/eventiyoga.it\/eventi-yoga\/yoga_cavalli_e_natura_ritiro_a_pescosolido_parco_nazionale_d_abruzzo-6679\" class=\"yoga-event-link \">Yoga, Cavalli e Natura: Ritiro a Pescosolido, Parco Nazionale d\u2019Abruzzo<\/a>\n                                                    <\/div>\n                                                                                                                                                        <div class=\"yoga-event-item\">\n                                                        <span class=\"event-day\">06 Agosto<\/span>\n                                                        <a href=\"https:\/\/eventiyoga.it\/eventi-yoga\/yoga_e_passeggiata_meditativa_nel_parco_nazionale_d_abruzzo_versante_laziale-6422\" class=\"yoga-event-link \">Yoga e Passeggiata Meditativa nel parco nazionale d\u2019Abruzzo, versante Laziale<\/a>\n                                                    <\/div>\n                                                                                                                                                        <div class=\"yoga-event-item\">\n                                                        <span class=\"event-day\">06 Agosto<\/span>\n                                                        <a href=\"https:\/\/eventiyoga.it\/eventi-yoga\/ritiro_yoga_nella_natura_d_abruzzo-6457\" class=\"yoga-event-link \">Ritiro Yoga nella Natura d\u2019Abruzzo<\/a>\n                                                    <\/div>\n                                                                                                                                                        <div class=\"yoga-event-item\">\n                                                        <span class=\"event-day\">12 Agosto<\/span>\n                                                        <a href=\"https:\/\/eventiyoga.it\/eventi-yoga\/yoga_cavalli_e_natura_ritiro_a_pescosolido_parco_nazionale_d_abruzzo-6680\" class=\"yoga-event-link \">Yoga, Cavalli e Natura: Ritiro a Pescosolido, Parco Nazionale d\u2019Abruzzo<\/a>\n                                                    <\/div>\n                                                                                                                                                        <div class=\"yoga-event-item\">\n                                                        <span class=\"event-day\">13 Agosto<\/span>\n                                                        <a href=\"https:\/\/eventiyoga.it\/eventi-yoga\/ritiro_yoga_nella_natura_d_abruzzo-6458\" class=\"yoga-event-link \">Ritiro Yoga nella Natura d\u2019Abruzzo<\/a>\n                                                    <\/div>\n                                                                                                                                                        <div class=\"yoga-event-item\">\n                                                        <span class=\"event-day\">13 Agosto<\/span>\n                                                        <a href=\"https:\/\/eventiyoga.it\/eventi-yoga\/yoga_e_passeggiata_meditativa_nel_parco_nazionale_d_abruzzo_versante_laziale-6423\" class=\"yoga-event-link \">Yoga e Passeggiata Meditativa nel parco nazionale d\u2019Abruzzo, versante Laziale<\/a>\n                                                    <\/div>\n                                                                                                                                                        <div class=\"yoga-event-item\">\n                                                        <span class=\"event-day\">19 Agosto<\/span>\n                                                        <a href=\"https:\/\/eventiyoga.it\/eventi-yoga\/yoga_cavalli_e_natura_ritiro_a_pescosolido_parco_nazionale_d_abruzzo-6681\" class=\"yoga-event-link \">Yoga, Cavalli e Natura: Ritiro a Pescosolido, Parco Nazionale d\u2019Abruzzo<\/a>\n                                                    <\/div>\n                                                                                                                                                        <div class=\"yoga-event-item\">\n                                                        <span class=\"event-day\">20 Agosto<\/span>\n                                                        <a href=\"https:\/\/eventiyoga.it\/eventi-yoga\/ritiro_yoga_nella_natura_d_abruzzo-6459\" class=\"yoga-event-link \">Ritiro Yoga nella Natura d\u2019Abruzzo<\/a>\n                                                    <\/div>\n                                                                                                                                                        <div class=\"yoga-event-item\">\n                                                        <span class=\"event-day\">20 Agosto<\/span>\n                                                        <a href=\"https:\/\/eventiyoga.it\/eventi-yoga\/yoga_e_passeggiata_meditativa_nel_parco_nazionale_d_abruzzo_versante_laziale-6424\" class=\"yoga-event-link \">Yoga e Passeggiata Meditativa nel parco nazionale d\u2019Abruzzo, versante Laziale<\/a>\n                                                    <\/div>\n                                                                                                                                                        <div class=\"yoga-event-item\">\n                                                        <span class=\"event-day\">26 Agosto<\/span>\n                                                        <a href=\"https:\/\/eventiyoga.it\/eventi-yoga\/yoga_cavalli_e_natura_ritiro_a_pescosolido_parco_nazionale_d_abruzzo-6682\" class=\"yoga-event-link \">Yoga, Cavalli e Natura: Ritiro a Pescosolido, Parco Nazionale d\u2019Abruzzo<\/a>\n                                                    <\/div>\n                                                                                                                                                        <div class=\"yoga-event-item\">\n                                                        <span class=\"event-day\">27 Agosto<\/span>\n                                                        <a href=\"https:\/\/eventiyoga.it\/eventi-yoga\/yoga_e_passeggiata_meditativa_nel_parco_nazionale_d_abruzzo_versante_laziale-6425\" class=\"yoga-event-link \">Yoga e Passeggiata Meditativa nel parco nazionale d\u2019Abruzzo, versante Laziale<\/a>\n                                                    <\/div>\n                                                                                                                                                        <div class=\"yoga-event-item\">\n                                                        <span class=\"event-day\">27 Agosto<\/span>\n                                                        <a href=\"https:\/\/eventiyoga.it\/eventi-yoga\/ritiro_yoga_nella_natura_d_abruzzo-6460\" class=\"yoga-event-link \">Ritiro Yoga nella Natura d\u2019Abruzzo<\/a>\n                                                    <\/div>\n                                                                                            <\/div>\n                                        <\/div>\n                                                                                                                                                <div class=\"yoga-province\">\n                                            <h3 class=\"yoga-province-title\">Latina<\/h3>\n                                            <div class=\"yoga-events-list\">\n                                                                                                                                                        <div class=\"yoga-event-item\">\n                                                        <span class=\"event-day\">02 Agosto<\/span>\n                                                        <a href=\"https:\/\/eventiyoga.it\/eventi-yoga\/isoloa_di_ventotene_the_islands_of_yoga_2026-5846\" class=\"yoga-event-link \">Isoloa di Ventotene \u2013 The Islands of Yoga 2026<\/a>\n                                                    <\/div>\n                                                                                            <\/div>\n                                        <\/div>\n                                                                                                                                                <div class=\"yoga-province\">\n                                            <h3 class=\"yoga-province-title\">Viterbo<\/h3>\n                                            <div class=\"yoga-events-list\">\n                                                                                                                                                        <div class=\"yoga-event-item\">\n                                                        <span class=\"event-day\">08 Agosto<\/span>\n                                                        <a href=\"https:\/\/eventiyoga.it\/eventi-yoga\/leadership_armonia_e_padronanza_emotiva-6894\" class=\"yoga-event-link \">Leadership, Armonia e Padronanza Emotiva<\/a>\n                                                    <\/div>\n                                                                                            <\/div>\n                                        <\/div>\n                                                                                                                        <\/div>\n                                                                                <div class=\"yoga-region \">\n                            <h2 class=\"yoga-region-title\">Liguria<\/h2>\n                                                                                                                                        <div class=\"yoga-province\">\n                                            <h3 class=\"yoga-province-title\">Savona<\/h3>\n                                            <div class=\"yoga-events-list\">\n                                                                                                                                                        <div class=\"yoga-event-item\">\n                                                        <span class=\"event-day\">02 Agosto<\/span>\n                                                        <a href=\"https:\/\/eventiyoga.it\/eventi-yoga\/seminario_di_iyengar_yoga_a_isasco-6759\" class=\"yoga-event-link \">SEMINARIO DI IYENGAR YOGA\u00ae A ISASCO<\/a>\n                                                    <\/div>\n                                                                                                                                                        <div class=\"yoga-event-item\">\n                                                        <span class=\"event-day\">12 Agosto<\/span>\n                                                        <a href=\"https:\/\/eventiyoga.it\/eventi-yoga\/seminario_di_iyengar_yoga_a_isasco-6761\" class=\"yoga-event-link \">SEMINARIO DI IYENGAR YOGA\u00ae A ISASCO<\/a>\n                                                    <\/div>\n                                                                                            <\/div>\n                                        <\/div>\n                                                                                                                        <\/div>\n                                                                                <div class=\"yoga-region \">\n                            <h2 class=\"yoga-region-title\">Lombardia<\/h2>\n                                                                                                                                        <div class=\"yoga-province\">\n                                            <h3 class=\"yoga-province-title\">Bergamo<\/h3>\n                                            <div class=\"yoga-events-list\">\n                                                                                                                                                        <div class=\"yoga-event-item\">\n                                                        <span class=\"event-day\">27 Agosto<\/span>\n                                                        <a href=\"https:\/\/eventiyoga.it\/eventi-yoga\/ritiro_di_yoga_al_femminile-6914\" class=\"yoga-event-link \">Ritiro di Yoga al Femminile<\/a>\n                                                    <\/div>\n                                                                                            <\/div>\n                                        <\/div>\n                                                                                                                                                <div class=\"yoga-province\">\n                                            <h3 class=\"yoga-province-title\">Brescia<\/h3>\n                                            <div class=\"yoga-events-list\">\n                                                                                                                                                        <div class=\"yoga-event-item\">\n                                                        <span class=\"event-day\">28 Agosto<\/span>\n                                                        <a href=\"https:\/\/eventiyoga.it\/eventi-yoga\/yoga_e_barca_a_vela_retreat_lago_di_garda-6085\" class=\"yoga-event-link \">Yoga e barca a vela Retreat \u2013 Lago di Garda<\/a>\n                                                    <\/div>\n                                                                                            <\/div>\n                                        <\/div>\n                                                                                                                        <\/div>\n                                                                                <div class=\"yoga-region \">\n                            <h2 class=\"yoga-region-title\">Marche<\/h2>\n                                                                                                                                        <div class=\"yoga-province\">\n                                            <h3 class=\"yoga-province-title\">Macerata<\/h3>\n                                            <div class=\"yoga-events-list\">\n                                                                                                                                                        <div class=\"yoga-event-item\">\n                                                        <span class=\"event-day\">07 Agosto<\/span>\n                                                        <a href=\"https:\/\/eventiyoga.it\/eventi-yoga\/vacanza_yoga_al_mare_schiena_viva_360_vacanza_mare_civitanova-6994\" class=\"yoga-event-link promoted\">Vacanza Yoga al Mare \u2013 Schiena Viva 360\u00b0 | Vacanza Mare Civitanova<\/a>\n                                                    <\/div>\n                                                                                                                                                        <div class=\"yoga-event-item\">\n                                                        <span class=\"event-day\">07 Agosto<\/span>\n                                                        <a href=\"https:\/\/eventiyoga.it\/eventi-yoga\/intensivo_di_pratica_replica_2_libert_nelle_estensioni_all_indietro-6789\" class=\"yoga-event-link \">Intensivo di pratica-replica 2-:Libert\u00e0 nelle estensioni all\u2019indietro<\/a>\n                                                    <\/div>\n                                                                                                                                                        <div class=\"yoga-event-item\">\n                                                        <span class=\"event-day\">27 Agosto<\/span>\n                                                        <a href=\"https:\/\/eventiyoga.it\/eventi-yoga\/wine_and_shine-7293\" class=\"yoga-event-link \">WINE AND SHINE <\/a>\n                                                    <\/div>\n                                                                                            <\/div>\n                                        <\/div>\n                                                                                                                        <\/div>\n                                                                                <div class=\"yoga-region \">\n                            <h2 class=\"yoga-region-title\">Piemonte<\/h2>\n                                                                                                                                        <div class=\"yoga-province\">\n                                            <h3 class=\"yoga-province-title\">Torino<\/h3>\n                                            <div class=\"yoga-events-list\">\n                                                                                                                                                        <div class=\"yoga-event-item\">\n                                                        <span class=\"event-day\">03 Agosto<\/span>\n                                                        <a href=\"https:\/\/eventiyoga.it\/eventi-yoga\/moon_vibes_only_vacanze_in_montagna_per_tutti_i_gusti-7309\" class=\"yoga-event-link \">Moon Vibes Only, vacanze in montagna per tutti i gusti<\/a>\n                                                    <\/div>\n                                                                                            <\/div>\n                                        <\/div>\n                                                                                                                                                <div class=\"yoga-province\">\n                                            <h3 class=\"yoga-province-title\">Verbano-Cusio-Ossola<\/h3>\n                                            <div class=\"yoga-events-list\">\n                                                                                                                                                        <div class=\"yoga-event-item\">\n                                                        <span class=\"event-day\">19 Agosto<\/span>\n                                                        <a href=\"https:\/\/eventiyoga.it\/eventi-yoga\/ritiro_yoga_trekking_in_piemonte_la_via_del_benessere-6797\" class=\"yoga-event-link promoted\">Ritiro Yoga &amp; Trekking in Piemonte | La Via del Benessere<\/a>\n                                                    <\/div>\n                                                                                            <\/div>\n                                        <\/div>\n                                                                                                                        <\/div>\n                                                                                <div class=\"yoga-region \">\n                            <h2 class=\"yoga-region-title\">Puglia<\/h2>\n                                                                                                                                        <div class=\"yoga-province\">\n                                            <h3 class=\"yoga-province-title\">Lecce<\/h3>\n                                            <div class=\"yoga-events-list\">\n                                                                                                                                                        <div class=\"yoga-event-item\">\n                                                        <span class=\"event-day\">01 Agosto<\/span>\n                                                        <a href=\"https:\/\/eventiyoga.it\/eventi-yoga\/lo_spazio_di_guarigione_ritiro_ashtanga_yoga_in_puglia_nel_salento-6639\" class=\"yoga-event-link \">Lo Spazio di Guarigione | Ritiro Ashtanga Yoga in Puglia nel Salento<\/a>\n                                                    <\/div>\n                                                                                                                                                        <div class=\"yoga-event-item\">\n                                                        <span class=\"event-day\">01 Agosto<\/span>\n                                                        <a href=\"https:\/\/eventiyoga.it\/eventi-yoga\/50_hr_rocket_training-6641\" class=\"yoga-event-link \">50 HR Rocket Training<\/a>\n                                                    <\/div>\n                                                                                                                                                        <div class=\"yoga-event-item\">\n                                                        <span class=\"event-day\">08 Agosto<\/span>\n                                                        <a href=\"https:\/\/eventiyoga.it\/eventi-yoga\/ritiro_di_ashtanga_yoga-6702\" class=\"yoga-event-link \">Ritiro di Ashtanga Yoga<\/a>\n                                                    <\/div>\n                                                                                                                                                        <div class=\"yoga-event-item\">\n                                                        <span class=\"event-day\">08 Agosto<\/span>\n                                                        <a href=\"https:\/\/eventiyoga.it\/eventi-yoga\/black_lotus_ritiro_i_settimana-6707\" class=\"yoga-event-link \">BLACK LOTUS RITIRO - I settimana<\/a>\n                                                    <\/div>\n                                                                                                                                                        <div class=\"yoga-event-item\">\n                                                        <span class=\"event-day\">15 Agosto<\/span>\n                                                        <a href=\"https:\/\/eventiyoga.it\/eventi-yoga\/black_lotus_ritiro_ii_settimana-6708\" class=\"yoga-event-link \">BLACK LOTUS RITIRO - II settimana<\/a>\n                                                    <\/div>\n                                                                                                                                                        <div class=\"yoga-event-item\">\n                                                        <span class=\"event-day\">15 Agosto<\/span>\n                                                        <a href=\"https:\/\/eventiyoga.it\/eventi-yoga\/attivazione_dell_anima_sacra-6709\" class=\"yoga-event-link \">ATTIVAZIONE DELL\u2019ANIMA SACRA<\/a>\n                                                    <\/div>\n                                                                                                                                                        <div class=\"yoga-event-item\">\n                                                        <span class=\"event-day\">22 Agosto<\/span>\n                                                        <a href=\"https:\/\/eventiyoga.it\/eventi-yoga\/il_respiro_del_corpo_universale-6713\" class=\"yoga-event-link \">IL RESPIRO DEL CORPO UNIVERSALE<\/a>\n                                                    <\/div>\n                                                                                                                                                        <div class=\"yoga-event-item\">\n                                                        <span class=\"event-day\">22 Agosto<\/span>\n                                                        <a href=\"https:\/\/eventiyoga.it\/eventi-yoga\/ashtanga_yoga_retreat_in_salento_il_respiro_come_ponte_tra_cielo_e_terra-6746\" class=\"yoga-event-link \">ASHTANGA YOGA RETREAT IN SALENTO  Il Respiro come Ponte tra Cielo e Terra<\/a>\n                                                    <\/div>\n                                                                                                                                                        <div class=\"yoga-event-item\">\n                                                        <span class=\"event-day\">22 Agosto<\/span>\n                                                        <a href=\"https:\/\/eventiyoga.it\/eventi-yoga\/il_respiro_come_ponte_tra_cielo_e_terra-6712\" class=\"yoga-event-link \">IL RESPIRO COME PONTE TRA CIELO E TERRA<\/a>\n                                                    <\/div>\n                                                                                                                                                        <div class=\"yoga-event-item\">\n                                                        <span class=\"event-day\">29 Agosto<\/span>\n                                                        <a href=\"https:\/\/eventiyoga.it\/eventi-yoga\/ashtanga_yoga_per_tutti-6715\" class=\"yoga-event-link \">Ashtanga Yoga Per Tutti<\/a>\n                                                    <\/div>\n                                                                                                                                                        <div class=\"yoga-event-item\">\n                                                        <span class=\"event-day\">29 Agosto<\/span>\n                                                        <a href=\"https:\/\/eventiyoga.it\/eventi-yoga\/silenzio_spazioso-6714\" class=\"yoga-event-link \">SILENZIO SPAZIOSO<\/a>\n                                                    <\/div>\n                                                                                            <\/div>\n                                        <\/div>\n                                                                                                                                                <div class=\"yoga-province\">\n                                            <h3 class=\"yoga-province-title\">Taranto<\/h3>\n                                            <div class=\"yoga-events-list\">\n                                                                                                                                                        <div class=\"yoga-event-item\">\n                                                        <span class=\"event-day\">01 Agosto<\/span>\n                                                        <a href=\"https:\/\/eventiyoga.it\/eventi-yoga\/vacanza_yoga_in_salento-7227\" class=\"yoga-event-link \">Vacanza Yoga in Salento <\/a>\n                                                    <\/div>\n                                                                                                                                                        <div class=\"yoga-event-item\">\n                                                        <span class=\"event-day\">03 Agosto<\/span>\n                                                        <a href=\"https:\/\/eventiyoga.it\/eventi-yoga\/puglia_yoga_masseria_e_l_incanto_dei_borghi-7268\" class=\"yoga-event-link \">Puglia: Yoga, Masseria e l\u2019Incanto dei Borghi<\/a>\n                                                    <\/div>\n                                                                                            <\/div>\n                                        <\/div>\n                                                                                                                        <\/div>\n                                                                                <div class=\"yoga-region \">\n                            <h2 class=\"yoga-region-title\">Sardegna<\/h2>\n                                                                                                                                        <div class=\"yoga-province\">\n                                            <h3 class=\"yoga-province-title\">Cagliari<\/h3>\n                                            <div class=\"yoga-events-list\">\n                                                                                                                                                        <div class=\"yoga-event-item\">\n                                                        <span class=\"event-day\">22 Agosto<\/span>\n                                                        <a href=\"https:\/\/eventiyoga.it\/eventi-yoga\/vacanza_yoga_e_mare_in_sardegna-7094\" class=\"yoga-event-link \">Vacanza Yoga e Mare in Sardegna<\/a>\n                                                    <\/div>\n                                                                                            <\/div>\n                                        <\/div>\n                                                                                                                                                <div class=\"yoga-province\">\n                                            <h3 class=\"yoga-province-title\">Nuoro<\/h3>\n                                            <div class=\"yoga-events-list\">\n                                                                                                                                                        <div class=\"yoga-event-item\">\n                                                        <span class=\"event-day\">19 Agosto<\/span>\n                                                        <a href=\"https:\/\/eventiyoga.it\/eventi-yoga\/ritiro_yoga_e_benessere_nella_costiera_dell_ogliastra-6297\" class=\"yoga-event-link \">Ritiro Yoga e Benessere nella costiera dell\u2019Ogliastra<\/a>\n                                                    <\/div>\n                                                                                            <\/div>\n                                        <\/div>\n                                                                                                                                                <div class=\"yoga-province\">\n                                            <h3 class=\"yoga-province-title\">Oristano<\/h3>\n                                            <div class=\"yoga-events-list\">\n                                                                                                                                                        <div class=\"yoga-event-item\">\n                                                        <span class=\"event-day\">01 Agosto<\/span>\n                                                        <a href=\"https:\/\/eventiyoga.it\/eventi-yoga\/espansione_del_cuore_nella_natura_ancestrale_in_sardegna-6241\" class=\"yoga-event-link \">Espansione del Cuore nella Natura Ancestrale in Sardegna<\/a>\n                                                    <\/div>\n                                                                                                                                                        <div class=\"yoga-event-item\">\n                                                        <span class=\"event-day\">08 Agosto<\/span>\n                                                        <a href=\"https:\/\/eventiyoga.it\/eventi-yoga\/espansione_del_cuore_nella_natura_ancestrale_in_sardegna-6254\" class=\"yoga-event-link \">Espansione del Cuore nella Natura Ancestrale in Sardegna<\/a>\n                                                    <\/div>\n                                                                                                                                                        <div class=\"yoga-event-item\">\n                                                        <span class=\"event-day\">15 Agosto<\/span>\n                                                        <a href=\"https:\/\/eventiyoga.it\/eventi-yoga\/eleva_le_tue_emozioni_nella_natura_ancestrale_della_sardegna-6242\" class=\"yoga-event-link \">Eleva le tue emozioni nella natura ancestrale della Sardegna<\/a>\n                                                    <\/div>\n                                                                                                                                                        <div class=\"yoga-event-item\">\n                                                        <span class=\"event-day\">22 Agosto<\/span>\n                                                        <a href=\"https:\/\/eventiyoga.it\/eventi-yoga\/manifesta_il_tuo_sogno_yoga_nella_costa_ovest_della_sardegna-6243\" class=\"yoga-event-link \">Manifesta il tuo Sogno! Yoga nella costa ovest della Sardegna<\/a>\n                                                    <\/div>\n                                                                                                                                                        <div class=\"yoga-event-item\">\n                                                        <span class=\"event-day\">29 Agosto<\/span>\n                                                        <a href=\"https:\/\/eventiyoga.it\/eventi-yoga\/eleva_le_tue_emozioni_nella_natura_ancestrale_della_sardegna-6244\" class=\"yoga-event-link \">Eleva le tue emozioni nella natura ancestrale della Sardegna<\/a>\n                                                    <\/div>\n                                                                                            <\/div>\n                                        <\/div>\n                                                                                                                        <\/div>\n                                                                                <div class=\"yoga-region \">\n                            <h2 class=\"yoga-region-title\">Sicilia<\/h2>\n                                                                                                                                        <div class=\"yoga-province\">\n                                            <h3 class=\"yoga-province-title\">Trapani<\/h3>\n                                            <div class=\"yoga-events-list\">\n                                                                                                                                                        <div class=\"yoga-event-item\">\n                                                        <span class=\"event-day\">01 Agosto<\/span>\n                                                        <a href=\"https:\/\/eventiyoga.it\/eventi-yoga\/summer_retreat_in_sicily_yoga_e_shiatsu_ritiro_yoga_sicilia-7175\" class=\"yoga-event-link promoted\">Summer Retreat in Sicily: Yoga e Shiatsu | Ritiro Yoga Sicilia<\/a>\n                                                    <\/div>\n                                                                                                                                                        <div class=\"yoga-event-item\">\n                                                        <span class=\"event-day\">03 Agosto<\/span>\n                                                        <a href=\"https:\/\/eventiyoga.it\/eventi-yoga\/ritorna_al_tuo_centro_ritiro_yoga_a_favignana_sicilia-6960\" class=\"yoga-event-link \">Ritorna al tuo centro | Ritiro Yoga a Favignana, Sicilia<\/a>\n                                                    <\/div>\n                                                                                                                                                        <div class=\"yoga-event-item\">\n                                                        <span class=\"event-day\">14 Agosto<\/span>\n                                                        <a href=\"https:\/\/eventiyoga.it\/eventi-yoga\/semplicit_ritiro_yoga_in_sicilia_mudra_e_mantra-6961\" class=\"yoga-event-link \">Semplicit\u00e0 | Ritiro Yoga in Sicilia | Mudra e Mantra<\/a>\n                                                    <\/div>\n                                                                                            <\/div>\n                                        <\/div>\n                                                                                                                        <\/div>\n                                                                                <div class=\"yoga-region \">\n                            <h2 class=\"yoga-region-title\">Toscana<\/h2>\n                                                                                                                                        <div class=\"yoga-province\">\n                                            <h3 class=\"yoga-province-title\">Firenze<\/h3>\n                                            <div class=\"yoga-events-list\">\n                                                                                                                                                        <div class=\"yoga-event-item\">\n                                                        <span class=\"event-day\">07 Agosto<\/span>\n                                                        <a href=\"https:\/\/eventiyoga.it\/eventi-yoga\/corso_intensivo_di_primo_livello_per_insegnanti_di_yoga-6917\" class=\"yoga-event-link \">Corso Intensivo di Primo Livello per Insegnanti di Yoga <\/a>\n                                                    <\/div>\n                                                                                            <\/div>\n                                        <\/div>\n                                                                                                                                                <div class=\"yoga-province\">\n                                            <h3 class=\"yoga-province-title\">Grosseto<\/h3>\n                                            <div class=\"yoga-events-list\">\n                                                                                                                                                        <div class=\"yoga-event-item\">\n                                                        <span class=\"event-day\">01 Agosto<\/span>\n                                                        <a href=\"https:\/\/eventiyoga.it\/eventi-yoga\/scopri_il_vero_paradiso_la_tua_vacanza_tra_yoga_e_natura_in_toscana-7139\" class=\"yoga-event-link promoted\">Scopri il vero Paradiso: La tua vacanza tra Yoga e Natura in Toscana<\/a>\n                                                    <\/div>\n                                                                                                                                                        <div class=\"yoga-event-item\">\n                                                        <span class=\"event-day\">04 Agosto<\/span>\n                                                        <a href=\"https:\/\/eventiyoga.it\/eventi-yoga\/ritiro_yoga_e_tantra_in_toscana_il_canto_di_kabir-6697\" class=\"yoga-event-link promoted\">Ritiro Yoga e Tantra in Toscana | Il Canto di Kabir<\/a>\n                                                    <\/div>\n                                                                                                                                                        <div class=\"yoga-event-item\">\n                                                        <span class=\"event-day\">09 Agosto<\/span>\n                                                        <a href=\"https:\/\/eventiyoga.it\/eventi-yoga\/vacanza_indelebile_vivi_la_bellezza_della_toscana-7140\" class=\"yoga-event-link \">Vacanza Indelebile: Vivi la Bellezza della Toscana <\/a>\n                                                    <\/div>\n                                                                                                                                                        <div class=\"yoga-event-item\">\n                                                        <span class=\"event-day\">09 Agosto<\/span>\n                                                        <a href=\"https:\/\/eventiyoga.it\/eventi-yoga\/ritiro_di_ferragosto_in_toscana_l_asana_nello_yoga-6808\" class=\"yoga-event-link promoted\">Ritiro di Ferragosto in Toscana | L&#039;Asana nello Yoga<\/a>\n                                                    <\/div>\n                                                                                                                                                        <div class=\"yoga-event-item\">\n                                                        <span class=\"event-day\">14 Agosto<\/span>\n                                                        <a href=\"https:\/\/eventiyoga.it\/eventi-yoga\/yoga_respiro_natura_e_relax_in_toscana-7083\" class=\"yoga-event-link \">YOGA, RESPIRO, NATURA E RELAX IN TOSCANA<\/a>\n                                                    <\/div>\n                                                                                                                                                        <div class=\"yoga-event-item\">\n                                                        <span class=\"event-day\">16 Agosto<\/span>\n                                                        <a href=\"https:\/\/eventiyoga.it\/eventi-yoga\/la_tua_vacanza_yoga_da_sogno_yoga_mare_e_pace_interiore-7144\" class=\"yoga-event-link \">La tua vacanza Yoga  da Sogno: Yoga, Mare e Pace Interiore<\/a>\n                                                    <\/div>\n                                                                                                                                                        <div class=\"yoga-event-item\">\n                                                        <span class=\"event-day\">23 Agosto<\/span>\n                                                        <a href=\"https:\/\/eventiyoga.it\/eventi-yoga\/vacanza_yoga_e_mare_il_sogno_della_toscana_ti_aspetta-7145\" class=\"yoga-event-link promoted\">Vacanza Yoga e Mare: il Sogno della Toscana ti Aspetta<\/a>\n                                                    <\/div>\n                                                                                            <\/div>\n                                        <\/div>\n                                                                                                                                                <div class=\"yoga-province\">\n                                            <h3 class=\"yoga-province-title\">Livorno<\/h3>\n                                            <div class=\"yoga-events-list\">\n                                                                                                                                                        <div class=\"yoga-event-item\">\n                                                        <span class=\"event-day\">01 Agosto<\/span>\n                                                        <a href=\"https:\/\/eventiyoga.it\/eventi-yoga\/yoga_in_barca_a_vela_elba_capraia-5693\" class=\"yoga-event-link \">Yoga in Barca a Vela Elba &amp; Capraia<\/a>\n                                                    <\/div>\n                                                                                                                                                        <div class=\"yoga-event-item\">\n                                                        <span class=\"event-day\">08 Agosto<\/span>\n                                                        <a href=\"https:\/\/eventiyoga.it\/eventi-yoga\/yoga_in_barca_vela_isole_toscane-6014\" class=\"yoga-event-link \">Yoga in Barca Vela Isole Toscane<\/a>\n                                                    <\/div>\n                                                                                                                                                        <div class=\"yoga-event-item\">\n                                                        <span class=\"event-day\">08 Agosto<\/span>\n                                                        <a href=\"https:\/\/eventiyoga.it\/eventi-yoga\/yoga_in_barca_a_vela_elba_capraia-5690\" class=\"yoga-event-link \">Yoga in Barca a Vela Elba &amp; Capraia<\/a>\n                                                    <\/div>\n                                                                                            <\/div>\n                                        <\/div>\n                                                                                                                                                <div class=\"yoga-province\">\n                                            <h3 class=\"yoga-province-title\">Massa Carrara<\/h3>\n                                            <div class=\"yoga-events-list\">\n                                                                                                                                                        <div class=\"yoga-event-item\">\n                                                        <span class=\"event-day\">12 Agosto<\/span>\n                                                        <a href=\"https:\/\/eventiyoga.it\/eventi-yoga\/ritiro_ferragosto_toscana_yoga_ayurveda-6380\" class=\"yoga-event-link \">Ritiro Ferragosto Toscana - Yoga &amp; Ayurveda<\/a>\n                                                    <\/div>\n                                                                                            <\/div>\n                                        <\/div>\n                                                                                                                                                <div class=\"yoga-province\">\n                                            <h3 class=\"yoga-province-title\">Pisa<\/h3>\n                                            <div class=\"yoga-events-list\">\n                                                                                                                                                        <div class=\"yoga-event-item\">\n                                                        <span class=\"event-day\">08 Agosto<\/span>\n                                                        <a href=\"https:\/\/eventiyoga.it\/eventi-yoga\/stage_yoga_agosto_in_toscana_per_chi_vuole_andare_oltre_gli_asana-6942\" class=\"yoga-event-link promoted\">Stage Yoga Agosto in Toscana \u2014 per chi vuole andare oltre gli asana<\/a>\n                                                    <\/div>\n                                                                                                                                                        <div class=\"yoga-event-item\">\n                                                        <span class=\"event-day\">15 Agosto<\/span>\n                                                        <a href=\"https:\/\/eventiyoga.it\/eventi-yoga\/stage_yoga_toscana_a_ferragosto_7_giorni_di_pratica_vera-7314\" class=\"yoga-event-link promoted\">Stage Yoga Toscana a Ferragosto: 7 giorni di pratica vera<\/a>\n                                                    <\/div>\n                                                                                            <\/div>\n                                        <\/div>\n                                                                                                                                                <div class=\"yoga-province\">\n                                            <h3 class=\"yoga-province-title\">Siena<\/h3>\n                                            <div class=\"yoga-events-list\">\n                                                                                                                                                        <div class=\"yoga-event-item\">\n                                                        <span class=\"event-day\">23 Agosto<\/span>\n                                                        <a href=\"https:\/\/eventiyoga.it\/eventi-yoga\/risveglia_la_tua_anima_yoga_retreat_nella_natura_toscana-6896\" class=\"yoga-event-link \">Risveglia la tua anima: Yoga Retreat nella Natura Toscana<\/a>\n                                                    <\/div>\n                                                                                            <\/div>\n                                        <\/div>\n                                                                                                                        <\/div>\n                                                                                <div class=\"yoga-region \">\n                            <h2 class=\"yoga-region-title\">Trentino Alto Adige<\/h2>\n                                                                                                                                        <div class=\"yoga-province\">\n                                            <h3 class=\"yoga-province-title\">Bolzano<\/h3>\n                                            <div class=\"yoga-events-list\">\n                                                                                                                                                        <div class=\"yoga-event-item\">\n                                                        <span class=\"event-day\">06 Agosto<\/span>\n                                                        <a href=\"https:\/\/eventiyoga.it\/eventi-yoga\/sollievo_per_il_corpo_gioia_per_l_anima_50-6474\" class=\"yoga-event-link \">Sollievo per il Corpo, Gioia per l&#039;Anima 50 +<\/a>\n                                                    <\/div>\n                                                                                            <\/div>\n                                        <\/div>\n                                                                                                                        <\/div>\n                                                                                <div class=\"yoga-region \">\n                            <h2 class=\"yoga-region-title\">Umbria<\/h2>\n                                                                                                                                        <div class=\"yoga-province\">\n                                            <h3 class=\"yoga-province-title\">Perugia<\/h3>\n                                            <div class=\"yoga-events-list\">\n                                                                                                                                                        <div class=\"yoga-event-item\">\n                                                        <span class=\"event-day\">02 Agosto<\/span>\n                                                        <a href=\"https:\/\/eventiyoga.it\/eventi-yoga\/ritiro_mantra_e_meditazione_ad_assisi_umbria-6661\" class=\"yoga-event-link promoted\">Ritiro Mantra e Meditazione ad Assisi Umbria<\/a>\n                                                    <\/div>\n                                                                                                                                                        <div class=\"yoga-event-item\">\n                                                        <span class=\"event-day\">02 Agosto<\/span>\n                                                        <a href=\"https:\/\/eventiyoga.it\/eventi-yoga\/gubbio_assisi_la_verna_ritiri_yoga_natura_spiritualita_agosto_settembre-5794\" class=\"yoga-event-link \">GUBBIO ASSISI LA VERNA-RITIRI YOGA NATURA &amp; SPIRITUALITA\u2019-AGOSTO &amp; SETTEMBRE<\/a>\n                                                    <\/div>\n                                                                                                                                                        <div class=\"yoga-event-item\">\n                                                        <span class=\"event-day\">09 Agosto<\/span>\n                                                        <a href=\"https:\/\/eventiyoga.it\/eventi-yoga\/gubbio_assisi_la_verna_ritiri_yoga_natura_e_spiritualit_estate-5795\" class=\"yoga-event-link promoted\">GUBBIO ASSISI LA VERNA | RITIRI YOGA NATURA E SPIRITUALIT\u00c0 | ESTATE<\/a>\n                                                    <\/div>\n                                                                                                                                                        <div class=\"yoga-event-item\">\n                                                        <span class=\"event-day\">16 Agosto<\/span>\n                                                        <a href=\"https:\/\/eventiyoga.it\/eventi-yoga\/assisi_gubbio_la_verna_ritiri_yoga_natura_spiritualita_agosto_e_settembre-5796\" class=\"yoga-event-link \">ASSISI GUBBIO LA VERNA-RITIRI YOGA NATURA &amp; SPIRITUALITA\u2019-AGOSTO e SETTEMBRE<\/a>\n                                                    <\/div>\n                                                                                                                                                        <div class=\"yoga-event-item\">\n                                                        <span class=\"event-day\">16 Agosto<\/span>\n                                                        <a href=\"https:\/\/eventiyoga.it\/eventi-yoga\/vacanza_benessere_ad_assisi-7266\" class=\"yoga-event-link \">vacanza benessere ad Assisi<\/a>\n                                                    <\/div>\n                                                                                                                                                        <div class=\"yoga-event-item\">\n                                                        <span class=\"event-day\">17 Agosto<\/span>\n                                                        <a href=\"https:\/\/eventiyoga.it\/eventi-yoga\/colline_umbre_yoga_e_natura_in_agriturismo-7296\" class=\"yoga-event-link \">Colline umbre: Yoga e Natura in agriturismo<\/a>\n                                                    <\/div>\n                                                                                                                                                        <div class=\"yoga-event-item\">\n                                                        <span class=\"event-day\">20 Agosto<\/span>\n                                                        <a href=\"https:\/\/eventiyoga.it\/eventi-yoga\/prima_del_pensiero-7165\" class=\"yoga-event-link \">Prima del pensiero<\/a>\n                                                    <\/div>\n                                                                                                                                                        <div class=\"yoga-event-item\">\n                                                        <span class=\"event-day\">23 Agosto<\/span>\n                                                        <a href=\"https:\/\/eventiyoga.it\/eventi-yoga\/yoga_e_stile_di_vita_ritiro_yoga-5723\" class=\"yoga-event-link \">\u201cYOGA E STILE DI VITA\u201d RITIRO YOGA<\/a>\n                                                    <\/div>\n                                                                                                                                                        <div class=\"yoga-event-item\">\n                                                        <span class=\"event-day\">23 Agosto<\/span>\n                                                        <a href=\"https:\/\/eventiyoga.it\/eventi-yoga\/gubbio_assisi_la_verna_ritiri_yoga_natura_e_spiritualita_agosto_e_settembre-5797\" class=\"yoga-event-link \">GUBBIO ASSISI LA VERNA-RITIRI YOGA NATURA E SPIRITUALITA\u2019-AGOSTO e SETTEMBRE<\/a>\n                                                    <\/div>\n                                                                                            <\/div>\n                                        <\/div>\n                                                                                                                                                <div class=\"yoga-province\">\n                                            <h3 class=\"yoga-province-title\">Terni<\/h3>\n                                            <div class=\"yoga-events-list\">\n                                                                                                                                                        <div class=\"yoga-event-item\">\n                                                        <span class=\"event-day\">01 Agosto<\/span>\n                                                        <a href=\"https:\/\/eventiyoga.it\/eventi-yoga\/vacanza_yoga_umbria_estate-6262\" class=\"yoga-event-link \">Vacanza Yoga Umbria Estate<\/a>\n                                                    <\/div>\n                                                                                            <\/div>\n                                        <\/div>\n                                                                                                                        <\/div>\n                                                                                <div class=\"yoga-region \">\n                            <h2 class=\"yoga-region-title\">Valle d&#039;Aosta<\/h2>\n                                                                                                                                        <div class=\"yoga-province\">\n                                            <h3 class=\"yoga-province-title\">Aosta<\/h3>\n                                            <div class=\"yoga-events-list\">\n                                                                                                                                                        <div class=\"yoga-event-item\">\n                                                        <span class=\"event-day\">14 Agosto<\/span>\n                                                        <a href=\"https:\/\/eventiyoga.it\/eventi-yoga\/respiro_di_montagna_ferragosto_in_rifugio-7220\" class=\"yoga-event-link \">Respiro di Montagna : Ferragosto in Rifugio<\/a>\n                                                    <\/div>\n                                                                                            <\/div>\n                                        <\/div>\n                                                                                                                        <\/div>\n                                                                                <div class=\"yoga-region \">\n                            <h2 class=\"yoga-region-title\">Veneto<\/h2>\n                                                                                                                                        <div class=\"yoga-province\">\n                                            <h3 class=\"yoga-province-title\">Vicenza<\/h3>\n                                            <div class=\"yoga-events-list\">\n                                                                                                                                                        <div class=\"yoga-event-item\">\n                                                        <span class=\"event-day\">01 Agosto<\/span>\n                                                        <a href=\"https:\/\/eventiyoga.it\/eventi-yoga\/vivere_o_immaginare_di_vivere-7146\" class=\"yoga-event-link \">Vivere o immaginare di vivere?<\/a>\n                                                    <\/div>\n                                                                                            <\/div>\n                                        <\/div>\n                                                                                                                        <\/div>\n                                                                                <div class=\"yoga-region yoga-region-estero\">\n                            <h2 class=\"yoga-region-title\">Estero<\/h2>\n                                                            <div class=\"yoga-events-list\">\n                                                                                                                                                                    <div class=\"yoga-event-item\">\n                                                <span class=\"event-day\">01 Agosto<\/span>\n                                                <a href=\"https:\/\/eventiyoga.it\/eventi-yoga\/yoga_e_safari_in_zambia_a_konkamoya-7022\" class=\"yoga-event-link \">Yoga e Safari in Zambia a Konkamoya<\/a>\n                                            <\/div>\n                                                                                                                                <div class=\"yoga-event-item\">\n                                                <span class=\"event-day\">01 Agosto<\/span>\n                                                <a href=\"https:\/\/eventiyoga.it\/eventi-yoga\/bali_vacanza_retreat_1_8_ago_2026-5973\" class=\"yoga-event-link \">BALI VACANZA &amp; RETREAT | 1-8 AGO 2026<\/a>\n                                            <\/div>\n                                                                                                                                <div class=\"yoga-event-item\">\n                                                <span class=\"event-day\">07 Agosto<\/span>\n                                                <a href=\"https:\/\/eventiyoga.it\/eventi-yoga\/vacanza_yoga_india_kerala-6253\" class=\"yoga-event-link \">Vacanza Yoga India | Kerala<\/a>\n                                            <\/div>\n                                                                                                                                <div class=\"yoga-event-item\">\n                                                <span class=\"event-day\">14 Agosto<\/span>\n                                                <a href=\"https:\/\/eventiyoga.it\/eventi-yoga\/ritiro_estivo_ayuryoga_in_montagna-7251\" class=\"yoga-event-link \">Ritiro estivo AyurYoga in montagna<\/a>\n                                            <\/div>\n                                                                                                                                <div class=\"yoga-event-item\">\n                                                <span class=\"event-day\">15 Agosto<\/span>\n                                                <a href=\"https:\/\/eventiyoga.it\/eventi-yoga\/yoga_e_barca_a_vela_retreat_maiorca-6090\" class=\"yoga-event-link \">Yoga e Barca a Vela Retreat \u2013 Maiorca<\/a>\n                                            <\/div>\n                                                                                                                                <div class=\"yoga-event-item\">\n                                                <span class=\"event-day\">20 Agosto<\/span>\n                                                <a href=\"https:\/\/eventiyoga.it\/eventi-yoga\/tour_yoga_in_thailandia_2026-6016\" class=\"yoga-event-link \">Tour Yoga in Thailandia 2026<\/a>\n                                            <\/div>\n                                                                                                                                <div class=\"yoga-event-item\">\n                                                <span class=\"event-day\">21 Agosto<\/span>\n                                                <a href=\"https:\/\/eventiyoga.it\/eventi-yoga\/la_soglia_viaggio_yoga_in_ladak-6819\" class=\"yoga-event-link \">La soglia - viaggio Yoga in Ladak<\/a>\n                                            <\/div>\n                                                                                                                                <div class=\"yoga-event-item\">\n                                                <span class=\"event-day\">22 Agosto<\/span>\n                                                <a href=\"https:\/\/eventiyoga.it\/eventi-yoga\/summer_bliss_vacanza_olistica_in_algarve_portogallo-6314\" class=\"yoga-event-link \">SUMMER BLISS: Vacanza Olistica in Algarve, Portogallo<\/a>\n                                            <\/div>\n                                                                                                                                <div class=\"yoga-event-item\">\n                                                <span class=\"event-day\">29 Agosto<\/span>\n                                                <a href=\"https:\/\/eventiyoga.it\/eventi-yoga\/ritiro_yoga_formentera-6949\" class=\"yoga-event-link \">Ritiro Yoga Formentera<\/a>\n                                            <\/div>\n                                                                                                                                <div class=\"yoga-event-item\">\n                                                <span class=\"event-day\">29 Agosto<\/span>\n                                                <a href=\"https:\/\/eventiyoga.it\/eventi-yoga\/grecia_patmos_leros_lipsi_vacanze_yoga_e_festival_della_musica_sacra_settimane-5798\" class=\"yoga-event-link \">GRECIA PATMOS LEROS.LIPSI-VACANZE YOGA E FESTIVAL DELLA MUSICA SACRA-SETTIMANE<\/a>\n                                            <\/div>\n                                                                                                                                <div class=\"yoga-event-item\">\n                                                <span class=\"event-day\">30 Agosto<\/span>\n                                                <a href=\"https:\/\/eventiyoga.it\/eventi-yoga\/grecia_patmos_l_isola_di_san_giovanni_yoga_e_festival_della_musica_sacra-7272\" class=\"yoga-event-link \">GRECIA PATMOS L&#039;ISOLA DI SAN GIOVANNI | YOGA e FESTIVAL DELLA MUSICA SACRA<\/a>\n                                            <\/div>\n                                                                                                            <\/div>\n                                                    <\/div>\n                                                        <\/div>\n        \n\n\n\n<hr class=\"wp-block-separator has-text-color has-white-color has-css-opacity has-white-background-color has-background\"\/>\n\n\n\n<h2 class=\"wp-block-heading\" id=\"h-settembre\">Settembre<\/h2>\n\n\n\n<div style=\"height: 12px; background: linear-gradient(90deg, #667eea 0%, #764ba2 50%, #f093fb 100%); border-radius: 6px;\"><\/div>\n<p style=\"color: #555555; font-size: 23px; margin-top: 15px; font-style: italic;\">\ud83c\udf42 Tempo di bilanci: weekend rigeneranti e ritiri per ricominciare con energia<\/p>\n\n\n        <div class=\"yoga-events-regions-container\">\n            <!-- Online Events Section -->\n            \n            <!-- Offline Events by Regions -->\n                                                                        <div class=\"yoga-region \">\n                            <h2 class=\"yoga-region-title\">Campania<\/h2>\n                                                                                                                                        <div class=\"yoga-province\">\n                                            <h3 class=\"yoga-province-title\">Napoli<\/h3>\n                                            <div class=\"yoga-events-list\">\n                                                                                                                                                        <div class=\"yoga-event-item\">\n                                                        <span class=\"event-day\">26 Settembre<\/span>\n                                                        <a href=\"https:\/\/eventiyoga.it\/eventi-yoga\/vacanza_yoga_a_ischia_festa_di_san_michele-6062\" class=\"yoga-event-link \">VACANZA YOGA A ISCHIA \u2013 FESTA DI SAN MICHELE<\/a>\n                                                    <\/div>\n                                                                                            <\/div>\n                                        <\/div>\n                                                                                                                        <\/div>\n                                                                                <div class=\"yoga-region \">\n                            <h2 class=\"yoga-region-title\">Lazio<\/h2>\n                                                                                                                                        <div class=\"yoga-province\">\n                                            <h3 class=\"yoga-province-title\">Frosinone<\/h3>\n                                            <div class=\"yoga-events-list\">\n                                                                                                                                                        <div class=\"yoga-event-item\">\n                                                        <span class=\"event-day\">02 Settembre<\/span>\n                                                        <a href=\"https:\/\/eventiyoga.it\/eventi-yoga\/yoga_cavalli_e_natura_ritiro_a_pescosolido_parco_nazionale_d_abruzzo-6683\" class=\"yoga-event-link \">Yoga, Cavalli e Natura: Ritiro a Pescosolido, Parco Nazionale d\u2019Abruzzo<\/a>\n                                                    <\/div>\n                                                                                                                                                        <div class=\"yoga-event-item\">\n                                                        <span class=\"event-day\">03 Settembre<\/span>\n                                                        <a href=\"https:\/\/eventiyoga.it\/eventi-yoga\/ritiro_yoga_nella_natura_d_abruzzo-6461\" class=\"yoga-event-link \">Ritiro Yoga nella Natura d\u2019Abruzzo<\/a>\n                                                    <\/div>\n                                                                                                                                                        <div class=\"yoga-event-item\">\n                                                        <span class=\"event-day\">03 Settembre<\/span>\n                                                        <a href=\"https:\/\/eventiyoga.it\/eventi-yoga\/yoga_e_passeggiata_meditativa_nel_parco_nazionale_d_abruzzo_versante_laziale-6431\" class=\"yoga-event-link \">Yoga e Passeggiata Meditativa nel parco nazionale d\u2019Abruzzo, versante Laziale<\/a>\n                                                    <\/div>\n                                                                                                                                                        <div class=\"yoga-event-item\">\n                                                        <span class=\"event-day\">09 Settembre<\/span>\n                                                        <a href=\"https:\/\/eventiyoga.it\/eventi-yoga\/yoga_cavalli_e_natura_ritiro_a_pescosolido_parco_nazionale_d_abruzzo-6684\" class=\"yoga-event-link \">Yoga, Cavalli e Natura: Ritiro a Pescosolido, Parco Nazionale d\u2019Abruzzo<\/a>\n                                                    <\/div>\n                                                                                                                                                        <div class=\"yoga-event-item\">\n                                                        <span class=\"event-day\">10 Settembre<\/span>\n                                                        <a href=\"https:\/\/eventiyoga.it\/eventi-yoga\/ritiro_yoga_nella_natura_d_abruzzo-6462\" class=\"yoga-event-link \">Ritiro Yoga nella Natura d\u2019Abruzzo<\/a>\n                                                    <\/div>\n                                                                                                                                                        <div class=\"yoga-event-item\">\n                                                        <span class=\"event-day\">10 Settembre<\/span>\n                                                        <a href=\"https:\/\/eventiyoga.it\/eventi-yoga\/yoga_e_passeggiata_meditativa_nel_parco_nazionale_d_abruzzo_versante_laziale-6432\" class=\"yoga-event-link \">Yoga e Passeggiata Meditativa nel parco nazionale d\u2019Abruzzo, versante Laziale<\/a>\n                                                    <\/div>\n                                                                                                                                                        <div class=\"yoga-event-item\">\n                                                        <span class=\"event-day\">16 Settembre<\/span>\n                                                        <a href=\"https:\/\/eventiyoga.it\/eventi-yoga\/yoga_cavalli_e_natura_ritiro_a_pescosolido_parco_nazionale_d_abruzzo-6685\" class=\"yoga-event-link \">Yoga, Cavalli e Natura: Ritiro a Pescosolido, Parco Nazionale d\u2019Abruzzo<\/a>\n                                                    <\/div>\n                                                                                                                                                        <div class=\"yoga-event-item\">\n                                                        <span class=\"event-day\">17 Settembre<\/span>\n                                                        <a href=\"https:\/\/eventiyoga.it\/eventi-yoga\/yoga_e_passeggiata_meditativa_nel_parco_nazionale_d_abruzzo_versante_laziale-6433\" class=\"yoga-event-link \">Yoga e Passeggiata Meditativa nel parco nazionale d\u2019Abruzzo, versante Laziale<\/a>\n                                                    <\/div>\n                                                                                                                                                        <div class=\"yoga-event-item\">\n                                                        <span class=\"event-day\">17 Settembre<\/span>\n                                                        <a href=\"https:\/\/eventiyoga.it\/eventi-yoga\/ritiro_yoga_nella_natura_d_abruzzo-6463\" class=\"yoga-event-link \">Ritiro Yoga nella Natura d\u2019Abruzzo<\/a>\n                                                    <\/div>\n                                                                                                                                                        <div class=\"yoga-event-item\">\n                                                        <span class=\"event-day\">23 Settembre<\/span>\n                                                        <a href=\"https:\/\/eventiyoga.it\/eventi-yoga\/yoga_cavalli_e_natura_ritiro_a_pescosolido_parco_nazionale_d_abruzzo-6686\" class=\"yoga-event-link \">Yoga, Cavalli e Natura: Ritiro a Pescosolido, Parco Nazionale d\u2019Abruzzo<\/a>\n                                                    <\/div>\n                                                                                                                                                        <div class=\"yoga-event-item\">\n                                                        <span class=\"event-day\">24 Settembre<\/span>\n                                                        <a href=\"https:\/\/eventiyoga.it\/eventi-yoga\/ritiro_yoga_nella_natura_d_abruzzo-6464\" class=\"yoga-event-link \">Ritiro Yoga nella Natura d\u2019Abruzzo<\/a>\n                                                    <\/div>\n                                                                                                                                                        <div class=\"yoga-event-item\">\n                                                        <span class=\"event-day\">24 Settembre<\/span>\n                                                        <a href=\"https:\/\/eventiyoga.it\/eventi-yoga\/yoga_e_passeggiata_meditativa_nel_parco_nazionale_d_abruzzo_versante_laziale-6434\" class=\"yoga-event-link \">Yoga e Passeggiata Meditativa nel parco nazionale d\u2019Abruzzo, versante Laziale<\/a>\n                                                    <\/div>\n                                                                                                                                                        <div class=\"yoga-event-item\">\n                                                        <span class=\"event-day\">30 Settembre<\/span>\n                                                        <a href=\"https:\/\/eventiyoga.it\/eventi-yoga\/yoga_cavalli_e_natura_ritiro_a_pescosolido_parco_nazionale_d_abruzzo-6687\" class=\"yoga-event-link \">Yoga, Cavalli e Natura: Ritiro a Pescosolido, Parco Nazionale d\u2019Abruzzo<\/a>\n                                                    <\/div>\n                                                                                            <\/div>\n                                        <\/div>\n                                                                                                                                                <div class=\"yoga-province\">\n                                            <h3 class=\"yoga-province-title\">Roma<\/h3>\n                                            <div class=\"yoga-events-list\">\n                                                                                                                                                        <div class=\"yoga-event-item\">\n                                                        <span class=\"event-day\">20 Settembre<\/span>\n                                                        <a href=\"https:\/\/eventiyoga.it\/eventi-yoga\/seminario_di_reiki_2_livello_a_roma-7005\" class=\"yoga-event-link \">SEMINARIO DI REIKI - 2\u00b0 Livello a Roma<\/a>\n                                                    <\/div>\n                                                                                                                                                        <div class=\"yoga-event-item\">\n                                                        <span class=\"event-day\">26 Settembre<\/span>\n                                                        <a href=\"https:\/\/eventiyoga.it\/eventi-yoga\/seminario_di_reiki_1_livello_a_roma-7000\" class=\"yoga-event-link \">SEMINARIO DI REIKI - 1\u00b0 Livello a Roma<\/a>\n                                                    <\/div>\n                                                                                                                                                        <div class=\"yoga-event-item\">\n                                                        <span class=\"event-day\">26 Settembre<\/span>\n                                                        <a href=\"https:\/\/eventiyoga.it\/eventi-yoga\/formazione_professionale_insegnate_yoga-7239\" class=\"yoga-event-link \">Formazione Professionale Insegnate Yoga <\/a>\n                                                    <\/div>\n                                                                                            <\/div>\n                                        <\/div>\n                                                                                                                        <\/div>\n                                                                                <div class=\"yoga-region \">\n                            <h2 class=\"yoga-region-title\">Lombardia<\/h2>\n                                                                                                                                        <div class=\"yoga-province\">\n                                            <h3 class=\"yoga-province-title\">Brescia<\/h3>\n                                            <div class=\"yoga-events-list\">\n                                                                                                                                                        <div class=\"yoga-event-item\">\n                                                        <span class=\"event-day\">11 Settembre<\/span>\n                                                        <a href=\"https:\/\/eventiyoga.it\/eventi-yoga\/meditazione_in_barca_a_vela-6087\" class=\"yoga-event-link \">Meditazione in barca a vela<\/a>\n                                                    <\/div>\n                                                                                            <\/div>\n                                        <\/div>\n                                                                                                                                                <div class=\"yoga-province\">\n                                            <h3 class=\"yoga-province-title\">Milano<\/h3>\n                                            <div class=\"yoga-events-list\">\n                                                                                                                                                        <div class=\"yoga-event-item\">\n                                                        <span class=\"event-day\">19 Settembre<\/span>\n                                                        <a href=\"https:\/\/eventiyoga.it\/eventi-yoga\/teacher_training_ashtanga_yoga_ryt_200_yoga_alliance_america-6606\" class=\"yoga-event-link \">Teacher Training Ashtanga Yoga RYT 200 Yoga Alliance America<\/a>\n                                                    <\/div>\n                                                                                            <\/div>\n                                        <\/div>\n                                                                                                                                                <div class=\"yoga-province\">\n                                            <h3 class=\"yoga-province-title\">Pavia<\/h3>\n                                            <div class=\"yoga-events-list\">\n                                                                                                                                                        <div class=\"yoga-event-item\">\n                                                        <span class=\"event-day\">26 Settembre<\/span>\n                                                        <a href=\"https:\/\/eventiyoga.it\/eventi-yoga\/corso_insegnanti_yoga_200hrs_maharani_flow_pavia-6816\" class=\"yoga-event-link \">Corso Insegnanti Yoga 200HRS Maharani Flow, Pavia<\/a>\n                                                    <\/div>\n                                                                                            <\/div>\n                                        <\/div>\n                                                                                                                        <\/div>\n                                                                                <div class=\"yoga-region \">\n                            <h2 class=\"yoga-region-title\">Piemonte<\/h2>\n                                                                                                                                        <div class=\"yoga-province\">\n                                            <h3 class=\"yoga-province-title\">Asti<\/h3>\n                                            <div class=\"yoga-events-list\">\n                                                                                                                                                        <div class=\"yoga-event-item\">\n                                                        <span class=\"event-day\">15 Settembre<\/span>\n                                                        <a href=\"https:\/\/eventiyoga.it\/eventi-yoga\/the_softening-6795\" class=\"yoga-event-link \">The Softening<\/a>\n                                                    <\/div>\n                                                                                            <\/div>\n                                        <\/div>\n                                                                                                                                                <div class=\"yoga-province\">\n                                            <h3 class=\"yoga-province-title\">Cuneo<\/h3>\n                                            <div class=\"yoga-events-list\">\n                                                                                                                                                        <div class=\"yoga-event-item\">\n                                                        <span class=\"event-day\">07 Settembre<\/span>\n                                                        <a href=\"https:\/\/eventiyoga.it\/eventi-yoga\/yin_yoga_teacher_training_50h_lago_la_sirenetta-6733\" class=\"yoga-event-link \">YIN YOGA TEACHER TRAINING 50h LAGO LA SIRENETTA<\/a>\n                                                    <\/div>\n                                                                                            <\/div>\n                                        <\/div>\n                                                                                                                                                <div class=\"yoga-province\">\n                                            <h3 class=\"yoga-province-title\">Torino<\/h3>\n                                            <div class=\"yoga-events-list\">\n                                                                                                                                                        <div class=\"yoga-event-item\">\n                                                        <span class=\"event-day\">18 Settembre<\/span>\n                                                        <a href=\"https:\/\/eventiyoga.it\/eventi-yoga\/workshop_eddie_stern_a_torino-6817\" class=\"yoga-event-link \">Workshop Eddie Stern a Torino<\/a>\n                                                    <\/div>\n                                                                                            <\/div>\n                                        <\/div>\n                                                                                                                                                <div class=\"yoga-province\">\n                                            <h3 class=\"yoga-province-title\">Verbano-Cusio-Ossola<\/h3>\n                                            <div class=\"yoga-events-list\">\n                                                                                                                                                        <div class=\"yoga-event-item\">\n                                                        <span class=\"event-day\">05 Settembre<\/span>\n                                                        <a href=\"https:\/\/eventiyoga.it\/eventi-yoga\/la_via_del_benessere_riequilibrio-6814\" class=\"yoga-event-link \">LA VIA DEL BENESSERE: RIEQUILIBRIO<\/a>\n                                                    <\/div>\n                                                                                            <\/div>\n                                        <\/div>\n                                                                                                                        <\/div>\n                                                                                <div class=\"yoga-region \">\n                            <h2 class=\"yoga-region-title\">Puglia<\/h2>\n                                                                                                                                        <div class=\"yoga-province\">\n                                            <h3 class=\"yoga-province-title\">Lecce<\/h3>\n                                            <div class=\"yoga-events-list\">\n                                                                                                                                                        <div class=\"yoga-event-item\">\n                                                        <span class=\"event-day\">05 Settembre<\/span>\n                                                        <a href=\"https:\/\/eventiyoga.it\/eventi-yoga\/ritiro_di_ashtanga_yoga_con_laruga_glaser-6716\" class=\"yoga-event-link \">Ritiro di Ashtanga Yoga con Laruga Glaser<\/a>\n                                                    <\/div>\n                                                                                                                                                        <div class=\"yoga-event-item\">\n                                                        <span class=\"event-day\">12 Settembre<\/span>\n                                                        <a href=\"https:\/\/eventiyoga.it\/eventi-yoga\/pratica_e_relax_in_puglia-6717\" class=\"yoga-event-link \">Pratica e relax in Puglia<\/a>\n                                                    <\/div>\n                                                                                                                                                        <div class=\"yoga-event-item\">\n                                                        <span class=\"event-day\">19 Settembre<\/span>\n                                                        <a href=\"https:\/\/eventiyoga.it\/eventi-yoga\/ashtanga_yoga_dove_la_disciplina_incontra_la_grazia-6718\" class=\"yoga-event-link \">Ashtanga Yoga: dove la disciplina incontra la grazia<\/a>\n                                                    <\/div>\n                                                                                                                                                        <div class=\"yoga-event-item\">\n                                                        <span class=\"event-day\">21 Settembre<\/span>\n                                                        <a href=\"https:\/\/eventiyoga.it\/eventi-yoga\/ritiro_yoga_salento_settembre_2026-6264\" class=\"yoga-event-link \">Ritiro Yoga Salento Settembre 2026<\/a>\n                                                    <\/div>\n                                                                                                                                                        <div class=\"yoga-event-item\">\n                                                        <span class=\"event-day\">26 Settembre<\/span>\n                                                        <a href=\"https:\/\/eventiyoga.it\/eventi-yoga\/prana_presenza-6719\" class=\"yoga-event-link \">Prana &amp; Presenza<\/a>\n                                                    <\/div>\n                                                                                                                                                        <div class=\"yoga-event-item\">\n                                                        <span class=\"event-day\">26 Settembre<\/span>\n                                                        <a href=\"https:\/\/eventiyoga.it\/eventi-yoga\/ritiro_di_ashtanga_vinyasa_yoga_con_susanna_finocchi_in_salento-6720\" class=\"yoga-event-link \">Ritiro di Ashtanga Vinyasa Yoga con Susanna Finocchi in Salento<\/a>\n                                                    <\/div>\n                                                                                            <\/div>\n                                        <\/div>\n                                                                                                                        <\/div>\n                                                                                <div class=\"yoga-region \">\n                            <h2 class=\"yoga-region-title\">Sardegna<\/h2>\n                                                                                                                                        <div class=\"yoga-province\">\n                                            <h3 class=\"yoga-province-title\">Nuoro<\/h3>\n                                            <div class=\"yoga-events-list\">\n                                                                                                                                                        <div class=\"yoga-event-item\">\n                                                        <span class=\"event-day\">05 Settembre<\/span>\n                                                        <a href=\"https:\/\/eventiyoga.it\/eventi-yoga\/sun_see_yoga_a_soulful_retreat_in_sardinia_ritiro_yoga_sardegna-7168\" class=\"yoga-event-link \">SUN, SEE &amp; YOGA: A SOULFUL RETREAT IN SARDINIA | Ritiro Yoga Sardegna<\/a>\n                                                    <\/div>\n                                                                                            <\/div>\n                                        <\/div>\n                                                                                                                                                <div class=\"yoga-province\">\n                                            <h3 class=\"yoga-province-title\">Oristano<\/h3>\n                                            <div class=\"yoga-events-list\">\n                                                                                                                                                        <div class=\"yoga-event-item\">\n                                                        <span class=\"event-day\">05 Settembre<\/span>\n                                                        <a href=\"https:\/\/eventiyoga.it\/eventi-yoga\/eleva_le_tue_emozioni_nella_natura_ancestrale_della_sardegna-6255\" class=\"yoga-event-link \">Eleva le tue emozioni nella natura ancestrale della Sardegna<\/a>\n                                                    <\/div>\n                                                                                                                                                        <div class=\"yoga-event-item\">\n                                                        <span class=\"event-day\">12 Settembre<\/span>\n                                                        <a href=\"https:\/\/eventiyoga.it\/eventi-yoga\/manifesta_il_tuo_sogno_yoga_nella_costa_ovest_della_sardegna-6256\" class=\"yoga-event-link \">Manifesta il tuo Sogno! Yoga nella costa ovest della Sardegna<\/a>\n                                                    <\/div>\n                                                                                                                                                        <div class=\"yoga-event-item\">\n                                                        <span class=\"event-day\">19 Settembre<\/span>\n                                                        <a href=\"https:\/\/eventiyoga.it\/eventi-yoga\/7_giorni_in_sardegna_un_viaggio_tra_natura_yoga_e_la_saggezza_del_cavallo-6583\" class=\"yoga-event-link \">7 GIORNI IN SARDEGNA, UN VIAGGIO TRA NATURA, YOGA E LA SAGGEZZA DEL CAVALLO<\/a>\n                                                    <\/div>\n                                                                                            <\/div>\n                                        <\/div>\n                                                                                                                                                <div class=\"yoga-province\">\n                                            <h3 class=\"yoga-province-title\">Sassari<\/h3>\n                                            <div class=\"yoga-events-list\">\n                                                                                                                                                        <div class=\"yoga-event-item\">\n                                                        <span class=\"event-day\">08 Settembre<\/span>\n                                                        <a href=\"https:\/\/eventiyoga.it\/eventi-yoga\/radici_di_luce_yoga_meditation_retreat_in_sardegna_8_13_settembre_2026-6359\" class=\"yoga-event-link \">Radici di Luce \u2013 Yoga &amp; Meditation Retreat in Sardegna (8\u201313 settembre 2026)<\/a>\n                                                    <\/div>\n                                                                                            <\/div>\n                                        <\/div>\n                                                                                                                        <\/div>\n                                                                                <div class=\"yoga-region \">\n                            <h2 class=\"yoga-region-title\">Sicilia<\/h2>\n                                                                                                                                        <div class=\"yoga-province\">\n                                            <h3 class=\"yoga-province-title\">Trapani<\/h3>\n                                            <div class=\"yoga-events-list\">\n                                                                                                                                                        <div class=\"yoga-event-item\">\n                                                        <span class=\"event-day\">02 Settembre<\/span>\n                                                        <a href=\"https:\/\/eventiyoga.it\/eventi-yoga\/ritiro_yoga_a_favignana_in_sicilia_2_6_settembre_2026-7278\" class=\"yoga-event-link \">RITIRO YOGA a FAVIGNANA in Sicilia | 2 \u2013 6 Settembre 2026<\/a>\n                                                    <\/div>\n                                                                                                                                                        <div class=\"yoga-event-item\">\n                                                        <span class=\"event-day\">19 Settembre<\/span>\n                                                        <a href=\"https:\/\/eventiyoga.it\/eventi-yoga\/ritiro_yoga_e_meditazione_a_pantelleria_viaggio_tra_i_4_elementi-7289\" class=\"yoga-event-link \">Ritiro Yoga e Meditazione a Pantelleria | Viaggio tra i 4 elementi<\/a>\n                                                    <\/div>\n                                                                                            <\/div>\n                                        <\/div>\n                                                                                                                        <\/div>\n                                                                                <div class=\"yoga-region \">\n                            <h2 class=\"yoga-region-title\">Toscana<\/h2>\n                                                                                                                                        <div class=\"yoga-province\">\n                                            <h3 class=\"yoga-province-title\">Grosseto<\/h3>\n                                            <div class=\"yoga-events-list\">\n                                                                                                                                                        <div class=\"yoga-event-item\">\n                                                        <span class=\"event-day\">13 Settembre<\/span>\n                                                        <a href=\"https:\/\/eventiyoga.it\/eventi-yoga\/iyengar_yoga_cultural_retreat-7275\" class=\"yoga-event-link \">Iyengar Yoga &amp; Cultural Retreat<\/a>\n                                                    <\/div>\n                                                                                            <\/div>\n                                        <\/div>\n                                                                                                                                                <div class=\"yoga-province\">\n                                            <h3 class=\"yoga-province-title\">Livorno<\/h3>\n                                            <div class=\"yoga-events-list\">\n                                                                                                                                                        <div class=\"yoga-event-item\">\n                                                        <span class=\"event-day\">05 Settembre<\/span>\n                                                        <a href=\"https:\/\/eventiyoga.it\/eventi-yoga\/yoga_in_barca_vela_in_corsica-6013\" class=\"yoga-event-link \">Yoga in Barca Vela in Corsica<\/a>\n                                                    <\/div>\n                                                                                            <\/div>\n                                        <\/div>\n                                                                                                                        <\/div>\n                                                                                <div class=\"yoga-region \">\n                            <h2 class=\"yoga-region-title\">Trentino Alto Adige<\/h2>\n                                                                                                                                        <div class=\"yoga-province\">\n                                            <h3 class=\"yoga-province-title\">Trento<\/h3>\n                                            <div class=\"yoga-events-list\">\n                                                                                                                                                        <div class=\"yoga-event-item\">\n                                                        <span class=\"event-day\">13 Settembre<\/span>\n                                                        <a href=\"https:\/\/eventiyoga.it\/eventi-yoga\/ritiro_yoga_e_counseling_in_trentino_alpe_cimbra-6612\" class=\"yoga-event-link \">Ritiro Yoga e Counseling in Trentino Alpe Cimbra<\/a>\n                                                    <\/div>\n                                                                                            <\/div>\n                                        <\/div>\n                                                                                                                        <\/div>\n                                                                                <div class=\"yoga-region \">\n                            <h2 class=\"yoga-region-title\">Umbria<\/h2>\n                                                                                                                                        <div class=\"yoga-province\">\n                                            <h3 class=\"yoga-province-title\">Perugia<\/h3>\n                                            <div class=\"yoga-events-list\">\n                                                                                                                                                        <div class=\"yoga-event-item\">\n                                                        <span class=\"event-day\">18 Settembre<\/span>\n                                                        <a href=\"https:\/\/eventiyoga.it\/eventi-yoga\/ritiri_yoga_stile_di_vita_equinozio_d_autunno_villa_amrita-5801\" class=\"yoga-event-link \">\u201cRITIRI YOGA &amp; STILE DI VITA-EQUINOZIO D\u2019AUTUNNO-VILLA AMRITA <\/a>\n                                                    <\/div>\n                                                                                                                                                        <div class=\"yoga-event-item\">\n                                                        <span class=\"event-day\">25 Settembre<\/span>\n                                                        <a href=\"https:\/\/eventiyoga.it\/eventi-yoga\/formazione_yoga_2026_pillole_di_yoga_sistema_muscolo_scheletrico_2_parte-5724\" class=\"yoga-event-link \">FORMAZIONE YOGA 2026 \u201cPILLOLE DI YOGA\u201d -Sistema muscolo scheletrico 2\u00b0 PARTE\u201d<\/a>\n                                                    <\/div>\n                                                                                            <\/div>\n                                        <\/div>\n                                                                                                                        <\/div>\n                                                                                <div class=\"yoga-region yoga-region-estero\">\n                            <h2 class=\"yoga-region-title\">Estero<\/h2>\n                                                            <div class=\"yoga-events-list\">\n                                                                                                                                                                    <div class=\"yoga-event-item\">\n                                                <span class=\"event-day\">06 Settembre<\/span>\n                                                <a href=\"https:\/\/eventiyoga.it\/eventi-yoga\/grecia_patmos_leros_lipsi_vacanze_yoga_settembre_settimane-5800\" class=\"yoga-event-link \">GRECIA PATMOS LEROS &amp; LIPSI-VACANZE YOGA \u2013 SETTEMBRE SETTIMANE<\/a>\n                                            <\/div>\n                                                                                                                                <div class=\"yoga-event-item\">\n                                                <span class=\"event-day\">13 Settembre<\/span>\n                                                <a href=\"https:\/\/eventiyoga.it\/eventi-yoga\/india_triangolo_d_oro_e_varanasi-6545\" class=\"yoga-event-link \">India Triangolo d\u2019Oro e Varanasi <\/a>\n                                            <\/div>\n                                                                                                                                <div class=\"yoga-event-item\">\n                                                <span class=\"event-day\">18 Settembre<\/span>\n                                                <a href=\"https:\/\/eventiyoga.it\/eventi-yoga\/ritiro_yoga_trekking_e_sup_karpathos_selvaggia-6617\" class=\"yoga-event-link \">Ritiro Yoga, Trekking e SUP: Karpathos Selvaggia<\/a>\n                                            <\/div>\n                                                                                                                                <div class=\"yoga-event-item\">\n                                                <span class=\"event-day\">19 Settembre<\/span>\n                                                <a href=\"https:\/\/eventiyoga.it\/eventi-yoga\/yoga_e_delfini_nel_mar_rosso_settembre_2026-7240\" class=\"yoga-event-link \">YOGA E DELFINI NEL MAR ROSSO, Settembre 2026<\/a>\n                                            <\/div>\n                                                                                                            <\/div>\n                                                    <\/div>\n                                                        <\/div>\n        \n\n\n\n<hr class=\"wp-block-separator has-text-color has-white-color has-css-opacity has-white-background-color has-background\"\/>\n\n\n\n<p>Se vuoi inserire la tua offerta di vacanza yoga e benessere, iscriviti su EventiYoga e segui le indicazioni che trovi <a href=\"https:\/\/eventiyoga.it\/blog\/pubblica-su-eventiyoga\/\" target=\"_blank\" rel=\"noreferrer noopener\">qui<\/a>.<\/p>\n\n\n\n<hr class=\"wp-block-separator has-text-color has-white-color has-alpha-channel-opacity has-white-background-color has-background\"\/>\n\n\n\n<div class=\"wp-block-buttons is-layout-flex wp-block-buttons-is-layout-flex\">\n<div class=\"wp-block-button has-custom-width wp-block-button__width-100\"><a class=\"wp-block-button__link has-background wp-element-button\" href=\"https:\/\/eventiyoga.it\/blog\/pubblica-su-eventiyoga\/\" style=\"border-top-left-radius:0px;border-top-right-radius:0px;border-bottom-left-radius:0px;border-bottom-right-radius:0px;background-color:#92309a\" target=\"_blank\" rel=\"noreferrer noopener\"><strong>Pubblica la tua proposta su EventiYoga<\/strong><\/a><\/div>\n<\/div>\n\n\n\n<hr class=\"wp-block-separator has-text-color has-white-color has-alpha-channel-opacity has-white-background-color has-background\"\/>\n\n\n\n<hr class=\"wp-block-separator has-text-color has-white-color has-css-opacity has-white-background-color has-background\"\/>\n\n\n\n<hr class=\"wp-block-separator has-text-color has-white-color has-css-opacity has-white-background-color has-background\"\/>\n\n\n\n<hr class=\"wp-block-separator has-text-color has-white-color has-css-opacity has-white-background-color has-background\"\/>\n\n\n\n<h2 class=\"wp-block-heading\">Calendario Eventi Yoga online<\/h2>\n\n\n\n<p>Puoi consultare il&nbsp;<strong>calendario eventi<\/strong>&nbsp;anche online con numerosi weekend, vacanze yoga, ritiri e corsi yoga e meditazione.<\/p>\n\n\n\n<p>Cerca qui gli eventi yoga di tuo interesse: vacanza yoga in Italia o <a href=\"https:\/\/eventiyoga.it\/blog\/migliori-destinazioni-vacanze-yoga-all-estero\/\" target=\"_blank\" rel=\"noreferrer noopener\">anche all&#8217;estero<\/a>, ritiro di meditazione, vacanza yoga e ayurveda, vacanza yoga e detox, ecc.<\/p>\n\n\n\n<hr class=\"wp-block-separator has-text-color has-white-color has-css-opacity has-white-background-color has-background\"\/>\n\n\n\n<div style=\"border: 1px solid #ddd; border-radius: 12px; padding: 20px 15px; margin: 1em 0;\">\n    <div style=\"display: grid; grid-template-columns: repeat(auto-fit, minmax(100px, 1fr)); gap: 10px; justify-items: center;\">\n        <a href=\"https:\/\/eventiyoga.it\/blog\/vacanze-yoga-e-benessere-gennaio\/\" target=\"_blank\" style=\"background: #f5f0fa; padding: 8px 18px; border-radius: 20px; text-decoration: none; color: #6b4c9a; font-size: 0.95em; white-space: nowrap;\">Gennaio<\/a>\n        <a href=\"https:\/\/eventiyoga.it\/blog\/vacanze-seminari-workshop-yoga-benessere-febbraio\/\" target=\"_blank\" style=\"background: #f5f0fa; padding: 8px 18px; border-radius: 20px; text-decoration: none; color: #6b4c9a; font-size: 0.95em; white-space: nowrap;\">Febbraio<\/a>\n        <a href=\"https:\/\/eventiyoga.it\/blog\/vacanze-seminari-workshop-yoga-benessere-marzo\/\" target=\"_blank\" style=\"background: #f5f0fa; padding: 8px 18px; border-radius: 20px; text-decoration: none; color: #6b4c9a; font-size: 0.95em; white-space: nowrap;\">Marzo<\/a>\n        <a href=\"https:\/\/eventiyoga.it\/blog\/vacanze-yoga-aprile\/\" target=\"_blank\" style=\"background: #f5f0fa; padding: 8px 18px; border-radius: 20px; text-decoration: none; color: #6b4c9a; font-size: 0.95em; white-space: nowrap;\">Aprile<\/a>\n        <a href=\"https:\/\/eventiyoga.it\/blog\/vacanze-yoga-maggio\/\" target=\"_blank\" style=\"background: #f5f0fa; padding: 8px 18px; border-radius: 20px; text-decoration: none; color: #6b4c9a; font-size: 0.95em; white-space: nowrap;\">Maggio<\/a>\n        <a href=\"https:\/\/eventiyoga.it\/blog\/vacanze-yoga-e-benessere-giugno-offerte\/\" target=\"_blank\" style=\"background: #f5f0fa; padding: 8px 18px; border-radius: 20px; text-decoration: none; color: #6b4c9a; font-size: 0.95em; white-space: nowrap;\">Giugno<\/a>\n        <a href=\"https:\/\/eventiyoga.it\/blog\/vacanze-yoga-e-benessere-luglio-offerte\/\" target=\"_blank\" style=\"background: #f5f0fa; padding: 8px 18px; border-radius: 20px; text-decoration: none; color: #6b4c9a; font-size: 0.95em; white-space: nowrap;\">Luglio<\/a>\n        <a href=\"https:\/\/eventiyoga.it\/blog\/vacanze-yoga-e-benessere-agosto-offerte\/\" target=\"_blank\" style=\"background: #f5f0fa; padding: 8px 18px; border-radius: 20px; text-decoration: none; color: #6b4c9a; font-size: 0.95em; white-space: nowrap;\">Agosto<\/a>\n        <a href=\"https:\/\/eventiyoga.it\/blog\/vacanze-yoga-e-benessere-settembre-offerte\/\" target=\"_blank\" style=\"background: #f5f0fa; padding: 8px 18px; border-radius: 20px; text-decoration: none; color: #6b4c9a; font-size: 0.95em; white-space: nowrap;\">Settembre<\/a>\n        <a href=\"https:\/\/eventiyoga.it\/blog\/vacanze-yoga-e-benessere-ottobre-offerte\/\" target=\"_blank\" style=\"background: #f5f0fa; padding: 8px 18px; border-radius: 20px; text-decoration: none; color: #6b4c9a; font-size: 0.95em; white-space: nowrap;\">Ottobre<\/a>\n        <a href=\"https:\/\/eventiyoga.it\/blog\/vacanze-yoga-e-benessere-novembre-offerte\/\" target=\"_blank\" style=\"background: #f5f0fa; padding: 8px 18px; border-radius: 20px; text-decoration: none; color: #6b4c9a; font-size: 0.95em; white-space: nowrap;\">Novembre<\/a>\n        <a href=\"https:\/\/eventiyoga.it\/blog\/vacanze-yoga-e-benessere-dicembre\/\" target=\"_blank\" style=\"background: #f5f0fa; padding: 8px 18px; border-radius: 20px; text-decoration: none; color: #6b4c9a; font-size: 0.95em; white-space: nowrap;\">Dicembre<\/a>\n    <\/div>\n<\/div>\n\n\n\n<hr class=\"wp-block-separator has-text-color has-white-color has-alpha-channel-opacity has-white-background-color has-background\"\/>\n\n\n\n<h2 class=\"wp-block-heading\" id=\"h-altre-risorse-interessanti-per-te\">Altre risorse interessanti per te<\/h2>\n\n\n\n<ul class=\"wp-block-list\">\n<li><a href=\"https:\/\/eventiyoga.it\/blog\/weekend-yoga\/\" target=\"_blank\" rel=\"noreferrer noopener\">Weekend yoga: consigli utili e proposte<\/a><\/li>\n\n\n\n<li><a href=\"https:\/\/eventiyoga.it\/blog\/la-valigia-perfetta-se-si-parte-per-una-vacanza-yoga\/\" target=\"_blank\" rel=\"noreferrer noopener\">La valigia perfetta se si parte per una vacanza yoga<\/a><\/li>\n\n\n\n<li><a href=\"https:\/\/eventiyoga.it\/blog\/destinazioni-yoga-allestero-la-primavera-estate\/\" target=\"_blank\" rel=\"noreferrer noopener\">5 destinazioni yoga all\u2019estero per la primavera-estate<\/a><\/li>\n\n\n\n<li><a href=\"https:\/\/eventiyoga.it\/blog\/5-destinazioni-yoga-in-italia-primavera-estate\/\" target=\"_blank\" rel=\"noreferrer noopener\">5 destinazioni yoga in Italia per la primavera-estate<\/a><\/li>\n\n\n\n<li><a href=\"https:\/\/eventiyoga.it\/blog\/vacanze-yoga-italia-consigli\/\" target=\"_blank\" rel=\"noreferrer noopener\">Vacanze yoga in Italia? Segui i nostri consigli<\/a><\/li>\n<\/ul>\n\n\n\n<div style=\"height:100px\" aria-hidden=\"true\" class=\"wp-block-spacer\"><\/div>\n\n\n\n<hr class=\"wp-block-separator has-text-color has-white-color has-alpha-channel-opacity has-white-background-color has-background\"\/>\n","protected":false},"excerpt":{"rendered":"<p>Vacanze Yoga e Benessere Primavera-Estate 2026: abbiamo deciso di unire in un&#8217;unica pagina tutte le proposte di viaggi, vacanze e ritiri per la primavera-estate 2026, cos\u00ec da darti la possibilit\u00e0 di scegliere quello che preferisci e darti degli spunti utili. Quindi non ci resta che augurarti buona lettura, buona scelta e buon viaggio! I nostri [&hellip;]<\/p>\n","protected":false},"author":2,"featured_media":11984,"comment_status":"open","ping_status":"open","sticky":false,"template":"","format":"standard","meta":{"_acf_changed":false,"_editorskit_title_hidden":false,"_editorskit_reading_time":4,"_editorskit_is_block_options_detached":false,"_editorskit_block_options_position":"{}","footnotes":""},"categories":[137],"tags":[47,227,187],"class_list":["post-7881","post","type-post","status-publish","format-standard","has-post-thumbnail","hentry","category-benessere","tag-eventi-yoga","tag-retreat-yoga","tag-vacanze-yoga"],"acf":[],"yoast_head":"<!-- This site is optimized with the Yoast SEO plugin v26.4 - https:\/\/yoast.com\/wordpress\/plugins\/seo\/ -->\n<title>VACANZE YOGA | Le migliori mete in Italia e oltre | EventiYoga<\/title>\n<meta name=\"description\" content=\"Offerte e destinazioni per le tue vacanze yoga con insegnanti professionisti in tutta Italia: scegli, prenota e goditi il \u200b\u200bviaggio.\" \/>\n<meta name=\"robots\" content=\"index, follow, max-snippet:-1, max-image-preview:large, max-video-preview:-1\" \/>\n<link rel=\"canonical\" href=\"https:\/\/eventiyoga.it\/blog\/vacanze-yoga-2\/\" \/>\n<meta property=\"og:locale\" content=\"en_US\" \/>\n<meta property=\"og:type\" content=\"article\" \/>\n<meta property=\"og:title\" content=\"VACANZE YOGA | Le migliori mete in Italia e oltre | EventiYoga\" \/>\n<meta property=\"og:description\" content=\"Offerte e destinazioni per le tue vacanze yoga con insegnanti professionisti in tutta Italia: scegli, prenota e goditi il \u200b\u200bviaggio.\" \/>\n<meta property=\"og:url\" content=\"https:\/\/eventiyoga.it\/blog\/vacanze-yoga-2\/\" \/>\n<meta property=\"og:site_name\" content=\"Eventi Yoga\" \/>\n<meta property=\"article:author\" content=\"https:\/\/www.facebook.com\/eventiyogaitalia\/\" \/>\n<meta property=\"article:published_time\" content=\"2026-01-07T09:44:00+00:00\" \/>\n<meta property=\"article:modified_time\" content=\"2026-01-07T09:44:03+00:00\" \/>\n<meta property=\"og:image\" content=\"https:\/\/eventiyoga.it\/blog\/wp-content\/uploads\/2018\/03\/PRIMAVERA-ESTATE-1.jpg\" \/>\n\t<meta property=\"og:image:width\" content=\"1750\" \/>\n\t<meta property=\"og:image:height\" content=\"984\" \/>\n\t<meta property=\"og:image:type\" content=\"image\/jpeg\" \/>\n<meta name=\"author\" content=\"Redazione EventiYoga\" \/>\n<meta name=\"twitter:card\" content=\"summary_large_image\" \/>\n<meta name=\"twitter:label1\" content=\"Written by\" \/>\n\t<meta name=\"twitter:data1\" content=\"Redazione EventiYoga\" \/>\n\t<meta name=\"twitter:label2\" content=\"Est. reading time\" \/>\n\t<meta name=\"twitter:data2\" content=\"5 minutes\" \/>\n<script type=\"application\/ld+json\" class=\"yoast-schema-graph\">{\"@context\":\"https:\/\/schema.org\",\"@graph\":[{\"@type\":\"WebPage\",\"@id\":\"https:\/\/eventiyoga.it\/blog\/vacanze-yoga-2\/\",\"url\":\"https:\/\/eventiyoga.it\/blog\/vacanze-yoga-2\/\",\"name\":\"VACANZE YOGA | Le migliori mete in Italia e oltre | EventiYoga\",\"isPartOf\":{\"@id\":\"https:\/\/eventiyoga.it\/blog\/#website\"},\"primaryImageOfPage\":{\"@id\":\"https:\/\/eventiyoga.it\/blog\/vacanze-yoga-2\/#primaryimage\"},\"image\":{\"@id\":\"https:\/\/eventiyoga.it\/blog\/vacanze-yoga-2\/#primaryimage\"},\"thumbnailUrl\":\"https:\/\/eventiyoga.it\/blog\/wp-content\/uploads\/2018\/03\/PRIMAVERA-ESTATE-1.jpg\",\"datePublished\":\"2026-01-07T09:44:00+00:00\",\"dateModified\":\"2026-01-07T09:44:03+00:00\",\"author\":{\"@id\":\"https:\/\/eventiyoga.it\/blog\/#\/schema\/person\/baf6fd722b999df7881d1cc130b5abb0\"},\"description\":\"Offerte e destinazioni per le tue vacanze yoga con insegnanti professionisti in tutta Italia: scegli, prenota e goditi il \u200b\u200bviaggio.\",\"breadcrumb\":{\"@id\":\"https:\/\/eventiyoga.it\/blog\/vacanze-yoga-2\/#breadcrumb\"},\"inLanguage\":\"en-US\",\"potentialAction\":[{\"@type\":\"ReadAction\",\"target\":[\"https:\/\/eventiyoga.it\/blog\/vacanze-yoga-2\/\"]}]},{\"@type\":\"ImageObject\",\"inLanguage\":\"en-US\",\"@id\":\"https:\/\/eventiyoga.it\/blog\/vacanze-yoga-2\/#primaryimage\",\"url\":\"https:\/\/eventiyoga.it\/blog\/wp-content\/uploads\/2018\/03\/PRIMAVERA-ESTATE-1.jpg\",\"contentUrl\":\"https:\/\/eventiyoga.it\/blog\/wp-content\/uploads\/2018\/03\/PRIMAVERA-ESTATE-1.jpg\",\"width\":1750,\"height\":984},{\"@type\":\"BreadcrumbList\",\"@id\":\"https:\/\/eventiyoga.it\/blog\/vacanze-yoga-2\/#breadcrumb\",\"itemListElement\":[{\"@type\":\"ListItem\",\"position\":1,\"name\":\"Home\",\"item\":\"https:\/\/eventiyoga.it\/blog\/\"},{\"@type\":\"ListItem\",\"position\":2,\"name\":\"Vacanze Yoga e Benessere Primavera-Estate 2026\"}]},{\"@type\":\"WebSite\",\"@id\":\"https:\/\/eventiyoga.it\/blog\/#website\",\"url\":\"https:\/\/eventiyoga.it\/blog\/\",\"name\":\"Eventi Yoga\",\"description\":\"Il portale Italiano per gli eventi dello yoga\",\"potentialAction\":[{\"@type\":\"SearchAction\",\"target\":{\"@type\":\"EntryPoint\",\"urlTemplate\":\"https:\/\/eventiyoga.it\/blog\/?s={search_term_string}\"},\"query-input\":{\"@type\":\"PropertyValueSpecification\",\"valueRequired\":true,\"valueName\":\"search_term_string\"}}],\"inLanguage\":\"en-US\"},{\"@type\":\"Person\",\"@id\":\"https:\/\/eventiyoga.it\/blog\/#\/schema\/person\/baf6fd722b999df7881d1cc130b5abb0\",\"name\":\"Redazione EventiYoga\",\"image\":{\"@type\":\"ImageObject\",\"inLanguage\":\"en-US\",\"@id\":\"https:\/\/eventiyoga.it\/blog\/#\/schema\/person\/image\/\",\"url\":\"https:\/\/secure.gravatar.com\/avatar\/839ba21ae8a8a0c224183a3fdd70f673ae7387c1b6b0c149143342ed9586efd3?s=96&d=mm&r=g\",\"contentUrl\":\"https:\/\/secure.gravatar.com\/avatar\/839ba21ae8a8a0c224183a3fdd70f673ae7387c1b6b0c149143342ed9586efd3?s=96&d=mm&r=g\",\"caption\":\"Redazione EventiYoga\"},\"description\":\"Ci occupiamo dei contenuti di EventiYoga e delle traduzioni dei contenuti da siti partner. Contattaci per avere maggiori informazioni su come promuoverti su e tramite Eventi Yoga. Puoi scriverci a info@eventiyoga.it.\",\"sameAs\":[\"https:\/\/eventiyoga.it\/\",\"https:\/\/www.facebook.com\/eventiyogaitalia\/\"],\"url\":\"https:\/\/eventiyoga.it\/blog\/author\/redazione-eventiyoga\/\"}]}<\/script>\n<!-- \/ Yoast SEO plugin. -->","yoast_head_json":{"title":"VACANZE YOGA | Le migliori mete in Italia e oltre | EventiYoga","description":"Offerte e destinazioni per le tue vacanze yoga con insegnanti professionisti in tutta Italia: scegli, prenota e goditi il \u200b\u200bviaggio.","robots":{"index":"index","follow":"follow","max-snippet":"max-snippet:-1","max-image-preview":"max-image-preview:large","max-video-preview":"max-video-preview:-1"},"canonical":"https:\/\/eventiyoga.it\/blog\/vacanze-yoga-2\/","og_locale":"en_US","og_type":"article","og_title":"VACANZE YOGA | Le migliori mete in Italia e oltre | EventiYoga","og_description":"Offerte e destinazioni per le tue vacanze yoga con insegnanti professionisti in tutta Italia: scegli, prenota e goditi il \u200b\u200bviaggio.","og_url":"https:\/\/eventiyoga.it\/blog\/vacanze-yoga-2\/","og_site_name":"Eventi Yoga","article_author":"https:\/\/www.facebook.com\/eventiyogaitalia\/","article_published_time":"2026-01-07T09:44:00+00:00","article_modified_time":"2026-01-07T09:44:03+00:00","og_image":[{"width":1750,"height":984,"url":"https:\/\/eventiyoga.it\/blog\/wp-content\/uploads\/2018\/03\/PRIMAVERA-ESTATE-1.jpg","type":"image\/jpeg"}],"author":"Redazione EventiYoga","twitter_card":"summary_large_image","twitter_misc":{"Written by":"Redazione EventiYoga","Est. reading time":"5 minutes"},"schema":{"@context":"https:\/\/schema.org","@graph":[{"@type":"WebPage","@id":"https:\/\/eventiyoga.it\/blog\/vacanze-yoga-2\/","url":"https:\/\/eventiyoga.it\/blog\/vacanze-yoga-2\/","name":"VACANZE YOGA | Le migliori mete in Italia e oltre | EventiYoga","isPartOf":{"@id":"https:\/\/eventiyoga.it\/blog\/#website"},"primaryImageOfPage":{"@id":"https:\/\/eventiyoga.it\/blog\/vacanze-yoga-2\/#primaryimage"},"image":{"@id":"https:\/\/eventiyoga.it\/blog\/vacanze-yoga-2\/#primaryimage"},"thumbnailUrl":"https:\/\/eventiyoga.it\/blog\/wp-content\/uploads\/2018\/03\/PRIMAVERA-ESTATE-1.jpg","datePublished":"2026-01-07T09:44:00+00:00","dateModified":"2026-01-07T09:44:03+00:00","author":{"@id":"https:\/\/eventiyoga.it\/blog\/#\/schema\/person\/baf6fd722b999df7881d1cc130b5abb0"},"description":"Offerte e destinazioni per le tue vacanze yoga con insegnanti professionisti in tutta Italia: scegli, prenota e goditi il \u200b\u200bviaggio.","breadcrumb":{"@id":"https:\/\/eventiyoga.it\/blog\/vacanze-yoga-2\/#breadcrumb"},"inLanguage":"en-US","potentialAction":[{"@type":"ReadAction","target":["https:\/\/eventiyoga.it\/blog\/vacanze-yoga-2\/"]}]},{"@type":"ImageObject","inLanguage":"en-US","@id":"https:\/\/eventiyoga.it\/blog\/vacanze-yoga-2\/#primaryimage","url":"https:\/\/eventiyoga.it\/blog\/wp-content\/uploads\/2018\/03\/PRIMAVERA-ESTATE-1.jpg","contentUrl":"https:\/\/eventiyoga.it\/blog\/wp-content\/uploads\/2018\/03\/PRIMAVERA-ESTATE-1.jpg","width":1750,"height":984},{"@type":"BreadcrumbList","@id":"https:\/\/eventiyoga.it\/blog\/vacanze-yoga-2\/#breadcrumb","itemListElement":[{"@type":"ListItem","position":1,"name":"Home","item":"https:\/\/eventiyoga.it\/blog\/"},{"@type":"ListItem","position":2,"name":"Vacanze Yoga e Benessere Primavera-Estate 2026"}]},{"@type":"WebSite","@id":"https:\/\/eventiyoga.it\/blog\/#website","url":"https:\/\/eventiyoga.it\/blog\/","name":"Eventi Yoga","description":"Il portale Italiano per gli eventi dello yoga","potentialAction":[{"@type":"SearchAction","target":{"@type":"EntryPoint","urlTemplate":"https:\/\/eventiyoga.it\/blog\/?s={search_term_string}"},"query-input":{"@type":"PropertyValueSpecification","valueRequired":true,"valueName":"search_term_string"}}],"inLanguage":"en-US"},{"@type":"Person","@id":"https:\/\/eventiyoga.it\/blog\/#\/schema\/person\/baf6fd722b999df7881d1cc130b5abb0","name":"Redazione EventiYoga","image":{"@type":"ImageObject","inLanguage":"en-US","@id":"https:\/\/eventiyoga.it\/blog\/#\/schema\/person\/image\/","url":"https:\/\/secure.gravatar.com\/avatar\/839ba21ae8a8a0c224183a3fdd70f673ae7387c1b6b0c149143342ed9586efd3?s=96&d=mm&r=g","contentUrl":"https:\/\/secure.gravatar.com\/avatar\/839ba21ae8a8a0c224183a3fdd70f673ae7387c1b6b0c149143342ed9586efd3?s=96&d=mm&r=g","caption":"Redazione EventiYoga"},"description":"Ci occupiamo dei contenuti di EventiYoga e delle traduzioni dei contenuti da siti partner. Contattaci per avere maggiori informazioni su come promuoverti su e tramite Eventi Yoga. Puoi scriverci a info@eventiyoga.it.","sameAs":["https:\/\/eventiyoga.it\/","https:\/\/www.facebook.com\/eventiyogaitalia\/"],"url":"https:\/\/eventiyoga.it\/blog\/author\/redazione-eventiyoga\/"}]}},"_links":{"self":[{"href":"https:\/\/eventiyoga.it\/blog\/wp-json\/wp\/v2\/posts\/7881","targetHints":{"allow":["GET"]}}],"collection":[{"href":"https:\/\/eventiyoga.it\/blog\/wp-json\/wp\/v2\/posts"}],"about":[{"href":"https:\/\/eventiyoga.it\/blog\/wp-json\/wp\/v2\/types\/post"}],"author":[{"embeddable":true,"href":"https:\/\/eventiyoga.it\/blog\/wp-json\/wp\/v2\/users\/2"}],"replies":[{"embeddable":true,"href":"https:\/\/eventiyoga.it\/blog\/wp-json\/wp\/v2\/comments?post=7881"}],"version-history":[{"count":14,"href":"https:\/\/eventiyoga.it\/blog\/wp-json\/wp\/v2\/posts\/7881\/revisions"}],"predecessor-version":[{"id":72095,"href":"https:\/\/eventiyoga.it\/blog\/wp-json\/wp\/v2\/posts\/7881\/revisions\/72095"}],"wp:featuredmedia":[{"embeddable":true,"href":"https:\/\/eventiyoga.it\/blog\/wp-json\/wp\/v2\/media\/11984"}],"wp:attachment":[{"href":"https:\/\/eventiyoga.it\/blog\/wp-json\/wp\/v2\/media?parent=7881"}],"wp:term":[{"taxonomy":"category","embeddable":true,"href":"https:\/\/eventiyoga.it\/blog\/wp-json\/wp\/v2\/categories?post=7881"},{"taxonomy":"post_tag","embeddable":true,"href":"https:\/\/eventiyoga.it\/blog\/wp-json\/wp\/v2\/tags?post=7881"}],"curies":[{"name":"wp","href":"https:\/\/api.w.org\/{rel}","templated":true}]}}